{"id":15716,"date":"2025-03-20T11:04:07","date_gmt":"2025-03-20T10:04:07","guid":{"rendered":"https:\/\/voyage-aventure.com\/blog\/a-la-une\/le-nouveau-projet-de-restriction-de-voyage-de-trump-un-appel-a-la-reflexion-des-democrates\/"},"modified":"2025-03-20T11:04:07","modified_gmt":"2025-03-20T10:04:07","slug":"le-nouveau-projet-de-restriction-de-voyage-de-trump-un-appel-a-la-reflexion-des-democrates","status":"publish","type":"post","link":"https:\/\/voyage-aventure.com\/blog\/a-la-une\/le-nouveau-projet-de-restriction-de-voyage-de-trump-un-appel-a-la-reflexion-des-democrates\/","title":{"rendered":"Le nouveau projet de restriction de voyage de Trump : un appel \u00e0 la r\u00e9flexion des d\u00e9mocrates"},"content":{"rendered":"<h2>La proposition de restriction de voyage et ses cons\u00e9quences<\/h2>\n<p>Depuis l&rsquo;annonce du projet de restriction de voyage par l&rsquo;administration Trump, des voix s&rsquo;\u00e9l\u00e8vent pour d\u00e9noncer cette initiative. Ce nouveau d\u00e9cret vise \u00e0 interdire l&rsquo;acc\u00e8s aux citoyens de 43 pays, y compris des nations comme l&rsquo;Afghanistan, le Bhoutan, le Soudan et le Y\u00e9men. Les d\u00e9mocrates qualifient cette mesure de \u00ab\u00a0disgracieuse et discriminatoire\u00a0\u00bb, soulignant ses implications profondes tant sur le plan social qu&rsquo;\u00e9conomique.<\/p>\n<p>Les critiques de cette proposition affirment qu&rsquo;elle pourrait nuire \u00e0 l&rsquo;\u00e9conomie am\u00e9ricaine et compromettre la s\u00e9curit\u00e9 nationale. En effet, en restreignant l&rsquo;entr\u00e9e d&rsquo;individus issus de pays d\u00e9j\u00e0 fragilis\u00e9s, les \u00c9tats-Unis risquent de perdre des alliances strat\u00e9giques. Ce projet rappelle le d\u00e9cret ex\u00e9cutif de 2017 qui interdisait l&rsquo;entr\u00e9e \u00e0 des citoyens de six pays \u00e0 majorit\u00e9 musulmane, une d\u00e9cision qui avait \u00e9galement suscit\u00e9 une forte opposition.<\/p>\n<h2>Les r\u00e9percussions sur les \u00e9tudiants et les voyageurs internationaux<\/h2>\n<p>Les pr\u00e9occupations entourant cette nouvelle interdiction vont bien au-del\u00e0 des simples restrictions de voyage. Les universit\u00e9s am\u00e9ricaines, par exemple, se pr\u00e9parent \u00e0 des perturbations potentielles pour les \u00e9tudiants internationaux. Ces derniers pourraient faire face \u00e0 des obstacles majeurs pour rejoindre leurs \u00e9tablissements, ce qui pourrait r\u00e9duire la diversit\u00e9 acad\u00e9mique et affaiblir les \u00e9changes culturels.<\/p>\n<p>Par ailleurs, les voyageurs d&rsquo;affaires et les touristes de ces pays cibl\u00e9s sont \u00e9galement affect\u00e9s. La mise en place de restrictions suppl\u00e9mentaires, telles que l&rsquo;obligation de se soumettre \u00e0 des entretiens en personne pour obtenir un visa, pourrait d\u00e9courager des milliers de visiteurs. Cela pourrait avoir des cons\u00e9quences n\u00e9fastes pour l&rsquo;industrie du tourisme, un secteur crucial pour l&rsquo;\u00e9conomie am\u00e9ricaine.<\/p>\n<h2>Appels \u00e0 la r\u00e9flexion et \u00e0 l&rsquo;action<\/h2>\n<p>Face \u00e0 cette situation, les d\u00e9mocrates intensifient leurs efforts pour inciter le pr\u00e9sident Trump \u00e0 reconsid\u00e9rer sa proposition. Ils soulignent que de telles politiques pourraient nuire \u00e0 l&rsquo;image des \u00c9tats-Unis \u00e0 l&rsquo;\u00e9tranger, en v\u00e9hiculant une image de pays ferm\u00e9 et inhospitalier. L&rsquo;un des repr\u00e9sentants a d\u00e9clar\u00e9 : <\/p>\n<blockquote><p>\u00ab\u00a0Cette proposition est non seulement injuste, mais elle va \u00e0 l&rsquo;encontre des valeurs fondamentales de notre nation.\u00a0\u00bb<\/p><\/blockquote>\n<p>Il est essentiel d&rsquo;\u00e9couter ces pr\u00e9occupations et de r\u00e9fl\u00e9chir aux implications de telles d\u00e9cisions. Les \u00c9tats-Unis doivent continuer \u00e0 \u00eatre un exemple de tol\u00e9rance et d&rsquo;ouverture, en \u00e9vitant de se retrancher derri\u00e8re des murs. Un dialogue constructif est n\u00e9cessaire pour trouver un \u00e9quilibre entre la s\u00e9curit\u00e9 nationale et les valeurs humanitaires.<\/p>\n<ul>\n<li>Interdiction totale pour 11 pays, dont l&rsquo;Afghanistan et le Y\u00e9men.<\/li>\n<li>Restrictions sur 32 autres, imposant des entretiens en personne pour les visas.<\/li>\n<li>Impact potentiel sur les \u00e9tudiants et les voyageurs internationaux.<\/li>\n<li>Risque de dommages \u00e9conomiques et de perte d&rsquo;alliance.<\/li>\n<li>\u00c9chos du d\u00e9cret de 2017 interdisant l&rsquo;entr\u00e9e \u00e0 des citoyens de pays musulmans.<\/li>\n<\/ul>\n","protected":false},"excerpt":{"rendered":"","protected":false},"author":34,"featured_media":20348,"comment_status":"open","ping_status":"open","sticky":false,"template":"","format":"standard","meta":{"_acf_changed":false,"manual_indexmenow":false,"indexmenow_id_project":0,"footnotes":""},"categories":[1],"tags":[4527,5688,3170,5008,4635],"class_list":["post-15716","post","type-post","status-publish","format-standard","has-post-thumbnail","hentry","category-a-la-une","tag-decouverte-culturelle","tag-relations-internationales","tag-securite","tag-tourisme","tag-voyage","generate-columns","tablet-grid-50","mobile-grid-100","grid-parent","grid-25"],"acf":[],"yoast_head":"<!-- This site is optimized with the Yoast SEO Premium plugin v21.3 (Yoast SEO v25.1) - https:\/\/yoast.com\/wordpress\/plugins\/seo\/ -->\n<title>Le nouveau projet de restriction de voyage de Trump : un<\/title>\n<meta name=\"description\" content=\"La proposition de restriction de voyage et ses cons\u00e9quences Depuis l&#039;annonce du projet de restriction de voyage par l&#039;administration Trump, des voix\" \/>\n<meta name=\"robots\" content=\"index, follow, max-snippet:-1, max-image-preview:large, max-video-preview:-1\" \/>\n<link rel=\"canonical\" href=\"https:\/\/voyage-aventure.com\/blog\/a-la-une\/le-nouveau-projet-de-restriction-de-voyage-de-trump-un-appel-a-la-reflexion-des-democrates\/\" \/>\n<meta property=\"og:locale\" content=\"fr_FR\" \/>\n<meta property=\"og:type\" content=\"article\" \/>\n<meta property=\"og:title\" content=\"Le nouveau projet de restriction de voyage de Trump : un\" \/>\n<meta property=\"og:description\" content=\"La proposition de restriction de voyage et ses cons\u00e9quences Depuis l&#039;annonce du projet de restriction de voyage par l&#039;administration Trump, des voix\" \/>\n<meta property=\"og:url\" content=\"https:\/\/voyage-aventure.com\/blog\/a-la-une\/le-nouveau-projet-de-restriction-de-voyage-de-trump-un-appel-a-la-reflexion-des-democrates\/\" \/>\n<meta property=\"og:site_name\" content=\"voyage-aventure\" \/>\n<meta property=\"og:image\" content=\"https:\/\/voyage-aventure.com\/blog\/wp-content\/uploads\/2025\/05\/sdxl-a797e223c12b1908b19439a22247f448-scaled.png\" \/>\n\t<meta property=\"og:image:width\" content=\"1200\" \/>\n\t<meta property=\"og:image:height\" content=\"500\" \/>\n\t<meta property=\"og:image:type\" content=\"image\/png\" \/>\n<meta name=\"author\" content=\"Camille Rouvray\" \/>\n<meta name=\"twitter:card\" content=\"summary_large_image\" \/>\n<script type=\"application\/ld+json\" class=\"yoast-schema-graph\">{\"@context\":\"https:\/\/schema.org\",\"@graph\":[{\"@type\":\"NewsArticle\",\"@id\":\"https:\/\/voyage-aventure.com\/blog\/a-la-une\/le-nouveau-projet-de-restriction-de-voyage-de-trump-un-appel-a-la-reflexion-des-democrates\/#article\",\"isPartOf\":{\"@id\":\"https:\/\/voyage-aventure.com\/blog\/a-la-une\/le-nouveau-projet-de-restriction-de-voyage-de-trump-un-appel-a-la-reflexion-des-democrates\/\"},\"author\":{\"name\":\"Camille Rouvray\",\"@id\":\"https:\/\/voyage-aventure.com\/blog\/#\/schema\/person\/3c864cdc320801e3db34b663e7e3f816\"},\"headline\":\"Le nouveau projet de restriction de voyage de Trump : un appel \u00e0 la r\u00e9flexion des d\u00e9mocrates\",\"datePublished\":\"2025-03-20T10:04:07+00:00\",\"mainEntityOfPage\":{\"@id\":\"https:\/\/voyage-aventure.com\/blog\/a-la-une\/le-nouveau-projet-de-restriction-de-voyage-de-trump-un-appel-a-la-reflexion-des-democrates\/\"},\"wordCount\":501,\"commentCount\":23,\"publisher\":{\"@id\":\"https:\/\/voyage-aventure.com\/blog\/#organization\"},\"image\":{\"@id\":\"https:\/\/voyage-aventure.com\/blog\/a-la-une\/le-nouveau-projet-de-restriction-de-voyage-de-trump-un-appel-a-la-reflexion-des-democrates\/#primaryimage\"},\"thumbnailUrl\":\"https:\/\/voyage-aventure.com\/blog\/wp-content\/uploads\/2025\/05\/sdxl-a797e223c12b1908b19439a22247f448-scaled.png\",\"keywords\":[\"D\u00e9couverte Culturelle\",\"Relations Internationales\",\"S\u00e9curit\u00e9\",\"Tourisme\",\"Voyage\"],\"articleSection\":[\"\u00c0 la une\"],\"inLanguage\":\"fr-FR\",\"potentialAction\":[{\"@type\":\"CommentAction\",\"name\":\"Comment\",\"target\":[\"https:\/\/voyage-aventure.com\/blog\/a-la-une\/le-nouveau-projet-de-restriction-de-voyage-de-trump-un-appel-a-la-reflexion-des-democrates\/#respond\"]}]},{\"@type\":\"WebPage\",\"@id\":\"https:\/\/voyage-aventure.com\/blog\/a-la-une\/le-nouveau-projet-de-restriction-de-voyage-de-trump-un-appel-a-la-reflexion-des-democrates\/\",\"url\":\"https:\/\/voyage-aventure.com\/blog\/a-la-une\/le-nouveau-projet-de-restriction-de-voyage-de-trump-un-appel-a-la-reflexion-des-democrates\/\",\"name\":\"Le nouveau projet de restriction de voyage de Trump : un\",\"isPartOf\":{\"@id\":\"https:\/\/voyage-aventure.com\/blog\/#website\"},\"primaryImageOfPage\":{\"@id\":\"https:\/\/voyage-aventure.com\/blog\/a-la-une\/le-nouveau-projet-de-restriction-de-voyage-de-trump-un-appel-a-la-reflexion-des-democrates\/#primaryimage\"},\"image\":{\"@id\":\"https:\/\/voyage-aventure.com\/blog\/a-la-une\/le-nouveau-projet-de-restriction-de-voyage-de-trump-un-appel-a-la-reflexion-des-democrates\/#primaryimage\"},\"thumbnailUrl\":\"https:\/\/voyage-aventure.com\/blog\/wp-content\/uploads\/2025\/05\/sdxl-a797e223c12b1908b19439a22247f448-scaled.png\",\"datePublished\":\"2025-03-20T10:04:07+00:00\",\"description\":\"La proposition de restriction de voyage et ses cons\u00e9quences Depuis l'annonce du projet de restriction de voyage par l'administration Trump, des voix\",\"inLanguage\":\"fr-FR\",\"potentialAction\":[{\"@type\":\"ReadAction\",\"target\":[\"https:\/\/voyage-aventure.com\/blog\/a-la-une\/le-nouveau-projet-de-restriction-de-voyage-de-trump-un-appel-a-la-reflexion-des-democrates\/\"]}]},{\"@type\":\"ImageObject\",\"inLanguage\":\"fr-FR\",\"@id\":\"https:\/\/voyage-aventure.com\/blog\/a-la-une\/le-nouveau-projet-de-restriction-de-voyage-de-trump-un-appel-a-la-reflexion-des-democrates\/#primaryimage\",\"url\":\"https:\/\/voyage-aventure.com\/blog\/wp-content\/uploads\/2025\/05\/sdxl-a797e223c12b1908b19439a22247f448-scaled.png\",\"contentUrl\":\"https:\/\/voyage-aventure.com\/blog\/wp-content\/uploads\/2025\/05\/sdxl-a797e223c12b1908b19439a22247f448-scaled.png\",\"width\":1200,\"height\":500},{\"@type\":\"WebSite\",\"@id\":\"https:\/\/voyage-aventure.com\/blog\/#website\",\"url\":\"https:\/\/voyage-aventure.com\/blog\/\",\"name\":\"voyage-aventure.com\",\"description\":\"Votre passeport pour l\u2019inattendu.\",\"publisher\":{\"@id\":\"https:\/\/voyage-aventure.com\/blog\/#organization\"},\"alternateName\":\"Votre passeport pour l\u2019inattendu.\",\"potentialAction\":[{\"@type\":\"SearchAction\",\"target\":{\"@type\":\"EntryPoint\",\"urlTemplate\":\"https:\/\/voyage-aventure.com\/blog\/?s={search_term_string}\"},\"query-input\":{\"@type\":\"PropertyValueSpecification\",\"valueRequired\":true,\"valueName\":\"search_term_string\"}}],\"inLanguage\":\"fr-FR\"},{\"@type\":\"Organization\",\"@id\":\"https:\/\/voyage-aventure.com\/blog\/#organization\",\"name\":\"Foretsensations.fr\",\"url\":\"https:\/\/voyage-aventure.com\/blog\/\",\"logo\":{\"@type\":\"ImageObject\",\"inLanguage\":\"fr-FR\",\"@id\":\"https:\/\/voyage-aventure.com\/blog\/#\/schema\/logo\/image\/\",\"url\":\"https:\/\/voyage-aventure.com\/blog\/wp-content\/uploads\/2024\/12\/19.png\",\"contentUrl\":\"https:\/\/voyage-aventure.com\/blog\/wp-content\/uploads\/2024\/12\/19.png\",\"width\":512,\"height\":512,\"caption\":\"Foretsensations.fr\"},\"image\":{\"@id\":\"https:\/\/voyage-aventure.com\/blog\/#\/schema\/logo\/image\/\"}},{\"@type\":\"Person\",\"@id\":\"https:\/\/voyage-aventure.com\/blog\/#\/schema\/person\/3c864cdc320801e3db34b663e7e3f816\",\"name\":\"Camille Rouvray\",\"image\":{\"@type\":\"ImageObject\",\"inLanguage\":\"fr-FR\",\"@id\":\"https:\/\/voyage-aventure.com\/blog\/#\/schema\/person\/image\/\",\"url\":\"https:\/\/voyage-aventure.com\/blog\/wp-content\/uploads\/2026\/06\/persona_camille-r-96x96.jpg\",\"contentUrl\":\"https:\/\/voyage-aventure.com\/blog\/wp-content\/uploads\/2026\/06\/persona_camille-r-96x96.jpg\",\"caption\":\"Camille Rouvray\"},\"description\":\"Je voyage et j'\u00e9cris sur le voyage depuis une douzaine d'ann\u00e9es, d'abord en tant que routarde au long cours, puis comme r\u00e9dactrice sp\u00e9cialis\u00e9e. Mon terrain de pr\u00e9dilection, ce sont les circuits organis\u00e9s et l'art de bien pr\u00e9parer un itin\u00e9raire : choix de la saison, dur\u00e9e r\u00e9aliste des \u00e9tapes, budget jour par jour, logement et transport sur place. J'aime aussi raconter les p\u00e9pites urbaines, ces adresses qu'on ne trouve pas dans les guides classiques. Avant de publier un dossier destination, je croise toujours plusieurs sources, je v\u00e9rifie les tarifs et les formalit\u00e9s d'entr\u00e9e \u00e0 jour, et je teste moi-m\u00eame quand je le peux. Mon angle reste pratique avant tout : aider le lecteur \u00e0 partir l'esprit tranquille, sans mauvaise surprise une fois sur place. Je m'attache \u00e0 distinguer le coup de c\u0153ur sinc\u00e8re du simple argument marketing.\",\"sameAs\":[\"https:\/\/camillerouvray.fr\/\"],\"url\":\"https:\/\/voyage-aventure.com\/blog\/auteur\/noname\/\"}]}<\/script>\n<!-- \/ Yoast SEO Premium plugin. -->","yoast_head_json":{"title":"Le nouveau projet de restriction de voyage de Trump : un","description":"La proposition de restriction de voyage et ses cons\u00e9quences Depuis l'annonce du projet de restriction de voyage par l'administration Trump, des voix","robots":{"index":"index","follow":"follow","max-snippet":"max-snippet:-1","max-image-preview":"max-image-preview:large","max-video-preview":"max-video-preview:-1"},"canonical":"https:\/\/voyage-aventure.com\/blog\/a-la-une\/le-nouveau-projet-de-restriction-de-voyage-de-trump-un-appel-a-la-reflexion-des-democrates\/","og_locale":"fr_FR","og_type":"article","og_title":"Le nouveau projet de restriction de voyage de Trump : un","og_description":"La proposition de restriction de voyage et ses cons\u00e9quences Depuis l'annonce du projet de restriction de voyage par l'administration Trump, des voix","og_url":"https:\/\/voyage-aventure.com\/blog\/a-la-une\/le-nouveau-projet-de-restriction-de-voyage-de-trump-un-appel-a-la-reflexion-des-democrates\/","og_site_name":"voyage-aventure","og_image":[{"width":1200,"height":500,"url":"https:\/\/voyage-aventure.com\/blog\/wp-content\/uploads\/2025\/05\/sdxl-a797e223c12b1908b19439a22247f448-scaled.png","type":"image\/png"}],"author":"Camille Rouvray","twitter_card":"summary_large_image","schema":{"@context":"https:\/\/schema.org","@graph":[{"@type":"NewsArticle","@id":"https:\/\/voyage-aventure.com\/blog\/a-la-une\/le-nouveau-projet-de-restriction-de-voyage-de-trump-un-appel-a-la-reflexion-des-democrates\/#article","isPartOf":{"@id":"https:\/\/voyage-aventure.com\/blog\/a-la-une\/le-nouveau-projet-de-restriction-de-voyage-de-trump-un-appel-a-la-reflexion-des-democrates\/"},"author":{"name":"Camille Rouvray","@id":"https:\/\/voyage-aventure.com\/blog\/#\/schema\/person\/3c864cdc320801e3db34b663e7e3f816"},"headline":"Le nouveau projet de restriction de voyage de Trump : un appel \u00e0 la r\u00e9flexion des d\u00e9mocrates","datePublished":"2025-03-20T10:04:07+00:00","mainEntityOfPage":{"@id":"https:\/\/voyage-aventure.com\/blog\/a-la-une\/le-nouveau-projet-de-restriction-de-voyage-de-trump-un-appel-a-la-reflexion-des-democrates\/"},"wordCount":501,"commentCount":23,"publisher":{"@id":"https:\/\/voyage-aventure.com\/blog\/#organization"},"image":{"@id":"https:\/\/voyage-aventure.com\/blog\/a-la-une\/le-nouveau-projet-de-restriction-de-voyage-de-trump-un-appel-a-la-reflexion-des-democrates\/#primaryimage"},"thumbnailUrl":"https:\/\/voyage-aventure.com\/blog\/wp-content\/uploads\/2025\/05\/sdxl-a797e223c12b1908b19439a22247f448-scaled.png","keywords":["D\u00e9couverte Culturelle","Relations Internationales","S\u00e9curit\u00e9","Tourisme","Voyage"],"articleSection":["\u00c0 la une"],"inLanguage":"fr-FR","potentialAction":[{"@type":"CommentAction","name":"Comment","target":["https:\/\/voyage-aventure.com\/blog\/a-la-une\/le-nouveau-projet-de-restriction-de-voyage-de-trump-un-appel-a-la-reflexion-des-democrates\/#respond"]}]},{"@type":"WebPage","@id":"https:\/\/voyage-aventure.com\/blog\/a-la-une\/le-nouveau-projet-de-restriction-de-voyage-de-trump-un-appel-a-la-reflexion-des-democrates\/","url":"https:\/\/voyage-aventure.com\/blog\/a-la-une\/le-nouveau-projet-de-restriction-de-voyage-de-trump-un-appel-a-la-reflexion-des-democrates\/","name":"Le nouveau projet de restriction de voyage de Trump : un","isPartOf":{"@id":"https:\/\/voyage-aventure.com\/blog\/#website"},"primaryImageOfPage":{"@id":"https:\/\/voyage-aventure.com\/blog\/a-la-une\/le-nouveau-projet-de-restriction-de-voyage-de-trump-un-appel-a-la-reflexion-des-democrates\/#primaryimage"},"image":{"@id":"https:\/\/voyage-aventure.com\/blog\/a-la-une\/le-nouveau-projet-de-restriction-de-voyage-de-trump-un-appel-a-la-reflexion-des-democrates\/#primaryimage"},"thumbnailUrl":"https:\/\/voyage-aventure.com\/blog\/wp-content\/uploads\/2025\/05\/sdxl-a797e223c12b1908b19439a22247f448-scaled.png","datePublished":"2025-03-20T10:04:07+00:00","description":"La proposition de restriction de voyage et ses cons\u00e9quences Depuis l'annonce du projet de restriction de voyage par l'administration Trump, des voix","inLanguage":"fr-FR","potentialAction":[{"@type":"ReadAction","target":["https:\/\/voyage-aventure.com\/blog\/a-la-une\/le-nouveau-projet-de-restriction-de-voyage-de-trump-un-appel-a-la-reflexion-des-democrates\/"]}]},{"@type":"ImageObject","inLanguage":"fr-FR","@id":"https:\/\/voyage-aventure.com\/blog\/a-la-une\/le-nouveau-projet-de-restriction-de-voyage-de-trump-un-appel-a-la-reflexion-des-democrates\/#primaryimage","url":"https:\/\/voyage-aventure.com\/blog\/wp-content\/uploads\/2025\/05\/sdxl-a797e223c12b1908b19439a22247f448-scaled.png","contentUrl":"https:\/\/voyage-aventure.com\/blog\/wp-content\/uploads\/2025\/05\/sdxl-a797e223c12b1908b19439a22247f448-scaled.png","width":1200,"height":500},{"@type":"WebSite","@id":"https:\/\/voyage-aventure.com\/blog\/#website","url":"https:\/\/voyage-aventure.com\/blog\/","name":"voyage-aventure.com","description":"Votre passeport pour l\u2019inattendu.","publisher":{"@id":"https:\/\/voyage-aventure.com\/blog\/#organization"},"alternateName":"Votre passeport pour l\u2019inattendu.","potentialAction":[{"@type":"SearchAction","target":{"@type":"EntryPoint","urlTemplate":"https:\/\/voyage-aventure.com\/blog\/?s={search_term_string}"},"query-input":{"@type":"PropertyValueSpecification","valueRequired":true,"valueName":"search_term_string"}}],"inLanguage":"fr-FR"},{"@type":"Organization","@id":"https:\/\/voyage-aventure.com\/blog\/#organization","name":"Foretsensations.fr","url":"https:\/\/voyage-aventure.com\/blog\/","logo":{"@type":"ImageObject","inLanguage":"fr-FR","@id":"https:\/\/voyage-aventure.com\/blog\/#\/schema\/logo\/image\/","url":"https:\/\/voyage-aventure.com\/blog\/wp-content\/uploads\/2024\/12\/19.png","contentUrl":"https:\/\/voyage-aventure.com\/blog\/wp-content\/uploads\/2024\/12\/19.png","width":512,"height":512,"caption":"Foretsensations.fr"},"image":{"@id":"https:\/\/voyage-aventure.com\/blog\/#\/schema\/logo\/image\/"}},{"@type":"Person","@id":"https:\/\/voyage-aventure.com\/blog\/#\/schema\/person\/3c864cdc320801e3db34b663e7e3f816","name":"Camille Rouvray","image":{"@type":"ImageObject","inLanguage":"fr-FR","@id":"https:\/\/voyage-aventure.com\/blog\/#\/schema\/person\/image\/","url":"https:\/\/voyage-aventure.com\/blog\/wp-content\/uploads\/2026\/06\/persona_camille-r-96x96.jpg","contentUrl":"https:\/\/voyage-aventure.com\/blog\/wp-content\/uploads\/2026\/06\/persona_camille-r-96x96.jpg","caption":"Camille Rouvray"},"description":"Je voyage et j'\u00e9cris sur le voyage depuis une douzaine d'ann\u00e9es, d'abord en tant que routarde au long cours, puis comme r\u00e9dactrice sp\u00e9cialis\u00e9e. Mon terrain de pr\u00e9dilection, ce sont les circuits organis\u00e9s et l'art de bien pr\u00e9parer un itin\u00e9raire : choix de la saison, dur\u00e9e r\u00e9aliste des \u00e9tapes, budget jour par jour, logement et transport sur place. J'aime aussi raconter les p\u00e9pites urbaines, ces adresses qu'on ne trouve pas dans les guides classiques. Avant de publier un dossier destination, je croise toujours plusieurs sources, je v\u00e9rifie les tarifs et les formalit\u00e9s d'entr\u00e9e \u00e0 jour, et je teste moi-m\u00eame quand je le peux. Mon angle reste pratique avant tout : aider le lecteur \u00e0 partir l'esprit tranquille, sans mauvaise surprise une fois sur place. Je m'attache \u00e0 distinguer le coup de c\u0153ur sinc\u00e8re du simple argument marketing.","sameAs":["https:\/\/camillerouvray.fr\/"],"url":"https:\/\/voyage-aventure.com\/blog\/auteur\/noname\/"}]}},"_links":{"self":[{"href":"https:\/\/voyage-aventure.com\/blog\/wp-json\/wp\/v2\/posts\/15716","targetHints":{"allow":["GET"]}}],"collection":[{"href":"https:\/\/voyage-aventure.com\/blog\/wp-json\/wp\/v2\/posts"}],"about":[{"href":"https:\/\/voyage-aventure.com\/blog\/wp-json\/wp\/v2\/types\/post"}],"author":[{"embeddable":true,"href":"https:\/\/voyage-aventure.com\/blog\/wp-json\/wp\/v2\/users\/34"}],"replies":[{"embeddable":true,"href":"https:\/\/voyage-aventure.com\/blog\/wp-json\/wp\/v2\/comments?post=15716"}],"version-history":[{"count":0,"href":"https:\/\/voyage-aventure.com\/blog\/wp-json\/wp\/v2\/posts\/15716\/revisions"}],"wp:featuredmedia":[{"embeddable":true,"href":"https:\/\/voyage-aventure.com\/blog\/wp-json\/wp\/v2\/media\/20348"}],"wp:attachment":[{"href":"https:\/\/voyage-aventure.com\/blog\/wp-json\/wp\/v2\/media?parent=15716"}],"wp:term":[{"taxonomy":"category","embeddable":true,"href":"https:\/\/voyage-aventure.com\/blog\/wp-json\/wp\/v2\/categories?post=15716"},{"taxonomy":"post_tag","embeddable":true,"href":"https:\/\/voyage-aventure.com\/blog\/wp-json\/wp\/v2\/tags?post=15716"}],"curies":[{"name":"wp","href":"https:\/\/api.w.org\/{rel}","templated":true}]}}