{"id":15685,"date":"2026-06-16T17:19:58","date_gmt":"2026-06-16T15:19:58","guid":{"rendered":"https:\/\/voyage-aventure.com\/blog\/?p=15685"},"modified":"2026-06-16T17:19:58","modified_gmt":"2026-06-16T15:19:58","slug":"accessibilite-des-transports-un-defi-national-qui-doit-etre-releve-pour-tous","status":"publish","type":"post","link":"https:\/\/voyage-aventure.com\/blog\/a-la-une\/accessibilite-des-transports-un-defi-national-qui-doit-etre-releve-pour-tous\/","title":{"rendered":"Accessibilit\u00e9 des transports : un d\u00e9fi national qui doit \u00eatre relev\u00e9 pour tous"},"content":{"rendered":"<link rel=\"stylesheet\" href=\"https:\/\/fonts.googleapis.com\/css2?family=Space+Grotesk:wght@500;600;700&#038;family=Inter:wght@400;500;600&#038;family=JetBrains+Mono:wght@500&#038;display=swap\">\n<style>\n.va-accesstransport-wrap{font-family:'Inter',system-ui,sans-serif;color:#1d2733;line-height:1.65;font-size:17px}\n.va-accesstransport-wrap h2{font-family:'Space Grotesk','Inter',sans-serif;font-weight:700;font-size:clamp(23px,3.1vw,33px);letter-spacing:-.01em;color:#14304a;margin:48px 0 16px;line-height:1.2}\n.va-accesstransport-wrap h3{font-family:'Space Grotesk','Inter',sans-serif;font-weight:600;font-size:clamp(18px,2.2vw,22px);color:#14304a;margin:26px 0 10px}\n.va-accesstransport-wrap p{margin:0 0 18px}\n.va-accesstransport-lead{font-size:19px;line-height:1.6;color:#3a4756;border-left:4px solid #1e6f5c;padding:4px 0 4px 18px;margin:8px 0 34px;font-weight:500}\n.va-accesstransport-kicker{font-family:'JetBrains Mono',monospace;font-size:12px;letter-spacing:.14em;text-transform:uppercase;color:#1e6f5c;font-weight:500;margin-bottom:6px;display:block}\n.va-accesstransport-brief{background:#eef6f3;border:1px solid #cfe6dd;border-left:5px solid #1e6f5c;border-radius:12px;padding:24px 26px;margin:0 0 38px;box-shadow:0 1px 2px rgba(16,24,40,.05),0 14px 30px -20px rgba(16,24,40,.25)}\n.va-accesstransport-brief .va-accesstransport-bt{font-family:'Space Grotesk',sans-serif;font-weight:700;font-size:20px;color:#14304a;margin-bottom:10px}\n.va-accesstransport-brief .va-accesstransport-txt{font-size:17px;color:#2b3744;margin-bottom:14px}\n.va-accesstransport-brief ul{margin:0;padding-left:20px}\n.va-accesstransport-brief li{margin:7px 0;color:#2b3744}\n.va-accesstransport-grid{display:grid;grid-template-columns:repeat(auto-fit,minmax(230px,1fr));gap:22px;margin:26px 0 8px}\n.va-accesstransport-card{background:#fff;border:1px solid #e2e8f0;border-top:3px solid #1e6f5c;border-radius:12px;padding:22px 24px;transition:.25s ease;box-shadow:0 1px 2px rgba(16,24,40,.04)}\n.va-accesstransport-card:hover{transform:translateY(-3px);box-shadow:0 1px 2px rgba(16,24,40,.06),0 16px 32px -18px rgba(16,24,40,.28)}\n.va-accesstransport-card .va-accesstransport-ct{font-family:'Space Grotesk',sans-serif;font-weight:600;font-size:18px;color:#14304a;margin-bottom:8px}\n.va-accesstransport-card .va-accesstransport-cd{font-size:15.5px;color:#43505e}\n.va-accesstransport-quote{border-left:4px solid #c97b2b;background:#fdf7f0;border-radius:0 12px 12px 0;padding:22px 26px;margin:34px 0;font-family:'Space Grotesk',sans-serif;font-size:20px;font-weight:500;font-style:italic;color:#3a2e22;line-height:1.45}\n.va-accesstransport-quote cite{display:block;margin-top:12px;font-family:'JetBrains Mono',monospace;font-size:12.5px;font-style:normal;letter-spacing:.04em;color:#8a6a3e}\n.va-accesstransport-list{background:#f7faf9;border:1px solid #dceae5;border-radius:12px;padding:22px 28px;margin:24px 0}\n.va-accesstransport-list ul{margin:0;padding-left:20px}\n.va-accesstransport-list li{margin:9px 0;color:#2b3744}\n.va-accesstransport-retain{background:#14304a;color:#e8eef4;border-radius:14px;padding:26px 30px;margin:46px 0 34px}\n.va-accesstransport-retain .va-accesstransport-rt{font-family:'Space Grotesk',sans-serif;font-weight:700;font-size:20px;color:#fff;margin-bottom:12px}\n.va-accesstransport-retain ul{margin:0;padding-left:20px}\n.va-accesstransport-retain li{margin:9px 0;color:#dbe6f0}\n.va-accesstransport-faq{margin:30px 0}\n.va-accesstransport-faq details{border:1px solid #e2e8f0;border-radius:10px;padding:2px 20px;margin:12px 0;background:#fff;transition:.25s ease}\n.va-accesstransport-faq details[open]{border-color:#1e6f5c;box-shadow:0 10px 26px -18px rgba(16,24,40,.3)}\n.va-accesstransport-faq summary{font-family:'Space Grotesk',sans-serif;font-weight:600;font-size:17px;color:#14304a;cursor:pointer;padding:16px 0;list-style:none}\n.va-accesstransport-faq summary::-webkit-details-marker{display:none}\n.va-accesstransport-faq summary::before{content:\"+\";color:#1e6f5c;font-weight:700;margin-right:10px}\n.va-accesstransport-faq details[open] summary::before{content:\"\u2013\"}\n.va-accesstransport-faq .va-accesstransport-fa{padding:0 0 18px;color:#43505e;font-size:16px}\n@media(max-width:640px){.va-accesstransport-wrap{font-size:16px}}\n\/*RENDERFIX2*\/.va-accesstransport-retain{color:#eef3f9!important}.va-accesstransport-retain p,.va-accesstransport-retain li,.va-accesstransport-retain strong,.va-accesstransport-retain em,.va-accesstransport-retain a,.va-accesstransport-retain span,.va-accesstransport-retain b,.va-accesstransport-retain td,.va-accesstransport-retain th,.va-accesstransport-retain h2,.va-accesstransport-retain h3,.va-accesstransport-retain h4{color:#eef3f9!important}.va-accesstransport-retain strong,.va-accesstransport-retain b{color:#ffffff!important}<\/style>\n<div class=\"va-accesstransport-wrap\">\n<div class=\"va-accesstransport-lead\">L&rsquo;accessibilit\u00e9 des transports publics pour les personnes en situation de handicap est aujourd&rsquo;hui pr\u00e9sent\u00e9e comme un \u00ab embarras national \u00bb au Royaume-Uni. Un rapport parlementaire pointe des d\u00e9faillances syst\u00e9matiques et appelle \u00e0 un changement de culture pour que chacun puisse se d\u00e9placer librement et avec dignit\u00e9.<\/div>\n<div class=\"va-accesstransport-brief\">\n<div class=\"va-accesstransport-bt\">En bref<\/div>\n<div class=\"va-accesstransport-txt\">Un rapport du comit\u00e9 des transports du Parlement britannique qualifie l&rsquo;inaccessibilit\u00e9 des transports d&rsquo;\u00ab embarras national \u00bb et rel\u00e8ve des d\u00e9faillances syst\u00e9matiques sur l&rsquo;ensemble du r\u00e9seau. Pr\u00e8s de sept personnes handicap\u00e9es sur dix d\u00e9clarent rencontrer des obstacles lors de leurs d\u00e9placements. Les d\u00e9put\u00e9s r\u00e9clament une strat\u00e9gie de transport inclusif et un changement de culture profond.<\/div>\n<ul>\n<li>Constat : d\u00e9faillances \u00ab syst\u00e9matiques \u00bb dans tout le r\u00e9seau de transport public<\/li>\n<li>Ampleur : pr\u00e8s de 7 personnes handicap\u00e9es sur 10 signalent des obstacles<\/li>\n<li>Demande : 29 conclusions et recommandations, dont une strat\u00e9gie inclusive sous 12 mois<\/li>\n<li>Enjeu : un sujet de dignit\u00e9 et de droits fondamentaux, pas seulement de logistique<\/li>\n<\/ul>\n<\/div>\n<p><span class=\"va-accesstransport-kicker\">Le constat<\/span><\/p>\n<h2>Un constat alarmant sur l\u2019accessibilit\u00e9 des transports<\/h2>\n<p>L&rsquo;accessibilit\u00e9 des transports publics pour les personnes handicap\u00e9es est d\u00e9crite comme un \u00ab embarras national \u00bb par un groupe influent de d\u00e9put\u00e9s. Un rapport du comit\u00e9 des transports du Parlement r\u00e9v\u00e8le des d\u00e9faillances \u00ab syst\u00e9matiques \u00bb dans l&rsquo;ensemble du r\u00e9seau de transport public. Cela souligne le fardeau excessif qui p\u00e8se sur les personnes handicap\u00e9es pour faire face aux op\u00e9rateurs et aux autorit\u00e9s.<\/p>\n<p>La situation actuelle fait que pr\u00e8s de sept personnes handicap\u00e9es sur dix signalent rencontrer des obstacles lors de leurs d\u00e9placements. Ce constat inqui\u00e9tant appelle \u00e0 une r\u00e9flexion urgente sur l&rsquo;accessibilit\u00e9 et la dignit\u00e9 des usagers, comme l&rsquo;a d\u00e9clar\u00e9 le ministre des Transports locaux, Simon Lightwood.<\/p>\n<p><span class=\"va-accesstransport-kicker\">Mobilisation<\/span><\/p>\n<h2>Un appel \u00e0 l&rsquo;action pour une meilleure inclusion<\/h2>\n<p>La charit\u00e9 dirig\u00e9e par des personnes handicap\u00e9es, Transport for All, exhorte le gouvernement \u00e0 agir sur les conclusions du rapport. Caroline Stickland, la directrice g\u00e9n\u00e9rale de l&rsquo;organisation, a soulign\u00e9 que \u00ab l&rsquo;\u00e9tat actuel de l&rsquo;inaccessibilit\u00e9 des transports dans ce pays ne peut pas continuer \u00bb.<\/p>\n<p>Les d\u00e9put\u00e9s demandent au D\u00e9partement des Transports (DFT) de simplifier le syst\u00e8me actuel et d&rsquo;envisager des modifications l\u00e9gislatives. Ils insistent sur le fait que cette r\u00e9forme pourrait potentiellement \u00eatre mise en \u0153uvre dans d&rsquo;autres nations du Royaume-Uni.<\/p>\n<p><iframe loading=\"lazy\" title=\"Commission du d\u00e9veloppement durable - discours loi d&#039;orientation des mobilit\u00e9s\" width=\"1200\" height=\"675\" src=\"https:\/\/www.youtube.com\/embed\/EPgJr2w-lYk?feature=oembed\" frameborder=\"0\" allow=\"accelerometer; autoplay; clipboard-write; encrypted-media; gyroscope; picture-in-picture; web-share\" referrerpolicy=\"strict-origin-when-cross-origin\" allowfullscreen><\/iframe><br \/>\n<span class=\"va-accesstransport-kicker\">Les pistes<\/span><\/p>\n<h2>Des recommandations pour un avenir inclusif<\/h2>\n<p>Le rapport du comit\u00e9 des transports pr\u00e9sente 29 conclusions et recommandations, dont l&rsquo;une stipule que le gouvernement doit \u00e9laborer une nouvelle strat\u00e9gie de transport inclusif dans un d\u00e9lai de 12 mois. Les d\u00e9put\u00e9s soulignent la n\u00e9cessit\u00e9 d&rsquo;un changement de culture pour consid\u00e9rer l&rsquo;inclusion des personnes handicap\u00e9es comme un droit humain essentiel.<\/p>\n<div class=\"va-accesstransport-quote\">\n\u00ab Je suis tellement d\u00e9\u00e7ue que mes concitoyens, mes \u00e9lecteurs, ne puissent pas faire les choix que je fais dans leur vie quotidienne. \u00bb<br \/>\n<cite>\u2014 Ruth Cadbury, pr\u00e9sidente du comit\u00e9 des transports<\/cite>\n<\/div>\n<p>Les recommandations incluent \u00e9galement un examen des r\u00e9glementations en cours, jug\u00e9es \u00ab trop fragment\u00e9es et complexes \u00bb. Cette complexit\u00e9 rend le syst\u00e8me difficile \u00e0 naviguer pour ceux qui en ont le plus besoin.<\/p>\n<div class=\"va-accesstransport-list\">\n<ul>\n<li>Am\u00e9lioration de l&rsquo;accessibilit\u00e9 dans tous les modes de transport<\/li>\n<li>\u00c9laboration d&rsquo;une strat\u00e9gie de transport inclusif<\/li>\n<li>Simplification des r\u00e9glementations et de leur application (enforcement)<\/li>\n<li>Changement de culture pour privil\u00e9gier l&rsquo;inclusion<\/li>\n<li>R\u00e9duction du fardeau qui p\u00e8se sur les usagers handicap\u00e9s<\/li>\n<\/ul>\n<\/div>\n<p>Les d\u00e9fis li\u00e9s \u00e0 l&rsquo;accessibilit\u00e9 des transports ne sont pas seulement des questions logistiques : ils touchent \u00e0 la dignit\u00e9 et aux droits fondamentaux des personnes handicap\u00e9es. Le rapport appelle \u00e0 un v\u00e9ritable changement, afin que chacun puisse voyager sans entrave et avec dignit\u00e9.<\/p>\n<h3>Quels modes de transport sont concern\u00e9s ?<\/h3>\n<p>L&rsquo;accessibilit\u00e9 se joue sur l&rsquo;ensemble de la cha\u00eene du d\u00e9placement : le train, le bus, le tramway, le m\u00e9tro et les taxis, mais aussi les gares, les arr\u00eats, les quais et l&rsquo;information voyageurs. Un maillon manquant \u2014 une marche, un ascenseur en panne, une annonce inaudible \u2014 peut suffire \u00e0 rendre tout un trajet impraticable. C&rsquo;est pourquoi le rapport insiste sur une approche d&rsquo;ensemble plut\u00f4t que sur des correctifs isol\u00e9s.<\/p>\n<div class=\"va-accesstransport-grid\">\n<div class=\"va-accesstransport-card\">\n<div class=\"va-accesstransport-ct\">Un fardeau d\u00e9plac\u00e9 sur l&rsquo;usager<\/div>\n<div class=\"va-accesstransport-cd\">Trop souvent, c&rsquo;est \u00e0 la personne handicap\u00e9e d&rsquo;anticiper, de r\u00e9server une assistance et de composer avec les impr\u00e9vus, plut\u00f4t qu&rsquo;au r\u00e9seau d&rsquo;\u00eatre nativement accessible.<\/div>\n<\/div>\n<div class=\"va-accesstransport-card\">\n<div class=\"va-accesstransport-ct\">Des r\u00e8gles fragment\u00e9es<\/div>\n<div class=\"va-accesstransport-cd\">Les r\u00e9glementations sont jug\u00e9es \u00ab trop fragment\u00e9es et complexes \u00bb, ce qui complique l&rsquo;application des droits existants et la lisibilit\u00e9 du syst\u00e8me.<\/div>\n<\/div>\n<div class=\"va-accesstransport-card\">\n<div class=\"va-accesstransport-ct\">Une question de droits<\/div>\n<div class=\"va-accesstransport-cd\">Le rapport recadre le sujet : se d\u00e9placer n&rsquo;est pas un confort mais une condition d&rsquo;autonomie, d&#8217;emploi et de vie sociale.<\/div>\n<\/div>\n<\/div>\n<div class=\"va-accesstransport-retain\">\n<div class=\"va-accesstransport-rt\">\u00c0 retenir<\/div>\n<ul>\n<li>Un rapport parlementaire britannique qualifie l&rsquo;inaccessibilit\u00e9 des transports d&rsquo;\u00ab embarras national \u00bb.<\/li>\n<li>Pr\u00e8s de 7 personnes handicap\u00e9es sur 10 disent rencontrer des obstacles dans leurs d\u00e9placements.<\/li>\n<li>29 conclusions et recommandations, dont une strat\u00e9gie de transport inclusif attendue sous 12 mois.<\/li>\n<li>L&rsquo;enjeu central : un changement de culture qui traite l&rsquo;inclusion comme un droit, pas comme une option.<\/li>\n<\/ul>\n<\/div>\n<div class=\"va-accesstransport-faq\">\n<details>\n<summary>Qu&rsquo;entend-on par accessibilit\u00e9 des transports ?<\/summary>\n<div class=\"va-accesstransport-fa\">C&rsquo;est la possibilit\u00e9, pour toute personne \u2014 y compris \u00e0 mobilit\u00e9 r\u00e9duite ou en situation de handicap \u2014 d&rsquo;utiliser les transports publics de fa\u00e7on autonome et s\u00e9curis\u00e9e, sur l&rsquo;ensemble du parcours : acc\u00e8s aux v\u00e9hicules, aux quais et aux gares, information claire et assistance disponible.<\/div>\n<\/details>\n<details>\n<summary>Quels transports sont vis\u00e9s par le rapport ?<\/summary>\n<div class=\"va-accesstransport-fa\">Le rapport pointe des d\u00e9faillances \u00ab syst\u00e9matiques \u00bb dans l&rsquo;ensemble du r\u00e9seau de transport public, et recommande une am\u00e9lioration de l&rsquo;accessibilit\u00e9 dans tous les modes de transport, sans se limiter \u00e0 un seul mode.<\/div>\n<\/details>\n<details>\n<summary>Que demandent concr\u00e8tement les d\u00e9put\u00e9s ?<\/summary>\n<div class=\"va-accesstransport-fa\">Ils invitent le D\u00e9partement des Transports (DFT) \u00e0 simplifier le syst\u00e8me actuel, \u00e0 envisager des modifications l\u00e9gislatives, et \u00e0 \u00e9laborer une nouvelle strat\u00e9gie de transport inclusif dans un d\u00e9lai de 12 mois.<\/div>\n<\/details>\n<details>\n<summary>Pourquoi parle-t-on d&rsquo;une question de dignit\u00e9 et de droits ?<\/summary>\n<div class=\"va-accesstransport-fa\">Parce que l&rsquo;impossibilit\u00e9 de se d\u00e9placer librement limite l&rsquo;acc\u00e8s \u00e0 l&#8217;emploi, aux soins et \u00e0 la vie sociale. Le rapport appelle \u00e0 consid\u00e9rer l&rsquo;inclusion des personnes handicap\u00e9es comme un droit humain essentiel, et non comme une simple contrainte logistique.<\/div>\n<\/details>\n<\/div>\n<\/div>\n","protected":false},"excerpt":{"rendered":"","protected":false},"author":34,"featured_media":20786,"comment_status":"open","ping_status":"open","sticky":false,"template":"","format":"standard","meta":{"_acf_changed":false,"manual_indexmenow":false,"indexmenow_id_project":0,"footnotes":""},"categories":[1],"tags":[4829,4385,3878,5688,5755],"class_list":["post-15685","post","type-post","status-publish","format-standard","has-post-thumbnail","hentry","category-a-la-une","tag-accessibilite","tag-pratiques-durables","tag-protection","tag-relations-internationales","tag-voyage-en-solo","generate-columns","tablet-grid-50","mobile-grid-100","grid-parent","grid-25"],"acf":[],"yoast_head":"<!-- This site is optimized with the Yoast SEO Premium plugin v21.3 (Yoast SEO v25.1) - https:\/\/yoast.com\/wordpress\/plugins\/seo\/ -->\n<title>Accessibilit\u00e9 des transports : un d\u00e9fi national qui doit<\/title>\n<meta name=\"description\" content=\"L&#039;accessibilit\u00e9 des transports publics pour les personnes en situation de handicap est aujourd&#039;hui pr\u00e9sent\u00e9e comme un \u00ab embarras national \u00bb au\" \/>\n<meta name=\"robots\" content=\"index, follow, max-snippet:-1, max-image-preview:large, max-video-preview:-1\" \/>\n<link rel=\"canonical\" href=\"https:\/\/voyage-aventure.com\/blog\/a-la-une\/accessibilite-des-transports-un-defi-national-qui-doit-etre-releve-pour-tous\/\" \/>\n<meta property=\"og:locale\" content=\"fr_FR\" \/>\n<meta property=\"og:type\" content=\"article\" \/>\n<meta property=\"og:title\" content=\"Accessibilit\u00e9 des transports : un d\u00e9fi national qui doit\" \/>\n<meta property=\"og:description\" content=\"L&#039;accessibilit\u00e9 des transports publics pour les personnes en situation de handicap est aujourd&#039;hui pr\u00e9sent\u00e9e comme un \u00ab embarras national \u00bb au\" \/>\n<meta property=\"og:url\" content=\"https:\/\/voyage-aventure.com\/blog\/a-la-une\/accessibilite-des-transports-un-defi-national-qui-doit-etre-releve-pour-tous\/\" \/>\n<meta property=\"og:site_name\" content=\"voyage-aventure\" \/>\n<meta property=\"og:image\" content=\"https:\/\/voyage-aventure.com\/blog\/wp-content\/uploads\/2025\/05\/sdxl-81e10102853b53309bd1484838e3701d-scaled.png\" \/>\n\t<meta property=\"og:image:width\" content=\"1200\" \/>\n\t<meta property=\"og:image:height\" content=\"500\" \/>\n\t<meta property=\"og:image:type\" content=\"image\/png\" \/>\n<meta name=\"author\" content=\"Camille Rouvray\" \/>\n<meta name=\"twitter:card\" content=\"summary_large_image\" \/>\n<script type=\"application\/ld+json\" class=\"yoast-schema-graph\">{\"@context\":\"https:\/\/schema.org\",\"@graph\":[{\"@type\":\"NewsArticle\",\"@id\":\"https:\/\/voyage-aventure.com\/blog\/a-la-une\/accessibilite-des-transports-un-defi-national-qui-doit-etre-releve-pour-tous\/#article\",\"isPartOf\":{\"@id\":\"https:\/\/voyage-aventure.com\/blog\/a-la-une\/accessibilite-des-transports-un-defi-national-qui-doit-etre-releve-pour-tous\/\"},\"author\":{\"name\":\"Camille Rouvray\",\"@id\":\"https:\/\/voyage-aventure.com\/blog\/#\/schema\/person\/3c864cdc320801e3db34b663e7e3f816\"},\"headline\":\"Accessibilit\u00e9 des transports : un d\u00e9fi national qui doit \u00eatre relev\u00e9 pour tous\",\"datePublished\":\"2026-06-16T15:19:58+00:00\",\"mainEntityOfPage\":{\"@id\":\"https:\/\/voyage-aventure.com\/blog\/a-la-une\/accessibilite-des-transports-un-defi-national-qui-doit-etre-releve-pour-tous\/\"},\"wordCount\":1086,\"commentCount\":19,\"publisher\":{\"@id\":\"https:\/\/voyage-aventure.com\/blog\/#organization\"},\"image\":{\"@id\":\"https:\/\/voyage-aventure.com\/blog\/a-la-une\/accessibilite-des-transports-un-defi-national-qui-doit-etre-releve-pour-tous\/#primaryimage\"},\"thumbnailUrl\":\"https:\/\/voyage-aventure.com\/blog\/wp-content\/uploads\/2025\/05\/sdxl-81e10102853b53309bd1484838e3701d-scaled.png\",\"keywords\":[\"Accessibilit\u00e9\",\"Pratiques Durables\",\"Protection\",\"Relations Internationales\",\"Voyage en solo\"],\"articleSection\":[\"\u00c0 la une\"],\"inLanguage\":\"fr-FR\",\"potentialAction\":[{\"@type\":\"CommentAction\",\"name\":\"Comment\",\"target\":[\"https:\/\/voyage-aventure.com\/blog\/a-la-une\/accessibilite-des-transports-un-defi-national-qui-doit-etre-releve-pour-tous\/#respond\"]}]},{\"@type\":\"WebPage\",\"@id\":\"https:\/\/voyage-aventure.com\/blog\/a-la-une\/accessibilite-des-transports-un-defi-national-qui-doit-etre-releve-pour-tous\/\",\"url\":\"https:\/\/voyage-aventure.com\/blog\/a-la-une\/accessibilite-des-transports-un-defi-national-qui-doit-etre-releve-pour-tous\/\",\"name\":\"Accessibilit\u00e9 des transports : un d\u00e9fi national qui doit\",\"isPartOf\":{\"@id\":\"https:\/\/voyage-aventure.com\/blog\/#website\"},\"primaryImageOfPage\":{\"@id\":\"https:\/\/voyage-aventure.com\/blog\/a-la-une\/accessibilite-des-transports-un-defi-national-qui-doit-etre-releve-pour-tous\/#primaryimage\"},\"image\":{\"@id\":\"https:\/\/voyage-aventure.com\/blog\/a-la-une\/accessibilite-des-transports-un-defi-national-qui-doit-etre-releve-pour-tous\/#primaryimage\"},\"thumbnailUrl\":\"https:\/\/voyage-aventure.com\/blog\/wp-content\/uploads\/2025\/05\/sdxl-81e10102853b53309bd1484838e3701d-scaled.png\",\"datePublished\":\"2026-06-16T15:19:58+00:00\",\"description\":\"L'accessibilit\u00e9 des transports publics pour les personnes en situation de handicap est aujourd'hui pr\u00e9sent\u00e9e comme un \u00ab embarras national \u00bb au\",\"inLanguage\":\"fr-FR\",\"potentialAction\":[{\"@type\":\"ReadAction\",\"target\":[\"https:\/\/voyage-aventure.com\/blog\/a-la-une\/accessibilite-des-transports-un-defi-national-qui-doit-etre-releve-pour-tous\/\"]}]},{\"@type\":\"ImageObject\",\"inLanguage\":\"fr-FR\",\"@id\":\"https:\/\/voyage-aventure.com\/blog\/a-la-une\/accessibilite-des-transports-un-defi-national-qui-doit-etre-releve-pour-tous\/#primaryimage\",\"url\":\"https:\/\/voyage-aventure.com\/blog\/wp-content\/uploads\/2025\/05\/sdxl-81e10102853b53309bd1484838e3701d-scaled.png\",\"contentUrl\":\"https:\/\/voyage-aventure.com\/blog\/wp-content\/uploads\/2025\/05\/sdxl-81e10102853b53309bd1484838e3701d-scaled.png\",\"width\":1200,\"height\":500},{\"@type\":\"WebSite\",\"@id\":\"https:\/\/voyage-aventure.com\/blog\/#website\",\"url\":\"https:\/\/voyage-aventure.com\/blog\/\",\"name\":\"voyage-aventure.com\",\"description\":\"Votre passeport pour l\u2019inattendu.\",\"publisher\":{\"@id\":\"https:\/\/voyage-aventure.com\/blog\/#organization\"},\"alternateName\":\"Votre passeport pour l\u2019inattendu.\",\"potentialAction\":[{\"@type\":\"SearchAction\",\"target\":{\"@type\":\"EntryPoint\",\"urlTemplate\":\"https:\/\/voyage-aventure.com\/blog\/?s={search_term_string}\"},\"query-input\":{\"@type\":\"PropertyValueSpecification\",\"valueRequired\":true,\"valueName\":\"search_term_string\"}}],\"inLanguage\":\"fr-FR\"},{\"@type\":\"Organization\",\"@id\":\"https:\/\/voyage-aventure.com\/blog\/#organization\",\"name\":\"Foretsensations.fr\",\"url\":\"https:\/\/voyage-aventure.com\/blog\/\",\"logo\":{\"@type\":\"ImageObject\",\"inLanguage\":\"fr-FR\",\"@id\":\"https:\/\/voyage-aventure.com\/blog\/#\/schema\/logo\/image\/\",\"url\":\"https:\/\/voyage-aventure.com\/blog\/wp-content\/uploads\/2024\/12\/19.png\",\"contentUrl\":\"https:\/\/voyage-aventure.com\/blog\/wp-content\/uploads\/2024\/12\/19.png\",\"width\":512,\"height\":512,\"caption\":\"Foretsensations.fr\"},\"image\":{\"@id\":\"https:\/\/voyage-aventure.com\/blog\/#\/schema\/logo\/image\/\"}},{\"@type\":\"Person\",\"@id\":\"https:\/\/voyage-aventure.com\/blog\/#\/schema\/person\/3c864cdc320801e3db34b663e7e3f816\",\"name\":\"Camille Rouvray\",\"image\":{\"@type\":\"ImageObject\",\"inLanguage\":\"fr-FR\",\"@id\":\"https:\/\/voyage-aventure.com\/blog\/#\/schema\/person\/image\/\",\"url\":\"https:\/\/voyage-aventure.com\/blog\/wp-content\/uploads\/2026\/06\/persona_camille-r-96x96.jpg\",\"contentUrl\":\"https:\/\/voyage-aventure.com\/blog\/wp-content\/uploads\/2026\/06\/persona_camille-r-96x96.jpg\",\"caption\":\"Camille Rouvray\"},\"description\":\"Je voyage et j'\u00e9cris sur le voyage depuis une douzaine d'ann\u00e9es, d'abord en tant que routarde au long cours, puis comme r\u00e9dactrice sp\u00e9cialis\u00e9e. Mon terrain de pr\u00e9dilection, ce sont les circuits organis\u00e9s et l'art de bien pr\u00e9parer un itin\u00e9raire : choix de la saison, dur\u00e9e r\u00e9aliste des \u00e9tapes, budget jour par jour, logement et transport sur place. J'aime aussi raconter les p\u00e9pites urbaines, ces adresses qu'on ne trouve pas dans les guides classiques. Avant de publier un dossier destination, je croise toujours plusieurs sources, je v\u00e9rifie les tarifs et les formalit\u00e9s d'entr\u00e9e \u00e0 jour, et je teste moi-m\u00eame quand je le peux. Mon angle reste pratique avant tout : aider le lecteur \u00e0 partir l'esprit tranquille, sans mauvaise surprise une fois sur place. Je m'attache \u00e0 distinguer le coup de c\u0153ur sinc\u00e8re du simple argument marketing.\",\"sameAs\":[\"https:\/\/camillerouvray.fr\/\"],\"url\":\"https:\/\/voyage-aventure.com\/blog\/auteur\/noname\/\"}]}<\/script>\n<!-- \/ Yoast SEO Premium plugin. -->","yoast_head_json":{"title":"Accessibilit\u00e9 des transports : un d\u00e9fi national qui doit","description":"L'accessibilit\u00e9 des transports publics pour les personnes en situation de handicap est aujourd'hui pr\u00e9sent\u00e9e comme un \u00ab embarras national \u00bb au","robots":{"index":"index","follow":"follow","max-snippet":"max-snippet:-1","max-image-preview":"max-image-preview:large","max-video-preview":"max-video-preview:-1"},"canonical":"https:\/\/voyage-aventure.com\/blog\/a-la-une\/accessibilite-des-transports-un-defi-national-qui-doit-etre-releve-pour-tous\/","og_locale":"fr_FR","og_type":"article","og_title":"Accessibilit\u00e9 des transports : un d\u00e9fi national qui doit","og_description":"L'accessibilit\u00e9 des transports publics pour les personnes en situation de handicap est aujourd'hui pr\u00e9sent\u00e9e comme un \u00ab embarras national \u00bb au","og_url":"https:\/\/voyage-aventure.com\/blog\/a-la-une\/accessibilite-des-transports-un-defi-national-qui-doit-etre-releve-pour-tous\/","og_site_name":"voyage-aventure","og_image":[{"width":1200,"height":500,"url":"https:\/\/voyage-aventure.com\/blog\/wp-content\/uploads\/2025\/05\/sdxl-81e10102853b53309bd1484838e3701d-scaled.png","type":"image\/png"}],"author":"Camille Rouvray","twitter_card":"summary_large_image","schema":{"@context":"https:\/\/schema.org","@graph":[{"@type":"NewsArticle","@id":"https:\/\/voyage-aventure.com\/blog\/a-la-une\/accessibilite-des-transports-un-defi-national-qui-doit-etre-releve-pour-tous\/#article","isPartOf":{"@id":"https:\/\/voyage-aventure.com\/blog\/a-la-une\/accessibilite-des-transports-un-defi-national-qui-doit-etre-releve-pour-tous\/"},"author":{"name":"Camille Rouvray","@id":"https:\/\/voyage-aventure.com\/blog\/#\/schema\/person\/3c864cdc320801e3db34b663e7e3f816"},"headline":"Accessibilit\u00e9 des transports : un d\u00e9fi national qui doit \u00eatre relev\u00e9 pour tous","datePublished":"2026-06-16T15:19:58+00:00","mainEntityOfPage":{"@id":"https:\/\/voyage-aventure.com\/blog\/a-la-une\/accessibilite-des-transports-un-defi-national-qui-doit-etre-releve-pour-tous\/"},"wordCount":1086,"commentCount":19,"publisher":{"@id":"https:\/\/voyage-aventure.com\/blog\/#organization"},"image":{"@id":"https:\/\/voyage-aventure.com\/blog\/a-la-une\/accessibilite-des-transports-un-defi-national-qui-doit-etre-releve-pour-tous\/#primaryimage"},"thumbnailUrl":"https:\/\/voyage-aventure.com\/blog\/wp-content\/uploads\/2025\/05\/sdxl-81e10102853b53309bd1484838e3701d-scaled.png","keywords":["Accessibilit\u00e9","Pratiques Durables","Protection","Relations Internationales","Voyage en solo"],"articleSection":["\u00c0 la une"],"inLanguage":"fr-FR","potentialAction":[{"@type":"CommentAction","name":"Comment","target":["https:\/\/voyage-aventure.com\/blog\/a-la-une\/accessibilite-des-transports-un-defi-national-qui-doit-etre-releve-pour-tous\/#respond"]}]},{"@type":"WebPage","@id":"https:\/\/voyage-aventure.com\/blog\/a-la-une\/accessibilite-des-transports-un-defi-national-qui-doit-etre-releve-pour-tous\/","url":"https:\/\/voyage-aventure.com\/blog\/a-la-une\/accessibilite-des-transports-un-defi-national-qui-doit-etre-releve-pour-tous\/","name":"Accessibilit\u00e9 des transports : un d\u00e9fi national qui doit","isPartOf":{"@id":"https:\/\/voyage-aventure.com\/blog\/#website"},"primaryImageOfPage":{"@id":"https:\/\/voyage-aventure.com\/blog\/a-la-une\/accessibilite-des-transports-un-defi-national-qui-doit-etre-releve-pour-tous\/#primaryimage"},"image":{"@id":"https:\/\/voyage-aventure.com\/blog\/a-la-une\/accessibilite-des-transports-un-defi-national-qui-doit-etre-releve-pour-tous\/#primaryimage"},"thumbnailUrl":"https:\/\/voyage-aventure.com\/blog\/wp-content\/uploads\/2025\/05\/sdxl-81e10102853b53309bd1484838e3701d-scaled.png","datePublished":"2026-06-16T15:19:58+00:00","description":"L'accessibilit\u00e9 des transports publics pour les personnes en situation de handicap est aujourd'hui pr\u00e9sent\u00e9e comme un \u00ab embarras national \u00bb au","inLanguage":"fr-FR","potentialAction":[{"@type":"ReadAction","target":["https:\/\/voyage-aventure.com\/blog\/a-la-une\/accessibilite-des-transports-un-defi-national-qui-doit-etre-releve-pour-tous\/"]}]},{"@type":"ImageObject","inLanguage":"fr-FR","@id":"https:\/\/voyage-aventure.com\/blog\/a-la-une\/accessibilite-des-transports-un-defi-national-qui-doit-etre-releve-pour-tous\/#primaryimage","url":"https:\/\/voyage-aventure.com\/blog\/wp-content\/uploads\/2025\/05\/sdxl-81e10102853b53309bd1484838e3701d-scaled.png","contentUrl":"https:\/\/voyage-aventure.com\/blog\/wp-content\/uploads\/2025\/05\/sdxl-81e10102853b53309bd1484838e3701d-scaled.png","width":1200,"height":500},{"@type":"WebSite","@id":"https:\/\/voyage-aventure.com\/blog\/#website","url":"https:\/\/voyage-aventure.com\/blog\/","name":"voyage-aventure.com","description":"Votre passeport pour l\u2019inattendu.","publisher":{"@id":"https:\/\/voyage-aventure.com\/blog\/#organization"},"alternateName":"Votre passeport pour l\u2019inattendu.","potentialAction":[{"@type":"SearchAction","target":{"@type":"EntryPoint","urlTemplate":"https:\/\/voyage-aventure.com\/blog\/?s={search_term_string}"},"query-input":{"@type":"PropertyValueSpecification","valueRequired":true,"valueName":"search_term_string"}}],"inLanguage":"fr-FR"},{"@type":"Organization","@id":"https:\/\/voyage-aventure.com\/blog\/#organization","name":"Foretsensations.fr","url":"https:\/\/voyage-aventure.com\/blog\/","logo":{"@type":"ImageObject","inLanguage":"fr-FR","@id":"https:\/\/voyage-aventure.com\/blog\/#\/schema\/logo\/image\/","url":"https:\/\/voyage-aventure.com\/blog\/wp-content\/uploads\/2024\/12\/19.png","contentUrl":"https:\/\/voyage-aventure.com\/blog\/wp-content\/uploads\/2024\/12\/19.png","width":512,"height":512,"caption":"Foretsensations.fr"},"image":{"@id":"https:\/\/voyage-aventure.com\/blog\/#\/schema\/logo\/image\/"}},{"@type":"Person","@id":"https:\/\/voyage-aventure.com\/blog\/#\/schema\/person\/3c864cdc320801e3db34b663e7e3f816","name":"Camille Rouvray","image":{"@type":"ImageObject","inLanguage":"fr-FR","@id":"https:\/\/voyage-aventure.com\/blog\/#\/schema\/person\/image\/","url":"https:\/\/voyage-aventure.com\/blog\/wp-content\/uploads\/2026\/06\/persona_camille-r-96x96.jpg","contentUrl":"https:\/\/voyage-aventure.com\/blog\/wp-content\/uploads\/2026\/06\/persona_camille-r-96x96.jpg","caption":"Camille Rouvray"},"description":"Je voyage et j'\u00e9cris sur le voyage depuis une douzaine d'ann\u00e9es, d'abord en tant que routarde au long cours, puis comme r\u00e9dactrice sp\u00e9cialis\u00e9e. Mon terrain de pr\u00e9dilection, ce sont les circuits organis\u00e9s et l'art de bien pr\u00e9parer un itin\u00e9raire : choix de la saison, dur\u00e9e r\u00e9aliste des \u00e9tapes, budget jour par jour, logement et transport sur place. J'aime aussi raconter les p\u00e9pites urbaines, ces adresses qu'on ne trouve pas dans les guides classiques. Avant de publier un dossier destination, je croise toujours plusieurs sources, je v\u00e9rifie les tarifs et les formalit\u00e9s d'entr\u00e9e \u00e0 jour, et je teste moi-m\u00eame quand je le peux. Mon angle reste pratique avant tout : aider le lecteur \u00e0 partir l'esprit tranquille, sans mauvaise surprise une fois sur place. Je m'attache \u00e0 distinguer le coup de c\u0153ur sinc\u00e8re du simple argument marketing.","sameAs":["https:\/\/camillerouvray.fr\/"],"url":"https:\/\/voyage-aventure.com\/blog\/auteur\/noname\/"}]}},"_links":{"self":[{"href":"https:\/\/voyage-aventure.com\/blog\/wp-json\/wp\/v2\/posts\/15685","targetHints":{"allow":["GET"]}}],"collection":[{"href":"https:\/\/voyage-aventure.com\/blog\/wp-json\/wp\/v2\/posts"}],"about":[{"href":"https:\/\/voyage-aventure.com\/blog\/wp-json\/wp\/v2\/types\/post"}],"author":[{"embeddable":true,"href":"https:\/\/voyage-aventure.com\/blog\/wp-json\/wp\/v2\/users\/34"}],"replies":[{"embeddable":true,"href":"https:\/\/voyage-aventure.com\/blog\/wp-json\/wp\/v2\/comments?post=15685"}],"version-history":[{"count":3,"href":"https:\/\/voyage-aventure.com\/blog\/wp-json\/wp\/v2\/posts\/15685\/revisions"}],"predecessor-version":[{"id":22843,"href":"https:\/\/voyage-aventure.com\/blog\/wp-json\/wp\/v2\/posts\/15685\/revisions\/22843"}],"wp:featuredmedia":[{"embeddable":true,"href":"https:\/\/voyage-aventure.com\/blog\/wp-json\/wp\/v2\/media\/20786"}],"wp:attachment":[{"href":"https:\/\/voyage-aventure.com\/blog\/wp-json\/wp\/v2\/media?parent=15685"}],"wp:term":[{"taxonomy":"category","embeddable":true,"href":"https:\/\/voyage-aventure.com\/blog\/wp-json\/wp\/v2\/categories?post=15685"},{"taxonomy":"post_tag","embeddable":true,"href":"https:\/\/voyage-aventure.com\/blog\/wp-json\/wp\/v2\/tags?post=15685"}],"curies":[{"name":"wp","href":"https:\/\/api.w.org\/{rel}","templated":true}]}}