{"id":15666,"date":"2026-06-16T17:19:21","date_gmt":"2026-06-16T15:19:21","guid":{"rendered":"https:\/\/voyage-aventure.com\/blog\/?p=15666"},"modified":"2026-06-16T17:19:21","modified_gmt":"2026-06-16T15:19:21","slug":"les-leaders-caribeens-sopposent-au-projet-de-decret-de-voyage-americain-et-defendent-leur-region","status":"publish","type":"post","link":"https:\/\/voyage-aventure.com\/blog\/a-la-une\/les-leaders-caribeens-sopposent-au-projet-de-decret-de-voyage-americain-et-defendent-leur-region\/","title":{"rendered":"Les leaders carib\u00e9ens s&rsquo;opposent au projet de d\u00e9cret de voyage am\u00e9ricain et d\u00e9fendent leur r\u00e9gion"},"content":{"rendered":"<link rel=\"stylesheet\" href=\"https:\/\/fonts.googleapis.com\/css2?family=Newsreader:ital,opsz,wght@0,6..72,500;0,6..72,600;0,6..72,700;1,6..72,500;1,6..72,600&#038;family=Inter:wght@400;500;600&#038;family=JetBrains+Mono:wght@500&#038;display=swap\">\n<style>\n.va-caraibedecret-wrap{font-family:\"Inter\",-apple-system,BlinkMacSystemFont,sans-serif;color:#1d2127;line-height:1.65;font-size:17px}\n.va-caraibedecret-wrap h2{font-family:\"Newsreader\",\"Georgia\",serif;font-weight:700;letter-spacing:-.01em;color:#161a21;font-size:clamp(24px,3.2vw,33px);line-height:1.2;margin:48px 0 16px}\n.va-caraibedecret-wrap h3{font-family:\"Newsreader\",\"Georgia\",serif;font-weight:600;color:#222731;font-size:clamp(19px,2.2vw,22px);margin:26px 0 10px}\n.va-caraibedecret-wrap p{margin:0 0 18px}\n.va-caraibedecret-lead{font-family:\"Newsreader\",\"Georgia\",serif;font-style:italic;font-size:clamp(19px,2.4vw,22px);line-height:1.5;color:#3a414c;border-left:4px solid #3E4654;padding-left:18px;margin:0 0 30px}\n.va-caraibedecret-dateline{font-family:\"JetBrains Mono\",monospace;font-size:12.5px;letter-spacing:.04em;text-transform:uppercase;color:#3E4654;margin-bottom:22px;display:flex;align-items:center;gap:10px;flex-wrap:wrap}\n.va-caraibedecret-dateline span{display:inline-block;background:#eef0f3;border:1px solid #d7dbe1;border-radius:4px;padding:3px 9px}\n.va-caraibedecret-essentiel{background:#f6f7f9;border:1px solid #dde1e7;border-left:5px solid #3E4654;border-radius:8px;padding:26px 28px;margin:0 0 38px;box-shadow:0 1px 2px rgba(16,24,40,.05),0 12px 28px -18px rgba(16,24,40,.18)}\n.va-caraibedecret-essentiel-tt{font-family:\"JetBrains Mono\",monospace;font-size:12px;letter-spacing:.12em;text-transform:uppercase;color:#3E4654;margin-bottom:18px;font-weight:500}\n.va-caraibedecret-row{display:flex;gap:14px;margin-bottom:14px;align-items:flex-start}\n.va-caraibedecret-row:last-child{margin-bottom:0}\n.va-caraibedecret-tag{font-family:\"JetBrains Mono\",monospace;font-size:11px;letter-spacing:.05em;text-transform:uppercase;color:#fff;background:#3E4654;border-radius:4px;padding:4px 9px;flex:0 0 auto;margin-top:2px}\n.va-caraibedecret-rtxt{color:#2c323c;font-size:16.5px;line-height:1.55}\n.va-caraibedecret-quote{font-family:\"Newsreader\",\"Georgia\",serif;font-style:italic;font-size:clamp(21px,2.8vw,27px);line-height:1.4;color:#222731;margin:34px 0;padding:8px 0 8px 30px;border-left:4px solid #3E4654;position:relative}\n.va-caraibedecret-quote .va-caraibedecret-attr{display:block;font-family:\"JetBrains Mono\",monospace;font-style:normal;font-size:12.5px;letter-spacing:.04em;text-transform:uppercase;color:#5a626f;margin-top:14px}\n.va-caraibedecret-cards{display:grid;grid-template-columns:repeat(auto-fit,minmax(240px,1fr));gap:20px;margin:30px 0}\n.va-caraibedecret-card{background:#fff;border:1px solid #dde1e7;border-top:3px solid #3E4654;border-radius:8px;padding:22px 22px;transition:.25s ease;box-shadow:0 1px 2px rgba(16,24,40,.05)}\n.va-caraibedecret-card:hover{transform:translateY(-3px);box-shadow:0 1px 2px rgba(16,24,40,.05),0 16px 30px -18px rgba(16,24,40,.25);border-color:#c4cad3}\n.va-caraibedecret-card-tt{font-family:\"Newsreader\",\"Georgia\",serif;font-weight:600;font-size:19px;color:#161a21;margin-bottom:10px}\n.va-caraibedecret-card-tx{color:#3a414c;font-size:15.5px;line-height:1.55}\n.va-caraibedecret-retenir{background:#161a21;color:#e9ebef;border-radius:10px;padding:28px 30px;margin:44px 0}\n.va-caraibedecret-retenir .va-caraibedecret-essentiel-tt{color:#9aa3b2}\n.va-caraibedecret-retenir ul{margin:0;padding-left:0;list-style:none}\n.va-caraibedecret-retenir li{padding:9px 0 9px 26px;position:relative;border-bottom:1px solid #2a3038;font-size:16px;line-height:1.55}\n.va-caraibedecret-retenir li:last-child{border-bottom:none}\n.va-caraibedecret-retenir li:before{content:\"\u2014\";position:absolute;left:0;color:#8a93a3;font-family:\"JetBrains Mono\",monospace}\n.va-caraibedecret-faq{margin:34px 0}\n.va-caraibedecret-faq details{border:1px solid #dde1e7;border-radius:8px;padding:0;margin-bottom:12px;overflow:hidden;transition:.2s ease}\n.va-caraibedecret-faq details[open]{border-color:#3E4654;box-shadow:0 8px 22px -16px rgba(16,24,40,.3)}\n.va-caraibedecret-faq summary{cursor:pointer;list-style:none;padding:16px 20px;font-family:\"Newsreader\",\"Georgia\",serif;font-weight:600;font-size:18px;color:#222731;background:#f6f7f9;position:relative}\n.va-caraibedecret-faq summary::-webkit-details-marker{display:none}\n.va-caraibedecret-faq summary:before{content:\"+\";position:absolute;right:20px;color:#3E4654;font-family:\"JetBrains Mono\",monospace;font-size:20px}\n.va-caraibedecret-faq details[open] summary:before{content:\"\u2013\"}\n.va-caraibedecret-faq .va-caraibedecret-ans{padding:16px 20px;color:#3a414c;font-size:16px;line-height:1.6;background:#fff}\n@media(max-width:640px){.va-caraibedecret-wrap{font-size:16px}}\n\/*RENDERFIX2*\/.va-caraibedecret-tag{color:#eef3f9!important}.va-caraibedecret-tag p,.va-caraibedecret-tag li,.va-caraibedecret-tag strong,.va-caraibedecret-tag em,.va-caraibedecret-tag a,.va-caraibedecret-tag span,.va-caraibedecret-tag b,.va-caraibedecret-tag td,.va-caraibedecret-tag th,.va-caraibedecret-tag h2,.va-caraibedecret-tag h3,.va-caraibedecret-tag h4{color:#eef3f9!important}.va-caraibedecret-tag strong,.va-caraibedecret-tag b{color:#ffffff!important}.va-caraibedecret-retenir{color:#eef3f9!important}.va-caraibedecret-retenir p,.va-caraibedecret-retenir li,.va-caraibedecret-retenir strong,.va-caraibedecret-retenir em,.va-caraibedecret-retenir a,.va-caraibedecret-retenir span,.va-caraibedecret-retenir b,.va-caraibedecret-retenir td,.va-caraibedecret-retenir th,.va-caraibedecret-retenir h2,.va-caraibedecret-retenir h3,.va-caraibedecret-retenir h4{color:#eef3f9!important}.va-caraibedecret-retenir strong,.va-caraibedecret-retenir b{color:#ffffff!important}<\/style>\n<div class=\"va-caraibedecret-wrap\">\n<div class=\"va-caraibedecret-dateline\">\n<span>Diplomatie<\/span><span>Cara\u00efbes \/ \u00c9tats-Unis<\/span><span>Mars 2025<\/span>\n<\/div>\n<p class=\"va-caraibedecret-lead\">En mars 2025, plusieurs dirigeants des Cara\u00efbes se seraient publiquement oppos\u00e9s \u00e0 un projet de d\u00e9cret am\u00e9ricain restreignant les voyages, qu&rsquo;ils pr\u00e9sentent comme une menace pour leur r\u00e9gion. Tour d&rsquo;horizon des positions exprim\u00e9es de part et d&rsquo;autre, alors que le texte demeurait, selon les d\u00e9clarations rapport\u00e9es, au stade de projet.<\/p>\n<div class=\"va-caraibedecret-essentiel\">\n<div class=\"va-caraibedecret-essentiel-tt\">En bref<\/div>\n<div class=\"va-caraibedecret-row\">\n<span class=\"va-caraibedecret-tag\">Le diff\u00e9rend<\/span><\/p>\n<div class=\"va-caraibedecret-rtxt\">Un projet de d\u00e9cret am\u00e9ricain, attribu\u00e9 \u00e0 l&rsquo;administration Trump, concernerait selon l&rsquo;article 43 pays \u2014 dont Ha\u00efti, la Dominique et Antigua-et-Barbuda \u2014 avec des restrictions de voyage allant de d\u00e9rogations \u00e0 des interdictions totales.<\/div>\n<\/div>\n<div class=\"va-caraibedecret-row\">\n<span class=\"va-caraibedecret-tag\">Les positions<\/span><\/p>\n<div class=\"va-caraibedecret-rtxt\">Des dirigeants carib\u00e9ens cit\u00e9s (Roosevelt Skerrit, Mia Mottley, Gaston Browne) d\u00e9noncent une mesure unilat\u00e9rale et un manque de communication ; Washington, par la voix de Marco Rubio, justifierait sa position notamment sur le dossier des missions m\u00e9dicales cubaines.<\/div>\n<\/div>\n<div class=\"va-caraibedecret-row\">\n<span class=\"va-caraibedecret-tag\">Statut<\/span><\/p>\n<div class=\"va-caraibedecret-rtxt\">D&rsquo;apr\u00e8s les propos rapport\u00e9s, le texte resterait un projet non tranch\u00e9 ; CARICOM aurait engag\u00e9 des discussions avec les responsables am\u00e9ricains pour obtenir des clarifications.<\/div>\n<\/div>\n<\/div>\n<h2>Des r\u00e9actions vives face \u00e0 l&rsquo;interdiction de voyage<\/h2>\n<p>Ce d\u00e9cret, \u00e9labor\u00e9 selon l&rsquo;article par un conseiller de Donald Trump, aurait \u00e9t\u00e9 per\u00e7u par certains observateurs de la r\u00e9gion comme un acte unilat\u00e9ral, semant le trouble dans les relations diplomatiques. Des accusations auraient \u00e9t\u00e9 formul\u00e9es, d\u00e9non\u00e7ant ce qui serait pr\u00e9sent\u00e9 comme une ing\u00e9rence dans les affaires r\u00e9gionales.<\/p>\n<p>Le projet en question concernerait 43 pays, dont des nations comme Ha\u00efti, la Dominique et Antigua-et-Barbuda. Certains pays pourraient faire face \u00e0 des restrictions totales, tandis que d&rsquo;autres, comme Ha\u00efti, devraient obtenir des d\u00e9rogations pour permettre \u00e0 leurs citoyens d&rsquo;entrer aux \u00c9tats-Unis. Cette perspective susciterait une vive inqui\u00e9tude parmi les familles qui esp\u00e8rent retrouver leurs proches.<\/p>\n<h2>Des tensions croissantes et une communication manquante<\/h2>\n<p>Malgr\u00e9 l&rsquo;impact potentiel de cette politique, de nombreux gouvernements carib\u00e9ens n&rsquo;auraient re\u00e7u, selon l&rsquo;article, aucune communication officielle de la part des \u00c9tats-Unis. Le Premier ministre de la Dominique, Roosevelt Skerrit, aurait exprim\u00e9 son m\u00e9contentement lors d&rsquo;une conf\u00e9rence de presse.<\/p>\n<div class=\"va-caraibedecret-quote\">\u00ab Nous restons transparents dans nos relations et pr\u00eats \u00e0 r\u00e9pondre \u00e0 toute pr\u00e9occupation des \u00c9tats-Unis. Mais pour l&rsquo;instant, nous sommes dans l&rsquo;incertitude. \u00bb<br \/>\n<span class=\"va-caraibedecret-attr\">Roosevelt Skerrit \u2014 Premier ministre de la Dominique (propos rapport\u00e9s)<\/span>\n<\/div>\n<p>Les ressortissants carib\u00e9ens d\u00e9tenteurs de visas valides craindraient \u00e9galement de ne plus pouvoir rendre visite \u00e0 leur famille aux \u00c9tats-Unis. Cette incertitude p\u00e8serait sur les relations interpersonnelles et nourrirait des inqui\u00e9tudes quant \u00e0 l&rsquo;avenir des \u00e9changes culturels et familiaux.<\/p>\n<h2>Les missions m\u00e9dicales cubaines au c\u0153ur de la pol\u00e9mique<\/h2>\n<p>Les restrictions \u00e9voqu\u00e9es co\u00efncideraient avec des efforts am\u00e9ricains pour mettre fin aux missions m\u00e9dicales \u00e0 l&rsquo;\u00e9tranger de Cuba. Selon l&rsquo;article, l&rsquo;administration Trump accuserait Cuba d&rsquo;exploiter ses travailleurs de la sant\u00e9, affirmant qu&rsquo;ils seraient soumis \u00e0 des pratiques coercitives \u00e0 l&rsquo;\u00e9tranger. Cette position aurait \u00e9t\u00e9 d\u00e9fendue par le secr\u00e9taire d&rsquo;\u00c9tat Marco Rubio, selon lequel les programmes de main-d&rsquo;\u0153uvre cubaine enrichiraient le r\u00e9gime de La Havane.<\/p>\n<p>De leur c\u00f4t\u00e9, des dirigeants carib\u00e9ens s&rsquo;opposeraient fermement \u00e0 ces all\u00e9gations, en soulignant le r\u00f4le qu&rsquo;auraient jou\u00e9 les m\u00e9decins cubains pendant la pand\u00e9mie. La Premi\u00e8re ministre de la Barbade, Mia Mottley, aurait r\u00e9agi en ces termes.<\/p>\n<div class=\"va-caraibedecret-quote\">\u00ab Sans les m\u00e9decins et les infirmi\u00e8res cubains, nous n&rsquo;aurions pas pu faire face \u00e0 la pand\u00e9mie. Si d\u00e9fendre leur cause me co\u00fbte mon visa am\u00e9ricain, alors tant pis. \u00bb<br \/>\n<span class=\"va-caraibedecret-attr\">Mia Mottley \u2014 Premi\u00e8re ministre de la Barbade (propos rapport\u00e9s)<\/span>\n<\/div>\n<h2>Les programmes de citoyennet\u00e9 par investissement remis en question<\/h2>\n<p>Le projet d&rsquo;interdiction de voyage menacerait \u00e9galement les programmes de citoyennet\u00e9 par investissement (CBIP) de certaines nations carib\u00e9ennes. Ces programmes permettent \u00e0 des \u00e9trangers d&rsquo;acqu\u00e9rir la citoyennet\u00e9 en \u00e9change d&rsquo;un investissement financier, offrant un acc\u00e8s sans visa \u00e0 de nombreux pays. Des critiques, dont certains responsables am\u00e9ricains, soul\u00e8veraient des pr\u00e9occupations quant au manque de transparence de ces dispositifs.<\/p>\n<p>Les gouvernements d&rsquo;Antigua-et-Barbuda et de Saint-Kitts-et-Nevis auraient mis en avant leurs proc\u00e9dures de v\u00e9rification dans leurs notes diplomatiques. Le Premier ministre d&rsquo;Antigua, Gaston Browne, aurait affirm\u00e9 que toutes les demandes sont examin\u00e9es par des agences internationales reconnues, dont INTERPOL, afin de v\u00e9rifier que les candidats n&rsquo;ont pas de casier judiciaire.<\/p>\n<h2>Des implications plus larges sur les relations am\u00e9ricano-carib\u00e9ennes<\/h2>\n<p>Cette mesure s&rsquo;inscrirait, selon l&rsquo;article, dans une s\u00e9rie de politiques am\u00e9ricaines controvers\u00e9es affectant la r\u00e9gion : menaces de d\u00e9portation de ressortissants carib\u00e9ens, gels d&rsquo;aide, ainsi que le retrait des \u00c9tats-Unis de l&rsquo;Accord de Paris sur le climat. Certains dirigeants y verraient un moyen de pression pour n\u00e9gocier sur des sujets sensibles tels que les d\u00e9portations.<\/p>\n<p>Pour d&rsquo;autres, comme Mia Mottley, ces actions seraient per\u00e7ues comme une atteinte \u00e0 leur souverainet\u00e9.<\/p>\n<div class=\"va-caraibedecret-quote\">\u00ab Nous ne crierons pas \u00e0 travers les mers, mais nous prot\u00e9gerons ce qui compte le plus : nos principes et nos citoyens. \u00bb<br \/>\n<span class=\"va-caraibedecret-attr\">Mia Mottley \u2014 Premi\u00e8re ministre de la Barbade (propos rapport\u00e9s)<\/span>\n<\/div>\n<h2>Un avenir incertain pour les nations carib\u00e9ennes<\/h2>\n<p>Malgr\u00e9 cette incertitude, les dirigeants carib\u00e9ens se diraient d\u00e9termin\u00e9s \u00e0 d\u00e9fendre leurs politiques et leurs partenariats. CARICOM, pr\u00e9sent\u00e9 comme le bloc commercial de 15 membres des Cara\u00efbes, aurait engag\u00e9 des discussions avec les responsables am\u00e9ricains pour aborder les pr\u00e9occupations soulev\u00e9es par le projet de d\u00e9cret. Le pr\u00e9sident du Guyana, Mohamed Irfaan Ali, et d&rsquo;autres dirigeants auraient contact\u00e9 les \u00c9tats-Unis pour obtenir des clarifications et tenter de trouver un terrain d&rsquo;entente.<\/p>\n<div class=\"va-caraibedecret-cards\">\n<div class=\"va-caraibedecret-card\">\n<div class=\"va-caraibedecret-card-tt\">C\u00f4t\u00e9 carib\u00e9en<\/div>\n<div class=\"va-caraibedecret-card-tx\">Selon les d\u00e9clarations rapport\u00e9es : d\u00e9nonciation d&rsquo;une d\u00e9marche unilat\u00e9rale, absence de communication officielle, d\u00e9fense des m\u00e9decins cubains et des proc\u00e9dures de v\u00e9rification des programmes CBIP.<\/div>\n<\/div>\n<div class=\"va-caraibedecret-card\">\n<div class=\"va-caraibedecret-card-tt\">C\u00f4t\u00e9 am\u00e9ricain<\/div>\n<div class=\"va-caraibedecret-card-tx\">D&rsquo;apr\u00e8s l&rsquo;article : accusations visant l&rsquo;exploitation des travailleurs de sant\u00e9 cubains (position attribu\u00e9e \u00e0 Marco Rubio) et pr\u00e9occupations sur la transparence des programmes de citoyennet\u00e9 par investissement.<\/div>\n<\/div>\n<div class=\"va-caraibedecret-card\">\n<div class=\"va-caraibedecret-card-tt\">Statut du texte<\/div>\n<div class=\"va-caraibedecret-card-tx\">Pr\u00e9sent\u00e9 comme un projet de d\u00e9cret non tranch\u00e9 \u00e0 la date de mars 2025, faisant l&rsquo;objet de discussions via CARICOM et de demandes de clarification.<\/div>\n<\/div>\n<\/div>\n<p>Alors que la r\u00e9gion fait face \u00e0 ce projet d&rsquo;interdiction de voyage, ses dirigeants devraient, selon l&rsquo;article, composer entre diplomatie et souverainet\u00e9. L&rsquo;issue de cette situation pourrait peser non seulement sur les relations am\u00e9ricano-carib\u00e9ennes, mais aussi sur le sort de milliers de ressortissants.<\/p>\n<div class=\"va-caraibedecret-retenir\">\n<div class=\"va-caraibedecret-essentiel-tt\">Ce qu&rsquo;il faut retenir<\/div>\n<ul>\n<li>Un projet de d\u00e9cret am\u00e9ricain (attribu\u00e9 \u00e0 l&rsquo;administration Trump) concernerait, selon l&rsquo;article, 43 pays, dont plusieurs nations carib\u00e9ennes cit\u00e9es : Ha\u00efti, la Dominique, Antigua-et-Barbuda.<\/li>\n<li>Des dirigeants carib\u00e9ens \u2014 Roosevelt Skerrit, Mia Mottley, Gaston Browne \u2014 auraient critiqu\u00e9 une d\u00e9marche unilat\u00e9rale et un manque de communication ; ces positions sont rapport\u00e9es et non v\u00e9rifi\u00e9es ici.<\/li>\n<li>Washington justifierait sa position notamment sur les missions m\u00e9dicales cubaines (propos attribu\u00e9s \u00e0 Marco Rubio), un point contest\u00e9 c\u00f4t\u00e9 carib\u00e9en.<\/li>\n<li>Le texte demeurerait un projet non tranch\u00e9 \u00e0 la date de mars 2025 ; CARICOM aurait engag\u00e9 des discussions pour obtenir des clarifications.<\/li>\n<\/ul>\n<\/div>\n<h2>Questions fr\u00e9quentes<\/h2>\n<div class=\"va-caraibedecret-faq\">\n<details>\n<summary>Quel est l&rsquo;objet du diff\u00e9rend ?<\/summary>\n<div class=\"va-caraibedecret-ans\">Selon l&rsquo;article, des dirigeants carib\u00e9ens s&rsquo;opposent \u00e0 un projet de d\u00e9cret am\u00e9ricain restreignant les voyages, qui concernerait 43 pays dont plusieurs nations des Cara\u00efbes. Les positions des deux parties sont pr\u00e9sent\u00e9es telles que rapport\u00e9es, sans prise de position.<\/div>\n<\/details>\n<details>\n<summary>Le d\u00e9cret \u00e9tait-il d\u00e9j\u00e0 entr\u00e9 en vigueur ?<\/summary>\n<div class=\"va-caraibedecret-ans\">D&rsquo;apr\u00e8s les propos rapport\u00e9s en mars 2025, il s&rsquo;agirait d&rsquo;un projet non tranch\u00e9. Plusieurs gouvernements carib\u00e9ens n&rsquo;auraient re\u00e7u aucune communication officielle, et CARICOM aurait engag\u00e9 des discussions pour obtenir des clarifications.<\/div>\n<\/details>\n<details>\n<summary>Pourquoi les missions m\u00e9dicales cubaines sont-elles \u00e9voqu\u00e9es ?<\/summary>\n<div class=\"va-caraibedecret-ans\">Selon l&rsquo;article, l&rsquo;administration Trump accuserait Cuba d&rsquo;exploiter ses travailleurs de sant\u00e9 \u00e0 l&rsquo;\u00e9tranger \u2014 position attribu\u00e9e au secr\u00e9taire d&rsquo;\u00c9tat Marco Rubio. Des dirigeants carib\u00e9ens contesteraient ces all\u00e9gations en soulignant le r\u00f4le des m\u00e9decins cubains durant la pand\u00e9mie.<\/div>\n<\/details>\n<\/div>\n<\/div>\n","protected":false},"excerpt":{"rendered":"","protected":false},"author":34,"featured_media":20354,"comment_status":"open","ping_status":"open","sticky":false,"template":"","format":"standard","meta":{"_acf_changed":false,"manual_indexmenow":false,"indexmenow_id_project":0,"footnotes":""},"categories":[1],"tags":[4527,5688,3170,4635,4526],"class_list":["post-15666","post","type-post","status-publish","format-standard","has-post-thumbnail","hentry","category-a-la-une","tag-decouverte-culturelle","tag-relations-internationales","tag-securite","tag-voyage","tag-voyage-economique","generate-columns","tablet-grid-50","mobile-grid-100","grid-parent","grid-25"],"acf":[],"yoast_head":"<!-- This site is optimized with the Yoast SEO Premium plugin v21.3 (Yoast SEO v25.1) - https:\/\/yoast.com\/wordpress\/plugins\/seo\/ -->\n<title>Les leaders carib\u00e9ens s&#039;opposent au projet de d\u00e9cret de<\/title>\n<meta name=\"description\" content=\"En mars 2025, plusieurs dirigeants des Cara\u00efbes se seraient publiquement oppos\u00e9s \u00e0 un projet de d\u00e9cret am\u00e9ricain restreignant les voyages, qu&#039;ils\" \/>\n<meta name=\"robots\" content=\"index, follow, max-snippet:-1, max-image-preview:large, max-video-preview:-1\" \/>\n<link rel=\"canonical\" href=\"https:\/\/voyage-aventure.com\/blog\/a-la-une\/les-leaders-caribeens-sopposent-au-projet-de-decret-de-voyage-americain-et-defendent-leur-region\/\" \/>\n<meta property=\"og:locale\" content=\"fr_FR\" \/>\n<meta property=\"og:type\" content=\"article\" \/>\n<meta property=\"og:title\" content=\"Les leaders carib\u00e9ens s&#039;opposent au projet de d\u00e9cret de\" \/>\n<meta property=\"og:description\" content=\"En mars 2025, plusieurs dirigeants des Cara\u00efbes se seraient publiquement oppos\u00e9s \u00e0 un projet de d\u00e9cret am\u00e9ricain restreignant les voyages, qu&#039;ils\" \/>\n<meta property=\"og:url\" content=\"https:\/\/voyage-aventure.com\/blog\/a-la-une\/les-leaders-caribeens-sopposent-au-projet-de-decret-de-voyage-americain-et-defendent-leur-region\/\" \/>\n<meta property=\"og:site_name\" content=\"voyage-aventure\" \/>\n<meta property=\"og:image\" content=\"https:\/\/voyage-aventure.com\/blog\/wp-content\/uploads\/2025\/05\/sdxl-ae683a841628011fff0f6b156a632e9b-scaled.png\" \/>\n\t<meta property=\"og:image:width\" content=\"1200\" \/>\n\t<meta property=\"og:image:height\" content=\"500\" \/>\n\t<meta property=\"og:image:type\" content=\"image\/png\" \/>\n<meta name=\"author\" content=\"Camille Rouvray\" \/>\n<meta name=\"twitter:card\" content=\"summary_large_image\" \/>\n<script type=\"application\/ld+json\" class=\"yoast-schema-graph\">{\"@context\":\"https:\/\/schema.org\",\"@graph\":[{\"@type\":\"NewsArticle\",\"@id\":\"https:\/\/voyage-aventure.com\/blog\/a-la-une\/les-leaders-caribeens-sopposent-au-projet-de-decret-de-voyage-americain-et-defendent-leur-region\/#article\",\"isPartOf\":{\"@id\":\"https:\/\/voyage-aventure.com\/blog\/a-la-une\/les-leaders-caribeens-sopposent-au-projet-de-decret-de-voyage-americain-et-defendent-leur-region\/\"},\"author\":{\"name\":\"Camille Rouvray\",\"@id\":\"https:\/\/voyage-aventure.com\/blog\/#\/schema\/person\/3c864cdc320801e3db34b663e7e3f816\"},\"headline\":\"Les leaders carib\u00e9ens s&rsquo;opposent au projet de d\u00e9cret de voyage am\u00e9ricain et d\u00e9fendent leur r\u00e9gion\",\"datePublished\":\"2026-06-16T15:19:21+00:00\",\"mainEntityOfPage\":{\"@id\":\"https:\/\/voyage-aventure.com\/blog\/a-la-une\/les-leaders-caribeens-sopposent-au-projet-de-decret-de-voyage-americain-et-defendent-leur-region\/\"},\"wordCount\":1397,\"commentCount\":27,\"publisher\":{\"@id\":\"https:\/\/voyage-aventure.com\/blog\/#organization\"},\"image\":{\"@id\":\"https:\/\/voyage-aventure.com\/blog\/a-la-une\/les-leaders-caribeens-sopposent-au-projet-de-decret-de-voyage-americain-et-defendent-leur-region\/#primaryimage\"},\"thumbnailUrl\":\"https:\/\/voyage-aventure.com\/blog\/wp-content\/uploads\/2025\/05\/sdxl-ae683a841628011fff0f6b156a632e9b-scaled.png\",\"keywords\":[\"D\u00e9couverte Culturelle\",\"Relations Internationales\",\"S\u00e9curit\u00e9\",\"Voyage\",\"Voyage \u00c9conomique\"],\"articleSection\":[\"\u00c0 la une\"],\"inLanguage\":\"fr-FR\",\"potentialAction\":[{\"@type\":\"CommentAction\",\"name\":\"Comment\",\"target\":[\"https:\/\/voyage-aventure.com\/blog\/a-la-une\/les-leaders-caribeens-sopposent-au-projet-de-decret-de-voyage-americain-et-defendent-leur-region\/#respond\"]}]},{\"@type\":\"WebPage\",\"@id\":\"https:\/\/voyage-aventure.com\/blog\/a-la-une\/les-leaders-caribeens-sopposent-au-projet-de-decret-de-voyage-americain-et-defendent-leur-region\/\",\"url\":\"https:\/\/voyage-aventure.com\/blog\/a-la-une\/les-leaders-caribeens-sopposent-au-projet-de-decret-de-voyage-americain-et-defendent-leur-region\/\",\"name\":\"Les leaders carib\u00e9ens s'opposent au projet de d\u00e9cret de\",\"isPartOf\":{\"@id\":\"https:\/\/voyage-aventure.com\/blog\/#website\"},\"primaryImageOfPage\":{\"@id\":\"https:\/\/voyage-aventure.com\/blog\/a-la-une\/les-leaders-caribeens-sopposent-au-projet-de-decret-de-voyage-americain-et-defendent-leur-region\/#primaryimage\"},\"image\":{\"@id\":\"https:\/\/voyage-aventure.com\/blog\/a-la-une\/les-leaders-caribeens-sopposent-au-projet-de-decret-de-voyage-americain-et-defendent-leur-region\/#primaryimage\"},\"thumbnailUrl\":\"https:\/\/voyage-aventure.com\/blog\/wp-content\/uploads\/2025\/05\/sdxl-ae683a841628011fff0f6b156a632e9b-scaled.png\",\"datePublished\":\"2026-06-16T15:19:21+00:00\",\"description\":\"En mars 2025, plusieurs dirigeants des Cara\u00efbes se seraient publiquement oppos\u00e9s \u00e0 un projet de d\u00e9cret am\u00e9ricain restreignant les voyages, qu'ils\",\"inLanguage\":\"fr-FR\",\"potentialAction\":[{\"@type\":\"ReadAction\",\"target\":[\"https:\/\/voyage-aventure.com\/blog\/a-la-une\/les-leaders-caribeens-sopposent-au-projet-de-decret-de-voyage-americain-et-defendent-leur-region\/\"]}]},{\"@type\":\"ImageObject\",\"inLanguage\":\"fr-FR\",\"@id\":\"https:\/\/voyage-aventure.com\/blog\/a-la-une\/les-leaders-caribeens-sopposent-au-projet-de-decret-de-voyage-americain-et-defendent-leur-region\/#primaryimage\",\"url\":\"https:\/\/voyage-aventure.com\/blog\/wp-content\/uploads\/2025\/05\/sdxl-ae683a841628011fff0f6b156a632e9b-scaled.png\",\"contentUrl\":\"https:\/\/voyage-aventure.com\/blog\/wp-content\/uploads\/2025\/05\/sdxl-ae683a841628011fff0f6b156a632e9b-scaled.png\",\"width\":1200,\"height\":500},{\"@type\":\"WebSite\",\"@id\":\"https:\/\/voyage-aventure.com\/blog\/#website\",\"url\":\"https:\/\/voyage-aventure.com\/blog\/\",\"name\":\"voyage-aventure.com\",\"description\":\"Votre passeport pour l\u2019inattendu.\",\"publisher\":{\"@id\":\"https:\/\/voyage-aventure.com\/blog\/#organization\"},\"alternateName\":\"Votre passeport pour l\u2019inattendu.\",\"potentialAction\":[{\"@type\":\"SearchAction\",\"target\":{\"@type\":\"EntryPoint\",\"urlTemplate\":\"https:\/\/voyage-aventure.com\/blog\/?s={search_term_string}\"},\"query-input\":{\"@type\":\"PropertyValueSpecification\",\"valueRequired\":true,\"valueName\":\"search_term_string\"}}],\"inLanguage\":\"fr-FR\"},{\"@type\":\"Organization\",\"@id\":\"https:\/\/voyage-aventure.com\/blog\/#organization\",\"name\":\"Foretsensations.fr\",\"url\":\"https:\/\/voyage-aventure.com\/blog\/\",\"logo\":{\"@type\":\"ImageObject\",\"inLanguage\":\"fr-FR\",\"@id\":\"https:\/\/voyage-aventure.com\/blog\/#\/schema\/logo\/image\/\",\"url\":\"https:\/\/voyage-aventure.com\/blog\/wp-content\/uploads\/2024\/12\/19.png\",\"contentUrl\":\"https:\/\/voyage-aventure.com\/blog\/wp-content\/uploads\/2024\/12\/19.png\",\"width\":512,\"height\":512,\"caption\":\"Foretsensations.fr\"},\"image\":{\"@id\":\"https:\/\/voyage-aventure.com\/blog\/#\/schema\/logo\/image\/\"}},{\"@type\":\"Person\",\"@id\":\"https:\/\/voyage-aventure.com\/blog\/#\/schema\/person\/3c864cdc320801e3db34b663e7e3f816\",\"name\":\"Camille Rouvray\",\"image\":{\"@type\":\"ImageObject\",\"inLanguage\":\"fr-FR\",\"@id\":\"https:\/\/voyage-aventure.com\/blog\/#\/schema\/person\/image\/\",\"url\":\"https:\/\/voyage-aventure.com\/blog\/wp-content\/uploads\/2026\/06\/persona_camille-r-96x96.jpg\",\"contentUrl\":\"https:\/\/voyage-aventure.com\/blog\/wp-content\/uploads\/2026\/06\/persona_camille-r-96x96.jpg\",\"caption\":\"Camille Rouvray\"},\"description\":\"Je voyage et j'\u00e9cris sur le voyage depuis une douzaine d'ann\u00e9es, d'abord en tant que routarde au long cours, puis comme r\u00e9dactrice sp\u00e9cialis\u00e9e. Mon terrain de pr\u00e9dilection, ce sont les circuits organis\u00e9s et l'art de bien pr\u00e9parer un itin\u00e9raire : choix de la saison, dur\u00e9e r\u00e9aliste des \u00e9tapes, budget jour par jour, logement et transport sur place. J'aime aussi raconter les p\u00e9pites urbaines, ces adresses qu'on ne trouve pas dans les guides classiques. Avant de publier un dossier destination, je croise toujours plusieurs sources, je v\u00e9rifie les tarifs et les formalit\u00e9s d'entr\u00e9e \u00e0 jour, et je teste moi-m\u00eame quand je le peux. Mon angle reste pratique avant tout : aider le lecteur \u00e0 partir l'esprit tranquille, sans mauvaise surprise une fois sur place. Je m'attache \u00e0 distinguer le coup de c\u0153ur sinc\u00e8re du simple argument marketing.\",\"sameAs\":[\"https:\/\/camillerouvray.fr\/\"],\"url\":\"https:\/\/voyage-aventure.com\/blog\/auteur\/noname\/\"}]}<\/script>\n<!-- \/ Yoast SEO Premium plugin. -->","yoast_head_json":{"title":"Les leaders carib\u00e9ens s'opposent au projet de d\u00e9cret de","description":"En mars 2025, plusieurs dirigeants des Cara\u00efbes se seraient publiquement oppos\u00e9s \u00e0 un projet de d\u00e9cret am\u00e9ricain restreignant les voyages, qu'ils","robots":{"index":"index","follow":"follow","max-snippet":"max-snippet:-1","max-image-preview":"max-image-preview:large","max-video-preview":"max-video-preview:-1"},"canonical":"https:\/\/voyage-aventure.com\/blog\/a-la-une\/les-leaders-caribeens-sopposent-au-projet-de-decret-de-voyage-americain-et-defendent-leur-region\/","og_locale":"fr_FR","og_type":"article","og_title":"Les leaders carib\u00e9ens s'opposent au projet de d\u00e9cret de","og_description":"En mars 2025, plusieurs dirigeants des Cara\u00efbes se seraient publiquement oppos\u00e9s \u00e0 un projet de d\u00e9cret am\u00e9ricain restreignant les voyages, qu'ils","og_url":"https:\/\/voyage-aventure.com\/blog\/a-la-une\/les-leaders-caribeens-sopposent-au-projet-de-decret-de-voyage-americain-et-defendent-leur-region\/","og_site_name":"voyage-aventure","og_image":[{"width":1200,"height":500,"url":"https:\/\/voyage-aventure.com\/blog\/wp-content\/uploads\/2025\/05\/sdxl-ae683a841628011fff0f6b156a632e9b-scaled.png","type":"image\/png"}],"author":"Camille Rouvray","twitter_card":"summary_large_image","schema":{"@context":"https:\/\/schema.org","@graph":[{"@type":"NewsArticle","@id":"https:\/\/voyage-aventure.com\/blog\/a-la-une\/les-leaders-caribeens-sopposent-au-projet-de-decret-de-voyage-americain-et-defendent-leur-region\/#article","isPartOf":{"@id":"https:\/\/voyage-aventure.com\/blog\/a-la-une\/les-leaders-caribeens-sopposent-au-projet-de-decret-de-voyage-americain-et-defendent-leur-region\/"},"author":{"name":"Camille Rouvray","@id":"https:\/\/voyage-aventure.com\/blog\/#\/schema\/person\/3c864cdc320801e3db34b663e7e3f816"},"headline":"Les leaders carib\u00e9ens s&rsquo;opposent au projet de d\u00e9cret de voyage am\u00e9ricain et d\u00e9fendent leur r\u00e9gion","datePublished":"2026-06-16T15:19:21+00:00","mainEntityOfPage":{"@id":"https:\/\/voyage-aventure.com\/blog\/a-la-une\/les-leaders-caribeens-sopposent-au-projet-de-decret-de-voyage-americain-et-defendent-leur-region\/"},"wordCount":1397,"commentCount":27,"publisher":{"@id":"https:\/\/voyage-aventure.com\/blog\/#organization"},"image":{"@id":"https:\/\/voyage-aventure.com\/blog\/a-la-une\/les-leaders-caribeens-sopposent-au-projet-de-decret-de-voyage-americain-et-defendent-leur-region\/#primaryimage"},"thumbnailUrl":"https:\/\/voyage-aventure.com\/blog\/wp-content\/uploads\/2025\/05\/sdxl-ae683a841628011fff0f6b156a632e9b-scaled.png","keywords":["D\u00e9couverte Culturelle","Relations Internationales","S\u00e9curit\u00e9","Voyage","Voyage \u00c9conomique"],"articleSection":["\u00c0 la une"],"inLanguage":"fr-FR","potentialAction":[{"@type":"CommentAction","name":"Comment","target":["https:\/\/voyage-aventure.com\/blog\/a-la-une\/les-leaders-caribeens-sopposent-au-projet-de-decret-de-voyage-americain-et-defendent-leur-region\/#respond"]}]},{"@type":"WebPage","@id":"https:\/\/voyage-aventure.com\/blog\/a-la-une\/les-leaders-caribeens-sopposent-au-projet-de-decret-de-voyage-americain-et-defendent-leur-region\/","url":"https:\/\/voyage-aventure.com\/blog\/a-la-une\/les-leaders-caribeens-sopposent-au-projet-de-decret-de-voyage-americain-et-defendent-leur-region\/","name":"Les leaders carib\u00e9ens s'opposent au projet de d\u00e9cret de","isPartOf":{"@id":"https:\/\/voyage-aventure.com\/blog\/#website"},"primaryImageOfPage":{"@id":"https:\/\/voyage-aventure.com\/blog\/a-la-une\/les-leaders-caribeens-sopposent-au-projet-de-decret-de-voyage-americain-et-defendent-leur-region\/#primaryimage"},"image":{"@id":"https:\/\/voyage-aventure.com\/blog\/a-la-une\/les-leaders-caribeens-sopposent-au-projet-de-decret-de-voyage-americain-et-defendent-leur-region\/#primaryimage"},"thumbnailUrl":"https:\/\/voyage-aventure.com\/blog\/wp-content\/uploads\/2025\/05\/sdxl-ae683a841628011fff0f6b156a632e9b-scaled.png","datePublished":"2026-06-16T15:19:21+00:00","description":"En mars 2025, plusieurs dirigeants des Cara\u00efbes se seraient publiquement oppos\u00e9s \u00e0 un projet de d\u00e9cret am\u00e9ricain restreignant les voyages, qu'ils","inLanguage":"fr-FR","potentialAction":[{"@type":"ReadAction","target":["https:\/\/voyage-aventure.com\/blog\/a-la-une\/les-leaders-caribeens-sopposent-au-projet-de-decret-de-voyage-americain-et-defendent-leur-region\/"]}]},{"@type":"ImageObject","inLanguage":"fr-FR","@id":"https:\/\/voyage-aventure.com\/blog\/a-la-une\/les-leaders-caribeens-sopposent-au-projet-de-decret-de-voyage-americain-et-defendent-leur-region\/#primaryimage","url":"https:\/\/voyage-aventure.com\/blog\/wp-content\/uploads\/2025\/05\/sdxl-ae683a841628011fff0f6b156a632e9b-scaled.png","contentUrl":"https:\/\/voyage-aventure.com\/blog\/wp-content\/uploads\/2025\/05\/sdxl-ae683a841628011fff0f6b156a632e9b-scaled.png","width":1200,"height":500},{"@type":"WebSite","@id":"https:\/\/voyage-aventure.com\/blog\/#website","url":"https:\/\/voyage-aventure.com\/blog\/","name":"voyage-aventure.com","description":"Votre passeport pour l\u2019inattendu.","publisher":{"@id":"https:\/\/voyage-aventure.com\/blog\/#organization"},"alternateName":"Votre passeport pour l\u2019inattendu.","potentialAction":[{"@type":"SearchAction","target":{"@type":"EntryPoint","urlTemplate":"https:\/\/voyage-aventure.com\/blog\/?s={search_term_string}"},"query-input":{"@type":"PropertyValueSpecification","valueRequired":true,"valueName":"search_term_string"}}],"inLanguage":"fr-FR"},{"@type":"Organization","@id":"https:\/\/voyage-aventure.com\/blog\/#organization","name":"Foretsensations.fr","url":"https:\/\/voyage-aventure.com\/blog\/","logo":{"@type":"ImageObject","inLanguage":"fr-FR","@id":"https:\/\/voyage-aventure.com\/blog\/#\/schema\/logo\/image\/","url":"https:\/\/voyage-aventure.com\/blog\/wp-content\/uploads\/2024\/12\/19.png","contentUrl":"https:\/\/voyage-aventure.com\/blog\/wp-content\/uploads\/2024\/12\/19.png","width":512,"height":512,"caption":"Foretsensations.fr"},"image":{"@id":"https:\/\/voyage-aventure.com\/blog\/#\/schema\/logo\/image\/"}},{"@type":"Person","@id":"https:\/\/voyage-aventure.com\/blog\/#\/schema\/person\/3c864cdc320801e3db34b663e7e3f816","name":"Camille Rouvray","image":{"@type":"ImageObject","inLanguage":"fr-FR","@id":"https:\/\/voyage-aventure.com\/blog\/#\/schema\/person\/image\/","url":"https:\/\/voyage-aventure.com\/blog\/wp-content\/uploads\/2026\/06\/persona_camille-r-96x96.jpg","contentUrl":"https:\/\/voyage-aventure.com\/blog\/wp-content\/uploads\/2026\/06\/persona_camille-r-96x96.jpg","caption":"Camille Rouvray"},"description":"Je voyage et j'\u00e9cris sur le voyage depuis une douzaine d'ann\u00e9es, d'abord en tant que routarde au long cours, puis comme r\u00e9dactrice sp\u00e9cialis\u00e9e. Mon terrain de pr\u00e9dilection, ce sont les circuits organis\u00e9s et l'art de bien pr\u00e9parer un itin\u00e9raire : choix de la saison, dur\u00e9e r\u00e9aliste des \u00e9tapes, budget jour par jour, logement et transport sur place. J'aime aussi raconter les p\u00e9pites urbaines, ces adresses qu'on ne trouve pas dans les guides classiques. Avant de publier un dossier destination, je croise toujours plusieurs sources, je v\u00e9rifie les tarifs et les formalit\u00e9s d'entr\u00e9e \u00e0 jour, et je teste moi-m\u00eame quand je le peux. Mon angle reste pratique avant tout : aider le lecteur \u00e0 partir l'esprit tranquille, sans mauvaise surprise une fois sur place. Je m'attache \u00e0 distinguer le coup de c\u0153ur sinc\u00e8re du simple argument marketing.","sameAs":["https:\/\/camillerouvray.fr\/"],"url":"https:\/\/voyage-aventure.com\/blog\/auteur\/noname\/"}]}},"_links":{"self":[{"href":"https:\/\/voyage-aventure.com\/blog\/wp-json\/wp\/v2\/posts\/15666","targetHints":{"allow":["GET"]}}],"collection":[{"href":"https:\/\/voyage-aventure.com\/blog\/wp-json\/wp\/v2\/posts"}],"about":[{"href":"https:\/\/voyage-aventure.com\/blog\/wp-json\/wp\/v2\/types\/post"}],"author":[{"embeddable":true,"href":"https:\/\/voyage-aventure.com\/blog\/wp-json\/wp\/v2\/users\/34"}],"replies":[{"embeddable":true,"href":"https:\/\/voyage-aventure.com\/blog\/wp-json\/wp\/v2\/comments?post=15666"}],"version-history":[{"count":3,"href":"https:\/\/voyage-aventure.com\/blog\/wp-json\/wp\/v2\/posts\/15666\/revisions"}],"predecessor-version":[{"id":22839,"href":"https:\/\/voyage-aventure.com\/blog\/wp-json\/wp\/v2\/posts\/15666\/revisions\/22839"}],"wp:featuredmedia":[{"embeddable":true,"href":"https:\/\/voyage-aventure.com\/blog\/wp-json\/wp\/v2\/media\/20354"}],"wp:attachment":[{"href":"https:\/\/voyage-aventure.com\/blog\/wp-json\/wp\/v2\/media?parent=15666"}],"wp:term":[{"taxonomy":"category","embeddable":true,"href":"https:\/\/voyage-aventure.com\/blog\/wp-json\/wp\/v2\/categories?post=15666"},{"taxonomy":"post_tag","embeddable":true,"href":"https:\/\/voyage-aventure.com\/blog\/wp-json\/wp\/v2\/tags?post=15666"}],"curies":[{"name":"wp","href":"https:\/\/api.w.org\/{rel}","templated":true}]}}