{"id":15660,"date":"2025-03-19T22:11:22","date_gmt":"2025-03-19T21:11:22","guid":{"rendered":"https:\/\/voyage-aventure.com\/blog\/?p=15660"},"modified":"2025-03-19T21:21:27","modified_gmt":"2025-03-19T20:21:27","slug":"le-manitoba-mise-sur-le-tourisme-local-face-a-la-guerre-tarifaire-de-trump","status":"publish","type":"post","link":"https:\/\/voyage-aventure.com\/blog\/a-la-une\/le-manitoba-mise-sur-le-tourisme-local-face-a-la-guerre-tarifaire-de-trump\/","title":{"rendered":"Le Manitoba mise sur le tourisme local face \u00e0 la guerre tarifaire de Trump"},"content":{"rendered":"<p>La guerre tarifaire men\u00e9e par l&rsquo;ancien pr\u00e9sident am\u00e9ricain Donald Trump a engendr\u00e9 une diminution significative du nombre de voyageurs canadiens se rendant aux \u00c9tats-Unis. Ce changement de comportement des consommateurs offre \u00e0 l&rsquo;industrie touristique du Manitoba une occasion en or pour encourager les Manitobains \u00e0 explorer leur propre province.<\/p>\n<h2>Une baisse des voyages vers le sud<\/h2>\n<p>Les derniers chiffres sont clairs : le nombre de Canadiens revenant au Manitoba en provenance des \u00c9tats-Unis a chut\u00e9 de 20 % en f\u00e9vrier compar\u00e9 \u00e0 l&rsquo;ann\u00e9e pr\u00e9c\u00e9dente. Ce ph\u00e9nom\u00e8ne est en grande partie d\u00fb aux nouvelles mesures tarifaires impos\u00e9es par les \u00c9tats-Unis, qui ont incit\u00e9 les voyageurs \u00e0 repenser leurs destinations. Des couples comme Rudy et Cheryl Giesbrecht ont ainsi d\u00e9cid\u00e9 de renoncer \u00e0 leur traditionnel voyage \u00e0 Detroit Lakes cette ann\u00e9e.<\/p>\n<p>Rudy Giesbrecht a exprim\u00e9 son m\u00e9contentement en d\u00e9clarant : \u00ab\u00a0Nous avons d\u00e9cid\u00e9 de ne pas nous rendre l\u00e0-bas cette ann\u00e9e. C&rsquo;est d\u00e9cevant, mais nous devons faire entendre notre voix en tant que Canadiens.\u00a0\u00bb Cette attitude refl\u00e8te une tendance plus large parmi les Manitobains, qui privil\u00e9gient d\u00e9sormais des vacances locales plut\u00f4t que de traverser la fronti\u00e8re.<\/p>\n<h2>Des opportunit\u00e9s pour le tourisme local<\/h2>\n<p>Face \u00e0 cette situation, Colin Ferguson, pr\u00e9sident de Travel Manitoba, consid\u00e8re la baisse des voyages vers les \u00c9tats-Unis comme une chance inesp\u00e9r\u00e9e. Il affirme : \u00ab\u00a0Les Manitobains cherchent d\u00e9sormais d&rsquo;autres lieux \u00e0 explorer. Cela pourrait engendrer un l\u00e9ger regain d&rsquo;int\u00e9r\u00eat pour le tourisme local.\u00a0\u00bb Par cons\u00e9quent, le secteur du tourisme s&rsquo;efforce de promouvoir les nombreuses attractions que le Manitoba a \u00e0 offrir.<\/p>\n<p>Les destinations comme le parc national Riding Mountain et Clear Lake connaissent un regain d&rsquo;int\u00e9r\u00eat. Ferguson note que les s\u00e9jours de courte dur\u00e9e, tels que des escapades en famille dans des h\u00f4tels avec piscine int\u00e9rieure, demeurent populaires. Les Manitobains red\u00e9couvrent ainsi les merveilles cach\u00e9es de leur propre province.<\/p>\n<h2>Retrouver sa communaut\u00e9<\/h2>\n<p>Joanne Vanderhorst, une r\u00e9sidente de Winnipeg, a \u00e9galement d\u00e9cid\u00e9 de changer ses projets de voyage. Elle et son mari envisagent maintenant d&rsquo;explorer des r\u00e9gions du Manitoba qu&rsquo;ils n&rsquo;ont jamais visit\u00e9es. \u00ab\u00a0Nous avons r\u00e9alis\u00e9 qu&rsquo;il y a tant de choses \u00e0 d\u00e9couvrir ici m\u00eame,\u00a0\u00bb explique-t-elle, soulignant l&rsquo;importance de soutenir l&rsquo;\u00e9conomie locale.<\/p>\n<p>Les Giesbrecht, tout en regrettant de ne pas pouvoir soutenir les entreprises am\u00e9ricaines, voient leur d\u00e9cision comme une mani\u00e8re de faire pression sur le gouvernement am\u00e9ricain. \u00ab\u00a0Nous esp\u00e9rons que si suffisamment de gens agissent ainsi, les entreprises am\u00e9ricaines exerceront des pressions sur leurs repr\u00e9sentants pour changer les choses,\u00a0\u00bb d\u00e9clare Rudy, ajoutant que leur loyaut\u00e9 envers leur pays prime avant tout.<\/p>\n<ul>\n<li>Baisse de 20% des Canadiens revenant au Manitoba depuis les \u00c9tats-Unis<\/li>\n<li>Augmentation des s\u00e9jours locaux et des escapades en famille<\/li>\n<li>Promotion des destinations touristiques manitobaines comme Riding Mountain<\/li>\n<li>Solidarit\u00e9 avec les entreprises locales face \u00e0 la guerre tarifaire<\/li>\n<\/ul>\n<blockquote>\n<p>\u00ab\u00a0Nous devons soutenir nos entreprises locales et red\u00e9couvrir les beaut\u00e9s de notre province,\u00a0\u00bb conclut Cheryl Giesbrecht.<\/p>\n<\/blockquote>\n<p>Dans un contexte o\u00f9 le tourisme international devient de plus en plus complexe, le Manitoba se positionne comme une alternative attrayante. Avec une nature pr\u00e9serv\u00e9e, une culture riche et des activit\u00e9s vari\u00e9es, la province offre une multitude d&rsquo;opportunit\u00e9s pour les vacanciers locaux. Les Manitobains sont invit\u00e9s \u00e0 red\u00e9couvrir leur patrimoine et \u00e0 soutenir l&rsquo;\u00e9conomie r\u00e9gionale dans un climat d&rsquo;incertitude.<\/p>\n","protected":false},"excerpt":{"rendered":"","protected":false},"author":34,"featured_media":20572,"comment_status":"open","ping_status":"open","sticky":false,"template":"","format":"standard","meta":{"_acf_changed":false,"manual_indexmenow":false,"indexmenow_id_project":0,"footnotes":""},"categories":[1],"tags":[4538,4527,4636,4526,4551],"class_list":["post-15660","post","type-post","status-publish","format-standard","has-post-thumbnail","hentry","category-a-la-une","tag-activites-variees","tag-decouverte-culturelle","tag-destinations","tag-voyage-economique","tag-voyage-solidaire","generate-columns","tablet-grid-50","mobile-grid-100","grid-parent","grid-25"],"acf":[],"yoast_head":"<!-- This site is optimized with the Yoast SEO Premium plugin v21.3 (Yoast SEO v25.1) - https:\/\/yoast.com\/wordpress\/plugins\/seo\/ -->\n<title>Le Manitoba mise sur le tourisme local face \u00e0 la guerre<\/title>\n<meta name=\"description\" content=\"La guerre tarifaire men\u00e9e par l&#039;ancien pr\u00e9sident am\u00e9ricain Donald Trump a engendr\u00e9 une diminution significative du nombre de voyageurs canadiens se\" \/>\n<meta name=\"robots\" content=\"index, follow, max-snippet:-1, max-image-preview:large, max-video-preview:-1\" \/>\n<link rel=\"canonical\" href=\"https:\/\/voyage-aventure.com\/blog\/a-la-une\/le-manitoba-mise-sur-le-tourisme-local-face-a-la-guerre-tarifaire-de-trump\/\" \/>\n<meta property=\"og:locale\" content=\"fr_FR\" \/>\n<meta property=\"og:type\" content=\"article\" \/>\n<meta property=\"og:title\" content=\"Le Manitoba mise sur le tourisme local face \u00e0 la guerre\" \/>\n<meta property=\"og:description\" content=\"La guerre tarifaire men\u00e9e par l&#039;ancien pr\u00e9sident am\u00e9ricain Donald Trump a engendr\u00e9 une diminution significative du nombre de voyageurs canadiens se\" \/>\n<meta property=\"og:url\" content=\"https:\/\/voyage-aventure.com\/blog\/a-la-une\/le-manitoba-mise-sur-le-tourisme-local-face-a-la-guerre-tarifaire-de-trump\/\" \/>\n<meta property=\"og:site_name\" content=\"voyage-aventure\" \/>\n<meta property=\"og:image\" content=\"https:\/\/voyage-aventure.com\/blog\/wp-content\/uploads\/2025\/05\/sdxl-9c6147c54f8ae35a97fcc6b07c8da44c-scaled.png\" \/>\n\t<meta property=\"og:image:width\" content=\"1200\" \/>\n\t<meta property=\"og:image:height\" content=\"500\" \/>\n\t<meta property=\"og:image:type\" content=\"image\/png\" \/>\n<meta name=\"author\" content=\"Camille Rouvray\" \/>\n<meta name=\"twitter:card\" content=\"summary_large_image\" \/>\n<script type=\"application\/ld+json\" class=\"yoast-schema-graph\">{\"@context\":\"https:\/\/schema.org\",\"@graph\":[{\"@type\":\"NewsArticle\",\"@id\":\"https:\/\/voyage-aventure.com\/blog\/a-la-une\/le-manitoba-mise-sur-le-tourisme-local-face-a-la-guerre-tarifaire-de-trump\/#article\",\"isPartOf\":{\"@id\":\"https:\/\/voyage-aventure.com\/blog\/a-la-une\/le-manitoba-mise-sur-le-tourisme-local-face-a-la-guerre-tarifaire-de-trump\/\"},\"author\":{\"name\":\"Camille Rouvray\",\"@id\":\"https:\/\/voyage-aventure.com\/blog\/#\/schema\/person\/3c864cdc320801e3db34b663e7e3f816\"},\"headline\":\"Le Manitoba mise sur le tourisme local face \u00e0 la guerre tarifaire de Trump\",\"datePublished\":\"2025-03-19T21:11:22+00:00\",\"mainEntityOfPage\":{\"@id\":\"https:\/\/voyage-aventure.com\/blog\/a-la-une\/le-manitoba-mise-sur-le-tourisme-local-face-a-la-guerre-tarifaire-de-trump\/\"},\"wordCount\":604,\"commentCount\":27,\"publisher\":{\"@id\":\"https:\/\/voyage-aventure.com\/blog\/#organization\"},\"image\":{\"@id\":\"https:\/\/voyage-aventure.com\/blog\/a-la-une\/le-manitoba-mise-sur-le-tourisme-local-face-a-la-guerre-tarifaire-de-trump\/#primaryimage\"},\"thumbnailUrl\":\"https:\/\/voyage-aventure.com\/blog\/wp-content\/uploads\/2025\/05\/sdxl-9c6147c54f8ae35a97fcc6b07c8da44c-scaled.png\",\"keywords\":[\"Activit\u00e9s Vari\u00e9es\",\"D\u00e9couverte Culturelle\",\"Destinations\",\"Voyage \u00c9conomique\",\"Voyage solidaire\"],\"articleSection\":[\"\u00c0 la une\"],\"inLanguage\":\"fr-FR\",\"potentialAction\":[{\"@type\":\"CommentAction\",\"name\":\"Comment\",\"target\":[\"https:\/\/voyage-aventure.com\/blog\/a-la-une\/le-manitoba-mise-sur-le-tourisme-local-face-a-la-guerre-tarifaire-de-trump\/#respond\"]}]},{\"@type\":\"WebPage\",\"@id\":\"https:\/\/voyage-aventure.com\/blog\/a-la-une\/le-manitoba-mise-sur-le-tourisme-local-face-a-la-guerre-tarifaire-de-trump\/\",\"url\":\"https:\/\/voyage-aventure.com\/blog\/a-la-une\/le-manitoba-mise-sur-le-tourisme-local-face-a-la-guerre-tarifaire-de-trump\/\",\"name\":\"Le Manitoba mise sur le tourisme local face \u00e0 la guerre\",\"isPartOf\":{\"@id\":\"https:\/\/voyage-aventure.com\/blog\/#website\"},\"primaryImageOfPage\":{\"@id\":\"https:\/\/voyage-aventure.com\/blog\/a-la-une\/le-manitoba-mise-sur-le-tourisme-local-face-a-la-guerre-tarifaire-de-trump\/#primaryimage\"},\"image\":{\"@id\":\"https:\/\/voyage-aventure.com\/blog\/a-la-une\/le-manitoba-mise-sur-le-tourisme-local-face-a-la-guerre-tarifaire-de-trump\/#primaryimage\"},\"thumbnailUrl\":\"https:\/\/voyage-aventure.com\/blog\/wp-content\/uploads\/2025\/05\/sdxl-9c6147c54f8ae35a97fcc6b07c8da44c-scaled.png\",\"datePublished\":\"2025-03-19T21:11:22+00:00\",\"description\":\"La guerre tarifaire men\u00e9e par l'ancien pr\u00e9sident am\u00e9ricain Donald Trump a engendr\u00e9 une diminution significative du nombre de voyageurs canadiens se\",\"inLanguage\":\"fr-FR\",\"potentialAction\":[{\"@type\":\"ReadAction\",\"target\":[\"https:\/\/voyage-aventure.com\/blog\/a-la-une\/le-manitoba-mise-sur-le-tourisme-local-face-a-la-guerre-tarifaire-de-trump\/\"]}]},{\"@type\":\"ImageObject\",\"inLanguage\":\"fr-FR\",\"@id\":\"https:\/\/voyage-aventure.com\/blog\/a-la-une\/le-manitoba-mise-sur-le-tourisme-local-face-a-la-guerre-tarifaire-de-trump\/#primaryimage\",\"url\":\"https:\/\/voyage-aventure.com\/blog\/wp-content\/uploads\/2025\/05\/sdxl-9c6147c54f8ae35a97fcc6b07c8da44c-scaled.png\",\"contentUrl\":\"https:\/\/voyage-aventure.com\/blog\/wp-content\/uploads\/2025\/05\/sdxl-9c6147c54f8ae35a97fcc6b07c8da44c-scaled.png\",\"width\":1200,\"height\":500},{\"@type\":\"WebSite\",\"@id\":\"https:\/\/voyage-aventure.com\/blog\/#website\",\"url\":\"https:\/\/voyage-aventure.com\/blog\/\",\"name\":\"voyage-aventure.com\",\"description\":\"Votre passeport pour l\u2019inattendu.\",\"publisher\":{\"@id\":\"https:\/\/voyage-aventure.com\/blog\/#organization\"},\"alternateName\":\"Votre passeport pour l\u2019inattendu.\",\"potentialAction\":[{\"@type\":\"SearchAction\",\"target\":{\"@type\":\"EntryPoint\",\"urlTemplate\":\"https:\/\/voyage-aventure.com\/blog\/?s={search_term_string}\"},\"query-input\":{\"@type\":\"PropertyValueSpecification\",\"valueRequired\":true,\"valueName\":\"search_term_string\"}}],\"inLanguage\":\"fr-FR\"},{\"@type\":\"Organization\",\"@id\":\"https:\/\/voyage-aventure.com\/blog\/#organization\",\"name\":\"Foretsensations.fr\",\"url\":\"https:\/\/voyage-aventure.com\/blog\/\",\"logo\":{\"@type\":\"ImageObject\",\"inLanguage\":\"fr-FR\",\"@id\":\"https:\/\/voyage-aventure.com\/blog\/#\/schema\/logo\/image\/\",\"url\":\"https:\/\/voyage-aventure.com\/blog\/wp-content\/uploads\/2024\/12\/19.png\",\"contentUrl\":\"https:\/\/voyage-aventure.com\/blog\/wp-content\/uploads\/2024\/12\/19.png\",\"width\":512,\"height\":512,\"caption\":\"Foretsensations.fr\"},\"image\":{\"@id\":\"https:\/\/voyage-aventure.com\/blog\/#\/schema\/logo\/image\/\"}},{\"@type\":\"Person\",\"@id\":\"https:\/\/voyage-aventure.com\/blog\/#\/schema\/person\/3c864cdc320801e3db34b663e7e3f816\",\"name\":\"Camille Rouvray\",\"image\":{\"@type\":\"ImageObject\",\"inLanguage\":\"fr-FR\",\"@id\":\"https:\/\/voyage-aventure.com\/blog\/#\/schema\/person\/image\/\",\"url\":\"https:\/\/voyage-aventure.com\/blog\/wp-content\/uploads\/2026\/06\/persona_camille-r-96x96.jpg\",\"contentUrl\":\"https:\/\/voyage-aventure.com\/blog\/wp-content\/uploads\/2026\/06\/persona_camille-r-96x96.jpg\",\"caption\":\"Camille Rouvray\"},\"description\":\"Je voyage et j'\u00e9cris sur le voyage depuis une douzaine d'ann\u00e9es, d'abord en tant que routarde au long cours, puis comme r\u00e9dactrice sp\u00e9cialis\u00e9e. Mon terrain de pr\u00e9dilection, ce sont les circuits organis\u00e9s et l'art de bien pr\u00e9parer un itin\u00e9raire : choix de la saison, dur\u00e9e r\u00e9aliste des \u00e9tapes, budget jour par jour, logement et transport sur place. J'aime aussi raconter les p\u00e9pites urbaines, ces adresses qu'on ne trouve pas dans les guides classiques. Avant de publier un dossier destination, je croise toujours plusieurs sources, je v\u00e9rifie les tarifs et les formalit\u00e9s d'entr\u00e9e \u00e0 jour, et je teste moi-m\u00eame quand je le peux. Mon angle reste pratique avant tout : aider le lecteur \u00e0 partir l'esprit tranquille, sans mauvaise surprise une fois sur place. Je m'attache \u00e0 distinguer le coup de c\u0153ur sinc\u00e8re du simple argument marketing.\",\"sameAs\":[\"https:\/\/camillerouvray.fr\/\"],\"url\":\"https:\/\/voyage-aventure.com\/blog\/auteur\/noname\/\"}]}<\/script>\n<!-- \/ Yoast SEO Premium plugin. -->","yoast_head_json":{"title":"Le Manitoba mise sur le tourisme local face \u00e0 la guerre","description":"La guerre tarifaire men\u00e9e par l'ancien pr\u00e9sident am\u00e9ricain Donald Trump a engendr\u00e9 une diminution significative du nombre de voyageurs canadiens se","robots":{"index":"index","follow":"follow","max-snippet":"max-snippet:-1","max-image-preview":"max-image-preview:large","max-video-preview":"max-video-preview:-1"},"canonical":"https:\/\/voyage-aventure.com\/blog\/a-la-une\/le-manitoba-mise-sur-le-tourisme-local-face-a-la-guerre-tarifaire-de-trump\/","og_locale":"fr_FR","og_type":"article","og_title":"Le Manitoba mise sur le tourisme local face \u00e0 la guerre","og_description":"La guerre tarifaire men\u00e9e par l'ancien pr\u00e9sident am\u00e9ricain Donald Trump a engendr\u00e9 une diminution significative du nombre de voyageurs canadiens se","og_url":"https:\/\/voyage-aventure.com\/blog\/a-la-une\/le-manitoba-mise-sur-le-tourisme-local-face-a-la-guerre-tarifaire-de-trump\/","og_site_name":"voyage-aventure","og_image":[{"width":1200,"height":500,"url":"https:\/\/voyage-aventure.com\/blog\/wp-content\/uploads\/2025\/05\/sdxl-9c6147c54f8ae35a97fcc6b07c8da44c-scaled.png","type":"image\/png"}],"author":"Camille Rouvray","twitter_card":"summary_large_image","schema":{"@context":"https:\/\/schema.org","@graph":[{"@type":"NewsArticle","@id":"https:\/\/voyage-aventure.com\/blog\/a-la-une\/le-manitoba-mise-sur-le-tourisme-local-face-a-la-guerre-tarifaire-de-trump\/#article","isPartOf":{"@id":"https:\/\/voyage-aventure.com\/blog\/a-la-une\/le-manitoba-mise-sur-le-tourisme-local-face-a-la-guerre-tarifaire-de-trump\/"},"author":{"name":"Camille Rouvray","@id":"https:\/\/voyage-aventure.com\/blog\/#\/schema\/person\/3c864cdc320801e3db34b663e7e3f816"},"headline":"Le Manitoba mise sur le tourisme local face \u00e0 la guerre tarifaire de Trump","datePublished":"2025-03-19T21:11:22+00:00","mainEntityOfPage":{"@id":"https:\/\/voyage-aventure.com\/blog\/a-la-une\/le-manitoba-mise-sur-le-tourisme-local-face-a-la-guerre-tarifaire-de-trump\/"},"wordCount":604,"commentCount":27,"publisher":{"@id":"https:\/\/voyage-aventure.com\/blog\/#organization"},"image":{"@id":"https:\/\/voyage-aventure.com\/blog\/a-la-une\/le-manitoba-mise-sur-le-tourisme-local-face-a-la-guerre-tarifaire-de-trump\/#primaryimage"},"thumbnailUrl":"https:\/\/voyage-aventure.com\/blog\/wp-content\/uploads\/2025\/05\/sdxl-9c6147c54f8ae35a97fcc6b07c8da44c-scaled.png","keywords":["Activit\u00e9s Vari\u00e9es","D\u00e9couverte Culturelle","Destinations","Voyage \u00c9conomique","Voyage solidaire"],"articleSection":["\u00c0 la une"],"inLanguage":"fr-FR","potentialAction":[{"@type":"CommentAction","name":"Comment","target":["https:\/\/voyage-aventure.com\/blog\/a-la-une\/le-manitoba-mise-sur-le-tourisme-local-face-a-la-guerre-tarifaire-de-trump\/#respond"]}]},{"@type":"WebPage","@id":"https:\/\/voyage-aventure.com\/blog\/a-la-une\/le-manitoba-mise-sur-le-tourisme-local-face-a-la-guerre-tarifaire-de-trump\/","url":"https:\/\/voyage-aventure.com\/blog\/a-la-une\/le-manitoba-mise-sur-le-tourisme-local-face-a-la-guerre-tarifaire-de-trump\/","name":"Le Manitoba mise sur le tourisme local face \u00e0 la guerre","isPartOf":{"@id":"https:\/\/voyage-aventure.com\/blog\/#website"},"primaryImageOfPage":{"@id":"https:\/\/voyage-aventure.com\/blog\/a-la-une\/le-manitoba-mise-sur-le-tourisme-local-face-a-la-guerre-tarifaire-de-trump\/#primaryimage"},"image":{"@id":"https:\/\/voyage-aventure.com\/blog\/a-la-une\/le-manitoba-mise-sur-le-tourisme-local-face-a-la-guerre-tarifaire-de-trump\/#primaryimage"},"thumbnailUrl":"https:\/\/voyage-aventure.com\/blog\/wp-content\/uploads\/2025\/05\/sdxl-9c6147c54f8ae35a97fcc6b07c8da44c-scaled.png","datePublished":"2025-03-19T21:11:22+00:00","description":"La guerre tarifaire men\u00e9e par l'ancien pr\u00e9sident am\u00e9ricain Donald Trump a engendr\u00e9 une diminution significative du nombre de voyageurs canadiens se","inLanguage":"fr-FR","potentialAction":[{"@type":"ReadAction","target":["https:\/\/voyage-aventure.com\/blog\/a-la-une\/le-manitoba-mise-sur-le-tourisme-local-face-a-la-guerre-tarifaire-de-trump\/"]}]},{"@type":"ImageObject","inLanguage":"fr-FR","@id":"https:\/\/voyage-aventure.com\/blog\/a-la-une\/le-manitoba-mise-sur-le-tourisme-local-face-a-la-guerre-tarifaire-de-trump\/#primaryimage","url":"https:\/\/voyage-aventure.com\/blog\/wp-content\/uploads\/2025\/05\/sdxl-9c6147c54f8ae35a97fcc6b07c8da44c-scaled.png","contentUrl":"https:\/\/voyage-aventure.com\/blog\/wp-content\/uploads\/2025\/05\/sdxl-9c6147c54f8ae35a97fcc6b07c8da44c-scaled.png","width":1200,"height":500},{"@type":"WebSite","@id":"https:\/\/voyage-aventure.com\/blog\/#website","url":"https:\/\/voyage-aventure.com\/blog\/","name":"voyage-aventure.com","description":"Votre passeport pour l\u2019inattendu.","publisher":{"@id":"https:\/\/voyage-aventure.com\/blog\/#organization"},"alternateName":"Votre passeport pour l\u2019inattendu.","potentialAction":[{"@type":"SearchAction","target":{"@type":"EntryPoint","urlTemplate":"https:\/\/voyage-aventure.com\/blog\/?s={search_term_string}"},"query-input":{"@type":"PropertyValueSpecification","valueRequired":true,"valueName":"search_term_string"}}],"inLanguage":"fr-FR"},{"@type":"Organization","@id":"https:\/\/voyage-aventure.com\/blog\/#organization","name":"Foretsensations.fr","url":"https:\/\/voyage-aventure.com\/blog\/","logo":{"@type":"ImageObject","inLanguage":"fr-FR","@id":"https:\/\/voyage-aventure.com\/blog\/#\/schema\/logo\/image\/","url":"https:\/\/voyage-aventure.com\/blog\/wp-content\/uploads\/2024\/12\/19.png","contentUrl":"https:\/\/voyage-aventure.com\/blog\/wp-content\/uploads\/2024\/12\/19.png","width":512,"height":512,"caption":"Foretsensations.fr"},"image":{"@id":"https:\/\/voyage-aventure.com\/blog\/#\/schema\/logo\/image\/"}},{"@type":"Person","@id":"https:\/\/voyage-aventure.com\/blog\/#\/schema\/person\/3c864cdc320801e3db34b663e7e3f816","name":"Camille Rouvray","image":{"@type":"ImageObject","inLanguage":"fr-FR","@id":"https:\/\/voyage-aventure.com\/blog\/#\/schema\/person\/image\/","url":"https:\/\/voyage-aventure.com\/blog\/wp-content\/uploads\/2026\/06\/persona_camille-r-96x96.jpg","contentUrl":"https:\/\/voyage-aventure.com\/blog\/wp-content\/uploads\/2026\/06\/persona_camille-r-96x96.jpg","caption":"Camille Rouvray"},"description":"Je voyage et j'\u00e9cris sur le voyage depuis une douzaine d'ann\u00e9es, d'abord en tant que routarde au long cours, puis comme r\u00e9dactrice sp\u00e9cialis\u00e9e. Mon terrain de pr\u00e9dilection, ce sont les circuits organis\u00e9s et l'art de bien pr\u00e9parer un itin\u00e9raire : choix de la saison, dur\u00e9e r\u00e9aliste des \u00e9tapes, budget jour par jour, logement et transport sur place. J'aime aussi raconter les p\u00e9pites urbaines, ces adresses qu'on ne trouve pas dans les guides classiques. Avant de publier un dossier destination, je croise toujours plusieurs sources, je v\u00e9rifie les tarifs et les formalit\u00e9s d'entr\u00e9e \u00e0 jour, et je teste moi-m\u00eame quand je le peux. Mon angle reste pratique avant tout : aider le lecteur \u00e0 partir l'esprit tranquille, sans mauvaise surprise une fois sur place. Je m'attache \u00e0 distinguer le coup de c\u0153ur sinc\u00e8re du simple argument marketing.","sameAs":["https:\/\/camillerouvray.fr\/"],"url":"https:\/\/voyage-aventure.com\/blog\/auteur\/noname\/"}]}},"_links":{"self":[{"href":"https:\/\/voyage-aventure.com\/blog\/wp-json\/wp\/v2\/posts\/15660","targetHints":{"allow":["GET"]}}],"collection":[{"href":"https:\/\/voyage-aventure.com\/blog\/wp-json\/wp\/v2\/posts"}],"about":[{"href":"https:\/\/voyage-aventure.com\/blog\/wp-json\/wp\/v2\/types\/post"}],"author":[{"embeddable":true,"href":"https:\/\/voyage-aventure.com\/blog\/wp-json\/wp\/v2\/users\/34"}],"replies":[{"embeddable":true,"href":"https:\/\/voyage-aventure.com\/blog\/wp-json\/wp\/v2\/comments?post=15660"}],"version-history":[{"count":1,"href":"https:\/\/voyage-aventure.com\/blog\/wp-json\/wp\/v2\/posts\/15660\/revisions"}],"predecessor-version":[{"id":15667,"href":"https:\/\/voyage-aventure.com\/blog\/wp-json\/wp\/v2\/posts\/15660\/revisions\/15667"}],"wp:featuredmedia":[{"embeddable":true,"href":"https:\/\/voyage-aventure.com\/blog\/wp-json\/wp\/v2\/media\/20572"}],"wp:attachment":[{"href":"https:\/\/voyage-aventure.com\/blog\/wp-json\/wp\/v2\/media?parent=15660"}],"wp:term":[{"taxonomy":"category","embeddable":true,"href":"https:\/\/voyage-aventure.com\/blog\/wp-json\/wp\/v2\/categories?post=15660"},{"taxonomy":"post_tag","embeddable":true,"href":"https:\/\/voyage-aventure.com\/blog\/wp-json\/wp\/v2\/tags?post=15660"}],"curies":[{"name":"wp","href":"https:\/\/api.w.org\/{rel}","templated":true}]}}