{"id":15656,"date":"2025-03-20T14:24:43","date_gmt":"2025-03-20T13:24:43","guid":{"rendered":"https:\/\/voyage-aventure.com\/blog\/?p=15656"},"modified":"2025-03-20T14:24:43","modified_gmt":"2025-03-20T13:24:43","slug":"allemagne-renforce-ses-conseils-de-voyage-vers-les-etats-unis-apres-des-detentions-de-citoyens","status":"publish","type":"post","link":"https:\/\/voyage-aventure.com\/blog\/a-la-une\/allemagne-renforce-ses-conseils-de-voyage-vers-les-etats-unis-apres-des-detentions-de-citoyens\/","title":{"rendered":"Allemagne renforce ses conseils de voyage vers les \u00c9tats-Unis apr\u00e8s des d\u00e9tentions de citoyens"},"content":{"rendered":"<h2>Un nouveau regard sur les voyages vers les \u00c9tats-Unis<\/h2>\n<p>Le minist\u00e8re des Affaires \u00e9trang\u00e8res allemand a r\u00e9cemment mis \u00e0 jour ses recommandations de voyage concernant les \u00c9tats-Unis. Cette mise \u00e0 jour fait suite \u00e0 des incidents o\u00f9 plusieurs citoyens allemands ont \u00e9t\u00e9 retenus aux fronti\u00e8res am\u00e9ricaines. L&rsquo;accent est d\u00e9sormais mis sur le fait qu&rsquo;une autorisation de visa ou un waiver d&rsquo;entr\u00e9e ne garantissent pas l&rsquo;entr\u00e9e sur le territoire am\u00e9ricain.<\/p>\n<p>Un porte-parole du minist\u00e8re a pr\u00e9cis\u00e9 que, malgr\u00e9 l&rsquo;approbation du syst\u00e8me ESTA ou d&rsquo;un visa, cela ne conf\u00e8re pas automatiquement le droit d&rsquo;entr\u00e9e. \u00ab La d\u00e9cision finale sur l&rsquo;entr\u00e9e d&rsquo;une personne aux \u00c9tats-Unis appartient aux autorit\u00e9s frontali\u00e8res am\u00e9ricaines \u00bb, a-t-il affirm\u00e9. Ce nouvel aspect des conseils de voyage vise \u00e0 \u00e9viter toute confusion pour les voyageurs allemands.<\/p>\n<h2>Les implications pour les citoyens allemands<\/h2>\n<p>Cette mise \u00e0 jour des conseils de voyage a pour but d&rsquo;informer les citoyens allemands des risques potentiels li\u00e9s \u00e0 leurs voyages aux \u00c9tats-Unis. Les autorit\u00e9s allemandes surveillent de pr\u00e8s l&rsquo;\u00e9volution des politiques d&rsquo;immigration am\u00e9ricaines, notamment suite \u00e0 la d\u00e9tention r\u00e9cente de trois ressortissants. Bien que deux de ces cas aient \u00e9t\u00e9 r\u00e9solus, un citoyen reste en d\u00e9tention.<\/p>\n<p>Les voyageurs doivent prendre conscience que m\u00eame avec les documents appropri\u00e9s, des complications peuvent survenir \u00e0 l&rsquo;entr\u00e9e. Le minist\u00e8re des Affaires \u00e9trang\u00e8res a indiqu\u00e9 qu&rsquo;il continue de travailler en \u00e9troite collaboration avec le consulat g\u00e9n\u00e9ral \u00e0 Boston pour aider le citoyen allemand encore retenu. Cela souligne l&rsquo;importance d&rsquo;\u00eatre bien inform\u00e9 avant de partir.<\/p>\n<h2>Pr\u00e9parer son voyage avec pr\u00e9caution<\/h2>\n<p>Il est essentiel pour les citoyens allemands de se pr\u00e9parer ad\u00e9quatement avant de voyager aux \u00c9tats-Unis. Voici quelques conseils pratiques pour garantir un voyage sans encombre :<\/p>\n<ul>\n<li>V\u00e9rifiez la validit\u00e9 de votre passeport et de votre visa.<\/li>\n<li>Assurez-vous d&rsquo;avoir tous les documents n\u00e9cessaires, y compris les lettres d&rsquo;invitation si applicable.<\/li>\n<li>Consultez r\u00e9guli\u00e8rement les mises \u00e0 jour des conseils de voyage sur le site du minist\u00e8re des Affaires \u00e9trang\u00e8res.<\/li>\n<li>Pr\u00e9parez-vous \u00e0 r\u00e9pondre \u00e0 des questions d\u00e9taill\u00e9es lors de votre passage \u00e0 la fronti\u00e8re.<\/li>\n<li>En cas de probl\u00e8me, contactez imm\u00e9diatement votre consulat.<\/li>\n<\/ul>\n<p>Un porte-parole a ajout\u00e9 que cette mise \u00e0 jour ne constitue pas un avertissement de voyage, mais plut\u00f4t un rappel que les conditions d&rsquo;entr\u00e9e peuvent changer. Les voyageurs doivent \u00eatre vigilants et bien pr\u00e9par\u00e9s afin de minimiser les risques d&rsquo;incidents similaires \u00e0 ceux r\u00e9cemment rapport\u00e9s.<\/p>\n<h2>Un contexte international en \u00e9volution<\/h2>\n<p>La situation actuelle des voyages aux \u00c9tats-Unis est influenc\u00e9e par des changements dans les politiques d&rsquo;immigration sous l&rsquo;administration Biden. Depuis son entr\u00e9e en fonction, le pr\u00e9sident a mis en \u0153uvre plusieurs ordonnances ex\u00e9cutives concernant des politiques d&rsquo;immigration plus strictes. Cela inclut un contr\u00f4le renforc\u00e9 des visas et une r\u00e9pression des migrants sans papiers.<\/p>\n<p>L&rsquo;Allemagne, \u00e0 travers ses autorit\u00e9s, surveille attentivement ces changements pour prot\u00e9ger ses citoyens. La d\u00e9tention de ressortissants allemands a incit\u00e9 le gouvernement \u00e0 revoir et \u00e0 ajuster ses conseils de voyage. Les d\u00e9cisions prises par les autorit\u00e9s am\u00e9ricaines peuvent avoir des r\u00e9percussions sur les voyages internationaux et sur la perception des \u00c9tats-Unis en tant que destination touristique.<\/p>\n<p>En somme, les citoyens allemands souhaitant se rendre aux \u00c9tats-Unis doivent faire preuve de prudence. La mise \u00e0 jour des conseils de voyage sert d&rsquo;avertissement pour rappelle l&rsquo;importance de se pr\u00e9parer ad\u00e9quatement et de rester inform\u00e9 des conditions d&rsquo;entr\u00e9e. Cette situation souligne \u00e9galement l&rsquo;importance de la diplomatie et de la communication entre les nations en mati\u00e8re de s\u00e9curit\u00e9 et de voyages.<\/p>\n","protected":false},"excerpt":{"rendered":"","protected":false},"author":34,"featured_media":20567,"comment_status":"open","ping_status":"open","sticky":false,"template":"","format":"standard","meta":{"_acf_changed":false,"manual_indexmenow":false,"indexmenow_id_project":0,"footnotes":""},"categories":[1],"tags":[4646,4713,5688,3170,4635],"class_list":["post-15656","post","type-post","status-publish","format-standard","has-post-thumbnail","hentry","category-a-la-une","tag-assistance","tag-preparation","tag-relations-internationales","tag-securite","tag-voyage","generate-columns","tablet-grid-50","mobile-grid-100","grid-parent","grid-25"],"acf":[],"yoast_head":"<!-- This site is optimized with the Yoast SEO Premium plugin v21.3 (Yoast SEO v25.1) - https:\/\/yoast.com\/wordpress\/plugins\/seo\/ -->\n<title>Allemagne renforce ses conseils de voyage vers les<\/title>\n<meta name=\"description\" content=\"Un nouveau regard sur les voyages vers les \u00c9tats-Unis Le minist\u00e8re des Affaires \u00e9trang\u00e8res allemand a r\u00e9cemment mis \u00e0 jour ses recommandations de voyage\" \/>\n<meta name=\"robots\" content=\"index, follow, max-snippet:-1, max-image-preview:large, max-video-preview:-1\" \/>\n<link rel=\"canonical\" href=\"https:\/\/voyage-aventure.com\/blog\/a-la-une\/allemagne-renforce-ses-conseils-de-voyage-vers-les-etats-unis-apres-des-detentions-de-citoyens\/\" \/>\n<meta property=\"og:locale\" content=\"fr_FR\" \/>\n<meta property=\"og:type\" content=\"article\" \/>\n<meta property=\"og:title\" content=\"Allemagne renforce ses conseils de voyage vers les\" \/>\n<meta property=\"og:description\" content=\"Un nouveau regard sur les voyages vers les \u00c9tats-Unis Le minist\u00e8re des Affaires \u00e9trang\u00e8res allemand a r\u00e9cemment mis \u00e0 jour ses recommandations de voyage\" \/>\n<meta property=\"og:url\" content=\"https:\/\/voyage-aventure.com\/blog\/a-la-une\/allemagne-renforce-ses-conseils-de-voyage-vers-les-etats-unis-apres-des-detentions-de-citoyens\/\" \/>\n<meta property=\"og:site_name\" content=\"voyage-aventure\" \/>\n<meta property=\"og:image\" content=\"https:\/\/voyage-aventure.com\/blog\/wp-content\/uploads\/2025\/05\/sdxl-515f68be19f4f8d670af4528c957488b-scaled.png\" \/>\n\t<meta property=\"og:image:width\" content=\"1200\" \/>\n\t<meta property=\"og:image:height\" content=\"500\" \/>\n\t<meta property=\"og:image:type\" content=\"image\/png\" \/>\n<meta name=\"author\" content=\"Camille Rouvray\" \/>\n<meta name=\"twitter:card\" content=\"summary_large_image\" \/>\n<script type=\"application\/ld+json\" class=\"yoast-schema-graph\">{\"@context\":\"https:\/\/schema.org\",\"@graph\":[{\"@type\":\"NewsArticle\",\"@id\":\"https:\/\/voyage-aventure.com\/blog\/a-la-une\/allemagne-renforce-ses-conseils-de-voyage-vers-les-etats-unis-apres-des-detentions-de-citoyens\/#article\",\"isPartOf\":{\"@id\":\"https:\/\/voyage-aventure.com\/blog\/a-la-une\/allemagne-renforce-ses-conseils-de-voyage-vers-les-etats-unis-apres-des-detentions-de-citoyens\/\"},\"author\":{\"name\":\"Camille Rouvray\",\"@id\":\"https:\/\/voyage-aventure.com\/blog\/#\/schema\/person\/3c864cdc320801e3db34b663e7e3f816\"},\"headline\":\"Allemagne renforce ses conseils de voyage vers les \u00c9tats-Unis apr\u00e8s des d\u00e9tentions de citoyens\",\"datePublished\":\"2025-03-20T13:24:43+00:00\",\"mainEntityOfPage\":{\"@id\":\"https:\/\/voyage-aventure.com\/blog\/a-la-une\/allemagne-renforce-ses-conseils-de-voyage-vers-les-etats-unis-apres-des-detentions-de-citoyens\/\"},\"wordCount\":656,\"commentCount\":19,\"publisher\":{\"@id\":\"https:\/\/voyage-aventure.com\/blog\/#organization\"},\"image\":{\"@id\":\"https:\/\/voyage-aventure.com\/blog\/a-la-une\/allemagne-renforce-ses-conseils-de-voyage-vers-les-etats-unis-apres-des-detentions-de-citoyens\/#primaryimage\"},\"thumbnailUrl\":\"https:\/\/voyage-aventure.com\/blog\/wp-content\/uploads\/2025\/05\/sdxl-515f68be19f4f8d670af4528c957488b-scaled.png\",\"keywords\":[\"Assistance\",\"Pr\u00e9paration\",\"Relations Internationales\",\"S\u00e9curit\u00e9\",\"Voyage\"],\"articleSection\":[\"\u00c0 la une\"],\"inLanguage\":\"fr-FR\",\"potentialAction\":[{\"@type\":\"CommentAction\",\"name\":\"Comment\",\"target\":[\"https:\/\/voyage-aventure.com\/blog\/a-la-une\/allemagne-renforce-ses-conseils-de-voyage-vers-les-etats-unis-apres-des-detentions-de-citoyens\/#respond\"]}]},{\"@type\":\"WebPage\",\"@id\":\"https:\/\/voyage-aventure.com\/blog\/a-la-une\/allemagne-renforce-ses-conseils-de-voyage-vers-les-etats-unis-apres-des-detentions-de-citoyens\/\",\"url\":\"https:\/\/voyage-aventure.com\/blog\/a-la-une\/allemagne-renforce-ses-conseils-de-voyage-vers-les-etats-unis-apres-des-detentions-de-citoyens\/\",\"name\":\"Allemagne renforce ses conseils de voyage vers les\",\"isPartOf\":{\"@id\":\"https:\/\/voyage-aventure.com\/blog\/#website\"},\"primaryImageOfPage\":{\"@id\":\"https:\/\/voyage-aventure.com\/blog\/a-la-une\/allemagne-renforce-ses-conseils-de-voyage-vers-les-etats-unis-apres-des-detentions-de-citoyens\/#primaryimage\"},\"image\":{\"@id\":\"https:\/\/voyage-aventure.com\/blog\/a-la-une\/allemagne-renforce-ses-conseils-de-voyage-vers-les-etats-unis-apres-des-detentions-de-citoyens\/#primaryimage\"},\"thumbnailUrl\":\"https:\/\/voyage-aventure.com\/blog\/wp-content\/uploads\/2025\/05\/sdxl-515f68be19f4f8d670af4528c957488b-scaled.png\",\"datePublished\":\"2025-03-20T13:24:43+00:00\",\"description\":\"Un nouveau regard sur les voyages vers les \u00c9tats-Unis Le minist\u00e8re des Affaires \u00e9trang\u00e8res allemand a r\u00e9cemment mis \u00e0 jour ses recommandations de voyage\",\"inLanguage\":\"fr-FR\",\"potentialAction\":[{\"@type\":\"ReadAction\",\"target\":[\"https:\/\/voyage-aventure.com\/blog\/a-la-une\/allemagne-renforce-ses-conseils-de-voyage-vers-les-etats-unis-apres-des-detentions-de-citoyens\/\"]}]},{\"@type\":\"ImageObject\",\"inLanguage\":\"fr-FR\",\"@id\":\"https:\/\/voyage-aventure.com\/blog\/a-la-une\/allemagne-renforce-ses-conseils-de-voyage-vers-les-etats-unis-apres-des-detentions-de-citoyens\/#primaryimage\",\"url\":\"https:\/\/voyage-aventure.com\/blog\/wp-content\/uploads\/2025\/05\/sdxl-515f68be19f4f8d670af4528c957488b-scaled.png\",\"contentUrl\":\"https:\/\/voyage-aventure.com\/blog\/wp-content\/uploads\/2025\/05\/sdxl-515f68be19f4f8d670af4528c957488b-scaled.png\",\"width\":1200,\"height\":500},{\"@type\":\"WebSite\",\"@id\":\"https:\/\/voyage-aventure.com\/blog\/#website\",\"url\":\"https:\/\/voyage-aventure.com\/blog\/\",\"name\":\"voyage-aventure.com\",\"description\":\"Votre passeport pour l\u2019inattendu.\",\"publisher\":{\"@id\":\"https:\/\/voyage-aventure.com\/blog\/#organization\"},\"alternateName\":\"Votre passeport pour l\u2019inattendu.\",\"potentialAction\":[{\"@type\":\"SearchAction\",\"target\":{\"@type\":\"EntryPoint\",\"urlTemplate\":\"https:\/\/voyage-aventure.com\/blog\/?s={search_term_string}\"},\"query-input\":{\"@type\":\"PropertyValueSpecification\",\"valueRequired\":true,\"valueName\":\"search_term_string\"}}],\"inLanguage\":\"fr-FR\"},{\"@type\":\"Organization\",\"@id\":\"https:\/\/voyage-aventure.com\/blog\/#organization\",\"name\":\"Foretsensations.fr\",\"url\":\"https:\/\/voyage-aventure.com\/blog\/\",\"logo\":{\"@type\":\"ImageObject\",\"inLanguage\":\"fr-FR\",\"@id\":\"https:\/\/voyage-aventure.com\/blog\/#\/schema\/logo\/image\/\",\"url\":\"https:\/\/voyage-aventure.com\/blog\/wp-content\/uploads\/2024\/12\/19.png\",\"contentUrl\":\"https:\/\/voyage-aventure.com\/blog\/wp-content\/uploads\/2024\/12\/19.png\",\"width\":512,\"height\":512,\"caption\":\"Foretsensations.fr\"},\"image\":{\"@id\":\"https:\/\/voyage-aventure.com\/blog\/#\/schema\/logo\/image\/\"}},{\"@type\":\"Person\",\"@id\":\"https:\/\/voyage-aventure.com\/blog\/#\/schema\/person\/3c864cdc320801e3db34b663e7e3f816\",\"name\":\"Camille Rouvray\",\"image\":{\"@type\":\"ImageObject\",\"inLanguage\":\"fr-FR\",\"@id\":\"https:\/\/voyage-aventure.com\/blog\/#\/schema\/person\/image\/\",\"url\":\"https:\/\/voyage-aventure.com\/blog\/wp-content\/uploads\/2026\/06\/persona_camille-r-96x96.jpg\",\"contentUrl\":\"https:\/\/voyage-aventure.com\/blog\/wp-content\/uploads\/2026\/06\/persona_camille-r-96x96.jpg\",\"caption\":\"Camille Rouvray\"},\"description\":\"Je voyage et j'\u00e9cris sur le voyage depuis une douzaine d'ann\u00e9es, d'abord en tant que routarde au long cours, puis comme r\u00e9dactrice sp\u00e9cialis\u00e9e. Mon terrain de pr\u00e9dilection, ce sont les circuits organis\u00e9s et l'art de bien pr\u00e9parer un itin\u00e9raire : choix de la saison, dur\u00e9e r\u00e9aliste des \u00e9tapes, budget jour par jour, logement et transport sur place. J'aime aussi raconter les p\u00e9pites urbaines, ces adresses qu'on ne trouve pas dans les guides classiques. Avant de publier un dossier destination, je croise toujours plusieurs sources, je v\u00e9rifie les tarifs et les formalit\u00e9s d'entr\u00e9e \u00e0 jour, et je teste moi-m\u00eame quand je le peux. Mon angle reste pratique avant tout : aider le lecteur \u00e0 partir l'esprit tranquille, sans mauvaise surprise une fois sur place. Je m'attache \u00e0 distinguer le coup de c\u0153ur sinc\u00e8re du simple argument marketing.\",\"sameAs\":[\"https:\/\/camillerouvray.fr\/\"],\"url\":\"https:\/\/voyage-aventure.com\/blog\/auteur\/noname\/\"}]}<\/script>\n<!-- \/ Yoast SEO Premium plugin. -->","yoast_head_json":{"title":"Allemagne renforce ses conseils de voyage vers les","description":"Un nouveau regard sur les voyages vers les \u00c9tats-Unis Le minist\u00e8re des Affaires \u00e9trang\u00e8res allemand a r\u00e9cemment mis \u00e0 jour ses recommandations de voyage","robots":{"index":"index","follow":"follow","max-snippet":"max-snippet:-1","max-image-preview":"max-image-preview:large","max-video-preview":"max-video-preview:-1"},"canonical":"https:\/\/voyage-aventure.com\/blog\/a-la-une\/allemagne-renforce-ses-conseils-de-voyage-vers-les-etats-unis-apres-des-detentions-de-citoyens\/","og_locale":"fr_FR","og_type":"article","og_title":"Allemagne renforce ses conseils de voyage vers les","og_description":"Un nouveau regard sur les voyages vers les \u00c9tats-Unis Le minist\u00e8re des Affaires \u00e9trang\u00e8res allemand a r\u00e9cemment mis \u00e0 jour ses recommandations de voyage","og_url":"https:\/\/voyage-aventure.com\/blog\/a-la-une\/allemagne-renforce-ses-conseils-de-voyage-vers-les-etats-unis-apres-des-detentions-de-citoyens\/","og_site_name":"voyage-aventure","og_image":[{"width":1200,"height":500,"url":"https:\/\/voyage-aventure.com\/blog\/wp-content\/uploads\/2025\/05\/sdxl-515f68be19f4f8d670af4528c957488b-scaled.png","type":"image\/png"}],"author":"Camille Rouvray","twitter_card":"summary_large_image","schema":{"@context":"https:\/\/schema.org","@graph":[{"@type":"NewsArticle","@id":"https:\/\/voyage-aventure.com\/blog\/a-la-une\/allemagne-renforce-ses-conseils-de-voyage-vers-les-etats-unis-apres-des-detentions-de-citoyens\/#article","isPartOf":{"@id":"https:\/\/voyage-aventure.com\/blog\/a-la-une\/allemagne-renforce-ses-conseils-de-voyage-vers-les-etats-unis-apres-des-detentions-de-citoyens\/"},"author":{"name":"Camille Rouvray","@id":"https:\/\/voyage-aventure.com\/blog\/#\/schema\/person\/3c864cdc320801e3db34b663e7e3f816"},"headline":"Allemagne renforce ses conseils de voyage vers les \u00c9tats-Unis apr\u00e8s des d\u00e9tentions de citoyens","datePublished":"2025-03-20T13:24:43+00:00","mainEntityOfPage":{"@id":"https:\/\/voyage-aventure.com\/blog\/a-la-une\/allemagne-renforce-ses-conseils-de-voyage-vers-les-etats-unis-apres-des-detentions-de-citoyens\/"},"wordCount":656,"commentCount":19,"publisher":{"@id":"https:\/\/voyage-aventure.com\/blog\/#organization"},"image":{"@id":"https:\/\/voyage-aventure.com\/blog\/a-la-une\/allemagne-renforce-ses-conseils-de-voyage-vers-les-etats-unis-apres-des-detentions-de-citoyens\/#primaryimage"},"thumbnailUrl":"https:\/\/voyage-aventure.com\/blog\/wp-content\/uploads\/2025\/05\/sdxl-515f68be19f4f8d670af4528c957488b-scaled.png","keywords":["Assistance","Pr\u00e9paration","Relations Internationales","S\u00e9curit\u00e9","Voyage"],"articleSection":["\u00c0 la une"],"inLanguage":"fr-FR","potentialAction":[{"@type":"CommentAction","name":"Comment","target":["https:\/\/voyage-aventure.com\/blog\/a-la-une\/allemagne-renforce-ses-conseils-de-voyage-vers-les-etats-unis-apres-des-detentions-de-citoyens\/#respond"]}]},{"@type":"WebPage","@id":"https:\/\/voyage-aventure.com\/blog\/a-la-une\/allemagne-renforce-ses-conseils-de-voyage-vers-les-etats-unis-apres-des-detentions-de-citoyens\/","url":"https:\/\/voyage-aventure.com\/blog\/a-la-une\/allemagne-renforce-ses-conseils-de-voyage-vers-les-etats-unis-apres-des-detentions-de-citoyens\/","name":"Allemagne renforce ses conseils de voyage vers les","isPartOf":{"@id":"https:\/\/voyage-aventure.com\/blog\/#website"},"primaryImageOfPage":{"@id":"https:\/\/voyage-aventure.com\/blog\/a-la-une\/allemagne-renforce-ses-conseils-de-voyage-vers-les-etats-unis-apres-des-detentions-de-citoyens\/#primaryimage"},"image":{"@id":"https:\/\/voyage-aventure.com\/blog\/a-la-une\/allemagne-renforce-ses-conseils-de-voyage-vers-les-etats-unis-apres-des-detentions-de-citoyens\/#primaryimage"},"thumbnailUrl":"https:\/\/voyage-aventure.com\/blog\/wp-content\/uploads\/2025\/05\/sdxl-515f68be19f4f8d670af4528c957488b-scaled.png","datePublished":"2025-03-20T13:24:43+00:00","description":"Un nouveau regard sur les voyages vers les \u00c9tats-Unis Le minist\u00e8re des Affaires \u00e9trang\u00e8res allemand a r\u00e9cemment mis \u00e0 jour ses recommandations de voyage","inLanguage":"fr-FR","potentialAction":[{"@type":"ReadAction","target":["https:\/\/voyage-aventure.com\/blog\/a-la-une\/allemagne-renforce-ses-conseils-de-voyage-vers-les-etats-unis-apres-des-detentions-de-citoyens\/"]}]},{"@type":"ImageObject","inLanguage":"fr-FR","@id":"https:\/\/voyage-aventure.com\/blog\/a-la-une\/allemagne-renforce-ses-conseils-de-voyage-vers-les-etats-unis-apres-des-detentions-de-citoyens\/#primaryimage","url":"https:\/\/voyage-aventure.com\/blog\/wp-content\/uploads\/2025\/05\/sdxl-515f68be19f4f8d670af4528c957488b-scaled.png","contentUrl":"https:\/\/voyage-aventure.com\/blog\/wp-content\/uploads\/2025\/05\/sdxl-515f68be19f4f8d670af4528c957488b-scaled.png","width":1200,"height":500},{"@type":"WebSite","@id":"https:\/\/voyage-aventure.com\/blog\/#website","url":"https:\/\/voyage-aventure.com\/blog\/","name":"voyage-aventure.com","description":"Votre passeport pour l\u2019inattendu.","publisher":{"@id":"https:\/\/voyage-aventure.com\/blog\/#organization"},"alternateName":"Votre passeport pour l\u2019inattendu.","potentialAction":[{"@type":"SearchAction","target":{"@type":"EntryPoint","urlTemplate":"https:\/\/voyage-aventure.com\/blog\/?s={search_term_string}"},"query-input":{"@type":"PropertyValueSpecification","valueRequired":true,"valueName":"search_term_string"}}],"inLanguage":"fr-FR"},{"@type":"Organization","@id":"https:\/\/voyage-aventure.com\/blog\/#organization","name":"Foretsensations.fr","url":"https:\/\/voyage-aventure.com\/blog\/","logo":{"@type":"ImageObject","inLanguage":"fr-FR","@id":"https:\/\/voyage-aventure.com\/blog\/#\/schema\/logo\/image\/","url":"https:\/\/voyage-aventure.com\/blog\/wp-content\/uploads\/2024\/12\/19.png","contentUrl":"https:\/\/voyage-aventure.com\/blog\/wp-content\/uploads\/2024\/12\/19.png","width":512,"height":512,"caption":"Foretsensations.fr"},"image":{"@id":"https:\/\/voyage-aventure.com\/blog\/#\/schema\/logo\/image\/"}},{"@type":"Person","@id":"https:\/\/voyage-aventure.com\/blog\/#\/schema\/person\/3c864cdc320801e3db34b663e7e3f816","name":"Camille Rouvray","image":{"@type":"ImageObject","inLanguage":"fr-FR","@id":"https:\/\/voyage-aventure.com\/blog\/#\/schema\/person\/image\/","url":"https:\/\/voyage-aventure.com\/blog\/wp-content\/uploads\/2026\/06\/persona_camille-r-96x96.jpg","contentUrl":"https:\/\/voyage-aventure.com\/blog\/wp-content\/uploads\/2026\/06\/persona_camille-r-96x96.jpg","caption":"Camille Rouvray"},"description":"Je voyage et j'\u00e9cris sur le voyage depuis une douzaine d'ann\u00e9es, d'abord en tant que routarde au long cours, puis comme r\u00e9dactrice sp\u00e9cialis\u00e9e. Mon terrain de pr\u00e9dilection, ce sont les circuits organis\u00e9s et l'art de bien pr\u00e9parer un itin\u00e9raire : choix de la saison, dur\u00e9e r\u00e9aliste des \u00e9tapes, budget jour par jour, logement et transport sur place. J'aime aussi raconter les p\u00e9pites urbaines, ces adresses qu'on ne trouve pas dans les guides classiques. Avant de publier un dossier destination, je croise toujours plusieurs sources, je v\u00e9rifie les tarifs et les formalit\u00e9s d'entr\u00e9e \u00e0 jour, et je teste moi-m\u00eame quand je le peux. Mon angle reste pratique avant tout : aider le lecteur \u00e0 partir l'esprit tranquille, sans mauvaise surprise une fois sur place. Je m'attache \u00e0 distinguer le coup de c\u0153ur sinc\u00e8re du simple argument marketing.","sameAs":["https:\/\/camillerouvray.fr\/"],"url":"https:\/\/voyage-aventure.com\/blog\/auteur\/noname\/"}]}},"_links":{"self":[{"href":"https:\/\/voyage-aventure.com\/blog\/wp-json\/wp\/v2\/posts\/15656","targetHints":{"allow":["GET"]}}],"collection":[{"href":"https:\/\/voyage-aventure.com\/blog\/wp-json\/wp\/v2\/posts"}],"about":[{"href":"https:\/\/voyage-aventure.com\/blog\/wp-json\/wp\/v2\/types\/post"}],"author":[{"embeddable":true,"href":"https:\/\/voyage-aventure.com\/blog\/wp-json\/wp\/v2\/users\/34"}],"replies":[{"embeddable":true,"href":"https:\/\/voyage-aventure.com\/blog\/wp-json\/wp\/v2\/comments?post=15656"}],"version-history":[{"count":1,"href":"https:\/\/voyage-aventure.com\/blog\/wp-json\/wp\/v2\/posts\/15656\/revisions"}],"predecessor-version":[{"id":15740,"href":"https:\/\/voyage-aventure.com\/blog\/wp-json\/wp\/v2\/posts\/15656\/revisions\/15740"}],"wp:featuredmedia":[{"embeddable":true,"href":"https:\/\/voyage-aventure.com\/blog\/wp-json\/wp\/v2\/media\/20567"}],"wp:attachment":[{"href":"https:\/\/voyage-aventure.com\/blog\/wp-json\/wp\/v2\/media?parent=15656"}],"wp:term":[{"taxonomy":"category","embeddable":true,"href":"https:\/\/voyage-aventure.com\/blog\/wp-json\/wp\/v2\/categories?post=15656"},{"taxonomy":"post_tag","embeddable":true,"href":"https:\/\/voyage-aventure.com\/blog\/wp-json\/wp\/v2\/tags?post=15656"}],"curies":[{"name":"wp","href":"https:\/\/api.w.org\/{rel}","templated":true}]}}