{"id":15632,"date":"2026-06-16T17:18:42","date_gmt":"2026-06-16T15:18:42","guid":{"rendered":"https:\/\/voyage-aventure.com\/blog\/?p=15632"},"modified":"2026-06-16T17:18:42","modified_gmt":"2026-06-16T15:18:42","slug":"trump-face-a-la-pression-democrate-pour-abandonner-son-projet-de-restriction-de-voyage-discriminatoire","status":"publish","type":"post","link":"https:\/\/voyage-aventure.com\/blog\/a-la-une\/trump-face-a-la-pression-democrate-pour-abandonner-son-projet-de-restriction-de-voyage-discriminatoire\/","title":{"rendered":"Trump face \u00e0 la pression d\u00e9mocrate pour abandonner son projet de restriction de voyage discriminatoire"},"content":{"rendered":"<link rel=\"stylesheet\" href=\"https:\/\/fonts.googleapis.com\/css2?family=Newsreader:ital,opsz,wght@0,6..72,500..700;1,6..72,500..600&#038;family=Inter:wght@400;500;600&#038;family=JetBrains+Mono:wght@500&#038;display=swap\">\n<style>\n.vya-actu-wrap{font-family:'Inter',-apple-system,BlinkMacSystemFont,'Segoe UI',sans-serif;color:#23262b;line-height:1.65;}\n.vya-actu-wrap h2{font-family:'Newsreader',Georgia,serif;font-weight:700;font-size:clamp(24px,3.2vw,33px);letter-spacing:-0.01em;color:#15181d;margin:48px 0 14px;line-height:1.2;}\n.vya-actu-wrap p{font-size:17.5px;line-height:1.68;margin:0 0 18px;}\n.vya-actu-dateline{font-family:'JetBrains Mono',monospace;font-size:12px;letter-spacing:1.5px;text-transform:uppercase;color:#9a2b29;font-weight:500;margin:0 0 10px;display:block;}\n.vya-actu-lead{font-family:'Newsreader',Georgia,serif;font-size:21px;line-height:1.5;font-style:italic;color:#3a3e45;margin:0 0 30px;font-weight:500;}\n.vya-actu-essentiel{background:#fbf3f2;border-left:5px solid #9a2b29;border-radius:0 8px 8px 0;padding:24px 26px 26px;margin:30px 0;box-shadow:0 1px 2px rgba(16,24,40,.05),0 12px 28px -18px rgba(16,24,40,.18);}\n.vya-actu-essentiel-k{font-family:'JetBrains Mono',monospace;font-size:11px;font-weight:500;letter-spacing:2.2px;text-transform:uppercase;color:#9a2b29;margin-bottom:14px;}\n.vya-actu-essentiel-grid{display:grid;grid-template-columns:repeat(auto-fit,minmax(220px,1fr));gap:10px;}\n.vya-actu-essentiel-item{display:flex;gap:12px;background:#fff;border:1px solid #f0dad8;padding:13px 15px;border-radius:7px;align-items:flex-start;}\n.vya-actu-essentiel-badge{flex:0 0 auto;font-family:'JetBrains Mono',monospace;font-size:10px;font-weight:500;letter-spacing:1px;text-transform:uppercase;background:#15181d;color:#fff;padding:4px 8px;border-radius:4px;line-height:1;margin-top:2px;}\n.vya-actu-essentiel-txt{font-size:14.5px;line-height:1.5;color:#23262b;}\n.vya-actu-essentiel-txt b{color:#9a2b29;}\n.vya-actu-quote{margin:40px auto;padding:30px 26px;text-align:center;border-top:1px solid #15181d;border-bottom:1px solid #15181d;max-width:660px;position:relative;}\n.vya-actu-quote-mark{position:absolute;top:-22px;left:50%;transform:translateX(-50%);background:#fff;padding:0 14px;font-family:'Newsreader',Georgia,serif;font-size:52px;line-height:1;color:#9a2b29;}\n.vya-actu-quote blockquote{margin:0;padding:0;font-family:'Newsreader',Georgia,serif;font-size:25px;line-height:1.42;font-style:italic;color:#15181d;letter-spacing:-0.005em;}\n.vya-actu-quote-cite{margin-top:16px;font-family:'JetBrains Mono',monospace;font-size:12px;text-transform:uppercase;letter-spacing:1.8px;color:#6a6e76;font-style:normal;}\n.vya-actu-grid{display:grid;grid-template-columns:repeat(auto-fit,minmax(240px,1fr));gap:14px;margin:28px 0;}\n.vya-actu-card{background:#fff;border:1px solid #e6e3dd;border-top:3px solid #9a2b29;border-radius:7px;padding:20px 20px 18px;transition:.25s ease;}\n.vya-actu-card:hover{transform:translateY(-3px);box-shadow:0 10px 26px -14px rgba(16,24,40,.28);}\n.vya-actu-card-n{font-family:'JetBrains Mono',monospace;font-size:12px;font-weight:500;color:#9a2b29;letter-spacing:1px;margin-bottom:8px;}\n.vya-actu-card h3{margin:0 0 6px;font-family:'Newsreader',Georgia,serif;font-size:18px;font-weight:700;color:#15181d;letter-spacing:-0.01em;line-height:1.25;}\n.vya-actu-card-txt{font-size:14px;line-height:1.55;color:#4a4e55;}\n.vya-actu-retenir{background:#f7f5f1;border:1px solid #e6e3dd;border-radius:9px;padding:24px 26px 26px;margin:34px 0;}\n.vya-actu-retenir-k{font-family:'JetBrains Mono',monospace;font-size:11px;font-weight:500;letter-spacing:2.2px;text-transform:uppercase;color:#9a2b29;margin-bottom:16px;}\n.vya-actu-retenir ul{margin:0;padding:0;list-style:none;display:grid;grid-template-columns:repeat(auto-fit,minmax(250px,1fr));gap:10px;}\n.vya-actu-retenir li{display:flex;gap:11px;background:#fff;border:1px solid #ebe8e2;padding:12px 14px;border-radius:6px;align-items:flex-start;font-size:14.5px;line-height:1.5;color:#23262b;}\n.vya-actu-retenir li::before{content:\"\u2014\";color:#9a2b29;font-weight:700;flex:0 0 auto;}\n.vya-actu-faq{margin:36px 0 10px;}\n.vya-actu-faq h2{margin-bottom:6px;}\n.vya-actu-faq-list{border-top:1px solid #ddd9d2;}\n.vya-actu-faq details{border-bottom:1px solid #ddd9d2;}\n.vya-actu-faq summary{cursor:pointer;padding:17px 0;font-family:'Newsreader',Georgia,serif;font-size:18px;font-weight:600;color:#15181d;list-style:none;display:flex;justify-content:space-between;align-items:center;gap:14px;}\n.vya-actu-faq summary::-webkit-details-marker{display:none;}\n.vya-actu-faq summary span:last-child{font-size:24px;font-weight:300;color:#9a2b29;line-height:1;font-family:'Inter',sans-serif;}\n.vya-actu-faq-a{padding:0 0 18px;font-size:15.5px;line-height:1.7;color:#4a4e55;}\n\/*RENDERFIX2*\/.vya-actu-essentiel-badge{color:#eef3f9!important}.vya-actu-essentiel-badge p,.vya-actu-essentiel-badge li,.vya-actu-essentiel-badge strong,.vya-actu-essentiel-badge em,.vya-actu-essentiel-badge a,.vya-actu-essentiel-badge span,.vya-actu-essentiel-badge b,.vya-actu-essentiel-badge td,.vya-actu-essentiel-badge th,.vya-actu-essentiel-badge h2,.vya-actu-essentiel-badge h3,.vya-actu-essentiel-badge h4{color:#eef3f9!important}.vya-actu-essentiel-badge strong,.vya-actu-essentiel-badge b{color:#ffffff!important}<\/style>\n<div class=\"vya-actu-wrap\">\n<span class=\"vya-actu-dateline\">Politique migratoire &middot; \u00c9tats-Unis &middot; 19 mars 2025<\/span><\/p>\n<p class=\"vya-actu-lead\">Un groupe d&rsquo;\u00e9lus d\u00e9mocrates somme l&rsquo;administration Trump d&rsquo;abandonner un projet d&rsquo;interdiction de voyage visant les citoyens de 43 pays, qu&rsquo;ils jugent discriminatoire et lourd de cons\u00e9quences \u00e9conomiques et diplomatiques.<\/p>\n<div class=\"vya-actu-essentiel\">\n<div class=\"vya-actu-essentiel-k\">L&rsquo;essentiel<\/div>\n<div class=\"vya-actu-essentiel-grid\">\n<div class=\"vya-actu-essentiel-item\"><span class=\"vya-actu-essentiel-badge\">Quoi<\/span><span class=\"vya-actu-essentiel-txt\">Projet d&rsquo;interdiction d&rsquo;entr\u00e9e aux \u00c9tats-Unis pour des citoyens de <b>43 pays<\/b>, qualifi\u00e9 de \u201cdisgracieux et discriminatoire\u201d par des d\u00e9put\u00e9s d\u00e9mocrates.<\/span><\/div>\n<div class=\"vya-actu-essentiel-item\"><span class=\"vya-actu-essentiel-badge\">Qui<\/span><span class=\"vya-actu-essentiel-txt\">Des \u00e9lus d\u00e9mocrates, dont la repr\u00e9sentante <b>Yassamin Ansari<\/b>, dans une lettre adress\u00e9e au pr\u00e9sident.<\/span><\/div>\n<div class=\"vya-actu-essentiel-item\"><span class=\"vya-actu-essentiel-badge\">Enjeu<\/span><span class=\"vya-actu-essentiel-txt\">Des r\u00e9percussions redout\u00e9es sur l&rsquo;<b>\u00e9conomie<\/b>, le tourisme, les <b>relations diplomatiques<\/b> et les \u00e9tudiants internationaux.<\/span><\/div>\n<\/p><\/div>\n<\/div>\n<h2>Une r\u00e9action imm\u00e9diate des repr\u00e9sentants<\/h2>\n<p>Un groupe de d\u00e9put\u00e9s d\u00e9mocrates a r\u00e9cemment exprim\u00e9 son indignation face \u00e0 la proposition de Donald Trump d&rsquo;interdire l&rsquo;entr\u00e9e aux \u00c9tats-Unis \u00e0 des citoyens de 43 pays. Selon une \u00e9bauche de document, cette initiative a \u00e9t\u00e9 qualifi\u00e9e de \u201cdisgracieuse et discriminatoire\u201d. Les \u00e9lus estiment que cette mesure se traduit par une stigmatisation injuste et pourrait avoir des cons\u00e9quences n\u00e9fastes sur l&rsquo;\u00e9conomie et les relations internationales.<\/p>\n<p>Dans une lettre adress\u00e9e au pr\u00e9sident, la repr\u00e9sentante Yassamin Ansari a t\u00e9moign\u00e9 de son exp\u00e9rience personnelle en tant que fille d&rsquo;immigrants iraniens. Elle a soulign\u00e9 que le pr\u00e9c\u00e9dent interdit de voyage de 2017 avait d\u00e9j\u00e0 caus\u00e9 des souffrances \u00e0 des familles, y compris la sienne. \u201cCette nouvelle proposition est inacceptable et ne fait qu&rsquo;alimenter la x\u00e9nophobie\u201d, a-t-elle d\u00e9clar\u00e9.<\/p>\n<h2>Les implications \u00e9conomiques et diplomatiques<\/h2>\n<p>Les d\u00e9put\u00e9s d\u00e9mocrates mettent en garde contre les r\u00e9percussions \u00e9conomiques d&rsquo;une interdiction de voyage g\u00e9n\u00e9ralis\u00e9e. Ils soutiennent que cela pourrait nuire au march\u00e9 du travail, \u00e0 l&rsquo;industrie du tourisme et aux \u00e9changes commerciaux globaux. \u201cLa prosp\u00e9rit\u00e9 de notre nation repose sur des relations ouvertes et s\u00e9curis\u00e9es avec le monde, et non sur l&rsquo;isolement\u201d, affirment-ils dans leur lettre.<\/p>\n<p>D&rsquo;un point de vue diplomatique, ces restrictions pourraient \u00e9galement d\u00e9t\u00e9riorer les relations avec des alli\u00e9s cl\u00e9s. Les d\u00e9put\u00e9s soulignent que des mesures aussi drastiques pourraient compromettre la coop\u00e9ration en mati\u00e8re de renseignement et de lutte contre le terrorisme. \u201cNous risquons de perdre des partenaires pr\u00e9cieux, ce qui nuira \u00e0 la s\u00e9curit\u00e9 nationale\u201d, pr\u00e9vient la lettre.<\/p>\n<div class=\"vya-actu-quote\">\n<div class=\"vya-actu-quote-mark\" aria-hidden=\"true\">&laquo;<\/div>\n<blockquote><p>Nous diminuons notre pays en c\u00e9dant \u00e0 l&rsquo;isolement et \u00e0 la suspicion irrationnelle.<\/p><\/blockquote>\n<div class=\"vya-actu-quote-cite\">&mdash; Brad Schneider, repr\u00e9sentant<\/div>\n<\/div>\n<h2>Un appel \u00e0 la r\u00e9\u00e9valuation de la politique migratoire<\/h2>\n<p>Face \u00e0 cette situation, les d\u00e9mocrates appellent l&rsquo;administration Trump \u00e0 reconsid\u00e9rer cette approche extr\u00eame. Ils proposent plut\u00f4t des r\u00e9formes sens\u00e9es, telles que des voies vers la citoyennet\u00e9 pour les immigrants de longue date et un traitement humain des demandeurs d&rsquo;asile. \u201cIl est essentiel d&rsquo;aborder les pr\u00e9occupations l\u00e9gitimes en mati\u00e8re de s\u00e9curit\u00e9 nationale tout en restant fid\u00e8les \u00e0 nos valeurs fondamentales\u201d, affirment-ils.<\/p>\n<p>Les responsables universitaires, notamment dans les institutions de la Ivy League, ont \u00e9galement averti les \u00e9tudiants internationaux de l&rsquo;incertitude qui pourrait survenir avec ce projet d&rsquo;interdiction de voyage. Les cons\u00e9quences sur l&rsquo;\u00e9ducation et la recherche pourraient \u00eatre significatives, alors que les \u00e9tudiants se pr\u00e9parent \u00e0 des retours potentiellement compliqu\u00e9s aux \u00c9tats-Unis.<\/p>\n<div class=\"vya-actu-grid\">\n<div class=\"vya-actu-card\">\n<div class=\"vya-actu-card-n\">01<\/div>\n<h3>March\u00e9 du travail et tourisme<\/h3>\n<div class=\"vya-actu-card-txt\">Les \u00e9lus redoutent un impact direct sur l&#8217;emploi, l&rsquo;industrie touristique et les \u00e9changes commerciaux mondiaux.<\/div>\n<\/p><\/div>\n<div class=\"vya-actu-card\">\n<div class=\"vya-actu-card-n\">02<\/div>\n<h3>Relations avec les alli\u00e9s<\/h3>\n<div class=\"vya-actu-card-txt\">Une interdiction g\u00e9n\u00e9ralis\u00e9e pourrait fragiliser la coop\u00e9ration en mati\u00e8re de renseignement et de lutte antiterroriste.<\/div>\n<\/p><\/div>\n<div class=\"vya-actu-card\">\n<div class=\"vya-actu-card-n\">03<\/div>\n<h3>\u00c9tudiants internationaux<\/h3>\n<div class=\"vya-actu-card-txt\">Les universit\u00e9s de la Ivy League alertent sur l&rsquo;incertitude pesant sur la recherche et les retours sur le territoire.<\/div>\n<\/p><\/div>\n<\/div>\n<p>L&rsquo;initiative de Trump soul\u00e8ve des questions cruciales sur la direction que prend la politique migratoire am\u00e9ricaine. Les d\u00e9mocrates insistent sur le fait que, loin d&rsquo;am\u00e9liorer la s\u00e9curit\u00e9, cette mesure pourrait engendrer plus de probl\u00e8mes qu&rsquo;elle n&rsquo;en r\u00e9sout. Les cons\u00e9quences de telles d\u00e9cisions se feront sentir non seulement sur le plan national, mais \u00e9galement \u00e0 l&rsquo;\u00e9chelle mondiale, affectant la r\u00e9putation des \u00c9tats-Unis en tant que nation accueillante.<\/p>\n<div class=\"vya-actu-retenir\">\n<div class=\"vya-actu-retenir-k\">\u00c0 retenir<\/div>\n<ul>\n<li>Interdiction potentielle de voyage pour 43 pays<\/li>\n<li>Impact sur l&rsquo;\u00e9conomie et le march\u00e9 du travail<\/li>\n<li>Risque de d\u00e9t\u00e9rioration des relations diplomatiques<\/li>\n<li>Appel \u00e0 des r\u00e9formes migratoires sens\u00e9es<\/li>\n<li>Pr\u00e9occupations pour les \u00e9tudiants internationaux<\/li>\n<\/ul>\n<\/div>\n<div class=\"vya-actu-faq\">\n<h2>Questions fr\u00e9quentes<\/h2>\n<div class=\"vya-actu-faq-list\">\n<details>\n<summary><span>Combien de pays seraient concern\u00e9s par le projet d&rsquo;interdiction ?<\/span><span>+<\/span><\/summary>\n<div class=\"vya-actu-faq-a\">Selon une \u00e9bauche de document \u00e9voqu\u00e9e par les d\u00e9put\u00e9s d\u00e9mocrates, le projet viserait l&rsquo;entr\u00e9e aux \u00c9tats-Unis de citoyens de 43 pays.<\/div>\n<\/details>\n<details>\n<summary><span>Pourquoi les d\u00e9mocrates s&rsquo;opposent-ils \u00e0 cette mesure ?<\/span><span>+<\/span><\/summary>\n<div class=\"vya-actu-faq-a\">Ils la jugent discriminatoire et stigmatisante, et redoutent des cons\u00e9quences n\u00e9fastes sur l&rsquo;\u00e9conomie, le march\u00e9 du travail, le tourisme, les \u00e9changes commerciaux et les relations diplomatiques avec des alli\u00e9s cl\u00e9s.<\/div>\n<\/details>\n<details>\n<summary><span>Quelle alternative les d\u00e9mocrates proposent-ils ?<\/span><span>+<\/span><\/summary>\n<div class=\"vya-actu-faq-a\">Ils plaident pour des r\u00e9formes qu&rsquo;ils qualifient de sens\u00e9es, telles que des voies vers la citoyennet\u00e9 pour les immigrants de longue date et un traitement humain des demandeurs d&rsquo;asile, tout en r\u00e9pondant aux pr\u00e9occupations l\u00e9gitimes de s\u00e9curit\u00e9 nationale.<\/div>\n<\/details><\/div>\n<\/div>\n<\/div>\n","protected":false},"excerpt":{"rendered":"","protected":false},"author":34,"featured_media":20684,"comment_status":"open","ping_status":"open","sticky":false,"template":"","format":"standard","meta":{"_acf_changed":false,"manual_indexmenow":false,"indexmenow_id_project":0,"footnotes":""},"categories":[1],"tags":[3726,4593,5688,3170,4635],"class_list":["post-15632","post","type-post","status-publish","format-standard","has-post-thumbnail","hentry","category-a-la-une","tag-conditions-meteorologiques","tag-economie","tag-relations-internationales","tag-securite","tag-voyage","generate-columns","tablet-grid-50","mobile-grid-100","grid-parent","grid-25"],"acf":[],"yoast_head":"<!-- This site is optimized with the Yoast SEO Premium plugin v21.3 (Yoast SEO v25.1) - https:\/\/yoast.com\/wordpress\/plugins\/seo\/ -->\n<title>Trump face \u00e0 la pression d\u00e9mocrate pour abandonner son<\/title>\n<meta name=\"description\" content=\"Un groupe d&#039;\u00e9lus d\u00e9mocrates somme l&#039;administration Trump d&#039;abandonner un projet d&#039;interdiction de voyage visant les citoyens de 43 pays, qu&#039;ils jugent\" \/>\n<meta name=\"robots\" content=\"index, follow, max-snippet:-1, max-image-preview:large, max-video-preview:-1\" \/>\n<link rel=\"canonical\" href=\"https:\/\/voyage-aventure.com\/blog\/a-la-une\/trump-face-a-la-pression-democrate-pour-abandonner-son-projet-de-restriction-de-voyage-discriminatoire\/\" \/>\n<meta property=\"og:locale\" content=\"fr_FR\" \/>\n<meta property=\"og:type\" content=\"article\" \/>\n<meta property=\"og:title\" content=\"Trump face \u00e0 la pression d\u00e9mocrate pour abandonner son\" \/>\n<meta property=\"og:description\" content=\"Un groupe d&#039;\u00e9lus d\u00e9mocrates somme l&#039;administration Trump d&#039;abandonner un projet d&#039;interdiction de voyage visant les citoyens de 43 pays, qu&#039;ils jugent\" \/>\n<meta property=\"og:url\" content=\"https:\/\/voyage-aventure.com\/blog\/a-la-une\/trump-face-a-la-pression-democrate-pour-abandonner-son-projet-de-restriction-de-voyage-discriminatoire\/\" \/>\n<meta property=\"og:site_name\" content=\"voyage-aventure\" \/>\n<meta property=\"og:image\" content=\"https:\/\/voyage-aventure.com\/blog\/wp-content\/uploads\/2025\/05\/sdxl-7f508b1853b71a8912520a0cd5260cd4-scaled.png\" \/>\n\t<meta property=\"og:image:width\" content=\"1200\" \/>\n\t<meta property=\"og:image:height\" content=\"500\" \/>\n\t<meta property=\"og:image:type\" content=\"image\/png\" \/>\n<meta name=\"author\" content=\"Camille Rouvray\" \/>\n<meta name=\"twitter:card\" content=\"summary_large_image\" \/>\n<script type=\"application\/ld+json\" class=\"yoast-schema-graph\">{\"@context\":\"https:\/\/schema.org\",\"@graph\":[{\"@type\":\"NewsArticle\",\"@id\":\"https:\/\/voyage-aventure.com\/blog\/a-la-une\/trump-face-a-la-pression-democrate-pour-abandonner-son-projet-de-restriction-de-voyage-discriminatoire\/#article\",\"isPartOf\":{\"@id\":\"https:\/\/voyage-aventure.com\/blog\/a-la-une\/trump-face-a-la-pression-democrate-pour-abandonner-son-projet-de-restriction-de-voyage-discriminatoire\/\"},\"author\":{\"name\":\"Camille Rouvray\",\"@id\":\"https:\/\/voyage-aventure.com\/blog\/#\/schema\/person\/3c864cdc320801e3db34b663e7e3f816\"},\"headline\":\"Trump face \u00e0 la pression d\u00e9mocrate pour abandonner son projet de restriction de voyage discriminatoire\",\"datePublished\":\"2026-06-16T15:18:42+00:00\",\"mainEntityOfPage\":{\"@id\":\"https:\/\/voyage-aventure.com\/blog\/a-la-une\/trump-face-a-la-pression-democrate-pour-abandonner-son-projet-de-restriction-de-voyage-discriminatoire\/\"},\"wordCount\":888,\"commentCount\":20,\"publisher\":{\"@id\":\"https:\/\/voyage-aventure.com\/blog\/#organization\"},\"image\":{\"@id\":\"https:\/\/voyage-aventure.com\/blog\/a-la-une\/trump-face-a-la-pression-democrate-pour-abandonner-son-projet-de-restriction-de-voyage-discriminatoire\/#primaryimage\"},\"thumbnailUrl\":\"https:\/\/voyage-aventure.com\/blog\/wp-content\/uploads\/2025\/05\/sdxl-7f508b1853b71a8912520a0cd5260cd4-scaled.png\",\"keywords\":[\"Conditions M\u00e9t\u00e9orologiques\",\"\u00c9conomie\",\"Relations Internationales\",\"S\u00e9curit\u00e9\",\"Voyage\"],\"articleSection\":[\"\u00c0 la une\"],\"inLanguage\":\"fr-FR\",\"potentialAction\":[{\"@type\":\"CommentAction\",\"name\":\"Comment\",\"target\":[\"https:\/\/voyage-aventure.com\/blog\/a-la-une\/trump-face-a-la-pression-democrate-pour-abandonner-son-projet-de-restriction-de-voyage-discriminatoire\/#respond\"]}]},{\"@type\":\"WebPage\",\"@id\":\"https:\/\/voyage-aventure.com\/blog\/a-la-une\/trump-face-a-la-pression-democrate-pour-abandonner-son-projet-de-restriction-de-voyage-discriminatoire\/\",\"url\":\"https:\/\/voyage-aventure.com\/blog\/a-la-une\/trump-face-a-la-pression-democrate-pour-abandonner-son-projet-de-restriction-de-voyage-discriminatoire\/\",\"name\":\"Trump face \u00e0 la pression d\u00e9mocrate pour abandonner son\",\"isPartOf\":{\"@id\":\"https:\/\/voyage-aventure.com\/blog\/#website\"},\"primaryImageOfPage\":{\"@id\":\"https:\/\/voyage-aventure.com\/blog\/a-la-une\/trump-face-a-la-pression-democrate-pour-abandonner-son-projet-de-restriction-de-voyage-discriminatoire\/#primaryimage\"},\"image\":{\"@id\":\"https:\/\/voyage-aventure.com\/blog\/a-la-une\/trump-face-a-la-pression-democrate-pour-abandonner-son-projet-de-restriction-de-voyage-discriminatoire\/#primaryimage\"},\"thumbnailUrl\":\"https:\/\/voyage-aventure.com\/blog\/wp-content\/uploads\/2025\/05\/sdxl-7f508b1853b71a8912520a0cd5260cd4-scaled.png\",\"datePublished\":\"2026-06-16T15:18:42+00:00\",\"description\":\"Un groupe d'\u00e9lus d\u00e9mocrates somme l'administration Trump d'abandonner un projet d'interdiction de voyage visant les citoyens de 43 pays, qu'ils jugent\",\"inLanguage\":\"fr-FR\",\"potentialAction\":[{\"@type\":\"ReadAction\",\"target\":[\"https:\/\/voyage-aventure.com\/blog\/a-la-une\/trump-face-a-la-pression-democrate-pour-abandonner-son-projet-de-restriction-de-voyage-discriminatoire\/\"]}]},{\"@type\":\"ImageObject\",\"inLanguage\":\"fr-FR\",\"@id\":\"https:\/\/voyage-aventure.com\/blog\/a-la-une\/trump-face-a-la-pression-democrate-pour-abandonner-son-projet-de-restriction-de-voyage-discriminatoire\/#primaryimage\",\"url\":\"https:\/\/voyage-aventure.com\/blog\/wp-content\/uploads\/2025\/05\/sdxl-7f508b1853b71a8912520a0cd5260cd4-scaled.png\",\"contentUrl\":\"https:\/\/voyage-aventure.com\/blog\/wp-content\/uploads\/2025\/05\/sdxl-7f508b1853b71a8912520a0cd5260cd4-scaled.png\",\"width\":1200,\"height\":500},{\"@type\":\"WebSite\",\"@id\":\"https:\/\/voyage-aventure.com\/blog\/#website\",\"url\":\"https:\/\/voyage-aventure.com\/blog\/\",\"name\":\"voyage-aventure.com\",\"description\":\"Votre passeport pour l\u2019inattendu.\",\"publisher\":{\"@id\":\"https:\/\/voyage-aventure.com\/blog\/#organization\"},\"alternateName\":\"Votre passeport pour l\u2019inattendu.\",\"potentialAction\":[{\"@type\":\"SearchAction\",\"target\":{\"@type\":\"EntryPoint\",\"urlTemplate\":\"https:\/\/voyage-aventure.com\/blog\/?s={search_term_string}\"},\"query-input\":{\"@type\":\"PropertyValueSpecification\",\"valueRequired\":true,\"valueName\":\"search_term_string\"}}],\"inLanguage\":\"fr-FR\"},{\"@type\":\"Organization\",\"@id\":\"https:\/\/voyage-aventure.com\/blog\/#organization\",\"name\":\"Foretsensations.fr\",\"url\":\"https:\/\/voyage-aventure.com\/blog\/\",\"logo\":{\"@type\":\"ImageObject\",\"inLanguage\":\"fr-FR\",\"@id\":\"https:\/\/voyage-aventure.com\/blog\/#\/schema\/logo\/image\/\",\"url\":\"https:\/\/voyage-aventure.com\/blog\/wp-content\/uploads\/2024\/12\/19.png\",\"contentUrl\":\"https:\/\/voyage-aventure.com\/blog\/wp-content\/uploads\/2024\/12\/19.png\",\"width\":512,\"height\":512,\"caption\":\"Foretsensations.fr\"},\"image\":{\"@id\":\"https:\/\/voyage-aventure.com\/blog\/#\/schema\/logo\/image\/\"}},{\"@type\":\"Person\",\"@id\":\"https:\/\/voyage-aventure.com\/blog\/#\/schema\/person\/3c864cdc320801e3db34b663e7e3f816\",\"name\":\"Camille Rouvray\",\"image\":{\"@type\":\"ImageObject\",\"inLanguage\":\"fr-FR\",\"@id\":\"https:\/\/voyage-aventure.com\/blog\/#\/schema\/person\/image\/\",\"url\":\"https:\/\/voyage-aventure.com\/blog\/wp-content\/uploads\/2026\/06\/persona_camille-r-96x96.jpg\",\"contentUrl\":\"https:\/\/voyage-aventure.com\/blog\/wp-content\/uploads\/2026\/06\/persona_camille-r-96x96.jpg\",\"caption\":\"Camille Rouvray\"},\"description\":\"Je voyage et j'\u00e9cris sur le voyage depuis une douzaine d'ann\u00e9es, d'abord en tant que routarde au long cours, puis comme r\u00e9dactrice sp\u00e9cialis\u00e9e. Mon terrain de pr\u00e9dilection, ce sont les circuits organis\u00e9s et l'art de bien pr\u00e9parer un itin\u00e9raire : choix de la saison, dur\u00e9e r\u00e9aliste des \u00e9tapes, budget jour par jour, logement et transport sur place. J'aime aussi raconter les p\u00e9pites urbaines, ces adresses qu'on ne trouve pas dans les guides classiques. Avant de publier un dossier destination, je croise toujours plusieurs sources, je v\u00e9rifie les tarifs et les formalit\u00e9s d'entr\u00e9e \u00e0 jour, et je teste moi-m\u00eame quand je le peux. Mon angle reste pratique avant tout : aider le lecteur \u00e0 partir l'esprit tranquille, sans mauvaise surprise une fois sur place. Je m'attache \u00e0 distinguer le coup de c\u0153ur sinc\u00e8re du simple argument marketing.\",\"sameAs\":[\"https:\/\/camillerouvray.fr\/\"],\"url\":\"https:\/\/voyage-aventure.com\/blog\/auteur\/noname\/\"}]}<\/script>\n<!-- \/ Yoast SEO Premium plugin. -->","yoast_head_json":{"title":"Trump face \u00e0 la pression d\u00e9mocrate pour abandonner son","description":"Un groupe d'\u00e9lus d\u00e9mocrates somme l'administration Trump d'abandonner un projet d'interdiction de voyage visant les citoyens de 43 pays, qu'ils jugent","robots":{"index":"index","follow":"follow","max-snippet":"max-snippet:-1","max-image-preview":"max-image-preview:large","max-video-preview":"max-video-preview:-1"},"canonical":"https:\/\/voyage-aventure.com\/blog\/a-la-une\/trump-face-a-la-pression-democrate-pour-abandonner-son-projet-de-restriction-de-voyage-discriminatoire\/","og_locale":"fr_FR","og_type":"article","og_title":"Trump face \u00e0 la pression d\u00e9mocrate pour abandonner son","og_description":"Un groupe d'\u00e9lus d\u00e9mocrates somme l'administration Trump d'abandonner un projet d'interdiction de voyage visant les citoyens de 43 pays, qu'ils jugent","og_url":"https:\/\/voyage-aventure.com\/blog\/a-la-une\/trump-face-a-la-pression-democrate-pour-abandonner-son-projet-de-restriction-de-voyage-discriminatoire\/","og_site_name":"voyage-aventure","og_image":[{"width":1200,"height":500,"url":"https:\/\/voyage-aventure.com\/blog\/wp-content\/uploads\/2025\/05\/sdxl-7f508b1853b71a8912520a0cd5260cd4-scaled.png","type":"image\/png"}],"author":"Camille Rouvray","twitter_card":"summary_large_image","schema":{"@context":"https:\/\/schema.org","@graph":[{"@type":"NewsArticle","@id":"https:\/\/voyage-aventure.com\/blog\/a-la-une\/trump-face-a-la-pression-democrate-pour-abandonner-son-projet-de-restriction-de-voyage-discriminatoire\/#article","isPartOf":{"@id":"https:\/\/voyage-aventure.com\/blog\/a-la-une\/trump-face-a-la-pression-democrate-pour-abandonner-son-projet-de-restriction-de-voyage-discriminatoire\/"},"author":{"name":"Camille Rouvray","@id":"https:\/\/voyage-aventure.com\/blog\/#\/schema\/person\/3c864cdc320801e3db34b663e7e3f816"},"headline":"Trump face \u00e0 la pression d\u00e9mocrate pour abandonner son projet de restriction de voyage discriminatoire","datePublished":"2026-06-16T15:18:42+00:00","mainEntityOfPage":{"@id":"https:\/\/voyage-aventure.com\/blog\/a-la-une\/trump-face-a-la-pression-democrate-pour-abandonner-son-projet-de-restriction-de-voyage-discriminatoire\/"},"wordCount":888,"commentCount":20,"publisher":{"@id":"https:\/\/voyage-aventure.com\/blog\/#organization"},"image":{"@id":"https:\/\/voyage-aventure.com\/blog\/a-la-une\/trump-face-a-la-pression-democrate-pour-abandonner-son-projet-de-restriction-de-voyage-discriminatoire\/#primaryimage"},"thumbnailUrl":"https:\/\/voyage-aventure.com\/blog\/wp-content\/uploads\/2025\/05\/sdxl-7f508b1853b71a8912520a0cd5260cd4-scaled.png","keywords":["Conditions M\u00e9t\u00e9orologiques","\u00c9conomie","Relations Internationales","S\u00e9curit\u00e9","Voyage"],"articleSection":["\u00c0 la une"],"inLanguage":"fr-FR","potentialAction":[{"@type":"CommentAction","name":"Comment","target":["https:\/\/voyage-aventure.com\/blog\/a-la-une\/trump-face-a-la-pression-democrate-pour-abandonner-son-projet-de-restriction-de-voyage-discriminatoire\/#respond"]}]},{"@type":"WebPage","@id":"https:\/\/voyage-aventure.com\/blog\/a-la-une\/trump-face-a-la-pression-democrate-pour-abandonner-son-projet-de-restriction-de-voyage-discriminatoire\/","url":"https:\/\/voyage-aventure.com\/blog\/a-la-une\/trump-face-a-la-pression-democrate-pour-abandonner-son-projet-de-restriction-de-voyage-discriminatoire\/","name":"Trump face \u00e0 la pression d\u00e9mocrate pour abandonner son","isPartOf":{"@id":"https:\/\/voyage-aventure.com\/blog\/#website"},"primaryImageOfPage":{"@id":"https:\/\/voyage-aventure.com\/blog\/a-la-une\/trump-face-a-la-pression-democrate-pour-abandonner-son-projet-de-restriction-de-voyage-discriminatoire\/#primaryimage"},"image":{"@id":"https:\/\/voyage-aventure.com\/blog\/a-la-une\/trump-face-a-la-pression-democrate-pour-abandonner-son-projet-de-restriction-de-voyage-discriminatoire\/#primaryimage"},"thumbnailUrl":"https:\/\/voyage-aventure.com\/blog\/wp-content\/uploads\/2025\/05\/sdxl-7f508b1853b71a8912520a0cd5260cd4-scaled.png","datePublished":"2026-06-16T15:18:42+00:00","description":"Un groupe d'\u00e9lus d\u00e9mocrates somme l'administration Trump d'abandonner un projet d'interdiction de voyage visant les citoyens de 43 pays, qu'ils jugent","inLanguage":"fr-FR","potentialAction":[{"@type":"ReadAction","target":["https:\/\/voyage-aventure.com\/blog\/a-la-une\/trump-face-a-la-pression-democrate-pour-abandonner-son-projet-de-restriction-de-voyage-discriminatoire\/"]}]},{"@type":"ImageObject","inLanguage":"fr-FR","@id":"https:\/\/voyage-aventure.com\/blog\/a-la-une\/trump-face-a-la-pression-democrate-pour-abandonner-son-projet-de-restriction-de-voyage-discriminatoire\/#primaryimage","url":"https:\/\/voyage-aventure.com\/blog\/wp-content\/uploads\/2025\/05\/sdxl-7f508b1853b71a8912520a0cd5260cd4-scaled.png","contentUrl":"https:\/\/voyage-aventure.com\/blog\/wp-content\/uploads\/2025\/05\/sdxl-7f508b1853b71a8912520a0cd5260cd4-scaled.png","width":1200,"height":500},{"@type":"WebSite","@id":"https:\/\/voyage-aventure.com\/blog\/#website","url":"https:\/\/voyage-aventure.com\/blog\/","name":"voyage-aventure.com","description":"Votre passeport pour l\u2019inattendu.","publisher":{"@id":"https:\/\/voyage-aventure.com\/blog\/#organization"},"alternateName":"Votre passeport pour l\u2019inattendu.","potentialAction":[{"@type":"SearchAction","target":{"@type":"EntryPoint","urlTemplate":"https:\/\/voyage-aventure.com\/blog\/?s={search_term_string}"},"query-input":{"@type":"PropertyValueSpecification","valueRequired":true,"valueName":"search_term_string"}}],"inLanguage":"fr-FR"},{"@type":"Organization","@id":"https:\/\/voyage-aventure.com\/blog\/#organization","name":"Foretsensations.fr","url":"https:\/\/voyage-aventure.com\/blog\/","logo":{"@type":"ImageObject","inLanguage":"fr-FR","@id":"https:\/\/voyage-aventure.com\/blog\/#\/schema\/logo\/image\/","url":"https:\/\/voyage-aventure.com\/blog\/wp-content\/uploads\/2024\/12\/19.png","contentUrl":"https:\/\/voyage-aventure.com\/blog\/wp-content\/uploads\/2024\/12\/19.png","width":512,"height":512,"caption":"Foretsensations.fr"},"image":{"@id":"https:\/\/voyage-aventure.com\/blog\/#\/schema\/logo\/image\/"}},{"@type":"Person","@id":"https:\/\/voyage-aventure.com\/blog\/#\/schema\/person\/3c864cdc320801e3db34b663e7e3f816","name":"Camille Rouvray","image":{"@type":"ImageObject","inLanguage":"fr-FR","@id":"https:\/\/voyage-aventure.com\/blog\/#\/schema\/person\/image\/","url":"https:\/\/voyage-aventure.com\/blog\/wp-content\/uploads\/2026\/06\/persona_camille-r-96x96.jpg","contentUrl":"https:\/\/voyage-aventure.com\/blog\/wp-content\/uploads\/2026\/06\/persona_camille-r-96x96.jpg","caption":"Camille Rouvray"},"description":"Je voyage et j'\u00e9cris sur le voyage depuis une douzaine d'ann\u00e9es, d'abord en tant que routarde au long cours, puis comme r\u00e9dactrice sp\u00e9cialis\u00e9e. Mon terrain de pr\u00e9dilection, ce sont les circuits organis\u00e9s et l'art de bien pr\u00e9parer un itin\u00e9raire : choix de la saison, dur\u00e9e r\u00e9aliste des \u00e9tapes, budget jour par jour, logement et transport sur place. J'aime aussi raconter les p\u00e9pites urbaines, ces adresses qu'on ne trouve pas dans les guides classiques. Avant de publier un dossier destination, je croise toujours plusieurs sources, je v\u00e9rifie les tarifs et les formalit\u00e9s d'entr\u00e9e \u00e0 jour, et je teste moi-m\u00eame quand je le peux. Mon angle reste pratique avant tout : aider le lecteur \u00e0 partir l'esprit tranquille, sans mauvaise surprise une fois sur place. Je m'attache \u00e0 distinguer le coup de c\u0153ur sinc\u00e8re du simple argument marketing.","sameAs":["https:\/\/camillerouvray.fr\/"],"url":"https:\/\/voyage-aventure.com\/blog\/auteur\/noname\/"}]}},"_links":{"self":[{"href":"https:\/\/voyage-aventure.com\/blog\/wp-json\/wp\/v2\/posts\/15632","targetHints":{"allow":["GET"]}}],"collection":[{"href":"https:\/\/voyage-aventure.com\/blog\/wp-json\/wp\/v2\/posts"}],"about":[{"href":"https:\/\/voyage-aventure.com\/blog\/wp-json\/wp\/v2\/types\/post"}],"author":[{"embeddable":true,"href":"https:\/\/voyage-aventure.com\/blog\/wp-json\/wp\/v2\/users\/34"}],"replies":[{"embeddable":true,"href":"https:\/\/voyage-aventure.com\/blog\/wp-json\/wp\/v2\/comments?post=15632"}],"version-history":[{"count":3,"href":"https:\/\/voyage-aventure.com\/blog\/wp-json\/wp\/v2\/posts\/15632\/revisions"}],"predecessor-version":[{"id":22835,"href":"https:\/\/voyage-aventure.com\/blog\/wp-json\/wp\/v2\/posts\/15632\/revisions\/22835"}],"wp:featuredmedia":[{"embeddable":true,"href":"https:\/\/voyage-aventure.com\/blog\/wp-json\/wp\/v2\/media\/20684"}],"wp:attachment":[{"href":"https:\/\/voyage-aventure.com\/blog\/wp-json\/wp\/v2\/media?parent=15632"}],"wp:term":[{"taxonomy":"category","embeddable":true,"href":"https:\/\/voyage-aventure.com\/blog\/wp-json\/wp\/v2\/categories?post=15632"},{"taxonomy":"post_tag","embeddable":true,"href":"https:\/\/voyage-aventure.com\/blog\/wp-json\/wp\/v2\/tags?post=15632"}],"curies":[{"name":"wp","href":"https:\/\/api.w.org\/{rel}","templated":true}]}}