{"id":15631,"date":"2025-03-19T19:28:34","date_gmt":"2025-03-19T18:28:34","guid":{"rendered":"https:\/\/voyage-aventure.com\/blog\/?p=15631"},"modified":"2025-03-19T19:28:34","modified_gmt":"2025-03-19T18:28:34","slug":"allemagne-met-en-garde-ses-citoyens-face-aux-risques-de-detention-aux-etats-unis","status":"publish","type":"post","link":"https:\/\/voyage-aventure.com\/blog\/a-la-une\/allemagne-met-en-garde-ses-citoyens-face-aux-risques-de-detention-aux-etats-unis\/","title":{"rendered":"Allemagne met en garde ses citoyens face aux risques de d\u00e9tention aux \u00c9tats-Unis"},"content":{"rendered":"<h2>Des avertissements de l&rsquo;Allemagne pour les voyageurs<\/h2>\n<p>La r\u00e9cente mise \u00e0 jour des conseils de voyage par le gouvernement allemand a suscit\u00e9 des inqui\u00e9tudes parmi les citoyens pr\u00e9voyant de se rendre aux \u00c9tats-Unis. En effet, l&rsquo;office des affaires \u00e9trang\u00e8res a soulign\u00e9 que les politiques d&rsquo;immigration plus strictes sous l&rsquo;administration Trump pourraient entra\u00eener des d\u00e9tentions. M\u00eame des infractions mineures peuvent maintenant conduire \u00e0 des cons\u00e9quences graves, comme la d\u00e9portation.<\/p>\n<p>Le minist\u00e8re a particuli\u00e8rement \u00e9voqu\u00e9 les r\u00e9cents incidents impliquant trois citoyens allemands qui ont \u00e9t\u00e9 arr\u00eat\u00e9s \u00e0 leur arriv\u00e9e sur le sol am\u00e9ricain. Bien que le gouvernement n&rsquo;ait pas \u00e9mis d&rsquo;avertissement formel, l&rsquo;inqui\u00e9tude grandit quant \u00e0 la s\u00e9curit\u00e9 des voyageurs et aux \u00e9ventuelles violations des droits humains.<\/p>\n<h2>Cas de d\u00e9tentions inqui\u00e9tants<\/h2>\n<p>Les cas r\u00e9cents de d\u00e9tention de citoyens allemands \u00e0 l&rsquo;entr\u00e9e des \u00c9tats-Unis soul\u00e8vent des questions sur l&rsquo;application des lois d&rsquo;immigration. Un des cas les plus m\u00e9diatis\u00e9s est celui de Fabian Schmidt, un r\u00e9sident l\u00e9gal am\u00e9ricain, qui a d\u00e9crit des conditions de d\u00e9tention d\u00e9gradantes. Selon sa m\u00e8re, il aurait \u00e9t\u00e9 \u00ab\u00a0violently interrogated\u00a0\u00bb et soumis \u00e0 des traitements inhumains.<\/p>\n<p>Les autres citoyens allemands concern\u00e9s, une artiste tatoueuse et un jeune homme, ont \u00e9galement \u00e9t\u00e9 soumis \u00e0 des interrogations qui pourraient sembler abusives. Ces \u00e9v\u00e9nements ont amen\u00e9 le gouvernement allemand \u00e0 prendre des mesures proactives pour informer ses citoyens des risques potentiels.<\/p>\n<p><iframe loading=\"lazy\" title=\"\u00c9tats-Unis : la folie de la d\u00e9fense\" width=\"1200\" height=\"675\" src=\"https:\/\/www.youtube.com\/embed\/kLtP1te9KzA?feature=oembed\" frameborder=\"0\" allow=\"accelerometer; autoplay; clipboard-write; encrypted-media; gyroscope; picture-in-picture; web-share\" referrerpolicy=\"strict-origin-when-cross-origin\" allowfullscreen><\/iframe><\/p>\n<h2>Quelles implications pour les voyageurs allemands?<\/h2>\n<p>Les voyageurs allemands doivent maintenant \u00eatre conscients que m\u00eame un l\u00e9ger d\u00e9passement de visa ou des informations erron\u00e9es sur le but de leur s\u00e9jour peuvent avoir des r\u00e9percussions graves. Les avertissements de l&rsquo;office des affaires \u00e9trang\u00e8res stipulent clairement que de tels cas peuvent mener \u00e0 l&rsquo;arrestation et \u00e0 la d\u00e9portation. <\/p>\n<p>Il est donc essentiel pour les citoyens allemands de bien se pr\u00e9parer avant leur voyage. Voici quelques conseils pratiques \u00e0 garder \u00e0 l&rsquo;esprit :<\/p>\n<ul>\n<li>V\u00e9rifiez la validit\u00e9 de votre visa et des documents de voyage.<\/li>\n<li>\u00c9vitez de fournir des informations inexactes lors des contr\u00f4les d&rsquo;immigration.<\/li>\n<li>Renseignez-vous sur les lois d&rsquo;immigration am\u00e9ricaines avant de partir.<\/li>\n<\/ul>\n<blockquote><p>\n\u00ab\u00a0A criminal conviction in the United States, false information regarding the purpose of stay, or even a slight overstay of the visa upon entry or exit can lead to arrest, detention, and deportation upon entry or exit,\u00a0\u00bb according to the German Foreign Office advisory.\n<\/p><\/blockquote>\n<p>Il est crucial que les voyageurs fassent preuve de prudence et de diligence. La situation actuelle met en lumi\u00e8re les tensions croissantes entre les \u00c9tats-Unis et d&rsquo;autres nations, et la n\u00e9cessit\u00e9 d&rsquo;une vigilance accrue en mati\u00e8re de voyage. Les citoyens allemands doivent \u00eatre inform\u00e9s des risques pour garantir une exp\u00e9rience de voyage sans incident.<\/p>\n","protected":false},"excerpt":{"rendered":"","protected":false},"author":34,"featured_media":19713,"comment_status":"open","ping_status":"open","sticky":false,"template":"","format":"standard","meta":{"_acf_changed":false,"manual_indexmenow":false,"indexmenow_id_project":0,"footnotes":""},"categories":[1],"tags":[4646,4639,4713,3170,4635],"class_list":["post-15631","post","type-post","status-publish","format-standard","has-post-thumbnail","hentry","category-a-la-une","tag-assistance","tag-aventure","tag-preparation","tag-securite","tag-voyage","generate-columns","tablet-grid-50","mobile-grid-100","grid-parent","grid-25"],"acf":[],"yoast_head":"<!-- This site is optimized with the Yoast SEO Premium plugin v21.3 (Yoast SEO v25.1) - https:\/\/yoast.com\/wordpress\/plugins\/seo\/ -->\n<title>Allemagne met en garde ses citoyens face aux risques de<\/title>\n<meta name=\"description\" content=\"Des avertissements de l&#039;Allemagne pour les voyageurs La r\u00e9cente mise \u00e0 jour des conseils de voyage par le gouvernement allemand a suscit\u00e9 des inqui\u00e9tudes\" \/>\n<meta name=\"robots\" content=\"index, follow, max-snippet:-1, max-image-preview:large, max-video-preview:-1\" \/>\n<link rel=\"canonical\" href=\"https:\/\/voyage-aventure.com\/blog\/a-la-une\/allemagne-met-en-garde-ses-citoyens-face-aux-risques-de-detention-aux-etats-unis\/\" \/>\n<meta property=\"og:locale\" content=\"fr_FR\" \/>\n<meta property=\"og:type\" content=\"article\" \/>\n<meta property=\"og:title\" content=\"Allemagne met en garde ses citoyens face aux risques de\" \/>\n<meta property=\"og:description\" content=\"Des avertissements de l&#039;Allemagne pour les voyageurs La r\u00e9cente mise \u00e0 jour des conseils de voyage par le gouvernement allemand a suscit\u00e9 des inqui\u00e9tudes\" \/>\n<meta property=\"og:url\" content=\"https:\/\/voyage-aventure.com\/blog\/a-la-une\/allemagne-met-en-garde-ses-citoyens-face-aux-risques-de-detention-aux-etats-unis\/\" \/>\n<meta property=\"og:site_name\" content=\"voyage-aventure\" \/>\n<meta property=\"og:image\" content=\"https:\/\/voyage-aventure.com\/blog\/wp-content\/uploads\/2025\/05\/sdxl-ca1941e997e46913c7994a8b967f5796-scaled.png\" \/>\n\t<meta property=\"og:image:width\" content=\"1200\" \/>\n\t<meta property=\"og:image:height\" content=\"500\" \/>\n\t<meta property=\"og:image:type\" content=\"image\/png\" \/>\n<meta name=\"author\" content=\"Camille Rouvray\" \/>\n<meta name=\"twitter:card\" content=\"summary_large_image\" \/>\n<script type=\"application\/ld+json\" class=\"yoast-schema-graph\">{\"@context\":\"https:\/\/schema.org\",\"@graph\":[{\"@type\":\"NewsArticle\",\"@id\":\"https:\/\/voyage-aventure.com\/blog\/a-la-une\/allemagne-met-en-garde-ses-citoyens-face-aux-risques-de-detention-aux-etats-unis\/#article\",\"isPartOf\":{\"@id\":\"https:\/\/voyage-aventure.com\/blog\/a-la-une\/allemagne-met-en-garde-ses-citoyens-face-aux-risques-de-detention-aux-etats-unis\/\"},\"author\":{\"name\":\"Camille Rouvray\",\"@id\":\"https:\/\/voyage-aventure.com\/blog\/#\/schema\/person\/3c864cdc320801e3db34b663e7e3f816\"},\"headline\":\"Allemagne met en garde ses citoyens face aux risques de d\u00e9tention aux \u00c9tats-Unis\",\"datePublished\":\"2025-03-19T18:28:34+00:00\",\"mainEntityOfPage\":{\"@id\":\"https:\/\/voyage-aventure.com\/blog\/a-la-une\/allemagne-met-en-garde-ses-citoyens-face-aux-risques-de-detention-aux-etats-unis\/\"},\"wordCount\":502,\"commentCount\":22,\"publisher\":{\"@id\":\"https:\/\/voyage-aventure.com\/blog\/#organization\"},\"image\":{\"@id\":\"https:\/\/voyage-aventure.com\/blog\/a-la-une\/allemagne-met-en-garde-ses-citoyens-face-aux-risques-de-detention-aux-etats-unis\/#primaryimage\"},\"thumbnailUrl\":\"https:\/\/voyage-aventure.com\/blog\/wp-content\/uploads\/2025\/05\/sdxl-ca1941e997e46913c7994a8b967f5796-scaled.png\",\"keywords\":[\"Assistance\",\"Aventure\",\"Pr\u00e9paration\",\"S\u00e9curit\u00e9\",\"Voyage\"],\"articleSection\":[\"\u00c0 la une\"],\"inLanguage\":\"fr-FR\",\"potentialAction\":[{\"@type\":\"CommentAction\",\"name\":\"Comment\",\"target\":[\"https:\/\/voyage-aventure.com\/blog\/a-la-une\/allemagne-met-en-garde-ses-citoyens-face-aux-risques-de-detention-aux-etats-unis\/#respond\"]}]},{\"@type\":\"WebPage\",\"@id\":\"https:\/\/voyage-aventure.com\/blog\/a-la-une\/allemagne-met-en-garde-ses-citoyens-face-aux-risques-de-detention-aux-etats-unis\/\",\"url\":\"https:\/\/voyage-aventure.com\/blog\/a-la-une\/allemagne-met-en-garde-ses-citoyens-face-aux-risques-de-detention-aux-etats-unis\/\",\"name\":\"Allemagne met en garde ses citoyens face aux risques de\",\"isPartOf\":{\"@id\":\"https:\/\/voyage-aventure.com\/blog\/#website\"},\"primaryImageOfPage\":{\"@id\":\"https:\/\/voyage-aventure.com\/blog\/a-la-une\/allemagne-met-en-garde-ses-citoyens-face-aux-risques-de-detention-aux-etats-unis\/#primaryimage\"},\"image\":{\"@id\":\"https:\/\/voyage-aventure.com\/blog\/a-la-une\/allemagne-met-en-garde-ses-citoyens-face-aux-risques-de-detention-aux-etats-unis\/#primaryimage\"},\"thumbnailUrl\":\"https:\/\/voyage-aventure.com\/blog\/wp-content\/uploads\/2025\/05\/sdxl-ca1941e997e46913c7994a8b967f5796-scaled.png\",\"datePublished\":\"2025-03-19T18:28:34+00:00\",\"description\":\"Des avertissements de l'Allemagne pour les voyageurs La r\u00e9cente mise \u00e0 jour des conseils de voyage par le gouvernement allemand a suscit\u00e9 des inqui\u00e9tudes\",\"inLanguage\":\"fr-FR\",\"potentialAction\":[{\"@type\":\"ReadAction\",\"target\":[\"https:\/\/voyage-aventure.com\/blog\/a-la-une\/allemagne-met-en-garde-ses-citoyens-face-aux-risques-de-detention-aux-etats-unis\/\"]}]},{\"@type\":\"ImageObject\",\"inLanguage\":\"fr-FR\",\"@id\":\"https:\/\/voyage-aventure.com\/blog\/a-la-une\/allemagne-met-en-garde-ses-citoyens-face-aux-risques-de-detention-aux-etats-unis\/#primaryimage\",\"url\":\"https:\/\/voyage-aventure.com\/blog\/wp-content\/uploads\/2025\/05\/sdxl-ca1941e997e46913c7994a8b967f5796-scaled.png\",\"contentUrl\":\"https:\/\/voyage-aventure.com\/blog\/wp-content\/uploads\/2025\/05\/sdxl-ca1941e997e46913c7994a8b967f5796-scaled.png\",\"width\":1200,\"height\":500},{\"@type\":\"WebSite\",\"@id\":\"https:\/\/voyage-aventure.com\/blog\/#website\",\"url\":\"https:\/\/voyage-aventure.com\/blog\/\",\"name\":\"voyage-aventure.com\",\"description\":\"Votre passeport pour l\u2019inattendu.\",\"publisher\":{\"@id\":\"https:\/\/voyage-aventure.com\/blog\/#organization\"},\"alternateName\":\"Votre passeport pour l\u2019inattendu.\",\"potentialAction\":[{\"@type\":\"SearchAction\",\"target\":{\"@type\":\"EntryPoint\",\"urlTemplate\":\"https:\/\/voyage-aventure.com\/blog\/?s={search_term_string}\"},\"query-input\":{\"@type\":\"PropertyValueSpecification\",\"valueRequired\":true,\"valueName\":\"search_term_string\"}}],\"inLanguage\":\"fr-FR\"},{\"@type\":\"Organization\",\"@id\":\"https:\/\/voyage-aventure.com\/blog\/#organization\",\"name\":\"Foretsensations.fr\",\"url\":\"https:\/\/voyage-aventure.com\/blog\/\",\"logo\":{\"@type\":\"ImageObject\",\"inLanguage\":\"fr-FR\",\"@id\":\"https:\/\/voyage-aventure.com\/blog\/#\/schema\/logo\/image\/\",\"url\":\"https:\/\/voyage-aventure.com\/blog\/wp-content\/uploads\/2024\/12\/19.png\",\"contentUrl\":\"https:\/\/voyage-aventure.com\/blog\/wp-content\/uploads\/2024\/12\/19.png\",\"width\":512,\"height\":512,\"caption\":\"Foretsensations.fr\"},\"image\":{\"@id\":\"https:\/\/voyage-aventure.com\/blog\/#\/schema\/logo\/image\/\"}},{\"@type\":\"Person\",\"@id\":\"https:\/\/voyage-aventure.com\/blog\/#\/schema\/person\/3c864cdc320801e3db34b663e7e3f816\",\"name\":\"Camille Rouvray\",\"image\":{\"@type\":\"ImageObject\",\"inLanguage\":\"fr-FR\",\"@id\":\"https:\/\/voyage-aventure.com\/blog\/#\/schema\/person\/image\/\",\"url\":\"https:\/\/voyage-aventure.com\/blog\/wp-content\/uploads\/2026\/06\/persona_camille-r-96x96.jpg\",\"contentUrl\":\"https:\/\/voyage-aventure.com\/blog\/wp-content\/uploads\/2026\/06\/persona_camille-r-96x96.jpg\",\"caption\":\"Camille Rouvray\"},\"description\":\"Je voyage et j'\u00e9cris sur le voyage depuis une douzaine d'ann\u00e9es, d'abord en tant que routarde au long cours, puis comme r\u00e9dactrice sp\u00e9cialis\u00e9e. Mon terrain de pr\u00e9dilection, ce sont les circuits organis\u00e9s et l'art de bien pr\u00e9parer un itin\u00e9raire : choix de la saison, dur\u00e9e r\u00e9aliste des \u00e9tapes, budget jour par jour, logement et transport sur place. J'aime aussi raconter les p\u00e9pites urbaines, ces adresses qu'on ne trouve pas dans les guides classiques. Avant de publier un dossier destination, je croise toujours plusieurs sources, je v\u00e9rifie les tarifs et les formalit\u00e9s d'entr\u00e9e \u00e0 jour, et je teste moi-m\u00eame quand je le peux. Mon angle reste pratique avant tout : aider le lecteur \u00e0 partir l'esprit tranquille, sans mauvaise surprise une fois sur place. Je m'attache \u00e0 distinguer le coup de c\u0153ur sinc\u00e8re du simple argument marketing.\",\"sameAs\":[\"https:\/\/camillerouvray.fr\/\"],\"url\":\"https:\/\/voyage-aventure.com\/blog\/auteur\/noname\/\"}]}<\/script>\n<!-- \/ Yoast SEO Premium plugin. -->","yoast_head_json":{"title":"Allemagne met en garde ses citoyens face aux risques de","description":"Des avertissements de l'Allemagne pour les voyageurs La r\u00e9cente mise \u00e0 jour des conseils de voyage par le gouvernement allemand a suscit\u00e9 des inqui\u00e9tudes","robots":{"index":"index","follow":"follow","max-snippet":"max-snippet:-1","max-image-preview":"max-image-preview:large","max-video-preview":"max-video-preview:-1"},"canonical":"https:\/\/voyage-aventure.com\/blog\/a-la-une\/allemagne-met-en-garde-ses-citoyens-face-aux-risques-de-detention-aux-etats-unis\/","og_locale":"fr_FR","og_type":"article","og_title":"Allemagne met en garde ses citoyens face aux risques de","og_description":"Des avertissements de l'Allemagne pour les voyageurs La r\u00e9cente mise \u00e0 jour des conseils de voyage par le gouvernement allemand a suscit\u00e9 des inqui\u00e9tudes","og_url":"https:\/\/voyage-aventure.com\/blog\/a-la-une\/allemagne-met-en-garde-ses-citoyens-face-aux-risques-de-detention-aux-etats-unis\/","og_site_name":"voyage-aventure","og_image":[{"width":1200,"height":500,"url":"https:\/\/voyage-aventure.com\/blog\/wp-content\/uploads\/2025\/05\/sdxl-ca1941e997e46913c7994a8b967f5796-scaled.png","type":"image\/png"}],"author":"Camille Rouvray","twitter_card":"summary_large_image","schema":{"@context":"https:\/\/schema.org","@graph":[{"@type":"NewsArticle","@id":"https:\/\/voyage-aventure.com\/blog\/a-la-une\/allemagne-met-en-garde-ses-citoyens-face-aux-risques-de-detention-aux-etats-unis\/#article","isPartOf":{"@id":"https:\/\/voyage-aventure.com\/blog\/a-la-une\/allemagne-met-en-garde-ses-citoyens-face-aux-risques-de-detention-aux-etats-unis\/"},"author":{"name":"Camille Rouvray","@id":"https:\/\/voyage-aventure.com\/blog\/#\/schema\/person\/3c864cdc320801e3db34b663e7e3f816"},"headline":"Allemagne met en garde ses citoyens face aux risques de d\u00e9tention aux \u00c9tats-Unis","datePublished":"2025-03-19T18:28:34+00:00","mainEntityOfPage":{"@id":"https:\/\/voyage-aventure.com\/blog\/a-la-une\/allemagne-met-en-garde-ses-citoyens-face-aux-risques-de-detention-aux-etats-unis\/"},"wordCount":502,"commentCount":22,"publisher":{"@id":"https:\/\/voyage-aventure.com\/blog\/#organization"},"image":{"@id":"https:\/\/voyage-aventure.com\/blog\/a-la-une\/allemagne-met-en-garde-ses-citoyens-face-aux-risques-de-detention-aux-etats-unis\/#primaryimage"},"thumbnailUrl":"https:\/\/voyage-aventure.com\/blog\/wp-content\/uploads\/2025\/05\/sdxl-ca1941e997e46913c7994a8b967f5796-scaled.png","keywords":["Assistance","Aventure","Pr\u00e9paration","S\u00e9curit\u00e9","Voyage"],"articleSection":["\u00c0 la une"],"inLanguage":"fr-FR","potentialAction":[{"@type":"CommentAction","name":"Comment","target":["https:\/\/voyage-aventure.com\/blog\/a-la-une\/allemagne-met-en-garde-ses-citoyens-face-aux-risques-de-detention-aux-etats-unis\/#respond"]}]},{"@type":"WebPage","@id":"https:\/\/voyage-aventure.com\/blog\/a-la-une\/allemagne-met-en-garde-ses-citoyens-face-aux-risques-de-detention-aux-etats-unis\/","url":"https:\/\/voyage-aventure.com\/blog\/a-la-une\/allemagne-met-en-garde-ses-citoyens-face-aux-risques-de-detention-aux-etats-unis\/","name":"Allemagne met en garde ses citoyens face aux risques de","isPartOf":{"@id":"https:\/\/voyage-aventure.com\/blog\/#website"},"primaryImageOfPage":{"@id":"https:\/\/voyage-aventure.com\/blog\/a-la-une\/allemagne-met-en-garde-ses-citoyens-face-aux-risques-de-detention-aux-etats-unis\/#primaryimage"},"image":{"@id":"https:\/\/voyage-aventure.com\/blog\/a-la-une\/allemagne-met-en-garde-ses-citoyens-face-aux-risques-de-detention-aux-etats-unis\/#primaryimage"},"thumbnailUrl":"https:\/\/voyage-aventure.com\/blog\/wp-content\/uploads\/2025\/05\/sdxl-ca1941e997e46913c7994a8b967f5796-scaled.png","datePublished":"2025-03-19T18:28:34+00:00","description":"Des avertissements de l'Allemagne pour les voyageurs La r\u00e9cente mise \u00e0 jour des conseils de voyage par le gouvernement allemand a suscit\u00e9 des inqui\u00e9tudes","inLanguage":"fr-FR","potentialAction":[{"@type":"ReadAction","target":["https:\/\/voyage-aventure.com\/blog\/a-la-une\/allemagne-met-en-garde-ses-citoyens-face-aux-risques-de-detention-aux-etats-unis\/"]}]},{"@type":"ImageObject","inLanguage":"fr-FR","@id":"https:\/\/voyage-aventure.com\/blog\/a-la-une\/allemagne-met-en-garde-ses-citoyens-face-aux-risques-de-detention-aux-etats-unis\/#primaryimage","url":"https:\/\/voyage-aventure.com\/blog\/wp-content\/uploads\/2025\/05\/sdxl-ca1941e997e46913c7994a8b967f5796-scaled.png","contentUrl":"https:\/\/voyage-aventure.com\/blog\/wp-content\/uploads\/2025\/05\/sdxl-ca1941e997e46913c7994a8b967f5796-scaled.png","width":1200,"height":500},{"@type":"WebSite","@id":"https:\/\/voyage-aventure.com\/blog\/#website","url":"https:\/\/voyage-aventure.com\/blog\/","name":"voyage-aventure.com","description":"Votre passeport pour l\u2019inattendu.","publisher":{"@id":"https:\/\/voyage-aventure.com\/blog\/#organization"},"alternateName":"Votre passeport pour l\u2019inattendu.","potentialAction":[{"@type":"SearchAction","target":{"@type":"EntryPoint","urlTemplate":"https:\/\/voyage-aventure.com\/blog\/?s={search_term_string}"},"query-input":{"@type":"PropertyValueSpecification","valueRequired":true,"valueName":"search_term_string"}}],"inLanguage":"fr-FR"},{"@type":"Organization","@id":"https:\/\/voyage-aventure.com\/blog\/#organization","name":"Foretsensations.fr","url":"https:\/\/voyage-aventure.com\/blog\/","logo":{"@type":"ImageObject","inLanguage":"fr-FR","@id":"https:\/\/voyage-aventure.com\/blog\/#\/schema\/logo\/image\/","url":"https:\/\/voyage-aventure.com\/blog\/wp-content\/uploads\/2024\/12\/19.png","contentUrl":"https:\/\/voyage-aventure.com\/blog\/wp-content\/uploads\/2024\/12\/19.png","width":512,"height":512,"caption":"Foretsensations.fr"},"image":{"@id":"https:\/\/voyage-aventure.com\/blog\/#\/schema\/logo\/image\/"}},{"@type":"Person","@id":"https:\/\/voyage-aventure.com\/blog\/#\/schema\/person\/3c864cdc320801e3db34b663e7e3f816","name":"Camille Rouvray","image":{"@type":"ImageObject","inLanguage":"fr-FR","@id":"https:\/\/voyage-aventure.com\/blog\/#\/schema\/person\/image\/","url":"https:\/\/voyage-aventure.com\/blog\/wp-content\/uploads\/2026\/06\/persona_camille-r-96x96.jpg","contentUrl":"https:\/\/voyage-aventure.com\/blog\/wp-content\/uploads\/2026\/06\/persona_camille-r-96x96.jpg","caption":"Camille Rouvray"},"description":"Je voyage et j'\u00e9cris sur le voyage depuis une douzaine d'ann\u00e9es, d'abord en tant que routarde au long cours, puis comme r\u00e9dactrice sp\u00e9cialis\u00e9e. Mon terrain de pr\u00e9dilection, ce sont les circuits organis\u00e9s et l'art de bien pr\u00e9parer un itin\u00e9raire : choix de la saison, dur\u00e9e r\u00e9aliste des \u00e9tapes, budget jour par jour, logement et transport sur place. J'aime aussi raconter les p\u00e9pites urbaines, ces adresses qu'on ne trouve pas dans les guides classiques. Avant de publier un dossier destination, je croise toujours plusieurs sources, je v\u00e9rifie les tarifs et les formalit\u00e9s d'entr\u00e9e \u00e0 jour, et je teste moi-m\u00eame quand je le peux. Mon angle reste pratique avant tout : aider le lecteur \u00e0 partir l'esprit tranquille, sans mauvaise surprise une fois sur place. Je m'attache \u00e0 distinguer le coup de c\u0153ur sinc\u00e8re du simple argument marketing.","sameAs":["https:\/\/camillerouvray.fr\/"],"url":"https:\/\/voyage-aventure.com\/blog\/auteur\/noname\/"}]}},"_links":{"self":[{"href":"https:\/\/voyage-aventure.com\/blog\/wp-json\/wp\/v2\/posts\/15631","targetHints":{"allow":["GET"]}}],"collection":[{"href":"https:\/\/voyage-aventure.com\/blog\/wp-json\/wp\/v2\/posts"}],"about":[{"href":"https:\/\/voyage-aventure.com\/blog\/wp-json\/wp\/v2\/types\/post"}],"author":[{"embeddable":true,"href":"https:\/\/voyage-aventure.com\/blog\/wp-json\/wp\/v2\/users\/34"}],"replies":[{"embeddable":true,"href":"https:\/\/voyage-aventure.com\/blog\/wp-json\/wp\/v2\/comments?post=15631"}],"version-history":[{"count":1,"href":"https:\/\/voyage-aventure.com\/blog\/wp-json\/wp\/v2\/posts\/15631\/revisions"}],"predecessor-version":[{"id":15643,"href":"https:\/\/voyage-aventure.com\/blog\/wp-json\/wp\/v2\/posts\/15631\/revisions\/15643"}],"wp:featuredmedia":[{"embeddable":true,"href":"https:\/\/voyage-aventure.com\/blog\/wp-json\/wp\/v2\/media\/19713"}],"wp:attachment":[{"href":"https:\/\/voyage-aventure.com\/blog\/wp-json\/wp\/v2\/media?parent=15631"}],"wp:term":[{"taxonomy":"category","embeddable":true,"href":"https:\/\/voyage-aventure.com\/blog\/wp-json\/wp\/v2\/categories?post=15631"},{"taxonomy":"post_tag","embeddable":true,"href":"https:\/\/voyage-aventure.com\/blog\/wp-json\/wp\/v2\/tags?post=15631"}],"curies":[{"name":"wp","href":"https:\/\/api.w.org\/{rel}","templated":true}]}}