{"id":15628,"date":"2026-06-16T17:18:32","date_gmt":"2026-06-16T15:18:32","guid":{"rendered":"https:\/\/voyage-aventure.com\/blog\/a-la-une\/voyage-universitaire-alerte-face-aux-nouvelles-restrictions-dimmigration-aux-etats-unis\/"},"modified":"2026-06-16T17:18:32","modified_gmt":"2026-06-16T15:18:32","slug":"voyage-universitaire-alerte-face-aux-nouvelles-restrictions-dimmigration-aux-etats-unis","status":"publish","type":"post","link":"https:\/\/voyage-aventure.com\/blog\/a-la-une\/voyage-universitaire-alerte-face-aux-nouvelles-restrictions-dimmigration-aux-etats-unis\/","title":{"rendered":"Voyage universitaire : alerte face aux nouvelles restrictions d&rsquo;immigration aux \u00c9tats-Unis"},"content":{"rendered":"<link rel=\"stylesheet\" href=\"https:\/\/fonts.googleapis.com\/css2?family=Newsreader:ital,opsz,wght@0,6..72,500..700;1,6..72,500..600&#038;family=Inter:wght@400;500;600&#038;family=JetBrains+Mono:wght@500&#038;display=swap\">\n<style>\n.va-actu-wrap{font-family:'Inter',-apple-system,BlinkMacSystemFont,'Segoe UI',sans-serif;color:#23272e;line-height:1.68;font-size:17.5px;max-width:760px;margin:0 auto;}\n.va-actu-wrap h2{font-family:'Newsreader',Georgia,serif;font-weight:700;font-size:clamp(24px,3.2vw,33px);letter-spacing:-0.015em;color:#161a20;margin:46px 0 16px;line-height:1.18;}\n.va-actu-wrap p{margin:0 0 18px;}\n.va-actu-kicker{font-family:'JetBrains Mono',monospace;font-size:12px;font-weight:500;text-transform:uppercase;letter-spacing:2.4px;color:#9a2a2a;margin:0 0 10px;display:block;}\n.va-actu-lead{font-family:'Newsreader',Georgia,serif;font-size:21px;line-height:1.5;color:#34393f;font-style:italic;border-left:4px solid #9a2a2a;padding-left:20px;margin:6px 0 30px;}\n.va-actu-ess{background:#fbf3f2;border:1px solid #f0d6d2;border-left:5px solid #9a2a2a;border-radius:0 8px 8px 0;padding:22px 26px 24px;margin:30px 0;box-shadow:0 1px 2px rgba(16,24,40,.05),0 14px 30px -20px rgba(154,42,42,.35);}\n.va-actu-ess .va-actu-h{font-family:'JetBrains Mono',monospace;font-size:11.5px;font-weight:500;text-transform:uppercase;letter-spacing:2.4px;color:#9a2a2a;margin-bottom:14px;}\n.va-actu-ess ul{margin:0;padding:0;list-style:none;display:grid;gap:11px;}\n.va-actu-ess li{display:flex;gap:12px;align-items:flex-start;font-size:15.5px;line-height:1.55;color:#2c3036;}\n.va-actu-ess li span.k{flex:0 0 auto;font-family:'JetBrains Mono',monospace;font-size:11px;font-weight:500;text-transform:uppercase;letter-spacing:1px;color:#fff;background:#9a2a2a;padding:3px 9px;border-radius:4px;margin-top:1px;}\n.va-actu-pq{margin:38px auto;padding:26px 26px 22px;text-align:center;border-top:1px solid #161a20;border-bottom:1px solid #161a20;max-width:660px;position:relative;}\n.va-actu-pq .q{position:absolute;top:-22px;left:50%;transform:translateX(-50%);background:#fff;padding:0 16px;font-family:'Newsreader',Georgia,serif;font-size:50px;line-height:1;color:#9a2a2a;}\n.va-actu-pq blockquote{margin:0;padding:0;font-family:'Newsreader',Georgia,serif;font-size:23px;line-height:1.45;font-style:italic;color:#161a20;letter-spacing:-0.005em;}\n.va-actu-pq figcaption{margin-top:14px;font-family:'JetBrains Mono',monospace;font-size:11px;text-transform:uppercase;letter-spacing:2px;color:#6a6f76;}\n.va-actu-cards{display:grid;grid-template-columns:repeat(auto-fit,minmax(230px,1fr));gap:14px;margin:30px 0;}\n.va-actu-card{background:#fff;border:1px solid #e6e3dd;border-top:3px solid #9a2a2a;border-radius:8px;padding:18px 20px 16px;transition:.25s ease;box-shadow:0 1px 2px rgba(16,24,40,.04);}\n.va-actu-card:hover{transform:translateY(-3px);box-shadow:0 1px 2px rgba(16,24,40,.05),0 16px 32px -18px rgba(16,24,40,.22);}\n.va-actu-card .n{display:inline-flex;align-items:center;justify-content:center;width:34px;height:34px;border-radius:50%;background:#fbf3f2;font-family:'Newsreader',serif;font-weight:700;font-size:16px;color:#9a2a2a;margin-bottom:11px;}\n.va-actu-card h3{margin:0 0 6px;font-family:'Inter',sans-serif;font-size:16px;font-weight:600;color:#161a20;letter-spacing:-0.01em;}\n.va-actu-card .va-actu-txt{font-size:14px;line-height:1.55;color:#4a4f56;}\n.va-actu-retenir{background:#fafaf7;border:1px solid #e6e3dd;border-radius:10px;padding:24px 26px 26px;margin:34px 0;}\n.va-actu-retenir .va-actu-h{font-family:'JetBrains Mono',monospace;font-size:11.5px;font-weight:500;text-transform:uppercase;letter-spacing:2.4px;color:#9a2a2a;margin-bottom:16px;}\n.va-actu-retenir ul{margin:0;padding:0;list-style:none;display:grid;grid-template-columns:repeat(auto-fit,minmax(240px,1fr));gap:10px;}\n.va-actu-retenir li{display:flex;gap:12px;background:#fff;border:1px solid #ebe8e2;padding:12px 14px;border-radius:7px;align-items:flex-start;font-size:14.5px;line-height:1.5;color:#2c3036;}\n.va-actu-retenir li b{flex:0 0 24px;width:24px;height:24px;background:#9a2a2a;color:#fff;border-radius:50%;display:inline-flex;align-items:center;justify-content:center;font-size:12px;font-weight:700;}\n.va-actu-note{background:#f4f6f8;border-left:4px solid #5a6068;padding:15px 19px;margin:30px 0;border-radius:0 6px 6px 0;font-size:14.5px;line-height:1.55;color:#3a3f46;}\n.va-actu-note b{color:#23272e;}\n.va-actu-faq{margin:36px 0 12px;}\n.va-actu-faq h2{margin-bottom:8px;}\n.va-actu-faq .va-actu-acc{border-top:1px solid #e0ddd6;}\n.va-actu-faq details{border-bottom:1px solid #e0ddd6;}\n.va-actu-faq summary{cursor:pointer;padding:16px 0;font-family:'Newsreader',Georgia,serif;font-size:18px;font-weight:600;color:#161a20;list-style:none;display:flex;justify-content:space-between;align-items:center;gap:14px;}\n.va-actu-faq summary::-webkit-details-marker{display:none;}\n.va-actu-faq summary .pm{font-family:'Inter',sans-serif;font-size:22px;font-weight:400;color:#9a2a2a;line-height:1;}\n.va-actu-faq .a{padding:0 0 16px;font-size:15.5px;line-height:1.7;color:#4a4f56;}\n.va-actu-wrap a{color:#9a2a2a;text-decoration:underline;text-underline-offset:2px;}\n@media(max-width:640px){.va-actu-wrap{font-size:16.5px;}}\n\/*RENDERFIX2*\/.va-actu-ess li span.k{color:#eef3f9!important}.va-actu-ess li span.k p,.va-actu-ess li span.k li,.va-actu-ess li span.k strong,.va-actu-ess li span.k em,.va-actu-ess li span.k a,.va-actu-ess li span.k span,.va-actu-ess li span.k b,.va-actu-ess li span.k td,.va-actu-ess li span.k th,.va-actu-ess li span.k h2,.va-actu-ess li span.k h3,.va-actu-ess li span.k h4{color:#eef3f9!important}.va-actu-ess li span.k strong,.va-actu-ess li span.k b{color:#ffffff!important}.va-actu-retenir li b{color:#eef3f9!important}.va-actu-retenir li b p,.va-actu-retenir li b li,.va-actu-retenir li b strong,.va-actu-retenir li b em,.va-actu-retenir li b a,.va-actu-retenir li b span,.va-actu-retenir li b b,.va-actu-retenir li b td,.va-actu-retenir li b th,.va-actu-retenir li b h2,.va-actu-retenir li b h3,.va-actu-retenir li b h4{color:#eef3f9!important}.va-actu-retenir li b strong,.va-actu-retenir li b b{color:#ffffff!important}<\/style>\n<div class=\"va-actu-wrap\">\n<span class=\"va-actu-kicker\">Immigration \u00b7 Enseignement sup\u00e9rieur \u00b7 \u00c9tats-Unis<\/span><\/p>\n<div class=\"va-actu-lead\">Aux \u00c9tats-Unis, l&rsquo;\u00e9largissement des pouvoirs de l&rsquo;ICE et les nouvelles restrictions d&rsquo;immigration installent un climat d&rsquo;inqui\u00e9tude sur les campus. \u00c9tudiants et personnel internationaux sont d\u00e9sormais appel\u00e9s \u00e0 la prudence avant tout voyage.<\/div>\n<div class=\"va-actu-ess\">\n<div class=\"va-actu-h\">L&rsquo;essentiel<\/div>\n<ul>\n<li><span class=\"k\">Quoi<\/span><span>Des avertissements ont \u00e9t\u00e9 \u00e9mis aux \u00e9tudiants et au personnel international apr\u00e8s la d\u00e9portation d&rsquo;un membre du corps professoral, sur fond de pouvoirs \u00e9largis accord\u00e9s \u00e0 l&rsquo;ICE pr\u00e8s des lieux sensibles.<\/span><\/li>\n<li><span class=\"k\">Qui<\/span><span>La communaut\u00e9 universitaire am\u00e9ricaine, dont Brown University, et des cas embl\u00e9matiques comme celui de la professeure Rasha Alawieh, m\u00e9decin \u00e0 Brown, d\u00e9tenue \u00e0 l&rsquo;a\u00e9roport de Boston.<\/span><\/li>\n<li><span class=\"k\">Pourquoi<\/span><span>Les campus, longtemps per\u00e7us comme des refuges, sont d\u00e9sormais consid\u00e9r\u00e9s comme des zones \u00e0 risque, ce qui soul\u00e8ve des pr\u00e9occupations sur l&rsquo;acc\u00e8s \u00e0 l&rsquo;\u00e9ducation et la libert\u00e9 d&rsquo;expression acad\u00e9mique.<\/span><\/li>\n<\/ul>\n<\/div>\n<p>R\u00e9cemment, des avertissements ont \u00e9t\u00e9 \u00e9mis pour les \u00e9tudiants et le personnel international apr\u00e8s la d\u00e9portation d&rsquo;un membre du corps professoral. Ces d\u00e9cisions cr\u00e9ent une atmosph\u00e8re de crainte parmi ceux qui souhaitent poursuivre leurs \u00e9tudes ou leur recherche aux \u00c9tats-Unis. La vid\u00e9o ci-dessous revient sur le contexte de ces tensions : https:\/\/youtu.be\/_83cZ1okcuk<\/p>\n<h2>Un contexte incertain pour les \u00e9tudiants internationaux<\/h2>\n<p>Le contexte s&rsquo;est intensifi\u00e9 avec les actions de l&rsquo;ICE (Immigration and Customs Enforcement), qui a re\u00e7u des pouvoirs \u00e9largis pour op\u00e9rer pr\u00e8s des lieux sensibles. Les campus universitaires, jadis per\u00e7us comme des refuges, sont d\u00e9sormais consid\u00e9r\u00e9s comme des zones \u00e0 risque o\u00f9 des arrestations peuvent survenir \u00e0 tout moment.<\/p>\n<div class=\"va-actu-cards\">\n<div class=\"va-actu-card\">\n<div class=\"n\">1<\/div>\n<h3>Des campus expos\u00e9s<\/h3>\n<div class=\"va-actu-txt\">Les lieux d&rsquo;enseignement, autrefois vus comme des espaces prot\u00e9g\u00e9s, peuvent d\u00e9sormais faire l&rsquo;objet d&rsquo;interventions.<\/div>\n<\/p><\/div>\n<div class=\"va-actu-card\">\n<div class=\"n\">2<\/div>\n<h3>Une vigilance avant les voyages<\/h3>\n<div class=\"va-actu-txt\">Les d\u00e9placements internationaux deviennent un point sensible pour les voyageurs concern\u00e9s par ces mesures.<\/div>\n<\/p><\/div>\n<div class=\"va-actu-card\">\n<div class=\"n\">3<\/div>\n<h3>Un climat d&rsquo;incertitude<\/h3>\n<div class=\"va-actu-txt\">L&rsquo;atmosph\u00e8re de crainte touche aussi bien la s\u00e9curit\u00e9 des personnes que le climat acad\u00e9mique.<\/div>\n<\/p><\/div>\n<\/div>\n<h2>Les implications des politiques de Trump sur l&rsquo;immigration<\/h2>\n<p>Les actions du gouvernement Trump, qui visent \u00e0 d\u00e9porter un grand nombre de migrants sans statut l\u00e9gal, ont des cons\u00e9quences directes sur la vie des \u00e9tudiants. La r\u00e9cente arrestation de la Professeure Rasha Alawieh \u00e0 l&rsquo;a\u00e9roport de Boston a mis en lumi\u00e8re une r\u00e9alit\u00e9 troublante. Alawieh, m\u00e9decin \u00e0 Brown, a \u00e9t\u00e9 d\u00e9tenue suite \u00e0 des accusations li\u00e9es \u00e0 des liens avec des groupes consid\u00e9r\u00e9s comme terroristes.<\/p>\n<p>Cette situation a suscit\u00e9 une r\u00e9action forte de la part de la communaut\u00e9 universitaire. Les inqui\u00e9tudes portent non seulement sur la s\u00e9curit\u00e9 des individus, mais aussi sur les impacts plus larges sur le climat acad\u00e9mique et la libert\u00e9 d&rsquo;expression sur les campus.<\/p>\n<h2>R\u00e9actions et pr\u00e9occupations au sein de la communaut\u00e9 universitaire<\/h2>\n<p>La r\u00e9ponse de Brown University \u00e0 cette crise a \u00e9t\u00e9 de communiquer avec ses membres pour les alerter des risques potentiels li\u00e9s aux voyages. Dans un courriel adress\u00e9 aux \u00e9tudiants, l&rsquo;administration a exprim\u00e9 sa pr\u00e9occupation concernant les implications de ces politiques sur le retour des voyageurs. Ces mots r\u00e9sonnent profond\u00e9ment, car ils touchent non seulement \u00e0 des questions d&rsquo;immigration, mais aussi \u00e0 des pr\u00e9occupations humaines fondamentales.<\/p>\n<figure class=\"va-actu-pq\">\n<div class=\"q\" aria-hidden=\"true\">\u00ab<\/div>\n<blockquote><p>Nous reconnaissons que les actions f\u00e9d\u00e9rales li\u00e9es aux voyages continuent d&rsquo;affecter les membres de notre communaut\u00e9 de mani\u00e8re profond\u00e9ment personnelle, y compris l&rsquo;inqui\u00e9tude pour la famille et les amis.<\/blockquote><figcaption>\u2014 Brown University, courriel aux \u00e9tudiants<\/figcaption><\/figure>\n<p>Ce sentiment d&rsquo;incertitude est palpable dans tout le pays, alors que les \u00e9tudiants internationaux font face \u00e0 des choix difficiles. Les pr\u00e9occupations soulev\u00e9es par la communaut\u00e9 acad\u00e9mique ne se limitent pas \u00e0 la d\u00e9portation de certains individus. Elles engendrent \u00e9galement un d\u00e9bat plus large sur la mani\u00e8re dont les politiques d&rsquo;immigration influencent l&rsquo;acc\u00e8s \u00e0 l&rsquo;\u00e9ducation et la diversit\u00e9 des id\u00e9es sur les campus. La situation d&rsquo;Alawieh est embl\u00e9matique des d\u00e9fis auxquels sont confront\u00e9s de nombreux \u00e9tudiants, qui se voient forc\u00e9s de naviguer dans un syst\u00e8me complexe et souvent hostile.<\/p>\n<p>Alors que l&rsquo;administration Trump continue d&rsquo;\u00e9largir ses mesures de s\u00e9curit\u00e9, la pression sur les universit\u00e9s augmente pour prot\u00e9ger leurs \u00e9tudiants. Les responsables universitaires doivent trouver un \u00e9quilibre d\u00e9licat entre le respect des lois et la protection des droits de leurs membres. La situation actuelle soul\u00e8ve des questions cruciales sur l&rsquo;avenir de l&rsquo;\u00e9ducation sup\u00e9rieure aux \u00c9tats-Unis et les valeurs fondamentales de la libert\u00e9 et de l&rsquo;inclusion.<\/p>\n<div class=\"va-actu-retenir\">\n<div class=\"va-actu-h\">\u00c0 retenir<\/div>\n<ul>\n<li><b>1<\/b><span>Des avertissements ont \u00e9t\u00e9 \u00e9mis aux \u00e9tudiants et personnels internationaux apr\u00e8s la d\u00e9portation d&rsquo;un membre du corps professoral.<\/span><\/li>\n<li><b>2<\/b><span>L&rsquo;ICE a re\u00e7u des pouvoirs \u00e9largis pour op\u00e9rer pr\u00e8s des lieux sensibles, dont les campus.<\/span><\/li>\n<li><b>3<\/b><span>L&rsquo;arrestation de la professeure Rasha Alawieh \u00e0 Boston illustre les tensions actuelles.<\/span><\/li>\n<li><b>4<\/b><span>Brown University a alert\u00e9 ses membres sur les risques li\u00e9s aux voyages.<\/span><\/li>\n<li><b>5<\/b><span>Le d\u00e9bat d\u00e9passe l&rsquo;immigration et touche l&rsquo;acc\u00e8s \u00e0 l&rsquo;\u00e9ducation et la libert\u00e9 d&rsquo;expression.<\/span><\/li>\n<\/ul>\n<\/div>\n<section class=\"va-actu-faq\">\n<h2>Questions fr\u00e9quentes<\/h2>\n<div class=\"va-actu-acc\">\n<details>\n<summary><span>Pourquoi les campus am\u00e9ricains sont-ils d\u00e9sormais consid\u00e9r\u00e9s comme des zones \u00e0 risque ?<\/span><span class=\"pm\">+<\/span><\/summary>\n<div class=\"a\">Parce que l&rsquo;ICE a re\u00e7u des pouvoirs \u00e9largis pour op\u00e9rer pr\u00e8s des lieux sensibles. Des campus longtemps per\u00e7us comme des refuges sont aujourd&rsquo;hui vus comme des espaces o\u00f9 des arrestations peuvent survenir.<\/div>\n<\/details>\n<details>\n<summary><span>Qui est Rasha Alawieh et que lui est-il arriv\u00e9 ?<\/span><span class=\"pm\">+<\/span><\/summary>\n<div class=\"a\">Rasha Alawieh est m\u00e9decin \u00e0 Brown. Selon l&rsquo;article, elle a \u00e9t\u00e9 d\u00e9tenue \u00e0 l&rsquo;a\u00e9roport de Boston \u00e0 la suite d&rsquo;accusations li\u00e9es \u00e0 des liens avec des groupes consid\u00e9r\u00e9s comme terroristes. Son cas est pr\u00e9sent\u00e9 comme embl\u00e9matique des tensions actuelles.<\/div>\n<\/details>\n<details>\n<summary><span>Comment Brown University a-t-elle r\u00e9agi ?<\/span><span class=\"pm\">+<\/span><\/summary>\n<div class=\"a\">L&rsquo;universit\u00e9 a communiqu\u00e9 avec ses membres par courriel pour les alerter des risques potentiels li\u00e9s aux voyages et exprimer sa pr\u00e9occupation quant aux implications de ces politiques sur le retour des voyageurs.<\/div>\n<\/details>\n<details>\n<summary><span>En quoi le sujet d\u00e9passe-t-il la seule question de l&rsquo;immigration ?<\/span><span class=\"pm\">+<\/span><\/summary>\n<div class=\"a\">Au-del\u00e0 des cas individuels, les inqui\u00e9tudes portent sur l&rsquo;acc\u00e8s \u00e0 l&rsquo;\u00e9ducation, la diversit\u00e9 des id\u00e9es sur les campus et la libert\u00e9 d&rsquo;expression acad\u00e9mique.<\/div>\n<\/details>\n<\/div>\n<\/section>\n<div class=\"va-actu-note\"><b>Note :<\/b> cet article est informatif et refl\u00e8te une situation dat\u00e9e. Pour toute d\u00e9marche personnelle li\u00e9e \u00e0 un voyage, un visa ou un statut d&rsquo;immigration aux \u00c9tats-Unis, il ne remplace pas l&rsquo;avis d&rsquo;un professionnel comp\u00e9tent (juriste, conseiller en immigration) ni les consignes officielles de votre \u00e9tablissement.<\/div>\n<\/div>\n","protected":false},"excerpt":{"rendered":"","protected":false},"author":34,"featured_media":19718,"comment_status":"open","ping_status":"open","sticky":false,"template":"","format":"standard","meta":{"_acf_changed":false,"manual_indexmenow":false,"indexmenow_id_project":0,"footnotes":""},"categories":[1],"tags":[4221,3664,4713,5688,3170],"class_list":["post-15628","post","type-post","status-publish","format-standard","has-post-thumbnail","hentry","category-a-la-une","tag-culture","tag-education","tag-preparation","tag-relations-internationales","tag-securite","generate-columns","tablet-grid-50","mobile-grid-100","grid-parent","grid-25"],"acf":[],"yoast_head":"<!-- This site is optimized with the Yoast SEO Premium plugin v21.3 (Yoast SEO v25.1) - https:\/\/yoast.com\/wordpress\/plugins\/seo\/ -->\n<title>Voyage universitaire : alerte face aux nouvelles<\/title>\n<meta name=\"description\" content=\"Aux \u00c9tats-Unis, l&#039;\u00e9largissement des pouvoirs de l&#039;ICE et les nouvelles restrictions d&#039;immigration installent un climat d&#039;inqui\u00e9tude sur les campus\" \/>\n<meta name=\"robots\" content=\"index, follow, max-snippet:-1, max-image-preview:large, max-video-preview:-1\" \/>\n<link rel=\"canonical\" href=\"https:\/\/voyage-aventure.com\/blog\/a-la-une\/voyage-universitaire-alerte-face-aux-nouvelles-restrictions-dimmigration-aux-etats-unis\/\" \/>\n<meta property=\"og:locale\" content=\"fr_FR\" \/>\n<meta property=\"og:type\" content=\"article\" \/>\n<meta property=\"og:title\" content=\"Voyage universitaire : alerte face aux nouvelles\" \/>\n<meta property=\"og:description\" content=\"Aux \u00c9tats-Unis, l&#039;\u00e9largissement des pouvoirs de l&#039;ICE et les nouvelles restrictions d&#039;immigration installent un climat d&#039;inqui\u00e9tude sur les campus\" \/>\n<meta property=\"og:url\" content=\"https:\/\/voyage-aventure.com\/blog\/a-la-une\/voyage-universitaire-alerte-face-aux-nouvelles-restrictions-dimmigration-aux-etats-unis\/\" \/>\n<meta property=\"og:site_name\" content=\"voyage-aventure\" \/>\n<meta property=\"og:image\" content=\"https:\/\/voyage-aventure.com\/blog\/wp-content\/uploads\/2025\/05\/sdxl-b081e611008fc8c302f06c3130869afb-scaled.png\" \/>\n\t<meta property=\"og:image:width\" content=\"1200\" \/>\n\t<meta property=\"og:image:height\" content=\"500\" \/>\n\t<meta property=\"og:image:type\" content=\"image\/png\" \/>\n<meta name=\"author\" content=\"Camille Rouvray\" \/>\n<meta name=\"twitter:card\" content=\"summary_large_image\" \/>\n<script type=\"application\/ld+json\" class=\"yoast-schema-graph\">{\"@context\":\"https:\/\/schema.org\",\"@graph\":[{\"@type\":\"NewsArticle\",\"@id\":\"https:\/\/voyage-aventure.com\/blog\/a-la-une\/voyage-universitaire-alerte-face-aux-nouvelles-restrictions-dimmigration-aux-etats-unis\/#article\",\"isPartOf\":{\"@id\":\"https:\/\/voyage-aventure.com\/blog\/a-la-une\/voyage-universitaire-alerte-face-aux-nouvelles-restrictions-dimmigration-aux-etats-unis\/\"},\"author\":{\"name\":\"Camille Rouvray\",\"@id\":\"https:\/\/voyage-aventure.com\/blog\/#\/schema\/person\/3c864cdc320801e3db34b663e7e3f816\"},\"headline\":\"Voyage universitaire : alerte face aux nouvelles restrictions d&rsquo;immigration aux \u00c9tats-Unis\",\"datePublished\":\"2026-06-16T15:18:32+00:00\",\"mainEntityOfPage\":{\"@id\":\"https:\/\/voyage-aventure.com\/blog\/a-la-une\/voyage-universitaire-alerte-face-aux-nouvelles-restrictions-dimmigration-aux-etats-unis\/\"},\"wordCount\":1120,\"commentCount\":25,\"publisher\":{\"@id\":\"https:\/\/voyage-aventure.com\/blog\/#organization\"},\"image\":{\"@id\":\"https:\/\/voyage-aventure.com\/blog\/a-la-une\/voyage-universitaire-alerte-face-aux-nouvelles-restrictions-dimmigration-aux-etats-unis\/#primaryimage\"},\"thumbnailUrl\":\"https:\/\/voyage-aventure.com\/blog\/wp-content\/uploads\/2025\/05\/sdxl-b081e611008fc8c302f06c3130869afb-scaled.png\",\"keywords\":[\"Culture\",\"\u00c9ducation\",\"Pr\u00e9paration\",\"Relations Internationales\",\"S\u00e9curit\u00e9\"],\"articleSection\":[\"\u00c0 la une\"],\"inLanguage\":\"fr-FR\",\"potentialAction\":[{\"@type\":\"CommentAction\",\"name\":\"Comment\",\"target\":[\"https:\/\/voyage-aventure.com\/blog\/a-la-une\/voyage-universitaire-alerte-face-aux-nouvelles-restrictions-dimmigration-aux-etats-unis\/#respond\"]}]},{\"@type\":\"WebPage\",\"@id\":\"https:\/\/voyage-aventure.com\/blog\/a-la-une\/voyage-universitaire-alerte-face-aux-nouvelles-restrictions-dimmigration-aux-etats-unis\/\",\"url\":\"https:\/\/voyage-aventure.com\/blog\/a-la-une\/voyage-universitaire-alerte-face-aux-nouvelles-restrictions-dimmigration-aux-etats-unis\/\",\"name\":\"Voyage universitaire : alerte face aux nouvelles\",\"isPartOf\":{\"@id\":\"https:\/\/voyage-aventure.com\/blog\/#website\"},\"primaryImageOfPage\":{\"@id\":\"https:\/\/voyage-aventure.com\/blog\/a-la-une\/voyage-universitaire-alerte-face-aux-nouvelles-restrictions-dimmigration-aux-etats-unis\/#primaryimage\"},\"image\":{\"@id\":\"https:\/\/voyage-aventure.com\/blog\/a-la-une\/voyage-universitaire-alerte-face-aux-nouvelles-restrictions-dimmigration-aux-etats-unis\/#primaryimage\"},\"thumbnailUrl\":\"https:\/\/voyage-aventure.com\/blog\/wp-content\/uploads\/2025\/05\/sdxl-b081e611008fc8c302f06c3130869afb-scaled.png\",\"datePublished\":\"2026-06-16T15:18:32+00:00\",\"description\":\"Aux \u00c9tats-Unis, l'\u00e9largissement des pouvoirs de l'ICE et les nouvelles restrictions d'immigration installent un climat d'inqui\u00e9tude sur les campus\",\"inLanguage\":\"fr-FR\",\"potentialAction\":[{\"@type\":\"ReadAction\",\"target\":[\"https:\/\/voyage-aventure.com\/blog\/a-la-une\/voyage-universitaire-alerte-face-aux-nouvelles-restrictions-dimmigration-aux-etats-unis\/\"]}]},{\"@type\":\"ImageObject\",\"inLanguage\":\"fr-FR\",\"@id\":\"https:\/\/voyage-aventure.com\/blog\/a-la-une\/voyage-universitaire-alerte-face-aux-nouvelles-restrictions-dimmigration-aux-etats-unis\/#primaryimage\",\"url\":\"https:\/\/voyage-aventure.com\/blog\/wp-content\/uploads\/2025\/05\/sdxl-b081e611008fc8c302f06c3130869afb-scaled.png\",\"contentUrl\":\"https:\/\/voyage-aventure.com\/blog\/wp-content\/uploads\/2025\/05\/sdxl-b081e611008fc8c302f06c3130869afb-scaled.png\",\"width\":1200,\"height\":500},{\"@type\":\"WebSite\",\"@id\":\"https:\/\/voyage-aventure.com\/blog\/#website\",\"url\":\"https:\/\/voyage-aventure.com\/blog\/\",\"name\":\"voyage-aventure.com\",\"description\":\"Votre passeport pour l\u2019inattendu.\",\"publisher\":{\"@id\":\"https:\/\/voyage-aventure.com\/blog\/#organization\"},\"alternateName\":\"Votre passeport pour l\u2019inattendu.\",\"potentialAction\":[{\"@type\":\"SearchAction\",\"target\":{\"@type\":\"EntryPoint\",\"urlTemplate\":\"https:\/\/voyage-aventure.com\/blog\/?s={search_term_string}\"},\"query-input\":{\"@type\":\"PropertyValueSpecification\",\"valueRequired\":true,\"valueName\":\"search_term_string\"}}],\"inLanguage\":\"fr-FR\"},{\"@type\":\"Organization\",\"@id\":\"https:\/\/voyage-aventure.com\/blog\/#organization\",\"name\":\"Foretsensations.fr\",\"url\":\"https:\/\/voyage-aventure.com\/blog\/\",\"logo\":{\"@type\":\"ImageObject\",\"inLanguage\":\"fr-FR\",\"@id\":\"https:\/\/voyage-aventure.com\/blog\/#\/schema\/logo\/image\/\",\"url\":\"https:\/\/voyage-aventure.com\/blog\/wp-content\/uploads\/2024\/12\/19.png\",\"contentUrl\":\"https:\/\/voyage-aventure.com\/blog\/wp-content\/uploads\/2024\/12\/19.png\",\"width\":512,\"height\":512,\"caption\":\"Foretsensations.fr\"},\"image\":{\"@id\":\"https:\/\/voyage-aventure.com\/blog\/#\/schema\/logo\/image\/\"}},{\"@type\":\"Person\",\"@id\":\"https:\/\/voyage-aventure.com\/blog\/#\/schema\/person\/3c864cdc320801e3db34b663e7e3f816\",\"name\":\"Camille Rouvray\",\"image\":{\"@type\":\"ImageObject\",\"inLanguage\":\"fr-FR\",\"@id\":\"https:\/\/voyage-aventure.com\/blog\/#\/schema\/person\/image\/\",\"url\":\"https:\/\/voyage-aventure.com\/blog\/wp-content\/uploads\/2026\/06\/persona_camille-r-96x96.jpg\",\"contentUrl\":\"https:\/\/voyage-aventure.com\/blog\/wp-content\/uploads\/2026\/06\/persona_camille-r-96x96.jpg\",\"caption\":\"Camille Rouvray\"},\"description\":\"Je voyage et j'\u00e9cris sur le voyage depuis une douzaine d'ann\u00e9es, d'abord en tant que routarde au long cours, puis comme r\u00e9dactrice sp\u00e9cialis\u00e9e. Mon terrain de pr\u00e9dilection, ce sont les circuits organis\u00e9s et l'art de bien pr\u00e9parer un itin\u00e9raire : choix de la saison, dur\u00e9e r\u00e9aliste des \u00e9tapes, budget jour par jour, logement et transport sur place. J'aime aussi raconter les p\u00e9pites urbaines, ces adresses qu'on ne trouve pas dans les guides classiques. Avant de publier un dossier destination, je croise toujours plusieurs sources, je v\u00e9rifie les tarifs et les formalit\u00e9s d'entr\u00e9e \u00e0 jour, et je teste moi-m\u00eame quand je le peux. Mon angle reste pratique avant tout : aider le lecteur \u00e0 partir l'esprit tranquille, sans mauvaise surprise une fois sur place. Je m'attache \u00e0 distinguer le coup de c\u0153ur sinc\u00e8re du simple argument marketing.\",\"sameAs\":[\"https:\/\/camillerouvray.fr\/\"],\"url\":\"https:\/\/voyage-aventure.com\/blog\/auteur\/noname\/\"}]}<\/script>\n<!-- \/ Yoast SEO Premium plugin. -->","yoast_head_json":{"title":"Voyage universitaire : alerte face aux nouvelles","description":"Aux \u00c9tats-Unis, l'\u00e9largissement des pouvoirs de l'ICE et les nouvelles restrictions d'immigration installent un climat d'inqui\u00e9tude sur les campus","robots":{"index":"index","follow":"follow","max-snippet":"max-snippet:-1","max-image-preview":"max-image-preview:large","max-video-preview":"max-video-preview:-1"},"canonical":"https:\/\/voyage-aventure.com\/blog\/a-la-une\/voyage-universitaire-alerte-face-aux-nouvelles-restrictions-dimmigration-aux-etats-unis\/","og_locale":"fr_FR","og_type":"article","og_title":"Voyage universitaire : alerte face aux nouvelles","og_description":"Aux \u00c9tats-Unis, l'\u00e9largissement des pouvoirs de l'ICE et les nouvelles restrictions d'immigration installent un climat d'inqui\u00e9tude sur les campus","og_url":"https:\/\/voyage-aventure.com\/blog\/a-la-une\/voyage-universitaire-alerte-face-aux-nouvelles-restrictions-dimmigration-aux-etats-unis\/","og_site_name":"voyage-aventure","og_image":[{"width":1200,"height":500,"url":"https:\/\/voyage-aventure.com\/blog\/wp-content\/uploads\/2025\/05\/sdxl-b081e611008fc8c302f06c3130869afb-scaled.png","type":"image\/png"}],"author":"Camille Rouvray","twitter_card":"summary_large_image","schema":{"@context":"https:\/\/schema.org","@graph":[{"@type":"NewsArticle","@id":"https:\/\/voyage-aventure.com\/blog\/a-la-une\/voyage-universitaire-alerte-face-aux-nouvelles-restrictions-dimmigration-aux-etats-unis\/#article","isPartOf":{"@id":"https:\/\/voyage-aventure.com\/blog\/a-la-une\/voyage-universitaire-alerte-face-aux-nouvelles-restrictions-dimmigration-aux-etats-unis\/"},"author":{"name":"Camille Rouvray","@id":"https:\/\/voyage-aventure.com\/blog\/#\/schema\/person\/3c864cdc320801e3db34b663e7e3f816"},"headline":"Voyage universitaire : alerte face aux nouvelles restrictions d&rsquo;immigration aux \u00c9tats-Unis","datePublished":"2026-06-16T15:18:32+00:00","mainEntityOfPage":{"@id":"https:\/\/voyage-aventure.com\/blog\/a-la-une\/voyage-universitaire-alerte-face-aux-nouvelles-restrictions-dimmigration-aux-etats-unis\/"},"wordCount":1120,"commentCount":25,"publisher":{"@id":"https:\/\/voyage-aventure.com\/blog\/#organization"},"image":{"@id":"https:\/\/voyage-aventure.com\/blog\/a-la-une\/voyage-universitaire-alerte-face-aux-nouvelles-restrictions-dimmigration-aux-etats-unis\/#primaryimage"},"thumbnailUrl":"https:\/\/voyage-aventure.com\/blog\/wp-content\/uploads\/2025\/05\/sdxl-b081e611008fc8c302f06c3130869afb-scaled.png","keywords":["Culture","\u00c9ducation","Pr\u00e9paration","Relations Internationales","S\u00e9curit\u00e9"],"articleSection":["\u00c0 la une"],"inLanguage":"fr-FR","potentialAction":[{"@type":"CommentAction","name":"Comment","target":["https:\/\/voyage-aventure.com\/blog\/a-la-une\/voyage-universitaire-alerte-face-aux-nouvelles-restrictions-dimmigration-aux-etats-unis\/#respond"]}]},{"@type":"WebPage","@id":"https:\/\/voyage-aventure.com\/blog\/a-la-une\/voyage-universitaire-alerte-face-aux-nouvelles-restrictions-dimmigration-aux-etats-unis\/","url":"https:\/\/voyage-aventure.com\/blog\/a-la-une\/voyage-universitaire-alerte-face-aux-nouvelles-restrictions-dimmigration-aux-etats-unis\/","name":"Voyage universitaire : alerte face aux nouvelles","isPartOf":{"@id":"https:\/\/voyage-aventure.com\/blog\/#website"},"primaryImageOfPage":{"@id":"https:\/\/voyage-aventure.com\/blog\/a-la-une\/voyage-universitaire-alerte-face-aux-nouvelles-restrictions-dimmigration-aux-etats-unis\/#primaryimage"},"image":{"@id":"https:\/\/voyage-aventure.com\/blog\/a-la-une\/voyage-universitaire-alerte-face-aux-nouvelles-restrictions-dimmigration-aux-etats-unis\/#primaryimage"},"thumbnailUrl":"https:\/\/voyage-aventure.com\/blog\/wp-content\/uploads\/2025\/05\/sdxl-b081e611008fc8c302f06c3130869afb-scaled.png","datePublished":"2026-06-16T15:18:32+00:00","description":"Aux \u00c9tats-Unis, l'\u00e9largissement des pouvoirs de l'ICE et les nouvelles restrictions d'immigration installent un climat d'inqui\u00e9tude sur les campus","inLanguage":"fr-FR","potentialAction":[{"@type":"ReadAction","target":["https:\/\/voyage-aventure.com\/blog\/a-la-une\/voyage-universitaire-alerte-face-aux-nouvelles-restrictions-dimmigration-aux-etats-unis\/"]}]},{"@type":"ImageObject","inLanguage":"fr-FR","@id":"https:\/\/voyage-aventure.com\/blog\/a-la-une\/voyage-universitaire-alerte-face-aux-nouvelles-restrictions-dimmigration-aux-etats-unis\/#primaryimage","url":"https:\/\/voyage-aventure.com\/blog\/wp-content\/uploads\/2025\/05\/sdxl-b081e611008fc8c302f06c3130869afb-scaled.png","contentUrl":"https:\/\/voyage-aventure.com\/blog\/wp-content\/uploads\/2025\/05\/sdxl-b081e611008fc8c302f06c3130869afb-scaled.png","width":1200,"height":500},{"@type":"WebSite","@id":"https:\/\/voyage-aventure.com\/blog\/#website","url":"https:\/\/voyage-aventure.com\/blog\/","name":"voyage-aventure.com","description":"Votre passeport pour l\u2019inattendu.","publisher":{"@id":"https:\/\/voyage-aventure.com\/blog\/#organization"},"alternateName":"Votre passeport pour l\u2019inattendu.","potentialAction":[{"@type":"SearchAction","target":{"@type":"EntryPoint","urlTemplate":"https:\/\/voyage-aventure.com\/blog\/?s={search_term_string}"},"query-input":{"@type":"PropertyValueSpecification","valueRequired":true,"valueName":"search_term_string"}}],"inLanguage":"fr-FR"},{"@type":"Organization","@id":"https:\/\/voyage-aventure.com\/blog\/#organization","name":"Foretsensations.fr","url":"https:\/\/voyage-aventure.com\/blog\/","logo":{"@type":"ImageObject","inLanguage":"fr-FR","@id":"https:\/\/voyage-aventure.com\/blog\/#\/schema\/logo\/image\/","url":"https:\/\/voyage-aventure.com\/blog\/wp-content\/uploads\/2024\/12\/19.png","contentUrl":"https:\/\/voyage-aventure.com\/blog\/wp-content\/uploads\/2024\/12\/19.png","width":512,"height":512,"caption":"Foretsensations.fr"},"image":{"@id":"https:\/\/voyage-aventure.com\/blog\/#\/schema\/logo\/image\/"}},{"@type":"Person","@id":"https:\/\/voyage-aventure.com\/blog\/#\/schema\/person\/3c864cdc320801e3db34b663e7e3f816","name":"Camille Rouvray","image":{"@type":"ImageObject","inLanguage":"fr-FR","@id":"https:\/\/voyage-aventure.com\/blog\/#\/schema\/person\/image\/","url":"https:\/\/voyage-aventure.com\/blog\/wp-content\/uploads\/2026\/06\/persona_camille-r-96x96.jpg","contentUrl":"https:\/\/voyage-aventure.com\/blog\/wp-content\/uploads\/2026\/06\/persona_camille-r-96x96.jpg","caption":"Camille Rouvray"},"description":"Je voyage et j'\u00e9cris sur le voyage depuis une douzaine d'ann\u00e9es, d'abord en tant que routarde au long cours, puis comme r\u00e9dactrice sp\u00e9cialis\u00e9e. Mon terrain de pr\u00e9dilection, ce sont les circuits organis\u00e9s et l'art de bien pr\u00e9parer un itin\u00e9raire : choix de la saison, dur\u00e9e r\u00e9aliste des \u00e9tapes, budget jour par jour, logement et transport sur place. J'aime aussi raconter les p\u00e9pites urbaines, ces adresses qu'on ne trouve pas dans les guides classiques. Avant de publier un dossier destination, je croise toujours plusieurs sources, je v\u00e9rifie les tarifs et les formalit\u00e9s d'entr\u00e9e \u00e0 jour, et je teste moi-m\u00eame quand je le peux. Mon angle reste pratique avant tout : aider le lecteur \u00e0 partir l'esprit tranquille, sans mauvaise surprise une fois sur place. Je m'attache \u00e0 distinguer le coup de c\u0153ur sinc\u00e8re du simple argument marketing.","sameAs":["https:\/\/camillerouvray.fr\/"],"url":"https:\/\/voyage-aventure.com\/blog\/auteur\/noname\/"}]}},"_links":{"self":[{"href":"https:\/\/voyage-aventure.com\/blog\/wp-json\/wp\/v2\/posts\/15628","targetHints":{"allow":["GET"]}}],"collection":[{"href":"https:\/\/voyage-aventure.com\/blog\/wp-json\/wp\/v2\/posts"}],"about":[{"href":"https:\/\/voyage-aventure.com\/blog\/wp-json\/wp\/v2\/types\/post"}],"author":[{"embeddable":true,"href":"https:\/\/voyage-aventure.com\/blog\/wp-json\/wp\/v2\/users\/34"}],"replies":[{"embeddable":true,"href":"https:\/\/voyage-aventure.com\/blog\/wp-json\/wp\/v2\/comments?post=15628"}],"version-history":[{"count":2,"href":"https:\/\/voyage-aventure.com\/blog\/wp-json\/wp\/v2\/posts\/15628\/revisions"}],"predecessor-version":[{"id":22834,"href":"https:\/\/voyage-aventure.com\/blog\/wp-json\/wp\/v2\/posts\/15628\/revisions\/22834"}],"wp:featuredmedia":[{"embeddable":true,"href":"https:\/\/voyage-aventure.com\/blog\/wp-json\/wp\/v2\/media\/19718"}],"wp:attachment":[{"href":"https:\/\/voyage-aventure.com\/blog\/wp-json\/wp\/v2\/media?parent=15628"}],"wp:term":[{"taxonomy":"category","embeddable":true,"href":"https:\/\/voyage-aventure.com\/blog\/wp-json\/wp\/v2\/categories?post=15628"},{"taxonomy":"post_tag","embeddable":true,"href":"https:\/\/voyage-aventure.com\/blog\/wp-json\/wp\/v2\/tags?post=15628"}],"curies":[{"name":"wp","href":"https:\/\/api.w.org\/{rel}","templated":true}]}}