{"id":15623,"date":"2026-06-16T17:18:21","date_gmt":"2026-06-16T15:18:21","guid":{"rendered":"https:\/\/voyage-aventure.com\/blog\/?p=15623"},"modified":"2026-06-16T17:18:21","modified_gmt":"2026-06-16T15:18:21","slug":"allemagne-renforce-ses-conseils-de-voyage-vers-les-etats-unis-apres-des-detentions","status":"publish","type":"post","link":"https:\/\/voyage-aventure.com\/blog\/a-la-une\/allemagne-renforce-ses-conseils-de-voyage-vers-les-etats-unis-apres-des-detentions\/","title":{"rendered":"Allemagne renforce ses conseils de voyage vers les \u00c9tats-Unis apr\u00e8s des d\u00e9tentions"},"content":{"rendered":"<link rel=\"preconnect\" href=\"https:\/\/fonts.googleapis.com\"><link rel=\"preconnect\" href=\"https:\/\/fonts.gstatic.com\" crossorigin><link href=\"https:\/\/fonts.googleapis.com\/css2?family=Newsreader:ital,opsz,wght@0,6..72,400;0,6..72,500;0,6..72,600;0,6..72,700;1,6..72,500&#038;family=Inter:wght@400;500;600&#038;family=JetBrains+Mono:wght@500&#038;display=swap\" rel=\"stylesheet\">\n<style>\n.va-allemagneus-wrap{font-family:'Inter',system-ui,sans-serif;color:#23272E;line-height:1.7;font-size:17px}\n.va-allemagneus-wrap h2{font-family:'Newsreader',Georgia,serif;font-weight:600;font-size:1.72em;line-height:1.2;color:#1C2026;margin:2.1em 0 .55em;letter-spacing:-.01em}\n.va-allemagneus-dateline{font-family:'JetBrains Mono',monospace;font-size:12px;font-weight:500;letter-spacing:1.5px;text-transform:uppercase;color:#3E4654;margin:0 0 18px}\n.va-allemagneus-dateline span{color:#8A93A0}\n.va-allemagneus-lead{font-family:'Newsreader',Georgia,serif;font-size:1.32em;line-height:1.5;color:#2A2F38;margin:0 0 30px}\n.va-allemagneus-essentiel{border:3px solid #3E4654;border-radius:6px;padding:0;margin:30px 0;background:#fff;box-shadow:0 10px 26px -16px rgba(20,24,30,.4);overflow:hidden}\n.va-allemagneus-essentiel-hd{background:#3E4654;color:#F4F6F9;font-family:'JetBrains Mono',monospace;font-size:12px;font-weight:500;letter-spacing:2.5px;text-transform:uppercase;padding:12px 22px}\n.va-allemagneus-essentiel-bd{padding:8px 24px 18px}\n.va-allemagneus-row{display:flex;gap:16px;align-items:baseline;padding:13px 0;border-bottom:1px solid #ECEEF1}\n.va-allemagneus-row:last-child{border-bottom:none}\n.va-allemagneus-tag{font-family:'JetBrains Mono',monospace;font-size:11px;font-weight:500;letter-spacing:1.5px;text-transform:uppercase;color:#3E4654;flex:0 0 96px}\n.va-allemagneus-val{flex:1;font-size:15.5px;color:#2A2F38}\n.va-allemagneus-card{border:1px solid #E2E5EA;border-top:3px solid #3E4654;border-radius:6px;padding:22px 26px;margin:26px 0;background:#FBFBFC;transition:transform .2s ease,box-shadow .2s ease}\n.va-allemagneus-card:hover{transform:translateY(-3px);box-shadow:0 14px 30px -18px rgba(20,24,30,.45)}\n.va-allemagneus-kicker{font-family:'JetBrains Mono',monospace;font-size:11px;font-weight:500;letter-spacing:2px;text-transform:uppercase;color:#3E4654;margin:0 0 12px}\n.va-allemagneus-cardtxt{font-size:15.5px;line-height:1.66;color:#2C313A}\n.va-allemagneus-source{display:flex;gap:18px;align-items:flex-start;border:1px solid #D9DDE3;border-left:5px solid #3E4654;border-radius:6px;background:#F5F7F9;padding:20px 24px;margin:30px 0}\n.va-allemagneus-source-ico{font-size:24px;line-height:1;color:#3E4654;flex:0 0 auto}\n.va-allemagneus-source-bd{flex:1}\n.va-allemagneus-source-ti{font-family:'Inter',sans-serif;font-weight:600;font-size:15px;color:#1C2026;margin:0 0 5px}\n.va-allemagneus-source-tx{font-size:14.5px;line-height:1.6;color:#3A404A}\n.va-allemagneus-points{display:grid;grid-template-columns:repeat(auto-fit,minmax(220px,1fr));gap:14px;margin:26px 0}\n.va-allemagneus-point{border:1px solid #E2E5EA;border-radius:6px;background:#fff;padding:18px 20px;transition:transform .2s ease,box-shadow .2s ease}\n.va-allemagneus-point:hover{transform:translateY(-3px);box-shadow:0 12px 26px -18px rgba(20,24,30,.4)}\n.va-allemagneus-point-n{font-family:'JetBrains Mono',monospace;font-size:13px;font-weight:500;color:#3E4654;letter-spacing:1px;margin:0 0 8px}\n.va-allemagneus-point-t{font-size:14.5px;line-height:1.55;color:#2C313A}\n.va-allemagneus-wrap blockquote{font-family:'Newsreader',Georgia,serif;font-style:italic;font-size:1.42em;line-height:1.45;color:#1C2026;text-align:center;max-width:660px;margin:38px auto;padding:26px 24px;border-top:1px solid #3E4654;border-bottom:1px solid #3E4654}\n.va-allemagneus-retenir{border:1px solid #D9DDE3;border-radius:6px;background:#F5F7F9;padding:24px 26px;margin:34px 0}\n.va-allemagneus-retenir-hd{font-family:'JetBrains Mono',monospace;font-size:12px;font-weight:500;letter-spacing:2px;text-transform:uppercase;color:#3E4654;margin:0 0 14px}\n.va-allemagneus-retenir-li{display:flex;gap:12px;align-items:baseline;padding:9px 0;border-bottom:1px solid #E5E8EC;font-size:15.5px;line-height:1.55;color:#2C313A}\n.va-allemagneus-retenir-li:last-child{border-bottom:none}\n.va-allemagneus-retenir-mk{color:#3E4654;font-weight:700;flex:0 0 auto}\n@media(max-width:560px){.va-allemagneus-row{flex-direction:column;gap:4px}.va-allemagneus-tag{flex:none}}\n\/*RENDERFIX2*\/.va-allemagneus-essentiel-hd{color:#eef3f9!important}.va-allemagneus-essentiel-hd p,.va-allemagneus-essentiel-hd li,.va-allemagneus-essentiel-hd strong,.va-allemagneus-essentiel-hd em,.va-allemagneus-essentiel-hd a,.va-allemagneus-essentiel-hd span,.va-allemagneus-essentiel-hd b,.va-allemagneus-essentiel-hd td,.va-allemagneus-essentiel-hd th,.va-allemagneus-essentiel-hd h2,.va-allemagneus-essentiel-hd h3,.va-allemagneus-essentiel-hd h4{color:#eef3f9!important}.va-allemagneus-essentiel-hd strong,.va-allemagneus-essentiel-hd b{color:#ffffff!important}<\/style>\n<div class=\"va-allemagneus-wrap\">\n<div class=\"va-allemagneus-dateline\">Voyages &amp; fronti\u00e8res <span>\u00b7<\/span> Mars 2025<\/div>\n<p class=\"va-allemagneus-lead\">Selon le minist\u00e8re allemand des Affaires \u00e9trang\u00e8res, l&rsquo;Allemagne a actualis\u00e9 ses conseils aux voyageurs se rendant aux \u00c9tats-Unis, apr\u00e8s que trois ressortissants allemands se sont vu refuser l&rsquo;entr\u00e9e du territoire. D&rsquo;apr\u00e8s l&rsquo;article, cette mise \u00e0 jour ne constitue pas un avertissement officiel.<\/p>\n<div class=\"va-allemagneus-essentiel\">\n<div class=\"va-allemagneus-essentiel-hd\">L&rsquo;essentiel<\/div>\n<div class=\"va-allemagneus-essentiel-bd\">\n<div class=\"va-allemagneus-row\">\n<div class=\"va-allemagneus-tag\">Quoi<\/div>\n<div class=\"va-allemagneus-val\">Mise \u00e0 jour des conseils de voyage allemands \u00e0 destination des \u00c9tats-Unis (mars 2025), sans avertissement officiel selon la source.<\/div>\n<\/div>\n<div class=\"va-allemagneus-row\">\n<div class=\"va-allemagneus-tag\">Qui \u00e9met<\/div>\n<div class=\"va-allemagneus-val\">Le minist\u00e8re des Affaires \u00e9trang\u00e8res allemand, d&rsquo;apr\u00e8s l&rsquo;article.<\/div>\n<\/div>\n<div class=\"va-allemagneus-row\">\n<div class=\"va-allemagneus-tag\">Qui concern\u00e9<\/div>\n<div class=\"va-allemagneus-val\">Les citoyens allemands envisageant un voyage aux \u00c9tats-Unis.<\/div>\n<\/div>\n<\/div>\n<\/div>\n<h2>Les nouvelles recommandations de l&rsquo;Allemagne<\/h2>\n<p>Selon l&rsquo;article, le minist\u00e8re des Affaires \u00e9trang\u00e8res allemand a r\u00e9cemment mis \u00e0 jour ses conseils de voyage pour les citoyens se rendant aux \u00c9tats-Unis. D&rsquo;apr\u00e8s cette m\u00eame source, cette d\u00e9cision fait suite \u00e0 la d\u00e9tention de trois Allemands qui ont \u00e9t\u00e9 refus\u00e9s \u00e0 l&rsquo;entr\u00e9e du pays. Toujours selon l&rsquo;article, ces nouvelles recommandations ne constituent pas un avertissement officiel, mais elles soul\u00e8vent des inqui\u00e9tudes quant \u00e0 la s\u00e9curit\u00e9 des voyageurs.<\/p>\n<p>Les informations publi\u00e9es sur le site du minist\u00e8re pr\u00e9cisent, d&rsquo;apr\u00e8s l&rsquo;article, que la d\u00e9tention peut survenir pour diverses raisons, notamment en cas de condamnation p\u00e9nale ou de fausses d\u00e9clarations concernant le but du s\u00e9jour. Les voyageurs sont ainsi invit\u00e9s \u00e0 faire preuve de vigilance et \u00e0 s&rsquo;assurer qu&rsquo;ils respectent toutes les exigences d&rsquo;entr\u00e9e.<\/p>\n<div class=\"va-allemagneus-source\">\n<div class=\"va-allemagneus-source-ico\">&#9432;<\/div>\n<div class=\"va-allemagneus-source-bd\">\n<div class=\"va-allemagneus-source-ti\">V\u00e9rifier les sources officielles avant de partir<\/div>\n<div class=\"va-allemagneus-source-tx\">Pour les voyageurs au d\u00e9part de la France, les conditions d&rsquo;entr\u00e9e \u00e9voluant r\u00e9guli\u00e8rement, il est recommand\u00e9 de consulter les conseils aux voyageurs de France Diplomatie ainsi que les informations de l&rsquo;ambassade ou du consulat du pays de destination avant tout d\u00e9placement.<\/div>\n<\/div>\n<\/div>\n<h2>Les incidents inqui\u00e9tants<\/h2>\n<p>Parmi les cas rapport\u00e9s par l&rsquo;article, celui de Fabian Schmidt, pr\u00e9sent\u00e9 comme un r\u00e9sident permanent aux \u00c9tats-Unis, a particuli\u00e8rement retenu l&rsquo;attention. D&rsquo;apr\u00e8s le r\u00e9cit rapport\u00e9, interrog\u00e9 \u00e0 l&rsquo;a\u00e9roport de Boston, il aurait \u00e9t\u00e9 transf\u00e9r\u00e9 vers un centre de d\u00e9tention \u00e0 Rhode Island, o\u00f9, selon les propos de sa m\u00e8re cit\u00e9s dans l&rsquo;article, il aurait subi un interrogatoire violent et une s\u00e9rie d&rsquo;abus durant la d\u00e9tention.<\/p>\n<p>Toujours d&rsquo;apr\u00e8s l&rsquo;article, d&rsquo;autres citoyens allemands, comme Jessica Br\u00f6sche et Lucas Sielaff, auraient \u00e9galement connu des situations similaires. Selon la m\u00eame source, Jessica Br\u00f6sche aurait \u00e9t\u00e9 d\u00e9tenue \u00e0 l&rsquo;Otay Mesa Detention Center pendant plus de six semaines, ce qui aurait suscit\u00e9 une vive r\u00e9action de la part de ses proches.<\/p>\n<div class=\"va-allemagneus-card\">\n<div class=\"va-allemagneus-kicker\">Mise au point<\/div>\n<div class=\"va-allemagneus-cardtxt\">Les \u00e9l\u00e9ments ci-dessus sont rapport\u00e9s tels qu&rsquo;attribu\u00e9s \u00e0 leurs sources dans l&rsquo;article d&rsquo;origine. Les personnes cit\u00e9es b\u00e9n\u00e9ficient de la pr\u00e9somption d&rsquo;innocence et du respect de leur vie priv\u00e9e. Aucune appr\u00e9ciation n&rsquo;est port\u00e9e ici sur les politiques des \u00c9tats concern\u00e9s.<\/div>\n<\/div>\n<p><iframe loading=\"lazy\" title=\"Quand on rentre en prison avec une cam\u00e9ra\" width=\"1200\" height=\"675\" src=\"https:\/\/www.youtube.com\/embed\/uj7nHzkko-g?feature=oembed\" frameborder=\"0\" allow=\"accelerometer; autoplay; clipboard-write; encrypted-media; gyroscope; picture-in-picture; web-share\" referrerpolicy=\"strict-origin-when-cross-origin\" allowfullscreen><\/iframe><\/p>\n<h2>Les implications pour les voyageurs allemands<\/h2>\n<p>D&rsquo;apr\u00e8s l&rsquo;article, cette mise \u00e0 jour des conseils de voyage incite les Allemands \u00e0 r\u00e9fl\u00e9chir avant de se rendre aux \u00c9tats-Unis. La source rappelle que poss\u00e9der un document ESTA ne garantit pas l&rsquo;entr\u00e9e et que la d\u00e9cision finale appartient aux autorit\u00e9s am\u00e9ricaines. Selon l&rsquo;article, ce climat d&rsquo;incertitude soul\u00e8ve des questions sur le traitement des visiteurs \u00e9trangers.<\/p>\n<p>Toujours selon l&rsquo;article, il est important pour les voyageurs de se familiariser avec les r\u00e8gles am\u00e9ricaines avant de partir. Les points suivants y sont mis en avant :<\/p>\n<ul>\n<li>Une condamnation p\u00e9nale peut entra\u00eener une d\u00e9tention.<\/li>\n<li>Les informations inexactes sur le but du voyage sont risqu\u00e9es.<\/li>\n<li>La d\u00e9tention peut se produire m\u00eame avec un visa valide.<\/li>\n<\/ul>\n<div class=\"va-allemagneus-points\">\n<div class=\"va-allemagneus-point\">\n<div class=\"va-allemagneus-point-n\">01<\/div>\n<div class=\"va-allemagneus-point-t\">Ant\u00e9c\u00e9dents \u2014 une condamnation p\u00e9nale peut, selon la source, justifier une d\u00e9tention.<\/div>\n<\/div>\n<div class=\"va-allemagneus-point\">\n<div class=\"va-allemagneus-point-n\">02<\/div>\n<div class=\"va-allemagneus-point-t\">D\u00e9clarations \u2014 des informations inexactes sur le but du voyage sont pr\u00e9sent\u00e9es comme risqu\u00e9es.<\/div>\n<\/div>\n<div class=\"va-allemagneus-point\">\n<div class=\"va-allemagneus-point-n\">03<\/div>\n<div class=\"va-allemagneus-point-t\">Visa \u2014 d&rsquo;apr\u00e8s l&rsquo;article, la d\u00e9tention peut survenir m\u00eame avec un visa valide.<\/div>\n<\/div>\n<\/div>\n<blockquote><p>\n    \u00ab\u00a0La d\u00e9cision finale concernant l&rsquo;entr\u00e9e sur le territoire am\u00e9ricain revient aux autorit\u00e9s frontali\u00e8res am\u00e9ricaines.\u00a0\u00bb\n<\/p><\/blockquote>\n<p>Selon l&rsquo;article, ces \u00e9v\u00e9nements rappellent que les citoyens allemands sont invit\u00e9s \u00e0 rester inform\u00e9s et \u00e0 pr\u00e9parer leurs voyages avec prudence, en tenant compte des proc\u00e9dures d&rsquo;entr\u00e9e en vigueur. La source souligne l&rsquo;importance de respecter les r\u00e8glements applicables et d&rsquo;\u00eatre conscient des implications potentielles d&rsquo;un d\u00e9placement \u00e0 l&rsquo;\u00e9tranger. Les t\u00e9moignages rapport\u00e9s y nourrissent une r\u00e9flexion plus large sur la mani\u00e8re dont les fronti\u00e8res sont g\u00e9r\u00e9es et sur le traitement des voyageurs \u00e9trangers.<\/p>\n<p>En somme, d&rsquo;apr\u00e8s l&rsquo;article, cette mise \u00e0 jour des conseils de voyage de l&rsquo;Allemagne souligne la n\u00e9cessit\u00e9 d&rsquo;une vigilance accrue pour ceux qui envisagent de se rendre aux \u00c9tats-Unis. La source invite les voyageurs \u00e0 se tenir inform\u00e9s et \u00e0 pr\u00e9parer soigneusement leur d\u00e9placement, en s&rsquo;appuyant sur les canaux officiels d&rsquo;information.<\/p>\n<div class=\"va-allemagneus-retenir\">\n<div class=\"va-allemagneus-retenir-hd\">Ce qu&rsquo;il faut retenir<\/div>\n<div class=\"va-allemagneus-retenir-li\">\n<div class=\"va-allemagneus-retenir-mk\">&#8250;<\/div>\n<div>Selon le minist\u00e8re allemand des Affaires \u00e9trang\u00e8res, les conseils aux voyageurs vers les \u00c9tats-Unis ont \u00e9t\u00e9 actualis\u00e9s en mars 2025, sans avertissement officiel d&rsquo;apr\u00e8s l&rsquo;article.<\/div>\n<\/div>\n<div class=\"va-allemagneus-retenir-li\">\n<div class=\"va-allemagneus-retenir-mk\">&#8250;<\/div>\n<div>La source attribue cette mise \u00e0 jour \u00e0 des cas de ressortissants allemands refus\u00e9s \u00e0 l&rsquo;entr\u00e9e et plac\u00e9s en d\u00e9tention.<\/div>\n<\/div>\n<div class=\"va-allemagneus-retenir-li\">\n<div class=\"va-allemagneus-retenir-mk\">&#8250;<\/div>\n<div>D&rsquo;apr\u00e8s l&rsquo;article, un document ESTA ou un visa valide ne garantit pas l&rsquo;entr\u00e9e : la d\u00e9cision revient aux autorit\u00e9s frontali\u00e8res am\u00e9ricaines.<\/div>\n<\/div>\n<div class=\"va-allemagneus-retenir-li\">\n<div class=\"va-allemagneus-retenir-mk\">&#8250;<\/div>\n<div>Avant tout d\u00e9placement, il reste conseill\u00e9 de consulter les conseils aux voyageurs officiels (France Diplomatie, ambassades et consulats).<\/div>\n<\/div>\n<\/div>\n<\/div>\n","protected":false},"excerpt":{"rendered":"","protected":false},"author":34,"featured_media":19717,"comment_status":"open","ping_status":"open","sticky":false,"template":"","format":"standard","meta":{"_acf_changed":false,"manual_indexmenow":false,"indexmenow_id_project":0,"footnotes":""},"categories":[1],"tags":[4636,4713,5688,3170,4635],"class_list":["post-15623","post","type-post","status-publish","format-standard","has-post-thumbnail","hentry","category-a-la-une","tag-destinations","tag-preparation","tag-relations-internationales","tag-securite","tag-voyage","generate-columns","tablet-grid-50","mobile-grid-100","grid-parent","grid-25"],"acf":[],"yoast_head":"<!-- This site is optimized with the Yoast SEO Premium plugin v21.3 (Yoast SEO v25.1) - https:\/\/yoast.com\/wordpress\/plugins\/seo\/ -->\n<title>Allemagne renforce ses conseils de voyage vers les<\/title>\n<meta name=\"description\" content=\"Selon le minist\u00e8re allemand des Affaires \u00e9trang\u00e8res, l&#039;Allemagne a actualis\u00e9 ses conseils aux voyageurs se rendant aux \u00c9tats-Unis, apr\u00e8s que trois\" \/>\n<meta name=\"robots\" content=\"index, follow, max-snippet:-1, max-image-preview:large, max-video-preview:-1\" \/>\n<link rel=\"canonical\" href=\"https:\/\/voyage-aventure.com\/blog\/a-la-une\/allemagne-renforce-ses-conseils-de-voyage-vers-les-etats-unis-apres-des-detentions\/\" \/>\n<meta property=\"og:locale\" content=\"fr_FR\" \/>\n<meta property=\"og:type\" content=\"article\" \/>\n<meta property=\"og:title\" content=\"Allemagne renforce ses conseils de voyage vers les\" \/>\n<meta property=\"og:description\" content=\"Selon le minist\u00e8re allemand des Affaires \u00e9trang\u00e8res, l&#039;Allemagne a actualis\u00e9 ses conseils aux voyageurs se rendant aux \u00c9tats-Unis, apr\u00e8s que trois\" \/>\n<meta property=\"og:url\" content=\"https:\/\/voyage-aventure.com\/blog\/a-la-une\/allemagne-renforce-ses-conseils-de-voyage-vers-les-etats-unis-apres-des-detentions\/\" \/>\n<meta property=\"og:site_name\" content=\"voyage-aventure\" \/>\n<meta property=\"og:image\" content=\"https:\/\/voyage-aventure.com\/blog\/wp-content\/uploads\/2025\/05\/sdxl-97f3f288a035bf6eb3d725d9c99d1327-scaled.png\" \/>\n\t<meta property=\"og:image:width\" content=\"1200\" \/>\n\t<meta property=\"og:image:height\" content=\"500\" \/>\n\t<meta property=\"og:image:type\" content=\"image\/png\" \/>\n<meta name=\"author\" content=\"Camille Rouvray\" \/>\n<meta name=\"twitter:card\" content=\"summary_large_image\" \/>\n<script type=\"application\/ld+json\" class=\"yoast-schema-graph\">{\"@context\":\"https:\/\/schema.org\",\"@graph\":[{\"@type\":\"NewsArticle\",\"@id\":\"https:\/\/voyage-aventure.com\/blog\/a-la-une\/allemagne-renforce-ses-conseils-de-voyage-vers-les-etats-unis-apres-des-detentions\/#article\",\"isPartOf\":{\"@id\":\"https:\/\/voyage-aventure.com\/blog\/a-la-une\/allemagne-renforce-ses-conseils-de-voyage-vers-les-etats-unis-apres-des-detentions\/\"},\"author\":{\"name\":\"Camille Rouvray\",\"@id\":\"https:\/\/voyage-aventure.com\/blog\/#\/schema\/person\/3c864cdc320801e3db34b663e7e3f816\"},\"headline\":\"Allemagne renforce ses conseils de voyage vers les \u00c9tats-Unis apr\u00e8s des d\u00e9tentions\",\"datePublished\":\"2026-06-16T15:18:21+00:00\",\"mainEntityOfPage\":{\"@id\":\"https:\/\/voyage-aventure.com\/blog\/a-la-une\/allemagne-renforce-ses-conseils-de-voyage-vers-les-etats-unis-apres-des-detentions\/\"},\"wordCount\":991,\"commentCount\":23,\"publisher\":{\"@id\":\"https:\/\/voyage-aventure.com\/blog\/#organization\"},\"image\":{\"@id\":\"https:\/\/voyage-aventure.com\/blog\/a-la-une\/allemagne-renforce-ses-conseils-de-voyage-vers-les-etats-unis-apres-des-detentions\/#primaryimage\"},\"thumbnailUrl\":\"https:\/\/voyage-aventure.com\/blog\/wp-content\/uploads\/2025\/05\/sdxl-97f3f288a035bf6eb3d725d9c99d1327-scaled.png\",\"keywords\":[\"Destinations\",\"Pr\u00e9paration\",\"Relations Internationales\",\"S\u00e9curit\u00e9\",\"Voyage\"],\"articleSection\":[\"\u00c0 la une\"],\"inLanguage\":\"fr-FR\",\"potentialAction\":[{\"@type\":\"CommentAction\",\"name\":\"Comment\",\"target\":[\"https:\/\/voyage-aventure.com\/blog\/a-la-une\/allemagne-renforce-ses-conseils-de-voyage-vers-les-etats-unis-apres-des-detentions\/#respond\"]}]},{\"@type\":\"WebPage\",\"@id\":\"https:\/\/voyage-aventure.com\/blog\/a-la-une\/allemagne-renforce-ses-conseils-de-voyage-vers-les-etats-unis-apres-des-detentions\/\",\"url\":\"https:\/\/voyage-aventure.com\/blog\/a-la-une\/allemagne-renforce-ses-conseils-de-voyage-vers-les-etats-unis-apres-des-detentions\/\",\"name\":\"Allemagne renforce ses conseils de voyage vers les\",\"isPartOf\":{\"@id\":\"https:\/\/voyage-aventure.com\/blog\/#website\"},\"primaryImageOfPage\":{\"@id\":\"https:\/\/voyage-aventure.com\/blog\/a-la-une\/allemagne-renforce-ses-conseils-de-voyage-vers-les-etats-unis-apres-des-detentions\/#primaryimage\"},\"image\":{\"@id\":\"https:\/\/voyage-aventure.com\/blog\/a-la-une\/allemagne-renforce-ses-conseils-de-voyage-vers-les-etats-unis-apres-des-detentions\/#primaryimage\"},\"thumbnailUrl\":\"https:\/\/voyage-aventure.com\/blog\/wp-content\/uploads\/2025\/05\/sdxl-97f3f288a035bf6eb3d725d9c99d1327-scaled.png\",\"datePublished\":\"2026-06-16T15:18:21+00:00\",\"description\":\"Selon le minist\u00e8re allemand des Affaires \u00e9trang\u00e8res, l'Allemagne a actualis\u00e9 ses conseils aux voyageurs se rendant aux \u00c9tats-Unis, apr\u00e8s que trois\",\"inLanguage\":\"fr-FR\",\"potentialAction\":[{\"@type\":\"ReadAction\",\"target\":[\"https:\/\/voyage-aventure.com\/blog\/a-la-une\/allemagne-renforce-ses-conseils-de-voyage-vers-les-etats-unis-apres-des-detentions\/\"]}]},{\"@type\":\"ImageObject\",\"inLanguage\":\"fr-FR\",\"@id\":\"https:\/\/voyage-aventure.com\/blog\/a-la-une\/allemagne-renforce-ses-conseils-de-voyage-vers-les-etats-unis-apres-des-detentions\/#primaryimage\",\"url\":\"https:\/\/voyage-aventure.com\/blog\/wp-content\/uploads\/2025\/05\/sdxl-97f3f288a035bf6eb3d725d9c99d1327-scaled.png\",\"contentUrl\":\"https:\/\/voyage-aventure.com\/blog\/wp-content\/uploads\/2025\/05\/sdxl-97f3f288a035bf6eb3d725d9c99d1327-scaled.png\",\"width\":1200,\"height\":500},{\"@type\":\"WebSite\",\"@id\":\"https:\/\/voyage-aventure.com\/blog\/#website\",\"url\":\"https:\/\/voyage-aventure.com\/blog\/\",\"name\":\"voyage-aventure.com\",\"description\":\"Votre passeport pour l\u2019inattendu.\",\"publisher\":{\"@id\":\"https:\/\/voyage-aventure.com\/blog\/#organization\"},\"alternateName\":\"Votre passeport pour l\u2019inattendu.\",\"potentialAction\":[{\"@type\":\"SearchAction\",\"target\":{\"@type\":\"EntryPoint\",\"urlTemplate\":\"https:\/\/voyage-aventure.com\/blog\/?s={search_term_string}\"},\"query-input\":{\"@type\":\"PropertyValueSpecification\",\"valueRequired\":true,\"valueName\":\"search_term_string\"}}],\"inLanguage\":\"fr-FR\"},{\"@type\":\"Organization\",\"@id\":\"https:\/\/voyage-aventure.com\/blog\/#organization\",\"name\":\"Foretsensations.fr\",\"url\":\"https:\/\/voyage-aventure.com\/blog\/\",\"logo\":{\"@type\":\"ImageObject\",\"inLanguage\":\"fr-FR\",\"@id\":\"https:\/\/voyage-aventure.com\/blog\/#\/schema\/logo\/image\/\",\"url\":\"https:\/\/voyage-aventure.com\/blog\/wp-content\/uploads\/2024\/12\/19.png\",\"contentUrl\":\"https:\/\/voyage-aventure.com\/blog\/wp-content\/uploads\/2024\/12\/19.png\",\"width\":512,\"height\":512,\"caption\":\"Foretsensations.fr\"},\"image\":{\"@id\":\"https:\/\/voyage-aventure.com\/blog\/#\/schema\/logo\/image\/\"}},{\"@type\":\"Person\",\"@id\":\"https:\/\/voyage-aventure.com\/blog\/#\/schema\/person\/3c864cdc320801e3db34b663e7e3f816\",\"name\":\"Camille Rouvray\",\"image\":{\"@type\":\"ImageObject\",\"inLanguage\":\"fr-FR\",\"@id\":\"https:\/\/voyage-aventure.com\/blog\/#\/schema\/person\/image\/\",\"url\":\"https:\/\/voyage-aventure.com\/blog\/wp-content\/uploads\/2026\/06\/persona_camille-r-96x96.jpg\",\"contentUrl\":\"https:\/\/voyage-aventure.com\/blog\/wp-content\/uploads\/2026\/06\/persona_camille-r-96x96.jpg\",\"caption\":\"Camille Rouvray\"},\"description\":\"Je voyage et j'\u00e9cris sur le voyage depuis une douzaine d'ann\u00e9es, d'abord en tant que routarde au long cours, puis comme r\u00e9dactrice sp\u00e9cialis\u00e9e. Mon terrain de pr\u00e9dilection, ce sont les circuits organis\u00e9s et l'art de bien pr\u00e9parer un itin\u00e9raire : choix de la saison, dur\u00e9e r\u00e9aliste des \u00e9tapes, budget jour par jour, logement et transport sur place. J'aime aussi raconter les p\u00e9pites urbaines, ces adresses qu'on ne trouve pas dans les guides classiques. Avant de publier un dossier destination, je croise toujours plusieurs sources, je v\u00e9rifie les tarifs et les formalit\u00e9s d'entr\u00e9e \u00e0 jour, et je teste moi-m\u00eame quand je le peux. Mon angle reste pratique avant tout : aider le lecteur \u00e0 partir l'esprit tranquille, sans mauvaise surprise une fois sur place. Je m'attache \u00e0 distinguer le coup de c\u0153ur sinc\u00e8re du simple argument marketing.\",\"sameAs\":[\"https:\/\/camillerouvray.fr\/\"],\"url\":\"https:\/\/voyage-aventure.com\/blog\/auteur\/noname\/\"}]}<\/script>\n<!-- \/ Yoast SEO Premium plugin. -->","yoast_head_json":{"title":"Allemagne renforce ses conseils de voyage vers les","description":"Selon le minist\u00e8re allemand des Affaires \u00e9trang\u00e8res, l'Allemagne a actualis\u00e9 ses conseils aux voyageurs se rendant aux \u00c9tats-Unis, apr\u00e8s que trois","robots":{"index":"index","follow":"follow","max-snippet":"max-snippet:-1","max-image-preview":"max-image-preview:large","max-video-preview":"max-video-preview:-1"},"canonical":"https:\/\/voyage-aventure.com\/blog\/a-la-une\/allemagne-renforce-ses-conseils-de-voyage-vers-les-etats-unis-apres-des-detentions\/","og_locale":"fr_FR","og_type":"article","og_title":"Allemagne renforce ses conseils de voyage vers les","og_description":"Selon le minist\u00e8re allemand des Affaires \u00e9trang\u00e8res, l'Allemagne a actualis\u00e9 ses conseils aux voyageurs se rendant aux \u00c9tats-Unis, apr\u00e8s que trois","og_url":"https:\/\/voyage-aventure.com\/blog\/a-la-une\/allemagne-renforce-ses-conseils-de-voyage-vers-les-etats-unis-apres-des-detentions\/","og_site_name":"voyage-aventure","og_image":[{"width":1200,"height":500,"url":"https:\/\/voyage-aventure.com\/blog\/wp-content\/uploads\/2025\/05\/sdxl-97f3f288a035bf6eb3d725d9c99d1327-scaled.png","type":"image\/png"}],"author":"Camille Rouvray","twitter_card":"summary_large_image","schema":{"@context":"https:\/\/schema.org","@graph":[{"@type":"NewsArticle","@id":"https:\/\/voyage-aventure.com\/blog\/a-la-une\/allemagne-renforce-ses-conseils-de-voyage-vers-les-etats-unis-apres-des-detentions\/#article","isPartOf":{"@id":"https:\/\/voyage-aventure.com\/blog\/a-la-une\/allemagne-renforce-ses-conseils-de-voyage-vers-les-etats-unis-apres-des-detentions\/"},"author":{"name":"Camille Rouvray","@id":"https:\/\/voyage-aventure.com\/blog\/#\/schema\/person\/3c864cdc320801e3db34b663e7e3f816"},"headline":"Allemagne renforce ses conseils de voyage vers les \u00c9tats-Unis apr\u00e8s des d\u00e9tentions","datePublished":"2026-06-16T15:18:21+00:00","mainEntityOfPage":{"@id":"https:\/\/voyage-aventure.com\/blog\/a-la-une\/allemagne-renforce-ses-conseils-de-voyage-vers-les-etats-unis-apres-des-detentions\/"},"wordCount":991,"commentCount":23,"publisher":{"@id":"https:\/\/voyage-aventure.com\/blog\/#organization"},"image":{"@id":"https:\/\/voyage-aventure.com\/blog\/a-la-une\/allemagne-renforce-ses-conseils-de-voyage-vers-les-etats-unis-apres-des-detentions\/#primaryimage"},"thumbnailUrl":"https:\/\/voyage-aventure.com\/blog\/wp-content\/uploads\/2025\/05\/sdxl-97f3f288a035bf6eb3d725d9c99d1327-scaled.png","keywords":["Destinations","Pr\u00e9paration","Relations Internationales","S\u00e9curit\u00e9","Voyage"],"articleSection":["\u00c0 la une"],"inLanguage":"fr-FR","potentialAction":[{"@type":"CommentAction","name":"Comment","target":["https:\/\/voyage-aventure.com\/blog\/a-la-une\/allemagne-renforce-ses-conseils-de-voyage-vers-les-etats-unis-apres-des-detentions\/#respond"]}]},{"@type":"WebPage","@id":"https:\/\/voyage-aventure.com\/blog\/a-la-une\/allemagne-renforce-ses-conseils-de-voyage-vers-les-etats-unis-apres-des-detentions\/","url":"https:\/\/voyage-aventure.com\/blog\/a-la-une\/allemagne-renforce-ses-conseils-de-voyage-vers-les-etats-unis-apres-des-detentions\/","name":"Allemagne renforce ses conseils de voyage vers les","isPartOf":{"@id":"https:\/\/voyage-aventure.com\/blog\/#website"},"primaryImageOfPage":{"@id":"https:\/\/voyage-aventure.com\/blog\/a-la-une\/allemagne-renforce-ses-conseils-de-voyage-vers-les-etats-unis-apres-des-detentions\/#primaryimage"},"image":{"@id":"https:\/\/voyage-aventure.com\/blog\/a-la-une\/allemagne-renforce-ses-conseils-de-voyage-vers-les-etats-unis-apres-des-detentions\/#primaryimage"},"thumbnailUrl":"https:\/\/voyage-aventure.com\/blog\/wp-content\/uploads\/2025\/05\/sdxl-97f3f288a035bf6eb3d725d9c99d1327-scaled.png","datePublished":"2026-06-16T15:18:21+00:00","description":"Selon le minist\u00e8re allemand des Affaires \u00e9trang\u00e8res, l'Allemagne a actualis\u00e9 ses conseils aux voyageurs se rendant aux \u00c9tats-Unis, apr\u00e8s que trois","inLanguage":"fr-FR","potentialAction":[{"@type":"ReadAction","target":["https:\/\/voyage-aventure.com\/blog\/a-la-une\/allemagne-renforce-ses-conseils-de-voyage-vers-les-etats-unis-apres-des-detentions\/"]}]},{"@type":"ImageObject","inLanguage":"fr-FR","@id":"https:\/\/voyage-aventure.com\/blog\/a-la-une\/allemagne-renforce-ses-conseils-de-voyage-vers-les-etats-unis-apres-des-detentions\/#primaryimage","url":"https:\/\/voyage-aventure.com\/blog\/wp-content\/uploads\/2025\/05\/sdxl-97f3f288a035bf6eb3d725d9c99d1327-scaled.png","contentUrl":"https:\/\/voyage-aventure.com\/blog\/wp-content\/uploads\/2025\/05\/sdxl-97f3f288a035bf6eb3d725d9c99d1327-scaled.png","width":1200,"height":500},{"@type":"WebSite","@id":"https:\/\/voyage-aventure.com\/blog\/#website","url":"https:\/\/voyage-aventure.com\/blog\/","name":"voyage-aventure.com","description":"Votre passeport pour l\u2019inattendu.","publisher":{"@id":"https:\/\/voyage-aventure.com\/blog\/#organization"},"alternateName":"Votre passeport pour l\u2019inattendu.","potentialAction":[{"@type":"SearchAction","target":{"@type":"EntryPoint","urlTemplate":"https:\/\/voyage-aventure.com\/blog\/?s={search_term_string}"},"query-input":{"@type":"PropertyValueSpecification","valueRequired":true,"valueName":"search_term_string"}}],"inLanguage":"fr-FR"},{"@type":"Organization","@id":"https:\/\/voyage-aventure.com\/blog\/#organization","name":"Foretsensations.fr","url":"https:\/\/voyage-aventure.com\/blog\/","logo":{"@type":"ImageObject","inLanguage":"fr-FR","@id":"https:\/\/voyage-aventure.com\/blog\/#\/schema\/logo\/image\/","url":"https:\/\/voyage-aventure.com\/blog\/wp-content\/uploads\/2024\/12\/19.png","contentUrl":"https:\/\/voyage-aventure.com\/blog\/wp-content\/uploads\/2024\/12\/19.png","width":512,"height":512,"caption":"Foretsensations.fr"},"image":{"@id":"https:\/\/voyage-aventure.com\/blog\/#\/schema\/logo\/image\/"}},{"@type":"Person","@id":"https:\/\/voyage-aventure.com\/blog\/#\/schema\/person\/3c864cdc320801e3db34b663e7e3f816","name":"Camille Rouvray","image":{"@type":"ImageObject","inLanguage":"fr-FR","@id":"https:\/\/voyage-aventure.com\/blog\/#\/schema\/person\/image\/","url":"https:\/\/voyage-aventure.com\/blog\/wp-content\/uploads\/2026\/06\/persona_camille-r-96x96.jpg","contentUrl":"https:\/\/voyage-aventure.com\/blog\/wp-content\/uploads\/2026\/06\/persona_camille-r-96x96.jpg","caption":"Camille Rouvray"},"description":"Je voyage et j'\u00e9cris sur le voyage depuis une douzaine d'ann\u00e9es, d'abord en tant que routarde au long cours, puis comme r\u00e9dactrice sp\u00e9cialis\u00e9e. Mon terrain de pr\u00e9dilection, ce sont les circuits organis\u00e9s et l'art de bien pr\u00e9parer un itin\u00e9raire : choix de la saison, dur\u00e9e r\u00e9aliste des \u00e9tapes, budget jour par jour, logement et transport sur place. J'aime aussi raconter les p\u00e9pites urbaines, ces adresses qu'on ne trouve pas dans les guides classiques. Avant de publier un dossier destination, je croise toujours plusieurs sources, je v\u00e9rifie les tarifs et les formalit\u00e9s d'entr\u00e9e \u00e0 jour, et je teste moi-m\u00eame quand je le peux. Mon angle reste pratique avant tout : aider le lecteur \u00e0 partir l'esprit tranquille, sans mauvaise surprise une fois sur place. Je m'attache \u00e0 distinguer le coup de c\u0153ur sinc\u00e8re du simple argument marketing.","sameAs":["https:\/\/camillerouvray.fr\/"],"url":"https:\/\/voyage-aventure.com\/blog\/auteur\/noname\/"}]}},"_links":{"self":[{"href":"https:\/\/voyage-aventure.com\/blog\/wp-json\/wp\/v2\/posts\/15623","targetHints":{"allow":["GET"]}}],"collection":[{"href":"https:\/\/voyage-aventure.com\/blog\/wp-json\/wp\/v2\/posts"}],"about":[{"href":"https:\/\/voyage-aventure.com\/blog\/wp-json\/wp\/v2\/types\/post"}],"author":[{"embeddable":true,"href":"https:\/\/voyage-aventure.com\/blog\/wp-json\/wp\/v2\/users\/34"}],"replies":[{"embeddable":true,"href":"https:\/\/voyage-aventure.com\/blog\/wp-json\/wp\/v2\/comments?post=15623"}],"version-history":[{"count":3,"href":"https:\/\/voyage-aventure.com\/blog\/wp-json\/wp\/v2\/posts\/15623\/revisions"}],"predecessor-version":[{"id":22833,"href":"https:\/\/voyage-aventure.com\/blog\/wp-json\/wp\/v2\/posts\/15623\/revisions\/22833"}],"wp:featuredmedia":[{"embeddable":true,"href":"https:\/\/voyage-aventure.com\/blog\/wp-json\/wp\/v2\/media\/19717"}],"wp:attachment":[{"href":"https:\/\/voyage-aventure.com\/blog\/wp-json\/wp\/v2\/media?parent=15623"}],"wp:term":[{"taxonomy":"category","embeddable":true,"href":"https:\/\/voyage-aventure.com\/blog\/wp-json\/wp\/v2\/categories?post=15623"},{"taxonomy":"post_tag","embeddable":true,"href":"https:\/\/voyage-aventure.com\/blog\/wp-json\/wp\/v2\/tags?post=15623"}],"curies":[{"name":"wp","href":"https:\/\/api.w.org\/{rel}","templated":true}]}}