{"id":15605,"date":"2025-03-19T16:51:51","date_gmt":"2025-03-19T15:51:51","guid":{"rendered":"https:\/\/voyage-aventure.com\/blog\/?p=15605"},"modified":"2025-03-19T16:04:37","modified_gmt":"2025-03-19T15:04:37","slug":"decouvrez-la-nouvelle-collection-berry-de-beis-bagages-tendance-pour-vos-escapades-printanieres","status":"publish","type":"post","link":"https:\/\/voyage-aventure.com\/blog\/a-la-une\/decouvrez-la-nouvelle-collection-berry-de-beis-bagages-tendance-pour-vos-escapades-printanieres\/","title":{"rendered":"D\u00e9couvrez la nouvelle collection berry de B\u00e9is : bagages tendance pour vos escapades printani\u00e8res"},"content":{"rendered":"<h2>Une transformation color\u00e9e pour vos escapades<\/h2>\n<p>Avec sa nouvelle collection berry, elle r\u00e9invente ses sacs weekender et valises les plus populaires dans des teintes rose fruit\u00e9. Ce lancement marque le d\u00e9but officiel de la saison des voyages printaniers et promet d\u2019apporter une touche de fra\u00eecheur \u00e0 votre \u00e9quipement.<\/p>\n<p>Chaque produit de cette collection est con\u00e7u pour susciter l&rsquo;enthousiasme tout en alliant style et fonctionnalit\u00e9. Que vous partiez pour un week-end ou un voyage prolong\u00e9, ces bagages vous accompagneront avec \u00e9l\u00e9gance. La collection berry garantit que vous voyagerez avec style, tout en ayant suffisamment d&rsquo;espace pour tous vos essentiels.<\/p>\n<h2>Les essentiels de voyage \u00e0 ne pas manquer<\/h2>\n<p>La collection berry de B\u00e9is inclut des articles incontournables pour tous les voyageurs. Des sacs comme le Crescent Weekender Bag et le Carry-On Roller se distinguent par leur design innovant et leur praticit\u00e9. Vous trouverez \u00e9galement des accessoires pratiques comme le Sport Sling et le Crescent Catchall bag, qui compl\u00e8tent parfaitement votre \u00e9quipement de voyage.<\/p>\n<p>Ne manquez pas l\u2019occasion de vous procurer ces articles \u00e0 la mode. Ces essentiels de voyage sont non seulement esth\u00e9tiques, mais aussi con\u00e7us pour r\u00e9pondre aux besoins des aventuriers modernes. En choisissant la collection berry, vous investissez dans la qualit\u00e9 et le style.<\/p>\n<h2>La marque B\u00e9is et son ascension<\/h2>\n<p>Lanc\u00e9e en 2018 par l&rsquo;actrice Shay Mitchell, B\u00e9is a rapidement su s&rsquo;imposer sur le march\u00e9 des bagages. La marque est appr\u00e9ci\u00e9e pour son large \u00e9ventail d&rsquo;accessoires de voyage, allant des sacs \u00e0 main aux valises rigides. Chaque produit est con\u00e7u pour faciliter la vie des voyageurs tout en offrant un style contemporain.<\/p>\n<p>La popularit\u00e9 de B\u00e9is s\u2019explique par sa capacit\u00e9 \u00e0 allier fonctionnalit\u00e9 et esth\u00e9tique. Les articles de la marque sont devenus des incontournables, pris\u00e9s par une communaut\u00e9 fid\u00e8le. Avec la sortie de la collection berry, la marque continue d&rsquo;\u00e9lever les standards du voyage moderne.<\/p>\n<blockquote><p>\n\u00ab La collection berry de B\u00e9is transforme vos escapades en moments styl\u00e9s et pratiques. \u00bb\n<\/p><\/blockquote>\n<ul>\n<li>Sac Weekender Crescent<\/li>\n<li>Valise Carry-On Roller<\/li>\n<li>Sac Sport Sling<\/li>\n<li>Sac Crescent Catchall<\/li>\n<li>Valises en couleurs berry r\u00e9guli\u00e8re et glossy<\/li>\n<\/ul>\n<p>En somme, la collection berry de B\u00e9is est un v\u00e9ritable must-have pour tous les amateurs de voyages. Pr\u00e9parez-vous \u00e0 accueillir le printemps avec des bagages qui allient couleur, style et praticit\u00e9. Que vous soyez en route pour une escapade de week-end ou un voyage prolong\u00e9, ces articles vous accompagneront avec flair et fonctionnalit\u00e9.<\/p>\n","protected":false},"excerpt":{"rendered":"","protected":false},"author":34,"featured_media":19721,"comment_status":"open","ping_status":"open","sticky":false,"template":"","format":"standard","meta":{"_acf_changed":false,"manual_indexmenow":false,"indexmenow_id_project":0,"footnotes":""},"categories":[1],"tags":[4538,4530,4528,4625,4526],"class_list":["post-15605","post","type-post","status-publish","format-standard","has-post-thumbnail","hentry","category-a-la-une","tag-activites-variees","tag-escapade-en-europe","tag-hebergement-abordable","tag-passion-du-voyage","tag-voyage-economique","generate-columns","tablet-grid-50","mobile-grid-100","grid-parent","grid-25"],"acf":[],"yoast_head":"<!-- This site is optimized with the Yoast SEO Premium plugin v21.3 (Yoast SEO v25.1) - https:\/\/yoast.com\/wordpress\/plugins\/seo\/ -->\n<title>D\u00e9couvrez la nouvelle collection berry de B\u00e9is : bagages<\/title>\n<meta name=\"description\" content=\"Avec sa nouvelle collection berry, elle r\u00e9invente ses sacs weekender et valises les plus populaires dans des teintes rose fruit\u00e9. Ce lancement marque le\" \/>\n<meta name=\"robots\" content=\"index, follow, max-snippet:-1, max-image-preview:large, max-video-preview:-1\" \/>\n<link rel=\"canonical\" href=\"https:\/\/voyage-aventure.com\/blog\/a-la-une\/decouvrez-la-nouvelle-collection-berry-de-beis-bagages-tendance-pour-vos-escapades-printanieres\/\" \/>\n<meta property=\"og:locale\" content=\"fr_FR\" \/>\n<meta property=\"og:type\" content=\"article\" \/>\n<meta property=\"og:title\" content=\"D\u00e9couvrez la nouvelle collection berry de B\u00e9is : bagages\" \/>\n<meta property=\"og:description\" content=\"Avec sa nouvelle collection berry, elle r\u00e9invente ses sacs weekender et valises les plus populaires dans des teintes rose fruit\u00e9. Ce lancement marque le\" \/>\n<meta property=\"og:url\" content=\"https:\/\/voyage-aventure.com\/blog\/a-la-une\/decouvrez-la-nouvelle-collection-berry-de-beis-bagages-tendance-pour-vos-escapades-printanieres\/\" \/>\n<meta property=\"og:site_name\" content=\"voyage-aventure\" \/>\n<meta property=\"og:image\" content=\"https:\/\/voyage-aventure.com\/blog\/wp-content\/uploads\/2025\/05\/sdxl-a4fdd1b1a963b7ba6f16b84450b62447-scaled.png\" \/>\n\t<meta property=\"og:image:width\" content=\"1200\" \/>\n\t<meta property=\"og:image:height\" content=\"500\" \/>\n\t<meta property=\"og:image:type\" content=\"image\/png\" \/>\n<meta name=\"author\" content=\"Camille Rouvray\" \/>\n<meta name=\"twitter:card\" content=\"summary_large_image\" \/>\n<script type=\"application\/ld+json\" class=\"yoast-schema-graph\">{\"@context\":\"https:\/\/schema.org\",\"@graph\":[{\"@type\":\"NewsArticle\",\"@id\":\"https:\/\/voyage-aventure.com\/blog\/a-la-une\/decouvrez-la-nouvelle-collection-berry-de-beis-bagages-tendance-pour-vos-escapades-printanieres\/#article\",\"isPartOf\":{\"@id\":\"https:\/\/voyage-aventure.com\/blog\/a-la-une\/decouvrez-la-nouvelle-collection-berry-de-beis-bagages-tendance-pour-vos-escapades-printanieres\/\"},\"author\":{\"name\":\"Camille Rouvray\",\"@id\":\"https:\/\/voyage-aventure.com\/blog\/#\/schema\/person\/3c864cdc320801e3db34b663e7e3f816\"},\"headline\":\"D\u00e9couvrez la nouvelle collection berry de B\u00e9is : bagages tendance pour vos escapades printani\u00e8res\",\"datePublished\":\"2025-03-19T15:51:51+00:00\",\"mainEntityOfPage\":{\"@id\":\"https:\/\/voyage-aventure.com\/blog\/a-la-une\/decouvrez-la-nouvelle-collection-berry-de-beis-bagages-tendance-pour-vos-escapades-printanieres\/\"},\"wordCount\":436,\"commentCount\":29,\"publisher\":{\"@id\":\"https:\/\/voyage-aventure.com\/blog\/#organization\"},\"image\":{\"@id\":\"https:\/\/voyage-aventure.com\/blog\/a-la-une\/decouvrez-la-nouvelle-collection-berry-de-beis-bagages-tendance-pour-vos-escapades-printanieres\/#primaryimage\"},\"thumbnailUrl\":\"https:\/\/voyage-aventure.com\/blog\/wp-content\/uploads\/2025\/05\/sdxl-a4fdd1b1a963b7ba6f16b84450b62447-scaled.png\",\"keywords\":[\"Activit\u00e9s Vari\u00e9es\",\"Escapade en Europe\",\"H\u00e9bergement Abordable\",\"Passion Du Voyage\",\"Voyage \u00c9conomique\"],\"articleSection\":[\"\u00c0 la une\"],\"inLanguage\":\"fr-FR\",\"potentialAction\":[{\"@type\":\"CommentAction\",\"name\":\"Comment\",\"target\":[\"https:\/\/voyage-aventure.com\/blog\/a-la-une\/decouvrez-la-nouvelle-collection-berry-de-beis-bagages-tendance-pour-vos-escapades-printanieres\/#respond\"]}]},{\"@type\":\"WebPage\",\"@id\":\"https:\/\/voyage-aventure.com\/blog\/a-la-une\/decouvrez-la-nouvelle-collection-berry-de-beis-bagages-tendance-pour-vos-escapades-printanieres\/\",\"url\":\"https:\/\/voyage-aventure.com\/blog\/a-la-une\/decouvrez-la-nouvelle-collection-berry-de-beis-bagages-tendance-pour-vos-escapades-printanieres\/\",\"name\":\"D\u00e9couvrez la nouvelle collection berry de B\u00e9is : bagages\",\"isPartOf\":{\"@id\":\"https:\/\/voyage-aventure.com\/blog\/#website\"},\"primaryImageOfPage\":{\"@id\":\"https:\/\/voyage-aventure.com\/blog\/a-la-une\/decouvrez-la-nouvelle-collection-berry-de-beis-bagages-tendance-pour-vos-escapades-printanieres\/#primaryimage\"},\"image\":{\"@id\":\"https:\/\/voyage-aventure.com\/blog\/a-la-une\/decouvrez-la-nouvelle-collection-berry-de-beis-bagages-tendance-pour-vos-escapades-printanieres\/#primaryimage\"},\"thumbnailUrl\":\"https:\/\/voyage-aventure.com\/blog\/wp-content\/uploads\/2025\/05\/sdxl-a4fdd1b1a963b7ba6f16b84450b62447-scaled.png\",\"datePublished\":\"2025-03-19T15:51:51+00:00\",\"description\":\"Avec sa nouvelle collection berry, elle r\u00e9invente ses sacs weekender et valises les plus populaires dans des teintes rose fruit\u00e9. Ce lancement marque le\",\"inLanguage\":\"fr-FR\",\"potentialAction\":[{\"@type\":\"ReadAction\",\"target\":[\"https:\/\/voyage-aventure.com\/blog\/a-la-une\/decouvrez-la-nouvelle-collection-berry-de-beis-bagages-tendance-pour-vos-escapades-printanieres\/\"]}]},{\"@type\":\"ImageObject\",\"inLanguage\":\"fr-FR\",\"@id\":\"https:\/\/voyage-aventure.com\/blog\/a-la-une\/decouvrez-la-nouvelle-collection-berry-de-beis-bagages-tendance-pour-vos-escapades-printanieres\/#primaryimage\",\"url\":\"https:\/\/voyage-aventure.com\/blog\/wp-content\/uploads\/2025\/05\/sdxl-a4fdd1b1a963b7ba6f16b84450b62447-scaled.png\",\"contentUrl\":\"https:\/\/voyage-aventure.com\/blog\/wp-content\/uploads\/2025\/05\/sdxl-a4fdd1b1a963b7ba6f16b84450b62447-scaled.png\",\"width\":1200,\"height\":500},{\"@type\":\"WebSite\",\"@id\":\"https:\/\/voyage-aventure.com\/blog\/#website\",\"url\":\"https:\/\/voyage-aventure.com\/blog\/\",\"name\":\"voyage-aventure.com\",\"description\":\"Votre passeport pour l\u2019inattendu.\",\"publisher\":{\"@id\":\"https:\/\/voyage-aventure.com\/blog\/#organization\"},\"alternateName\":\"Votre passeport pour l\u2019inattendu.\",\"potentialAction\":[{\"@type\":\"SearchAction\",\"target\":{\"@type\":\"EntryPoint\",\"urlTemplate\":\"https:\/\/voyage-aventure.com\/blog\/?s={search_term_string}\"},\"query-input\":{\"@type\":\"PropertyValueSpecification\",\"valueRequired\":true,\"valueName\":\"search_term_string\"}}],\"inLanguage\":\"fr-FR\"},{\"@type\":\"Organization\",\"@id\":\"https:\/\/voyage-aventure.com\/blog\/#organization\",\"name\":\"Foretsensations.fr\",\"url\":\"https:\/\/voyage-aventure.com\/blog\/\",\"logo\":{\"@type\":\"ImageObject\",\"inLanguage\":\"fr-FR\",\"@id\":\"https:\/\/voyage-aventure.com\/blog\/#\/schema\/logo\/image\/\",\"url\":\"https:\/\/voyage-aventure.com\/blog\/wp-content\/uploads\/2024\/12\/19.png\",\"contentUrl\":\"https:\/\/voyage-aventure.com\/blog\/wp-content\/uploads\/2024\/12\/19.png\",\"width\":512,\"height\":512,\"caption\":\"Foretsensations.fr\"},\"image\":{\"@id\":\"https:\/\/voyage-aventure.com\/blog\/#\/schema\/logo\/image\/\"}},{\"@type\":\"Person\",\"@id\":\"https:\/\/voyage-aventure.com\/blog\/#\/schema\/person\/3c864cdc320801e3db34b663e7e3f816\",\"name\":\"Camille Rouvray\",\"image\":{\"@type\":\"ImageObject\",\"inLanguage\":\"fr-FR\",\"@id\":\"https:\/\/voyage-aventure.com\/blog\/#\/schema\/person\/image\/\",\"url\":\"https:\/\/voyage-aventure.com\/blog\/wp-content\/uploads\/2026\/06\/persona_camille-r-96x96.jpg\",\"contentUrl\":\"https:\/\/voyage-aventure.com\/blog\/wp-content\/uploads\/2026\/06\/persona_camille-r-96x96.jpg\",\"caption\":\"Camille Rouvray\"},\"description\":\"Je voyage et j'\u00e9cris sur le voyage depuis une douzaine d'ann\u00e9es, d'abord en tant que routarde au long cours, puis comme r\u00e9dactrice sp\u00e9cialis\u00e9e. Mon terrain de pr\u00e9dilection, ce sont les circuits organis\u00e9s et l'art de bien pr\u00e9parer un itin\u00e9raire : choix de la saison, dur\u00e9e r\u00e9aliste des \u00e9tapes, budget jour par jour, logement et transport sur place. J'aime aussi raconter les p\u00e9pites urbaines, ces adresses qu'on ne trouve pas dans les guides classiques. Avant de publier un dossier destination, je croise toujours plusieurs sources, je v\u00e9rifie les tarifs et les formalit\u00e9s d'entr\u00e9e \u00e0 jour, et je teste moi-m\u00eame quand je le peux. Mon angle reste pratique avant tout : aider le lecteur \u00e0 partir l'esprit tranquille, sans mauvaise surprise une fois sur place. Je m'attache \u00e0 distinguer le coup de c\u0153ur sinc\u00e8re du simple argument marketing.\",\"sameAs\":[\"https:\/\/camillerouvray.fr\/\"],\"url\":\"https:\/\/voyage-aventure.com\/blog\/auteur\/noname\/\"}]}<\/script>\n<!-- \/ Yoast SEO Premium plugin. -->","yoast_head_json":{"title":"D\u00e9couvrez la nouvelle collection berry de B\u00e9is : bagages","description":"Avec sa nouvelle collection berry, elle r\u00e9invente ses sacs weekender et valises les plus populaires dans des teintes rose fruit\u00e9. Ce lancement marque le","robots":{"index":"index","follow":"follow","max-snippet":"max-snippet:-1","max-image-preview":"max-image-preview:large","max-video-preview":"max-video-preview:-1"},"canonical":"https:\/\/voyage-aventure.com\/blog\/a-la-une\/decouvrez-la-nouvelle-collection-berry-de-beis-bagages-tendance-pour-vos-escapades-printanieres\/","og_locale":"fr_FR","og_type":"article","og_title":"D\u00e9couvrez la nouvelle collection berry de B\u00e9is : bagages","og_description":"Avec sa nouvelle collection berry, elle r\u00e9invente ses sacs weekender et valises les plus populaires dans des teintes rose fruit\u00e9. Ce lancement marque le","og_url":"https:\/\/voyage-aventure.com\/blog\/a-la-une\/decouvrez-la-nouvelle-collection-berry-de-beis-bagages-tendance-pour-vos-escapades-printanieres\/","og_site_name":"voyage-aventure","og_image":[{"width":1200,"height":500,"url":"https:\/\/voyage-aventure.com\/blog\/wp-content\/uploads\/2025\/05\/sdxl-a4fdd1b1a963b7ba6f16b84450b62447-scaled.png","type":"image\/png"}],"author":"Camille Rouvray","twitter_card":"summary_large_image","schema":{"@context":"https:\/\/schema.org","@graph":[{"@type":"NewsArticle","@id":"https:\/\/voyage-aventure.com\/blog\/a-la-une\/decouvrez-la-nouvelle-collection-berry-de-beis-bagages-tendance-pour-vos-escapades-printanieres\/#article","isPartOf":{"@id":"https:\/\/voyage-aventure.com\/blog\/a-la-une\/decouvrez-la-nouvelle-collection-berry-de-beis-bagages-tendance-pour-vos-escapades-printanieres\/"},"author":{"name":"Camille Rouvray","@id":"https:\/\/voyage-aventure.com\/blog\/#\/schema\/person\/3c864cdc320801e3db34b663e7e3f816"},"headline":"D\u00e9couvrez la nouvelle collection berry de B\u00e9is : bagages tendance pour vos escapades printani\u00e8res","datePublished":"2025-03-19T15:51:51+00:00","mainEntityOfPage":{"@id":"https:\/\/voyage-aventure.com\/blog\/a-la-une\/decouvrez-la-nouvelle-collection-berry-de-beis-bagages-tendance-pour-vos-escapades-printanieres\/"},"wordCount":436,"commentCount":29,"publisher":{"@id":"https:\/\/voyage-aventure.com\/blog\/#organization"},"image":{"@id":"https:\/\/voyage-aventure.com\/blog\/a-la-une\/decouvrez-la-nouvelle-collection-berry-de-beis-bagages-tendance-pour-vos-escapades-printanieres\/#primaryimage"},"thumbnailUrl":"https:\/\/voyage-aventure.com\/blog\/wp-content\/uploads\/2025\/05\/sdxl-a4fdd1b1a963b7ba6f16b84450b62447-scaled.png","keywords":["Activit\u00e9s Vari\u00e9es","Escapade en Europe","H\u00e9bergement Abordable","Passion Du Voyage","Voyage \u00c9conomique"],"articleSection":["\u00c0 la une"],"inLanguage":"fr-FR","potentialAction":[{"@type":"CommentAction","name":"Comment","target":["https:\/\/voyage-aventure.com\/blog\/a-la-une\/decouvrez-la-nouvelle-collection-berry-de-beis-bagages-tendance-pour-vos-escapades-printanieres\/#respond"]}]},{"@type":"WebPage","@id":"https:\/\/voyage-aventure.com\/blog\/a-la-une\/decouvrez-la-nouvelle-collection-berry-de-beis-bagages-tendance-pour-vos-escapades-printanieres\/","url":"https:\/\/voyage-aventure.com\/blog\/a-la-une\/decouvrez-la-nouvelle-collection-berry-de-beis-bagages-tendance-pour-vos-escapades-printanieres\/","name":"D\u00e9couvrez la nouvelle collection berry de B\u00e9is : bagages","isPartOf":{"@id":"https:\/\/voyage-aventure.com\/blog\/#website"},"primaryImageOfPage":{"@id":"https:\/\/voyage-aventure.com\/blog\/a-la-une\/decouvrez-la-nouvelle-collection-berry-de-beis-bagages-tendance-pour-vos-escapades-printanieres\/#primaryimage"},"image":{"@id":"https:\/\/voyage-aventure.com\/blog\/a-la-une\/decouvrez-la-nouvelle-collection-berry-de-beis-bagages-tendance-pour-vos-escapades-printanieres\/#primaryimage"},"thumbnailUrl":"https:\/\/voyage-aventure.com\/blog\/wp-content\/uploads\/2025\/05\/sdxl-a4fdd1b1a963b7ba6f16b84450b62447-scaled.png","datePublished":"2025-03-19T15:51:51+00:00","description":"Avec sa nouvelle collection berry, elle r\u00e9invente ses sacs weekender et valises les plus populaires dans des teintes rose fruit\u00e9. Ce lancement marque le","inLanguage":"fr-FR","potentialAction":[{"@type":"ReadAction","target":["https:\/\/voyage-aventure.com\/blog\/a-la-une\/decouvrez-la-nouvelle-collection-berry-de-beis-bagages-tendance-pour-vos-escapades-printanieres\/"]}]},{"@type":"ImageObject","inLanguage":"fr-FR","@id":"https:\/\/voyage-aventure.com\/blog\/a-la-une\/decouvrez-la-nouvelle-collection-berry-de-beis-bagages-tendance-pour-vos-escapades-printanieres\/#primaryimage","url":"https:\/\/voyage-aventure.com\/blog\/wp-content\/uploads\/2025\/05\/sdxl-a4fdd1b1a963b7ba6f16b84450b62447-scaled.png","contentUrl":"https:\/\/voyage-aventure.com\/blog\/wp-content\/uploads\/2025\/05\/sdxl-a4fdd1b1a963b7ba6f16b84450b62447-scaled.png","width":1200,"height":500},{"@type":"WebSite","@id":"https:\/\/voyage-aventure.com\/blog\/#website","url":"https:\/\/voyage-aventure.com\/blog\/","name":"voyage-aventure.com","description":"Votre passeport pour l\u2019inattendu.","publisher":{"@id":"https:\/\/voyage-aventure.com\/blog\/#organization"},"alternateName":"Votre passeport pour l\u2019inattendu.","potentialAction":[{"@type":"SearchAction","target":{"@type":"EntryPoint","urlTemplate":"https:\/\/voyage-aventure.com\/blog\/?s={search_term_string}"},"query-input":{"@type":"PropertyValueSpecification","valueRequired":true,"valueName":"search_term_string"}}],"inLanguage":"fr-FR"},{"@type":"Organization","@id":"https:\/\/voyage-aventure.com\/blog\/#organization","name":"Foretsensations.fr","url":"https:\/\/voyage-aventure.com\/blog\/","logo":{"@type":"ImageObject","inLanguage":"fr-FR","@id":"https:\/\/voyage-aventure.com\/blog\/#\/schema\/logo\/image\/","url":"https:\/\/voyage-aventure.com\/blog\/wp-content\/uploads\/2024\/12\/19.png","contentUrl":"https:\/\/voyage-aventure.com\/blog\/wp-content\/uploads\/2024\/12\/19.png","width":512,"height":512,"caption":"Foretsensations.fr"},"image":{"@id":"https:\/\/voyage-aventure.com\/blog\/#\/schema\/logo\/image\/"}},{"@type":"Person","@id":"https:\/\/voyage-aventure.com\/blog\/#\/schema\/person\/3c864cdc320801e3db34b663e7e3f816","name":"Camille Rouvray","image":{"@type":"ImageObject","inLanguage":"fr-FR","@id":"https:\/\/voyage-aventure.com\/blog\/#\/schema\/person\/image\/","url":"https:\/\/voyage-aventure.com\/blog\/wp-content\/uploads\/2026\/06\/persona_camille-r-96x96.jpg","contentUrl":"https:\/\/voyage-aventure.com\/blog\/wp-content\/uploads\/2026\/06\/persona_camille-r-96x96.jpg","caption":"Camille Rouvray"},"description":"Je voyage et j'\u00e9cris sur le voyage depuis une douzaine d'ann\u00e9es, d'abord en tant que routarde au long cours, puis comme r\u00e9dactrice sp\u00e9cialis\u00e9e. Mon terrain de pr\u00e9dilection, ce sont les circuits organis\u00e9s et l'art de bien pr\u00e9parer un itin\u00e9raire : choix de la saison, dur\u00e9e r\u00e9aliste des \u00e9tapes, budget jour par jour, logement et transport sur place. J'aime aussi raconter les p\u00e9pites urbaines, ces adresses qu'on ne trouve pas dans les guides classiques. Avant de publier un dossier destination, je croise toujours plusieurs sources, je v\u00e9rifie les tarifs et les formalit\u00e9s d'entr\u00e9e \u00e0 jour, et je teste moi-m\u00eame quand je le peux. Mon angle reste pratique avant tout : aider le lecteur \u00e0 partir l'esprit tranquille, sans mauvaise surprise une fois sur place. Je m'attache \u00e0 distinguer le coup de c\u0153ur sinc\u00e8re du simple argument marketing.","sameAs":["https:\/\/camillerouvray.fr\/"],"url":"https:\/\/voyage-aventure.com\/blog\/auteur\/noname\/"}]}},"_links":{"self":[{"href":"https:\/\/voyage-aventure.com\/blog\/wp-json\/wp\/v2\/posts\/15605","targetHints":{"allow":["GET"]}}],"collection":[{"href":"https:\/\/voyage-aventure.com\/blog\/wp-json\/wp\/v2\/posts"}],"about":[{"href":"https:\/\/voyage-aventure.com\/blog\/wp-json\/wp\/v2\/types\/post"}],"author":[{"embeddable":true,"href":"https:\/\/voyage-aventure.com\/blog\/wp-json\/wp\/v2\/users\/34"}],"replies":[{"embeddable":true,"href":"https:\/\/voyage-aventure.com\/blog\/wp-json\/wp\/v2\/comments?post=15605"}],"version-history":[{"count":1,"href":"https:\/\/voyage-aventure.com\/blog\/wp-json\/wp\/v2\/posts\/15605\/revisions"}],"predecessor-version":[{"id":15613,"href":"https:\/\/voyage-aventure.com\/blog\/wp-json\/wp\/v2\/posts\/15605\/revisions\/15613"}],"wp:featuredmedia":[{"embeddable":true,"href":"https:\/\/voyage-aventure.com\/blog\/wp-json\/wp\/v2\/media\/19721"}],"wp:attachment":[{"href":"https:\/\/voyage-aventure.com\/blog\/wp-json\/wp\/v2\/media?parent=15605"}],"wp:term":[{"taxonomy":"category","embeddable":true,"href":"https:\/\/voyage-aventure.com\/blog\/wp-json\/wp\/v2\/categories?post=15605"},{"taxonomy":"post_tag","embeddable":true,"href":"https:\/\/voyage-aventure.com\/blog\/wp-json\/wp\/v2\/tags?post=15605"}],"curies":[{"name":"wp","href":"https:\/\/api.w.org\/{rel}","templated":true}]}}