{"id":15604,"date":"2026-06-16T17:17:40","date_gmt":"2026-06-16T15:17:40","guid":{"rendered":"https:\/\/voyage-aventure.com\/blog\/a-la-une\/preparez-vous-pour-le-printemps-actualites-locales-et-conseils-de-voyage\/"},"modified":"2026-06-16T17:17:41","modified_gmt":"2026-06-16T15:17:41","slug":"preparez-vous-pour-le-printemps-actualites-locales-et-conseils-de-voyage","status":"publish","type":"post","link":"https:\/\/voyage-aventure.com\/blog\/a-la-une\/preparez-vous-pour-le-printemps-actualites-locales-et-conseils-de-voyage\/","title":{"rendered":"Pr\u00e9parez-vous pour le printemps : actualit\u00e9s locales et conseils de voyage"},"content":{"rendered":"<link rel=\"stylesheet\" href=\"https:\/\/fonts.googleapis.com\/css2?family=Inter+Tight:wght@600;700;800&#038;family=Inter:wght@400;500;600&#038;family=IBM+Plex+Mono:wght@500&#038;display=swap\">\n<style>\n.va-printemps-wrap{font-family:'Inter',system-ui,sans-serif;color:#1c2620;line-height:1.65;font-size:17px}\n.va-printemps-wrap h2{font-family:'Inter Tight','Inter',sans-serif;font-weight:800;letter-spacing:-.02em;font-size:clamp(24px,3.2vw,33px);line-height:1.18;color:#16201a;margin:48px 0 18px;padding-bottom:10px;border-bottom:2px solid #e4ece0}\n.va-printemps-wrap h3{font-family:'Inter Tight','Inter',sans-serif;font-weight:700;font-size:20px;color:#16201a;margin:26px 0 10px}\n.va-printemps-lead{font-size:19px;line-height:1.6;color:#33433a;margin:14px 0 26px}\n.va-printemps-dateline{font-family:'IBM Plex Mono',monospace;font-size:12.5px;font-weight:500;letter-spacing:.04em;text-transform:uppercase;color:#5A9E4B;margin-bottom:8px}\n.va-printemps-ess{background:#f3f8ef;border:1px solid #dce8d4;border-left:5px solid #5A9E4B;border-radius:12px;padding:22px 26px;margin:26px 0 34px;box-shadow:0 1px 2px rgba(16,24,40,.05),0 12px 28px -18px rgba(16,24,40,.18)}\n.va-printemps-ess-k{font-family:'IBM Plex Mono',monospace;font-size:12px;font-weight:500;letter-spacing:.06em;text-transform:uppercase;color:#5A9E4B;margin-bottom:14px}\n.va-printemps-ess ul{margin:0;padding:0;list-style:none}\n.va-printemps-ess li{position:relative;padding:9px 0 9px 30px;border-top:1px solid #e2ecda;font-size:16.5px}\n.va-printemps-ess li:first-child{border-top:none}\n.va-printemps-ess li::before{content:\"\u203a\";position:absolute;left:6px;top:8px;color:#5A9E4B;font-weight:800;font-size:20px;line-height:1}\n.va-printemps-ess li span{font-weight:700;color:#16201a}\n.va-printemps-grid{display:grid;grid-template-columns:repeat(auto-fit,minmax(240px,1fr));gap:20px;margin:24px 0}\n.va-printemps-card{background:#fff;border:1px solid #e4ece0;border-top:3px solid #5A9E4B;border-radius:12px;padding:22px 22px 24px;transition:.25s ease;box-shadow:0 1px 2px rgba(16,24,40,.05)}\n.va-printemps-card:hover{transform:translateY(-3px);box-shadow:0 1px 2px rgba(16,24,40,.05),0 16px 30px -18px rgba(16,24,40,.22);border-color:#cfe0c5}\n.va-printemps-tag{font-family:'IBM Plex Mono',monospace;font-size:11.5px;font-weight:500;letter-spacing:.05em;text-transform:uppercase;color:#5A9E4B;display:block;margin-bottom:8px}\n.va-printemps-card-h{font-family:'Inter Tight','Inter',sans-serif;font-weight:700;font-size:18px;color:#16201a;display:block;margin-bottom:8px;line-height:1.3}\n.va-printemps-card-t{color:#3a4a40;font-size:15.5px;line-height:1.55}\n.va-printemps-stat{font-family:'Inter Tight',sans-serif;font-weight:800;color:#5A9E4B;font-size:15px}\n.va-printemps-wrap blockquote{font-family:'Inter Tight','Inter',sans-serif;font-weight:700;font-size:clamp(20px,2.6vw,26px);line-height:1.4;color:#16201a;border:none;border-left:4px solid #5A9E4B;margin:34px 0;padding:6px 0 6px 24px;background:none}\n.va-printemps-retenir{background:#16201a;color:#eaf2e5;border-radius:14px;padding:26px 28px;margin:40px 0 10px}\n.va-printemps-retenir .va-printemps-ess-k{color:#8fcb7d}\n.va-printemps-retenir ul{margin:0;padding:0;list-style:none}\n.va-printemps-retenir li{position:relative;padding:8px 0 8px 28px;border-top:1px solid rgba(255,255,255,.1);font-size:16px}\n.va-printemps-retenir li:first-child{border-top:none}\n.va-printemps-retenir li::before{content:\"\u2713\";position:absolute;left:4px;top:8px;color:#8fcb7d;font-weight:800}\n.va-printemps-wrap>ul{padding-left:22px}\n.va-printemps-wrap>ul li{margin:7px 0}\n@media(max-width:640px){.va-printemps-grid{grid-template-columns:1fr}}\n\/*RENDERFIX2*\/.va-printemps-retenir{color:#eef3f9!important}.va-printemps-retenir p,.va-printemps-retenir li,.va-printemps-retenir strong,.va-printemps-retenir em,.va-printemps-retenir a,.va-printemps-retenir span,.va-printemps-retenir b,.va-printemps-retenir td,.va-printemps-retenir th,.va-printemps-retenir h2,.va-printemps-retenir h3,.va-printemps-retenir h4{color:#eef3f9!important}.va-printemps-retenir strong,.va-printemps-retenir b{color:#ffffff!important}<\/style>\n<div class=\"va-printemps-wrap\">\n<div class=\"va-printemps-dateline\">Actualit\u00e9s \u00b7 Printemps 2025<\/div>\n<div class=\"va-printemps-lead\">Le printemps approche et, avec lui, l&rsquo;agenda des voyageurs s&rsquo;acc\u00e9l\u00e8re : reprises de vols, ajustements d&rsquo;horaires et initiatives locales pour la s\u00e9curit\u00e9. Tour d&rsquo;horizon des informations recueillies ce matin, c\u00f4t\u00e9 d\u00e9placements comme c\u00f4t\u00e9 vie locale.<\/div>\n<div class=\"va-printemps-ess\">\n<div class=\"va-printemps-ess-k\">L&rsquo;essentiel<\/div>\n<ul>\n<li><span>Voyages :<\/span> Alaska Airlines reprend ses vols vers Portland ; American Airlines modernise ses appareils pour Dallas Fort Worth.<\/li>\n<li><span>S\u00e9curit\u00e9 :<\/span> plus de 160 contraventions \u00e9mises dans l&rsquo;\u00c9tat pour pr\u00e9venir la vente d&rsquo;alcool aux mineurs.<\/li>\n<li><span>Pourquoi \u00e7a compte :<\/span> entre forte affluence et nouvelles r\u00e8gles locales, mieux vaut anticiper ses d\u00e9placements et rester inform\u00e9.<\/li>\n<\/ul>\n<\/div>\n<h2>Le printemps arrive : ce qu&rsquo;il faut savoir sur les voyages<\/h2>\n<p>Le printemps est \u00e0 nos portes, et avec lui, une multitude d&rsquo;opportunit\u00e9s pour les voyageurs. Les a\u00e9roports se pr\u00e9parent \u00e0 un afflux de passagers, et les compagnies a\u00e9riennes ajustent leurs horaires pour r\u00e9pondre \u00e0 la demande croissante. Par exemple, Alaska Airlines a r\u00e9cemment repris ses vols vers Portland, tandis qu&rsquo;American Airlines pr\u00e9voit de moderniser ses appareils pour les liaisons vers Dallas Fort Worth.<br \/>\nLes voyageurs doivent rester inform\u00e9s des changements d&rsquo;itin\u00e9raires et des horaires. Le site SLOAirport.com propose des mises \u00e0 jour r\u00e9guli\u00e8res pour aider les passagers \u00e0 planifier leurs d\u00e9placements. Un bon conseil est de r\u00e9server \u00e0 l&rsquo;avance pour \u00e9viter les d\u00e9ceptions, surtout pendant les p\u00e9riodes de forte affluence comme les vacances de printemps.<\/p>\n<div class=\"va-printemps-grid\">\n<div class=\"va-printemps-card\">\n<span class=\"va-printemps-tag\">Compagnies a\u00e9riennes<\/span><br \/>\n<span class=\"va-printemps-card-h\">Alaska Airlines \u00b7 Portland<\/span><\/p>\n<div class=\"va-printemps-card-t\">Reprise des vols vers Portland, un signal de la mont\u00e9e en charge attendue dans les a\u00e9roports \u00e0 l&rsquo;approche de la saison.<\/div>\n<\/div>\n<div class=\"va-printemps-card\">\n<span class=\"va-printemps-tag\">Flotte<\/span><br \/>\n<span class=\"va-printemps-card-h\">American Airlines \u00b7 Dallas Fort Worth<\/span><\/p>\n<div class=\"va-printemps-card-t\">Modernisation des appareils pr\u00e9vue pour les liaisons vers Dallas Fort Worth, en r\u00e9ponse \u00e0 la demande croissante.<\/div>\n<\/div>\n<div class=\"va-printemps-card\">\n<span class=\"va-printemps-tag\">Bon r\u00e9flexe<\/span><br \/>\n<span class=\"va-printemps-card-h\">R\u00e9server \u00e0 l&rsquo;avance<\/span><\/p>\n<div class=\"va-printemps-card-t\">Suivre les mises \u00e0 jour d&rsquo;horaires sur SLOAirport.com et anticiper ses r\u00e9servations pour \u00e9viter les d\u00e9ceptions en p\u00e9riode d&rsquo;affluence.<\/div>\n<\/div>\n<\/div>\n<h2>Initiatives locales pour la s\u00e9curit\u00e9 et la responsabilit\u00e9<\/h2>\n<p>La s\u00e9curit\u00e9 des jeunes est une priorit\u00e9 pour les autorit\u00e9s locales. Lors d&rsquo;une op\u00e9ration r\u00e9cente, plus de 160 contraventions ont \u00e9t\u00e9 \u00e9mises \u00e0 travers l&rsquo;\u00c9tat pour pr\u00e9venir la vente d&rsquo;alcool aux mineurs. Cela souligne l&rsquo;importance de la responsabilit\u00e9 des adultes qui doivent veiller \u00e0 ne pas fournir d&rsquo;alcool aux jeunes.<br \/>\nLes r\u00e9sultats de cette op\u00e9ration rappellent \u00e0 tous que les cons\u00e9quences peuvent \u00eatre graves. La seule contravention sur la C\u00f4te Centrale montre que les efforts de sensibilisation portent leurs fruits, et il est crucial de continuer \u00e0 \u00e9duquer la communaut\u00e9 sur ce sujet.<br \/>\n<iframe loading=\"lazy\" title=\"Top 12 des incontournables du Japon\" width=\"1200\" height=\"675\" src=\"https:\/\/www.youtube.com\/embed\/oNcN0ilrC9g?feature=oembed\" frameborder=\"0\" allow=\"accelerometer; autoplay; clipboard-write; encrypted-media; gyroscope; picture-in-picture; web-share\" referrerpolicy=\"strict-origin-when-cross-origin\" allowfullscreen><\/iframe><\/p>\n<h2>Changements dans la gestion des locations \u00e0 court terme<\/h2>\n<p>\u00c0 Morro Bay, un d\u00e9bat anim\u00e9 a eu lieu concernant les locations \u00e0 court terme (STR). Actuellement, 193 de ces propri\u00e9t\u00e9s sont en activit\u00e9, tandis que 186 autres sont en attente d&rsquo;un permis. Les revenus g\u00e9n\u00e9r\u00e9s par la taxe d&rsquo;occupation transitoire sont significatifs, mais des inqui\u00e9tudes ont \u00e9t\u00e9 soulev\u00e9es quant \u00e0 l&rsquo;usage des propri\u00e9t\u00e9s.<br \/>\nLa ville a annonc\u00e9 qu&rsquo;aucun nouveau STR ne sera approuv\u00e9 jusqu&rsquo;\u00e0 la fin d&rsquo;un audit des permis en cours. Les r\u00e9sidents demandent des mesures plus strictes, et le conseil municipal doit naviguer entre les pr\u00e9occupations des citoyens et les lois d&rsquo;\u00c9tat qui r\u00e9gissent ces permis.<\/p>\n<blockquote><p>\n\u00ab\u00a0La s\u00e9curit\u00e9 de nos jeunes et la gestion responsable des ressources locales doivent aller de pair.\u00a0\u00bb\n<\/p><\/blockquote>\n<h2>Opportunit\u00e9s de certification pour les sauveteurs<\/h2>\n<p>La s\u00e9curit\u00e9 aquatique est primordiale, et la ville de Santa Barbara a mis en place un programme de certification pour les sauveteurs \u00e0 tarif r\u00e9duit. Ce programme, qui co\u00fbte seulement 50 $, contre 200 $ habituellement, comprend une formation en ligne et en personne. Les participants obtiennent une certification de la Croix-Rouge am\u00e9ricaine qui les pr\u00e9pare \u00e0 des situations d&rsquo;urgence.<br \/>\nCette initiative vise \u00e0 renforcer la s\u00e9curit\u00e9 dans les piscines et les plages de la ville. Les anciens gardes-c\u00f4tes comme Mike Ghizzoni soulignent l&rsquo;importance de cette formation pour garantir un environnement s\u00fbr pour tous.<\/p>\n<div class=\"va-printemps-retenir\">\n<div class=\"va-printemps-ess-k\">Ce qu&rsquo;il faut retenir<\/div>\n<ul>\n<li>Reprise des vols d&rsquo;<span class=\"va-printemps-stat\">Alaska Airlines<\/span> vers Portland.<\/li>\n<li>Modernisation des appareils <span class=\"va-printemps-stat\">American Airlines<\/span> pour Dallas Fort Worth.<\/li>\n<li>Plus de <span class=\"va-printemps-stat\">160 contraventions<\/span> \u00e9mises pour la vente d&rsquo;alcool aux mineurs.<\/li>\n<li><span class=\"va-printemps-stat\">193 STR<\/span> en activit\u00e9 \u00e0 Morro Bay, audit des permis en cours.<\/li>\n<li>Programme de certification de sauveteur pour <span class=\"va-printemps-stat\">50 $<\/span> \u00e0 Santa Barbara.<\/li>\n<\/ul>\n<\/div>\n<p>Les informations recueillies ce matin montrent que les pr\u00e9paratifs pour le printemps sont en cours, tant dans le domaine des voyages que dans celui de la s\u00e9curit\u00e9 locale. Les r\u00e9sidents et les visiteurs doivent rester attentifs aux \u00e9volutions et aux ressources disponibles pour profiter pleinement de cette saison.\n<\/p><\/div>\n","protected":false},"excerpt":{"rendered":"","protected":false},"author":34,"featured_media":20366,"comment_status":"open","ping_status":"open","sticky":false,"template":"","format":"standard","meta":{"_acf_changed":false,"manual_indexmenow":false,"indexmenow_id_project":0,"footnotes":""},"categories":[1],"tags":[4538,4528,4713,3170,4635],"class_list":["post-15604","post","type-post","status-publish","format-standard","has-post-thumbnail","hentry","category-a-la-une","tag-activites-variees","tag-hebergement-abordable","tag-preparation","tag-securite","tag-voyage","generate-columns","tablet-grid-50","mobile-grid-100","grid-parent","grid-25"],"acf":[],"yoast_head":"<!-- This site is optimized with the Yoast SEO Premium plugin v21.3 (Yoast SEO v25.1) - https:\/\/yoast.com\/wordpress\/plugins\/seo\/ -->\n<title>Pr\u00e9parez-vous pour le printemps : actualit\u00e9s locales et<\/title>\n<meta name=\"description\" content=\"Le printemps approche et, avec lui, l&#039;agenda des voyageurs s&#039;acc\u00e9l\u00e8re : reprises de vols, ajustements d&#039;horaires et initiatives locales pour la s\u00e9curit\u00e9\" \/>\n<meta name=\"robots\" content=\"index, follow, max-snippet:-1, max-image-preview:large, max-video-preview:-1\" \/>\n<link rel=\"canonical\" href=\"https:\/\/voyage-aventure.com\/blog\/a-la-une\/preparez-vous-pour-le-printemps-actualites-locales-et-conseils-de-voyage\/\" \/>\n<meta property=\"og:locale\" content=\"fr_FR\" \/>\n<meta property=\"og:type\" content=\"article\" \/>\n<meta property=\"og:title\" content=\"Pr\u00e9parez-vous pour le printemps : actualit\u00e9s locales et\" \/>\n<meta property=\"og:description\" content=\"Le printemps approche et, avec lui, l&#039;agenda des voyageurs s&#039;acc\u00e9l\u00e8re : reprises de vols, ajustements d&#039;horaires et initiatives locales pour la s\u00e9curit\u00e9\" \/>\n<meta property=\"og:url\" content=\"https:\/\/voyage-aventure.com\/blog\/a-la-une\/preparez-vous-pour-le-printemps-actualites-locales-et-conseils-de-voyage\/\" \/>\n<meta property=\"og:site_name\" content=\"voyage-aventure\" \/>\n<meta property=\"og:image\" content=\"https:\/\/voyage-aventure.com\/blog\/wp-content\/uploads\/2025\/05\/sdxl-b8e8a55cf0caacce8359d3cf1898fa35-scaled.png\" \/>\n\t<meta property=\"og:image:width\" content=\"1200\" \/>\n\t<meta property=\"og:image:height\" content=\"500\" \/>\n\t<meta property=\"og:image:type\" content=\"image\/png\" \/>\n<meta name=\"author\" content=\"Camille Rouvray\" \/>\n<meta name=\"twitter:card\" content=\"summary_large_image\" \/>\n<script type=\"application\/ld+json\" class=\"yoast-schema-graph\">{\"@context\":\"https:\/\/schema.org\",\"@graph\":[{\"@type\":\"NewsArticle\",\"@id\":\"https:\/\/voyage-aventure.com\/blog\/a-la-une\/preparez-vous-pour-le-printemps-actualites-locales-et-conseils-de-voyage\/#article\",\"isPartOf\":{\"@id\":\"https:\/\/voyage-aventure.com\/blog\/a-la-une\/preparez-vous-pour-le-printemps-actualites-locales-et-conseils-de-voyage\/\"},\"author\":{\"name\":\"Camille Rouvray\",\"@id\":\"https:\/\/voyage-aventure.com\/blog\/#\/schema\/person\/3c864cdc320801e3db34b663e7e3f816\"},\"headline\":\"Pr\u00e9parez-vous pour le printemps : actualit\u00e9s locales et conseils de voyage\",\"datePublished\":\"2026-06-16T15:17:40+00:00\",\"dateModified\":\"2026-06-16T15:17:41+00:00\",\"mainEntityOfPage\":{\"@id\":\"https:\/\/voyage-aventure.com\/blog\/a-la-une\/preparez-vous-pour-le-printemps-actualites-locales-et-conseils-de-voyage\/\"},\"wordCount\":801,\"commentCount\":24,\"publisher\":{\"@id\":\"https:\/\/voyage-aventure.com\/blog\/#organization\"},\"image\":{\"@id\":\"https:\/\/voyage-aventure.com\/blog\/a-la-une\/preparez-vous-pour-le-printemps-actualites-locales-et-conseils-de-voyage\/#primaryimage\"},\"thumbnailUrl\":\"https:\/\/voyage-aventure.com\/blog\/wp-content\/uploads\/2025\/05\/sdxl-b8e8a55cf0caacce8359d3cf1898fa35-scaled.png\",\"keywords\":[\"Activit\u00e9s Vari\u00e9es\",\"H\u00e9bergement Abordable\",\"Pr\u00e9paration\",\"S\u00e9curit\u00e9\",\"Voyage\"],\"articleSection\":[\"\u00c0 la une\"],\"inLanguage\":\"fr-FR\",\"potentialAction\":[{\"@type\":\"CommentAction\",\"name\":\"Comment\",\"target\":[\"https:\/\/voyage-aventure.com\/blog\/a-la-une\/preparez-vous-pour-le-printemps-actualites-locales-et-conseils-de-voyage\/#respond\"]}]},{\"@type\":\"WebPage\",\"@id\":\"https:\/\/voyage-aventure.com\/blog\/a-la-une\/preparez-vous-pour-le-printemps-actualites-locales-et-conseils-de-voyage\/\",\"url\":\"https:\/\/voyage-aventure.com\/blog\/a-la-une\/preparez-vous-pour-le-printemps-actualites-locales-et-conseils-de-voyage\/\",\"name\":\"Pr\u00e9parez-vous pour le printemps : actualit\u00e9s locales et\",\"isPartOf\":{\"@id\":\"https:\/\/voyage-aventure.com\/blog\/#website\"},\"primaryImageOfPage\":{\"@id\":\"https:\/\/voyage-aventure.com\/blog\/a-la-une\/preparez-vous-pour-le-printemps-actualites-locales-et-conseils-de-voyage\/#primaryimage\"},\"image\":{\"@id\":\"https:\/\/voyage-aventure.com\/blog\/a-la-une\/preparez-vous-pour-le-printemps-actualites-locales-et-conseils-de-voyage\/#primaryimage\"},\"thumbnailUrl\":\"https:\/\/voyage-aventure.com\/blog\/wp-content\/uploads\/2025\/05\/sdxl-b8e8a55cf0caacce8359d3cf1898fa35-scaled.png\",\"datePublished\":\"2026-06-16T15:17:40+00:00\",\"dateModified\":\"2026-06-16T15:17:41+00:00\",\"description\":\"Le printemps approche et, avec lui, l'agenda des voyageurs s'acc\u00e9l\u00e8re : reprises de vols, ajustements d'horaires et initiatives locales pour la s\u00e9curit\u00e9\",\"inLanguage\":\"fr-FR\",\"potentialAction\":[{\"@type\":\"ReadAction\",\"target\":[\"https:\/\/voyage-aventure.com\/blog\/a-la-une\/preparez-vous-pour-le-printemps-actualites-locales-et-conseils-de-voyage\/\"]}]},{\"@type\":\"ImageObject\",\"inLanguage\":\"fr-FR\",\"@id\":\"https:\/\/voyage-aventure.com\/blog\/a-la-une\/preparez-vous-pour-le-printemps-actualites-locales-et-conseils-de-voyage\/#primaryimage\",\"url\":\"https:\/\/voyage-aventure.com\/blog\/wp-content\/uploads\/2025\/05\/sdxl-b8e8a55cf0caacce8359d3cf1898fa35-scaled.png\",\"contentUrl\":\"https:\/\/voyage-aventure.com\/blog\/wp-content\/uploads\/2025\/05\/sdxl-b8e8a55cf0caacce8359d3cf1898fa35-scaled.png\",\"width\":1200,\"height\":500},{\"@type\":\"WebSite\",\"@id\":\"https:\/\/voyage-aventure.com\/blog\/#website\",\"url\":\"https:\/\/voyage-aventure.com\/blog\/\",\"name\":\"voyage-aventure.com\",\"description\":\"Votre passeport pour l\u2019inattendu.\",\"publisher\":{\"@id\":\"https:\/\/voyage-aventure.com\/blog\/#organization\"},\"alternateName\":\"Votre passeport pour l\u2019inattendu.\",\"potentialAction\":[{\"@type\":\"SearchAction\",\"target\":{\"@type\":\"EntryPoint\",\"urlTemplate\":\"https:\/\/voyage-aventure.com\/blog\/?s={search_term_string}\"},\"query-input\":{\"@type\":\"PropertyValueSpecification\",\"valueRequired\":true,\"valueName\":\"search_term_string\"}}],\"inLanguage\":\"fr-FR\"},{\"@type\":\"Organization\",\"@id\":\"https:\/\/voyage-aventure.com\/blog\/#organization\",\"name\":\"Foretsensations.fr\",\"url\":\"https:\/\/voyage-aventure.com\/blog\/\",\"logo\":{\"@type\":\"ImageObject\",\"inLanguage\":\"fr-FR\",\"@id\":\"https:\/\/voyage-aventure.com\/blog\/#\/schema\/logo\/image\/\",\"url\":\"https:\/\/voyage-aventure.com\/blog\/wp-content\/uploads\/2024\/12\/19.png\",\"contentUrl\":\"https:\/\/voyage-aventure.com\/blog\/wp-content\/uploads\/2024\/12\/19.png\",\"width\":512,\"height\":512,\"caption\":\"Foretsensations.fr\"},\"image\":{\"@id\":\"https:\/\/voyage-aventure.com\/blog\/#\/schema\/logo\/image\/\"}},{\"@type\":\"Person\",\"@id\":\"https:\/\/voyage-aventure.com\/blog\/#\/schema\/person\/3c864cdc320801e3db34b663e7e3f816\",\"name\":\"Camille Rouvray\",\"image\":{\"@type\":\"ImageObject\",\"inLanguage\":\"fr-FR\",\"@id\":\"https:\/\/voyage-aventure.com\/blog\/#\/schema\/person\/image\/\",\"url\":\"https:\/\/voyage-aventure.com\/blog\/wp-content\/uploads\/2026\/06\/persona_camille-r-96x96.jpg\",\"contentUrl\":\"https:\/\/voyage-aventure.com\/blog\/wp-content\/uploads\/2026\/06\/persona_camille-r-96x96.jpg\",\"caption\":\"Camille Rouvray\"},\"description\":\"Je voyage et j'\u00e9cris sur le voyage depuis une douzaine d'ann\u00e9es, d'abord en tant que routarde au long cours, puis comme r\u00e9dactrice sp\u00e9cialis\u00e9e. Mon terrain de pr\u00e9dilection, ce sont les circuits organis\u00e9s et l'art de bien pr\u00e9parer un itin\u00e9raire : choix de la saison, dur\u00e9e r\u00e9aliste des \u00e9tapes, budget jour par jour, logement et transport sur place. J'aime aussi raconter les p\u00e9pites urbaines, ces adresses qu'on ne trouve pas dans les guides classiques. Avant de publier un dossier destination, je croise toujours plusieurs sources, je v\u00e9rifie les tarifs et les formalit\u00e9s d'entr\u00e9e \u00e0 jour, et je teste moi-m\u00eame quand je le peux. Mon angle reste pratique avant tout : aider le lecteur \u00e0 partir l'esprit tranquille, sans mauvaise surprise une fois sur place. Je m'attache \u00e0 distinguer le coup de c\u0153ur sinc\u00e8re du simple argument marketing.\",\"sameAs\":[\"https:\/\/camillerouvray.fr\/\"],\"url\":\"https:\/\/voyage-aventure.com\/blog\/auteur\/noname\/\"}]}<\/script>\n<!-- \/ Yoast SEO Premium plugin. -->","yoast_head_json":{"title":"Pr\u00e9parez-vous pour le printemps : actualit\u00e9s locales et","description":"Le printemps approche et, avec lui, l'agenda des voyageurs s'acc\u00e9l\u00e8re : reprises de vols, ajustements d'horaires et initiatives locales pour la s\u00e9curit\u00e9","robots":{"index":"index","follow":"follow","max-snippet":"max-snippet:-1","max-image-preview":"max-image-preview:large","max-video-preview":"max-video-preview:-1"},"canonical":"https:\/\/voyage-aventure.com\/blog\/a-la-une\/preparez-vous-pour-le-printemps-actualites-locales-et-conseils-de-voyage\/","og_locale":"fr_FR","og_type":"article","og_title":"Pr\u00e9parez-vous pour le printemps : actualit\u00e9s locales et","og_description":"Le printemps approche et, avec lui, l'agenda des voyageurs s'acc\u00e9l\u00e8re : reprises de vols, ajustements d'horaires et initiatives locales pour la s\u00e9curit\u00e9","og_url":"https:\/\/voyage-aventure.com\/blog\/a-la-une\/preparez-vous-pour-le-printemps-actualites-locales-et-conseils-de-voyage\/","og_site_name":"voyage-aventure","og_image":[{"width":1200,"height":500,"url":"https:\/\/voyage-aventure.com\/blog\/wp-content\/uploads\/2025\/05\/sdxl-b8e8a55cf0caacce8359d3cf1898fa35-scaled.png","type":"image\/png"}],"author":"Camille Rouvray","twitter_card":"summary_large_image","schema":{"@context":"https:\/\/schema.org","@graph":[{"@type":"NewsArticle","@id":"https:\/\/voyage-aventure.com\/blog\/a-la-une\/preparez-vous-pour-le-printemps-actualites-locales-et-conseils-de-voyage\/#article","isPartOf":{"@id":"https:\/\/voyage-aventure.com\/blog\/a-la-une\/preparez-vous-pour-le-printemps-actualites-locales-et-conseils-de-voyage\/"},"author":{"name":"Camille Rouvray","@id":"https:\/\/voyage-aventure.com\/blog\/#\/schema\/person\/3c864cdc320801e3db34b663e7e3f816"},"headline":"Pr\u00e9parez-vous pour le printemps : actualit\u00e9s locales et conseils de voyage","datePublished":"2026-06-16T15:17:40+00:00","dateModified":"2026-06-16T15:17:41+00:00","mainEntityOfPage":{"@id":"https:\/\/voyage-aventure.com\/blog\/a-la-une\/preparez-vous-pour-le-printemps-actualites-locales-et-conseils-de-voyage\/"},"wordCount":801,"commentCount":24,"publisher":{"@id":"https:\/\/voyage-aventure.com\/blog\/#organization"},"image":{"@id":"https:\/\/voyage-aventure.com\/blog\/a-la-une\/preparez-vous-pour-le-printemps-actualites-locales-et-conseils-de-voyage\/#primaryimage"},"thumbnailUrl":"https:\/\/voyage-aventure.com\/blog\/wp-content\/uploads\/2025\/05\/sdxl-b8e8a55cf0caacce8359d3cf1898fa35-scaled.png","keywords":["Activit\u00e9s Vari\u00e9es","H\u00e9bergement Abordable","Pr\u00e9paration","S\u00e9curit\u00e9","Voyage"],"articleSection":["\u00c0 la une"],"inLanguage":"fr-FR","potentialAction":[{"@type":"CommentAction","name":"Comment","target":["https:\/\/voyage-aventure.com\/blog\/a-la-une\/preparez-vous-pour-le-printemps-actualites-locales-et-conseils-de-voyage\/#respond"]}]},{"@type":"WebPage","@id":"https:\/\/voyage-aventure.com\/blog\/a-la-une\/preparez-vous-pour-le-printemps-actualites-locales-et-conseils-de-voyage\/","url":"https:\/\/voyage-aventure.com\/blog\/a-la-une\/preparez-vous-pour-le-printemps-actualites-locales-et-conseils-de-voyage\/","name":"Pr\u00e9parez-vous pour le printemps : actualit\u00e9s locales et","isPartOf":{"@id":"https:\/\/voyage-aventure.com\/blog\/#website"},"primaryImageOfPage":{"@id":"https:\/\/voyage-aventure.com\/blog\/a-la-une\/preparez-vous-pour-le-printemps-actualites-locales-et-conseils-de-voyage\/#primaryimage"},"image":{"@id":"https:\/\/voyage-aventure.com\/blog\/a-la-une\/preparez-vous-pour-le-printemps-actualites-locales-et-conseils-de-voyage\/#primaryimage"},"thumbnailUrl":"https:\/\/voyage-aventure.com\/blog\/wp-content\/uploads\/2025\/05\/sdxl-b8e8a55cf0caacce8359d3cf1898fa35-scaled.png","datePublished":"2026-06-16T15:17:40+00:00","dateModified":"2026-06-16T15:17:41+00:00","description":"Le printemps approche et, avec lui, l'agenda des voyageurs s'acc\u00e9l\u00e8re : reprises de vols, ajustements d'horaires et initiatives locales pour la s\u00e9curit\u00e9","inLanguage":"fr-FR","potentialAction":[{"@type":"ReadAction","target":["https:\/\/voyage-aventure.com\/blog\/a-la-une\/preparez-vous-pour-le-printemps-actualites-locales-et-conseils-de-voyage\/"]}]},{"@type":"ImageObject","inLanguage":"fr-FR","@id":"https:\/\/voyage-aventure.com\/blog\/a-la-une\/preparez-vous-pour-le-printemps-actualites-locales-et-conseils-de-voyage\/#primaryimage","url":"https:\/\/voyage-aventure.com\/blog\/wp-content\/uploads\/2025\/05\/sdxl-b8e8a55cf0caacce8359d3cf1898fa35-scaled.png","contentUrl":"https:\/\/voyage-aventure.com\/blog\/wp-content\/uploads\/2025\/05\/sdxl-b8e8a55cf0caacce8359d3cf1898fa35-scaled.png","width":1200,"height":500},{"@type":"WebSite","@id":"https:\/\/voyage-aventure.com\/blog\/#website","url":"https:\/\/voyage-aventure.com\/blog\/","name":"voyage-aventure.com","description":"Votre passeport pour l\u2019inattendu.","publisher":{"@id":"https:\/\/voyage-aventure.com\/blog\/#organization"},"alternateName":"Votre passeport pour l\u2019inattendu.","potentialAction":[{"@type":"SearchAction","target":{"@type":"EntryPoint","urlTemplate":"https:\/\/voyage-aventure.com\/blog\/?s={search_term_string}"},"query-input":{"@type":"PropertyValueSpecification","valueRequired":true,"valueName":"search_term_string"}}],"inLanguage":"fr-FR"},{"@type":"Organization","@id":"https:\/\/voyage-aventure.com\/blog\/#organization","name":"Foretsensations.fr","url":"https:\/\/voyage-aventure.com\/blog\/","logo":{"@type":"ImageObject","inLanguage":"fr-FR","@id":"https:\/\/voyage-aventure.com\/blog\/#\/schema\/logo\/image\/","url":"https:\/\/voyage-aventure.com\/blog\/wp-content\/uploads\/2024\/12\/19.png","contentUrl":"https:\/\/voyage-aventure.com\/blog\/wp-content\/uploads\/2024\/12\/19.png","width":512,"height":512,"caption":"Foretsensations.fr"},"image":{"@id":"https:\/\/voyage-aventure.com\/blog\/#\/schema\/logo\/image\/"}},{"@type":"Person","@id":"https:\/\/voyage-aventure.com\/blog\/#\/schema\/person\/3c864cdc320801e3db34b663e7e3f816","name":"Camille Rouvray","image":{"@type":"ImageObject","inLanguage":"fr-FR","@id":"https:\/\/voyage-aventure.com\/blog\/#\/schema\/person\/image\/","url":"https:\/\/voyage-aventure.com\/blog\/wp-content\/uploads\/2026\/06\/persona_camille-r-96x96.jpg","contentUrl":"https:\/\/voyage-aventure.com\/blog\/wp-content\/uploads\/2026\/06\/persona_camille-r-96x96.jpg","caption":"Camille Rouvray"},"description":"Je voyage et j'\u00e9cris sur le voyage depuis une douzaine d'ann\u00e9es, d'abord en tant que routarde au long cours, puis comme r\u00e9dactrice sp\u00e9cialis\u00e9e. Mon terrain de pr\u00e9dilection, ce sont les circuits organis\u00e9s et l'art de bien pr\u00e9parer un itin\u00e9raire : choix de la saison, dur\u00e9e r\u00e9aliste des \u00e9tapes, budget jour par jour, logement et transport sur place. J'aime aussi raconter les p\u00e9pites urbaines, ces adresses qu'on ne trouve pas dans les guides classiques. Avant de publier un dossier destination, je croise toujours plusieurs sources, je v\u00e9rifie les tarifs et les formalit\u00e9s d'entr\u00e9e \u00e0 jour, et je teste moi-m\u00eame quand je le peux. Mon angle reste pratique avant tout : aider le lecteur \u00e0 partir l'esprit tranquille, sans mauvaise surprise une fois sur place. Je m'attache \u00e0 distinguer le coup de c\u0153ur sinc\u00e8re du simple argument marketing.","sameAs":["https:\/\/camillerouvray.fr\/"],"url":"https:\/\/voyage-aventure.com\/blog\/auteur\/noname\/"}]}},"_links":{"self":[{"href":"https:\/\/voyage-aventure.com\/blog\/wp-json\/wp\/v2\/posts\/15604","targetHints":{"allow":["GET"]}}],"collection":[{"href":"https:\/\/voyage-aventure.com\/blog\/wp-json\/wp\/v2\/posts"}],"about":[{"href":"https:\/\/voyage-aventure.com\/blog\/wp-json\/wp\/v2\/types\/post"}],"author":[{"embeddable":true,"href":"https:\/\/voyage-aventure.com\/blog\/wp-json\/wp\/v2\/users\/34"}],"replies":[{"embeddable":true,"href":"https:\/\/voyage-aventure.com\/blog\/wp-json\/wp\/v2\/comments?post=15604"}],"version-history":[{"count":2,"href":"https:\/\/voyage-aventure.com\/blog\/wp-json\/wp\/v2\/posts\/15604\/revisions"}],"predecessor-version":[{"id":22829,"href":"https:\/\/voyage-aventure.com\/blog\/wp-json\/wp\/v2\/posts\/15604\/revisions\/22829"}],"wp:featuredmedia":[{"embeddable":true,"href":"https:\/\/voyage-aventure.com\/blog\/wp-json\/wp\/v2\/media\/20366"}],"wp:attachment":[{"href":"https:\/\/voyage-aventure.com\/blog\/wp-json\/wp\/v2\/media?parent=15604"}],"wp:term":[{"taxonomy":"category","embeddable":true,"href":"https:\/\/voyage-aventure.com\/blog\/wp-json\/wp\/v2\/categories?post=15604"},{"taxonomy":"post_tag","embeddable":true,"href":"https:\/\/voyage-aventure.com\/blog\/wp-json\/wp\/v2\/tags?post=15604"}],"curies":[{"name":"wp","href":"https:\/\/api.w.org\/{rel}","templated":true}]}}