{"id":15600,"date":"2025-03-21T04:31:47","date_gmt":"2025-03-21T03:31:47","guid":{"rendered":"https:\/\/voyage-aventure.com\/blog\/?p=15600"},"modified":"2025-03-19T15:42:13","modified_gmt":"2025-03-19T14:42:13","slug":"un-tournant-controverse-le-refus-des-medias-dans-la-campagne-de-pierre-poilievre","status":"publish","type":"post","link":"https:\/\/voyage-aventure.com\/blog\/destinations-aventure\/un-tournant-controverse-le-refus-des-medias-dans-la-campagne-de-pierre-poilievre\/","title":{"rendered":"Un tournant controvers\u00e9 : le refus des m\u00e9dias dans la campagne de Pierre Poilievre"},"content":{"rendered":"<h2>Un changement de cap dans la campagne<\/h2>\n<p>Cette d\u00e9cision, annonc\u00e9e par Jenni Byrne, directrice nationale de la campagne, a suscit\u00e9 de vives r\u00e9actions au sein de la communaut\u00e9 journalistique. Les raisons invoqu\u00e9es incluent la mont\u00e9e des co\u00fbts de voyage et l&rsquo;augmentation des possibilit\u00e9s d&rsquo;acc\u00e8s num\u00e9rique aux \u00e9v\u00e9nements publics.<\/p>\n<p>Historiquement, les grandes campagnes \u00e9lectorales canadiennes ont toujours permis aux m\u00e9dias de suivre les candidats de pr\u00e8s. Les journalistes ont souvent eu l&rsquo;opportunit\u00e9 de poser des questions et d&rsquo;observer les candidats dans un cadre naturel. Ce changement repr\u00e9sente une rupture avec cette tradition et soul\u00e8ve des questions sur la transparence de la campagne.<\/p>\n<h2>Les justifications de la direction de campagne<\/h2>\n<p>Dans son communiqu\u00e9, Jenni Byrne a pr\u00e9cis\u00e9 que la d\u00e9cision de restreindre l&rsquo;acc\u00e8s aux m\u00e9dias \u00e9tait motiv\u00e9e par des consid\u00e9rations financi\u00e8res. Elle a indiqu\u00e9 que les m\u00e9dias pr\u00e9f\u00e8rent d\u00e9sormais envoyer des journalistes locaux pour couvrir les \u00e9v\u00e9nements, plut\u00f4t que de faire voyager des \u00e9quipes compl\u00e8tes depuis Ottawa. Cette approche, selon Byrne, refl\u00e8te les nouvelles r\u00e9alit\u00e9s du journalisme moderne et les d\u00e9fis \u00e9conomiques auxquels il fait face.<\/p>\n<p>Cependant, cette d\u00e9cision pourrait \u00eatre per\u00e7ue comme un moyen de contr\u00f4ler la narration autour de la campagne. Les critiques avancent que limiter l&rsquo;acc\u00e8s des m\u00e9dias peut nuire \u00e0 la capacit\u00e9 des journalistes \u00e0 poser des questions cruciales et \u00e0 rendre compte d&rsquo;\u00e9v\u00e9nements importants. Il est essentiel de se demander si cette approche est vraiment au service de la d\u00e9mocratie ou si elle vise \u00e0 cr\u00e9er un discours plus favorable pour le candidat.<\/p>\n<h2>Les implications pour la d\u00e9mocratie<\/h2>\n<p>La restriction de l&rsquo;acc\u00e8s des m\u00e9dias soul\u00e8ve des pr\u00e9occupations quant \u00e0 la transparence et \u00e0 la responsabilit\u00e9 des candidats. Les journalistes jouent un r\u00f4le vital dans la d\u00e9mocratie en informant le public et en tenant les dirigeants responsables de leurs actions. Limiter leur acc\u00e8s peut entraver cette fonction essentielle et cr\u00e9er un foss\u00e9 entre les \u00e9lecteurs et les candidats.<\/p>\n<p>Une citation pertinente r\u00e9sume cette inqui\u00e9tude : <\/p>\n<blockquote><p>\u00ab\u00a0Un acc\u00e8s limit\u00e9 aux m\u00e9dias peut mener \u00e0 une d\u00e9sinformation et \u00e0 un manque de responsabilit\u00e9 dans l&rsquo;ar\u00e8ne politique.\u00a0\u00bb<\/p><\/blockquote>\n<p>. Les \u00e9lecteurs doivent s&rsquo;assurer que les informations qu&rsquo;ils re\u00e7oivent sont compl\u00e8tes et pr\u00e9cises, ce qui est difficile \u00e0 garantir sans une couverture m\u00e9diatique ad\u00e9quate.<\/p>\n<ul>\n<li>La campagne de Poilievre se distancie des traditions \u00e9lectorales canadiennes.<\/li>\n<li>Les m\u00e9dias locaux sont favoris\u00e9s pour r\u00e9duire les co\u00fbts de d\u00e9placement.<\/li>\n<li>Les cons\u00e9quences pour la transparence et la responsabilit\u00e9 d\u00e9mocratique sont pr\u00e9occupantes.<\/li>\n<li>Les \u00e9lecteurs doivent rester vigilants face \u00e0 ce changement.<\/li>\n<\/ul>\n<p>Cet article aborde les implications de la d\u00e9cision de Pierre Poilievre d&rsquo;interdire l&rsquo;acc\u00e8s des m\u00e9dias \u00e0 sa campagne, mettant en lumi\u00e8re les enjeux de transparence et de responsabilit\u00e9 en d\u00e9mocratie. Les nouvelles pratiques, bien que motiv\u00e9es par des consid\u00e9rations \u00e9conomiques, soul\u00e8vent des questions cruciales sur la mani\u00e8re dont les \u00e9lecteurs s&rsquo;informent et sur le r\u00f4le des journalistes dans le paysage politique actuel.<\/p>\n","protected":false},"excerpt":{"rendered":"","protected":false},"author":34,"featured_media":19667,"comment_status":"open","ping_status":"open","sticky":false,"template":"","format":"standard","meta":{"_acf_changed":false,"manual_indexmenow":false,"indexmenow_id_project":0,"footnotes":""},"categories":[4520],"tags":[4593,4713,5688,3170,5008],"class_list":["post-15600","post","type-post","status-publish","format-standard","has-post-thumbnail","hentry","category-destinations-aventure","tag-economie","tag-preparation","tag-relations-internationales","tag-securite","tag-tourisme","generate-columns","tablet-grid-50","mobile-grid-100","grid-parent","grid-25"],"acf":[],"yoast_head":"<!-- This site is optimized with the Yoast SEO Premium plugin v21.3 (Yoast SEO v25.1) - https:\/\/yoast.com\/wordpress\/plugins\/seo\/ -->\n<title>Un tournant controvers\u00e9 : le refus des m\u00e9dias dans la<\/title>\n<meta name=\"description\" content=\"Cette d\u00e9cision, annonc\u00e9e par Jenni Byrne, directrice nationale de la campagne, a suscit\u00e9 de vives r\u00e9actions au sein de la communaut\u00e9 journalistique. Les\" \/>\n<meta name=\"robots\" content=\"index, follow, max-snippet:-1, max-image-preview:large, max-video-preview:-1\" \/>\n<link rel=\"canonical\" href=\"https:\/\/voyage-aventure.com\/blog\/destinations-aventure\/un-tournant-controverse-le-refus-des-medias-dans-la-campagne-de-pierre-poilievre\/\" \/>\n<meta property=\"og:locale\" content=\"fr_FR\" \/>\n<meta property=\"og:type\" content=\"article\" \/>\n<meta property=\"og:title\" content=\"Un tournant controvers\u00e9 : le refus des m\u00e9dias dans la\" \/>\n<meta property=\"og:description\" content=\"Cette d\u00e9cision, annonc\u00e9e par Jenni Byrne, directrice nationale de la campagne, a suscit\u00e9 de vives r\u00e9actions au sein de la communaut\u00e9 journalistique. Les\" \/>\n<meta property=\"og:url\" content=\"https:\/\/voyage-aventure.com\/blog\/destinations-aventure\/un-tournant-controverse-le-refus-des-medias-dans-la-campagne-de-pierre-poilievre\/\" \/>\n<meta property=\"og:site_name\" content=\"voyage-aventure\" \/>\n<meta property=\"og:image\" content=\"https:\/\/voyage-aventure.com\/blog\/wp-content\/uploads\/2025\/05\/sdxl-c4f5a6a031bd4b1c61449a4230a2a14e-scaled.png\" \/>\n\t<meta property=\"og:image:width\" content=\"1200\" \/>\n\t<meta property=\"og:image:height\" content=\"500\" \/>\n\t<meta property=\"og:image:type\" content=\"image\/png\" \/>\n<meta name=\"author\" content=\"Camille Rouvray\" \/>\n<meta name=\"twitter:card\" content=\"summary_large_image\" \/>\n<script type=\"application\/ld+json\" class=\"yoast-schema-graph\">{\"@context\":\"https:\/\/schema.org\",\"@graph\":[{\"@type\":\"NewsArticle\",\"@id\":\"https:\/\/voyage-aventure.com\/blog\/destinations-aventure\/un-tournant-controverse-le-refus-des-medias-dans-la-campagne-de-pierre-poilievre\/#article\",\"isPartOf\":{\"@id\":\"https:\/\/voyage-aventure.com\/blog\/destinations-aventure\/un-tournant-controverse-le-refus-des-medias-dans-la-campagne-de-pierre-poilievre\/\"},\"author\":{\"name\":\"Camille Rouvray\",\"@id\":\"https:\/\/voyage-aventure.com\/blog\/#\/schema\/person\/3c864cdc320801e3db34b663e7e3f816\"},\"headline\":\"Un tournant controvers\u00e9 : le refus des m\u00e9dias dans la campagne de Pierre Poilievre\",\"datePublished\":\"2025-03-21T03:31:47+00:00\",\"mainEntityOfPage\":{\"@id\":\"https:\/\/voyage-aventure.com\/blog\/destinations-aventure\/un-tournant-controverse-le-refus-des-medias-dans-la-campagne-de-pierre-poilievre\/\"},\"wordCount\":557,\"commentCount\":25,\"publisher\":{\"@id\":\"https:\/\/voyage-aventure.com\/blog\/#organization\"},\"image\":{\"@id\":\"https:\/\/voyage-aventure.com\/blog\/destinations-aventure\/un-tournant-controverse-le-refus-des-medias-dans-la-campagne-de-pierre-poilievre\/#primaryimage\"},\"thumbnailUrl\":\"https:\/\/voyage-aventure.com\/blog\/wp-content\/uploads\/2025\/05\/sdxl-c4f5a6a031bd4b1c61449a4230a2a14e-scaled.png\",\"keywords\":[\"\u00c9conomie\",\"Pr\u00e9paration\",\"Relations Internationales\",\"S\u00e9curit\u00e9\",\"Tourisme\"],\"articleSection\":[\"Destinations Aventure\"],\"inLanguage\":\"fr-FR\",\"potentialAction\":[{\"@type\":\"CommentAction\",\"name\":\"Comment\",\"target\":[\"https:\/\/voyage-aventure.com\/blog\/destinations-aventure\/un-tournant-controverse-le-refus-des-medias-dans-la-campagne-de-pierre-poilievre\/#respond\"]}]},{\"@type\":\"WebPage\",\"@id\":\"https:\/\/voyage-aventure.com\/blog\/destinations-aventure\/un-tournant-controverse-le-refus-des-medias-dans-la-campagne-de-pierre-poilievre\/\",\"url\":\"https:\/\/voyage-aventure.com\/blog\/destinations-aventure\/un-tournant-controverse-le-refus-des-medias-dans-la-campagne-de-pierre-poilievre\/\",\"name\":\"Un tournant controvers\u00e9 : le refus des m\u00e9dias dans la\",\"isPartOf\":{\"@id\":\"https:\/\/voyage-aventure.com\/blog\/#website\"},\"primaryImageOfPage\":{\"@id\":\"https:\/\/voyage-aventure.com\/blog\/destinations-aventure\/un-tournant-controverse-le-refus-des-medias-dans-la-campagne-de-pierre-poilievre\/#primaryimage\"},\"image\":{\"@id\":\"https:\/\/voyage-aventure.com\/blog\/destinations-aventure\/un-tournant-controverse-le-refus-des-medias-dans-la-campagne-de-pierre-poilievre\/#primaryimage\"},\"thumbnailUrl\":\"https:\/\/voyage-aventure.com\/blog\/wp-content\/uploads\/2025\/05\/sdxl-c4f5a6a031bd4b1c61449a4230a2a14e-scaled.png\",\"datePublished\":\"2025-03-21T03:31:47+00:00\",\"description\":\"Cette d\u00e9cision, annonc\u00e9e par Jenni Byrne, directrice nationale de la campagne, a suscit\u00e9 de vives r\u00e9actions au sein de la communaut\u00e9 journalistique. Les\",\"inLanguage\":\"fr-FR\",\"potentialAction\":[{\"@type\":\"ReadAction\",\"target\":[\"https:\/\/voyage-aventure.com\/blog\/destinations-aventure\/un-tournant-controverse-le-refus-des-medias-dans-la-campagne-de-pierre-poilievre\/\"]}]},{\"@type\":\"ImageObject\",\"inLanguage\":\"fr-FR\",\"@id\":\"https:\/\/voyage-aventure.com\/blog\/destinations-aventure\/un-tournant-controverse-le-refus-des-medias-dans-la-campagne-de-pierre-poilievre\/#primaryimage\",\"url\":\"https:\/\/voyage-aventure.com\/blog\/wp-content\/uploads\/2025\/05\/sdxl-c4f5a6a031bd4b1c61449a4230a2a14e-scaled.png\",\"contentUrl\":\"https:\/\/voyage-aventure.com\/blog\/wp-content\/uploads\/2025\/05\/sdxl-c4f5a6a031bd4b1c61449a4230a2a14e-scaled.png\",\"width\":1200,\"height\":500},{\"@type\":\"WebSite\",\"@id\":\"https:\/\/voyage-aventure.com\/blog\/#website\",\"url\":\"https:\/\/voyage-aventure.com\/blog\/\",\"name\":\"voyage-aventure.com\",\"description\":\"Votre passeport pour l\u2019inattendu.\",\"publisher\":{\"@id\":\"https:\/\/voyage-aventure.com\/blog\/#organization\"},\"alternateName\":\"Votre passeport pour l\u2019inattendu.\",\"potentialAction\":[{\"@type\":\"SearchAction\",\"target\":{\"@type\":\"EntryPoint\",\"urlTemplate\":\"https:\/\/voyage-aventure.com\/blog\/?s={search_term_string}\"},\"query-input\":{\"@type\":\"PropertyValueSpecification\",\"valueRequired\":true,\"valueName\":\"search_term_string\"}}],\"inLanguage\":\"fr-FR\"},{\"@type\":\"Organization\",\"@id\":\"https:\/\/voyage-aventure.com\/blog\/#organization\",\"name\":\"Foretsensations.fr\",\"url\":\"https:\/\/voyage-aventure.com\/blog\/\",\"logo\":{\"@type\":\"ImageObject\",\"inLanguage\":\"fr-FR\",\"@id\":\"https:\/\/voyage-aventure.com\/blog\/#\/schema\/logo\/image\/\",\"url\":\"https:\/\/voyage-aventure.com\/blog\/wp-content\/uploads\/2024\/12\/19.png\",\"contentUrl\":\"https:\/\/voyage-aventure.com\/blog\/wp-content\/uploads\/2024\/12\/19.png\",\"width\":512,\"height\":512,\"caption\":\"Foretsensations.fr\"},\"image\":{\"@id\":\"https:\/\/voyage-aventure.com\/blog\/#\/schema\/logo\/image\/\"}},{\"@type\":\"Person\",\"@id\":\"https:\/\/voyage-aventure.com\/blog\/#\/schema\/person\/3c864cdc320801e3db34b663e7e3f816\",\"name\":\"Camille Rouvray\",\"image\":{\"@type\":\"ImageObject\",\"inLanguage\":\"fr-FR\",\"@id\":\"https:\/\/voyage-aventure.com\/blog\/#\/schema\/person\/image\/\",\"url\":\"https:\/\/voyage-aventure.com\/blog\/wp-content\/uploads\/2026\/06\/persona_camille-r-96x96.jpg\",\"contentUrl\":\"https:\/\/voyage-aventure.com\/blog\/wp-content\/uploads\/2026\/06\/persona_camille-r-96x96.jpg\",\"caption\":\"Camille Rouvray\"},\"description\":\"Je voyage et j'\u00e9cris sur le voyage depuis une douzaine d'ann\u00e9es, d'abord en tant que routarde au long cours, puis comme r\u00e9dactrice sp\u00e9cialis\u00e9e. Mon terrain de pr\u00e9dilection, ce sont les circuits organis\u00e9s et l'art de bien pr\u00e9parer un itin\u00e9raire : choix de la saison, dur\u00e9e r\u00e9aliste des \u00e9tapes, budget jour par jour, logement et transport sur place. J'aime aussi raconter les p\u00e9pites urbaines, ces adresses qu'on ne trouve pas dans les guides classiques. Avant de publier un dossier destination, je croise toujours plusieurs sources, je v\u00e9rifie les tarifs et les formalit\u00e9s d'entr\u00e9e \u00e0 jour, et je teste moi-m\u00eame quand je le peux. Mon angle reste pratique avant tout : aider le lecteur \u00e0 partir l'esprit tranquille, sans mauvaise surprise une fois sur place. Je m'attache \u00e0 distinguer le coup de c\u0153ur sinc\u00e8re du simple argument marketing.\",\"sameAs\":[\"https:\/\/camillerouvray.fr\/\"],\"url\":\"https:\/\/voyage-aventure.com\/blog\/auteur\/noname\/\"}]}<\/script>\n<!-- \/ Yoast SEO Premium plugin. -->","yoast_head_json":{"title":"Un tournant controvers\u00e9 : le refus des m\u00e9dias dans la","description":"Cette d\u00e9cision, annonc\u00e9e par Jenni Byrne, directrice nationale de la campagne, a suscit\u00e9 de vives r\u00e9actions au sein de la communaut\u00e9 journalistique. Les","robots":{"index":"index","follow":"follow","max-snippet":"max-snippet:-1","max-image-preview":"max-image-preview:large","max-video-preview":"max-video-preview:-1"},"canonical":"https:\/\/voyage-aventure.com\/blog\/destinations-aventure\/un-tournant-controverse-le-refus-des-medias-dans-la-campagne-de-pierre-poilievre\/","og_locale":"fr_FR","og_type":"article","og_title":"Un tournant controvers\u00e9 : le refus des m\u00e9dias dans la","og_description":"Cette d\u00e9cision, annonc\u00e9e par Jenni Byrne, directrice nationale de la campagne, a suscit\u00e9 de vives r\u00e9actions au sein de la communaut\u00e9 journalistique. Les","og_url":"https:\/\/voyage-aventure.com\/blog\/destinations-aventure\/un-tournant-controverse-le-refus-des-medias-dans-la-campagne-de-pierre-poilievre\/","og_site_name":"voyage-aventure","og_image":[{"width":1200,"height":500,"url":"https:\/\/voyage-aventure.com\/blog\/wp-content\/uploads\/2025\/05\/sdxl-c4f5a6a031bd4b1c61449a4230a2a14e-scaled.png","type":"image\/png"}],"author":"Camille Rouvray","twitter_card":"summary_large_image","schema":{"@context":"https:\/\/schema.org","@graph":[{"@type":"NewsArticle","@id":"https:\/\/voyage-aventure.com\/blog\/destinations-aventure\/un-tournant-controverse-le-refus-des-medias-dans-la-campagne-de-pierre-poilievre\/#article","isPartOf":{"@id":"https:\/\/voyage-aventure.com\/blog\/destinations-aventure\/un-tournant-controverse-le-refus-des-medias-dans-la-campagne-de-pierre-poilievre\/"},"author":{"name":"Camille Rouvray","@id":"https:\/\/voyage-aventure.com\/blog\/#\/schema\/person\/3c864cdc320801e3db34b663e7e3f816"},"headline":"Un tournant controvers\u00e9 : le refus des m\u00e9dias dans la campagne de Pierre Poilievre","datePublished":"2025-03-21T03:31:47+00:00","mainEntityOfPage":{"@id":"https:\/\/voyage-aventure.com\/blog\/destinations-aventure\/un-tournant-controverse-le-refus-des-medias-dans-la-campagne-de-pierre-poilievre\/"},"wordCount":557,"commentCount":25,"publisher":{"@id":"https:\/\/voyage-aventure.com\/blog\/#organization"},"image":{"@id":"https:\/\/voyage-aventure.com\/blog\/destinations-aventure\/un-tournant-controverse-le-refus-des-medias-dans-la-campagne-de-pierre-poilievre\/#primaryimage"},"thumbnailUrl":"https:\/\/voyage-aventure.com\/blog\/wp-content\/uploads\/2025\/05\/sdxl-c4f5a6a031bd4b1c61449a4230a2a14e-scaled.png","keywords":["\u00c9conomie","Pr\u00e9paration","Relations Internationales","S\u00e9curit\u00e9","Tourisme"],"articleSection":["Destinations Aventure"],"inLanguage":"fr-FR","potentialAction":[{"@type":"CommentAction","name":"Comment","target":["https:\/\/voyage-aventure.com\/blog\/destinations-aventure\/un-tournant-controverse-le-refus-des-medias-dans-la-campagne-de-pierre-poilievre\/#respond"]}]},{"@type":"WebPage","@id":"https:\/\/voyage-aventure.com\/blog\/destinations-aventure\/un-tournant-controverse-le-refus-des-medias-dans-la-campagne-de-pierre-poilievre\/","url":"https:\/\/voyage-aventure.com\/blog\/destinations-aventure\/un-tournant-controverse-le-refus-des-medias-dans-la-campagne-de-pierre-poilievre\/","name":"Un tournant controvers\u00e9 : le refus des m\u00e9dias dans la","isPartOf":{"@id":"https:\/\/voyage-aventure.com\/blog\/#website"},"primaryImageOfPage":{"@id":"https:\/\/voyage-aventure.com\/blog\/destinations-aventure\/un-tournant-controverse-le-refus-des-medias-dans-la-campagne-de-pierre-poilievre\/#primaryimage"},"image":{"@id":"https:\/\/voyage-aventure.com\/blog\/destinations-aventure\/un-tournant-controverse-le-refus-des-medias-dans-la-campagne-de-pierre-poilievre\/#primaryimage"},"thumbnailUrl":"https:\/\/voyage-aventure.com\/blog\/wp-content\/uploads\/2025\/05\/sdxl-c4f5a6a031bd4b1c61449a4230a2a14e-scaled.png","datePublished":"2025-03-21T03:31:47+00:00","description":"Cette d\u00e9cision, annonc\u00e9e par Jenni Byrne, directrice nationale de la campagne, a suscit\u00e9 de vives r\u00e9actions au sein de la communaut\u00e9 journalistique. Les","inLanguage":"fr-FR","potentialAction":[{"@type":"ReadAction","target":["https:\/\/voyage-aventure.com\/blog\/destinations-aventure\/un-tournant-controverse-le-refus-des-medias-dans-la-campagne-de-pierre-poilievre\/"]}]},{"@type":"ImageObject","inLanguage":"fr-FR","@id":"https:\/\/voyage-aventure.com\/blog\/destinations-aventure\/un-tournant-controverse-le-refus-des-medias-dans-la-campagne-de-pierre-poilievre\/#primaryimage","url":"https:\/\/voyage-aventure.com\/blog\/wp-content\/uploads\/2025\/05\/sdxl-c4f5a6a031bd4b1c61449a4230a2a14e-scaled.png","contentUrl":"https:\/\/voyage-aventure.com\/blog\/wp-content\/uploads\/2025\/05\/sdxl-c4f5a6a031bd4b1c61449a4230a2a14e-scaled.png","width":1200,"height":500},{"@type":"WebSite","@id":"https:\/\/voyage-aventure.com\/blog\/#website","url":"https:\/\/voyage-aventure.com\/blog\/","name":"voyage-aventure.com","description":"Votre passeport pour l\u2019inattendu.","publisher":{"@id":"https:\/\/voyage-aventure.com\/blog\/#organization"},"alternateName":"Votre passeport pour l\u2019inattendu.","potentialAction":[{"@type":"SearchAction","target":{"@type":"EntryPoint","urlTemplate":"https:\/\/voyage-aventure.com\/blog\/?s={search_term_string}"},"query-input":{"@type":"PropertyValueSpecification","valueRequired":true,"valueName":"search_term_string"}}],"inLanguage":"fr-FR"},{"@type":"Organization","@id":"https:\/\/voyage-aventure.com\/blog\/#organization","name":"Foretsensations.fr","url":"https:\/\/voyage-aventure.com\/blog\/","logo":{"@type":"ImageObject","inLanguage":"fr-FR","@id":"https:\/\/voyage-aventure.com\/blog\/#\/schema\/logo\/image\/","url":"https:\/\/voyage-aventure.com\/blog\/wp-content\/uploads\/2024\/12\/19.png","contentUrl":"https:\/\/voyage-aventure.com\/blog\/wp-content\/uploads\/2024\/12\/19.png","width":512,"height":512,"caption":"Foretsensations.fr"},"image":{"@id":"https:\/\/voyage-aventure.com\/blog\/#\/schema\/logo\/image\/"}},{"@type":"Person","@id":"https:\/\/voyage-aventure.com\/blog\/#\/schema\/person\/3c864cdc320801e3db34b663e7e3f816","name":"Camille Rouvray","image":{"@type":"ImageObject","inLanguage":"fr-FR","@id":"https:\/\/voyage-aventure.com\/blog\/#\/schema\/person\/image\/","url":"https:\/\/voyage-aventure.com\/blog\/wp-content\/uploads\/2026\/06\/persona_camille-r-96x96.jpg","contentUrl":"https:\/\/voyage-aventure.com\/blog\/wp-content\/uploads\/2026\/06\/persona_camille-r-96x96.jpg","caption":"Camille Rouvray"},"description":"Je voyage et j'\u00e9cris sur le voyage depuis une douzaine d'ann\u00e9es, d'abord en tant que routarde au long cours, puis comme r\u00e9dactrice sp\u00e9cialis\u00e9e. Mon terrain de pr\u00e9dilection, ce sont les circuits organis\u00e9s et l'art de bien pr\u00e9parer un itin\u00e9raire : choix de la saison, dur\u00e9e r\u00e9aliste des \u00e9tapes, budget jour par jour, logement et transport sur place. J'aime aussi raconter les p\u00e9pites urbaines, ces adresses qu'on ne trouve pas dans les guides classiques. Avant de publier un dossier destination, je croise toujours plusieurs sources, je v\u00e9rifie les tarifs et les formalit\u00e9s d'entr\u00e9e \u00e0 jour, et je teste moi-m\u00eame quand je le peux. Mon angle reste pratique avant tout : aider le lecteur \u00e0 partir l'esprit tranquille, sans mauvaise surprise une fois sur place. Je m'attache \u00e0 distinguer le coup de c\u0153ur sinc\u00e8re du simple argument marketing.","sameAs":["https:\/\/camillerouvray.fr\/"],"url":"https:\/\/voyage-aventure.com\/blog\/auteur\/noname\/"}]}},"_links":{"self":[{"href":"https:\/\/voyage-aventure.com\/blog\/wp-json\/wp\/v2\/posts\/15600","targetHints":{"allow":["GET"]}}],"collection":[{"href":"https:\/\/voyage-aventure.com\/blog\/wp-json\/wp\/v2\/posts"}],"about":[{"href":"https:\/\/voyage-aventure.com\/blog\/wp-json\/wp\/v2\/types\/post"}],"author":[{"embeddable":true,"href":"https:\/\/voyage-aventure.com\/blog\/wp-json\/wp\/v2\/users\/34"}],"replies":[{"embeddable":true,"href":"https:\/\/voyage-aventure.com\/blog\/wp-json\/wp\/v2\/comments?post=15600"}],"version-history":[{"count":1,"href":"https:\/\/voyage-aventure.com\/blog\/wp-json\/wp\/v2\/posts\/15600\/revisions"}],"predecessor-version":[{"id":15838,"href":"https:\/\/voyage-aventure.com\/blog\/wp-json\/wp\/v2\/posts\/15600\/revisions\/15838"}],"wp:featuredmedia":[{"embeddable":true,"href":"https:\/\/voyage-aventure.com\/blog\/wp-json\/wp\/v2\/media\/19667"}],"wp:attachment":[{"href":"https:\/\/voyage-aventure.com\/blog\/wp-json\/wp\/v2\/media?parent=15600"}],"wp:term":[{"taxonomy":"category","embeddable":true,"href":"https:\/\/voyage-aventure.com\/blog\/wp-json\/wp\/v2\/categories?post=15600"},{"taxonomy":"post_tag","embeddable":true,"href":"https:\/\/voyage-aventure.com\/blog\/wp-json\/wp\/v2\/tags?post=15600"}],"curies":[{"name":"wp","href":"https:\/\/api.w.org\/{rel}","templated":true}]}}