{"id":15576,"date":"2026-06-16T17:17:02","date_gmt":"2026-06-16T15:17:02","guid":{"rendered":"https:\/\/voyage-aventure.com\/blog\/?p=15576"},"modified":"2026-06-16T17:17:02","modified_gmt":"2026-06-16T15:17:02","slug":"decouvrez-les-merveilles-des-cyclades-a-des-prix-imbattables-pour-vos-vacances","status":"publish","type":"post","link":"https:\/\/voyage-aventure.com\/blog\/a-la-une\/decouvrez-les-merveilles-des-cyclades-a-des-prix-imbattables-pour-vos-vacances\/","title":{"rendered":"D\u00e9couvrez les merveilles des Cyclades \u00e0 des prix imbattables pour vos vacances"},"content":{"rendered":"<link rel=\"preconnect\" href=\"https:\/\/fonts.googleapis.com\"><link rel=\"preconnect\" href=\"https:\/\/fonts.gstatic.com\" crossorigin><link href=\"https:\/\/fonts.googleapis.com\/css2?family=Fraunces:opsz,wght@9..144,500;9..144,600;9..144,800;9..144,900&#038;family=Inter:wght@400;500;600&#038;family=JetBrains+Mono:wght@500&#038;display=swap\" rel=\"stylesheet\">\n<style>\n.va-cyclades-wrap{--cob:#1149c4;--cob-d:#0c3690;--ink:#15203a;--fuchsia:#d6296b;--chalk:#fbfcff;--sky:#eef4ff;--line:#dbe5f7;font-family:\"Inter\",system-ui,sans-serif;color:var(--ink);line-height:1.65;font-size:17px}\n.va-cyclades-wrap h2{font-family:\"Fraunces\",Georgia,serif;font-weight:800;font-size:clamp(24px,3.2vw,34px);letter-spacing:-.01em;color:var(--ink);margin:50px 0 16px}\n.va-cyclades-wrap h3{font-family:\"Fraunces\",Georgia,serif;font-weight:700;font-size:clamp(19px,2.2vw,23px);color:var(--cob-d);margin:26px 0 10px}\n.va-cyclades-wrap p{margin:0 0 18px}\n.va-cyclades-lead{font-size:19px;line-height:1.6;color:#33405e;border-left:4px solid var(--fuchsia);padding-left:18px;margin:6px 0 30px}\n.va-cyclades-kicker{font-family:\"JetBrains Mono\",monospace;font-weight:500;font-size:12px;letter-spacing:.16em;text-transform:uppercase;color:var(--fuchsia);display:block;margin-bottom:6px}\n.va-cyclades-carnet{background:var(--sky);border:1px solid var(--line);border-top:5px solid var(--cob);border-radius:14px;padding:24px;margin:8px 0 36px;box-shadow:0 1px 2px rgba(16,24,40,.05),0 14px 30px -18px rgba(17,73,196,.35)}\n.va-cyclades-carnet-h{font-family:\"Fraunces\",serif;font-weight:800;font-size:21px;color:var(--cob-d);margin-bottom:16px}\n.va-cyclades-grid{display:grid;grid-template-columns:repeat(auto-fit,minmax(180px,1fr));gap:18px}\n.va-cyclades-cell{background:var(--chalk);border:1px solid var(--line);border-radius:10px;padding:14px 16px}\n.va-cyclades-cell .va-cyclades-lab{font-family:\"JetBrains Mono\",monospace;font-size:11px;letter-spacing:.1em;text-transform:uppercase;color:var(--fuchsia);display:block;margin-bottom:5px}\n.va-cyclades-cell .va-cyclades-val{font-weight:600;color:var(--ink);font-size:15.5px;line-height:1.45}\n.va-cyclades-iles{display:grid;grid-template-columns:repeat(auto-fit,minmax(240px,1fr));gap:22px;margin:24px 0 8px}\n.va-cyclades-card{background:var(--chalk);border:1px solid var(--line);border-top:3px solid var(--cob);border-radius:12px;padding:22px;transition:.25s ease;box-shadow:0 1px 2px rgba(16,24,40,.04)}\n.va-cyclades-card:hover{transform:translateY(-3px);box-shadow:0 1px 2px rgba(16,24,40,.05),0 16px 32px -18px rgba(17,73,196,.4);border-top-color:var(--fuchsia)}\n.va-cyclades-card-n{font-family:\"Fraunces\",serif;font-weight:800;font-size:20px;color:var(--ink);margin-bottom:4px}\n.va-cyclades-card-tag{font-family:\"JetBrains Mono\",monospace;font-size:11px;letter-spacing:.08em;text-transform:uppercase;color:var(--cob);display:block;margin-bottom:10px}\n.va-cyclades-card-txt{color:#3a4663;font-size:15.5px;line-height:1.55;margin-bottom:12px}\n.va-cyclades-card-tip{font-size:14px;color:var(--fuchsia);border-top:1px dashed var(--line);padding-top:10px}\n.va-cyclades-card-tip span{font-weight:600}\n.va-cyclades-quote{font-family:\"Fraunces\",serif;font-style:italic;font-weight:500;font-size:clamp(20px,2.6vw,26px);line-height:1.4;color:var(--cob-d);border-left:5px solid var(--fuchsia);padding:6px 0 6px 22px;margin:30px 0}\n.va-cyclades-quote cite{display:block;font-style:normal;font-family:\"Inter\",sans-serif;font-weight:600;font-size:14px;color:#6a778f;margin-top:10px}\n.va-cyclades-table-wrap{border:1px solid var(--line);border-radius:12px;overflow:hidden;margin:22px 0}\n.va-cyclades-table{width:100%;border-collapse:collapse;font-size:15px}\n.va-cyclades-table th{background:var(--cob);color:#fff;text-align:left;padding:12px 16px;font-family:\"JetBrains Mono\",monospace;font-size:12px;letter-spacing:.06em;text-transform:uppercase}\n.va-cyclades-table td{padding:12px 16px;border-top:1px solid var(--line)}\n.va-cyclades-table tr:nth-child(even) td{background:var(--sky)}\n.va-cyclades-table td:first-child{font-weight:600;color:var(--cob-d)}\n.va-cyclades-list{list-style:none;padding:0;margin:18px 0}\n.va-cyclades-list li{position:relative;padding:9px 0 9px 30px;border-bottom:1px solid var(--line);font-size:16px}\n.va-cyclades-list li:before{content:\"\u2726\";position:absolute;left:0;top:9px;color:var(--fuchsia);font-size:15px}\n.va-cyclades-retenir{background:linear-gradient(135deg,#0c3690,#1149c4);color:#eaf1ff;border-radius:14px;padding:26px 28px;margin:40px 0;box-shadow:0 14px 34px -16px rgba(17,73,196,.55)}\n.va-cyclades-retenir .va-cyclades-rh{font-family:\"Fraunces\",serif;font-weight:800;font-size:22px;color:#fff;margin-bottom:14px}\n.va-cyclades-retenir ul{list-style:none;padding:0;margin:0}\n.va-cyclades-retenir li{position:relative;padding:8px 0 8px 28px;font-size:16px;line-height:1.5}\n.va-cyclades-retenir li:before{content:\"\u2192\";position:absolute;left:0;color:#ff8fc0;font-weight:700}\n.va-cyclades-faq{margin:30px 0}\n.va-cyclades-faq details{border:1px solid var(--line);border-radius:10px;padding:0 18px;margin-bottom:12px;background:var(--chalk);transition:.2s ease}\n.va-cyclades-faq details[open]{border-color:var(--cob);box-shadow:0 12px 28px -18px rgba(17,73,196,.4)}\n.va-cyclades-faq summary{font-family:\"Fraunces\",serif;font-weight:700;font-size:17.5px;color:var(--ink);cursor:pointer;padding:16px 0;list-style:none;display:flex;justify-content:space-between;gap:14px}\n.va-cyclades-faq summary::-webkit-details-marker{display:none}\n.va-cyclades-faq summary:after{content:\"+\";color:var(--fuchsia);font-weight:700;font-size:22px;line-height:1}\n.va-cyclades-faq details[open] summary:after{content:\"\u2013\"}\n.va-cyclades-faq .va-cyclades-ans{padding:0 0 18px;color:#3a4663;font-size:15.5px;line-height:1.6}\n@media(max-width:640px){.va-cyclades-wrap h2{margin-top:38px}}\n\/*RENDERFIX2*\/.va-cyclades-retenir{color:#eef3f9!important}.va-cyclades-retenir p,.va-cyclades-retenir li,.va-cyclades-retenir strong,.va-cyclades-retenir em,.va-cyclades-retenir a,.va-cyclades-retenir span,.va-cyclades-retenir b,.va-cyclades-retenir td,.va-cyclades-retenir th,.va-cyclades-retenir h2,.va-cyclades-retenir h3,.va-cyclades-retenir h4{color:#eef3f9!important}.va-cyclades-retenir strong,.va-cyclades-retenir b{color:#ffffff!important}<\/style>\n<div class=\"va-cyclades-wrap\">\n<div class=\"va-cyclades-lead\"><span class=\"va-cyclades-kicker\">Cyclades \u00b7 Mer \u00c9g\u00e9e<\/span>Toits blanchis \u00e0 la chaux, eaux cobalt et villages perch\u00e9s : les Cyclades concentrent l&rsquo;essentiel de la carte postale grecque. Bonne nouvelle pour le portefeuille \u2014 entre Mykonos, Santorin, Naxos et Paros, on trouve de quoi composer un s\u00e9jour m\u00e9morable sans exploser son budget vacances.<\/div>\n<div class=\"va-cyclades-carnet\">\n<div class=\"va-cyclades-carnet-h\">Le carnet pratique des Cyclades<\/div>\n<div class=\"va-cyclades-grid\">\n<div class=\"va-cyclades-cell\"><span class=\"va-cyclades-lab\">Meilleure p\u00e9riode<\/span><span class=\"va-cyclades-val\">Mai-juin et septembre, plus doux et moins fr\u00e9quent\u00e9s que l&rsquo;\u00e9t\u00e9<\/span><\/div>\n<div class=\"va-cyclades-cell\"><span class=\"va-cyclades-lab\">Dur\u00e9e id\u00e9ale<\/span><span class=\"va-cyclades-val\">Une \u00e0 deux semaines pour encha\u00eener 2 ou 3 \u00eeles<\/span><\/div>\n<div class=\"va-cyclades-cell\"><span class=\"va-cyclades-lab\">Pour le bon plan<\/span><span class=\"va-cyclades-val\">H\u00e9bergements \u00e0 Mykonos d\u00e8s 111\u20ac\/pers., promos toute l&rsquo;ann\u00e9e<\/span><\/div>\n<div class=\"va-cyclades-cell\"><span class=\"va-cyclades-lab\">Y circuler<\/span><span class=\"va-cyclades-val\">En ferry, \u00eele par \u00eele, au d\u00e9part d&rsquo;Ath\u00e8nes (Le Pir\u00e9e)<\/span><\/div>\n<div class=\"va-cyclades-cell\"><span class=\"va-cyclades-lab\">3 incontournables<\/span><span class=\"va-cyclades-val\">Mykonos, Santorin et la plus grande, Naxos<\/span><\/div>\n<\/div>\n<\/div>\n<p>Avant de plonger dans le d\u00e9tail, voici l&rsquo;essentiel en un coup d&rsquo;\u0153il. Les Cyclades forment un archipel d&rsquo;\u00eeles reli\u00e9es entre elles par ferry, chacune avec son temp\u00e9rament : Mykonos pour la f\u00eate et l&rsquo;esth\u00e9tique cycladique, Santorin pour la caldeira spectaculaire, Naxos et Paros pour des s\u00e9jours plus authentiques et souvent plus doux c\u00f4t\u00e9 budget. On y vient pour les plages, les ruelles blanches et bleues, et cette lumi\u00e8re qui rend chaque village photog\u00e9nique. La saison s&rsquo;\u00e9tend du printemps \u00e0 l&rsquo;automne, avec un c\u0153ur d&rsquo;\u00e9t\u00e9 tr\u00e8s anim\u00e9.<\/p>\n<h2>Un s\u00e9jour de r\u00eave \u00e0 Mykonos<\/h2>\n<p>Imaginez-vous surplombant les eaux turquoise de la mer \u00c9g\u00e9e, dans un cadre idyllique o\u00f9 le luxe rencontre la s\u00e9r\u00e9nit\u00e9. Mykonos, c\u00e9l\u00e8bre pour ses plages ensoleill\u00e9es et sa vie nocturne anim\u00e9e, est la destination parfaite pour des vacances inoubliables. Que vous soyez en couple ou en famille, chaque coin de cette \u00eele vous \u00e9merveillera.<\/p>\n<p>Situ\u00e9 au sommet d&rsquo;une colline, le complexe Mykonos Divino vous offre une vue imprenable sur les toits blancs de l&rsquo;\u00eele et l&rsquo;\u00eele sacr\u00e9e de Delos. Les appartements \u00e9l\u00e9gants, dot\u00e9s d&rsquo;une cuisine enti\u00e8rement \u00e9quip\u00e9e et d&rsquo;une terrasse priv\u00e9e, vous permettent de savourer la magie des Cyclades en toute intimit\u00e9. Vous vous sentirez chez vous tout en profitant d&rsquo;une exp\u00e9rience unique.<\/p>\n<div class=\"va-cyclades-quote\">\u00ab Voyager, c&rsquo;est d\u00e9couvrir que tout le monde a tort sur les autres pays. \u00bb<cite>Aldous Huxley<\/cite><\/div>\n<h2>Quelle \u00eele des Cyclades choisir ?<\/h2>\n<p>Difficile de d\u00e9signer \u00ab la plus belle \u00bb : tout d\u00e9pend de l&rsquo;ambiance recherch\u00e9e. Voici un rep\u00e8re par \u00eele, \u00e0 partir des destinations phares de l&rsquo;archipel, pour caler votre itin\u00e9raire selon vos envies et votre budget.<\/p>\n<div class=\"va-cyclades-iles\">\n<div class=\"va-cyclades-card\">\n<div class=\"va-cyclades-card-n\">Mykonos<\/div>\n<p><span class=\"va-cyclades-card-tag\">F\u00eate \u00b7 vie nocturne \u00b7 esth\u00e9tique<\/span><\/p>\n<div class=\"va-cyclades-card-txt\">L&rsquo;\u00eele carte postale : moulins \u00e0 vent de Chora, ruelles blanches, plages anim\u00e9es et soir\u00e9es r\u00e9put\u00e9es. Id\u00e9ale pour qui veut de l&rsquo;effervescence sans renoncer au charme cycladique.<\/div>\n<div class=\"va-cyclades-card-tip\"><span>Le bon plan :<\/span> h\u00e9bergements d\u00e8s 111\u20ac\/pers. et promotions tout au long de l&rsquo;ann\u00e9e.<\/div>\n<\/div>\n<div class=\"va-cyclades-card\">\n<div class=\"va-cyclades-card-n\">Santorin<\/div>\n<p><span class=\"va-cyclades-card-tag\">Caldeira \u00b7 couchers de soleil<\/span><\/p>\n<div class=\"va-cyclades-card-txt\">La silhouette la plus iconique des Cyclades : villages accroch\u00e9s \u00e0 la falaise, d\u00f4mes bleus et panoramas sur la caldeira. Spectaculaire, tr\u00e8s pris\u00e9e en haute saison.<\/div>\n<div class=\"va-cyclades-card-tip\"><span>Astuce :<\/span> les villages de l&rsquo;int\u00e9rieur sont souvent plus calmes et abordables que la ligne de cr\u00eate.<\/div>\n<\/div>\n<div class=\"va-cyclades-card\">\n<div class=\"va-cyclades-card-n\">Naxos<\/div>\n<p><span class=\"va-cyclades-card-tag\">Plages \u00b7 authenticit\u00e9 \u00b7 famille<\/span><\/p>\n<div class=\"va-cyclades-card-txt\">La plus grande \u00eele de l&rsquo;archipel, plus verte et plus pos\u00e9e. Longues plages, villages de montagne et atmosph\u00e8re familiale : un bon \u00e9quilibre entre nature et confort.<\/div>\n<div class=\"va-cyclades-card-tip\"><span>Pour qui :<\/span> s\u00e9jour tranquille, en famille ou en qu\u00eate d&rsquo;authenticit\u00e9.<\/div>\n<\/div>\n<div class=\"va-cyclades-card\">\n<div class=\"va-cyclades-card-n\">Paros<\/div>\n<p><span class=\"va-cyclades-card-tag\">\u00c9quilibre \u00b7 port anim\u00e9<\/span><\/p>\n<div class=\"va-cyclades-card-txt\">Souvent d\u00e9crite comme un compromis entre l&rsquo;animation de Mykonos et le calme de Naxos. Villages de p\u00eacheurs, ruelles cycladiques et bonne desserte en ferry pour rayonner.<\/div>\n<div class=\"va-cyclades-card-tip\"><span>Atout :<\/span> point de bascule pratique pour relier les autres \u00eeles.<\/div>\n<\/div>\n<\/div>\n<h2>Des offres exceptionnelles pour tous les budgets<\/h2>\n<p>L&rsquo;un des atouts majeurs de Mykonos, c&rsquo;est la vari\u00e9t\u00e9 d&rsquo;offres d&rsquo;h\u00e9bergement disponibles. Que vous recherchiez un h\u00f4tel de luxe ou un Airbnb \u00e0 prix doux, vous trouverez votre bonheur. Les prix commencent \u00e0 partir de 111\u20ac par personne, rendant cette destination accessible \u00e0 tous.<\/p>\n<p>Les voyageurs peuvent b\u00e9n\u00e9ficier de nombreuses promotions tout au long de l&rsquo;ann\u00e9e, y compris pendant la haute saison estivale. Ne laissez pas passer votre chance de d\u00e9couvrir cette \u00eele fascinante \u00e0 un prix incroyable. Un s\u00e9jour \u00e0 Mykonos vous permettra de cr\u00e9er des souvenirs inoubliables sans vider votre portefeuille.<\/p>\n<h2>Quand partir dans les Cyclades ?<\/h2>\n<p>La saison touristique court du printemps \u00e0 l&rsquo;automne. Le plein \u00e9t\u00e9 offre le climat le plus chaud et l&rsquo;ambiance la plus festive, mais aussi la plus forte affluence ; les ailes de saison, plus douces, sont souvent plus agr\u00e9ables pour visiter \u00e0 son rythme. Ce tableau r\u00e9sume les grandes tendances par p\u00e9riode.<\/p>\n<div class=\"va-cyclades-table-wrap\">\n<table class=\"va-cyclades-table\">\n<thead>\n<tr>\n<th>P\u00e9riode<\/th>\n<th>Affluence<\/th>\n<th>Ambiance<\/th>\n<\/tr>\n<\/thead>\n<tbody>\n<tr>\n<td>Printemps (mai-juin)<\/td>\n<td>Mod\u00e9r\u00e9e<\/td>\n<td>Douce, id\u00e9ale pour visiter et profiter des plages sans la foule<\/td>\n<\/tr>\n<tr>\n<td>\u00c9t\u00e9 (juillet-ao\u00fbt)<\/td>\n<td>Forte<\/td>\n<td>Anim\u00e9e et festive, c\u0153ur de la vie nocturne \u2014 pensez \u00e0 r\u00e9server t\u00f4t<\/td>\n<\/tr>\n<tr>\n<td>Automne (septembre)<\/td>\n<td>En baisse<\/td>\n<td>Encore lumineuse et chaleureuse, fr\u00e9quentation qui se calme<\/td>\n<\/tr>\n<\/tbody>\n<\/table>\n<\/div>\n<h2>Comment circuler entre les \u00eeles<\/h2>\n<p>Les Cyclades se d\u00e9couvrent au fil de l&rsquo;eau : le <strong>ferry<\/strong> est le moyen de transport roi de l&rsquo;archipel. Au d\u00e9part d&rsquo;Ath\u00e8nes, on rejoint l&rsquo;archipel depuis le port du Pir\u00e9e, puis on saute d&rsquo;une \u00eele \u00e0 l&rsquo;autre selon son itin\u00e9raire. Mykonos, Santorin, Naxos et Paros sont toutes desservies par mer, ce qui rend le \u00ab island hopping \u00bb naturel : on combine deux ou trois \u00eeles sur un m\u00eame s\u00e9jour. Sur place, prendre un ferry vers l&rsquo;\u00eele sacr\u00e9e de Delos, au large de Mykonos, est l&rsquo;une des excursions classiques de l&rsquo;archipel.<\/p>\n<h2>Activit\u00e9s incontournables \u00e0 Mykonos<\/h2>\n<p>Mykonos ne se limite pas \u00e0 ses plages de sable fin. L&rsquo;\u00eele regorge d&rsquo;activit\u00e9s qui raviront tous les types de voyageurs. Que vous soyez passionn\u00e9 d&rsquo;histoire ou amateur de sensations fortes, vous trouverez de quoi vous occuper.<\/p>\n<ul class=\"va-cyclades-list\">\n<li>Visiter les moulins \u00e0 vent embl\u00e9matiques de Chora<\/li>\n<li>Explorer les ruelles pittoresques de la vieille ville<\/li>\n<li>D\u00e9guster des plats locaux dans les tavernes traditionnelles<\/li>\n<li>Prendre un ferry pour l&rsquo;\u00eele de Delos, site arch\u00e9ologique class\u00e9 au patrimoine mondial de l&rsquo;UNESCO<\/li>\n<li>Profiter des soir\u00e9es anim\u00e9es dans les bars et clubs de la ville<\/li>\n<\/ul>\n<p>Les activit\u00e9s \u00e0 Mykonos vous permettront non seulement de vous d\u00e9tendre, mais aussi de vous immerger dans la culture locale. Que ce soit en fl\u00e2nant dans les boutiques artisanales ou en participant \u00e0 des festivals, chaque instant sur l&rsquo;\u00eele sera une occasion d&rsquo;enrichir votre exp\u00e9rience.<\/p>\n<h2>R\u00e9servez d\u00e8s maintenant pour vivre la magie des Cyclades<\/h2>\n<p>Ne manquez pas l&rsquo;occasion de vivre des vacances m\u00e9morables \u00e0 Mykonos. Avec des offres sp\u00e9cialement con\u00e7ues pour s\u00e9duire les voyageurs, vous avez toutes les raisons de planifier votre s\u00e9jour. Les appartements de Mykonos Divino, avec leurs piscines priv\u00e9es et leur confort moderne, sont l&rsquo;endroit id\u00e9al pour se ressourcer.<\/p>\n<p>R\u00e9server maintenant vous garantit non seulement un h\u00e9bergement de qualit\u00e9, mais aussi la possibilit\u00e9 de d\u00e9couvrir la beaut\u00e9 des Cyclades \u00e0 un prix d\u00e9fiant toute concurrence. Planifiez votre voyage et pr\u00e9parez-vous \u00e0 vivre des moments exceptionnels dans ce coin de paradis.<\/p>\n<p>En r\u00e9sum\u00e9, Mykonos est la destination r\u00eav\u00e9e pour quiconque souhaite allier d\u00e9tente, culture et festivit\u00e9s. Ses paysages \u00e9poustouflants et son ambiance chaleureuse vous attendent, pr\u00eats \u00e0 vous offrir une exp\u00e9rience inoubliable. Alors, qu&rsquo;attendez-vous pour faire vos valises et partir \u00e0 l&rsquo;aventure ?<\/p>\n<div class=\"va-cyclades-retenir\">\n<div class=\"va-cyclades-rh\">\u00c0 retenir<\/div>\n<ul>\n<li>Les Cyclades se vivent en archipel : combinez Mykonos, Santorin, Naxos ou Paros au fil des ferries.<\/li>\n<li>Mykonos reste accessible avec des h\u00e9bergements d\u00e8s 111\u20ac\/pers. et des promotions toute l&rsquo;ann\u00e9e.<\/li>\n<li>Printemps et d\u00e9but d&rsquo;automne offrent un bon compromis m\u00e9t\u00e9o, calme et budget.<\/li>\n<li>Le ferry, au d\u00e9part du Pir\u00e9e puis entre les \u00eeles, est la cl\u00e9 d&rsquo;un s\u00e9jour r\u00e9ussi.<\/li>\n<li>R\u00e9servez t\u00f4t pour la haute saison estivale, la plus anim\u00e9e et la plus demand\u00e9e.<\/li>\n<\/ul>\n<\/div>\n<h2>Questions fr\u00e9quentes sur les Cyclades<\/h2>\n<div class=\"va-cyclades-faq\">\n<details>\n<summary>Quelle est la plus belle \u00eele des Cyclades ?<\/summary>\n<div class=\"va-cyclades-ans\">Il n&rsquo;y a pas de r\u00e9ponse unique : tout d\u00e9pend de l&rsquo;ambiance recherch\u00e9e. Mykonos s\u00e9duit pour ses moulins, ses ruelles blanches et sa vie nocturne ; Santorin pour sa caldeira spectaculaire ; Naxos, la plus grande, pour ses plages et son authenticit\u00e9 ; Paros pour son \u00e9quilibre entre animation et tranquillit\u00e9. Le mieux est souvent d&rsquo;en combiner deux ou trois.<\/div>\n<\/details>\n<details>\n<summary>Quand partir dans les Cyclades ?<\/summary>\n<div class=\"va-cyclades-ans\">La saison s&rsquo;\u00e9tend du printemps \u00e0 l&rsquo;automne. Le plein \u00e9t\u00e9 (juillet-ao\u00fbt) est le plus chaud et le plus festif, mais aussi le plus fr\u00e9quent\u00e9. Les ailes de saison, au printemps et en septembre, restent agr\u00e9ables avec une affluence plus mod\u00e9r\u00e9e, ce qui se pr\u00eate bien \u00e0 un s\u00e9jour \u00e0 prix doux.<\/div>\n<\/details>\n<details>\n<summary>Comment se rendre dans les Cyclades et circuler entre les \u00eeles ?<\/summary>\n<div class=\"va-cyclades-ans\">On rejoint g\u00e9n\u00e9ralement l&rsquo;archipel en ferry depuis Ath\u00e8nes, via le port du Pir\u00e9e. Sur place, le ferry reste le moyen le plus naturel pour passer d&rsquo;une \u00eele \u00e0 l&rsquo;autre \u2014 Mykonos, Santorin, Naxos et Paros sont toutes desservies par mer, ce qui facilite l&rsquo;\u00ab island hopping \u00bb sur un m\u00eame s\u00e9jour.<\/div>\n<\/details>\n<details>\n<summary>Peut-on visiter les Cyclades avec un budget serr\u00e9 ?<\/summary>\n<div class=\"va-cyclades-ans\">Oui : l&rsquo;archipel propose une vraie vari\u00e9t\u00e9 d&rsquo;h\u00e9bergements, de l&rsquo;h\u00f4tel de luxe \u00e0 l&rsquo;Airbnb \u00e0 prix doux. \u00c0 Mykonos, les h\u00e9bergements d\u00e9marrent d\u00e8s 111\u20ac par personne et des promotions sont propos\u00e9es tout au long de l&rsquo;ann\u00e9e. Voyager en dehors du pic estival aide aussi \u00e0 d\u00e9couvrir les \u00eeles plus sereinement.<\/div>\n<\/details>\n<\/div>\n<\/div>\n","protected":false},"excerpt":{"rendered":"","protected":false},"author":34,"featured_media":19732,"comment_status":"open","ping_status":"open","sticky":false,"template":"","format":"standard","meta":{"_acf_changed":false,"manual_indexmenow":false,"indexmenow_id_project":0,"footnotes":""},"categories":[1],"tags":[4538,4527,4530,4535,4528],"class_list":["post-15576","post","type-post","status-publish","format-standard","has-post-thumbnail","hentry","category-a-la-une","tag-activites-variees","tag-decouverte-culturelle","tag-escapade-en-europe","tag-gastronomie-locale","tag-hebergement-abordable","generate-columns","tablet-grid-50","mobile-grid-100","grid-parent","grid-25"],"acf":[],"yoast_head":"<!-- This site is optimized with the Yoast SEO Premium plugin v21.3 (Yoast SEO v25.1) - https:\/\/yoast.com\/wordpress\/plugins\/seo\/ -->\n<title>D\u00e9couvrez les merveilles des Cyclades \u00e0 des prix<\/title>\n<meta name=\"description\" content=\"Cyclades \u00b7 Mer \u00c9g\u00e9eToits blanchis \u00e0 la chaux, eaux cobalt et villages perch\u00e9s : les Cyclades concentrent l&#039;essentiel de la carte postale grecque. Bonne\" \/>\n<meta name=\"robots\" content=\"index, follow, max-snippet:-1, max-image-preview:large, max-video-preview:-1\" \/>\n<link rel=\"canonical\" href=\"https:\/\/voyage-aventure.com\/blog\/a-la-une\/decouvrez-les-merveilles-des-cyclades-a-des-prix-imbattables-pour-vos-vacances\/\" \/>\n<meta property=\"og:locale\" content=\"fr_FR\" \/>\n<meta property=\"og:type\" content=\"article\" \/>\n<meta property=\"og:title\" content=\"D\u00e9couvrez les merveilles des Cyclades \u00e0 des prix\" \/>\n<meta property=\"og:description\" content=\"Cyclades \u00b7 Mer \u00c9g\u00e9eToits blanchis \u00e0 la chaux, eaux cobalt et villages perch\u00e9s : les Cyclades concentrent l&#039;essentiel de la carte postale grecque. Bonne\" \/>\n<meta property=\"og:url\" content=\"https:\/\/voyage-aventure.com\/blog\/a-la-une\/decouvrez-les-merveilles-des-cyclades-a-des-prix-imbattables-pour-vos-vacances\/\" \/>\n<meta property=\"og:site_name\" content=\"voyage-aventure\" \/>\n<meta property=\"og:image\" content=\"https:\/\/voyage-aventure.com\/blog\/wp-content\/uploads\/2025\/05\/sdxl-5c17c1dedc4cd3d17b8589838eb76ef9-scaled.png\" \/>\n\t<meta property=\"og:image:width\" content=\"1200\" \/>\n\t<meta property=\"og:image:height\" content=\"500\" \/>\n\t<meta property=\"og:image:type\" content=\"image\/png\" \/>\n<meta name=\"author\" content=\"Camille Rouvray\" \/>\n<meta name=\"twitter:card\" content=\"summary_large_image\" \/>\n<script type=\"application\/ld+json\" class=\"yoast-schema-graph\">{\"@context\":\"https:\/\/schema.org\",\"@graph\":[{\"@type\":\"NewsArticle\",\"@id\":\"https:\/\/voyage-aventure.com\/blog\/a-la-une\/decouvrez-les-merveilles-des-cyclades-a-des-prix-imbattables-pour-vos-vacances\/#article\",\"isPartOf\":{\"@id\":\"https:\/\/voyage-aventure.com\/blog\/a-la-une\/decouvrez-les-merveilles-des-cyclades-a-des-prix-imbattables-pour-vos-vacances\/\"},\"author\":{\"name\":\"Camille Rouvray\",\"@id\":\"https:\/\/voyage-aventure.com\/blog\/#\/schema\/person\/3c864cdc320801e3db34b663e7e3f816\"},\"headline\":\"D\u00e9couvrez les merveilles des Cyclades \u00e0 des prix imbattables pour vos vacances\",\"datePublished\":\"2026-06-16T15:17:02+00:00\",\"mainEntityOfPage\":{\"@id\":\"https:\/\/voyage-aventure.com\/blog\/a-la-une\/decouvrez-les-merveilles-des-cyclades-a-des-prix-imbattables-pour-vos-vacances\/\"},\"wordCount\":1631,\"commentCount\":19,\"publisher\":{\"@id\":\"https:\/\/voyage-aventure.com\/blog\/#organization\"},\"image\":{\"@id\":\"https:\/\/voyage-aventure.com\/blog\/a-la-une\/decouvrez-les-merveilles-des-cyclades-a-des-prix-imbattables-pour-vos-vacances\/#primaryimage\"},\"thumbnailUrl\":\"https:\/\/voyage-aventure.com\/blog\/wp-content\/uploads\/2025\/05\/sdxl-5c17c1dedc4cd3d17b8589838eb76ef9-scaled.png\",\"keywords\":[\"Activit\u00e9s Vari\u00e9es\",\"D\u00e9couverte Culturelle\",\"Escapade en Europe\",\"Gastronomie Locale\",\"H\u00e9bergement Abordable\"],\"articleSection\":[\"\u00c0 la une\"],\"inLanguage\":\"fr-FR\",\"potentialAction\":[{\"@type\":\"CommentAction\",\"name\":\"Comment\",\"target\":[\"https:\/\/voyage-aventure.com\/blog\/a-la-une\/decouvrez-les-merveilles-des-cyclades-a-des-prix-imbattables-pour-vos-vacances\/#respond\"]}]},{\"@type\":\"WebPage\",\"@id\":\"https:\/\/voyage-aventure.com\/blog\/a-la-une\/decouvrez-les-merveilles-des-cyclades-a-des-prix-imbattables-pour-vos-vacances\/\",\"url\":\"https:\/\/voyage-aventure.com\/blog\/a-la-une\/decouvrez-les-merveilles-des-cyclades-a-des-prix-imbattables-pour-vos-vacances\/\",\"name\":\"D\u00e9couvrez les merveilles des Cyclades \u00e0 des prix\",\"isPartOf\":{\"@id\":\"https:\/\/voyage-aventure.com\/blog\/#website\"},\"primaryImageOfPage\":{\"@id\":\"https:\/\/voyage-aventure.com\/blog\/a-la-une\/decouvrez-les-merveilles-des-cyclades-a-des-prix-imbattables-pour-vos-vacances\/#primaryimage\"},\"image\":{\"@id\":\"https:\/\/voyage-aventure.com\/blog\/a-la-une\/decouvrez-les-merveilles-des-cyclades-a-des-prix-imbattables-pour-vos-vacances\/#primaryimage\"},\"thumbnailUrl\":\"https:\/\/voyage-aventure.com\/blog\/wp-content\/uploads\/2025\/05\/sdxl-5c17c1dedc4cd3d17b8589838eb76ef9-scaled.png\",\"datePublished\":\"2026-06-16T15:17:02+00:00\",\"description\":\"Cyclades \u00b7 Mer \u00c9g\u00e9eToits blanchis \u00e0 la chaux, eaux cobalt et villages perch\u00e9s : les Cyclades concentrent l'essentiel de la carte postale grecque. Bonne\",\"inLanguage\":\"fr-FR\",\"potentialAction\":[{\"@type\":\"ReadAction\",\"target\":[\"https:\/\/voyage-aventure.com\/blog\/a-la-une\/decouvrez-les-merveilles-des-cyclades-a-des-prix-imbattables-pour-vos-vacances\/\"]}]},{\"@type\":\"ImageObject\",\"inLanguage\":\"fr-FR\",\"@id\":\"https:\/\/voyage-aventure.com\/blog\/a-la-une\/decouvrez-les-merveilles-des-cyclades-a-des-prix-imbattables-pour-vos-vacances\/#primaryimage\",\"url\":\"https:\/\/voyage-aventure.com\/blog\/wp-content\/uploads\/2025\/05\/sdxl-5c17c1dedc4cd3d17b8589838eb76ef9-scaled.png\",\"contentUrl\":\"https:\/\/voyage-aventure.com\/blog\/wp-content\/uploads\/2025\/05\/sdxl-5c17c1dedc4cd3d17b8589838eb76ef9-scaled.png\",\"width\":1200,\"height\":500},{\"@type\":\"WebSite\",\"@id\":\"https:\/\/voyage-aventure.com\/blog\/#website\",\"url\":\"https:\/\/voyage-aventure.com\/blog\/\",\"name\":\"voyage-aventure.com\",\"description\":\"Votre passeport pour l\u2019inattendu.\",\"publisher\":{\"@id\":\"https:\/\/voyage-aventure.com\/blog\/#organization\"},\"alternateName\":\"Votre passeport pour l\u2019inattendu.\",\"potentialAction\":[{\"@type\":\"SearchAction\",\"target\":{\"@type\":\"EntryPoint\",\"urlTemplate\":\"https:\/\/voyage-aventure.com\/blog\/?s={search_term_string}\"},\"query-input\":{\"@type\":\"PropertyValueSpecification\",\"valueRequired\":true,\"valueName\":\"search_term_string\"}}],\"inLanguage\":\"fr-FR\"},{\"@type\":\"Organization\",\"@id\":\"https:\/\/voyage-aventure.com\/blog\/#organization\",\"name\":\"Foretsensations.fr\",\"url\":\"https:\/\/voyage-aventure.com\/blog\/\",\"logo\":{\"@type\":\"ImageObject\",\"inLanguage\":\"fr-FR\",\"@id\":\"https:\/\/voyage-aventure.com\/blog\/#\/schema\/logo\/image\/\",\"url\":\"https:\/\/voyage-aventure.com\/blog\/wp-content\/uploads\/2024\/12\/19.png\",\"contentUrl\":\"https:\/\/voyage-aventure.com\/blog\/wp-content\/uploads\/2024\/12\/19.png\",\"width\":512,\"height\":512,\"caption\":\"Foretsensations.fr\"},\"image\":{\"@id\":\"https:\/\/voyage-aventure.com\/blog\/#\/schema\/logo\/image\/\"}},{\"@type\":\"Person\",\"@id\":\"https:\/\/voyage-aventure.com\/blog\/#\/schema\/person\/3c864cdc320801e3db34b663e7e3f816\",\"name\":\"Camille Rouvray\",\"image\":{\"@type\":\"ImageObject\",\"inLanguage\":\"fr-FR\",\"@id\":\"https:\/\/voyage-aventure.com\/blog\/#\/schema\/person\/image\/\",\"url\":\"https:\/\/voyage-aventure.com\/blog\/wp-content\/uploads\/2026\/06\/persona_camille-r-96x96.jpg\",\"contentUrl\":\"https:\/\/voyage-aventure.com\/blog\/wp-content\/uploads\/2026\/06\/persona_camille-r-96x96.jpg\",\"caption\":\"Camille Rouvray\"},\"description\":\"Je voyage et j'\u00e9cris sur le voyage depuis une douzaine d'ann\u00e9es, d'abord en tant que routarde au long cours, puis comme r\u00e9dactrice sp\u00e9cialis\u00e9e. Mon terrain de pr\u00e9dilection, ce sont les circuits organis\u00e9s et l'art de bien pr\u00e9parer un itin\u00e9raire : choix de la saison, dur\u00e9e r\u00e9aliste des \u00e9tapes, budget jour par jour, logement et transport sur place. J'aime aussi raconter les p\u00e9pites urbaines, ces adresses qu'on ne trouve pas dans les guides classiques. Avant de publier un dossier destination, je croise toujours plusieurs sources, je v\u00e9rifie les tarifs et les formalit\u00e9s d'entr\u00e9e \u00e0 jour, et je teste moi-m\u00eame quand je le peux. Mon angle reste pratique avant tout : aider le lecteur \u00e0 partir l'esprit tranquille, sans mauvaise surprise une fois sur place. Je m'attache \u00e0 distinguer le coup de c\u0153ur sinc\u00e8re du simple argument marketing.\",\"sameAs\":[\"https:\/\/camillerouvray.fr\/\"],\"url\":\"https:\/\/voyage-aventure.com\/blog\/auteur\/noname\/\"}]}<\/script>\n<!-- \/ Yoast SEO Premium plugin. -->","yoast_head_json":{"title":"D\u00e9couvrez les merveilles des Cyclades \u00e0 des prix","description":"Cyclades \u00b7 Mer \u00c9g\u00e9eToits blanchis \u00e0 la chaux, eaux cobalt et villages perch\u00e9s : les Cyclades concentrent l'essentiel de la carte postale grecque. Bonne","robots":{"index":"index","follow":"follow","max-snippet":"max-snippet:-1","max-image-preview":"max-image-preview:large","max-video-preview":"max-video-preview:-1"},"canonical":"https:\/\/voyage-aventure.com\/blog\/a-la-une\/decouvrez-les-merveilles-des-cyclades-a-des-prix-imbattables-pour-vos-vacances\/","og_locale":"fr_FR","og_type":"article","og_title":"D\u00e9couvrez les merveilles des Cyclades \u00e0 des prix","og_description":"Cyclades \u00b7 Mer \u00c9g\u00e9eToits blanchis \u00e0 la chaux, eaux cobalt et villages perch\u00e9s : les Cyclades concentrent l'essentiel de la carte postale grecque. Bonne","og_url":"https:\/\/voyage-aventure.com\/blog\/a-la-une\/decouvrez-les-merveilles-des-cyclades-a-des-prix-imbattables-pour-vos-vacances\/","og_site_name":"voyage-aventure","og_image":[{"width":1200,"height":500,"url":"https:\/\/voyage-aventure.com\/blog\/wp-content\/uploads\/2025\/05\/sdxl-5c17c1dedc4cd3d17b8589838eb76ef9-scaled.png","type":"image\/png"}],"author":"Camille Rouvray","twitter_card":"summary_large_image","schema":{"@context":"https:\/\/schema.org","@graph":[{"@type":"NewsArticle","@id":"https:\/\/voyage-aventure.com\/blog\/a-la-une\/decouvrez-les-merveilles-des-cyclades-a-des-prix-imbattables-pour-vos-vacances\/#article","isPartOf":{"@id":"https:\/\/voyage-aventure.com\/blog\/a-la-une\/decouvrez-les-merveilles-des-cyclades-a-des-prix-imbattables-pour-vos-vacances\/"},"author":{"name":"Camille Rouvray","@id":"https:\/\/voyage-aventure.com\/blog\/#\/schema\/person\/3c864cdc320801e3db34b663e7e3f816"},"headline":"D\u00e9couvrez les merveilles des Cyclades \u00e0 des prix imbattables pour vos vacances","datePublished":"2026-06-16T15:17:02+00:00","mainEntityOfPage":{"@id":"https:\/\/voyage-aventure.com\/blog\/a-la-une\/decouvrez-les-merveilles-des-cyclades-a-des-prix-imbattables-pour-vos-vacances\/"},"wordCount":1631,"commentCount":19,"publisher":{"@id":"https:\/\/voyage-aventure.com\/blog\/#organization"},"image":{"@id":"https:\/\/voyage-aventure.com\/blog\/a-la-une\/decouvrez-les-merveilles-des-cyclades-a-des-prix-imbattables-pour-vos-vacances\/#primaryimage"},"thumbnailUrl":"https:\/\/voyage-aventure.com\/blog\/wp-content\/uploads\/2025\/05\/sdxl-5c17c1dedc4cd3d17b8589838eb76ef9-scaled.png","keywords":["Activit\u00e9s Vari\u00e9es","D\u00e9couverte Culturelle","Escapade en Europe","Gastronomie Locale","H\u00e9bergement Abordable"],"articleSection":["\u00c0 la une"],"inLanguage":"fr-FR","potentialAction":[{"@type":"CommentAction","name":"Comment","target":["https:\/\/voyage-aventure.com\/blog\/a-la-une\/decouvrez-les-merveilles-des-cyclades-a-des-prix-imbattables-pour-vos-vacances\/#respond"]}]},{"@type":"WebPage","@id":"https:\/\/voyage-aventure.com\/blog\/a-la-une\/decouvrez-les-merveilles-des-cyclades-a-des-prix-imbattables-pour-vos-vacances\/","url":"https:\/\/voyage-aventure.com\/blog\/a-la-une\/decouvrez-les-merveilles-des-cyclades-a-des-prix-imbattables-pour-vos-vacances\/","name":"D\u00e9couvrez les merveilles des Cyclades \u00e0 des prix","isPartOf":{"@id":"https:\/\/voyage-aventure.com\/blog\/#website"},"primaryImageOfPage":{"@id":"https:\/\/voyage-aventure.com\/blog\/a-la-une\/decouvrez-les-merveilles-des-cyclades-a-des-prix-imbattables-pour-vos-vacances\/#primaryimage"},"image":{"@id":"https:\/\/voyage-aventure.com\/blog\/a-la-une\/decouvrez-les-merveilles-des-cyclades-a-des-prix-imbattables-pour-vos-vacances\/#primaryimage"},"thumbnailUrl":"https:\/\/voyage-aventure.com\/blog\/wp-content\/uploads\/2025\/05\/sdxl-5c17c1dedc4cd3d17b8589838eb76ef9-scaled.png","datePublished":"2026-06-16T15:17:02+00:00","description":"Cyclades \u00b7 Mer \u00c9g\u00e9eToits blanchis \u00e0 la chaux, eaux cobalt et villages perch\u00e9s : les Cyclades concentrent l'essentiel de la carte postale grecque. Bonne","inLanguage":"fr-FR","potentialAction":[{"@type":"ReadAction","target":["https:\/\/voyage-aventure.com\/blog\/a-la-une\/decouvrez-les-merveilles-des-cyclades-a-des-prix-imbattables-pour-vos-vacances\/"]}]},{"@type":"ImageObject","inLanguage":"fr-FR","@id":"https:\/\/voyage-aventure.com\/blog\/a-la-une\/decouvrez-les-merveilles-des-cyclades-a-des-prix-imbattables-pour-vos-vacances\/#primaryimage","url":"https:\/\/voyage-aventure.com\/blog\/wp-content\/uploads\/2025\/05\/sdxl-5c17c1dedc4cd3d17b8589838eb76ef9-scaled.png","contentUrl":"https:\/\/voyage-aventure.com\/blog\/wp-content\/uploads\/2025\/05\/sdxl-5c17c1dedc4cd3d17b8589838eb76ef9-scaled.png","width":1200,"height":500},{"@type":"WebSite","@id":"https:\/\/voyage-aventure.com\/blog\/#website","url":"https:\/\/voyage-aventure.com\/blog\/","name":"voyage-aventure.com","description":"Votre passeport pour l\u2019inattendu.","publisher":{"@id":"https:\/\/voyage-aventure.com\/blog\/#organization"},"alternateName":"Votre passeport pour l\u2019inattendu.","potentialAction":[{"@type":"SearchAction","target":{"@type":"EntryPoint","urlTemplate":"https:\/\/voyage-aventure.com\/blog\/?s={search_term_string}"},"query-input":{"@type":"PropertyValueSpecification","valueRequired":true,"valueName":"search_term_string"}}],"inLanguage":"fr-FR"},{"@type":"Organization","@id":"https:\/\/voyage-aventure.com\/blog\/#organization","name":"Foretsensations.fr","url":"https:\/\/voyage-aventure.com\/blog\/","logo":{"@type":"ImageObject","inLanguage":"fr-FR","@id":"https:\/\/voyage-aventure.com\/blog\/#\/schema\/logo\/image\/","url":"https:\/\/voyage-aventure.com\/blog\/wp-content\/uploads\/2024\/12\/19.png","contentUrl":"https:\/\/voyage-aventure.com\/blog\/wp-content\/uploads\/2024\/12\/19.png","width":512,"height":512,"caption":"Foretsensations.fr"},"image":{"@id":"https:\/\/voyage-aventure.com\/blog\/#\/schema\/logo\/image\/"}},{"@type":"Person","@id":"https:\/\/voyage-aventure.com\/blog\/#\/schema\/person\/3c864cdc320801e3db34b663e7e3f816","name":"Camille Rouvray","image":{"@type":"ImageObject","inLanguage":"fr-FR","@id":"https:\/\/voyage-aventure.com\/blog\/#\/schema\/person\/image\/","url":"https:\/\/voyage-aventure.com\/blog\/wp-content\/uploads\/2026\/06\/persona_camille-r-96x96.jpg","contentUrl":"https:\/\/voyage-aventure.com\/blog\/wp-content\/uploads\/2026\/06\/persona_camille-r-96x96.jpg","caption":"Camille Rouvray"},"description":"Je voyage et j'\u00e9cris sur le voyage depuis une douzaine d'ann\u00e9es, d'abord en tant que routarde au long cours, puis comme r\u00e9dactrice sp\u00e9cialis\u00e9e. Mon terrain de pr\u00e9dilection, ce sont les circuits organis\u00e9s et l'art de bien pr\u00e9parer un itin\u00e9raire : choix de la saison, dur\u00e9e r\u00e9aliste des \u00e9tapes, budget jour par jour, logement et transport sur place. J'aime aussi raconter les p\u00e9pites urbaines, ces adresses qu'on ne trouve pas dans les guides classiques. Avant de publier un dossier destination, je croise toujours plusieurs sources, je v\u00e9rifie les tarifs et les formalit\u00e9s d'entr\u00e9e \u00e0 jour, et je teste moi-m\u00eame quand je le peux. Mon angle reste pratique avant tout : aider le lecteur \u00e0 partir l'esprit tranquille, sans mauvaise surprise une fois sur place. Je m'attache \u00e0 distinguer le coup de c\u0153ur sinc\u00e8re du simple argument marketing.","sameAs":["https:\/\/camillerouvray.fr\/"],"url":"https:\/\/voyage-aventure.com\/blog\/auteur\/noname\/"}]}},"_links":{"self":[{"href":"https:\/\/voyage-aventure.com\/blog\/wp-json\/wp\/v2\/posts\/15576","targetHints":{"allow":["GET"]}}],"collection":[{"href":"https:\/\/voyage-aventure.com\/blog\/wp-json\/wp\/v2\/posts"}],"about":[{"href":"https:\/\/voyage-aventure.com\/blog\/wp-json\/wp\/v2\/types\/post"}],"author":[{"embeddable":true,"href":"https:\/\/voyage-aventure.com\/blog\/wp-json\/wp\/v2\/users\/34"}],"replies":[{"embeddable":true,"href":"https:\/\/voyage-aventure.com\/blog\/wp-json\/wp\/v2\/comments?post=15576"}],"version-history":[{"count":3,"href":"https:\/\/voyage-aventure.com\/blog\/wp-json\/wp\/v2\/posts\/15576\/revisions"}],"predecessor-version":[{"id":22825,"href":"https:\/\/voyage-aventure.com\/blog\/wp-json\/wp\/v2\/posts\/15576\/revisions\/22825"}],"wp:featuredmedia":[{"embeddable":true,"href":"https:\/\/voyage-aventure.com\/blog\/wp-json\/wp\/v2\/media\/19732"}],"wp:attachment":[{"href":"https:\/\/voyage-aventure.com\/blog\/wp-json\/wp\/v2\/media?parent=15576"}],"wp:term":[{"taxonomy":"category","embeddable":true,"href":"https:\/\/voyage-aventure.com\/blog\/wp-json\/wp\/v2\/categories?post=15576"},{"taxonomy":"post_tag","embeddable":true,"href":"https:\/\/voyage-aventure.com\/blog\/wp-json\/wp\/v2\/tags?post=15576"}],"curies":[{"name":"wp","href":"https:\/\/api.w.org\/{rel}","templated":true}]}}