{"id":15532,"date":"2026-05-18T20:25:47","date_gmt":"2026-05-18T18:25:47","guid":{"rendered":"https:\/\/voyage-aventure.com\/blog\/?p=15532"},"modified":"2026-05-18T20:25:47","modified_gmt":"2026-05-18T18:25:47","slug":"la-maire-de-la-nouvelle-orleans-attaque-le-conseil-municipal-sur-le-bannissement-des-voyages","status":"publish","type":"post","link":"https:\/\/voyage-aventure.com\/blog\/a-la-une\/la-maire-de-la-nouvelle-orleans-attaque-le-conseil-municipal-sur-le-bannissement-des-voyages\/","title":{"rendered":"La maire de La Nouvelle-Orl\u00e9ans attaque le conseil municipal sur le bannissement des voyages"},"content":{"rendered":"<aside style=\"background:#f5f1ec;border-left:5px solid #6a4a2a;padding:22px 28px;margin:24px 0;font-family:-apple-system,BlinkMacSystemFont,'Segoe UI',Roboto,sans-serif;\">\n<div style=\"margin:0;font-size:13px;letter-spacing:2px;text-transform:uppercase;color:#6a4a2a;font-weight:700;line-height:1.4;\">L&rsquo;essentiel en bref<\/div>\n<div style=\"margin:10px 0 0 0;font-size:18px;line-height:1.55;color:#2a2a2a;\">\u00c0 La Nouvelle-Orl\u00e9ans, une bataille juridique in\u00e9dite oppose la maire LaToya Cantrell au conseil municipal autour d&rsquo;une ordonnance restreignant les d\u00e9placements officiels. Un duel institutionnel qui interroge la s\u00e9paration des pouvoirs au niveau local et la capacit\u00e9 d&rsquo;une m\u00e9tropole \u00e0 se faire entendre sur la sc\u00e8ne nationale.<\/div>\n<\/aside>\n<h2>Un conflit ouvert entre la maire et le conseil municipal<\/h2>\n<p>La maire de La Nouvelle-Orl\u00e9ans, LaToya Cantrell, a engag\u00e9 des poursuites contre le conseil municipal apr\u00e8s l&rsquo;adoption d&rsquo;une ordonnance controvers\u00e9e interdisant la quasi-totalit\u00e9 des voyages officiels financ\u00e9s par la ville. Cette d\u00e9cision survient dans un contexte tendu, le conseil ayant impos\u00e9 un bannissement des d\u00e9placements jug\u00e9s non essentiels \u2014 une mesure que la maire qualifie ouvertement de tentative de prise de pouvoir.<\/p>\n<p>Au c\u0153ur de l&rsquo;affaire : une requ\u00eate en ordonnance de restriction temporaire d\u00e9pos\u00e9e par Cantrell devant le tribunal civil du district d&rsquo;Orl\u00e9ans. La maire soutient que la man\u0153uvre vise \u00e0 l&rsquo;affaiblir politiquement, en repr\u00e9sailles \u00e0 sa d\u00e9cision de renoncer \u00e0 un r\u00e8glement qui aurait pu rapporter plusieurs millions de dollars aux \u00e9coles de la ville. La tension entre les deux entit\u00e9s gouvernementales soul\u00e8ve des questions de fond sur la gouvernance et la responsabilit\u00e9 politique.<\/p>\n<aside style=\"background:#fafaf7;border:1px solid #e5e5e0;border-radius:8px;padding:24px 26px 26px;margin:28px 0;font-family:-apple-system,BlinkMacSystemFont,'Segoe UI',Roboto,sans-serif;\">\n<div style=\"margin:0 0 16px 0;font-size:12px;letter-spacing:3px;text-transform:uppercase;color:#6a4a2a;font-weight:800;line-height:1.4;\">\u00c0 retenir<\/div>\n<div style=\"display:grid;grid-template-columns:repeat(auto-fit,minmax(200px,1fr));gap:14px;\">\n<div style=\"padding:12px 14px;background:#fff;border-left:3px solid #6a4a2a;\">\n<div style=\"font-size:14px;font-weight:700;color:#1a1a1a;line-height:1.4;\">Ordonnance contest\u00e9e<\/div>\n<div style=\"font-size:13px;color:#4a4a4a;margin-top:4px;line-height:1.5;\">Bannissement des voyages officiels non essentiels vot\u00e9 par le conseil municipal.<\/div>\n<\/p><\/div>\n<div style=\"padding:12px 14px;background:#fff;border-left:3px solid #6a4a2a;\">\n<div style=\"font-size:14px;font-weight:700;color:#1a1a1a;line-height:1.4;\">Action en justice<\/div>\n<div style=\"font-size:13px;color:#4a4a4a;margin-top:4px;line-height:1.5;\">Requ\u00eate en restriction temporaire devant le tribunal civil d&rsquo;Orl\u00e9ans.<\/div>\n<\/p><\/div>\n<div style=\"padding:12px 14px;background:#fff;border-left:3px solid #6a4a2a;\">\n<div style=\"font-size:14px;font-weight:700;color:#1a1a1a;line-height:1.4;\">Enjeu scolaire<\/div>\n<div style=\"font-size:13px;color:#4a4a4a;margin-top:4px;line-height:1.5;\">Un r\u00e8glement abandonn\u00e9 aurait pu rapporter des millions aux \u00e9coles publiques.<\/div>\n<\/p><\/div>\n<div style=\"padding:12px 14px;background:#fff;border-left:3px solid #6a4a2a;\">\n<div style=\"font-size:14px;font-weight:700;color:#1a1a1a;line-height:1.4;\">Voyage \u00e0 Washington<\/div>\n<div style=\"font-size:13px;color:#4a4a4a;margin-top:4px;line-height:1.5;\">Conf\u00e9rence nationale des maires malgr\u00e9 l&rsquo;interdiction municipale.<\/div>\n<\/p><\/div>\n<div style=\"padding:12px 14px;background:#fff;border-left:3px solid #6a4a2a;\">\n<div style=\"font-size:14px;font-weight:700;color:#1a1a1a;line-height:1.4;\">Bataille de l\u00e9gitimit\u00e9<\/div>\n<div style=\"font-size:13px;color:#4a4a4a;margin-top:4px;line-height:1.5;\">Conflit ouvert sur les pouvoirs respectifs du maire et du conseil.<\/div>\n<\/p><\/div>\n<\/div>\n<\/aside>\n<h2>Les implications du bannissement pour la repr\u00e9sentation de la ville<\/h2>\n<p>Le bannissement des voyages non essentiels a des r\u00e9percussions tr\u00e8s concr\u00e8tes sur la capacit\u00e9 de la maire \u00e0 repr\u00e9senter La Nouvelle-Orl\u00e9ans au niveau national. Conf\u00e9rences f\u00e9d\u00e9rales, rencontres avec des bailleurs, sommets th\u00e9matiques sur les villes c\u00f4ti\u00e8res, audiences au Capitole : autant de rendez-vous o\u00f9 la pr\u00e9sence d&rsquo;un \u00e9dile municipal p\u00e8se dans les arbitrages budg\u00e9taires et les programmes d&rsquo;aide. En verrouillant les d\u00e9placements, le conseil resserre consid\u00e9rablement le p\u00e9rim\u00e8tre d&rsquo;action diplomatique de l&rsquo;ex\u00e9cutif local.<\/p>\n<p>Malgr\u00e9 l&rsquo;interdiction, Cantrell s&rsquo;est rendue \u00e0 Washington, D.C. pour participer \u00e0 une conf\u00e9rence nationale des maires. Ce d\u00e9placement, pr\u00e9sent\u00e9 comme indispensable \u00e0 la d\u00e9fense des int\u00e9r\u00eats de la ville, a exacerb\u00e9 la controverse. Il cristallise une question juridique de fond : jusqu&rsquo;o\u00f9 peut aller un conseil municipal lorsqu&rsquo;il pr\u00e9tend encadrer le quotidien fonctionnel de l&rsquo;ex\u00e9cutif \u00e9lu au suffrage direct ?<\/p>\n<div style=\"display:grid;grid-template-columns:repeat(auto-fit,minmax(220px,1fr));gap:14px;margin:28px 0;font-family:-apple-system,BlinkMacSystemFont,'Segoe UI',Roboto,sans-serif;\">\n<div style=\"background:#fff;border:1px solid #e0dbd2;border-top:3px solid #6a4a2a;padding:20px 22px;\">\n<div style=\"margin:0 0 8px 0;font-size:11px;letter-spacing:2px;text-transform:uppercase;color:#6a4a2a;font-weight:700;\">Enjeu n\u00b01<\/div>\n<div style=\"margin:0 0 8px 0;font-size:17px;font-weight:800;color:#1a1a1a;line-height:1.3;\">Visibilit\u00e9 f\u00e9d\u00e9rale<\/div>\n<div style=\"margin:0;font-size:14px;line-height:1.55;color:#3a3a3a;\">Les grandes m\u00e9tropoles am\u00e9ricaines s&rsquo;appuient sur leur maire pour d\u00e9crocher subventions et partenariats au niveau f\u00e9d\u00e9ral. Couper les d\u00e9placements, c&rsquo;est limiter cette projection.<\/div>\n<\/p><\/div>\n<div style=\"background:#fff;border:1px solid #e0dbd2;border-top:3px solid #6a4a2a;padding:20px 22px;\">\n<div style=\"margin:0 0 8px 0;font-size:11px;letter-spacing:2px;text-transform:uppercase;color:#6a4a2a;font-weight:700;\">Enjeu n\u00b02<\/div>\n<div style=\"margin:0 0 8px 0;font-size:17px;font-weight:800;color:#1a1a1a;line-height:1.3;\">Diplomatie urbaine<\/div>\n<div style=\"margin:0;font-size:14px;line-height:1.55;color:#3a3a3a;\">Coalitions inter-villes sur le climat, la s\u00e9curit\u00e9, l&rsquo;\u00e9ducation : ces alliances se nouent en face-\u00e0-face lors de sommets que la maire ne pourrait plus rejoindre.<\/div>\n<\/p><\/div>\n<div style=\"background:#fff;border:1px solid #e0dbd2;border-top:3px solid #6a4a2a;padding:20px 22px;\">\n<div style=\"margin:0 0 8px 0;font-size:11px;letter-spacing:2px;text-transform:uppercase;color:#6a4a2a;font-weight:700;\">Enjeu n\u00b03<\/div>\n<div style=\"margin:0 0 8px 0;font-size:17px;font-weight:800;color:#1a1a1a;line-height:1.3;\">Contr\u00f4le des d\u00e9penses<\/div>\n<div style=\"margin:0;font-size:14px;line-height:1.55;color:#3a3a3a;\">Le conseil revendique un objectif de transparence et de rigueur dans l&rsquo;usage des fonds publics, apr\u00e8s une p\u00e9riode marqu\u00e9e par les pol\u00e9miques sur les frais de d\u00e9placement.<\/div>\n<\/p><\/div>\n<div style=\"background:#fff;border:1px solid #e0dbd2;border-top:3px solid #6a4a2a;padding:20px 22px;\">\n<div style=\"margin:0 0 8px 0;font-size:11px;letter-spacing:2px;text-transform:uppercase;color:#6a4a2a;font-weight:700;\">Enjeu n\u00b04<\/div>\n<div style=\"margin:0 0 8px 0;font-size:17px;font-weight:800;color:#1a1a1a;line-height:1.3;\">Rapport de forces<\/div>\n<div style=\"margin:0;font-size:14px;line-height:1.55;color:#3a3a3a;\">Au-del\u00e0 du dossier voyages, le bras de fer fixe un pr\u00e9c\u00e9dent sur ce qu&rsquo;un conseil peut ou non imposer \u00e0 un maire en fonction.<\/div>\n<\/p><\/div>\n<\/div>\n<aside style=\"background:#fdf5e6;border-left:5px solid #d4a017;padding:18px 22px;margin:24px 0;font-family:-apple-system,BlinkMacSystemFont,'Segoe UI',Roboto,sans-serif;border-radius:0 6px 6px 0;\">\n<div style=\"margin:0;font-size:12px;letter-spacing:2px;text-transform:uppercase;color:#8a6a0a;font-weight:800;line-height:1.4;\">Bon \u00e0 savoir<\/div>\n<div style=\"margin:8px 0 0 0;font-size:15px;line-height:1.6;color:#2a2a2a;\">Aux \u00c9tats-Unis, la r\u00e9partition des comp\u00e9tences entre maire et conseil municipal varie d&rsquo;une ville \u00e0 l&rsquo;autre. La Nouvelle-Orl\u00e9ans rel\u00e8ve d&rsquo;un r\u00e9gime \u00ab strong mayor \u00bb qui conf\u00e8re traditionnellement \u00e0 l&rsquo;ex\u00e9cutif une marge de man\u0153uvre \u00e9tendue sur la gestion quotidienne \u2014 ce qui rend la confrontation juridique d&rsquo;autant plus structurante.<\/div>\n<\/aside>\n<h2>Une bataille juridique sur la s\u00e9paration des pouvoirs<\/h2>\n<p>Le conseil municipal d\u00e9fend la mesure en mettant en avant la transparence et la responsabilit\u00e9 dans l&rsquo;utilisation des fonds publics. Pour ses partisans, l&rsquo;ordonnance corrige un d\u00e9s\u00e9quilibre et impose un contr\u00f4le n\u00e9cessaire sur des d\u00e9penses r\u00e9currentes, parfois critiqu\u00e9es par la presse locale. La logique : aucun voyage ne saurait \u00eatre qualifi\u00e9 d&rsquo;essentiel sans validation pr\u00e9alable d&rsquo;un organe coll\u00e9gial.<\/p>\n<p>La maire, elle, conteste frontalement cette lecture. Pour son \u00e9quipe, l&rsquo;ordonnance d\u00e9passe le r\u00f4le d&rsquo;un conseil municipal, dont la mission est l\u00e9gislative et budg\u00e9taire, et empi\u00e8te sur la sph\u00e8re ex\u00e9cutive. Cantrell \u00e9voque une \u00ab tentative ill\u00e9gale \u00bb de prendre le pouvoir et inscrit son recours dans une d\u00e9fense des pr\u00e9rogatives du maire \u00e9lu.<\/p>\n<p>Le tribunal civil du district d&rsquo;Orl\u00e9ans devra trancher une question qui d\u00e9passe de loin l&rsquo;anecdote des billets d&rsquo;avion : o\u00f9 s&rsquo;arr\u00eate le pouvoir d&rsquo;encadrement d&rsquo;une assembl\u00e9e, o\u00f9 commence l&rsquo;autonomie d&rsquo;un ex\u00e9cutif \u00e9lu ?<\/p>\n<figure style=\"margin:32px 0;font-family:-apple-system,BlinkMacSystemFont,'Segoe UI',Roboto,sans-serif;\"><figcaption style=\"margin:0 0 10px 0;font-size:12px;letter-spacing:2px;text-transform:uppercase;color:#6a4a2a;font-weight:800;\">Lecture compar\u00e9e des positions<\/figcaption><table style=\"width:100%;border-collapse:collapse;font-size:14px;background:#fff;border:1px solid #e0dbd2;\">\n<thead>\n<tr style=\"background:#6a4a2a;color:#fff;\">\n<th style=\"padding:12px 14px;text-align:left;font-weight:700;border-right:1px solid #fff;\">Crit\u00e8re<\/th>\n<th style=\"padding:12px 14px;text-align:left;font-weight:700;border-right:1px solid #fff;\">Position du conseil<\/th>\n<th style=\"padding:12px 14px;text-align:left;font-weight:700;\">Position de la maire<\/th>\n<\/tr>\n<\/thead>\n<tbody>\n<tr style=\"border-bottom:1px solid #e0dbd2;\">\n<td style=\"padding:12px 14px;font-weight:700;color:#1a1a1a;border-right:1px solid #e0dbd2;\">Objectif affich\u00e9<\/td>\n<td style=\"padding:12px 14px;color:#3a3a3a;border-right:1px solid #e0dbd2;\">Transparence des fonds publics<\/td>\n<td style=\"padding:12px 14px;color:#3a3a3a;\">Pr\u00e9servation de l&rsquo;autorit\u00e9 ex\u00e9cutive<\/td>\n<\/tr>\n<tr style=\"background:#faf8f4;border-bottom:1px solid #e0dbd2;\">\n<td style=\"padding:12px 14px;font-weight:700;color:#1a1a1a;border-right:1px solid #e0dbd2;\">Outil juridique<\/td>\n<td style=\"padding:12px 14px;color:#3a3a3a;border-right:1px solid #e0dbd2;\">Ordonnance interdisant les voyages<\/td>\n<td style=\"padding:12px 14px;color:#3a3a3a;\">Requ\u00eate en restriction temporaire<\/td>\n<\/tr>\n<tr style=\"border-bottom:1px solid #e0dbd2;\">\n<td style=\"padding:12px 14px;font-weight:700;color:#1a1a1a;border-right:1px solid #e0dbd2;\">Champ d&rsquo;application<\/td>\n<td style=\"padding:12px 14px;color:#3a3a3a;border-right:1px solid #e0dbd2;\">Quasi-totalit\u00e9 des d\u00e9placements officiels<\/td>\n<td style=\"padding:12px 14px;color:#3a3a3a;\">Repr\u00e9sentation nationale jug\u00e9e indispensable<\/td>\n<\/tr>\n<tr style=\"background:#faf8f4;border-bottom:1px solid #e0dbd2;\">\n<td style=\"padding:12px 14px;font-weight:700;color:#1a1a1a;border-right:1px solid #e0dbd2;\">Arri\u00e8re-plan politique<\/td>\n<td style=\"padding:12px 14px;color:#3a3a3a;border-right:1px solid #e0dbd2;\">Contr\u00f4le accru des d\u00e9penses municipales<\/td>\n<td style=\"padding:12px 14px;color:#3a3a3a;\">Repr\u00e9sailles apr\u00e8s renoncement \u00e0 un r\u00e8glement<\/td>\n<\/tr>\n<tr>\n<td style=\"padding:12px 14px;font-weight:700;color:#1a1a1a;border-right:1px solid #e0dbd2;\">Question de fond<\/td>\n<td style=\"padding:12px 14px;color:#3a3a3a;border-right:1px solid #e0dbd2;\">\u00c9tendue du pouvoir d&rsquo;encadrement du conseil<\/td>\n<td style=\"padding:12px 14px;color:#3a3a3a;\">Limites constitutionnelles \u00e0 l&rsquo;ing\u00e9rence<\/td>\n<\/tr>\n<\/tbody>\n<\/table>\n<\/figure>\n<figure style=\"margin:38px auto;padding:28px 24px;text-align:center;border-top:1px solid #2a2a2a;border-bottom:1px solid #2a2a2a;max-width:640px;position:relative;font-family:Georgia,'Hoefler Text',serif;\">\n<div style=\"position:absolute;top:-18px;left:50%;transform:translateX(-50%);background:#fff;padding:0 14px;font-size:36px;color:#6a4a2a;line-height:1;\">&#8220;<\/div>\n<blockquote style=\"margin:0;padding:0;border:0;font-size:22px;line-height:1.45;font-style:italic;color:#1a1a1a;\"><p>\u00ab\u00a0Nous devons nous battre pour ce qui est juste et pour notre ville.\u00a0\u00bb<\/p><\/blockquote>\n<div style=\"margin:14px 0 0 0;font-size:12px;letter-spacing:2px;text-transform:uppercase;color:#6a4a2a;font-weight:700;\">LaToya Cantrell \u2014 conf\u00e9rence de presse<\/div>\n<\/figure>\n<h2>Un appel \u00e0 la responsabilit\u00e9 politique<\/h2>\n<p>Au-del\u00e0 du contentieux juridique, le d\u00e9saccord rappelle l&rsquo;importance de la responsabilit\u00e9 politique dans une d\u00e9mocratie locale. Les habitants de La Nouvelle-Orl\u00e9ans s&rsquo;interrogent sur la mani\u00e8re dont ces tensions affectent les dossiers concrets : voirie, \u00e9coles, s\u00e9curit\u00e9, suites de l&rsquo;ouragan Ida, gestion des inondations. Lorsque l&rsquo;ex\u00e9cutif et le l\u00e9gislatif local s&rsquo;opposent en justice, l&rsquo;agenda quotidien de la ville passe au second plan.<\/p>\n<p>Les \u00e9lecteurs n\u00e9o-orl\u00e9anais doivent rester inform\u00e9s et engag\u00e9s pour s&rsquo;assurer que leur voix soit entendue. Plusieurs associations citoyennes appellent \u00e0 des audiences publiques, \u00e0 un m\u00e9diateur ind\u00e9pendant ou \u00e0 un r\u00e9f\u00e9rendum local pour clarifier la cha\u00eene de commandement avant la prochaine \u00e9ch\u00e9ance \u00e9lectorale. La politique locale, plus que jamais, se joue \u00e0 hauteur de citoyen.<\/p>\n<aside style=\"background:#eef4f8;border-left:5px solid #1d5a8a;padding:18px 22px;margin:24px 0;font-family:-apple-system,BlinkMacSystemFont,'Segoe UI',Roboto,sans-serif;border-radius:0 6px 6px 0;\">\n<div style=\"margin:0;font-size:12px;letter-spacing:2px;text-transform:uppercase;color:#1d5a8a;font-weight:800;line-height:1.4;\">Pour aller plus loin<\/div>\n<div style=\"margin:8px 0 0 0;font-size:15px;line-height:1.6;color:#2a2a2a;\">Les conflits institutionnels entre maire et conseil sont fr\u00e9quents dans les grandes villes am\u00e9ricaines : Chicago, Atlanta, Los Angeles ou Houston ont connu des \u00e9pisodes similaires. La r\u00e9solution passe rarement par le tribunal seul \u2014 elle exige un dialogue politique restaur\u00e9 et, parfois, un arbitrage des \u00e9lecteurs.<\/div>\n<\/aside>\n<div style=\"display:grid;grid-template-columns:repeat(auto-fit,minmax(260px,1fr));gap:14px;margin:28px 0;font-family:-apple-system,BlinkMacSystemFont,'Segoe UI',Roboto,sans-serif;\">\n<div style=\"background:#f3f8f4;border:1px solid #c4dfcd;border-radius:6px;padding:20px 22px;\">\n<div style=\"margin:0 0 10px 0;font-size:13px;letter-spacing:2px;text-transform:uppercase;color:#2a5f3f;font-weight:800;\">\u00c0 privil\u00e9gier<\/div>\n<div style=\"margin:0;font-size:14px;line-height:1.6;color:#2a2a2a;\">\n<div style=\"margin:0 0 8px 0;\">&#10003; Suivre les d\u00e9lib\u00e9rations publiques du conseil municipal pour comprendre les arguments en pr\u00e9sence.<\/div>\n<div style=\"margin:0 0 8px 0;\">&#10003; Consulter les communiqu\u00e9s officiels de la mairie pour saisir la position ex\u00e9cutive.<\/div>\n<div style=\"margin:0 0 8px 0;\">&#10003; Lire la presse locale n\u00e9o-orl\u00e9anaise (Times-Picayune, NOLA.com) pour le contexte historique.<\/div>\n<div style=\"margin:0;\">&#10003; Participer aux audiences citoyennes ouvertes au public.<\/div>\n<\/div>\n<\/div>\n<div style=\"background:#f8f3f3;border:1px solid #d9c4c4;border-radius:6px;padding:20px 22px;\">\n<div style=\"margin:0 0 10px 0;font-size:13px;letter-spacing:2px;text-transform:uppercase;color:#8a1d2f;font-weight:800;\">\u00c0 \u00e9viter<\/div>\n<div style=\"margin:0;font-size:14px;line-height:1.6;color:#2a2a2a;\">\n<div style=\"margin:0 0 8px 0;\">&#10007; R\u00e9duire le dossier \u00e0 un simple conflit de personnes entre la maire et un conseiller.<\/div>\n<div style=\"margin:0 0 8px 0;\">&#10007; Ignorer l&rsquo;enjeu scolaire en arri\u00e8re-plan du renoncement au r\u00e8glement.<\/div>\n<div style=\"margin:0 0 8px 0;\">&#10007; S&rsquo;en remettre exclusivement aux r\u00e9seaux sociaux pour suivre l&rsquo;\u00e9volution juridique.<\/div>\n<div style=\"margin:0;\">&#10007; Confondre interdiction des voyages officiels et restriction des d\u00e9placements personnels.<\/div>\n<\/div>\n<\/div>\n<\/div>\n<h2>Ce que l&rsquo;\u00e9pisode dit de la gouvernance locale<\/h2>\n<p>La situation actuelle est une invitation \u00e0 r\u00e9fl\u00e9chir sur la nature de la gouvernance locale et les cons\u00e9quences des d\u00e9cisions politiques. Les citoyens de La Nouvelle-Orl\u00e9ans m\u00e9ritent un leadership qui travaille en leur faveur, et cet \u00e9pisode pourrait constituer un tournant pour la mani\u00e8re dont les affaires publiques sont men\u00e9es dans la ville. Un d\u00e9nouement par la voie judiciaire fixera une jurisprudence ; un compromis politique \u00e9viterait au contraire de figer durablement les rapports entre institutions.<\/p>\n<p>Restez attentifs \u00e0 l&rsquo;\u00e9volution de cette affaire et \u00e0 ses retomb\u00e9es sur la politique locale n\u00e9o-orl\u00e9anaise. Dans les semaines \u00e0 venir, les audiences successives, les communiqu\u00e9s des deux camps et la mobilisation citoyenne dessineront le visage d&rsquo;une d\u00e9mocratie urbaine en pleine recomposition.<\/p>\n<section style=\"margin:32px 0;font-family:-apple-system,BlinkMacSystemFont,'Segoe UI',Roboto,sans-serif;\">\n<div style=\"margin:0 0 16px 0;font-size:12px;letter-spacing:3px;text-transform:uppercase;color:#6a4a2a;font-weight:800;\">Questions fr\u00e9quentes<\/div>\n<details style=\"background:#fff;border:1px solid #e0dbd2;border-radius:6px;padding:14px 18px;margin:0 0 10px 0;\">\n<summary style=\"cursor:pointer;font-size:15px;font-weight:700;color:#1a1a1a;list-style:none;\">Pourquoi le conseil municipal a-t-il interdit les voyages officiels ?<\/summary>\n<div style=\"margin:10px 0 0 0;font-size:14px;line-height:1.6;color:#3a3a3a;\">Le conseil invoque un objectif de transparence et de meilleur contr\u00f4le des fonds publics. La mesure cible les d\u00e9placements jug\u00e9s non essentiels et impose un encadrement strict des d\u00e9penses associ\u00e9es.<\/div>\n<\/details>\n<details style=\"background:#fff;border:1px solid #e0dbd2;border-radius:6px;padding:14px 18px;margin:0 0 10px 0;\">\n<summary style=\"cursor:pointer;font-size:15px;font-weight:700;color:#1a1a1a;list-style:none;\">Sur quoi repose la contestation juridique de la maire ?<\/summary>\n<div style=\"margin:10px 0 0 0;font-size:14px;line-height:1.6;color:#3a3a3a;\">LaToya Cantrell estime que l&rsquo;ordonnance d\u00e9passe les comp\u00e9tences du conseil et empi\u00e8te sur le pouvoir ex\u00e9cutif. Elle a d\u00e9pos\u00e9 une requ\u00eate en ordonnance de restriction temporaire devant le tribunal civil du district d&rsquo;Orl\u00e9ans.<\/div>\n<\/details>\n<details style=\"background:#fff;border:1px solid #e0dbd2;border-radius:6px;padding:14px 18px;margin:0 0 10px 0;\">\n<summary style=\"cursor:pointer;font-size:15px;font-weight:700;color:#1a1a1a;list-style:none;\">Quel est le lien avec les \u00e9coles de la ville ?<\/summary>\n<div style=\"margin:10px 0 0 0;font-size:14px;line-height:1.6;color:#3a3a3a;\">La maire soutient que la mesure est une riposte \u00e0 sa d\u00e9cision de renoncer \u00e0 un r\u00e8glement qui aurait pu g\u00e9n\u00e9rer plusieurs millions de dollars pour les \u00e9coles publiques de La Nouvelle-Orl\u00e9ans. Ce volet financier alimente le climat de d\u00e9fiance.<\/div>\n<\/details>\n<details style=\"background:#fff;border:1px solid #e0dbd2;border-radius:6px;padding:14px 18px;margin:0 0 10px 0;\">\n<summary style=\"cursor:pointer;font-size:15px;font-weight:700;color:#1a1a1a;list-style:none;\">Pourquoi Cantrell s&rsquo;est-elle rendue \u00e0 Washington malgr\u00e9 l&rsquo;interdiction ?<\/summary>\n<div style=\"margin:10px 0 0 0;font-size:14px;line-height:1.6;color:#3a3a3a;\">Pour participer \u00e0 une conf\u00e9rence nationale des maires, qu&rsquo;elle consid\u00e8re comme un rendez-vous indispensable \u00e0 la d\u00e9fense des int\u00e9r\u00eats de la ville aupr\u00e8s des autorit\u00e9s f\u00e9d\u00e9rales. Ce d\u00e9placement a accentu\u00e9 la confrontation avec le conseil.<\/div>\n<\/details>\n<details style=\"background:#fff;border:1px solid #e0dbd2;border-radius:6px;padding:14px 18px;margin:0 0 10px 0;\">\n<summary style=\"cursor:pointer;font-size:15px;font-weight:700;color:#1a1a1a;list-style:none;\">Quelles cons\u00e9quences pour les habitants de La Nouvelle-Orl\u00e9ans ?<\/summary>\n<div style=\"margin:10px 0 0 0;font-size:14px;line-height:1.6;color:#3a3a3a;\">Le conflit ralentit potentiellement les arbitrages sur des dossiers prioritaires (\u00e9coles, s\u00e9curit\u00e9, pr\u00e9vention des inondations) et fragilise la repr\u00e9sentation de la ville au niveau f\u00e9d\u00e9ral. Les citoyens sont appel\u00e9s \u00e0 suivre les audiences et \u00e0 participer aux consultations publiques.<\/div>\n<\/details>\n<details style=\"background:#fff;border:1px solid #e0dbd2;border-radius:6px;padding:14px 18px;margin:0;\">\n<summary style=\"cursor:pointer;font-size:15px;font-weight:700;color:#1a1a1a;list-style:none;\">Quelle est la prochaine \u00e9tape de la proc\u00e9dure ?<\/summary>\n<div style=\"margin:10px 0 0 0;font-size:14px;line-height:1.6;color:#3a3a3a;\">L&rsquo;examen de la requ\u00eate en restriction temporaire par le tribunal civil du district d&rsquo;Orl\u00e9ans. La d\u00e9cision rendue pourrait suspendre tout ou partie de l&rsquo;ordonnance contest\u00e9e et fixer un premier cadre avant un examen au fond.<\/div>\n<\/details>\n<\/section>\n","protected":false},"excerpt":{"rendered":"","protected":false},"author":34,"featured_media":19727,"comment_status":"open","ping_status":"open","sticky":false,"template":"","format":"standard","meta":{"_acf_changed":false,"manual_indexmenow":false,"indexmenow_id_project":0,"footnotes":""},"categories":[1],"tags":[4636,4593,6203,4635,4526],"class_list":["post-15532","post","type-post","status-publish","format-standard","has-post-thumbnail","hentry","category-a-la-une","tag-destinations","tag-economie","tag-responsabilite-politique","tag-voyage","tag-voyage-economique","generate-columns","tablet-grid-50","mobile-grid-100","grid-parent","grid-25"],"acf":[],"yoast_head":"<!-- This site is optimized with the Yoast SEO Premium plugin v21.3 (Yoast SEO v25.1) - https:\/\/yoast.com\/wordpress\/plugins\/seo\/ -->\n<title>La maire de La Nouvelle-Orl\u00e9ans attaque le conseil<\/title>\n<meta name=\"description\" content=\"\u00c0 La Nouvelle-Orl\u00e9ans, une bataille juridique in\u00e9dite oppose la maire LaToya Cantrell au conseil municipal autour d&#039;une ordonnance restreignant les\" \/>\n<meta name=\"robots\" content=\"index, follow, max-snippet:-1, max-image-preview:large, max-video-preview:-1\" \/>\n<link rel=\"canonical\" href=\"https:\/\/voyage-aventure.com\/blog\/a-la-une\/la-maire-de-la-nouvelle-orleans-attaque-le-conseil-municipal-sur-le-bannissement-des-voyages\/\" \/>\n<meta property=\"og:locale\" content=\"fr_FR\" \/>\n<meta property=\"og:type\" content=\"article\" \/>\n<meta property=\"og:title\" content=\"La maire de La Nouvelle-Orl\u00e9ans attaque le conseil\" \/>\n<meta property=\"og:description\" content=\"\u00c0 La Nouvelle-Orl\u00e9ans, une bataille juridique in\u00e9dite oppose la maire LaToya Cantrell au conseil municipal autour d&#039;une ordonnance restreignant les\" \/>\n<meta property=\"og:url\" content=\"https:\/\/voyage-aventure.com\/blog\/a-la-une\/la-maire-de-la-nouvelle-orleans-attaque-le-conseil-municipal-sur-le-bannissement-des-voyages\/\" \/>\n<meta property=\"og:site_name\" content=\"voyage-aventure\" \/>\n<meta property=\"og:image\" content=\"https:\/\/voyage-aventure.com\/blog\/wp-content\/uploads\/2025\/05\/sdxl-77596acd36831c8922673f84fb3529cd-scaled.png\" \/>\n\t<meta property=\"og:image:width\" content=\"1200\" \/>\n\t<meta property=\"og:image:height\" content=\"500\" \/>\n\t<meta property=\"og:image:type\" content=\"image\/png\" \/>\n<meta name=\"author\" content=\"Camille Rouvray\" \/>\n<meta name=\"twitter:card\" content=\"summary_large_image\" \/>\n<script type=\"application\/ld+json\" class=\"yoast-schema-graph\">{\"@context\":\"https:\/\/schema.org\",\"@graph\":[{\"@type\":\"NewsArticle\",\"@id\":\"https:\/\/voyage-aventure.com\/blog\/a-la-une\/la-maire-de-la-nouvelle-orleans-attaque-le-conseil-municipal-sur-le-bannissement-des-voyages\/#article\",\"isPartOf\":{\"@id\":\"https:\/\/voyage-aventure.com\/blog\/a-la-une\/la-maire-de-la-nouvelle-orleans-attaque-le-conseil-municipal-sur-le-bannissement-des-voyages\/\"},\"author\":{\"name\":\"Camille Rouvray\",\"@id\":\"https:\/\/voyage-aventure.com\/blog\/#\/schema\/person\/3c864cdc320801e3db34b663e7e3f816\"},\"headline\":\"La maire de La Nouvelle-Orl\u00e9ans attaque le conseil municipal sur le bannissement des voyages\",\"datePublished\":\"2026-05-18T18:25:47+00:00\",\"mainEntityOfPage\":{\"@id\":\"https:\/\/voyage-aventure.com\/blog\/a-la-une\/la-maire-de-la-nouvelle-orleans-attaque-le-conseil-municipal-sur-le-bannissement-des-voyages\/\"},\"wordCount\":1713,\"commentCount\":28,\"publisher\":{\"@id\":\"https:\/\/voyage-aventure.com\/blog\/#organization\"},\"image\":{\"@id\":\"https:\/\/voyage-aventure.com\/blog\/a-la-une\/la-maire-de-la-nouvelle-orleans-attaque-le-conseil-municipal-sur-le-bannissement-des-voyages\/#primaryimage\"},\"thumbnailUrl\":\"https:\/\/voyage-aventure.com\/blog\/wp-content\/uploads\/2025\/05\/sdxl-77596acd36831c8922673f84fb3529cd-scaled.png\",\"keywords\":[\"Destinations\",\"\u00c9conomie\",\"Responsabilit\u00e9 Politique\",\"Voyage\",\"Voyage \u00c9conomique\"],\"articleSection\":[\"\u00c0 la une\"],\"inLanguage\":\"fr-FR\",\"potentialAction\":[{\"@type\":\"CommentAction\",\"name\":\"Comment\",\"target\":[\"https:\/\/voyage-aventure.com\/blog\/a-la-une\/la-maire-de-la-nouvelle-orleans-attaque-le-conseil-municipal-sur-le-bannissement-des-voyages\/#respond\"]}]},{\"@type\":\"WebPage\",\"@id\":\"https:\/\/voyage-aventure.com\/blog\/a-la-une\/la-maire-de-la-nouvelle-orleans-attaque-le-conseil-municipal-sur-le-bannissement-des-voyages\/\",\"url\":\"https:\/\/voyage-aventure.com\/blog\/a-la-une\/la-maire-de-la-nouvelle-orleans-attaque-le-conseil-municipal-sur-le-bannissement-des-voyages\/\",\"name\":\"La maire de La Nouvelle-Orl\u00e9ans attaque le conseil\",\"isPartOf\":{\"@id\":\"https:\/\/voyage-aventure.com\/blog\/#website\"},\"primaryImageOfPage\":{\"@id\":\"https:\/\/voyage-aventure.com\/blog\/a-la-une\/la-maire-de-la-nouvelle-orleans-attaque-le-conseil-municipal-sur-le-bannissement-des-voyages\/#primaryimage\"},\"image\":{\"@id\":\"https:\/\/voyage-aventure.com\/blog\/a-la-une\/la-maire-de-la-nouvelle-orleans-attaque-le-conseil-municipal-sur-le-bannissement-des-voyages\/#primaryimage\"},\"thumbnailUrl\":\"https:\/\/voyage-aventure.com\/blog\/wp-content\/uploads\/2025\/05\/sdxl-77596acd36831c8922673f84fb3529cd-scaled.png\",\"datePublished\":\"2026-05-18T18:25:47+00:00\",\"description\":\"\u00c0 La Nouvelle-Orl\u00e9ans, une bataille juridique in\u00e9dite oppose la maire LaToya Cantrell au conseil municipal autour d'une ordonnance restreignant les\",\"inLanguage\":\"fr-FR\",\"potentialAction\":[{\"@type\":\"ReadAction\",\"target\":[\"https:\/\/voyage-aventure.com\/blog\/a-la-une\/la-maire-de-la-nouvelle-orleans-attaque-le-conseil-municipal-sur-le-bannissement-des-voyages\/\"]}]},{\"@type\":\"ImageObject\",\"inLanguage\":\"fr-FR\",\"@id\":\"https:\/\/voyage-aventure.com\/blog\/a-la-une\/la-maire-de-la-nouvelle-orleans-attaque-le-conseil-municipal-sur-le-bannissement-des-voyages\/#primaryimage\",\"url\":\"https:\/\/voyage-aventure.com\/blog\/wp-content\/uploads\/2025\/05\/sdxl-77596acd36831c8922673f84fb3529cd-scaled.png\",\"contentUrl\":\"https:\/\/voyage-aventure.com\/blog\/wp-content\/uploads\/2025\/05\/sdxl-77596acd36831c8922673f84fb3529cd-scaled.png\",\"width\":1200,\"height\":500},{\"@type\":\"WebSite\",\"@id\":\"https:\/\/voyage-aventure.com\/blog\/#website\",\"url\":\"https:\/\/voyage-aventure.com\/blog\/\",\"name\":\"voyage-aventure.com\",\"description\":\"Votre passeport pour l\u2019inattendu.\",\"publisher\":{\"@id\":\"https:\/\/voyage-aventure.com\/blog\/#organization\"},\"alternateName\":\"Votre passeport pour l\u2019inattendu.\",\"potentialAction\":[{\"@type\":\"SearchAction\",\"target\":{\"@type\":\"EntryPoint\",\"urlTemplate\":\"https:\/\/voyage-aventure.com\/blog\/?s={search_term_string}\"},\"query-input\":{\"@type\":\"PropertyValueSpecification\",\"valueRequired\":true,\"valueName\":\"search_term_string\"}}],\"inLanguage\":\"fr-FR\"},{\"@type\":\"Organization\",\"@id\":\"https:\/\/voyage-aventure.com\/blog\/#organization\",\"name\":\"Foretsensations.fr\",\"url\":\"https:\/\/voyage-aventure.com\/blog\/\",\"logo\":{\"@type\":\"ImageObject\",\"inLanguage\":\"fr-FR\",\"@id\":\"https:\/\/voyage-aventure.com\/blog\/#\/schema\/logo\/image\/\",\"url\":\"https:\/\/voyage-aventure.com\/blog\/wp-content\/uploads\/2024\/12\/19.png\",\"contentUrl\":\"https:\/\/voyage-aventure.com\/blog\/wp-content\/uploads\/2024\/12\/19.png\",\"width\":512,\"height\":512,\"caption\":\"Foretsensations.fr\"},\"image\":{\"@id\":\"https:\/\/voyage-aventure.com\/blog\/#\/schema\/logo\/image\/\"}},{\"@type\":\"Person\",\"@id\":\"https:\/\/voyage-aventure.com\/blog\/#\/schema\/person\/3c864cdc320801e3db34b663e7e3f816\",\"name\":\"Camille Rouvray\",\"image\":{\"@type\":\"ImageObject\",\"inLanguage\":\"fr-FR\",\"@id\":\"https:\/\/voyage-aventure.com\/blog\/#\/schema\/person\/image\/\",\"url\":\"https:\/\/voyage-aventure.com\/blog\/wp-content\/uploads\/2026\/06\/persona_camille-r-96x96.jpg\",\"contentUrl\":\"https:\/\/voyage-aventure.com\/blog\/wp-content\/uploads\/2026\/06\/persona_camille-r-96x96.jpg\",\"caption\":\"Camille Rouvray\"},\"description\":\"Je voyage et j'\u00e9cris sur le voyage depuis une douzaine d'ann\u00e9es, d'abord en tant que routarde au long cours, puis comme r\u00e9dactrice sp\u00e9cialis\u00e9e. Mon terrain de pr\u00e9dilection, ce sont les circuits organis\u00e9s et l'art de bien pr\u00e9parer un itin\u00e9raire : choix de la saison, dur\u00e9e r\u00e9aliste des \u00e9tapes, budget jour par jour, logement et transport sur place. J'aime aussi raconter les p\u00e9pites urbaines, ces adresses qu'on ne trouve pas dans les guides classiques. Avant de publier un dossier destination, je croise toujours plusieurs sources, je v\u00e9rifie les tarifs et les formalit\u00e9s d'entr\u00e9e \u00e0 jour, et je teste moi-m\u00eame quand je le peux. Mon angle reste pratique avant tout : aider le lecteur \u00e0 partir l'esprit tranquille, sans mauvaise surprise une fois sur place. Je m'attache \u00e0 distinguer le coup de c\u0153ur sinc\u00e8re du simple argument marketing.\",\"sameAs\":[\"https:\/\/camillerouvray.fr\/\"],\"url\":\"https:\/\/voyage-aventure.com\/blog\/auteur\/noname\/\"}]}<\/script>\n<!-- \/ Yoast SEO Premium plugin. -->","yoast_head_json":{"title":"La maire de La Nouvelle-Orl\u00e9ans attaque le conseil","description":"\u00c0 La Nouvelle-Orl\u00e9ans, une bataille juridique in\u00e9dite oppose la maire LaToya Cantrell au conseil municipal autour d'une ordonnance restreignant les","robots":{"index":"index","follow":"follow","max-snippet":"max-snippet:-1","max-image-preview":"max-image-preview:large","max-video-preview":"max-video-preview:-1"},"canonical":"https:\/\/voyage-aventure.com\/blog\/a-la-une\/la-maire-de-la-nouvelle-orleans-attaque-le-conseil-municipal-sur-le-bannissement-des-voyages\/","og_locale":"fr_FR","og_type":"article","og_title":"La maire de La Nouvelle-Orl\u00e9ans attaque le conseil","og_description":"\u00c0 La Nouvelle-Orl\u00e9ans, une bataille juridique in\u00e9dite oppose la maire LaToya Cantrell au conseil municipal autour d'une ordonnance restreignant les","og_url":"https:\/\/voyage-aventure.com\/blog\/a-la-une\/la-maire-de-la-nouvelle-orleans-attaque-le-conseil-municipal-sur-le-bannissement-des-voyages\/","og_site_name":"voyage-aventure","og_image":[{"width":1200,"height":500,"url":"https:\/\/voyage-aventure.com\/blog\/wp-content\/uploads\/2025\/05\/sdxl-77596acd36831c8922673f84fb3529cd-scaled.png","type":"image\/png"}],"author":"Camille Rouvray","twitter_card":"summary_large_image","schema":{"@context":"https:\/\/schema.org","@graph":[{"@type":"NewsArticle","@id":"https:\/\/voyage-aventure.com\/blog\/a-la-une\/la-maire-de-la-nouvelle-orleans-attaque-le-conseil-municipal-sur-le-bannissement-des-voyages\/#article","isPartOf":{"@id":"https:\/\/voyage-aventure.com\/blog\/a-la-une\/la-maire-de-la-nouvelle-orleans-attaque-le-conseil-municipal-sur-le-bannissement-des-voyages\/"},"author":{"name":"Camille Rouvray","@id":"https:\/\/voyage-aventure.com\/blog\/#\/schema\/person\/3c864cdc320801e3db34b663e7e3f816"},"headline":"La maire de La Nouvelle-Orl\u00e9ans attaque le conseil municipal sur le bannissement des voyages","datePublished":"2026-05-18T18:25:47+00:00","mainEntityOfPage":{"@id":"https:\/\/voyage-aventure.com\/blog\/a-la-une\/la-maire-de-la-nouvelle-orleans-attaque-le-conseil-municipal-sur-le-bannissement-des-voyages\/"},"wordCount":1713,"commentCount":28,"publisher":{"@id":"https:\/\/voyage-aventure.com\/blog\/#organization"},"image":{"@id":"https:\/\/voyage-aventure.com\/blog\/a-la-une\/la-maire-de-la-nouvelle-orleans-attaque-le-conseil-municipal-sur-le-bannissement-des-voyages\/#primaryimage"},"thumbnailUrl":"https:\/\/voyage-aventure.com\/blog\/wp-content\/uploads\/2025\/05\/sdxl-77596acd36831c8922673f84fb3529cd-scaled.png","keywords":["Destinations","\u00c9conomie","Responsabilit\u00e9 Politique","Voyage","Voyage \u00c9conomique"],"articleSection":["\u00c0 la une"],"inLanguage":"fr-FR","potentialAction":[{"@type":"CommentAction","name":"Comment","target":["https:\/\/voyage-aventure.com\/blog\/a-la-une\/la-maire-de-la-nouvelle-orleans-attaque-le-conseil-municipal-sur-le-bannissement-des-voyages\/#respond"]}]},{"@type":"WebPage","@id":"https:\/\/voyage-aventure.com\/blog\/a-la-une\/la-maire-de-la-nouvelle-orleans-attaque-le-conseil-municipal-sur-le-bannissement-des-voyages\/","url":"https:\/\/voyage-aventure.com\/blog\/a-la-une\/la-maire-de-la-nouvelle-orleans-attaque-le-conseil-municipal-sur-le-bannissement-des-voyages\/","name":"La maire de La Nouvelle-Orl\u00e9ans attaque le conseil","isPartOf":{"@id":"https:\/\/voyage-aventure.com\/blog\/#website"},"primaryImageOfPage":{"@id":"https:\/\/voyage-aventure.com\/blog\/a-la-une\/la-maire-de-la-nouvelle-orleans-attaque-le-conseil-municipal-sur-le-bannissement-des-voyages\/#primaryimage"},"image":{"@id":"https:\/\/voyage-aventure.com\/blog\/a-la-une\/la-maire-de-la-nouvelle-orleans-attaque-le-conseil-municipal-sur-le-bannissement-des-voyages\/#primaryimage"},"thumbnailUrl":"https:\/\/voyage-aventure.com\/blog\/wp-content\/uploads\/2025\/05\/sdxl-77596acd36831c8922673f84fb3529cd-scaled.png","datePublished":"2026-05-18T18:25:47+00:00","description":"\u00c0 La Nouvelle-Orl\u00e9ans, une bataille juridique in\u00e9dite oppose la maire LaToya Cantrell au conseil municipal autour d'une ordonnance restreignant les","inLanguage":"fr-FR","potentialAction":[{"@type":"ReadAction","target":["https:\/\/voyage-aventure.com\/blog\/a-la-une\/la-maire-de-la-nouvelle-orleans-attaque-le-conseil-municipal-sur-le-bannissement-des-voyages\/"]}]},{"@type":"ImageObject","inLanguage":"fr-FR","@id":"https:\/\/voyage-aventure.com\/blog\/a-la-une\/la-maire-de-la-nouvelle-orleans-attaque-le-conseil-municipal-sur-le-bannissement-des-voyages\/#primaryimage","url":"https:\/\/voyage-aventure.com\/blog\/wp-content\/uploads\/2025\/05\/sdxl-77596acd36831c8922673f84fb3529cd-scaled.png","contentUrl":"https:\/\/voyage-aventure.com\/blog\/wp-content\/uploads\/2025\/05\/sdxl-77596acd36831c8922673f84fb3529cd-scaled.png","width":1200,"height":500},{"@type":"WebSite","@id":"https:\/\/voyage-aventure.com\/blog\/#website","url":"https:\/\/voyage-aventure.com\/blog\/","name":"voyage-aventure.com","description":"Votre passeport pour l\u2019inattendu.","publisher":{"@id":"https:\/\/voyage-aventure.com\/blog\/#organization"},"alternateName":"Votre passeport pour l\u2019inattendu.","potentialAction":[{"@type":"SearchAction","target":{"@type":"EntryPoint","urlTemplate":"https:\/\/voyage-aventure.com\/blog\/?s={search_term_string}"},"query-input":{"@type":"PropertyValueSpecification","valueRequired":true,"valueName":"search_term_string"}}],"inLanguage":"fr-FR"},{"@type":"Organization","@id":"https:\/\/voyage-aventure.com\/blog\/#organization","name":"Foretsensations.fr","url":"https:\/\/voyage-aventure.com\/blog\/","logo":{"@type":"ImageObject","inLanguage":"fr-FR","@id":"https:\/\/voyage-aventure.com\/blog\/#\/schema\/logo\/image\/","url":"https:\/\/voyage-aventure.com\/blog\/wp-content\/uploads\/2024\/12\/19.png","contentUrl":"https:\/\/voyage-aventure.com\/blog\/wp-content\/uploads\/2024\/12\/19.png","width":512,"height":512,"caption":"Foretsensations.fr"},"image":{"@id":"https:\/\/voyage-aventure.com\/blog\/#\/schema\/logo\/image\/"}},{"@type":"Person","@id":"https:\/\/voyage-aventure.com\/blog\/#\/schema\/person\/3c864cdc320801e3db34b663e7e3f816","name":"Camille Rouvray","image":{"@type":"ImageObject","inLanguage":"fr-FR","@id":"https:\/\/voyage-aventure.com\/blog\/#\/schema\/person\/image\/","url":"https:\/\/voyage-aventure.com\/blog\/wp-content\/uploads\/2026\/06\/persona_camille-r-96x96.jpg","contentUrl":"https:\/\/voyage-aventure.com\/blog\/wp-content\/uploads\/2026\/06\/persona_camille-r-96x96.jpg","caption":"Camille Rouvray"},"description":"Je voyage et j'\u00e9cris sur le voyage depuis une douzaine d'ann\u00e9es, d'abord en tant que routarde au long cours, puis comme r\u00e9dactrice sp\u00e9cialis\u00e9e. Mon terrain de pr\u00e9dilection, ce sont les circuits organis\u00e9s et l'art de bien pr\u00e9parer un itin\u00e9raire : choix de la saison, dur\u00e9e r\u00e9aliste des \u00e9tapes, budget jour par jour, logement et transport sur place. J'aime aussi raconter les p\u00e9pites urbaines, ces adresses qu'on ne trouve pas dans les guides classiques. Avant de publier un dossier destination, je croise toujours plusieurs sources, je v\u00e9rifie les tarifs et les formalit\u00e9s d'entr\u00e9e \u00e0 jour, et je teste moi-m\u00eame quand je le peux. Mon angle reste pratique avant tout : aider le lecteur \u00e0 partir l'esprit tranquille, sans mauvaise surprise une fois sur place. Je m'attache \u00e0 distinguer le coup de c\u0153ur sinc\u00e8re du simple argument marketing.","sameAs":["https:\/\/camillerouvray.fr\/"],"url":"https:\/\/voyage-aventure.com\/blog\/auteur\/noname\/"}]}},"_links":{"self":[{"href":"https:\/\/voyage-aventure.com\/blog\/wp-json\/wp\/v2\/posts\/15532","targetHints":{"allow":["GET"]}}],"collection":[{"href":"https:\/\/voyage-aventure.com\/blog\/wp-json\/wp\/v2\/posts"}],"about":[{"href":"https:\/\/voyage-aventure.com\/blog\/wp-json\/wp\/v2\/types\/post"}],"author":[{"embeddable":true,"href":"https:\/\/voyage-aventure.com\/blog\/wp-json\/wp\/v2\/users\/34"}],"replies":[{"embeddable":true,"href":"https:\/\/voyage-aventure.com\/blog\/wp-json\/wp\/v2\/comments?post=15532"}],"version-history":[{"count":2,"href":"https:\/\/voyage-aventure.com\/blog\/wp-json\/wp\/v2\/posts\/15532\/revisions"}],"predecessor-version":[{"id":21177,"href":"https:\/\/voyage-aventure.com\/blog\/wp-json\/wp\/v2\/posts\/15532\/revisions\/21177"}],"wp:featuredmedia":[{"embeddable":true,"href":"https:\/\/voyage-aventure.com\/blog\/wp-json\/wp\/v2\/media\/19727"}],"wp:attachment":[{"href":"https:\/\/voyage-aventure.com\/blog\/wp-json\/wp\/v2\/media?parent=15532"}],"wp:term":[{"taxonomy":"category","embeddable":true,"href":"https:\/\/voyage-aventure.com\/blog\/wp-json\/wp\/v2\/categories?post=15532"},{"taxonomy":"post_tag","embeddable":true,"href":"https:\/\/voyage-aventure.com\/blog\/wp-json\/wp\/v2\/tags?post=15532"}],"curies":[{"name":"wp","href":"https:\/\/api.w.org\/{rel}","templated":true}]}}