{"id":15531,"date":"2025-03-19T22:55:22","date_gmt":"2025-03-19T21:55:22","guid":{"rendered":"https:\/\/voyage-aventure.com\/blog\/?p=15531"},"modified":"2025-03-19T02:53:57","modified_gmt":"2025-03-19T01:53:57","slug":"voyage-dans-le-temps-en-famille-au-coeur-de-la-macedoine-un-periple-inoubliable","status":"publish","type":"post","link":"https:\/\/voyage-aventure.com\/blog\/a-la-une\/voyage-dans-le-temps-en-famille-au-coeur-de-la-macedoine-un-periple-inoubliable\/","title":{"rendered":"Voyage dans le temps en famille au c\u0153ur de la Mac\u00e9doine : un p\u00e9riple inoubliable"},"content":{"rendered":"<h2>Une aventure m\u00e9morable \u00e0 Ohrid<\/h2>\n<p>Lorsque nous avons d\u00e9cid\u00e9 de visiter cette r\u00e9gion, nous savions que nous allions vivre une exp\u00e9rience unique, entre culture et d\u00e9couvertes. La ville, perch\u00e9e au bord du lac Ohrid, nous a accueillis sous un ciel mena\u00e7ant, mais cela n&rsquo;a pas entam\u00e9 notre enthousiasme.<\/p>\n<p>Nous avons commenc\u00e9 notre voyage par une visite \u00e0 l&rsquo;\u00e9glise Sveti Jovan Kaneo, un chef-d&rsquo;\u0153uvre du XIIIe si\u00e8cle. Malgr\u00e9 la pluie battante, notre d\u00e9termination \u00e0 d\u00e9couvrir ce tr\u00e9sor architectural ne faiblissait pas. Lorsque nous avons enfin franchi les portes de l&rsquo;\u00e9glise, la beaut\u00e9 int\u00e9rieure a pris le pas sur le mauvais temps ext\u00e9rieur.<\/p>\n<h2>\u00c0 la d\u00e9couverte de l&rsquo;histoire et de la culture<\/h2>\n<p>Ohrid est souvent surnomm\u00e9e la J\u00e9rusalem des Balkans en raison de ses nombreuses \u00e9glises historiques. En effet, la ville aurait abrit\u00e9 autrefois 365 \u00e9glises, une pour chaque jour de l&rsquo;ann\u00e9e. Nous avons admir\u00e9 les fresques et les ic\u00f4nes dor\u00e9es qui ornent les murs de l&rsquo;\u00e9glise, r\u00e9v\u00e9lant des histoires bibliques captivantes.<\/p>\n<p>En se promenant dans les rues pav\u00e9es, nous avons \u00e9galement visit\u00e9 l&rsquo;atelier national de fabrication de papier. Cette tradition, pratiqu\u00e9e par des moines au XVIe si\u00e8cle, a fascin\u00e9 nos enfants, qui ont eu la chance de voir le processus de cr\u00e9ation du papier. Cette exp\u00e9rience \u00e9ducative a \u00e9t\u00e9 compl\u00e9t\u00e9e par un d\u00e9licieux gelato dans le bazar ottoman, un v\u00e9ritable r\u00e9gal pour nos papilles.<\/p>\n<p><iframe loading=\"lazy\" title=\"26 ~ Turquie 4 ~ Retour de l&#039;hiver dans la r\u00e9gion des grands lacs [A V\u00e9lo] ~ #VOYAGE\" width=\"1200\" height=\"675\" src=\"https:\/\/www.youtube.com\/embed\/rV1qTHw1XMc?feature=oembed\" frameborder=\"0\" allow=\"accelerometer; autoplay; clipboard-write; encrypted-media; gyroscope; picture-in-picture; web-share\" referrerpolicy=\"strict-origin-when-cross-origin\" allowfullscreen><\/iframe><\/p>\n<h2>Exploration du lac Ohrid et de ses d\u00e9lices culinaires<\/h2>\n<p>Le lendemain, nous avons d\u00e9cid\u00e9 de naviguer sur le lac Ohrid pour d\u00e9couvrir ses merveilles. Malheureusement, les conditions m\u00e9t\u00e9orologiques ne jouaient pas en notre faveur, et nous avons d\u00fb faire appel \u00e0 une compagnie de tourisme pour organiser notre sortie. Malgr\u00e9 les incertitudes, nous avons \u00e9t\u00e9 accueillis par un guide enthousiaste qui nous a promis une journ\u00e9e ensoleill\u00e9e.<\/p>\n<p>Au cours de notre excursion, nous avons eu la chance de d\u00e9guster des plats typiques de la r\u00e9gion, notamment du poisson fra\u00eechement p\u00each\u00e9. Le restaurant o\u00f9 nous avons d\u00e9jeun\u00e9 nous a \u00e9merveill\u00e9s avec ses plats de truite grill\u00e9e, accompagn\u00e9e de salades juteuses et de la fameuse tav\u010de grav\u010de. Le go\u00fbt authentique de la cuisine mac\u00e9donienne a ravi toute la famille.<\/p>\n<blockquote><p>\n  \u00ab Les souvenirs sont pr\u00e9cieux, et chaque moment pass\u00e9 ici en est un. \u00bb\n<\/p><\/blockquote>\n<h2>Un voyage au-del\u00e0 des fronti\u00e8res<\/h2>\n<p>Notre aventure ne s&rsquo;est pas arr\u00eat\u00e9e \u00e0 Ohrid. Apr\u00e8s quelques jours pass\u00e9s dans cette belle ville, nous avons d\u00e9cid\u00e9 de traverser la fronti\u00e8re pour explorer l&rsquo;Albanie voisine. Sur le chemin, nous avons fait un arr\u00eat au village d&rsquo;Elshani, o\u00f9 les enfants ont pu faire une balade \u00e0 dos d&rsquo;\u00e2ne, une exp\u00e9rience qu&rsquo;ils n&rsquo;oublieront jamais.<\/p>\n<p>La vue depuis les hauteurs \u00e9tait \u00e0 couper le souffle, avec le lac scintillant en contrebas. Nous avons pris un moment pour appr\u00e9cier la beaut\u00e9 naturelle qui nous entourait et nous rappeler les paroles du pr\u00eatre \u00e0 l&rsquo;\u00e9glise : chaque souvenir compte. Ce voyage en famille nous a permis de cr\u00e9er des liens et de partager des moments inoubliables.<\/p>\n<ul>\n<li>Visite de l&rsquo;\u00e9glise Sveti Jovan Kaneo<\/li>\n<li>D\u00e9couverte de l&rsquo;atelier de fabrication de papier<\/li>\n<li>Excursion en bateau sur le lac Ohrid<\/li>\n<li>D\u00e9gustation de plats traditionnels<\/li>\n<li>Balade \u00e0 dos d&rsquo;\u00e2ne \u00e0 Elshani<\/li>\n<\/ul>\n<p>Ce nouvel article pr\u00e9sente de mani\u00e8re originale et engageante l&rsquo;exp\u00e9rience de voyage \u00e0 Ohrid, tout en respectant la structure demand\u00e9e.<\/p>\n","protected":false},"excerpt":{"rendered":"","protected":false},"author":34,"featured_media":19704,"comment_status":"open","ping_status":"open","sticky":false,"template":"","format":"standard","meta":{"_acf_changed":false,"manual_indexmenow":false,"indexmenow_id_project":0,"footnotes":""},"categories":[1],"tags":[4538,4639,4527,4530,4535],"class_list":["post-15531","post","type-post","status-publish","format-standard","has-post-thumbnail","hentry","category-a-la-une","tag-activites-variees","tag-aventure","tag-decouverte-culturelle","tag-escapade-en-europe","tag-gastronomie-locale","generate-columns","tablet-grid-50","mobile-grid-100","grid-parent","grid-25"],"acf":[],"yoast_head":"<!-- This site is optimized with the Yoast SEO Premium plugin v21.3 (Yoast SEO v25.1) - https:\/\/yoast.com\/wordpress\/plugins\/seo\/ -->\n<title>Voyage dans le temps en famille au c\u0153ur de la Mac\u00e9doine<\/title>\n<meta name=\"description\" content=\"Lorsque nous avons d\u00e9cid\u00e9 de visiter cette r\u00e9gion, nous savions que nous allions vivre une exp\u00e9rience unique, entre culture et d\u00e9couvertes. La ville\" \/>\n<meta name=\"robots\" content=\"index, follow, max-snippet:-1, max-image-preview:large, max-video-preview:-1\" \/>\n<link rel=\"canonical\" href=\"https:\/\/voyage-aventure.com\/blog\/a-la-une\/voyage-dans-le-temps-en-famille-au-coeur-de-la-macedoine-un-periple-inoubliable\/\" \/>\n<meta property=\"og:locale\" content=\"fr_FR\" \/>\n<meta property=\"og:type\" content=\"article\" \/>\n<meta property=\"og:title\" content=\"Voyage dans le temps en famille au c\u0153ur de la Mac\u00e9doine\" \/>\n<meta property=\"og:description\" content=\"Lorsque nous avons d\u00e9cid\u00e9 de visiter cette r\u00e9gion, nous savions que nous allions vivre une exp\u00e9rience unique, entre culture et d\u00e9couvertes. La ville\" \/>\n<meta property=\"og:url\" content=\"https:\/\/voyage-aventure.com\/blog\/a-la-une\/voyage-dans-le-temps-en-famille-au-coeur-de-la-macedoine-un-periple-inoubliable\/\" \/>\n<meta property=\"og:site_name\" content=\"voyage-aventure\" \/>\n<meta property=\"og:image\" content=\"https:\/\/voyage-aventure.com\/blog\/wp-content\/uploads\/2025\/05\/sdxl-65b8c6368f0f30c77a9af3f70a486b9c-scaled.png\" \/>\n\t<meta property=\"og:image:width\" content=\"1200\" \/>\n\t<meta property=\"og:image:height\" content=\"500\" \/>\n\t<meta property=\"og:image:type\" content=\"image\/png\" \/>\n<meta name=\"author\" content=\"Camille Rouvray\" \/>\n<meta name=\"twitter:card\" content=\"summary_large_image\" \/>\n<script type=\"application\/ld+json\" class=\"yoast-schema-graph\">{\"@context\":\"https:\/\/schema.org\",\"@graph\":[{\"@type\":\"NewsArticle\",\"@id\":\"https:\/\/voyage-aventure.com\/blog\/a-la-une\/voyage-dans-le-temps-en-famille-au-coeur-de-la-macedoine-un-periple-inoubliable\/#article\",\"isPartOf\":{\"@id\":\"https:\/\/voyage-aventure.com\/blog\/a-la-une\/voyage-dans-le-temps-en-famille-au-coeur-de-la-macedoine-un-periple-inoubliable\/\"},\"author\":{\"name\":\"Camille Rouvray\",\"@id\":\"https:\/\/voyage-aventure.com\/blog\/#\/schema\/person\/3c864cdc320801e3db34b663e7e3f816\"},\"headline\":\"Voyage dans le temps en famille au c\u0153ur de la Mac\u00e9doine : un p\u00e9riple inoubliable\",\"datePublished\":\"2025-03-19T21:55:22+00:00\",\"mainEntityOfPage\":{\"@id\":\"https:\/\/voyage-aventure.com\/blog\/a-la-une\/voyage-dans-le-temps-en-famille-au-coeur-de-la-macedoine-un-periple-inoubliable\/\"},\"wordCount\":627,\"commentCount\":29,\"publisher\":{\"@id\":\"https:\/\/voyage-aventure.com\/blog\/#organization\"},\"image\":{\"@id\":\"https:\/\/voyage-aventure.com\/blog\/a-la-une\/voyage-dans-le-temps-en-famille-au-coeur-de-la-macedoine-un-periple-inoubliable\/#primaryimage\"},\"thumbnailUrl\":\"https:\/\/voyage-aventure.com\/blog\/wp-content\/uploads\/2025\/05\/sdxl-65b8c6368f0f30c77a9af3f70a486b9c-scaled.png\",\"keywords\":[\"Activit\u00e9s Vari\u00e9es\",\"Aventure\",\"D\u00e9couverte Culturelle\",\"Escapade en Europe\",\"Gastronomie Locale\"],\"articleSection\":[\"\u00c0 la une\"],\"inLanguage\":\"fr-FR\",\"potentialAction\":[{\"@type\":\"CommentAction\",\"name\":\"Comment\",\"target\":[\"https:\/\/voyage-aventure.com\/blog\/a-la-une\/voyage-dans-le-temps-en-famille-au-coeur-de-la-macedoine-un-periple-inoubliable\/#respond\"]}]},{\"@type\":\"WebPage\",\"@id\":\"https:\/\/voyage-aventure.com\/blog\/a-la-une\/voyage-dans-le-temps-en-famille-au-coeur-de-la-macedoine-un-periple-inoubliable\/\",\"url\":\"https:\/\/voyage-aventure.com\/blog\/a-la-une\/voyage-dans-le-temps-en-famille-au-coeur-de-la-macedoine-un-periple-inoubliable\/\",\"name\":\"Voyage dans le temps en famille au c\u0153ur de la Mac\u00e9doine\",\"isPartOf\":{\"@id\":\"https:\/\/voyage-aventure.com\/blog\/#website\"},\"primaryImageOfPage\":{\"@id\":\"https:\/\/voyage-aventure.com\/blog\/a-la-une\/voyage-dans-le-temps-en-famille-au-coeur-de-la-macedoine-un-periple-inoubliable\/#primaryimage\"},\"image\":{\"@id\":\"https:\/\/voyage-aventure.com\/blog\/a-la-une\/voyage-dans-le-temps-en-famille-au-coeur-de-la-macedoine-un-periple-inoubliable\/#primaryimage\"},\"thumbnailUrl\":\"https:\/\/voyage-aventure.com\/blog\/wp-content\/uploads\/2025\/05\/sdxl-65b8c6368f0f30c77a9af3f70a486b9c-scaled.png\",\"datePublished\":\"2025-03-19T21:55:22+00:00\",\"description\":\"Lorsque nous avons d\u00e9cid\u00e9 de visiter cette r\u00e9gion, nous savions que nous allions vivre une exp\u00e9rience unique, entre culture et d\u00e9couvertes. La ville\",\"inLanguage\":\"fr-FR\",\"potentialAction\":[{\"@type\":\"ReadAction\",\"target\":[\"https:\/\/voyage-aventure.com\/blog\/a-la-une\/voyage-dans-le-temps-en-famille-au-coeur-de-la-macedoine-un-periple-inoubliable\/\"]}]},{\"@type\":\"ImageObject\",\"inLanguage\":\"fr-FR\",\"@id\":\"https:\/\/voyage-aventure.com\/blog\/a-la-une\/voyage-dans-le-temps-en-famille-au-coeur-de-la-macedoine-un-periple-inoubliable\/#primaryimage\",\"url\":\"https:\/\/voyage-aventure.com\/blog\/wp-content\/uploads\/2025\/05\/sdxl-65b8c6368f0f30c77a9af3f70a486b9c-scaled.png\",\"contentUrl\":\"https:\/\/voyage-aventure.com\/blog\/wp-content\/uploads\/2025\/05\/sdxl-65b8c6368f0f30c77a9af3f70a486b9c-scaled.png\",\"width\":1200,\"height\":500},{\"@type\":\"WebSite\",\"@id\":\"https:\/\/voyage-aventure.com\/blog\/#website\",\"url\":\"https:\/\/voyage-aventure.com\/blog\/\",\"name\":\"voyage-aventure.com\",\"description\":\"Votre passeport pour l\u2019inattendu.\",\"publisher\":{\"@id\":\"https:\/\/voyage-aventure.com\/blog\/#organization\"},\"alternateName\":\"Votre passeport pour l\u2019inattendu.\",\"potentialAction\":[{\"@type\":\"SearchAction\",\"target\":{\"@type\":\"EntryPoint\",\"urlTemplate\":\"https:\/\/voyage-aventure.com\/blog\/?s={search_term_string}\"},\"query-input\":{\"@type\":\"PropertyValueSpecification\",\"valueRequired\":true,\"valueName\":\"search_term_string\"}}],\"inLanguage\":\"fr-FR\"},{\"@type\":\"Organization\",\"@id\":\"https:\/\/voyage-aventure.com\/blog\/#organization\",\"name\":\"Foretsensations.fr\",\"url\":\"https:\/\/voyage-aventure.com\/blog\/\",\"logo\":{\"@type\":\"ImageObject\",\"inLanguage\":\"fr-FR\",\"@id\":\"https:\/\/voyage-aventure.com\/blog\/#\/schema\/logo\/image\/\",\"url\":\"https:\/\/voyage-aventure.com\/blog\/wp-content\/uploads\/2024\/12\/19.png\",\"contentUrl\":\"https:\/\/voyage-aventure.com\/blog\/wp-content\/uploads\/2024\/12\/19.png\",\"width\":512,\"height\":512,\"caption\":\"Foretsensations.fr\"},\"image\":{\"@id\":\"https:\/\/voyage-aventure.com\/blog\/#\/schema\/logo\/image\/\"}},{\"@type\":\"Person\",\"@id\":\"https:\/\/voyage-aventure.com\/blog\/#\/schema\/person\/3c864cdc320801e3db34b663e7e3f816\",\"name\":\"Camille Rouvray\",\"image\":{\"@type\":\"ImageObject\",\"inLanguage\":\"fr-FR\",\"@id\":\"https:\/\/voyage-aventure.com\/blog\/#\/schema\/person\/image\/\",\"url\":\"https:\/\/voyage-aventure.com\/blog\/wp-content\/uploads\/2026\/06\/persona_camille-r-96x96.jpg\",\"contentUrl\":\"https:\/\/voyage-aventure.com\/blog\/wp-content\/uploads\/2026\/06\/persona_camille-r-96x96.jpg\",\"caption\":\"Camille Rouvray\"},\"description\":\"Je voyage et j'\u00e9cris sur le voyage depuis une douzaine d'ann\u00e9es, d'abord en tant que routarde au long cours, puis comme r\u00e9dactrice sp\u00e9cialis\u00e9e. Mon terrain de pr\u00e9dilection, ce sont les circuits organis\u00e9s et l'art de bien pr\u00e9parer un itin\u00e9raire : choix de la saison, dur\u00e9e r\u00e9aliste des \u00e9tapes, budget jour par jour, logement et transport sur place. J'aime aussi raconter les p\u00e9pites urbaines, ces adresses qu'on ne trouve pas dans les guides classiques. Avant de publier un dossier destination, je croise toujours plusieurs sources, je v\u00e9rifie les tarifs et les formalit\u00e9s d'entr\u00e9e \u00e0 jour, et je teste moi-m\u00eame quand je le peux. Mon angle reste pratique avant tout : aider le lecteur \u00e0 partir l'esprit tranquille, sans mauvaise surprise une fois sur place. Je m'attache \u00e0 distinguer le coup de c\u0153ur sinc\u00e8re du simple argument marketing.\",\"sameAs\":[\"https:\/\/camillerouvray.fr\/\"],\"url\":\"https:\/\/voyage-aventure.com\/blog\/auteur\/noname\/\"}]}<\/script>\n<!-- \/ Yoast SEO Premium plugin. -->","yoast_head_json":{"title":"Voyage dans le temps en famille au c\u0153ur de la Mac\u00e9doine","description":"Lorsque nous avons d\u00e9cid\u00e9 de visiter cette r\u00e9gion, nous savions que nous allions vivre une exp\u00e9rience unique, entre culture et d\u00e9couvertes. La ville","robots":{"index":"index","follow":"follow","max-snippet":"max-snippet:-1","max-image-preview":"max-image-preview:large","max-video-preview":"max-video-preview:-1"},"canonical":"https:\/\/voyage-aventure.com\/blog\/a-la-une\/voyage-dans-le-temps-en-famille-au-coeur-de-la-macedoine-un-periple-inoubliable\/","og_locale":"fr_FR","og_type":"article","og_title":"Voyage dans le temps en famille au c\u0153ur de la Mac\u00e9doine","og_description":"Lorsque nous avons d\u00e9cid\u00e9 de visiter cette r\u00e9gion, nous savions que nous allions vivre une exp\u00e9rience unique, entre culture et d\u00e9couvertes. La ville","og_url":"https:\/\/voyage-aventure.com\/blog\/a-la-une\/voyage-dans-le-temps-en-famille-au-coeur-de-la-macedoine-un-periple-inoubliable\/","og_site_name":"voyage-aventure","og_image":[{"width":1200,"height":500,"url":"https:\/\/voyage-aventure.com\/blog\/wp-content\/uploads\/2025\/05\/sdxl-65b8c6368f0f30c77a9af3f70a486b9c-scaled.png","type":"image\/png"}],"author":"Camille Rouvray","twitter_card":"summary_large_image","schema":{"@context":"https:\/\/schema.org","@graph":[{"@type":"NewsArticle","@id":"https:\/\/voyage-aventure.com\/blog\/a-la-une\/voyage-dans-le-temps-en-famille-au-coeur-de-la-macedoine-un-periple-inoubliable\/#article","isPartOf":{"@id":"https:\/\/voyage-aventure.com\/blog\/a-la-une\/voyage-dans-le-temps-en-famille-au-coeur-de-la-macedoine-un-periple-inoubliable\/"},"author":{"name":"Camille Rouvray","@id":"https:\/\/voyage-aventure.com\/blog\/#\/schema\/person\/3c864cdc320801e3db34b663e7e3f816"},"headline":"Voyage dans le temps en famille au c\u0153ur de la Mac\u00e9doine : un p\u00e9riple inoubliable","datePublished":"2025-03-19T21:55:22+00:00","mainEntityOfPage":{"@id":"https:\/\/voyage-aventure.com\/blog\/a-la-une\/voyage-dans-le-temps-en-famille-au-coeur-de-la-macedoine-un-periple-inoubliable\/"},"wordCount":627,"commentCount":29,"publisher":{"@id":"https:\/\/voyage-aventure.com\/blog\/#organization"},"image":{"@id":"https:\/\/voyage-aventure.com\/blog\/a-la-une\/voyage-dans-le-temps-en-famille-au-coeur-de-la-macedoine-un-periple-inoubliable\/#primaryimage"},"thumbnailUrl":"https:\/\/voyage-aventure.com\/blog\/wp-content\/uploads\/2025\/05\/sdxl-65b8c6368f0f30c77a9af3f70a486b9c-scaled.png","keywords":["Activit\u00e9s Vari\u00e9es","Aventure","D\u00e9couverte Culturelle","Escapade en Europe","Gastronomie Locale"],"articleSection":["\u00c0 la une"],"inLanguage":"fr-FR","potentialAction":[{"@type":"CommentAction","name":"Comment","target":["https:\/\/voyage-aventure.com\/blog\/a-la-une\/voyage-dans-le-temps-en-famille-au-coeur-de-la-macedoine-un-periple-inoubliable\/#respond"]}]},{"@type":"WebPage","@id":"https:\/\/voyage-aventure.com\/blog\/a-la-une\/voyage-dans-le-temps-en-famille-au-coeur-de-la-macedoine-un-periple-inoubliable\/","url":"https:\/\/voyage-aventure.com\/blog\/a-la-une\/voyage-dans-le-temps-en-famille-au-coeur-de-la-macedoine-un-periple-inoubliable\/","name":"Voyage dans le temps en famille au c\u0153ur de la Mac\u00e9doine","isPartOf":{"@id":"https:\/\/voyage-aventure.com\/blog\/#website"},"primaryImageOfPage":{"@id":"https:\/\/voyage-aventure.com\/blog\/a-la-une\/voyage-dans-le-temps-en-famille-au-coeur-de-la-macedoine-un-periple-inoubliable\/#primaryimage"},"image":{"@id":"https:\/\/voyage-aventure.com\/blog\/a-la-une\/voyage-dans-le-temps-en-famille-au-coeur-de-la-macedoine-un-periple-inoubliable\/#primaryimage"},"thumbnailUrl":"https:\/\/voyage-aventure.com\/blog\/wp-content\/uploads\/2025\/05\/sdxl-65b8c6368f0f30c77a9af3f70a486b9c-scaled.png","datePublished":"2025-03-19T21:55:22+00:00","description":"Lorsque nous avons d\u00e9cid\u00e9 de visiter cette r\u00e9gion, nous savions que nous allions vivre une exp\u00e9rience unique, entre culture et d\u00e9couvertes. La ville","inLanguage":"fr-FR","potentialAction":[{"@type":"ReadAction","target":["https:\/\/voyage-aventure.com\/blog\/a-la-une\/voyage-dans-le-temps-en-famille-au-coeur-de-la-macedoine-un-periple-inoubliable\/"]}]},{"@type":"ImageObject","inLanguage":"fr-FR","@id":"https:\/\/voyage-aventure.com\/blog\/a-la-une\/voyage-dans-le-temps-en-famille-au-coeur-de-la-macedoine-un-periple-inoubliable\/#primaryimage","url":"https:\/\/voyage-aventure.com\/blog\/wp-content\/uploads\/2025\/05\/sdxl-65b8c6368f0f30c77a9af3f70a486b9c-scaled.png","contentUrl":"https:\/\/voyage-aventure.com\/blog\/wp-content\/uploads\/2025\/05\/sdxl-65b8c6368f0f30c77a9af3f70a486b9c-scaled.png","width":1200,"height":500},{"@type":"WebSite","@id":"https:\/\/voyage-aventure.com\/blog\/#website","url":"https:\/\/voyage-aventure.com\/blog\/","name":"voyage-aventure.com","description":"Votre passeport pour l\u2019inattendu.","publisher":{"@id":"https:\/\/voyage-aventure.com\/blog\/#organization"},"alternateName":"Votre passeport pour l\u2019inattendu.","potentialAction":[{"@type":"SearchAction","target":{"@type":"EntryPoint","urlTemplate":"https:\/\/voyage-aventure.com\/blog\/?s={search_term_string}"},"query-input":{"@type":"PropertyValueSpecification","valueRequired":true,"valueName":"search_term_string"}}],"inLanguage":"fr-FR"},{"@type":"Organization","@id":"https:\/\/voyage-aventure.com\/blog\/#organization","name":"Foretsensations.fr","url":"https:\/\/voyage-aventure.com\/blog\/","logo":{"@type":"ImageObject","inLanguage":"fr-FR","@id":"https:\/\/voyage-aventure.com\/blog\/#\/schema\/logo\/image\/","url":"https:\/\/voyage-aventure.com\/blog\/wp-content\/uploads\/2024\/12\/19.png","contentUrl":"https:\/\/voyage-aventure.com\/blog\/wp-content\/uploads\/2024\/12\/19.png","width":512,"height":512,"caption":"Foretsensations.fr"},"image":{"@id":"https:\/\/voyage-aventure.com\/blog\/#\/schema\/logo\/image\/"}},{"@type":"Person","@id":"https:\/\/voyage-aventure.com\/blog\/#\/schema\/person\/3c864cdc320801e3db34b663e7e3f816","name":"Camille Rouvray","image":{"@type":"ImageObject","inLanguage":"fr-FR","@id":"https:\/\/voyage-aventure.com\/blog\/#\/schema\/person\/image\/","url":"https:\/\/voyage-aventure.com\/blog\/wp-content\/uploads\/2026\/06\/persona_camille-r-96x96.jpg","contentUrl":"https:\/\/voyage-aventure.com\/blog\/wp-content\/uploads\/2026\/06\/persona_camille-r-96x96.jpg","caption":"Camille Rouvray"},"description":"Je voyage et j'\u00e9cris sur le voyage depuis une douzaine d'ann\u00e9es, d'abord en tant que routarde au long cours, puis comme r\u00e9dactrice sp\u00e9cialis\u00e9e. Mon terrain de pr\u00e9dilection, ce sont les circuits organis\u00e9s et l'art de bien pr\u00e9parer un itin\u00e9raire : choix de la saison, dur\u00e9e r\u00e9aliste des \u00e9tapes, budget jour par jour, logement et transport sur place. J'aime aussi raconter les p\u00e9pites urbaines, ces adresses qu'on ne trouve pas dans les guides classiques. Avant de publier un dossier destination, je croise toujours plusieurs sources, je v\u00e9rifie les tarifs et les formalit\u00e9s d'entr\u00e9e \u00e0 jour, et je teste moi-m\u00eame quand je le peux. Mon angle reste pratique avant tout : aider le lecteur \u00e0 partir l'esprit tranquille, sans mauvaise surprise une fois sur place. Je m'attache \u00e0 distinguer le coup de c\u0153ur sinc\u00e8re du simple argument marketing.","sameAs":["https:\/\/camillerouvray.fr\/"],"url":"https:\/\/voyage-aventure.com\/blog\/auteur\/noname\/"}]}},"_links":{"self":[{"href":"https:\/\/voyage-aventure.com\/blog\/wp-json\/wp\/v2\/posts\/15531","targetHints":{"allow":["GET"]}}],"collection":[{"href":"https:\/\/voyage-aventure.com\/blog\/wp-json\/wp\/v2\/posts"}],"about":[{"href":"https:\/\/voyage-aventure.com\/blog\/wp-json\/wp\/v2\/types\/post"}],"author":[{"embeddable":true,"href":"https:\/\/voyage-aventure.com\/blog\/wp-json\/wp\/v2\/users\/34"}],"replies":[{"embeddable":true,"href":"https:\/\/voyage-aventure.com\/blog\/wp-json\/wp\/v2\/comments?post=15531"}],"version-history":[{"count":1,"href":"https:\/\/voyage-aventure.com\/blog\/wp-json\/wp\/v2\/posts\/15531\/revisions"}],"predecessor-version":[{"id":15672,"href":"https:\/\/voyage-aventure.com\/blog\/wp-json\/wp\/v2\/posts\/15531\/revisions\/15672"}],"wp:featuredmedia":[{"embeddable":true,"href":"https:\/\/voyage-aventure.com\/blog\/wp-json\/wp\/v2\/media\/19704"}],"wp:attachment":[{"href":"https:\/\/voyage-aventure.com\/blog\/wp-json\/wp\/v2\/media?parent=15531"}],"wp:term":[{"taxonomy":"category","embeddable":true,"href":"https:\/\/voyage-aventure.com\/blog\/wp-json\/wp\/v2\/categories?post=15531"},{"taxonomy":"post_tag","embeddable":true,"href":"https:\/\/voyage-aventure.com\/blog\/wp-json\/wp\/v2\/tags?post=15531"}],"curies":[{"name":"wp","href":"https:\/\/api.w.org\/{rel}","templated":true}]}}