{"id":15530,"date":"2025-03-19T09:19:11","date_gmt":"2025-03-19T08:19:11","guid":{"rendered":"https:\/\/voyage-aventure.com\/blog\/?p=15530"},"modified":"2025-03-19T02:53:24","modified_gmt":"2025-03-19T01:53:24","slug":"comprendre-les-nouvelles-restrictions-de-voyage-proposees-par-ladministration-trump","status":"publish","type":"post","link":"https:\/\/voyage-aventure.com\/blog\/a-la-une\/comprendre-les-nouvelles-restrictions-de-voyage-proposees-par-ladministration-trump\/","title":{"rendered":"Comprendre les nouvelles restrictions de voyage propos\u00e9es par l&rsquo;administration Trump"},"content":{"rendered":"<h2>Une nouvelle \u00e8re de restrictions de voyage<\/h2>\n<p>Cette initiative vise \u00e0 renforcer les proc\u00e9dures de v\u00e9rification pour les citoyens des nations jug\u00e9es \u00e0 risque. Les implications de ces mesures pourraient \u00eatre consid\u00e9rables pour les relations internationales et la mobilit\u00e9 globale.<\/p>\n<p>Le 20 janvier 2025, un d\u00e9cret ex\u00e9cutif a \u00e9t\u00e9 sign\u00e9 pour \u00e9tablir des recommandations concernant l&rsquo;entr\u00e9e des migrants en provenance de \u00ab pays de pr\u00e9occupation particuli\u00e8re \u00bb. Ce processus pourrait restreindre l&rsquo;acc\u00e8s \u00e0 des millions de personnes d\u00e9sireuses de visiter ou de s&rsquo;installer aux \u00c9tats-Unis.<\/p>\n<h2>Un contexte historique significatif<\/h2>\n<p>Le d\u00e9cret de 2017, connu sous le nom de \u00ab\u00a0travel ban\u00a0\u00bb, avait d\u00e9j\u00e0 suscit\u00e9 des controverses. Ce texte visait principalement des pays \u00e0 majorit\u00e9 musulmane et avait \u00e9t\u00e9 contest\u00e9 devant la Cour supr\u00eame, qui l&rsquo;a finalement valid\u00e9. La nouvelle proposition s&rsquo;inscrit donc dans un cadre d\u00e9j\u00e0 charg\u00e9 de tensions et de d\u00e9bats juridiques.<\/p>\n<p>Il est essentiel de comprendre que cette nouvelle initiative est une continuit\u00e9 des politiques d&rsquo;immigration de Trump. Les pr\u00e9c\u00e9dentes restrictions ont \u00e9tabli un pr\u00e9c\u00e9dent qui pourrait influencer les d\u00e9cisions futures sur la mani\u00e8re dont les \u00c9tats-Unis g\u00e8rent leur fronti\u00e8re.<\/p>\n<h2>Cons\u00e9quences sur la mobilit\u00e9 et le march\u00e9 du travail<\/h2>\n<p>Le projet de voyage a le potentiel d&rsquo;impacter de nombreux employeurs et leurs employ\u00e9s. Les citoyens des pays concern\u00e9s pourraient se retrouver dans l&rsquo;impossibilit\u00e9 de revenir aux \u00c9tats-Unis, malgr\u00e9 des visas valides. Cela pourrait entra\u00eener une perte de talents internationaux pour les entreprises am\u00e9ricaines et augmenter les co\u00fbts li\u00e9s \u00e0 la restructuration de la main-d&rsquo;\u0153uvre.<\/p>\n<p>Les entreprises devront naviguer dans des processus de demande de visa plus rigoureux pour les employ\u00e9s originaires des pays restreints. Cette situation est susceptible de cr\u00e9er un climat d&rsquo;incertitude et de complexit\u00e9 pour les entreprises qui s&rsquo;appuient sur des \u00e9quipes diversifi\u00e9es.<\/p>\n<blockquote><p>\n    \u00ab\u00a0Les restrictions de voyage propos\u00e9es pourraient avoir des implications durables sur la collaboration internationale et l&rsquo;\u00e9conomie am\u00e9ricaine.\u00a0\u00bb\n<\/p><\/blockquote>\n<h2>Liste des pays touch\u00e9s par la restriction<\/h2>\n<ul>\n<li>Pays de la cat\u00e9gorie \u00ab ROUGE \u00bb : Afghanistan, Cuba, Iran, Libye, Cor\u00e9e du Nord, Somalie, Soudan, Syrie, Venezuela, Y\u00e9men.<\/li>\n<li>Pays de la cat\u00e9gorie \u00ab ORANGE \u00bb : \u00c9rythr\u00e9e, Ha\u00efti, Laos, Birmanie, Soudan du Sud, soumis \u00e0 des interviews obligatoires.<\/li>\n<li>Pays de la cat\u00e9gorie \u00ab JAUNE \u00bb : Angola, Antigua-et-Barbuda, B\u00e9larus, B\u00e9nin, Bhoutan, Burkina Faso, Cap-Vert, Cambodge, Cameroun, Tchad, R\u00e9publique D\u00e9mocratique du Congo, Dominique, Guin\u00e9e \u00c9quatoriale, Gambie, Lib\u00e9ria, Malawi, Mauritanie, Pakistan, R\u00e9publique du Congo, Saint-Kitts-et-Nevis, Sainte-Lucie, Sao Tom\u00e9-et-Principe, Sierra Leone, Timor oriental, Turkm\u00e9nistan, Vanuatu.<\/li>\n<\/ul>\n<p><iframe loading=\"lazy\" title=\"\ud83d\udeab Nouvelles restrictions d\u2019immigration sous l\u2019administration Trump!\" width=\"1200\" height=\"675\" src=\"https:\/\/www.youtube.com\/embed\/eYbtKoZI3co?feature=oembed\" frameborder=\"0\" allow=\"accelerometer; autoplay; clipboard-write; encrypted-media; gyroscope; picture-in-picture; web-share\" referrerpolicy=\"strict-origin-when-cross-origin\" allowfullscreen><\/iframe><\/p>\n<h2>D\u00e9fis juridiques et mise en \u0153uvre<\/h2>\n<p>La proposition de restriction inclut des niveaux diff\u00e9rents de restrictions, visant \u00e0 anticiper les d\u00e9fis l\u00e9gaux. Des questions telles que la clause d&rsquo;\u00e9galit\u00e9 de protection du 14\u00e8me amendement et le droit \u00e0 un proc\u00e8s \u00e9quitable pourraient \u00eatre soulev\u00e9es. L&rsquo;administration doit donc \u00eatre pr\u00e9par\u00e9e \u00e0 faire face \u00e0 des contestations similaires \u00e0 celles rencontr\u00e9es en 2017.<\/p>\n<p>Alors que les d\u00e9tails de la proposition se finalisent, il est crucial de rester inform\u00e9 des impacts potentiels. Les d\u00e9fis juridiques pourraient affecter non seulement les migrants, mais aussi les entreprises am\u00e9ricaines qui d\u00e9pendent d&rsquo;une main-d&rsquo;\u0153uvre internationale diversifi\u00e9e.<\/p>\n","protected":false},"excerpt":{"rendered":"","protected":false},"author":34,"featured_media":20741,"comment_status":"open","ping_status":"open","sticky":false,"template":"","format":"standard","meta":{"_acf_changed":false,"manual_indexmenow":false,"indexmenow_id_project":0,"footnotes":""},"categories":[1],"tags":[4646,4593,5688,3170,5218],"class_list":["post-15530","post","type-post","status-publish","format-standard","has-post-thumbnail","hentry","category-a-la-une","tag-assistance","tag-economie","tag-relations-internationales","tag-securite","tag-voyage-organise","generate-columns","tablet-grid-50","mobile-grid-100","grid-parent","grid-25"],"acf":[],"yoast_head":"<!-- This site is optimized with the Yoast SEO Premium plugin v21.3 (Yoast SEO v25.1) - https:\/\/yoast.com\/wordpress\/plugins\/seo\/ -->\n<title>Comprendre les nouvelles restrictions de voyage propos\u00e9es<\/title>\n<meta name=\"description\" content=\"Cette initiative vise \u00e0 renforcer les proc\u00e9dures de v\u00e9rification pour les citoyens des nations jug\u00e9es \u00e0 risque. Les implications de ces mesures pourraient\" \/>\n<meta name=\"robots\" content=\"index, follow, max-snippet:-1, max-image-preview:large, max-video-preview:-1\" \/>\n<link rel=\"canonical\" href=\"https:\/\/voyage-aventure.com\/blog\/a-la-une\/comprendre-les-nouvelles-restrictions-de-voyage-proposees-par-ladministration-trump\/\" \/>\n<meta property=\"og:locale\" content=\"fr_FR\" \/>\n<meta property=\"og:type\" content=\"article\" \/>\n<meta property=\"og:title\" content=\"Comprendre les nouvelles restrictions de voyage propos\u00e9es\" \/>\n<meta property=\"og:description\" content=\"Cette initiative vise \u00e0 renforcer les proc\u00e9dures de v\u00e9rification pour les citoyens des nations jug\u00e9es \u00e0 risque. Les implications de ces mesures pourraient\" \/>\n<meta property=\"og:url\" content=\"https:\/\/voyage-aventure.com\/blog\/a-la-une\/comprendre-les-nouvelles-restrictions-de-voyage-proposees-par-ladministration-trump\/\" \/>\n<meta property=\"og:site_name\" content=\"voyage-aventure\" \/>\n<meta property=\"og:image\" content=\"https:\/\/voyage-aventure.com\/blog\/wp-content\/uploads\/2025\/05\/sdxl-590684d594b9f6e1f11aa9b203269692-scaled.png\" \/>\n\t<meta property=\"og:image:width\" content=\"1200\" \/>\n\t<meta property=\"og:image:height\" content=\"500\" \/>\n\t<meta property=\"og:image:type\" content=\"image\/png\" \/>\n<meta name=\"author\" content=\"Camille Rouvray\" \/>\n<meta name=\"twitter:card\" content=\"summary_large_image\" \/>\n<script type=\"application\/ld+json\" class=\"yoast-schema-graph\">{\"@context\":\"https:\/\/schema.org\",\"@graph\":[{\"@type\":\"NewsArticle\",\"@id\":\"https:\/\/voyage-aventure.com\/blog\/a-la-une\/comprendre-les-nouvelles-restrictions-de-voyage-proposees-par-ladministration-trump\/#article\",\"isPartOf\":{\"@id\":\"https:\/\/voyage-aventure.com\/blog\/a-la-une\/comprendre-les-nouvelles-restrictions-de-voyage-proposees-par-ladministration-trump\/\"},\"author\":{\"name\":\"Camille Rouvray\",\"@id\":\"https:\/\/voyage-aventure.com\/blog\/#\/schema\/person\/3c864cdc320801e3db34b663e7e3f816\"},\"headline\":\"Comprendre les nouvelles restrictions de voyage propos\u00e9es par l&rsquo;administration Trump\",\"datePublished\":\"2025-03-19T08:19:11+00:00\",\"mainEntityOfPage\":{\"@id\":\"https:\/\/voyage-aventure.com\/blog\/a-la-une\/comprendre-les-nouvelles-restrictions-de-voyage-proposees-par-ladministration-trump\/\"},\"wordCount\":567,\"commentCount\":30,\"publisher\":{\"@id\":\"https:\/\/voyage-aventure.com\/blog\/#organization\"},\"image\":{\"@id\":\"https:\/\/voyage-aventure.com\/blog\/a-la-une\/comprendre-les-nouvelles-restrictions-de-voyage-proposees-par-ladministration-trump\/#primaryimage\"},\"thumbnailUrl\":\"https:\/\/voyage-aventure.com\/blog\/wp-content\/uploads\/2025\/05\/sdxl-590684d594b9f6e1f11aa9b203269692-scaled.png\",\"keywords\":[\"Assistance\",\"\u00c9conomie\",\"Relations Internationales\",\"S\u00e9curit\u00e9\",\"Voyage Organis\u00e9\"],\"articleSection\":[\"\u00c0 la une\"],\"inLanguage\":\"fr-FR\",\"potentialAction\":[{\"@type\":\"CommentAction\",\"name\":\"Comment\",\"target\":[\"https:\/\/voyage-aventure.com\/blog\/a-la-une\/comprendre-les-nouvelles-restrictions-de-voyage-proposees-par-ladministration-trump\/#respond\"]}]},{\"@type\":\"WebPage\",\"@id\":\"https:\/\/voyage-aventure.com\/blog\/a-la-une\/comprendre-les-nouvelles-restrictions-de-voyage-proposees-par-ladministration-trump\/\",\"url\":\"https:\/\/voyage-aventure.com\/blog\/a-la-une\/comprendre-les-nouvelles-restrictions-de-voyage-proposees-par-ladministration-trump\/\",\"name\":\"Comprendre les nouvelles restrictions de voyage propos\u00e9es\",\"isPartOf\":{\"@id\":\"https:\/\/voyage-aventure.com\/blog\/#website\"},\"primaryImageOfPage\":{\"@id\":\"https:\/\/voyage-aventure.com\/blog\/a-la-une\/comprendre-les-nouvelles-restrictions-de-voyage-proposees-par-ladministration-trump\/#primaryimage\"},\"image\":{\"@id\":\"https:\/\/voyage-aventure.com\/blog\/a-la-une\/comprendre-les-nouvelles-restrictions-de-voyage-proposees-par-ladministration-trump\/#primaryimage\"},\"thumbnailUrl\":\"https:\/\/voyage-aventure.com\/blog\/wp-content\/uploads\/2025\/05\/sdxl-590684d594b9f6e1f11aa9b203269692-scaled.png\",\"datePublished\":\"2025-03-19T08:19:11+00:00\",\"description\":\"Cette initiative vise \u00e0 renforcer les proc\u00e9dures de v\u00e9rification pour les citoyens des nations jug\u00e9es \u00e0 risque. Les implications de ces mesures pourraient\",\"inLanguage\":\"fr-FR\",\"potentialAction\":[{\"@type\":\"ReadAction\",\"target\":[\"https:\/\/voyage-aventure.com\/blog\/a-la-une\/comprendre-les-nouvelles-restrictions-de-voyage-proposees-par-ladministration-trump\/\"]}]},{\"@type\":\"ImageObject\",\"inLanguage\":\"fr-FR\",\"@id\":\"https:\/\/voyage-aventure.com\/blog\/a-la-une\/comprendre-les-nouvelles-restrictions-de-voyage-proposees-par-ladministration-trump\/#primaryimage\",\"url\":\"https:\/\/voyage-aventure.com\/blog\/wp-content\/uploads\/2025\/05\/sdxl-590684d594b9f6e1f11aa9b203269692-scaled.png\",\"contentUrl\":\"https:\/\/voyage-aventure.com\/blog\/wp-content\/uploads\/2025\/05\/sdxl-590684d594b9f6e1f11aa9b203269692-scaled.png\",\"width\":1200,\"height\":500},{\"@type\":\"WebSite\",\"@id\":\"https:\/\/voyage-aventure.com\/blog\/#website\",\"url\":\"https:\/\/voyage-aventure.com\/blog\/\",\"name\":\"voyage-aventure.com\",\"description\":\"Votre passeport pour l\u2019inattendu.\",\"publisher\":{\"@id\":\"https:\/\/voyage-aventure.com\/blog\/#organization\"},\"alternateName\":\"Votre passeport pour l\u2019inattendu.\",\"potentialAction\":[{\"@type\":\"SearchAction\",\"target\":{\"@type\":\"EntryPoint\",\"urlTemplate\":\"https:\/\/voyage-aventure.com\/blog\/?s={search_term_string}\"},\"query-input\":{\"@type\":\"PropertyValueSpecification\",\"valueRequired\":true,\"valueName\":\"search_term_string\"}}],\"inLanguage\":\"fr-FR\"},{\"@type\":\"Organization\",\"@id\":\"https:\/\/voyage-aventure.com\/blog\/#organization\",\"name\":\"Foretsensations.fr\",\"url\":\"https:\/\/voyage-aventure.com\/blog\/\",\"logo\":{\"@type\":\"ImageObject\",\"inLanguage\":\"fr-FR\",\"@id\":\"https:\/\/voyage-aventure.com\/blog\/#\/schema\/logo\/image\/\",\"url\":\"https:\/\/voyage-aventure.com\/blog\/wp-content\/uploads\/2024\/12\/19.png\",\"contentUrl\":\"https:\/\/voyage-aventure.com\/blog\/wp-content\/uploads\/2024\/12\/19.png\",\"width\":512,\"height\":512,\"caption\":\"Foretsensations.fr\"},\"image\":{\"@id\":\"https:\/\/voyage-aventure.com\/blog\/#\/schema\/logo\/image\/\"}},{\"@type\":\"Person\",\"@id\":\"https:\/\/voyage-aventure.com\/blog\/#\/schema\/person\/3c864cdc320801e3db34b663e7e3f816\",\"name\":\"Camille Rouvray\",\"image\":{\"@type\":\"ImageObject\",\"inLanguage\":\"fr-FR\",\"@id\":\"https:\/\/voyage-aventure.com\/blog\/#\/schema\/person\/image\/\",\"url\":\"https:\/\/voyage-aventure.com\/blog\/wp-content\/uploads\/2026\/06\/persona_camille-r-96x96.jpg\",\"contentUrl\":\"https:\/\/voyage-aventure.com\/blog\/wp-content\/uploads\/2026\/06\/persona_camille-r-96x96.jpg\",\"caption\":\"Camille Rouvray\"},\"description\":\"Je voyage et j'\u00e9cris sur le voyage depuis une douzaine d'ann\u00e9es, d'abord en tant que routarde au long cours, puis comme r\u00e9dactrice sp\u00e9cialis\u00e9e. Mon terrain de pr\u00e9dilection, ce sont les circuits organis\u00e9s et l'art de bien pr\u00e9parer un itin\u00e9raire : choix de la saison, dur\u00e9e r\u00e9aliste des \u00e9tapes, budget jour par jour, logement et transport sur place. J'aime aussi raconter les p\u00e9pites urbaines, ces adresses qu'on ne trouve pas dans les guides classiques. Avant de publier un dossier destination, je croise toujours plusieurs sources, je v\u00e9rifie les tarifs et les formalit\u00e9s d'entr\u00e9e \u00e0 jour, et je teste moi-m\u00eame quand je le peux. Mon angle reste pratique avant tout : aider le lecteur \u00e0 partir l'esprit tranquille, sans mauvaise surprise une fois sur place. Je m'attache \u00e0 distinguer le coup de c\u0153ur sinc\u00e8re du simple argument marketing.\",\"sameAs\":[\"https:\/\/camillerouvray.fr\/\"],\"url\":\"https:\/\/voyage-aventure.com\/blog\/auteur\/noname\/\"}]}<\/script>\n<!-- \/ Yoast SEO Premium plugin. -->","yoast_head_json":{"title":"Comprendre les nouvelles restrictions de voyage propos\u00e9es","description":"Cette initiative vise \u00e0 renforcer les proc\u00e9dures de v\u00e9rification pour les citoyens des nations jug\u00e9es \u00e0 risque. Les implications de ces mesures pourraient","robots":{"index":"index","follow":"follow","max-snippet":"max-snippet:-1","max-image-preview":"max-image-preview:large","max-video-preview":"max-video-preview:-1"},"canonical":"https:\/\/voyage-aventure.com\/blog\/a-la-une\/comprendre-les-nouvelles-restrictions-de-voyage-proposees-par-ladministration-trump\/","og_locale":"fr_FR","og_type":"article","og_title":"Comprendre les nouvelles restrictions de voyage propos\u00e9es","og_description":"Cette initiative vise \u00e0 renforcer les proc\u00e9dures de v\u00e9rification pour les citoyens des nations jug\u00e9es \u00e0 risque. Les implications de ces mesures pourraient","og_url":"https:\/\/voyage-aventure.com\/blog\/a-la-une\/comprendre-les-nouvelles-restrictions-de-voyage-proposees-par-ladministration-trump\/","og_site_name":"voyage-aventure","og_image":[{"width":1200,"height":500,"url":"https:\/\/voyage-aventure.com\/blog\/wp-content\/uploads\/2025\/05\/sdxl-590684d594b9f6e1f11aa9b203269692-scaled.png","type":"image\/png"}],"author":"Camille Rouvray","twitter_card":"summary_large_image","schema":{"@context":"https:\/\/schema.org","@graph":[{"@type":"NewsArticle","@id":"https:\/\/voyage-aventure.com\/blog\/a-la-une\/comprendre-les-nouvelles-restrictions-de-voyage-proposees-par-ladministration-trump\/#article","isPartOf":{"@id":"https:\/\/voyage-aventure.com\/blog\/a-la-une\/comprendre-les-nouvelles-restrictions-de-voyage-proposees-par-ladministration-trump\/"},"author":{"name":"Camille Rouvray","@id":"https:\/\/voyage-aventure.com\/blog\/#\/schema\/person\/3c864cdc320801e3db34b663e7e3f816"},"headline":"Comprendre les nouvelles restrictions de voyage propos\u00e9es par l&rsquo;administration Trump","datePublished":"2025-03-19T08:19:11+00:00","mainEntityOfPage":{"@id":"https:\/\/voyage-aventure.com\/blog\/a-la-une\/comprendre-les-nouvelles-restrictions-de-voyage-proposees-par-ladministration-trump\/"},"wordCount":567,"commentCount":30,"publisher":{"@id":"https:\/\/voyage-aventure.com\/blog\/#organization"},"image":{"@id":"https:\/\/voyage-aventure.com\/blog\/a-la-une\/comprendre-les-nouvelles-restrictions-de-voyage-proposees-par-ladministration-trump\/#primaryimage"},"thumbnailUrl":"https:\/\/voyage-aventure.com\/blog\/wp-content\/uploads\/2025\/05\/sdxl-590684d594b9f6e1f11aa9b203269692-scaled.png","keywords":["Assistance","\u00c9conomie","Relations Internationales","S\u00e9curit\u00e9","Voyage Organis\u00e9"],"articleSection":["\u00c0 la une"],"inLanguage":"fr-FR","potentialAction":[{"@type":"CommentAction","name":"Comment","target":["https:\/\/voyage-aventure.com\/blog\/a-la-une\/comprendre-les-nouvelles-restrictions-de-voyage-proposees-par-ladministration-trump\/#respond"]}]},{"@type":"WebPage","@id":"https:\/\/voyage-aventure.com\/blog\/a-la-une\/comprendre-les-nouvelles-restrictions-de-voyage-proposees-par-ladministration-trump\/","url":"https:\/\/voyage-aventure.com\/blog\/a-la-une\/comprendre-les-nouvelles-restrictions-de-voyage-proposees-par-ladministration-trump\/","name":"Comprendre les nouvelles restrictions de voyage propos\u00e9es","isPartOf":{"@id":"https:\/\/voyage-aventure.com\/blog\/#website"},"primaryImageOfPage":{"@id":"https:\/\/voyage-aventure.com\/blog\/a-la-une\/comprendre-les-nouvelles-restrictions-de-voyage-proposees-par-ladministration-trump\/#primaryimage"},"image":{"@id":"https:\/\/voyage-aventure.com\/blog\/a-la-une\/comprendre-les-nouvelles-restrictions-de-voyage-proposees-par-ladministration-trump\/#primaryimage"},"thumbnailUrl":"https:\/\/voyage-aventure.com\/blog\/wp-content\/uploads\/2025\/05\/sdxl-590684d594b9f6e1f11aa9b203269692-scaled.png","datePublished":"2025-03-19T08:19:11+00:00","description":"Cette initiative vise \u00e0 renforcer les proc\u00e9dures de v\u00e9rification pour les citoyens des nations jug\u00e9es \u00e0 risque. Les implications de ces mesures pourraient","inLanguage":"fr-FR","potentialAction":[{"@type":"ReadAction","target":["https:\/\/voyage-aventure.com\/blog\/a-la-une\/comprendre-les-nouvelles-restrictions-de-voyage-proposees-par-ladministration-trump\/"]}]},{"@type":"ImageObject","inLanguage":"fr-FR","@id":"https:\/\/voyage-aventure.com\/blog\/a-la-une\/comprendre-les-nouvelles-restrictions-de-voyage-proposees-par-ladministration-trump\/#primaryimage","url":"https:\/\/voyage-aventure.com\/blog\/wp-content\/uploads\/2025\/05\/sdxl-590684d594b9f6e1f11aa9b203269692-scaled.png","contentUrl":"https:\/\/voyage-aventure.com\/blog\/wp-content\/uploads\/2025\/05\/sdxl-590684d594b9f6e1f11aa9b203269692-scaled.png","width":1200,"height":500},{"@type":"WebSite","@id":"https:\/\/voyage-aventure.com\/blog\/#website","url":"https:\/\/voyage-aventure.com\/blog\/","name":"voyage-aventure.com","description":"Votre passeport pour l\u2019inattendu.","publisher":{"@id":"https:\/\/voyage-aventure.com\/blog\/#organization"},"alternateName":"Votre passeport pour l\u2019inattendu.","potentialAction":[{"@type":"SearchAction","target":{"@type":"EntryPoint","urlTemplate":"https:\/\/voyage-aventure.com\/blog\/?s={search_term_string}"},"query-input":{"@type":"PropertyValueSpecification","valueRequired":true,"valueName":"search_term_string"}}],"inLanguage":"fr-FR"},{"@type":"Organization","@id":"https:\/\/voyage-aventure.com\/blog\/#organization","name":"Foretsensations.fr","url":"https:\/\/voyage-aventure.com\/blog\/","logo":{"@type":"ImageObject","inLanguage":"fr-FR","@id":"https:\/\/voyage-aventure.com\/blog\/#\/schema\/logo\/image\/","url":"https:\/\/voyage-aventure.com\/blog\/wp-content\/uploads\/2024\/12\/19.png","contentUrl":"https:\/\/voyage-aventure.com\/blog\/wp-content\/uploads\/2024\/12\/19.png","width":512,"height":512,"caption":"Foretsensations.fr"},"image":{"@id":"https:\/\/voyage-aventure.com\/blog\/#\/schema\/logo\/image\/"}},{"@type":"Person","@id":"https:\/\/voyage-aventure.com\/blog\/#\/schema\/person\/3c864cdc320801e3db34b663e7e3f816","name":"Camille Rouvray","image":{"@type":"ImageObject","inLanguage":"fr-FR","@id":"https:\/\/voyage-aventure.com\/blog\/#\/schema\/person\/image\/","url":"https:\/\/voyage-aventure.com\/blog\/wp-content\/uploads\/2026\/06\/persona_camille-r-96x96.jpg","contentUrl":"https:\/\/voyage-aventure.com\/blog\/wp-content\/uploads\/2026\/06\/persona_camille-r-96x96.jpg","caption":"Camille Rouvray"},"description":"Je voyage et j'\u00e9cris sur le voyage depuis une douzaine d'ann\u00e9es, d'abord en tant que routarde au long cours, puis comme r\u00e9dactrice sp\u00e9cialis\u00e9e. Mon terrain de pr\u00e9dilection, ce sont les circuits organis\u00e9s et l'art de bien pr\u00e9parer un itin\u00e9raire : choix de la saison, dur\u00e9e r\u00e9aliste des \u00e9tapes, budget jour par jour, logement et transport sur place. J'aime aussi raconter les p\u00e9pites urbaines, ces adresses qu'on ne trouve pas dans les guides classiques. Avant de publier un dossier destination, je croise toujours plusieurs sources, je v\u00e9rifie les tarifs et les formalit\u00e9s d'entr\u00e9e \u00e0 jour, et je teste moi-m\u00eame quand je le peux. Mon angle reste pratique avant tout : aider le lecteur \u00e0 partir l'esprit tranquille, sans mauvaise surprise une fois sur place. Je m'attache \u00e0 distinguer le coup de c\u0153ur sinc\u00e8re du simple argument marketing.","sameAs":["https:\/\/camillerouvray.fr\/"],"url":"https:\/\/voyage-aventure.com\/blog\/auteur\/noname\/"}]}},"_links":{"self":[{"href":"https:\/\/voyage-aventure.com\/blog\/wp-json\/wp\/v2\/posts\/15530","targetHints":{"allow":["GET"]}}],"collection":[{"href":"https:\/\/voyage-aventure.com\/blog\/wp-json\/wp\/v2\/posts"}],"about":[{"href":"https:\/\/voyage-aventure.com\/blog\/wp-json\/wp\/v2\/types\/post"}],"author":[{"embeddable":true,"href":"https:\/\/voyage-aventure.com\/blog\/wp-json\/wp\/v2\/users\/34"}],"replies":[{"embeddable":true,"href":"https:\/\/voyage-aventure.com\/blog\/wp-json\/wp\/v2\/comments?post=15530"}],"version-history":[{"count":1,"href":"https:\/\/voyage-aventure.com\/blog\/wp-json\/wp\/v2\/posts\/15530\/revisions"}],"predecessor-version":[{"id":15556,"href":"https:\/\/voyage-aventure.com\/blog\/wp-json\/wp\/v2\/posts\/15530\/revisions\/15556"}],"wp:featuredmedia":[{"embeddable":true,"href":"https:\/\/voyage-aventure.com\/blog\/wp-json\/wp\/v2\/media\/20741"}],"wp:attachment":[{"href":"https:\/\/voyage-aventure.com\/blog\/wp-json\/wp\/v2\/media?parent=15530"}],"wp:term":[{"taxonomy":"category","embeddable":true,"href":"https:\/\/voyage-aventure.com\/blog\/wp-json\/wp\/v2\/categories?post=15530"},{"taxonomy":"post_tag","embeddable":true,"href":"https:\/\/voyage-aventure.com\/blog\/wp-json\/wp\/v2\/tags?post=15530"}],"curies":[{"name":"wp","href":"https:\/\/api.w.org\/{rel}","templated":true}]}}