{"id":15513,"date":"2026-06-16T17:16:23","date_gmt":"2026-06-16T15:16:23","guid":{"rendered":"https:\/\/voyage-aventure.com\/blog\/?p=15513"},"modified":"2026-06-16T17:16:23","modified_gmt":"2026-06-16T15:16:23","slug":"des-vacances-dete-en-danger-le-fbi-intensifie-ses-alertes-apres-une-disparition-en-republique-dominicaine","status":"publish","type":"post","link":"https:\/\/voyage-aventure.com\/blog\/a-la-une\/des-vacances-dete-en-danger-le-fbi-intensifie-ses-alertes-apres-une-disparition-en-republique-dominicaine\/","title":{"rendered":"Des vacances d&rsquo;\u00e9t\u00e9 en danger : le FBI intensifie ses alertes apr\u00e8s une disparition en R\u00e9publique dominicaine"},"content":{"rendered":"<link rel=\"stylesheet\" href=\"https:\/\/fonts.googleapis.com\/css2?family=Newsreader:ital,opsz,wght@0,6..72,500..700;1,6..72,500..600&#038;family=Inter:wght@400;500;600&#038;family=JetBrains+Mono:wght@500&#038;display=swap\">\n<style>\n.van-news-wrap{font-family:'Inter',-apple-system,BlinkMacSystemFont,'Segoe UI',sans-serif;color:#23201c;line-height:1.65;font-size:17px;}\n.van-news-wrap h2{font-family:'Newsreader',Georgia,serif;font-weight:700;font-size:clamp(24px,3.2vw,33px);letter-spacing:-0.01em;color:#1a1714;margin:48px 0 16px;line-height:1.2;}\n.van-news-wrap h3{font-family:'Newsreader',Georgia,serif;font-weight:600;font-size:20px;color:#1a1714;margin:26px 0 10px;}\n.van-news-wrap p{margin:0 0 18px;}\n.van-news-wrap a{color:#8a2331;text-decoration:underline;text-underline-offset:2px;}\n.van-news-dateline{font-family:'JetBrains Mono',monospace;font-size:11.5px;letter-spacing:1.5px;text-transform:uppercase;color:#8a2331;font-weight:500;margin:0 0 14px;}\n.van-news-lead{font-family:'Newsreader',Georgia,serif;font-size:21px;line-height:1.5;color:#3a352f;font-style:italic;margin:0 0 26px;}\n.van-news-essentiel{background:#fbf3f0;border-left:5px solid #8a2331;border-radius:0 8px 8px 0;padding:22px 26px;margin:28px 0;}\n.van-news-essentiel .van-news-kicker{font-family:'JetBrains Mono',monospace;font-size:11px;font-weight:500;text-transform:uppercase;letter-spacing:2.2px;color:#8a2331;margin-bottom:14px;}\n.van-news-essentiel ul{margin:0;padding-left:0;list-style:none;}\n.van-news-essentiel li{display:flex;gap:12px;align-items:flex-start;padding:7px 0;font-size:15.5px;line-height:1.55;color:#2a2620;}\n.van-news-essentiel li span.van-news-b{flex:0 0 8px;width:8px;height:8px;border-radius:50%;background:#8a2331;margin-top:8px;}\n.van-news-quote{margin:38px auto;padding:26px 24px;text-align:center;border-top:1px solid #d8c9c3;border-bottom:1px solid #d8c9c3;max-width:660px;position:relative;}\n.van-news-quote .van-news-bq{font-family:'Newsreader',Georgia,serif;font-size:24px;line-height:1.45;font-style:italic;color:#1a1714;margin:0;}\n.van-news-quote .van-news-cite{margin-top:14px;font-family:'JetBrains Mono',monospace;font-size:11px;text-transform:uppercase;letter-spacing:2px;color:#7a746c;}\n.van-news-care{background:#f4f1ec;border:1px solid #e2dcd2;border-left:4px solid #b08d2e;border-radius:0 6px 6px 0;padding:14px 20px;margin:26px 0;}\n.van-news-care .van-news-clbl{display:inline-block;font-family:'JetBrains Mono',monospace;color:#7a5e12;font-size:11px;text-transform:uppercase;letter-spacing:1.5px;margin-right:8px;font-weight:500;}\n.van-news-care .van-news-ctxt{font-size:14.5px;line-height:1.55;color:#3a352f;}\n.van-news-retenir{background:#fafaf6;border:1px solid #e6e2d8;border-radius:10px;padding:24px 26px;margin:40px 0;}\n.van-news-retenir .van-news-kicker{font-family:'JetBrains Mono',monospace;font-size:11px;font-weight:500;text-transform:uppercase;letter-spacing:2.2px;color:#8a2331;margin-bottom:16px;}\n.van-news-retenir .van-news-grid{display:grid;grid-template-columns:repeat(auto-fit,minmax(240px,1fr));gap:10px;}\n.van-news-retenir .van-news-cell{display:flex;gap:12px;background:#fff;border:1px solid #ebe7dd;border-radius:7px;padding:12px 15px;align-items:flex-start;transition:.25s ease;}\n.van-news-retenir .van-news-cell:hover{transform:translateY(-3px);box-shadow:0 10px 22px -14px rgba(40,24,20,.35);border-color:#d8c9c3;}\n.van-news-retenir .van-news-num{flex:0 0 26px;width:26px;height:26px;background:#8a2331;color:#fff;border-radius:50%;display:inline-flex;align-items:center;justify-content:center;font-size:12px;font-weight:600;font-family:'JetBrains Mono',monospace;}\n.van-news-retenir .van-news-ct{font-size:14px;line-height:1.5;color:#2a2620;}\n.van-news-faq{margin:40px 0;}\n.van-news-faq h2{margin-bottom:6px;}\n.van-news-faq .van-news-acc{border-top:1px solid #d8c9c3;}\n.van-news-faq details{border-bottom:1px solid #d8c9c3;}\n.van-news-faq summary{cursor:pointer;padding:17px 0;font-family:'Newsreader',Georgia,serif;font-size:18px;font-weight:600;color:#1a1714;list-style:none;display:flex;justify-content:space-between;align-items:center;gap:14px;}\n.van-news-faq summary::-webkit-details-marker{display:none;}\n.van-news-faq summary .van-news-plus{font-size:22px;font-weight:300;color:#8a2331;line-height:1;flex:0 0 auto;}\n.van-news-faq .van-news-ans{padding:0 0 17px;font-size:15px;line-height:1.7;color:#48433c;}\n@media(max-width:640px){.van-news-wrap{font-size:16px;}}\n\/*RENDERFIX2*\/.van-news-essentiel li span.van-news-b{color:#eef3f9!important}.van-news-essentiel li span.van-news-b p,.van-news-essentiel li span.van-news-b li,.van-news-essentiel li span.van-news-b strong,.van-news-essentiel li span.van-news-b em,.van-news-essentiel li span.van-news-b a,.van-news-essentiel li span.van-news-b span,.van-news-essentiel li span.van-news-b b,.van-news-essentiel li span.van-news-b td,.van-news-essentiel li span.van-news-b th,.van-news-essentiel li span.van-news-b h2,.van-news-essentiel li span.van-news-b h3,.van-news-essentiel li span.van-news-b h4{color:#eef3f9!important}.van-news-essentiel li span.van-news-b strong,.van-news-essentiel li span.van-news-b b{color:#ffffff!important}.van-news-retenir .van-news-num{color:#eef3f9!important}.van-news-retenir .van-news-num p,.van-news-retenir .van-news-num li,.van-news-retenir .van-news-num strong,.van-news-retenir .van-news-num em,.van-news-retenir .van-news-num a,.van-news-retenir .van-news-num span,.van-news-retenir .van-news-num b,.van-news-retenir .van-news-num td,.van-news-retenir .van-news-num th,.van-news-retenir .van-news-num h2,.van-news-retenir .van-news-num h3,.van-news-retenir .van-news-num h4{color:#eef3f9!important}.van-news-retenir .van-news-num strong,.van-news-retenir .van-news-num b{color:#ffffff!important}<\/style>\n<div class=\"van-news-wrap\">\n<div class=\"van-news-dateline\">S\u00e9curit\u00e9 voyage \u00b7 R\u00e9publique dominicaine \u00b7 Mars 2025<\/div>\n<p class=\"van-news-lead\">Apr\u00e8s la disparition d&rsquo;une \u00e9tudiante am\u00e9ricaine \u00e0 Punta Cana, le FBI durcit ses recommandations \u00e0 l&rsquo;approche des vacances de printemps. Voici ce que disent les autorit\u00e9s et les experts, et les r\u00e9flexes \u00e0 adopter avant de partir.<\/p>\n<div class=\"van-news-essentiel\">\n<div class=\"van-news-kicker\">L&rsquo;essentiel<\/div>\n<ul>\n<li><span class=\"van-news-b\"><\/span><span><strong>Quoi.<\/strong> Le FBI renforce ses avertissements de voyage \u00e0 l&rsquo;\u00e9tranger pour les vacances de printemps, apr\u00e8s la disparition d&rsquo;une \u00e9tudiante en R\u00e9publique dominicaine.<\/span><\/li>\n<li><span class=\"van-news-b\"><\/span><span><strong>Qui &amp; quand.<\/strong> Sudiksha Konaki, \u00e9tudiante de 20 ans, a disparu le 6 mars \u00e0 Punta Cana et n&rsquo;a plus donn\u00e9 de nouvelles depuis.<\/span><\/li>\n<li><span class=\"van-news-b\"><\/span><span><strong>Pourquoi \u00e7a compte.<\/strong> Les experts en s\u00e9curit\u00e9 appellent les voyageurs \u00e0 consulter les conseils du d\u00e9partement d&rsquo;\u00c9tat et \u00e0 redoubler de vigilance avant tout d\u00e9part.<\/span><\/li>\n<\/ul>\n<\/div>\n<h2>La mont\u00e9e des alertes de voyage du FBI<\/h2>\n<p>Le FBI a r\u00e9cemment renforc\u00e9 ses avertissements de voyage pour les personnes se rendant \u00e0 l&rsquo;\u00e9tranger, notamment pour les vacances de printemps. Cette d\u00e9cision intervient suite \u00e0 la myst\u00e9rieuse disparition d&rsquo;une \u00e9tudiante \u00e0 Punta Cana, un lieu pris\u00e9 des vacanciers. Les responsables de la s\u00e9curit\u00e9 recommandent aux voyageurs de rester vigilants et inform\u00e9s avant de partir.<\/p>\n<p>Kenneth Gray, enseignant \u00e0 l&rsquo;Universit\u00e9 de New Haven, souligne l&rsquo;importance de ces alertes. Il explique qu&rsquo;un \u00e9tudiant de 20 ans, Sudiksha Konaki, a disparu en R\u00e9publique dominicaine le 6 mars et n&rsquo;a pas donn\u00e9 de nouvelles depuis. Cette situation tragique met en lumi\u00e8re les dangers potentiels auxquels les voyageurs peuvent \u00eatre confront\u00e9s.<\/p>\n<h2>Conseils pour voyager en toute s\u00e9curit\u00e9<\/h2>\n<p>Les experts conseillent aux voyageurs, et pas seulement aux \u00e9tudiants, de consulter la liste des conseils de voyage du d\u00e9partement d&rsquo;\u00c9tat avant de quitter le pays. Kenneth Gray note que de nombreux pays figurent sur cette liste pour diff\u00e9rentes raisons, allant de l&rsquo;agitation politique \u00e0 la criminalit\u00e9. Il est crucial de se renseigner sur la s\u00e9curit\u00e9 de la destination avant de faire ses bagages.<\/p>\n<p>Gabriella Fernandez, r\u00e9cemment de retour de Puerto Rico, partage son exp\u00e9rience en R\u00e9publique dominicaine. Bien qu&rsquo;elle se soit sentie en s\u00e9curit\u00e9 \u00e0 Puerto Rico, elle a ressenti une atmosph\u00e8re diff\u00e9rente lors de sa visite familiale en R\u00e9publique dominicaine. \u00ab Il faut \u00eatre beaucoup plus vigilant dans les rues \u00bb, dit-elle, soulignant l&rsquo;importance de la prudence.<\/p>\n<div class=\"van-news-care\">\n  <span class=\"van-news-clbl\">\u26a0\ufe0f \u00c0 garder en t\u00eate<\/span><br \/>\n  <span class=\"van-news-ctxt\">Les niveaux d&rsquo;alerte \u00e9voluent dans le temps et selon les r\u00e9gions d&rsquo;un m\u00eame pays. V\u00e9rifiez toujours l&rsquo;information \u00e0 jour aupr\u00e8s de la source officielle (d\u00e9partement d&rsquo;\u00c9tat pour les ressortissants am\u00e9ricains, minist\u00e8re des Affaires \u00e9trang\u00e8res pour les voyageurs fran\u00e7ais) au moment de votre d\u00e9part.<\/span>\n<\/div>\n<h2>Les mesures \u00e0 prendre avant de partir<\/h2>\n<p>Il est essentiel de rester en contact avec des proches pendant les voyages. Jennifer Wethje, professeur en soins infirmiers \u00e0 l&rsquo;Universit\u00e9 de Quinnipiac, recommande aux voyageurs de partager leur localisation avec des personnes de confiance. Elle sugg\u00e8re que les familles \u00e9tablissent des codes avec leurs enfants pour identifier une personne de confiance.<\/p>\n<h3>Les r\u00e9flexes recommand\u00e9s par les experts<\/h3>\n<div class=\"van-news-retenir\">\n<div class=\"van-news-kicker\">Avant de partir<\/div>\n<div class=\"van-news-grid\">\n<div class=\"van-news-cell\"><span class=\"van-news-num\">1<\/span><span class=\"van-news-ct\">V\u00e9rifier les alertes de voyage sur le site du d\u00e9partement d&rsquo;\u00c9tat.<\/span><\/div>\n<div class=\"van-news-cell\"><span class=\"van-news-num\">2<\/span><span class=\"van-news-ct\">Ne jamais voyager seul, surtout dans des zones \u00e0 risque.<\/span><\/div>\n<div class=\"van-news-cell\"><span class=\"van-news-num\">3<\/span><span class=\"van-news-ct\">Partager son itin\u00e9raire et sa localisation avec des amis ou de la famille.<\/span><\/div>\n<div class=\"van-news-cell\"><span class=\"van-news-num\">4<\/span><span class=\"van-news-ct\">\u00c9tablir des signaux de s\u00e9curit\u00e9 avec ses proches.<\/span><\/div>\n<div class=\"van-news-cell\"><span class=\"van-news-num\">5<\/span><span class=\"van-news-ct\">Rester attentif \u00e0 son environnement et \u00e9viter les zones isol\u00e9es.<\/span><\/div>\n<\/p><\/div>\n<\/div>\n<div class=\"van-news-quote\">\n<div class=\"van-news-bq\">\u00ab Vous voulez toujours que les membres de votre famille puissent vous contacter ou qu&rsquo;un ami soit avec vous. \u00bb<\/div>\n<div class=\"van-news-cite\">\u2014 Jennifer Wethje<\/div>\n<\/div>\n<h2>Ce que \u00e7a change pour les vacanciers<\/h2>\n<p>Le ph\u00e9nom\u00e8ne des disparitions de voyageurs, comme le cas de Sudiksha Konaki, rappelle aux vacanciers l&rsquo;importance de la pr\u00e9paration. Les vacances peuvent \u00eatre une p\u00e9riode de d\u00e9tente, mais elles n\u00e9cessitent \u00e9galement une vigilance accrue. En suivant ces conseils et en restant inform\u00e9, vous pouvez r\u00e9duire les risques et profiter pleinement de vos aventures \u00e0 l&rsquo;\u00e9tranger.<\/p>\n<div class=\"van-news-faq\">\n<h2>Questions fr\u00e9quentes<\/h2>\n<div class=\"van-news-acc\">\n<details>\n<summary><span>O\u00f9 consulter les alertes de voyage avant un d\u00e9part ?<\/span><span class=\"van-news-plus\">+<\/span><\/summary>\n<div class=\"van-news-ans\">Les voyageurs am\u00e9ricains peuvent consulter la liste des conseils de voyage du d\u00e9partement d&rsquo;\u00c9tat avant de quitter le pays. Selon Kenneth Gray, de nombreux pays y figurent pour des raisons vari\u00e9es, de l&rsquo;agitation politique \u00e0 la criminalit\u00e9.<\/div>\n<\/details>\n<details>\n<summary><span>Pourquoi le FBI a-t-il renforc\u00e9 ses avertissements ?<\/span><span class=\"van-news-plus\">+<\/span><\/summary>\n<div class=\"van-news-ans\">Le renforcement des avertissements pour les vacances de printemps fait suite \u00e0 la disparition de Sudiksha Konaki, \u00e9tudiante de 20 ans port\u00e9e disparue \u00e0 Punta Cana depuis le 6 mars, un cas qui a mis en lumi\u00e8re les risques potentiels pour les voyageurs.<\/div>\n<\/details>\n<details>\n<summary><span>Quels r\u00e9flexes adopter pour voyager plus sereinement ?<\/span><span class=\"van-news-plus\">+<\/span><\/summary>\n<div class=\"van-news-ans\">Partager sa localisation avec des personnes de confiance, ne pas voyager seul dans les zones \u00e0 risque, communiquer son itin\u00e9raire \u00e0 ses proches et \u00e9viter les endroits isol\u00e9s. Jennifer Wethje recommande aussi d&rsquo;\u00e9tablir des codes au sein de la famille.<\/div>\n<\/details><\/div>\n<\/div>\n<div class=\"van-news-care\">\n  <span class=\"van-news-clbl\">\u2139\ufe0f Note<\/span><br \/>\n  <span class=\"van-news-ctxt\">Cet article est informatif et refl\u00e8te une situation dat\u00e9e de mars 2025. Il ne remplace pas les recommandations officielles des autorit\u00e9s comp\u00e9tentes ; r\u00e9f\u00e9rez-vous toujours aux conseils \u00e0 jour de votre minist\u00e8re des Affaires \u00e9trang\u00e8res avant de voyager.<\/span>\n<\/div>\n<\/div>\n","protected":false},"excerpt":{"rendered":"","protected":false},"author":34,"featured_media":19752,"comment_status":"open","ping_status":"open","sticky":false,"template":"","format":"standard","meta":{"_acf_changed":false,"manual_indexmenow":false,"indexmenow_id_project":0,"footnotes":""},"categories":[1],"tags":[4680,4636,3170,4635,5755],"class_list":["post-15513","post","type-post","status-publish","format-standard","has-post-thumbnail","hentry","category-a-la-une","tag-conseils","tag-destinations","tag-securite","tag-voyage","tag-voyage-en-solo","generate-columns","tablet-grid-50","mobile-grid-100","grid-parent","grid-25"],"acf":[],"yoast_head":"<!-- This site is optimized with the Yoast SEO Premium plugin v21.3 (Yoast SEO v25.1) - https:\/\/yoast.com\/wordpress\/plugins\/seo\/ -->\n<title>Des vacances d&#039;\u00e9t\u00e9 en danger : le FBI intensifie ses<\/title>\n<meta name=\"description\" content=\"S\u00e9curit\u00e9 voyage \u00b7 R\u00e9publique dominicaine \u00b7 Mars 2025 Apr\u00e8s la disparition d&#039;une \u00e9tudiante am\u00e9ricaine \u00e0 Punta Cana, le FBI durcit ses recommandations \u00e0\" \/>\n<meta name=\"robots\" content=\"index, follow, max-snippet:-1, max-image-preview:large, max-video-preview:-1\" \/>\n<link rel=\"canonical\" href=\"https:\/\/voyage-aventure.com\/blog\/a-la-une\/des-vacances-dete-en-danger-le-fbi-intensifie-ses-alertes-apres-une-disparition-en-republique-dominicaine\/\" \/>\n<meta property=\"og:locale\" content=\"fr_FR\" \/>\n<meta property=\"og:type\" content=\"article\" \/>\n<meta property=\"og:title\" content=\"Des vacances d&#039;\u00e9t\u00e9 en danger : le FBI intensifie ses\" \/>\n<meta property=\"og:description\" content=\"S\u00e9curit\u00e9 voyage \u00b7 R\u00e9publique dominicaine \u00b7 Mars 2025 Apr\u00e8s la disparition d&#039;une \u00e9tudiante am\u00e9ricaine \u00e0 Punta Cana, le FBI durcit ses recommandations \u00e0\" \/>\n<meta property=\"og:url\" content=\"https:\/\/voyage-aventure.com\/blog\/a-la-une\/des-vacances-dete-en-danger-le-fbi-intensifie-ses-alertes-apres-une-disparition-en-republique-dominicaine\/\" \/>\n<meta property=\"og:site_name\" content=\"voyage-aventure\" \/>\n<meta property=\"og:image\" content=\"https:\/\/voyage-aventure.com\/blog\/wp-content\/uploads\/2025\/05\/sdxl-73e103a78d5c6ece731b1723a06dabef-scaled.png\" \/>\n\t<meta property=\"og:image:width\" content=\"1200\" \/>\n\t<meta property=\"og:image:height\" content=\"500\" \/>\n\t<meta property=\"og:image:type\" content=\"image\/png\" \/>\n<meta name=\"author\" content=\"Camille Rouvray\" \/>\n<meta name=\"twitter:card\" content=\"summary_large_image\" \/>\n<script type=\"application\/ld+json\" class=\"yoast-schema-graph\">{\"@context\":\"https:\/\/schema.org\",\"@graph\":[{\"@type\":\"NewsArticle\",\"@id\":\"https:\/\/voyage-aventure.com\/blog\/a-la-une\/des-vacances-dete-en-danger-le-fbi-intensifie-ses-alertes-apres-une-disparition-en-republique-dominicaine\/#article\",\"isPartOf\":{\"@id\":\"https:\/\/voyage-aventure.com\/blog\/a-la-une\/des-vacances-dete-en-danger-le-fbi-intensifie-ses-alertes-apres-une-disparition-en-republique-dominicaine\/\"},\"author\":{\"name\":\"Camille Rouvray\",\"@id\":\"https:\/\/voyage-aventure.com\/blog\/#\/schema\/person\/3c864cdc320801e3db34b663e7e3f816\"},\"headline\":\"Des vacances d&rsquo;\u00e9t\u00e9 en danger : le FBI intensifie ses alertes apr\u00e8s une disparition en R\u00e9publique dominicaine\",\"datePublished\":\"2026-06-16T15:16:23+00:00\",\"mainEntityOfPage\":{\"@id\":\"https:\/\/voyage-aventure.com\/blog\/a-la-une\/des-vacances-dete-en-danger-le-fbi-intensifie-ses-alertes-apres-une-disparition-en-republique-dominicaine\/\"},\"wordCount\":876,\"commentCount\":20,\"publisher\":{\"@id\":\"https:\/\/voyage-aventure.com\/blog\/#organization\"},\"image\":{\"@id\":\"https:\/\/voyage-aventure.com\/blog\/a-la-une\/des-vacances-dete-en-danger-le-fbi-intensifie-ses-alertes-apres-une-disparition-en-republique-dominicaine\/#primaryimage\"},\"thumbnailUrl\":\"https:\/\/voyage-aventure.com\/blog\/wp-content\/uploads\/2025\/05\/sdxl-73e103a78d5c6ece731b1723a06dabef-scaled.png\",\"keywords\":[\"Conseils\",\"Destinations\",\"S\u00e9curit\u00e9\",\"Voyage\",\"Voyage en solo\"],\"articleSection\":[\"\u00c0 la une\"],\"inLanguage\":\"fr-FR\",\"potentialAction\":[{\"@type\":\"CommentAction\",\"name\":\"Comment\",\"target\":[\"https:\/\/voyage-aventure.com\/blog\/a-la-une\/des-vacances-dete-en-danger-le-fbi-intensifie-ses-alertes-apres-une-disparition-en-republique-dominicaine\/#respond\"]}]},{\"@type\":\"WebPage\",\"@id\":\"https:\/\/voyage-aventure.com\/blog\/a-la-une\/des-vacances-dete-en-danger-le-fbi-intensifie-ses-alertes-apres-une-disparition-en-republique-dominicaine\/\",\"url\":\"https:\/\/voyage-aventure.com\/blog\/a-la-une\/des-vacances-dete-en-danger-le-fbi-intensifie-ses-alertes-apres-une-disparition-en-republique-dominicaine\/\",\"name\":\"Des vacances d'\u00e9t\u00e9 en danger : le FBI intensifie ses\",\"isPartOf\":{\"@id\":\"https:\/\/voyage-aventure.com\/blog\/#website\"},\"primaryImageOfPage\":{\"@id\":\"https:\/\/voyage-aventure.com\/blog\/a-la-une\/des-vacances-dete-en-danger-le-fbi-intensifie-ses-alertes-apres-une-disparition-en-republique-dominicaine\/#primaryimage\"},\"image\":{\"@id\":\"https:\/\/voyage-aventure.com\/blog\/a-la-une\/des-vacances-dete-en-danger-le-fbi-intensifie-ses-alertes-apres-une-disparition-en-republique-dominicaine\/#primaryimage\"},\"thumbnailUrl\":\"https:\/\/voyage-aventure.com\/blog\/wp-content\/uploads\/2025\/05\/sdxl-73e103a78d5c6ece731b1723a06dabef-scaled.png\",\"datePublished\":\"2026-06-16T15:16:23+00:00\",\"description\":\"S\u00e9curit\u00e9 voyage \u00b7 R\u00e9publique dominicaine \u00b7 Mars 2025 Apr\u00e8s la disparition d'une \u00e9tudiante am\u00e9ricaine \u00e0 Punta Cana, le FBI durcit ses recommandations \u00e0\",\"inLanguage\":\"fr-FR\",\"potentialAction\":[{\"@type\":\"ReadAction\",\"target\":[\"https:\/\/voyage-aventure.com\/blog\/a-la-une\/des-vacances-dete-en-danger-le-fbi-intensifie-ses-alertes-apres-une-disparition-en-republique-dominicaine\/\"]}]},{\"@type\":\"ImageObject\",\"inLanguage\":\"fr-FR\",\"@id\":\"https:\/\/voyage-aventure.com\/blog\/a-la-une\/des-vacances-dete-en-danger-le-fbi-intensifie-ses-alertes-apres-une-disparition-en-republique-dominicaine\/#primaryimage\",\"url\":\"https:\/\/voyage-aventure.com\/blog\/wp-content\/uploads\/2025\/05\/sdxl-73e103a78d5c6ece731b1723a06dabef-scaled.png\",\"contentUrl\":\"https:\/\/voyage-aventure.com\/blog\/wp-content\/uploads\/2025\/05\/sdxl-73e103a78d5c6ece731b1723a06dabef-scaled.png\",\"width\":1200,\"height\":500},{\"@type\":\"WebSite\",\"@id\":\"https:\/\/voyage-aventure.com\/blog\/#website\",\"url\":\"https:\/\/voyage-aventure.com\/blog\/\",\"name\":\"voyage-aventure.com\",\"description\":\"Votre passeport pour l\u2019inattendu.\",\"publisher\":{\"@id\":\"https:\/\/voyage-aventure.com\/blog\/#organization\"},\"alternateName\":\"Votre passeport pour l\u2019inattendu.\",\"potentialAction\":[{\"@type\":\"SearchAction\",\"target\":{\"@type\":\"EntryPoint\",\"urlTemplate\":\"https:\/\/voyage-aventure.com\/blog\/?s={search_term_string}\"},\"query-input\":{\"@type\":\"PropertyValueSpecification\",\"valueRequired\":true,\"valueName\":\"search_term_string\"}}],\"inLanguage\":\"fr-FR\"},{\"@type\":\"Organization\",\"@id\":\"https:\/\/voyage-aventure.com\/blog\/#organization\",\"name\":\"Foretsensations.fr\",\"url\":\"https:\/\/voyage-aventure.com\/blog\/\",\"logo\":{\"@type\":\"ImageObject\",\"inLanguage\":\"fr-FR\",\"@id\":\"https:\/\/voyage-aventure.com\/blog\/#\/schema\/logo\/image\/\",\"url\":\"https:\/\/voyage-aventure.com\/blog\/wp-content\/uploads\/2024\/12\/19.png\",\"contentUrl\":\"https:\/\/voyage-aventure.com\/blog\/wp-content\/uploads\/2024\/12\/19.png\",\"width\":512,\"height\":512,\"caption\":\"Foretsensations.fr\"},\"image\":{\"@id\":\"https:\/\/voyage-aventure.com\/blog\/#\/schema\/logo\/image\/\"}},{\"@type\":\"Person\",\"@id\":\"https:\/\/voyage-aventure.com\/blog\/#\/schema\/person\/3c864cdc320801e3db34b663e7e3f816\",\"name\":\"Camille Rouvray\",\"image\":{\"@type\":\"ImageObject\",\"inLanguage\":\"fr-FR\",\"@id\":\"https:\/\/voyage-aventure.com\/blog\/#\/schema\/person\/image\/\",\"url\":\"https:\/\/voyage-aventure.com\/blog\/wp-content\/uploads\/2026\/06\/persona_camille-r-96x96.jpg\",\"contentUrl\":\"https:\/\/voyage-aventure.com\/blog\/wp-content\/uploads\/2026\/06\/persona_camille-r-96x96.jpg\",\"caption\":\"Camille Rouvray\"},\"description\":\"Je voyage et j'\u00e9cris sur le voyage depuis une douzaine d'ann\u00e9es, d'abord en tant que routarde au long cours, puis comme r\u00e9dactrice sp\u00e9cialis\u00e9e. Mon terrain de pr\u00e9dilection, ce sont les circuits organis\u00e9s et l'art de bien pr\u00e9parer un itin\u00e9raire : choix de la saison, dur\u00e9e r\u00e9aliste des \u00e9tapes, budget jour par jour, logement et transport sur place. J'aime aussi raconter les p\u00e9pites urbaines, ces adresses qu'on ne trouve pas dans les guides classiques. Avant de publier un dossier destination, je croise toujours plusieurs sources, je v\u00e9rifie les tarifs et les formalit\u00e9s d'entr\u00e9e \u00e0 jour, et je teste moi-m\u00eame quand je le peux. Mon angle reste pratique avant tout : aider le lecteur \u00e0 partir l'esprit tranquille, sans mauvaise surprise une fois sur place. Je m'attache \u00e0 distinguer le coup de c\u0153ur sinc\u00e8re du simple argument marketing.\",\"sameAs\":[\"https:\/\/camillerouvray.fr\/\"],\"url\":\"https:\/\/voyage-aventure.com\/blog\/auteur\/noname\/\"}]}<\/script>\n<!-- \/ Yoast SEO Premium plugin. -->","yoast_head_json":{"title":"Des vacances d'\u00e9t\u00e9 en danger : le FBI intensifie ses","description":"S\u00e9curit\u00e9 voyage \u00b7 R\u00e9publique dominicaine \u00b7 Mars 2025 Apr\u00e8s la disparition d'une \u00e9tudiante am\u00e9ricaine \u00e0 Punta Cana, le FBI durcit ses recommandations \u00e0","robots":{"index":"index","follow":"follow","max-snippet":"max-snippet:-1","max-image-preview":"max-image-preview:large","max-video-preview":"max-video-preview:-1"},"canonical":"https:\/\/voyage-aventure.com\/blog\/a-la-une\/des-vacances-dete-en-danger-le-fbi-intensifie-ses-alertes-apres-une-disparition-en-republique-dominicaine\/","og_locale":"fr_FR","og_type":"article","og_title":"Des vacances d'\u00e9t\u00e9 en danger : le FBI intensifie ses","og_description":"S\u00e9curit\u00e9 voyage \u00b7 R\u00e9publique dominicaine \u00b7 Mars 2025 Apr\u00e8s la disparition d'une \u00e9tudiante am\u00e9ricaine \u00e0 Punta Cana, le FBI durcit ses recommandations \u00e0","og_url":"https:\/\/voyage-aventure.com\/blog\/a-la-une\/des-vacances-dete-en-danger-le-fbi-intensifie-ses-alertes-apres-une-disparition-en-republique-dominicaine\/","og_site_name":"voyage-aventure","og_image":[{"width":1200,"height":500,"url":"https:\/\/voyage-aventure.com\/blog\/wp-content\/uploads\/2025\/05\/sdxl-73e103a78d5c6ece731b1723a06dabef-scaled.png","type":"image\/png"}],"author":"Camille Rouvray","twitter_card":"summary_large_image","schema":{"@context":"https:\/\/schema.org","@graph":[{"@type":"NewsArticle","@id":"https:\/\/voyage-aventure.com\/blog\/a-la-une\/des-vacances-dete-en-danger-le-fbi-intensifie-ses-alertes-apres-une-disparition-en-republique-dominicaine\/#article","isPartOf":{"@id":"https:\/\/voyage-aventure.com\/blog\/a-la-une\/des-vacances-dete-en-danger-le-fbi-intensifie-ses-alertes-apres-une-disparition-en-republique-dominicaine\/"},"author":{"name":"Camille Rouvray","@id":"https:\/\/voyage-aventure.com\/blog\/#\/schema\/person\/3c864cdc320801e3db34b663e7e3f816"},"headline":"Des vacances d&rsquo;\u00e9t\u00e9 en danger : le FBI intensifie ses alertes apr\u00e8s une disparition en R\u00e9publique dominicaine","datePublished":"2026-06-16T15:16:23+00:00","mainEntityOfPage":{"@id":"https:\/\/voyage-aventure.com\/blog\/a-la-une\/des-vacances-dete-en-danger-le-fbi-intensifie-ses-alertes-apres-une-disparition-en-republique-dominicaine\/"},"wordCount":876,"commentCount":20,"publisher":{"@id":"https:\/\/voyage-aventure.com\/blog\/#organization"},"image":{"@id":"https:\/\/voyage-aventure.com\/blog\/a-la-une\/des-vacances-dete-en-danger-le-fbi-intensifie-ses-alertes-apres-une-disparition-en-republique-dominicaine\/#primaryimage"},"thumbnailUrl":"https:\/\/voyage-aventure.com\/blog\/wp-content\/uploads\/2025\/05\/sdxl-73e103a78d5c6ece731b1723a06dabef-scaled.png","keywords":["Conseils","Destinations","S\u00e9curit\u00e9","Voyage","Voyage en solo"],"articleSection":["\u00c0 la une"],"inLanguage":"fr-FR","potentialAction":[{"@type":"CommentAction","name":"Comment","target":["https:\/\/voyage-aventure.com\/blog\/a-la-une\/des-vacances-dete-en-danger-le-fbi-intensifie-ses-alertes-apres-une-disparition-en-republique-dominicaine\/#respond"]}]},{"@type":"WebPage","@id":"https:\/\/voyage-aventure.com\/blog\/a-la-une\/des-vacances-dete-en-danger-le-fbi-intensifie-ses-alertes-apres-une-disparition-en-republique-dominicaine\/","url":"https:\/\/voyage-aventure.com\/blog\/a-la-une\/des-vacances-dete-en-danger-le-fbi-intensifie-ses-alertes-apres-une-disparition-en-republique-dominicaine\/","name":"Des vacances d'\u00e9t\u00e9 en danger : le FBI intensifie ses","isPartOf":{"@id":"https:\/\/voyage-aventure.com\/blog\/#website"},"primaryImageOfPage":{"@id":"https:\/\/voyage-aventure.com\/blog\/a-la-une\/des-vacances-dete-en-danger-le-fbi-intensifie-ses-alertes-apres-une-disparition-en-republique-dominicaine\/#primaryimage"},"image":{"@id":"https:\/\/voyage-aventure.com\/blog\/a-la-une\/des-vacances-dete-en-danger-le-fbi-intensifie-ses-alertes-apres-une-disparition-en-republique-dominicaine\/#primaryimage"},"thumbnailUrl":"https:\/\/voyage-aventure.com\/blog\/wp-content\/uploads\/2025\/05\/sdxl-73e103a78d5c6ece731b1723a06dabef-scaled.png","datePublished":"2026-06-16T15:16:23+00:00","description":"S\u00e9curit\u00e9 voyage \u00b7 R\u00e9publique dominicaine \u00b7 Mars 2025 Apr\u00e8s la disparition d'une \u00e9tudiante am\u00e9ricaine \u00e0 Punta Cana, le FBI durcit ses recommandations \u00e0","inLanguage":"fr-FR","potentialAction":[{"@type":"ReadAction","target":["https:\/\/voyage-aventure.com\/blog\/a-la-une\/des-vacances-dete-en-danger-le-fbi-intensifie-ses-alertes-apres-une-disparition-en-republique-dominicaine\/"]}]},{"@type":"ImageObject","inLanguage":"fr-FR","@id":"https:\/\/voyage-aventure.com\/blog\/a-la-une\/des-vacances-dete-en-danger-le-fbi-intensifie-ses-alertes-apres-une-disparition-en-republique-dominicaine\/#primaryimage","url":"https:\/\/voyage-aventure.com\/blog\/wp-content\/uploads\/2025\/05\/sdxl-73e103a78d5c6ece731b1723a06dabef-scaled.png","contentUrl":"https:\/\/voyage-aventure.com\/blog\/wp-content\/uploads\/2025\/05\/sdxl-73e103a78d5c6ece731b1723a06dabef-scaled.png","width":1200,"height":500},{"@type":"WebSite","@id":"https:\/\/voyage-aventure.com\/blog\/#website","url":"https:\/\/voyage-aventure.com\/blog\/","name":"voyage-aventure.com","description":"Votre passeport pour l\u2019inattendu.","publisher":{"@id":"https:\/\/voyage-aventure.com\/blog\/#organization"},"alternateName":"Votre passeport pour l\u2019inattendu.","potentialAction":[{"@type":"SearchAction","target":{"@type":"EntryPoint","urlTemplate":"https:\/\/voyage-aventure.com\/blog\/?s={search_term_string}"},"query-input":{"@type":"PropertyValueSpecification","valueRequired":true,"valueName":"search_term_string"}}],"inLanguage":"fr-FR"},{"@type":"Organization","@id":"https:\/\/voyage-aventure.com\/blog\/#organization","name":"Foretsensations.fr","url":"https:\/\/voyage-aventure.com\/blog\/","logo":{"@type":"ImageObject","inLanguage":"fr-FR","@id":"https:\/\/voyage-aventure.com\/blog\/#\/schema\/logo\/image\/","url":"https:\/\/voyage-aventure.com\/blog\/wp-content\/uploads\/2024\/12\/19.png","contentUrl":"https:\/\/voyage-aventure.com\/blog\/wp-content\/uploads\/2024\/12\/19.png","width":512,"height":512,"caption":"Foretsensations.fr"},"image":{"@id":"https:\/\/voyage-aventure.com\/blog\/#\/schema\/logo\/image\/"}},{"@type":"Person","@id":"https:\/\/voyage-aventure.com\/blog\/#\/schema\/person\/3c864cdc320801e3db34b663e7e3f816","name":"Camille Rouvray","image":{"@type":"ImageObject","inLanguage":"fr-FR","@id":"https:\/\/voyage-aventure.com\/blog\/#\/schema\/person\/image\/","url":"https:\/\/voyage-aventure.com\/blog\/wp-content\/uploads\/2026\/06\/persona_camille-r-96x96.jpg","contentUrl":"https:\/\/voyage-aventure.com\/blog\/wp-content\/uploads\/2026\/06\/persona_camille-r-96x96.jpg","caption":"Camille Rouvray"},"description":"Je voyage et j'\u00e9cris sur le voyage depuis une douzaine d'ann\u00e9es, d'abord en tant que routarde au long cours, puis comme r\u00e9dactrice sp\u00e9cialis\u00e9e. Mon terrain de pr\u00e9dilection, ce sont les circuits organis\u00e9s et l'art de bien pr\u00e9parer un itin\u00e9raire : choix de la saison, dur\u00e9e r\u00e9aliste des \u00e9tapes, budget jour par jour, logement et transport sur place. J'aime aussi raconter les p\u00e9pites urbaines, ces adresses qu'on ne trouve pas dans les guides classiques. Avant de publier un dossier destination, je croise toujours plusieurs sources, je v\u00e9rifie les tarifs et les formalit\u00e9s d'entr\u00e9e \u00e0 jour, et je teste moi-m\u00eame quand je le peux. Mon angle reste pratique avant tout : aider le lecteur \u00e0 partir l'esprit tranquille, sans mauvaise surprise une fois sur place. Je m'attache \u00e0 distinguer le coup de c\u0153ur sinc\u00e8re du simple argument marketing.","sameAs":["https:\/\/camillerouvray.fr\/"],"url":"https:\/\/voyage-aventure.com\/blog\/auteur\/noname\/"}]}},"_links":{"self":[{"href":"https:\/\/voyage-aventure.com\/blog\/wp-json\/wp\/v2\/posts\/15513","targetHints":{"allow":["GET"]}}],"collection":[{"href":"https:\/\/voyage-aventure.com\/blog\/wp-json\/wp\/v2\/posts"}],"about":[{"href":"https:\/\/voyage-aventure.com\/blog\/wp-json\/wp\/v2\/types\/post"}],"author":[{"embeddable":true,"href":"https:\/\/voyage-aventure.com\/blog\/wp-json\/wp\/v2\/users\/34"}],"replies":[{"embeddable":true,"href":"https:\/\/voyage-aventure.com\/blog\/wp-json\/wp\/v2\/comments?post=15513"}],"version-history":[{"count":3,"href":"https:\/\/voyage-aventure.com\/blog\/wp-json\/wp\/v2\/posts\/15513\/revisions"}],"predecessor-version":[{"id":22821,"href":"https:\/\/voyage-aventure.com\/blog\/wp-json\/wp\/v2\/posts\/15513\/revisions\/22821"}],"wp:featuredmedia":[{"embeddable":true,"href":"https:\/\/voyage-aventure.com\/blog\/wp-json\/wp\/v2\/media\/19752"}],"wp:attachment":[{"href":"https:\/\/voyage-aventure.com\/blog\/wp-json\/wp\/v2\/media?parent=15513"}],"wp:term":[{"taxonomy":"category","embeddable":true,"href":"https:\/\/voyage-aventure.com\/blog\/wp-json\/wp\/v2\/categories?post=15513"},{"taxonomy":"post_tag","embeddable":true,"href":"https:\/\/voyage-aventure.com\/blog\/wp-json\/wp\/v2\/tags?post=15513"}],"curies":[{"name":"wp","href":"https:\/\/api.w.org\/{rel}","templated":true}]}}