{"id":15498,"date":"2025-03-18T21:27:23","date_gmt":"2025-03-18T20:27:23","guid":{"rendered":"https:\/\/voyage-aventure.com\/blog\/?p=15498"},"modified":"2025-03-18T20:38:17","modified_gmt":"2025-03-18T19:38:17","slug":"le-combat-de-cantrell-contre-linterdiction-de-voyage-enjeux-et-implications-pour-la-ville","status":"publish","type":"post","link":"https:\/\/voyage-aventure.com\/blog\/a-la-une\/le-combat-de-cantrell-contre-linterdiction-de-voyage-enjeux-et-implications-pour-la-ville\/","title":{"rendered":"Le combat de Cantrell contre l&rsquo;interdiction de voyage : enjeux et implications pour la ville"},"content":{"rendered":"<h2>Une bataille juridique en cours<\/h2>\n<p>Le 18 mars, elle a plaid\u00e9 devant le tribunal pour obtenir une ordonnance restrictive temporaire contre l&rsquo;interdiction de voyage mise en place par le Conseil municipal. Cette mesure a \u00e9t\u00e9 adopt\u00e9e \u00e0 l&rsquo;unanimit\u00e9 le 9 mars et limite les voyages financ\u00e9s par la ville aux seuls cas jug\u00e9s essentiels.<\/p>\n<p>Cette interdiction de voyage a \u00e9t\u00e9 instaur\u00e9e apr\u00e8s que l&rsquo;administration de Cantrell a renonc\u00e9 \u00e0 un accord de financement avec le Conseil scolaire de la paroisse d&rsquo;Orl\u00e9ans. Initialement pr\u00e9vue pour expirer fin avril, elle devrait maintenant \u00eatre prolong\u00e9e jusqu&rsquo;\u00e0 la fin de l&rsquo;exercice budg\u00e9taire actuel.<\/p>\n<h2>Les raisons derri\u00e8re l&rsquo;interdiction<\/h2>\n<p>Le Conseil municipal, par la voix de son pr\u00e9sident J.P. Morrell, affirme que cette interdiction est n\u00e9cessaire en raison des pr\u00e9occupations financi\u00e8res persistantes soulev\u00e9es par l&rsquo;administration de Cantrell. Morrell a exprim\u00e9 des inqui\u00e9tudes concernant le financement des voyages de la maire, qualifiant ses d\u00e9penses de \u00ab\u00a0manifestement ill\u00e9gales\u00a0\u00bb.<\/p>\n<p>La tension entre Cantrell et le Conseil a \u00e9t\u00e9 exacerb\u00e9e par son r\u00e9cent voyage \u00e0 Washington, D.C., o\u00f9 elle a assist\u00e9 \u00e0 la Conf\u00e9rence des maires de Yale, suscitant la controverse sur le financement de ce d\u00e9placement. Les membres du Conseil ont m\u00eame \u00e9voqu\u00e9 la possibilit\u00e9 de convoquer des fonctionnaires pour t\u00e9moigner sous serment concernant les modalit\u00e9s de financement de ces voyages.<\/p>\n<h2>Les voyages de Cantrell : une question de transparence<\/h2>\n<p>Depuis le d\u00e9but de son mandat, Cantrell a \u00e9t\u00e9 critiqu\u00e9e pour ses nombreux voyages, tant nationaux qu&rsquo;internationaux. Des documents de la ville r\u00e9v\u00e8lent qu&rsquo;elle a assist\u00e9 \u00e0 au moins 15 conf\u00e9rences au cours des deux derni\u00e8res ann\u00e9es, ce qui soul\u00e8ve des questions sur la n\u00e9cessit\u00e9 et le co\u00fbt de ces d\u00e9placements.<\/p>\n<p>Parmi ses voyages notables, on trouve des d\u00e9placements \u00e0 Washington pour des sommets de maires, \u00e0 Las Vegas pour le Super Bowl, et m\u00eame \u00e0 l&rsquo;\u00e9tranger pour des conf\u00e9rences sur le climat. Ces voyages, loin d&rsquo;\u00eatre anodins, mettent en lumi\u00e8re la n\u00e9cessit\u00e9 d&rsquo;une transparence accrue dans les d\u00e9penses publiques.<\/p>\n<blockquote><p>\n    \u00ab\u00a0Il est l\u00e9galement sans importance de savoir quand le voyage a \u00e9t\u00e9 programm\u00e9. L&rsquo;interdiction prohibe le voyage, point final.\u00a0\u00bb &#8211; J.P. Morrell\n<\/p><\/blockquote>\n<ul>\n<li><strong>Janvier 2024 :<\/strong> Washington, D.C., pour la r\u00e9union d&rsquo;hiver de la Conf\u00e9rence des maires des \u00c9tats-Unis<\/li>\n<li><strong>F\u00e9vrier 2024 :<\/strong> Las Vegas pour la passation du Super Bowl; Santa Barbara, Californie, pour la r\u00e9union d&rsquo;hiver de la Conf\u00e9rence des maires<\/li>\n<li><strong>Mars 2024 :<\/strong> Miami Beach pour le forum climatique Aspen; Washington D.C. pour l&rsquo;\u00e9v\u00e9nement de saison \u00e9lectorale de Yale<\/li>\n<li><strong>Mai 2024 :<\/strong> Montr\u00e9al pour un sommet sur le climat<\/li>\n<li><strong>Juin 2024 :<\/strong> Atlanta pour une conf\u00e9rence sur les services financiers; Kansas City pour une conf\u00e9rence de maires<\/li>\n<li><strong>Novembre 2024 :<\/strong> Rio de Janeiro, Br\u00e9sil, pour une conf\u00e9rence sur le climat; Barcelone, Espagne, pour une exposition des villes intelligentes<\/li>\n<li><strong>D\u00e9cembre 2024 :<\/strong> Los Angeles pour un sommet contre l&rsquo;antis\u00e9mitisme<\/li>\n<li><strong>Janvier 2025 :<\/strong> Washington, D.C., pour un autre sommet de maires<\/li>\n<li><strong>Mars 2025 :<\/strong> Washington, D.C., pour la conf\u00e9rence des maires de Yale<\/li>\n<\/ul>\n<p>Face \u00e0 ces critiques, le bureau de presse de Cantrell a d\u00e9fendu son voyage \u00e0 Yale, affirmant qu&rsquo;il avait \u00e9t\u00e9 planifi\u00e9 avant l&rsquo;entr\u00e9e en vigueur de l&rsquo;interdiction. Ils ont soulign\u00e9 que ces d\u00e9placements permettent de d\u00e9velopper des comp\u00e9tences en leadership et de cr\u00e9er des opportunit\u00e9s de mise en r\u00e9seau.<\/p>\n<p>Cependant, cette d\u00e9fense a \u00e9t\u00e9 balay\u00e9e par Morrell, qui insiste sur le fait que le respect des r\u00e8gles est primordial. La lutte entre Cantrell et le Conseil municipal met en lumi\u00e8re les d\u00e9fis auxquels sont confront\u00e9es les administrations locales en mati\u00e8re de gestion des finances publiques et de responsabilit\u00e9.<\/p>\n","protected":false},"excerpt":{"rendered":"","protected":false},"author":34,"featured_media":20688,"comment_status":"open","ping_status":"open","sticky":false,"template":"","format":"standard","meta":{"_acf_changed":false,"manual_indexmenow":false,"indexmenow_id_project":0,"footnotes":""},"categories":[1],"tags":[3726,4713,5688,3170,4635],"class_list":["post-15498","post","type-post","status-publish","format-standard","has-post-thumbnail","hentry","category-a-la-une","tag-conditions-meteorologiques","tag-preparation","tag-relations-internationales","tag-securite","tag-voyage","generate-columns","tablet-grid-50","mobile-grid-100","grid-parent","grid-25"],"acf":[],"yoast_head":"<!-- This site is optimized with the Yoast SEO Premium plugin v21.3 (Yoast SEO v25.1) - https:\/\/yoast.com\/wordpress\/plugins\/seo\/ -->\n<title>Le combat de Cantrell contre l&#039;interdiction de voyage<\/title>\n<meta name=\"description\" content=\"Le 18 mars, elle a plaid\u00e9 devant le tribunal pour obtenir une ordonnance restrictive temporaire contre l&#039;interdiction de voyage mise en place par le\" \/>\n<meta name=\"robots\" content=\"index, follow, max-snippet:-1, max-image-preview:large, max-video-preview:-1\" \/>\n<link rel=\"canonical\" href=\"https:\/\/voyage-aventure.com\/blog\/a-la-une\/le-combat-de-cantrell-contre-linterdiction-de-voyage-enjeux-et-implications-pour-la-ville\/\" \/>\n<meta property=\"og:locale\" content=\"fr_FR\" \/>\n<meta property=\"og:type\" content=\"article\" \/>\n<meta property=\"og:title\" content=\"Le combat de Cantrell contre l&#039;interdiction de voyage\" \/>\n<meta property=\"og:description\" content=\"Le 18 mars, elle a plaid\u00e9 devant le tribunal pour obtenir une ordonnance restrictive temporaire contre l&#039;interdiction de voyage mise en place par le\" \/>\n<meta property=\"og:url\" content=\"https:\/\/voyage-aventure.com\/blog\/a-la-une\/le-combat-de-cantrell-contre-linterdiction-de-voyage-enjeux-et-implications-pour-la-ville\/\" \/>\n<meta property=\"og:site_name\" content=\"voyage-aventure\" \/>\n<meta property=\"og:image\" content=\"https:\/\/voyage-aventure.com\/blog\/wp-content\/uploads\/2025\/05\/sdxl-53c84a4291bf64d575e7013d830ed53f-scaled.png\" \/>\n\t<meta property=\"og:image:width\" content=\"1200\" \/>\n\t<meta property=\"og:image:height\" content=\"500\" \/>\n\t<meta property=\"og:image:type\" content=\"image\/png\" \/>\n<meta name=\"author\" content=\"Camille Rouvray\" \/>\n<meta name=\"twitter:card\" content=\"summary_large_image\" \/>\n<script type=\"application\/ld+json\" class=\"yoast-schema-graph\">{\"@context\":\"https:\/\/schema.org\",\"@graph\":[{\"@type\":\"NewsArticle\",\"@id\":\"https:\/\/voyage-aventure.com\/blog\/a-la-une\/le-combat-de-cantrell-contre-linterdiction-de-voyage-enjeux-et-implications-pour-la-ville\/#article\",\"isPartOf\":{\"@id\":\"https:\/\/voyage-aventure.com\/blog\/a-la-une\/le-combat-de-cantrell-contre-linterdiction-de-voyage-enjeux-et-implications-pour-la-ville\/\"},\"author\":{\"name\":\"Camille Rouvray\",\"@id\":\"https:\/\/voyage-aventure.com\/blog\/#\/schema\/person\/3c864cdc320801e3db34b663e7e3f816\"},\"headline\":\"Le combat de Cantrell contre l&rsquo;interdiction de voyage : enjeux et implications pour la ville\",\"datePublished\":\"2025-03-18T20:27:23+00:00\",\"mainEntityOfPage\":{\"@id\":\"https:\/\/voyage-aventure.com\/blog\/a-la-une\/le-combat-de-cantrell-contre-linterdiction-de-voyage-enjeux-et-implications-pour-la-ville\/\"},\"wordCount\":663,\"commentCount\":23,\"publisher\":{\"@id\":\"https:\/\/voyage-aventure.com\/blog\/#organization\"},\"image\":{\"@id\":\"https:\/\/voyage-aventure.com\/blog\/a-la-une\/le-combat-de-cantrell-contre-linterdiction-de-voyage-enjeux-et-implications-pour-la-ville\/#primaryimage\"},\"thumbnailUrl\":\"https:\/\/voyage-aventure.com\/blog\/wp-content\/uploads\/2025\/05\/sdxl-53c84a4291bf64d575e7013d830ed53f-scaled.png\",\"keywords\":[\"Conditions M\u00e9t\u00e9orologiques\",\"Pr\u00e9paration\",\"Relations Internationales\",\"S\u00e9curit\u00e9\",\"Voyage\"],\"articleSection\":[\"\u00c0 la une\"],\"inLanguage\":\"fr-FR\",\"potentialAction\":[{\"@type\":\"CommentAction\",\"name\":\"Comment\",\"target\":[\"https:\/\/voyage-aventure.com\/blog\/a-la-une\/le-combat-de-cantrell-contre-linterdiction-de-voyage-enjeux-et-implications-pour-la-ville\/#respond\"]}]},{\"@type\":\"WebPage\",\"@id\":\"https:\/\/voyage-aventure.com\/blog\/a-la-une\/le-combat-de-cantrell-contre-linterdiction-de-voyage-enjeux-et-implications-pour-la-ville\/\",\"url\":\"https:\/\/voyage-aventure.com\/blog\/a-la-une\/le-combat-de-cantrell-contre-linterdiction-de-voyage-enjeux-et-implications-pour-la-ville\/\",\"name\":\"Le combat de Cantrell contre l'interdiction de voyage\",\"isPartOf\":{\"@id\":\"https:\/\/voyage-aventure.com\/blog\/#website\"},\"primaryImageOfPage\":{\"@id\":\"https:\/\/voyage-aventure.com\/blog\/a-la-une\/le-combat-de-cantrell-contre-linterdiction-de-voyage-enjeux-et-implications-pour-la-ville\/#primaryimage\"},\"image\":{\"@id\":\"https:\/\/voyage-aventure.com\/blog\/a-la-une\/le-combat-de-cantrell-contre-linterdiction-de-voyage-enjeux-et-implications-pour-la-ville\/#primaryimage\"},\"thumbnailUrl\":\"https:\/\/voyage-aventure.com\/blog\/wp-content\/uploads\/2025\/05\/sdxl-53c84a4291bf64d575e7013d830ed53f-scaled.png\",\"datePublished\":\"2025-03-18T20:27:23+00:00\",\"description\":\"Le 18 mars, elle a plaid\u00e9 devant le tribunal pour obtenir une ordonnance restrictive temporaire contre l'interdiction de voyage mise en place par le\",\"inLanguage\":\"fr-FR\",\"potentialAction\":[{\"@type\":\"ReadAction\",\"target\":[\"https:\/\/voyage-aventure.com\/blog\/a-la-une\/le-combat-de-cantrell-contre-linterdiction-de-voyage-enjeux-et-implications-pour-la-ville\/\"]}]},{\"@type\":\"ImageObject\",\"inLanguage\":\"fr-FR\",\"@id\":\"https:\/\/voyage-aventure.com\/blog\/a-la-une\/le-combat-de-cantrell-contre-linterdiction-de-voyage-enjeux-et-implications-pour-la-ville\/#primaryimage\",\"url\":\"https:\/\/voyage-aventure.com\/blog\/wp-content\/uploads\/2025\/05\/sdxl-53c84a4291bf64d575e7013d830ed53f-scaled.png\",\"contentUrl\":\"https:\/\/voyage-aventure.com\/blog\/wp-content\/uploads\/2025\/05\/sdxl-53c84a4291bf64d575e7013d830ed53f-scaled.png\",\"width\":1200,\"height\":500},{\"@type\":\"WebSite\",\"@id\":\"https:\/\/voyage-aventure.com\/blog\/#website\",\"url\":\"https:\/\/voyage-aventure.com\/blog\/\",\"name\":\"voyage-aventure.com\",\"description\":\"Votre passeport pour l\u2019inattendu.\",\"publisher\":{\"@id\":\"https:\/\/voyage-aventure.com\/blog\/#organization\"},\"alternateName\":\"Votre passeport pour l\u2019inattendu.\",\"potentialAction\":[{\"@type\":\"SearchAction\",\"target\":{\"@type\":\"EntryPoint\",\"urlTemplate\":\"https:\/\/voyage-aventure.com\/blog\/?s={search_term_string}\"},\"query-input\":{\"@type\":\"PropertyValueSpecification\",\"valueRequired\":true,\"valueName\":\"search_term_string\"}}],\"inLanguage\":\"fr-FR\"},{\"@type\":\"Organization\",\"@id\":\"https:\/\/voyage-aventure.com\/blog\/#organization\",\"name\":\"Foretsensations.fr\",\"url\":\"https:\/\/voyage-aventure.com\/blog\/\",\"logo\":{\"@type\":\"ImageObject\",\"inLanguage\":\"fr-FR\",\"@id\":\"https:\/\/voyage-aventure.com\/blog\/#\/schema\/logo\/image\/\",\"url\":\"https:\/\/voyage-aventure.com\/blog\/wp-content\/uploads\/2024\/12\/19.png\",\"contentUrl\":\"https:\/\/voyage-aventure.com\/blog\/wp-content\/uploads\/2024\/12\/19.png\",\"width\":512,\"height\":512,\"caption\":\"Foretsensations.fr\"},\"image\":{\"@id\":\"https:\/\/voyage-aventure.com\/blog\/#\/schema\/logo\/image\/\"}},{\"@type\":\"Person\",\"@id\":\"https:\/\/voyage-aventure.com\/blog\/#\/schema\/person\/3c864cdc320801e3db34b663e7e3f816\",\"name\":\"Camille Rouvray\",\"image\":{\"@type\":\"ImageObject\",\"inLanguage\":\"fr-FR\",\"@id\":\"https:\/\/voyage-aventure.com\/blog\/#\/schema\/person\/image\/\",\"url\":\"https:\/\/voyage-aventure.com\/blog\/wp-content\/uploads\/2026\/06\/persona_camille-r-96x96.jpg\",\"contentUrl\":\"https:\/\/voyage-aventure.com\/blog\/wp-content\/uploads\/2026\/06\/persona_camille-r-96x96.jpg\",\"caption\":\"Camille Rouvray\"},\"description\":\"Je voyage et j'\u00e9cris sur le voyage depuis une douzaine d'ann\u00e9es, d'abord en tant que routarde au long cours, puis comme r\u00e9dactrice sp\u00e9cialis\u00e9e. Mon terrain de pr\u00e9dilection, ce sont les circuits organis\u00e9s et l'art de bien pr\u00e9parer un itin\u00e9raire : choix de la saison, dur\u00e9e r\u00e9aliste des \u00e9tapes, budget jour par jour, logement et transport sur place. J'aime aussi raconter les p\u00e9pites urbaines, ces adresses qu'on ne trouve pas dans les guides classiques. Avant de publier un dossier destination, je croise toujours plusieurs sources, je v\u00e9rifie les tarifs et les formalit\u00e9s d'entr\u00e9e \u00e0 jour, et je teste moi-m\u00eame quand je le peux. Mon angle reste pratique avant tout : aider le lecteur \u00e0 partir l'esprit tranquille, sans mauvaise surprise une fois sur place. Je m'attache \u00e0 distinguer le coup de c\u0153ur sinc\u00e8re du simple argument marketing.\",\"sameAs\":[\"https:\/\/camillerouvray.fr\/\"],\"url\":\"https:\/\/voyage-aventure.com\/blog\/auteur\/noname\/\"}]}<\/script>\n<!-- \/ Yoast SEO Premium plugin. -->","yoast_head_json":{"title":"Le combat de Cantrell contre l'interdiction de voyage","description":"Le 18 mars, elle a plaid\u00e9 devant le tribunal pour obtenir une ordonnance restrictive temporaire contre l'interdiction de voyage mise en place par le","robots":{"index":"index","follow":"follow","max-snippet":"max-snippet:-1","max-image-preview":"max-image-preview:large","max-video-preview":"max-video-preview:-1"},"canonical":"https:\/\/voyage-aventure.com\/blog\/a-la-une\/le-combat-de-cantrell-contre-linterdiction-de-voyage-enjeux-et-implications-pour-la-ville\/","og_locale":"fr_FR","og_type":"article","og_title":"Le combat de Cantrell contre l'interdiction de voyage","og_description":"Le 18 mars, elle a plaid\u00e9 devant le tribunal pour obtenir une ordonnance restrictive temporaire contre l'interdiction de voyage mise en place par le","og_url":"https:\/\/voyage-aventure.com\/blog\/a-la-une\/le-combat-de-cantrell-contre-linterdiction-de-voyage-enjeux-et-implications-pour-la-ville\/","og_site_name":"voyage-aventure","og_image":[{"width":1200,"height":500,"url":"https:\/\/voyage-aventure.com\/blog\/wp-content\/uploads\/2025\/05\/sdxl-53c84a4291bf64d575e7013d830ed53f-scaled.png","type":"image\/png"}],"author":"Camille Rouvray","twitter_card":"summary_large_image","schema":{"@context":"https:\/\/schema.org","@graph":[{"@type":"NewsArticle","@id":"https:\/\/voyage-aventure.com\/blog\/a-la-une\/le-combat-de-cantrell-contre-linterdiction-de-voyage-enjeux-et-implications-pour-la-ville\/#article","isPartOf":{"@id":"https:\/\/voyage-aventure.com\/blog\/a-la-une\/le-combat-de-cantrell-contre-linterdiction-de-voyage-enjeux-et-implications-pour-la-ville\/"},"author":{"name":"Camille Rouvray","@id":"https:\/\/voyage-aventure.com\/blog\/#\/schema\/person\/3c864cdc320801e3db34b663e7e3f816"},"headline":"Le combat de Cantrell contre l&rsquo;interdiction de voyage : enjeux et implications pour la ville","datePublished":"2025-03-18T20:27:23+00:00","mainEntityOfPage":{"@id":"https:\/\/voyage-aventure.com\/blog\/a-la-une\/le-combat-de-cantrell-contre-linterdiction-de-voyage-enjeux-et-implications-pour-la-ville\/"},"wordCount":663,"commentCount":23,"publisher":{"@id":"https:\/\/voyage-aventure.com\/blog\/#organization"},"image":{"@id":"https:\/\/voyage-aventure.com\/blog\/a-la-une\/le-combat-de-cantrell-contre-linterdiction-de-voyage-enjeux-et-implications-pour-la-ville\/#primaryimage"},"thumbnailUrl":"https:\/\/voyage-aventure.com\/blog\/wp-content\/uploads\/2025\/05\/sdxl-53c84a4291bf64d575e7013d830ed53f-scaled.png","keywords":["Conditions M\u00e9t\u00e9orologiques","Pr\u00e9paration","Relations Internationales","S\u00e9curit\u00e9","Voyage"],"articleSection":["\u00c0 la une"],"inLanguage":"fr-FR","potentialAction":[{"@type":"CommentAction","name":"Comment","target":["https:\/\/voyage-aventure.com\/blog\/a-la-une\/le-combat-de-cantrell-contre-linterdiction-de-voyage-enjeux-et-implications-pour-la-ville\/#respond"]}]},{"@type":"WebPage","@id":"https:\/\/voyage-aventure.com\/blog\/a-la-une\/le-combat-de-cantrell-contre-linterdiction-de-voyage-enjeux-et-implications-pour-la-ville\/","url":"https:\/\/voyage-aventure.com\/blog\/a-la-une\/le-combat-de-cantrell-contre-linterdiction-de-voyage-enjeux-et-implications-pour-la-ville\/","name":"Le combat de Cantrell contre l'interdiction de voyage","isPartOf":{"@id":"https:\/\/voyage-aventure.com\/blog\/#website"},"primaryImageOfPage":{"@id":"https:\/\/voyage-aventure.com\/blog\/a-la-une\/le-combat-de-cantrell-contre-linterdiction-de-voyage-enjeux-et-implications-pour-la-ville\/#primaryimage"},"image":{"@id":"https:\/\/voyage-aventure.com\/blog\/a-la-une\/le-combat-de-cantrell-contre-linterdiction-de-voyage-enjeux-et-implications-pour-la-ville\/#primaryimage"},"thumbnailUrl":"https:\/\/voyage-aventure.com\/blog\/wp-content\/uploads\/2025\/05\/sdxl-53c84a4291bf64d575e7013d830ed53f-scaled.png","datePublished":"2025-03-18T20:27:23+00:00","description":"Le 18 mars, elle a plaid\u00e9 devant le tribunal pour obtenir une ordonnance restrictive temporaire contre l'interdiction de voyage mise en place par le","inLanguage":"fr-FR","potentialAction":[{"@type":"ReadAction","target":["https:\/\/voyage-aventure.com\/blog\/a-la-une\/le-combat-de-cantrell-contre-linterdiction-de-voyage-enjeux-et-implications-pour-la-ville\/"]}]},{"@type":"ImageObject","inLanguage":"fr-FR","@id":"https:\/\/voyage-aventure.com\/blog\/a-la-une\/le-combat-de-cantrell-contre-linterdiction-de-voyage-enjeux-et-implications-pour-la-ville\/#primaryimage","url":"https:\/\/voyage-aventure.com\/blog\/wp-content\/uploads\/2025\/05\/sdxl-53c84a4291bf64d575e7013d830ed53f-scaled.png","contentUrl":"https:\/\/voyage-aventure.com\/blog\/wp-content\/uploads\/2025\/05\/sdxl-53c84a4291bf64d575e7013d830ed53f-scaled.png","width":1200,"height":500},{"@type":"WebSite","@id":"https:\/\/voyage-aventure.com\/blog\/#website","url":"https:\/\/voyage-aventure.com\/blog\/","name":"voyage-aventure.com","description":"Votre passeport pour l\u2019inattendu.","publisher":{"@id":"https:\/\/voyage-aventure.com\/blog\/#organization"},"alternateName":"Votre passeport pour l\u2019inattendu.","potentialAction":[{"@type":"SearchAction","target":{"@type":"EntryPoint","urlTemplate":"https:\/\/voyage-aventure.com\/blog\/?s={search_term_string}"},"query-input":{"@type":"PropertyValueSpecification","valueRequired":true,"valueName":"search_term_string"}}],"inLanguage":"fr-FR"},{"@type":"Organization","@id":"https:\/\/voyage-aventure.com\/blog\/#organization","name":"Foretsensations.fr","url":"https:\/\/voyage-aventure.com\/blog\/","logo":{"@type":"ImageObject","inLanguage":"fr-FR","@id":"https:\/\/voyage-aventure.com\/blog\/#\/schema\/logo\/image\/","url":"https:\/\/voyage-aventure.com\/blog\/wp-content\/uploads\/2024\/12\/19.png","contentUrl":"https:\/\/voyage-aventure.com\/blog\/wp-content\/uploads\/2024\/12\/19.png","width":512,"height":512,"caption":"Foretsensations.fr"},"image":{"@id":"https:\/\/voyage-aventure.com\/blog\/#\/schema\/logo\/image\/"}},{"@type":"Person","@id":"https:\/\/voyage-aventure.com\/blog\/#\/schema\/person\/3c864cdc320801e3db34b663e7e3f816","name":"Camille Rouvray","image":{"@type":"ImageObject","inLanguage":"fr-FR","@id":"https:\/\/voyage-aventure.com\/blog\/#\/schema\/person\/image\/","url":"https:\/\/voyage-aventure.com\/blog\/wp-content\/uploads\/2026\/06\/persona_camille-r-96x96.jpg","contentUrl":"https:\/\/voyage-aventure.com\/blog\/wp-content\/uploads\/2026\/06\/persona_camille-r-96x96.jpg","caption":"Camille Rouvray"},"description":"Je voyage et j'\u00e9cris sur le voyage depuis une douzaine d'ann\u00e9es, d'abord en tant que routarde au long cours, puis comme r\u00e9dactrice sp\u00e9cialis\u00e9e. Mon terrain de pr\u00e9dilection, ce sont les circuits organis\u00e9s et l'art de bien pr\u00e9parer un itin\u00e9raire : choix de la saison, dur\u00e9e r\u00e9aliste des \u00e9tapes, budget jour par jour, logement et transport sur place. J'aime aussi raconter les p\u00e9pites urbaines, ces adresses qu'on ne trouve pas dans les guides classiques. Avant de publier un dossier destination, je croise toujours plusieurs sources, je v\u00e9rifie les tarifs et les formalit\u00e9s d'entr\u00e9e \u00e0 jour, et je teste moi-m\u00eame quand je le peux. Mon angle reste pratique avant tout : aider le lecteur \u00e0 partir l'esprit tranquille, sans mauvaise surprise une fois sur place. Je m'attache \u00e0 distinguer le coup de c\u0153ur sinc\u00e8re du simple argument marketing.","sameAs":["https:\/\/camillerouvray.fr\/"],"url":"https:\/\/voyage-aventure.com\/blog\/auteur\/noname\/"}]}},"_links":{"self":[{"href":"https:\/\/voyage-aventure.com\/blog\/wp-json\/wp\/v2\/posts\/15498","targetHints":{"allow":["GET"]}}],"collection":[{"href":"https:\/\/voyage-aventure.com\/blog\/wp-json\/wp\/v2\/posts"}],"about":[{"href":"https:\/\/voyage-aventure.com\/blog\/wp-json\/wp\/v2\/types\/post"}],"author":[{"embeddable":true,"href":"https:\/\/voyage-aventure.com\/blog\/wp-json\/wp\/v2\/users\/34"}],"replies":[{"embeddable":true,"href":"https:\/\/voyage-aventure.com\/blog\/wp-json\/wp\/v2\/comments?post=15498"}],"version-history":[{"count":1,"href":"https:\/\/voyage-aventure.com\/blog\/wp-json\/wp\/v2\/posts\/15498\/revisions"}],"predecessor-version":[{"id":15504,"href":"https:\/\/voyage-aventure.com\/blog\/wp-json\/wp\/v2\/posts\/15498\/revisions\/15504"}],"wp:featuredmedia":[{"embeddable":true,"href":"https:\/\/voyage-aventure.com\/blog\/wp-json\/wp\/v2\/media\/20688"}],"wp:attachment":[{"href":"https:\/\/voyage-aventure.com\/blog\/wp-json\/wp\/v2\/media?parent=15498"}],"wp:term":[{"taxonomy":"category","embeddable":true,"href":"https:\/\/voyage-aventure.com\/blog\/wp-json\/wp\/v2\/categories?post=15498"},{"taxonomy":"post_tag","embeddable":true,"href":"https:\/\/voyage-aventure.com\/blog\/wp-json\/wp\/v2\/tags?post=15498"}],"curies":[{"name":"wp","href":"https:\/\/api.w.org\/{rel}","templated":true}]}}