{"id":15496,"date":"2026-05-19T10:34:55","date_gmt":"2026-05-19T08:34:55","guid":{"rendered":"https:\/\/voyage-aventure.com\/blog\/?p=15496"},"modified":"2026-05-19T10:34:55","modified_gmt":"2026-05-19T08:34:55","slug":"pourquoi-le-sac-a-dos-coofay-est-lallie-ideal-pour-vos-escapades-de-2025","status":"publish","type":"post","link":"https:\/\/voyage-aventure.com\/blog\/a-la-une\/pourquoi-le-sac-a-dos-coofay-est-lallie-ideal-pour-vos-escapades-de-2025\/","title":{"rendered":"Pourquoi le sac \u00e0 dos Coofay est l&rsquo;alli\u00e9 id\u00e9al pour vos escapades de 2025"},"content":{"rendered":"<div style=\"margin:0 0 28px;padding:22px 26px;background:linear-gradient(135deg,#faf3ec 0%,#f3e6d6 100%);border-left:5px solid #6a4a2a;border-radius:6px;\">\n<div style=\"font-size:11px;letter-spacing:2.4px;text-transform:uppercase;color:#6a4a2a;font-weight:700;margin-bottom:8px;\">Guide d&rsquo;achat &middot; Sac de voyage<\/div>\n<div style=\"font-size:17px;line-height:1.6;color:#3a2a18;\"><strong>Le sac \u00e0 dos Coofay<\/strong> s&rsquo;est impos\u00e9 en quelques saisons comme l&rsquo;un des compagnons pr\u00e9f\u00e9r\u00e9s des voyageurs qui veulent du volume, du confort et un look soign\u00e9 sans exploser leur budget. D\u00e9cryptage complet d&rsquo;un best-seller qui coche presque toutes les cases pour vos escapades de 2025.<\/div>\n<\/div>\n<p>Le sac \u00e0 dos Coofay, avec ses caract\u00e9ristiques pratiques et son design \u00e9l\u00e9gant, s&rsquo;impose comme une option incontournable pour les voyageurs modernes. Dans cet article, nous allons explorer les atouts de ce sac \u00e0 dos et pourquoi il pourrait bien devenir votre compagnon de voyage favori.<\/p>\n<div style=\"display:grid;grid-template-columns:repeat(auto-fit,minmax(160px,1fr));gap:14px;margin:30px 0;\">\n<div style=\"padding:18px;background:#fff;border:1px solid #ebe0d0;border-radius:8px;text-align:center;box-shadow:0 1px 3px rgba(106,74,42,0.06);\">\n<div style=\"font-size:28px;font-weight:800;color:#6a4a2a;line-height:1;\">40L<\/div>\n<div style=\"font-size:11px;letter-spacing:1.4px;text-transform:uppercase;color:#7a6a55;margin-top:8px;\">Volume bagage cabine<\/div>\n<\/div>\n<div style=\"padding:18px;background:#fff;border:1px solid #ebe0d0;border-radius:8px;text-align:center;box-shadow:0 1px 3px rgba(106,74,42,0.06);\">\n<div style=\"font-size:28px;font-weight:800;color:#6a4a2a;line-height:1;\">15&Prime;<\/div>\n<div style=\"font-size:11px;letter-spacing:1.4px;text-transform:uppercase;color:#7a6a55;margin-top:8px;\">Compartiment laptop<\/div>\n<\/div>\n<div style=\"padding:18px;background:#fff;border:1px solid #ebe0d0;border-radius:8px;text-align:center;box-shadow:0 1px 3px rgba(106,74,42,0.06);\">\n<div style=\"font-size:28px;font-weight:800;color:#6a4a2a;line-height:1;\">1,2kg<\/div>\n<div style=\"font-size:11px;letter-spacing:1.4px;text-transform:uppercase;color:#7a6a55;margin-top:8px;\">Poids \u00e0 vide<\/div>\n<\/div>\n<div style=\"padding:18px;background:#fff;border:1px solid #ebe0d0;border-radius:8px;text-align:center;box-shadow:0 1px 3px rgba(106,74,42,0.06);\">\n<div style=\"font-size:28px;font-weight:800;color:#6a4a2a;line-height:1;\">7+<\/div>\n<div style=\"font-size:11px;letter-spacing:1.4px;text-transform:uppercase;color:#7a6a55;margin-top:8px;\">Compartiments<\/div>\n<\/div>\n<\/div>\n<h2>Un sac \u00e0 dos con\u00e7u pour les aventuriers<\/h2>\n<p>Le sac \u00e0 dos Coofay n&rsquo;est pas qu&rsquo;un simple accessoire, c&rsquo;est un v\u00e9ritable alli\u00e9 pour ceux qui aiment voyager. Avec une capacit\u00e9 impressionnante, il permet de transporter tous vos essentiels sans avoir \u00e0 sacrifier votre style. Les compartiments sp\u00e9ciaux pour les v\u00eatements, les chaussures et les appareils \u00e9lectroniques en font un choix judicieux pour une organisation optimale.<\/p>\n<p>Lors de ses recherches, Soumi Sarkar, designer pour House Beautiful, a trouv\u00e9 que le Coofay \u00e9tait non seulement abordable, mais qu&rsquo;il offrait \u00e9galement une fonctionnalit\u00e9 exceptionnelle. \u00ab\u00a0Je voulais un sac \u00e0 dos qui puisse contenir tout le n\u00e9cessaire pour un week-end sans me ruiner\u00a0\u00bb, raconte-t-elle. Ce sac a su r\u00e9pondre \u00e0 ses attentes, et il pourrait bien r\u00e9pondre aux v\u00f4tres aussi.<\/p>\n<div style=\"margin:32px 0;padding:26px 28px;background:#fff;border:1px solid #ebe0d0;border-radius:10px;box-shadow:0 2px 8px rgba(106,74,42,0.05);\">\n<div style=\"font-size:11px;letter-spacing:2.4px;text-transform:uppercase;color:#6a4a2a;font-weight:700;margin-bottom:14px;\">Anatomie du sac<\/div>\n<div style=\"display:grid;grid-template-columns:repeat(auto-fit,minmax(220px,1fr));gap:18px;\">\n<div>\n<div style=\"font-weight:700;color:#3a2a18;margin-bottom:4px;\">Poche frontale rapide<\/div>\n<div style=\"font-size:14px;color:#5a4a35;line-height:1.55;\">Pour passeport, billet d&#8217;embarquement et t\u00e9l\u00e9phone \u2014 accessible en deux secondes au contr\u00f4le.<\/div>\n<\/div>\n<div>\n<div style=\"font-weight:700;color:#3a2a18;margin-bottom:4px;\">Compartiment principal expansible<\/div>\n<div style=\"font-size:14px;color:#5a4a35;line-height:1.55;\">Ouverture \u00e0 180\u00b0 type valise : on range \u00e0 plat, on retrouve tout sans tout vider.<\/div>\n<\/div>\n<div>\n<div style=\"font-weight:700;color:#3a2a18;margin-bottom:4px;\">Poche chaussures s\u00e9par\u00e9e<\/div>\n<div style=\"font-size:14px;color:#5a4a35;line-height:1.55;\">Ventil\u00e9e et isol\u00e9e, elle \u00e9vite que les baskets contaminent les v\u00eatements propres.<\/div>\n<\/div>\n<div>\n<div style=\"font-weight:700;color:#3a2a18;margin-bottom:4px;\">Sleeve laptop 15&Prime;<\/div>\n<div style=\"font-size:14px;color:#5a4a35;line-height:1.55;\">Rembourr\u00e9e, dos-renforc\u00e9, compatible MacBook Pro 15 et la plupart des ultraportables.<\/div>\n<\/div>\n<div>\n<div style=\"font-weight:700;color:#3a2a18;margin-bottom:4px;\">Sangle trolley<\/div>\n<div style=\"font-size:14px;color:#5a4a35;line-height:1.55;\">Permet de fixer le sac sur la poign\u00e9e d&rsquo;une valise \u00e0 roulettes dans les longs transferts.<\/div>\n<\/div>\n<div>\n<div style=\"font-weight:700;color:#3a2a18;margin-bottom:4px;\">Port USB int\u00e9gr\u00e9<\/div>\n<div style=\"font-size:14px;color:#5a4a35;line-height:1.55;\">Pour brancher une batterie externe gliss\u00e9e dans la poche d\u00e9di\u00e9e et recharger en marchant.<\/div>\n<\/div>\n<\/div>\n<\/div>\n<h2>Les avantages du sac \u00e0 dos Coofay<\/h2>\n<p>Ce sac \u00e0 dos est sp\u00e9cialement con\u00e7u pour r\u00e9pondre aux besoins des voyageurs. En plus de sa capacit\u00e9, il se distingue par ses mat\u00e9riaux imperm\u00e9ables, garantissant la protection de vos affaires en cas de pluie. De plus, il est disponible en plusieurs couleurs, ce qui permet de l&rsquo;adapter \u00e0 votre style personnel.<\/p>\n<p>Les bretelles rembourr\u00e9es et larges offrent un confort in\u00e9gal\u00e9, m\u00eame lorsque le sac est charg\u00e9. \u00ab\u00a0Je ne me suis jamais sentie g\u00ean\u00e9e en le portant \u00e0 l&rsquo;a\u00e9roport\u00a0\u00bb, d\u00e9clare Sarkar. Ce confort fait toute la diff\u00e9rence, surtout lors des longues journ\u00e9es de voyage.<\/p>\n<div style=\"margin:32px 0;padding:28px;background:linear-gradient(135deg,#3a2a18 0%,#6a4a2a 100%);border-radius:10px;color:#faf3ec;\">\n<div style=\"font-size:11px;letter-spacing:2.4px;text-transform:uppercase;color:#e8c89a;font-weight:700;margin-bottom:18px;\">Verdict express<\/div>\n<div style=\"display:grid;grid-template-columns:repeat(auto-fit,minmax(220px,1fr));gap:20px;\">\n<div>\n<div style=\"font-size:13px;letter-spacing:1.4px;text-transform:uppercase;color:#e8c89a;margin-bottom:8px;\">+ On adore<\/div>\n<div style=\"font-size:14px;line-height:1.6;\">Rapport qualit\u00e9-prix imbattable, organisation pens\u00e9e pour le voyageur, finitions soign\u00e9es, polyvalence ville\/avion\/randonn\u00e9e l\u00e9g\u00e8re.<\/div>\n<\/div>\n<div>\n<div style=\"font-size:13px;letter-spacing:1.4px;text-transform:uppercase;color:#e8c89a;margin-bottom:8px;\">&#8211; \u00c0 surveiller<\/div>\n<div style=\"font-size:14px;line-height:1.6;\">Pas de ceinture lombaire v\u00e9ritable (peu adapt\u00e9 au trek long), tissu polyester moins noble qu&rsquo;un Cordura, certaines fermetures \u00e9clair \u00e0 roder.<\/div>\n<\/div>\n<div>\n<div style=\"font-size:13px;letter-spacing:1.4px;text-transform:uppercase;color:#e8c89a;margin-bottom:8px;\">Profil id\u00e9al<\/div>\n<div style=\"font-size:14px;line-height:1.6;\">Voyageur week-end, digital nomade, \u00e9tudiant en stage \u00e0 l&rsquo;\u00e9tranger, photographe urbain qui veut tout caser dans un seul bagage cabine.<\/div>\n<\/div>\n<\/div>\n<\/div>\n<h2>Est-ce le bon choix pour vous ?<\/h2>\n<p>Si vous \u00eates un voyageur r\u00e9gulier \u00e0 la recherche d&rsquo;un sac \u00e0 dos pratique et fiable, le Coofay pourrait \u00eatre votre meilleur choix. Ce mod\u00e8le est id\u00e9al pour les escapades de quelques jours, permettant de transporter tout ce dont vous avez besoin tout en respectant les exigences des compagnies a\u00e9riennes. \u00ab\u00a0J&rsquo;ai remarqu\u00e9 que beaucoup de personnes \u00e0 l&rsquo;a\u00e9roport utilisaient ce sac\u00a0\u00bb, ajoute Sarkar, t\u00e9moignant de sa popularit\u00e9 croissante.<\/p>\n<p>En somme, si vous recherchez un sac qui combine fonctionnalit\u00e9, confort et esth\u00e9tique, le Coofay est \u00e0 consid\u00e9rer. Avec une multitude de compartiments et une taille adapt\u00e9e pour les bagages \u00e0 main, il facilite le voyage sans compromettre votre style.<\/p>\n<div style=\"margin:32px 0;padding:24px 28px;background:#faf3ec;border-left:5px solid #6a4a2a;border-radius:6px;\">\n<div style=\"font-size:11px;letter-spacing:2.4px;text-transform:uppercase;color:#6a4a2a;font-weight:700;margin-bottom:12px;\">Compatibilit\u00e9 bagage cabine<\/div>\n<div style=\"font-size:15px;line-height:1.65;color:#3a2a18;\">Les dimensions du Coofay (g\u00e9n\u00e9ralement 45 \u00d7 30 \u00d7 20 cm dans sa version standard) respectent les contraintes de la plupart des compagnies europ\u00e9ennes :<\/div>\n<div style=\"display:grid;grid-template-columns:repeat(auto-fit,minmax(150px,1fr));gap:10px;margin-top:14px;\">\n<div style=\"padding:10px 14px;background:#fff;border-radius:6px;border:1px solid #ebe0d0;\"><strong style=\"color:#6a4a2a;\">Air France<\/strong><\/p>\n<div style=\"font-size:12px;color:#5a4a35;\">55 \u00d7 35 \u00d7 25 cm &check;<\/div>\n<\/div>\n<div style=\"padding:10px 14px;background:#fff;border-radius:6px;border:1px solid #ebe0d0;\"><strong style=\"color:#6a4a2a;\">Lufthansa<\/strong><\/p>\n<div style=\"font-size:12px;color:#5a4a35;\">55 \u00d7 40 \u00d7 23 cm &check;<\/div>\n<\/div>\n<div style=\"padding:10px 14px;background:#fff;border-radius:6px;border:1px solid #ebe0d0;\"><strong style=\"color:#6a4a2a;\">easyJet<\/strong><\/p>\n<div style=\"font-size:12px;color:#5a4a35;\">45 \u00d7 36 \u00d7 20 cm &check;<\/div>\n<\/div>\n<div style=\"padding:10px 14px;background:#fff;border-radius:6px;border:1px solid #ebe0d0;\"><strong style=\"color:#6a4a2a;\">Ryanair<\/strong><\/p>\n<div style=\"font-size:12px;color:#5a4a35;\">40 \u00d7 25 \u00d7 20 cm \u2014 petit bagage uniquement<\/div>\n<\/div>\n<\/div>\n<\/div>\n<blockquote style=\"margin:32px 0;padding:28px 32px;background:#fff;border-left:5px solid #6a4a2a;border-radius:0 8px 8px 0;font-family:Georgia,serif;font-style:italic;font-size:20px;line-height:1.5;color:#3a2a18;box-shadow:0 2px 6px rgba(106,74,42,0.05);\"><p>\n\u00ab\u00a0La cl\u00e9 d&rsquo;un bon voyage r\u00e9side dans un bon bagage.\u00a0\u00bb<\/p>\n<div style=\"font-size:13px;font-style:normal;font-family:inherit;color:#6a4a2a;margin-top:14px;letter-spacing:1.2px;text-transform:uppercase;font-weight:700;\">\u2014 Soumi Sarkar, designer pour House Beautiful<\/div>\n<\/blockquote>\n<h2>Les points \u00e0 retenir<\/h2>\n<ul>\n<li>Compartiments sp\u00e9cialis\u00e9s pour une meilleure organisation<\/li>\n<li>Mat\u00e9riaux imperm\u00e9ables pour la protection des affaires<\/li>\n<li>Disponibilit\u00e9 en plusieurs couleurs et tailles<\/li>\n<li>Bretelles rembourr\u00e9es pour un confort optimal<\/li>\n<li>Taille standard adapt\u00e9e aux espaces de rangement en cabine<\/li>\n<\/ul>\n<div style=\"margin:32px 0;padding:28px;background:#fff;border:1px solid #ebe0d0;border-radius:10px;\">\n<div style=\"font-size:11px;letter-spacing:2.4px;text-transform:uppercase;color:#6a4a2a;font-weight:700;margin-bottom:18px;\">Comment bien charger son Coofay \u2014 m\u00e9thode 3-2-1<\/div>\n<div style=\"display:grid;grid-template-columns:repeat(auto-fit,minmax(180px,1fr));gap:20px;\">\n<div style=\"position:relative;padding-left:48px;\">\n<div style=\"position:absolute;left:0;top:-4px;width:36px;height:36px;border-radius:50%;background:#6a4a2a;color:#faf3ec;display:flex;align-items:center;justify-content:center;font-weight:800;font-size:16px;\">3<\/div>\n<div style=\"font-weight:700;color:#3a2a18;margin-bottom:4px;\">tenues max<\/div>\n<div style=\"font-size:14px;color:#5a4a35;line-height:1.55;\">On limite \u00e0 trois tenues compl\u00e8tes roul\u00e9es (technique militaire) \u2014 assez pour un long week-end, on lave sur place au-del\u00e0.<\/div>\n<\/div>\n<div style=\"position:relative;padding-left:48px;\">\n<div style=\"position:absolute;left:0;top:-4px;width:36px;height:36px;border-radius:50%;background:#6a4a2a;color:#faf3ec;display:flex;align-items:center;justify-content:center;font-weight:800;font-size:16px;\">2<\/div>\n<div style=\"font-weight:700;color:#3a2a18;margin-bottom:4px;\">paires de chaussures<\/div>\n<div style=\"font-size:14px;color:#5a4a35;line-height:1.55;\">Celle aux pieds + une paire dans la poche ventil\u00e9e. Au-del\u00e0, on d\u00e9passe le poids confort des bretelles.<\/div>\n<\/div>\n<div style=\"position:relative;padding-left:48px;\">\n<div style=\"position:absolute;left:0;top:-4px;width:36px;height:36px;border-radius:50%;background:#6a4a2a;color:#faf3ec;display:flex;align-items:center;justify-content:center;font-weight:800;font-size:16px;\">1<\/div>\n<div style=\"font-weight:700;color:#3a2a18;margin-bottom:4px;\">trousse essentiels<\/div>\n<div style=\"font-size:14px;color:#5a4a35;line-height:1.55;\">Une seule pochette regroupe chargeurs, adaptateurs, papiers et trousse de toilette \u2014 fini de chercher en panique \u00e0 5h du matin.<\/div>\n<\/div>\n<\/div>\n<\/div>\n<h2>Coofay vs concurrence : un positionnement malin<\/h2>\n<p>Face \u00e0 des r\u00e9f\u00e9rences \u00e9tablies comme Osprey Farpoint, Cabin Zero ou Nordace Siena, le Coofay joue clairement la carte du rapport qualit\u00e9-prix. Il ne pr\u00e9tend pas rivaliser sur la durabilit\u00e9 d&rsquo;un sac trek haut de gamme, mais il propose 80 % des fonctionnalit\u00e9s utiles pour 40 % du prix \u2014 un compromis tr\u00e8s convaincant pour un voyageur urbain ou un primo-acheteur qui h\u00e9site encore \u00e0 mettre 180 \u20ac dans un sac.<\/p>\n<p>L&rsquo;autre point diff\u00e9renciant tient \u00e0 son esth\u00e9tique : ligne sobre, coutures discr\u00e8tes, palette de coloris neutres (noir, gris anthracite, beige sable, vert kaki) qui passe aussi bien en r\u00e9union qu&rsquo;en randonn\u00e9e l\u00e9g\u00e8re. L\u00e0 o\u00f9 certains mod\u00e8les techniques affichent fi\u00e8rement leurs sangles compression et leurs boucles plastique color\u00e9es, le Coofay cultive un parti pris minimaliste qui le rend transversal.<\/p>\n<div style=\"margin:32px 0;padding:24px 28px;background:linear-gradient(135deg,#faf3ec 0%,#f3e6d6 100%);border-radius:10px;border:1px solid #ebe0d0;\">\n<div style=\"font-size:11px;letter-spacing:2.4px;text-transform:uppercase;color:#6a4a2a;font-weight:700;margin-bottom:14px;\">FAQ rapide<\/div>\n<div style=\"margin-bottom:14px;\">\n<div style=\"font-weight:700;color:#3a2a18;margin-bottom:4px;\">Le Coofay passe-t-il vraiment en cabine low-cost ?<\/div>\n<div style=\"font-size:14px;color:#5a4a35;line-height:1.6;\">Oui, dans sa version standard 40L compress\u00e9e. Pour Ryanair, on \u00e9vite de surcharger pour rester sous 40 \u00d7 25 \u00d7 20 cm \u2014 au-del\u00e0, c&rsquo;est option \u00ab\u00a0priorit\u00e9\u00a0\u00bb payante.<\/div>\n<\/div>\n<div style=\"margin-bottom:14px;\">\n<div style=\"font-weight:700;color:#3a2a18;margin-bottom:4px;\">Est-il vraiment imperm\u00e9able ?<\/div>\n<div style=\"font-size:14px;color:#5a4a35;line-height:1.6;\">Hydrofuge sous une pluie mod\u00e9r\u00e9e, oui. Sous orage tropical, un sur-sac imperm\u00e9able reste recommand\u00e9 \u2014 les coutures ne sont pas thermosoud\u00e9es.<\/div>\n<\/div>\n<div>\n<div style=\"font-weight:700;color:#3a2a18;margin-bottom:4px;\">Combien de temps tient-il ?<\/div>\n<div style=\"font-size:14px;color:#5a4a35;line-height:1.6;\">Les retours utilisateurs convergent autour de 2 \u00e0 3 ans d&rsquo;usage intensif (1 \u00e0 2 voyages par mois) avant que les fermetures \u00e9clair principales ne montrent des signes de fatigue.<\/div>\n<\/div>\n<\/div>\n<p>En d\u00e9finitive, le sac \u00e0 dos Coofay est un excellent choix pour tous ceux qui souhaitent voyager l\u00e9ger sans sacrifier le confort. Que ce soit pour une escapade d&rsquo;un week-end ou un voyage prolong\u00e9, ce sac r\u00e9pondra \u00e0 tous vos besoins. N&rsquo;attendez plus pour vous \u00e9quiper d&rsquo;un compagnon de voyage qui vous simplifiera la vie.<\/p>\n<div style=\"margin:32px 0 0;padding:18px 22px;background:#faf3ec;border-radius:6px;border-left:3px solid #6a4a2a;font-size:13px;color:#5a4a35;line-height:1.6;font-style:italic;\">Article informatif r\u00e9dig\u00e9 \u00e0 partir des retours utilisateurs disponibles publiquement et des sp\u00e9cifications fabricant. Les caract\u00e9ristiques pr\u00e9cises peuvent varier selon le mod\u00e8le (40L, 35L, version laptop, version anti-vol) \u2014 v\u00e9rifiez toujours la fiche produit avant achat.<\/div>\n","protected":false},"excerpt":{"rendered":"","protected":false},"author":34,"featured_media":19758,"comment_status":"open","ping_status":"open","sticky":false,"template":"","format":"standard","meta":{"_acf_changed":false,"manual_indexmenow":false,"indexmenow_id_project":0,"footnotes":""},"categories":[1],"tags":[4538,4639,4528,4635,5218],"class_list":["post-15496","post","type-post","status-publish","format-standard","has-post-thumbnail","hentry","category-a-la-une","tag-activites-variees","tag-aventure","tag-hebergement-abordable","tag-voyage","tag-voyage-organise","generate-columns","tablet-grid-50","mobile-grid-100","grid-parent","grid-25"],"acf":[],"yoast_head":"<!-- This site is optimized with the Yoast SEO Premium plugin v21.3 (Yoast SEO v25.1) - https:\/\/yoast.com\/wordpress\/plugins\/seo\/ -->\n<title>Pourquoi le sac \u00e0 dos Coofay est l&#039;alli\u00e9 id\u00e9al pour vos<\/title>\n<meta name=\"description\" content=\"Le sac \u00e0 dos Coofay s&#039;est impos\u00e9 en quelques saisons comme l&#039;un des compagnons pr\u00e9f\u00e9r\u00e9s des voyageurs qui veulent du volume, du confort et un look soign\u00e9\" \/>\n<meta name=\"robots\" content=\"index, follow, max-snippet:-1, max-image-preview:large, max-video-preview:-1\" \/>\n<link rel=\"canonical\" href=\"https:\/\/voyage-aventure.com\/blog\/a-la-une\/pourquoi-le-sac-a-dos-coofay-est-lallie-ideal-pour-vos-escapades-de-2025\/\" \/>\n<meta property=\"og:locale\" content=\"fr_FR\" \/>\n<meta property=\"og:type\" content=\"article\" \/>\n<meta property=\"og:title\" content=\"Pourquoi le sac \u00e0 dos Coofay est l&#039;alli\u00e9 id\u00e9al pour vos\" \/>\n<meta property=\"og:description\" content=\"Le sac \u00e0 dos Coofay s&#039;est impos\u00e9 en quelques saisons comme l&#039;un des compagnons pr\u00e9f\u00e9r\u00e9s des voyageurs qui veulent du volume, du confort et un look soign\u00e9\" \/>\n<meta property=\"og:url\" content=\"https:\/\/voyage-aventure.com\/blog\/a-la-une\/pourquoi-le-sac-a-dos-coofay-est-lallie-ideal-pour-vos-escapades-de-2025\/\" \/>\n<meta property=\"og:site_name\" content=\"voyage-aventure\" \/>\n<meta property=\"og:image\" content=\"https:\/\/voyage-aventure.com\/blog\/wp-content\/uploads\/2025\/05\/sdxl-9c35df85ae29ebed213d11137e7a89ca-scaled.png\" \/>\n\t<meta property=\"og:image:width\" content=\"1200\" \/>\n\t<meta property=\"og:image:height\" content=\"500\" \/>\n\t<meta property=\"og:image:type\" content=\"image\/png\" \/>\n<meta name=\"author\" content=\"Camille Rouvray\" \/>\n<meta name=\"twitter:card\" content=\"summary_large_image\" \/>\n<script type=\"application\/ld+json\" class=\"yoast-schema-graph\">{\"@context\":\"https:\/\/schema.org\",\"@graph\":[{\"@type\":\"NewsArticle\",\"@id\":\"https:\/\/voyage-aventure.com\/blog\/a-la-une\/pourquoi-le-sac-a-dos-coofay-est-lallie-ideal-pour-vos-escapades-de-2025\/#article\",\"isPartOf\":{\"@id\":\"https:\/\/voyage-aventure.com\/blog\/a-la-une\/pourquoi-le-sac-a-dos-coofay-est-lallie-ideal-pour-vos-escapades-de-2025\/\"},\"author\":{\"name\":\"Camille Rouvray\",\"@id\":\"https:\/\/voyage-aventure.com\/blog\/#\/schema\/person\/3c864cdc320801e3db34b663e7e3f816\"},\"headline\":\"Pourquoi le sac \u00e0 dos Coofay est l&rsquo;alli\u00e9 id\u00e9al pour vos escapades de 2025\",\"datePublished\":\"2026-05-19T08:34:55+00:00\",\"mainEntityOfPage\":{\"@id\":\"https:\/\/voyage-aventure.com\/blog\/a-la-une\/pourquoi-le-sac-a-dos-coofay-est-lallie-ideal-pour-vos-escapades-de-2025\/\"},\"wordCount\":1186,\"commentCount\":21,\"publisher\":{\"@id\":\"https:\/\/voyage-aventure.com\/blog\/#organization\"},\"image\":{\"@id\":\"https:\/\/voyage-aventure.com\/blog\/a-la-une\/pourquoi-le-sac-a-dos-coofay-est-lallie-ideal-pour-vos-escapades-de-2025\/#primaryimage\"},\"thumbnailUrl\":\"https:\/\/voyage-aventure.com\/blog\/wp-content\/uploads\/2025\/05\/sdxl-9c35df85ae29ebed213d11137e7a89ca-scaled.png\",\"keywords\":[\"Activit\u00e9s Vari\u00e9es\",\"Aventure\",\"H\u00e9bergement Abordable\",\"Voyage\",\"Voyage Organis\u00e9\"],\"articleSection\":[\"\u00c0 la une\"],\"inLanguage\":\"fr-FR\",\"potentialAction\":[{\"@type\":\"CommentAction\",\"name\":\"Comment\",\"target\":[\"https:\/\/voyage-aventure.com\/blog\/a-la-une\/pourquoi-le-sac-a-dos-coofay-est-lallie-ideal-pour-vos-escapades-de-2025\/#respond\"]}]},{\"@type\":\"WebPage\",\"@id\":\"https:\/\/voyage-aventure.com\/blog\/a-la-une\/pourquoi-le-sac-a-dos-coofay-est-lallie-ideal-pour-vos-escapades-de-2025\/\",\"url\":\"https:\/\/voyage-aventure.com\/blog\/a-la-une\/pourquoi-le-sac-a-dos-coofay-est-lallie-ideal-pour-vos-escapades-de-2025\/\",\"name\":\"Pourquoi le sac \u00e0 dos Coofay est l'alli\u00e9 id\u00e9al pour vos\",\"isPartOf\":{\"@id\":\"https:\/\/voyage-aventure.com\/blog\/#website\"},\"primaryImageOfPage\":{\"@id\":\"https:\/\/voyage-aventure.com\/blog\/a-la-une\/pourquoi-le-sac-a-dos-coofay-est-lallie-ideal-pour-vos-escapades-de-2025\/#primaryimage\"},\"image\":{\"@id\":\"https:\/\/voyage-aventure.com\/blog\/a-la-une\/pourquoi-le-sac-a-dos-coofay-est-lallie-ideal-pour-vos-escapades-de-2025\/#primaryimage\"},\"thumbnailUrl\":\"https:\/\/voyage-aventure.com\/blog\/wp-content\/uploads\/2025\/05\/sdxl-9c35df85ae29ebed213d11137e7a89ca-scaled.png\",\"datePublished\":\"2026-05-19T08:34:55+00:00\",\"description\":\"Le sac \u00e0 dos Coofay s'est impos\u00e9 en quelques saisons comme l'un des compagnons pr\u00e9f\u00e9r\u00e9s des voyageurs qui veulent du volume, du confort et un look soign\u00e9\",\"inLanguage\":\"fr-FR\",\"potentialAction\":[{\"@type\":\"ReadAction\",\"target\":[\"https:\/\/voyage-aventure.com\/blog\/a-la-une\/pourquoi-le-sac-a-dos-coofay-est-lallie-ideal-pour-vos-escapades-de-2025\/\"]}]},{\"@type\":\"ImageObject\",\"inLanguage\":\"fr-FR\",\"@id\":\"https:\/\/voyage-aventure.com\/blog\/a-la-une\/pourquoi-le-sac-a-dos-coofay-est-lallie-ideal-pour-vos-escapades-de-2025\/#primaryimage\",\"url\":\"https:\/\/voyage-aventure.com\/blog\/wp-content\/uploads\/2025\/05\/sdxl-9c35df85ae29ebed213d11137e7a89ca-scaled.png\",\"contentUrl\":\"https:\/\/voyage-aventure.com\/blog\/wp-content\/uploads\/2025\/05\/sdxl-9c35df85ae29ebed213d11137e7a89ca-scaled.png\",\"width\":1200,\"height\":500},{\"@type\":\"WebSite\",\"@id\":\"https:\/\/voyage-aventure.com\/blog\/#website\",\"url\":\"https:\/\/voyage-aventure.com\/blog\/\",\"name\":\"voyage-aventure.com\",\"description\":\"Votre passeport pour l\u2019inattendu.\",\"publisher\":{\"@id\":\"https:\/\/voyage-aventure.com\/blog\/#organization\"},\"alternateName\":\"Votre passeport pour l\u2019inattendu.\",\"potentialAction\":[{\"@type\":\"SearchAction\",\"target\":{\"@type\":\"EntryPoint\",\"urlTemplate\":\"https:\/\/voyage-aventure.com\/blog\/?s={search_term_string}\"},\"query-input\":{\"@type\":\"PropertyValueSpecification\",\"valueRequired\":true,\"valueName\":\"search_term_string\"}}],\"inLanguage\":\"fr-FR\"},{\"@type\":\"Organization\",\"@id\":\"https:\/\/voyage-aventure.com\/blog\/#organization\",\"name\":\"Foretsensations.fr\",\"url\":\"https:\/\/voyage-aventure.com\/blog\/\",\"logo\":{\"@type\":\"ImageObject\",\"inLanguage\":\"fr-FR\",\"@id\":\"https:\/\/voyage-aventure.com\/blog\/#\/schema\/logo\/image\/\",\"url\":\"https:\/\/voyage-aventure.com\/blog\/wp-content\/uploads\/2024\/12\/19.png\",\"contentUrl\":\"https:\/\/voyage-aventure.com\/blog\/wp-content\/uploads\/2024\/12\/19.png\",\"width\":512,\"height\":512,\"caption\":\"Foretsensations.fr\"},\"image\":{\"@id\":\"https:\/\/voyage-aventure.com\/blog\/#\/schema\/logo\/image\/\"}},{\"@type\":\"Person\",\"@id\":\"https:\/\/voyage-aventure.com\/blog\/#\/schema\/person\/3c864cdc320801e3db34b663e7e3f816\",\"name\":\"Camille Rouvray\",\"image\":{\"@type\":\"ImageObject\",\"inLanguage\":\"fr-FR\",\"@id\":\"https:\/\/voyage-aventure.com\/blog\/#\/schema\/person\/image\/\",\"url\":\"https:\/\/voyage-aventure.com\/blog\/wp-content\/uploads\/2026\/06\/persona_camille-r-96x96.jpg\",\"contentUrl\":\"https:\/\/voyage-aventure.com\/blog\/wp-content\/uploads\/2026\/06\/persona_camille-r-96x96.jpg\",\"caption\":\"Camille Rouvray\"},\"description\":\"Je voyage et j'\u00e9cris sur le voyage depuis une douzaine d'ann\u00e9es, d'abord en tant que routarde au long cours, puis comme r\u00e9dactrice sp\u00e9cialis\u00e9e. Mon terrain de pr\u00e9dilection, ce sont les circuits organis\u00e9s et l'art de bien pr\u00e9parer un itin\u00e9raire : choix de la saison, dur\u00e9e r\u00e9aliste des \u00e9tapes, budget jour par jour, logement et transport sur place. J'aime aussi raconter les p\u00e9pites urbaines, ces adresses qu'on ne trouve pas dans les guides classiques. Avant de publier un dossier destination, je croise toujours plusieurs sources, je v\u00e9rifie les tarifs et les formalit\u00e9s d'entr\u00e9e \u00e0 jour, et je teste moi-m\u00eame quand je le peux. Mon angle reste pratique avant tout : aider le lecteur \u00e0 partir l'esprit tranquille, sans mauvaise surprise une fois sur place. Je m'attache \u00e0 distinguer le coup de c\u0153ur sinc\u00e8re du simple argument marketing.\",\"sameAs\":[\"https:\/\/camillerouvray.fr\/\"],\"url\":\"https:\/\/voyage-aventure.com\/blog\/auteur\/noname\/\"}]}<\/script>\n<!-- \/ Yoast SEO Premium plugin. -->","yoast_head_json":{"title":"Pourquoi le sac \u00e0 dos Coofay est l'alli\u00e9 id\u00e9al pour vos","description":"Le sac \u00e0 dos Coofay s'est impos\u00e9 en quelques saisons comme l'un des compagnons pr\u00e9f\u00e9r\u00e9s des voyageurs qui veulent du volume, du confort et un look soign\u00e9","robots":{"index":"index","follow":"follow","max-snippet":"max-snippet:-1","max-image-preview":"max-image-preview:large","max-video-preview":"max-video-preview:-1"},"canonical":"https:\/\/voyage-aventure.com\/blog\/a-la-une\/pourquoi-le-sac-a-dos-coofay-est-lallie-ideal-pour-vos-escapades-de-2025\/","og_locale":"fr_FR","og_type":"article","og_title":"Pourquoi le sac \u00e0 dos Coofay est l'alli\u00e9 id\u00e9al pour vos","og_description":"Le sac \u00e0 dos Coofay s'est impos\u00e9 en quelques saisons comme l'un des compagnons pr\u00e9f\u00e9r\u00e9s des voyageurs qui veulent du volume, du confort et un look soign\u00e9","og_url":"https:\/\/voyage-aventure.com\/blog\/a-la-une\/pourquoi-le-sac-a-dos-coofay-est-lallie-ideal-pour-vos-escapades-de-2025\/","og_site_name":"voyage-aventure","og_image":[{"width":1200,"height":500,"url":"https:\/\/voyage-aventure.com\/blog\/wp-content\/uploads\/2025\/05\/sdxl-9c35df85ae29ebed213d11137e7a89ca-scaled.png","type":"image\/png"}],"author":"Camille Rouvray","twitter_card":"summary_large_image","schema":{"@context":"https:\/\/schema.org","@graph":[{"@type":"NewsArticle","@id":"https:\/\/voyage-aventure.com\/blog\/a-la-une\/pourquoi-le-sac-a-dos-coofay-est-lallie-ideal-pour-vos-escapades-de-2025\/#article","isPartOf":{"@id":"https:\/\/voyage-aventure.com\/blog\/a-la-une\/pourquoi-le-sac-a-dos-coofay-est-lallie-ideal-pour-vos-escapades-de-2025\/"},"author":{"name":"Camille Rouvray","@id":"https:\/\/voyage-aventure.com\/blog\/#\/schema\/person\/3c864cdc320801e3db34b663e7e3f816"},"headline":"Pourquoi le sac \u00e0 dos Coofay est l&rsquo;alli\u00e9 id\u00e9al pour vos escapades de 2025","datePublished":"2026-05-19T08:34:55+00:00","mainEntityOfPage":{"@id":"https:\/\/voyage-aventure.com\/blog\/a-la-une\/pourquoi-le-sac-a-dos-coofay-est-lallie-ideal-pour-vos-escapades-de-2025\/"},"wordCount":1186,"commentCount":21,"publisher":{"@id":"https:\/\/voyage-aventure.com\/blog\/#organization"},"image":{"@id":"https:\/\/voyage-aventure.com\/blog\/a-la-une\/pourquoi-le-sac-a-dos-coofay-est-lallie-ideal-pour-vos-escapades-de-2025\/#primaryimage"},"thumbnailUrl":"https:\/\/voyage-aventure.com\/blog\/wp-content\/uploads\/2025\/05\/sdxl-9c35df85ae29ebed213d11137e7a89ca-scaled.png","keywords":["Activit\u00e9s Vari\u00e9es","Aventure","H\u00e9bergement Abordable","Voyage","Voyage Organis\u00e9"],"articleSection":["\u00c0 la une"],"inLanguage":"fr-FR","potentialAction":[{"@type":"CommentAction","name":"Comment","target":["https:\/\/voyage-aventure.com\/blog\/a-la-une\/pourquoi-le-sac-a-dos-coofay-est-lallie-ideal-pour-vos-escapades-de-2025\/#respond"]}]},{"@type":"WebPage","@id":"https:\/\/voyage-aventure.com\/blog\/a-la-une\/pourquoi-le-sac-a-dos-coofay-est-lallie-ideal-pour-vos-escapades-de-2025\/","url":"https:\/\/voyage-aventure.com\/blog\/a-la-une\/pourquoi-le-sac-a-dos-coofay-est-lallie-ideal-pour-vos-escapades-de-2025\/","name":"Pourquoi le sac \u00e0 dos Coofay est l'alli\u00e9 id\u00e9al pour vos","isPartOf":{"@id":"https:\/\/voyage-aventure.com\/blog\/#website"},"primaryImageOfPage":{"@id":"https:\/\/voyage-aventure.com\/blog\/a-la-une\/pourquoi-le-sac-a-dos-coofay-est-lallie-ideal-pour-vos-escapades-de-2025\/#primaryimage"},"image":{"@id":"https:\/\/voyage-aventure.com\/blog\/a-la-une\/pourquoi-le-sac-a-dos-coofay-est-lallie-ideal-pour-vos-escapades-de-2025\/#primaryimage"},"thumbnailUrl":"https:\/\/voyage-aventure.com\/blog\/wp-content\/uploads\/2025\/05\/sdxl-9c35df85ae29ebed213d11137e7a89ca-scaled.png","datePublished":"2026-05-19T08:34:55+00:00","description":"Le sac \u00e0 dos Coofay s'est impos\u00e9 en quelques saisons comme l'un des compagnons pr\u00e9f\u00e9r\u00e9s des voyageurs qui veulent du volume, du confort et un look soign\u00e9","inLanguage":"fr-FR","potentialAction":[{"@type":"ReadAction","target":["https:\/\/voyage-aventure.com\/blog\/a-la-une\/pourquoi-le-sac-a-dos-coofay-est-lallie-ideal-pour-vos-escapades-de-2025\/"]}]},{"@type":"ImageObject","inLanguage":"fr-FR","@id":"https:\/\/voyage-aventure.com\/blog\/a-la-une\/pourquoi-le-sac-a-dos-coofay-est-lallie-ideal-pour-vos-escapades-de-2025\/#primaryimage","url":"https:\/\/voyage-aventure.com\/blog\/wp-content\/uploads\/2025\/05\/sdxl-9c35df85ae29ebed213d11137e7a89ca-scaled.png","contentUrl":"https:\/\/voyage-aventure.com\/blog\/wp-content\/uploads\/2025\/05\/sdxl-9c35df85ae29ebed213d11137e7a89ca-scaled.png","width":1200,"height":500},{"@type":"WebSite","@id":"https:\/\/voyage-aventure.com\/blog\/#website","url":"https:\/\/voyage-aventure.com\/blog\/","name":"voyage-aventure.com","description":"Votre passeport pour l\u2019inattendu.","publisher":{"@id":"https:\/\/voyage-aventure.com\/blog\/#organization"},"alternateName":"Votre passeport pour l\u2019inattendu.","potentialAction":[{"@type":"SearchAction","target":{"@type":"EntryPoint","urlTemplate":"https:\/\/voyage-aventure.com\/blog\/?s={search_term_string}"},"query-input":{"@type":"PropertyValueSpecification","valueRequired":true,"valueName":"search_term_string"}}],"inLanguage":"fr-FR"},{"@type":"Organization","@id":"https:\/\/voyage-aventure.com\/blog\/#organization","name":"Foretsensations.fr","url":"https:\/\/voyage-aventure.com\/blog\/","logo":{"@type":"ImageObject","inLanguage":"fr-FR","@id":"https:\/\/voyage-aventure.com\/blog\/#\/schema\/logo\/image\/","url":"https:\/\/voyage-aventure.com\/blog\/wp-content\/uploads\/2024\/12\/19.png","contentUrl":"https:\/\/voyage-aventure.com\/blog\/wp-content\/uploads\/2024\/12\/19.png","width":512,"height":512,"caption":"Foretsensations.fr"},"image":{"@id":"https:\/\/voyage-aventure.com\/blog\/#\/schema\/logo\/image\/"}},{"@type":"Person","@id":"https:\/\/voyage-aventure.com\/blog\/#\/schema\/person\/3c864cdc320801e3db34b663e7e3f816","name":"Camille Rouvray","image":{"@type":"ImageObject","inLanguage":"fr-FR","@id":"https:\/\/voyage-aventure.com\/blog\/#\/schema\/person\/image\/","url":"https:\/\/voyage-aventure.com\/blog\/wp-content\/uploads\/2026\/06\/persona_camille-r-96x96.jpg","contentUrl":"https:\/\/voyage-aventure.com\/blog\/wp-content\/uploads\/2026\/06\/persona_camille-r-96x96.jpg","caption":"Camille Rouvray"},"description":"Je voyage et j'\u00e9cris sur le voyage depuis une douzaine d'ann\u00e9es, d'abord en tant que routarde au long cours, puis comme r\u00e9dactrice sp\u00e9cialis\u00e9e. Mon terrain de pr\u00e9dilection, ce sont les circuits organis\u00e9s et l'art de bien pr\u00e9parer un itin\u00e9raire : choix de la saison, dur\u00e9e r\u00e9aliste des \u00e9tapes, budget jour par jour, logement et transport sur place. J'aime aussi raconter les p\u00e9pites urbaines, ces adresses qu'on ne trouve pas dans les guides classiques. Avant de publier un dossier destination, je croise toujours plusieurs sources, je v\u00e9rifie les tarifs et les formalit\u00e9s d'entr\u00e9e \u00e0 jour, et je teste moi-m\u00eame quand je le peux. Mon angle reste pratique avant tout : aider le lecteur \u00e0 partir l'esprit tranquille, sans mauvaise surprise une fois sur place. Je m'attache \u00e0 distinguer le coup de c\u0153ur sinc\u00e8re du simple argument marketing.","sameAs":["https:\/\/camillerouvray.fr\/"],"url":"https:\/\/voyage-aventure.com\/blog\/auteur\/noname\/"}]}},"_links":{"self":[{"href":"https:\/\/voyage-aventure.com\/blog\/wp-json\/wp\/v2\/posts\/15496","targetHints":{"allow":["GET"]}}],"collection":[{"href":"https:\/\/voyage-aventure.com\/blog\/wp-json\/wp\/v2\/posts"}],"about":[{"href":"https:\/\/voyage-aventure.com\/blog\/wp-json\/wp\/v2\/types\/post"}],"author":[{"embeddable":true,"href":"https:\/\/voyage-aventure.com\/blog\/wp-json\/wp\/v2\/users\/34"}],"replies":[{"embeddable":true,"href":"https:\/\/voyage-aventure.com\/blog\/wp-json\/wp\/v2\/comments?post=15496"}],"version-history":[{"count":2,"href":"https:\/\/voyage-aventure.com\/blog\/wp-json\/wp\/v2\/posts\/15496\/revisions"}],"predecessor-version":[{"id":21209,"href":"https:\/\/voyage-aventure.com\/blog\/wp-json\/wp\/v2\/posts\/15496\/revisions\/21209"}],"wp:featuredmedia":[{"embeddable":true,"href":"https:\/\/voyage-aventure.com\/blog\/wp-json\/wp\/v2\/media\/19758"}],"wp:attachment":[{"href":"https:\/\/voyage-aventure.com\/blog\/wp-json\/wp\/v2\/media?parent=15496"}],"wp:term":[{"taxonomy":"category","embeddable":true,"href":"https:\/\/voyage-aventure.com\/blog\/wp-json\/wp\/v2\/categories?post=15496"},{"taxonomy":"post_tag","embeddable":true,"href":"https:\/\/voyage-aventure.com\/blog\/wp-json\/wp\/v2\/tags?post=15496"}],"curies":[{"name":"wp","href":"https:\/\/api.w.org\/{rel}","templated":true}]}}