{"id":15472,"date":"2026-06-16T17:15:23","date_gmt":"2026-06-16T15:15:23","guid":{"rendered":"https:\/\/voyage-aventure.com\/blog\/?p=15472"},"modified":"2026-06-16T17:15:23","modified_gmt":"2026-06-16T15:15:23","slug":"offrez-vous-jusqua-15-de-reduction-sur-leurope-avec-la-vente-bon-voyage-de-collette","status":"publish","type":"post","link":"https:\/\/voyage-aventure.com\/blog\/destinations-aventure\/offrez-vous-jusqua-15-de-reduction-sur-leurope-avec-la-vente-bon-voyage-de-collette\/","title":{"rendered":"Offrez-vous jusqu&rsquo;\u00e0 15% de r\u00e9duction sur l&rsquo;Europe avec la vente Bon Voyage de Collette"},"content":{"rendered":"<link rel=\"stylesheet\" href=\"https:\/\/fonts.googleapis.com\/css2?family=Newsreader:ital,opsz,wght@0,6..72,500..700;1,6..72,500&#038;family=Inter:wght@400;500;600&#038;family=JetBrains+Mono:wght@500&#038;display=swap\">\n<style>\n.va-news-wrap{font-family:'Inter',-apple-system,sans-serif;color:#1c2024;line-height:1.65;font-size:17px;max-width:760px;margin:0 auto}\n.va-news-wrap h2{font-family:'Newsreader',Georgia,serif;font-weight:700;font-size:clamp(24px,3.2vw,33px);line-height:1.2;letter-spacing:-.01em;color:#15191c;margin:46px 0 16px}\n.va-news-wrap h3{font-family:'Newsreader',Georgia,serif;font-weight:600;font-size:clamp(20px,2.4vw,24px);color:#15191c;margin:26px 0 10px}\n.va-news-wrap p{margin:0 0 18px}\n.va-news-kicker{font-family:'JetBrains Mono',monospace;font-size:12px;letter-spacing:.16em;text-transform:uppercase;color:#a6321f;font-weight:500;display:flex;align-items:center;gap:10px;margin:0 0 14px}\n.va-news-kicker span{height:1px;flex:1;background:linear-gradient(90deg,#a6321f,transparent)}\n.va-news-essentiel{background:#fbf4f1;border:1px solid #f0d9d1;border-left:5px solid #a6321f;border-radius:12px;padding:24px 26px;margin:24px 0 30px;box-shadow:0 1px 2px rgba(16,24,40,.05),0 12px 28px -18px rgba(166,50,31,.25)}\n.va-news-essentiel .va-news-h{font-family:'Newsreader',serif;font-weight:700;font-size:20px;color:#15191c;margin:0 0 14px}\n.va-news-essentiel ul{list-style:none;margin:0;padding:0;display:grid;gap:12px}\n.va-news-essentiel li{display:flex;gap:12px;align-items:flex-start;font-size:16px}\n.va-news-essentiel li b{font-family:'JetBrains Mono',monospace;font-size:11px;letter-spacing:.1em;text-transform:uppercase;color:#a6321f;flex:0 0 76px;padding-top:2px}\n.va-news-quote{border-left:4px solid #a6321f;padding:8px 0 8px 24px;margin:30px 0;font-family:'Newsreader',serif;font-style:italic;font-size:22px;line-height:1.45;color:#2a2018}\n.va-news-quote cite{display:block;margin-top:12px;font-family:'JetBrains Mono',monospace;font-style:normal;font-size:12px;letter-spacing:.08em;text-transform:uppercase;color:#8a6a5e}\n.va-news-grid{display:grid;grid-template-columns:repeat(auto-fit,minmax(220px,1fr));gap:20px;margin:24px 0}\n.va-news-card{background:#fff;border:1px solid #ece6e2;border-top:3px solid #a6321f;border-radius:10px;padding:22px;transition:.25s ease;box-shadow:0 1px 2px rgba(16,24,40,.05)}\n.va-news-card:hover{transform:translateY(-3px);box-shadow:0 1px 2px rgba(16,24,40,.05),0 14px 30px -18px rgba(166,50,31,.3)}\n.va-news-card .va-news-ct{font-family:'Newsreader',serif;font-weight:600;font-size:19px;color:#15191c;margin:0 0 8px}\n.va-news-card .va-news-txt{font-size:15px;color:#4a4f54;line-height:1.55}\n.va-news-rate{display:inline-flex;align-items:center;gap:6px;font-family:'JetBrains Mono',monospace;font-size:13px;font-weight:500;color:#a6321f;background:#fbf0ec;border-radius:6px;padding:3px 9px;margin-bottom:10px}\n.va-news-retenir{background:#15191c;color:#f4ede9;border-radius:12px;padding:26px 28px;margin:34px 0}\n.va-news-retenir .va-news-h{font-family:'Newsreader',serif;font-weight:700;font-size:20px;color:#fff;margin:0 0 14px;display:flex;align-items:center;gap:10px}\n.va-news-retenir .va-news-h::before{content:\"\";width:22px;height:3px;background:#e08a6f;border-radius:3px}\n.va-news-retenir ul{list-style:none;margin:0;padding:0;display:grid;gap:11px}\n.va-news-retenir li{padding-left:24px;position:relative;font-size:16px;color:#e4ddd9}\n.va-news-retenir li::before{content:\"\u203a\";position:absolute;left:4px;top:-1px;color:#e08a6f;font-weight:700;font-size:18px}\n.va-news-faq{margin:30px 0}\n.va-news-faq details{border:1px solid #ece6e2;border-radius:10px;padding:0;margin:0 0 12px;background:#fff;overflow:hidden;transition:.2s ease}\n.va-news-faq details[open]{border-color:#f0d9d1;box-shadow:0 10px 26px -18px rgba(166,50,31,.3)}\n.va-news-faq summary{cursor:pointer;list-style:none;padding:18px 22px;font-family:'Newsreader',serif;font-weight:600;font-size:18px;color:#15191c;display:flex;justify-content:space-between;gap:14px;align-items:center}\n.va-news-faq summary::-webkit-details-marker{display:none}\n.va-news-faq summary::after{content:\"+\";font-family:'JetBrains Mono',monospace;color:#a6321f;font-size:22px;line-height:1;flex:0 0 auto}\n.va-news-faq details[open] summary::after{content:\"\u2013\"}\n.va-news-faq .va-news-ans{padding:0 22px 18px;font-size:16px;color:#4a4f54;line-height:1.6}\n@media(max-width:640px){.va-news-essentiel li{flex-direction:column;gap:2px}.va-news-essentiel li b{flex:none}}\n\/*RENDERFIX2*\/.va-news-kicker span{color:#eef3f9!important}.va-news-kicker span p,.va-news-kicker span li,.va-news-kicker span strong,.va-news-kicker span em,.va-news-kicker span a,.va-news-kicker span span,.va-news-kicker span b,.va-news-kicker span td,.va-news-kicker span th,.va-news-kicker span h2,.va-news-kicker span h3,.va-news-kicker span h4{color:#eef3f9!important}.va-news-kicker span strong,.va-news-kicker span b{color:#ffffff!important}.va-news-retenir{color:#eef3f9!important}.va-news-retenir p,.va-news-retenir li,.va-news-retenir strong,.va-news-retenir em,.va-news-retenir a,.va-news-retenir span,.va-news-retenir b,.va-news-retenir td,.va-news-retenir th,.va-news-retenir h2,.va-news-retenir h3,.va-news-retenir h4{color:#eef3f9!important}.va-news-retenir strong,.va-news-retenir b{color:#ffffff!important}<\/style>\n<div class=\"va-news-wrap\">\n<div class=\"va-news-kicker\">Promotion voyage \u00b7 Europe<span><\/span><\/div>\n<p>Le voyagiste <strong>Collette<\/strong> ouvre sa vente <strong>Bon Voyage<\/strong> et propose jusqu&rsquo;\u00e0 <strong>15 % de r\u00e9duction<\/strong> sur une s\u00e9lection de circuits en Europe. L&rsquo;offre est limit\u00e9e dans le temps : r\u00e9servation \u00e0 boucler avant le <strong>15 avril 2025<\/strong> avec le code <strong>EUROPE25<\/strong>, pour des d\u00e9parts europ\u00e9ens programm\u00e9s jusqu&rsquo;au <strong>30 avril 2026<\/strong>.<\/p>\n<div class=\"va-news-essentiel\">\n<div class=\"va-news-h\">L&rsquo;essentiel en bref<\/div>\n<ul>\n<li><b>Quoi<\/b><span>Jusqu&rsquo;\u00e0 15 % de r\u00e9duction sur les circuits Europe de Collette, via la vente Bon Voyage et le code <strong>EUROPE25<\/strong>.<\/span><\/li>\n<li><b>Quand<\/b><span>Offre valable jusqu&rsquo;au 24 mars ; r\u00e9servation avant le 15 avril 2025, d\u00e9parts jusqu&rsquo;au 30 avril 2026.<\/span><\/li>\n<li><b>Pourquoi<\/b><span>Une fen\u00eatre courte pour d\u00e9couvrir l&rsquo;Europe \u00e0 prix r\u00e9duit, sur des itin\u00e9raires parmi les plus pris\u00e9s du voyagiste.<\/span><\/li>\n<\/ul>\n<\/div>\n<h2>D\u00e9couvrez l&rsquo;offre Bon Voyage de Collette<\/h2>\n<p>Collette a lanc\u00e9 sa vente Bon Voyage, qui permet de b\u00e9n\u00e9ficier de r\u00e9ductions allant jusqu&rsquo;\u00e0 15 % sur des voyages en Europe. Cette offre est valable pour une dur\u00e9e limit\u00e9e, jusqu&rsquo;au 24 mars, et s&rsquo;applique aux d\u00e9parts europ\u00e9ens jusqu&rsquo;au 30 avril 2026. Pour en profiter, les voyageurs doivent effectuer leur r\u00e9servation en utilisant le code promo EUROPE25 avant le 15 avril 2025.<\/p>\n<div class=\"va-news-quote\">\nNous sommes ravis de proposer une offre attrayante pour l&rsquo;une de nos destinations les plus pris\u00e9es, qui demeure un favori des voyageurs.<br \/>\n<cite>Brett Walker, directeur g\u00e9n\u00e9ral de Collette<\/cite>\n<\/div>\n<p>Ce lancement est une occasion en or pour explorer les merveilles de l&rsquo;Europe, que ce soit en naviguant sur les \u00eeles croates ou en rencontrant des propri\u00e9taires de domaines en Irlande du Nord. La vente couvre un \u00e9ventail d&rsquo;itin\u00e9raires pens\u00e9s pour diff\u00e9rents profils de voyageurs, de l&rsquo;amateur d&rsquo;histoire au passionn\u00e9 de gastronomie.<\/p>\n<h2>Les destinations phares de cette vente<\/h2>\n<p>Les excursions mises en avant incluent des itin\u00e9raires captivants tels que <em>A Taste of the Balkans<\/em>, <em>Best of Italy<\/em> et <em>The Best of Ireland<\/em>. Les passionn\u00e9s de gastronomie pourront \u00e9galement appr\u00e9cier <em>Flavors of Portugal &amp; Spain<\/em> et <em>Essence of France<\/em>. Ces voyages sont con\u00e7us pour offrir une exp\u00e9rience immersive et m\u00e9morable.<\/p>\n<div class=\"va-news-grid\">\n<div class=\"va-news-card\">\n<div class=\"va-news-rate\">\u221215 %<\/div>\n<div class=\"va-news-ct\">D\u00e9parts printemps-\u00e9t\u00e9 et hiver<\/div>\n<div class=\"va-news-txt\">Les d\u00e9parts programm\u00e9s entre mai et ao\u00fbt 2025, ainsi qu&rsquo;en janvier et f\u00e9vrier 2026, b\u00e9n\u00e9ficient de la r\u00e9duction maximale de 15 %.<\/div>\n<\/div>\n<div class=\"va-news-card\">\n<div class=\"va-news-rate\">\u221210 %<\/div>\n<div class=\"va-news-ct\">D\u00e9parts automne et d\u00e9but 2026<\/div>\n<div class=\"va-news-txt\">Pour septembre, octobre et d\u00e9cembre 2025, ainsi que mars et avril 2026, la remise appliqu\u00e9e est de 10 %.<\/div>\n<\/div>\n<div class=\"va-news-card\">\n<div class=\"va-news-rate\">Itin\u00e9raires<\/div>\n<div class=\"va-news-ct\">Une Europe plurielle<\/div>\n<div class=\"va-news-txt\">Balkans, Italie, Irlande, Portugal, Espagne ou France : la s\u00e9lection couvre histoire, gastronomie et paysages, pour que chacun trouve le voyage qui lui correspond.<\/div>\n<\/div>\n<\/div>\n<h2>Conditions et modalit\u00e9s de l&rsquo;offre<\/h2>\n<p>Il est important de noter que cette offre s&rsquo;applique uniquement aux forfaits terrestres et ne couvre pas les suppl\u00e9ments n\u00e9cessaires ou les vols internes. Les places sont attribu\u00e9es selon le principe du premier arriv\u00e9, premier servi, ce qui incite les voyageurs \u00e0 r\u00e9server rapidement. De plus, cette promotion n&rsquo;est pas valable pour les r\u00e9servations de groupe ou celles d\u00e9j\u00e0 existantes.<\/p>\n<p>Les conseillers en voyage peuvent acc\u00e9der aux ressources marketing et autres outils pr\u00e9cieux via le Portail des conseillers en voyage de Collette. Ces outils leur permettent d&rsquo;informer efficacement leurs clients sur cette offre et sur les autres services propos\u00e9s par l&rsquo;entreprise.<\/p>\n<div class=\"va-news-retenir\">\n<div class=\"va-news-h\">\u00c0 retenir<\/div>\n<ul>\n<li>R\u00e9duction de 15 % sur les d\u00e9parts en mai, juin, juillet, ao\u00fbt, janvier et f\u00e9vrier.<\/li>\n<li>R\u00e9duction de 10 % sur les d\u00e9parts en septembre, octobre, d\u00e9cembre, mars et avril.<\/li>\n<li>Offre valable uniquement pour les r\u00e9servations effectu\u00e9es avec le code EUROPE25.<\/li>\n<li>Forfaits terrestres uniquement, hors suppl\u00e9ments et vols internes, hors r\u00e9servations de groupe ou existantes.<\/li>\n<li>Acc\u00e8s aux ressources marketing pour les conseillers en voyage via le portail Collette.<\/li>\n<\/ul>\n<\/div>\n<p>Le Bon Voyage de Collette est une chance unique de d\u00e9couvrir l&rsquo;Europe sous un nouveau jour. Que vous soyez amateur d&rsquo;histoire, de gastronomie ou de paysages \u00e9poustouflants, cette promotion vous permet de vivre des exp\u00e9riences inoubliables. Ne manquez pas l&rsquo;occasion de r\u00e9server votre place et de profiter de ces r\u00e9ductions attractives pour explorer les tr\u00e9sors de ce continent riche en culture et en diversit\u00e9.<\/p>\n<div class=\"va-news-faq\">\n<details>\n<summary>Quel est le code promo de la vente Bon Voyage ?<\/summary>\n<div class=\"va-news-ans\">Le code \u00e0 utiliser au moment de la r\u00e9servation est EUROPE25. Il d\u00e9clenche la r\u00e9duction sur les circuits Europe \u00e9ligibles de la vente Bon Voyage de Collette.<\/div>\n<\/details>\n<details>\n<summary>Jusqu&rsquo;\u00e0 quand peut-on r\u00e9server et partir ?<\/summary>\n<div class=\"va-news-ans\">La r\u00e9servation doit \u00eatre effectu\u00e9e avant le 15 avril 2025, l&rsquo;offre \u00e9tant valable jusqu&rsquo;au 24 mars. Elle s&rsquo;applique aux d\u00e9parts europ\u00e9ens programm\u00e9s jusqu&rsquo;au 30 avril 2026.<\/div>\n<\/details>\n<details>\n<summary>Comment passe-t-on de 10 % \u00e0 15 % de r\u00e9duction ?<\/summary>\n<div class=\"va-news-ans\">Le taux d\u00e9pend du mois de d\u00e9part : 15 % pour les d\u00e9parts de mai \u00e0 ao\u00fbt 2025 ainsi que janvier et f\u00e9vrier 2026, et 10 % pour septembre, octobre et d\u00e9cembre 2025 ainsi que mars et avril 2026.<\/div>\n<\/details>\n<details>\n<summary>Que couvre exactement la r\u00e9duction ?<\/summary>\n<div class=\"va-news-ans\">La promotion porte uniquement sur les forfaits terrestres. Elle ne couvre pas les suppl\u00e9ments n\u00e9cessaires ni les vols internes, et ne s&rsquo;applique pas aux r\u00e9servations de groupe ou d\u00e9j\u00e0 existantes. Les places sont attribu\u00e9es selon le principe du premier arriv\u00e9, premier servi.<\/div>\n<\/details>\n<\/div>\n<\/div>\n","protected":false},"excerpt":{"rendered":"","protected":false},"author":34,"featured_media":20349,"comment_status":"open","ping_status":"open","sticky":false,"template":"","format":"standard","meta":{"_acf_changed":false,"manual_indexmenow":false,"indexmenow_id_project":0,"footnotes":""},"categories":[4520],"tags":[4527,4530,4535,4528,4526],"class_list":["post-15472","post","type-post","status-publish","format-standard","has-post-thumbnail","hentry","category-destinations-aventure","tag-decouverte-culturelle","tag-escapade-en-europe","tag-gastronomie-locale","tag-hebergement-abordable","tag-voyage-economique","generate-columns","tablet-grid-50","mobile-grid-100","grid-parent","grid-25"],"acf":[],"yoast_head":"<!-- This site is optimized with the Yoast SEO Premium plugin v21.3 (Yoast SEO v25.1) - https:\/\/yoast.com\/wordpress\/plugins\/seo\/ -->\n<title>Offrez-vous jusqu&#039;\u00e0 15% de r\u00e9duction sur l&#039;Europe avec la<\/title>\n<meta name=\"description\" content=\"Le voyagiste Collette ouvre sa vente Bon Voyage et propose jusqu&#039;\u00e0 15 % de r\u00e9duction sur une s\u00e9lection de circuits en Europe. L&#039;offre est limit\u00e9e dans le\" \/>\n<meta name=\"robots\" content=\"index, follow, max-snippet:-1, max-image-preview:large, max-video-preview:-1\" \/>\n<link rel=\"canonical\" href=\"https:\/\/voyage-aventure.com\/blog\/destinations-aventure\/offrez-vous-jusqua-15-de-reduction-sur-leurope-avec-la-vente-bon-voyage-de-collette\/\" \/>\n<meta property=\"og:locale\" content=\"fr_FR\" \/>\n<meta property=\"og:type\" content=\"article\" \/>\n<meta property=\"og:title\" content=\"Offrez-vous jusqu&#039;\u00e0 15% de r\u00e9duction sur l&#039;Europe avec la\" \/>\n<meta property=\"og:description\" content=\"Le voyagiste Collette ouvre sa vente Bon Voyage et propose jusqu&#039;\u00e0 15 % de r\u00e9duction sur une s\u00e9lection de circuits en Europe. L&#039;offre est limit\u00e9e dans le\" \/>\n<meta property=\"og:url\" content=\"https:\/\/voyage-aventure.com\/blog\/destinations-aventure\/offrez-vous-jusqua-15-de-reduction-sur-leurope-avec-la-vente-bon-voyage-de-collette\/\" \/>\n<meta property=\"og:site_name\" content=\"voyage-aventure\" \/>\n<meta property=\"og:image\" content=\"https:\/\/voyage-aventure.com\/blog\/wp-content\/uploads\/2025\/05\/sdxl-ca6ba26302514ac9d19a5c2eb283f59f-scaled.png\" \/>\n\t<meta property=\"og:image:width\" content=\"1200\" \/>\n\t<meta property=\"og:image:height\" content=\"500\" \/>\n\t<meta property=\"og:image:type\" content=\"image\/png\" \/>\n<meta name=\"author\" content=\"Camille Rouvray\" \/>\n<meta name=\"twitter:card\" content=\"summary_large_image\" \/>\n<script type=\"application\/ld+json\" class=\"yoast-schema-graph\">{\"@context\":\"https:\/\/schema.org\",\"@graph\":[{\"@type\":\"NewsArticle\",\"@id\":\"https:\/\/voyage-aventure.com\/blog\/destinations-aventure\/offrez-vous-jusqua-15-de-reduction-sur-leurope-avec-la-vente-bon-voyage-de-collette\/#article\",\"isPartOf\":{\"@id\":\"https:\/\/voyage-aventure.com\/blog\/destinations-aventure\/offrez-vous-jusqua-15-de-reduction-sur-leurope-avec-la-vente-bon-voyage-de-collette\/\"},\"author\":{\"name\":\"Camille Rouvray\",\"@id\":\"https:\/\/voyage-aventure.com\/blog\/#\/schema\/person\/3c864cdc320801e3db34b663e7e3f816\"},\"headline\":\"Offrez-vous jusqu&rsquo;\u00e0 15% de r\u00e9duction sur l&rsquo;Europe avec la vente Bon Voyage de Collette\",\"datePublished\":\"2026-06-16T15:15:23+00:00\",\"mainEntityOfPage\":{\"@id\":\"https:\/\/voyage-aventure.com\/blog\/destinations-aventure\/offrez-vous-jusqua-15-de-reduction-sur-leurope-avec-la-vente-bon-voyage-de-collette\/\"},\"wordCount\":885,\"commentCount\":23,\"publisher\":{\"@id\":\"https:\/\/voyage-aventure.com\/blog\/#organization\"},\"image\":{\"@id\":\"https:\/\/voyage-aventure.com\/blog\/destinations-aventure\/offrez-vous-jusqua-15-de-reduction-sur-leurope-avec-la-vente-bon-voyage-de-collette\/#primaryimage\"},\"thumbnailUrl\":\"https:\/\/voyage-aventure.com\/blog\/wp-content\/uploads\/2025\/05\/sdxl-ca6ba26302514ac9d19a5c2eb283f59f-scaled.png\",\"keywords\":[\"D\u00e9couverte Culturelle\",\"Escapade en Europe\",\"Gastronomie Locale\",\"H\u00e9bergement Abordable\",\"Voyage \u00c9conomique\"],\"articleSection\":[\"Destinations Aventure\"],\"inLanguage\":\"fr-FR\",\"potentialAction\":[{\"@type\":\"CommentAction\",\"name\":\"Comment\",\"target\":[\"https:\/\/voyage-aventure.com\/blog\/destinations-aventure\/offrez-vous-jusqua-15-de-reduction-sur-leurope-avec-la-vente-bon-voyage-de-collette\/#respond\"]}]},{\"@type\":\"WebPage\",\"@id\":\"https:\/\/voyage-aventure.com\/blog\/destinations-aventure\/offrez-vous-jusqua-15-de-reduction-sur-leurope-avec-la-vente-bon-voyage-de-collette\/\",\"url\":\"https:\/\/voyage-aventure.com\/blog\/destinations-aventure\/offrez-vous-jusqua-15-de-reduction-sur-leurope-avec-la-vente-bon-voyage-de-collette\/\",\"name\":\"Offrez-vous jusqu'\u00e0 15% de r\u00e9duction sur l'Europe avec la\",\"isPartOf\":{\"@id\":\"https:\/\/voyage-aventure.com\/blog\/#website\"},\"primaryImageOfPage\":{\"@id\":\"https:\/\/voyage-aventure.com\/blog\/destinations-aventure\/offrez-vous-jusqua-15-de-reduction-sur-leurope-avec-la-vente-bon-voyage-de-collette\/#primaryimage\"},\"image\":{\"@id\":\"https:\/\/voyage-aventure.com\/blog\/destinations-aventure\/offrez-vous-jusqua-15-de-reduction-sur-leurope-avec-la-vente-bon-voyage-de-collette\/#primaryimage\"},\"thumbnailUrl\":\"https:\/\/voyage-aventure.com\/blog\/wp-content\/uploads\/2025\/05\/sdxl-ca6ba26302514ac9d19a5c2eb283f59f-scaled.png\",\"datePublished\":\"2026-06-16T15:15:23+00:00\",\"description\":\"Le voyagiste Collette ouvre sa vente Bon Voyage et propose jusqu'\u00e0 15 % de r\u00e9duction sur une s\u00e9lection de circuits en Europe. L'offre est limit\u00e9e dans le\",\"inLanguage\":\"fr-FR\",\"potentialAction\":[{\"@type\":\"ReadAction\",\"target\":[\"https:\/\/voyage-aventure.com\/blog\/destinations-aventure\/offrez-vous-jusqua-15-de-reduction-sur-leurope-avec-la-vente-bon-voyage-de-collette\/\"]}]},{\"@type\":\"ImageObject\",\"inLanguage\":\"fr-FR\",\"@id\":\"https:\/\/voyage-aventure.com\/blog\/destinations-aventure\/offrez-vous-jusqua-15-de-reduction-sur-leurope-avec-la-vente-bon-voyage-de-collette\/#primaryimage\",\"url\":\"https:\/\/voyage-aventure.com\/blog\/wp-content\/uploads\/2025\/05\/sdxl-ca6ba26302514ac9d19a5c2eb283f59f-scaled.png\",\"contentUrl\":\"https:\/\/voyage-aventure.com\/blog\/wp-content\/uploads\/2025\/05\/sdxl-ca6ba26302514ac9d19a5c2eb283f59f-scaled.png\",\"width\":1200,\"height\":500},{\"@type\":\"WebSite\",\"@id\":\"https:\/\/voyage-aventure.com\/blog\/#website\",\"url\":\"https:\/\/voyage-aventure.com\/blog\/\",\"name\":\"voyage-aventure.com\",\"description\":\"Votre passeport pour l\u2019inattendu.\",\"publisher\":{\"@id\":\"https:\/\/voyage-aventure.com\/blog\/#organization\"},\"alternateName\":\"Votre passeport pour l\u2019inattendu.\",\"potentialAction\":[{\"@type\":\"SearchAction\",\"target\":{\"@type\":\"EntryPoint\",\"urlTemplate\":\"https:\/\/voyage-aventure.com\/blog\/?s={search_term_string}\"},\"query-input\":{\"@type\":\"PropertyValueSpecification\",\"valueRequired\":true,\"valueName\":\"search_term_string\"}}],\"inLanguage\":\"fr-FR\"},{\"@type\":\"Organization\",\"@id\":\"https:\/\/voyage-aventure.com\/blog\/#organization\",\"name\":\"Foretsensations.fr\",\"url\":\"https:\/\/voyage-aventure.com\/blog\/\",\"logo\":{\"@type\":\"ImageObject\",\"inLanguage\":\"fr-FR\",\"@id\":\"https:\/\/voyage-aventure.com\/blog\/#\/schema\/logo\/image\/\",\"url\":\"https:\/\/voyage-aventure.com\/blog\/wp-content\/uploads\/2024\/12\/19.png\",\"contentUrl\":\"https:\/\/voyage-aventure.com\/blog\/wp-content\/uploads\/2024\/12\/19.png\",\"width\":512,\"height\":512,\"caption\":\"Foretsensations.fr\"},\"image\":{\"@id\":\"https:\/\/voyage-aventure.com\/blog\/#\/schema\/logo\/image\/\"}},{\"@type\":\"Person\",\"@id\":\"https:\/\/voyage-aventure.com\/blog\/#\/schema\/person\/3c864cdc320801e3db34b663e7e3f816\",\"name\":\"Camille Rouvray\",\"image\":{\"@type\":\"ImageObject\",\"inLanguage\":\"fr-FR\",\"@id\":\"https:\/\/voyage-aventure.com\/blog\/#\/schema\/person\/image\/\",\"url\":\"https:\/\/voyage-aventure.com\/blog\/wp-content\/uploads\/2026\/06\/persona_camille-r-96x96.jpg\",\"contentUrl\":\"https:\/\/voyage-aventure.com\/blog\/wp-content\/uploads\/2026\/06\/persona_camille-r-96x96.jpg\",\"caption\":\"Camille Rouvray\"},\"description\":\"Je voyage et j'\u00e9cris sur le voyage depuis une douzaine d'ann\u00e9es, d'abord en tant que routarde au long cours, puis comme r\u00e9dactrice sp\u00e9cialis\u00e9e. Mon terrain de pr\u00e9dilection, ce sont les circuits organis\u00e9s et l'art de bien pr\u00e9parer un itin\u00e9raire : choix de la saison, dur\u00e9e r\u00e9aliste des \u00e9tapes, budget jour par jour, logement et transport sur place. J'aime aussi raconter les p\u00e9pites urbaines, ces adresses qu'on ne trouve pas dans les guides classiques. Avant de publier un dossier destination, je croise toujours plusieurs sources, je v\u00e9rifie les tarifs et les formalit\u00e9s d'entr\u00e9e \u00e0 jour, et je teste moi-m\u00eame quand je le peux. Mon angle reste pratique avant tout : aider le lecteur \u00e0 partir l'esprit tranquille, sans mauvaise surprise une fois sur place. Je m'attache \u00e0 distinguer le coup de c\u0153ur sinc\u00e8re du simple argument marketing.\",\"sameAs\":[\"https:\/\/camillerouvray.fr\/\"],\"url\":\"https:\/\/voyage-aventure.com\/blog\/auteur\/noname\/\"}]}<\/script>\n<!-- \/ Yoast SEO Premium plugin. -->","yoast_head_json":{"title":"Offrez-vous jusqu'\u00e0 15% de r\u00e9duction sur l'Europe avec la","description":"Le voyagiste Collette ouvre sa vente Bon Voyage et propose jusqu'\u00e0 15 % de r\u00e9duction sur une s\u00e9lection de circuits en Europe. L'offre est limit\u00e9e dans le","robots":{"index":"index","follow":"follow","max-snippet":"max-snippet:-1","max-image-preview":"max-image-preview:large","max-video-preview":"max-video-preview:-1"},"canonical":"https:\/\/voyage-aventure.com\/blog\/destinations-aventure\/offrez-vous-jusqua-15-de-reduction-sur-leurope-avec-la-vente-bon-voyage-de-collette\/","og_locale":"fr_FR","og_type":"article","og_title":"Offrez-vous jusqu'\u00e0 15% de r\u00e9duction sur l'Europe avec la","og_description":"Le voyagiste Collette ouvre sa vente Bon Voyage et propose jusqu'\u00e0 15 % de r\u00e9duction sur une s\u00e9lection de circuits en Europe. L'offre est limit\u00e9e dans le","og_url":"https:\/\/voyage-aventure.com\/blog\/destinations-aventure\/offrez-vous-jusqua-15-de-reduction-sur-leurope-avec-la-vente-bon-voyage-de-collette\/","og_site_name":"voyage-aventure","og_image":[{"width":1200,"height":500,"url":"https:\/\/voyage-aventure.com\/blog\/wp-content\/uploads\/2025\/05\/sdxl-ca6ba26302514ac9d19a5c2eb283f59f-scaled.png","type":"image\/png"}],"author":"Camille Rouvray","twitter_card":"summary_large_image","schema":{"@context":"https:\/\/schema.org","@graph":[{"@type":"NewsArticle","@id":"https:\/\/voyage-aventure.com\/blog\/destinations-aventure\/offrez-vous-jusqua-15-de-reduction-sur-leurope-avec-la-vente-bon-voyage-de-collette\/#article","isPartOf":{"@id":"https:\/\/voyage-aventure.com\/blog\/destinations-aventure\/offrez-vous-jusqua-15-de-reduction-sur-leurope-avec-la-vente-bon-voyage-de-collette\/"},"author":{"name":"Camille Rouvray","@id":"https:\/\/voyage-aventure.com\/blog\/#\/schema\/person\/3c864cdc320801e3db34b663e7e3f816"},"headline":"Offrez-vous jusqu&rsquo;\u00e0 15% de r\u00e9duction sur l&rsquo;Europe avec la vente Bon Voyage de Collette","datePublished":"2026-06-16T15:15:23+00:00","mainEntityOfPage":{"@id":"https:\/\/voyage-aventure.com\/blog\/destinations-aventure\/offrez-vous-jusqua-15-de-reduction-sur-leurope-avec-la-vente-bon-voyage-de-collette\/"},"wordCount":885,"commentCount":23,"publisher":{"@id":"https:\/\/voyage-aventure.com\/blog\/#organization"},"image":{"@id":"https:\/\/voyage-aventure.com\/blog\/destinations-aventure\/offrez-vous-jusqua-15-de-reduction-sur-leurope-avec-la-vente-bon-voyage-de-collette\/#primaryimage"},"thumbnailUrl":"https:\/\/voyage-aventure.com\/blog\/wp-content\/uploads\/2025\/05\/sdxl-ca6ba26302514ac9d19a5c2eb283f59f-scaled.png","keywords":["D\u00e9couverte Culturelle","Escapade en Europe","Gastronomie Locale","H\u00e9bergement Abordable","Voyage \u00c9conomique"],"articleSection":["Destinations Aventure"],"inLanguage":"fr-FR","potentialAction":[{"@type":"CommentAction","name":"Comment","target":["https:\/\/voyage-aventure.com\/blog\/destinations-aventure\/offrez-vous-jusqua-15-de-reduction-sur-leurope-avec-la-vente-bon-voyage-de-collette\/#respond"]}]},{"@type":"WebPage","@id":"https:\/\/voyage-aventure.com\/blog\/destinations-aventure\/offrez-vous-jusqua-15-de-reduction-sur-leurope-avec-la-vente-bon-voyage-de-collette\/","url":"https:\/\/voyage-aventure.com\/blog\/destinations-aventure\/offrez-vous-jusqua-15-de-reduction-sur-leurope-avec-la-vente-bon-voyage-de-collette\/","name":"Offrez-vous jusqu'\u00e0 15% de r\u00e9duction sur l'Europe avec la","isPartOf":{"@id":"https:\/\/voyage-aventure.com\/blog\/#website"},"primaryImageOfPage":{"@id":"https:\/\/voyage-aventure.com\/blog\/destinations-aventure\/offrez-vous-jusqua-15-de-reduction-sur-leurope-avec-la-vente-bon-voyage-de-collette\/#primaryimage"},"image":{"@id":"https:\/\/voyage-aventure.com\/blog\/destinations-aventure\/offrez-vous-jusqua-15-de-reduction-sur-leurope-avec-la-vente-bon-voyage-de-collette\/#primaryimage"},"thumbnailUrl":"https:\/\/voyage-aventure.com\/blog\/wp-content\/uploads\/2025\/05\/sdxl-ca6ba26302514ac9d19a5c2eb283f59f-scaled.png","datePublished":"2026-06-16T15:15:23+00:00","description":"Le voyagiste Collette ouvre sa vente Bon Voyage et propose jusqu'\u00e0 15 % de r\u00e9duction sur une s\u00e9lection de circuits en Europe. L'offre est limit\u00e9e dans le","inLanguage":"fr-FR","potentialAction":[{"@type":"ReadAction","target":["https:\/\/voyage-aventure.com\/blog\/destinations-aventure\/offrez-vous-jusqua-15-de-reduction-sur-leurope-avec-la-vente-bon-voyage-de-collette\/"]}]},{"@type":"ImageObject","inLanguage":"fr-FR","@id":"https:\/\/voyage-aventure.com\/blog\/destinations-aventure\/offrez-vous-jusqua-15-de-reduction-sur-leurope-avec-la-vente-bon-voyage-de-collette\/#primaryimage","url":"https:\/\/voyage-aventure.com\/blog\/wp-content\/uploads\/2025\/05\/sdxl-ca6ba26302514ac9d19a5c2eb283f59f-scaled.png","contentUrl":"https:\/\/voyage-aventure.com\/blog\/wp-content\/uploads\/2025\/05\/sdxl-ca6ba26302514ac9d19a5c2eb283f59f-scaled.png","width":1200,"height":500},{"@type":"WebSite","@id":"https:\/\/voyage-aventure.com\/blog\/#website","url":"https:\/\/voyage-aventure.com\/blog\/","name":"voyage-aventure.com","description":"Votre passeport pour l\u2019inattendu.","publisher":{"@id":"https:\/\/voyage-aventure.com\/blog\/#organization"},"alternateName":"Votre passeport pour l\u2019inattendu.","potentialAction":[{"@type":"SearchAction","target":{"@type":"EntryPoint","urlTemplate":"https:\/\/voyage-aventure.com\/blog\/?s={search_term_string}"},"query-input":{"@type":"PropertyValueSpecification","valueRequired":true,"valueName":"search_term_string"}}],"inLanguage":"fr-FR"},{"@type":"Organization","@id":"https:\/\/voyage-aventure.com\/blog\/#organization","name":"Foretsensations.fr","url":"https:\/\/voyage-aventure.com\/blog\/","logo":{"@type":"ImageObject","inLanguage":"fr-FR","@id":"https:\/\/voyage-aventure.com\/blog\/#\/schema\/logo\/image\/","url":"https:\/\/voyage-aventure.com\/blog\/wp-content\/uploads\/2024\/12\/19.png","contentUrl":"https:\/\/voyage-aventure.com\/blog\/wp-content\/uploads\/2024\/12\/19.png","width":512,"height":512,"caption":"Foretsensations.fr"},"image":{"@id":"https:\/\/voyage-aventure.com\/blog\/#\/schema\/logo\/image\/"}},{"@type":"Person","@id":"https:\/\/voyage-aventure.com\/blog\/#\/schema\/person\/3c864cdc320801e3db34b663e7e3f816","name":"Camille Rouvray","image":{"@type":"ImageObject","inLanguage":"fr-FR","@id":"https:\/\/voyage-aventure.com\/blog\/#\/schema\/person\/image\/","url":"https:\/\/voyage-aventure.com\/blog\/wp-content\/uploads\/2026\/06\/persona_camille-r-96x96.jpg","contentUrl":"https:\/\/voyage-aventure.com\/blog\/wp-content\/uploads\/2026\/06\/persona_camille-r-96x96.jpg","caption":"Camille Rouvray"},"description":"Je voyage et j'\u00e9cris sur le voyage depuis une douzaine d'ann\u00e9es, d'abord en tant que routarde au long cours, puis comme r\u00e9dactrice sp\u00e9cialis\u00e9e. Mon terrain de pr\u00e9dilection, ce sont les circuits organis\u00e9s et l'art de bien pr\u00e9parer un itin\u00e9raire : choix de la saison, dur\u00e9e r\u00e9aliste des \u00e9tapes, budget jour par jour, logement et transport sur place. J'aime aussi raconter les p\u00e9pites urbaines, ces adresses qu'on ne trouve pas dans les guides classiques. Avant de publier un dossier destination, je croise toujours plusieurs sources, je v\u00e9rifie les tarifs et les formalit\u00e9s d'entr\u00e9e \u00e0 jour, et je teste moi-m\u00eame quand je le peux. Mon angle reste pratique avant tout : aider le lecteur \u00e0 partir l'esprit tranquille, sans mauvaise surprise une fois sur place. Je m'attache \u00e0 distinguer le coup de c\u0153ur sinc\u00e8re du simple argument marketing.","sameAs":["https:\/\/camillerouvray.fr\/"],"url":"https:\/\/voyage-aventure.com\/blog\/auteur\/noname\/"}]}},"_links":{"self":[{"href":"https:\/\/voyage-aventure.com\/blog\/wp-json\/wp\/v2\/posts\/15472","targetHints":{"allow":["GET"]}}],"collection":[{"href":"https:\/\/voyage-aventure.com\/blog\/wp-json\/wp\/v2\/posts"}],"about":[{"href":"https:\/\/voyage-aventure.com\/blog\/wp-json\/wp\/v2\/types\/post"}],"author":[{"embeddable":true,"href":"https:\/\/voyage-aventure.com\/blog\/wp-json\/wp\/v2\/users\/34"}],"replies":[{"embeddable":true,"href":"https:\/\/voyage-aventure.com\/blog\/wp-json\/wp\/v2\/comments?post=15472"}],"version-history":[{"count":3,"href":"https:\/\/voyage-aventure.com\/blog\/wp-json\/wp\/v2\/posts\/15472\/revisions"}],"predecessor-version":[{"id":22815,"href":"https:\/\/voyage-aventure.com\/blog\/wp-json\/wp\/v2\/posts\/15472\/revisions\/22815"}],"wp:featuredmedia":[{"embeddable":true,"href":"https:\/\/voyage-aventure.com\/blog\/wp-json\/wp\/v2\/media\/20349"}],"wp:attachment":[{"href":"https:\/\/voyage-aventure.com\/blog\/wp-json\/wp\/v2\/media?parent=15472"}],"wp:term":[{"taxonomy":"category","embeddable":true,"href":"https:\/\/voyage-aventure.com\/blog\/wp-json\/wp\/v2\/categories?post=15472"},{"taxonomy":"post_tag","embeddable":true,"href":"https:\/\/voyage-aventure.com\/blog\/wp-json\/wp\/v2\/tags?post=15472"}],"curies":[{"name":"wp","href":"https:\/\/api.w.org\/{rel}","templated":true}]}}