{"id":15462,"date":"2026-06-02T12:41:57","date_gmt":"2026-06-02T10:41:57","guid":{"rendered":"https:\/\/voyage-aventure.com\/blog\/?p=15462"},"modified":"2026-06-02T12:41:57","modified_gmt":"2026-06-02T10:41:57","slug":"avertissement-de-voyage-mis-a-jour-pour-une-destination-touristique-caribeenne-prisee","status":"publish","type":"post","link":"https:\/\/voyage-aventure.com\/blog\/a-la-une\/avertissement-de-voyage-mis-a-jour-pour-une-destination-touristique-caribeenne-prisee\/","title":{"rendered":"avertissement de voyage mis \u00e0 jour pour une destination touristique carib\u00e9enne pris\u00e9e"},"content":{"rendered":"<link rel=\"preconnect\" href=\"https:\/\/fonts.googleapis.com\"><link rel=\"preconnect\" href=\"https:\/\/fonts.gstatic.com\" crossorigin><link href=\"https:\/\/fonts.googleapis.com\/css2?family=Newsreader:ital,opsz,wght@0,6..72,500;0,6..72,600;0,6..72,700;1,6..72,500&#038;family=Inter:wght@400;500;600&#038;family=JetBrains+Mono:wght@500&#038;display=swap\" rel=\"stylesheet\">\n<style>\n.van-news{--ink:#142433;--accent:#0f6f8c;--accent-deep:#0a4f64;--surf:#eef6f8;--line:#dbe6ea;font-family:\"Inter\",-apple-system,BlinkMacSystemFont,sans-serif;color:var(--ink);line-height:1.65;font-size:17px}\n.van-news h2{font-family:\"Newsreader\",Georgia,serif;font-weight:700;font-size:clamp(24px,3.2vw,33px);line-height:1.18;letter-spacing:-.01em;color:var(--ink);margin:48px 0 16px}\n.van-news p{margin:0 0 18px}\n.van-news .van-dateline{font-family:\"JetBrains Mono\",monospace;font-weight:500;font-size:12.5px;letter-spacing:.06em;text-transform:uppercase;color:var(--accent-deep);margin:0 0 14px}\n.van-news .van-chapo{font-family:\"Newsreader\",Georgia,serif;font-weight:500;font-size:clamp(19px,2.3vw,22px);line-height:1.5;color:#2b3c4a;margin:0 0 30px}\n.van-news .van-essentiel{background:var(--surf);border-left:5px solid var(--accent);border-radius:0 12px 12px 0;padding:22px 26px;margin:0 0 34px;box-shadow:0 1px 2px rgba(16,24,40,.05),0 12px 28px -18px rgba(16,24,40,.18)}\n.van-news .van-essentiel .van-lbl{font-family:\"JetBrains Mono\",monospace;font-weight:500;font-size:11.5px;letter-spacing:.12em;text-transform:uppercase;color:var(--accent-deep);display:block;margin-bottom:12px}\n.van-news .van-essentiel ul{margin:0;padding:0;list-style:none}\n.van-news .van-essentiel li{position:relative;padding-left:24px;margin:0 0 10px;font-size:16.5px;line-height:1.5}\n.van-news .van-essentiel li:last-child{margin-bottom:0}\n.van-news .van-essentiel li::before{content:\"\";position:absolute;left:0;top:9px;width:9px;height:9px;border-radius:50%;background:var(--accent)}\n.van-news .van-essentiel li strong{color:var(--accent-deep)}\n.van-news ul.van-tips{list-style:none;margin:6px 0 22px;padding:0}\n.van-news ul.van-tips li{position:relative;padding:12px 16px 12px 44px;margin:0 0 10px;background:#fff;border:1px solid var(--line);border-left:3px solid var(--accent);border-radius:8px;transition:.25s ease}\n.van-news ul.van-tips li:hover{transform:translateY(-3px);box-shadow:0 10px 24px -14px rgba(16,24,40,.28)}\n.van-news ul.van-tips li::before{content:\"!\";position:absolute;left:15px;top:50%;transform:translateY(-50%);width:18px;height:18px;line-height:18px;text-align:center;font-family:\"JetBrains Mono\",monospace;font-size:12px;font-weight:500;color:#fff;background:var(--accent);border-radius:50%}\n.van-news .van-quote{font-family:\"Newsreader\",Georgia,serif;font-style:italic;font-weight:500;font-size:clamp(20px,2.6vw,25px);line-height:1.42;color:var(--accent-deep);border-top:2px solid var(--accent);border-bottom:2px solid var(--accent);padding:24px 4px;margin:34px 0}\n.van-news .van-retenir{background:#fff;border:1px solid var(--line);border-top:4px solid var(--accent);border-radius:12px;padding:22px 26px;margin:40px 0}\n.van-news .van-retenir .van-lbl{font-family:\"JetBrains Mono\",monospace;font-weight:500;font-size:11.5px;letter-spacing:.12em;text-transform:uppercase;color:var(--accent-deep);display:block;margin-bottom:12px}\n.van-news .van-retenir ul{margin:0;padding-left:20px}\n.van-news .van-retenir li{margin:0 0 8px}\n.van-news details.van-faq{border:1px solid var(--line);border-radius:10px;padding:4px 18px;margin:0 0 12px;background:#fff;transition:.25s ease}\n.van-news details.van-faq:hover{border-color:var(--accent)}\n.van-news details.van-faq summary{font-family:\"Newsreader\",Georgia,serif;font-weight:600;font-size:18px;cursor:pointer;padding:14px 0;list-style:none;color:var(--ink)}\n.van-news details.van-faq summary::-webkit-details-marker{display:none}\n.van-news details.van-faq summary::before{content:\"+\";color:var(--accent);font-family:\"JetBrains Mono\",monospace;font-weight:500;margin-right:12px}\n.van-news details.van-faq[open] summary::before{content:\"\u2013\"}\n.van-news details.van-faq p{margin:0 0 16px;font-size:16px;color:#3a4956}\n.van-news .van-note{font-size:14.5px;color:#5a6b78;border-top:1px solid var(--line);padding-top:16px;margin-top:36px}\n<\/style>\n<div class=\"van-news\">\n<p class=\"van-dateline\">S\u00e9curit\u00e9 voyage \u00b7 Mise \u00e0 jour du 4 mars<\/p>\n<p class=\"van-chapo\">Le D\u00e9partement d&rsquo;\u00c9tat am\u00e9ricain a relev\u00e9 sa vigilance sur les \u00eeles Turks et Ca\u00efques, destination carib\u00e9enne pris\u00e9e, en raison d&rsquo;une criminalit\u00e9 croissante et de lois tr\u00e8s strictes sur les armes \u00e0 feu et les munitions.<\/p>\n<div class=\"van-essentiel\">\n<span class=\"van-lbl\">L&rsquo;essentiel<\/span><\/p>\n<ul>\n<li><strong>Quoi \u2014<\/strong> avis de voyage relev\u00e9 au niveau 2, \u00ab exercer une prudence accrue \u00bb, pour les \u00eeles Turks et Ca\u00efques.<\/li>\n<li><strong>Quand \/ qui \u2014<\/strong> mise \u00e0 jour publi\u00e9e le 4 mars par le D\u00e9partement d&rsquo;\u00c9tat am\u00e9ricain.<\/li>\n<li><strong>Pourquoi \u00e7a compte \u2014<\/strong> les armes \u00e0 feu et munitions sont totalement interdites, avec des peines pouvant atteindre 12 ans de prison ou plus.<\/li>\n<\/ul>\n<\/div>\n<h2>Comprendre l&rsquo;avertissement de voyage<\/h2>\n<p>Le D\u00e9partement d&rsquo;\u00c9tat am\u00e9ricain a r\u00e9cemment mis \u00e0 jour son avertissement de voyage concernant les \u00eeles Turks et Ca\u00efques, une destination pris\u00e9e des touristes. Class\u00e9e au niveau 2, \u00ab exercer une prudence accrue \u00bb, cette r\u00e9gion est sous surveillance en raison de la criminalit\u00e9 croissante. Cette mise \u00e0 jour, effectu\u00e9e le 4 mars, met l&rsquo;accent sur les lois strictes concernant les armes \u00e0 feu et les munitions, qui sont totalement interdites.<\/p>\n<p>Les cons\u00e9quences pour les contrevenants peuvent \u00eatre s\u00e9v\u00e8res. Les peines peuvent atteindre 12 ans de prison ou plus, ce qui rend crucial pour les voyageurs de prendre conscience des lois locales. Le D\u00e9partement d&rsquo;\u00c9tat avertit qu&rsquo;il ne peut garantir la lib\u00e9ration des personnes arr\u00eat\u00e9es pour des violations de cette nature.<\/p>\n<h2>Les \u00eeles Turks et Ca\u00efques : un aper\u00e7u<\/h2>\n<p>Les \u00eeles Turks et Ca\u00efques se composent de huit \u00eeles principales, la majorit\u00e9 de la population vivant sur l&rsquo;\u00eele de Providenciales. Connues pour leurs plages de sable blanc et leurs eaux cristallines, ces \u00eeles attirent chaque ann\u00e9e des milliers de visiteurs. Il reste toutefois essentiel de demeurer inform\u00e9 et vigilant pendant son s\u00e9jour.<\/p>\n<p>Les voyageurs doivent se pr\u00e9parer en v\u00e9rifiant soigneusement leurs bagages avant de quitter les \u00c9tats-Unis. En raison des lois strictes sur les armes \u00e0 feu, il est imp\u00e9ratif d&rsquo;\u00e9viter de transporter des objets susceptibles d&rsquo;\u00eatre consid\u00e9r\u00e9s comme ill\u00e9gaux, comme des munitions.<\/p>\n<p><iframe loading=\"lazy\" title=\"Karuk\u00e9ra, Echapp\u00e9es belles, D\u00e9but du voyage. Premi\u00e8re navigation\" width=\"1200\" height=\"675\" src=\"https:\/\/www.youtube.com\/embed\/8gzmmfggvRA?feature=oembed\" frameborder=\"0\" allow=\"accelerometer; autoplay; clipboard-write; encrypted-media; gyroscope; picture-in-picture; web-share\" referrerpolicy=\"strict-origin-when-cross-origin\" allowfullscreen><\/iframe><\/p>\n<h2>Conseils de s\u00e9curit\u00e9 pour les voyageurs<\/h2>\n<p>Lors de votre visite aux \u00eeles Turks et Ca\u00efques, il est conseill\u00e9 de prendre certaines pr\u00e9cautions pour assurer votre s\u00e9curit\u00e9. Voici quelques recommandations importantes \u00e0 suivre :<\/p>\n<ul class=\"van-tips\">\n<li>\u00c9vitez de marcher seul, surtout la nuit.<\/li>\n<li>Ne r\u00e9pondez pas \u00e0 votre porte, \u00e0 l&rsquo;h\u00f4tel ou \u00e0 votre r\u00e9sidence, \u00e0 moins de savoir qui se pr\u00e9sente.<\/li>\n<li>Ne r\u00e9sistez pas physiquement en cas de tentative de vol.<\/li>\n<\/ul>\n<p class=\"van-quote\">\u00ab La prudence est essentielle pour passer un s\u00e9jour agr\u00e9able et s\u00e9curis\u00e9. \u00bb<\/p>\n<p>Suivre ces conseils peut contribuer \u00e0 minimiser les risques et \u00e0 profiter pleinement de l&rsquo;exp\u00e9rience. Selon le D\u00e9partement d&rsquo;\u00c9tat, les visiteurs doivent toujours rester attentifs \u00e0 leur environnement et \u00e9viter les situations potentiellement dangereuses.<\/p>\n<h2>Conclusion : rester inform\u00e9 et vigilant<\/h2>\n<p>Les mises \u00e0 jour r\u00e9guli\u00e8res des avis de voyage, comme celle des \u00eeles Turks et Ca\u00efques, rappellent l&rsquo;importance de rester inform\u00e9 lorsque l&rsquo;on voyage. La beaut\u00e9 des paysages et des plages peut parfois cacher des r\u00e9alit\u00e9s moins agr\u00e9ables. Il est donc crucial de se pr\u00e9parer ad\u00e9quatement et de respecter les lois locales pour garantir un s\u00e9jour sans incident.<\/p>\n<p>En visitant cette destination carib\u00e9enne, les voyageurs peuvent vivre des moments inoubliables. La s\u00e9curit\u00e9 doit cependant rester une priorit\u00e9 pour profiter pleinement de cette exp\u00e9rience unique.<\/p>\n<div class=\"van-retenir\">\n<span class=\"van-lbl\">\u00c0 retenir<\/span><\/p>\n<ul>\n<li>Avis de voyage au niveau 2 (\u00ab prudence accrue \u00bb) pour les \u00eeles Turks et Ca\u00efques, mis \u00e0 jour le 4 mars.<\/li>\n<li>Armes \u00e0 feu et munitions totalement interdites : peines jusqu&rsquo;\u00e0 12 ans de prison ou plus.<\/li>\n<li>V\u00e9rifiez vos bagages avant le d\u00e9part et appliquez les consignes de s\u00e9curit\u00e9 sur place.<\/li>\n<\/ul>\n<\/div>\n<h2>Questions fr\u00e9quentes<\/h2>\n<details class=\"van-faq\">\n<summary>Quel est le niveau de l&rsquo;avis de voyage pour les \u00eeles Turks et Ca\u00efques ?<\/summary>\n<p>La destination est class\u00e9e au niveau 2, \u00ab exercer une prudence accrue \u00bb, selon la mise \u00e0 jour du D\u00e9partement d&rsquo;\u00c9tat am\u00e9ricain du 4 mars, en raison d&rsquo;une criminalit\u00e9 croissante.<\/p>\n<\/details>\n<details class=\"van-faq\">\n<summary>Que risque-t-on en transportant des armes ou des munitions ?<\/summary>\n<p>Les armes \u00e0 feu et les munitions sont totalement interdites. Les peines peuvent atteindre 12 ans de prison ou plus, et le D\u00e9partement d&rsquo;\u00c9tat indique qu&rsquo;il ne peut garantir la lib\u00e9ration des personnes arr\u00eat\u00e9es pour ce type de violation.<\/p>\n<\/details>\n<details class=\"van-faq\">\n<summary>Quelles pr\u00e9cautions prendre sur place ?<\/summary>\n<p>\u00c9vitez de marcher seul la nuit, n&rsquo;ouvrez pas votre porte \u00e0 des personnes inconnues et ne r\u00e9sistez pas physiquement en cas de tentative de vol. V\u00e9rifiez aussi soigneusement vos bagages avant de quitter les \u00c9tats-Unis.<\/p>\n<\/details>\n<p class=\"van-note\">Cet article est informatif et relaie un avis de voyage officiel. Pour pr\u00e9parer un d\u00e9placement, consultez les recommandations \u00e0 jour du D\u00e9partement d&rsquo;\u00c9tat ou de votre minist\u00e8re des Affaires \u00e9trang\u00e8res.<\/p>\n<\/div>\n","protected":false},"excerpt":{"rendered":"","protected":false},"author":34,"featured_media":19768,"comment_status":"open","ping_status":"open","sticky":false,"template":"","format":"standard","meta":{"_acf_changed":false,"manual_indexmenow":false,"indexmenow_id_project":0,"footnotes":""},"categories":[1],"tags":[4639,4636,4530,4713,3170],"class_list":["post-15462","post","type-post","status-publish","format-standard","has-post-thumbnail","hentry","category-a-la-une","tag-aventure","tag-destinations","tag-escapade-en-europe","tag-preparation","tag-securite","generate-columns","tablet-grid-50","mobile-grid-100","grid-parent","grid-25"],"acf":[],"yoast_head":"<!-- This site is optimized with the Yoast SEO Premium plugin v21.3 (Yoast SEO v25.1) - https:\/\/yoast.com\/wordpress\/plugins\/seo\/ -->\n<title>avertissement de voyage mis \u00e0 jour pour une destination<\/title>\n<meta name=\"description\" content=\"Le D\u00e9partement d&#039;\u00c9tat am\u00e9ricain a relev\u00e9 sa vigilance sur les \u00eeles Turks et Ca\u00efques, destination carib\u00e9enne pris\u00e9e, en raison d&#039;une criminalit\u00e9 croissante\" \/>\n<meta name=\"robots\" content=\"index, follow, max-snippet:-1, max-image-preview:large, max-video-preview:-1\" \/>\n<link rel=\"canonical\" href=\"https:\/\/voyage-aventure.com\/blog\/a-la-une\/avertissement-de-voyage-mis-a-jour-pour-une-destination-touristique-caribeenne-prisee\/\" \/>\n<meta property=\"og:locale\" content=\"fr_FR\" \/>\n<meta property=\"og:type\" content=\"article\" \/>\n<meta property=\"og:title\" content=\"avertissement de voyage mis \u00e0 jour pour une destination\" \/>\n<meta property=\"og:description\" content=\"Le D\u00e9partement d&#039;\u00c9tat am\u00e9ricain a relev\u00e9 sa vigilance sur les \u00eeles Turks et Ca\u00efques, destination carib\u00e9enne pris\u00e9e, en raison d&#039;une criminalit\u00e9 croissante\" \/>\n<meta property=\"og:url\" content=\"https:\/\/voyage-aventure.com\/blog\/a-la-une\/avertissement-de-voyage-mis-a-jour-pour-une-destination-touristique-caribeenne-prisee\/\" \/>\n<meta property=\"og:site_name\" content=\"voyage-aventure\" \/>\n<meta property=\"og:image\" content=\"https:\/\/voyage-aventure.com\/blog\/wp-content\/uploads\/2025\/05\/sdxl-4c9bcc7cc70f5a410d068720f12df165-scaled.png\" \/>\n\t<meta property=\"og:image:width\" content=\"1200\" \/>\n\t<meta property=\"og:image:height\" content=\"500\" \/>\n\t<meta property=\"og:image:type\" content=\"image\/png\" \/>\n<meta name=\"author\" content=\"Camille Rouvray\" \/>\n<meta name=\"twitter:card\" content=\"summary_large_image\" \/>\n<script type=\"application\/ld+json\" class=\"yoast-schema-graph\">{\"@context\":\"https:\/\/schema.org\",\"@graph\":[{\"@type\":\"NewsArticle\",\"@id\":\"https:\/\/voyage-aventure.com\/blog\/a-la-une\/avertissement-de-voyage-mis-a-jour-pour-une-destination-touristique-caribeenne-prisee\/#article\",\"isPartOf\":{\"@id\":\"https:\/\/voyage-aventure.com\/blog\/a-la-une\/avertissement-de-voyage-mis-a-jour-pour-une-destination-touristique-caribeenne-prisee\/\"},\"author\":{\"name\":\"Camille Rouvray\",\"@id\":\"https:\/\/voyage-aventure.com\/blog\/#\/schema\/person\/3c864cdc320801e3db34b663e7e3f816\"},\"headline\":\"avertissement de voyage mis \u00e0 jour pour une destination touristique carib\u00e9enne pris\u00e9e\",\"datePublished\":\"2026-06-02T10:41:57+00:00\",\"mainEntityOfPage\":{\"@id\":\"https:\/\/voyage-aventure.com\/blog\/a-la-une\/avertissement-de-voyage-mis-a-jour-pour-une-destination-touristique-caribeenne-prisee\/\"},\"wordCount\":826,\"commentCount\":22,\"publisher\":{\"@id\":\"https:\/\/voyage-aventure.com\/blog\/#organization\"},\"image\":{\"@id\":\"https:\/\/voyage-aventure.com\/blog\/a-la-une\/avertissement-de-voyage-mis-a-jour-pour-une-destination-touristique-caribeenne-prisee\/#primaryimage\"},\"thumbnailUrl\":\"https:\/\/voyage-aventure.com\/blog\/wp-content\/uploads\/2025\/05\/sdxl-4c9bcc7cc70f5a410d068720f12df165-scaled.png\",\"keywords\":[\"Aventure\",\"Destinations\",\"Escapade en Europe\",\"Pr\u00e9paration\",\"S\u00e9curit\u00e9\"],\"articleSection\":[\"\u00c0 la une\"],\"inLanguage\":\"fr-FR\",\"potentialAction\":[{\"@type\":\"CommentAction\",\"name\":\"Comment\",\"target\":[\"https:\/\/voyage-aventure.com\/blog\/a-la-une\/avertissement-de-voyage-mis-a-jour-pour-une-destination-touristique-caribeenne-prisee\/#respond\"]}]},{\"@type\":\"WebPage\",\"@id\":\"https:\/\/voyage-aventure.com\/blog\/a-la-une\/avertissement-de-voyage-mis-a-jour-pour-une-destination-touristique-caribeenne-prisee\/\",\"url\":\"https:\/\/voyage-aventure.com\/blog\/a-la-une\/avertissement-de-voyage-mis-a-jour-pour-une-destination-touristique-caribeenne-prisee\/\",\"name\":\"avertissement de voyage mis \u00e0 jour pour une destination\",\"isPartOf\":{\"@id\":\"https:\/\/voyage-aventure.com\/blog\/#website\"},\"primaryImageOfPage\":{\"@id\":\"https:\/\/voyage-aventure.com\/blog\/a-la-une\/avertissement-de-voyage-mis-a-jour-pour-une-destination-touristique-caribeenne-prisee\/#primaryimage\"},\"image\":{\"@id\":\"https:\/\/voyage-aventure.com\/blog\/a-la-une\/avertissement-de-voyage-mis-a-jour-pour-une-destination-touristique-caribeenne-prisee\/#primaryimage\"},\"thumbnailUrl\":\"https:\/\/voyage-aventure.com\/blog\/wp-content\/uploads\/2025\/05\/sdxl-4c9bcc7cc70f5a410d068720f12df165-scaled.png\",\"datePublished\":\"2026-06-02T10:41:57+00:00\",\"description\":\"Le D\u00e9partement d'\u00c9tat am\u00e9ricain a relev\u00e9 sa vigilance sur les \u00eeles Turks et Ca\u00efques, destination carib\u00e9enne pris\u00e9e, en raison d'une criminalit\u00e9 croissante\",\"inLanguage\":\"fr-FR\",\"potentialAction\":[{\"@type\":\"ReadAction\",\"target\":[\"https:\/\/voyage-aventure.com\/blog\/a-la-une\/avertissement-de-voyage-mis-a-jour-pour-une-destination-touristique-caribeenne-prisee\/\"]}]},{\"@type\":\"ImageObject\",\"inLanguage\":\"fr-FR\",\"@id\":\"https:\/\/voyage-aventure.com\/blog\/a-la-une\/avertissement-de-voyage-mis-a-jour-pour-une-destination-touristique-caribeenne-prisee\/#primaryimage\",\"url\":\"https:\/\/voyage-aventure.com\/blog\/wp-content\/uploads\/2025\/05\/sdxl-4c9bcc7cc70f5a410d068720f12df165-scaled.png\",\"contentUrl\":\"https:\/\/voyage-aventure.com\/blog\/wp-content\/uploads\/2025\/05\/sdxl-4c9bcc7cc70f5a410d068720f12df165-scaled.png\",\"width\":1200,\"height\":500},{\"@type\":\"WebSite\",\"@id\":\"https:\/\/voyage-aventure.com\/blog\/#website\",\"url\":\"https:\/\/voyage-aventure.com\/blog\/\",\"name\":\"voyage-aventure.com\",\"description\":\"Votre passeport pour l\u2019inattendu.\",\"publisher\":{\"@id\":\"https:\/\/voyage-aventure.com\/blog\/#organization\"},\"alternateName\":\"Votre passeport pour l\u2019inattendu.\",\"potentialAction\":[{\"@type\":\"SearchAction\",\"target\":{\"@type\":\"EntryPoint\",\"urlTemplate\":\"https:\/\/voyage-aventure.com\/blog\/?s={search_term_string}\"},\"query-input\":{\"@type\":\"PropertyValueSpecification\",\"valueRequired\":true,\"valueName\":\"search_term_string\"}}],\"inLanguage\":\"fr-FR\"},{\"@type\":\"Organization\",\"@id\":\"https:\/\/voyage-aventure.com\/blog\/#organization\",\"name\":\"Foretsensations.fr\",\"url\":\"https:\/\/voyage-aventure.com\/blog\/\",\"logo\":{\"@type\":\"ImageObject\",\"inLanguage\":\"fr-FR\",\"@id\":\"https:\/\/voyage-aventure.com\/blog\/#\/schema\/logo\/image\/\",\"url\":\"https:\/\/voyage-aventure.com\/blog\/wp-content\/uploads\/2024\/12\/19.png\",\"contentUrl\":\"https:\/\/voyage-aventure.com\/blog\/wp-content\/uploads\/2024\/12\/19.png\",\"width\":512,\"height\":512,\"caption\":\"Foretsensations.fr\"},\"image\":{\"@id\":\"https:\/\/voyage-aventure.com\/blog\/#\/schema\/logo\/image\/\"}},{\"@type\":\"Person\",\"@id\":\"https:\/\/voyage-aventure.com\/blog\/#\/schema\/person\/3c864cdc320801e3db34b663e7e3f816\",\"name\":\"Camille Rouvray\",\"image\":{\"@type\":\"ImageObject\",\"inLanguage\":\"fr-FR\",\"@id\":\"https:\/\/voyage-aventure.com\/blog\/#\/schema\/person\/image\/\",\"url\":\"https:\/\/voyage-aventure.com\/blog\/wp-content\/uploads\/2026\/06\/persona_camille-r-96x96.jpg\",\"contentUrl\":\"https:\/\/voyage-aventure.com\/blog\/wp-content\/uploads\/2026\/06\/persona_camille-r-96x96.jpg\",\"caption\":\"Camille Rouvray\"},\"description\":\"Je voyage et j'\u00e9cris sur le voyage depuis une douzaine d'ann\u00e9es, d'abord en tant que routarde au long cours, puis comme r\u00e9dactrice sp\u00e9cialis\u00e9e. Mon terrain de pr\u00e9dilection, ce sont les circuits organis\u00e9s et l'art de bien pr\u00e9parer un itin\u00e9raire : choix de la saison, dur\u00e9e r\u00e9aliste des \u00e9tapes, budget jour par jour, logement et transport sur place. J'aime aussi raconter les p\u00e9pites urbaines, ces adresses qu'on ne trouve pas dans les guides classiques. Avant de publier un dossier destination, je croise toujours plusieurs sources, je v\u00e9rifie les tarifs et les formalit\u00e9s d'entr\u00e9e \u00e0 jour, et je teste moi-m\u00eame quand je le peux. Mon angle reste pratique avant tout : aider le lecteur \u00e0 partir l'esprit tranquille, sans mauvaise surprise une fois sur place. Je m'attache \u00e0 distinguer le coup de c\u0153ur sinc\u00e8re du simple argument marketing.\",\"sameAs\":[\"https:\/\/camillerouvray.fr\/\"],\"url\":\"https:\/\/voyage-aventure.com\/blog\/auteur\/noname\/\"}]}<\/script>\n<!-- \/ Yoast SEO Premium plugin. -->","yoast_head_json":{"title":"avertissement de voyage mis \u00e0 jour pour une destination","description":"Le D\u00e9partement d'\u00c9tat am\u00e9ricain a relev\u00e9 sa vigilance sur les \u00eeles Turks et Ca\u00efques, destination carib\u00e9enne pris\u00e9e, en raison d'une criminalit\u00e9 croissante","robots":{"index":"index","follow":"follow","max-snippet":"max-snippet:-1","max-image-preview":"max-image-preview:large","max-video-preview":"max-video-preview:-1"},"canonical":"https:\/\/voyage-aventure.com\/blog\/a-la-une\/avertissement-de-voyage-mis-a-jour-pour-une-destination-touristique-caribeenne-prisee\/","og_locale":"fr_FR","og_type":"article","og_title":"avertissement de voyage mis \u00e0 jour pour une destination","og_description":"Le D\u00e9partement d'\u00c9tat am\u00e9ricain a relev\u00e9 sa vigilance sur les \u00eeles Turks et Ca\u00efques, destination carib\u00e9enne pris\u00e9e, en raison d'une criminalit\u00e9 croissante","og_url":"https:\/\/voyage-aventure.com\/blog\/a-la-une\/avertissement-de-voyage-mis-a-jour-pour-une-destination-touristique-caribeenne-prisee\/","og_site_name":"voyage-aventure","og_image":[{"width":1200,"height":500,"url":"https:\/\/voyage-aventure.com\/blog\/wp-content\/uploads\/2025\/05\/sdxl-4c9bcc7cc70f5a410d068720f12df165-scaled.png","type":"image\/png"}],"author":"Camille Rouvray","twitter_card":"summary_large_image","schema":{"@context":"https:\/\/schema.org","@graph":[{"@type":"NewsArticle","@id":"https:\/\/voyage-aventure.com\/blog\/a-la-une\/avertissement-de-voyage-mis-a-jour-pour-une-destination-touristique-caribeenne-prisee\/#article","isPartOf":{"@id":"https:\/\/voyage-aventure.com\/blog\/a-la-une\/avertissement-de-voyage-mis-a-jour-pour-une-destination-touristique-caribeenne-prisee\/"},"author":{"name":"Camille Rouvray","@id":"https:\/\/voyage-aventure.com\/blog\/#\/schema\/person\/3c864cdc320801e3db34b663e7e3f816"},"headline":"avertissement de voyage mis \u00e0 jour pour une destination touristique carib\u00e9enne pris\u00e9e","datePublished":"2026-06-02T10:41:57+00:00","mainEntityOfPage":{"@id":"https:\/\/voyage-aventure.com\/blog\/a-la-une\/avertissement-de-voyage-mis-a-jour-pour-une-destination-touristique-caribeenne-prisee\/"},"wordCount":826,"commentCount":22,"publisher":{"@id":"https:\/\/voyage-aventure.com\/blog\/#organization"},"image":{"@id":"https:\/\/voyage-aventure.com\/blog\/a-la-une\/avertissement-de-voyage-mis-a-jour-pour-une-destination-touristique-caribeenne-prisee\/#primaryimage"},"thumbnailUrl":"https:\/\/voyage-aventure.com\/blog\/wp-content\/uploads\/2025\/05\/sdxl-4c9bcc7cc70f5a410d068720f12df165-scaled.png","keywords":["Aventure","Destinations","Escapade en Europe","Pr\u00e9paration","S\u00e9curit\u00e9"],"articleSection":["\u00c0 la une"],"inLanguage":"fr-FR","potentialAction":[{"@type":"CommentAction","name":"Comment","target":["https:\/\/voyage-aventure.com\/blog\/a-la-une\/avertissement-de-voyage-mis-a-jour-pour-une-destination-touristique-caribeenne-prisee\/#respond"]}]},{"@type":"WebPage","@id":"https:\/\/voyage-aventure.com\/blog\/a-la-une\/avertissement-de-voyage-mis-a-jour-pour-une-destination-touristique-caribeenne-prisee\/","url":"https:\/\/voyage-aventure.com\/blog\/a-la-une\/avertissement-de-voyage-mis-a-jour-pour-une-destination-touristique-caribeenne-prisee\/","name":"avertissement de voyage mis \u00e0 jour pour une destination","isPartOf":{"@id":"https:\/\/voyage-aventure.com\/blog\/#website"},"primaryImageOfPage":{"@id":"https:\/\/voyage-aventure.com\/blog\/a-la-une\/avertissement-de-voyage-mis-a-jour-pour-une-destination-touristique-caribeenne-prisee\/#primaryimage"},"image":{"@id":"https:\/\/voyage-aventure.com\/blog\/a-la-une\/avertissement-de-voyage-mis-a-jour-pour-une-destination-touristique-caribeenne-prisee\/#primaryimage"},"thumbnailUrl":"https:\/\/voyage-aventure.com\/blog\/wp-content\/uploads\/2025\/05\/sdxl-4c9bcc7cc70f5a410d068720f12df165-scaled.png","datePublished":"2026-06-02T10:41:57+00:00","description":"Le D\u00e9partement d'\u00c9tat am\u00e9ricain a relev\u00e9 sa vigilance sur les \u00eeles Turks et Ca\u00efques, destination carib\u00e9enne pris\u00e9e, en raison d'une criminalit\u00e9 croissante","inLanguage":"fr-FR","potentialAction":[{"@type":"ReadAction","target":["https:\/\/voyage-aventure.com\/blog\/a-la-une\/avertissement-de-voyage-mis-a-jour-pour-une-destination-touristique-caribeenne-prisee\/"]}]},{"@type":"ImageObject","inLanguage":"fr-FR","@id":"https:\/\/voyage-aventure.com\/blog\/a-la-une\/avertissement-de-voyage-mis-a-jour-pour-une-destination-touristique-caribeenne-prisee\/#primaryimage","url":"https:\/\/voyage-aventure.com\/blog\/wp-content\/uploads\/2025\/05\/sdxl-4c9bcc7cc70f5a410d068720f12df165-scaled.png","contentUrl":"https:\/\/voyage-aventure.com\/blog\/wp-content\/uploads\/2025\/05\/sdxl-4c9bcc7cc70f5a410d068720f12df165-scaled.png","width":1200,"height":500},{"@type":"WebSite","@id":"https:\/\/voyage-aventure.com\/blog\/#website","url":"https:\/\/voyage-aventure.com\/blog\/","name":"voyage-aventure.com","description":"Votre passeport pour l\u2019inattendu.","publisher":{"@id":"https:\/\/voyage-aventure.com\/blog\/#organization"},"alternateName":"Votre passeport pour l\u2019inattendu.","potentialAction":[{"@type":"SearchAction","target":{"@type":"EntryPoint","urlTemplate":"https:\/\/voyage-aventure.com\/blog\/?s={search_term_string}"},"query-input":{"@type":"PropertyValueSpecification","valueRequired":true,"valueName":"search_term_string"}}],"inLanguage":"fr-FR"},{"@type":"Organization","@id":"https:\/\/voyage-aventure.com\/blog\/#organization","name":"Foretsensations.fr","url":"https:\/\/voyage-aventure.com\/blog\/","logo":{"@type":"ImageObject","inLanguage":"fr-FR","@id":"https:\/\/voyage-aventure.com\/blog\/#\/schema\/logo\/image\/","url":"https:\/\/voyage-aventure.com\/blog\/wp-content\/uploads\/2024\/12\/19.png","contentUrl":"https:\/\/voyage-aventure.com\/blog\/wp-content\/uploads\/2024\/12\/19.png","width":512,"height":512,"caption":"Foretsensations.fr"},"image":{"@id":"https:\/\/voyage-aventure.com\/blog\/#\/schema\/logo\/image\/"}},{"@type":"Person","@id":"https:\/\/voyage-aventure.com\/blog\/#\/schema\/person\/3c864cdc320801e3db34b663e7e3f816","name":"Camille Rouvray","image":{"@type":"ImageObject","inLanguage":"fr-FR","@id":"https:\/\/voyage-aventure.com\/blog\/#\/schema\/person\/image\/","url":"https:\/\/voyage-aventure.com\/blog\/wp-content\/uploads\/2026\/06\/persona_camille-r-96x96.jpg","contentUrl":"https:\/\/voyage-aventure.com\/blog\/wp-content\/uploads\/2026\/06\/persona_camille-r-96x96.jpg","caption":"Camille Rouvray"},"description":"Je voyage et j'\u00e9cris sur le voyage depuis une douzaine d'ann\u00e9es, d'abord en tant que routarde au long cours, puis comme r\u00e9dactrice sp\u00e9cialis\u00e9e. Mon terrain de pr\u00e9dilection, ce sont les circuits organis\u00e9s et l'art de bien pr\u00e9parer un itin\u00e9raire : choix de la saison, dur\u00e9e r\u00e9aliste des \u00e9tapes, budget jour par jour, logement et transport sur place. J'aime aussi raconter les p\u00e9pites urbaines, ces adresses qu'on ne trouve pas dans les guides classiques. Avant de publier un dossier destination, je croise toujours plusieurs sources, je v\u00e9rifie les tarifs et les formalit\u00e9s d'entr\u00e9e \u00e0 jour, et je teste moi-m\u00eame quand je le peux. Mon angle reste pratique avant tout : aider le lecteur \u00e0 partir l'esprit tranquille, sans mauvaise surprise une fois sur place. Je m'attache \u00e0 distinguer le coup de c\u0153ur sinc\u00e8re du simple argument marketing.","sameAs":["https:\/\/camillerouvray.fr\/"],"url":"https:\/\/voyage-aventure.com\/blog\/auteur\/noname\/"}]}},"_links":{"self":[{"href":"https:\/\/voyage-aventure.com\/blog\/wp-json\/wp\/v2\/posts\/15462","targetHints":{"allow":["GET"]}}],"collection":[{"href":"https:\/\/voyage-aventure.com\/blog\/wp-json\/wp\/v2\/posts"}],"about":[{"href":"https:\/\/voyage-aventure.com\/blog\/wp-json\/wp\/v2\/types\/post"}],"author":[{"embeddable":true,"href":"https:\/\/voyage-aventure.com\/blog\/wp-json\/wp\/v2\/users\/34"}],"replies":[{"embeddable":true,"href":"https:\/\/voyage-aventure.com\/blog\/wp-json\/wp\/v2\/comments?post=15462"}],"version-history":[{"count":2,"href":"https:\/\/voyage-aventure.com\/blog\/wp-json\/wp\/v2\/posts\/15462\/revisions"}],"predecessor-version":[{"id":21420,"href":"https:\/\/voyage-aventure.com\/blog\/wp-json\/wp\/v2\/posts\/15462\/revisions\/21420"}],"wp:featuredmedia":[{"embeddable":true,"href":"https:\/\/voyage-aventure.com\/blog\/wp-json\/wp\/v2\/media\/19768"}],"wp:attachment":[{"href":"https:\/\/voyage-aventure.com\/blog\/wp-json\/wp\/v2\/media?parent=15462"}],"wp:term":[{"taxonomy":"category","embeddable":true,"href":"https:\/\/voyage-aventure.com\/blog\/wp-json\/wp\/v2\/categories?post=15462"},{"taxonomy":"post_tag","embeddable":true,"href":"https:\/\/voyage-aventure.com\/blog\/wp-json\/wp\/v2\/tags?post=15462"}],"curies":[{"name":"wp","href":"https:\/\/api.w.org\/{rel}","templated":true}]}}