{"id":15449,"date":"2025-03-18T14:18:36","date_gmt":"2025-03-18T13:18:36","guid":{"rendered":"https:\/\/voyage-aventure.com\/blog\/a-la-une\/ajoutez-ce-chargeur-anker-usb-c-compact-a-votre-kit-de-voyage-pour-seulement-10\/"},"modified":"2025-03-18T14:18:34","modified_gmt":"2025-03-18T13:18:34","slug":"ajoutez-ce-chargeur-anker-usb-c-compact-a-votre-kit-de-voyage-pour-seulement-10","status":"publish","type":"post","link":"https:\/\/voyage-aventure.com\/blog\/a-la-une\/ajoutez-ce-chargeur-anker-usb-c-compact-a-votre-kit-de-voyage-pour-seulement-10\/","title":{"rendered":"ajoutez ce chargeur Anker USB-C compact \u00e0 votre kit de voyage pour seulement 10 $"},"content":{"rendered":"<h2>Un chargeur compact, un compagnon id\u00e9al<\/h2>\n<p>Sa taille r\u00e9duite en fait un choix parfait qui se glisse facilement dans une poche ou un sac \u00e0 dos. Avec un design pens\u00e9 pour ceux qui recherchent la praticit\u00e9, il n&rsquo;y a pas de raison de ne pas l&rsquo;ajouter \u00e0 votre \u00e9quipement de voyage.<\/p>\n<p>Ce chargeur offre une puissance de 20W, ce qui est suffisant pour recharger rapidement vos appareils. Que ce soit pour un t\u00e9l\u00e9phone ou une tablette, cet appareil garantit un rechargement efficace sans prendre trop de place. Vous pouvez facilement \u00e9tablir plusieurs stations de recharge \u00e0 la maison pour un usage quotidien.<\/p>\n<h2>Caract\u00e9ristiques qui font la diff\u00e9rence<\/h2>\n<p>L&rsquo;Anker 511 (Nano Pro) est con\u00e7u sp\u00e9cifiquement pour des appareils comme l&rsquo;iPhone 16, offrant un chargement \u00e0 pleine vitesse. En seulement 25 minutes, vous pouvez atteindre 50 % de charge, ce qui est trois fois plus rapide que les chargeurs traditionnels de 5W. Cela signifie que vous pouvez passer moins de temps \u00e0 attendre et plus de temps \u00e0 profiter de vos appareils.<\/p>\n<p>De plus, la s\u00e9curit\u00e9 ne doit pas \u00eatre n\u00e9glig\u00e9e. Ce chargeur est \u00e9quip\u00e9 du syst\u00e8me de s\u00e9curit\u00e9 ActiveShield qui surveille la temp\u00e9rature et ajuste la puissance pour prot\u00e9ger vos appareils. C&rsquo;est un ajout rassurant pour ceux qui utilisent fr\u00e9quemment des chargeurs de diff\u00e9rentes marques.<\/p>\n<p><iframe loading=\"lazy\" title=\"Lunaris2142 teste le chargeur mural USB Lumsing 4 ports\" width=\"1200\" height=\"675\" src=\"https:\/\/www.youtube.com\/embed\/uvi0rHplX_Y?feature=oembed\" frameborder=\"0\" allow=\"accelerometer; autoplay; clipboard-write; encrypted-media; gyroscope; picture-in-picture; web-share\" referrerpolicy=\"strict-origin-when-cross-origin\" allowfullscreen><\/iframe><\/p>\n<h2>Pourquoi choisir Anker ?<\/h2>\n<p>Opter pour un chargeur Anker, c&rsquo;est choisir la qualit\u00e9 et la fiabilit\u00e9. Avec une garantie de 18 mois et un service client r\u00e9actif, vous \u00eates assur\u00e9 d&rsquo;un achat sans souci. De plus, Anker propose des chargeurs dans quatre couleurs diff\u00e9rentes, vous permettant de choisir celui qui refl\u00e8te le mieux votre style personnel.<\/p>\n<p>Enfin, cet appareil est non seulement pratique pour les voyages, mais il est \u00e9galement id\u00e9al pour une utilisation domestique. Il est parfait pour les moments o\u00f9 vous avez besoin de charger plusieurs appareils dans diff\u00e9rentes pi\u00e8ces. Avec Anker, vous ne sacrifierez jamais la vitesse pour la commodit\u00e9.<\/p>\n<ul>\n<li>Conception compacte pour un transport facile<\/li>\n<li>Charge rapide de 20W pour vos appareils<\/li>\n<li>Syst\u00e8me de s\u00e9curit\u00e9 avanc\u00e9 pour une protection accrue<\/li>\n<li>Quatre couleurs disponibles pour s&rsquo;adapter \u00e0 votre style<\/li>\n<li>Garantie de 18 mois et service client amical<\/li>\n<\/ul>\n<blockquote>\n<p>Recevez des offres irr\u00e9sistibles directement dans votre bo\u00eete mail avec notre newsletter 9to5Toys Steals.<\/p>\n<\/blockquote>\n<p>Le chargeur Anker USB-C 511 est un excellent choix pour tous ceux qui cherchent \u00e0 optimiser leur temps de chargement tout en ayant un appareil compact et pratique. Que ce soit pour des voyages d&rsquo;affaires, des vacances ou un usage quotidien, ce chargeur est un ajout essentiel \u00e0 votre \u00e9quipement technologique. Ne manquez pas l&rsquo;opportunit\u00e9 de l&rsquo;ajouter \u00e0 votre kit de voyage pour seulement 10 $ aujourd&rsquo;hui.<\/p>\n","protected":false},"excerpt":{"rendered":"","protected":false},"author":34,"featured_media":19773,"comment_status":"open","ping_status":"open","sticky":false,"template":"","format":"standard","meta":{"_acf_changed":false,"manual_indexmenow":false,"indexmenow_id_project":0,"footnotes":""},"categories":[1],"tags":[4452,4528,4385,4635,5755],"class_list":["post-15449","post","type-post","status-publish","format-standard","has-post-thumbnail","hentry","category-a-la-une","tag-economies","tag-hebergement-abordable","tag-pratiques-durables","tag-voyage","tag-voyage-en-solo","generate-columns","tablet-grid-50","mobile-grid-100","grid-parent","grid-25"],"acf":[],"yoast_head":"<!-- This site is optimized with the Yoast SEO Premium plugin v21.3 (Yoast SEO v25.1) - https:\/\/yoast.com\/wordpress\/plugins\/seo\/ -->\n<title>ajoutez ce chargeur Anker USB-C compact \u00e0 votre kit de<\/title>\n<meta name=\"description\" content=\"Sa taille r\u00e9duite en fait un choix parfait qui se glisse facilement dans une poche ou un sac \u00e0 dos. Avec un design pens\u00e9 pour ceux qui recherchent la\" \/>\n<meta name=\"robots\" content=\"index, follow, max-snippet:-1, max-image-preview:large, max-video-preview:-1\" \/>\n<link rel=\"canonical\" href=\"https:\/\/voyage-aventure.com\/blog\/a-la-une\/ajoutez-ce-chargeur-anker-usb-c-compact-a-votre-kit-de-voyage-pour-seulement-10\/\" \/>\n<meta property=\"og:locale\" content=\"fr_FR\" \/>\n<meta property=\"og:type\" content=\"article\" \/>\n<meta property=\"og:title\" content=\"ajoutez ce chargeur Anker USB-C compact \u00e0 votre kit de\" \/>\n<meta property=\"og:description\" content=\"Sa taille r\u00e9duite en fait un choix parfait qui se glisse facilement dans une poche ou un sac \u00e0 dos. Avec un design pens\u00e9 pour ceux qui recherchent la\" \/>\n<meta property=\"og:url\" content=\"https:\/\/voyage-aventure.com\/blog\/a-la-une\/ajoutez-ce-chargeur-anker-usb-c-compact-a-votre-kit-de-voyage-pour-seulement-10\/\" \/>\n<meta property=\"og:site_name\" content=\"voyage-aventure\" \/>\n<meta property=\"og:image\" content=\"https:\/\/voyage-aventure.com\/blog\/wp-content\/uploads\/2025\/05\/sdxl-e9cbf5971ed5553b7c7b233b011ac0dc-scaled.png\" \/>\n\t<meta property=\"og:image:width\" content=\"1200\" \/>\n\t<meta property=\"og:image:height\" content=\"500\" \/>\n\t<meta property=\"og:image:type\" content=\"image\/png\" \/>\n<meta name=\"author\" content=\"Camille Rouvray\" \/>\n<meta name=\"twitter:card\" content=\"summary_large_image\" \/>\n<script type=\"application\/ld+json\" class=\"yoast-schema-graph\">{\"@context\":\"https:\/\/schema.org\",\"@graph\":[{\"@type\":\"NewsArticle\",\"@id\":\"https:\/\/voyage-aventure.com\/blog\/a-la-une\/ajoutez-ce-chargeur-anker-usb-c-compact-a-votre-kit-de-voyage-pour-seulement-10\/#article\",\"isPartOf\":{\"@id\":\"https:\/\/voyage-aventure.com\/blog\/a-la-une\/ajoutez-ce-chargeur-anker-usb-c-compact-a-votre-kit-de-voyage-pour-seulement-10\/\"},\"author\":{\"name\":\"Camille Rouvray\",\"@id\":\"https:\/\/voyage-aventure.com\/blog\/#\/schema\/person\/3c864cdc320801e3db34b663e7e3f816\"},\"headline\":\"ajoutez ce chargeur Anker USB-C compact \u00e0 votre kit de voyage pour seulement 10 $\",\"datePublished\":\"2025-03-18T13:18:36+00:00\",\"mainEntityOfPage\":{\"@id\":\"https:\/\/voyage-aventure.com\/blog\/a-la-une\/ajoutez-ce-chargeur-anker-usb-c-compact-a-votre-kit-de-voyage-pour-seulement-10\/\"},\"wordCount\":472,\"commentCount\":18,\"publisher\":{\"@id\":\"https:\/\/voyage-aventure.com\/blog\/#organization\"},\"image\":{\"@id\":\"https:\/\/voyage-aventure.com\/blog\/a-la-une\/ajoutez-ce-chargeur-anker-usb-c-compact-a-votre-kit-de-voyage-pour-seulement-10\/#primaryimage\"},\"thumbnailUrl\":\"https:\/\/voyage-aventure.com\/blog\/wp-content\/uploads\/2025\/05\/sdxl-e9cbf5971ed5553b7c7b233b011ac0dc-scaled.png\",\"keywords\":[\"\u00c9conomies\",\"H\u00e9bergement Abordable\",\"Pratiques Durables\",\"Voyage\",\"Voyage en solo\"],\"articleSection\":[\"\u00c0 la une\"],\"inLanguage\":\"fr-FR\",\"potentialAction\":[{\"@type\":\"CommentAction\",\"name\":\"Comment\",\"target\":[\"https:\/\/voyage-aventure.com\/blog\/a-la-une\/ajoutez-ce-chargeur-anker-usb-c-compact-a-votre-kit-de-voyage-pour-seulement-10\/#respond\"]}]},{\"@type\":\"WebPage\",\"@id\":\"https:\/\/voyage-aventure.com\/blog\/a-la-une\/ajoutez-ce-chargeur-anker-usb-c-compact-a-votre-kit-de-voyage-pour-seulement-10\/\",\"url\":\"https:\/\/voyage-aventure.com\/blog\/a-la-une\/ajoutez-ce-chargeur-anker-usb-c-compact-a-votre-kit-de-voyage-pour-seulement-10\/\",\"name\":\"ajoutez ce chargeur Anker USB-C compact \u00e0 votre kit de\",\"isPartOf\":{\"@id\":\"https:\/\/voyage-aventure.com\/blog\/#website\"},\"primaryImageOfPage\":{\"@id\":\"https:\/\/voyage-aventure.com\/blog\/a-la-une\/ajoutez-ce-chargeur-anker-usb-c-compact-a-votre-kit-de-voyage-pour-seulement-10\/#primaryimage\"},\"image\":{\"@id\":\"https:\/\/voyage-aventure.com\/blog\/a-la-une\/ajoutez-ce-chargeur-anker-usb-c-compact-a-votre-kit-de-voyage-pour-seulement-10\/#primaryimage\"},\"thumbnailUrl\":\"https:\/\/voyage-aventure.com\/blog\/wp-content\/uploads\/2025\/05\/sdxl-e9cbf5971ed5553b7c7b233b011ac0dc-scaled.png\",\"datePublished\":\"2025-03-18T13:18:36+00:00\",\"description\":\"Sa taille r\u00e9duite en fait un choix parfait qui se glisse facilement dans une poche ou un sac \u00e0 dos. Avec un design pens\u00e9 pour ceux qui recherchent la\",\"inLanguage\":\"fr-FR\",\"potentialAction\":[{\"@type\":\"ReadAction\",\"target\":[\"https:\/\/voyage-aventure.com\/blog\/a-la-une\/ajoutez-ce-chargeur-anker-usb-c-compact-a-votre-kit-de-voyage-pour-seulement-10\/\"]}]},{\"@type\":\"ImageObject\",\"inLanguage\":\"fr-FR\",\"@id\":\"https:\/\/voyage-aventure.com\/blog\/a-la-une\/ajoutez-ce-chargeur-anker-usb-c-compact-a-votre-kit-de-voyage-pour-seulement-10\/#primaryimage\",\"url\":\"https:\/\/voyage-aventure.com\/blog\/wp-content\/uploads\/2025\/05\/sdxl-e9cbf5971ed5553b7c7b233b011ac0dc-scaled.png\",\"contentUrl\":\"https:\/\/voyage-aventure.com\/blog\/wp-content\/uploads\/2025\/05\/sdxl-e9cbf5971ed5553b7c7b233b011ac0dc-scaled.png\",\"width\":1200,\"height\":500},{\"@type\":\"WebSite\",\"@id\":\"https:\/\/voyage-aventure.com\/blog\/#website\",\"url\":\"https:\/\/voyage-aventure.com\/blog\/\",\"name\":\"voyage-aventure.com\",\"description\":\"Votre passeport pour l\u2019inattendu.\",\"publisher\":{\"@id\":\"https:\/\/voyage-aventure.com\/blog\/#organization\"},\"alternateName\":\"Votre passeport pour l\u2019inattendu.\",\"potentialAction\":[{\"@type\":\"SearchAction\",\"target\":{\"@type\":\"EntryPoint\",\"urlTemplate\":\"https:\/\/voyage-aventure.com\/blog\/?s={search_term_string}\"},\"query-input\":{\"@type\":\"PropertyValueSpecification\",\"valueRequired\":true,\"valueName\":\"search_term_string\"}}],\"inLanguage\":\"fr-FR\"},{\"@type\":\"Organization\",\"@id\":\"https:\/\/voyage-aventure.com\/blog\/#organization\",\"name\":\"Foretsensations.fr\",\"url\":\"https:\/\/voyage-aventure.com\/blog\/\",\"logo\":{\"@type\":\"ImageObject\",\"inLanguage\":\"fr-FR\",\"@id\":\"https:\/\/voyage-aventure.com\/blog\/#\/schema\/logo\/image\/\",\"url\":\"https:\/\/voyage-aventure.com\/blog\/wp-content\/uploads\/2024\/12\/19.png\",\"contentUrl\":\"https:\/\/voyage-aventure.com\/blog\/wp-content\/uploads\/2024\/12\/19.png\",\"width\":512,\"height\":512,\"caption\":\"Foretsensations.fr\"},\"image\":{\"@id\":\"https:\/\/voyage-aventure.com\/blog\/#\/schema\/logo\/image\/\"}},{\"@type\":\"Person\",\"@id\":\"https:\/\/voyage-aventure.com\/blog\/#\/schema\/person\/3c864cdc320801e3db34b663e7e3f816\",\"name\":\"Camille Rouvray\",\"image\":{\"@type\":\"ImageObject\",\"inLanguage\":\"fr-FR\",\"@id\":\"https:\/\/voyage-aventure.com\/blog\/#\/schema\/person\/image\/\",\"url\":\"https:\/\/voyage-aventure.com\/blog\/wp-content\/uploads\/2026\/06\/persona_camille-r-96x96.jpg\",\"contentUrl\":\"https:\/\/voyage-aventure.com\/blog\/wp-content\/uploads\/2026\/06\/persona_camille-r-96x96.jpg\",\"caption\":\"Camille Rouvray\"},\"description\":\"Je voyage et j'\u00e9cris sur le voyage depuis une douzaine d'ann\u00e9es, d'abord en tant que routarde au long cours, puis comme r\u00e9dactrice sp\u00e9cialis\u00e9e. Mon terrain de pr\u00e9dilection, ce sont les circuits organis\u00e9s et l'art de bien pr\u00e9parer un itin\u00e9raire : choix de la saison, dur\u00e9e r\u00e9aliste des \u00e9tapes, budget jour par jour, logement et transport sur place. J'aime aussi raconter les p\u00e9pites urbaines, ces adresses qu'on ne trouve pas dans les guides classiques. Avant de publier un dossier destination, je croise toujours plusieurs sources, je v\u00e9rifie les tarifs et les formalit\u00e9s d'entr\u00e9e \u00e0 jour, et je teste moi-m\u00eame quand je le peux. Mon angle reste pratique avant tout : aider le lecteur \u00e0 partir l'esprit tranquille, sans mauvaise surprise une fois sur place. Je m'attache \u00e0 distinguer le coup de c\u0153ur sinc\u00e8re du simple argument marketing.\",\"sameAs\":[\"https:\/\/camillerouvray.fr\/\"],\"url\":\"https:\/\/voyage-aventure.com\/blog\/auteur\/noname\/\"}]}<\/script>\n<!-- \/ Yoast SEO Premium plugin. -->","yoast_head_json":{"title":"ajoutez ce chargeur Anker USB-C compact \u00e0 votre kit de","description":"Sa taille r\u00e9duite en fait un choix parfait qui se glisse facilement dans une poche ou un sac \u00e0 dos. Avec un design pens\u00e9 pour ceux qui recherchent la","robots":{"index":"index","follow":"follow","max-snippet":"max-snippet:-1","max-image-preview":"max-image-preview:large","max-video-preview":"max-video-preview:-1"},"canonical":"https:\/\/voyage-aventure.com\/blog\/a-la-une\/ajoutez-ce-chargeur-anker-usb-c-compact-a-votre-kit-de-voyage-pour-seulement-10\/","og_locale":"fr_FR","og_type":"article","og_title":"ajoutez ce chargeur Anker USB-C compact \u00e0 votre kit de","og_description":"Sa taille r\u00e9duite en fait un choix parfait qui se glisse facilement dans une poche ou un sac \u00e0 dos. Avec un design pens\u00e9 pour ceux qui recherchent la","og_url":"https:\/\/voyage-aventure.com\/blog\/a-la-une\/ajoutez-ce-chargeur-anker-usb-c-compact-a-votre-kit-de-voyage-pour-seulement-10\/","og_site_name":"voyage-aventure","og_image":[{"width":1200,"height":500,"url":"https:\/\/voyage-aventure.com\/blog\/wp-content\/uploads\/2025\/05\/sdxl-e9cbf5971ed5553b7c7b233b011ac0dc-scaled.png","type":"image\/png"}],"author":"Camille Rouvray","twitter_card":"summary_large_image","schema":{"@context":"https:\/\/schema.org","@graph":[{"@type":"NewsArticle","@id":"https:\/\/voyage-aventure.com\/blog\/a-la-une\/ajoutez-ce-chargeur-anker-usb-c-compact-a-votre-kit-de-voyage-pour-seulement-10\/#article","isPartOf":{"@id":"https:\/\/voyage-aventure.com\/blog\/a-la-une\/ajoutez-ce-chargeur-anker-usb-c-compact-a-votre-kit-de-voyage-pour-seulement-10\/"},"author":{"name":"Camille Rouvray","@id":"https:\/\/voyage-aventure.com\/blog\/#\/schema\/person\/3c864cdc320801e3db34b663e7e3f816"},"headline":"ajoutez ce chargeur Anker USB-C compact \u00e0 votre kit de voyage pour seulement 10 $","datePublished":"2025-03-18T13:18:36+00:00","mainEntityOfPage":{"@id":"https:\/\/voyage-aventure.com\/blog\/a-la-une\/ajoutez-ce-chargeur-anker-usb-c-compact-a-votre-kit-de-voyage-pour-seulement-10\/"},"wordCount":472,"commentCount":18,"publisher":{"@id":"https:\/\/voyage-aventure.com\/blog\/#organization"},"image":{"@id":"https:\/\/voyage-aventure.com\/blog\/a-la-une\/ajoutez-ce-chargeur-anker-usb-c-compact-a-votre-kit-de-voyage-pour-seulement-10\/#primaryimage"},"thumbnailUrl":"https:\/\/voyage-aventure.com\/blog\/wp-content\/uploads\/2025\/05\/sdxl-e9cbf5971ed5553b7c7b233b011ac0dc-scaled.png","keywords":["\u00c9conomies","H\u00e9bergement Abordable","Pratiques Durables","Voyage","Voyage en solo"],"articleSection":["\u00c0 la une"],"inLanguage":"fr-FR","potentialAction":[{"@type":"CommentAction","name":"Comment","target":["https:\/\/voyage-aventure.com\/blog\/a-la-une\/ajoutez-ce-chargeur-anker-usb-c-compact-a-votre-kit-de-voyage-pour-seulement-10\/#respond"]}]},{"@type":"WebPage","@id":"https:\/\/voyage-aventure.com\/blog\/a-la-une\/ajoutez-ce-chargeur-anker-usb-c-compact-a-votre-kit-de-voyage-pour-seulement-10\/","url":"https:\/\/voyage-aventure.com\/blog\/a-la-une\/ajoutez-ce-chargeur-anker-usb-c-compact-a-votre-kit-de-voyage-pour-seulement-10\/","name":"ajoutez ce chargeur Anker USB-C compact \u00e0 votre kit de","isPartOf":{"@id":"https:\/\/voyage-aventure.com\/blog\/#website"},"primaryImageOfPage":{"@id":"https:\/\/voyage-aventure.com\/blog\/a-la-une\/ajoutez-ce-chargeur-anker-usb-c-compact-a-votre-kit-de-voyage-pour-seulement-10\/#primaryimage"},"image":{"@id":"https:\/\/voyage-aventure.com\/blog\/a-la-une\/ajoutez-ce-chargeur-anker-usb-c-compact-a-votre-kit-de-voyage-pour-seulement-10\/#primaryimage"},"thumbnailUrl":"https:\/\/voyage-aventure.com\/blog\/wp-content\/uploads\/2025\/05\/sdxl-e9cbf5971ed5553b7c7b233b011ac0dc-scaled.png","datePublished":"2025-03-18T13:18:36+00:00","description":"Sa taille r\u00e9duite en fait un choix parfait qui se glisse facilement dans une poche ou un sac \u00e0 dos. Avec un design pens\u00e9 pour ceux qui recherchent la","inLanguage":"fr-FR","potentialAction":[{"@type":"ReadAction","target":["https:\/\/voyage-aventure.com\/blog\/a-la-une\/ajoutez-ce-chargeur-anker-usb-c-compact-a-votre-kit-de-voyage-pour-seulement-10\/"]}]},{"@type":"ImageObject","inLanguage":"fr-FR","@id":"https:\/\/voyage-aventure.com\/blog\/a-la-une\/ajoutez-ce-chargeur-anker-usb-c-compact-a-votre-kit-de-voyage-pour-seulement-10\/#primaryimage","url":"https:\/\/voyage-aventure.com\/blog\/wp-content\/uploads\/2025\/05\/sdxl-e9cbf5971ed5553b7c7b233b011ac0dc-scaled.png","contentUrl":"https:\/\/voyage-aventure.com\/blog\/wp-content\/uploads\/2025\/05\/sdxl-e9cbf5971ed5553b7c7b233b011ac0dc-scaled.png","width":1200,"height":500},{"@type":"WebSite","@id":"https:\/\/voyage-aventure.com\/blog\/#website","url":"https:\/\/voyage-aventure.com\/blog\/","name":"voyage-aventure.com","description":"Votre passeport pour l\u2019inattendu.","publisher":{"@id":"https:\/\/voyage-aventure.com\/blog\/#organization"},"alternateName":"Votre passeport pour l\u2019inattendu.","potentialAction":[{"@type":"SearchAction","target":{"@type":"EntryPoint","urlTemplate":"https:\/\/voyage-aventure.com\/blog\/?s={search_term_string}"},"query-input":{"@type":"PropertyValueSpecification","valueRequired":true,"valueName":"search_term_string"}}],"inLanguage":"fr-FR"},{"@type":"Organization","@id":"https:\/\/voyage-aventure.com\/blog\/#organization","name":"Foretsensations.fr","url":"https:\/\/voyage-aventure.com\/blog\/","logo":{"@type":"ImageObject","inLanguage":"fr-FR","@id":"https:\/\/voyage-aventure.com\/blog\/#\/schema\/logo\/image\/","url":"https:\/\/voyage-aventure.com\/blog\/wp-content\/uploads\/2024\/12\/19.png","contentUrl":"https:\/\/voyage-aventure.com\/blog\/wp-content\/uploads\/2024\/12\/19.png","width":512,"height":512,"caption":"Foretsensations.fr"},"image":{"@id":"https:\/\/voyage-aventure.com\/blog\/#\/schema\/logo\/image\/"}},{"@type":"Person","@id":"https:\/\/voyage-aventure.com\/blog\/#\/schema\/person\/3c864cdc320801e3db34b663e7e3f816","name":"Camille Rouvray","image":{"@type":"ImageObject","inLanguage":"fr-FR","@id":"https:\/\/voyage-aventure.com\/blog\/#\/schema\/person\/image\/","url":"https:\/\/voyage-aventure.com\/blog\/wp-content\/uploads\/2026\/06\/persona_camille-r-96x96.jpg","contentUrl":"https:\/\/voyage-aventure.com\/blog\/wp-content\/uploads\/2026\/06\/persona_camille-r-96x96.jpg","caption":"Camille Rouvray"},"description":"Je voyage et j'\u00e9cris sur le voyage depuis une douzaine d'ann\u00e9es, d'abord en tant que routarde au long cours, puis comme r\u00e9dactrice sp\u00e9cialis\u00e9e. Mon terrain de pr\u00e9dilection, ce sont les circuits organis\u00e9s et l'art de bien pr\u00e9parer un itin\u00e9raire : choix de la saison, dur\u00e9e r\u00e9aliste des \u00e9tapes, budget jour par jour, logement et transport sur place. J'aime aussi raconter les p\u00e9pites urbaines, ces adresses qu'on ne trouve pas dans les guides classiques. Avant de publier un dossier destination, je croise toujours plusieurs sources, je v\u00e9rifie les tarifs et les formalit\u00e9s d'entr\u00e9e \u00e0 jour, et je teste moi-m\u00eame quand je le peux. Mon angle reste pratique avant tout : aider le lecteur \u00e0 partir l'esprit tranquille, sans mauvaise surprise une fois sur place. Je m'attache \u00e0 distinguer le coup de c\u0153ur sinc\u00e8re du simple argument marketing.","sameAs":["https:\/\/camillerouvray.fr\/"],"url":"https:\/\/voyage-aventure.com\/blog\/auteur\/noname\/"}]}},"_links":{"self":[{"href":"https:\/\/voyage-aventure.com\/blog\/wp-json\/wp\/v2\/posts\/15449","targetHints":{"allow":["GET"]}}],"collection":[{"href":"https:\/\/voyage-aventure.com\/blog\/wp-json\/wp\/v2\/posts"}],"about":[{"href":"https:\/\/voyage-aventure.com\/blog\/wp-json\/wp\/v2\/types\/post"}],"author":[{"embeddable":true,"href":"https:\/\/voyage-aventure.com\/blog\/wp-json\/wp\/v2\/users\/34"}],"replies":[{"embeddable":true,"href":"https:\/\/voyage-aventure.com\/blog\/wp-json\/wp\/v2\/comments?post=15449"}],"version-history":[{"count":0,"href":"https:\/\/voyage-aventure.com\/blog\/wp-json\/wp\/v2\/posts\/15449\/revisions"}],"wp:featuredmedia":[{"embeddable":true,"href":"https:\/\/voyage-aventure.com\/blog\/wp-json\/wp\/v2\/media\/19773"}],"wp:attachment":[{"href":"https:\/\/voyage-aventure.com\/blog\/wp-json\/wp\/v2\/media?parent=15449"}],"wp:term":[{"taxonomy":"category","embeddable":true,"href":"https:\/\/voyage-aventure.com\/blog\/wp-json\/wp\/v2\/categories?post=15449"},{"taxonomy":"post_tag","embeddable":true,"href":"https:\/\/voyage-aventure.com\/blog\/wp-json\/wp\/v2\/tags?post=15449"}],"curies":[{"name":"wp","href":"https:\/\/api.w.org\/{rel}","templated":true}]}}