{"id":15440,"date":"2026-06-16T17:14:45","date_gmt":"2026-06-16T15:14:45","guid":{"rendered":"https:\/\/voyage-aventure.com\/blog\/?p=15440"},"modified":"2026-06-16T17:14:45","modified_gmt":"2026-06-16T15:14:45","slug":"decouvrez-un-tresor-cache-en-calabre-italie-vacances-de-reve-a-petit-prix","status":"publish","type":"post","link":"https:\/\/voyage-aventure.com\/blog\/a-la-une\/decouvrez-un-tresor-cache-en-calabre-italie-vacances-de-reve-a-petit-prix\/","title":{"rendered":"D\u00e9couvrez un tr\u00e9sor cach\u00e9 en Calabre, Italie : vacances de r\u00eave \u00e0 petit prix"},"content":{"rendered":"<link rel=\"stylesheet\" href=\"https:\/\/fonts.googleapis.com\/css2?family=Fraunces:opsz,wght@9..144,600;9..144,700;9..144,900&#038;family=Inter:wght@400;500;600&#038;family=JetBrains+Mono:wght@500&#038;display=swap\">\n<style>\n.va-cal-wrap{font-family:'Inter',-apple-system,BlinkMacSystemFont,sans-serif;color:#243341;line-height:1.65;font-size:17px;}\n.va-cal-wrap h2{font-family:'Fraunces',Georgia,serif;font-weight:700;font-size:clamp(25px,3.4vw,35px);letter-spacing:-0.015em;color:#0E3A4F;margin:48px 0 18px;line-height:1.15;}\n.va-cal-wrap h3{font-family:'Fraunces',Georgia,serif;font-weight:600;font-size:20px;color:#0E3A4F;margin:0 0 8px;letter-spacing:-0.01em;}\n.va-cal-wrap p{margin:0 0 18px;}\n.va-cal-wrap a{color:#1574A6;text-decoration:underline;text-decoration-color:#C8623A;text-underline-offset:2px;}\n.va-cal-kick{font-family:'JetBrains Mono',monospace;font-size:11px;font-weight:500;text-transform:uppercase;letter-spacing:2.4px;color:#C8623A;}\n.va-cal-lead{background:#F0F6F9;border-left:5px solid #1574A6;padding:22px 26px;margin:24px 0;border-radius:0 6px 6px 0;}\n.va-cal-lead .va-cal-txt{font-size:19px;line-height:1.55;color:#21303D;font-weight:500;}\n.va-cal-carnet{background:#FBF6F2;border:1px solid #ECD9CC;border-radius:10px;padding:24px 26px;margin:28px 0;box-shadow:0 1px 2px rgba(16,24,40,.05),0 12px 28px -16px rgba(16,24,40,.18);}\n.va-cal-carnet .va-cal-cap{font-family:'JetBrains Mono',monospace;font-size:11px;font-weight:500;text-transform:uppercase;letter-spacing:2.2px;color:#C8623A;margin-bottom:16px;}\n.va-cal-grid{display:grid;grid-template-columns:repeat(auto-fit,minmax(210px,1fr));gap:12px;}\n.va-cal-cell{background:#fff;border:1px solid #EAE0D7;border-radius:8px;padding:14px 16px;}\n.va-cal-cell .va-cal-lbl{font-family:'JetBrains Mono',monospace;font-size:10.5px;text-transform:uppercase;letter-spacing:1.4px;color:#7C8A95;margin-bottom:5px;}\n.va-cal-cell .va-cal-val{font-size:15px;font-weight:600;color:#1A2A36;line-height:1.45;}\n.va-cal-cards{display:grid;grid-template-columns:repeat(auto-fit,minmax(230px,1fr));gap:16px;margin:28px 0;}\n.va-cal-card{background:#fff;border:1px solid #E5E5E0;border-top:3px solid #1574A6;border-radius:8px;padding:20px 20px 18px;transition:.25s ease;}\n.va-cal-card:hover{transform:translateY(-3px);box-shadow:0 10px 26px -14px rgba(14,58,79,.4);border-top-color:#C8623A;}\n.va-cal-card .va-cal-num{display:inline-flex;width:34px;height:34px;align-items:center;justify-content:center;background:#F0F6F9;color:#1574A6;border-radius:50%;font-family:'Fraunces',serif;font-weight:900;font-size:16px;margin-bottom:10px;}\n.va-cal-card .va-cal-txt{font-size:14px;line-height:1.55;color:#4A5662;}\n.va-cal-tablewrap{overflow-x:auto;border:1px solid #E5E5E0;border-radius:9px;margin:26px 0;}\n.va-cal-table{width:100%;border-collapse:collapse;font-size:14.5px;min-width:480px;}\n.va-cal-table thead tr{background:#0E3A4F;color:#fff;}\n.va-cal-table th{text-align:left;padding:13px 18px;font-family:'JetBrains Mono',monospace;font-size:11px;font-weight:500;text-transform:uppercase;letter-spacing:1.3px;}\n.va-cal-table td{padding:13px 18px;color:#3A4651;border-bottom:1px solid #EFEBE4;}\n.va-cal-table tbody tr:nth-child(even){background:#FBF7F3;}\n.va-cal-table td:first-child{font-weight:600;color:#1A2A36;}\n.va-cal-pull{margin:38px auto;padding:26px 24px;text-align:center;border-top:1px solid #0E3A4F;border-bottom:1px solid #0E3A4F;max-width:660px;position:relative;}\n.va-cal-pull .va-cal-mark{position:absolute;top:-22px;left:50%;transform:translateX(-50%);background:#fff;padding:0 14px;font-family:'Fraunces',serif;font-size:50px;line-height:1;color:#C8623A;}\n.va-cal-pull .va-cal-q{font-family:'Fraunces',Georgia,serif;font-style:italic;font-weight:600;font-size:24px;line-height:1.45;color:#0E3A4F;}\n.va-cal-pull .va-cal-by{margin-top:12px;font-family:'JetBrains Mono',monospace;font-size:11px;text-transform:uppercase;letter-spacing:2px;color:#7C8A95;}\n.va-cal-check{display:grid;grid-template-columns:repeat(auto-fit,minmax(250px,1fr));gap:14px;margin:26px 0;}\n.va-cal-col{background:#FBF7F3;border:1px solid #E5E5E0;border-radius:8px;padding:18px 20px;}\n.va-cal-col.do{border-top:4px solid #1574A6;}\n.va-cal-col.dont{border-top:4px solid #C8623A;}\n.va-cal-col h3{font-family:'JetBrains Mono',monospace;font-size:12px;font-weight:500;text-transform:uppercase;letter-spacing:1.6px;margin:0 0 12px;}\n.va-cal-col.do h3{color:#1574A6;}\n.va-cal-col.dont h3{color:#C8623A;}\n.va-cal-col ul{margin:0;padding:0;list-style:none;}\n.va-cal-col li{display:flex;gap:9px;align-items:flex-start;padding:6px 0;font-size:14px;line-height:1.5;color:#3A4651;border-bottom:1px solid #ECE6DD;}\n.va-cal-col li:last-child{border-bottom:none;}\n.va-cal-col li span{flex:0 0 14px;font-weight:700;}\n.va-cal-col.do li span{color:#1574A6;}\n.va-cal-col.dont li span{color:#C8623A;}\n.va-cal-retain{background:#0E3A4F;border-radius:10px;padding:24px 26px 26px;margin:30px 0;}\n.va-cal-retain .va-cal-cap{font-family:'JetBrains Mono',monospace;font-size:11px;font-weight:500;text-transform:uppercase;letter-spacing:2.2px;color:#E8A07B;margin-bottom:16px;}\n.va-cal-retain ul{margin:0;padding:0;list-style:none;display:grid;gap:10px;}\n.va-cal-retain li{display:flex;gap:12px;align-items:flex-start;background:rgba(255,255,255,.06);border:1px solid rgba(255,255,255,.12);border-radius:7px;padding:11px 14px;font-size:14px;line-height:1.5;color:#E6EEF2;}\n.va-cal-retain li span{flex:0 0 22px;width:22px;height:22px;background:#C8623A;color:#fff;border-radius:50%;display:inline-flex;align-items:center;justify-content:center;font-size:11px;font-weight:700;font-family:'Inter',sans-serif;}\n.va-cal-faq{margin:34px 0;}\n.va-cal-faq h2{margin-bottom:14px;}\n.va-cal-faqlist{border-top:1px solid #DDD6CC;}\n.va-cal-faq details{border-bottom:1px solid #DDD6CC;}\n.va-cal-faq summary{cursor:pointer;padding:16px 0;font-family:'Fraunces',Georgia,serif;font-size:18px;font-weight:600;color:#0E3A4F;list-style:none;display:flex;justify-content:space-between;align-items:center;gap:14px;}\n.va-cal-faq summary::-webkit-details-marker{display:none;}\n.va-cal-faq summary .va-cal-plus{font-size:22px;font-weight:300;color:#C8623A;line-height:1;}\n.va-cal-faq .va-cal-ans{padding:0 0 16px;font-size:15px;line-height:1.7;color:#4A5662;}\n.va-cal-note{font-size:13px;color:#7C8A95;font-style:italic;margin:24px 0 0;}\n\/*RENDERFIX2*\/.va-cal-table thead tr{color:#eef3f9!important}.va-cal-table thead tr p,.va-cal-table thead tr li,.va-cal-table thead tr strong,.va-cal-table thead tr em,.va-cal-table thead tr a,.va-cal-table thead tr span,.va-cal-table thead tr b,.va-cal-table thead tr td,.va-cal-table thead tr th,.va-cal-table thead tr h2,.va-cal-table thead tr h3,.va-cal-table thead tr h4{color:#eef3f9!important}.va-cal-table thead tr strong,.va-cal-table thead tr b{color:#ffffff!important}.va-cal-retain{color:#eef3f9!important}.va-cal-retain p,.va-cal-retain li,.va-cal-retain strong,.va-cal-retain em,.va-cal-retain a,.va-cal-retain span,.va-cal-retain b,.va-cal-retain td,.va-cal-retain th,.va-cal-retain h2,.va-cal-retain h3,.va-cal-retain h4{color:#eef3f9!important}.va-cal-retain strong,.va-cal-retain b{color:#ffffff!important}<\/style>\n<div class=\"va-cal-wrap\">\n<aside class=\"va-cal-lead\">\n<div class=\"va-cal-txt\">\u00c0 l&rsquo;extr\u00e9mit\u00e9 sud de la Botte, la <strong>Calabre<\/strong> reste l&rsquo;un des secrets les mieux gard\u00e9s d&rsquo;Italie : plages de sable fin, villages perch\u00e9s, pr\u00e8s de 320 jours de soleil par an et des prix parmi les plus doux du pays. Voici votre carnet pour des <strong>vacances en Calabre<\/strong> de r\u00eave \u00e0 petit prix.<\/div>\n<\/aside>\n<div class=\"va-cal-carnet\">\n<div class=\"va-cal-cap\">Carnet pratique \u2014 Calabre<\/div>\n<div class=\"va-cal-grid\">\n<div class=\"va-cal-cell\">\n<div class=\"va-cal-lbl\">Meilleure p\u00e9riode<\/div>\n<div class=\"va-cal-val\">Printemps &#038; d\u00e9but d&rsquo;automne \u2014 \u00e9viter le pic estival<\/div>\n<\/div>\n<div class=\"va-cal-cell\">\n<div class=\"va-cal-lbl\">Dur\u00e9e id\u00e9ale<\/div>\n<div class=\"va-cal-val\">5 jours minimum pour un premier s\u00e9jour<\/div>\n<\/div>\n<div class=\"va-cal-cell\">\n<div class=\"va-cal-lbl\">Budget indicatif<\/div>\n<div class=\"va-cal-val\">D\u00e8s 145\u20ac\/pers. (vol + h\u00f4tel, ex. Capo Vaticano)<\/div>\n<\/div>\n<div class=\"va-cal-cell\">\n<div class=\"va-cal-lbl\">Incontournables<\/div>\n<div class=\"va-cal-val\">Tropea, Pizzo, Parc de l&rsquo;Aspromonte<\/div>\n<\/div>\n<div class=\"va-cal-cell\">\n<div class=\"va-cal-lbl\">Comment s&rsquo;y rendre<\/div>\n<div class=\"va-cal-val\">Vols directs depuis Paris et Marseille<\/div>\n<\/div>\n<\/div>\n<\/div>\n<h2>Une r\u00e9gion m\u00e9connue \u00e0 explorer<\/h2>\n<p>La <strong>Calabre<\/strong>, situ\u00e9e \u00e0 l&rsquo;extr\u00e9mit\u00e9 sud de l&rsquo;Italie, est souvent oubli\u00e9e par les voyageurs. Pourtant, cette r\u00e9gion regorge de tr\u00e9sors cach\u00e9s, allant des plages de sable fin aux villages pittoresques. Avec pr\u00e8s de 320 jours de soleil par an, elle repr\u00e9sente une destination id\u00e9ale pour des vacances inoubliables.<\/p>\n<p>Les paysages de la Calabre sont vari\u00e9s et impressionnants. Des c\u00f4tes escarp\u00e9es aux vall\u00e9es verdoyantes, chaque coin r\u00e9serve son lot de surprises. En plus de son charme naturel, la r\u00e9gion offre une riche histoire et une culture vibrante qui ne demandent qu&rsquo;\u00e0 \u00eatre d\u00e9couvertes \u2014 de quoi expliquer le nombre d&rsquo;avis enthousiastes sur les <strong>vacances en Calabre<\/strong>.<\/p>\n<h2>O\u00f9 aller en Calabre : les incontournables<\/h2>\n<p>Avant de b\u00e2tir votre <strong>circuit touristique en Calabre<\/strong>, rep\u00e9rez les \u00e9tapes qui font l&rsquo;identit\u00e9 de la r\u00e9gion. Chacune m\u00e9rite une halte, voiture de location \u00e0 l&rsquo;appui.<\/p>\n<div class=\"va-cal-cards\">\n<div class=\"va-cal-card\"><span class=\"va-cal-num\">01<\/span><\/p>\n<h3>Tropea<\/h3>\n<div class=\"va-cal-txt\">Le village-carte-postale de la c\u00f4te tyrrh\u00e9nienne, perch\u00e9 sur sa falaise au-dessus d&rsquo;eaux turquoise. Centre historique et couchers de soleil m\u00e9morables.<\/div>\n<\/div>\n<div class=\"va-cal-card\"><span class=\"va-cal-num\">02<\/span><\/p>\n<h3>Pizzo<\/h3>\n<div class=\"va-cal-txt\">Bourg pittoresque r\u00e9put\u00e9 pour son ambiance et ses ruelles. \u00c0 combiner avec Tropea sur une m\u00eame journ\u00e9e d&rsquo;exploration.<\/div>\n<\/div>\n<div class=\"va-cal-card\"><span class=\"va-cal-num\">03<\/span><\/p>\n<h3>Capo Vaticano<\/h3>\n<div class=\"va-cal-txt\">Plages priv\u00e9es et vues sur la mer : c&rsquo;est l\u00e0 que se niche l&rsquo;Hotel Village Eden, point de chute id\u00e9al pour rayonner sur la c\u00f4te.<\/div>\n<\/div>\n<div class=\"va-cal-card\"><span class=\"va-cal-num\">04<\/span><\/p>\n<h3>Parc National de l&rsquo;Aspromonte<\/h3>\n<div class=\"va-cal-txt\">Un v\u00e9ritable bijou pour les aventuriers : sentiers de randonn\u00e9e et vues \u00e0 couper le souffle pour les amoureux de la nature.<\/div>\n<\/div>\n<\/div>\n<h2>Des s\u00e9jours \u00e0 prix abordables<\/h2>\n<p>Imaginez passer cinq jours dans un h\u00f4tel bien not\u00e9, avec vue sur la mer et acc\u00e8s \u00e0 une plage priv\u00e9e. C&rsquo;est exactement ce que propose l&rsquo;Hotel Village Eden, situ\u00e9 \u00e0 Capo Vaticano. \u00c0 partir de 145\u20ac par personne, vous b\u00e9n\u00e9ficierez de vols directs, d&rsquo;un h\u00e9bergement confortable et d&rsquo;un petit-d\u00e9jeuner inclus.<\/p>\n<p>Cette offre exceptionnelle vous permet de profiter de vacances sans vous ruiner. La Calabre est l&rsquo;une des r\u00e9gions les moins ch\u00e8res d&rsquo;Italie, rendant l&rsquo;acc\u00e8s \u00e0 ses merveilles encore plus attractif pour les familles et les couples. En choisissant cette destination, vous ferez le choix d&rsquo;un s\u00e9jour \u00e0 la fois \u00e9conomique et m\u00e9morable \u2014 id\u00e9al pour un <strong>s\u00e9jour Calabre all inclusive<\/strong> ou en demi-pension.<\/p>\n<p><iframe loading=\"lazy\" title=\"Pizzo VV FRA\" width=\"1200\" height=\"675\" src=\"https:\/\/www.youtube.com\/embed\/B1RSminT03o?feature=oembed\" frameborder=\"0\" allow=\"accelerometer; autoplay; clipboard-write; encrypted-media; gyroscope; picture-in-picture; web-share\" referrerpolicy=\"strict-origin-when-cross-origin\" allowfullscreen><\/iframe><\/p>\n<h2>Que faire en Calabre : activit\u00e9s et d\u00e9couvertes<\/h2>\n<p>La Calabre n&rsquo;est pas seulement un lieu pour se d\u00e9tendre sur la plage. Les amoureux de la nature peuvent explorer de nombreux sentiers de randonn\u00e9e offrant des vues \u00e0 couper le souffle. Le Parc National de l&rsquo;Aspromonte est un v\u00e9ritable bijou pour les aventuriers, parfait pour caler une journ\u00e9e nature dans votre <strong>road trip en Calabre<\/strong>.<\/p>\n<p>Voici quelques activit\u00e9s \u00e0 ne pas manquer lors de votre s\u00e9jour :<\/p>\n<ul>\n<li>Visiter les charmants villages de Tropea et Pizzo<\/li>\n<li>Go\u00fbter aux sp\u00e9cialit\u00e9s culinaires locales comme la &lsquo;nduja<\/li>\n<li>Explorer les plages cach\u00e9es et les criques isol\u00e9es<\/li>\n<li>Faire de la plong\u00e9e sous-marine dans des eaux cristallines<\/li>\n<li>Participer aux festivals culturels locaux<\/li>\n<\/ul>\n<div class=\"va-cal-pull\">\n<div class=\"va-cal-mark\" aria-hidden=\"true\">\u00ab<\/div>\n<div class=\"va-cal-q\">La Calabre est un tr\u00e9sor cach\u00e9 que chaque voyageur devrait d\u00e9couvrir.<\/div>\n<div class=\"va-cal-by\">\u2014 Un voyageur enthousiaste<\/div>\n<\/div>\n<p>La gastronomie calabraise est un v\u00e9ritable r\u00e9gal pour les papilles. Les plats \u00e0 base de produits locaux comme les olives, les fromages et les fruits de mer sont \u00e0 essayer absolument. N&rsquo;h\u00e9sitez pas \u00e0 demander des recommandations aux habitants pour d\u00e9couvrir les meilleures adresses.<\/p>\n<h2>Quand partir en Calabre<\/h2>\n<p>Le climat tr\u00e8s ensoleill\u00e9 permet de venir une grande partie de l&rsquo;ann\u00e9e. Le tableau ci-dessous r\u00e9sume l&rsquo;ambiance saison par saison pour caler votre <strong>circuit en Calabre<\/strong> au bon moment.<\/p>\n<div class=\"va-cal-tablewrap\">\n<table class=\"va-cal-table\">\n<thead>\n<tr>\n<th>Saison<\/th>\n<th>Ambiance<\/th>\n<th>Affluence<\/th>\n<\/tr>\n<\/thead>\n<tbody>\n<tr>\n<td>Printemps<\/td>\n<td>Doux et fleuri, id\u00e9al pour randonn\u00e9e et villages<\/td>\n<td>Faible<\/td>\n<\/tr>\n<tr>\n<td>\u00c9t\u00e9<\/td>\n<td>Chaud et baignade, vie baln\u00e9aire \u00e0 son comble<\/td>\n<td>Forte<\/td>\n<\/tr>\n<tr>\n<td>D\u00e9but d&rsquo;automne<\/td>\n<td>Mer encore chaude, lumi\u00e8re douce<\/td>\n<td>Mod\u00e9r\u00e9e<\/td>\n<\/tr>\n<tr>\n<td>Hiver<\/td>\n<td>Calme et authentique, soleil souvent au rendez-vous<\/td>\n<td>Tr\u00e8s faible<\/td>\n<\/tr>\n<\/tbody>\n<\/table>\n<\/div>\n<h2>Pratique et conseils<\/h2>\n<p>Si vous envisagez de visiter la Calabre, pensez \u00e0 r\u00e9server \u00e0 l&rsquo;avance, surtout en haute saison. Les prix peuvent fluctuer, et les meilleures offres partent rapidement. Les vols directs depuis Paris et Marseille facilitent l&rsquo;acc\u00e8s \u00e0 cette belle r\u00e9gion.<\/p>\n<p>De plus, il est recommand\u00e9 de louer une voiture pour explorer les environs \u00e0 votre rythme. Cela vous permettra de d\u00e9couvrir des endroits cach\u00e9s et de profiter pleinement de la beaut\u00e9 des paysages. Prenez \u00e9galement le temps de vous renseigner sur les \u00e9v\u00e9nements locaux qui pourraient enrichir votre s\u00e9jour.<\/p>\n<div class=\"va-cal-check\">\n<div class=\"va-cal-col do\">\n<h3>\u00c0 faire<\/h3>\n<ul>\n<li><span>\u2713<\/span><span>R\u00e9server t\u00f4t, surtout en haute saison<\/span><\/li>\n<li><span>\u2713<\/span><span>Louer une voiture pour explorer librement<\/span><\/li>\n<li><span>\u2713<\/span><span>Go\u00fbter la &lsquo;nduja et les produits locaux<\/span><\/li>\n<li><span>\u2713<\/span><span>Demander leurs adresses aux habitants<\/span><\/li>\n<\/ul>\n<\/div>\n<div class=\"va-cal-col dont\">\n<h3>\u00c0 \u00e9viter<\/h3>\n<ul>\n<li><span>\u2715<\/span><span>Attendre la derni\u00e8re minute : les bonnes offres partent vite<\/span><\/li>\n<li><span>\u2715<\/span><span>Rester uniquement sur la plage et zapper l&rsquo;arri\u00e8re-pays<\/span><\/li>\n<li><span>\u2715<\/span><span>N\u00e9gliger l&rsquo;Aspromonte si vous aimez la nature<\/span><\/li>\n<li><span>\u2715<\/span><span>Sous-estimer les distances entre les villages<\/span><\/li>\n<\/ul>\n<\/div>\n<\/div>\n<p>La Calabre est un v\u00e9ritable paradis cach\u00e9 en Italie, o\u00f9 l&rsquo;authenticit\u00e9 et la beaut\u00e9 naturelle se rencontrent. Que vous soyez en qu\u00eate de d\u00e9tente, d&rsquo;aventure ou de d\u00e9couvertes culturelles, cette r\u00e9gion saura r\u00e9pondre \u00e0 toutes vos attentes. Alors n&rsquo;attendez plus, et partez \u00e0 la d\u00e9couverte de ce tr\u00e9sor m\u00e9connu !<\/p>\n<div class=\"va-cal-retain\">\n<div class=\"va-cal-cap\">\u00c0 retenir<\/div>\n<ul>\n<li><span>1<\/span><span>Une des r\u00e9gions les moins ch\u00e8res d&rsquo;Italie : d\u00e8s 145\u20ac\/pers. vol + h\u00f4tel \u00e0 Capo Vaticano.<\/span><\/li>\n<li><span>2<\/span><span>Pr\u00e8s de 320 jours de soleil par an, accessible en vol direct depuis Paris et Marseille.<\/span><\/li>\n<li><span>3<\/span><span>Incontournables : Tropea, Pizzo et le Parc National de l&rsquo;Aspromonte.<\/span><\/li>\n<li><span>4<\/span><span>Louer une voiture pour rayonner entre plages cach\u00e9es, villages et arri\u00e8re-pays.<\/span><\/li>\n<li><span>5<\/span><span>R\u00e9server \u00e0 l&rsquo;avance et go\u00fbter la gastronomie locale, \u00e0 commencer par la &lsquo;nduja.<\/span><\/li>\n<\/ul>\n<\/div>\n<section class=\"va-cal-faq\">\n<h2>Questions fr\u00e9quentes<\/h2>\n<div class=\"va-cal-faqlist\">\n<details>\n<summary><span>O\u00f9 se situe la Calabre en Italie ?<\/span><span class=\"va-cal-plus\">+<\/span><\/summary>\n<div class=\"va-cal-ans\">La Calabre se trouve \u00e0 l&rsquo;extr\u00e9mit\u00e9 sud de l&rsquo;Italie, \u00e0 la pointe de la Botte. Elle est accessible par des vols directs depuis Paris et Marseille.<\/div>\n<\/details>\n<details>\n<summary><span>O\u00f9 aller en Calabre ?<\/span><span class=\"va-cal-plus\">+<\/span><\/summary>\n<div class=\"va-cal-ans\">Parmi les incontournables : les villages de Tropea et Pizzo, Capo Vaticano pour ses plages, et le Parc National de l&rsquo;Aspromonte pour la randonn\u00e9e. Louer une voiture permet d&rsquo;explorer aussi les plages cach\u00e9es et criques isol\u00e9es.<\/div>\n<\/details>\n<details>\n<summary><span>Que faire en Calabre ?<\/span><span class=\"va-cal-plus\">+<\/span><\/summary>\n<div class=\"va-cal-ans\">Randonn\u00e9e dans l&rsquo;Aspromonte, plong\u00e9e sous-marine dans des eaux cristallines, visite des villages, d\u00e9gustation de sp\u00e9cialit\u00e9s locales comme la &lsquo;nduja et participation aux festivals culturels locaux.<\/div>\n<\/details>\n<details>\n<summary><span>Pourquoi aller en Calabre ?<\/span><span class=\"va-cal-plus\">+<\/span><\/summary>\n<div class=\"va-cal-ans\">Pour son authenticit\u00e9, sa beaut\u00e9 naturelle et son excellent rapport qualit\u00e9-prix : c&rsquo;est l&rsquo;une des r\u00e9gions les moins ch\u00e8res d&rsquo;Italie, avec pr\u00e8s de 320 jours de soleil par an et des s\u00e9jours d\u00e8s 145\u20ac par personne.<\/div>\n<\/details>\n<\/div>\n<\/section>\n<div class=\"va-cal-note\">Prix, h\u00e9bergements et lieux mentionn\u00e9s sont repris des informations disponibles au moment de la r\u00e9daction ; v\u00e9rifiez les offres en cours avant de r\u00e9server.<\/div>\n<\/div>\n","protected":false},"excerpt":{"rendered":"","protected":false},"author":34,"featured_media":19775,"comment_status":"open","ping_status":"open","sticky":false,"template":"","format":"standard","meta":{"_acf_changed":false,"manual_indexmenow":false,"indexmenow_id_project":0,"footnotes":""},"categories":[1],"tags":[4639,6191,4527,4535,4528],"class_list":["post-15440","post","type-post","status-publish","format-standard","has-post-thumbnail","hentry","category-a-la-une","tag-aventure","tag-calabre","tag-decouverte-culturelle","tag-gastronomie-locale","tag-hebergement-abordable","generate-columns","tablet-grid-50","mobile-grid-100","grid-parent","grid-25"],"acf":[],"yoast_head":"<!-- This site is optimized with the Yoast SEO Premium plugin v21.3 (Yoast SEO v25.1) - https:\/\/yoast.com\/wordpress\/plugins\/seo\/ -->\n<title>D\u00e9couvrez un tr\u00e9sor cach\u00e9 en Calabre, Italie : vacances de<\/title>\n<meta name=\"description\" content=\"\u00c0 l&#039;extr\u00e9mit\u00e9 sud de la Botte, la Calabre reste l&#039;un des secrets les mieux gard\u00e9s d&#039;Italie : plages de sable fin, villages perch\u00e9s, pr\u00e8s de 320 jours de\" \/>\n<meta name=\"robots\" content=\"index, follow, max-snippet:-1, max-image-preview:large, max-video-preview:-1\" \/>\n<link rel=\"canonical\" href=\"https:\/\/voyage-aventure.com\/blog\/a-la-une\/decouvrez-un-tresor-cache-en-calabre-italie-vacances-de-reve-a-petit-prix\/\" \/>\n<meta property=\"og:locale\" content=\"fr_FR\" \/>\n<meta property=\"og:type\" content=\"article\" \/>\n<meta property=\"og:title\" content=\"D\u00e9couvrez un tr\u00e9sor cach\u00e9 en Calabre, Italie : vacances de\" \/>\n<meta property=\"og:description\" content=\"\u00c0 l&#039;extr\u00e9mit\u00e9 sud de la Botte, la Calabre reste l&#039;un des secrets les mieux gard\u00e9s d&#039;Italie : plages de sable fin, villages perch\u00e9s, pr\u00e8s de 320 jours de\" \/>\n<meta property=\"og:url\" content=\"https:\/\/voyage-aventure.com\/blog\/a-la-une\/decouvrez-un-tresor-cache-en-calabre-italie-vacances-de-reve-a-petit-prix\/\" \/>\n<meta property=\"og:site_name\" content=\"voyage-aventure\" \/>\n<meta property=\"og:image\" content=\"https:\/\/voyage-aventure.com\/blog\/wp-content\/uploads\/2025\/05\/sdxl-b56c1c279e224078baa8c795e6195a97-scaled.png\" \/>\n\t<meta property=\"og:image:width\" content=\"1200\" \/>\n\t<meta property=\"og:image:height\" content=\"500\" \/>\n\t<meta property=\"og:image:type\" content=\"image\/png\" \/>\n<meta name=\"author\" content=\"Camille Rouvray\" \/>\n<meta name=\"twitter:card\" content=\"summary_large_image\" \/>\n<script type=\"application\/ld+json\" class=\"yoast-schema-graph\">{\"@context\":\"https:\/\/schema.org\",\"@graph\":[{\"@type\":\"NewsArticle\",\"@id\":\"https:\/\/voyage-aventure.com\/blog\/a-la-une\/decouvrez-un-tresor-cache-en-calabre-italie-vacances-de-reve-a-petit-prix\/#article\",\"isPartOf\":{\"@id\":\"https:\/\/voyage-aventure.com\/blog\/a-la-une\/decouvrez-un-tresor-cache-en-calabre-italie-vacances-de-reve-a-petit-prix\/\"},\"author\":{\"name\":\"Camille Rouvray\",\"@id\":\"https:\/\/voyage-aventure.com\/blog\/#\/schema\/person\/3c864cdc320801e3db34b663e7e3f816\"},\"headline\":\"D\u00e9couvrez un tr\u00e9sor cach\u00e9 en Calabre, Italie : vacances de r\u00eave \u00e0 petit prix\",\"datePublished\":\"2026-06-16T15:14:45+00:00\",\"mainEntityOfPage\":{\"@id\":\"https:\/\/voyage-aventure.com\/blog\/a-la-une\/decouvrez-un-tresor-cache-en-calabre-italie-vacances-de-reve-a-petit-prix\/\"},\"wordCount\":1290,\"commentCount\":16,\"publisher\":{\"@id\":\"https:\/\/voyage-aventure.com\/blog\/#organization\"},\"image\":{\"@id\":\"https:\/\/voyage-aventure.com\/blog\/a-la-une\/decouvrez-un-tresor-cache-en-calabre-italie-vacances-de-reve-a-petit-prix\/#primaryimage\"},\"thumbnailUrl\":\"https:\/\/voyage-aventure.com\/blog\/wp-content\/uploads\/2025\/05\/sdxl-b56c1c279e224078baa8c795e6195a97-scaled.png\",\"keywords\":[\"Aventure\",\"Calabre\",\"D\u00e9couverte Culturelle\",\"Gastronomie Locale\",\"H\u00e9bergement Abordable\"],\"articleSection\":[\"\u00c0 la une\"],\"inLanguage\":\"fr-FR\",\"potentialAction\":[{\"@type\":\"CommentAction\",\"name\":\"Comment\",\"target\":[\"https:\/\/voyage-aventure.com\/blog\/a-la-une\/decouvrez-un-tresor-cache-en-calabre-italie-vacances-de-reve-a-petit-prix\/#respond\"]}]},{\"@type\":\"WebPage\",\"@id\":\"https:\/\/voyage-aventure.com\/blog\/a-la-une\/decouvrez-un-tresor-cache-en-calabre-italie-vacances-de-reve-a-petit-prix\/\",\"url\":\"https:\/\/voyage-aventure.com\/blog\/a-la-une\/decouvrez-un-tresor-cache-en-calabre-italie-vacances-de-reve-a-petit-prix\/\",\"name\":\"D\u00e9couvrez un tr\u00e9sor cach\u00e9 en Calabre, Italie : vacances de\",\"isPartOf\":{\"@id\":\"https:\/\/voyage-aventure.com\/blog\/#website\"},\"primaryImageOfPage\":{\"@id\":\"https:\/\/voyage-aventure.com\/blog\/a-la-une\/decouvrez-un-tresor-cache-en-calabre-italie-vacances-de-reve-a-petit-prix\/#primaryimage\"},\"image\":{\"@id\":\"https:\/\/voyage-aventure.com\/blog\/a-la-une\/decouvrez-un-tresor-cache-en-calabre-italie-vacances-de-reve-a-petit-prix\/#primaryimage\"},\"thumbnailUrl\":\"https:\/\/voyage-aventure.com\/blog\/wp-content\/uploads\/2025\/05\/sdxl-b56c1c279e224078baa8c795e6195a97-scaled.png\",\"datePublished\":\"2026-06-16T15:14:45+00:00\",\"description\":\"\u00c0 l'extr\u00e9mit\u00e9 sud de la Botte, la Calabre reste l'un des secrets les mieux gard\u00e9s d'Italie : plages de sable fin, villages perch\u00e9s, pr\u00e8s de 320 jours de\",\"inLanguage\":\"fr-FR\",\"potentialAction\":[{\"@type\":\"ReadAction\",\"target\":[\"https:\/\/voyage-aventure.com\/blog\/a-la-une\/decouvrez-un-tresor-cache-en-calabre-italie-vacances-de-reve-a-petit-prix\/\"]}]},{\"@type\":\"ImageObject\",\"inLanguage\":\"fr-FR\",\"@id\":\"https:\/\/voyage-aventure.com\/blog\/a-la-une\/decouvrez-un-tresor-cache-en-calabre-italie-vacances-de-reve-a-petit-prix\/#primaryimage\",\"url\":\"https:\/\/voyage-aventure.com\/blog\/wp-content\/uploads\/2025\/05\/sdxl-b56c1c279e224078baa8c795e6195a97-scaled.png\",\"contentUrl\":\"https:\/\/voyage-aventure.com\/blog\/wp-content\/uploads\/2025\/05\/sdxl-b56c1c279e224078baa8c795e6195a97-scaled.png\",\"width\":1200,\"height\":500},{\"@type\":\"WebSite\",\"@id\":\"https:\/\/voyage-aventure.com\/blog\/#website\",\"url\":\"https:\/\/voyage-aventure.com\/blog\/\",\"name\":\"voyage-aventure.com\",\"description\":\"Votre passeport pour l\u2019inattendu.\",\"publisher\":{\"@id\":\"https:\/\/voyage-aventure.com\/blog\/#organization\"},\"alternateName\":\"Votre passeport pour l\u2019inattendu.\",\"potentialAction\":[{\"@type\":\"SearchAction\",\"target\":{\"@type\":\"EntryPoint\",\"urlTemplate\":\"https:\/\/voyage-aventure.com\/blog\/?s={search_term_string}\"},\"query-input\":{\"@type\":\"PropertyValueSpecification\",\"valueRequired\":true,\"valueName\":\"search_term_string\"}}],\"inLanguage\":\"fr-FR\"},{\"@type\":\"Organization\",\"@id\":\"https:\/\/voyage-aventure.com\/blog\/#organization\",\"name\":\"Foretsensations.fr\",\"url\":\"https:\/\/voyage-aventure.com\/blog\/\",\"logo\":{\"@type\":\"ImageObject\",\"inLanguage\":\"fr-FR\",\"@id\":\"https:\/\/voyage-aventure.com\/blog\/#\/schema\/logo\/image\/\",\"url\":\"https:\/\/voyage-aventure.com\/blog\/wp-content\/uploads\/2024\/12\/19.png\",\"contentUrl\":\"https:\/\/voyage-aventure.com\/blog\/wp-content\/uploads\/2024\/12\/19.png\",\"width\":512,\"height\":512,\"caption\":\"Foretsensations.fr\"},\"image\":{\"@id\":\"https:\/\/voyage-aventure.com\/blog\/#\/schema\/logo\/image\/\"}},{\"@type\":\"Person\",\"@id\":\"https:\/\/voyage-aventure.com\/blog\/#\/schema\/person\/3c864cdc320801e3db34b663e7e3f816\",\"name\":\"Camille Rouvray\",\"image\":{\"@type\":\"ImageObject\",\"inLanguage\":\"fr-FR\",\"@id\":\"https:\/\/voyage-aventure.com\/blog\/#\/schema\/person\/image\/\",\"url\":\"https:\/\/voyage-aventure.com\/blog\/wp-content\/uploads\/2026\/06\/persona_camille-r-96x96.jpg\",\"contentUrl\":\"https:\/\/voyage-aventure.com\/blog\/wp-content\/uploads\/2026\/06\/persona_camille-r-96x96.jpg\",\"caption\":\"Camille Rouvray\"},\"description\":\"Je voyage et j'\u00e9cris sur le voyage depuis une douzaine d'ann\u00e9es, d'abord en tant que routarde au long cours, puis comme r\u00e9dactrice sp\u00e9cialis\u00e9e. Mon terrain de pr\u00e9dilection, ce sont les circuits organis\u00e9s et l'art de bien pr\u00e9parer un itin\u00e9raire : choix de la saison, dur\u00e9e r\u00e9aliste des \u00e9tapes, budget jour par jour, logement et transport sur place. J'aime aussi raconter les p\u00e9pites urbaines, ces adresses qu'on ne trouve pas dans les guides classiques. Avant de publier un dossier destination, je croise toujours plusieurs sources, je v\u00e9rifie les tarifs et les formalit\u00e9s d'entr\u00e9e \u00e0 jour, et je teste moi-m\u00eame quand je le peux. Mon angle reste pratique avant tout : aider le lecteur \u00e0 partir l'esprit tranquille, sans mauvaise surprise une fois sur place. Je m'attache \u00e0 distinguer le coup de c\u0153ur sinc\u00e8re du simple argument marketing.\",\"sameAs\":[\"https:\/\/camillerouvray.fr\/\"],\"url\":\"https:\/\/voyage-aventure.com\/blog\/auteur\/noname\/\"}]}<\/script>\n<!-- \/ Yoast SEO Premium plugin. -->","yoast_head_json":{"title":"D\u00e9couvrez un tr\u00e9sor cach\u00e9 en Calabre, Italie : vacances de","description":"\u00c0 l'extr\u00e9mit\u00e9 sud de la Botte, la Calabre reste l'un des secrets les mieux gard\u00e9s d'Italie : plages de sable fin, villages perch\u00e9s, pr\u00e8s de 320 jours de","robots":{"index":"index","follow":"follow","max-snippet":"max-snippet:-1","max-image-preview":"max-image-preview:large","max-video-preview":"max-video-preview:-1"},"canonical":"https:\/\/voyage-aventure.com\/blog\/a-la-une\/decouvrez-un-tresor-cache-en-calabre-italie-vacances-de-reve-a-petit-prix\/","og_locale":"fr_FR","og_type":"article","og_title":"D\u00e9couvrez un tr\u00e9sor cach\u00e9 en Calabre, Italie : vacances de","og_description":"\u00c0 l'extr\u00e9mit\u00e9 sud de la Botte, la Calabre reste l'un des secrets les mieux gard\u00e9s d'Italie : plages de sable fin, villages perch\u00e9s, pr\u00e8s de 320 jours de","og_url":"https:\/\/voyage-aventure.com\/blog\/a-la-une\/decouvrez-un-tresor-cache-en-calabre-italie-vacances-de-reve-a-petit-prix\/","og_site_name":"voyage-aventure","og_image":[{"width":1200,"height":500,"url":"https:\/\/voyage-aventure.com\/blog\/wp-content\/uploads\/2025\/05\/sdxl-b56c1c279e224078baa8c795e6195a97-scaled.png","type":"image\/png"}],"author":"Camille Rouvray","twitter_card":"summary_large_image","schema":{"@context":"https:\/\/schema.org","@graph":[{"@type":"NewsArticle","@id":"https:\/\/voyage-aventure.com\/blog\/a-la-une\/decouvrez-un-tresor-cache-en-calabre-italie-vacances-de-reve-a-petit-prix\/#article","isPartOf":{"@id":"https:\/\/voyage-aventure.com\/blog\/a-la-une\/decouvrez-un-tresor-cache-en-calabre-italie-vacances-de-reve-a-petit-prix\/"},"author":{"name":"Camille Rouvray","@id":"https:\/\/voyage-aventure.com\/blog\/#\/schema\/person\/3c864cdc320801e3db34b663e7e3f816"},"headline":"D\u00e9couvrez un tr\u00e9sor cach\u00e9 en Calabre, Italie : vacances de r\u00eave \u00e0 petit prix","datePublished":"2026-06-16T15:14:45+00:00","mainEntityOfPage":{"@id":"https:\/\/voyage-aventure.com\/blog\/a-la-une\/decouvrez-un-tresor-cache-en-calabre-italie-vacances-de-reve-a-petit-prix\/"},"wordCount":1290,"commentCount":16,"publisher":{"@id":"https:\/\/voyage-aventure.com\/blog\/#organization"},"image":{"@id":"https:\/\/voyage-aventure.com\/blog\/a-la-une\/decouvrez-un-tresor-cache-en-calabre-italie-vacances-de-reve-a-petit-prix\/#primaryimage"},"thumbnailUrl":"https:\/\/voyage-aventure.com\/blog\/wp-content\/uploads\/2025\/05\/sdxl-b56c1c279e224078baa8c795e6195a97-scaled.png","keywords":["Aventure","Calabre","D\u00e9couverte Culturelle","Gastronomie Locale","H\u00e9bergement Abordable"],"articleSection":["\u00c0 la une"],"inLanguage":"fr-FR","potentialAction":[{"@type":"CommentAction","name":"Comment","target":["https:\/\/voyage-aventure.com\/blog\/a-la-une\/decouvrez-un-tresor-cache-en-calabre-italie-vacances-de-reve-a-petit-prix\/#respond"]}]},{"@type":"WebPage","@id":"https:\/\/voyage-aventure.com\/blog\/a-la-une\/decouvrez-un-tresor-cache-en-calabre-italie-vacances-de-reve-a-petit-prix\/","url":"https:\/\/voyage-aventure.com\/blog\/a-la-une\/decouvrez-un-tresor-cache-en-calabre-italie-vacances-de-reve-a-petit-prix\/","name":"D\u00e9couvrez un tr\u00e9sor cach\u00e9 en Calabre, Italie : vacances de","isPartOf":{"@id":"https:\/\/voyage-aventure.com\/blog\/#website"},"primaryImageOfPage":{"@id":"https:\/\/voyage-aventure.com\/blog\/a-la-une\/decouvrez-un-tresor-cache-en-calabre-italie-vacances-de-reve-a-petit-prix\/#primaryimage"},"image":{"@id":"https:\/\/voyage-aventure.com\/blog\/a-la-une\/decouvrez-un-tresor-cache-en-calabre-italie-vacances-de-reve-a-petit-prix\/#primaryimage"},"thumbnailUrl":"https:\/\/voyage-aventure.com\/blog\/wp-content\/uploads\/2025\/05\/sdxl-b56c1c279e224078baa8c795e6195a97-scaled.png","datePublished":"2026-06-16T15:14:45+00:00","description":"\u00c0 l'extr\u00e9mit\u00e9 sud de la Botte, la Calabre reste l'un des secrets les mieux gard\u00e9s d'Italie : plages de sable fin, villages perch\u00e9s, pr\u00e8s de 320 jours de","inLanguage":"fr-FR","potentialAction":[{"@type":"ReadAction","target":["https:\/\/voyage-aventure.com\/blog\/a-la-une\/decouvrez-un-tresor-cache-en-calabre-italie-vacances-de-reve-a-petit-prix\/"]}]},{"@type":"ImageObject","inLanguage":"fr-FR","@id":"https:\/\/voyage-aventure.com\/blog\/a-la-une\/decouvrez-un-tresor-cache-en-calabre-italie-vacances-de-reve-a-petit-prix\/#primaryimage","url":"https:\/\/voyage-aventure.com\/blog\/wp-content\/uploads\/2025\/05\/sdxl-b56c1c279e224078baa8c795e6195a97-scaled.png","contentUrl":"https:\/\/voyage-aventure.com\/blog\/wp-content\/uploads\/2025\/05\/sdxl-b56c1c279e224078baa8c795e6195a97-scaled.png","width":1200,"height":500},{"@type":"WebSite","@id":"https:\/\/voyage-aventure.com\/blog\/#website","url":"https:\/\/voyage-aventure.com\/blog\/","name":"voyage-aventure.com","description":"Votre passeport pour l\u2019inattendu.","publisher":{"@id":"https:\/\/voyage-aventure.com\/blog\/#organization"},"alternateName":"Votre passeport pour l\u2019inattendu.","potentialAction":[{"@type":"SearchAction","target":{"@type":"EntryPoint","urlTemplate":"https:\/\/voyage-aventure.com\/blog\/?s={search_term_string}"},"query-input":{"@type":"PropertyValueSpecification","valueRequired":true,"valueName":"search_term_string"}}],"inLanguage":"fr-FR"},{"@type":"Organization","@id":"https:\/\/voyage-aventure.com\/blog\/#organization","name":"Foretsensations.fr","url":"https:\/\/voyage-aventure.com\/blog\/","logo":{"@type":"ImageObject","inLanguage":"fr-FR","@id":"https:\/\/voyage-aventure.com\/blog\/#\/schema\/logo\/image\/","url":"https:\/\/voyage-aventure.com\/blog\/wp-content\/uploads\/2024\/12\/19.png","contentUrl":"https:\/\/voyage-aventure.com\/blog\/wp-content\/uploads\/2024\/12\/19.png","width":512,"height":512,"caption":"Foretsensations.fr"},"image":{"@id":"https:\/\/voyage-aventure.com\/blog\/#\/schema\/logo\/image\/"}},{"@type":"Person","@id":"https:\/\/voyage-aventure.com\/blog\/#\/schema\/person\/3c864cdc320801e3db34b663e7e3f816","name":"Camille Rouvray","image":{"@type":"ImageObject","inLanguage":"fr-FR","@id":"https:\/\/voyage-aventure.com\/blog\/#\/schema\/person\/image\/","url":"https:\/\/voyage-aventure.com\/blog\/wp-content\/uploads\/2026\/06\/persona_camille-r-96x96.jpg","contentUrl":"https:\/\/voyage-aventure.com\/blog\/wp-content\/uploads\/2026\/06\/persona_camille-r-96x96.jpg","caption":"Camille Rouvray"},"description":"Je voyage et j'\u00e9cris sur le voyage depuis une douzaine d'ann\u00e9es, d'abord en tant que routarde au long cours, puis comme r\u00e9dactrice sp\u00e9cialis\u00e9e. Mon terrain de pr\u00e9dilection, ce sont les circuits organis\u00e9s et l'art de bien pr\u00e9parer un itin\u00e9raire : choix de la saison, dur\u00e9e r\u00e9aliste des \u00e9tapes, budget jour par jour, logement et transport sur place. J'aime aussi raconter les p\u00e9pites urbaines, ces adresses qu'on ne trouve pas dans les guides classiques. Avant de publier un dossier destination, je croise toujours plusieurs sources, je v\u00e9rifie les tarifs et les formalit\u00e9s d'entr\u00e9e \u00e0 jour, et je teste moi-m\u00eame quand je le peux. Mon angle reste pratique avant tout : aider le lecteur \u00e0 partir l'esprit tranquille, sans mauvaise surprise une fois sur place. Je m'attache \u00e0 distinguer le coup de c\u0153ur sinc\u00e8re du simple argument marketing.","sameAs":["https:\/\/camillerouvray.fr\/"],"url":"https:\/\/voyage-aventure.com\/blog\/auteur\/noname\/"}]}},"_links":{"self":[{"href":"https:\/\/voyage-aventure.com\/blog\/wp-json\/wp\/v2\/posts\/15440","targetHints":{"allow":["GET"]}}],"collection":[{"href":"https:\/\/voyage-aventure.com\/blog\/wp-json\/wp\/v2\/posts"}],"about":[{"href":"https:\/\/voyage-aventure.com\/blog\/wp-json\/wp\/v2\/types\/post"}],"author":[{"embeddable":true,"href":"https:\/\/voyage-aventure.com\/blog\/wp-json\/wp\/v2\/users\/34"}],"replies":[{"embeddable":true,"href":"https:\/\/voyage-aventure.com\/blog\/wp-json\/wp\/v2\/comments?post=15440"}],"version-history":[{"count":3,"href":"https:\/\/voyage-aventure.com\/blog\/wp-json\/wp\/v2\/posts\/15440\/revisions"}],"predecessor-version":[{"id":22811,"href":"https:\/\/voyage-aventure.com\/blog\/wp-json\/wp\/v2\/posts\/15440\/revisions\/22811"}],"wp:featuredmedia":[{"embeddable":true,"href":"https:\/\/voyage-aventure.com\/blog\/wp-json\/wp\/v2\/media\/19775"}],"wp:attachment":[{"href":"https:\/\/voyage-aventure.com\/blog\/wp-json\/wp\/v2\/media?parent=15440"}],"wp:term":[{"taxonomy":"category","embeddable":true,"href":"https:\/\/voyage-aventure.com\/blog\/wp-json\/wp\/v2\/categories?post=15440"},{"taxonomy":"post_tag","embeddable":true,"href":"https:\/\/voyage-aventure.com\/blog\/wp-json\/wp\/v2\/tags?post=15440"}],"curies":[{"name":"wp","href":"https:\/\/api.w.org\/{rel}","templated":true}]}}