{"id":15435,"date":"2026-06-16T17:14:35","date_gmt":"2026-06-16T15:14:35","guid":{"rendered":"https:\/\/voyage-aventure.com\/blog\/?p=15435"},"modified":"2026-06-16T17:14:35","modified_gmt":"2026-06-16T15:14:35","slug":"des-croisieres-automnales-et-hivernales-inoubliables-avec-fred-olsen-en-2026","status":"publish","type":"post","link":"https:\/\/voyage-aventure.com\/blog\/destinations-aventure\/des-croisieres-automnales-et-hivernales-inoubliables-avec-fred-olsen-en-2026\/","title":{"rendered":"des croisi\u00e8res automnales et hivernales inoubliables avec fred. olsen en 2026"},"content":{"rendered":"<link rel=\"stylesheet\" href=\"https:\/\/fonts.googleapis.com\/css2?family=Fraunces:opsz,wght@9..144,500;9..144,600;9..144,800;9..144,900&#038;family=Inter:wght@400;500;600;700&#038;family=JetBrains+Mono:wght@500;600&#038;display=swap\">\n<style>\n.va-fredolsen-wrap{font-family:'Inter',system-ui,sans-serif;color:#23303C;line-height:1.65;font-size:17px;}\n.va-fredolsen-wrap h2{font-family:'Fraunces','Georgia',serif;font-weight:800;font-size:clamp(25px,3.3vw,35px);line-height:1.15;letter-spacing:-0.015em;color:#16263A;margin:50px 0 16px;}\n.va-fredolsen-wrap h3{font-family:'Fraunces','Georgia',serif;font-weight:600;font-size:20px;color:#16263A;margin:0 0 6px;letter-spacing:-0.01em;}\n.va-fredolsen-wrap p{margin:0 0 18px;}\n.va-fredolsen-kick{font-family:'JetBrains Mono',monospace;font-size:12px;font-weight:600;letter-spacing:2.6px;text-transform:uppercase;color:#B6803A;}\n.va-fredolsen-lead{background:#F4EEE3;border-left:5px solid #B6803A;padding:24px 28px;margin:24px 0 30px;border-radius:0 8px 8px 0;}\n.va-fredolsen-lead .va-fredolsen-txt{font-size:19px;line-height:1.55;color:#16263A;font-weight:500;}\n.va-fredolsen-verdict{background:#16263A;border-radius:12px;padding:28px 30px 24px;margin:28px 0;color:#EDE7DA;box-shadow:0 18px 40px -22px rgba(22,38,58,.7);}\n.va-fredolsen-verdict .va-fredolsen-vtop{font-family:'JetBrains Mono',monospace;font-size:12px;letter-spacing:2.6px;text-transform:uppercase;color:#D9A95C;margin-bottom:14px;}\n.va-fredolsen-verdict .va-fredolsen-vlead{font-family:'Fraunces',serif;font-size:21px;line-height:1.4;color:#F8F3E8;margin-bottom:20px;font-weight:600;}\n.va-fredolsen-vgrid{display:grid;grid-template-columns:repeat(auto-fit,minmax(220px,1fr));gap:14px;}\n.va-fredolsen-vcol{background:rgba(255,255,255,.05);border:1px solid rgba(217,169,92,.28);border-radius:8px;padding:16px 18px;}\n.va-fredolsen-vcol .va-fredolsen-vh{font-family:'JetBrains Mono',monospace;font-size:11px;letter-spacing:1.8px;text-transform:uppercase;color:#D9A95C;margin-bottom:10px;}\n.va-fredolsen-vcol ul{margin:0;padding-left:18px;font-size:14.5px;line-height:1.7;color:#E4DECF;}\n.va-fredolsen-grid{display:grid;grid-template-columns:repeat(auto-fit,minmax(230px,1fr));gap:16px;margin:26px 0;}\n.va-fredolsen-card{background:#fff;border:1px solid #E4DBCB;border-top:3px solid #B6803A;border-radius:8px;padding:20px 20px 18px;transition:transform .25s ease,box-shadow .25s ease;box-shadow:0 1px 2px rgba(22,38,58,.05);}\n.va-fredolsen-card:hover{transform:translateY(-3px);box-shadow:0 16px 32px -20px rgba(22,38,58,.4);}\n.va-fredolsen-card .va-fredolsen-no{font-family:'Fraunces',serif;font-size:15px;font-weight:900;color:#B6803A;display:inline-block;margin-bottom:8px;}\n.va-fredolsen-card .va-fredolsen-txt{font-size:14px;line-height:1.55;color:#48535E;}\n.va-fredolsen-fig{margin:30px 0;overflow-x:auto;border:1px solid #E4DBCB;border-radius:10px;}\n.va-fredolsen-tbl{width:100%;border-collapse:collapse;font-size:14.5px;min-width:540px;}\n.va-fredolsen-tbl thead tr{background:#16263A;color:#F4EEE3;}\n.va-fredolsen-tbl th{text-align:left;padding:13px 18px;font-family:'JetBrains Mono',monospace;font-size:11.5px;font-weight:600;letter-spacing:1.4px;text-transform:uppercase;}\n.va-fredolsen-tbl td{padding:13px 18px;color:#3A4651;border-bottom:1px solid #EFE8DA;}\n.va-fredolsen-tbl tbody tr:nth-child(even){background:#FAF6EE;}\n.va-fredolsen-tbl td:first-child{font-weight:600;color:#16263A;}\n.va-fredolsen-do{display:grid;grid-template-columns:repeat(auto-fit,minmax(250px,1fr));gap:16px;margin:26px 0;}\n.va-fredolsen-do .va-fredolsen-pan{background:#FAF6EE;border:1px solid #E4DBCB;border-top:4px solid #B6803A;border-radius:6px;padding:20px 22px;}\n.va-fredolsen-do h3{font-family:'JetBrains Mono',monospace;font-size:12px;font-weight:600;letter-spacing:1.6px;text-transform:uppercase;margin:0 0 12px;color:#8A5B20;}\n.va-fredolsen-do ul{margin:0;padding:0;list-style:none;}\n.va-fredolsen-do li{display:flex;gap:10px;align-items:flex-start;padding:7px 0;font-size:14.5px;line-height:1.5;color:#2E3A45;border-bottom:1px solid #EAE2D2;}\n.va-fredolsen-do li:last-child{border-bottom:none;}\n.va-fredolsen-do li span:first-child{color:#B6803A;font-weight:700;flex:0 0 14px;}\n.va-fredolsen-pull{margin:40px auto;padding:30px 26px;text-align:center;border-top:1px solid #16263A;border-bottom:1px solid #16263A;max-width:660px;position:relative;}\n.va-fredolsen-pull .va-fredolsen-q{position:absolute;top:-22px;left:50%;transform:translateX(-50%);background:#fff;padding:0 14px;font-family:'Fraunces',serif;font-size:52px;line-height:1;color:#B6803A;}\n.va-fredolsen-pull blockquote{margin:0;font-family:'Fraunces',serif;font-style:italic;font-size:24px;line-height:1.45;color:#16263A;font-weight:500;}\n.va-fredolsen-pull .va-fredolsen-cite{margin-top:14px;font-family:'JetBrains Mono',monospace;font-size:11.5px;letter-spacing:1.6px;text-transform:uppercase;color:#6A7480;}\n.va-fredolsen-keep{background:#FAF6EE;border:1px solid #E4DBCB;border-radius:10px;padding:24px 26px;margin:30px 0;}\n.va-fredolsen-keep .va-fredolsen-kt{font-family:'JetBrains Mono',monospace;font-size:12px;font-weight:600;letter-spacing:2.2px;text-transform:uppercase;color:#B6803A;margin-bottom:16px;}\n.va-fredolsen-keep .va-fredolsen-kgrid{display:grid;grid-template-columns:repeat(auto-fit,minmax(240px,1fr));gap:10px;}\n.va-fredolsen-keep .va-fredolsen-kc{display:flex;gap:12px;background:#fff;border:1px solid #EAE2D2;padding:13px 15px;border-radius:6px;align-items:flex-start;}\n.va-fredolsen-keep .va-fredolsen-kn{flex:0 0 26px;width:26px;height:26px;background:#16263A;color:#D9A95C;border-radius:50%;display:inline-flex;align-items:center;justify-content:center;font-size:12px;font-weight:700;font-family:'JetBrains Mono',monospace;}\n.va-fredolsen-keep .va-fredolsen-ktx{font-size:14px;line-height:1.5;color:#2E3A45;}\n.va-fredolsen-faq{margin:34px 0;}\n.va-fredolsen-faq>h2{margin-bottom:14px;}\n.va-fredolsen-faq .va-fredolsen-acc{border-top:1px solid #DDD3C2;}\n.va-fredolsen-faq details{border-bottom:1px solid #DDD3C2;}\n.va-fredolsen-faq summary{cursor:pointer;padding:16px 0;font-family:'Fraunces',serif;font-size:18px;font-weight:600;color:#16263A;list-style:none;display:flex;justify-content:space-between;align-items:center;gap:14px;}\n.va-fredolsen-faq summary::-webkit-details-marker{display:none;}\n.va-fredolsen-faq summary .va-fredolsen-plus{font-size:24px;font-weight:300;color:#B6803A;line-height:1;}\n.va-fredolsen-faq details[open] summary .va-fredolsen-plus{transform:rotate(45deg);}\n.va-fredolsen-faq .va-fredolsen-ans{padding:0 0 18px;font-size:15.5px;line-height:1.7;color:#48535E;}\n\/*RENDERFIX2*\/.va-fredolsen-verdict{color:#eef3f9!important}.va-fredolsen-verdict p,.va-fredolsen-verdict li,.va-fredolsen-verdict strong,.va-fredolsen-verdict em,.va-fredolsen-verdict a,.va-fredolsen-verdict span,.va-fredolsen-verdict b,.va-fredolsen-verdict td,.va-fredolsen-verdict th,.va-fredolsen-verdict h2,.va-fredolsen-verdict h3,.va-fredolsen-verdict h4{color:#eef3f9!important}.va-fredolsen-verdict strong,.va-fredolsen-verdict b{color:#ffffff!important}.va-fredolsen-tbl thead tr{color:#eef3f9!important}.va-fredolsen-tbl thead tr p,.va-fredolsen-tbl thead tr li,.va-fredolsen-tbl thead tr strong,.va-fredolsen-tbl thead tr em,.va-fredolsen-tbl thead tr a,.va-fredolsen-tbl thead tr span,.va-fredolsen-tbl thead tr b,.va-fredolsen-tbl thead tr td,.va-fredolsen-tbl thead tr th,.va-fredolsen-tbl thead tr h2,.va-fredolsen-tbl thead tr h3,.va-fredolsen-tbl thead tr h4{color:#eef3f9!important}.va-fredolsen-tbl thead tr strong,.va-fredolsen-tbl thead tr b{color:#ffffff!important}.va-fredolsen-keep .va-fredolsen-kn{color:#eef3f9!important}.va-fredolsen-keep .va-fredolsen-kn p,.va-fredolsen-keep .va-fredolsen-kn li,.va-fredolsen-keep .va-fredolsen-kn strong,.va-fredolsen-keep .va-fredolsen-kn em,.va-fredolsen-keep .va-fredolsen-kn a,.va-fredolsen-keep .va-fredolsen-kn span,.va-fredolsen-keep .va-fredolsen-kn b,.va-fredolsen-keep .va-fredolsen-kn td,.va-fredolsen-keep .va-fredolsen-kn th,.va-fredolsen-keep .va-fredolsen-kn h2,.va-fredolsen-keep .va-fredolsen-kn h3,.va-fredolsen-keep .va-fredolsen-kn h4{color:#eef3f9!important}.va-fredolsen-keep .va-fredolsen-kn strong,.va-fredolsen-keep .va-fredolsen-kn b{color:#ffffff!important}<\/style>\n<div class=\"va-fredolsen-wrap\">\n<p class=\"va-fredolsen-lead\"><span class=\"va-fredolsen-txt\">Fjords norv\u00e9giens dor\u00e9s par la lumi\u00e8re rasante, march\u00e9s de No\u00ebl scintillants, longues travers\u00e9es vers le soleil des Cara\u00efbes : le programme automne-hiver 2026 de Fred. Olsen prolonge la saison des voyages bien apr\u00e8s l&rsquo;\u00e9t\u00e9. Voici ce que proposent ces croisi\u00e8res, pour qui elles sont pens\u00e9es, et comment lire leur tarification.<\/span><\/p>\n<div class=\"va-fredolsen-verdict\">\n<div class=\"va-fredolsen-vtop\">Notre lecture du programme 2026<\/div>\n<div class=\"va-fredolsen-vlead\">Un calendrier automne-hiver tourn\u00e9 vers l&rsquo;exploration au long cours : fjords sc\u00e9niques, escales m\u00e9diterran\u00e9ennes in\u00e9dites et grandes travers\u00e9es festives, dans l&rsquo;esprit small-ship de Fred. Olsen.<\/div>\n<div class=\"va-fredolsen-vgrid\">\n<div class=\"va-fredolsen-vcol\">\n<div class=\"va-fredolsen-vh\">Points forts<\/div>\n<ul>\n<li>Itin\u00e9raires vari\u00e9s, des fjords aux Cara\u00efbes<\/li>\n<li>Escales in\u00e9dites en M\u00e9diterran\u00e9e (Messine, Siracusa, Lesbos, Samos)<\/li>\n<li>Tarif tout compris \u00e0 partir de janvier 2026<\/li>\n<\/ul><\/div>\n<div class=\"va-fredolsen-vcol\">\n<div class=\"va-fredolsen-vh\">\u00c0 garder en t\u00eate<\/div>\n<ul>\n<li>D\u00e9parts souvent depuis le Royaume-Uni (Southampton, Liverpool)<\/li>\n<li>Tarifs annonc\u00e9s en livres sterling (\u00a3)<\/li>\n<li>Certaines travers\u00e9es sont longues (jusqu&rsquo;\u00e0 71 nuits)<\/li>\n<\/ul><\/div>\n<div class=\"va-fredolsen-vcol\">\n<div class=\"va-fredolsen-vh\">Pour qui ?<\/div>\n<ul>\n<li>Voyageurs cherchant \u00e0 prolonger la chaleur de l&rsquo;\u00e9t\u00e9<\/li>\n<li>Amateurs de navigation sc\u00e9nique et d&rsquo;immersion culturelle<\/li>\n<li>Public en qu\u00eate de f\u00eates de fin d&rsquo;ann\u00e9e en mer<\/li>\n<\/ul><\/div>\n<\/p><\/div>\n<\/div>\n<h2>Explorez la magie des croisi\u00e8res en automne et en hiver<\/h2>\n<p>Les croisi\u00e8res Fred. Olsen pour l&rsquo;automne et l&rsquo;hiver 2026 offrent une occasion de d\u00e9couvrir des paysages \u00e0 couper le souffle. De la splendeur des fjords norv\u00e9giens aux march\u00e9s de No\u00ebl festifs d&rsquo;Espagne, chaque voyage promet une exp\u00e9rience m\u00e9morable. Les voyageurs peuvent \u00e9galement se pr\u00e9parer \u00e0 une aventure exclusive \u00e0 travers le Grand Voyage M\u00e9diterran\u00e9en, r\u00e9v\u00e9lant des merveilles anciennes et des c\u00f4tes pittoresques.<\/p>\n<p>Ces croisi\u00e8res sont pens\u00e9es pour ceux qui cherchent \u00e0 \u00e9chapper \u00e0 la routine quotidienne. Avec des itin\u00e9raires captivants, des navigations panoramiques et des exp\u00e9riences \u00e0 bord, Fred. Olsen marie exploration et confort sur des navires \u00e0 taille humaine.<\/p>\n<h2>Un aper\u00e7u des aventures en mer<\/h2>\n<p>Parmi les moments forts de cette saison, trois grands navires se rassembleront lors de la Fleet Fiesta \u00e0 Gran Canaria en d\u00e9cembre 2026. D&rsquo;autres exp\u00e9riences m\u00e9morables incluent une croisi\u00e8re myst\u00e8re et des navigations festives pour No\u00ebl et le Nouvel An. Les passagers peuvent \u00e9galement profiter de l&rsquo;option \u00ab Choisissez votre croisi\u00e8re \u00bb, qui permet de personnaliser leur itin\u00e9raire.<\/p>\n<p>Ces croisi\u00e8res ne se limitent pas \u00e0 des destinations de r\u00eave : elles incluent aussi des temps forts comme le spectacle des m\u00e9t\u00e9ores Geminid, offrant une vue sur le ciel \u00e9toil\u00e9 loin de la pollution lumineuse.<\/p>\n<div class=\"va-fredolsen-grid\">\n<div class=\"va-fredolsen-card\">\n    <span class=\"va-fredolsen-no\">Fjords<\/span><\/p>\n<h3>Navigation sc\u00e9nique<\/h3>\n<div class=\"va-fredolsen-txt\">Les fjords norv\u00e9giens et leurs paysages panoramiques, c\u0153ur de l&rsquo;identit\u00e9 d&rsquo;exploration du programme.<\/div>\n<\/p><\/div>\n<div class=\"va-fredolsen-card\">\n    <span class=\"va-fredolsen-no\">D\u00e9cembre<\/span><\/p>\n<h3>Fleet Fiesta<\/h3>\n<div class=\"va-fredolsen-txt\">Trois grands navires r\u00e9unis \u00e0 Gran Canaria en d\u00e9cembre 2026, temps fort de la saison.<\/div>\n<\/p><\/div>\n<div class=\"va-fredolsen-card\">\n    <span class=\"va-fredolsen-no\">Ciel<\/span><\/p>\n<h3>M\u00e9t\u00e9ores Geminid<\/h3>\n<div class=\"va-fredolsen-txt\">Une observation du ciel \u00e9toil\u00e9 en mer, loin de la pollution lumineuse des c\u00f4tes.<\/div>\n<\/p><\/div>\n<div class=\"va-fredolsen-card\">\n    <span class=\"va-fredolsen-no\">Sur-mesure<\/span><\/p>\n<h3>\u00ab Choisissez votre croisi\u00e8re \u00bb<\/h3>\n<div class=\"va-fredolsen-txt\">Une option pour personnaliser son itin\u00e9raire selon ses envies.<\/div>\n<\/p><\/div>\n<\/div>\n<h2>Le Grand Voyage M\u00e9diterran\u00e9en et ses nouvelles escales<\/h2>\n<p>Le Grand Voyage M\u00e9diterran\u00e9en de 71 nuits permettra aux voyageurs de d\u00e9couvrir des ports in\u00e9dits, notamment Messine et Siracusa en Italie, ainsi que Lesbos et Samos en Gr\u00e8ce. Ce programme de croisi\u00e8re en avion offre une flexibilit\u00e9 pour explorer la M\u00e9diterran\u00e9e. Les passagers auront l&rsquo;occasion de savourer des paysages enchanteurs et de s&rsquo;immerger dans des cultures riches tout au long de leur aventure.<\/p>\n<p>Les nouvelles escales ajout\u00e9es \u00e0 l&rsquo;itin\u00e9raire promettent d&rsquo;enrichir l&rsquo;exp\u00e9rience des voyageurs. Ces destinations offrent un m\u00e9lange de traditions, d&rsquo;histoire et de paysages \u00e0 couper le souffle, garantissant un voyage inoubliable.<\/p>\n<h2>Une exp\u00e9rience de croisi\u00e8re enrichissante et transparente<\/h2>\n<p>Fred. Olsen met l&rsquo;accent sur la transparence et l&rsquo;inclusivit\u00e9 avec son programme de prix Freedom Fare. Les passagers qui r\u00e9servent dans les quatre semaines suivant le lancement d&rsquo;une croisi\u00e8re auront droit \u00e0 une mise \u00e0 niveau de cabine ou \u00e0 un cr\u00e9dit \u00e0 bord. Cela permet de b\u00e9n\u00e9ficier de tarifs comp\u00e9titifs tout en profitant d&rsquo;un service de qualit\u00e9.<\/p>\n<p>\u00c0 partir de janvier 2026, tous les itin\u00e9raires proposeront un tarif tout compris, incluant des boissons avec les repas, des activit\u00e9s de loisirs et des frais de port. Cette initiative vise \u00e0 simplifier la r\u00e9servation et \u00e0 garantir que chaque croisi\u00e8re soit relaxante d\u00e8s le d\u00e9part.<\/p>\n<figure class=\"va-fredolsen-pull\">\n<div class=\"va-fredolsen-q\" aria-hidden=\"true\">\u00ab<\/div>\n<blockquote><p>Nous avons eu beaucoup de plaisir \u00e0 planifier notre prochain programme de croisi\u00e8re, avec de nombreuses navigations offrant la possibilit\u00e9 de prolonger la chaleur de l&rsquo;\u00e9t\u00e9 alors que les jours deviennent plus courts et plus sombres chez nous.<\/p><\/blockquote>\n<div class=\"va-fredolsen-cite\">\u2014 Martin Lister, Responsable de l&rsquo;Innovation Produit chez Fred. Olsen<\/div>\n<\/figure>\n<h2>Des croisi\u00e8res th\u00e9matiques uniques<\/h2>\n<p>Plusieurs itin\u00e9raires th\u00e9matiques jalonnent la saison, du court s\u00e9jour sc\u00e9nique aux longues travers\u00e9es. Voici, telles qu&rsquo;annonc\u00e9es, quelques navigations marquantes avec leur navire, leur dur\u00e9e, leur port de d\u00e9part, leur date et leur tarif d&rsquo;appel par personne.<\/p>\n<figure class=\"va-fredolsen-fig\">\n<table class=\"va-fredolsen-tbl\">\n<thead>\n<tr>\n<th>Croisi\u00e8re<\/th>\n<th>D\u00e9part<\/th>\n<th>Date<\/th>\n<th>\u00c0 partir de<\/th>\n<\/tr>\n<\/thead>\n<tbody>\n<tr>\n<td>Bolette\u2019s 16-night \u2018Exploring the French Riviera\u2019<\/td>\n<td>Liverpool<\/td>\n<td>22 septembre 2026<\/td>\n<td>1 899 \u00a3 \/ pers.<\/td>\n<\/tr>\n<tr>\n<td>Balmoral\u2019s 11-night \u2018Exploring the Greek Islands\u2019 Fly-Cruise<\/td>\n<td>Cr\u00e8te<\/td>\n<td>29 octobre 2026<\/td>\n<td>1 779 \u00a3 \/ pers., vols inclus<\/td>\n<\/tr>\n<tr>\n<td>Borealis\u2019 Eight-night \u2018Scenic Norwegian Fjords\u2019 Cruise<\/td>\n<td>Southampton<\/td>\n<td>13 septembre 2026<\/td>\n<td>999 \u00a3 \/ pers.<\/td>\n<\/tr>\n<tr>\n<td>Balmoral\u2019s 71-night \u2018Mediterranean Grand Voyage\u2019<\/td>\n<td>Southampton<\/td>\n<td>30 septembre 2026<\/td>\n<td>7 099 \u00a3 \/ pers.<\/td>\n<\/tr>\n<\/tbody>\n<\/table>\n<\/figure>\n<h2>Des croisi\u00e8res festives pour terminer l&rsquo;ann\u00e9e en beaut\u00e9<\/h2>\n<p>Les croisi\u00e8res de No\u00ebl et du Nouvel An de Fred. Olsen permettent aux passagers de c\u00e9l\u00e9brer la saison dans des destinations f\u00e9\u00e9riques. Par exemple, la croisi\u00e8re de six nuits vers les march\u00e9s de No\u00ebl allemands \u00e0 partir du 16 d\u00e9cembre 2026 offre une immersion dans l&rsquo;ambiance festive. Les voyageurs pourront d\u00e9guster des sp\u00e9cialit\u00e9s locales tout en explorant les march\u00e9s anim\u00e9s.<\/p>\n<p>Pour ceux qui cherchent \u00e0 \u00e9chapper \u00e0 l&rsquo;hiver, la croisi\u00e8re de 31 nuits dans les Cara\u00efbes \u00e0 partir du 18 d\u00e9cembre 2026 promet une exp\u00e9rience inoubliable. Les passagers pourront c\u00e9l\u00e9brer No\u00ebl en mer et accueillir la nouvelle ann\u00e9e sur les plages ensoleill\u00e9es de l&rsquo;Antigua.<\/p>\n<div class=\"va-fredolsen-do\">\n<div class=\"va-fredolsen-pan\">\n<h3>Ce que comprend la croisi\u00e8re<\/h3>\n<ul>\n<li><span>\u2713<\/span><span>Pension \u00e0 bord et navigation panoramique<\/span><\/li>\n<li><span>\u2713<\/span><span>Escales et temps de d\u00e9couverte des ports<\/span><\/li>\n<li><span>\u2713<\/span><span>D\u00e8s janvier 2026 : tarif tout compris (boissons aux repas, loisirs, frais de port)<\/span><\/li>\n<li><span>\u2713<\/span><span>Freedom Fare : mise \u00e0 niveau de cabine ou cr\u00e9dit \u00e0 bord si r\u00e9servation dans les 4 semaines du lancement<\/span><\/li>\n<\/ul><\/div>\n<div class=\"va-fredolsen-pan\">\n<h3>\u00c0 v\u00e9rifier avant de r\u00e9server<\/h3>\n<ul>\n<li><span>\u2713<\/span><span>Le port de d\u00e9part (souvent Southampton ou Liverpool)<\/span><\/li>\n<li><span>\u2713<\/span><span>La dur\u00e9e r\u00e9elle de la travers\u00e9e selon l&rsquo;itin\u00e9raire<\/span><\/li>\n<li><span>\u2713<\/span><span>Ce qu&rsquo;inclut exactement le tarif d&rsquo;appel annonc\u00e9<\/span><\/li>\n<li><span>\u2713<\/span><span>Le calendrier des escales festives (No\u00ebl, Nouvel An)<\/span><\/li>\n<\/ul><\/div>\n<\/div>\n<h2>Pr\u00e9parez-vous pour une aventure inoubliable avec Fred. Olsen<\/h2>\n<p>Fred. Olsen Cruise Lines invite \u00e0 vivre ces voyages, alliant beaut\u00e9 sc\u00e9nique, immersion culturelle et exp\u00e9riences \u00e0 bord. Que l&rsquo;on souhaite explorer les fjords norv\u00e9giens ou profiter des march\u00e9s de No\u00ebl, chaque croisi\u00e8re du programme 2026 est con\u00e7ue pour offrir une aventure m\u00e9morable, des premi\u00e8res lueurs d&rsquo;automne jusqu&rsquo;au c\u0153ur de l&rsquo;hiver.<\/p>\n<div class=\"va-fredolsen-keep\">\n<div class=\"va-fredolsen-kt\">\u00c0 retenir<\/div>\n<div class=\"va-fredolsen-kgrid\">\n<div class=\"va-fredolsen-kc\"><span class=\"va-fredolsen-kn\">1<\/span><span class=\"va-fredolsen-ktx\">Un programme automne-hiver 2026 qui va des fjords norv\u00e9giens aux Cara\u00efbes.<\/span><\/div>\n<div class=\"va-fredolsen-kc\"><span class=\"va-fredolsen-kn\">2<\/span><span class=\"va-fredolsen-ktx\">Le Grand Voyage M\u00e9diterran\u00e9en de 71 nuits ajoute Messine, Siracusa, Lesbos et Samos.<\/span><\/div>\n<div class=\"va-fredolsen-kc\"><span class=\"va-fredolsen-kn\">3<\/span><span class=\"va-fredolsen-ktx\">Tarif tout compris \u00e0 partir de janvier 2026 sur tous les itin\u00e9raires.<\/span><\/div>\n<div class=\"va-fredolsen-kc\"><span class=\"va-fredolsen-kn\">4<\/span><span class=\"va-fredolsen-ktx\">Temps forts festifs : Fleet Fiesta, march\u00e9s de No\u00ebl, travers\u00e9e Cara\u00efbes du Nouvel An.<\/span><\/div>\n<\/p><\/div>\n<\/div>\n<section class=\"va-fredolsen-faq\">\n<h2>Questions fr\u00e9quentes<\/h2>\n<div class=\"va-fredolsen-acc\">\n<details>\n<summary><span>Quand partir en croisi\u00e8re Fred. Olsen \u00e0 l&rsquo;automne ou en hiver 2026 ?<\/span><span class=\"va-fredolsen-plus\">+<\/span><\/summary>\n<div class=\"va-fredolsen-ans\">Le programme s&rsquo;\u00e9tale de septembre 2026 (fjords norv\u00e9giens, French Riviera) jusqu&rsquo;aux f\u00eates de fin d&rsquo;ann\u00e9e, avec des navigations de No\u00ebl et du Nouvel An en d\u00e9cembre 2026. L&rsquo;automne se pr\u00eate aux navigations sc\u00e9niques, l&rsquo;hiver aux escapades festives et aux longues travers\u00e9es vers le soleil.<\/div>\n<\/details>\n<details>\n<summary><span>Quelles destinations sont au programme ?<\/span><span class=\"va-fredolsen-plus\">+<\/span><\/summary>\n<div class=\"va-fredolsen-ans\">On y trouve les fjords norv\u00e9giens, les march\u00e9s de No\u00ebl allemands et d&rsquo;Espagne, la M\u00e9diterran\u00e9e (avec des escales in\u00e9dites \u00e0 Messine, Siracusa, Lesbos et Samos via le Grand Voyage de 71 nuits), les \u00eeles grecques, ainsi qu&rsquo;une travers\u00e9e vers les Cara\u00efbes et l&rsquo;Antigua pour les f\u00eates.<\/div>\n<\/details>\n<details>\n<summary><span>Que comprend une croisi\u00e8re (pension, escales) ?<\/span><span class=\"va-fredolsen-plus\">+<\/span><\/summary>\n<div class=\"va-fredolsen-ans\">Les croisi\u00e8res incluent la pension \u00e0 bord, des navigations panoramiques et des escales. \u00c0 partir de janvier 2026, tous les itin\u00e9raires proposent un tarif tout compris couvrant les boissons avec les repas, les activit\u00e9s de loisirs et les frais de port. Le programme Freedom Fare peut ajouter une mise \u00e0 niveau de cabine ou un cr\u00e9dit \u00e0 bord pour les r\u00e9servations rapides.<\/div>\n<\/details>\n<details>\n<summary><span>Quel est l&rsquo;ordre de grandeur des prix ?<\/span><span class=\"va-fredolsen-plus\">+<\/span><\/summary>\n<div class=\"va-fredolsen-ans\">Les tarifs d&rsquo;appel annonc\u00e9s vont d&rsquo;environ 999 \u00a3 par personne pour une croisi\u00e8re de huit nuits dans les fjords norv\u00e9giens jusqu&rsquo;\u00e0 7 099 \u00a3 par personne pour le Grand Voyage M\u00e9diterran\u00e9en de 71 nuits. Ce sont des prix \u00ab \u00e0 partir de \u00bb, par personne et en livres sterling : le tarif final d\u00e9pend de la cabine, de la date et des options choisies.<\/div>\n<\/details><\/div>\n<\/section>\n<\/div>\n","protected":false},"excerpt":{"rendered":"","protected":false},"author":34,"featured_media":19702,"comment_status":"open","ping_status":"open","sticky":false,"template":"","format":"standard","meta":{"_acf_changed":false,"manual_indexmenow":false,"indexmenow_id_project":0,"footnotes":""},"categories":[4520],"tags":[4538,4527,4530,4535,4528],"class_list":["post-15435","post","type-post","status-publish","format-standard","has-post-thumbnail","hentry","category-destinations-aventure","tag-activites-variees","tag-decouverte-culturelle","tag-escapade-en-europe","tag-gastronomie-locale","tag-hebergement-abordable","generate-columns","tablet-grid-50","mobile-grid-100","grid-parent","grid-25"],"acf":[],"yoast_head":"<!-- This site is optimized with the Yoast SEO Premium plugin v21.3 (Yoast SEO v25.1) - https:\/\/yoast.com\/wordpress\/plugins\/seo\/ -->\n<title>des croisi\u00e8res automnales et hivernales inoubliables avec<\/title>\n<meta name=\"description\" content=\"Fjords norv\u00e9giens dor\u00e9s par la lumi\u00e8re rasante, march\u00e9s de No\u00ebl scintillants, longues travers\u00e9es vers le soleil des Cara\u00efbes : le programme automne-hiver\" \/>\n<meta name=\"robots\" content=\"index, follow, max-snippet:-1, max-image-preview:large, max-video-preview:-1\" \/>\n<link rel=\"canonical\" href=\"https:\/\/voyage-aventure.com\/blog\/destinations-aventure\/des-croisieres-automnales-et-hivernales-inoubliables-avec-fred-olsen-en-2026\/\" \/>\n<meta property=\"og:locale\" content=\"fr_FR\" \/>\n<meta property=\"og:type\" content=\"article\" \/>\n<meta property=\"og:title\" content=\"des croisi\u00e8res automnales et hivernales inoubliables avec\" \/>\n<meta property=\"og:description\" content=\"Fjords norv\u00e9giens dor\u00e9s par la lumi\u00e8re rasante, march\u00e9s de No\u00ebl scintillants, longues travers\u00e9es vers le soleil des Cara\u00efbes : le programme automne-hiver\" \/>\n<meta property=\"og:url\" content=\"https:\/\/voyage-aventure.com\/blog\/destinations-aventure\/des-croisieres-automnales-et-hivernales-inoubliables-avec-fred-olsen-en-2026\/\" \/>\n<meta property=\"og:site_name\" content=\"voyage-aventure\" \/>\n<meta property=\"og:image\" content=\"https:\/\/voyage-aventure.com\/blog\/wp-content\/uploads\/2025\/05\/sdxl-a931dd94027ab7ef6bb505493757fd79-scaled.png\" \/>\n\t<meta property=\"og:image:width\" content=\"1200\" \/>\n\t<meta property=\"og:image:height\" content=\"500\" \/>\n\t<meta property=\"og:image:type\" content=\"image\/png\" \/>\n<meta name=\"author\" content=\"Camille Rouvray\" \/>\n<meta name=\"twitter:card\" content=\"summary_large_image\" \/>\n<script type=\"application\/ld+json\" class=\"yoast-schema-graph\">{\"@context\":\"https:\/\/schema.org\",\"@graph\":[{\"@type\":\"NewsArticle\",\"@id\":\"https:\/\/voyage-aventure.com\/blog\/destinations-aventure\/des-croisieres-automnales-et-hivernales-inoubliables-avec-fred-olsen-en-2026\/#article\",\"isPartOf\":{\"@id\":\"https:\/\/voyage-aventure.com\/blog\/destinations-aventure\/des-croisieres-automnales-et-hivernales-inoubliables-avec-fred-olsen-en-2026\/\"},\"author\":{\"name\":\"Camille Rouvray\",\"@id\":\"https:\/\/voyage-aventure.com\/blog\/#\/schema\/person\/3c864cdc320801e3db34b663e7e3f816\"},\"headline\":\"des croisi\u00e8res automnales et hivernales inoubliables avec fred. olsen en 2026\",\"datePublished\":\"2026-06-16T15:14:35+00:00\",\"mainEntityOfPage\":{\"@id\":\"https:\/\/voyage-aventure.com\/blog\/destinations-aventure\/des-croisieres-automnales-et-hivernales-inoubliables-avec-fred-olsen-en-2026\/\"},\"wordCount\":1511,\"commentCount\":19,\"publisher\":{\"@id\":\"https:\/\/voyage-aventure.com\/blog\/#organization\"},\"image\":{\"@id\":\"https:\/\/voyage-aventure.com\/blog\/destinations-aventure\/des-croisieres-automnales-et-hivernales-inoubliables-avec-fred-olsen-en-2026\/#primaryimage\"},\"thumbnailUrl\":\"https:\/\/voyage-aventure.com\/blog\/wp-content\/uploads\/2025\/05\/sdxl-a931dd94027ab7ef6bb505493757fd79-scaled.png\",\"keywords\":[\"Activit\u00e9s Vari\u00e9es\",\"D\u00e9couverte Culturelle\",\"Escapade en Europe\",\"Gastronomie Locale\",\"H\u00e9bergement Abordable\"],\"articleSection\":[\"Destinations Aventure\"],\"inLanguage\":\"fr-FR\",\"potentialAction\":[{\"@type\":\"CommentAction\",\"name\":\"Comment\",\"target\":[\"https:\/\/voyage-aventure.com\/blog\/destinations-aventure\/des-croisieres-automnales-et-hivernales-inoubliables-avec-fred-olsen-en-2026\/#respond\"]}]},{\"@type\":\"WebPage\",\"@id\":\"https:\/\/voyage-aventure.com\/blog\/destinations-aventure\/des-croisieres-automnales-et-hivernales-inoubliables-avec-fred-olsen-en-2026\/\",\"url\":\"https:\/\/voyage-aventure.com\/blog\/destinations-aventure\/des-croisieres-automnales-et-hivernales-inoubliables-avec-fred-olsen-en-2026\/\",\"name\":\"des croisi\u00e8res automnales et hivernales inoubliables avec\",\"isPartOf\":{\"@id\":\"https:\/\/voyage-aventure.com\/blog\/#website\"},\"primaryImageOfPage\":{\"@id\":\"https:\/\/voyage-aventure.com\/blog\/destinations-aventure\/des-croisieres-automnales-et-hivernales-inoubliables-avec-fred-olsen-en-2026\/#primaryimage\"},\"image\":{\"@id\":\"https:\/\/voyage-aventure.com\/blog\/destinations-aventure\/des-croisieres-automnales-et-hivernales-inoubliables-avec-fred-olsen-en-2026\/#primaryimage\"},\"thumbnailUrl\":\"https:\/\/voyage-aventure.com\/blog\/wp-content\/uploads\/2025\/05\/sdxl-a931dd94027ab7ef6bb505493757fd79-scaled.png\",\"datePublished\":\"2026-06-16T15:14:35+00:00\",\"description\":\"Fjords norv\u00e9giens dor\u00e9s par la lumi\u00e8re rasante, march\u00e9s de No\u00ebl scintillants, longues travers\u00e9es vers le soleil des Cara\u00efbes : le programme automne-hiver\",\"inLanguage\":\"fr-FR\",\"potentialAction\":[{\"@type\":\"ReadAction\",\"target\":[\"https:\/\/voyage-aventure.com\/blog\/destinations-aventure\/des-croisieres-automnales-et-hivernales-inoubliables-avec-fred-olsen-en-2026\/\"]}]},{\"@type\":\"ImageObject\",\"inLanguage\":\"fr-FR\",\"@id\":\"https:\/\/voyage-aventure.com\/blog\/destinations-aventure\/des-croisieres-automnales-et-hivernales-inoubliables-avec-fred-olsen-en-2026\/#primaryimage\",\"url\":\"https:\/\/voyage-aventure.com\/blog\/wp-content\/uploads\/2025\/05\/sdxl-a931dd94027ab7ef6bb505493757fd79-scaled.png\",\"contentUrl\":\"https:\/\/voyage-aventure.com\/blog\/wp-content\/uploads\/2025\/05\/sdxl-a931dd94027ab7ef6bb505493757fd79-scaled.png\",\"width\":1200,\"height\":500},{\"@type\":\"WebSite\",\"@id\":\"https:\/\/voyage-aventure.com\/blog\/#website\",\"url\":\"https:\/\/voyage-aventure.com\/blog\/\",\"name\":\"voyage-aventure.com\",\"description\":\"Votre passeport pour l\u2019inattendu.\",\"publisher\":{\"@id\":\"https:\/\/voyage-aventure.com\/blog\/#organization\"},\"alternateName\":\"Votre passeport pour l\u2019inattendu.\",\"potentialAction\":[{\"@type\":\"SearchAction\",\"target\":{\"@type\":\"EntryPoint\",\"urlTemplate\":\"https:\/\/voyage-aventure.com\/blog\/?s={search_term_string}\"},\"query-input\":{\"@type\":\"PropertyValueSpecification\",\"valueRequired\":true,\"valueName\":\"search_term_string\"}}],\"inLanguage\":\"fr-FR\"},{\"@type\":\"Organization\",\"@id\":\"https:\/\/voyage-aventure.com\/blog\/#organization\",\"name\":\"Foretsensations.fr\",\"url\":\"https:\/\/voyage-aventure.com\/blog\/\",\"logo\":{\"@type\":\"ImageObject\",\"inLanguage\":\"fr-FR\",\"@id\":\"https:\/\/voyage-aventure.com\/blog\/#\/schema\/logo\/image\/\",\"url\":\"https:\/\/voyage-aventure.com\/blog\/wp-content\/uploads\/2024\/12\/19.png\",\"contentUrl\":\"https:\/\/voyage-aventure.com\/blog\/wp-content\/uploads\/2024\/12\/19.png\",\"width\":512,\"height\":512,\"caption\":\"Foretsensations.fr\"},\"image\":{\"@id\":\"https:\/\/voyage-aventure.com\/blog\/#\/schema\/logo\/image\/\"}},{\"@type\":\"Person\",\"@id\":\"https:\/\/voyage-aventure.com\/blog\/#\/schema\/person\/3c864cdc320801e3db34b663e7e3f816\",\"name\":\"Camille Rouvray\",\"image\":{\"@type\":\"ImageObject\",\"inLanguage\":\"fr-FR\",\"@id\":\"https:\/\/voyage-aventure.com\/blog\/#\/schema\/person\/image\/\",\"url\":\"https:\/\/voyage-aventure.com\/blog\/wp-content\/uploads\/2026\/06\/persona_camille-r-96x96.jpg\",\"contentUrl\":\"https:\/\/voyage-aventure.com\/blog\/wp-content\/uploads\/2026\/06\/persona_camille-r-96x96.jpg\",\"caption\":\"Camille Rouvray\"},\"description\":\"Je voyage et j'\u00e9cris sur le voyage depuis une douzaine d'ann\u00e9es, d'abord en tant que routarde au long cours, puis comme r\u00e9dactrice sp\u00e9cialis\u00e9e. Mon terrain de pr\u00e9dilection, ce sont les circuits organis\u00e9s et l'art de bien pr\u00e9parer un itin\u00e9raire : choix de la saison, dur\u00e9e r\u00e9aliste des \u00e9tapes, budget jour par jour, logement et transport sur place. J'aime aussi raconter les p\u00e9pites urbaines, ces adresses qu'on ne trouve pas dans les guides classiques. Avant de publier un dossier destination, je croise toujours plusieurs sources, je v\u00e9rifie les tarifs et les formalit\u00e9s d'entr\u00e9e \u00e0 jour, et je teste moi-m\u00eame quand je le peux. Mon angle reste pratique avant tout : aider le lecteur \u00e0 partir l'esprit tranquille, sans mauvaise surprise une fois sur place. Je m'attache \u00e0 distinguer le coup de c\u0153ur sinc\u00e8re du simple argument marketing.\",\"sameAs\":[\"https:\/\/camillerouvray.fr\/\"],\"url\":\"https:\/\/voyage-aventure.com\/blog\/auteur\/noname\/\"}]}<\/script>\n<!-- \/ Yoast SEO Premium plugin. -->","yoast_head_json":{"title":"des croisi\u00e8res automnales et hivernales inoubliables avec","description":"Fjords norv\u00e9giens dor\u00e9s par la lumi\u00e8re rasante, march\u00e9s de No\u00ebl scintillants, longues travers\u00e9es vers le soleil des Cara\u00efbes : le programme automne-hiver","robots":{"index":"index","follow":"follow","max-snippet":"max-snippet:-1","max-image-preview":"max-image-preview:large","max-video-preview":"max-video-preview:-1"},"canonical":"https:\/\/voyage-aventure.com\/blog\/destinations-aventure\/des-croisieres-automnales-et-hivernales-inoubliables-avec-fred-olsen-en-2026\/","og_locale":"fr_FR","og_type":"article","og_title":"des croisi\u00e8res automnales et hivernales inoubliables avec","og_description":"Fjords norv\u00e9giens dor\u00e9s par la lumi\u00e8re rasante, march\u00e9s de No\u00ebl scintillants, longues travers\u00e9es vers le soleil des Cara\u00efbes : le programme automne-hiver","og_url":"https:\/\/voyage-aventure.com\/blog\/destinations-aventure\/des-croisieres-automnales-et-hivernales-inoubliables-avec-fred-olsen-en-2026\/","og_site_name":"voyage-aventure","og_image":[{"width":1200,"height":500,"url":"https:\/\/voyage-aventure.com\/blog\/wp-content\/uploads\/2025\/05\/sdxl-a931dd94027ab7ef6bb505493757fd79-scaled.png","type":"image\/png"}],"author":"Camille Rouvray","twitter_card":"summary_large_image","schema":{"@context":"https:\/\/schema.org","@graph":[{"@type":"NewsArticle","@id":"https:\/\/voyage-aventure.com\/blog\/destinations-aventure\/des-croisieres-automnales-et-hivernales-inoubliables-avec-fred-olsen-en-2026\/#article","isPartOf":{"@id":"https:\/\/voyage-aventure.com\/blog\/destinations-aventure\/des-croisieres-automnales-et-hivernales-inoubliables-avec-fred-olsen-en-2026\/"},"author":{"name":"Camille Rouvray","@id":"https:\/\/voyage-aventure.com\/blog\/#\/schema\/person\/3c864cdc320801e3db34b663e7e3f816"},"headline":"des croisi\u00e8res automnales et hivernales inoubliables avec fred. olsen en 2026","datePublished":"2026-06-16T15:14:35+00:00","mainEntityOfPage":{"@id":"https:\/\/voyage-aventure.com\/blog\/destinations-aventure\/des-croisieres-automnales-et-hivernales-inoubliables-avec-fred-olsen-en-2026\/"},"wordCount":1511,"commentCount":19,"publisher":{"@id":"https:\/\/voyage-aventure.com\/blog\/#organization"},"image":{"@id":"https:\/\/voyage-aventure.com\/blog\/destinations-aventure\/des-croisieres-automnales-et-hivernales-inoubliables-avec-fred-olsen-en-2026\/#primaryimage"},"thumbnailUrl":"https:\/\/voyage-aventure.com\/blog\/wp-content\/uploads\/2025\/05\/sdxl-a931dd94027ab7ef6bb505493757fd79-scaled.png","keywords":["Activit\u00e9s Vari\u00e9es","D\u00e9couverte Culturelle","Escapade en Europe","Gastronomie Locale","H\u00e9bergement Abordable"],"articleSection":["Destinations Aventure"],"inLanguage":"fr-FR","potentialAction":[{"@type":"CommentAction","name":"Comment","target":["https:\/\/voyage-aventure.com\/blog\/destinations-aventure\/des-croisieres-automnales-et-hivernales-inoubliables-avec-fred-olsen-en-2026\/#respond"]}]},{"@type":"WebPage","@id":"https:\/\/voyage-aventure.com\/blog\/destinations-aventure\/des-croisieres-automnales-et-hivernales-inoubliables-avec-fred-olsen-en-2026\/","url":"https:\/\/voyage-aventure.com\/blog\/destinations-aventure\/des-croisieres-automnales-et-hivernales-inoubliables-avec-fred-olsen-en-2026\/","name":"des croisi\u00e8res automnales et hivernales inoubliables avec","isPartOf":{"@id":"https:\/\/voyage-aventure.com\/blog\/#website"},"primaryImageOfPage":{"@id":"https:\/\/voyage-aventure.com\/blog\/destinations-aventure\/des-croisieres-automnales-et-hivernales-inoubliables-avec-fred-olsen-en-2026\/#primaryimage"},"image":{"@id":"https:\/\/voyage-aventure.com\/blog\/destinations-aventure\/des-croisieres-automnales-et-hivernales-inoubliables-avec-fred-olsen-en-2026\/#primaryimage"},"thumbnailUrl":"https:\/\/voyage-aventure.com\/blog\/wp-content\/uploads\/2025\/05\/sdxl-a931dd94027ab7ef6bb505493757fd79-scaled.png","datePublished":"2026-06-16T15:14:35+00:00","description":"Fjords norv\u00e9giens dor\u00e9s par la lumi\u00e8re rasante, march\u00e9s de No\u00ebl scintillants, longues travers\u00e9es vers le soleil des Cara\u00efbes : le programme automne-hiver","inLanguage":"fr-FR","potentialAction":[{"@type":"ReadAction","target":["https:\/\/voyage-aventure.com\/blog\/destinations-aventure\/des-croisieres-automnales-et-hivernales-inoubliables-avec-fred-olsen-en-2026\/"]}]},{"@type":"ImageObject","inLanguage":"fr-FR","@id":"https:\/\/voyage-aventure.com\/blog\/destinations-aventure\/des-croisieres-automnales-et-hivernales-inoubliables-avec-fred-olsen-en-2026\/#primaryimage","url":"https:\/\/voyage-aventure.com\/blog\/wp-content\/uploads\/2025\/05\/sdxl-a931dd94027ab7ef6bb505493757fd79-scaled.png","contentUrl":"https:\/\/voyage-aventure.com\/blog\/wp-content\/uploads\/2025\/05\/sdxl-a931dd94027ab7ef6bb505493757fd79-scaled.png","width":1200,"height":500},{"@type":"WebSite","@id":"https:\/\/voyage-aventure.com\/blog\/#website","url":"https:\/\/voyage-aventure.com\/blog\/","name":"voyage-aventure.com","description":"Votre passeport pour l\u2019inattendu.","publisher":{"@id":"https:\/\/voyage-aventure.com\/blog\/#organization"},"alternateName":"Votre passeport pour l\u2019inattendu.","potentialAction":[{"@type":"SearchAction","target":{"@type":"EntryPoint","urlTemplate":"https:\/\/voyage-aventure.com\/blog\/?s={search_term_string}"},"query-input":{"@type":"PropertyValueSpecification","valueRequired":true,"valueName":"search_term_string"}}],"inLanguage":"fr-FR"},{"@type":"Organization","@id":"https:\/\/voyage-aventure.com\/blog\/#organization","name":"Foretsensations.fr","url":"https:\/\/voyage-aventure.com\/blog\/","logo":{"@type":"ImageObject","inLanguage":"fr-FR","@id":"https:\/\/voyage-aventure.com\/blog\/#\/schema\/logo\/image\/","url":"https:\/\/voyage-aventure.com\/blog\/wp-content\/uploads\/2024\/12\/19.png","contentUrl":"https:\/\/voyage-aventure.com\/blog\/wp-content\/uploads\/2024\/12\/19.png","width":512,"height":512,"caption":"Foretsensations.fr"},"image":{"@id":"https:\/\/voyage-aventure.com\/blog\/#\/schema\/logo\/image\/"}},{"@type":"Person","@id":"https:\/\/voyage-aventure.com\/blog\/#\/schema\/person\/3c864cdc320801e3db34b663e7e3f816","name":"Camille Rouvray","image":{"@type":"ImageObject","inLanguage":"fr-FR","@id":"https:\/\/voyage-aventure.com\/blog\/#\/schema\/person\/image\/","url":"https:\/\/voyage-aventure.com\/blog\/wp-content\/uploads\/2026\/06\/persona_camille-r-96x96.jpg","contentUrl":"https:\/\/voyage-aventure.com\/blog\/wp-content\/uploads\/2026\/06\/persona_camille-r-96x96.jpg","caption":"Camille Rouvray"},"description":"Je voyage et j'\u00e9cris sur le voyage depuis une douzaine d'ann\u00e9es, d'abord en tant que routarde au long cours, puis comme r\u00e9dactrice sp\u00e9cialis\u00e9e. Mon terrain de pr\u00e9dilection, ce sont les circuits organis\u00e9s et l'art de bien pr\u00e9parer un itin\u00e9raire : choix de la saison, dur\u00e9e r\u00e9aliste des \u00e9tapes, budget jour par jour, logement et transport sur place. J'aime aussi raconter les p\u00e9pites urbaines, ces adresses qu'on ne trouve pas dans les guides classiques. Avant de publier un dossier destination, je croise toujours plusieurs sources, je v\u00e9rifie les tarifs et les formalit\u00e9s d'entr\u00e9e \u00e0 jour, et je teste moi-m\u00eame quand je le peux. Mon angle reste pratique avant tout : aider le lecteur \u00e0 partir l'esprit tranquille, sans mauvaise surprise une fois sur place. Je m'attache \u00e0 distinguer le coup de c\u0153ur sinc\u00e8re du simple argument marketing.","sameAs":["https:\/\/camillerouvray.fr\/"],"url":"https:\/\/voyage-aventure.com\/blog\/auteur\/noname\/"}]}},"_links":{"self":[{"href":"https:\/\/voyage-aventure.com\/blog\/wp-json\/wp\/v2\/posts\/15435","targetHints":{"allow":["GET"]}}],"collection":[{"href":"https:\/\/voyage-aventure.com\/blog\/wp-json\/wp\/v2\/posts"}],"about":[{"href":"https:\/\/voyage-aventure.com\/blog\/wp-json\/wp\/v2\/types\/post"}],"author":[{"embeddable":true,"href":"https:\/\/voyage-aventure.com\/blog\/wp-json\/wp\/v2\/users\/34"}],"replies":[{"embeddable":true,"href":"https:\/\/voyage-aventure.com\/blog\/wp-json\/wp\/v2\/comments?post=15435"}],"version-history":[{"count":3,"href":"https:\/\/voyage-aventure.com\/blog\/wp-json\/wp\/v2\/posts\/15435\/revisions"}],"predecessor-version":[{"id":22810,"href":"https:\/\/voyage-aventure.com\/blog\/wp-json\/wp\/v2\/posts\/15435\/revisions\/22810"}],"wp:featuredmedia":[{"embeddable":true,"href":"https:\/\/voyage-aventure.com\/blog\/wp-json\/wp\/v2\/media\/19702"}],"wp:attachment":[{"href":"https:\/\/voyage-aventure.com\/blog\/wp-json\/wp\/v2\/media?parent=15435"}],"wp:term":[{"taxonomy":"category","embeddable":true,"href":"https:\/\/voyage-aventure.com\/blog\/wp-json\/wp\/v2\/categories?post=15435"},{"taxonomy":"post_tag","embeddable":true,"href":"https:\/\/voyage-aventure.com\/blog\/wp-json\/wp\/v2\/tags?post=15435"}],"curies":[{"name":"wp","href":"https:\/\/api.w.org\/{rel}","templated":true}]}}