{"id":15430,"date":"2025-03-19T23:41:16","date_gmt":"2025-03-19T22:41:16","guid":{"rendered":"https:\/\/voyage-aventure.com\/blog\/?p=15430"},"modified":"2025-03-18T12:27:13","modified_gmt":"2025-03-18T11:27:13","slug":"les-actualites-du-jour-astronautes-climat-politique-et-cybermenaces","status":"publish","type":"post","link":"https:\/\/voyage-aventure.com\/blog\/destinations-aventure\/les-actualites-du-jour-astronautes-climat-politique-et-cybermenaces\/","title":{"rendered":"Les actualit\u00e9s du jour : astronautes, climat, politique et cybermenaces"},"content":{"rendered":"<h2>Le retour des astronautes de Boeing Starliner<\/h2>\n<p>Ils ont embarqu\u00e9 \u00e0 bord d&rsquo;une capsule SpaceX Dragon, amarr\u00e9e \u00e0 la Station spatiale internationale. Leur voyage de retour vers la Terre durera environ 17 heures, et un atterrissage est pr\u00e9vu sur la c\u00f4te de la Floride.<\/p>\n<p>Cette mission a \u00e9t\u00e9 marqu\u00e9e par des d\u00e9fis inattendus, mais l&rsquo;expertise des astronautes et des \u00e9quipes au sol a permis de garantir leur s\u00e9curit\u00e9. Les amateurs d&rsquo;espace peuvent suivre en direct leur retour, une \u00e9tape importante pour le programme spatial de la NASA.<\/p>\n<h2>Des d\u00e9portations contest\u00e9es des V\u00e9n\u00e9zu\u00e9liens<\/h2>\n<p>Pr\u00e8s de 300 V\u00e9n\u00e9zu\u00e9liens ont \u00e9t\u00e9 expuls\u00e9s sous l&rsquo;invocation par l&rsquo;administration Trump de l&rsquo;Alien Enemies Act de 1798, mais des avocats affirment que ces expulsions ont eu lieu en violation d&rsquo;un ordre judiciaire. Le juge James Boasberg avait en effet statu\u00e9 que ces personnes devaient rester aux \u00c9tats-Unis pendant que leurs cas \u00e9taient examin\u00e9s.<\/p>\n<p>Cette situation soul\u00e8ve des questions juridiques cruciales sur le pouvoir ex\u00e9cutif et les droits des immigrants. Les avocats affirment que ces expulsions sont une violation flagrante de la loi, alors m\u00eame que l&rsquo;administration Trump continue de d\u00e9fendre sa politique d&rsquo;immigration stricte.<\/p>\n<h2>Les cons\u00e9quences d&rsquo;une temp\u00eate meurtri\u00e8re aux \u00c9tats-Unis<\/h2>\n<p>Une violente temp\u00eate a frapp\u00e9 le pays, provoquant plus de 50 tornades et faisant au moins 42 victimes. Les conditions atmosph\u00e9riques, combinant des vents forts et de l&rsquo;air sec, ont cr\u00e9\u00e9 une temp\u00eate particuli\u00e8rement destructrice.<\/p>\n<p>Les \u00e9quipes du National Weather Service sont en train d&rsquo;\u00e9valuer les d\u00e9g\u00e2ts caus\u00e9s par ce ph\u00e9nom\u00e8ne climatique. Les experts pr\u00e9viennent que de telles temp\u00eates pourraient devenir plus fr\u00e9quentes \u00e0 mesure que le changement climatique affecte les sch\u00e9mas m\u00e9t\u00e9orologiques.<\/p>\n<h2>Des arrestations sous le nouveau r\u00e9gime anti-avortement au Texas<\/h2>\n<p>Un accoucheur licenci\u00e9 du Texas a \u00e9t\u00e9 arr\u00eat\u00e9 pour avoir pratiqu\u00e9 deux avortements, marquant la premi\u00e8re arrestation sous la nouvelle loi anti-avortement de l&rsquo;\u00c9tat. Cette l\u00e9gislation, qui est entr\u00e9e en vigueur apr\u00e8s l&rsquo;annulation de l&rsquo;arr\u00eat Roe v. Wade, impose des peines s\u00e9v\u00e8res, y compris des amendes et des peines de prison.<\/p>\n<p>Les r\u00e9publicains du Texas continuent de proposer des mesures de plus en plus strictes sur l&rsquo;avortement, suscitant des d\u00e9bats passionn\u00e9s sur les droits reproductifs. Cette arrestation pourrait avoir des r\u00e9percussions significatives sur la mani\u00e8re dont les professionnels de sant\u00e9 pratiquent leur m\u00e9tier dans l&rsquo;\u00c9tat.<\/p>\n<h2>Actualit\u00e9s diverses \u00e0 ne pas manquer<\/h2>\n<ul>\n<li>Des frappes militaires isra\u00e9liennes intensifi\u00e9es \u00e0 Gaza, mettant en p\u00e9ril un accord de cessez-le-feu.<\/li>\n<li>Une souche de grippe aviaire mortelle soul\u00e8ve des inqui\u00e9tudes quant \u00e0 sa propagation.<\/li>\n<li>Une enqu\u00eate sur la d\u00e9portation d&rsquo;un m\u00e9decin de l&rsquo;Universit\u00e9 Brown li\u00e9e \u00e0 des photos de Hezbollah.<\/li>\n<li>Un appel entre Trump et Poutine pour discuter d&rsquo;un possible cessez-le-feu en Ukraine.<\/li>\n<li>Des documents non expurg\u00e9s sur l&rsquo;assassinat de JFK seront rendus publics.<\/li>\n<\/ul>\n<blockquote><p>\n\u00ab\u00a0Les \u00e9v\u00e9nements r\u00e9cents soulignent l&rsquo;importance de suivre les actualit\u00e9s avec attention et de rester inform\u00e9.\u00a0\u00bb \u2013 Nicole Fallert\n<\/p><\/blockquote>\n<h2>Ransomware : attention aux utilisateurs de services email<\/h2>\n<p>Les autorit\u00e9s f\u00e9d\u00e9rales mettent en garde les utilisateurs de Gmail et Outlook contre un ransomware dangereux, connu sous le nom de \u00ab\u00a0Medusa\u00a0\u00bb. Ce groupe de cybercriminels, surnomm\u00e9 Spearwing, a cibl\u00e9 des centaines de victimes dans divers secteurs, y compris la sant\u00e9 et l&rsquo;\u00e9ducation.<\/p>\n<p>Les ran\u00e7ons demand\u00e9es varient entre 100 000 et 15 millions de dollars. Il est essentiel de prendre des mesures de protection pour \u00e9viter de devenir la prochaine victime de ces cyberattaques.<\/p>\n<h2>Photo du jour : des stars sous la neige<\/h2>\n<p>Des c\u00e9l\u00e9brit\u00e9s se sont r\u00e9unies dans les Alpes fran\u00e7aises pour assister \u00e0 un d\u00e9fil\u00e9 de mode spectaculaire, envelopp\u00e9es dans des manteaux d&rsquo;hiver. Les mannequins ont d\u00e9fil\u00e9 \u00e0 6 500 pieds d&rsquo;altitude alors que la neige tombait, cr\u00e9ant une ambiance f\u00e9erique pour cet \u00e9v\u00e9nement unique.<\/p>\n<p>Parfois, il faut vraiment s&rsquo;engager \u00e0 fond dans son look pour faire forte impression.<\/p>\n","protected":false},"excerpt":{"rendered":"","protected":false},"author":34,"featured_media":19703,"comment_status":"open","ping_status":"open","sticky":false,"template":"","format":"standard","meta":{"_acf_changed":false,"manual_indexmenow":false,"indexmenow_id_project":0,"footnotes":""},"categories":[4520],"tags":[4646,3726,5688,3170,4635],"class_list":["post-15430","post","type-post","status-publish","format-standard","has-post-thumbnail","hentry","category-destinations-aventure","tag-assistance","tag-conditions-meteorologiques","tag-relations-internationales","tag-securite","tag-voyage","generate-columns","tablet-grid-50","mobile-grid-100","grid-parent","grid-25"],"acf":[],"yoast_head":"<!-- This site is optimized with the Yoast SEO Premium plugin v21.3 (Yoast SEO v25.1) - https:\/\/yoast.com\/wordpress\/plugins\/seo\/ -->\n<title>Les actualit\u00e9s du jour : astronautes, climat, politique et<\/title>\n<meta name=\"description\" content=\"Ils ont embarqu\u00e9 \u00e0 bord d&#039;une capsule SpaceX Dragon, amarr\u00e9e \u00e0 la Station spatiale internationale. Leur voyage de retour vers la Terre durera environ 17\" \/>\n<meta name=\"robots\" content=\"index, follow, max-snippet:-1, max-image-preview:large, max-video-preview:-1\" \/>\n<link rel=\"canonical\" href=\"https:\/\/voyage-aventure.com\/blog\/destinations-aventure\/les-actualites-du-jour-astronautes-climat-politique-et-cybermenaces\/\" \/>\n<meta property=\"og:locale\" content=\"fr_FR\" \/>\n<meta property=\"og:type\" content=\"article\" \/>\n<meta property=\"og:title\" content=\"Les actualit\u00e9s du jour : astronautes, climat, politique et\" \/>\n<meta property=\"og:description\" content=\"Ils ont embarqu\u00e9 \u00e0 bord d&#039;une capsule SpaceX Dragon, amarr\u00e9e \u00e0 la Station spatiale internationale. Leur voyage de retour vers la Terre durera environ 17\" \/>\n<meta property=\"og:url\" content=\"https:\/\/voyage-aventure.com\/blog\/destinations-aventure\/les-actualites-du-jour-astronautes-climat-politique-et-cybermenaces\/\" \/>\n<meta property=\"og:site_name\" content=\"voyage-aventure\" \/>\n<meta property=\"og:image\" content=\"https:\/\/voyage-aventure.com\/blog\/wp-content\/uploads\/2025\/05\/sdxl-1bf7b097250090c4b3ba730a0497aae9-scaled.png\" \/>\n\t<meta property=\"og:image:width\" content=\"1200\" \/>\n\t<meta property=\"og:image:height\" content=\"500\" \/>\n\t<meta property=\"og:image:type\" content=\"image\/png\" \/>\n<meta name=\"author\" content=\"Camille Rouvray\" \/>\n<meta name=\"twitter:card\" content=\"summary_large_image\" \/>\n<script type=\"application\/ld+json\" class=\"yoast-schema-graph\">{\"@context\":\"https:\/\/schema.org\",\"@graph\":[{\"@type\":\"NewsArticle\",\"@id\":\"https:\/\/voyage-aventure.com\/blog\/destinations-aventure\/les-actualites-du-jour-astronautes-climat-politique-et-cybermenaces\/#article\",\"isPartOf\":{\"@id\":\"https:\/\/voyage-aventure.com\/blog\/destinations-aventure\/les-actualites-du-jour-astronautes-climat-politique-et-cybermenaces\/\"},\"author\":{\"name\":\"Camille Rouvray\",\"@id\":\"https:\/\/voyage-aventure.com\/blog\/#\/schema\/person\/3c864cdc320801e3db34b663e7e3f816\"},\"headline\":\"Les actualit\u00e9s du jour : astronautes, climat, politique et cybermenaces\",\"datePublished\":\"2025-03-19T22:41:16+00:00\",\"mainEntityOfPage\":{\"@id\":\"https:\/\/voyage-aventure.com\/blog\/destinations-aventure\/les-actualites-du-jour-astronautes-climat-politique-et-cybermenaces\/\"},\"wordCount\":708,\"commentCount\":17,\"publisher\":{\"@id\":\"https:\/\/voyage-aventure.com\/blog\/#organization\"},\"image\":{\"@id\":\"https:\/\/voyage-aventure.com\/blog\/destinations-aventure\/les-actualites-du-jour-astronautes-climat-politique-et-cybermenaces\/#primaryimage\"},\"thumbnailUrl\":\"https:\/\/voyage-aventure.com\/blog\/wp-content\/uploads\/2025\/05\/sdxl-1bf7b097250090c4b3ba730a0497aae9-scaled.png\",\"keywords\":[\"Assistance\",\"Conditions M\u00e9t\u00e9orologiques\",\"Relations Internationales\",\"S\u00e9curit\u00e9\",\"Voyage\"],\"articleSection\":[\"Destinations Aventure\"],\"inLanguage\":\"fr-FR\",\"potentialAction\":[{\"@type\":\"CommentAction\",\"name\":\"Comment\",\"target\":[\"https:\/\/voyage-aventure.com\/blog\/destinations-aventure\/les-actualites-du-jour-astronautes-climat-politique-et-cybermenaces\/#respond\"]}]},{\"@type\":\"WebPage\",\"@id\":\"https:\/\/voyage-aventure.com\/blog\/destinations-aventure\/les-actualites-du-jour-astronautes-climat-politique-et-cybermenaces\/\",\"url\":\"https:\/\/voyage-aventure.com\/blog\/destinations-aventure\/les-actualites-du-jour-astronautes-climat-politique-et-cybermenaces\/\",\"name\":\"Les actualit\u00e9s du jour : astronautes, climat, politique et\",\"isPartOf\":{\"@id\":\"https:\/\/voyage-aventure.com\/blog\/#website\"},\"primaryImageOfPage\":{\"@id\":\"https:\/\/voyage-aventure.com\/blog\/destinations-aventure\/les-actualites-du-jour-astronautes-climat-politique-et-cybermenaces\/#primaryimage\"},\"image\":{\"@id\":\"https:\/\/voyage-aventure.com\/blog\/destinations-aventure\/les-actualites-du-jour-astronautes-climat-politique-et-cybermenaces\/#primaryimage\"},\"thumbnailUrl\":\"https:\/\/voyage-aventure.com\/blog\/wp-content\/uploads\/2025\/05\/sdxl-1bf7b097250090c4b3ba730a0497aae9-scaled.png\",\"datePublished\":\"2025-03-19T22:41:16+00:00\",\"description\":\"Ils ont embarqu\u00e9 \u00e0 bord d'une capsule SpaceX Dragon, amarr\u00e9e \u00e0 la Station spatiale internationale. Leur voyage de retour vers la Terre durera environ 17\",\"inLanguage\":\"fr-FR\",\"potentialAction\":[{\"@type\":\"ReadAction\",\"target\":[\"https:\/\/voyage-aventure.com\/blog\/destinations-aventure\/les-actualites-du-jour-astronautes-climat-politique-et-cybermenaces\/\"]}]},{\"@type\":\"ImageObject\",\"inLanguage\":\"fr-FR\",\"@id\":\"https:\/\/voyage-aventure.com\/blog\/destinations-aventure\/les-actualites-du-jour-astronautes-climat-politique-et-cybermenaces\/#primaryimage\",\"url\":\"https:\/\/voyage-aventure.com\/blog\/wp-content\/uploads\/2025\/05\/sdxl-1bf7b097250090c4b3ba730a0497aae9-scaled.png\",\"contentUrl\":\"https:\/\/voyage-aventure.com\/blog\/wp-content\/uploads\/2025\/05\/sdxl-1bf7b097250090c4b3ba730a0497aae9-scaled.png\",\"width\":1200,\"height\":500},{\"@type\":\"WebSite\",\"@id\":\"https:\/\/voyage-aventure.com\/blog\/#website\",\"url\":\"https:\/\/voyage-aventure.com\/blog\/\",\"name\":\"voyage-aventure.com\",\"description\":\"Votre passeport pour l\u2019inattendu.\",\"publisher\":{\"@id\":\"https:\/\/voyage-aventure.com\/blog\/#organization\"},\"alternateName\":\"Votre passeport pour l\u2019inattendu.\",\"potentialAction\":[{\"@type\":\"SearchAction\",\"target\":{\"@type\":\"EntryPoint\",\"urlTemplate\":\"https:\/\/voyage-aventure.com\/blog\/?s={search_term_string}\"},\"query-input\":{\"@type\":\"PropertyValueSpecification\",\"valueRequired\":true,\"valueName\":\"search_term_string\"}}],\"inLanguage\":\"fr-FR\"},{\"@type\":\"Organization\",\"@id\":\"https:\/\/voyage-aventure.com\/blog\/#organization\",\"name\":\"Foretsensations.fr\",\"url\":\"https:\/\/voyage-aventure.com\/blog\/\",\"logo\":{\"@type\":\"ImageObject\",\"inLanguage\":\"fr-FR\",\"@id\":\"https:\/\/voyage-aventure.com\/blog\/#\/schema\/logo\/image\/\",\"url\":\"https:\/\/voyage-aventure.com\/blog\/wp-content\/uploads\/2024\/12\/19.png\",\"contentUrl\":\"https:\/\/voyage-aventure.com\/blog\/wp-content\/uploads\/2024\/12\/19.png\",\"width\":512,\"height\":512,\"caption\":\"Foretsensations.fr\"},\"image\":{\"@id\":\"https:\/\/voyage-aventure.com\/blog\/#\/schema\/logo\/image\/\"}},{\"@type\":\"Person\",\"@id\":\"https:\/\/voyage-aventure.com\/blog\/#\/schema\/person\/3c864cdc320801e3db34b663e7e3f816\",\"name\":\"Camille Rouvray\",\"image\":{\"@type\":\"ImageObject\",\"inLanguage\":\"fr-FR\",\"@id\":\"https:\/\/voyage-aventure.com\/blog\/#\/schema\/person\/image\/\",\"url\":\"https:\/\/voyage-aventure.com\/blog\/wp-content\/uploads\/2026\/06\/persona_camille-r-96x96.jpg\",\"contentUrl\":\"https:\/\/voyage-aventure.com\/blog\/wp-content\/uploads\/2026\/06\/persona_camille-r-96x96.jpg\",\"caption\":\"Camille Rouvray\"},\"description\":\"Je voyage et j'\u00e9cris sur le voyage depuis une douzaine d'ann\u00e9es, d'abord en tant que routarde au long cours, puis comme r\u00e9dactrice sp\u00e9cialis\u00e9e. Mon terrain de pr\u00e9dilection, ce sont les circuits organis\u00e9s et l'art de bien pr\u00e9parer un itin\u00e9raire : choix de la saison, dur\u00e9e r\u00e9aliste des \u00e9tapes, budget jour par jour, logement et transport sur place. J'aime aussi raconter les p\u00e9pites urbaines, ces adresses qu'on ne trouve pas dans les guides classiques. Avant de publier un dossier destination, je croise toujours plusieurs sources, je v\u00e9rifie les tarifs et les formalit\u00e9s d'entr\u00e9e \u00e0 jour, et je teste moi-m\u00eame quand je le peux. Mon angle reste pratique avant tout : aider le lecteur \u00e0 partir l'esprit tranquille, sans mauvaise surprise une fois sur place. Je m'attache \u00e0 distinguer le coup de c\u0153ur sinc\u00e8re du simple argument marketing.\",\"sameAs\":[\"https:\/\/camillerouvray.fr\/\"],\"url\":\"https:\/\/voyage-aventure.com\/blog\/auteur\/noname\/\"}]}<\/script>\n<!-- \/ Yoast SEO Premium plugin. -->","yoast_head_json":{"title":"Les actualit\u00e9s du jour : astronautes, climat, politique et","description":"Ils ont embarqu\u00e9 \u00e0 bord d'une capsule SpaceX Dragon, amarr\u00e9e \u00e0 la Station spatiale internationale. Leur voyage de retour vers la Terre durera environ 17","robots":{"index":"index","follow":"follow","max-snippet":"max-snippet:-1","max-image-preview":"max-image-preview:large","max-video-preview":"max-video-preview:-1"},"canonical":"https:\/\/voyage-aventure.com\/blog\/destinations-aventure\/les-actualites-du-jour-astronautes-climat-politique-et-cybermenaces\/","og_locale":"fr_FR","og_type":"article","og_title":"Les actualit\u00e9s du jour : astronautes, climat, politique et","og_description":"Ils ont embarqu\u00e9 \u00e0 bord d'une capsule SpaceX Dragon, amarr\u00e9e \u00e0 la Station spatiale internationale. Leur voyage de retour vers la Terre durera environ 17","og_url":"https:\/\/voyage-aventure.com\/blog\/destinations-aventure\/les-actualites-du-jour-astronautes-climat-politique-et-cybermenaces\/","og_site_name":"voyage-aventure","og_image":[{"width":1200,"height":500,"url":"https:\/\/voyage-aventure.com\/blog\/wp-content\/uploads\/2025\/05\/sdxl-1bf7b097250090c4b3ba730a0497aae9-scaled.png","type":"image\/png"}],"author":"Camille Rouvray","twitter_card":"summary_large_image","schema":{"@context":"https:\/\/schema.org","@graph":[{"@type":"NewsArticle","@id":"https:\/\/voyage-aventure.com\/blog\/destinations-aventure\/les-actualites-du-jour-astronautes-climat-politique-et-cybermenaces\/#article","isPartOf":{"@id":"https:\/\/voyage-aventure.com\/blog\/destinations-aventure\/les-actualites-du-jour-astronautes-climat-politique-et-cybermenaces\/"},"author":{"name":"Camille Rouvray","@id":"https:\/\/voyage-aventure.com\/blog\/#\/schema\/person\/3c864cdc320801e3db34b663e7e3f816"},"headline":"Les actualit\u00e9s du jour : astronautes, climat, politique et cybermenaces","datePublished":"2025-03-19T22:41:16+00:00","mainEntityOfPage":{"@id":"https:\/\/voyage-aventure.com\/blog\/destinations-aventure\/les-actualites-du-jour-astronautes-climat-politique-et-cybermenaces\/"},"wordCount":708,"commentCount":17,"publisher":{"@id":"https:\/\/voyage-aventure.com\/blog\/#organization"},"image":{"@id":"https:\/\/voyage-aventure.com\/blog\/destinations-aventure\/les-actualites-du-jour-astronautes-climat-politique-et-cybermenaces\/#primaryimage"},"thumbnailUrl":"https:\/\/voyage-aventure.com\/blog\/wp-content\/uploads\/2025\/05\/sdxl-1bf7b097250090c4b3ba730a0497aae9-scaled.png","keywords":["Assistance","Conditions M\u00e9t\u00e9orologiques","Relations Internationales","S\u00e9curit\u00e9","Voyage"],"articleSection":["Destinations Aventure"],"inLanguage":"fr-FR","potentialAction":[{"@type":"CommentAction","name":"Comment","target":["https:\/\/voyage-aventure.com\/blog\/destinations-aventure\/les-actualites-du-jour-astronautes-climat-politique-et-cybermenaces\/#respond"]}]},{"@type":"WebPage","@id":"https:\/\/voyage-aventure.com\/blog\/destinations-aventure\/les-actualites-du-jour-astronautes-climat-politique-et-cybermenaces\/","url":"https:\/\/voyage-aventure.com\/blog\/destinations-aventure\/les-actualites-du-jour-astronautes-climat-politique-et-cybermenaces\/","name":"Les actualit\u00e9s du jour : astronautes, climat, politique et","isPartOf":{"@id":"https:\/\/voyage-aventure.com\/blog\/#website"},"primaryImageOfPage":{"@id":"https:\/\/voyage-aventure.com\/blog\/destinations-aventure\/les-actualites-du-jour-astronautes-climat-politique-et-cybermenaces\/#primaryimage"},"image":{"@id":"https:\/\/voyage-aventure.com\/blog\/destinations-aventure\/les-actualites-du-jour-astronautes-climat-politique-et-cybermenaces\/#primaryimage"},"thumbnailUrl":"https:\/\/voyage-aventure.com\/blog\/wp-content\/uploads\/2025\/05\/sdxl-1bf7b097250090c4b3ba730a0497aae9-scaled.png","datePublished":"2025-03-19T22:41:16+00:00","description":"Ils ont embarqu\u00e9 \u00e0 bord d'une capsule SpaceX Dragon, amarr\u00e9e \u00e0 la Station spatiale internationale. Leur voyage de retour vers la Terre durera environ 17","inLanguage":"fr-FR","potentialAction":[{"@type":"ReadAction","target":["https:\/\/voyage-aventure.com\/blog\/destinations-aventure\/les-actualites-du-jour-astronautes-climat-politique-et-cybermenaces\/"]}]},{"@type":"ImageObject","inLanguage":"fr-FR","@id":"https:\/\/voyage-aventure.com\/blog\/destinations-aventure\/les-actualites-du-jour-astronautes-climat-politique-et-cybermenaces\/#primaryimage","url":"https:\/\/voyage-aventure.com\/blog\/wp-content\/uploads\/2025\/05\/sdxl-1bf7b097250090c4b3ba730a0497aae9-scaled.png","contentUrl":"https:\/\/voyage-aventure.com\/blog\/wp-content\/uploads\/2025\/05\/sdxl-1bf7b097250090c4b3ba730a0497aae9-scaled.png","width":1200,"height":500},{"@type":"WebSite","@id":"https:\/\/voyage-aventure.com\/blog\/#website","url":"https:\/\/voyage-aventure.com\/blog\/","name":"voyage-aventure.com","description":"Votre passeport pour l\u2019inattendu.","publisher":{"@id":"https:\/\/voyage-aventure.com\/blog\/#organization"},"alternateName":"Votre passeport pour l\u2019inattendu.","potentialAction":[{"@type":"SearchAction","target":{"@type":"EntryPoint","urlTemplate":"https:\/\/voyage-aventure.com\/blog\/?s={search_term_string}"},"query-input":{"@type":"PropertyValueSpecification","valueRequired":true,"valueName":"search_term_string"}}],"inLanguage":"fr-FR"},{"@type":"Organization","@id":"https:\/\/voyage-aventure.com\/blog\/#organization","name":"Foretsensations.fr","url":"https:\/\/voyage-aventure.com\/blog\/","logo":{"@type":"ImageObject","inLanguage":"fr-FR","@id":"https:\/\/voyage-aventure.com\/blog\/#\/schema\/logo\/image\/","url":"https:\/\/voyage-aventure.com\/blog\/wp-content\/uploads\/2024\/12\/19.png","contentUrl":"https:\/\/voyage-aventure.com\/blog\/wp-content\/uploads\/2024\/12\/19.png","width":512,"height":512,"caption":"Foretsensations.fr"},"image":{"@id":"https:\/\/voyage-aventure.com\/blog\/#\/schema\/logo\/image\/"}},{"@type":"Person","@id":"https:\/\/voyage-aventure.com\/blog\/#\/schema\/person\/3c864cdc320801e3db34b663e7e3f816","name":"Camille Rouvray","image":{"@type":"ImageObject","inLanguage":"fr-FR","@id":"https:\/\/voyage-aventure.com\/blog\/#\/schema\/person\/image\/","url":"https:\/\/voyage-aventure.com\/blog\/wp-content\/uploads\/2026\/06\/persona_camille-r-96x96.jpg","contentUrl":"https:\/\/voyage-aventure.com\/blog\/wp-content\/uploads\/2026\/06\/persona_camille-r-96x96.jpg","caption":"Camille Rouvray"},"description":"Je voyage et j'\u00e9cris sur le voyage depuis une douzaine d'ann\u00e9es, d'abord en tant que routarde au long cours, puis comme r\u00e9dactrice sp\u00e9cialis\u00e9e. Mon terrain de pr\u00e9dilection, ce sont les circuits organis\u00e9s et l'art de bien pr\u00e9parer un itin\u00e9raire : choix de la saison, dur\u00e9e r\u00e9aliste des \u00e9tapes, budget jour par jour, logement et transport sur place. J'aime aussi raconter les p\u00e9pites urbaines, ces adresses qu'on ne trouve pas dans les guides classiques. Avant de publier un dossier destination, je croise toujours plusieurs sources, je v\u00e9rifie les tarifs et les formalit\u00e9s d'entr\u00e9e \u00e0 jour, et je teste moi-m\u00eame quand je le peux. Mon angle reste pratique avant tout : aider le lecteur \u00e0 partir l'esprit tranquille, sans mauvaise surprise une fois sur place. Je m'attache \u00e0 distinguer le coup de c\u0153ur sinc\u00e8re du simple argument marketing.","sameAs":["https:\/\/camillerouvray.fr\/"],"url":"https:\/\/voyage-aventure.com\/blog\/auteur\/noname\/"}]}},"_links":{"self":[{"href":"https:\/\/voyage-aventure.com\/blog\/wp-json\/wp\/v2\/posts\/15430","targetHints":{"allow":["GET"]}}],"collection":[{"href":"https:\/\/voyage-aventure.com\/blog\/wp-json\/wp\/v2\/posts"}],"about":[{"href":"https:\/\/voyage-aventure.com\/blog\/wp-json\/wp\/v2\/types\/post"}],"author":[{"embeddable":true,"href":"https:\/\/voyage-aventure.com\/blog\/wp-json\/wp\/v2\/users\/34"}],"replies":[{"embeddable":true,"href":"https:\/\/voyage-aventure.com\/blog\/wp-json\/wp\/v2\/comments?post=15430"}],"version-history":[{"count":1,"href":"https:\/\/voyage-aventure.com\/blog\/wp-json\/wp\/v2\/posts\/15430\/revisions"}],"predecessor-version":[{"id":15676,"href":"https:\/\/voyage-aventure.com\/blog\/wp-json\/wp\/v2\/posts\/15430\/revisions\/15676"}],"wp:featuredmedia":[{"embeddable":true,"href":"https:\/\/voyage-aventure.com\/blog\/wp-json\/wp\/v2\/media\/19703"}],"wp:attachment":[{"href":"https:\/\/voyage-aventure.com\/blog\/wp-json\/wp\/v2\/media?parent=15430"}],"wp:term":[{"taxonomy":"category","embeddable":true,"href":"https:\/\/voyage-aventure.com\/blog\/wp-json\/wp\/v2\/categories?post=15430"},{"taxonomy":"post_tag","embeddable":true,"href":"https:\/\/voyage-aventure.com\/blog\/wp-json\/wp\/v2\/tags?post=15430"}],"curies":[{"name":"wp","href":"https:\/\/api.w.org\/{rel}","templated":true}]}}