{"id":15398,"date":"2025-03-18T04:25:07","date_gmt":"2025-03-18T03:25:07","guid":{"rendered":"https:\/\/voyage-aventure.com\/blog\/?p=15398"},"modified":"2025-03-18T04:23:04","modified_gmt":"2025-03-18T03:23:04","slug":"retard-dans-larrivee-des-tar-heels-en-raison-de-problemes-de-voyage","status":"publish","type":"post","link":"https:\/\/voyage-aventure.com\/blog\/a-la-une\/retard-dans-larrivee-des-tar-heels-en-raison-de-problemes-de-voyage\/","title":{"rendered":"Retard dans l&rsquo;arriv\u00e9e des Tar Heels en raison de probl\u00e8mes de voyage"},"content":{"rendered":"<h2>Des retards inattendus pour les Tar Heels<\/h2>\n<p>Apr\u00e8s une longue attente pour \u00eatre s\u00e9lectionn\u00e9s, l&rsquo;\u00e9quipe a d\u00fb faire face \u00e0 des retards de voyage avant leur premier match de March Madness. Ce contretemps a mis l&rsquo;\u00e9quipe dans une situation d\u00e9licate, emp\u00eachant les joueurs de participer \u00e0 leur conf\u00e9rence de presse et \u00e0 leur entra\u00eenement pr\u00e9vus.<\/p>\n<p>Selon les informations rapport\u00e9es, l&rsquo;avion affr\u00e9t\u00e9 par la NCAA a atterri \u00e0 l&rsquo;a\u00e9roport international Raleigh-Durham avec un retard de deux heures et demie. Ce retard a eu des r\u00e9percussions sur le programme de l&rsquo;\u00e9quipe, qui devait commencer son entra\u00eenement \u00e0 18h35, mais ne s&rsquo;est finalement rendu sur le terrain qu&rsquo;\u00e0 20h11. La situation a ajout\u00e9 un stress suppl\u00e9mentaire \u00e0 une \u00e9quipe d\u00e9j\u00e0 sous pression.<\/p>\n<h2>L&rsquo;impact sur l&rsquo;\u00e9quipe et la pr\u00e9paration<\/h2>\n<p>Les retards ont affect\u00e9 l&rsquo;humeur et la pr\u00e9paration des joueurs, mais ils ont \u00e9galement permis \u00e0 l&rsquo;\u00e9quipe de se rapprocher. Ven-Allen Lubin, un des joueurs cl\u00e9s, a partag\u00e9 ses r\u00e9flexions sur cette exp\u00e9rience. <\/p>\n<blockquote><p>\u201cNous avons juste fait avec, c&rsquo;\u00e9tait affectant pour tout le monde, mais nous avons su rester unis.\u201d<\/p><\/blockquote>\n<p>La capacit\u00e9 de l&rsquo;\u00e9quipe \u00e0 se rassembler dans les moments difficiles est un t\u00e9moignage de leur esprit d&rsquo;\u00e9quipe. Bien qu&rsquo;ils aient perdu du temps pr\u00e9cieux pour se pr\u00e9parer, les Tar Heels ont su transformer cette adversit\u00e9 en opportunit\u00e9 de renforcer leurs liens. L&rsquo;interaction informelle entre les joueurs a \u00e9t\u00e9 b\u00e9n\u00e9fique pour leur coh\u00e9sion.<\/p>\n<p><iframe loading=\"lazy\" title=\"15 jours ailleurs - T\u00e9l\u00e9film Fran\u00e7ais Complet - Drame - Didier BOURDON, Judith CHEMLA - FP\" width=\"1200\" height=\"675\" src=\"https:\/\/www.youtube.com\/embed\/Uw8V_0KMhqE?feature=oembed\" frameborder=\"0\" allow=\"accelerometer; autoplay; clipboard-write; encrypted-media; gyroscope; picture-in-picture; web-share\" referrerpolicy=\"strict-origin-when-cross-origin\" allowfullscreen><\/iframe><\/p>\n<h2>Vers un match d\u00e9cisif contre San Diego State<\/h2>\n<p>Malgr\u00e9 ces d\u00e9fis, les Tar Heels sont d\u00e9termin\u00e9s \u00e0 donner le meilleur d&rsquo;eux-m\u00eames dans leur match contre San Diego State. Avec un bilan de 22-13, l&rsquo;\u00e9quipe a d\u00fb surmonter bien des obstacles pour se qualifier pour ce tournoi prestigieux. Leur parcours a suscit\u00e9 des d\u00e9bats, notamment en raison de leur s\u00e9lection tardive, qui a soulev\u00e9 des critiques sur le comit\u00e9 de s\u00e9lection.<\/p>\n<p>Les joueurs sont conscients de l&rsquo;importance de ce match et de l&rsquo;attente qui p\u00e8se sur leurs \u00e9paules. Ils esp\u00e8rent que leur r\u00e9silience face aux adversit\u00e9s les aidera \u00e0 performer sur le terrain. Pour eux, chaque minute compte, et ils sont pr\u00eats \u00e0 tout donner pour faire honneur \u00e0 leur programme.<\/p>\n<ul>\n<li>Retards de voyage affectant l&rsquo;\u00e9quipe<\/li>\n<li>Absence de conf\u00e9rence de presse<\/li>\n<li>Renforcement de l&rsquo;esprit d&rsquo;\u00e9quipe<\/li>\n<li>Match crucial contre San Diego State<\/li>\n<li>Critiques concernant la s\u00e9lection de l&rsquo;\u00e9quipe<\/li>\n<\/ul>\n","protected":false},"excerpt":{"rendered":"","protected":false},"author":34,"featured_media":20396,"comment_status":"open","ping_status":"open","sticky":false,"template":"","format":"standard","meta":{"_acf_changed":false,"manual_indexmenow":false,"indexmenow_id_project":0,"footnotes":""},"categories":[1],"tags":[4639,4593,4672,4713,4635],"class_list":["post-15398","post","type-post","status-publish","format-standard","has-post-thumbnail","hentry","category-a-la-une","tag-aventure","tag-economie","tag-experiences","tag-preparation","tag-voyage","generate-columns","tablet-grid-50","mobile-grid-100","grid-parent","grid-25"],"acf":[],"yoast_head":"<!-- This site is optimized with the Yoast SEO Premium plugin v21.3 (Yoast SEO v25.1) - https:\/\/yoast.com\/wordpress\/plugins\/seo\/ -->\n<title>Retard dans l&#039;arriv\u00e9e des Tar Heels en raison de probl\u00e8mes<\/title>\n<meta name=\"description\" content=\"Apr\u00e8s une longue attente pour \u00eatre s\u00e9lectionn\u00e9s, l&#039;\u00e9quipe a d\u00fb faire face \u00e0 des retards de voyage avant leur premier match de March Madness. Ce\" \/>\n<meta name=\"robots\" content=\"index, follow, max-snippet:-1, max-image-preview:large, max-video-preview:-1\" \/>\n<link rel=\"canonical\" href=\"https:\/\/voyage-aventure.com\/blog\/a-la-une\/retard-dans-larrivee-des-tar-heels-en-raison-de-problemes-de-voyage\/\" \/>\n<meta property=\"og:locale\" content=\"fr_FR\" \/>\n<meta property=\"og:type\" content=\"article\" \/>\n<meta property=\"og:title\" content=\"Retard dans l&#039;arriv\u00e9e des Tar Heels en raison de probl\u00e8mes\" \/>\n<meta property=\"og:description\" content=\"Apr\u00e8s une longue attente pour \u00eatre s\u00e9lectionn\u00e9s, l&#039;\u00e9quipe a d\u00fb faire face \u00e0 des retards de voyage avant leur premier match de March Madness. Ce\" \/>\n<meta property=\"og:url\" content=\"https:\/\/voyage-aventure.com\/blog\/a-la-une\/retard-dans-larrivee-des-tar-heels-en-raison-de-problemes-de-voyage\/\" \/>\n<meta property=\"og:site_name\" content=\"voyage-aventure\" \/>\n<meta property=\"og:image\" content=\"https:\/\/voyage-aventure.com\/blog\/wp-content\/uploads\/2025\/05\/sdxl-917135669e911c0502ad6ece4997f967-scaled.png\" \/>\n\t<meta property=\"og:image:width\" content=\"1200\" \/>\n\t<meta property=\"og:image:height\" content=\"500\" \/>\n\t<meta property=\"og:image:type\" content=\"image\/png\" \/>\n<meta name=\"author\" content=\"Camille Rouvray\" \/>\n<meta name=\"twitter:card\" content=\"summary_large_image\" \/>\n<script type=\"application\/ld+json\" class=\"yoast-schema-graph\">{\"@context\":\"https:\/\/schema.org\",\"@graph\":[{\"@type\":\"NewsArticle\",\"@id\":\"https:\/\/voyage-aventure.com\/blog\/a-la-une\/retard-dans-larrivee-des-tar-heels-en-raison-de-problemes-de-voyage\/#article\",\"isPartOf\":{\"@id\":\"https:\/\/voyage-aventure.com\/blog\/a-la-une\/retard-dans-larrivee-des-tar-heels-en-raison-de-problemes-de-voyage\/\"},\"author\":{\"name\":\"Camille Rouvray\",\"@id\":\"https:\/\/voyage-aventure.com\/blog\/#\/schema\/person\/3c864cdc320801e3db34b663e7e3f816\"},\"headline\":\"Retard dans l&rsquo;arriv\u00e9e des Tar Heels en raison de probl\u00e8mes de voyage\",\"datePublished\":\"2025-03-18T03:25:07+00:00\",\"mainEntityOfPage\":{\"@id\":\"https:\/\/voyage-aventure.com\/blog\/a-la-une\/retard-dans-larrivee-des-tar-heels-en-raison-de-problemes-de-voyage\/\"},\"wordCount\":447,\"commentCount\":20,\"publisher\":{\"@id\":\"https:\/\/voyage-aventure.com\/blog\/#organization\"},\"image\":{\"@id\":\"https:\/\/voyage-aventure.com\/blog\/a-la-une\/retard-dans-larrivee-des-tar-heels-en-raison-de-problemes-de-voyage\/#primaryimage\"},\"thumbnailUrl\":\"https:\/\/voyage-aventure.com\/blog\/wp-content\/uploads\/2025\/05\/sdxl-917135669e911c0502ad6ece4997f967-scaled.png\",\"keywords\":[\"Aventure\",\"\u00c9conomie\",\"Exp\u00e9riences\",\"Pr\u00e9paration\",\"Voyage\"],\"articleSection\":[\"\u00c0 la une\"],\"inLanguage\":\"fr-FR\",\"potentialAction\":[{\"@type\":\"CommentAction\",\"name\":\"Comment\",\"target\":[\"https:\/\/voyage-aventure.com\/blog\/a-la-une\/retard-dans-larrivee-des-tar-heels-en-raison-de-problemes-de-voyage\/#respond\"]}]},{\"@type\":\"WebPage\",\"@id\":\"https:\/\/voyage-aventure.com\/blog\/a-la-une\/retard-dans-larrivee-des-tar-heels-en-raison-de-problemes-de-voyage\/\",\"url\":\"https:\/\/voyage-aventure.com\/blog\/a-la-une\/retard-dans-larrivee-des-tar-heels-en-raison-de-problemes-de-voyage\/\",\"name\":\"Retard dans l'arriv\u00e9e des Tar Heels en raison de probl\u00e8mes\",\"isPartOf\":{\"@id\":\"https:\/\/voyage-aventure.com\/blog\/#website\"},\"primaryImageOfPage\":{\"@id\":\"https:\/\/voyage-aventure.com\/blog\/a-la-une\/retard-dans-larrivee-des-tar-heels-en-raison-de-problemes-de-voyage\/#primaryimage\"},\"image\":{\"@id\":\"https:\/\/voyage-aventure.com\/blog\/a-la-une\/retard-dans-larrivee-des-tar-heels-en-raison-de-problemes-de-voyage\/#primaryimage\"},\"thumbnailUrl\":\"https:\/\/voyage-aventure.com\/blog\/wp-content\/uploads\/2025\/05\/sdxl-917135669e911c0502ad6ece4997f967-scaled.png\",\"datePublished\":\"2025-03-18T03:25:07+00:00\",\"description\":\"Apr\u00e8s une longue attente pour \u00eatre s\u00e9lectionn\u00e9s, l'\u00e9quipe a d\u00fb faire face \u00e0 des retards de voyage avant leur premier match de March Madness. Ce\",\"inLanguage\":\"fr-FR\",\"potentialAction\":[{\"@type\":\"ReadAction\",\"target\":[\"https:\/\/voyage-aventure.com\/blog\/a-la-une\/retard-dans-larrivee-des-tar-heels-en-raison-de-problemes-de-voyage\/\"]}]},{\"@type\":\"ImageObject\",\"inLanguage\":\"fr-FR\",\"@id\":\"https:\/\/voyage-aventure.com\/blog\/a-la-une\/retard-dans-larrivee-des-tar-heels-en-raison-de-problemes-de-voyage\/#primaryimage\",\"url\":\"https:\/\/voyage-aventure.com\/blog\/wp-content\/uploads\/2025\/05\/sdxl-917135669e911c0502ad6ece4997f967-scaled.png\",\"contentUrl\":\"https:\/\/voyage-aventure.com\/blog\/wp-content\/uploads\/2025\/05\/sdxl-917135669e911c0502ad6ece4997f967-scaled.png\",\"width\":1200,\"height\":500},{\"@type\":\"WebSite\",\"@id\":\"https:\/\/voyage-aventure.com\/blog\/#website\",\"url\":\"https:\/\/voyage-aventure.com\/blog\/\",\"name\":\"voyage-aventure.com\",\"description\":\"Votre passeport pour l\u2019inattendu.\",\"publisher\":{\"@id\":\"https:\/\/voyage-aventure.com\/blog\/#organization\"},\"alternateName\":\"Votre passeport pour l\u2019inattendu.\",\"potentialAction\":[{\"@type\":\"SearchAction\",\"target\":{\"@type\":\"EntryPoint\",\"urlTemplate\":\"https:\/\/voyage-aventure.com\/blog\/?s={search_term_string}\"},\"query-input\":{\"@type\":\"PropertyValueSpecification\",\"valueRequired\":true,\"valueName\":\"search_term_string\"}}],\"inLanguage\":\"fr-FR\"},{\"@type\":\"Organization\",\"@id\":\"https:\/\/voyage-aventure.com\/blog\/#organization\",\"name\":\"Foretsensations.fr\",\"url\":\"https:\/\/voyage-aventure.com\/blog\/\",\"logo\":{\"@type\":\"ImageObject\",\"inLanguage\":\"fr-FR\",\"@id\":\"https:\/\/voyage-aventure.com\/blog\/#\/schema\/logo\/image\/\",\"url\":\"https:\/\/voyage-aventure.com\/blog\/wp-content\/uploads\/2024\/12\/19.png\",\"contentUrl\":\"https:\/\/voyage-aventure.com\/blog\/wp-content\/uploads\/2024\/12\/19.png\",\"width\":512,\"height\":512,\"caption\":\"Foretsensations.fr\"},\"image\":{\"@id\":\"https:\/\/voyage-aventure.com\/blog\/#\/schema\/logo\/image\/\"}},{\"@type\":\"Person\",\"@id\":\"https:\/\/voyage-aventure.com\/blog\/#\/schema\/person\/3c864cdc320801e3db34b663e7e3f816\",\"name\":\"Camille Rouvray\",\"image\":{\"@type\":\"ImageObject\",\"inLanguage\":\"fr-FR\",\"@id\":\"https:\/\/voyage-aventure.com\/blog\/#\/schema\/person\/image\/\",\"url\":\"https:\/\/voyage-aventure.com\/blog\/wp-content\/uploads\/2026\/06\/persona_camille-r-96x96.jpg\",\"contentUrl\":\"https:\/\/voyage-aventure.com\/blog\/wp-content\/uploads\/2026\/06\/persona_camille-r-96x96.jpg\",\"caption\":\"Camille Rouvray\"},\"description\":\"Je voyage et j'\u00e9cris sur le voyage depuis une douzaine d'ann\u00e9es, d'abord en tant que routarde au long cours, puis comme r\u00e9dactrice sp\u00e9cialis\u00e9e. Mon terrain de pr\u00e9dilection, ce sont les circuits organis\u00e9s et l'art de bien pr\u00e9parer un itin\u00e9raire : choix de la saison, dur\u00e9e r\u00e9aliste des \u00e9tapes, budget jour par jour, logement et transport sur place. J'aime aussi raconter les p\u00e9pites urbaines, ces adresses qu'on ne trouve pas dans les guides classiques. Avant de publier un dossier destination, je croise toujours plusieurs sources, je v\u00e9rifie les tarifs et les formalit\u00e9s d'entr\u00e9e \u00e0 jour, et je teste moi-m\u00eame quand je le peux. Mon angle reste pratique avant tout : aider le lecteur \u00e0 partir l'esprit tranquille, sans mauvaise surprise une fois sur place. Je m'attache \u00e0 distinguer le coup de c\u0153ur sinc\u00e8re du simple argument marketing.\",\"sameAs\":[\"https:\/\/camillerouvray.fr\/\"],\"url\":\"https:\/\/voyage-aventure.com\/blog\/auteur\/noname\/\"}]}<\/script>\n<!-- \/ Yoast SEO Premium plugin. -->","yoast_head_json":{"title":"Retard dans l'arriv\u00e9e des Tar Heels en raison de probl\u00e8mes","description":"Apr\u00e8s une longue attente pour \u00eatre s\u00e9lectionn\u00e9s, l'\u00e9quipe a d\u00fb faire face \u00e0 des retards de voyage avant leur premier match de March Madness. Ce","robots":{"index":"index","follow":"follow","max-snippet":"max-snippet:-1","max-image-preview":"max-image-preview:large","max-video-preview":"max-video-preview:-1"},"canonical":"https:\/\/voyage-aventure.com\/blog\/a-la-une\/retard-dans-larrivee-des-tar-heels-en-raison-de-problemes-de-voyage\/","og_locale":"fr_FR","og_type":"article","og_title":"Retard dans l'arriv\u00e9e des Tar Heels en raison de probl\u00e8mes","og_description":"Apr\u00e8s une longue attente pour \u00eatre s\u00e9lectionn\u00e9s, l'\u00e9quipe a d\u00fb faire face \u00e0 des retards de voyage avant leur premier match de March Madness. Ce","og_url":"https:\/\/voyage-aventure.com\/blog\/a-la-une\/retard-dans-larrivee-des-tar-heels-en-raison-de-problemes-de-voyage\/","og_site_name":"voyage-aventure","og_image":[{"width":1200,"height":500,"url":"https:\/\/voyage-aventure.com\/blog\/wp-content\/uploads\/2025\/05\/sdxl-917135669e911c0502ad6ece4997f967-scaled.png","type":"image\/png"}],"author":"Camille Rouvray","twitter_card":"summary_large_image","schema":{"@context":"https:\/\/schema.org","@graph":[{"@type":"NewsArticle","@id":"https:\/\/voyage-aventure.com\/blog\/a-la-une\/retard-dans-larrivee-des-tar-heels-en-raison-de-problemes-de-voyage\/#article","isPartOf":{"@id":"https:\/\/voyage-aventure.com\/blog\/a-la-une\/retard-dans-larrivee-des-tar-heels-en-raison-de-problemes-de-voyage\/"},"author":{"name":"Camille Rouvray","@id":"https:\/\/voyage-aventure.com\/blog\/#\/schema\/person\/3c864cdc320801e3db34b663e7e3f816"},"headline":"Retard dans l&rsquo;arriv\u00e9e des Tar Heels en raison de probl\u00e8mes de voyage","datePublished":"2025-03-18T03:25:07+00:00","mainEntityOfPage":{"@id":"https:\/\/voyage-aventure.com\/blog\/a-la-une\/retard-dans-larrivee-des-tar-heels-en-raison-de-problemes-de-voyage\/"},"wordCount":447,"commentCount":20,"publisher":{"@id":"https:\/\/voyage-aventure.com\/blog\/#organization"},"image":{"@id":"https:\/\/voyage-aventure.com\/blog\/a-la-une\/retard-dans-larrivee-des-tar-heels-en-raison-de-problemes-de-voyage\/#primaryimage"},"thumbnailUrl":"https:\/\/voyage-aventure.com\/blog\/wp-content\/uploads\/2025\/05\/sdxl-917135669e911c0502ad6ece4997f967-scaled.png","keywords":["Aventure","\u00c9conomie","Exp\u00e9riences","Pr\u00e9paration","Voyage"],"articleSection":["\u00c0 la une"],"inLanguage":"fr-FR","potentialAction":[{"@type":"CommentAction","name":"Comment","target":["https:\/\/voyage-aventure.com\/blog\/a-la-une\/retard-dans-larrivee-des-tar-heels-en-raison-de-problemes-de-voyage\/#respond"]}]},{"@type":"WebPage","@id":"https:\/\/voyage-aventure.com\/blog\/a-la-une\/retard-dans-larrivee-des-tar-heels-en-raison-de-problemes-de-voyage\/","url":"https:\/\/voyage-aventure.com\/blog\/a-la-une\/retard-dans-larrivee-des-tar-heels-en-raison-de-problemes-de-voyage\/","name":"Retard dans l'arriv\u00e9e des Tar Heels en raison de probl\u00e8mes","isPartOf":{"@id":"https:\/\/voyage-aventure.com\/blog\/#website"},"primaryImageOfPage":{"@id":"https:\/\/voyage-aventure.com\/blog\/a-la-une\/retard-dans-larrivee-des-tar-heels-en-raison-de-problemes-de-voyage\/#primaryimage"},"image":{"@id":"https:\/\/voyage-aventure.com\/blog\/a-la-une\/retard-dans-larrivee-des-tar-heels-en-raison-de-problemes-de-voyage\/#primaryimage"},"thumbnailUrl":"https:\/\/voyage-aventure.com\/blog\/wp-content\/uploads\/2025\/05\/sdxl-917135669e911c0502ad6ece4997f967-scaled.png","datePublished":"2025-03-18T03:25:07+00:00","description":"Apr\u00e8s une longue attente pour \u00eatre s\u00e9lectionn\u00e9s, l'\u00e9quipe a d\u00fb faire face \u00e0 des retards de voyage avant leur premier match de March Madness. Ce","inLanguage":"fr-FR","potentialAction":[{"@type":"ReadAction","target":["https:\/\/voyage-aventure.com\/blog\/a-la-une\/retard-dans-larrivee-des-tar-heels-en-raison-de-problemes-de-voyage\/"]}]},{"@type":"ImageObject","inLanguage":"fr-FR","@id":"https:\/\/voyage-aventure.com\/blog\/a-la-une\/retard-dans-larrivee-des-tar-heels-en-raison-de-problemes-de-voyage\/#primaryimage","url":"https:\/\/voyage-aventure.com\/blog\/wp-content\/uploads\/2025\/05\/sdxl-917135669e911c0502ad6ece4997f967-scaled.png","contentUrl":"https:\/\/voyage-aventure.com\/blog\/wp-content\/uploads\/2025\/05\/sdxl-917135669e911c0502ad6ece4997f967-scaled.png","width":1200,"height":500},{"@type":"WebSite","@id":"https:\/\/voyage-aventure.com\/blog\/#website","url":"https:\/\/voyage-aventure.com\/blog\/","name":"voyage-aventure.com","description":"Votre passeport pour l\u2019inattendu.","publisher":{"@id":"https:\/\/voyage-aventure.com\/blog\/#organization"},"alternateName":"Votre passeport pour l\u2019inattendu.","potentialAction":[{"@type":"SearchAction","target":{"@type":"EntryPoint","urlTemplate":"https:\/\/voyage-aventure.com\/blog\/?s={search_term_string}"},"query-input":{"@type":"PropertyValueSpecification","valueRequired":true,"valueName":"search_term_string"}}],"inLanguage":"fr-FR"},{"@type":"Organization","@id":"https:\/\/voyage-aventure.com\/blog\/#organization","name":"Foretsensations.fr","url":"https:\/\/voyage-aventure.com\/blog\/","logo":{"@type":"ImageObject","inLanguage":"fr-FR","@id":"https:\/\/voyage-aventure.com\/blog\/#\/schema\/logo\/image\/","url":"https:\/\/voyage-aventure.com\/blog\/wp-content\/uploads\/2024\/12\/19.png","contentUrl":"https:\/\/voyage-aventure.com\/blog\/wp-content\/uploads\/2024\/12\/19.png","width":512,"height":512,"caption":"Foretsensations.fr"},"image":{"@id":"https:\/\/voyage-aventure.com\/blog\/#\/schema\/logo\/image\/"}},{"@type":"Person","@id":"https:\/\/voyage-aventure.com\/blog\/#\/schema\/person\/3c864cdc320801e3db34b663e7e3f816","name":"Camille Rouvray","image":{"@type":"ImageObject","inLanguage":"fr-FR","@id":"https:\/\/voyage-aventure.com\/blog\/#\/schema\/person\/image\/","url":"https:\/\/voyage-aventure.com\/blog\/wp-content\/uploads\/2026\/06\/persona_camille-r-96x96.jpg","contentUrl":"https:\/\/voyage-aventure.com\/blog\/wp-content\/uploads\/2026\/06\/persona_camille-r-96x96.jpg","caption":"Camille Rouvray"},"description":"Je voyage et j'\u00e9cris sur le voyage depuis une douzaine d'ann\u00e9es, d'abord en tant que routarde au long cours, puis comme r\u00e9dactrice sp\u00e9cialis\u00e9e. Mon terrain de pr\u00e9dilection, ce sont les circuits organis\u00e9s et l'art de bien pr\u00e9parer un itin\u00e9raire : choix de la saison, dur\u00e9e r\u00e9aliste des \u00e9tapes, budget jour par jour, logement et transport sur place. J'aime aussi raconter les p\u00e9pites urbaines, ces adresses qu'on ne trouve pas dans les guides classiques. Avant de publier un dossier destination, je croise toujours plusieurs sources, je v\u00e9rifie les tarifs et les formalit\u00e9s d'entr\u00e9e \u00e0 jour, et je teste moi-m\u00eame quand je le peux. Mon angle reste pratique avant tout : aider le lecteur \u00e0 partir l'esprit tranquille, sans mauvaise surprise une fois sur place. Je m'attache \u00e0 distinguer le coup de c\u0153ur sinc\u00e8re du simple argument marketing.","sameAs":["https:\/\/camillerouvray.fr\/"],"url":"https:\/\/voyage-aventure.com\/blog\/auteur\/noname\/"}]}},"_links":{"self":[{"href":"https:\/\/voyage-aventure.com\/blog\/wp-json\/wp\/v2\/posts\/15398","targetHints":{"allow":["GET"]}}],"collection":[{"href":"https:\/\/voyage-aventure.com\/blog\/wp-json\/wp\/v2\/posts"}],"about":[{"href":"https:\/\/voyage-aventure.com\/blog\/wp-json\/wp\/v2\/types\/post"}],"author":[{"embeddable":true,"href":"https:\/\/voyage-aventure.com\/blog\/wp-json\/wp\/v2\/users\/34"}],"replies":[{"embeddable":true,"href":"https:\/\/voyage-aventure.com\/blog\/wp-json\/wp\/v2\/comments?post=15398"}],"version-history":[{"count":1,"href":"https:\/\/voyage-aventure.com\/blog\/wp-json\/wp\/v2\/posts\/15398\/revisions"}],"predecessor-version":[{"id":15400,"href":"https:\/\/voyage-aventure.com\/blog\/wp-json\/wp\/v2\/posts\/15398\/revisions\/15400"}],"wp:featuredmedia":[{"embeddable":true,"href":"https:\/\/voyage-aventure.com\/blog\/wp-json\/wp\/v2\/media\/20396"}],"wp:attachment":[{"href":"https:\/\/voyage-aventure.com\/blog\/wp-json\/wp\/v2\/media?parent=15398"}],"wp:term":[{"taxonomy":"category","embeddable":true,"href":"https:\/\/voyage-aventure.com\/blog\/wp-json\/wp\/v2\/categories?post=15398"},{"taxonomy":"post_tag","embeddable":true,"href":"https:\/\/voyage-aventure.com\/blog\/wp-json\/wp\/v2\/tags?post=15398"}],"curies":[{"name":"wp","href":"https:\/\/api.w.org\/{rel}","templated":true}]}}