{"id":15365,"date":"2025-03-17T23:05:39","date_gmt":"2025-03-17T22:05:39","guid":{"rendered":"https:\/\/voyage-aventure.com\/blog\/?p=15365"},"modified":"2025-03-17T23:05:39","modified_gmt":"2025-03-17T22:05:39","slug":"les-nations-caribeennes-face-a-lincertitude-dun-eventuel-interdit-de-voyage-americain","status":"publish","type":"post","link":"https:\/\/voyage-aventure.com\/blog\/a-la-une\/les-nations-caribeennes-face-a-lincertitude-dun-eventuel-interdit-de-voyage-americain\/","title":{"rendered":"Les nations carib\u00e9ennes face \u00e0 l&rsquo;incertitude d&rsquo;un \u00e9ventuel interdit de voyage am\u00e9ricain"},"content":{"rendered":"<h2>Une crise diplomatique en gestation<\/h2>\n<p>Les gouvernements des nations carib\u00e9ennes, qui g\u00e8rent des programmes de citoyennet\u00e9 par investissement (CBI), se retrouvent dans une situation d\u00e9licate apr\u00e8s des rumeurs concernant un \u00e9ventuel interdit de voyage des \u00c9tats-Unis. Quatre pays de la r\u00e9gion, \u00e0 savoir Antigua-et-Barbuda, la Dominique, Saint-Kitts-et-Nevis et Sainte-Lucie, sont mentionn\u00e9s dans une proposition qui pourrait leur accorder 60 jours pour r\u00e9pondre \u00e0 des pr\u00e9occupations de s\u00e9curit\u00e9. Cette situation cr\u00e9e une incertitude diplomatique qui pourrait affecter leurs relations internationales.<\/p>\n<p>Les autorit\u00e9s de ces pays n&rsquo;ont pas encore re\u00e7u de communication officielle de Washington. Le Premier ministre de Saint-Kitts-et-Nevis, Dr. Terrance Drew, a d\u00e9clar\u00e9 : <\/p>\n<blockquote><p>\u201cJe veux rassurer le peuple de Saint-Kitts-et-Nevis que votre gouvernement n&rsquo;a re\u00e7u aucune communication formelle ou informelle concernant la pr\u00e9tendue liste d&rsquo;interdiction de voyage des \u00c9tats-Unis.\u201d<\/p><\/blockquote>\n<p> Cette d\u00e9claration souligne le flou qui plane sur la situation actuelle.<\/p>\n<h2>Les inqui\u00e9tudes am\u00e9ricaines et leurs implications<\/h2>\n<p>Les m\u00e9dias rapportent que les pr\u00e9occupations des \u00c9tats-Unis pourraient concerner le partage d&rsquo;informations sur les voyageurs entrants, des pratiques de s\u00e9curit\u00e9 jug\u00e9es inad\u00e9quates pour la d\u00e9livrance de passeports, ou encore la vente de citoyennet\u00e9 \u00e0 des personnes issues de pays interdits. Ces facteurs ont conduit \u00e0 l&rsquo;\u00e9laboration d&rsquo;une \u00ab\u00a0liste jaune\u00a0\u00bb qui pourrait avoir des implications profondes pour les nations concern\u00e9es.<\/p>\n<p>Antigua-et-Barbuda a rapidement pris les devants en adressant une note formelle au d\u00e9partement d&rsquo;\u00c9tat am\u00e9ricain. Dans ce document, le pays exprime sa \u00ab\u00a0profonde pr\u00e9occupation\u00a0\u00bb tout en affirmant qu&rsquo;il respecte une politique de sanctions align\u00e9e sur celle du Tr\u00e9sor am\u00e9ricain. La r\u00e9ponse rapide de la nation montre son engagement \u00e0 maintenir des relations diplomatiques solides.<\/p>\n<h2>R\u00e9actions des gouvernements carib\u00e9ens<\/h2>\n<p>Face \u00e0 cette situation, les gouvernements de Saint-Kitts-et-Nevis et de la Dominique ont \u00e9galement pris des mesures pour clarifier leur position. La Dominique, par la voix de son Premier ministre Roosevelt Skerrit, a confirm\u00e9 qu&rsquo;aucune communication officielle n&rsquo;avait \u00e9t\u00e9 re\u00e7ue \u00e0 ce sujet. De plus, il a charg\u00e9 son ambassadeur d&rsquo;effectuer les d\u00e9marches n\u00e9cessaires pour obtenir des \u00e9claircissements.<\/p>\n<p>Le Premier ministre de Saint-Lucie, Philip J. Pierre, a \u00e9galement soulign\u00e9 que son gouvernement cherchait activement \u00e0 obtenir des informations pr\u00e9cises de la part des \u00c9tats-Unis. La situation a cr\u00e9\u00e9 des tensions politiques dans ces pays, notamment \u00e0 Saint-Lucie, o\u00f9 l&rsquo;opposition accuse l&rsquo;administration actuelle de n\u00e9gligence dans la gestion des programmes de citoyennet\u00e9.<\/p>\n<h2>Les enjeux pour les citoyens carib\u00e9ens<\/h2>\n<p>Les cons\u00e9quences potentielles d&rsquo;un interdit de voyage am\u00e9ricain pourraient avoir un impact significatif sur les citoyens des nations concern\u00e9es. Cela pourrait restreindre leur capacit\u00e9 \u00e0 voyager, \u00e0 faire des affaires \u00e0 l&rsquo;international et \u00e0 maintenir la r\u00e9putation globale de leur pays. Les gouvernements promettent de tenir leurs citoyens inform\u00e9s alors qu&rsquo;ils attendent des nouvelles de Washington.<\/p>\n<p>Pour les citoyens des nations carib\u00e9ennes, la situation actuelle soul\u00e8ve plusieurs pr\u00e9occupations. Voici quelques points cl\u00e9s \u00e0 consid\u00e9rer :<\/p>\n<ul>\n<li>Risques de restrictions de voyage pour les citoyens.<\/li>\n<li>Impact sur les investissements \u00e9trangers et les programmes CBI.<\/li>\n<li>Tensions politiques internes et leur effet sur la stabilit\u00e9 gouvernementale.<\/li>\n<li>Cons\u00e9quences sur la r\u00e9putation internationale des pays concern\u00e9s.<\/li>\n<li>R\u00e9actions des partenaires commerciaux et diplomatiques.<\/li>\n<\/ul>\n<p>Les gouvernements de la r\u00e9gion sont sous pression pour naviguer dans cette crise tout en prot\u00e9geant les int\u00e9r\u00eats de leurs citoyens. Les r\u00e9ponses attendues de Washington joueront un r\u00f4le crucial dans l&rsquo;\u00e9volution de cette situation.<\/p>\n","protected":false},"excerpt":{"rendered":"","protected":false},"author":34,"featured_media":20595,"comment_status":"open","ping_status":"open","sticky":false,"template":"","format":"standard","meta":{"_acf_changed":false,"manual_indexmenow":false,"indexmenow_id_project":0,"footnotes":""},"categories":[1],"tags":[4636,5688,3170,4635,4526],"class_list":["post-15365","post","type-post","status-publish","format-standard","has-post-thumbnail","hentry","category-a-la-une","tag-destinations","tag-relations-internationales","tag-securite","tag-voyage","tag-voyage-economique","generate-columns","tablet-grid-50","mobile-grid-100","grid-parent","grid-25"],"acf":[],"yoast_head":"<!-- This site is optimized with the Yoast SEO Premium plugin v21.3 (Yoast SEO v25.1) - https:\/\/yoast.com\/wordpress\/plugins\/seo\/ -->\n<title>Les nations carib\u00e9ennes face \u00e0 l&#039;incertitude d&#039;un \u00e9ventuel<\/title>\n<meta name=\"description\" content=\"Les gouvernements des nations carib\u00e9ennes, qui g\u00e8rent des programmes de citoyennet\u00e9 par investissement (CBI), se retrouvent dans une situation d\u00e9licate\" \/>\n<meta name=\"robots\" content=\"index, follow, max-snippet:-1, max-image-preview:large, max-video-preview:-1\" \/>\n<link rel=\"canonical\" href=\"https:\/\/voyage-aventure.com\/blog\/a-la-une\/les-nations-caribeennes-face-a-lincertitude-dun-eventuel-interdit-de-voyage-americain\/\" \/>\n<meta property=\"og:locale\" content=\"fr_FR\" \/>\n<meta property=\"og:type\" content=\"article\" \/>\n<meta property=\"og:title\" content=\"Les nations carib\u00e9ennes face \u00e0 l&#039;incertitude d&#039;un \u00e9ventuel\" \/>\n<meta property=\"og:description\" content=\"Les gouvernements des nations carib\u00e9ennes, qui g\u00e8rent des programmes de citoyennet\u00e9 par investissement (CBI), se retrouvent dans une situation d\u00e9licate\" \/>\n<meta property=\"og:url\" content=\"https:\/\/voyage-aventure.com\/blog\/a-la-une\/les-nations-caribeennes-face-a-lincertitude-dun-eventuel-interdit-de-voyage-americain\/\" \/>\n<meta property=\"og:site_name\" content=\"voyage-aventure\" \/>\n<meta property=\"og:image\" content=\"https:\/\/voyage-aventure.com\/blog\/wp-content\/uploads\/2025\/05\/sdxl-d372af1d4c5d1bf8a368384b4d2b884e-scaled.png\" \/>\n\t<meta property=\"og:image:width\" content=\"1200\" \/>\n\t<meta property=\"og:image:height\" content=\"500\" \/>\n\t<meta property=\"og:image:type\" content=\"image\/png\" \/>\n<meta name=\"author\" content=\"Camille Rouvray\" \/>\n<meta name=\"twitter:card\" content=\"summary_large_image\" \/>\n<script type=\"application\/ld+json\" class=\"yoast-schema-graph\">{\"@context\":\"https:\/\/schema.org\",\"@graph\":[{\"@type\":\"NewsArticle\",\"@id\":\"https:\/\/voyage-aventure.com\/blog\/a-la-une\/les-nations-caribeennes-face-a-lincertitude-dun-eventuel-interdit-de-voyage-americain\/#article\",\"isPartOf\":{\"@id\":\"https:\/\/voyage-aventure.com\/blog\/a-la-une\/les-nations-caribeennes-face-a-lincertitude-dun-eventuel-interdit-de-voyage-americain\/\"},\"author\":{\"name\":\"Camille Rouvray\",\"@id\":\"https:\/\/voyage-aventure.com\/blog\/#\/schema\/person\/3c864cdc320801e3db34b663e7e3f816\"},\"headline\":\"Les nations carib\u00e9ennes face \u00e0 l&rsquo;incertitude d&rsquo;un \u00e9ventuel interdit de voyage am\u00e9ricain\",\"datePublished\":\"2025-03-17T22:05:39+00:00\",\"mainEntityOfPage\":{\"@id\":\"https:\/\/voyage-aventure.com\/blog\/a-la-une\/les-nations-caribeennes-face-a-lincertitude-dun-eventuel-interdit-de-voyage-americain\/\"},\"wordCount\":608,\"commentCount\":23,\"publisher\":{\"@id\":\"https:\/\/voyage-aventure.com\/blog\/#organization\"},\"image\":{\"@id\":\"https:\/\/voyage-aventure.com\/blog\/a-la-une\/les-nations-caribeennes-face-a-lincertitude-dun-eventuel-interdit-de-voyage-americain\/#primaryimage\"},\"thumbnailUrl\":\"https:\/\/voyage-aventure.com\/blog\/wp-content\/uploads\/2025\/05\/sdxl-d372af1d4c5d1bf8a368384b4d2b884e-scaled.png\",\"keywords\":[\"Destinations\",\"Relations Internationales\",\"S\u00e9curit\u00e9\",\"Voyage\",\"Voyage \u00c9conomique\"],\"articleSection\":[\"\u00c0 la une\"],\"inLanguage\":\"fr-FR\",\"potentialAction\":[{\"@type\":\"CommentAction\",\"name\":\"Comment\",\"target\":[\"https:\/\/voyage-aventure.com\/blog\/a-la-une\/les-nations-caribeennes-face-a-lincertitude-dun-eventuel-interdit-de-voyage-americain\/#respond\"]}]},{\"@type\":\"WebPage\",\"@id\":\"https:\/\/voyage-aventure.com\/blog\/a-la-une\/les-nations-caribeennes-face-a-lincertitude-dun-eventuel-interdit-de-voyage-americain\/\",\"url\":\"https:\/\/voyage-aventure.com\/blog\/a-la-une\/les-nations-caribeennes-face-a-lincertitude-dun-eventuel-interdit-de-voyage-americain\/\",\"name\":\"Les nations carib\u00e9ennes face \u00e0 l'incertitude d'un \u00e9ventuel\",\"isPartOf\":{\"@id\":\"https:\/\/voyage-aventure.com\/blog\/#website\"},\"primaryImageOfPage\":{\"@id\":\"https:\/\/voyage-aventure.com\/blog\/a-la-une\/les-nations-caribeennes-face-a-lincertitude-dun-eventuel-interdit-de-voyage-americain\/#primaryimage\"},\"image\":{\"@id\":\"https:\/\/voyage-aventure.com\/blog\/a-la-une\/les-nations-caribeennes-face-a-lincertitude-dun-eventuel-interdit-de-voyage-americain\/#primaryimage\"},\"thumbnailUrl\":\"https:\/\/voyage-aventure.com\/blog\/wp-content\/uploads\/2025\/05\/sdxl-d372af1d4c5d1bf8a368384b4d2b884e-scaled.png\",\"datePublished\":\"2025-03-17T22:05:39+00:00\",\"description\":\"Les gouvernements des nations carib\u00e9ennes, qui g\u00e8rent des programmes de citoyennet\u00e9 par investissement (CBI), se retrouvent dans une situation d\u00e9licate\",\"inLanguage\":\"fr-FR\",\"potentialAction\":[{\"@type\":\"ReadAction\",\"target\":[\"https:\/\/voyage-aventure.com\/blog\/a-la-une\/les-nations-caribeennes-face-a-lincertitude-dun-eventuel-interdit-de-voyage-americain\/\"]}]},{\"@type\":\"ImageObject\",\"inLanguage\":\"fr-FR\",\"@id\":\"https:\/\/voyage-aventure.com\/blog\/a-la-une\/les-nations-caribeennes-face-a-lincertitude-dun-eventuel-interdit-de-voyage-americain\/#primaryimage\",\"url\":\"https:\/\/voyage-aventure.com\/blog\/wp-content\/uploads\/2025\/05\/sdxl-d372af1d4c5d1bf8a368384b4d2b884e-scaled.png\",\"contentUrl\":\"https:\/\/voyage-aventure.com\/blog\/wp-content\/uploads\/2025\/05\/sdxl-d372af1d4c5d1bf8a368384b4d2b884e-scaled.png\",\"width\":1200,\"height\":500},{\"@type\":\"WebSite\",\"@id\":\"https:\/\/voyage-aventure.com\/blog\/#website\",\"url\":\"https:\/\/voyage-aventure.com\/blog\/\",\"name\":\"voyage-aventure.com\",\"description\":\"Votre passeport pour l\u2019inattendu.\",\"publisher\":{\"@id\":\"https:\/\/voyage-aventure.com\/blog\/#organization\"},\"alternateName\":\"Votre passeport pour l\u2019inattendu.\",\"potentialAction\":[{\"@type\":\"SearchAction\",\"target\":{\"@type\":\"EntryPoint\",\"urlTemplate\":\"https:\/\/voyage-aventure.com\/blog\/?s={search_term_string}\"},\"query-input\":{\"@type\":\"PropertyValueSpecification\",\"valueRequired\":true,\"valueName\":\"search_term_string\"}}],\"inLanguage\":\"fr-FR\"},{\"@type\":\"Organization\",\"@id\":\"https:\/\/voyage-aventure.com\/blog\/#organization\",\"name\":\"Foretsensations.fr\",\"url\":\"https:\/\/voyage-aventure.com\/blog\/\",\"logo\":{\"@type\":\"ImageObject\",\"inLanguage\":\"fr-FR\",\"@id\":\"https:\/\/voyage-aventure.com\/blog\/#\/schema\/logo\/image\/\",\"url\":\"https:\/\/voyage-aventure.com\/blog\/wp-content\/uploads\/2024\/12\/19.png\",\"contentUrl\":\"https:\/\/voyage-aventure.com\/blog\/wp-content\/uploads\/2024\/12\/19.png\",\"width\":512,\"height\":512,\"caption\":\"Foretsensations.fr\"},\"image\":{\"@id\":\"https:\/\/voyage-aventure.com\/blog\/#\/schema\/logo\/image\/\"}},{\"@type\":\"Person\",\"@id\":\"https:\/\/voyage-aventure.com\/blog\/#\/schema\/person\/3c864cdc320801e3db34b663e7e3f816\",\"name\":\"Camille Rouvray\",\"image\":{\"@type\":\"ImageObject\",\"inLanguage\":\"fr-FR\",\"@id\":\"https:\/\/voyage-aventure.com\/blog\/#\/schema\/person\/image\/\",\"url\":\"https:\/\/voyage-aventure.com\/blog\/wp-content\/uploads\/2026\/06\/persona_camille-r-96x96.jpg\",\"contentUrl\":\"https:\/\/voyage-aventure.com\/blog\/wp-content\/uploads\/2026\/06\/persona_camille-r-96x96.jpg\",\"caption\":\"Camille Rouvray\"},\"description\":\"Je voyage et j'\u00e9cris sur le voyage depuis une douzaine d'ann\u00e9es, d'abord en tant que routarde au long cours, puis comme r\u00e9dactrice sp\u00e9cialis\u00e9e. Mon terrain de pr\u00e9dilection, ce sont les circuits organis\u00e9s et l'art de bien pr\u00e9parer un itin\u00e9raire : choix de la saison, dur\u00e9e r\u00e9aliste des \u00e9tapes, budget jour par jour, logement et transport sur place. J'aime aussi raconter les p\u00e9pites urbaines, ces adresses qu'on ne trouve pas dans les guides classiques. Avant de publier un dossier destination, je croise toujours plusieurs sources, je v\u00e9rifie les tarifs et les formalit\u00e9s d'entr\u00e9e \u00e0 jour, et je teste moi-m\u00eame quand je le peux. Mon angle reste pratique avant tout : aider le lecteur \u00e0 partir l'esprit tranquille, sans mauvaise surprise une fois sur place. Je m'attache \u00e0 distinguer le coup de c\u0153ur sinc\u00e8re du simple argument marketing.\",\"sameAs\":[\"https:\/\/camillerouvray.fr\/\"],\"url\":\"https:\/\/voyage-aventure.com\/blog\/auteur\/noname\/\"}]}<\/script>\n<!-- \/ Yoast SEO Premium plugin. -->","yoast_head_json":{"title":"Les nations carib\u00e9ennes face \u00e0 l'incertitude d'un \u00e9ventuel","description":"Les gouvernements des nations carib\u00e9ennes, qui g\u00e8rent des programmes de citoyennet\u00e9 par investissement (CBI), se retrouvent dans une situation d\u00e9licate","robots":{"index":"index","follow":"follow","max-snippet":"max-snippet:-1","max-image-preview":"max-image-preview:large","max-video-preview":"max-video-preview:-1"},"canonical":"https:\/\/voyage-aventure.com\/blog\/a-la-une\/les-nations-caribeennes-face-a-lincertitude-dun-eventuel-interdit-de-voyage-americain\/","og_locale":"fr_FR","og_type":"article","og_title":"Les nations carib\u00e9ennes face \u00e0 l'incertitude d'un \u00e9ventuel","og_description":"Les gouvernements des nations carib\u00e9ennes, qui g\u00e8rent des programmes de citoyennet\u00e9 par investissement (CBI), se retrouvent dans une situation d\u00e9licate","og_url":"https:\/\/voyage-aventure.com\/blog\/a-la-une\/les-nations-caribeennes-face-a-lincertitude-dun-eventuel-interdit-de-voyage-americain\/","og_site_name":"voyage-aventure","og_image":[{"width":1200,"height":500,"url":"https:\/\/voyage-aventure.com\/blog\/wp-content\/uploads\/2025\/05\/sdxl-d372af1d4c5d1bf8a368384b4d2b884e-scaled.png","type":"image\/png"}],"author":"Camille Rouvray","twitter_card":"summary_large_image","schema":{"@context":"https:\/\/schema.org","@graph":[{"@type":"NewsArticle","@id":"https:\/\/voyage-aventure.com\/blog\/a-la-une\/les-nations-caribeennes-face-a-lincertitude-dun-eventuel-interdit-de-voyage-americain\/#article","isPartOf":{"@id":"https:\/\/voyage-aventure.com\/blog\/a-la-une\/les-nations-caribeennes-face-a-lincertitude-dun-eventuel-interdit-de-voyage-americain\/"},"author":{"name":"Camille Rouvray","@id":"https:\/\/voyage-aventure.com\/blog\/#\/schema\/person\/3c864cdc320801e3db34b663e7e3f816"},"headline":"Les nations carib\u00e9ennes face \u00e0 l&rsquo;incertitude d&rsquo;un \u00e9ventuel interdit de voyage am\u00e9ricain","datePublished":"2025-03-17T22:05:39+00:00","mainEntityOfPage":{"@id":"https:\/\/voyage-aventure.com\/blog\/a-la-une\/les-nations-caribeennes-face-a-lincertitude-dun-eventuel-interdit-de-voyage-americain\/"},"wordCount":608,"commentCount":23,"publisher":{"@id":"https:\/\/voyage-aventure.com\/blog\/#organization"},"image":{"@id":"https:\/\/voyage-aventure.com\/blog\/a-la-une\/les-nations-caribeennes-face-a-lincertitude-dun-eventuel-interdit-de-voyage-americain\/#primaryimage"},"thumbnailUrl":"https:\/\/voyage-aventure.com\/blog\/wp-content\/uploads\/2025\/05\/sdxl-d372af1d4c5d1bf8a368384b4d2b884e-scaled.png","keywords":["Destinations","Relations Internationales","S\u00e9curit\u00e9","Voyage","Voyage \u00c9conomique"],"articleSection":["\u00c0 la une"],"inLanguage":"fr-FR","potentialAction":[{"@type":"CommentAction","name":"Comment","target":["https:\/\/voyage-aventure.com\/blog\/a-la-une\/les-nations-caribeennes-face-a-lincertitude-dun-eventuel-interdit-de-voyage-americain\/#respond"]}]},{"@type":"WebPage","@id":"https:\/\/voyage-aventure.com\/blog\/a-la-une\/les-nations-caribeennes-face-a-lincertitude-dun-eventuel-interdit-de-voyage-americain\/","url":"https:\/\/voyage-aventure.com\/blog\/a-la-une\/les-nations-caribeennes-face-a-lincertitude-dun-eventuel-interdit-de-voyage-americain\/","name":"Les nations carib\u00e9ennes face \u00e0 l'incertitude d'un \u00e9ventuel","isPartOf":{"@id":"https:\/\/voyage-aventure.com\/blog\/#website"},"primaryImageOfPage":{"@id":"https:\/\/voyage-aventure.com\/blog\/a-la-une\/les-nations-caribeennes-face-a-lincertitude-dun-eventuel-interdit-de-voyage-americain\/#primaryimage"},"image":{"@id":"https:\/\/voyage-aventure.com\/blog\/a-la-une\/les-nations-caribeennes-face-a-lincertitude-dun-eventuel-interdit-de-voyage-americain\/#primaryimage"},"thumbnailUrl":"https:\/\/voyage-aventure.com\/blog\/wp-content\/uploads\/2025\/05\/sdxl-d372af1d4c5d1bf8a368384b4d2b884e-scaled.png","datePublished":"2025-03-17T22:05:39+00:00","description":"Les gouvernements des nations carib\u00e9ennes, qui g\u00e8rent des programmes de citoyennet\u00e9 par investissement (CBI), se retrouvent dans une situation d\u00e9licate","inLanguage":"fr-FR","potentialAction":[{"@type":"ReadAction","target":["https:\/\/voyage-aventure.com\/blog\/a-la-une\/les-nations-caribeennes-face-a-lincertitude-dun-eventuel-interdit-de-voyage-americain\/"]}]},{"@type":"ImageObject","inLanguage":"fr-FR","@id":"https:\/\/voyage-aventure.com\/blog\/a-la-une\/les-nations-caribeennes-face-a-lincertitude-dun-eventuel-interdit-de-voyage-americain\/#primaryimage","url":"https:\/\/voyage-aventure.com\/blog\/wp-content\/uploads\/2025\/05\/sdxl-d372af1d4c5d1bf8a368384b4d2b884e-scaled.png","contentUrl":"https:\/\/voyage-aventure.com\/blog\/wp-content\/uploads\/2025\/05\/sdxl-d372af1d4c5d1bf8a368384b4d2b884e-scaled.png","width":1200,"height":500},{"@type":"WebSite","@id":"https:\/\/voyage-aventure.com\/blog\/#website","url":"https:\/\/voyage-aventure.com\/blog\/","name":"voyage-aventure.com","description":"Votre passeport pour l\u2019inattendu.","publisher":{"@id":"https:\/\/voyage-aventure.com\/blog\/#organization"},"alternateName":"Votre passeport pour l\u2019inattendu.","potentialAction":[{"@type":"SearchAction","target":{"@type":"EntryPoint","urlTemplate":"https:\/\/voyage-aventure.com\/blog\/?s={search_term_string}"},"query-input":{"@type":"PropertyValueSpecification","valueRequired":true,"valueName":"search_term_string"}}],"inLanguage":"fr-FR"},{"@type":"Organization","@id":"https:\/\/voyage-aventure.com\/blog\/#organization","name":"Foretsensations.fr","url":"https:\/\/voyage-aventure.com\/blog\/","logo":{"@type":"ImageObject","inLanguage":"fr-FR","@id":"https:\/\/voyage-aventure.com\/blog\/#\/schema\/logo\/image\/","url":"https:\/\/voyage-aventure.com\/blog\/wp-content\/uploads\/2024\/12\/19.png","contentUrl":"https:\/\/voyage-aventure.com\/blog\/wp-content\/uploads\/2024\/12\/19.png","width":512,"height":512,"caption":"Foretsensations.fr"},"image":{"@id":"https:\/\/voyage-aventure.com\/blog\/#\/schema\/logo\/image\/"}},{"@type":"Person","@id":"https:\/\/voyage-aventure.com\/blog\/#\/schema\/person\/3c864cdc320801e3db34b663e7e3f816","name":"Camille Rouvray","image":{"@type":"ImageObject","inLanguage":"fr-FR","@id":"https:\/\/voyage-aventure.com\/blog\/#\/schema\/person\/image\/","url":"https:\/\/voyage-aventure.com\/blog\/wp-content\/uploads\/2026\/06\/persona_camille-r-96x96.jpg","contentUrl":"https:\/\/voyage-aventure.com\/blog\/wp-content\/uploads\/2026\/06\/persona_camille-r-96x96.jpg","caption":"Camille Rouvray"},"description":"Je voyage et j'\u00e9cris sur le voyage depuis une douzaine d'ann\u00e9es, d'abord en tant que routarde au long cours, puis comme r\u00e9dactrice sp\u00e9cialis\u00e9e. Mon terrain de pr\u00e9dilection, ce sont les circuits organis\u00e9s et l'art de bien pr\u00e9parer un itin\u00e9raire : choix de la saison, dur\u00e9e r\u00e9aliste des \u00e9tapes, budget jour par jour, logement et transport sur place. J'aime aussi raconter les p\u00e9pites urbaines, ces adresses qu'on ne trouve pas dans les guides classiques. Avant de publier un dossier destination, je croise toujours plusieurs sources, je v\u00e9rifie les tarifs et les formalit\u00e9s d'entr\u00e9e \u00e0 jour, et je teste moi-m\u00eame quand je le peux. Mon angle reste pratique avant tout : aider le lecteur \u00e0 partir l'esprit tranquille, sans mauvaise surprise une fois sur place. Je m'attache \u00e0 distinguer le coup de c\u0153ur sinc\u00e8re du simple argument marketing.","sameAs":["https:\/\/camillerouvray.fr\/"],"url":"https:\/\/voyage-aventure.com\/blog\/auteur\/noname\/"}]}},"_links":{"self":[{"href":"https:\/\/voyage-aventure.com\/blog\/wp-json\/wp\/v2\/posts\/15365","targetHints":{"allow":["GET"]}}],"collection":[{"href":"https:\/\/voyage-aventure.com\/blog\/wp-json\/wp\/v2\/posts"}],"about":[{"href":"https:\/\/voyage-aventure.com\/blog\/wp-json\/wp\/v2\/types\/post"}],"author":[{"embeddable":true,"href":"https:\/\/voyage-aventure.com\/blog\/wp-json\/wp\/v2\/users\/34"}],"replies":[{"embeddable":true,"href":"https:\/\/voyage-aventure.com\/blog\/wp-json\/wp\/v2\/comments?post=15365"}],"version-history":[{"count":1,"href":"https:\/\/voyage-aventure.com\/blog\/wp-json\/wp\/v2\/posts\/15365\/revisions"}],"predecessor-version":[{"id":15385,"href":"https:\/\/voyage-aventure.com\/blog\/wp-json\/wp\/v2\/posts\/15365\/revisions\/15385"}],"wp:featuredmedia":[{"embeddable":true,"href":"https:\/\/voyage-aventure.com\/blog\/wp-json\/wp\/v2\/media\/20595"}],"wp:attachment":[{"href":"https:\/\/voyage-aventure.com\/blog\/wp-json\/wp\/v2\/media?parent=15365"}],"wp:term":[{"taxonomy":"category","embeddable":true,"href":"https:\/\/voyage-aventure.com\/blog\/wp-json\/wp\/v2\/categories?post=15365"},{"taxonomy":"post_tag","embeddable":true,"href":"https:\/\/voyage-aventure.com\/blog\/wp-json\/wp\/v2\/tags?post=15365"}],"curies":[{"name":"wp","href":"https:\/\/api.w.org\/{rel}","templated":true}]}}