{"id":15346,"date":"2025-03-17T19:27:52","date_gmt":"2025-03-17T18:27:52","guid":{"rendered":"https:\/\/voyage-aventure.com\/blog\/?p=15346"},"modified":"2025-03-17T18:40:39","modified_gmt":"2025-03-17T17:40:39","slug":"cinq-ans-apres-larret-du-voyage-reflexions-sur-un-monde-en-mutation","status":"publish","type":"post","link":"https:\/\/voyage-aventure.com\/blog\/a-la-une\/cinq-ans-apres-larret-du-voyage-reflexions-sur-un-monde-en-mutation\/","title":{"rendered":"Cinq ans apr\u00e8s l&rsquo;arr\u00eat du voyage : r\u00e9flexions sur un monde en mutation"},"content":{"rendered":"<h2>Un tournant majeur pour l&rsquo;industrie du voyage<\/h2>\n<p>La pand\u00e9mie de Covid-19 a agi comme un catalyseur, transformant des tendances d\u00e9j\u00e0 pr\u00e9sentes en v\u00e9ritables r\u00e9alit\u00e9s. Cependant, cette transformation n&rsquo;a pas toujours \u00e9t\u00e9 positive, car elle a souvent r\u00e9duit le contact humain qui rendait les voyages si sp\u00e9ciaux.<\/p>\n<p>Le 14 mars 2020 a marqu\u00e9 un tournant : les fronti\u00e8res se sont ferm\u00e9es, les compagnies a\u00e9riennes ont \u00e9t\u00e9 clou\u00e9es au sol et l&rsquo;industrie du voyage a \u00e9t\u00e9 fig\u00e9e. Ce moment a mis en lumi\u00e8re des enjeux cruciaux comme le besoin de digitalisation, mais cela a \u00e9galement soulev\u00e9 des questions sur la qualit\u00e9 du service. Les standards de service ont chut\u00e9, et beaucoup se demandent si ces changements sont r\u00e9ellement b\u00e9n\u00e9fiques pour les voyageurs.<\/p>\n<p><iframe loading=\"lazy\" title=\"#LaREF21 | D\u00e9bat : les sentinelles de la Libert\u00e9 : contre quoi se bat-on ?\" width=\"1200\" height=\"675\" src=\"https:\/\/www.youtube.com\/embed\/MGZj0IrPxVA?feature=oembed\" frameborder=\"0\" allow=\"accelerometer; autoplay; clipboard-write; encrypted-media; gyroscope; picture-in-picture; web-share\" referrerpolicy=\"strict-origin-when-cross-origin\" allowfullscreen><\/iframe><\/p>\n<h2>Les d\u00e9fis persistants dans un monde en mutation<\/h2>\n<p>Au-del\u00e0 des transformations num\u00e9riques, l&rsquo;industrie du voyage fait face \u00e0 des d\u00e9fis pressants tels que le surtourisme et la durabilit\u00e9. Bien que le voyage de loisir ait rebondi, ces probl\u00e8mes restent omnipr\u00e9sents et n\u00e9cessitent une attention urgente. Les voyageurs sont de plus en plus conscients des impacts de leur activit\u00e9 sur l&rsquo;environnement, mais la volont\u00e9 de payer pour des choix durables n&rsquo;est pas encore au rendez-vous.<\/p>\n<p>De plus, l&rsquo;essor du nationalisme \u00e9conomique complique la mobilit\u00e9 internationale. Alors que de plus en plus de personnes voyagent, les restrictions sur les visas et les politiques migratoires rendent les d\u00e9placements \u00e0 long terme plus difficiles. Cette dichotomie souligne la complexit\u00e9 du paysage touristique actuel.<\/p>\n<h2>Des perspectives d&rsquo;avenir : entre technologie et humanit\u00e9<\/h2>\n<p>Malgr\u00e9 ces d\u00e9fis, des opportunit\u00e9s \u00e9mergent. Les plateformes de m\u00e9dias alternatifs comme les newsletters et les podcasts offrent de nouvelles voies de communication pour les marques de voyage. Ces canaux permettent d&rsquo;atteindre les consommateurs directement, sans avoir \u00e0 se soumettre aux algorithmes changeants des r\u00e9seaux sociaux traditionnels.<\/p>\n<p>La technologie, bien utilis\u00e9e, peut offrir des solutions prometteuses pour l&rsquo;industrie du voyage. Des innovations comme l&rsquo;IA et les traductions en temps r\u00e9el pourraient am\u00e9liorer l&rsquo;exp\u00e9rience des voyageurs, mais elles ne doivent pas effacer l&rsquo;essence m\u00eame de l&rsquo;hospitalit\u00e9 humaine. Le voyage reste avant tout une exp\u00e9rience profond\u00e9ment humaine, et cela ne changera jamais.<\/p>\n<blockquote><p>\n    \u00ab\u00a0Au c\u0153ur du voyage, il y a l&rsquo;aspiration humaine \u00e0 explorer et \u00e0 d\u00e9couvrir.\u00a0\u00bb\n<\/p><\/blockquote>\n<ul>\n<li>La digitalisation a transform\u00e9 le processus de r\u00e9servation.<\/li>\n<li>Le surtourisme demeure un d\u00e9fi majeur pour de nombreuses destinations.<\/li>\n<li>La durabilit\u00e9 est une pr\u00e9occupation croissante, mais la volont\u00e9 de payer reste limit\u00e9e.<\/li>\n<li>Les plateformes alternatives sont essentielles pour le marketing dans l&rsquo;industrie du voyage.<\/li>\n<li>La technologie peut am\u00e9liorer les voyages, mais ne doit pas remplacer l&rsquo;\u00e9l\u00e9ment humain.<\/li>\n<\/ul>\n<p>Cinq ans apr\u00e8s l&rsquo;arr\u00eat du voyage, il est crucial de consid\u00e9rer les le\u00e7ons apprises. Nous avons vu l&rsquo;industrie s&rsquo;adapter, mais les d\u00e9fis que nous devons surmonter demeurent. Tout en avan\u00e7ant, il est vital de garder \u00e0 l&rsquo;esprit que les voyages sont un reflet de notre d\u00e9sir d&rsquo;explorer le monde. Pour l&rsquo;avenir, esp\u00e9rons que les changements qui se profilent soient positifs et b\u00e9n\u00e9fiques pour tous les acteurs de l&rsquo;industrie.<\/p>\n","protected":false},"excerpt":{"rendered":"","protected":false},"author":34,"featured_media":20695,"comment_status":"open","ping_status":"open","sticky":false,"template":"","format":"standard","meta":{"_acf_changed":false,"manual_indexmenow":false,"indexmenow_id_project":0,"footnotes":""},"categories":[1],"tags":[3815,4672,5688,6178,6177],"class_list":["post-15346","post","type-post","status-publish","format-standard","has-post-thumbnail","hentry","category-a-la-une","tag-durabilite","tag-experiences","tag-relations-internationales","tag-surtourisme","tag-transformation-numerique","generate-columns","tablet-grid-50","mobile-grid-100","grid-parent","grid-25"],"acf":[],"yoast_head":"<!-- This site is optimized with the Yoast SEO Premium plugin v21.3 (Yoast SEO v25.1) - https:\/\/yoast.com\/wordpress\/plugins\/seo\/ -->\n<title>Cinq ans apr\u00e8s l&#039;arr\u00eat du voyage : r\u00e9flexions sur un monde<\/title>\n<meta name=\"description\" content=\"La pand\u00e9mie de Covid-19 a agi comme un catalyseur, transformant des tendances d\u00e9j\u00e0 pr\u00e9sentes en v\u00e9ritables r\u00e9alit\u00e9s. Cependant, cette transformation n&#039;a\" \/>\n<meta name=\"robots\" content=\"index, follow, max-snippet:-1, max-image-preview:large, max-video-preview:-1\" \/>\n<link rel=\"canonical\" href=\"https:\/\/voyage-aventure.com\/blog\/a-la-une\/cinq-ans-apres-larret-du-voyage-reflexions-sur-un-monde-en-mutation\/\" \/>\n<meta property=\"og:locale\" content=\"fr_FR\" \/>\n<meta property=\"og:type\" content=\"article\" \/>\n<meta property=\"og:title\" content=\"Cinq ans apr\u00e8s l&#039;arr\u00eat du voyage : r\u00e9flexions sur un monde\" \/>\n<meta property=\"og:description\" content=\"La pand\u00e9mie de Covid-19 a agi comme un catalyseur, transformant des tendances d\u00e9j\u00e0 pr\u00e9sentes en v\u00e9ritables r\u00e9alit\u00e9s. Cependant, cette transformation n&#039;a\" \/>\n<meta property=\"og:url\" content=\"https:\/\/voyage-aventure.com\/blog\/a-la-une\/cinq-ans-apres-larret-du-voyage-reflexions-sur-un-monde-en-mutation\/\" \/>\n<meta property=\"og:site_name\" content=\"voyage-aventure\" \/>\n<meta property=\"og:image\" content=\"https:\/\/voyage-aventure.com\/blog\/wp-content\/uploads\/2025\/05\/sdxl-3d9f95301b9f52cedfabb06b1ca9aaf9-scaled.png\" \/>\n\t<meta property=\"og:image:width\" content=\"1200\" \/>\n\t<meta property=\"og:image:height\" content=\"500\" \/>\n\t<meta property=\"og:image:type\" content=\"image\/png\" \/>\n<meta name=\"author\" content=\"Camille Rouvray\" \/>\n<meta name=\"twitter:card\" content=\"summary_large_image\" \/>\n<script type=\"application\/ld+json\" class=\"yoast-schema-graph\">{\"@context\":\"https:\/\/schema.org\",\"@graph\":[{\"@type\":\"NewsArticle\",\"@id\":\"https:\/\/voyage-aventure.com\/blog\/a-la-une\/cinq-ans-apres-larret-du-voyage-reflexions-sur-un-monde-en-mutation\/#article\",\"isPartOf\":{\"@id\":\"https:\/\/voyage-aventure.com\/blog\/a-la-une\/cinq-ans-apres-larret-du-voyage-reflexions-sur-un-monde-en-mutation\/\"},\"author\":{\"name\":\"Camille Rouvray\",\"@id\":\"https:\/\/voyage-aventure.com\/blog\/#\/schema\/person\/3c864cdc320801e3db34b663e7e3f816\"},\"headline\":\"Cinq ans apr\u00e8s l&rsquo;arr\u00eat du voyage : r\u00e9flexions sur un monde en mutation\",\"datePublished\":\"2025-03-17T18:27:52+00:00\",\"mainEntityOfPage\":{\"@id\":\"https:\/\/voyage-aventure.com\/blog\/a-la-une\/cinq-ans-apres-larret-du-voyage-reflexions-sur-un-monde-en-mutation\/\"},\"wordCount\":573,\"commentCount\":22,\"publisher\":{\"@id\":\"https:\/\/voyage-aventure.com\/blog\/#organization\"},\"image\":{\"@id\":\"https:\/\/voyage-aventure.com\/blog\/a-la-une\/cinq-ans-apres-larret-du-voyage-reflexions-sur-un-monde-en-mutation\/#primaryimage\"},\"thumbnailUrl\":\"https:\/\/voyage-aventure.com\/blog\/wp-content\/uploads\/2025\/05\/sdxl-3d9f95301b9f52cedfabb06b1ca9aaf9-scaled.png\",\"keywords\":[\"Durabilit\u00e9\",\"Exp\u00e9riences\",\"Relations Internationales\",\"Surtourisme\",\"Transformation Num\u00e9rique\"],\"articleSection\":[\"\u00c0 la une\"],\"inLanguage\":\"fr-FR\",\"potentialAction\":[{\"@type\":\"CommentAction\",\"name\":\"Comment\",\"target\":[\"https:\/\/voyage-aventure.com\/blog\/a-la-une\/cinq-ans-apres-larret-du-voyage-reflexions-sur-un-monde-en-mutation\/#respond\"]}]},{\"@type\":\"WebPage\",\"@id\":\"https:\/\/voyage-aventure.com\/blog\/a-la-une\/cinq-ans-apres-larret-du-voyage-reflexions-sur-un-monde-en-mutation\/\",\"url\":\"https:\/\/voyage-aventure.com\/blog\/a-la-une\/cinq-ans-apres-larret-du-voyage-reflexions-sur-un-monde-en-mutation\/\",\"name\":\"Cinq ans apr\u00e8s l'arr\u00eat du voyage : r\u00e9flexions sur un monde\",\"isPartOf\":{\"@id\":\"https:\/\/voyage-aventure.com\/blog\/#website\"},\"primaryImageOfPage\":{\"@id\":\"https:\/\/voyage-aventure.com\/blog\/a-la-une\/cinq-ans-apres-larret-du-voyage-reflexions-sur-un-monde-en-mutation\/#primaryimage\"},\"image\":{\"@id\":\"https:\/\/voyage-aventure.com\/blog\/a-la-une\/cinq-ans-apres-larret-du-voyage-reflexions-sur-un-monde-en-mutation\/#primaryimage\"},\"thumbnailUrl\":\"https:\/\/voyage-aventure.com\/blog\/wp-content\/uploads\/2025\/05\/sdxl-3d9f95301b9f52cedfabb06b1ca9aaf9-scaled.png\",\"datePublished\":\"2025-03-17T18:27:52+00:00\",\"description\":\"La pand\u00e9mie de Covid-19 a agi comme un catalyseur, transformant des tendances d\u00e9j\u00e0 pr\u00e9sentes en v\u00e9ritables r\u00e9alit\u00e9s. Cependant, cette transformation n'a\",\"inLanguage\":\"fr-FR\",\"potentialAction\":[{\"@type\":\"ReadAction\",\"target\":[\"https:\/\/voyage-aventure.com\/blog\/a-la-une\/cinq-ans-apres-larret-du-voyage-reflexions-sur-un-monde-en-mutation\/\"]}]},{\"@type\":\"ImageObject\",\"inLanguage\":\"fr-FR\",\"@id\":\"https:\/\/voyage-aventure.com\/blog\/a-la-une\/cinq-ans-apres-larret-du-voyage-reflexions-sur-un-monde-en-mutation\/#primaryimage\",\"url\":\"https:\/\/voyage-aventure.com\/blog\/wp-content\/uploads\/2025\/05\/sdxl-3d9f95301b9f52cedfabb06b1ca9aaf9-scaled.png\",\"contentUrl\":\"https:\/\/voyage-aventure.com\/blog\/wp-content\/uploads\/2025\/05\/sdxl-3d9f95301b9f52cedfabb06b1ca9aaf9-scaled.png\",\"width\":1200,\"height\":500},{\"@type\":\"WebSite\",\"@id\":\"https:\/\/voyage-aventure.com\/blog\/#website\",\"url\":\"https:\/\/voyage-aventure.com\/blog\/\",\"name\":\"voyage-aventure.com\",\"description\":\"Votre passeport pour l\u2019inattendu.\",\"publisher\":{\"@id\":\"https:\/\/voyage-aventure.com\/blog\/#organization\"},\"alternateName\":\"Votre passeport pour l\u2019inattendu.\",\"potentialAction\":[{\"@type\":\"SearchAction\",\"target\":{\"@type\":\"EntryPoint\",\"urlTemplate\":\"https:\/\/voyage-aventure.com\/blog\/?s={search_term_string}\"},\"query-input\":{\"@type\":\"PropertyValueSpecification\",\"valueRequired\":true,\"valueName\":\"search_term_string\"}}],\"inLanguage\":\"fr-FR\"},{\"@type\":\"Organization\",\"@id\":\"https:\/\/voyage-aventure.com\/blog\/#organization\",\"name\":\"Foretsensations.fr\",\"url\":\"https:\/\/voyage-aventure.com\/blog\/\",\"logo\":{\"@type\":\"ImageObject\",\"inLanguage\":\"fr-FR\",\"@id\":\"https:\/\/voyage-aventure.com\/blog\/#\/schema\/logo\/image\/\",\"url\":\"https:\/\/voyage-aventure.com\/blog\/wp-content\/uploads\/2024\/12\/19.png\",\"contentUrl\":\"https:\/\/voyage-aventure.com\/blog\/wp-content\/uploads\/2024\/12\/19.png\",\"width\":512,\"height\":512,\"caption\":\"Foretsensations.fr\"},\"image\":{\"@id\":\"https:\/\/voyage-aventure.com\/blog\/#\/schema\/logo\/image\/\"}},{\"@type\":\"Person\",\"@id\":\"https:\/\/voyage-aventure.com\/blog\/#\/schema\/person\/3c864cdc320801e3db34b663e7e3f816\",\"name\":\"Camille Rouvray\",\"image\":{\"@type\":\"ImageObject\",\"inLanguage\":\"fr-FR\",\"@id\":\"https:\/\/voyage-aventure.com\/blog\/#\/schema\/person\/image\/\",\"url\":\"https:\/\/voyage-aventure.com\/blog\/wp-content\/uploads\/2026\/06\/persona_camille-r-96x96.jpg\",\"contentUrl\":\"https:\/\/voyage-aventure.com\/blog\/wp-content\/uploads\/2026\/06\/persona_camille-r-96x96.jpg\",\"caption\":\"Camille Rouvray\"},\"description\":\"Je voyage et j'\u00e9cris sur le voyage depuis une douzaine d'ann\u00e9es, d'abord en tant que routarde au long cours, puis comme r\u00e9dactrice sp\u00e9cialis\u00e9e. Mon terrain de pr\u00e9dilection, ce sont les circuits organis\u00e9s et l'art de bien pr\u00e9parer un itin\u00e9raire : choix de la saison, dur\u00e9e r\u00e9aliste des \u00e9tapes, budget jour par jour, logement et transport sur place. J'aime aussi raconter les p\u00e9pites urbaines, ces adresses qu'on ne trouve pas dans les guides classiques. Avant de publier un dossier destination, je croise toujours plusieurs sources, je v\u00e9rifie les tarifs et les formalit\u00e9s d'entr\u00e9e \u00e0 jour, et je teste moi-m\u00eame quand je le peux. Mon angle reste pratique avant tout : aider le lecteur \u00e0 partir l'esprit tranquille, sans mauvaise surprise une fois sur place. Je m'attache \u00e0 distinguer le coup de c\u0153ur sinc\u00e8re du simple argument marketing.\",\"sameAs\":[\"https:\/\/camillerouvray.fr\/\"],\"url\":\"https:\/\/voyage-aventure.com\/blog\/auteur\/noname\/\"}]}<\/script>\n<!-- \/ Yoast SEO Premium plugin. -->","yoast_head_json":{"title":"Cinq ans apr\u00e8s l'arr\u00eat du voyage : r\u00e9flexions sur un monde","description":"La pand\u00e9mie de Covid-19 a agi comme un catalyseur, transformant des tendances d\u00e9j\u00e0 pr\u00e9sentes en v\u00e9ritables r\u00e9alit\u00e9s. Cependant, cette transformation n'a","robots":{"index":"index","follow":"follow","max-snippet":"max-snippet:-1","max-image-preview":"max-image-preview:large","max-video-preview":"max-video-preview:-1"},"canonical":"https:\/\/voyage-aventure.com\/blog\/a-la-une\/cinq-ans-apres-larret-du-voyage-reflexions-sur-un-monde-en-mutation\/","og_locale":"fr_FR","og_type":"article","og_title":"Cinq ans apr\u00e8s l'arr\u00eat du voyage : r\u00e9flexions sur un monde","og_description":"La pand\u00e9mie de Covid-19 a agi comme un catalyseur, transformant des tendances d\u00e9j\u00e0 pr\u00e9sentes en v\u00e9ritables r\u00e9alit\u00e9s. Cependant, cette transformation n'a","og_url":"https:\/\/voyage-aventure.com\/blog\/a-la-une\/cinq-ans-apres-larret-du-voyage-reflexions-sur-un-monde-en-mutation\/","og_site_name":"voyage-aventure","og_image":[{"width":1200,"height":500,"url":"https:\/\/voyage-aventure.com\/blog\/wp-content\/uploads\/2025\/05\/sdxl-3d9f95301b9f52cedfabb06b1ca9aaf9-scaled.png","type":"image\/png"}],"author":"Camille Rouvray","twitter_card":"summary_large_image","schema":{"@context":"https:\/\/schema.org","@graph":[{"@type":"NewsArticle","@id":"https:\/\/voyage-aventure.com\/blog\/a-la-une\/cinq-ans-apres-larret-du-voyage-reflexions-sur-un-monde-en-mutation\/#article","isPartOf":{"@id":"https:\/\/voyage-aventure.com\/blog\/a-la-une\/cinq-ans-apres-larret-du-voyage-reflexions-sur-un-monde-en-mutation\/"},"author":{"name":"Camille Rouvray","@id":"https:\/\/voyage-aventure.com\/blog\/#\/schema\/person\/3c864cdc320801e3db34b663e7e3f816"},"headline":"Cinq ans apr\u00e8s l&rsquo;arr\u00eat du voyage : r\u00e9flexions sur un monde en mutation","datePublished":"2025-03-17T18:27:52+00:00","mainEntityOfPage":{"@id":"https:\/\/voyage-aventure.com\/blog\/a-la-une\/cinq-ans-apres-larret-du-voyage-reflexions-sur-un-monde-en-mutation\/"},"wordCount":573,"commentCount":22,"publisher":{"@id":"https:\/\/voyage-aventure.com\/blog\/#organization"},"image":{"@id":"https:\/\/voyage-aventure.com\/blog\/a-la-une\/cinq-ans-apres-larret-du-voyage-reflexions-sur-un-monde-en-mutation\/#primaryimage"},"thumbnailUrl":"https:\/\/voyage-aventure.com\/blog\/wp-content\/uploads\/2025\/05\/sdxl-3d9f95301b9f52cedfabb06b1ca9aaf9-scaled.png","keywords":["Durabilit\u00e9","Exp\u00e9riences","Relations Internationales","Surtourisme","Transformation Num\u00e9rique"],"articleSection":["\u00c0 la une"],"inLanguage":"fr-FR","potentialAction":[{"@type":"CommentAction","name":"Comment","target":["https:\/\/voyage-aventure.com\/blog\/a-la-une\/cinq-ans-apres-larret-du-voyage-reflexions-sur-un-monde-en-mutation\/#respond"]}]},{"@type":"WebPage","@id":"https:\/\/voyage-aventure.com\/blog\/a-la-une\/cinq-ans-apres-larret-du-voyage-reflexions-sur-un-monde-en-mutation\/","url":"https:\/\/voyage-aventure.com\/blog\/a-la-une\/cinq-ans-apres-larret-du-voyage-reflexions-sur-un-monde-en-mutation\/","name":"Cinq ans apr\u00e8s l'arr\u00eat du voyage : r\u00e9flexions sur un monde","isPartOf":{"@id":"https:\/\/voyage-aventure.com\/blog\/#website"},"primaryImageOfPage":{"@id":"https:\/\/voyage-aventure.com\/blog\/a-la-une\/cinq-ans-apres-larret-du-voyage-reflexions-sur-un-monde-en-mutation\/#primaryimage"},"image":{"@id":"https:\/\/voyage-aventure.com\/blog\/a-la-une\/cinq-ans-apres-larret-du-voyage-reflexions-sur-un-monde-en-mutation\/#primaryimage"},"thumbnailUrl":"https:\/\/voyage-aventure.com\/blog\/wp-content\/uploads\/2025\/05\/sdxl-3d9f95301b9f52cedfabb06b1ca9aaf9-scaled.png","datePublished":"2025-03-17T18:27:52+00:00","description":"La pand\u00e9mie de Covid-19 a agi comme un catalyseur, transformant des tendances d\u00e9j\u00e0 pr\u00e9sentes en v\u00e9ritables r\u00e9alit\u00e9s. Cependant, cette transformation n'a","inLanguage":"fr-FR","potentialAction":[{"@type":"ReadAction","target":["https:\/\/voyage-aventure.com\/blog\/a-la-une\/cinq-ans-apres-larret-du-voyage-reflexions-sur-un-monde-en-mutation\/"]}]},{"@type":"ImageObject","inLanguage":"fr-FR","@id":"https:\/\/voyage-aventure.com\/blog\/a-la-une\/cinq-ans-apres-larret-du-voyage-reflexions-sur-un-monde-en-mutation\/#primaryimage","url":"https:\/\/voyage-aventure.com\/blog\/wp-content\/uploads\/2025\/05\/sdxl-3d9f95301b9f52cedfabb06b1ca9aaf9-scaled.png","contentUrl":"https:\/\/voyage-aventure.com\/blog\/wp-content\/uploads\/2025\/05\/sdxl-3d9f95301b9f52cedfabb06b1ca9aaf9-scaled.png","width":1200,"height":500},{"@type":"WebSite","@id":"https:\/\/voyage-aventure.com\/blog\/#website","url":"https:\/\/voyage-aventure.com\/blog\/","name":"voyage-aventure.com","description":"Votre passeport pour l\u2019inattendu.","publisher":{"@id":"https:\/\/voyage-aventure.com\/blog\/#organization"},"alternateName":"Votre passeport pour l\u2019inattendu.","potentialAction":[{"@type":"SearchAction","target":{"@type":"EntryPoint","urlTemplate":"https:\/\/voyage-aventure.com\/blog\/?s={search_term_string}"},"query-input":{"@type":"PropertyValueSpecification","valueRequired":true,"valueName":"search_term_string"}}],"inLanguage":"fr-FR"},{"@type":"Organization","@id":"https:\/\/voyage-aventure.com\/blog\/#organization","name":"Foretsensations.fr","url":"https:\/\/voyage-aventure.com\/blog\/","logo":{"@type":"ImageObject","inLanguage":"fr-FR","@id":"https:\/\/voyage-aventure.com\/blog\/#\/schema\/logo\/image\/","url":"https:\/\/voyage-aventure.com\/blog\/wp-content\/uploads\/2024\/12\/19.png","contentUrl":"https:\/\/voyage-aventure.com\/blog\/wp-content\/uploads\/2024\/12\/19.png","width":512,"height":512,"caption":"Foretsensations.fr"},"image":{"@id":"https:\/\/voyage-aventure.com\/blog\/#\/schema\/logo\/image\/"}},{"@type":"Person","@id":"https:\/\/voyage-aventure.com\/blog\/#\/schema\/person\/3c864cdc320801e3db34b663e7e3f816","name":"Camille Rouvray","image":{"@type":"ImageObject","inLanguage":"fr-FR","@id":"https:\/\/voyage-aventure.com\/blog\/#\/schema\/person\/image\/","url":"https:\/\/voyage-aventure.com\/blog\/wp-content\/uploads\/2026\/06\/persona_camille-r-96x96.jpg","contentUrl":"https:\/\/voyage-aventure.com\/blog\/wp-content\/uploads\/2026\/06\/persona_camille-r-96x96.jpg","caption":"Camille Rouvray"},"description":"Je voyage et j'\u00e9cris sur le voyage depuis une douzaine d'ann\u00e9es, d'abord en tant que routarde au long cours, puis comme r\u00e9dactrice sp\u00e9cialis\u00e9e. Mon terrain de pr\u00e9dilection, ce sont les circuits organis\u00e9s et l'art de bien pr\u00e9parer un itin\u00e9raire : choix de la saison, dur\u00e9e r\u00e9aliste des \u00e9tapes, budget jour par jour, logement et transport sur place. J'aime aussi raconter les p\u00e9pites urbaines, ces adresses qu'on ne trouve pas dans les guides classiques. Avant de publier un dossier destination, je croise toujours plusieurs sources, je v\u00e9rifie les tarifs et les formalit\u00e9s d'entr\u00e9e \u00e0 jour, et je teste moi-m\u00eame quand je le peux. Mon angle reste pratique avant tout : aider le lecteur \u00e0 partir l'esprit tranquille, sans mauvaise surprise une fois sur place. Je m'attache \u00e0 distinguer le coup de c\u0153ur sinc\u00e8re du simple argument marketing.","sameAs":["https:\/\/camillerouvray.fr\/"],"url":"https:\/\/voyage-aventure.com\/blog\/auteur\/noname\/"}]}},"_links":{"self":[{"href":"https:\/\/voyage-aventure.com\/blog\/wp-json\/wp\/v2\/posts\/15346","targetHints":{"allow":["GET"]}}],"collection":[{"href":"https:\/\/voyage-aventure.com\/blog\/wp-json\/wp\/v2\/posts"}],"about":[{"href":"https:\/\/voyage-aventure.com\/blog\/wp-json\/wp\/v2\/types\/post"}],"author":[{"embeddable":true,"href":"https:\/\/voyage-aventure.com\/blog\/wp-json\/wp\/v2\/users\/34"}],"replies":[{"embeddable":true,"href":"https:\/\/voyage-aventure.com\/blog\/wp-json\/wp\/v2\/comments?post=15346"}],"version-history":[{"count":1,"href":"https:\/\/voyage-aventure.com\/blog\/wp-json\/wp\/v2\/posts\/15346\/revisions"}],"predecessor-version":[{"id":15357,"href":"https:\/\/voyage-aventure.com\/blog\/wp-json\/wp\/v2\/posts\/15346\/revisions\/15357"}],"wp:featuredmedia":[{"embeddable":true,"href":"https:\/\/voyage-aventure.com\/blog\/wp-json\/wp\/v2\/media\/20695"}],"wp:attachment":[{"href":"https:\/\/voyage-aventure.com\/blog\/wp-json\/wp\/v2\/media?parent=15346"}],"wp:term":[{"taxonomy":"category","embeddable":true,"href":"https:\/\/voyage-aventure.com\/blog\/wp-json\/wp\/v2\/categories?post=15346"},{"taxonomy":"post_tag","embeddable":true,"href":"https:\/\/voyage-aventure.com\/blog\/wp-json\/wp\/v2\/tags?post=15346"}],"curies":[{"name":"wp","href":"https:\/\/api.w.org\/{rel}","templated":true}]}}