{"id":15336,"date":"2025-03-17T19:42:30","date_gmt":"2025-03-17T18:42:30","guid":{"rendered":"https:\/\/voyage-aventure.com\/blog\/?p=15336"},"modified":"2025-03-17T18:05:25","modified_gmt":"2025-03-17T17:05:25","slug":"yale-met-en-garde-les-etudiants-internationaux-sur-un-eventuel-nouveau-ban-de-voyage","status":"publish","type":"post","link":"https:\/\/voyage-aventure.com\/blog\/a-la-une\/yale-met-en-garde-les-etudiants-internationaux-sur-un-eventuel-nouveau-ban-de-voyage\/","title":{"rendered":"Yale met en garde les \u00e9tudiants internationaux sur un \u00e9ventuel nouveau ban de voyage"},"content":{"rendered":"<h2>Une alerte inqui\u00e9tante pour les \u00e9tudiants internationaux<\/h2>\n<p>Selon leurs informations, l&rsquo;administration Trump semble pr\u00eate \u00e0 mettre en \u0153uvre des restrictions drastiques sur l&rsquo;entr\u00e9e des ressortissants \u00e9trangers. Cette situation soul\u00e8ve des inqui\u00e9tudes chez de nombreux \u00e9tudiants qui pourraient \u00eatre affect\u00e9s.<\/p>\n<p>Dans un courriel envoy\u00e9 dimanche soir, les professeurs Muneer Ahmad et Michael Wishnie ont conseill\u00e9 aux \u00e9tudiants des pays potentiellement vis\u00e9s de revenir imm\u00e9diatement aux \u00c9tats-Unis s&rsquo;ils se trouvent \u00e0 l&rsquo;\u00e9tranger ou d&rsquo;\u00e9viter de quitter le pays s&rsquo;ils sont d\u00e9j\u00e0 sur le sol am\u00e9ricain. Leur message fait \u00e9cho \u00e0 des pr\u00e9occupations croissantes concernant la s\u00e9curit\u00e9 et les droits des immigrants.<\/p>\n<p><iframe loading=\"lazy\" title=\"Sun Transit in Pisces 2025 | March 14 -Apr 14 | Vedic Astrology predictions #siderealastrology\" width=\"1200\" height=\"675\" src=\"https:\/\/www.youtube.com\/embed\/Wm80BpOYCGI?feature=oembed\" frameborder=\"0\" allow=\"accelerometer; autoplay; clipboard-write; encrypted-media; gyroscope; picture-in-picture; web-share\" referrerpolicy=\"strict-origin-when-cross-origin\" allowfullscreen><\/iframe><\/p>\n<h2>Des restrictions qui rappellent le pass\u00e9<\/h2>\n<p>Les professeurs ont soulign\u00e9 que, bien qu&rsquo;aucun interdit de voyage n&rsquo;ait \u00e9t\u00e9 officiellement annonc\u00e9, des rapports cr\u00e9dibles indiquent qu&rsquo;une suspension des admissions pourrait \u00eatre imminente. Ils ont fait r\u00e9f\u00e9rence \u00e0 des mesures similaires prises en 2017, lorsque des pays avaient \u00e9t\u00e9 cibl\u00e9s par des restrictions s\u00e9v\u00e8res. L&rsquo;inqui\u00e9tude grandit parmi la communaut\u00e9 universitaire, qui se souvient des effets d\u00e9vastateurs de ces interdictions sur les \u00e9tudiants et les chercheurs.<\/p>\n<p>Des rapports r\u00e9cents de Reuters et du New York Times indiquent que l&rsquo;administration Trump envisage un nouvel interdit de voyage qui pourrait toucher jusqu&rsquo;\u00e0 43 pays. Parmi ces nations, 11 seraient confront\u00e9es \u00e0 une interdiction totale d&rsquo;entr\u00e9e sur le territoire am\u00e9ricain, soulevant des questions sur la politique migratoire actuelle.<\/p>\n<h2>Les implications d&rsquo;un nouveau ban sur la communaut\u00e9 universitaire<\/h2>\n<p>Les implications de cette possible interdiction vont au-del\u00e0 des \u00e9tudiants des pays cibl\u00e9s. Le courriel de Yale a alert\u00e9 tous les \u00e9tudiants \u00e9trangers et chercheurs sur la possibilit\u00e9 d&rsquo;un contr\u00f4le accru \u00e0 la fronti\u00e8re. Les professeurs ont averti que des questions concernant le soutien \u00e0 des causes palestiniennes pourraient \u00eatre pos\u00e9es par les agents des douanes, et que des visas pourraient \u00eatre annul\u00e9s en fonction des r\u00e9ponses fournies.<\/p>\n<p>Cette alerte s&rsquo;inscrit dans un contexte plus large, o\u00f9 plusieurs universit\u00e9s am\u00e9ricaines ont d\u00e9j\u00e0 conseill\u00e9 \u00e0 leurs \u00e9tudiants internationaux de revenir au campus avant l&rsquo;entr\u00e9e en fonction de Trump. Les cas r\u00e9cents de d\u00e9portations \u00e0 haut profil, comme celui de Dr Rasha Alawieh, ajoutent \u00e0 l&rsquo;anxi\u00e9t\u00e9 qui r\u00e8gne sur les campus.<\/p>\n<ul>\n<li>11 pays risquent une interdiction totale d&rsquo;entr\u00e9e.<\/li>\n<li>La communaut\u00e9 universitaire se mobilise face \u00e0 l&rsquo;incertitude.<\/li>\n<li>Les \u00e9tudiants doivent se pr\u00e9parer \u00e0 des questions intrusives aux fronti\u00e8res.<\/li>\n<li>Des cas de d\u00e9portations r\u00e9centes soul\u00e8vent des inqui\u00e9tudes.<\/li>\n<li>Les alertes de voyage de plusieurs universit\u00e9s renforcent la peur parmi les \u00e9tudiants.<\/li>\n<\/ul>\n<blockquote><p>\n    \u00ab\u00a0Nous ne pouvons pas vous conseiller sur la mani\u00e8re de r\u00e9pondre \u00e0 ces questions, mais vous devez \u00eatre pr\u00e9par\u00e9 \u00e0 y faire face,\u00a0\u00bb ont \u00e9crit les professeurs.\n<\/p><\/blockquote>\n<p>La situation actuelle met en lumi\u00e8re la vuln\u00e9rabilit\u00e9 des \u00e9tudiants \u00e9trangers face \u00e0 des d\u00e9cisions politiques. Les universit\u00e9s doivent jouer un r\u00f4le actif pour prot\u00e9ger leurs \u00e9tudiants et leur garantir un environnement d&rsquo;apprentissage s\u00fbr. L&rsquo;incertitude qui plane sur l&rsquo;avenir des \u00e9tudiants internationaux pourrait avoir des cons\u00e9quences durables sur l&rsquo;attractivit\u00e9 des \u00c9tats-Unis en tant que destination d&rsquo;\u00e9tudes.<\/p>\n","protected":false},"excerpt":{"rendered":"","protected":false},"author":34,"featured_media":19799,"comment_status":"open","ping_status":"open","sticky":false,"template":"","format":"standard","meta":{"_acf_changed":false,"manual_indexmenow":false,"indexmenow_id_project":0,"footnotes":""},"categories":[1],"tags":[4646,4636,5688,3170,5755],"class_list":["post-15336","post","type-post","status-publish","format-standard","has-post-thumbnail","hentry","category-a-la-une","tag-assistance","tag-destinations","tag-relations-internationales","tag-securite","tag-voyage-en-solo","generate-columns","tablet-grid-50","mobile-grid-100","grid-parent","grid-25"],"acf":[],"yoast_head":"<!-- This site is optimized with the Yoast SEO Premium plugin v21.3 (Yoast SEO v25.1) - https:\/\/yoast.com\/wordpress\/plugins\/seo\/ -->\n<title>Yale met en garde les \u00e9tudiants internationaux sur un<\/title>\n<meta name=\"description\" content=\"Une alerte inqui\u00e9tante pour les \u00e9tudiants internationaux Selon leurs informations, l&#039;administration Trump semble pr\u00eate \u00e0 mettre en \u0153uvre des restrictions\" \/>\n<meta name=\"robots\" content=\"index, follow, max-snippet:-1, max-image-preview:large, max-video-preview:-1\" \/>\n<link rel=\"canonical\" href=\"https:\/\/voyage-aventure.com\/blog\/a-la-une\/yale-met-en-garde-les-etudiants-internationaux-sur-un-eventuel-nouveau-ban-de-voyage\/\" \/>\n<meta property=\"og:locale\" content=\"fr_FR\" \/>\n<meta property=\"og:type\" content=\"article\" \/>\n<meta property=\"og:title\" content=\"Yale met en garde les \u00e9tudiants internationaux sur un\" \/>\n<meta property=\"og:description\" content=\"Une alerte inqui\u00e9tante pour les \u00e9tudiants internationaux Selon leurs informations, l&#039;administration Trump semble pr\u00eate \u00e0 mettre en \u0153uvre des restrictions\" \/>\n<meta property=\"og:url\" content=\"https:\/\/voyage-aventure.com\/blog\/a-la-une\/yale-met-en-garde-les-etudiants-internationaux-sur-un-eventuel-nouveau-ban-de-voyage\/\" \/>\n<meta property=\"og:site_name\" content=\"voyage-aventure\" \/>\n<meta property=\"og:image\" content=\"https:\/\/voyage-aventure.com\/blog\/wp-content\/uploads\/2025\/05\/sdxl-471a62fd7410ed251abd60cec550993d-scaled.png\" \/>\n\t<meta property=\"og:image:width\" content=\"1200\" \/>\n\t<meta property=\"og:image:height\" content=\"500\" \/>\n\t<meta property=\"og:image:type\" content=\"image\/png\" \/>\n<meta name=\"author\" content=\"Camille Rouvray\" \/>\n<meta name=\"twitter:card\" content=\"summary_large_image\" \/>\n<script type=\"application\/ld+json\" class=\"yoast-schema-graph\">{\"@context\":\"https:\/\/schema.org\",\"@graph\":[{\"@type\":\"NewsArticle\",\"@id\":\"https:\/\/voyage-aventure.com\/blog\/a-la-une\/yale-met-en-garde-les-etudiants-internationaux-sur-un-eventuel-nouveau-ban-de-voyage\/#article\",\"isPartOf\":{\"@id\":\"https:\/\/voyage-aventure.com\/blog\/a-la-une\/yale-met-en-garde-les-etudiants-internationaux-sur-un-eventuel-nouveau-ban-de-voyage\/\"},\"author\":{\"name\":\"Camille Rouvray\",\"@id\":\"https:\/\/voyage-aventure.com\/blog\/#\/schema\/person\/3c864cdc320801e3db34b663e7e3f816\"},\"headline\":\"Yale met en garde les \u00e9tudiants internationaux sur un \u00e9ventuel nouveau ban de voyage\",\"datePublished\":\"2025-03-17T18:42:30+00:00\",\"mainEntityOfPage\":{\"@id\":\"https:\/\/voyage-aventure.com\/blog\/a-la-une\/yale-met-en-garde-les-etudiants-internationaux-sur-un-eventuel-nouveau-ban-de-voyage\/\"},\"wordCount\":560,\"commentCount\":25,\"publisher\":{\"@id\":\"https:\/\/voyage-aventure.com\/blog\/#organization\"},\"image\":{\"@id\":\"https:\/\/voyage-aventure.com\/blog\/a-la-une\/yale-met-en-garde-les-etudiants-internationaux-sur-un-eventuel-nouveau-ban-de-voyage\/#primaryimage\"},\"thumbnailUrl\":\"https:\/\/voyage-aventure.com\/blog\/wp-content\/uploads\/2025\/05\/sdxl-471a62fd7410ed251abd60cec550993d-scaled.png\",\"keywords\":[\"Assistance\",\"Destinations\",\"Relations Internationales\",\"S\u00e9curit\u00e9\",\"Voyage en solo\"],\"articleSection\":[\"\u00c0 la une\"],\"inLanguage\":\"fr-FR\",\"potentialAction\":[{\"@type\":\"CommentAction\",\"name\":\"Comment\",\"target\":[\"https:\/\/voyage-aventure.com\/blog\/a-la-une\/yale-met-en-garde-les-etudiants-internationaux-sur-un-eventuel-nouveau-ban-de-voyage\/#respond\"]}]},{\"@type\":\"WebPage\",\"@id\":\"https:\/\/voyage-aventure.com\/blog\/a-la-une\/yale-met-en-garde-les-etudiants-internationaux-sur-un-eventuel-nouveau-ban-de-voyage\/\",\"url\":\"https:\/\/voyage-aventure.com\/blog\/a-la-une\/yale-met-en-garde-les-etudiants-internationaux-sur-un-eventuel-nouveau-ban-de-voyage\/\",\"name\":\"Yale met en garde les \u00e9tudiants internationaux sur un\",\"isPartOf\":{\"@id\":\"https:\/\/voyage-aventure.com\/blog\/#website\"},\"primaryImageOfPage\":{\"@id\":\"https:\/\/voyage-aventure.com\/blog\/a-la-une\/yale-met-en-garde-les-etudiants-internationaux-sur-un-eventuel-nouveau-ban-de-voyage\/#primaryimage\"},\"image\":{\"@id\":\"https:\/\/voyage-aventure.com\/blog\/a-la-une\/yale-met-en-garde-les-etudiants-internationaux-sur-un-eventuel-nouveau-ban-de-voyage\/#primaryimage\"},\"thumbnailUrl\":\"https:\/\/voyage-aventure.com\/blog\/wp-content\/uploads\/2025\/05\/sdxl-471a62fd7410ed251abd60cec550993d-scaled.png\",\"datePublished\":\"2025-03-17T18:42:30+00:00\",\"description\":\"Une alerte inqui\u00e9tante pour les \u00e9tudiants internationaux Selon leurs informations, l'administration Trump semble pr\u00eate \u00e0 mettre en \u0153uvre des restrictions\",\"inLanguage\":\"fr-FR\",\"potentialAction\":[{\"@type\":\"ReadAction\",\"target\":[\"https:\/\/voyage-aventure.com\/blog\/a-la-une\/yale-met-en-garde-les-etudiants-internationaux-sur-un-eventuel-nouveau-ban-de-voyage\/\"]}]},{\"@type\":\"ImageObject\",\"inLanguage\":\"fr-FR\",\"@id\":\"https:\/\/voyage-aventure.com\/blog\/a-la-une\/yale-met-en-garde-les-etudiants-internationaux-sur-un-eventuel-nouveau-ban-de-voyage\/#primaryimage\",\"url\":\"https:\/\/voyage-aventure.com\/blog\/wp-content\/uploads\/2025\/05\/sdxl-471a62fd7410ed251abd60cec550993d-scaled.png\",\"contentUrl\":\"https:\/\/voyage-aventure.com\/blog\/wp-content\/uploads\/2025\/05\/sdxl-471a62fd7410ed251abd60cec550993d-scaled.png\",\"width\":1200,\"height\":500},{\"@type\":\"WebSite\",\"@id\":\"https:\/\/voyage-aventure.com\/blog\/#website\",\"url\":\"https:\/\/voyage-aventure.com\/blog\/\",\"name\":\"voyage-aventure.com\",\"description\":\"Votre passeport pour l\u2019inattendu.\",\"publisher\":{\"@id\":\"https:\/\/voyage-aventure.com\/blog\/#organization\"},\"alternateName\":\"Votre passeport pour l\u2019inattendu.\",\"potentialAction\":[{\"@type\":\"SearchAction\",\"target\":{\"@type\":\"EntryPoint\",\"urlTemplate\":\"https:\/\/voyage-aventure.com\/blog\/?s={search_term_string}\"},\"query-input\":{\"@type\":\"PropertyValueSpecification\",\"valueRequired\":true,\"valueName\":\"search_term_string\"}}],\"inLanguage\":\"fr-FR\"},{\"@type\":\"Organization\",\"@id\":\"https:\/\/voyage-aventure.com\/blog\/#organization\",\"name\":\"Foretsensations.fr\",\"url\":\"https:\/\/voyage-aventure.com\/blog\/\",\"logo\":{\"@type\":\"ImageObject\",\"inLanguage\":\"fr-FR\",\"@id\":\"https:\/\/voyage-aventure.com\/blog\/#\/schema\/logo\/image\/\",\"url\":\"https:\/\/voyage-aventure.com\/blog\/wp-content\/uploads\/2024\/12\/19.png\",\"contentUrl\":\"https:\/\/voyage-aventure.com\/blog\/wp-content\/uploads\/2024\/12\/19.png\",\"width\":512,\"height\":512,\"caption\":\"Foretsensations.fr\"},\"image\":{\"@id\":\"https:\/\/voyage-aventure.com\/blog\/#\/schema\/logo\/image\/\"}},{\"@type\":\"Person\",\"@id\":\"https:\/\/voyage-aventure.com\/blog\/#\/schema\/person\/3c864cdc320801e3db34b663e7e3f816\",\"name\":\"Camille Rouvray\",\"image\":{\"@type\":\"ImageObject\",\"inLanguage\":\"fr-FR\",\"@id\":\"https:\/\/voyage-aventure.com\/blog\/#\/schema\/person\/image\/\",\"url\":\"https:\/\/voyage-aventure.com\/blog\/wp-content\/uploads\/2026\/06\/persona_camille-r-96x96.jpg\",\"contentUrl\":\"https:\/\/voyage-aventure.com\/blog\/wp-content\/uploads\/2026\/06\/persona_camille-r-96x96.jpg\",\"caption\":\"Camille Rouvray\"},\"description\":\"Je voyage et j'\u00e9cris sur le voyage depuis une douzaine d'ann\u00e9es, d'abord en tant que routarde au long cours, puis comme r\u00e9dactrice sp\u00e9cialis\u00e9e. Mon terrain de pr\u00e9dilection, ce sont les circuits organis\u00e9s et l'art de bien pr\u00e9parer un itin\u00e9raire : choix de la saison, dur\u00e9e r\u00e9aliste des \u00e9tapes, budget jour par jour, logement et transport sur place. J'aime aussi raconter les p\u00e9pites urbaines, ces adresses qu'on ne trouve pas dans les guides classiques. Avant de publier un dossier destination, je croise toujours plusieurs sources, je v\u00e9rifie les tarifs et les formalit\u00e9s d'entr\u00e9e \u00e0 jour, et je teste moi-m\u00eame quand je le peux. Mon angle reste pratique avant tout : aider le lecteur \u00e0 partir l'esprit tranquille, sans mauvaise surprise une fois sur place. Je m'attache \u00e0 distinguer le coup de c\u0153ur sinc\u00e8re du simple argument marketing.\",\"sameAs\":[\"https:\/\/camillerouvray.fr\/\"],\"url\":\"https:\/\/voyage-aventure.com\/blog\/auteur\/noname\/\"}]}<\/script>\n<!-- \/ Yoast SEO Premium plugin. -->","yoast_head_json":{"title":"Yale met en garde les \u00e9tudiants internationaux sur un","description":"Une alerte inqui\u00e9tante pour les \u00e9tudiants internationaux Selon leurs informations, l'administration Trump semble pr\u00eate \u00e0 mettre en \u0153uvre des restrictions","robots":{"index":"index","follow":"follow","max-snippet":"max-snippet:-1","max-image-preview":"max-image-preview:large","max-video-preview":"max-video-preview:-1"},"canonical":"https:\/\/voyage-aventure.com\/blog\/a-la-une\/yale-met-en-garde-les-etudiants-internationaux-sur-un-eventuel-nouveau-ban-de-voyage\/","og_locale":"fr_FR","og_type":"article","og_title":"Yale met en garde les \u00e9tudiants internationaux sur un","og_description":"Une alerte inqui\u00e9tante pour les \u00e9tudiants internationaux Selon leurs informations, l'administration Trump semble pr\u00eate \u00e0 mettre en \u0153uvre des restrictions","og_url":"https:\/\/voyage-aventure.com\/blog\/a-la-une\/yale-met-en-garde-les-etudiants-internationaux-sur-un-eventuel-nouveau-ban-de-voyage\/","og_site_name":"voyage-aventure","og_image":[{"width":1200,"height":500,"url":"https:\/\/voyage-aventure.com\/blog\/wp-content\/uploads\/2025\/05\/sdxl-471a62fd7410ed251abd60cec550993d-scaled.png","type":"image\/png"}],"author":"Camille Rouvray","twitter_card":"summary_large_image","schema":{"@context":"https:\/\/schema.org","@graph":[{"@type":"NewsArticle","@id":"https:\/\/voyage-aventure.com\/blog\/a-la-une\/yale-met-en-garde-les-etudiants-internationaux-sur-un-eventuel-nouveau-ban-de-voyage\/#article","isPartOf":{"@id":"https:\/\/voyage-aventure.com\/blog\/a-la-une\/yale-met-en-garde-les-etudiants-internationaux-sur-un-eventuel-nouveau-ban-de-voyage\/"},"author":{"name":"Camille Rouvray","@id":"https:\/\/voyage-aventure.com\/blog\/#\/schema\/person\/3c864cdc320801e3db34b663e7e3f816"},"headline":"Yale met en garde les \u00e9tudiants internationaux sur un \u00e9ventuel nouveau ban de voyage","datePublished":"2025-03-17T18:42:30+00:00","mainEntityOfPage":{"@id":"https:\/\/voyage-aventure.com\/blog\/a-la-une\/yale-met-en-garde-les-etudiants-internationaux-sur-un-eventuel-nouveau-ban-de-voyage\/"},"wordCount":560,"commentCount":25,"publisher":{"@id":"https:\/\/voyage-aventure.com\/blog\/#organization"},"image":{"@id":"https:\/\/voyage-aventure.com\/blog\/a-la-une\/yale-met-en-garde-les-etudiants-internationaux-sur-un-eventuel-nouveau-ban-de-voyage\/#primaryimage"},"thumbnailUrl":"https:\/\/voyage-aventure.com\/blog\/wp-content\/uploads\/2025\/05\/sdxl-471a62fd7410ed251abd60cec550993d-scaled.png","keywords":["Assistance","Destinations","Relations Internationales","S\u00e9curit\u00e9","Voyage en solo"],"articleSection":["\u00c0 la une"],"inLanguage":"fr-FR","potentialAction":[{"@type":"CommentAction","name":"Comment","target":["https:\/\/voyage-aventure.com\/blog\/a-la-une\/yale-met-en-garde-les-etudiants-internationaux-sur-un-eventuel-nouveau-ban-de-voyage\/#respond"]}]},{"@type":"WebPage","@id":"https:\/\/voyage-aventure.com\/blog\/a-la-une\/yale-met-en-garde-les-etudiants-internationaux-sur-un-eventuel-nouveau-ban-de-voyage\/","url":"https:\/\/voyage-aventure.com\/blog\/a-la-une\/yale-met-en-garde-les-etudiants-internationaux-sur-un-eventuel-nouveau-ban-de-voyage\/","name":"Yale met en garde les \u00e9tudiants internationaux sur un","isPartOf":{"@id":"https:\/\/voyage-aventure.com\/blog\/#website"},"primaryImageOfPage":{"@id":"https:\/\/voyage-aventure.com\/blog\/a-la-une\/yale-met-en-garde-les-etudiants-internationaux-sur-un-eventuel-nouveau-ban-de-voyage\/#primaryimage"},"image":{"@id":"https:\/\/voyage-aventure.com\/blog\/a-la-une\/yale-met-en-garde-les-etudiants-internationaux-sur-un-eventuel-nouveau-ban-de-voyage\/#primaryimage"},"thumbnailUrl":"https:\/\/voyage-aventure.com\/blog\/wp-content\/uploads\/2025\/05\/sdxl-471a62fd7410ed251abd60cec550993d-scaled.png","datePublished":"2025-03-17T18:42:30+00:00","description":"Une alerte inqui\u00e9tante pour les \u00e9tudiants internationaux Selon leurs informations, l'administration Trump semble pr\u00eate \u00e0 mettre en \u0153uvre des restrictions","inLanguage":"fr-FR","potentialAction":[{"@type":"ReadAction","target":["https:\/\/voyage-aventure.com\/blog\/a-la-une\/yale-met-en-garde-les-etudiants-internationaux-sur-un-eventuel-nouveau-ban-de-voyage\/"]}]},{"@type":"ImageObject","inLanguage":"fr-FR","@id":"https:\/\/voyage-aventure.com\/blog\/a-la-une\/yale-met-en-garde-les-etudiants-internationaux-sur-un-eventuel-nouveau-ban-de-voyage\/#primaryimage","url":"https:\/\/voyage-aventure.com\/blog\/wp-content\/uploads\/2025\/05\/sdxl-471a62fd7410ed251abd60cec550993d-scaled.png","contentUrl":"https:\/\/voyage-aventure.com\/blog\/wp-content\/uploads\/2025\/05\/sdxl-471a62fd7410ed251abd60cec550993d-scaled.png","width":1200,"height":500},{"@type":"WebSite","@id":"https:\/\/voyage-aventure.com\/blog\/#website","url":"https:\/\/voyage-aventure.com\/blog\/","name":"voyage-aventure.com","description":"Votre passeport pour l\u2019inattendu.","publisher":{"@id":"https:\/\/voyage-aventure.com\/blog\/#organization"},"alternateName":"Votre passeport pour l\u2019inattendu.","potentialAction":[{"@type":"SearchAction","target":{"@type":"EntryPoint","urlTemplate":"https:\/\/voyage-aventure.com\/blog\/?s={search_term_string}"},"query-input":{"@type":"PropertyValueSpecification","valueRequired":true,"valueName":"search_term_string"}}],"inLanguage":"fr-FR"},{"@type":"Organization","@id":"https:\/\/voyage-aventure.com\/blog\/#organization","name":"Foretsensations.fr","url":"https:\/\/voyage-aventure.com\/blog\/","logo":{"@type":"ImageObject","inLanguage":"fr-FR","@id":"https:\/\/voyage-aventure.com\/blog\/#\/schema\/logo\/image\/","url":"https:\/\/voyage-aventure.com\/blog\/wp-content\/uploads\/2024\/12\/19.png","contentUrl":"https:\/\/voyage-aventure.com\/blog\/wp-content\/uploads\/2024\/12\/19.png","width":512,"height":512,"caption":"Foretsensations.fr"},"image":{"@id":"https:\/\/voyage-aventure.com\/blog\/#\/schema\/logo\/image\/"}},{"@type":"Person","@id":"https:\/\/voyage-aventure.com\/blog\/#\/schema\/person\/3c864cdc320801e3db34b663e7e3f816","name":"Camille Rouvray","image":{"@type":"ImageObject","inLanguage":"fr-FR","@id":"https:\/\/voyage-aventure.com\/blog\/#\/schema\/person\/image\/","url":"https:\/\/voyage-aventure.com\/blog\/wp-content\/uploads\/2026\/06\/persona_camille-r-96x96.jpg","contentUrl":"https:\/\/voyage-aventure.com\/blog\/wp-content\/uploads\/2026\/06\/persona_camille-r-96x96.jpg","caption":"Camille Rouvray"},"description":"Je voyage et j'\u00e9cris sur le voyage depuis une douzaine d'ann\u00e9es, d'abord en tant que routarde au long cours, puis comme r\u00e9dactrice sp\u00e9cialis\u00e9e. Mon terrain de pr\u00e9dilection, ce sont les circuits organis\u00e9s et l'art de bien pr\u00e9parer un itin\u00e9raire : choix de la saison, dur\u00e9e r\u00e9aliste des \u00e9tapes, budget jour par jour, logement et transport sur place. J'aime aussi raconter les p\u00e9pites urbaines, ces adresses qu'on ne trouve pas dans les guides classiques. Avant de publier un dossier destination, je croise toujours plusieurs sources, je v\u00e9rifie les tarifs et les formalit\u00e9s d'entr\u00e9e \u00e0 jour, et je teste moi-m\u00eame quand je le peux. Mon angle reste pratique avant tout : aider le lecteur \u00e0 partir l'esprit tranquille, sans mauvaise surprise une fois sur place. Je m'attache \u00e0 distinguer le coup de c\u0153ur sinc\u00e8re du simple argument marketing.","sameAs":["https:\/\/camillerouvray.fr\/"],"url":"https:\/\/voyage-aventure.com\/blog\/auteur\/noname\/"}]}},"_links":{"self":[{"href":"https:\/\/voyage-aventure.com\/blog\/wp-json\/wp\/v2\/posts\/15336","targetHints":{"allow":["GET"]}}],"collection":[{"href":"https:\/\/voyage-aventure.com\/blog\/wp-json\/wp\/v2\/posts"}],"about":[{"href":"https:\/\/voyage-aventure.com\/blog\/wp-json\/wp\/v2\/types\/post"}],"author":[{"embeddable":true,"href":"https:\/\/voyage-aventure.com\/blog\/wp-json\/wp\/v2\/users\/34"}],"replies":[{"embeddable":true,"href":"https:\/\/voyage-aventure.com\/blog\/wp-json\/wp\/v2\/comments?post=15336"}],"version-history":[{"count":1,"href":"https:\/\/voyage-aventure.com\/blog\/wp-json\/wp\/v2\/posts\/15336\/revisions"}],"predecessor-version":[{"id":15360,"href":"https:\/\/voyage-aventure.com\/blog\/wp-json\/wp\/v2\/posts\/15336\/revisions\/15360"}],"wp:featuredmedia":[{"embeddable":true,"href":"https:\/\/voyage-aventure.com\/blog\/wp-json\/wp\/v2\/media\/19799"}],"wp:attachment":[{"href":"https:\/\/voyage-aventure.com\/blog\/wp-json\/wp\/v2\/media?parent=15336"}],"wp:term":[{"taxonomy":"category","embeddable":true,"href":"https:\/\/voyage-aventure.com\/blog\/wp-json\/wp\/v2\/categories?post=15336"},{"taxonomy":"post_tag","embeddable":true,"href":"https:\/\/voyage-aventure.com\/blog\/wp-json\/wp\/v2\/tags?post=15336"}],"curies":[{"name":"wp","href":"https:\/\/api.w.org\/{rel}","templated":true}]}}