{"id":15319,"date":"2026-06-16T17:13:47","date_gmt":"2026-06-16T15:13:47","guid":{"rendered":"https:\/\/voyage-aventure.com\/blog\/?p=15319"},"modified":"2026-06-16T17:13:47","modified_gmt":"2026-06-16T15:13:47","slug":"decouvrez-majorque-et-minorque-un-voyage-inoubliable-aux-baleares","status":"publish","type":"post","link":"https:\/\/voyage-aventure.com\/blog\/a-la-une\/decouvrez-majorque-et-minorque-un-voyage-inoubliable-aux-baleares\/","title":{"rendered":"D\u00e9couvrez Majorque et Minorque : un voyage inoubliable aux Bal\u00e9ares"},"content":{"rendered":"<link rel=\"stylesheet\" href=\"https:\/\/fonts.googleapis.com\/css2?family=Fraunces:opsz,wght@9..144,600;9..144,700;9..144,900&#038;family=Inter:wght@400;500;600&#038;family=JetBrains+Mono:wght@500&#038;display=swap\">\n<style>\n.va-baleares-wrap{font-family:'Inter',-apple-system,BlinkMacSystemFont,sans-serif;color:#22343a;line-height:1.68;font-size:17px;}\n.va-baleares-wrap h2{font-family:'Fraunces','Fraunces',serif;font-weight:900;color:#173238;font-size:clamp(25px,3.4vw,35px);letter-spacing:-.01em;line-height:1.18;margin:52px 0 18px;}\n.va-baleares-wrap h3{font-family:'Fraunces',serif;font-weight:700;color:#1d3a40;font-size:clamp(19px,2.2vw,23px);margin:30px 0 12px;letter-spacing:-.005em;}\n.va-baleares-wrap p{margin:0 0 18px;}\n.va-baleares-kicker{font-family:'JetBrains Mono',monospace;font-size:12px;font-weight:500;text-transform:uppercase;letter-spacing:3px;color:#c2643a;margin:0 0 10px;}\n.va-baleares-lead{font-size:20px;line-height:1.6;color:#2a4047;font-weight:500;margin:0 0 30px;}\n.va-baleares-answer{background:linear-gradient(180deg,#fbf4ef 0%,#f7ebe2 100%);border-left:5px solid #c2643a;border-radius:0 12px 12px 0;padding:26px 30px;margin:30px 0 40px;box-shadow:0 1px 2px rgba(23,50,56,.05),0 16px 34px -22px rgba(23,50,56,.35);}\n.va-baleares-answer .va-baleares-h{font-family:'JetBrains Mono',monospace;font-size:11px;font-weight:500;text-transform:uppercase;letter-spacing:2.6px;color:#c2643a;margin:0 0 16px;}\n.va-baleares-carnet{display:grid;grid-template-columns:repeat(auto-fit,minmax(190px,1fr));gap:14px;}\n.va-baleares-cell{background:#fff;border:1px solid #ecddd2;border-radius:10px;padding:16px 18px;}\n.va-baleares-cell .va-baleares-lab{font-family:'JetBrains Mono',monospace;font-size:10.5px;font-weight:500;text-transform:uppercase;letter-spacing:1.8px;color:#9a8576;margin-bottom:6px;}\n.va-baleares-cell .va-baleares-val{font-family:'Fraunces',serif;font-weight:700;color:#173238;font-size:16px;line-height:1.35;}\n.va-baleares-grid{display:grid;grid-template-columns:repeat(auto-fit,minmax(250px,1fr));gap:20px;margin:28px 0;}\n.va-baleares-card{background:#fff;border:1px solid #e8ddd4;border-top:3px solid #c2643a;border-radius:12px;padding:22px 24px;transition:.25s ease;box-shadow:0 1px 2px rgba(23,50,56,.05),0 14px 30px -20px rgba(23,50,56,.3);}\n.va-baleares-card:hover{transform:translateY(-3px);box-shadow:0 1px 2px rgba(23,50,56,.06),0 22px 40px -22px rgba(23,50,56,.4);border-top-color:#1f6f73;}\n.va-baleares-card .va-baleares-name{font-family:'Fraunces',serif;font-weight:700;color:#173238;font-size:19px;margin-bottom:8px;}\n.va-baleares-card .va-baleares-txt{color:#3c5158;font-size:15.5px;line-height:1.6;}\n.va-baleares-card .va-baleares-tip{margin-top:12px;font-family:'JetBrains Mono',monospace;font-size:12px;color:#1f6f73;letter-spacing:.3px;}\n.va-baleares-table{width:100%;border-collapse:collapse;margin:24px 0;border:1px solid #e8ddd4;border-radius:12px;overflow:hidden;font-size:15.5px;}\n.va-baleares-table th{background:#173238;color:#f7ebe2;font-family:'JetBrains Mono',monospace;font-size:11.5px;font-weight:500;text-transform:uppercase;letter-spacing:1.5px;text-align:left;padding:13px 16px;}\n.va-baleares-table td{padding:13px 16px;border-top:1px solid #eee2d8;color:#34474d;}\n.va-baleares-table tr:nth-child(even) td{background:#fbf6f1;}\n.va-baleares-quote{font-family:'Fraunces',serif;font-style:italic;font-weight:600;font-size:clamp(21px,2.8vw,28px);line-height:1.4;color:#173238;text-align:center;max-width:680px;margin:42px auto;padding:26px 24px;border-top:1px solid #d8c4b6;border-bottom:1px solid #d8c4b6;position:relative;}\n.va-baleares-retenir{background:#173238;border-radius:14px;padding:30px 32px;margin:44px 0;color:#eef3f2;}\n.va-baleares-retenir .va-baleares-h{font-family:'JetBrains Mono',monospace;font-size:11px;font-weight:500;text-transform:uppercase;letter-spacing:2.6px;color:#e8a87c;margin:0 0 18px;}\n.va-baleares-rgrid{display:grid;grid-template-columns:repeat(auto-fit,minmax(210px,1fr));gap:16px;}\n.va-baleares-ritem{border-left:3px solid #c2643a;padding-left:14px;}\n.va-baleares-ritem .va-baleares-rt{font-family:'Fraunces',serif;font-weight:700;font-size:15px;color:#fff;margin-bottom:4px;}\n.va-baleares-ritem .va-baleares-rd{font-size:14px;color:#bcc9c8;line-height:1.55;}\n.va-baleares-faq{margin:32px 0;}\n.va-baleares-faq details{border:1px solid #e8ddd4;border-radius:10px;margin-bottom:12px;background:#fff;overflow:hidden;transition:.25s ease;}\n.va-baleares-faq details:hover{border-color:#c2643a;}\n.va-baleares-faq summary{cursor:pointer;padding:17px 22px;font-family:'Fraunces',serif;font-weight:700;color:#173238;font-size:17px;list-style:none;}\n.va-baleares-faq summary::-webkit-details-marker{display:none;}\n.va-baleares-faq summary::before{content:\"+ \";color:#c2643a;font-family:'JetBrains Mono',monospace;font-weight:500;}\n.va-baleares-faq details[open] summary::before{content:\"\u2013 \";}\n.va-baleares-faq .va-baleares-a{padding:0 22px 20px;color:#3c5158;font-size:15.5px;line-height:1.65;}\n.va-baleares-list{margin:18px 0 24px;padding-left:0;list-style:none;}\n.va-baleares-list li{position:relative;padding:6px 0 6px 28px;border-bottom:1px solid #f0e7df;}\n.va-baleares-list li::before{content:\"\u203a\";position:absolute;left:6px;color:#c2643a;font-family:'Fraunces',serif;font-weight:700;}\n\/*RENDERFIX2*\/.va-baleares-table th{color:#eef3f9!important}.va-baleares-table th p,.va-baleares-table th li,.va-baleares-table th strong,.va-baleares-table th em,.va-baleares-table th a,.va-baleares-table th span,.va-baleares-table th b,.va-baleares-table th td,.va-baleares-table th th,.va-baleares-table th h2,.va-baleares-table th h3,.va-baleares-table th h4{color:#eef3f9!important}.va-baleares-table th strong,.va-baleares-table th b{color:#ffffff!important}.va-baleares-retenir{color:#eef3f9!important}.va-baleares-retenir p,.va-baleares-retenir li,.va-baleares-retenir strong,.va-baleares-retenir em,.va-baleares-retenir a,.va-baleares-retenir span,.va-baleares-retenir b,.va-baleares-retenir td,.va-baleares-retenir th,.va-baleares-retenir h2,.va-baleares-retenir h3,.va-baleares-retenir h4{color:#eef3f9!important}.va-baleares-retenir strong,.va-baleares-retenir b{color:#ffffff!important}<\/style>\n<div class=\"va-baleares-wrap\">\n<div class=\"va-baleares-kicker\">Bal\u00e9ares \u00b7 M\u00e9diterran\u00e9e<\/div>\n<p class=\"va-baleares-lead\">Majorque et Minorque, deux s\u0153urs des Bal\u00e9ares au temp\u00e9rament oppos\u00e9 : l&rsquo;une grande, vivante et spectaculaire, l&rsquo;autre discr\u00e8te, sauvage et pr\u00e9serv\u00e9e. Les visiter ensemble, c&rsquo;est go\u00fbter \u00e0 tout l&rsquo;\u00e9ventail m\u00e9diterran\u00e9en en un seul s\u00e9jour.<\/p>\n<div class=\"va-baleares-answer\">\n<div class=\"va-baleares-h\">Carnet pratique \u2014 l&rsquo;essentiel des deux \u00eeles<\/div>\n<div class=\"va-baleares-carnet\">\n<div class=\"va-baleares-cell\">\n<div class=\"va-baleares-lab\">Meilleure p\u00e9riode<\/div>\n<div class=\"va-baleares-val\">Du printemps \u00e0 l&rsquo;automne, pour la mer et la randonn\u00e9e<\/div>\n<\/div>\n<div class=\"va-baleares-cell\">\n<div class=\"va-baleares-lab\">Dur\u00e9e id\u00e9ale<\/div>\n<div class=\"va-baleares-val\">Une \u00e0 deux semaines pour combiner les deux \u00eeles<\/div>\n<\/div>\n<div class=\"va-baleares-cell\">\n<div class=\"va-baleares-lab\">Formule conseill\u00e9e<\/div>\n<div class=\"va-baleares-val\">S\u00e9jour combin\u00e9 vols + h\u00e9bergement + voiture de location<\/div>\n<\/div>\n<div class=\"va-baleares-cell\">\n<div class=\"va-baleares-lab\">Ambiance<\/div>\n<div class=\"va-baleares-val\">Majorque vibrante, Minorque calme et pr\u00e9serv\u00e9e<\/div>\n<\/div>\n<div class=\"va-baleares-cell\">\n<div class=\"va-baleares-lab\">Incontournables<\/div>\n<div class=\"va-baleares-val\">Serra de Tramuntana, criques de Minorque, villages de pierre<\/div>\n<\/div>\n<\/div>\n<\/div>\n<p>Au c\u0153ur de la M\u00e9diterran\u00e9e, l&rsquo;archipel des Bal\u00e9ares aligne des \u00eeles qui ne se ressemblent pas. Majorque et Minorque en sont les deux visages les plus compl\u00e9mentaires : on passe des montagnes class\u00e9es par l&rsquo;UNESCO aux criques confidentielles, des march\u00e9s anim\u00e9s aux sentiers arch\u00e9ologiques. C&rsquo;est pr\u00e9cis\u00e9ment ce contraste qui rend le voyage si riche. Voici comment profiter de chacune, puis les combiner.<\/p>\n<h2>Les merveilles de Majorque<\/h2>\n<p>Majorque, la plus grande des \u00eeles Bal\u00e9ares, est un v\u00e9ritable tr\u00e9sor de paysages et d&rsquo;activit\u00e9s. Ses plages aux eaux turquoise, comme celles de Cala Millor ou de Cala d&rsquo;Or, attirent les amateurs de soleil et de baignade. Cette \u00eele offre \u00e9galement des montagnes majestueuses, notamment la Serra de Tramuntana, class\u00e9e au patrimoine mondial de l&rsquo;UNESCO, o\u00f9 les amoureux de la randonn\u00e9e trouveront leur bonheur.<\/p>\n<p>Les villages pittoresques de Majorque ajoutent au charme de l&rsquo;\u00eele. Des endroits comme Valldemossa et Dei\u00e0, avec leurs ruelles pav\u00e9es et leurs maisons en pierre, invitent \u00e0 la fl\u00e2nerie. En explorant ces villages, vous d\u00e9couvrirez la culture locale et la gastronomie, notamment l&rsquo;ensaimada, une p\u00e2tisserie embl\u00e9matique de l&rsquo;\u00eele.<\/p>\n<h3>Que faire \u00e0 Majorque : les temps forts<\/h3>\n<div class=\"va-baleares-grid\">\n<div class=\"va-baleares-card\">\n<div class=\"va-baleares-name\">Les plages turquoise<\/div>\n<div class=\"va-baleares-txt\">Cala Millor et Cala d&rsquo;Or, deux criques aux eaux limpides id\u00e9ales pour la baignade et le farniente.<\/div>\n<div class=\"va-baleares-tip\">Pour : soleil &#038; baignade<\/div>\n<\/div>\n<div class=\"va-baleares-card\">\n<div class=\"va-baleares-name\">La Serra de Tramuntana<\/div>\n<div class=\"va-baleares-txt\">Une cha\u00eene de montagnes majestueuse class\u00e9e au patrimoine mondial de l&rsquo;UNESCO, paradis des randonneurs.<\/div>\n<div class=\"va-baleares-tip\">Pour : randonn\u00e9e &#038; panoramas<\/div>\n<\/div>\n<div class=\"va-baleares-card\">\n<div class=\"va-baleares-name\">Valldemossa &#038; Dei\u00e0<\/div>\n<div class=\"va-baleares-txt\">Des villages de pierre aux ruelles pav\u00e9es qui invitent \u00e0 la fl\u00e2nerie et \u00e0 la d\u00e9couverte de la culture locale.<\/div>\n<div class=\"va-baleares-tip\">Pour : patrimoine &#038; fl\u00e2nerie<\/div>\n<\/div>\n<div class=\"va-baleares-card\">\n<div class=\"va-baleares-name\">La gastronomie locale<\/div>\n<div class=\"va-baleares-txt\">Go\u00fbtez l&rsquo;ensaimada, la p\u00e2tisserie embl\u00e9matique de l&rsquo;\u00eele, sur les march\u00e9s et dans les villages.<\/div>\n<div class=\"va-baleares-tip\">Pour : gourmands<\/div>\n<\/div>\n<\/div>\n<p><iframe loading=\"lazy\" title=\"Majorque ou Minorque ? Quelle est la plus belles de deux \u00eeles ?\" width=\"1200\" height=\"675\" src=\"https:\/\/www.youtube.com\/embed\/A-1mQXCQ80Q?feature=oembed\" frameborder=\"0\" allow=\"accelerometer; autoplay; clipboard-write; encrypted-media; gyroscope; picture-in-picture; web-share\" referrerpolicy=\"strict-origin-when-cross-origin\" allowfullscreen><\/iframe><\/p>\n<h2>Minorque, la perle sauvage<\/h2>\n<p>Minorque, plus calme et pr\u00e9serv\u00e9e que sa voisine Majorque, s\u00e9duit par ses paysages naturels \u00e9poustouflants. Les plages de l&rsquo;\u00eele, comme celles de Cala Pregonda et Cala Mitjana, sont souvent moins fr\u00e9quent\u00e9es et offrent un cadre idyllique pour se d\u00e9tendre. Minorque est \u00e9galement reconnue pour ses sentiers de randonn\u00e9e qui traversent des sites arch\u00e9ologiques fascinants, t\u00e9moignant d&rsquo;une histoire riche.<\/p>\n<p>La biodiversit\u00e9 de Minorque est \u00e0 couper le souffle. Les parcs naturels, comme le Parc Naturel de s&rsquo;Albufera des Grau, abritent une faune unique et des paysages vari\u00e9s. Les amoureux de la nature appr\u00e9cieront les nombreuses activit\u00e9s de plein air, telles que le kayak, qui permettent d&rsquo;explorer les criques isol\u00e9es et les c\u00f4tes escarp\u00e9es.<\/p>\n<h3>Que faire \u00e0 Minorque : nature et criques<\/h3>\n<div class=\"va-baleares-grid\">\n<div class=\"va-baleares-card\">\n<div class=\"va-baleares-name\">Cala Pregonda &#038; Cala Mitjana<\/div>\n<div class=\"va-baleares-txt\">Des plages souvent moins fr\u00e9quent\u00e9es, un cadre idyllique pour se d\u00e9tendre loin de la foule.<\/div>\n<div class=\"va-baleares-tip\">Pour : tranquillit\u00e9<\/div>\n<\/div>\n<div class=\"va-baleares-card\">\n<div class=\"va-baleares-name\">Les sentiers arch\u00e9ologiques<\/div>\n<div class=\"va-baleares-txt\">Des chemins de randonn\u00e9e qui traversent des sites t\u00e9moignant de l&rsquo;histoire riche de l&rsquo;\u00eele.<\/div>\n<div class=\"va-baleares-tip\">Pour : marche &#038; histoire<\/div>\n<\/div>\n<div class=\"va-baleares-card\">\n<div class=\"va-baleares-name\">Parc Naturel de s&rsquo;Albufera des Grau<\/div>\n<div class=\"va-baleares-txt\">Un parc \u00e0 la biodiversit\u00e9 saisissante, abritant une faune unique et des paysages vari\u00e9s.<\/div>\n<div class=\"va-baleares-tip\">Pour : nature<\/div>\n<\/div>\n<div class=\"va-baleares-card\">\n<div class=\"va-baleares-name\">Le kayak en mer<\/div>\n<div class=\"va-baleares-txt\">Explorez les criques isol\u00e9es et les c\u00f4tes escarp\u00e9es au fil de l&rsquo;eau, \u00e0 votre rythme.<\/div>\n<div class=\"va-baleares-tip\">Pour : aventure douce<\/div>\n<\/div>\n<\/div>\n<h3>Majorque ou Minorque : laquelle pour vous ?<\/h3>\n<table class=\"va-baleares-table\">\n<tr>\n<th>Si vous cherchez\u2026<\/th>\n<th>Majorque<\/th>\n<th>Minorque<\/th>\n<\/tr>\n<tr>\n<td>Ambiance<\/td>\n<td>Vivante, vari\u00e9e, anim\u00e9e<\/td>\n<td>Calme, sauvage, pr\u00e9serv\u00e9e<\/td>\n<\/tr>\n<tr>\n<td>Paysages phares<\/td>\n<td>Montagnes de la Serra de Tramuntana<\/td>\n<td>Criques isol\u00e9es et parcs naturels<\/td>\n<\/tr>\n<tr>\n<td>Id\u00e9al pour<\/td>\n<td>Randonn\u00e9e, villages, gastronomie<\/td>\n<td>Nature, d\u00e9tente, kayak<\/td>\n<\/tr>\n<tr>\n<td>Affluence<\/td>\n<td>Plus fr\u00e9quent\u00e9e<\/td>\n<td>Souvent moins fr\u00e9quent\u00e9e<\/td>\n<\/tr>\n<\/table>\n<h2>Un s\u00e9jour combin\u00e9 inoubliable<\/h2>\n<p>Opter pour un s\u00e9jour combin\u00e9 \u00e0 Majorque et Minorque est une excellente mani\u00e8re de d\u00e9couvrir le meilleur des Bal\u00e9ares. Avec des offres incluant vols, h\u00e9bergement et voiture de location, vous b\u00e9n\u00e9ficiez d&rsquo;une libert\u00e9 totale pour explorer les deux \u00eeles \u00e0 votre rythme. Que vous soyez en couple, entre amis ou en famille, cette aventure promet des souvenirs m\u00e9morables.<\/p>\n<p>Les activit\u00e9s ne manquent pas dans ce coin de paradis. Voici quelques suggestions pour profiter pleinement de votre s\u00e9jour :<\/p>\n<ul class=\"va-baleares-list\">\n<li>Visitez la cath\u00e9drale de Palma \u00e0 Majorque<\/li>\n<li>D\u00e9couvrez les fonds marins en snorkeling \u00e0 Minorque<\/li>\n<li>Profitez des march\u00e9s locaux pour go\u00fbter aux sp\u00e9cialit\u00e9s<\/li>\n<li>Faites une randonn\u00e9e dans la Serra de Tramuntana<\/li>\n<li>Explorez les villages typiques et leurs artisans<\/li>\n<\/ul>\n<div class=\"va-baleares-quote\">\u00ab Voyager \u00e0 Majorque et Minorque, c&rsquo;est comme plonger dans un tableau vivant, o\u00f9 chaque paysage raconte une histoire. \u00bb<\/div>\n<p>Ce voyage vous comblera par ses paysages vari\u00e9s, ses activit\u00e9s riches et sa culture fascinante. Que vous souhaitiez vous d\u00e9tendre sur une plage ou d\u00e9couvrir des sites historiques, Majorque et Minorque s&rsquo;adaptent \u00e0 toutes vos envies. Pr\u00e9parez-vous \u00e0 vivre une aventure inoubliable dans ce coin de paradis m\u00e9diterran\u00e9en.<\/p>\n<div class=\"va-baleares-retenir\">\n<div class=\"va-baleares-h\">\u00c0 retenir<\/div>\n<div class=\"va-baleares-rgrid\">\n<div class=\"va-baleares-ritem\">\n<div class=\"va-baleares-rt\">Deux temp\u00e9raments<\/div>\n<div class=\"va-baleares-rd\">Majorque vibrante et spectaculaire, Minorque calme et sauvage : un duo compl\u00e9mentaire.<\/div>\n<\/div>\n<div class=\"va-baleares-ritem\">\n<div class=\"va-baleares-rt\">Le combin\u00e9 gagnant<\/div>\n<div class=\"va-baleares-rd\">Une formule vols + h\u00e9bergement + voiture pour explorer les deux \u00eeles librement.<\/div>\n<\/div>\n<div class=\"va-baleares-ritem\">\n<div class=\"va-baleares-rt\">C\u00f4t\u00e9 Majorque<\/div>\n<div class=\"va-baleares-rd\">Serra de Tramuntana, villages de pierre, plages turquoise et ensaimada.<\/div>\n<\/div>\n<div class=\"va-baleares-ritem\">\n<div class=\"va-baleares-rt\">C\u00f4t\u00e9 Minorque<\/div>\n<div class=\"va-baleares-rd\">Criques confidentielles, sites arch\u00e9ologiques, kayak et parcs naturels.<\/div>\n<\/div>\n<\/div>\n<\/div>\n<div class=\"va-baleares-faq\">\n<details>\n<summary>Quel est le plus bel endroit de Minorque ?<\/summary>\n<div class=\"va-baleares-a\">Les avis varient, mais les criques sauvages comme Cala Pregonda et Cala Mitjana, ainsi que le Parc Naturel de s&rsquo;Albufera des Grau, figurent parmi les paysages les plus saisissants de l&rsquo;\u00eele. L&rsquo;id\u00e9al est d&rsquo;en explorer plusieurs pour trouver votre coup de c\u0153ur.<\/div>\n<\/details>\n<details>\n<summary>Comment se d\u00e9placer entre Majorque et Minorque ?<\/summary>\n<div class=\"va-baleares-a\">Sur place, une voiture de location offre la plus grande libert\u00e9 pour explorer les criques, villages et sentiers \u00e0 votre rythme \u2014 c&rsquo;est d&rsquo;ailleurs ce que proposent la plupart des formules de s\u00e9jour combin\u00e9. Renseignez-vous directement aupr\u00e8s des compagnies pour les liaisons entre les deux \u00eeles.<\/div>\n<\/details>\n<details>\n<summary>Quelle partie de Minorque visiter en priorit\u00e9 ?<\/summary>\n<div class=\"va-baleares-a\">Cela d\u00e9pend de vos envies : le littoral pour ses criques pr\u00e9serv\u00e9es et la baignade, l&rsquo;int\u00e9rieur et ses sentiers pour la randonn\u00e9e et les sites arch\u00e9ologiques, et les parcs naturels pour la faune et la nature. Minorque \u00e9tant compacte, on peut combiner plusieurs ambiances en une semaine.<\/div>\n<\/details>\n<details>\n<summary>Une semaine suffit-elle pour visiter les Bal\u00e9ares ?<\/summary>\n<div class=\"va-baleares-a\">Une semaine permet d\u00e9j\u00e0 de bien d\u00e9couvrir une \u00eele ou de go\u00fbter aux deux en restant s\u00e9lectif. Pour profiter pleinement de Majorque et Minorque ensemble \u2014 plages, randonn\u00e9es, villages et culture \u2014 comptez plut\u00f4t une \u00e0 deux semaines, au rythme qui vous convient.<\/div>\n<\/details>\n<\/div>\n<\/div>\n","protected":false},"excerpt":{"rendered":"","protected":false},"author":34,"featured_media":20583,"comment_status":"open","ping_status":"open","sticky":false,"template":"","format":"standard","meta":{"_acf_changed":false,"manual_indexmenow":false,"indexmenow_id_project":0,"footnotes":""},"categories":[1],"tags":[4542,4527,4530,4535,4528],"class_list":["post-15319","post","type-post","status-publish","format-standard","has-post-thumbnail","hentry","category-a-la-une","tag-activites-de-plein-air","tag-decouverte-culturelle","tag-escapade-en-europe","tag-gastronomie-locale","tag-hebergement-abordable","generate-columns","tablet-grid-50","mobile-grid-100","grid-parent","grid-25"],"acf":[],"yoast_head":"<!-- This site is optimized with the Yoast SEO Premium plugin v21.3 (Yoast SEO v25.1) - https:\/\/yoast.com\/wordpress\/plugins\/seo\/ -->\n<title>D\u00e9couvrez Majorque et Minorque : un voyage inoubliable aux<\/title>\n<meta name=\"description\" content=\"Majorque et Minorque, deux s\u0153urs des Bal\u00e9ares au temp\u00e9rament oppos\u00e9 : l&#039;une grande, vivante et spectaculaire, l&#039;autre discr\u00e8te, sauvage et pr\u00e9serv\u00e9e. Les\" \/>\n<meta name=\"robots\" content=\"index, follow, max-snippet:-1, max-image-preview:large, max-video-preview:-1\" \/>\n<link rel=\"canonical\" href=\"https:\/\/voyage-aventure.com\/blog\/a-la-une\/decouvrez-majorque-et-minorque-un-voyage-inoubliable-aux-baleares\/\" \/>\n<meta property=\"og:locale\" content=\"fr_FR\" \/>\n<meta property=\"og:type\" content=\"article\" \/>\n<meta property=\"og:title\" content=\"D\u00e9couvrez Majorque et Minorque : un voyage inoubliable aux\" \/>\n<meta property=\"og:description\" content=\"Majorque et Minorque, deux s\u0153urs des Bal\u00e9ares au temp\u00e9rament oppos\u00e9 : l&#039;une grande, vivante et spectaculaire, l&#039;autre discr\u00e8te, sauvage et pr\u00e9serv\u00e9e. Les\" \/>\n<meta property=\"og:url\" content=\"https:\/\/voyage-aventure.com\/blog\/a-la-une\/decouvrez-majorque-et-minorque-un-voyage-inoubliable-aux-baleares\/\" \/>\n<meta property=\"og:site_name\" content=\"voyage-aventure\" \/>\n<meta property=\"og:image\" content=\"https:\/\/voyage-aventure.com\/blog\/wp-content\/uploads\/2025\/05\/sdxl-79601d773814153fb4b135d7723e10a1-scaled.png\" \/>\n\t<meta property=\"og:image:width\" content=\"1200\" \/>\n\t<meta property=\"og:image:height\" content=\"500\" \/>\n\t<meta property=\"og:image:type\" content=\"image\/png\" \/>\n<meta name=\"author\" content=\"Camille Rouvray\" \/>\n<meta name=\"twitter:card\" content=\"summary_large_image\" \/>\n<script type=\"application\/ld+json\" class=\"yoast-schema-graph\">{\"@context\":\"https:\/\/schema.org\",\"@graph\":[{\"@type\":\"NewsArticle\",\"@id\":\"https:\/\/voyage-aventure.com\/blog\/a-la-une\/decouvrez-majorque-et-minorque-un-voyage-inoubliable-aux-baleares\/#article\",\"isPartOf\":{\"@id\":\"https:\/\/voyage-aventure.com\/blog\/a-la-une\/decouvrez-majorque-et-minorque-un-voyage-inoubliable-aux-baleares\/\"},\"author\":{\"name\":\"Camille Rouvray\",\"@id\":\"https:\/\/voyage-aventure.com\/blog\/#\/schema\/person\/3c864cdc320801e3db34b663e7e3f816\"},\"headline\":\"D\u00e9couvrez Majorque et Minorque : un voyage inoubliable aux Bal\u00e9ares\",\"datePublished\":\"2026-06-16T15:13:47+00:00\",\"mainEntityOfPage\":{\"@id\":\"https:\/\/voyage-aventure.com\/blog\/a-la-une\/decouvrez-majorque-et-minorque-un-voyage-inoubliable-aux-baleares\/\"},\"wordCount\":1229,\"commentCount\":24,\"publisher\":{\"@id\":\"https:\/\/voyage-aventure.com\/blog\/#organization\"},\"image\":{\"@id\":\"https:\/\/voyage-aventure.com\/blog\/a-la-une\/decouvrez-majorque-et-minorque-un-voyage-inoubliable-aux-baleares\/#primaryimage\"},\"thumbnailUrl\":\"https:\/\/voyage-aventure.com\/blog\/wp-content\/uploads\/2025\/05\/sdxl-79601d773814153fb4b135d7723e10a1-scaled.png\",\"keywords\":[\"Activit\u00e9s de Plein Air\",\"D\u00e9couverte Culturelle\",\"Escapade en Europe\",\"Gastronomie Locale\",\"H\u00e9bergement Abordable\"],\"articleSection\":[\"\u00c0 la une\"],\"inLanguage\":\"fr-FR\",\"potentialAction\":[{\"@type\":\"CommentAction\",\"name\":\"Comment\",\"target\":[\"https:\/\/voyage-aventure.com\/blog\/a-la-une\/decouvrez-majorque-et-minorque-un-voyage-inoubliable-aux-baleares\/#respond\"]}]},{\"@type\":\"WebPage\",\"@id\":\"https:\/\/voyage-aventure.com\/blog\/a-la-une\/decouvrez-majorque-et-minorque-un-voyage-inoubliable-aux-baleares\/\",\"url\":\"https:\/\/voyage-aventure.com\/blog\/a-la-une\/decouvrez-majorque-et-minorque-un-voyage-inoubliable-aux-baleares\/\",\"name\":\"D\u00e9couvrez Majorque et Minorque : un voyage inoubliable aux\",\"isPartOf\":{\"@id\":\"https:\/\/voyage-aventure.com\/blog\/#website\"},\"primaryImageOfPage\":{\"@id\":\"https:\/\/voyage-aventure.com\/blog\/a-la-une\/decouvrez-majorque-et-minorque-un-voyage-inoubliable-aux-baleares\/#primaryimage\"},\"image\":{\"@id\":\"https:\/\/voyage-aventure.com\/blog\/a-la-une\/decouvrez-majorque-et-minorque-un-voyage-inoubliable-aux-baleares\/#primaryimage\"},\"thumbnailUrl\":\"https:\/\/voyage-aventure.com\/blog\/wp-content\/uploads\/2025\/05\/sdxl-79601d773814153fb4b135d7723e10a1-scaled.png\",\"datePublished\":\"2026-06-16T15:13:47+00:00\",\"description\":\"Majorque et Minorque, deux s\u0153urs des Bal\u00e9ares au temp\u00e9rament oppos\u00e9 : l'une grande, vivante et spectaculaire, l'autre discr\u00e8te, sauvage et pr\u00e9serv\u00e9e. Les\",\"inLanguage\":\"fr-FR\",\"potentialAction\":[{\"@type\":\"ReadAction\",\"target\":[\"https:\/\/voyage-aventure.com\/blog\/a-la-une\/decouvrez-majorque-et-minorque-un-voyage-inoubliable-aux-baleares\/\"]}]},{\"@type\":\"ImageObject\",\"inLanguage\":\"fr-FR\",\"@id\":\"https:\/\/voyage-aventure.com\/blog\/a-la-une\/decouvrez-majorque-et-minorque-un-voyage-inoubliable-aux-baleares\/#primaryimage\",\"url\":\"https:\/\/voyage-aventure.com\/blog\/wp-content\/uploads\/2025\/05\/sdxl-79601d773814153fb4b135d7723e10a1-scaled.png\",\"contentUrl\":\"https:\/\/voyage-aventure.com\/blog\/wp-content\/uploads\/2025\/05\/sdxl-79601d773814153fb4b135d7723e10a1-scaled.png\",\"width\":1200,\"height\":500},{\"@type\":\"WebSite\",\"@id\":\"https:\/\/voyage-aventure.com\/blog\/#website\",\"url\":\"https:\/\/voyage-aventure.com\/blog\/\",\"name\":\"voyage-aventure.com\",\"description\":\"Votre passeport pour l\u2019inattendu.\",\"publisher\":{\"@id\":\"https:\/\/voyage-aventure.com\/blog\/#organization\"},\"alternateName\":\"Votre passeport pour l\u2019inattendu.\",\"potentialAction\":[{\"@type\":\"SearchAction\",\"target\":{\"@type\":\"EntryPoint\",\"urlTemplate\":\"https:\/\/voyage-aventure.com\/blog\/?s={search_term_string}\"},\"query-input\":{\"@type\":\"PropertyValueSpecification\",\"valueRequired\":true,\"valueName\":\"search_term_string\"}}],\"inLanguage\":\"fr-FR\"},{\"@type\":\"Organization\",\"@id\":\"https:\/\/voyage-aventure.com\/blog\/#organization\",\"name\":\"Foretsensations.fr\",\"url\":\"https:\/\/voyage-aventure.com\/blog\/\",\"logo\":{\"@type\":\"ImageObject\",\"inLanguage\":\"fr-FR\",\"@id\":\"https:\/\/voyage-aventure.com\/blog\/#\/schema\/logo\/image\/\",\"url\":\"https:\/\/voyage-aventure.com\/blog\/wp-content\/uploads\/2024\/12\/19.png\",\"contentUrl\":\"https:\/\/voyage-aventure.com\/blog\/wp-content\/uploads\/2024\/12\/19.png\",\"width\":512,\"height\":512,\"caption\":\"Foretsensations.fr\"},\"image\":{\"@id\":\"https:\/\/voyage-aventure.com\/blog\/#\/schema\/logo\/image\/\"}},{\"@type\":\"Person\",\"@id\":\"https:\/\/voyage-aventure.com\/blog\/#\/schema\/person\/3c864cdc320801e3db34b663e7e3f816\",\"name\":\"Camille Rouvray\",\"image\":{\"@type\":\"ImageObject\",\"inLanguage\":\"fr-FR\",\"@id\":\"https:\/\/voyage-aventure.com\/blog\/#\/schema\/person\/image\/\",\"url\":\"https:\/\/voyage-aventure.com\/blog\/wp-content\/uploads\/2026\/06\/persona_camille-r-96x96.jpg\",\"contentUrl\":\"https:\/\/voyage-aventure.com\/blog\/wp-content\/uploads\/2026\/06\/persona_camille-r-96x96.jpg\",\"caption\":\"Camille Rouvray\"},\"description\":\"Je voyage et j'\u00e9cris sur le voyage depuis une douzaine d'ann\u00e9es, d'abord en tant que routarde au long cours, puis comme r\u00e9dactrice sp\u00e9cialis\u00e9e. Mon terrain de pr\u00e9dilection, ce sont les circuits organis\u00e9s et l'art de bien pr\u00e9parer un itin\u00e9raire : choix de la saison, dur\u00e9e r\u00e9aliste des \u00e9tapes, budget jour par jour, logement et transport sur place. J'aime aussi raconter les p\u00e9pites urbaines, ces adresses qu'on ne trouve pas dans les guides classiques. Avant de publier un dossier destination, je croise toujours plusieurs sources, je v\u00e9rifie les tarifs et les formalit\u00e9s d'entr\u00e9e \u00e0 jour, et je teste moi-m\u00eame quand je le peux. Mon angle reste pratique avant tout : aider le lecteur \u00e0 partir l'esprit tranquille, sans mauvaise surprise une fois sur place. Je m'attache \u00e0 distinguer le coup de c\u0153ur sinc\u00e8re du simple argument marketing.\",\"sameAs\":[\"https:\/\/camillerouvray.fr\/\"],\"url\":\"https:\/\/voyage-aventure.com\/blog\/auteur\/noname\/\"}]}<\/script>\n<!-- \/ Yoast SEO Premium plugin. -->","yoast_head_json":{"title":"D\u00e9couvrez Majorque et Minorque : un voyage inoubliable aux","description":"Majorque et Minorque, deux s\u0153urs des Bal\u00e9ares au temp\u00e9rament oppos\u00e9 : l'une grande, vivante et spectaculaire, l'autre discr\u00e8te, sauvage et pr\u00e9serv\u00e9e. Les","robots":{"index":"index","follow":"follow","max-snippet":"max-snippet:-1","max-image-preview":"max-image-preview:large","max-video-preview":"max-video-preview:-1"},"canonical":"https:\/\/voyage-aventure.com\/blog\/a-la-une\/decouvrez-majorque-et-minorque-un-voyage-inoubliable-aux-baleares\/","og_locale":"fr_FR","og_type":"article","og_title":"D\u00e9couvrez Majorque et Minorque : un voyage inoubliable aux","og_description":"Majorque et Minorque, deux s\u0153urs des Bal\u00e9ares au temp\u00e9rament oppos\u00e9 : l'une grande, vivante et spectaculaire, l'autre discr\u00e8te, sauvage et pr\u00e9serv\u00e9e. Les","og_url":"https:\/\/voyage-aventure.com\/blog\/a-la-une\/decouvrez-majorque-et-minorque-un-voyage-inoubliable-aux-baleares\/","og_site_name":"voyage-aventure","og_image":[{"width":1200,"height":500,"url":"https:\/\/voyage-aventure.com\/blog\/wp-content\/uploads\/2025\/05\/sdxl-79601d773814153fb4b135d7723e10a1-scaled.png","type":"image\/png"}],"author":"Camille Rouvray","twitter_card":"summary_large_image","schema":{"@context":"https:\/\/schema.org","@graph":[{"@type":"NewsArticle","@id":"https:\/\/voyage-aventure.com\/blog\/a-la-une\/decouvrez-majorque-et-minorque-un-voyage-inoubliable-aux-baleares\/#article","isPartOf":{"@id":"https:\/\/voyage-aventure.com\/blog\/a-la-une\/decouvrez-majorque-et-minorque-un-voyage-inoubliable-aux-baleares\/"},"author":{"name":"Camille Rouvray","@id":"https:\/\/voyage-aventure.com\/blog\/#\/schema\/person\/3c864cdc320801e3db34b663e7e3f816"},"headline":"D\u00e9couvrez Majorque et Minorque : un voyage inoubliable aux Bal\u00e9ares","datePublished":"2026-06-16T15:13:47+00:00","mainEntityOfPage":{"@id":"https:\/\/voyage-aventure.com\/blog\/a-la-une\/decouvrez-majorque-et-minorque-un-voyage-inoubliable-aux-baleares\/"},"wordCount":1229,"commentCount":24,"publisher":{"@id":"https:\/\/voyage-aventure.com\/blog\/#organization"},"image":{"@id":"https:\/\/voyage-aventure.com\/blog\/a-la-une\/decouvrez-majorque-et-minorque-un-voyage-inoubliable-aux-baleares\/#primaryimage"},"thumbnailUrl":"https:\/\/voyage-aventure.com\/blog\/wp-content\/uploads\/2025\/05\/sdxl-79601d773814153fb4b135d7723e10a1-scaled.png","keywords":["Activit\u00e9s de Plein Air","D\u00e9couverte Culturelle","Escapade en Europe","Gastronomie Locale","H\u00e9bergement Abordable"],"articleSection":["\u00c0 la une"],"inLanguage":"fr-FR","potentialAction":[{"@type":"CommentAction","name":"Comment","target":["https:\/\/voyage-aventure.com\/blog\/a-la-une\/decouvrez-majorque-et-minorque-un-voyage-inoubliable-aux-baleares\/#respond"]}]},{"@type":"WebPage","@id":"https:\/\/voyage-aventure.com\/blog\/a-la-une\/decouvrez-majorque-et-minorque-un-voyage-inoubliable-aux-baleares\/","url":"https:\/\/voyage-aventure.com\/blog\/a-la-une\/decouvrez-majorque-et-minorque-un-voyage-inoubliable-aux-baleares\/","name":"D\u00e9couvrez Majorque et Minorque : un voyage inoubliable aux","isPartOf":{"@id":"https:\/\/voyage-aventure.com\/blog\/#website"},"primaryImageOfPage":{"@id":"https:\/\/voyage-aventure.com\/blog\/a-la-une\/decouvrez-majorque-et-minorque-un-voyage-inoubliable-aux-baleares\/#primaryimage"},"image":{"@id":"https:\/\/voyage-aventure.com\/blog\/a-la-une\/decouvrez-majorque-et-minorque-un-voyage-inoubliable-aux-baleares\/#primaryimage"},"thumbnailUrl":"https:\/\/voyage-aventure.com\/blog\/wp-content\/uploads\/2025\/05\/sdxl-79601d773814153fb4b135d7723e10a1-scaled.png","datePublished":"2026-06-16T15:13:47+00:00","description":"Majorque et Minorque, deux s\u0153urs des Bal\u00e9ares au temp\u00e9rament oppos\u00e9 : l'une grande, vivante et spectaculaire, l'autre discr\u00e8te, sauvage et pr\u00e9serv\u00e9e. Les","inLanguage":"fr-FR","potentialAction":[{"@type":"ReadAction","target":["https:\/\/voyage-aventure.com\/blog\/a-la-une\/decouvrez-majorque-et-minorque-un-voyage-inoubliable-aux-baleares\/"]}]},{"@type":"ImageObject","inLanguage":"fr-FR","@id":"https:\/\/voyage-aventure.com\/blog\/a-la-une\/decouvrez-majorque-et-minorque-un-voyage-inoubliable-aux-baleares\/#primaryimage","url":"https:\/\/voyage-aventure.com\/blog\/wp-content\/uploads\/2025\/05\/sdxl-79601d773814153fb4b135d7723e10a1-scaled.png","contentUrl":"https:\/\/voyage-aventure.com\/blog\/wp-content\/uploads\/2025\/05\/sdxl-79601d773814153fb4b135d7723e10a1-scaled.png","width":1200,"height":500},{"@type":"WebSite","@id":"https:\/\/voyage-aventure.com\/blog\/#website","url":"https:\/\/voyage-aventure.com\/blog\/","name":"voyage-aventure.com","description":"Votre passeport pour l\u2019inattendu.","publisher":{"@id":"https:\/\/voyage-aventure.com\/blog\/#organization"},"alternateName":"Votre passeport pour l\u2019inattendu.","potentialAction":[{"@type":"SearchAction","target":{"@type":"EntryPoint","urlTemplate":"https:\/\/voyage-aventure.com\/blog\/?s={search_term_string}"},"query-input":{"@type":"PropertyValueSpecification","valueRequired":true,"valueName":"search_term_string"}}],"inLanguage":"fr-FR"},{"@type":"Organization","@id":"https:\/\/voyage-aventure.com\/blog\/#organization","name":"Foretsensations.fr","url":"https:\/\/voyage-aventure.com\/blog\/","logo":{"@type":"ImageObject","inLanguage":"fr-FR","@id":"https:\/\/voyage-aventure.com\/blog\/#\/schema\/logo\/image\/","url":"https:\/\/voyage-aventure.com\/blog\/wp-content\/uploads\/2024\/12\/19.png","contentUrl":"https:\/\/voyage-aventure.com\/blog\/wp-content\/uploads\/2024\/12\/19.png","width":512,"height":512,"caption":"Foretsensations.fr"},"image":{"@id":"https:\/\/voyage-aventure.com\/blog\/#\/schema\/logo\/image\/"}},{"@type":"Person","@id":"https:\/\/voyage-aventure.com\/blog\/#\/schema\/person\/3c864cdc320801e3db34b663e7e3f816","name":"Camille Rouvray","image":{"@type":"ImageObject","inLanguage":"fr-FR","@id":"https:\/\/voyage-aventure.com\/blog\/#\/schema\/person\/image\/","url":"https:\/\/voyage-aventure.com\/blog\/wp-content\/uploads\/2026\/06\/persona_camille-r-96x96.jpg","contentUrl":"https:\/\/voyage-aventure.com\/blog\/wp-content\/uploads\/2026\/06\/persona_camille-r-96x96.jpg","caption":"Camille Rouvray"},"description":"Je voyage et j'\u00e9cris sur le voyage depuis une douzaine d'ann\u00e9es, d'abord en tant que routarde au long cours, puis comme r\u00e9dactrice sp\u00e9cialis\u00e9e. Mon terrain de pr\u00e9dilection, ce sont les circuits organis\u00e9s et l'art de bien pr\u00e9parer un itin\u00e9raire : choix de la saison, dur\u00e9e r\u00e9aliste des \u00e9tapes, budget jour par jour, logement et transport sur place. J'aime aussi raconter les p\u00e9pites urbaines, ces adresses qu'on ne trouve pas dans les guides classiques. Avant de publier un dossier destination, je croise toujours plusieurs sources, je v\u00e9rifie les tarifs et les formalit\u00e9s d'entr\u00e9e \u00e0 jour, et je teste moi-m\u00eame quand je le peux. Mon angle reste pratique avant tout : aider le lecteur \u00e0 partir l'esprit tranquille, sans mauvaise surprise une fois sur place. Je m'attache \u00e0 distinguer le coup de c\u0153ur sinc\u00e8re du simple argument marketing.","sameAs":["https:\/\/camillerouvray.fr\/"],"url":"https:\/\/voyage-aventure.com\/blog\/auteur\/noname\/"}]}},"_links":{"self":[{"href":"https:\/\/voyage-aventure.com\/blog\/wp-json\/wp\/v2\/posts\/15319","targetHints":{"allow":["GET"]}}],"collection":[{"href":"https:\/\/voyage-aventure.com\/blog\/wp-json\/wp\/v2\/posts"}],"about":[{"href":"https:\/\/voyage-aventure.com\/blog\/wp-json\/wp\/v2\/types\/post"}],"author":[{"embeddable":true,"href":"https:\/\/voyage-aventure.com\/blog\/wp-json\/wp\/v2\/users\/34"}],"replies":[{"embeddable":true,"href":"https:\/\/voyage-aventure.com\/blog\/wp-json\/wp\/v2\/comments?post=15319"}],"version-history":[{"count":3,"href":"https:\/\/voyage-aventure.com\/blog\/wp-json\/wp\/v2\/posts\/15319\/revisions"}],"predecessor-version":[{"id":22805,"href":"https:\/\/voyage-aventure.com\/blog\/wp-json\/wp\/v2\/posts\/15319\/revisions\/22805"}],"wp:featuredmedia":[{"embeddable":true,"href":"https:\/\/voyage-aventure.com\/blog\/wp-json\/wp\/v2\/media\/20583"}],"wp:attachment":[{"href":"https:\/\/voyage-aventure.com\/blog\/wp-json\/wp\/v2\/media?parent=15319"}],"wp:term":[{"taxonomy":"category","embeddable":true,"href":"https:\/\/voyage-aventure.com\/blog\/wp-json\/wp\/v2\/categories?post=15319"},{"taxonomy":"post_tag","embeddable":true,"href":"https:\/\/voyage-aventure.com\/blog\/wp-json\/wp\/v2\/tags?post=15319"}],"curies":[{"name":"wp","href":"https:\/\/api.w.org\/{rel}","templated":true}]}}