{"id":15302,"date":"2025-03-17T14:57:05","date_gmt":"2025-03-17T13:57:05","guid":{"rendered":"https:\/\/voyage-aventure.com\/blog\/?p=15302"},"modified":"2025-03-17T14:57:05","modified_gmt":"2025-03-17T13:57:05","slug":"les-retards-et-annulations-de-vols-a-tpa-se-reduisent-apres-des-tempetes-printanieres","status":"publish","type":"post","link":"https:\/\/voyage-aventure.com\/blog\/a-la-une\/les-retards-et-annulations-de-vols-a-tpa-se-reduisent-apres-des-tempetes-printanieres\/","title":{"rendered":"Les retards et annulations de vols \u00e0 TPA se r\u00e9duisent apr\u00e8s des temp\u00eates printani\u00e8res"},"content":{"rendered":"<h2>Des temp\u00eates printani\u00e8res perturbent les voyages \u00e0 TPA<\/h2>\n<p>Les temp\u00eates violentes qui ont frapp\u00e9 la r\u00e9gion de Tampa ont caus\u00e9 des retards et des annulations massifs au Tampa International Airport (TPA). Pas moins de 50% des vols pr\u00e9vus pour dimanche ont \u00e9t\u00e9 affect\u00e9s, laissant de nombreux voyageurs de printemps dans l&rsquo;incertitude. Les conditions m\u00e9t\u00e9orologiques extr\u00eames le long de la c\u00f4te Est ont consid\u00e9rablement perturb\u00e9 le trafic a\u00e9rien, ajoutant \u00e0 la frustration des passagers.<\/p>\n<p>Rachelle Arnold, une voyageuse de Tampa, a partag\u00e9 son exp\u00e9rience : <\/p>\n<blockquote><p>\u00ab\u00a0Hier, c&rsquo;\u00e9tait l&rsquo;enfer. C&rsquo;\u00e9tait annonc\u00e9 comme le printemps le plus charg\u00e9 \u00e0 TPA et c&rsquo;\u00e9tait effectivement le cas. Je n&rsquo;ai jamais vu un a\u00e9roport aussi bond\u00e9, m\u00eame pendant les vacances les plus fr\u00e9quent\u00e9es, et la m\u00e9t\u00e9o a empir\u00e9 la situation.\u00a0\u00bb<\/p><\/blockquote>\n<p> Ces perturbations ont n\u00e9cessit\u00e9 une r\u00e9action rapide des autorit\u00e9s a\u00e9roportuaires pour r\u00e9tablir le service.<\/p>\n<h2>Am\u00e9lioration des conditions et reprise des vols<\/h2>\n<p>Heureusement, la situation a commenc\u00e9 \u00e0 s&rsquo;am\u00e9liorer le lundi matin suivant les temp\u00eates. \u00c0 8h30, seulement 13% des vols \u00e9taient retard\u00e9s, et 23 vols avaient \u00e9t\u00e9 annul\u00e9s, ce qui signifie que pr\u00e8s de 83% des vols \u00e9taient \u00e0 l&rsquo;heure. Cela a apport\u00e9 un soulagement tant attendu aux passagers qui esp\u00e9raient enfin prendre leur envol.<\/p>\n<p>Les responsables de l&rsquo;a\u00e9roport recommandent toujours aux voyageurs de v\u00e9rifier l&rsquo;\u00e9tat de leur vol avant de se rendre \u00e0 l&rsquo;a\u00e9roport. Avec l&rsquo;augmentation du trafic a\u00e9rien pendant les p\u00e9riodes de vacances, il est essentiel d&rsquo;\u00eatre inform\u00e9 et de planifier en cons\u00e9quence pour \u00e9viter de mauvaises surprises.<\/p>\n<h2>Conseils pratiques pour les voyageurs<\/h2>\n<p>Pour ceux qui pr\u00e9voient de voyager \u00e0 TPA ou dans d&rsquo;autres a\u00e9roports pendant les p\u00e9riodes de forte affluence, voici quelques conseils utiles :<\/p>\n<ul>\n<li>V\u00e9rifiez r\u00e9guli\u00e8rement le statut de votre vol sur le site de l&rsquo;a\u00e9roport.<\/li>\n<li>Arrivez \u00e0 l&rsquo;a\u00e9roport plus t\u00f4t que d&rsquo;habitude pour \u00e9viter le stress.<\/li>\n<li>Utilisez les applications mobiles pour recevoir des alertes en temps r\u00e9el sur les retards et les annulations.<\/li>\n<li>Pr\u00e9parez un plan de secours au cas o\u00f9 votre vol serait annul\u00e9.<\/li>\n<li>Restez inform\u00e9 des conditions m\u00e9t\u00e9orologiques \u00e0 venir qui pourraient affecter votre voyage.<\/li>\n<\/ul>\n<p>Ces conseils peuvent aider \u00e0 att\u00e9nuer les frustrations li\u00e9es aux voyages en p\u00e9riode de forte affluence et \u00e0 garantir que vos vacances se d\u00e9roulent sans accroc. Les temp\u00eates de ce week-end ont rappel\u00e9 \u00e0 tous l&rsquo;importance d&rsquo;une bonne pr\u00e9paration avant de prendre l&rsquo;avion.<\/p>\n<p>En r\u00e9sum\u00e9, bien que les temp\u00eates aient caus\u00e9 des perturbations significatives, la situation s&rsquo;est stabilis\u00e9e rapidement \u00e0 TPA, permettant aux voyageurs de reprendre leurs activit\u00e9s. Les le\u00e7ons tir\u00e9es de ces \u00e9v\u00e9nements soulignent la n\u00e9cessit\u00e9 d&rsquo;\u00eatre proactif et inform\u00e9 lorsque l&rsquo;on voyage, surtout lors des p\u00e9riodes de pointe. Les passagers sont invit\u00e9s \u00e0 pr\u00eater attention aux conseils des autorit\u00e9s a\u00e9roportuaires et \u00e0 se pr\u00e9parer en cons\u00e9quence pour un voyage r\u00e9ussi.<\/p>\n","protected":false},"excerpt":{"rendered":"","protected":false},"author":34,"featured_media":19811,"comment_status":"open","ping_status":"open","sticky":false,"template":"","format":"standard","meta":{"_acf_changed":false,"manual_indexmenow":false,"indexmenow_id_project":0,"footnotes":""},"categories":[1],"tags":[4620,3726,4680,4530,4526],"class_list":["post-15302","post","type-post","status-publish","format-standard","has-post-thumbnail","hentry","category-a-la-une","tag-annulation-de-voyage","tag-conditions-meteorologiques","tag-conseils","tag-escapade-en-europe","tag-voyage-economique","generate-columns","tablet-grid-50","mobile-grid-100","grid-parent","grid-25"],"acf":[],"yoast_head":"<!-- This site is optimized with the Yoast SEO Premium plugin v21.3 (Yoast SEO v25.1) - https:\/\/yoast.com\/wordpress\/plugins\/seo\/ -->\n<title>Les retards et annulations de vols \u00e0 TPA se r\u00e9duisent apr\u00e8s<\/title>\n<meta name=\"description\" content=\"Des temp\u00eates printani\u00e8res perturbent les voyages \u00e0 TPA Les temp\u00eates violentes qui ont frapp\u00e9 la r\u00e9gion de Tampa ont caus\u00e9 des retards et des annulations\" \/>\n<meta name=\"robots\" content=\"index, follow, max-snippet:-1, max-image-preview:large, max-video-preview:-1\" \/>\n<link rel=\"canonical\" href=\"https:\/\/voyage-aventure.com\/blog\/a-la-une\/les-retards-et-annulations-de-vols-a-tpa-se-reduisent-apres-des-tempetes-printanieres\/\" \/>\n<meta property=\"og:locale\" content=\"fr_FR\" \/>\n<meta property=\"og:type\" content=\"article\" \/>\n<meta property=\"og:title\" content=\"Les retards et annulations de vols \u00e0 TPA se r\u00e9duisent apr\u00e8s\" \/>\n<meta property=\"og:description\" content=\"Des temp\u00eates printani\u00e8res perturbent les voyages \u00e0 TPA Les temp\u00eates violentes qui ont frapp\u00e9 la r\u00e9gion de Tampa ont caus\u00e9 des retards et des annulations\" \/>\n<meta property=\"og:url\" content=\"https:\/\/voyage-aventure.com\/blog\/a-la-une\/les-retards-et-annulations-de-vols-a-tpa-se-reduisent-apres-des-tempetes-printanieres\/\" \/>\n<meta property=\"og:site_name\" content=\"voyage-aventure\" \/>\n<meta property=\"og:image\" content=\"https:\/\/voyage-aventure.com\/blog\/wp-content\/uploads\/2025\/05\/sdxl-954bc83a20afe52d1d7cb93be5247995-scaled.png\" \/>\n\t<meta property=\"og:image:width\" content=\"1200\" \/>\n\t<meta property=\"og:image:height\" content=\"500\" \/>\n\t<meta property=\"og:image:type\" content=\"image\/png\" \/>\n<meta name=\"author\" content=\"Camille Rouvray\" \/>\n<meta name=\"twitter:card\" content=\"summary_large_image\" \/>\n<script type=\"application\/ld+json\" class=\"yoast-schema-graph\">{\"@context\":\"https:\/\/schema.org\",\"@graph\":[{\"@type\":\"NewsArticle\",\"@id\":\"https:\/\/voyage-aventure.com\/blog\/a-la-une\/les-retards-et-annulations-de-vols-a-tpa-se-reduisent-apres-des-tempetes-printanieres\/#article\",\"isPartOf\":{\"@id\":\"https:\/\/voyage-aventure.com\/blog\/a-la-une\/les-retards-et-annulations-de-vols-a-tpa-se-reduisent-apres-des-tempetes-printanieres\/\"},\"author\":{\"name\":\"Camille Rouvray\",\"@id\":\"https:\/\/voyage-aventure.com\/blog\/#\/schema\/person\/3c864cdc320801e3db34b663e7e3f816\"},\"headline\":\"Les retards et annulations de vols \u00e0 TPA se r\u00e9duisent apr\u00e8s des temp\u00eates printani\u00e8res\",\"datePublished\":\"2025-03-17T13:57:05+00:00\",\"mainEntityOfPage\":{\"@id\":\"https:\/\/voyage-aventure.com\/blog\/a-la-une\/les-retards-et-annulations-de-vols-a-tpa-se-reduisent-apres-des-tempetes-printanieres\/\"},\"wordCount\":538,\"commentCount\":25,\"publisher\":{\"@id\":\"https:\/\/voyage-aventure.com\/blog\/#organization\"},\"image\":{\"@id\":\"https:\/\/voyage-aventure.com\/blog\/a-la-une\/les-retards-et-annulations-de-vols-a-tpa-se-reduisent-apres-des-tempetes-printanieres\/#primaryimage\"},\"thumbnailUrl\":\"https:\/\/voyage-aventure.com\/blog\/wp-content\/uploads\/2025\/05\/sdxl-954bc83a20afe52d1d7cb93be5247995-scaled.png\",\"keywords\":[\"Annulation de Voyage\",\"Conditions M\u00e9t\u00e9orologiques\",\"Conseils\",\"Escapade en Europe\",\"Voyage \u00c9conomique\"],\"articleSection\":[\"\u00c0 la une\"],\"inLanguage\":\"fr-FR\",\"potentialAction\":[{\"@type\":\"CommentAction\",\"name\":\"Comment\",\"target\":[\"https:\/\/voyage-aventure.com\/blog\/a-la-une\/les-retards-et-annulations-de-vols-a-tpa-se-reduisent-apres-des-tempetes-printanieres\/#respond\"]}]},{\"@type\":\"WebPage\",\"@id\":\"https:\/\/voyage-aventure.com\/blog\/a-la-une\/les-retards-et-annulations-de-vols-a-tpa-se-reduisent-apres-des-tempetes-printanieres\/\",\"url\":\"https:\/\/voyage-aventure.com\/blog\/a-la-une\/les-retards-et-annulations-de-vols-a-tpa-se-reduisent-apres-des-tempetes-printanieres\/\",\"name\":\"Les retards et annulations de vols \u00e0 TPA se r\u00e9duisent apr\u00e8s\",\"isPartOf\":{\"@id\":\"https:\/\/voyage-aventure.com\/blog\/#website\"},\"primaryImageOfPage\":{\"@id\":\"https:\/\/voyage-aventure.com\/blog\/a-la-une\/les-retards-et-annulations-de-vols-a-tpa-se-reduisent-apres-des-tempetes-printanieres\/#primaryimage\"},\"image\":{\"@id\":\"https:\/\/voyage-aventure.com\/blog\/a-la-une\/les-retards-et-annulations-de-vols-a-tpa-se-reduisent-apres-des-tempetes-printanieres\/#primaryimage\"},\"thumbnailUrl\":\"https:\/\/voyage-aventure.com\/blog\/wp-content\/uploads\/2025\/05\/sdxl-954bc83a20afe52d1d7cb93be5247995-scaled.png\",\"datePublished\":\"2025-03-17T13:57:05+00:00\",\"description\":\"Des temp\u00eates printani\u00e8res perturbent les voyages \u00e0 TPA Les temp\u00eates violentes qui ont frapp\u00e9 la r\u00e9gion de Tampa ont caus\u00e9 des retards et des annulations\",\"inLanguage\":\"fr-FR\",\"potentialAction\":[{\"@type\":\"ReadAction\",\"target\":[\"https:\/\/voyage-aventure.com\/blog\/a-la-une\/les-retards-et-annulations-de-vols-a-tpa-se-reduisent-apres-des-tempetes-printanieres\/\"]}]},{\"@type\":\"ImageObject\",\"inLanguage\":\"fr-FR\",\"@id\":\"https:\/\/voyage-aventure.com\/blog\/a-la-une\/les-retards-et-annulations-de-vols-a-tpa-se-reduisent-apres-des-tempetes-printanieres\/#primaryimage\",\"url\":\"https:\/\/voyage-aventure.com\/blog\/wp-content\/uploads\/2025\/05\/sdxl-954bc83a20afe52d1d7cb93be5247995-scaled.png\",\"contentUrl\":\"https:\/\/voyage-aventure.com\/blog\/wp-content\/uploads\/2025\/05\/sdxl-954bc83a20afe52d1d7cb93be5247995-scaled.png\",\"width\":1200,\"height\":500},{\"@type\":\"WebSite\",\"@id\":\"https:\/\/voyage-aventure.com\/blog\/#website\",\"url\":\"https:\/\/voyage-aventure.com\/blog\/\",\"name\":\"voyage-aventure.com\",\"description\":\"Votre passeport pour l\u2019inattendu.\",\"publisher\":{\"@id\":\"https:\/\/voyage-aventure.com\/blog\/#organization\"},\"alternateName\":\"Votre passeport pour l\u2019inattendu.\",\"potentialAction\":[{\"@type\":\"SearchAction\",\"target\":{\"@type\":\"EntryPoint\",\"urlTemplate\":\"https:\/\/voyage-aventure.com\/blog\/?s={search_term_string}\"},\"query-input\":{\"@type\":\"PropertyValueSpecification\",\"valueRequired\":true,\"valueName\":\"search_term_string\"}}],\"inLanguage\":\"fr-FR\"},{\"@type\":\"Organization\",\"@id\":\"https:\/\/voyage-aventure.com\/blog\/#organization\",\"name\":\"Foretsensations.fr\",\"url\":\"https:\/\/voyage-aventure.com\/blog\/\",\"logo\":{\"@type\":\"ImageObject\",\"inLanguage\":\"fr-FR\",\"@id\":\"https:\/\/voyage-aventure.com\/blog\/#\/schema\/logo\/image\/\",\"url\":\"https:\/\/voyage-aventure.com\/blog\/wp-content\/uploads\/2024\/12\/19.png\",\"contentUrl\":\"https:\/\/voyage-aventure.com\/blog\/wp-content\/uploads\/2024\/12\/19.png\",\"width\":512,\"height\":512,\"caption\":\"Foretsensations.fr\"},\"image\":{\"@id\":\"https:\/\/voyage-aventure.com\/blog\/#\/schema\/logo\/image\/\"}},{\"@type\":\"Person\",\"@id\":\"https:\/\/voyage-aventure.com\/blog\/#\/schema\/person\/3c864cdc320801e3db34b663e7e3f816\",\"name\":\"Camille Rouvray\",\"image\":{\"@type\":\"ImageObject\",\"inLanguage\":\"fr-FR\",\"@id\":\"https:\/\/voyage-aventure.com\/blog\/#\/schema\/person\/image\/\",\"url\":\"https:\/\/voyage-aventure.com\/blog\/wp-content\/uploads\/2026\/06\/persona_camille-r-96x96.jpg\",\"contentUrl\":\"https:\/\/voyage-aventure.com\/blog\/wp-content\/uploads\/2026\/06\/persona_camille-r-96x96.jpg\",\"caption\":\"Camille Rouvray\"},\"description\":\"Je voyage et j'\u00e9cris sur le voyage depuis une douzaine d'ann\u00e9es, d'abord en tant que routarde au long cours, puis comme r\u00e9dactrice sp\u00e9cialis\u00e9e. Mon terrain de pr\u00e9dilection, ce sont les circuits organis\u00e9s et l'art de bien pr\u00e9parer un itin\u00e9raire : choix de la saison, dur\u00e9e r\u00e9aliste des \u00e9tapes, budget jour par jour, logement et transport sur place. J'aime aussi raconter les p\u00e9pites urbaines, ces adresses qu'on ne trouve pas dans les guides classiques. Avant de publier un dossier destination, je croise toujours plusieurs sources, je v\u00e9rifie les tarifs et les formalit\u00e9s d'entr\u00e9e \u00e0 jour, et je teste moi-m\u00eame quand je le peux. Mon angle reste pratique avant tout : aider le lecteur \u00e0 partir l'esprit tranquille, sans mauvaise surprise une fois sur place. Je m'attache \u00e0 distinguer le coup de c\u0153ur sinc\u00e8re du simple argument marketing.\",\"sameAs\":[\"https:\/\/camillerouvray.fr\/\"],\"url\":\"https:\/\/voyage-aventure.com\/blog\/auteur\/noname\/\"}]}<\/script>\n<!-- \/ Yoast SEO Premium plugin. -->","yoast_head_json":{"title":"Les retards et annulations de vols \u00e0 TPA se r\u00e9duisent apr\u00e8s","description":"Des temp\u00eates printani\u00e8res perturbent les voyages \u00e0 TPA Les temp\u00eates violentes qui ont frapp\u00e9 la r\u00e9gion de Tampa ont caus\u00e9 des retards et des annulations","robots":{"index":"index","follow":"follow","max-snippet":"max-snippet:-1","max-image-preview":"max-image-preview:large","max-video-preview":"max-video-preview:-1"},"canonical":"https:\/\/voyage-aventure.com\/blog\/a-la-une\/les-retards-et-annulations-de-vols-a-tpa-se-reduisent-apres-des-tempetes-printanieres\/","og_locale":"fr_FR","og_type":"article","og_title":"Les retards et annulations de vols \u00e0 TPA se r\u00e9duisent apr\u00e8s","og_description":"Des temp\u00eates printani\u00e8res perturbent les voyages \u00e0 TPA Les temp\u00eates violentes qui ont frapp\u00e9 la r\u00e9gion de Tampa ont caus\u00e9 des retards et des annulations","og_url":"https:\/\/voyage-aventure.com\/blog\/a-la-une\/les-retards-et-annulations-de-vols-a-tpa-se-reduisent-apres-des-tempetes-printanieres\/","og_site_name":"voyage-aventure","og_image":[{"width":1200,"height":500,"url":"https:\/\/voyage-aventure.com\/blog\/wp-content\/uploads\/2025\/05\/sdxl-954bc83a20afe52d1d7cb93be5247995-scaled.png","type":"image\/png"}],"author":"Camille Rouvray","twitter_card":"summary_large_image","schema":{"@context":"https:\/\/schema.org","@graph":[{"@type":"NewsArticle","@id":"https:\/\/voyage-aventure.com\/blog\/a-la-une\/les-retards-et-annulations-de-vols-a-tpa-se-reduisent-apres-des-tempetes-printanieres\/#article","isPartOf":{"@id":"https:\/\/voyage-aventure.com\/blog\/a-la-une\/les-retards-et-annulations-de-vols-a-tpa-se-reduisent-apres-des-tempetes-printanieres\/"},"author":{"name":"Camille Rouvray","@id":"https:\/\/voyage-aventure.com\/blog\/#\/schema\/person\/3c864cdc320801e3db34b663e7e3f816"},"headline":"Les retards et annulations de vols \u00e0 TPA se r\u00e9duisent apr\u00e8s des temp\u00eates printani\u00e8res","datePublished":"2025-03-17T13:57:05+00:00","mainEntityOfPage":{"@id":"https:\/\/voyage-aventure.com\/blog\/a-la-une\/les-retards-et-annulations-de-vols-a-tpa-se-reduisent-apres-des-tempetes-printanieres\/"},"wordCount":538,"commentCount":25,"publisher":{"@id":"https:\/\/voyage-aventure.com\/blog\/#organization"},"image":{"@id":"https:\/\/voyage-aventure.com\/blog\/a-la-une\/les-retards-et-annulations-de-vols-a-tpa-se-reduisent-apres-des-tempetes-printanieres\/#primaryimage"},"thumbnailUrl":"https:\/\/voyage-aventure.com\/blog\/wp-content\/uploads\/2025\/05\/sdxl-954bc83a20afe52d1d7cb93be5247995-scaled.png","keywords":["Annulation de Voyage","Conditions M\u00e9t\u00e9orologiques","Conseils","Escapade en Europe","Voyage \u00c9conomique"],"articleSection":["\u00c0 la une"],"inLanguage":"fr-FR","potentialAction":[{"@type":"CommentAction","name":"Comment","target":["https:\/\/voyage-aventure.com\/blog\/a-la-une\/les-retards-et-annulations-de-vols-a-tpa-se-reduisent-apres-des-tempetes-printanieres\/#respond"]}]},{"@type":"WebPage","@id":"https:\/\/voyage-aventure.com\/blog\/a-la-une\/les-retards-et-annulations-de-vols-a-tpa-se-reduisent-apres-des-tempetes-printanieres\/","url":"https:\/\/voyage-aventure.com\/blog\/a-la-une\/les-retards-et-annulations-de-vols-a-tpa-se-reduisent-apres-des-tempetes-printanieres\/","name":"Les retards et annulations de vols \u00e0 TPA se r\u00e9duisent apr\u00e8s","isPartOf":{"@id":"https:\/\/voyage-aventure.com\/blog\/#website"},"primaryImageOfPage":{"@id":"https:\/\/voyage-aventure.com\/blog\/a-la-une\/les-retards-et-annulations-de-vols-a-tpa-se-reduisent-apres-des-tempetes-printanieres\/#primaryimage"},"image":{"@id":"https:\/\/voyage-aventure.com\/blog\/a-la-une\/les-retards-et-annulations-de-vols-a-tpa-se-reduisent-apres-des-tempetes-printanieres\/#primaryimage"},"thumbnailUrl":"https:\/\/voyage-aventure.com\/blog\/wp-content\/uploads\/2025\/05\/sdxl-954bc83a20afe52d1d7cb93be5247995-scaled.png","datePublished":"2025-03-17T13:57:05+00:00","description":"Des temp\u00eates printani\u00e8res perturbent les voyages \u00e0 TPA Les temp\u00eates violentes qui ont frapp\u00e9 la r\u00e9gion de Tampa ont caus\u00e9 des retards et des annulations","inLanguage":"fr-FR","potentialAction":[{"@type":"ReadAction","target":["https:\/\/voyage-aventure.com\/blog\/a-la-une\/les-retards-et-annulations-de-vols-a-tpa-se-reduisent-apres-des-tempetes-printanieres\/"]}]},{"@type":"ImageObject","inLanguage":"fr-FR","@id":"https:\/\/voyage-aventure.com\/blog\/a-la-une\/les-retards-et-annulations-de-vols-a-tpa-se-reduisent-apres-des-tempetes-printanieres\/#primaryimage","url":"https:\/\/voyage-aventure.com\/blog\/wp-content\/uploads\/2025\/05\/sdxl-954bc83a20afe52d1d7cb93be5247995-scaled.png","contentUrl":"https:\/\/voyage-aventure.com\/blog\/wp-content\/uploads\/2025\/05\/sdxl-954bc83a20afe52d1d7cb93be5247995-scaled.png","width":1200,"height":500},{"@type":"WebSite","@id":"https:\/\/voyage-aventure.com\/blog\/#website","url":"https:\/\/voyage-aventure.com\/blog\/","name":"voyage-aventure.com","description":"Votre passeport pour l\u2019inattendu.","publisher":{"@id":"https:\/\/voyage-aventure.com\/blog\/#organization"},"alternateName":"Votre passeport pour l\u2019inattendu.","potentialAction":[{"@type":"SearchAction","target":{"@type":"EntryPoint","urlTemplate":"https:\/\/voyage-aventure.com\/blog\/?s={search_term_string}"},"query-input":{"@type":"PropertyValueSpecification","valueRequired":true,"valueName":"search_term_string"}}],"inLanguage":"fr-FR"},{"@type":"Organization","@id":"https:\/\/voyage-aventure.com\/blog\/#organization","name":"Foretsensations.fr","url":"https:\/\/voyage-aventure.com\/blog\/","logo":{"@type":"ImageObject","inLanguage":"fr-FR","@id":"https:\/\/voyage-aventure.com\/blog\/#\/schema\/logo\/image\/","url":"https:\/\/voyage-aventure.com\/blog\/wp-content\/uploads\/2024\/12\/19.png","contentUrl":"https:\/\/voyage-aventure.com\/blog\/wp-content\/uploads\/2024\/12\/19.png","width":512,"height":512,"caption":"Foretsensations.fr"},"image":{"@id":"https:\/\/voyage-aventure.com\/blog\/#\/schema\/logo\/image\/"}},{"@type":"Person","@id":"https:\/\/voyage-aventure.com\/blog\/#\/schema\/person\/3c864cdc320801e3db34b663e7e3f816","name":"Camille Rouvray","image":{"@type":"ImageObject","inLanguage":"fr-FR","@id":"https:\/\/voyage-aventure.com\/blog\/#\/schema\/person\/image\/","url":"https:\/\/voyage-aventure.com\/blog\/wp-content\/uploads\/2026\/06\/persona_camille-r-96x96.jpg","contentUrl":"https:\/\/voyage-aventure.com\/blog\/wp-content\/uploads\/2026\/06\/persona_camille-r-96x96.jpg","caption":"Camille Rouvray"},"description":"Je voyage et j'\u00e9cris sur le voyage depuis une douzaine d'ann\u00e9es, d'abord en tant que routarde au long cours, puis comme r\u00e9dactrice sp\u00e9cialis\u00e9e. Mon terrain de pr\u00e9dilection, ce sont les circuits organis\u00e9s et l'art de bien pr\u00e9parer un itin\u00e9raire : choix de la saison, dur\u00e9e r\u00e9aliste des \u00e9tapes, budget jour par jour, logement et transport sur place. J'aime aussi raconter les p\u00e9pites urbaines, ces adresses qu'on ne trouve pas dans les guides classiques. Avant de publier un dossier destination, je croise toujours plusieurs sources, je v\u00e9rifie les tarifs et les formalit\u00e9s d'entr\u00e9e \u00e0 jour, et je teste moi-m\u00eame quand je le peux. Mon angle reste pratique avant tout : aider le lecteur \u00e0 partir l'esprit tranquille, sans mauvaise surprise une fois sur place. Je m'attache \u00e0 distinguer le coup de c\u0153ur sinc\u00e8re du simple argument marketing.","sameAs":["https:\/\/camillerouvray.fr\/"],"url":"https:\/\/voyage-aventure.com\/blog\/auteur\/noname\/"}]}},"_links":{"self":[{"href":"https:\/\/voyage-aventure.com\/blog\/wp-json\/wp\/v2\/posts\/15302","targetHints":{"allow":["GET"]}}],"collection":[{"href":"https:\/\/voyage-aventure.com\/blog\/wp-json\/wp\/v2\/posts"}],"about":[{"href":"https:\/\/voyage-aventure.com\/blog\/wp-json\/wp\/v2\/types\/post"}],"author":[{"embeddable":true,"href":"https:\/\/voyage-aventure.com\/blog\/wp-json\/wp\/v2\/users\/34"}],"replies":[{"embeddable":true,"href":"https:\/\/voyage-aventure.com\/blog\/wp-json\/wp\/v2\/comments?post=15302"}],"version-history":[{"count":1,"href":"https:\/\/voyage-aventure.com\/blog\/wp-json\/wp\/v2\/posts\/15302\/revisions"}],"predecessor-version":[{"id":15304,"href":"https:\/\/voyage-aventure.com\/blog\/wp-json\/wp\/v2\/posts\/15302\/revisions\/15304"}],"wp:featuredmedia":[{"embeddable":true,"href":"https:\/\/voyage-aventure.com\/blog\/wp-json\/wp\/v2\/media\/19811"}],"wp:attachment":[{"href":"https:\/\/voyage-aventure.com\/blog\/wp-json\/wp\/v2\/media?parent=15302"}],"wp:term":[{"taxonomy":"category","embeddable":true,"href":"https:\/\/voyage-aventure.com\/blog\/wp-json\/wp\/v2\/categories?post=15302"},{"taxonomy":"post_tag","embeddable":true,"href":"https:\/\/voyage-aventure.com\/blog\/wp-json\/wp\/v2\/tags?post=15302"}],"curies":[{"name":"wp","href":"https:\/\/api.w.org\/{rel}","templated":true}]}}