{"id":15286,"date":"2026-06-16T17:13:07","date_gmt":"2026-06-16T15:13:07","guid":{"rendered":"https:\/\/voyage-aventure.com\/blog\/?p=15286"},"modified":"2026-06-16T17:13:07","modified_gmt":"2026-06-16T15:13:07","slug":"preparez-vous-pour-un-mercredi-difficile-neige-abondante-et-vents-violents-attendus","status":"publish","type":"post","link":"https:\/\/voyage-aventure.com\/blog\/a-la-une\/preparez-vous-pour-un-mercredi-difficile-neige-abondante-et-vents-violents-attendus\/","title":{"rendered":"Pr\u00e9parez-vous pour un mercredi difficile : neige abondante et vents violents attendus"},"content":{"rendered":"<link rel=\"stylesheet\" href=\"https:\/\/fonts.googleapis.com\/css2?family=Newsreader:ital,opsz,wght@0,6..72,500..700;1,6..72,500..600&#038;family=Inter:wght@400;500;600&#038;family=JetBrains+Mono:wght@500&#038;display=swap\">\n<style>\n.van-news-wrap{font-family:'Inter',-apple-system,BlinkMacSystemFont,'Segoe UI',sans-serif;color:#23282b;line-height:1.65;font-size:17px;}\n.van-news-wrap h2{font-family:'Newsreader',Georgia,serif;font-weight:700;font-size:clamp(24px,3.2vw,33px);line-height:1.18;letter-spacing:-0.01em;color:#161b1d;margin:46px 0 16px;}\n.van-news-wrap h3{font-family:'Newsreader',Georgia,serif;font-weight:600;font-size:20px;color:#161b1d;margin:24px 0 10px;}\n.van-news-wrap p{margin:0 0 18px;}\n.van-news-lead{font-family:'Newsreader',Georgia,serif;font-size:21px;line-height:1.5;font-weight:500;font-style:italic;color:#2a3134;margin:8px 0 26px;}\n.van-news-kicker{display:inline-block;font-family:'JetBrains Mono',monospace;font-size:11px;font-weight:500;letter-spacing:2.5px;text-transform:uppercase;color:#a3331f;margin-bottom:6px;}\n.van-news-ess{background:#fbf3f1;border-left:5px solid #a3331f;border-radius:0 8px 8px 0;padding:22px 26px;margin:26px 0;}\n.van-news-ess .van-news-esttitle{font-family:'JetBrains Mono',monospace;font-size:11px;font-weight:500;letter-spacing:2.5px;text-transform:uppercase;color:#a3331f;margin-bottom:14px;}\n.van-news-ess ul{margin:0;padding:0;list-style:none;}\n.van-news-ess li{display:flex;gap:12px;align-items:flex-start;padding:7px 0;font-size:15.5px;line-height:1.55;border-bottom:1px solid #f0ddd8;}\n.van-news-ess li:last-child{border-bottom:none;}\n.van-news-ess li span.van-news-tag{flex:0 0 auto;font-family:'JetBrains Mono',monospace;font-size:10px;font-weight:500;letter-spacing:1px;text-transform:uppercase;color:#fff;background:#a3331f;padding:3px 8px;border-radius:3px;margin-top:1px;}\n.van-news-stats{display:grid;grid-template-columns:repeat(auto-fit,minmax(150px,1fr));background:#161b1d;border-radius:8px;overflow:hidden;margin:32px 0;}\n.van-news-stat{padding:22px 16px;text-align:center;border-right:1px solid #2c3437;}\n.van-news-stat:last-child{border-right:none;}\n.van-news-stat .van-news-num{font-family:'Newsreader',Georgia,serif;font-size:32px;font-weight:700;color:#fff;letter-spacing:-0.02em;line-height:1.05;}\n.van-news-stat .van-news-num.acc{color:#e7896f;}\n.van-news-stat .van-news-lbl{font-family:'JetBrains Mono',monospace;font-size:10px;text-transform:uppercase;letter-spacing:1.3px;color:#9aa3a6;margin-top:9px;}\n.van-news-card{background:#fff;border:1px solid #e4e6e3;border-top:3px solid #a3331f;border-radius:6px;padding:18px 20px;transition:transform .25s ease,box-shadow .25s ease;}\n.van-news-card:hover{transform:translateY(-3px);box-shadow:0 12px 26px -16px rgba(16,24,40,.28);}\n.van-news-grid{display:grid;grid-template-columns:repeat(auto-fit,minmax(220px,1fr));gap:14px;margin:26px 0;}\n.van-news-card h3{margin:0 0 6px;font-size:16px;font-family:'Inter',sans-serif;font-weight:600;letter-spacing:-0.01em;}\n.van-news-card .van-news-txt{font-size:14px;line-height:1.55;color:#4a4f51;}\n.van-news-warn{background:#fbf3f1;border-left:4px solid #a3331f;padding:14px 18px;margin:22px 0;border-radius:0 4px 4px 0;}\n.van-news-warn .van-news-wt{display:inline-block;font-family:'JetBrains Mono',monospace;color:#7d2517;font-size:11px;text-transform:uppercase;letter-spacing:1.5px;font-weight:500;margin-right:8px;}\n.van-news-warn .van-news-wx{font-size:14.5px;line-height:1.55;color:#3a3f41;}\n.van-news-pull{margin:40px auto;padding:26px 24px;text-align:center;border-top:1px solid #161b1d;border-bottom:1px solid #161b1d;max-width:640px;position:relative;}\n.van-news-pull .van-news-q{font-family:'Newsreader',Georgia,serif;font-size:24px;line-height:1.4;font-style:italic;color:#161b1d;}\n.van-news-pull .van-news-mark{position:absolute;top:-19px;left:50%;transform:translateX(-50%);background:#fff;padding:0 14px;font-size:46px;line-height:1;color:#a3331f;font-family:'Newsreader',Georgia,serif;}\n.van-news-retain{background:#f7f8f6;border:1px solid #e4e6e3;border-radius:8px;padding:22px 26px;margin:30px 0;}\n.van-news-retain .van-news-rt{font-family:'JetBrains Mono',monospace;font-size:11px;font-weight:500;text-transform:uppercase;letter-spacing:2.2px;color:#a3331f;margin-bottom:14px;}\n.van-news-retain ul{margin:0;padding:0;list-style:none;display:grid;gap:9px;}\n.van-news-retain li{display:flex;gap:11px;align-items:flex-start;font-size:15px;line-height:1.5;}\n.van-news-retain li span.van-news-dot{flex:0 0 22px;width:22px;height:22px;background:#a3331f;color:#fff;border-radius:50%;display:inline-flex;align-items:center;justify-content:center;font-size:11px;font-weight:600;font-family:'JetBrains Mono',monospace;}\n.van-news-faq{margin:34px 0;}\n.van-news-faq h2{margin-bottom:8px;}\n.van-news-faq .van-news-acc{border-top:1px solid #d8dad6;}\n.van-news-faq details{border-bottom:1px solid #d8dad6;}\n.van-news-faq summary{cursor:pointer;padding:16px 0;font-family:'Newsreader',Georgia,serif;font-size:18px;font-weight:600;color:#161b1d;list-style:none;display:flex;justify-content:space-between;gap:14px;align-items:center;}\n.van-news-faq summary::-webkit-details-marker{display:none;}\n.van-news-faq summary .van-news-plus{font-size:22px;font-weight:400;color:#a3331f;line-height:1;}\n.van-news-faq .van-news-ans{padding:0 0 16px;font-size:15px;line-height:1.7;color:#4a4f51;}\n\/*RENDERFIX2*\/.van-news-ess li span.van-news-tag{color:#eef3f9!important}.van-news-ess li span.van-news-tag p,.van-news-ess li span.van-news-tag li,.van-news-ess li span.van-news-tag strong,.van-news-ess li span.van-news-tag em,.van-news-ess li span.van-news-tag a,.van-news-ess li span.van-news-tag span,.van-news-ess li span.van-news-tag b,.van-news-ess li span.van-news-tag td,.van-news-ess li span.van-news-tag th,.van-news-ess li span.van-news-tag h2,.van-news-ess li span.van-news-tag h3,.van-news-ess li span.van-news-tag h4{color:#eef3f9!important}.van-news-ess li span.van-news-tag strong,.van-news-ess li span.van-news-tag b{color:#ffffff!important}.van-news-stats{color:#eef3f9!important}.van-news-stats p,.van-news-stats li,.van-news-stats strong,.van-news-stats em,.van-news-stats a,.van-news-stats span,.van-news-stats b,.van-news-stats td,.van-news-stats th,.van-news-stats h2,.van-news-stats h3,.van-news-stats h4{color:#eef3f9!important}.van-news-stats strong,.van-news-stats b{color:#ffffff!important}.van-news-retain li span.van-news-dot{color:#eef3f9!important}.van-news-retain li span.van-news-dot p,.van-news-retain li span.van-news-dot li,.van-news-retain li span.van-news-dot strong,.van-news-retain li span.van-news-dot em,.van-news-retain li span.van-news-dot a,.van-news-retain li span.van-news-dot span,.van-news-retain li span.van-news-dot b,.van-news-retain li span.van-news-dot td,.van-news-retain li span.van-news-dot th,.van-news-retain li span.van-news-dot h2,.van-news-retain li span.van-news-dot h3,.van-news-retain li span.van-news-dot h4{color:#eef3f9!important}.van-news-retain li span.van-news-dot strong,.van-news-retain li span.van-news-dot b{color:#ffffff!important}<\/style>\n<div class=\"van-news-wrap\">\n<span class=\"van-news-kicker\">Alerte m\u00e9t\u00e9o \u00b7 Jour d&rsquo;alerte<\/span><\/p>\n<p class=\"van-news-lead\">Un syst\u00e8me d\u00e9pressionnaire majeur s&rsquo;installe sur la r\u00e9gion : neige abondante, rafales violentes et conditions de blizzard transformeront mercredi en journ\u00e9e \u00e0 haut risque pour la circulation. Voici l&rsquo;essentiel \u00e0 savoir pour anticiper.<\/p>\n<div class=\"van-news-ess\">\n<div class=\"van-news-esttitle\">L&rsquo;essentiel<\/div>\n<ul>\n<li><span class=\"van-news-tag\">Quoi<\/span><span>Une temp\u00eate hivernale apporte pluie virant \u00e0 la neige, fortes accumulations et vents jusqu&rsquo;\u00e0 80 km\/h. Mercredi est d\u00e9clar\u00e9 <strong>JOUR D&rsquo;ALERTE<\/strong>.<\/span><\/li>\n<li><span class=\"van-news-tag\">Quand<\/span><span>Une <strong>ALERTE DE TEMP\u00caTE HIVERNALE<\/strong> court de mercredi 4h00 \u00e0 jeudi 1h00 pour l&rsquo;ensemble de la r\u00e9gion.<\/span><\/li>\n<li><span class=\"van-news-tag\">Enjeu<\/span><span>Visibilit\u00e9 tr\u00e8s r\u00e9duite et routes dangereuses : les d\u00e9placements non essentiels sont \u00e0 reporter.<\/span><\/li>\n<\/ul>\n<\/div>\n<h2>Un syst\u00e8me temp\u00e9tueux se profile \u00e0 l&rsquo;horizon<\/h2>\n<p>Ce syst\u00e8me d\u00e9pressionnaire provoquera de fortes chutes de neige accompagn\u00e9es de vents violents, cr\u00e9ant des conditions de voyage dangereuses. De ce fait, le mercredi est officiellement d\u00e9clar\u00e9 <strong>JOUR D&rsquo;ALERTE<\/strong>.<\/p>\n<p>Le syst\u00e8me de basse pression s&rsquo;\u00e9tendra des Plaines centrales jusqu&rsquo;au sud de l&rsquo;Iowa et au nord de l&rsquo;Illinois, pla\u00e7ant notre r\u00e9gion dans la zone froide et hivernale de l&rsquo;ouest. Les pr\u00e9visions annoncent des taux de neige atteignant 2,5 cm par heure, rendant la circulation particuli\u00e8rement difficile. Il est imp\u00e9ratif que les conducteurs soient vigilants et pr\u00e9parent leurs trajets en cons\u00e9quence.<\/p>\n<div class=\"van-news-stats\">\n<div class=\"van-news-stat\">\n<div class=\"van-news-num\">2,5 cm<\/div>\n<div class=\"van-news-lbl\">de neige par heure<\/div>\n<\/div>\n<div class=\"van-news-stat\">\n<div class=\"van-news-num acc\">80 km\/h<\/div>\n<div class=\"van-news-lbl\">rafales de vent<\/div>\n<\/div>\n<div class=\"van-news-stat\">\n<div class=\"van-news-num\">+15 cm<\/div>\n<div class=\"van-news-lbl\">accumulation possible<\/div>\n<\/div>\n<\/div>\n<p><iframe loading=\"lazy\" title=\"\ud83d\udd34 Pr\u00e9parez-vous pour la Temp\u00eate Daragh : Froid Glacial, Neige Abondante et Vents Violents en France\" width=\"1200\" height=\"675\" src=\"https:\/\/www.youtube.com\/embed\/yhLamChDBXo?feature=oembed\" frameborder=\"0\" allow=\"accelerometer; autoplay; clipboard-write; encrypted-media; gyroscope; picture-in-picture; web-share\" referrerpolicy=\"strict-origin-when-cross-origin\" allowfullscreen><\/iframe><\/p>\n<h2>Un passage \u00e0 la neige in\u00e9vitable<\/h2>\n<p>Les premi\u00e8res heures de mercredi devraient \u00eatre marqu\u00e9es par des pluies \u00e9parses, avec des temp\u00e9ratures l\u00e9g\u00e8rement au-dessus du point de cong\u00e9lation. \u00c0 mesure que la journ\u00e9e avance, la pluie se transformera progressivement en neige, notamment durant la matin\u00e9e et l&rsquo;apr\u00e8s-midi. Les temp\u00e9ratures devraient se situer entre 0 et 1\u00b0C, ce qui favorisera cette transition.<\/p>\n<p>La neige ne sera pas seule, car des rafales de vent pouvant atteindre 80 km\/h accompagneront cette temp\u00eate. Cela entra\u00eenera des conditions de blizzard dans certaines zones, rendant la visibilit\u00e9 tr\u00e8s faible et les routes particuli\u00e8rement dangereuses. Les conducteurs doivent donc envisager de reporter leurs d\u00e9placements si possible.<\/p>\n<div class=\"van-news-warn\">\n  <span class=\"van-news-wt\">\u26a0\ufe0f Attention<\/span><span class=\"van-news-wx\">Une l\u00e9g\u00e8re variation dans la trajectoire de la temp\u00eate peut faire toute la diff\u00e9rence pour les quantit\u00e9s de neige re\u00e7ues localement. Suivez les mises \u00e0 jour officielles jusqu&rsquo;au dernier moment.<\/span>\n<\/div>\n<h2>Pr\u00e9visions de neige et alertes en cours<\/h2>\n<p>\u00c0 mesure que la temp\u00eate se d\u00e9placera, une bande \u00e9troite de neige abondante de 80 \u00e0 160 km se formera, avec des accumulations pouvant d\u00e9passer 15 cm dans certaines communaut\u00e9s. Cependant, d&rsquo;autres zones pourraient ne recevoir qu&rsquo;une petite quantit\u00e9 de neige, en fonction du d\u00e9placement du syst\u00e8me. Une l\u00e9g\u00e8re variation dans la trajectoire de la temp\u00eate peut faire toute la diff\u00e9rence pour les quantit\u00e9s de neige.<\/p>\n<p>Une <strong>ALERTE DE TEMP\u00caTE HIVERNALE<\/strong> prendra effet mercredi \u00e0 4h00 jusqu&rsquo;\u00e0 jeudi \u00e0 1h00 pour l&rsquo;ensemble de notre r\u00e9gion. Les autorit\u00e9s m\u00e9t\u00e9orologiques fourniront des mises \u00e0 jour tout au long de la journ\u00e9e, et il est conseill\u00e9 de rester inform\u00e9 des changements potentiels. Les r\u00e9sidents doivent se pr\u00e9parer \u00e0 des conditions de circulation difficiles et envisager de rester chez eux si possible.<\/p>\n<h3>Les bons r\u00e9flexes pendant l&rsquo;alerte<\/h3>\n<div class=\"van-news-grid\">\n<div class=\"van-news-card\">\n<h3>Limiter les trajets<\/h3>\n<div class=\"van-news-txt\">Ne pas voyager \u00e0 moins que cela ne soit absolument n\u00e9cessaire, et reporter ce qui peut l&rsquo;\u00eatre.<\/div>\n<\/div>\n<div class=\"van-news-card\">\n<h3>Surveiller la m\u00e9t\u00e9o<\/h3>\n<div class=\"van-news-txt\">V\u00e9rifier r\u00e9guli\u00e8rement les conditions et rester inform\u00e9 via les alertes m\u00e9t\u00e9orologiques locales.<\/div>\n<\/div>\n<div class=\"van-news-card\">\n<h3>Anticiper l&rsquo;isolement<\/h3>\n<div class=\"van-news-txt\">Avoir provisions et m\u00e9dicaments \u00e0 port\u00e9e de main en cas de blocage prolong\u00e9.<\/div>\n<\/div>\n<div class=\"van-news-card\">\n<h3>Pr\u00e9parer le v\u00e9hicule<\/h3>\n<div class=\"van-news-txt\">\u00c9quiper et v\u00e9rifier sa voiture pour affronter les conditions hivernales.<\/div>\n<\/div>\n<\/div>\n<div class=\"van-news-pull\">\n  <span class=\"van-news-mark\" aria-hidden=\"true\">\u00ab<\/span><\/p>\n<div class=\"van-news-q\">La s\u00e9curit\u00e9 doit \u00eatre notre priorit\u00e9 num\u00e9ro un en cas de temp\u00eate. Soyez prudents et restez inform\u00e9s.<\/div>\n<\/div>\n<div class=\"van-news-retain\">\n<div class=\"van-news-rt\">\u00c0 retenir<\/div>\n<ul>\n<li><span class=\"van-news-dot\">1<\/span><span>Mercredi est un <strong>JOUR D&rsquo;ALERTE<\/strong> : alerte temp\u00eate hivernale de 4h00 \u00e0 jeudi 1h00.<\/span><\/li>\n<li><span class=\"van-news-dot\">2<\/span><span>Neige jusqu&rsquo;\u00e0 2,5 cm\/heure et accumulations d\u00e9passant 15 cm dans une bande de 80 \u00e0 160 km.<\/span><\/li>\n<li><span class=\"van-news-dot\">3<\/span><span>Rafales jusqu&rsquo;\u00e0 80 km\/h et conditions de blizzard : visibilit\u00e9 et routes dangereuses.<\/span><\/li>\n<li><span class=\"van-news-dot\">4<\/span><span>Reportez les d\u00e9placements non essentiels et pr\u00e9parez v\u00e9hicule, provisions et m\u00e9dicaments.<\/span><\/li>\n<\/ul>\n<\/div>\n<div class=\"van-news-faq\">\n<h2>Questions fr\u00e9quentes<\/h2>\n<div class=\"van-news-acc\">\n<details>\n<summary><span>Quand l&rsquo;alerte de temp\u00eate hivernale est-elle en vigueur ?<\/span><span class=\"van-news-plus\">+<\/span><\/summary>\n<div class=\"van-news-ans\">L&rsquo;alerte prend effet mercredi \u00e0 4h00 et court jusqu&rsquo;\u00e0 jeudi \u00e0 1h00, pour l&rsquo;ensemble de la r\u00e9gion concern\u00e9e.<\/div>\n<\/details>\n<details>\n<summary><span>Quelle quantit\u00e9 de neige est attendue ?<\/span><span class=\"van-news-plus\">+<\/span><\/summary>\n<div class=\"van-news-ans\">La neige peut tomber \u00e0 un rythme de 2,5 cm par heure. Dans une bande de 80 \u00e0 160 km, les accumulations peuvent d\u00e9passer 15 cm, mais d&rsquo;autres zones n&rsquo;en recevront qu&rsquo;une faible quantit\u00e9 selon la trajectoire du syst\u00e8me.<\/div>\n<\/details>\n<details>\n<summary><span>Pourquoi parle-t-on de risque de blizzard ?<\/span><span class=\"van-news-plus\">+<\/span><\/summary>\n<div class=\"van-news-ans\">Des rafales de vent pouvant atteindre 80 km\/h accompagnent la neige, ce qui r\u00e9duit fortement la visibilit\u00e9 dans certaines zones et rend les routes particuli\u00e8rement dangereuses.<\/div>\n<\/details>\n<details>\n<summary><span>Faut-il annuler ses d\u00e9placements ?<\/span><span class=\"van-news-plus\">+<\/span><\/summary>\n<div class=\"van-news-ans\">Il est conseill\u00e9 de ne voyager qu&rsquo;en cas de n\u00e9cessit\u00e9 absolue et de reporter les trajets non essentiels. Si vous devez prendre la route, pr\u00e9parez votre v\u00e9hicule pour les conditions hivernales et restez inform\u00e9 des alertes locales.<\/div>\n<\/details>\n<\/div>\n<\/div>\n<\/div>\n","protected":false},"excerpt":{"rendered":"","protected":false},"author":34,"featured_media":19814,"comment_status":"open","ping_status":"open","sticky":false,"template":"","format":"standard","meta":{"_acf_changed":false,"manual_indexmenow":false,"indexmenow_id_project":0,"footnotes":""},"categories":[1],"tags":[4639,3726,4713,3170,4635],"class_list":["post-15286","post","type-post","status-publish","format-standard","has-post-thumbnail","hentry","category-a-la-une","tag-aventure","tag-conditions-meteorologiques","tag-preparation","tag-securite","tag-voyage","generate-columns","tablet-grid-50","mobile-grid-100","grid-parent","grid-25"],"acf":[],"yoast_head":"<!-- This site is optimized with the Yoast SEO Premium plugin v21.3 (Yoast SEO v25.1) - https:\/\/yoast.com\/wordpress\/plugins\/seo\/ -->\n<title>Pr\u00e9parez-vous pour un mercredi difficile : neige abondante<\/title>\n<meta name=\"description\" content=\"Un syst\u00e8me d\u00e9pressionnaire majeur s&#039;installe sur la r\u00e9gion : neige abondante, rafales violentes et conditions de blizzard transformeront mercredi en\" \/>\n<meta name=\"robots\" content=\"index, follow, max-snippet:-1, max-image-preview:large, max-video-preview:-1\" \/>\n<link rel=\"canonical\" href=\"https:\/\/voyage-aventure.com\/blog\/a-la-une\/preparez-vous-pour-un-mercredi-difficile-neige-abondante-et-vents-violents-attendus\/\" \/>\n<meta property=\"og:locale\" content=\"fr_FR\" \/>\n<meta property=\"og:type\" content=\"article\" \/>\n<meta property=\"og:title\" content=\"Pr\u00e9parez-vous pour un mercredi difficile : neige abondante\" \/>\n<meta property=\"og:description\" content=\"Un syst\u00e8me d\u00e9pressionnaire majeur s&#039;installe sur la r\u00e9gion : neige abondante, rafales violentes et conditions de blizzard transformeront mercredi en\" \/>\n<meta property=\"og:url\" content=\"https:\/\/voyage-aventure.com\/blog\/a-la-une\/preparez-vous-pour-un-mercredi-difficile-neige-abondante-et-vents-violents-attendus\/\" \/>\n<meta property=\"og:site_name\" content=\"voyage-aventure\" \/>\n<meta property=\"og:image\" content=\"https:\/\/voyage-aventure.com\/blog\/wp-content\/uploads\/2025\/05\/sdxl-3c78de0131ec846ee2837344c146fc44-scaled.png\" \/>\n\t<meta property=\"og:image:width\" content=\"1200\" \/>\n\t<meta property=\"og:image:height\" content=\"500\" \/>\n\t<meta property=\"og:image:type\" content=\"image\/png\" \/>\n<meta name=\"author\" content=\"Camille Rouvray\" \/>\n<meta name=\"twitter:card\" content=\"summary_large_image\" \/>\n<script type=\"application\/ld+json\" class=\"yoast-schema-graph\">{\"@context\":\"https:\/\/schema.org\",\"@graph\":[{\"@type\":\"NewsArticle\",\"@id\":\"https:\/\/voyage-aventure.com\/blog\/a-la-une\/preparez-vous-pour-un-mercredi-difficile-neige-abondante-et-vents-violents-attendus\/#article\",\"isPartOf\":{\"@id\":\"https:\/\/voyage-aventure.com\/blog\/a-la-une\/preparez-vous-pour-un-mercredi-difficile-neige-abondante-et-vents-violents-attendus\/\"},\"author\":{\"name\":\"Camille Rouvray\",\"@id\":\"https:\/\/voyage-aventure.com\/blog\/#\/schema\/person\/3c864cdc320801e3db34b663e7e3f816\"},\"headline\":\"Pr\u00e9parez-vous pour un mercredi difficile : neige abondante et vents violents attendus\",\"datePublished\":\"2026-06-16T15:13:07+00:00\",\"mainEntityOfPage\":{\"@id\":\"https:\/\/voyage-aventure.com\/blog\/a-la-une\/preparez-vous-pour-un-mercredi-difficile-neige-abondante-et-vents-violents-attendus\/\"},\"wordCount\":875,\"commentCount\":26,\"publisher\":{\"@id\":\"https:\/\/voyage-aventure.com\/blog\/#organization\"},\"image\":{\"@id\":\"https:\/\/voyage-aventure.com\/blog\/a-la-une\/preparez-vous-pour-un-mercredi-difficile-neige-abondante-et-vents-violents-attendus\/#primaryimage\"},\"thumbnailUrl\":\"https:\/\/voyage-aventure.com\/blog\/wp-content\/uploads\/2025\/05\/sdxl-3c78de0131ec846ee2837344c146fc44-scaled.png\",\"keywords\":[\"Aventure\",\"Conditions M\u00e9t\u00e9orologiques\",\"Pr\u00e9paration\",\"S\u00e9curit\u00e9\",\"Voyage\"],\"articleSection\":[\"\u00c0 la une\"],\"inLanguage\":\"fr-FR\",\"potentialAction\":[{\"@type\":\"CommentAction\",\"name\":\"Comment\",\"target\":[\"https:\/\/voyage-aventure.com\/blog\/a-la-une\/preparez-vous-pour-un-mercredi-difficile-neige-abondante-et-vents-violents-attendus\/#respond\"]}]},{\"@type\":\"WebPage\",\"@id\":\"https:\/\/voyage-aventure.com\/blog\/a-la-une\/preparez-vous-pour-un-mercredi-difficile-neige-abondante-et-vents-violents-attendus\/\",\"url\":\"https:\/\/voyage-aventure.com\/blog\/a-la-une\/preparez-vous-pour-un-mercredi-difficile-neige-abondante-et-vents-violents-attendus\/\",\"name\":\"Pr\u00e9parez-vous pour un mercredi difficile : neige abondante\",\"isPartOf\":{\"@id\":\"https:\/\/voyage-aventure.com\/blog\/#website\"},\"primaryImageOfPage\":{\"@id\":\"https:\/\/voyage-aventure.com\/blog\/a-la-une\/preparez-vous-pour-un-mercredi-difficile-neige-abondante-et-vents-violents-attendus\/#primaryimage\"},\"image\":{\"@id\":\"https:\/\/voyage-aventure.com\/blog\/a-la-une\/preparez-vous-pour-un-mercredi-difficile-neige-abondante-et-vents-violents-attendus\/#primaryimage\"},\"thumbnailUrl\":\"https:\/\/voyage-aventure.com\/blog\/wp-content\/uploads\/2025\/05\/sdxl-3c78de0131ec846ee2837344c146fc44-scaled.png\",\"datePublished\":\"2026-06-16T15:13:07+00:00\",\"description\":\"Un syst\u00e8me d\u00e9pressionnaire majeur s'installe sur la r\u00e9gion : neige abondante, rafales violentes et conditions de blizzard transformeront mercredi en\",\"inLanguage\":\"fr-FR\",\"potentialAction\":[{\"@type\":\"ReadAction\",\"target\":[\"https:\/\/voyage-aventure.com\/blog\/a-la-une\/preparez-vous-pour-un-mercredi-difficile-neige-abondante-et-vents-violents-attendus\/\"]}]},{\"@type\":\"ImageObject\",\"inLanguage\":\"fr-FR\",\"@id\":\"https:\/\/voyage-aventure.com\/blog\/a-la-une\/preparez-vous-pour-un-mercredi-difficile-neige-abondante-et-vents-violents-attendus\/#primaryimage\",\"url\":\"https:\/\/voyage-aventure.com\/blog\/wp-content\/uploads\/2025\/05\/sdxl-3c78de0131ec846ee2837344c146fc44-scaled.png\",\"contentUrl\":\"https:\/\/voyage-aventure.com\/blog\/wp-content\/uploads\/2025\/05\/sdxl-3c78de0131ec846ee2837344c146fc44-scaled.png\",\"width\":1200,\"height\":500},{\"@type\":\"WebSite\",\"@id\":\"https:\/\/voyage-aventure.com\/blog\/#website\",\"url\":\"https:\/\/voyage-aventure.com\/blog\/\",\"name\":\"voyage-aventure.com\",\"description\":\"Votre passeport pour l\u2019inattendu.\",\"publisher\":{\"@id\":\"https:\/\/voyage-aventure.com\/blog\/#organization\"},\"alternateName\":\"Votre passeport pour l\u2019inattendu.\",\"potentialAction\":[{\"@type\":\"SearchAction\",\"target\":{\"@type\":\"EntryPoint\",\"urlTemplate\":\"https:\/\/voyage-aventure.com\/blog\/?s={search_term_string}\"},\"query-input\":{\"@type\":\"PropertyValueSpecification\",\"valueRequired\":true,\"valueName\":\"search_term_string\"}}],\"inLanguage\":\"fr-FR\"},{\"@type\":\"Organization\",\"@id\":\"https:\/\/voyage-aventure.com\/blog\/#organization\",\"name\":\"Foretsensations.fr\",\"url\":\"https:\/\/voyage-aventure.com\/blog\/\",\"logo\":{\"@type\":\"ImageObject\",\"inLanguage\":\"fr-FR\",\"@id\":\"https:\/\/voyage-aventure.com\/blog\/#\/schema\/logo\/image\/\",\"url\":\"https:\/\/voyage-aventure.com\/blog\/wp-content\/uploads\/2024\/12\/19.png\",\"contentUrl\":\"https:\/\/voyage-aventure.com\/blog\/wp-content\/uploads\/2024\/12\/19.png\",\"width\":512,\"height\":512,\"caption\":\"Foretsensations.fr\"},\"image\":{\"@id\":\"https:\/\/voyage-aventure.com\/blog\/#\/schema\/logo\/image\/\"}},{\"@type\":\"Person\",\"@id\":\"https:\/\/voyage-aventure.com\/blog\/#\/schema\/person\/3c864cdc320801e3db34b663e7e3f816\",\"name\":\"Camille Rouvray\",\"image\":{\"@type\":\"ImageObject\",\"inLanguage\":\"fr-FR\",\"@id\":\"https:\/\/voyage-aventure.com\/blog\/#\/schema\/person\/image\/\",\"url\":\"https:\/\/voyage-aventure.com\/blog\/wp-content\/uploads\/2026\/06\/persona_camille-r-96x96.jpg\",\"contentUrl\":\"https:\/\/voyage-aventure.com\/blog\/wp-content\/uploads\/2026\/06\/persona_camille-r-96x96.jpg\",\"caption\":\"Camille Rouvray\"},\"description\":\"Je voyage et j'\u00e9cris sur le voyage depuis une douzaine d'ann\u00e9es, d'abord en tant que routarde au long cours, puis comme r\u00e9dactrice sp\u00e9cialis\u00e9e. Mon terrain de pr\u00e9dilection, ce sont les circuits organis\u00e9s et l'art de bien pr\u00e9parer un itin\u00e9raire : choix de la saison, dur\u00e9e r\u00e9aliste des \u00e9tapes, budget jour par jour, logement et transport sur place. J'aime aussi raconter les p\u00e9pites urbaines, ces adresses qu'on ne trouve pas dans les guides classiques. Avant de publier un dossier destination, je croise toujours plusieurs sources, je v\u00e9rifie les tarifs et les formalit\u00e9s d'entr\u00e9e \u00e0 jour, et je teste moi-m\u00eame quand je le peux. Mon angle reste pratique avant tout : aider le lecteur \u00e0 partir l'esprit tranquille, sans mauvaise surprise une fois sur place. Je m'attache \u00e0 distinguer le coup de c\u0153ur sinc\u00e8re du simple argument marketing.\",\"sameAs\":[\"https:\/\/camillerouvray.fr\/\"],\"url\":\"https:\/\/voyage-aventure.com\/blog\/auteur\/noname\/\"}]}<\/script>\n<!-- \/ Yoast SEO Premium plugin. -->","yoast_head_json":{"title":"Pr\u00e9parez-vous pour un mercredi difficile : neige abondante","description":"Un syst\u00e8me d\u00e9pressionnaire majeur s'installe sur la r\u00e9gion : neige abondante, rafales violentes et conditions de blizzard transformeront mercredi en","robots":{"index":"index","follow":"follow","max-snippet":"max-snippet:-1","max-image-preview":"max-image-preview:large","max-video-preview":"max-video-preview:-1"},"canonical":"https:\/\/voyage-aventure.com\/blog\/a-la-une\/preparez-vous-pour-un-mercredi-difficile-neige-abondante-et-vents-violents-attendus\/","og_locale":"fr_FR","og_type":"article","og_title":"Pr\u00e9parez-vous pour un mercredi difficile : neige abondante","og_description":"Un syst\u00e8me d\u00e9pressionnaire majeur s'installe sur la r\u00e9gion : neige abondante, rafales violentes et conditions de blizzard transformeront mercredi en","og_url":"https:\/\/voyage-aventure.com\/blog\/a-la-une\/preparez-vous-pour-un-mercredi-difficile-neige-abondante-et-vents-violents-attendus\/","og_site_name":"voyage-aventure","og_image":[{"width":1200,"height":500,"url":"https:\/\/voyage-aventure.com\/blog\/wp-content\/uploads\/2025\/05\/sdxl-3c78de0131ec846ee2837344c146fc44-scaled.png","type":"image\/png"}],"author":"Camille Rouvray","twitter_card":"summary_large_image","schema":{"@context":"https:\/\/schema.org","@graph":[{"@type":"NewsArticle","@id":"https:\/\/voyage-aventure.com\/blog\/a-la-une\/preparez-vous-pour-un-mercredi-difficile-neige-abondante-et-vents-violents-attendus\/#article","isPartOf":{"@id":"https:\/\/voyage-aventure.com\/blog\/a-la-une\/preparez-vous-pour-un-mercredi-difficile-neige-abondante-et-vents-violents-attendus\/"},"author":{"name":"Camille Rouvray","@id":"https:\/\/voyage-aventure.com\/blog\/#\/schema\/person\/3c864cdc320801e3db34b663e7e3f816"},"headline":"Pr\u00e9parez-vous pour un mercredi difficile : neige abondante et vents violents attendus","datePublished":"2026-06-16T15:13:07+00:00","mainEntityOfPage":{"@id":"https:\/\/voyage-aventure.com\/blog\/a-la-une\/preparez-vous-pour-un-mercredi-difficile-neige-abondante-et-vents-violents-attendus\/"},"wordCount":875,"commentCount":26,"publisher":{"@id":"https:\/\/voyage-aventure.com\/blog\/#organization"},"image":{"@id":"https:\/\/voyage-aventure.com\/blog\/a-la-une\/preparez-vous-pour-un-mercredi-difficile-neige-abondante-et-vents-violents-attendus\/#primaryimage"},"thumbnailUrl":"https:\/\/voyage-aventure.com\/blog\/wp-content\/uploads\/2025\/05\/sdxl-3c78de0131ec846ee2837344c146fc44-scaled.png","keywords":["Aventure","Conditions M\u00e9t\u00e9orologiques","Pr\u00e9paration","S\u00e9curit\u00e9","Voyage"],"articleSection":["\u00c0 la une"],"inLanguage":"fr-FR","potentialAction":[{"@type":"CommentAction","name":"Comment","target":["https:\/\/voyage-aventure.com\/blog\/a-la-une\/preparez-vous-pour-un-mercredi-difficile-neige-abondante-et-vents-violents-attendus\/#respond"]}]},{"@type":"WebPage","@id":"https:\/\/voyage-aventure.com\/blog\/a-la-une\/preparez-vous-pour-un-mercredi-difficile-neige-abondante-et-vents-violents-attendus\/","url":"https:\/\/voyage-aventure.com\/blog\/a-la-une\/preparez-vous-pour-un-mercredi-difficile-neige-abondante-et-vents-violents-attendus\/","name":"Pr\u00e9parez-vous pour un mercredi difficile : neige abondante","isPartOf":{"@id":"https:\/\/voyage-aventure.com\/blog\/#website"},"primaryImageOfPage":{"@id":"https:\/\/voyage-aventure.com\/blog\/a-la-une\/preparez-vous-pour-un-mercredi-difficile-neige-abondante-et-vents-violents-attendus\/#primaryimage"},"image":{"@id":"https:\/\/voyage-aventure.com\/blog\/a-la-une\/preparez-vous-pour-un-mercredi-difficile-neige-abondante-et-vents-violents-attendus\/#primaryimage"},"thumbnailUrl":"https:\/\/voyage-aventure.com\/blog\/wp-content\/uploads\/2025\/05\/sdxl-3c78de0131ec846ee2837344c146fc44-scaled.png","datePublished":"2026-06-16T15:13:07+00:00","description":"Un syst\u00e8me d\u00e9pressionnaire majeur s'installe sur la r\u00e9gion : neige abondante, rafales violentes et conditions de blizzard transformeront mercredi en","inLanguage":"fr-FR","potentialAction":[{"@type":"ReadAction","target":["https:\/\/voyage-aventure.com\/blog\/a-la-une\/preparez-vous-pour-un-mercredi-difficile-neige-abondante-et-vents-violents-attendus\/"]}]},{"@type":"ImageObject","inLanguage":"fr-FR","@id":"https:\/\/voyage-aventure.com\/blog\/a-la-une\/preparez-vous-pour-un-mercredi-difficile-neige-abondante-et-vents-violents-attendus\/#primaryimage","url":"https:\/\/voyage-aventure.com\/blog\/wp-content\/uploads\/2025\/05\/sdxl-3c78de0131ec846ee2837344c146fc44-scaled.png","contentUrl":"https:\/\/voyage-aventure.com\/blog\/wp-content\/uploads\/2025\/05\/sdxl-3c78de0131ec846ee2837344c146fc44-scaled.png","width":1200,"height":500},{"@type":"WebSite","@id":"https:\/\/voyage-aventure.com\/blog\/#website","url":"https:\/\/voyage-aventure.com\/blog\/","name":"voyage-aventure.com","description":"Votre passeport pour l\u2019inattendu.","publisher":{"@id":"https:\/\/voyage-aventure.com\/blog\/#organization"},"alternateName":"Votre passeport pour l\u2019inattendu.","potentialAction":[{"@type":"SearchAction","target":{"@type":"EntryPoint","urlTemplate":"https:\/\/voyage-aventure.com\/blog\/?s={search_term_string}"},"query-input":{"@type":"PropertyValueSpecification","valueRequired":true,"valueName":"search_term_string"}}],"inLanguage":"fr-FR"},{"@type":"Organization","@id":"https:\/\/voyage-aventure.com\/blog\/#organization","name":"Foretsensations.fr","url":"https:\/\/voyage-aventure.com\/blog\/","logo":{"@type":"ImageObject","inLanguage":"fr-FR","@id":"https:\/\/voyage-aventure.com\/blog\/#\/schema\/logo\/image\/","url":"https:\/\/voyage-aventure.com\/blog\/wp-content\/uploads\/2024\/12\/19.png","contentUrl":"https:\/\/voyage-aventure.com\/blog\/wp-content\/uploads\/2024\/12\/19.png","width":512,"height":512,"caption":"Foretsensations.fr"},"image":{"@id":"https:\/\/voyage-aventure.com\/blog\/#\/schema\/logo\/image\/"}},{"@type":"Person","@id":"https:\/\/voyage-aventure.com\/blog\/#\/schema\/person\/3c864cdc320801e3db34b663e7e3f816","name":"Camille Rouvray","image":{"@type":"ImageObject","inLanguage":"fr-FR","@id":"https:\/\/voyage-aventure.com\/blog\/#\/schema\/person\/image\/","url":"https:\/\/voyage-aventure.com\/blog\/wp-content\/uploads\/2026\/06\/persona_camille-r-96x96.jpg","contentUrl":"https:\/\/voyage-aventure.com\/blog\/wp-content\/uploads\/2026\/06\/persona_camille-r-96x96.jpg","caption":"Camille Rouvray"},"description":"Je voyage et j'\u00e9cris sur le voyage depuis une douzaine d'ann\u00e9es, d'abord en tant que routarde au long cours, puis comme r\u00e9dactrice sp\u00e9cialis\u00e9e. Mon terrain de pr\u00e9dilection, ce sont les circuits organis\u00e9s et l'art de bien pr\u00e9parer un itin\u00e9raire : choix de la saison, dur\u00e9e r\u00e9aliste des \u00e9tapes, budget jour par jour, logement et transport sur place. J'aime aussi raconter les p\u00e9pites urbaines, ces adresses qu'on ne trouve pas dans les guides classiques. Avant de publier un dossier destination, je croise toujours plusieurs sources, je v\u00e9rifie les tarifs et les formalit\u00e9s d'entr\u00e9e \u00e0 jour, et je teste moi-m\u00eame quand je le peux. Mon angle reste pratique avant tout : aider le lecteur \u00e0 partir l'esprit tranquille, sans mauvaise surprise une fois sur place. Je m'attache \u00e0 distinguer le coup de c\u0153ur sinc\u00e8re du simple argument marketing.","sameAs":["https:\/\/camillerouvray.fr\/"],"url":"https:\/\/voyage-aventure.com\/blog\/auteur\/noname\/"}]}},"_links":{"self":[{"href":"https:\/\/voyage-aventure.com\/blog\/wp-json\/wp\/v2\/posts\/15286","targetHints":{"allow":["GET"]}}],"collection":[{"href":"https:\/\/voyage-aventure.com\/blog\/wp-json\/wp\/v2\/posts"}],"about":[{"href":"https:\/\/voyage-aventure.com\/blog\/wp-json\/wp\/v2\/types\/post"}],"author":[{"embeddable":true,"href":"https:\/\/voyage-aventure.com\/blog\/wp-json\/wp\/v2\/users\/34"}],"replies":[{"embeddable":true,"href":"https:\/\/voyage-aventure.com\/blog\/wp-json\/wp\/v2\/comments?post=15286"}],"version-history":[{"count":3,"href":"https:\/\/voyage-aventure.com\/blog\/wp-json\/wp\/v2\/posts\/15286\/revisions"}],"predecessor-version":[{"id":22801,"href":"https:\/\/voyage-aventure.com\/blog\/wp-json\/wp\/v2\/posts\/15286\/revisions\/22801"}],"wp:featuredmedia":[{"embeddable":true,"href":"https:\/\/voyage-aventure.com\/blog\/wp-json\/wp\/v2\/media\/19814"}],"wp:attachment":[{"href":"https:\/\/voyage-aventure.com\/blog\/wp-json\/wp\/v2\/media?parent=15286"}],"wp:term":[{"taxonomy":"category","embeddable":true,"href":"https:\/\/voyage-aventure.com\/blog\/wp-json\/wp\/v2\/categories?post=15286"},{"taxonomy":"post_tag","embeddable":true,"href":"https:\/\/voyage-aventure.com\/blog\/wp-json\/wp\/v2\/tags?post=15286"}],"curies":[{"name":"wp","href":"https:\/\/api.w.org\/{rel}","templated":true}]}}