{"id":15281,"date":"2025-03-17T15:13:16","date_gmt":"2025-03-17T14:13:16","guid":{"rendered":"https:\/\/voyage-aventure.com\/blog\/?p=15281"},"modified":"2025-03-17T12:47:46","modified_gmt":"2025-03-17T11:47:46","slug":"cinq-ans-apres-le-covid-le-desastre-des-restrictions-sur-le-secteur-du-voyage","status":"publish","type":"post","link":"https:\/\/voyage-aventure.com\/blog\/a-la-une\/cinq-ans-apres-le-covid-le-desastre-des-restrictions-sur-le-secteur-du-voyage\/","title":{"rendered":"cinq ans apr\u00e8s le covid : le d\u00e9sastre des restrictions sur le secteur du voyage"},"content":{"rendered":"<h2>Une industrie \u00e0 genoux<\/h2>\n<p>Les restrictions de voyage impos\u00e9es par les gouvernements ont eu un impact d\u00e9vastateur sur l&rsquo;industrie du tourisme, autrefois florissante. De la fermeture des fronti\u00e8res \u00e0 l&rsquo;annulation de millions de vols, la r\u00e9ponse mondiale \u00e0 la crise a mis \u00e0 mal une des industries les plus importantes pour l&rsquo;\u00e9conomie mondiale.<\/p>\n<p>Le 17 mars 2020, le secr\u00e9taire d&rsquo;\u00c9tat britannique, Dominic Raab, a \u00e9mis un avertissement sans pr\u00e9c\u00e9dent demandant aux voyageurs de rester chez eux. Cette d\u00e9cision, bien que n\u00e9cessaire \u00e0 l&rsquo;\u00e9poque, a marqu\u00e9 le d\u00e9but d&rsquo;une s\u00e9rie de restrictions qui ont entra\u00een\u00e9 des pertes financi\u00e8res colossales pour les compagnies a\u00e9riennes, les agences de voyages et les h\u00f4tels.<\/p>\n<h2>Des restrictions changeantes et leur impact<\/h2>\n<p>Les mesures de confinement et les restrictions de voyage ont \u00e9t\u00e9 adopt\u00e9es \u00e0 une vitesse fulgurante, souvent sans plan clair. Les changements fr\u00e9quents dans les r\u00e8gles ont cr\u00e9\u00e9 une atmosph\u00e8re de confusion parmi les voyageurs. En seulement deux ans, des centaines de modifications ont \u00e9t\u00e9 apport\u00e9es aux politiques de voyage, rendant impossible la planification de vacances pour des millions de familles.<\/p>\n<p>Parmi ces changements, on peut citer l&rsquo;imposition brutale de l&rsquo;auto-isolement pour les vacanciers de retour et l&rsquo;interdiction totale des voyages \u00e0 l&rsquo;\u00e9tranger pendant 19 semaines. Ces d\u00e9cisions ont non seulement affect\u00e9 les finances des entreprises de voyage, mais ont \u00e9galement s\u00e9par\u00e9 des familles, laissant des millions de personnes dans l&rsquo;angoisse.<\/p>\n<p><iframe loading=\"lazy\" title=\"COVID-19: d\u00e9sastre pour la restauration au Canada\" width=\"1200\" height=\"675\" src=\"https:\/\/www.youtube.com\/embed\/G8E3v7s9p8E?feature=oembed\" frameborder=\"0\" allow=\"accelerometer; autoplay; clipboard-write; encrypted-media; gyroscope; picture-in-picture; web-share\" referrerpolicy=\"strict-origin-when-cross-origin\" allowfullscreen><\/iframe><\/p>\n<h2>Le\u00e7ons \u00e0 tirer pour l&rsquo;avenir<\/h2>\n<p>Au fil du temps, il est devenu \u00e9vident que de nombreuses r\u00e8gles \u00e9taient inefficaces et disproportionn\u00e9es par rapport aux risques r\u00e9els. Une enqu\u00eate men\u00e9e par le comit\u00e9 des transports a r\u00e9v\u00e9l\u00e9 que les restrictions de voyage n&rsquo;\u00e9taient pas fond\u00e9es sur un consensus scientifique et ont caus\u00e9 des dommages importants \u00e0 l&rsquo;industrie a\u00e9ronautique. <\/p>\n<blockquote><p>\u00ab Les restrictions sur le voyage, les loisirs et l&rsquo;hospitalit\u00e9 ont non seulement eu un impact \u00e9conomique significatif, mais ont \u00e9galement perturb\u00e9 la mani\u00e8re dont les gens interagissent avec la soci\u00e9t\u00e9 \u00bb, a d\u00e9clar\u00e9 la baronne Hallett.<\/p><\/blockquote>\n<p>Alors que le monde commence \u00e0 se relever de cette crise, le besoin d&rsquo;une meilleure planification et d&rsquo;une approche plus r\u00e9fl\u00e9chie des restrictions de voyage est devenu clair. Les d\u00e9cideurs politiques doivent comprendre l&rsquo;importance de maintenir des corridors de voyage ouverts pour \u00e9viter de futures crises dans le secteur du tourisme.<\/p>\n<ul>\n<li>Les compagnies a\u00e9riennes ont subi des pertes massives.<\/li>\n<li>Des millions de voyages ont \u00e9t\u00e9 annul\u00e9s.<\/li>\n<li>Des familles ont \u00e9t\u00e9 s\u00e9par\u00e9es pendant des mois.<\/li>\n<li>Le secteur du voyage a appel\u00e9 \u00e0 une meilleure gestion des crises futures.<\/li>\n<\/ul>\n<p>En r\u00e9fl\u00e9chissant \u00e0 ces cinq derni\u00e8res ann\u00e9es, il est crucial d&rsquo;apprendre de ces erreurs pour assurer un avenir meilleur \u00e0 l&rsquo;industrie du voyage. Les gouvernements doivent \u00eatre pr\u00eats \u00e0 agir rapidement, mais avec des strat\u00e9gies bas\u00e9es sur des donn\u00e9es fiables et des analyses approfondies. Le secteur du voyage est essentiel non seulement pour l&rsquo;\u00e9conomie, mais aussi pour le bien-\u00eatre \u00e9motionnel des gens.<\/p>\n","protected":false},"excerpt":{"rendered":"","protected":false},"author":34,"featured_media":20409,"comment_status":"open","ping_status":"open","sticky":false,"template":"","format":"standard","meta":{"_acf_changed":false,"manual_indexmenow":false,"indexmenow_id_project":0,"footnotes":""},"categories":[1],"tags":[3726,4713,3170,4565,4635],"class_list":["post-15281","post","type-post","status-publish","format-standard","has-post-thumbnail","hentry","category-a-la-une","tag-conditions-meteorologiques","tag-preparation","tag-securite","tag-tarifs-competitifs","tag-voyage","generate-columns","tablet-grid-50","mobile-grid-100","grid-parent","grid-25"],"acf":[],"yoast_head":"<!-- This site is optimized with the Yoast SEO Premium plugin v21.3 (Yoast SEO v25.1) - https:\/\/yoast.com\/wordpress\/plugins\/seo\/ -->\n<title>cinq ans apr\u00e8s le covid : le d\u00e9sastre des restrictions sur<\/title>\n<meta name=\"description\" content=\"Les restrictions de voyage impos\u00e9es par les gouvernements ont eu un impact d\u00e9vastateur sur l&#039;industrie du tourisme, autrefois florissante. De la fermeture\" \/>\n<meta name=\"robots\" content=\"index, follow, max-snippet:-1, max-image-preview:large, max-video-preview:-1\" \/>\n<link rel=\"canonical\" href=\"https:\/\/voyage-aventure.com\/blog\/a-la-une\/cinq-ans-apres-le-covid-le-desastre-des-restrictions-sur-le-secteur-du-voyage\/\" \/>\n<meta property=\"og:locale\" content=\"fr_FR\" \/>\n<meta property=\"og:type\" content=\"article\" \/>\n<meta property=\"og:title\" content=\"cinq ans apr\u00e8s le covid : le d\u00e9sastre des restrictions sur\" \/>\n<meta property=\"og:description\" content=\"Les restrictions de voyage impos\u00e9es par les gouvernements ont eu un impact d\u00e9vastateur sur l&#039;industrie du tourisme, autrefois florissante. De la fermeture\" \/>\n<meta property=\"og:url\" content=\"https:\/\/voyage-aventure.com\/blog\/a-la-une\/cinq-ans-apres-le-covid-le-desastre-des-restrictions-sur-le-secteur-du-voyage\/\" \/>\n<meta property=\"og:site_name\" content=\"voyage-aventure\" \/>\n<meta property=\"og:image\" content=\"https:\/\/voyage-aventure.com\/blog\/wp-content\/uploads\/2025\/05\/sdxl-d2431493103d8ef1e78dfccf3a3809b1-scaled.png\" \/>\n\t<meta property=\"og:image:width\" content=\"1200\" \/>\n\t<meta property=\"og:image:height\" content=\"500\" \/>\n\t<meta property=\"og:image:type\" content=\"image\/png\" \/>\n<meta name=\"author\" content=\"Camille Rouvray\" \/>\n<meta name=\"twitter:card\" content=\"summary_large_image\" \/>\n<script type=\"application\/ld+json\" class=\"yoast-schema-graph\">{\"@context\":\"https:\/\/schema.org\",\"@graph\":[{\"@type\":\"NewsArticle\",\"@id\":\"https:\/\/voyage-aventure.com\/blog\/a-la-une\/cinq-ans-apres-le-covid-le-desastre-des-restrictions-sur-le-secteur-du-voyage\/#article\",\"isPartOf\":{\"@id\":\"https:\/\/voyage-aventure.com\/blog\/a-la-une\/cinq-ans-apres-le-covid-le-desastre-des-restrictions-sur-le-secteur-du-voyage\/\"},\"author\":{\"name\":\"Camille Rouvray\",\"@id\":\"https:\/\/voyage-aventure.com\/blog\/#\/schema\/person\/3c864cdc320801e3db34b663e7e3f816\"},\"headline\":\"cinq ans apr\u00e8s le covid : le d\u00e9sastre des restrictions sur le secteur du voyage\",\"datePublished\":\"2025-03-17T14:13:16+00:00\",\"mainEntityOfPage\":{\"@id\":\"https:\/\/voyage-aventure.com\/blog\/a-la-une\/cinq-ans-apres-le-covid-le-desastre-des-restrictions-sur-le-secteur-du-voyage\/\"},\"wordCount\":547,\"commentCount\":29,\"publisher\":{\"@id\":\"https:\/\/voyage-aventure.com\/blog\/#organization\"},\"image\":{\"@id\":\"https:\/\/voyage-aventure.com\/blog\/a-la-une\/cinq-ans-apres-le-covid-le-desastre-des-restrictions-sur-le-secteur-du-voyage\/#primaryimage\"},\"thumbnailUrl\":\"https:\/\/voyage-aventure.com\/blog\/wp-content\/uploads\/2025\/05\/sdxl-d2431493103d8ef1e78dfccf3a3809b1-scaled.png\",\"keywords\":[\"Conditions M\u00e9t\u00e9orologiques\",\"Pr\u00e9paration\",\"S\u00e9curit\u00e9\",\"Tarifs Comp\u00e9titifs\",\"Voyage\"],\"articleSection\":[\"\u00c0 la une\"],\"inLanguage\":\"fr-FR\",\"potentialAction\":[{\"@type\":\"CommentAction\",\"name\":\"Comment\",\"target\":[\"https:\/\/voyage-aventure.com\/blog\/a-la-une\/cinq-ans-apres-le-covid-le-desastre-des-restrictions-sur-le-secteur-du-voyage\/#respond\"]}]},{\"@type\":\"WebPage\",\"@id\":\"https:\/\/voyage-aventure.com\/blog\/a-la-une\/cinq-ans-apres-le-covid-le-desastre-des-restrictions-sur-le-secteur-du-voyage\/\",\"url\":\"https:\/\/voyage-aventure.com\/blog\/a-la-une\/cinq-ans-apres-le-covid-le-desastre-des-restrictions-sur-le-secteur-du-voyage\/\",\"name\":\"cinq ans apr\u00e8s le covid : le d\u00e9sastre des restrictions sur\",\"isPartOf\":{\"@id\":\"https:\/\/voyage-aventure.com\/blog\/#website\"},\"primaryImageOfPage\":{\"@id\":\"https:\/\/voyage-aventure.com\/blog\/a-la-une\/cinq-ans-apres-le-covid-le-desastre-des-restrictions-sur-le-secteur-du-voyage\/#primaryimage\"},\"image\":{\"@id\":\"https:\/\/voyage-aventure.com\/blog\/a-la-une\/cinq-ans-apres-le-covid-le-desastre-des-restrictions-sur-le-secteur-du-voyage\/#primaryimage\"},\"thumbnailUrl\":\"https:\/\/voyage-aventure.com\/blog\/wp-content\/uploads\/2025\/05\/sdxl-d2431493103d8ef1e78dfccf3a3809b1-scaled.png\",\"datePublished\":\"2025-03-17T14:13:16+00:00\",\"description\":\"Les restrictions de voyage impos\u00e9es par les gouvernements ont eu un impact d\u00e9vastateur sur l'industrie du tourisme, autrefois florissante. De la fermeture\",\"inLanguage\":\"fr-FR\",\"potentialAction\":[{\"@type\":\"ReadAction\",\"target\":[\"https:\/\/voyage-aventure.com\/blog\/a-la-une\/cinq-ans-apres-le-covid-le-desastre-des-restrictions-sur-le-secteur-du-voyage\/\"]}]},{\"@type\":\"ImageObject\",\"inLanguage\":\"fr-FR\",\"@id\":\"https:\/\/voyage-aventure.com\/blog\/a-la-une\/cinq-ans-apres-le-covid-le-desastre-des-restrictions-sur-le-secteur-du-voyage\/#primaryimage\",\"url\":\"https:\/\/voyage-aventure.com\/blog\/wp-content\/uploads\/2025\/05\/sdxl-d2431493103d8ef1e78dfccf3a3809b1-scaled.png\",\"contentUrl\":\"https:\/\/voyage-aventure.com\/blog\/wp-content\/uploads\/2025\/05\/sdxl-d2431493103d8ef1e78dfccf3a3809b1-scaled.png\",\"width\":1200,\"height\":500},{\"@type\":\"WebSite\",\"@id\":\"https:\/\/voyage-aventure.com\/blog\/#website\",\"url\":\"https:\/\/voyage-aventure.com\/blog\/\",\"name\":\"voyage-aventure.com\",\"description\":\"Votre passeport pour l\u2019inattendu.\",\"publisher\":{\"@id\":\"https:\/\/voyage-aventure.com\/blog\/#organization\"},\"alternateName\":\"Votre passeport pour l\u2019inattendu.\",\"potentialAction\":[{\"@type\":\"SearchAction\",\"target\":{\"@type\":\"EntryPoint\",\"urlTemplate\":\"https:\/\/voyage-aventure.com\/blog\/?s={search_term_string}\"},\"query-input\":{\"@type\":\"PropertyValueSpecification\",\"valueRequired\":true,\"valueName\":\"search_term_string\"}}],\"inLanguage\":\"fr-FR\"},{\"@type\":\"Organization\",\"@id\":\"https:\/\/voyage-aventure.com\/blog\/#organization\",\"name\":\"Foretsensations.fr\",\"url\":\"https:\/\/voyage-aventure.com\/blog\/\",\"logo\":{\"@type\":\"ImageObject\",\"inLanguage\":\"fr-FR\",\"@id\":\"https:\/\/voyage-aventure.com\/blog\/#\/schema\/logo\/image\/\",\"url\":\"https:\/\/voyage-aventure.com\/blog\/wp-content\/uploads\/2024\/12\/19.png\",\"contentUrl\":\"https:\/\/voyage-aventure.com\/blog\/wp-content\/uploads\/2024\/12\/19.png\",\"width\":512,\"height\":512,\"caption\":\"Foretsensations.fr\"},\"image\":{\"@id\":\"https:\/\/voyage-aventure.com\/blog\/#\/schema\/logo\/image\/\"}},{\"@type\":\"Person\",\"@id\":\"https:\/\/voyage-aventure.com\/blog\/#\/schema\/person\/3c864cdc320801e3db34b663e7e3f816\",\"name\":\"Camille Rouvray\",\"image\":{\"@type\":\"ImageObject\",\"inLanguage\":\"fr-FR\",\"@id\":\"https:\/\/voyage-aventure.com\/blog\/#\/schema\/person\/image\/\",\"url\":\"https:\/\/voyage-aventure.com\/blog\/wp-content\/uploads\/2026\/06\/persona_camille-r-96x96.jpg\",\"contentUrl\":\"https:\/\/voyage-aventure.com\/blog\/wp-content\/uploads\/2026\/06\/persona_camille-r-96x96.jpg\",\"caption\":\"Camille Rouvray\"},\"description\":\"Je voyage et j'\u00e9cris sur le voyage depuis une douzaine d'ann\u00e9es, d'abord en tant que routarde au long cours, puis comme r\u00e9dactrice sp\u00e9cialis\u00e9e. Mon terrain de pr\u00e9dilection, ce sont les circuits organis\u00e9s et l'art de bien pr\u00e9parer un itin\u00e9raire : choix de la saison, dur\u00e9e r\u00e9aliste des \u00e9tapes, budget jour par jour, logement et transport sur place. J'aime aussi raconter les p\u00e9pites urbaines, ces adresses qu'on ne trouve pas dans les guides classiques. Avant de publier un dossier destination, je croise toujours plusieurs sources, je v\u00e9rifie les tarifs et les formalit\u00e9s d'entr\u00e9e \u00e0 jour, et je teste moi-m\u00eame quand je le peux. Mon angle reste pratique avant tout : aider le lecteur \u00e0 partir l'esprit tranquille, sans mauvaise surprise une fois sur place. Je m'attache \u00e0 distinguer le coup de c\u0153ur sinc\u00e8re du simple argument marketing.\",\"sameAs\":[\"https:\/\/camillerouvray.fr\/\"],\"url\":\"https:\/\/voyage-aventure.com\/blog\/auteur\/noname\/\"}]}<\/script>\n<!-- \/ Yoast SEO Premium plugin. -->","yoast_head_json":{"title":"cinq ans apr\u00e8s le covid : le d\u00e9sastre des restrictions sur","description":"Les restrictions de voyage impos\u00e9es par les gouvernements ont eu un impact d\u00e9vastateur sur l'industrie du tourisme, autrefois florissante. De la fermeture","robots":{"index":"index","follow":"follow","max-snippet":"max-snippet:-1","max-image-preview":"max-image-preview:large","max-video-preview":"max-video-preview:-1"},"canonical":"https:\/\/voyage-aventure.com\/blog\/a-la-une\/cinq-ans-apres-le-covid-le-desastre-des-restrictions-sur-le-secteur-du-voyage\/","og_locale":"fr_FR","og_type":"article","og_title":"cinq ans apr\u00e8s le covid : le d\u00e9sastre des restrictions sur","og_description":"Les restrictions de voyage impos\u00e9es par les gouvernements ont eu un impact d\u00e9vastateur sur l'industrie du tourisme, autrefois florissante. De la fermeture","og_url":"https:\/\/voyage-aventure.com\/blog\/a-la-une\/cinq-ans-apres-le-covid-le-desastre-des-restrictions-sur-le-secteur-du-voyage\/","og_site_name":"voyage-aventure","og_image":[{"width":1200,"height":500,"url":"https:\/\/voyage-aventure.com\/blog\/wp-content\/uploads\/2025\/05\/sdxl-d2431493103d8ef1e78dfccf3a3809b1-scaled.png","type":"image\/png"}],"author":"Camille Rouvray","twitter_card":"summary_large_image","schema":{"@context":"https:\/\/schema.org","@graph":[{"@type":"NewsArticle","@id":"https:\/\/voyage-aventure.com\/blog\/a-la-une\/cinq-ans-apres-le-covid-le-desastre-des-restrictions-sur-le-secteur-du-voyage\/#article","isPartOf":{"@id":"https:\/\/voyage-aventure.com\/blog\/a-la-une\/cinq-ans-apres-le-covid-le-desastre-des-restrictions-sur-le-secteur-du-voyage\/"},"author":{"name":"Camille Rouvray","@id":"https:\/\/voyage-aventure.com\/blog\/#\/schema\/person\/3c864cdc320801e3db34b663e7e3f816"},"headline":"cinq ans apr\u00e8s le covid : le d\u00e9sastre des restrictions sur le secteur du voyage","datePublished":"2025-03-17T14:13:16+00:00","mainEntityOfPage":{"@id":"https:\/\/voyage-aventure.com\/blog\/a-la-une\/cinq-ans-apres-le-covid-le-desastre-des-restrictions-sur-le-secteur-du-voyage\/"},"wordCount":547,"commentCount":29,"publisher":{"@id":"https:\/\/voyage-aventure.com\/blog\/#organization"},"image":{"@id":"https:\/\/voyage-aventure.com\/blog\/a-la-une\/cinq-ans-apres-le-covid-le-desastre-des-restrictions-sur-le-secteur-du-voyage\/#primaryimage"},"thumbnailUrl":"https:\/\/voyage-aventure.com\/blog\/wp-content\/uploads\/2025\/05\/sdxl-d2431493103d8ef1e78dfccf3a3809b1-scaled.png","keywords":["Conditions M\u00e9t\u00e9orologiques","Pr\u00e9paration","S\u00e9curit\u00e9","Tarifs Comp\u00e9titifs","Voyage"],"articleSection":["\u00c0 la une"],"inLanguage":"fr-FR","potentialAction":[{"@type":"CommentAction","name":"Comment","target":["https:\/\/voyage-aventure.com\/blog\/a-la-une\/cinq-ans-apres-le-covid-le-desastre-des-restrictions-sur-le-secteur-du-voyage\/#respond"]}]},{"@type":"WebPage","@id":"https:\/\/voyage-aventure.com\/blog\/a-la-une\/cinq-ans-apres-le-covid-le-desastre-des-restrictions-sur-le-secteur-du-voyage\/","url":"https:\/\/voyage-aventure.com\/blog\/a-la-une\/cinq-ans-apres-le-covid-le-desastre-des-restrictions-sur-le-secteur-du-voyage\/","name":"cinq ans apr\u00e8s le covid : le d\u00e9sastre des restrictions sur","isPartOf":{"@id":"https:\/\/voyage-aventure.com\/blog\/#website"},"primaryImageOfPage":{"@id":"https:\/\/voyage-aventure.com\/blog\/a-la-une\/cinq-ans-apres-le-covid-le-desastre-des-restrictions-sur-le-secteur-du-voyage\/#primaryimage"},"image":{"@id":"https:\/\/voyage-aventure.com\/blog\/a-la-une\/cinq-ans-apres-le-covid-le-desastre-des-restrictions-sur-le-secteur-du-voyage\/#primaryimage"},"thumbnailUrl":"https:\/\/voyage-aventure.com\/blog\/wp-content\/uploads\/2025\/05\/sdxl-d2431493103d8ef1e78dfccf3a3809b1-scaled.png","datePublished":"2025-03-17T14:13:16+00:00","description":"Les restrictions de voyage impos\u00e9es par les gouvernements ont eu un impact d\u00e9vastateur sur l'industrie du tourisme, autrefois florissante. De la fermeture","inLanguage":"fr-FR","potentialAction":[{"@type":"ReadAction","target":["https:\/\/voyage-aventure.com\/blog\/a-la-une\/cinq-ans-apres-le-covid-le-desastre-des-restrictions-sur-le-secteur-du-voyage\/"]}]},{"@type":"ImageObject","inLanguage":"fr-FR","@id":"https:\/\/voyage-aventure.com\/blog\/a-la-une\/cinq-ans-apres-le-covid-le-desastre-des-restrictions-sur-le-secteur-du-voyage\/#primaryimage","url":"https:\/\/voyage-aventure.com\/blog\/wp-content\/uploads\/2025\/05\/sdxl-d2431493103d8ef1e78dfccf3a3809b1-scaled.png","contentUrl":"https:\/\/voyage-aventure.com\/blog\/wp-content\/uploads\/2025\/05\/sdxl-d2431493103d8ef1e78dfccf3a3809b1-scaled.png","width":1200,"height":500},{"@type":"WebSite","@id":"https:\/\/voyage-aventure.com\/blog\/#website","url":"https:\/\/voyage-aventure.com\/blog\/","name":"voyage-aventure.com","description":"Votre passeport pour l\u2019inattendu.","publisher":{"@id":"https:\/\/voyage-aventure.com\/blog\/#organization"},"alternateName":"Votre passeport pour l\u2019inattendu.","potentialAction":[{"@type":"SearchAction","target":{"@type":"EntryPoint","urlTemplate":"https:\/\/voyage-aventure.com\/blog\/?s={search_term_string}"},"query-input":{"@type":"PropertyValueSpecification","valueRequired":true,"valueName":"search_term_string"}}],"inLanguage":"fr-FR"},{"@type":"Organization","@id":"https:\/\/voyage-aventure.com\/blog\/#organization","name":"Foretsensations.fr","url":"https:\/\/voyage-aventure.com\/blog\/","logo":{"@type":"ImageObject","inLanguage":"fr-FR","@id":"https:\/\/voyage-aventure.com\/blog\/#\/schema\/logo\/image\/","url":"https:\/\/voyage-aventure.com\/blog\/wp-content\/uploads\/2024\/12\/19.png","contentUrl":"https:\/\/voyage-aventure.com\/blog\/wp-content\/uploads\/2024\/12\/19.png","width":512,"height":512,"caption":"Foretsensations.fr"},"image":{"@id":"https:\/\/voyage-aventure.com\/blog\/#\/schema\/logo\/image\/"}},{"@type":"Person","@id":"https:\/\/voyage-aventure.com\/blog\/#\/schema\/person\/3c864cdc320801e3db34b663e7e3f816","name":"Camille Rouvray","image":{"@type":"ImageObject","inLanguage":"fr-FR","@id":"https:\/\/voyage-aventure.com\/blog\/#\/schema\/person\/image\/","url":"https:\/\/voyage-aventure.com\/blog\/wp-content\/uploads\/2026\/06\/persona_camille-r-96x96.jpg","contentUrl":"https:\/\/voyage-aventure.com\/blog\/wp-content\/uploads\/2026\/06\/persona_camille-r-96x96.jpg","caption":"Camille Rouvray"},"description":"Je voyage et j'\u00e9cris sur le voyage depuis une douzaine d'ann\u00e9es, d'abord en tant que routarde au long cours, puis comme r\u00e9dactrice sp\u00e9cialis\u00e9e. Mon terrain de pr\u00e9dilection, ce sont les circuits organis\u00e9s et l'art de bien pr\u00e9parer un itin\u00e9raire : choix de la saison, dur\u00e9e r\u00e9aliste des \u00e9tapes, budget jour par jour, logement et transport sur place. J'aime aussi raconter les p\u00e9pites urbaines, ces adresses qu'on ne trouve pas dans les guides classiques. Avant de publier un dossier destination, je croise toujours plusieurs sources, je v\u00e9rifie les tarifs et les formalit\u00e9s d'entr\u00e9e \u00e0 jour, et je teste moi-m\u00eame quand je le peux. Mon angle reste pratique avant tout : aider le lecteur \u00e0 partir l'esprit tranquille, sans mauvaise surprise une fois sur place. Je m'attache \u00e0 distinguer le coup de c\u0153ur sinc\u00e8re du simple argument marketing.","sameAs":["https:\/\/camillerouvray.fr\/"],"url":"https:\/\/voyage-aventure.com\/blog\/auteur\/noname\/"}]}},"_links":{"self":[{"href":"https:\/\/voyage-aventure.com\/blog\/wp-json\/wp\/v2\/posts\/15281","targetHints":{"allow":["GET"]}}],"collection":[{"href":"https:\/\/voyage-aventure.com\/blog\/wp-json\/wp\/v2\/posts"}],"about":[{"href":"https:\/\/voyage-aventure.com\/blog\/wp-json\/wp\/v2\/types\/post"}],"author":[{"embeddable":true,"href":"https:\/\/voyage-aventure.com\/blog\/wp-json\/wp\/v2\/users\/34"}],"replies":[{"embeddable":true,"href":"https:\/\/voyage-aventure.com\/blog\/wp-json\/wp\/v2\/comments?post=15281"}],"version-history":[{"count":1,"href":"https:\/\/voyage-aventure.com\/blog\/wp-json\/wp\/v2\/posts\/15281\/revisions"}],"predecessor-version":[{"id":15306,"href":"https:\/\/voyage-aventure.com\/blog\/wp-json\/wp\/v2\/posts\/15281\/revisions\/15306"}],"wp:featuredmedia":[{"embeddable":true,"href":"https:\/\/voyage-aventure.com\/blog\/wp-json\/wp\/v2\/media\/20409"}],"wp:attachment":[{"href":"https:\/\/voyage-aventure.com\/blog\/wp-json\/wp\/v2\/media?parent=15281"}],"wp:term":[{"taxonomy":"category","embeddable":true,"href":"https:\/\/voyage-aventure.com\/blog\/wp-json\/wp\/v2\/categories?post=15281"},{"taxonomy":"post_tag","embeddable":true,"href":"https:\/\/voyage-aventure.com\/blog\/wp-json\/wp\/v2\/tags?post=15281"}],"curies":[{"name":"wp","href":"https:\/\/api.w.org\/{rel}","templated":true}]}}