{"id":15278,"date":"2026-06-16T17:12:58","date_gmt":"2026-06-16T15:12:58","guid":{"rendered":"https:\/\/voyage-aventure.com\/blog\/?p=15278"},"modified":"2026-06-16T17:12:58","modified_gmt":"2026-06-16T15:12:58","slug":"des-defenseurs-des-droits-des-immigrants-dans-le-maine-se-preparent-a-une-interdiction-de-voyage","status":"publish","type":"post","link":"https:\/\/voyage-aventure.com\/blog\/a-la-une\/des-defenseurs-des-droits-des-immigrants-dans-le-maine-se-preparent-a-une-interdiction-de-voyage\/","title":{"rendered":"Des d\u00e9fenseurs des droits des immigrants dans le Maine se pr\u00e9parent \u00e0 une interdiction de voyage"},"content":{"rendered":"<link rel=\"stylesheet\" href=\"https:\/\/fonts.googleapis.com\/css2?family=Newsreader:ital,opsz,wght@0,6..72,500..700;1,6..72,500..600&#038;family=Inter:wght@400;500;600&#038;family=JetBrains+Mono:wght@500&#038;display=swap\">\n<style>\n.van-actu-wrap{font-family:'Inter',system-ui,sans-serif;color:#1b2430;line-height:1.65;font-size:17px;max-width:760px;margin:0 auto}\n.van-actu-wrap h2{font-family:'Newsreader',Georgia,serif;font-weight:700;font-size:clamp(24px,3.2vw,33px);line-height:1.2;letter-spacing:-.01em;color:#14304f;margin:48px 0 14px}\n.van-actu-wrap h3{font-family:'Newsreader',Georgia,serif;font-weight:600;font-size:clamp(19px,2.3vw,23px);color:#1b2430;margin:26px 0 10px}\n.van-actu-wrap p{margin:0 0 18px}\n.van-actu-dateline{font-family:'JetBrains Mono',monospace;font-size:12.5px;letter-spacing:.05em;text-transform:uppercase;color:#3f6aa3;display:flex;align-items:center;gap:10px;margin:0 0 18px}\n.van-actu-dateline span{height:1px;flex:1;background:linear-gradient(90deg,#3f6aa3,transparent)}\n.van-actu-lead{font-family:'Newsreader',Georgia,serif;font-size:clamp(19px,2.4vw,22px);line-height:1.5;color:#33414f;font-style:italic;margin:0 0 30px}\n.van-actu-ess{background:#f2f6fb;border:1px solid #d8e4f1;border-left:5px solid #3f6aa3;border-radius:12px;padding:22px 26px;margin:0 0 34px;box-shadow:0 1px 2px rgba(16,24,40,.05),0 12px 28px -18px rgba(20,48,79,.22)}\n.van-actu-ess .van-actu-esstit{font-family:'JetBrains Mono',monospace;font-size:12px;letter-spacing:.12em;text-transform:uppercase;color:#3f6aa3;margin:0 0 14px}\n.van-actu-ess ul{margin:0;padding:0;list-style:none}\n.van-actu-ess li{position:relative;padding:0 0 0 26px;margin:0 0 12px;font-size:16px}\n.van-actu-ess li:last-child{margin:0}\n.van-actu-ess li:before{content:\"\";position:absolute;left:0;top:8px;width:9px;height:9px;border-radius:50%;background:#3f6aa3}\n.van-actu-ess li b{color:#14304f}\n.van-actu-quote{border-left:4px solid #3f6aa3;padding:6px 0 6px 26px;margin:34px 0;font-family:'Newsreader',Georgia,serif;font-style:italic;font-size:clamp(20px,2.7vw,26px);line-height:1.4;color:#14304f}\n.van-actu-quote .van-actu-cite{display:block;margin-top:12px;font-family:'JetBrains Mono',monospace;font-style:normal;font-size:12.5px;letter-spacing:.04em;text-transform:uppercase;color:#5a7491}\n.van-actu-points{display:grid;grid-template-columns:repeat(auto-fit,minmax(220px,1fr));gap:18px;margin:30px 0}\n.van-actu-card{background:#fff;border:1px solid #e2e8f0;border-top:3px solid #3f6aa3;border-radius:12px;padding:20px 22px;transition:.25s ease;box-shadow:0 1px 2px rgba(16,24,40,.05)}\n.van-actu-card:hover{transform:translateY(-3px);box-shadow:0 1px 2px rgba(16,24,40,.05),0 16px 32px -18px rgba(20,48,79,.3);border-color:#cdd9e8}\n.van-actu-card .van-actu-num{font-family:'JetBrains Mono',monospace;font-size:12px;color:#3f6aa3;letter-spacing:.08em}\n.van-actu-card .van-actu-ct{font-family:'Newsreader',Georgia,serif;font-weight:600;font-size:18px;color:#14304f;margin:8px 0 6px}\n.van-actu-card .van-actu-txt{font-size:15px;color:#46535f;line-height:1.55}\n.van-actu-retenir{background:#14304f;color:#eaf1f9;border-radius:14px;padding:26px 30px;margin:44px 0}\n.van-actu-retenir .van-actu-rtit{font-family:'JetBrains Mono',monospace;font-size:12px;letter-spacing:.12em;text-transform:uppercase;color:#9cc0e8;margin:0 0 16px}\n.van-actu-retenir ul{margin:0;padding:0;list-style:none}\n.van-actu-retenir li{position:relative;padding:0 0 0 24px;margin:0 0 12px;font-size:16px;line-height:1.5}\n.van-actu-retenir li:last-child{margin:0}\n.van-actu-retenir li:before{content:\"\u2192\";position:absolute;left:0;color:#7fb0e6;font-weight:700}\n.van-actu-faq{margin:40px 0 0}\n.van-actu-faq details{border:1px solid #e2e8f0;border-radius:10px;padding:0 20px;margin:0 0 12px;transition:.25s ease;background:#fff}\n.van-actu-faq details[open]{border-color:#cdd9e8;box-shadow:0 8px 22px -16px rgba(20,48,79,.3)}\n.van-actu-faq summary{cursor:pointer;font-family:'Newsreader',Georgia,serif;font-weight:600;font-size:18px;color:#14304f;padding:18px 0;list-style:none;display:flex;justify-content:space-between;gap:14px}\n.van-actu-faq summary::-webkit-details-marker{display:none}\n.van-actu-faq summary:after{content:\"+\";color:#3f6aa3;font-size:24px;line-height:1}\n.van-actu-faq details[open] summary:after{content:\"\u2212\"}\n.van-actu-faq .van-actu-ans{padding:0 0 18px;font-size:16px;color:#46535f;line-height:1.6}\n.van-actu-note{font-size:14px;color:#6b7785;border-top:1px solid #e2e8f0;padding-top:16px;margin-top:40px;font-style:italic}\n\/*RENDERFIX2*\/.van-actu-dateline span{color:#eef3f9!important}.van-actu-dateline span p,.van-actu-dateline span li,.van-actu-dateline span strong,.van-actu-dateline span em,.van-actu-dateline span a,.van-actu-dateline span span,.van-actu-dateline span b,.van-actu-dateline span td,.van-actu-dateline span th,.van-actu-dateline span h2,.van-actu-dateline span h3,.van-actu-dateline span h4{color:#eef3f9!important}.van-actu-dateline span strong,.van-actu-dateline span b{color:#ffffff!important}.van-actu-ess li:before{color:#eef3f9!important}.van-actu-ess li:before p,.van-actu-ess li:before li,.van-actu-ess li:before strong,.van-actu-ess li:before em,.van-actu-ess li:before a,.van-actu-ess li:before span,.van-actu-ess li:before b,.van-actu-ess li:before td,.van-actu-ess li:before th,.van-actu-ess li:before h2,.van-actu-ess li:before h3,.van-actu-ess li:before h4{color:#eef3f9!important}.van-actu-ess li:before strong,.van-actu-ess li:before b{color:#ffffff!important}.van-actu-retenir{color:#eef3f9!important}.van-actu-retenir p,.van-actu-retenir li,.van-actu-retenir strong,.van-actu-retenir em,.van-actu-retenir a,.van-actu-retenir span,.van-actu-retenir b,.van-actu-retenir td,.van-actu-retenir th,.van-actu-retenir h2,.van-actu-retenir h3,.van-actu-retenir h4{color:#eef3f9!important}.van-actu-retenir strong,.van-actu-retenir b{color:#ffffff!important}<\/style>\n<div class=\"van-actu-wrap\">\n<div class=\"van-actu-dateline\">Maine, \u00c9tats-Unis \u00b7 Immigration <span><\/span><\/div>\n<div class=\"van-actu-lead\">Dans le Maine, les d\u00e9fenseurs des droits des immigrants s&rsquo;organisent face \u00e0 un projet de restriction des voyages port\u00e9 par l&rsquo;administration Trump, qui viserait les ressortissants de 43 pays. Objectif affich\u00e9 des associations : pr\u00e9parer un soutien juridique et rassurer des communaut\u00e9s d\u00e9j\u00e0 fragilis\u00e9es par l&rsquo;incertitude.<\/div>\n<div class=\"van-actu-ess\">\n<div class=\"van-actu-esstit\">L&rsquo;essentiel<\/div>\n<ul>\n<li><b>Quoi \u2014<\/b> un projet d&rsquo;interdiction de voyage visant les ressortissants de 43 pays, dont la Somalie, l&rsquo;Angola et le Soudan.<\/li>\n<li><b>Qui \u2014<\/b> la Coalition des droits des immigrants du Maine, r\u00e9seau de d\u00e9fense \u00e0 l&rsquo;\u00e9chelle de l&rsquo;\u00c9tat, qui pr\u00e9pare une aide juridique.<\/li>\n<li><b>Pourquoi \u00e7a compte \u2014<\/b> de nombreux immigrants du Maine viennent de ces pays ; la mesure ferait peser une lourde incertitude sur des milliers de familles.<\/li>\n<\/ul>\n<\/div>\n<h2>Une mobilisation croissante contre la restriction des voyages<\/h2>\n<p>Cette initiative \u00e9manant de l&rsquo;administration Trump vise \u00e0 restreindre l&rsquo;entr\u00e9e aux \u00c9tats-Unis pour les ressortissants de 43 pays. Parmi ces pays figurent des nations comme la Somalie, l&rsquo;Angola et le Soudan, d&rsquo;o\u00f9 proviennent de nombreux immigrants vivant dans le Maine.<\/p>\n<p>La Coalition des droits des immigrants du Maine, un r\u00e9seau de d\u00e9fense \u00e0 l&rsquo;\u00e9chelle de l&rsquo;\u00c9tat, se pr\u00e9pare activement \u00e0 apporter un soutien juridique aux personnes qui risquent d&rsquo;\u00eatre touch\u00e9es. Elle \u00e9labore un plan pour cette aide et souhaite rassurer les communaut\u00e9s concern\u00e9es face \u00e0 l&rsquo;incertitude. Cette mobilisation vise \u00e0 garantir que les droits des immigrants soient respect\u00e9s et prot\u00e9g\u00e9s.<\/p>\n<h2>Un message de solidarit\u00e9 et d&rsquo;inclusion<\/h2>\n<p>Mufalo Chitam, membre de la Coalition des droits des immigrants du Maine, a exprim\u00e9 des pr\u00e9occupations profondes concernant l&rsquo;impact \u00e9motionnel d&rsquo;une telle interdiction. Selon ses mots, une mesure de ce type adresse un signal de rejet aux personnes install\u00e9es dans l&rsquo;\u00c9tat.<\/p>\n<div class=\"van-actu-quote\">\n\u00ab Vous ne vous sentez pas \u00e0 votre place. Vous ne vous sentez pas bienvenu. Cela envoie un message tr\u00e8s n\u00e9gatif aux personnes qui vivent ici, leur faisant croire qu&rsquo;elles n&rsquo;appartiennent pas. \u00bb<br \/>\n<span class=\"van-actu-cite\">\u2014 Mufalo Chitam, Coalition des droits des immigrants du Maine<\/span>\n<\/div>\n<p>Cette d\u00e9claration met en lumi\u00e8re les effets psychologiques que peuvent avoir les politiques d&rsquo;immigration restrictives sur les communaut\u00e9s. Les immigrants, souvent d\u00e9j\u00e0 vuln\u00e9rables, ressentent le poids de ces d\u00e9cisions qui remettent en question leur statut et leur avenir. La coalition s&rsquo;efforce de cr\u00e9er un environnement o\u00f9 chaque individu se sent valoris\u00e9 et soutenu.<\/p>\n<h2>Les implications d&rsquo;une interdiction de voyage<\/h2>\n<p>La possibilit\u00e9 d&rsquo;un nouveau bannissement pourrait engendrer des cons\u00e9quences importantes pour des milliers de familles. Les organisations de d\u00e9fense des droits estiment qu&rsquo;une telle mesure n&rsquo;affecterait pas seulement les nouveaux arrivants, mais aussi ceux qui ont d\u00e9j\u00e0 construit leur vie dans le Maine. Le climat d&rsquo;incertitude qui en d\u00e9coule peut provoquer des tensions au sein de la communaut\u00e9.<\/p>\n<p>Un responsable am\u00e9ricain a sugg\u00e9r\u00e9 que des modifications pourraient \u00eatre apport\u00e9es \u00e0 la liste des pays concern\u00e9s par cette interdiction. Cela soul\u00e8ve la question de savoir comment ces d\u00e9cisions sont prises et qui serait r\u00e9ellement impact\u00e9. Les d\u00e9fenseurs des droits des immigrants continuent de surveiller la situation de pr\u00e8s, pr\u00eats \u00e0 r\u00e9agir pour prot\u00e9ger les plus vuln\u00e9rables.<\/p>\n<h3>Ce que la coalition met en avant<\/h3>\n<div class=\"van-actu-points\">\n<div class=\"van-actu-card\">\n<div class=\"van-actu-num\">01<\/div>\n<div class=\"van-actu-ct\">Soutien juridique<\/div>\n<div class=\"van-actu-txt\">Pr\u00e9paration d&rsquo;un plan d&rsquo;aide pour accompagner les personnes susceptibles d&rsquo;\u00eatre touch\u00e9es par la mesure.<\/div>\n<\/div>\n<div class=\"van-actu-card\">\n<div class=\"van-actu-num\">02<\/div>\n<div class=\"van-actu-ct\">Impact \u00e9motionnel<\/div>\n<div class=\"van-actu-txt\">Une attention port\u00e9e aux effets psychologiques sur des communaut\u00e9s immigr\u00e9es d\u00e9j\u00e0 vuln\u00e9rables.<\/div>\n<\/div>\n<div class=\"van-actu-card\">\n<div class=\"van-actu-num\">03<\/div>\n<div class=\"van-actu-ct\">Incertitude<\/div>\n<div class=\"van-actu-txt\">Des contours flous : la liste des pays concern\u00e9s pourrait encore \u00e9voluer selon un responsable am\u00e9ricain.<\/div>\n<\/div>\n<div class=\"van-actu-card\">\n<div class=\"van-actu-num\">04<\/div>\n<div class=\"van-actu-ct\">Inclusion<\/div>\n<div class=\"van-actu-txt\">Un appel \u00e0 une soci\u00e9t\u00e9 plus solidaire, o\u00f9 chaque personne install\u00e9e se sent reconnue et soutenue.<\/div>\n<\/div>\n<\/div>\n<div class=\"van-actu-retenir\">\n<div class=\"van-actu-rtit\">\u00c0 retenir<\/div>\n<ul>\n<li>Le projet d&rsquo;interdiction viserait les ressortissants de 43 pays, dont plusieurs nations d&rsquo;origine d&rsquo;immigrants du Maine.<\/li>\n<li>La Coalition des droits des immigrants du Maine pr\u00e9pare un dispositif de soutien juridique.<\/li>\n<li>Au-del\u00e0 du droit, l&rsquo;enjeu soulev\u00e9 est \u00e9motionnel : sentiment d&rsquo;exclusion dans les communaut\u00e9s concern\u00e9es.<\/li>\n<li>La liste des pays concern\u00e9s reste susceptible d&rsquo;\u00e9voluer, entretenant l&rsquo;incertitude.<\/li>\n<\/ul>\n<\/div>\n<div class=\"van-actu-faq\">\n<details>\n<summary>Quels pays seraient vis\u00e9s par cette interdiction de voyage ?<\/summary>\n<div class=\"van-actu-ans\">Le projet viserait les ressortissants de 43 pays. L&rsquo;article cite notamment la Somalie, l&rsquo;Angola et le Soudan, d&rsquo;o\u00f9 proviennent de nombreux immigrants vivant dans le Maine. Un responsable am\u00e9ricain a indiqu\u00e9 que cette liste pourrait encore \u00eatre modifi\u00e9e.<\/div>\n<\/details>\n<details>\n<summary>Que fait la Coalition des droits des immigrants du Maine ?<\/summary>\n<div class=\"van-actu-ans\">Ce r\u00e9seau de d\u00e9fense \u00e0 l&rsquo;\u00e9chelle de l&rsquo;\u00c9tat pr\u00e9pare un plan de soutien juridique pour les personnes qui risquent d&rsquo;\u00eatre touch\u00e9es et cherche \u00e0 rassurer les communaut\u00e9s concern\u00e9es face \u00e0 l&rsquo;incertitude.<\/div>\n<\/details>\n<details>\n<summary>Qui serait concern\u00e9 dans le Maine ?<\/summary>\n<div class=\"van-actu-ans\">Selon les organisations de d\u00e9fense des droits, la mesure n&rsquo;affecterait pas seulement les nouveaux arrivants, mais aussi des personnes qui ont d\u00e9j\u00e0 construit leur vie dans l&rsquo;\u00c9tat.<\/div>\n<\/details>\n<\/div>\n<div class=\"van-actu-note\">Cet article relate une situation \u00e0 un instant donn\u00e9 et ne constitue pas un conseil juridique. Pour toute d\u00e9marche individuelle li\u00e9e \u00e0 l&rsquo;immigration, il est recommand\u00e9 de se rapprocher d&rsquo;un professionnel du droit ou d&rsquo;une organisation d&rsquo;aide comp\u00e9tente.<\/div>\n<\/div>\n","protected":false},"excerpt":{"rendered":"","protected":false},"author":34,"featured_media":19806,"comment_status":"open","ping_status":"open","sticky":false,"template":"","format":"standard","meta":{"_acf_changed":false,"manual_indexmenow":false,"indexmenow_id_project":0,"footnotes":""},"categories":[1],"tags":[4646,4221,5688,3170,4635],"class_list":["post-15278","post","type-post","status-publish","format-standard","has-post-thumbnail","hentry","category-a-la-une","tag-assistance","tag-culture","tag-relations-internationales","tag-securite","tag-voyage","generate-columns","tablet-grid-50","mobile-grid-100","grid-parent","grid-25"],"acf":[],"yoast_head":"<!-- This site is optimized with the Yoast SEO Premium plugin v21.3 (Yoast SEO v25.1) - https:\/\/yoast.com\/wordpress\/plugins\/seo\/ -->\n<title>Des d\u00e9fenseurs des droits des immigrants dans le Maine se<\/title>\n<meta name=\"description\" content=\"Dans le Maine, les d\u00e9fenseurs des droits des immigrants s&#039;organisent face \u00e0 un projet de restriction des voyages port\u00e9 par l&#039;administration Trump, qui\" \/>\n<meta name=\"robots\" content=\"index, follow, max-snippet:-1, max-image-preview:large, max-video-preview:-1\" \/>\n<link rel=\"canonical\" href=\"https:\/\/voyage-aventure.com\/blog\/a-la-une\/des-defenseurs-des-droits-des-immigrants-dans-le-maine-se-preparent-a-une-interdiction-de-voyage\/\" \/>\n<meta property=\"og:locale\" content=\"fr_FR\" \/>\n<meta property=\"og:type\" content=\"article\" \/>\n<meta property=\"og:title\" content=\"Des d\u00e9fenseurs des droits des immigrants dans le Maine se\" \/>\n<meta property=\"og:description\" content=\"Dans le Maine, les d\u00e9fenseurs des droits des immigrants s&#039;organisent face \u00e0 un projet de restriction des voyages port\u00e9 par l&#039;administration Trump, qui\" \/>\n<meta property=\"og:url\" content=\"https:\/\/voyage-aventure.com\/blog\/a-la-une\/des-defenseurs-des-droits-des-immigrants-dans-le-maine-se-preparent-a-une-interdiction-de-voyage\/\" \/>\n<meta property=\"og:site_name\" content=\"voyage-aventure\" \/>\n<meta property=\"og:image\" content=\"https:\/\/voyage-aventure.com\/blog\/wp-content\/uploads\/2025\/05\/sdxl-d92f77393a0f2649e8ef4ca6fd55f00d-scaled.png\" \/>\n\t<meta property=\"og:image:width\" content=\"1200\" \/>\n\t<meta property=\"og:image:height\" content=\"500\" \/>\n\t<meta property=\"og:image:type\" content=\"image\/png\" \/>\n<meta name=\"author\" content=\"Camille Rouvray\" \/>\n<meta name=\"twitter:card\" content=\"summary_large_image\" \/>\n<script type=\"application\/ld+json\" class=\"yoast-schema-graph\">{\"@context\":\"https:\/\/schema.org\",\"@graph\":[{\"@type\":\"NewsArticle\",\"@id\":\"https:\/\/voyage-aventure.com\/blog\/a-la-une\/des-defenseurs-des-droits-des-immigrants-dans-le-maine-se-preparent-a-une-interdiction-de-voyage\/#article\",\"isPartOf\":{\"@id\":\"https:\/\/voyage-aventure.com\/blog\/a-la-une\/des-defenseurs-des-droits-des-immigrants-dans-le-maine-se-preparent-a-une-interdiction-de-voyage\/\"},\"author\":{\"name\":\"Camille Rouvray\",\"@id\":\"https:\/\/voyage-aventure.com\/blog\/#\/schema\/person\/3c864cdc320801e3db34b663e7e3f816\"},\"headline\":\"Des d\u00e9fenseurs des droits des immigrants dans le Maine se pr\u00e9parent \u00e0 une interdiction de voyage\",\"datePublished\":\"2026-06-16T15:12:58+00:00\",\"mainEntityOfPage\":{\"@id\":\"https:\/\/voyage-aventure.com\/blog\/a-la-une\/des-defenseurs-des-droits-des-immigrants-dans-le-maine-se-preparent-a-une-interdiction-de-voyage\/\"},\"wordCount\":888,\"commentCount\":25,\"publisher\":{\"@id\":\"https:\/\/voyage-aventure.com\/blog\/#organization\"},\"image\":{\"@id\":\"https:\/\/voyage-aventure.com\/blog\/a-la-une\/des-defenseurs-des-droits-des-immigrants-dans-le-maine-se-preparent-a-une-interdiction-de-voyage\/#primaryimage\"},\"thumbnailUrl\":\"https:\/\/voyage-aventure.com\/blog\/wp-content\/uploads\/2025\/05\/sdxl-d92f77393a0f2649e8ef4ca6fd55f00d-scaled.png\",\"keywords\":[\"Assistance\",\"Culture\",\"Relations Internationales\",\"S\u00e9curit\u00e9\",\"Voyage\"],\"articleSection\":[\"\u00c0 la une\"],\"inLanguage\":\"fr-FR\",\"potentialAction\":[{\"@type\":\"CommentAction\",\"name\":\"Comment\",\"target\":[\"https:\/\/voyage-aventure.com\/blog\/a-la-une\/des-defenseurs-des-droits-des-immigrants-dans-le-maine-se-preparent-a-une-interdiction-de-voyage\/#respond\"]}]},{\"@type\":\"WebPage\",\"@id\":\"https:\/\/voyage-aventure.com\/blog\/a-la-une\/des-defenseurs-des-droits-des-immigrants-dans-le-maine-se-preparent-a-une-interdiction-de-voyage\/\",\"url\":\"https:\/\/voyage-aventure.com\/blog\/a-la-une\/des-defenseurs-des-droits-des-immigrants-dans-le-maine-se-preparent-a-une-interdiction-de-voyage\/\",\"name\":\"Des d\u00e9fenseurs des droits des immigrants dans le Maine se\",\"isPartOf\":{\"@id\":\"https:\/\/voyage-aventure.com\/blog\/#website\"},\"primaryImageOfPage\":{\"@id\":\"https:\/\/voyage-aventure.com\/blog\/a-la-une\/des-defenseurs-des-droits-des-immigrants-dans-le-maine-se-preparent-a-une-interdiction-de-voyage\/#primaryimage\"},\"image\":{\"@id\":\"https:\/\/voyage-aventure.com\/blog\/a-la-une\/des-defenseurs-des-droits-des-immigrants-dans-le-maine-se-preparent-a-une-interdiction-de-voyage\/#primaryimage\"},\"thumbnailUrl\":\"https:\/\/voyage-aventure.com\/blog\/wp-content\/uploads\/2025\/05\/sdxl-d92f77393a0f2649e8ef4ca6fd55f00d-scaled.png\",\"datePublished\":\"2026-06-16T15:12:58+00:00\",\"description\":\"Dans le Maine, les d\u00e9fenseurs des droits des immigrants s'organisent face \u00e0 un projet de restriction des voyages port\u00e9 par l'administration Trump, qui\",\"inLanguage\":\"fr-FR\",\"potentialAction\":[{\"@type\":\"ReadAction\",\"target\":[\"https:\/\/voyage-aventure.com\/blog\/a-la-une\/des-defenseurs-des-droits-des-immigrants-dans-le-maine-se-preparent-a-une-interdiction-de-voyage\/\"]}]},{\"@type\":\"ImageObject\",\"inLanguage\":\"fr-FR\",\"@id\":\"https:\/\/voyage-aventure.com\/blog\/a-la-une\/des-defenseurs-des-droits-des-immigrants-dans-le-maine-se-preparent-a-une-interdiction-de-voyage\/#primaryimage\",\"url\":\"https:\/\/voyage-aventure.com\/blog\/wp-content\/uploads\/2025\/05\/sdxl-d92f77393a0f2649e8ef4ca6fd55f00d-scaled.png\",\"contentUrl\":\"https:\/\/voyage-aventure.com\/blog\/wp-content\/uploads\/2025\/05\/sdxl-d92f77393a0f2649e8ef4ca6fd55f00d-scaled.png\",\"width\":1200,\"height\":500},{\"@type\":\"WebSite\",\"@id\":\"https:\/\/voyage-aventure.com\/blog\/#website\",\"url\":\"https:\/\/voyage-aventure.com\/blog\/\",\"name\":\"voyage-aventure.com\",\"description\":\"Votre passeport pour l\u2019inattendu.\",\"publisher\":{\"@id\":\"https:\/\/voyage-aventure.com\/blog\/#organization\"},\"alternateName\":\"Votre passeport pour l\u2019inattendu.\",\"potentialAction\":[{\"@type\":\"SearchAction\",\"target\":{\"@type\":\"EntryPoint\",\"urlTemplate\":\"https:\/\/voyage-aventure.com\/blog\/?s={search_term_string}\"},\"query-input\":{\"@type\":\"PropertyValueSpecification\",\"valueRequired\":true,\"valueName\":\"search_term_string\"}}],\"inLanguage\":\"fr-FR\"},{\"@type\":\"Organization\",\"@id\":\"https:\/\/voyage-aventure.com\/blog\/#organization\",\"name\":\"Foretsensations.fr\",\"url\":\"https:\/\/voyage-aventure.com\/blog\/\",\"logo\":{\"@type\":\"ImageObject\",\"inLanguage\":\"fr-FR\",\"@id\":\"https:\/\/voyage-aventure.com\/blog\/#\/schema\/logo\/image\/\",\"url\":\"https:\/\/voyage-aventure.com\/blog\/wp-content\/uploads\/2024\/12\/19.png\",\"contentUrl\":\"https:\/\/voyage-aventure.com\/blog\/wp-content\/uploads\/2024\/12\/19.png\",\"width\":512,\"height\":512,\"caption\":\"Foretsensations.fr\"},\"image\":{\"@id\":\"https:\/\/voyage-aventure.com\/blog\/#\/schema\/logo\/image\/\"}},{\"@type\":\"Person\",\"@id\":\"https:\/\/voyage-aventure.com\/blog\/#\/schema\/person\/3c864cdc320801e3db34b663e7e3f816\",\"name\":\"Camille Rouvray\",\"image\":{\"@type\":\"ImageObject\",\"inLanguage\":\"fr-FR\",\"@id\":\"https:\/\/voyage-aventure.com\/blog\/#\/schema\/person\/image\/\",\"url\":\"https:\/\/voyage-aventure.com\/blog\/wp-content\/uploads\/2026\/06\/persona_camille-r-96x96.jpg\",\"contentUrl\":\"https:\/\/voyage-aventure.com\/blog\/wp-content\/uploads\/2026\/06\/persona_camille-r-96x96.jpg\",\"caption\":\"Camille Rouvray\"},\"description\":\"Je voyage et j'\u00e9cris sur le voyage depuis une douzaine d'ann\u00e9es, d'abord en tant que routarde au long cours, puis comme r\u00e9dactrice sp\u00e9cialis\u00e9e. Mon terrain de pr\u00e9dilection, ce sont les circuits organis\u00e9s et l'art de bien pr\u00e9parer un itin\u00e9raire : choix de la saison, dur\u00e9e r\u00e9aliste des \u00e9tapes, budget jour par jour, logement et transport sur place. J'aime aussi raconter les p\u00e9pites urbaines, ces adresses qu'on ne trouve pas dans les guides classiques. Avant de publier un dossier destination, je croise toujours plusieurs sources, je v\u00e9rifie les tarifs et les formalit\u00e9s d'entr\u00e9e \u00e0 jour, et je teste moi-m\u00eame quand je le peux. Mon angle reste pratique avant tout : aider le lecteur \u00e0 partir l'esprit tranquille, sans mauvaise surprise une fois sur place. Je m'attache \u00e0 distinguer le coup de c\u0153ur sinc\u00e8re du simple argument marketing.\",\"sameAs\":[\"https:\/\/camillerouvray.fr\/\"],\"url\":\"https:\/\/voyage-aventure.com\/blog\/auteur\/noname\/\"}]}<\/script>\n<!-- \/ Yoast SEO Premium plugin. -->","yoast_head_json":{"title":"Des d\u00e9fenseurs des droits des immigrants dans le Maine se","description":"Dans le Maine, les d\u00e9fenseurs des droits des immigrants s'organisent face \u00e0 un projet de restriction des voyages port\u00e9 par l'administration Trump, qui","robots":{"index":"index","follow":"follow","max-snippet":"max-snippet:-1","max-image-preview":"max-image-preview:large","max-video-preview":"max-video-preview:-1"},"canonical":"https:\/\/voyage-aventure.com\/blog\/a-la-une\/des-defenseurs-des-droits-des-immigrants-dans-le-maine-se-preparent-a-une-interdiction-de-voyage\/","og_locale":"fr_FR","og_type":"article","og_title":"Des d\u00e9fenseurs des droits des immigrants dans le Maine se","og_description":"Dans le Maine, les d\u00e9fenseurs des droits des immigrants s'organisent face \u00e0 un projet de restriction des voyages port\u00e9 par l'administration Trump, qui","og_url":"https:\/\/voyage-aventure.com\/blog\/a-la-une\/des-defenseurs-des-droits-des-immigrants-dans-le-maine-se-preparent-a-une-interdiction-de-voyage\/","og_site_name":"voyage-aventure","og_image":[{"width":1200,"height":500,"url":"https:\/\/voyage-aventure.com\/blog\/wp-content\/uploads\/2025\/05\/sdxl-d92f77393a0f2649e8ef4ca6fd55f00d-scaled.png","type":"image\/png"}],"author":"Camille Rouvray","twitter_card":"summary_large_image","schema":{"@context":"https:\/\/schema.org","@graph":[{"@type":"NewsArticle","@id":"https:\/\/voyage-aventure.com\/blog\/a-la-une\/des-defenseurs-des-droits-des-immigrants-dans-le-maine-se-preparent-a-une-interdiction-de-voyage\/#article","isPartOf":{"@id":"https:\/\/voyage-aventure.com\/blog\/a-la-une\/des-defenseurs-des-droits-des-immigrants-dans-le-maine-se-preparent-a-une-interdiction-de-voyage\/"},"author":{"name":"Camille Rouvray","@id":"https:\/\/voyage-aventure.com\/blog\/#\/schema\/person\/3c864cdc320801e3db34b663e7e3f816"},"headline":"Des d\u00e9fenseurs des droits des immigrants dans le Maine se pr\u00e9parent \u00e0 une interdiction de voyage","datePublished":"2026-06-16T15:12:58+00:00","mainEntityOfPage":{"@id":"https:\/\/voyage-aventure.com\/blog\/a-la-une\/des-defenseurs-des-droits-des-immigrants-dans-le-maine-se-preparent-a-une-interdiction-de-voyage\/"},"wordCount":888,"commentCount":25,"publisher":{"@id":"https:\/\/voyage-aventure.com\/blog\/#organization"},"image":{"@id":"https:\/\/voyage-aventure.com\/blog\/a-la-une\/des-defenseurs-des-droits-des-immigrants-dans-le-maine-se-preparent-a-une-interdiction-de-voyage\/#primaryimage"},"thumbnailUrl":"https:\/\/voyage-aventure.com\/blog\/wp-content\/uploads\/2025\/05\/sdxl-d92f77393a0f2649e8ef4ca6fd55f00d-scaled.png","keywords":["Assistance","Culture","Relations Internationales","S\u00e9curit\u00e9","Voyage"],"articleSection":["\u00c0 la une"],"inLanguage":"fr-FR","potentialAction":[{"@type":"CommentAction","name":"Comment","target":["https:\/\/voyage-aventure.com\/blog\/a-la-une\/des-defenseurs-des-droits-des-immigrants-dans-le-maine-se-preparent-a-une-interdiction-de-voyage\/#respond"]}]},{"@type":"WebPage","@id":"https:\/\/voyage-aventure.com\/blog\/a-la-une\/des-defenseurs-des-droits-des-immigrants-dans-le-maine-se-preparent-a-une-interdiction-de-voyage\/","url":"https:\/\/voyage-aventure.com\/blog\/a-la-une\/des-defenseurs-des-droits-des-immigrants-dans-le-maine-se-preparent-a-une-interdiction-de-voyage\/","name":"Des d\u00e9fenseurs des droits des immigrants dans le Maine se","isPartOf":{"@id":"https:\/\/voyage-aventure.com\/blog\/#website"},"primaryImageOfPage":{"@id":"https:\/\/voyage-aventure.com\/blog\/a-la-une\/des-defenseurs-des-droits-des-immigrants-dans-le-maine-se-preparent-a-une-interdiction-de-voyage\/#primaryimage"},"image":{"@id":"https:\/\/voyage-aventure.com\/blog\/a-la-une\/des-defenseurs-des-droits-des-immigrants-dans-le-maine-se-preparent-a-une-interdiction-de-voyage\/#primaryimage"},"thumbnailUrl":"https:\/\/voyage-aventure.com\/blog\/wp-content\/uploads\/2025\/05\/sdxl-d92f77393a0f2649e8ef4ca6fd55f00d-scaled.png","datePublished":"2026-06-16T15:12:58+00:00","description":"Dans le Maine, les d\u00e9fenseurs des droits des immigrants s'organisent face \u00e0 un projet de restriction des voyages port\u00e9 par l'administration Trump, qui","inLanguage":"fr-FR","potentialAction":[{"@type":"ReadAction","target":["https:\/\/voyage-aventure.com\/blog\/a-la-une\/des-defenseurs-des-droits-des-immigrants-dans-le-maine-se-preparent-a-une-interdiction-de-voyage\/"]}]},{"@type":"ImageObject","inLanguage":"fr-FR","@id":"https:\/\/voyage-aventure.com\/blog\/a-la-une\/des-defenseurs-des-droits-des-immigrants-dans-le-maine-se-preparent-a-une-interdiction-de-voyage\/#primaryimage","url":"https:\/\/voyage-aventure.com\/blog\/wp-content\/uploads\/2025\/05\/sdxl-d92f77393a0f2649e8ef4ca6fd55f00d-scaled.png","contentUrl":"https:\/\/voyage-aventure.com\/blog\/wp-content\/uploads\/2025\/05\/sdxl-d92f77393a0f2649e8ef4ca6fd55f00d-scaled.png","width":1200,"height":500},{"@type":"WebSite","@id":"https:\/\/voyage-aventure.com\/blog\/#website","url":"https:\/\/voyage-aventure.com\/blog\/","name":"voyage-aventure.com","description":"Votre passeport pour l\u2019inattendu.","publisher":{"@id":"https:\/\/voyage-aventure.com\/blog\/#organization"},"alternateName":"Votre passeport pour l\u2019inattendu.","potentialAction":[{"@type":"SearchAction","target":{"@type":"EntryPoint","urlTemplate":"https:\/\/voyage-aventure.com\/blog\/?s={search_term_string}"},"query-input":{"@type":"PropertyValueSpecification","valueRequired":true,"valueName":"search_term_string"}}],"inLanguage":"fr-FR"},{"@type":"Organization","@id":"https:\/\/voyage-aventure.com\/blog\/#organization","name":"Foretsensations.fr","url":"https:\/\/voyage-aventure.com\/blog\/","logo":{"@type":"ImageObject","inLanguage":"fr-FR","@id":"https:\/\/voyage-aventure.com\/blog\/#\/schema\/logo\/image\/","url":"https:\/\/voyage-aventure.com\/blog\/wp-content\/uploads\/2024\/12\/19.png","contentUrl":"https:\/\/voyage-aventure.com\/blog\/wp-content\/uploads\/2024\/12\/19.png","width":512,"height":512,"caption":"Foretsensations.fr"},"image":{"@id":"https:\/\/voyage-aventure.com\/blog\/#\/schema\/logo\/image\/"}},{"@type":"Person","@id":"https:\/\/voyage-aventure.com\/blog\/#\/schema\/person\/3c864cdc320801e3db34b663e7e3f816","name":"Camille Rouvray","image":{"@type":"ImageObject","inLanguage":"fr-FR","@id":"https:\/\/voyage-aventure.com\/blog\/#\/schema\/person\/image\/","url":"https:\/\/voyage-aventure.com\/blog\/wp-content\/uploads\/2026\/06\/persona_camille-r-96x96.jpg","contentUrl":"https:\/\/voyage-aventure.com\/blog\/wp-content\/uploads\/2026\/06\/persona_camille-r-96x96.jpg","caption":"Camille Rouvray"},"description":"Je voyage et j'\u00e9cris sur le voyage depuis une douzaine d'ann\u00e9es, d'abord en tant que routarde au long cours, puis comme r\u00e9dactrice sp\u00e9cialis\u00e9e. Mon terrain de pr\u00e9dilection, ce sont les circuits organis\u00e9s et l'art de bien pr\u00e9parer un itin\u00e9raire : choix de la saison, dur\u00e9e r\u00e9aliste des \u00e9tapes, budget jour par jour, logement et transport sur place. J'aime aussi raconter les p\u00e9pites urbaines, ces adresses qu'on ne trouve pas dans les guides classiques. Avant de publier un dossier destination, je croise toujours plusieurs sources, je v\u00e9rifie les tarifs et les formalit\u00e9s d'entr\u00e9e \u00e0 jour, et je teste moi-m\u00eame quand je le peux. Mon angle reste pratique avant tout : aider le lecteur \u00e0 partir l'esprit tranquille, sans mauvaise surprise une fois sur place. Je m'attache \u00e0 distinguer le coup de c\u0153ur sinc\u00e8re du simple argument marketing.","sameAs":["https:\/\/camillerouvray.fr\/"],"url":"https:\/\/voyage-aventure.com\/blog\/auteur\/noname\/"}]}},"_links":{"self":[{"href":"https:\/\/voyage-aventure.com\/blog\/wp-json\/wp\/v2\/posts\/15278","targetHints":{"allow":["GET"]}}],"collection":[{"href":"https:\/\/voyage-aventure.com\/blog\/wp-json\/wp\/v2\/posts"}],"about":[{"href":"https:\/\/voyage-aventure.com\/blog\/wp-json\/wp\/v2\/types\/post"}],"author":[{"embeddable":true,"href":"https:\/\/voyage-aventure.com\/blog\/wp-json\/wp\/v2\/users\/34"}],"replies":[{"embeddable":true,"href":"https:\/\/voyage-aventure.com\/blog\/wp-json\/wp\/v2\/comments?post=15278"}],"version-history":[{"count":3,"href":"https:\/\/voyage-aventure.com\/blog\/wp-json\/wp\/v2\/posts\/15278\/revisions"}],"predecessor-version":[{"id":22800,"href":"https:\/\/voyage-aventure.com\/blog\/wp-json\/wp\/v2\/posts\/15278\/revisions\/22800"}],"wp:featuredmedia":[{"embeddable":true,"href":"https:\/\/voyage-aventure.com\/blog\/wp-json\/wp\/v2\/media\/19806"}],"wp:attachment":[{"href":"https:\/\/voyage-aventure.com\/blog\/wp-json\/wp\/v2\/media?parent=15278"}],"wp:term":[{"taxonomy":"category","embeddable":true,"href":"https:\/\/voyage-aventure.com\/blog\/wp-json\/wp\/v2\/categories?post=15278"},{"taxonomy":"post_tag","embeddable":true,"href":"https:\/\/voyage-aventure.com\/blog\/wp-json\/wp\/v2\/tags?post=15278"}],"curies":[{"name":"wp","href":"https:\/\/api.w.org\/{rel}","templated":true}]}}