{"id":15274,"date":"2025-03-19T15:47:34","date_gmt":"2025-03-19T14:47:34","guid":{"rendered":"https:\/\/voyage-aventure.com\/blog\/?p=15274"},"modified":"2025-03-19T15:47:34","modified_gmt":"2025-03-19T14:47:34","slug":"decouvrez-la-baviere-votre-destination-ideale-pour-un-ete-ou-un-hiver-inoubliable","status":"publish","type":"post","link":"https:\/\/voyage-aventure.com\/blog\/a-la-une\/decouvrez-la-baviere-votre-destination-ideale-pour-un-ete-ou-un-hiver-inoubliable\/","title":{"rendered":"D\u00e9couvrez la Bavi\u00e8re : votre destination id\u00e9ale pour un \u00e9t\u00e9 ou un hiver inoubliable"},"content":{"rendered":"<h2>Un aper\u00e7u de la Bavi\u00e8re<\/h2>\n<p>La Bavi\u00e8re, r\u00e9gion embl\u00e9matique du sud-est de l&rsquo;Allemagne, est un v\u00e9ritable tr\u00e9sor pour les amoureux de la nature et de l&rsquo;histoire. Avec ses paysages montagneux, ses vastes for\u00eats et ses ch\u00e2teaux f\u00e9eriques, elle attire chaque ann\u00e9e des millions de visiteurs en qu\u00eate d&rsquo;aventures. Que vous soyez passionn\u00e9 d&rsquo;histoire, amateur de gastronomie ou adepte d&rsquo;activit\u00e9s en plein air, la Bavi\u00e8re a quelque chose \u00e0 offrir \u00e0 chacun.<\/p>\n<p>Cette r\u00e9gion se distingue \u00e9galement par sa culture vibrante et ses traditions bien ancr\u00e9es. Les Bavarois sont connus pour leur convivialit\u00e9 et leur sens de la f\u00eate, ce qui rend chaque visite m\u00e9morable. En \u00e9t\u00e9 comme en hiver, les festivals et \u00e9v\u00e9nements locaux rythment la vie en Bavi\u00e8re, vous plongeant dans une atmosph\u00e8re festive et chaleureuse.<\/p>\n<h2>Les merveilles \u00e0 d\u00e9couvrir en Bavi\u00e8re<\/h2>\n<p>Visiter la Bavi\u00e8re, c&rsquo;est s&rsquo;immerger dans un patrimoine riche et vari\u00e9. Les ch\u00e2teaux, tels que le c\u00e9l\u00e8bre Neuschwanstein, attirent des touristes du monde entier. Ces monuments historiques ne sont pas seulement des attractions touristiques, ils racontent l&rsquo;histoire fascinante de la r\u00e9gion et de ses anciens souverains.<\/p>\n<blockquote><p>\n\u00ab\u00a0Chaque coin de la Bavi\u00e8re a une histoire \u00e0 raconter.\u00a0\u00bb\n<\/p><\/blockquote>\n<p>En dehors des ch\u00e2teaux, les villes comme Munich et Nuremberg offrent des tr\u00e9sors architecturaux et culturels. La Marienplatz \u00e0 Munich, avec sa fa\u00e7ade impressionnante, et le ch\u00e2teau imp\u00e9rial de Nuremberg sont des exemples parfaits de l&rsquo;h\u00e9ritage architectural bavarois. Ces lieux vous transporteront dans le pass\u00e9, tout en vous permettant de profiter des d\u00e9lices culinaires locaux.<\/p>\n<h2>Les sp\u00e9cialit\u00e9s culinaires \u00e0 ne pas manquer<\/h2>\n<p>La gastronomie bavaroise est un v\u00e9ritable festin pour les sens. Parmi les plats embl\u00e9matiques, la Wei\u00dfwurst, une saucisse blanche servie avec de la moutarde douce, est un incontournable. Accompagn\u00e9e d&rsquo;un bretzel, elle offre une exp\u00e9rience gustative unique.<\/p>\n<p>Voici quelques autres sp\u00e9cialit\u00e9s \u00e0 d\u00e9couvrir durant votre s\u00e9jour :<\/p>\n<ul>\n<li>Le Schweinshaxe : jarret de porc r\u00f4ti croustillant, souvent servi avec des boulettes de pommes de terre.<\/li>\n<li>Le Leberk\u00e4se : un pain de viande savoureux, populaire dans les Biergarten.<\/li>\n<li>L&rsquo;Apfelstrudel : un strudel aux pommes, d\u00e9licieusement croustillant, parfait pour le dessert.<\/li>\n<\/ul>\n<p>Ces plats, typiquement bavarois, refl\u00e8tent la richesse et la diversit\u00e9 de la cuisine locale. N&rsquo;h\u00e9sitez pas \u00e0 les d\u00e9guster dans des brasseries traditionnelles pour une exp\u00e9rience authentique.<\/p>\n<p><iframe loading=\"lazy\" title=\"H\u00f4tels Dans Le Centre De Munich\" width=\"1200\" height=\"675\" src=\"https:\/\/www.youtube.com\/embed\/2EJFSpO7B6U?feature=oembed\" frameborder=\"0\" allow=\"accelerometer; autoplay; clipboard-write; encrypted-media; gyroscope; picture-in-picture; web-share\" referrerpolicy=\"strict-origin-when-cross-origin\" allowfullscreen><\/iframe><\/p>\n<h2>Quand visiter la Bavi\u00e8re ?<\/h2>\n<p>La Bavi\u00e8re est une destination agr\u00e9able tout au long de l&rsquo;ann\u00e9e. En \u00e9t\u00e9, les temp\u00e9ratures cl\u00e9mentes et les festivals animent la r\u00e9gion, id\u00e9ale pour les activit\u00e9s de plein air. Les randonn\u00e9es dans les Alpes ou les visites de ch\u00e2teaux sont des musts durant cette saison.<\/p>\n<p>\u00c0 l&rsquo;inverse, l&rsquo;hiver transforme la Bavi\u00e8re en un v\u00e9ritable pays des merveilles. Les march\u00e9s de No\u00ebl, tels que celui d&rsquo;Alt\u00f6tting, offrent une atmosph\u00e8re magique. Les stations de ski, comme Garmisch-Partenkirchen, attirent les amateurs de sports d&rsquo;hiver, avec des pistes adapt\u00e9es \u00e0 tous les niveaux.<\/p>\n<h2>Planifier votre voyage en Bavi\u00e8re<\/h2>\n<p>Pour garantir un s\u00e9jour m\u00e9morable en Bavi\u00e8re, une bonne planification est essentielle. Que vous optiez pour une escapade de quelques jours ou des vacances prolong\u00e9es, il est important de r\u00e9server vos h\u00e9bergements et de pr\u00e9voir vos transports \u00e0 l&rsquo;avance. Cela vous permettra d&rsquo;optimiser votre temps et de d\u00e9couvrir les merveilles de la r\u00e9gion.<\/p>\n<p>Si vous ne disposez pas de voiture, le r\u00e9seau de transports en commun est bien d\u00e9velopp\u00e9. Les trains et bus relient efficacement les principales villes et attractions touristiques. Ainsi, il est tout \u00e0 fait possible de profiter de la Bavi\u00e8re sans v\u00e9hicule personnel.<\/p>\n<p>En r\u00e9sum\u00e9, la Bavi\u00e8re est une destination fascinante qui m\u00e9rite d&rsquo;\u00eatre explor\u00e9e. Que vous soyez attir\u00e9 par son histoire, sa gastronomie ou ses paysages, vous serez combl\u00e9 par tout ce que cette r\u00e9gion a \u00e0 offrir. Alors n&rsquo;attendez plus, pr\u00e9parez votre voyage et partez \u00e0 la d\u00e9couverte de la Bavi\u00e8re, une exp\u00e9rience inoubliable vous attend !<\/p>\n","protected":false},"excerpt":{"rendered":"","protected":false},"author":34,"featured_media":20577,"comment_status":"open","ping_status":"open","sticky":false,"template":"","format":"standard","meta":{"_acf_changed":false,"manual_indexmenow":false,"indexmenow_id_project":0,"footnotes":""},"categories":[1],"tags":[4542,4527,4535,4528,4526],"class_list":["post-15274","post","type-post","status-publish","format-standard","has-post-thumbnail","hentry","category-a-la-une","tag-activites-de-plein-air","tag-decouverte-culturelle","tag-gastronomie-locale","tag-hebergement-abordable","tag-voyage-economique","generate-columns","tablet-grid-50","mobile-grid-100","grid-parent","grid-25"],"acf":[],"yoast_head":"<!-- This site is optimized with the Yoast SEO Premium plugin v21.3 (Yoast SEO v25.1) - https:\/\/yoast.com\/wordpress\/plugins\/seo\/ -->\n<title>D\u00e9couvrez la Bavi\u00e8re : votre destination id\u00e9ale pour un \u00e9t\u00e9<\/title>\n<meta name=\"description\" content=\"La Bavi\u00e8re, r\u00e9gion embl\u00e9matique du sud-est de l&#039;Allemagne, est un v\u00e9ritable tr\u00e9sor pour les amoureux de la nature et de l&#039;histoire. Avec ses paysages\" \/>\n<meta name=\"robots\" content=\"index, follow, max-snippet:-1, max-image-preview:large, max-video-preview:-1\" \/>\n<link rel=\"canonical\" href=\"https:\/\/voyage-aventure.com\/blog\/a-la-une\/decouvrez-la-baviere-votre-destination-ideale-pour-un-ete-ou-un-hiver-inoubliable\/\" \/>\n<meta property=\"og:locale\" content=\"fr_FR\" \/>\n<meta property=\"og:type\" content=\"article\" \/>\n<meta property=\"og:title\" content=\"D\u00e9couvrez la Bavi\u00e8re : votre destination id\u00e9ale pour un \u00e9t\u00e9\" \/>\n<meta property=\"og:description\" content=\"La Bavi\u00e8re, r\u00e9gion embl\u00e9matique du sud-est de l&#039;Allemagne, est un v\u00e9ritable tr\u00e9sor pour les amoureux de la nature et de l&#039;histoire. Avec ses paysages\" \/>\n<meta property=\"og:url\" content=\"https:\/\/voyage-aventure.com\/blog\/a-la-une\/decouvrez-la-baviere-votre-destination-ideale-pour-un-ete-ou-un-hiver-inoubliable\/\" \/>\n<meta property=\"og:site_name\" content=\"voyage-aventure\" \/>\n<meta property=\"og:image\" content=\"https:\/\/voyage-aventure.com\/blog\/wp-content\/uploads\/2025\/05\/sdxl-13e48d50758eeb7b33dff031a9b5336f-scaled.png\" \/>\n\t<meta property=\"og:image:width\" content=\"1200\" \/>\n\t<meta property=\"og:image:height\" content=\"500\" \/>\n\t<meta property=\"og:image:type\" content=\"image\/png\" \/>\n<meta name=\"author\" content=\"Camille Rouvray\" \/>\n<meta name=\"twitter:card\" content=\"summary_large_image\" \/>\n<script type=\"application\/ld+json\" class=\"yoast-schema-graph\">{\"@context\":\"https:\/\/schema.org\",\"@graph\":[{\"@type\":\"NewsArticle\",\"@id\":\"https:\/\/voyage-aventure.com\/blog\/a-la-une\/decouvrez-la-baviere-votre-destination-ideale-pour-un-ete-ou-un-hiver-inoubliable\/#article\",\"isPartOf\":{\"@id\":\"https:\/\/voyage-aventure.com\/blog\/a-la-une\/decouvrez-la-baviere-votre-destination-ideale-pour-un-ete-ou-un-hiver-inoubliable\/\"},\"author\":{\"name\":\"Camille Rouvray\",\"@id\":\"https:\/\/voyage-aventure.com\/blog\/#\/schema\/person\/3c864cdc320801e3db34b663e7e3f816\"},\"headline\":\"D\u00e9couvrez la Bavi\u00e8re : votre destination id\u00e9ale pour un \u00e9t\u00e9 ou un hiver inoubliable\",\"datePublished\":\"2025-03-19T14:47:34+00:00\",\"mainEntityOfPage\":{\"@id\":\"https:\/\/voyage-aventure.com\/blog\/a-la-une\/decouvrez-la-baviere-votre-destination-ideale-pour-un-ete-ou-un-hiver-inoubliable\/\"},\"wordCount\":735,\"commentCount\":20,\"publisher\":{\"@id\":\"https:\/\/voyage-aventure.com\/blog\/#organization\"},\"image\":{\"@id\":\"https:\/\/voyage-aventure.com\/blog\/a-la-une\/decouvrez-la-baviere-votre-destination-ideale-pour-un-ete-ou-un-hiver-inoubliable\/#primaryimage\"},\"thumbnailUrl\":\"https:\/\/voyage-aventure.com\/blog\/wp-content\/uploads\/2025\/05\/sdxl-13e48d50758eeb7b33dff031a9b5336f-scaled.png\",\"keywords\":[\"Activit\u00e9s de Plein Air\",\"D\u00e9couverte Culturelle\",\"Gastronomie Locale\",\"H\u00e9bergement Abordable\",\"Voyage \u00c9conomique\"],\"articleSection\":[\"\u00c0 la une\"],\"inLanguage\":\"fr-FR\",\"potentialAction\":[{\"@type\":\"CommentAction\",\"name\":\"Comment\",\"target\":[\"https:\/\/voyage-aventure.com\/blog\/a-la-une\/decouvrez-la-baviere-votre-destination-ideale-pour-un-ete-ou-un-hiver-inoubliable\/#respond\"]}]},{\"@type\":\"WebPage\",\"@id\":\"https:\/\/voyage-aventure.com\/blog\/a-la-une\/decouvrez-la-baviere-votre-destination-ideale-pour-un-ete-ou-un-hiver-inoubliable\/\",\"url\":\"https:\/\/voyage-aventure.com\/blog\/a-la-une\/decouvrez-la-baviere-votre-destination-ideale-pour-un-ete-ou-un-hiver-inoubliable\/\",\"name\":\"D\u00e9couvrez la Bavi\u00e8re : votre destination id\u00e9ale pour un \u00e9t\u00e9\",\"isPartOf\":{\"@id\":\"https:\/\/voyage-aventure.com\/blog\/#website\"},\"primaryImageOfPage\":{\"@id\":\"https:\/\/voyage-aventure.com\/blog\/a-la-une\/decouvrez-la-baviere-votre-destination-ideale-pour-un-ete-ou-un-hiver-inoubliable\/#primaryimage\"},\"image\":{\"@id\":\"https:\/\/voyage-aventure.com\/blog\/a-la-une\/decouvrez-la-baviere-votre-destination-ideale-pour-un-ete-ou-un-hiver-inoubliable\/#primaryimage\"},\"thumbnailUrl\":\"https:\/\/voyage-aventure.com\/blog\/wp-content\/uploads\/2025\/05\/sdxl-13e48d50758eeb7b33dff031a9b5336f-scaled.png\",\"datePublished\":\"2025-03-19T14:47:34+00:00\",\"description\":\"La Bavi\u00e8re, r\u00e9gion embl\u00e9matique du sud-est de l'Allemagne, est un v\u00e9ritable tr\u00e9sor pour les amoureux de la nature et de l'histoire. Avec ses paysages\",\"inLanguage\":\"fr-FR\",\"potentialAction\":[{\"@type\":\"ReadAction\",\"target\":[\"https:\/\/voyage-aventure.com\/blog\/a-la-une\/decouvrez-la-baviere-votre-destination-ideale-pour-un-ete-ou-un-hiver-inoubliable\/\"]}]},{\"@type\":\"ImageObject\",\"inLanguage\":\"fr-FR\",\"@id\":\"https:\/\/voyage-aventure.com\/blog\/a-la-une\/decouvrez-la-baviere-votre-destination-ideale-pour-un-ete-ou-un-hiver-inoubliable\/#primaryimage\",\"url\":\"https:\/\/voyage-aventure.com\/blog\/wp-content\/uploads\/2025\/05\/sdxl-13e48d50758eeb7b33dff031a9b5336f-scaled.png\",\"contentUrl\":\"https:\/\/voyage-aventure.com\/blog\/wp-content\/uploads\/2025\/05\/sdxl-13e48d50758eeb7b33dff031a9b5336f-scaled.png\",\"width\":1200,\"height\":500},{\"@type\":\"WebSite\",\"@id\":\"https:\/\/voyage-aventure.com\/blog\/#website\",\"url\":\"https:\/\/voyage-aventure.com\/blog\/\",\"name\":\"voyage-aventure.com\",\"description\":\"Votre passeport pour l\u2019inattendu.\",\"publisher\":{\"@id\":\"https:\/\/voyage-aventure.com\/blog\/#organization\"},\"alternateName\":\"Votre passeport pour l\u2019inattendu.\",\"potentialAction\":[{\"@type\":\"SearchAction\",\"target\":{\"@type\":\"EntryPoint\",\"urlTemplate\":\"https:\/\/voyage-aventure.com\/blog\/?s={search_term_string}\"},\"query-input\":{\"@type\":\"PropertyValueSpecification\",\"valueRequired\":true,\"valueName\":\"search_term_string\"}}],\"inLanguage\":\"fr-FR\"},{\"@type\":\"Organization\",\"@id\":\"https:\/\/voyage-aventure.com\/blog\/#organization\",\"name\":\"Foretsensations.fr\",\"url\":\"https:\/\/voyage-aventure.com\/blog\/\",\"logo\":{\"@type\":\"ImageObject\",\"inLanguage\":\"fr-FR\",\"@id\":\"https:\/\/voyage-aventure.com\/blog\/#\/schema\/logo\/image\/\",\"url\":\"https:\/\/voyage-aventure.com\/blog\/wp-content\/uploads\/2024\/12\/19.png\",\"contentUrl\":\"https:\/\/voyage-aventure.com\/blog\/wp-content\/uploads\/2024\/12\/19.png\",\"width\":512,\"height\":512,\"caption\":\"Foretsensations.fr\"},\"image\":{\"@id\":\"https:\/\/voyage-aventure.com\/blog\/#\/schema\/logo\/image\/\"}},{\"@type\":\"Person\",\"@id\":\"https:\/\/voyage-aventure.com\/blog\/#\/schema\/person\/3c864cdc320801e3db34b663e7e3f816\",\"name\":\"Camille Rouvray\",\"image\":{\"@type\":\"ImageObject\",\"inLanguage\":\"fr-FR\",\"@id\":\"https:\/\/voyage-aventure.com\/blog\/#\/schema\/person\/image\/\",\"url\":\"https:\/\/voyage-aventure.com\/blog\/wp-content\/uploads\/2026\/06\/persona_camille-r-96x96.jpg\",\"contentUrl\":\"https:\/\/voyage-aventure.com\/blog\/wp-content\/uploads\/2026\/06\/persona_camille-r-96x96.jpg\",\"caption\":\"Camille Rouvray\"},\"description\":\"Je voyage et j'\u00e9cris sur le voyage depuis une douzaine d'ann\u00e9es, d'abord en tant que routarde au long cours, puis comme r\u00e9dactrice sp\u00e9cialis\u00e9e. Mon terrain de pr\u00e9dilection, ce sont les circuits organis\u00e9s et l'art de bien pr\u00e9parer un itin\u00e9raire : choix de la saison, dur\u00e9e r\u00e9aliste des \u00e9tapes, budget jour par jour, logement et transport sur place. J'aime aussi raconter les p\u00e9pites urbaines, ces adresses qu'on ne trouve pas dans les guides classiques. Avant de publier un dossier destination, je croise toujours plusieurs sources, je v\u00e9rifie les tarifs et les formalit\u00e9s d'entr\u00e9e \u00e0 jour, et je teste moi-m\u00eame quand je le peux. Mon angle reste pratique avant tout : aider le lecteur \u00e0 partir l'esprit tranquille, sans mauvaise surprise une fois sur place. Je m'attache \u00e0 distinguer le coup de c\u0153ur sinc\u00e8re du simple argument marketing.\",\"sameAs\":[\"https:\/\/camillerouvray.fr\/\"],\"url\":\"https:\/\/voyage-aventure.com\/blog\/auteur\/noname\/\"}]}<\/script>\n<!-- \/ Yoast SEO Premium plugin. -->","yoast_head_json":{"title":"D\u00e9couvrez la Bavi\u00e8re : votre destination id\u00e9ale pour un \u00e9t\u00e9","description":"La Bavi\u00e8re, r\u00e9gion embl\u00e9matique du sud-est de l'Allemagne, est un v\u00e9ritable tr\u00e9sor pour les amoureux de la nature et de l'histoire. Avec ses paysages","robots":{"index":"index","follow":"follow","max-snippet":"max-snippet:-1","max-image-preview":"max-image-preview:large","max-video-preview":"max-video-preview:-1"},"canonical":"https:\/\/voyage-aventure.com\/blog\/a-la-une\/decouvrez-la-baviere-votre-destination-ideale-pour-un-ete-ou-un-hiver-inoubliable\/","og_locale":"fr_FR","og_type":"article","og_title":"D\u00e9couvrez la Bavi\u00e8re : votre destination id\u00e9ale pour un \u00e9t\u00e9","og_description":"La Bavi\u00e8re, r\u00e9gion embl\u00e9matique du sud-est de l'Allemagne, est un v\u00e9ritable tr\u00e9sor pour les amoureux de la nature et de l'histoire. Avec ses paysages","og_url":"https:\/\/voyage-aventure.com\/blog\/a-la-une\/decouvrez-la-baviere-votre-destination-ideale-pour-un-ete-ou-un-hiver-inoubliable\/","og_site_name":"voyage-aventure","og_image":[{"width":1200,"height":500,"url":"https:\/\/voyage-aventure.com\/blog\/wp-content\/uploads\/2025\/05\/sdxl-13e48d50758eeb7b33dff031a9b5336f-scaled.png","type":"image\/png"}],"author":"Camille Rouvray","twitter_card":"summary_large_image","schema":{"@context":"https:\/\/schema.org","@graph":[{"@type":"NewsArticle","@id":"https:\/\/voyage-aventure.com\/blog\/a-la-une\/decouvrez-la-baviere-votre-destination-ideale-pour-un-ete-ou-un-hiver-inoubliable\/#article","isPartOf":{"@id":"https:\/\/voyage-aventure.com\/blog\/a-la-une\/decouvrez-la-baviere-votre-destination-ideale-pour-un-ete-ou-un-hiver-inoubliable\/"},"author":{"name":"Camille Rouvray","@id":"https:\/\/voyage-aventure.com\/blog\/#\/schema\/person\/3c864cdc320801e3db34b663e7e3f816"},"headline":"D\u00e9couvrez la Bavi\u00e8re : votre destination id\u00e9ale pour un \u00e9t\u00e9 ou un hiver inoubliable","datePublished":"2025-03-19T14:47:34+00:00","mainEntityOfPage":{"@id":"https:\/\/voyage-aventure.com\/blog\/a-la-une\/decouvrez-la-baviere-votre-destination-ideale-pour-un-ete-ou-un-hiver-inoubliable\/"},"wordCount":735,"commentCount":20,"publisher":{"@id":"https:\/\/voyage-aventure.com\/blog\/#organization"},"image":{"@id":"https:\/\/voyage-aventure.com\/blog\/a-la-une\/decouvrez-la-baviere-votre-destination-ideale-pour-un-ete-ou-un-hiver-inoubliable\/#primaryimage"},"thumbnailUrl":"https:\/\/voyage-aventure.com\/blog\/wp-content\/uploads\/2025\/05\/sdxl-13e48d50758eeb7b33dff031a9b5336f-scaled.png","keywords":["Activit\u00e9s de Plein Air","D\u00e9couverte Culturelle","Gastronomie Locale","H\u00e9bergement Abordable","Voyage \u00c9conomique"],"articleSection":["\u00c0 la une"],"inLanguage":"fr-FR","potentialAction":[{"@type":"CommentAction","name":"Comment","target":["https:\/\/voyage-aventure.com\/blog\/a-la-une\/decouvrez-la-baviere-votre-destination-ideale-pour-un-ete-ou-un-hiver-inoubliable\/#respond"]}]},{"@type":"WebPage","@id":"https:\/\/voyage-aventure.com\/blog\/a-la-une\/decouvrez-la-baviere-votre-destination-ideale-pour-un-ete-ou-un-hiver-inoubliable\/","url":"https:\/\/voyage-aventure.com\/blog\/a-la-une\/decouvrez-la-baviere-votre-destination-ideale-pour-un-ete-ou-un-hiver-inoubliable\/","name":"D\u00e9couvrez la Bavi\u00e8re : votre destination id\u00e9ale pour un \u00e9t\u00e9","isPartOf":{"@id":"https:\/\/voyage-aventure.com\/blog\/#website"},"primaryImageOfPage":{"@id":"https:\/\/voyage-aventure.com\/blog\/a-la-une\/decouvrez-la-baviere-votre-destination-ideale-pour-un-ete-ou-un-hiver-inoubliable\/#primaryimage"},"image":{"@id":"https:\/\/voyage-aventure.com\/blog\/a-la-une\/decouvrez-la-baviere-votre-destination-ideale-pour-un-ete-ou-un-hiver-inoubliable\/#primaryimage"},"thumbnailUrl":"https:\/\/voyage-aventure.com\/blog\/wp-content\/uploads\/2025\/05\/sdxl-13e48d50758eeb7b33dff031a9b5336f-scaled.png","datePublished":"2025-03-19T14:47:34+00:00","description":"La Bavi\u00e8re, r\u00e9gion embl\u00e9matique du sud-est de l'Allemagne, est un v\u00e9ritable tr\u00e9sor pour les amoureux de la nature et de l'histoire. Avec ses paysages","inLanguage":"fr-FR","potentialAction":[{"@type":"ReadAction","target":["https:\/\/voyage-aventure.com\/blog\/a-la-une\/decouvrez-la-baviere-votre-destination-ideale-pour-un-ete-ou-un-hiver-inoubliable\/"]}]},{"@type":"ImageObject","inLanguage":"fr-FR","@id":"https:\/\/voyage-aventure.com\/blog\/a-la-une\/decouvrez-la-baviere-votre-destination-ideale-pour-un-ete-ou-un-hiver-inoubliable\/#primaryimage","url":"https:\/\/voyage-aventure.com\/blog\/wp-content\/uploads\/2025\/05\/sdxl-13e48d50758eeb7b33dff031a9b5336f-scaled.png","contentUrl":"https:\/\/voyage-aventure.com\/blog\/wp-content\/uploads\/2025\/05\/sdxl-13e48d50758eeb7b33dff031a9b5336f-scaled.png","width":1200,"height":500},{"@type":"WebSite","@id":"https:\/\/voyage-aventure.com\/blog\/#website","url":"https:\/\/voyage-aventure.com\/blog\/","name":"voyage-aventure.com","description":"Votre passeport pour l\u2019inattendu.","publisher":{"@id":"https:\/\/voyage-aventure.com\/blog\/#organization"},"alternateName":"Votre passeport pour l\u2019inattendu.","potentialAction":[{"@type":"SearchAction","target":{"@type":"EntryPoint","urlTemplate":"https:\/\/voyage-aventure.com\/blog\/?s={search_term_string}"},"query-input":{"@type":"PropertyValueSpecification","valueRequired":true,"valueName":"search_term_string"}}],"inLanguage":"fr-FR"},{"@type":"Organization","@id":"https:\/\/voyage-aventure.com\/blog\/#organization","name":"Foretsensations.fr","url":"https:\/\/voyage-aventure.com\/blog\/","logo":{"@type":"ImageObject","inLanguage":"fr-FR","@id":"https:\/\/voyage-aventure.com\/blog\/#\/schema\/logo\/image\/","url":"https:\/\/voyage-aventure.com\/blog\/wp-content\/uploads\/2024\/12\/19.png","contentUrl":"https:\/\/voyage-aventure.com\/blog\/wp-content\/uploads\/2024\/12\/19.png","width":512,"height":512,"caption":"Foretsensations.fr"},"image":{"@id":"https:\/\/voyage-aventure.com\/blog\/#\/schema\/logo\/image\/"}},{"@type":"Person","@id":"https:\/\/voyage-aventure.com\/blog\/#\/schema\/person\/3c864cdc320801e3db34b663e7e3f816","name":"Camille Rouvray","image":{"@type":"ImageObject","inLanguage":"fr-FR","@id":"https:\/\/voyage-aventure.com\/blog\/#\/schema\/person\/image\/","url":"https:\/\/voyage-aventure.com\/blog\/wp-content\/uploads\/2026\/06\/persona_camille-r-96x96.jpg","contentUrl":"https:\/\/voyage-aventure.com\/blog\/wp-content\/uploads\/2026\/06\/persona_camille-r-96x96.jpg","caption":"Camille Rouvray"},"description":"Je voyage et j'\u00e9cris sur le voyage depuis une douzaine d'ann\u00e9es, d'abord en tant que routarde au long cours, puis comme r\u00e9dactrice sp\u00e9cialis\u00e9e. Mon terrain de pr\u00e9dilection, ce sont les circuits organis\u00e9s et l'art de bien pr\u00e9parer un itin\u00e9raire : choix de la saison, dur\u00e9e r\u00e9aliste des \u00e9tapes, budget jour par jour, logement et transport sur place. J'aime aussi raconter les p\u00e9pites urbaines, ces adresses qu'on ne trouve pas dans les guides classiques. Avant de publier un dossier destination, je croise toujours plusieurs sources, je v\u00e9rifie les tarifs et les formalit\u00e9s d'entr\u00e9e \u00e0 jour, et je teste moi-m\u00eame quand je le peux. Mon angle reste pratique avant tout : aider le lecteur \u00e0 partir l'esprit tranquille, sans mauvaise surprise une fois sur place. Je m'attache \u00e0 distinguer le coup de c\u0153ur sinc\u00e8re du simple argument marketing.","sameAs":["https:\/\/camillerouvray.fr\/"],"url":"https:\/\/voyage-aventure.com\/blog\/auteur\/noname\/"}]}},"_links":{"self":[{"href":"https:\/\/voyage-aventure.com\/blog\/wp-json\/wp\/v2\/posts\/15274","targetHints":{"allow":["GET"]}}],"collection":[{"href":"https:\/\/voyage-aventure.com\/blog\/wp-json\/wp\/v2\/posts"}],"about":[{"href":"https:\/\/voyage-aventure.com\/blog\/wp-json\/wp\/v2\/types\/post"}],"author":[{"embeddable":true,"href":"https:\/\/voyage-aventure.com\/blog\/wp-json\/wp\/v2\/users\/34"}],"replies":[{"embeddable":true,"href":"https:\/\/voyage-aventure.com\/blog\/wp-json\/wp\/v2\/comments?post=15274"}],"version-history":[{"count":1,"href":"https:\/\/voyage-aventure.com\/blog\/wp-json\/wp\/v2\/posts\/15274\/revisions"}],"predecessor-version":[{"id":15602,"href":"https:\/\/voyage-aventure.com\/blog\/wp-json\/wp\/v2\/posts\/15274\/revisions\/15602"}],"wp:featuredmedia":[{"embeddable":true,"href":"https:\/\/voyage-aventure.com\/blog\/wp-json\/wp\/v2\/media\/20577"}],"wp:attachment":[{"href":"https:\/\/voyage-aventure.com\/blog\/wp-json\/wp\/v2\/media?parent=15274"}],"wp:term":[{"taxonomy":"category","embeddable":true,"href":"https:\/\/voyage-aventure.com\/blog\/wp-json\/wp\/v2\/categories?post=15274"},{"taxonomy":"post_tag","embeddable":true,"href":"https:\/\/voyage-aventure.com\/blog\/wp-json\/wp\/v2\/tags?post=15274"}],"curies":[{"name":"wp","href":"https:\/\/api.w.org\/{rel}","templated":true}]}}