{"id":15228,"date":"2025-03-17T03:55:46","date_gmt":"2025-03-17T02:55:46","guid":{"rendered":"https:\/\/voyage-aventure.com\/blog\/?p=15228"},"modified":"2025-03-17T03:54:41","modified_gmt":"2025-03-17T02:54:41","slug":"voyage-contrarie-a-laeroport-international-dorlando-a-cause-dune-tempete","status":"publish","type":"post","link":"https:\/\/voyage-aventure.com\/blog\/a-la-une\/voyage-contrarie-a-laeroport-international-dorlando-a-cause-dune-tempete\/","title":{"rendered":"voyage contrari\u00e9 \u00e0 l&rsquo;a\u00e9roport international d&rsquo;Orlando \u00e0 cause d&rsquo;une temp\u00eate"},"content":{"rendered":"<h2>Des conditions m\u00e9t\u00e9orologiques extr\u00eames perturbent les voyageurs<\/h2>\n<p>En raison de conditions m\u00e9t\u00e9orologiques s\u00e9v\u00e8res, de nombreux vols ont subi des retards et des annulations, cr\u00e9ant un v\u00e9ritable chaos parmi les voyageurs. La p\u00e9riode des vacances de printemps, d\u00e9j\u00e0 charg\u00e9e, a exacerb\u00e9 la situation, laissant des centaines de familles dans l&rsquo;incertitude.<\/p>\n<p>Les voyageurs, comme Isaiah Burns, se sont retrouv\u00e9s pris au pi\u00e8ge de l&rsquo;a\u00e9roport, attendant des informations sur leurs vols annul\u00e9s. \u201cJe suis tr\u00e8s d\u00e9\u00e7u car personne ne nous a vraiment donn\u00e9 d&rsquo;informations, \u00e0 part nous dire que le vol \u00e9tait annul\u00e9,\u201d a-t-il d\u00e9clar\u00e9. Ce manque de communication a ajout\u00e9 \u00e0 la frustration des passagers, qui esp\u00e9raient rentrer chez eux apr\u00e8s des vacances bien m\u00e9rit\u00e9es.<\/p>\n<p><iframe loading=\"lazy\" title=\"La d\u00e9finition du karma\" width=\"1200\" height=\"675\" src=\"https:\/\/www.youtube.com\/embed\/5gM1gnMkUKU?feature=oembed\" frameborder=\"0\" allow=\"accelerometer; autoplay; clipboard-write; encrypted-media; gyroscope; picture-in-picture; web-share\" referrerpolicy=\"strict-origin-when-cross-origin\" allowfullscreen><\/iframe><\/p>\n<h2>Des passagers pris au d\u00e9pourvu<\/h2>\n<p>Avec pr\u00e8s de 200 000 passagers attendus, l&rsquo;a\u00e9roport \u00e9tait d\u00e9j\u00e0 surcharg\u00e9. Les annulations de vols ont laiss\u00e9 de nombreuses personnes sans solution de repli, les h\u00f4tels \u00e9tant tous complets. \u201cJe dois maintenant attendre 24 heures de plus que pr\u00e9vu,\u201d a ajout\u00e9 Burns, soulignant la difficult\u00e9 de la situation.<\/p>\n<p>German Martinez, un autre voyageur, a \u00e9galement partag\u00e9 son exp\u00e9rience. \u201cLa seule option qu&rsquo;ils m&rsquo;ont donn\u00e9e est de partir mardi ou mercredi \u00e0 la m\u00eame heure, mais rien d&rsquo;autre,\u201d a-t-il expliqu\u00e9. Cette incertitude a contraint plusieurs passagers \u00e0 envisager des alternatives, comme la location de voitures pour rejoindre leur destination par la route.<\/p>\n<h2>Les cons\u00e9quences de la temp\u00eate sur les plans de voyage<\/h2>\n<p>Les retards et annulations de vols n&rsquo;ont pas seulement affect\u00e9 les voyageurs par avion. De nombreux passagers ont d\u00fb changer leurs plans rapidement, face \u00e0 l&rsquo;absence de solutions propos\u00e9es par les compagnies a\u00e9riennes. Certains ont m\u00eame commenc\u00e9 \u00e0 envisager de conduire vers leur destination, en d\u00e9sespoir de cause.<\/p>\n<p>Les t\u00e9moignages recueillis montrent que la frustration est palpable. \u201cMa famille m&rsquo;attend \u00e0 la maison, et ils ne sont pas contents de mon retard,\u201d a d\u00e9clar\u00e9 Martinez. Ce d\u00e9sagr\u00e9ment a mis en lumi\u00e8re la n\u00e9cessit\u00e9 d&rsquo;une meilleure gestion de l&rsquo;information durant ces p\u00e9riodes de crise.<\/p>\n<blockquote><p>\u201cIl est essentiel que les compagnies a\u00e9riennes am\u00e9liorent leur communication pour \u00e9viter de telles situations \u00e0 l&rsquo;avenir.\u201d<\/p><\/blockquote>\n<p>Dans ce contexte, les voyageurs doivent \u00eatre pr\u00e9par\u00e9s \u00e0 faire face \u00e0 l&rsquo;impr\u00e9vu. Voici quelques conseils pour naviguer dans des situations similaires :<\/p>\n<ul>\n<li>V\u00e9rifiez r\u00e9guli\u00e8rement l&rsquo;\u00e9tat de votre vol sur les applications des compagnies a\u00e9riennes.<\/li>\n<li>Pr\u00e9voyez une nuit \u00e0 l&rsquo;a\u00e9roport si vous \u00eates en mesure de le faire.<\/li>\n<li>Consid\u00e9rez les alternatives de transport, comme les trains ou les bus.<\/li>\n<li>Restez calme et patient face aux impr\u00e9vus, car cela peut aider \u00e0 g\u00e9rer le stress.<\/li>\n<li>Informez vos proches de votre situation pour qu&rsquo;ils puissent s&rsquo;adapter.<\/li>\n<\/ul>\n<p>Les \u00e9v\u00e9nements de ce week-end \u00e0 Orlando rappellent l&rsquo;importance d&rsquo;une bonne pr\u00e9paration lors de voyages, surtout pendant les p\u00e9riodes de forte affluence. Les passagers doivent \u00eatre conscients des conditions m\u00e9t\u00e9orologiques et des possibles perturbations associ\u00e9es. En fin de compte, la patience et la communication sont essentielles pour surmonter ces d\u00e9sagr\u00e9ments li\u00e9s aux voyages en p\u00e9riode de temp\u00eate.<\/p>\n","protected":false},"excerpt":{"rendered":"","protected":false},"author":34,"featured_media":19827,"comment_status":"open","ping_status":"open","sticky":false,"template":"","format":"standard","meta":{"_acf_changed":false,"manual_indexmenow":false,"indexmenow_id_project":0,"footnotes":""},"categories":[1],"tags":[4620,4646,3726,4713,4635],"class_list":["post-15228","post","type-post","status-publish","format-standard","has-post-thumbnail","hentry","category-a-la-une","tag-annulation-de-voyage","tag-assistance","tag-conditions-meteorologiques","tag-preparation","tag-voyage","generate-columns","tablet-grid-50","mobile-grid-100","grid-parent","grid-25"],"acf":[],"yoast_head":"<!-- This site is optimized with the Yoast SEO Premium plugin v21.3 (Yoast SEO v25.1) - https:\/\/yoast.com\/wordpress\/plugins\/seo\/ -->\n<title>voyage contrari\u00e9 \u00e0 l&#039;a\u00e9roport international d&#039;Orlando \u00e0<\/title>\n<meta name=\"description\" content=\"Des conditions m\u00e9t\u00e9orologiques extr\u00eames perturbent les voyageurs En raison de conditions m\u00e9t\u00e9orologiques s\u00e9v\u00e8res, de nombreux vols ont subi des retards et\" \/>\n<meta name=\"robots\" content=\"index, follow, max-snippet:-1, max-image-preview:large, max-video-preview:-1\" \/>\n<link rel=\"canonical\" href=\"https:\/\/voyage-aventure.com\/blog\/a-la-une\/voyage-contrarie-a-laeroport-international-dorlando-a-cause-dune-tempete\/\" \/>\n<meta property=\"og:locale\" content=\"fr_FR\" \/>\n<meta property=\"og:type\" content=\"article\" \/>\n<meta property=\"og:title\" content=\"voyage contrari\u00e9 \u00e0 l&#039;a\u00e9roport international d&#039;Orlando \u00e0\" \/>\n<meta property=\"og:description\" content=\"Des conditions m\u00e9t\u00e9orologiques extr\u00eames perturbent les voyageurs En raison de conditions m\u00e9t\u00e9orologiques s\u00e9v\u00e8res, de nombreux vols ont subi des retards et\" \/>\n<meta property=\"og:url\" content=\"https:\/\/voyage-aventure.com\/blog\/a-la-une\/voyage-contrarie-a-laeroport-international-dorlando-a-cause-dune-tempete\/\" \/>\n<meta property=\"og:site_name\" content=\"voyage-aventure\" \/>\n<meta property=\"og:image\" content=\"https:\/\/voyage-aventure.com\/blog\/wp-content\/uploads\/2025\/05\/sdxl-64076c9e3017000de2ce553a9f666b3c-scaled.png\" \/>\n\t<meta property=\"og:image:width\" content=\"1200\" \/>\n\t<meta property=\"og:image:height\" content=\"500\" \/>\n\t<meta property=\"og:image:type\" content=\"image\/png\" \/>\n<meta name=\"author\" content=\"Camille Rouvray\" \/>\n<meta name=\"twitter:card\" content=\"summary_large_image\" \/>\n<script type=\"application\/ld+json\" class=\"yoast-schema-graph\">{\"@context\":\"https:\/\/schema.org\",\"@graph\":[{\"@type\":\"NewsArticle\",\"@id\":\"https:\/\/voyage-aventure.com\/blog\/a-la-une\/voyage-contrarie-a-laeroport-international-dorlando-a-cause-dune-tempete\/#article\",\"isPartOf\":{\"@id\":\"https:\/\/voyage-aventure.com\/blog\/a-la-une\/voyage-contrarie-a-laeroport-international-dorlando-a-cause-dune-tempete\/\"},\"author\":{\"name\":\"Camille Rouvray\",\"@id\":\"https:\/\/voyage-aventure.com\/blog\/#\/schema\/person\/3c864cdc320801e3db34b663e7e3f816\"},\"headline\":\"voyage contrari\u00e9 \u00e0 l&rsquo;a\u00e9roport international d&rsquo;Orlando \u00e0 cause d&rsquo;une temp\u00eate\",\"datePublished\":\"2025-03-17T02:55:46+00:00\",\"mainEntityOfPage\":{\"@id\":\"https:\/\/voyage-aventure.com\/blog\/a-la-une\/voyage-contrarie-a-laeroport-international-dorlando-a-cause-dune-tempete\/\"},\"wordCount\":571,\"commentCount\":18,\"publisher\":{\"@id\":\"https:\/\/voyage-aventure.com\/blog\/#organization\"},\"image\":{\"@id\":\"https:\/\/voyage-aventure.com\/blog\/a-la-une\/voyage-contrarie-a-laeroport-international-dorlando-a-cause-dune-tempete\/#primaryimage\"},\"thumbnailUrl\":\"https:\/\/voyage-aventure.com\/blog\/wp-content\/uploads\/2025\/05\/sdxl-64076c9e3017000de2ce553a9f666b3c-scaled.png\",\"keywords\":[\"Annulation de Voyage\",\"Assistance\",\"Conditions M\u00e9t\u00e9orologiques\",\"Pr\u00e9paration\",\"Voyage\"],\"articleSection\":[\"\u00c0 la une\"],\"inLanguage\":\"fr-FR\",\"potentialAction\":[{\"@type\":\"CommentAction\",\"name\":\"Comment\",\"target\":[\"https:\/\/voyage-aventure.com\/blog\/a-la-une\/voyage-contrarie-a-laeroport-international-dorlando-a-cause-dune-tempete\/#respond\"]}]},{\"@type\":\"WebPage\",\"@id\":\"https:\/\/voyage-aventure.com\/blog\/a-la-une\/voyage-contrarie-a-laeroport-international-dorlando-a-cause-dune-tempete\/\",\"url\":\"https:\/\/voyage-aventure.com\/blog\/a-la-une\/voyage-contrarie-a-laeroport-international-dorlando-a-cause-dune-tempete\/\",\"name\":\"voyage contrari\u00e9 \u00e0 l'a\u00e9roport international d'Orlando \u00e0\",\"isPartOf\":{\"@id\":\"https:\/\/voyage-aventure.com\/blog\/#website\"},\"primaryImageOfPage\":{\"@id\":\"https:\/\/voyage-aventure.com\/blog\/a-la-une\/voyage-contrarie-a-laeroport-international-dorlando-a-cause-dune-tempete\/#primaryimage\"},\"image\":{\"@id\":\"https:\/\/voyage-aventure.com\/blog\/a-la-une\/voyage-contrarie-a-laeroport-international-dorlando-a-cause-dune-tempete\/#primaryimage\"},\"thumbnailUrl\":\"https:\/\/voyage-aventure.com\/blog\/wp-content\/uploads\/2025\/05\/sdxl-64076c9e3017000de2ce553a9f666b3c-scaled.png\",\"datePublished\":\"2025-03-17T02:55:46+00:00\",\"description\":\"Des conditions m\u00e9t\u00e9orologiques extr\u00eames perturbent les voyageurs En raison de conditions m\u00e9t\u00e9orologiques s\u00e9v\u00e8res, de nombreux vols ont subi des retards et\",\"inLanguage\":\"fr-FR\",\"potentialAction\":[{\"@type\":\"ReadAction\",\"target\":[\"https:\/\/voyage-aventure.com\/blog\/a-la-une\/voyage-contrarie-a-laeroport-international-dorlando-a-cause-dune-tempete\/\"]}]},{\"@type\":\"ImageObject\",\"inLanguage\":\"fr-FR\",\"@id\":\"https:\/\/voyage-aventure.com\/blog\/a-la-une\/voyage-contrarie-a-laeroport-international-dorlando-a-cause-dune-tempete\/#primaryimage\",\"url\":\"https:\/\/voyage-aventure.com\/blog\/wp-content\/uploads\/2025\/05\/sdxl-64076c9e3017000de2ce553a9f666b3c-scaled.png\",\"contentUrl\":\"https:\/\/voyage-aventure.com\/blog\/wp-content\/uploads\/2025\/05\/sdxl-64076c9e3017000de2ce553a9f666b3c-scaled.png\",\"width\":1200,\"height\":500},{\"@type\":\"WebSite\",\"@id\":\"https:\/\/voyage-aventure.com\/blog\/#website\",\"url\":\"https:\/\/voyage-aventure.com\/blog\/\",\"name\":\"voyage-aventure.com\",\"description\":\"Votre passeport pour l\u2019inattendu.\",\"publisher\":{\"@id\":\"https:\/\/voyage-aventure.com\/blog\/#organization\"},\"alternateName\":\"Votre passeport pour l\u2019inattendu.\",\"potentialAction\":[{\"@type\":\"SearchAction\",\"target\":{\"@type\":\"EntryPoint\",\"urlTemplate\":\"https:\/\/voyage-aventure.com\/blog\/?s={search_term_string}\"},\"query-input\":{\"@type\":\"PropertyValueSpecification\",\"valueRequired\":true,\"valueName\":\"search_term_string\"}}],\"inLanguage\":\"fr-FR\"},{\"@type\":\"Organization\",\"@id\":\"https:\/\/voyage-aventure.com\/blog\/#organization\",\"name\":\"Foretsensations.fr\",\"url\":\"https:\/\/voyage-aventure.com\/blog\/\",\"logo\":{\"@type\":\"ImageObject\",\"inLanguage\":\"fr-FR\",\"@id\":\"https:\/\/voyage-aventure.com\/blog\/#\/schema\/logo\/image\/\",\"url\":\"https:\/\/voyage-aventure.com\/blog\/wp-content\/uploads\/2024\/12\/19.png\",\"contentUrl\":\"https:\/\/voyage-aventure.com\/blog\/wp-content\/uploads\/2024\/12\/19.png\",\"width\":512,\"height\":512,\"caption\":\"Foretsensations.fr\"},\"image\":{\"@id\":\"https:\/\/voyage-aventure.com\/blog\/#\/schema\/logo\/image\/\"}},{\"@type\":\"Person\",\"@id\":\"https:\/\/voyage-aventure.com\/blog\/#\/schema\/person\/3c864cdc320801e3db34b663e7e3f816\",\"name\":\"Camille Rouvray\",\"image\":{\"@type\":\"ImageObject\",\"inLanguage\":\"fr-FR\",\"@id\":\"https:\/\/voyage-aventure.com\/blog\/#\/schema\/person\/image\/\",\"url\":\"https:\/\/voyage-aventure.com\/blog\/wp-content\/uploads\/2026\/06\/persona_camille-r-96x96.jpg\",\"contentUrl\":\"https:\/\/voyage-aventure.com\/blog\/wp-content\/uploads\/2026\/06\/persona_camille-r-96x96.jpg\",\"caption\":\"Camille Rouvray\"},\"description\":\"Je voyage et j'\u00e9cris sur le voyage depuis une douzaine d'ann\u00e9es, d'abord en tant que routarde au long cours, puis comme r\u00e9dactrice sp\u00e9cialis\u00e9e. Mon terrain de pr\u00e9dilection, ce sont les circuits organis\u00e9s et l'art de bien pr\u00e9parer un itin\u00e9raire : choix de la saison, dur\u00e9e r\u00e9aliste des \u00e9tapes, budget jour par jour, logement et transport sur place. J'aime aussi raconter les p\u00e9pites urbaines, ces adresses qu'on ne trouve pas dans les guides classiques. Avant de publier un dossier destination, je croise toujours plusieurs sources, je v\u00e9rifie les tarifs et les formalit\u00e9s d'entr\u00e9e \u00e0 jour, et je teste moi-m\u00eame quand je le peux. Mon angle reste pratique avant tout : aider le lecteur \u00e0 partir l'esprit tranquille, sans mauvaise surprise une fois sur place. Je m'attache \u00e0 distinguer le coup de c\u0153ur sinc\u00e8re du simple argument marketing.\",\"sameAs\":[\"https:\/\/camillerouvray.fr\/\"],\"url\":\"https:\/\/voyage-aventure.com\/blog\/auteur\/noname\/\"}]}<\/script>\n<!-- \/ Yoast SEO Premium plugin. -->","yoast_head_json":{"title":"voyage contrari\u00e9 \u00e0 l'a\u00e9roport international d'Orlando \u00e0","description":"Des conditions m\u00e9t\u00e9orologiques extr\u00eames perturbent les voyageurs En raison de conditions m\u00e9t\u00e9orologiques s\u00e9v\u00e8res, de nombreux vols ont subi des retards et","robots":{"index":"index","follow":"follow","max-snippet":"max-snippet:-1","max-image-preview":"max-image-preview:large","max-video-preview":"max-video-preview:-1"},"canonical":"https:\/\/voyage-aventure.com\/blog\/a-la-une\/voyage-contrarie-a-laeroport-international-dorlando-a-cause-dune-tempete\/","og_locale":"fr_FR","og_type":"article","og_title":"voyage contrari\u00e9 \u00e0 l'a\u00e9roport international d'Orlando \u00e0","og_description":"Des conditions m\u00e9t\u00e9orologiques extr\u00eames perturbent les voyageurs En raison de conditions m\u00e9t\u00e9orologiques s\u00e9v\u00e8res, de nombreux vols ont subi des retards et","og_url":"https:\/\/voyage-aventure.com\/blog\/a-la-une\/voyage-contrarie-a-laeroport-international-dorlando-a-cause-dune-tempete\/","og_site_name":"voyage-aventure","og_image":[{"width":1200,"height":500,"url":"https:\/\/voyage-aventure.com\/blog\/wp-content\/uploads\/2025\/05\/sdxl-64076c9e3017000de2ce553a9f666b3c-scaled.png","type":"image\/png"}],"author":"Camille Rouvray","twitter_card":"summary_large_image","schema":{"@context":"https:\/\/schema.org","@graph":[{"@type":"NewsArticle","@id":"https:\/\/voyage-aventure.com\/blog\/a-la-une\/voyage-contrarie-a-laeroport-international-dorlando-a-cause-dune-tempete\/#article","isPartOf":{"@id":"https:\/\/voyage-aventure.com\/blog\/a-la-une\/voyage-contrarie-a-laeroport-international-dorlando-a-cause-dune-tempete\/"},"author":{"name":"Camille Rouvray","@id":"https:\/\/voyage-aventure.com\/blog\/#\/schema\/person\/3c864cdc320801e3db34b663e7e3f816"},"headline":"voyage contrari\u00e9 \u00e0 l&rsquo;a\u00e9roport international d&rsquo;Orlando \u00e0 cause d&rsquo;une temp\u00eate","datePublished":"2025-03-17T02:55:46+00:00","mainEntityOfPage":{"@id":"https:\/\/voyage-aventure.com\/blog\/a-la-une\/voyage-contrarie-a-laeroport-international-dorlando-a-cause-dune-tempete\/"},"wordCount":571,"commentCount":18,"publisher":{"@id":"https:\/\/voyage-aventure.com\/blog\/#organization"},"image":{"@id":"https:\/\/voyage-aventure.com\/blog\/a-la-une\/voyage-contrarie-a-laeroport-international-dorlando-a-cause-dune-tempete\/#primaryimage"},"thumbnailUrl":"https:\/\/voyage-aventure.com\/blog\/wp-content\/uploads\/2025\/05\/sdxl-64076c9e3017000de2ce553a9f666b3c-scaled.png","keywords":["Annulation de Voyage","Assistance","Conditions M\u00e9t\u00e9orologiques","Pr\u00e9paration","Voyage"],"articleSection":["\u00c0 la une"],"inLanguage":"fr-FR","potentialAction":[{"@type":"CommentAction","name":"Comment","target":["https:\/\/voyage-aventure.com\/blog\/a-la-une\/voyage-contrarie-a-laeroport-international-dorlando-a-cause-dune-tempete\/#respond"]}]},{"@type":"WebPage","@id":"https:\/\/voyage-aventure.com\/blog\/a-la-une\/voyage-contrarie-a-laeroport-international-dorlando-a-cause-dune-tempete\/","url":"https:\/\/voyage-aventure.com\/blog\/a-la-une\/voyage-contrarie-a-laeroport-international-dorlando-a-cause-dune-tempete\/","name":"voyage contrari\u00e9 \u00e0 l'a\u00e9roport international d'Orlando \u00e0","isPartOf":{"@id":"https:\/\/voyage-aventure.com\/blog\/#website"},"primaryImageOfPage":{"@id":"https:\/\/voyage-aventure.com\/blog\/a-la-une\/voyage-contrarie-a-laeroport-international-dorlando-a-cause-dune-tempete\/#primaryimage"},"image":{"@id":"https:\/\/voyage-aventure.com\/blog\/a-la-une\/voyage-contrarie-a-laeroport-international-dorlando-a-cause-dune-tempete\/#primaryimage"},"thumbnailUrl":"https:\/\/voyage-aventure.com\/blog\/wp-content\/uploads\/2025\/05\/sdxl-64076c9e3017000de2ce553a9f666b3c-scaled.png","datePublished":"2025-03-17T02:55:46+00:00","description":"Des conditions m\u00e9t\u00e9orologiques extr\u00eames perturbent les voyageurs En raison de conditions m\u00e9t\u00e9orologiques s\u00e9v\u00e8res, de nombreux vols ont subi des retards et","inLanguage":"fr-FR","potentialAction":[{"@type":"ReadAction","target":["https:\/\/voyage-aventure.com\/blog\/a-la-une\/voyage-contrarie-a-laeroport-international-dorlando-a-cause-dune-tempete\/"]}]},{"@type":"ImageObject","inLanguage":"fr-FR","@id":"https:\/\/voyage-aventure.com\/blog\/a-la-une\/voyage-contrarie-a-laeroport-international-dorlando-a-cause-dune-tempete\/#primaryimage","url":"https:\/\/voyage-aventure.com\/blog\/wp-content\/uploads\/2025\/05\/sdxl-64076c9e3017000de2ce553a9f666b3c-scaled.png","contentUrl":"https:\/\/voyage-aventure.com\/blog\/wp-content\/uploads\/2025\/05\/sdxl-64076c9e3017000de2ce553a9f666b3c-scaled.png","width":1200,"height":500},{"@type":"WebSite","@id":"https:\/\/voyage-aventure.com\/blog\/#website","url":"https:\/\/voyage-aventure.com\/blog\/","name":"voyage-aventure.com","description":"Votre passeport pour l\u2019inattendu.","publisher":{"@id":"https:\/\/voyage-aventure.com\/blog\/#organization"},"alternateName":"Votre passeport pour l\u2019inattendu.","potentialAction":[{"@type":"SearchAction","target":{"@type":"EntryPoint","urlTemplate":"https:\/\/voyage-aventure.com\/blog\/?s={search_term_string}"},"query-input":{"@type":"PropertyValueSpecification","valueRequired":true,"valueName":"search_term_string"}}],"inLanguage":"fr-FR"},{"@type":"Organization","@id":"https:\/\/voyage-aventure.com\/blog\/#organization","name":"Foretsensations.fr","url":"https:\/\/voyage-aventure.com\/blog\/","logo":{"@type":"ImageObject","inLanguage":"fr-FR","@id":"https:\/\/voyage-aventure.com\/blog\/#\/schema\/logo\/image\/","url":"https:\/\/voyage-aventure.com\/blog\/wp-content\/uploads\/2024\/12\/19.png","contentUrl":"https:\/\/voyage-aventure.com\/blog\/wp-content\/uploads\/2024\/12\/19.png","width":512,"height":512,"caption":"Foretsensations.fr"},"image":{"@id":"https:\/\/voyage-aventure.com\/blog\/#\/schema\/logo\/image\/"}},{"@type":"Person","@id":"https:\/\/voyage-aventure.com\/blog\/#\/schema\/person\/3c864cdc320801e3db34b663e7e3f816","name":"Camille Rouvray","image":{"@type":"ImageObject","inLanguage":"fr-FR","@id":"https:\/\/voyage-aventure.com\/blog\/#\/schema\/person\/image\/","url":"https:\/\/voyage-aventure.com\/blog\/wp-content\/uploads\/2026\/06\/persona_camille-r-96x96.jpg","contentUrl":"https:\/\/voyage-aventure.com\/blog\/wp-content\/uploads\/2026\/06\/persona_camille-r-96x96.jpg","caption":"Camille Rouvray"},"description":"Je voyage et j'\u00e9cris sur le voyage depuis une douzaine d'ann\u00e9es, d'abord en tant que routarde au long cours, puis comme r\u00e9dactrice sp\u00e9cialis\u00e9e. Mon terrain de pr\u00e9dilection, ce sont les circuits organis\u00e9s et l'art de bien pr\u00e9parer un itin\u00e9raire : choix de la saison, dur\u00e9e r\u00e9aliste des \u00e9tapes, budget jour par jour, logement et transport sur place. J'aime aussi raconter les p\u00e9pites urbaines, ces adresses qu'on ne trouve pas dans les guides classiques. Avant de publier un dossier destination, je croise toujours plusieurs sources, je v\u00e9rifie les tarifs et les formalit\u00e9s d'entr\u00e9e \u00e0 jour, et je teste moi-m\u00eame quand je le peux. Mon angle reste pratique avant tout : aider le lecteur \u00e0 partir l'esprit tranquille, sans mauvaise surprise une fois sur place. Je m'attache \u00e0 distinguer le coup de c\u0153ur sinc\u00e8re du simple argument marketing.","sameAs":["https:\/\/camillerouvray.fr\/"],"url":"https:\/\/voyage-aventure.com\/blog\/auteur\/noname\/"}]}},"_links":{"self":[{"href":"https:\/\/voyage-aventure.com\/blog\/wp-json\/wp\/v2\/posts\/15228","targetHints":{"allow":["GET"]}}],"collection":[{"href":"https:\/\/voyage-aventure.com\/blog\/wp-json\/wp\/v2\/posts"}],"about":[{"href":"https:\/\/voyage-aventure.com\/blog\/wp-json\/wp\/v2\/types\/post"}],"author":[{"embeddable":true,"href":"https:\/\/voyage-aventure.com\/blog\/wp-json\/wp\/v2\/users\/34"}],"replies":[{"embeddable":true,"href":"https:\/\/voyage-aventure.com\/blog\/wp-json\/wp\/v2\/comments?post=15228"}],"version-history":[{"count":1,"href":"https:\/\/voyage-aventure.com\/blog\/wp-json\/wp\/v2\/posts\/15228\/revisions"}],"predecessor-version":[{"id":15229,"href":"https:\/\/voyage-aventure.com\/blog\/wp-json\/wp\/v2\/posts\/15228\/revisions\/15229"}],"wp:featuredmedia":[{"embeddable":true,"href":"https:\/\/voyage-aventure.com\/blog\/wp-json\/wp\/v2\/media\/19827"}],"wp:attachment":[{"href":"https:\/\/voyage-aventure.com\/blog\/wp-json\/wp\/v2\/media?parent=15228"}],"wp:term":[{"taxonomy":"category","embeddable":true,"href":"https:\/\/voyage-aventure.com\/blog\/wp-json\/wp\/v2\/categories?post=15228"},{"taxonomy":"post_tag","embeddable":true,"href":"https:\/\/voyage-aventure.com\/blog\/wp-json\/wp\/v2\/tags?post=15228"}],"curies":[{"name":"wp","href":"https:\/\/api.w.org\/{rel}","templated":true}]}}