{"id":15225,"date":"2026-06-16T17:11:57","date_gmt":"2026-06-16T15:11:57","guid":{"rendered":"https:\/\/voyage-aventure.com\/blog\/?p=15225"},"modified":"2026-06-16T17:11:57","modified_gmt":"2026-06-16T15:11:57","slug":"alerte-meteo-impacts-de-voyage-a-lechelle-de-letat-a-prevoir-cette-semaine","status":"publish","type":"post","link":"https:\/\/voyage-aventure.com\/blog\/a-la-une\/alerte-meteo-impacts-de-voyage-a-lechelle-de-letat-a-prevoir-cette-semaine\/","title":{"rendered":"Alerte m\u00e9t\u00e9o : impacts de voyage \u00e0 l&rsquo;\u00e9chelle de l&rsquo;\u00c9tat \u00e0 pr\u00e9voir cette semaine"},"content":{"rendered":"<link rel=\"stylesheet\" href=\"https:\/\/fonts.googleapis.com\/css2?family=Newsreader:ital,opsz,wght@0,6..72,500..700;1,6..72,500..600&#038;family=Inter:wght@400;500;600&#038;family=JetBrains+Mono:wght@500&#038;display=swap\">\n<style>\n.van-news-wrap{font-family:'Inter',-apple-system,BlinkMacSystemFont,sans-serif;color:#1f2329;line-height:1.65;font-size:17px;max-width:760px;margin:0 auto;}\n.van-news-wrap h2{font-family:'Newsreader',Georgia,serif;font-weight:700;font-size:clamp(24px,3.2vw,33px);letter-spacing:-0.015em;color:#16191e;margin:48px 0 14px;line-height:1.18;}\n.van-news-wrap p{margin:0 0 18px;}\n.van-news-dateline{font-family:'JetBrains Mono',monospace;font-size:12px;letter-spacing:0.14em;text-transform:uppercase;color:#9a1f1f;font-weight:500;display:inline-flex;align-items:center;gap:9px;margin:0 0 16px;}\n.van-news-dateline::before{content:\"\";width:9px;height:9px;border-radius:50%;background:#c62828;box-shadow:0 0 0 4px rgba(198,40,40,.16);}\n.van-news-lead{font-family:'Newsreader',Georgia,serif;font-size:clamp(20px,2.6vw,24px);line-height:1.5;font-weight:500;color:#2a2f36;margin:0 0 30px;}\n.van-news-ess{position:relative;background:linear-gradient(180deg,#fff8f5,#fdf1ec);border:1px solid #f0d3c7;border-left:5px solid #c62828;border-radius:10px;padding:24px 26px 22px;margin:0 0 40px;box-shadow:0 1px 2px rgba(16,24,40,.05),0 14px 30px -18px rgba(154,31,31,.30);}\n.van-news-ess-k{font-family:'JetBrains Mono',monospace;font-size:11px;letter-spacing:0.2em;text-transform:uppercase;color:#9a1f1f;font-weight:500;margin-bottom:14px;}\n.van-news-ess ul{list-style:none;margin:0;padding:0;}\n.van-news-ess li{position:relative;padding:0 0 0 30px;margin:0 0 13px;font-size:16.5px;color:#2a2f36;}\n.van-news-ess li:last-child{margin-bottom:0;}\n.van-news-ess li::before{content:\"\";position:absolute;left:0;top:8px;width:13px;height:13px;border:2px solid #c62828;border-radius:3px;}\n.van-news-ess li b{color:#9a1f1f;font-weight:600;}\n.van-news-pull{font-family:'Newsreader',Georgia,serif;font-style:italic;font-weight:500;font-size:clamp(21px,2.7vw,26px);line-height:1.45;color:#16191e;border-left:4px solid #c62828;padding:6px 0 6px 24px;margin:34px 0;}\n.van-news-pull span{display:block;font-family:'JetBrains Mono',monospace;font-style:normal;font-size:12px;letter-spacing:0.1em;text-transform:uppercase;color:#7a7f87;margin-top:12px;}\n.van-news-grid{display:grid;grid-template-columns:repeat(auto-fit,minmax(200px,1fr));gap:20px;margin:8px 0 26px;}\n.van-news-card{background:#fff;border:1px solid #e7e3dc;border-top:3px solid #c62828;border-radius:10px;padding:20px 22px;transition:.25s ease;box-shadow:0 1px 2px rgba(16,24,40,.05),0 12px 26px -18px rgba(16,24,40,.20);}\n.van-news-card:hover{transform:translateY(-3px);box-shadow:0 1px 2px rgba(16,24,40,.06),0 18px 34px -16px rgba(154,31,31,.28);border-top-color:#9a1f1f;}\n.van-news-card-h{font-family:'Newsreader',Georgia,serif;font-weight:700;font-size:18px;color:#16191e;margin-bottom:8px;}\n.van-news-card-t{font-size:15.5px;color:#41464d;line-height:1.55;}\n.van-news-list{list-style:none;margin:6px 0 26px;padding:0;}\n.van-news-list li{position:relative;padding:11px 0 11px 34px;border-bottom:1px solid #ece8e1;font-size:16.5px;color:#2a2f36;}\n.van-news-list li:last-child{border-bottom:none;}\n.van-news-list li::before{content:\"\u2713\";position:absolute;left:4px;top:10px;color:#c62828;font-weight:700;font-size:16px;}\n.van-news-retenir{background:#16191e;color:#eef0f2;border-radius:12px;padding:26px 28px;margin:42px 0 34px;box-shadow:0 18px 38px -20px rgba(16,25,30,.65);}\n.van-news-retenir-k{font-family:'JetBrains Mono',monospace;font-size:11px;letter-spacing:0.22em;text-transform:uppercase;color:#ff9b8a;font-weight:500;margin-bottom:16px;}\n.van-news-retenir ul{list-style:none;margin:0;padding:0;}\n.van-news-retenir li{position:relative;padding:0 0 0 26px;margin:0 0 13px;font-size:16px;color:#dfe2e6;}\n.van-news-retenir li:last-child{margin-bottom:0;}\n.van-news-retenir li::before{content:\"\u2192\";position:absolute;left:0;top:1px;color:#ff7a63;font-weight:700;}\n.van-news-faq{margin:30px 0 10px;}\n.van-news-faq details{border:1px solid #e7e3dc;border-radius:10px;padding:0;margin-bottom:12px;background:#fff;overflow:hidden;transition:.25s ease;box-shadow:0 1px 2px rgba(16,24,40,.04);}\n.van-news-faq details[open]{border-color:#c62828;box-shadow:0 12px 26px -18px rgba(154,31,31,.30);}\n.van-news-faq summary{cursor:pointer;list-style:none;padding:17px 20px;font-family:'Newsreader',Georgia,serif;font-weight:600;font-size:18px;color:#16191e;display:flex;justify-content:space-between;align-items:center;gap:14px;}\n.van-news-faq summary::-webkit-details-marker{display:none;}\n.van-news-faq summary::after{content:\"+\";color:#c62828;font-size:24px;font-weight:400;line-height:1;}\n.van-news-faq details[open] summary::after{content:\"\u2212\";}\n.van-news-faq-a{padding:0 20px 18px;font-size:16px;color:#41464d;line-height:1.6;}\n\/*RENDERFIX2*\/.van-news-dateline::before{color:#eef3f9!important}.van-news-dateline::before p,.van-news-dateline::before li,.van-news-dateline::before strong,.van-news-dateline::before em,.van-news-dateline::before a,.van-news-dateline::before span,.van-news-dateline::before b,.van-news-dateline::before td,.van-news-dateline::before th,.van-news-dateline::before h2,.van-news-dateline::before h3,.van-news-dateline::before h4{color:#eef3f9!important}.van-news-dateline::before strong,.van-news-dateline::before b{color:#ffffff!important}.van-news-retenir{color:#eef3f9!important}.van-news-retenir p,.van-news-retenir li,.van-news-retenir strong,.van-news-retenir em,.van-news-retenir a,.van-news-retenir span,.van-news-retenir b,.van-news-retenir td,.van-news-retenir th,.van-news-retenir h2,.van-news-retenir h3,.van-news-retenir h4{color:#eef3f9!important}.van-news-retenir strong,.van-news-retenir b{color:#ffffff!important}<\/style>\n<div class=\"van-news-wrap\">\n<div class=\"van-news-dateline\">Alerte m\u00e9t\u00e9o &middot; 17 mars 2025<\/div>\n<p class=\"van-news-lead\">Un fort front froid doit balayer l&rsquo;\u00c9tat cette semaine, avec vents violents et neige soudaine dans les vall\u00e9es. Pr\u00e8s de 30 routes sont concern\u00e9es : voici l&rsquo;essentiel \u00e0 conna\u00eetre avant de prendre le volant.<\/p>\n<div class=\"van-news-ess\">\n<div class=\"van-news-ess-k\">L&rsquo;essentiel<\/div>\n<ul>\n<li><b>Quoi :<\/b> un fort front froid traverse l&rsquo;\u00c9tat, vents de 40 \u00e0 50 mph et pluies se transformant en neige, pr\u00e8s de 30 routes affect\u00e9es.<\/li>\n<li><b>Quand :<\/b> du lundi soir au mardi ; arriv\u00e9e au nord vers 18 h, descente vers le sud d&rsquo;ici 22 h, impacts jusqu&rsquo;\u00e0 mercredi.<\/li>\n<li><b>Pourquoi \u00e7a compte :<\/b> circulation dangereuse sur l&rsquo;I-15, l&rsquo;I-80, l&rsquo;I-84 et les routes de montagne, avec possibles lois sur la traction.<\/li>\n<\/ul>\n<\/div>\n<p>Ce d\u00e9but de semaine s&rsquo;annonce particuli\u00e8rement difficile en raison d&rsquo;un front froid qui devrait balayer le territoire. Les automobilistes sont donc conseill\u00e9s de faire preuve de prudence et de se pr\u00e9parer pour des conditions climatiques changeantes.<\/p>\n<h2>Pr\u00e9visions m\u00e9t\u00e9orologiques pr\u00e9occupantes<\/h2>\n<p>Les pr\u00e9visions indiquent que le temps pourrait causer des probl\u00e8mes le long de l&rsquo;I-15, qui s&rsquo;\u00e9tend de la fronti\u00e8re entre l&rsquo;Utah et l&rsquo;Idaho jusqu&rsquo;\u00e0 Cedar City. Les autoroutes I-215, I-84 et I-80 seront \u00e9galement touch\u00e9es, avec pr\u00e8s de 30 routes affect\u00e9es au total.<\/p>\n<p>Les m\u00e9t\u00e9orologues, comme Nate Larsen d&rsquo;ABC4, ont averti que \u00ab un fort front froid traversera l&rsquo;\u00c9tat du lundi soir au mardi, apportant des vents violents et des pluies qui se transformeront rapidement en neige dans les vall\u00e9es \u00bb. Ce changement rapide de temps pourrait compliquer la circulation.<\/p>\n<div class=\"van-news-pull\">\u00ab Un fort front froid traversera l&rsquo;\u00c9tat du lundi soir au mardi, apportant des vents violents et des pluies qui se transformeront rapidement en neige dans les vall\u00e9es. \u00bb<span>Nate Larsen \u2014 ABC4<\/span><\/div>\n<h2>Impact sur les trajets dans l&rsquo;\u00c9tat<\/h2>\n<p>Le front froid est cens\u00e9 atteindre le nord de l&rsquo;\u00c9tat lundi soir, vers 18 heures, avant de se d\u00e9placer vers le sud d&rsquo;ici 22 heures. UDOT met en garde que des routes de montagne, telles que les canyons Cottonwood et Logan Summit, seront particuli\u00e8rement touch\u00e9es, s&rsquo;attendant \u00e0 recevoir plusieurs pouces de neige.<\/p>\n<p>Des lois sur la traction pourraient \u00eatre mises en \u0153uvre sur ces routes, afin d&rsquo;assurer la s\u00e9curit\u00e9 des conducteurs. UDOT a \u00e9galement signal\u00e9 que des vents violents, atteignant 40 \u00e0 50 miles par heure, pourraient cr\u00e9er des conditions de conduite dangereuses, notamment sur l&rsquo;I-80 entre Wendover et Tooele.<\/p>\n<div class=\"van-news-grid\">\n<div class=\"van-news-card\">\n<div class=\"van-news-card-h\">Axes inter\u00e9tatiques<\/div>\n<div class=\"van-news-card-t\">I-15 (fronti\u00e8re Utah-Idaho jusqu&rsquo;\u00e0 Cedar City), I-215, I-84 et I-80 : circulation perturb\u00e9e, vents forts notamment sur l&rsquo;I-80 entre Wendover et Tooele.<\/div>\n<\/div>\n<div class=\"van-news-card\">\n<div class=\"van-news-card-h\">Routes de montagne<\/div>\n<div class=\"van-news-card-t\">Canyons Cottonwood et Logan Summit particuli\u00e8rement expos\u00e9s, avec plusieurs pouces de neige attendus et possibles lois sur la traction.<\/div>\n<\/div>\n<div class=\"van-news-card\">\n<div class=\"van-news-card-h\">Fen\u00eatre temporelle<\/div>\n<div class=\"van-news-card-t\">Front au nord lundi vers 18 h, descente au sud d&rsquo;ici 22 h, impacts pr\u00e9vus jusqu&rsquo;\u00e0 mercredi. UDOT publiera une alerte mise \u00e0 jour lundi.<\/div>\n<\/div>\n<\/div>\n<p><iframe loading=\"lazy\" title=\"Images spectaculaires d&#039;un crash d&#039;avion\" width=\"1200\" height=\"675\" src=\"https:\/\/www.youtube.com\/embed\/FQaoqc1bVDs?feature=oembed\" frameborder=\"0\" allow=\"accelerometer; autoplay; clipboard-write; encrypted-media; gyroscope; picture-in-picture; web-share\" referrerpolicy=\"strict-origin-when-cross-origin\" allowfullscreen><\/iframe><\/p>\n<h2>Conseils pratiques pour les conducteurs<\/h2>\n<p>Les conducteurs doivent rester inform\u00e9s des conditions routi\u00e8res en consultant le site web de UDOT pour les mises \u00e0 jour en temps r\u00e9el. Voici quelques recommandations pour faire face \u00e0 ces conditions m\u00e9t\u00e9orologiques difficiles :<\/p>\n<ul class=\"van-news-list\">\n<li>V\u00e9rifiez les conditions de la route avant de partir.<\/li>\n<li>Pr\u00e9parez un kit d&rsquo;urgence dans votre v\u00e9hicule.<\/li>\n<li>Roulez prudemment et adaptez votre vitesse aux conditions de la route.<\/li>\n<li>\u00c9vitez les trajets non essentiels durant les p\u00e9riodes de forte neige.<\/li>\n<li>Restez inform\u00e9 des alertes et des mises \u00e0 jour de UDOT.<\/li>\n<\/ul>\n<blockquote><p>\n\u00ab La neige accumul\u00e9e est attendue au sud de Brigham City, ce qui pourrait causer des retards de voyage durant la nuit et lors de la matin\u00e9e suivante \u00bb, a ajout\u00e9 Larsen.\n<\/p><\/blockquote>\n<p>UDOT continuera de surveiller les conditions et publiera une alerte mise \u00e0 jour lundi. Les impacts sont pr\u00e9vus pour se poursuivre jusqu&rsquo;\u00e0 mercredi, et il est essentiel pour les conducteurs de rester vigilants. En respectant les conseils et en se tenant inform\u00e9s, les automobilistes peuvent naviguer en toute s\u00e9curit\u00e9 \u00e0 travers ces conditions m\u00e9t\u00e9orologiques difficiles.<\/p>\n<div class=\"van-news-retenir\">\n<div class=\"van-news-retenir-k\">\u00c0 retenir<\/div>\n<ul>\n<li>Front froid actif du lundi soir au mardi, impacts jusqu&rsquo;\u00e0 mercredi.<\/li>\n<li>Pr\u00e8s de 30 routes touch\u00e9es : I-15, I-215, I-84, I-80 et routes de montagne.<\/li>\n<li>Vents de 40 \u00e0 50 mph et neige soudaine dans les vall\u00e9es et canyons.<\/li>\n<li>Reportez les trajets non essentiels et suivez les mises \u00e0 jour UDOT en temps r\u00e9el.<\/li>\n<\/ul>\n<\/div>\n<div class=\"van-news-faq\">\n<details>\n<summary>Quelles routes sont les plus touch\u00e9es ?<\/summary>\n<div class=\"van-news-faq-a\">L&rsquo;I-15 (de la fronti\u00e8re Utah-Idaho jusqu&rsquo;\u00e0 Cedar City), les I-215, I-84 et I-80, ainsi que les routes de montagne comme les canyons Cottonwood et Logan Summit. Pr\u00e8s de 30 routes sont affect\u00e9es au total.<\/div>\n<\/details>\n<details>\n<summary>Quand le front froid arrive-t-il ?<\/summary>\n<div class=\"van-news-faq-a\">Il atteint le nord de l&rsquo;\u00c9tat lundi soir vers 18 heures, puis se d\u00e9place vers le sud d&rsquo;ici 22 heures. Les impacts sont attendus du lundi soir au mardi et se poursuivent jusqu&rsquo;\u00e0 mercredi.<\/div>\n<\/details>\n<details>\n<summary>Quelle est la force des vents attendus ?<\/summary>\n<div class=\"van-news-faq-a\">UDOT signale des vents violents atteignant 40 \u00e0 50 miles par heure, susceptibles de cr\u00e9er des conditions de conduite dangereuses, notamment sur l&rsquo;I-80 entre Wendover et Tooele.<\/div>\n<\/details>\n<details>\n<summary>O\u00f9 trouver les mises \u00e0 jour en temps r\u00e9el ?<\/summary>\n<div class=\"van-news-faq-a\">Sur le site web de UDOT, qui surveille les conditions et publiera une alerte mise \u00e0 jour lundi.<\/div>\n<\/details>\n<\/div>\n<\/div>\n","protected":false},"excerpt":{"rendered":"","protected":false},"author":34,"featured_media":19828,"comment_status":"open","ping_status":"open","sticky":false,"template":"","format":"standard","meta":{"_acf_changed":false,"manual_indexmenow":false,"indexmenow_id_project":0,"footnotes":""},"categories":[1],"tags":[4639,3726,4680,3170,4635],"class_list":["post-15225","post","type-post","status-publish","format-standard","has-post-thumbnail","hentry","category-a-la-une","tag-aventure","tag-conditions-meteorologiques","tag-conseils","tag-securite","tag-voyage","generate-columns","tablet-grid-50","mobile-grid-100","grid-parent","grid-25"],"acf":[],"yoast_head":"<!-- This site is optimized with the Yoast SEO Premium plugin v21.3 (Yoast SEO v25.1) - https:\/\/yoast.com\/wordpress\/plugins\/seo\/ -->\n<title>Alerte m\u00e9t\u00e9o : impacts de voyage \u00e0 l&#039;\u00e9chelle de l&#039;\u00c9tat \u00e0<\/title>\n<meta name=\"description\" content=\"Un fort front froid doit balayer l&#039;\u00c9tat cette semaine, avec vents violents et neige soudaine dans les vall\u00e9es. Pr\u00e8s de 30 routes sont concern\u00e9es : voici\" \/>\n<meta name=\"robots\" content=\"index, follow, max-snippet:-1, max-image-preview:large, max-video-preview:-1\" \/>\n<link rel=\"canonical\" href=\"https:\/\/voyage-aventure.com\/blog\/a-la-une\/alerte-meteo-impacts-de-voyage-a-lechelle-de-letat-a-prevoir-cette-semaine\/\" \/>\n<meta property=\"og:locale\" content=\"fr_FR\" \/>\n<meta property=\"og:type\" content=\"article\" \/>\n<meta property=\"og:title\" content=\"Alerte m\u00e9t\u00e9o : impacts de voyage \u00e0 l&#039;\u00e9chelle de l&#039;\u00c9tat \u00e0\" \/>\n<meta property=\"og:description\" content=\"Un fort front froid doit balayer l&#039;\u00c9tat cette semaine, avec vents violents et neige soudaine dans les vall\u00e9es. Pr\u00e8s de 30 routes sont concern\u00e9es : voici\" \/>\n<meta property=\"og:url\" content=\"https:\/\/voyage-aventure.com\/blog\/a-la-une\/alerte-meteo-impacts-de-voyage-a-lechelle-de-letat-a-prevoir-cette-semaine\/\" \/>\n<meta property=\"og:site_name\" content=\"voyage-aventure\" \/>\n<meta property=\"og:image\" content=\"https:\/\/voyage-aventure.com\/blog\/wp-content\/uploads\/2025\/05\/sdxl-63d6648c7283805ad580957c8bc29ed8-scaled.png\" \/>\n\t<meta property=\"og:image:width\" content=\"1200\" \/>\n\t<meta property=\"og:image:height\" content=\"500\" \/>\n\t<meta property=\"og:image:type\" content=\"image\/png\" \/>\n<meta name=\"author\" content=\"Camille Rouvray\" \/>\n<meta name=\"twitter:card\" content=\"summary_large_image\" \/>\n<script type=\"application\/ld+json\" class=\"yoast-schema-graph\">{\"@context\":\"https:\/\/schema.org\",\"@graph\":[{\"@type\":\"NewsArticle\",\"@id\":\"https:\/\/voyage-aventure.com\/blog\/a-la-une\/alerte-meteo-impacts-de-voyage-a-lechelle-de-letat-a-prevoir-cette-semaine\/#article\",\"isPartOf\":{\"@id\":\"https:\/\/voyage-aventure.com\/blog\/a-la-une\/alerte-meteo-impacts-de-voyage-a-lechelle-de-letat-a-prevoir-cette-semaine\/\"},\"author\":{\"name\":\"Camille Rouvray\",\"@id\":\"https:\/\/voyage-aventure.com\/blog\/#\/schema\/person\/3c864cdc320801e3db34b663e7e3f816\"},\"headline\":\"Alerte m\u00e9t\u00e9o : impacts de voyage \u00e0 l&rsquo;\u00e9chelle de l&rsquo;\u00c9tat \u00e0 pr\u00e9voir cette semaine\",\"datePublished\":\"2026-06-16T15:11:57+00:00\",\"mainEntityOfPage\":{\"@id\":\"https:\/\/voyage-aventure.com\/blog\/a-la-une\/alerte-meteo-impacts-de-voyage-a-lechelle-de-letat-a-prevoir-cette-semaine\/\"},\"wordCount\":887,\"commentCount\":23,\"publisher\":{\"@id\":\"https:\/\/voyage-aventure.com\/blog\/#organization\"},\"image\":{\"@id\":\"https:\/\/voyage-aventure.com\/blog\/a-la-une\/alerte-meteo-impacts-de-voyage-a-lechelle-de-letat-a-prevoir-cette-semaine\/#primaryimage\"},\"thumbnailUrl\":\"https:\/\/voyage-aventure.com\/blog\/wp-content\/uploads\/2025\/05\/sdxl-63d6648c7283805ad580957c8bc29ed8-scaled.png\",\"keywords\":[\"Aventure\",\"Conditions M\u00e9t\u00e9orologiques\",\"Conseils\",\"S\u00e9curit\u00e9\",\"Voyage\"],\"articleSection\":[\"\u00c0 la une\"],\"inLanguage\":\"fr-FR\",\"potentialAction\":[{\"@type\":\"CommentAction\",\"name\":\"Comment\",\"target\":[\"https:\/\/voyage-aventure.com\/blog\/a-la-une\/alerte-meteo-impacts-de-voyage-a-lechelle-de-letat-a-prevoir-cette-semaine\/#respond\"]}]},{\"@type\":\"WebPage\",\"@id\":\"https:\/\/voyage-aventure.com\/blog\/a-la-une\/alerte-meteo-impacts-de-voyage-a-lechelle-de-letat-a-prevoir-cette-semaine\/\",\"url\":\"https:\/\/voyage-aventure.com\/blog\/a-la-une\/alerte-meteo-impacts-de-voyage-a-lechelle-de-letat-a-prevoir-cette-semaine\/\",\"name\":\"Alerte m\u00e9t\u00e9o : impacts de voyage \u00e0 l'\u00e9chelle de l'\u00c9tat \u00e0\",\"isPartOf\":{\"@id\":\"https:\/\/voyage-aventure.com\/blog\/#website\"},\"primaryImageOfPage\":{\"@id\":\"https:\/\/voyage-aventure.com\/blog\/a-la-une\/alerte-meteo-impacts-de-voyage-a-lechelle-de-letat-a-prevoir-cette-semaine\/#primaryimage\"},\"image\":{\"@id\":\"https:\/\/voyage-aventure.com\/blog\/a-la-une\/alerte-meteo-impacts-de-voyage-a-lechelle-de-letat-a-prevoir-cette-semaine\/#primaryimage\"},\"thumbnailUrl\":\"https:\/\/voyage-aventure.com\/blog\/wp-content\/uploads\/2025\/05\/sdxl-63d6648c7283805ad580957c8bc29ed8-scaled.png\",\"datePublished\":\"2026-06-16T15:11:57+00:00\",\"description\":\"Un fort front froid doit balayer l'\u00c9tat cette semaine, avec vents violents et neige soudaine dans les vall\u00e9es. Pr\u00e8s de 30 routes sont concern\u00e9es : voici\",\"inLanguage\":\"fr-FR\",\"potentialAction\":[{\"@type\":\"ReadAction\",\"target\":[\"https:\/\/voyage-aventure.com\/blog\/a-la-une\/alerte-meteo-impacts-de-voyage-a-lechelle-de-letat-a-prevoir-cette-semaine\/\"]}]},{\"@type\":\"ImageObject\",\"inLanguage\":\"fr-FR\",\"@id\":\"https:\/\/voyage-aventure.com\/blog\/a-la-une\/alerte-meteo-impacts-de-voyage-a-lechelle-de-letat-a-prevoir-cette-semaine\/#primaryimage\",\"url\":\"https:\/\/voyage-aventure.com\/blog\/wp-content\/uploads\/2025\/05\/sdxl-63d6648c7283805ad580957c8bc29ed8-scaled.png\",\"contentUrl\":\"https:\/\/voyage-aventure.com\/blog\/wp-content\/uploads\/2025\/05\/sdxl-63d6648c7283805ad580957c8bc29ed8-scaled.png\",\"width\":1200,\"height\":500},{\"@type\":\"WebSite\",\"@id\":\"https:\/\/voyage-aventure.com\/blog\/#website\",\"url\":\"https:\/\/voyage-aventure.com\/blog\/\",\"name\":\"voyage-aventure.com\",\"description\":\"Votre passeport pour l\u2019inattendu.\",\"publisher\":{\"@id\":\"https:\/\/voyage-aventure.com\/blog\/#organization\"},\"alternateName\":\"Votre passeport pour l\u2019inattendu.\",\"potentialAction\":[{\"@type\":\"SearchAction\",\"target\":{\"@type\":\"EntryPoint\",\"urlTemplate\":\"https:\/\/voyage-aventure.com\/blog\/?s={search_term_string}\"},\"query-input\":{\"@type\":\"PropertyValueSpecification\",\"valueRequired\":true,\"valueName\":\"search_term_string\"}}],\"inLanguage\":\"fr-FR\"},{\"@type\":\"Organization\",\"@id\":\"https:\/\/voyage-aventure.com\/blog\/#organization\",\"name\":\"Foretsensations.fr\",\"url\":\"https:\/\/voyage-aventure.com\/blog\/\",\"logo\":{\"@type\":\"ImageObject\",\"inLanguage\":\"fr-FR\",\"@id\":\"https:\/\/voyage-aventure.com\/blog\/#\/schema\/logo\/image\/\",\"url\":\"https:\/\/voyage-aventure.com\/blog\/wp-content\/uploads\/2024\/12\/19.png\",\"contentUrl\":\"https:\/\/voyage-aventure.com\/blog\/wp-content\/uploads\/2024\/12\/19.png\",\"width\":512,\"height\":512,\"caption\":\"Foretsensations.fr\"},\"image\":{\"@id\":\"https:\/\/voyage-aventure.com\/blog\/#\/schema\/logo\/image\/\"}},{\"@type\":\"Person\",\"@id\":\"https:\/\/voyage-aventure.com\/blog\/#\/schema\/person\/3c864cdc320801e3db34b663e7e3f816\",\"name\":\"Camille Rouvray\",\"image\":{\"@type\":\"ImageObject\",\"inLanguage\":\"fr-FR\",\"@id\":\"https:\/\/voyage-aventure.com\/blog\/#\/schema\/person\/image\/\",\"url\":\"https:\/\/voyage-aventure.com\/blog\/wp-content\/uploads\/2026\/06\/persona_camille-r-96x96.jpg\",\"contentUrl\":\"https:\/\/voyage-aventure.com\/blog\/wp-content\/uploads\/2026\/06\/persona_camille-r-96x96.jpg\",\"caption\":\"Camille Rouvray\"},\"description\":\"Je voyage et j'\u00e9cris sur le voyage depuis une douzaine d'ann\u00e9es, d'abord en tant que routarde au long cours, puis comme r\u00e9dactrice sp\u00e9cialis\u00e9e. Mon terrain de pr\u00e9dilection, ce sont les circuits organis\u00e9s et l'art de bien pr\u00e9parer un itin\u00e9raire : choix de la saison, dur\u00e9e r\u00e9aliste des \u00e9tapes, budget jour par jour, logement et transport sur place. J'aime aussi raconter les p\u00e9pites urbaines, ces adresses qu'on ne trouve pas dans les guides classiques. Avant de publier un dossier destination, je croise toujours plusieurs sources, je v\u00e9rifie les tarifs et les formalit\u00e9s d'entr\u00e9e \u00e0 jour, et je teste moi-m\u00eame quand je le peux. Mon angle reste pratique avant tout : aider le lecteur \u00e0 partir l'esprit tranquille, sans mauvaise surprise une fois sur place. Je m'attache \u00e0 distinguer le coup de c\u0153ur sinc\u00e8re du simple argument marketing.\",\"sameAs\":[\"https:\/\/camillerouvray.fr\/\"],\"url\":\"https:\/\/voyage-aventure.com\/blog\/auteur\/noname\/\"}]}<\/script>\n<!-- \/ Yoast SEO Premium plugin. -->","yoast_head_json":{"title":"Alerte m\u00e9t\u00e9o : impacts de voyage \u00e0 l'\u00e9chelle de l'\u00c9tat \u00e0","description":"Un fort front froid doit balayer l'\u00c9tat cette semaine, avec vents violents et neige soudaine dans les vall\u00e9es. Pr\u00e8s de 30 routes sont concern\u00e9es : voici","robots":{"index":"index","follow":"follow","max-snippet":"max-snippet:-1","max-image-preview":"max-image-preview:large","max-video-preview":"max-video-preview:-1"},"canonical":"https:\/\/voyage-aventure.com\/blog\/a-la-une\/alerte-meteo-impacts-de-voyage-a-lechelle-de-letat-a-prevoir-cette-semaine\/","og_locale":"fr_FR","og_type":"article","og_title":"Alerte m\u00e9t\u00e9o : impacts de voyage \u00e0 l'\u00e9chelle de l'\u00c9tat \u00e0","og_description":"Un fort front froid doit balayer l'\u00c9tat cette semaine, avec vents violents et neige soudaine dans les vall\u00e9es. Pr\u00e8s de 30 routes sont concern\u00e9es : voici","og_url":"https:\/\/voyage-aventure.com\/blog\/a-la-une\/alerte-meteo-impacts-de-voyage-a-lechelle-de-letat-a-prevoir-cette-semaine\/","og_site_name":"voyage-aventure","og_image":[{"width":1200,"height":500,"url":"https:\/\/voyage-aventure.com\/blog\/wp-content\/uploads\/2025\/05\/sdxl-63d6648c7283805ad580957c8bc29ed8-scaled.png","type":"image\/png"}],"author":"Camille Rouvray","twitter_card":"summary_large_image","schema":{"@context":"https:\/\/schema.org","@graph":[{"@type":"NewsArticle","@id":"https:\/\/voyage-aventure.com\/blog\/a-la-une\/alerte-meteo-impacts-de-voyage-a-lechelle-de-letat-a-prevoir-cette-semaine\/#article","isPartOf":{"@id":"https:\/\/voyage-aventure.com\/blog\/a-la-une\/alerte-meteo-impacts-de-voyage-a-lechelle-de-letat-a-prevoir-cette-semaine\/"},"author":{"name":"Camille Rouvray","@id":"https:\/\/voyage-aventure.com\/blog\/#\/schema\/person\/3c864cdc320801e3db34b663e7e3f816"},"headline":"Alerte m\u00e9t\u00e9o : impacts de voyage \u00e0 l&rsquo;\u00e9chelle de l&rsquo;\u00c9tat \u00e0 pr\u00e9voir cette semaine","datePublished":"2026-06-16T15:11:57+00:00","mainEntityOfPage":{"@id":"https:\/\/voyage-aventure.com\/blog\/a-la-une\/alerte-meteo-impacts-de-voyage-a-lechelle-de-letat-a-prevoir-cette-semaine\/"},"wordCount":887,"commentCount":23,"publisher":{"@id":"https:\/\/voyage-aventure.com\/blog\/#organization"},"image":{"@id":"https:\/\/voyage-aventure.com\/blog\/a-la-une\/alerte-meteo-impacts-de-voyage-a-lechelle-de-letat-a-prevoir-cette-semaine\/#primaryimage"},"thumbnailUrl":"https:\/\/voyage-aventure.com\/blog\/wp-content\/uploads\/2025\/05\/sdxl-63d6648c7283805ad580957c8bc29ed8-scaled.png","keywords":["Aventure","Conditions M\u00e9t\u00e9orologiques","Conseils","S\u00e9curit\u00e9","Voyage"],"articleSection":["\u00c0 la une"],"inLanguage":"fr-FR","potentialAction":[{"@type":"CommentAction","name":"Comment","target":["https:\/\/voyage-aventure.com\/blog\/a-la-une\/alerte-meteo-impacts-de-voyage-a-lechelle-de-letat-a-prevoir-cette-semaine\/#respond"]}]},{"@type":"WebPage","@id":"https:\/\/voyage-aventure.com\/blog\/a-la-une\/alerte-meteo-impacts-de-voyage-a-lechelle-de-letat-a-prevoir-cette-semaine\/","url":"https:\/\/voyage-aventure.com\/blog\/a-la-une\/alerte-meteo-impacts-de-voyage-a-lechelle-de-letat-a-prevoir-cette-semaine\/","name":"Alerte m\u00e9t\u00e9o : impacts de voyage \u00e0 l'\u00e9chelle de l'\u00c9tat \u00e0","isPartOf":{"@id":"https:\/\/voyage-aventure.com\/blog\/#website"},"primaryImageOfPage":{"@id":"https:\/\/voyage-aventure.com\/blog\/a-la-une\/alerte-meteo-impacts-de-voyage-a-lechelle-de-letat-a-prevoir-cette-semaine\/#primaryimage"},"image":{"@id":"https:\/\/voyage-aventure.com\/blog\/a-la-une\/alerte-meteo-impacts-de-voyage-a-lechelle-de-letat-a-prevoir-cette-semaine\/#primaryimage"},"thumbnailUrl":"https:\/\/voyage-aventure.com\/blog\/wp-content\/uploads\/2025\/05\/sdxl-63d6648c7283805ad580957c8bc29ed8-scaled.png","datePublished":"2026-06-16T15:11:57+00:00","description":"Un fort front froid doit balayer l'\u00c9tat cette semaine, avec vents violents et neige soudaine dans les vall\u00e9es. Pr\u00e8s de 30 routes sont concern\u00e9es : voici","inLanguage":"fr-FR","potentialAction":[{"@type":"ReadAction","target":["https:\/\/voyage-aventure.com\/blog\/a-la-une\/alerte-meteo-impacts-de-voyage-a-lechelle-de-letat-a-prevoir-cette-semaine\/"]}]},{"@type":"ImageObject","inLanguage":"fr-FR","@id":"https:\/\/voyage-aventure.com\/blog\/a-la-une\/alerte-meteo-impacts-de-voyage-a-lechelle-de-letat-a-prevoir-cette-semaine\/#primaryimage","url":"https:\/\/voyage-aventure.com\/blog\/wp-content\/uploads\/2025\/05\/sdxl-63d6648c7283805ad580957c8bc29ed8-scaled.png","contentUrl":"https:\/\/voyage-aventure.com\/blog\/wp-content\/uploads\/2025\/05\/sdxl-63d6648c7283805ad580957c8bc29ed8-scaled.png","width":1200,"height":500},{"@type":"WebSite","@id":"https:\/\/voyage-aventure.com\/blog\/#website","url":"https:\/\/voyage-aventure.com\/blog\/","name":"voyage-aventure.com","description":"Votre passeport pour l\u2019inattendu.","publisher":{"@id":"https:\/\/voyage-aventure.com\/blog\/#organization"},"alternateName":"Votre passeport pour l\u2019inattendu.","potentialAction":[{"@type":"SearchAction","target":{"@type":"EntryPoint","urlTemplate":"https:\/\/voyage-aventure.com\/blog\/?s={search_term_string}"},"query-input":{"@type":"PropertyValueSpecification","valueRequired":true,"valueName":"search_term_string"}}],"inLanguage":"fr-FR"},{"@type":"Organization","@id":"https:\/\/voyage-aventure.com\/blog\/#organization","name":"Foretsensations.fr","url":"https:\/\/voyage-aventure.com\/blog\/","logo":{"@type":"ImageObject","inLanguage":"fr-FR","@id":"https:\/\/voyage-aventure.com\/blog\/#\/schema\/logo\/image\/","url":"https:\/\/voyage-aventure.com\/blog\/wp-content\/uploads\/2024\/12\/19.png","contentUrl":"https:\/\/voyage-aventure.com\/blog\/wp-content\/uploads\/2024\/12\/19.png","width":512,"height":512,"caption":"Foretsensations.fr"},"image":{"@id":"https:\/\/voyage-aventure.com\/blog\/#\/schema\/logo\/image\/"}},{"@type":"Person","@id":"https:\/\/voyage-aventure.com\/blog\/#\/schema\/person\/3c864cdc320801e3db34b663e7e3f816","name":"Camille Rouvray","image":{"@type":"ImageObject","inLanguage":"fr-FR","@id":"https:\/\/voyage-aventure.com\/blog\/#\/schema\/person\/image\/","url":"https:\/\/voyage-aventure.com\/blog\/wp-content\/uploads\/2026\/06\/persona_camille-r-96x96.jpg","contentUrl":"https:\/\/voyage-aventure.com\/blog\/wp-content\/uploads\/2026\/06\/persona_camille-r-96x96.jpg","caption":"Camille Rouvray"},"description":"Je voyage et j'\u00e9cris sur le voyage depuis une douzaine d'ann\u00e9es, d'abord en tant que routarde au long cours, puis comme r\u00e9dactrice sp\u00e9cialis\u00e9e. Mon terrain de pr\u00e9dilection, ce sont les circuits organis\u00e9s et l'art de bien pr\u00e9parer un itin\u00e9raire : choix de la saison, dur\u00e9e r\u00e9aliste des \u00e9tapes, budget jour par jour, logement et transport sur place. J'aime aussi raconter les p\u00e9pites urbaines, ces adresses qu'on ne trouve pas dans les guides classiques. Avant de publier un dossier destination, je croise toujours plusieurs sources, je v\u00e9rifie les tarifs et les formalit\u00e9s d'entr\u00e9e \u00e0 jour, et je teste moi-m\u00eame quand je le peux. Mon angle reste pratique avant tout : aider le lecteur \u00e0 partir l'esprit tranquille, sans mauvaise surprise une fois sur place. Je m'attache \u00e0 distinguer le coup de c\u0153ur sinc\u00e8re du simple argument marketing.","sameAs":["https:\/\/camillerouvray.fr\/"],"url":"https:\/\/voyage-aventure.com\/blog\/auteur\/noname\/"}]}},"_links":{"self":[{"href":"https:\/\/voyage-aventure.com\/blog\/wp-json\/wp\/v2\/posts\/15225","targetHints":{"allow":["GET"]}}],"collection":[{"href":"https:\/\/voyage-aventure.com\/blog\/wp-json\/wp\/v2\/posts"}],"about":[{"href":"https:\/\/voyage-aventure.com\/blog\/wp-json\/wp\/v2\/types\/post"}],"author":[{"embeddable":true,"href":"https:\/\/voyage-aventure.com\/blog\/wp-json\/wp\/v2\/users\/34"}],"replies":[{"embeddable":true,"href":"https:\/\/voyage-aventure.com\/blog\/wp-json\/wp\/v2\/comments?post=15225"}],"version-history":[{"count":3,"href":"https:\/\/voyage-aventure.com\/blog\/wp-json\/wp\/v2\/posts\/15225\/revisions"}],"predecessor-version":[{"id":22794,"href":"https:\/\/voyage-aventure.com\/blog\/wp-json\/wp\/v2\/posts\/15225\/revisions\/22794"}],"wp:featuredmedia":[{"embeddable":true,"href":"https:\/\/voyage-aventure.com\/blog\/wp-json\/wp\/v2\/media\/19828"}],"wp:attachment":[{"href":"https:\/\/voyage-aventure.com\/blog\/wp-json\/wp\/v2\/media?parent=15225"}],"wp:term":[{"taxonomy":"category","embeddable":true,"href":"https:\/\/voyage-aventure.com\/blog\/wp-json\/wp\/v2\/categories?post=15225"},{"taxonomy":"post_tag","embeddable":true,"href":"https:\/\/voyage-aventure.com\/blog\/wp-json\/wp\/v2\/tags?post=15225"}],"curies":[{"name":"wp","href":"https:\/\/api.w.org\/{rel}","templated":true}]}}