{"id":15215,"date":"2026-05-18T14:13:05","date_gmt":"2026-05-18T12:13:05","guid":{"rendered":"https:\/\/voyage-aventure.com\/blog\/?p=15215"},"modified":"2026-05-18T14:13:05","modified_gmt":"2026-05-18T12:13:05","slug":"une-expedition-scientifique-vers-le-glacier-denman-pour-comprendre-la-montee-des-eaux","status":"publish","type":"post","link":"https:\/\/voyage-aventure.com\/blog\/destinations-aventure\/une-expedition-scientifique-vers-le-glacier-denman-pour-comprendre-la-montee-des-eaux\/","title":{"rendered":"une exp\u00e9dition scientifique vers le glacier denman pour comprendre la mont\u00e9e des eaux"},"content":{"rendered":"<aside style=\"background:#f6efe6;border-left:5px solid #6a4a2a;padding:22px 28px;margin:24px 0;font-family:-apple-system,BlinkMacSystemFont,'Segoe UI',Roboto,sans-serif;\">\n<div style=\"margin:0;font-size:19px;line-height:1.55;color:#2a2a2a;font-weight:500;letter-spacing:-0.005em;\">\n    Au large d&rsquo;une c\u00f4te que presque personne n&rsquo;a jamais foul\u00e9e, soixante scientifiques convergent vers un glacier qui, \u00e0 lui seul, pourrait redessiner la carte du littoral mondial. Bienvenue dans l&rsquo;exp\u00e9dition la plus strat\u00e9gique de la d\u00e9cennie en Antarctique de l&rsquo;Est.\n  <\/div>\n<\/aside>\n<h2>Un voyage scientifique sans pr\u00e9c\u00e9dent<\/h2>\n<p>Ce glacier, situ\u00e9 dans une r\u00e9gion encore peu explor\u00e9e, a recul\u00e9 de 5 kilom\u00e8tres en seulement deux d\u00e9cennies. Les chercheurs s&rsquo;interrogent sur l&rsquo;impact potentiel de cette fonte acc\u00e9l\u00e9r\u00e9e sur le niveau de la mer et la biodiversit\u00e9 r\u00e9gionale \u00e0 long terme. La progression du front glaciaire est d\u00e9sormais l&rsquo;une des plus rapides observ\u00e9es sur tout le continent austral, et cette dynamique reste largement inexpliqu\u00e9e par les mod\u00e8les actuels.<\/p>\n<p>Cette mission marque un tournant pour le Programme australien de l&rsquo;Antarctique, car elle est la premi\u00e8re \u00e0 se concentrer sur les \u00e9tudes maritimes du glacier Denman depuis la mer. Les scientifiques esp\u00e8rent quantifier la contribution du glacier \u00e0 l&rsquo;\u00e9l\u00e9vation du niveau de la mer dans un climat en r\u00e9chauffement, un enjeu crucial pour les g\u00e9n\u00e9rations futures. L&rsquo;approche depuis l&rsquo;oc\u00e9an permet d&rsquo;acc\u00e9der \u00e0 des zones jusque-l\u00e0 invisibles depuis la terre ferme.<\/p>\n<aside style=\"background:#faf7f2;border:1px solid #e5e0d7;border-radius:8px;padding:24px 26px 26px;margin:28px 0;font-family:-apple-system,BlinkMacSystemFont,'Segoe UI',Roboto,sans-serif;\">\n<div style=\"margin:0 0 18px 0;font-size:11px;font-weight:700;text-transform:uppercase;letter-spacing:2.2px;color:#6a4a2a;\">\u00c0 retenir<\/div>\n<div style=\"display:grid;grid-template-columns:repeat(auto-fit,minmax(240px,1fr));gap:10px;\">\n<div style=\"display:flex;gap:12px;background:#fff;border:1px solid #ebe5d8;padding:12px 14px;border-radius:6px;align-items:flex-start;\">\n      <span style=\"flex:0 0 26px;width:26px;height:26px;background:#6a4a2a;color:#fff;border-radius:50%;display:inline-flex;align-items:center;justify-content:center;font-size:12px;font-weight:700;font-family:-apple-system,sans-serif;\">1<\/span><br \/>\n      <span style=\"font-size:14px;line-height:1.5;color:#2a2a2a;\">Le Denman a recul\u00e9 de 5 km en vingt ans, l&rsquo;une des d\u00e9rives les plus rapides d&rsquo;Antarctique de l&rsquo;Est.<\/span>\n    <\/div>\n<div style=\"display:flex;gap:12px;background:#fff;border:1px solid #ebe5d8;padding:12px 14px;border-radius:6px;align-items:flex-start;\">\n      <span style=\"flex:0 0 26px;width:26px;height:26px;background:#6a4a2a;color:#fff;border-radius:50%;display:inline-flex;align-items:center;justify-content:center;font-size:12px;font-weight:700;font-family:-apple-system,sans-serif;\">2<\/span><br \/>\n      <span style=\"font-size:14px;line-height:1.5;color:#2a2a2a;\">Sa tranch\u00e9e sous-glaciaire descend \u00e0 3,5 km : le point continental le plus profond connu.<\/span>\n    <\/div>\n<div style=\"display:flex;gap:12px;background:#fff;border:1px solid #ebe5d8;padding:12px 14px;border-radius:6px;align-items:flex-start;\">\n      <span style=\"flex:0 0 26px;width:26px;height:26px;background:#6a4a2a;color:#fff;border-radius:50%;display:inline-flex;align-items:center;justify-content:center;font-size:12px;font-weight:700;font-family:-apple-system,sans-serif;\">3<\/span><br \/>\n      <span style=\"font-size:14px;line-height:1.5;color:#2a2a2a;\">Contribution projet\u00e9e jusqu&rsquo;\u00e0 22 mm d&rsquo;\u00e9l\u00e9vation marine d&rsquo;ici 2300.<\/span>\n    <\/div>\n<div style=\"display:flex;gap:12px;background:#fff;border:1px solid #ebe5d8;padding:12px 14px;border-radius:6px;align-items:flex-start;\">\n      <span style=\"flex:0 0 26px;width:26px;height:26px;background:#6a4a2a;color:#fff;border-radius:50%;display:inline-flex;align-items:center;justify-content:center;font-size:12px;font-weight:700;font-family:-apple-system,sans-serif;\">4<\/span><br \/>\n      <span style=\"font-size:14px;line-height:1.5;color:#2a2a2a;\">Plus de 60 scientifiques mobilis\u00e9s 24h\/24 sur l&rsquo;oc\u00e9an, la glace et la biodiversit\u00e9.<\/span>\n    <\/div>\n<div style=\"display:flex;gap:12px;background:#fff;border:1px solid #ebe5d8;padding:12px 14px;border-radius:6px;align-items:flex-start;\">\n      <span style=\"flex:0 0 26px;width:26px;height:26px;background:#6a4a2a;color:#fff;border-radius:50%;display:inline-flex;align-items:center;justify-content:center;font-size:12px;font-weight:700;font-family:-apple-system,sans-serif;\">5<\/span><br \/>\n      <span style=\"font-size:14px;line-height:1.5;color:#2a2a2a;\">Drone sous-marin et ADN environnemental (eDNA) au c\u0153ur du dispositif d&rsquo;observation.<\/span>\n    <\/div>\n<div style=\"display:flex;gap:12px;background:#fff;border:1px solid #ebe5d8;padding:12px 14px;border-radius:6px;align-items:flex-start;\">\n      <span style=\"flex:0 0 26px;width:26px;height:26px;background:#6a4a2a;color:#fff;border-radius:50%;display:inline-flex;align-items:center;justify-content:center;font-size:12px;font-weight:700;font-family:-apple-system,sans-serif;\">6<\/span><br \/>\n      <span style=\"font-size:14px;line-height:1.5;color:#2a2a2a;\">Premi\u00e8re \u00e9tude maritime du Denman depuis la mer pour le Programme antarctique australien.<\/span>\n    <\/div>\n<\/p><\/div>\n<\/aside>\n<h2>Les enjeux de la recherche sur le glacier Denman<\/h2>\n<p>Le glacier Denman est situ\u00e9 sur une tranch\u00e9e qui pourrait \u00eatre le point le plus profond de la cro\u00fbte continentale, atteignant 3,5 kilom\u00e8tres. Les recherches r\u00e9v\u00e8lent que des eaux plus chaudes sous le glacier pourraient acc\u00e9l\u00e9rer sa fonte. Une \u00e9tude pr\u00e9voit que le Denman pourrait contribuer jusqu&rsquo;\u00e0 22 millim\u00e8tres \u00e0 l&rsquo;\u00e9l\u00e9vation du niveau de la mer d&rsquo;ici 2300.<\/p>\n<p>Le besoin d&rsquo;\u00e9tudier ce syst\u00e8me glaciaire est renforc\u00e9 par le niveau \u00e9lev\u00e9 d&rsquo;incertitude dans les mod\u00e8les climatiques actuels. Les chercheurs tentent de comprendre comment le changement climatique affecte cette r\u00e9gion vuln\u00e9rable et quelles sont les cons\u00e9quences pour l&rsquo;\u00e9cosyst\u00e8me global.<\/p>\n<figure style=\"margin:32px 0;padding:0;font-family:-apple-system,BlinkMacSystemFont,'Segoe UI',Roboto,sans-serif;\">\n<div style=\"display:grid;grid-template-columns:repeat(auto-fit,minmax(140px,1fr));background:#1a1a1a;border-radius:6px;overflow:hidden;\">\n<div style=\"padding:22px 16px;text-align:center;border-right:1px solid #2f2f2f;\">\n<div style=\"font-size:36px;font-weight:900;color:#fff;letter-spacing:-0.04em;font-feature-settings:'tnum';line-height:1;\">5 km<\/div>\n<div style=\"font-size:11px;text-transform:uppercase;letter-spacing:1.5px;color:#9a9a9a;margin-top:8px;\">recul en 20 ans<\/div>\n<\/p><\/div>\n<div style=\"padding:22px 16px;text-align:center;border-right:1px solid #2f2f2f;\">\n<div style=\"font-size:36px;font-weight:900;color:#fff;letter-spacing:-0.04em;font-feature-settings:'tnum';line-height:1;\">3,5 km<\/div>\n<div style=\"font-size:11px;text-transform:uppercase;letter-spacing:1.5px;color:#9a9a9a;margin-top:8px;\">profondeur sous-glaciaire<\/div>\n<\/p><\/div>\n<div style=\"padding:22px 16px;text-align:center;\">\n<div style=\"font-size:36px;font-weight:900;color:#c69266;letter-spacing:-0.04em;font-feature-settings:'tnum';line-height:1;\">22 mm<\/div>\n<div style=\"font-size:11px;text-transform:uppercase;letter-spacing:1.5px;color:#9a9a9a;margin-top:8px;\">\u00e9l\u00e9vation projet\u00e9e 2300<\/div>\n<\/p><\/div>\n<\/p><\/div><figcaption style=\"font-size:11px;color:#7a7a7a;margin-top:8px;text-align:right;letter-spacing:0.3px;\">Donn\u00e9es indicatives \u2014 projections issues des travaux des \u00e9quipes antarctiques.<\/figcaption><\/figure>\n<aside style=\"background:#fff7e0;border-left:4px solid #d4a017;padding:14px 18px;margin:18px 0;border-radius:0 4px 4px 0;font-family:-apple-system,BlinkMacSystemFont,'Segoe UI',Roboto,sans-serif;\">\n  <strong style=\"display:inline-block;color:#7a5e00;font-size:12px;text-transform:uppercase;letter-spacing:1.5px;margin-right:8px;\">&#128161; Bon \u00e0 savoir<\/strong><br \/>\n  <span style=\"font-size:14.5px;line-height:1.55;color:#3a3a3a;\">L&rsquo;Antarctique de l&rsquo;Est concentre pr\u00e8s de 90 % de la glace terrestre de la plan\u00e8te. Sa stabilit\u00e9 reste l&rsquo;une des plus grandes inconnues des projections climatiques \u00e0 long terme.<\/span><br \/>\n<\/aside>\n<h3>Pourquoi le Denman intrigue autant les scientifiques<\/h3>\n<p>Plusieurs caract\u00e9ristiques font de ce glacier un terrain d&rsquo;\u00e9tude unique. Sa position, sa morphologie sous-marine et son contact direct avec des masses d&rsquo;eau oc\u00e9aniques chaudes en font un candidat privil\u00e9gi\u00e9 pour comprendre les dynamiques de fonte rapide. L\u00e0 o\u00f9 d&rsquo;autres glaciers australs reposent sur des socles continentaux prot\u00e9g\u00e9s, le Denman semble expos\u00e9 \u00e0 un m\u00e9canisme bien plus d\u00e9licat \u00e0 mod\u00e9liser.<\/p>\n<div style=\"display:grid;grid-template-columns:repeat(auto-fit,minmax(220px,1fr));gap:14px;margin:28px 0;font-family:-apple-system,BlinkMacSystemFont,'Segoe UI',Roboto,sans-serif;\">\n<article style=\"background:#fff;border:1px solid #e5e0d7;border-top:3px solid #6a4a2a;border-radius:6px;padding:18px 18px 16px;\">\n<div style=\"width:36px;height:36px;background:#f6efe6;border-radius:50%;display:inline-flex;align-items:center;justify-content:center;margin-bottom:12px;\">\n      <span style=\"font-size:18px;color:#6a4a2a;font-weight:900;font-family:Georgia,serif;\">01<\/span>\n    <\/div>\n<h3 style=\"margin:0 0 6px 0;font-size:16px;font-weight:700;color:#1a1a1a;letter-spacing:-0.01em;\">Une tranch\u00e9e abyssale<\/h3>\n<div style=\"margin:0;font-size:13.5px;line-height:1.55;color:#4a4a4a;\">Le socle rocheux plonge sous le niveau de la mer, exposant le glacier \u00e0 des courants d&rsquo;eau plus chauds que la moyenne polaire.<\/div>\n<\/article>\n<article style=\"background:#fff;border:1px solid #e5e0d7;border-top:3px solid #6a4a2a;border-radius:6px;padding:18px 18px 16px;\">\n<div style=\"width:36px;height:36px;background:#f6efe6;border-radius:50%;display:inline-flex;align-items:center;justify-content:center;margin-bottom:12px;\">\n      <span style=\"font-size:18px;color:#6a4a2a;font-weight:900;font-family:Georgia,serif;\">02<\/span>\n    <\/div>\n<h3 style=\"margin:0 0 6px 0;font-size:16px;font-weight:700;color:#1a1a1a;letter-spacing:-0.01em;\">Une zone peu observ\u00e9e<\/h3>\n<div style=\"margin:0;font-size:13.5px;line-height:1.55;color:#4a4a4a;\">Couverture satellitaire limit\u00e9e, acc\u00e8s maritime saisonnier : l&rsquo;essentiel des mesures reste \u00e0 acqu\u00e9rir au plus pr\u00e8s du front glaciaire.<\/div>\n<\/article>\n<article style=\"background:#fff;border:1px solid #e5e0d7;border-top:3px solid #6a4a2a;border-radius:6px;padding:18px 18px 16px;\">\n<div style=\"width:36px;height:36px;background:#f6efe6;border-radius:50%;display:inline-flex;align-items:center;justify-content:center;margin-bottom:12px;\">\n      <span style=\"font-size:18px;color:#6a4a2a;font-weight:900;font-family:Georgia,serif;\">03<\/span>\n    <\/div>\n<h3 style=\"margin:0 0 6px 0;font-size:16px;font-weight:700;color:#1a1a1a;letter-spacing:-0.01em;\">Un effet de seuil<\/h3>\n<div style=\"margin:0;font-size:13.5px;line-height:1.55;color:#4a4a4a;\">Si la fonte atteint la base interne du glacier, le retrait pourrait s&rsquo;acc\u00e9l\u00e9rer brutalement et devenir difficilement r\u00e9versible.<\/div>\n<\/article>\n<article style=\"background:#fff;border:1px solid #e5e0d7;border-top:3px solid #6a4a2a;border-radius:6px;padding:18px 18px 16px;\">\n<div style=\"width:36px;height:36px;background:#f6efe6;border-radius:50%;display:inline-flex;align-items:center;justify-content:center;margin-bottom:12px;\">\n      <span style=\"font-size:18px;color:#6a4a2a;font-weight:900;font-family:Georgia,serif;\">04<\/span>\n    <\/div>\n<h3 style=\"margin:0 0 6px 0;font-size:16px;font-weight:700;color:#1a1a1a;letter-spacing:-0.01em;\">Un proxy climatique<\/h3>\n<div style=\"margin:0;font-size:13.5px;line-height:1.55;color:#4a4a4a;\">Ce que l&rsquo;on apprend ici \u00e9claire l&rsquo;avenir d&rsquo;autres glaciers vuln\u00e9rables, en Antarctique comme au Groenland.<\/div>\n<\/article>\n<\/div>\n<h2>Les m\u00e9thodes innovantes utilis\u00e9es lors de l&rsquo;exp\u00e9dition<\/h2>\n<p>La mission impliquera plus de 60 scientifiques de diverses disciplines, travaillant 24 heures sur 24 pour collecter des donn\u00e9es sur l&rsquo;oc\u00e9an, la glace et la biodiversit\u00e9. Parmi les instruments utilis\u00e9s, un drone sous-marin sera d\u00e9ploy\u00e9 pour surveiller la temp\u00e9rature de l&rsquo;eau et le vivant aquatique, fournissant des informations essentielles sur les conditions oc\u00e9aniques. Ce drone peut \u00eatre contr\u00f4l\u00e9 \u00e0 distance, m\u00eame lorsque l&rsquo;\u00e9quipage est en train de se reposer.<\/p>\n<p>Les \u00e9chantillons d&rsquo;ADN environnemental (eDNA) seront analys\u00e9s pour \u00e9valuer la biodiversit\u00e9 marine. En utilisant des m\u00e9thodes d&rsquo;\u00e9chantillonnage traditionnelles et des dispositifs autonomes modernes, les scientifiques pourront d\u00e9couvrir la vie marine sans avoir besoin d&rsquo;observer directement les organismes.<\/p>\n<figure style=\"margin:32px 0;font-family:-apple-system,BlinkMacSystemFont,'Segoe UI',Roboto,sans-serif;\">\n<div style=\"overflow-x:auto;border:1px solid #e5e0d7;border-radius:8px;\">\n<table style=\"width:100%;border-collapse:collapse;font-size:14px;color:#2a2a2a;min-width:500px;\">\n<thead>\n<tr style=\"background:#1a1a1a;color:#fff;\">\n<th style=\"text-align:left;padding:14px 18px;font-weight:700;font-size:12px;text-transform:uppercase;letter-spacing:1.5px;\">Instrument<\/th>\n<th style=\"text-align:left;padding:14px 18px;font-weight:700;font-size:12px;text-transform:uppercase;letter-spacing:1.5px;\">Mission<\/th>\n<th style=\"text-align:center;padding:14px 18px;font-weight:700;font-size:12px;text-transform:uppercase;letter-spacing:1.5px;\">Mode<\/th>\n<\/tr>\n<\/thead>\n<tbody>\n<tr style=\"background:#fff;border-bottom:1px solid #f0ebe0;\">\n<td style=\"padding:14px 18px;font-weight:600;\">Drone sous-marin<\/td>\n<td style=\"padding:14px 18px;color:#4a4a4a;\">Mesure de la temp\u00e9rature et observation du vivant aquatique<\/td>\n<td style=\"padding:14px 18px;text-align:center;color:#6a6a6a;\">Pilotage \u00e0 distance<\/td>\n<\/tr>\n<tr style=\"background:#faf7f2;border-bottom:1px solid #f0ebe0;\">\n<td style=\"padding:14px 18px;font-weight:600;\">eDNA (ADN environnemental)<\/td>\n<td style=\"padding:14px 18px;color:#4a4a4a;\">Cartographie de la biodiversit\u00e9 sans capture d&rsquo;organismes<\/td>\n<td style=\"padding:14px 18px;text-align:center;color:#6a6a6a;\">\u00c9chantillonnage in situ<\/td>\n<\/tr>\n<tr style=\"background:#fff;border-bottom:1px solid #f0ebe0;\">\n<td style=\"padding:14px 18px;font-weight:600;\">Carottages de s\u00e9diments<\/td>\n<td style=\"padding:14px 18px;color:#4a4a4a;\">Reconstruction de l&rsquo;histoire glaciaire sur des milliers d&rsquo;ann\u00e9es<\/td>\n<td style=\"padding:14px 18px;text-align:center;color:#6a6a6a;\">Pr\u00e9l\u00e8vement profond<\/td>\n<\/tr>\n<tr style=\"background:#faf7f2;border-bottom:1px solid #f0ebe0;\">\n<td style=\"padding:14px 18px;font-weight:600;\">Sondages oc\u00e9anographiques<\/td>\n<td style=\"padding:14px 18px;color:#4a4a4a;\">Mesure des courants chauds sous-glaciaires<\/td>\n<td style=\"padding:14px 18px;text-align:center;color:#6a6a6a;\">Stations fixes<\/td>\n<\/tr>\n<tr style=\"background:#fff;\">\n<td style=\"padding:14px 18px;font-weight:600;\">Dispositifs autonomes<\/td>\n<td style=\"padding:14px 18px;color:#4a4a4a;\">Acquisition continue en environnement hostile<\/td>\n<td style=\"padding:14px 18px;text-align:center;color:#6a6a6a;\">24h\/24<\/td>\n<\/tr>\n<\/tbody>\n<\/table><\/div>\n<\/figure>\n<aside style=\"background:#f6efe6;border-left:4px solid #6a4a2a;padding:14px 18px;margin:18px 0;border-radius:0 4px 4px 0;font-family:-apple-system,BlinkMacSystemFont,'Segoe UI',Roboto,sans-serif;\">\n  <strong style=\"display:inline-block;color:#4a3320;font-size:12px;text-transform:uppercase;letter-spacing:1.5px;margin-right:8px;\">&#10022; Astuce<\/strong><br \/>\n  <span style=\"font-size:14.5px;line-height:1.55;color:#3a3a3a;\">L&rsquo;eDNA permet d&rsquo;identifier des esp\u00e8ces pr\u00e9sentes dans la colonne d&rsquo;eau \u00e0 partir d&rsquo;\u00e0 peine quelques litres pr\u00e9lev\u00e9s \u2014 un changement de paradigme pour la biologie polaire.<\/span><br \/>\n<\/aside>\n<h3>Une logistique pens\u00e9e pour l&rsquo;extr\u00eame<\/h3>\n<p>Travailler en Antarctique de l&rsquo;Est suppose une organisation millim\u00e9tr\u00e9e. Les fen\u00eatres m\u00e9t\u00e9o sont courtes, la banquise d\u00e9rive, et les \u00e9quipes doivent encha\u00eener les op\u00e9rations sans interruption tant que la mer le permet. Le navire scientifique sert \u00e0 la fois de base vie, de laboratoire et de plateforme de d\u00e9ploiement pour les engins autonomes.<\/p>\n<figure style=\"margin:38px auto;padding:28px 24px;text-align:center;border-top:1px solid #2a2a2a;border-bottom:1px solid #2a2a2a;max-width:640px;position:relative;font-family:Georgia,'Hoefler Text',serif;\">\n<div style=\"position:absolute;top:-20px;left:50%;transform:translateX(-50%);background:#ffffff;padding:0 14px;font-size:48px;line-height:1;color:#6a4a2a;font-family:Georgia,serif;\">&laquo;<\/div>\n<blockquote style=\"margin:0;padding:0;font-size:24px;line-height:1.45;font-style:italic;color:#1a1a1a;letter-spacing:-0.005em;\"><p>\n    Le glacier Denman est l&rsquo;un des endroits les plus dynamiques et vuln\u00e9rables de la calotte glaciaire antarctique de l&rsquo;Est. C&rsquo;est une occasion unique d&rsquo;\u00e9tudier cette r\u00e9gion isol\u00e9e.<br \/>\n  <\/blockquote><figcaption style=\"margin-top:14px;font-size:12px;text-transform:uppercase;letter-spacing:2px;color:#6a6a6a;font-family:-apple-system,sans-serif;font-style:normal;\">\u2014 Prof. Delphine Lannuzel<\/figcaption><\/figure>\n<p>Les d\u00e9fis pos\u00e9s par l&rsquo;\u00e9tude de cette r\u00e9gion isol\u00e9e sont nombreux, mais les chercheurs sont d\u00e9termin\u00e9s \u00e0 en apprendre davantage sur ce que le glacier Denman pourrait signifier pour le futur. La collecte de donn\u00e9es pr\u00e9cises est essentielle pour mieux comprendre les changements en cours et leur impact sur l&rsquo;\u00e9cosyst\u00e8me.<\/p>\n<aside style=\"background:#fdecec;border-left:4px solid #c54848;padding:14px 18px;margin:18px 0;border-radius:0 4px 4px 0;font-family:-apple-system,BlinkMacSystemFont,'Segoe UI',Roboto,sans-serif;\">\n  <strong style=\"display:inline-block;color:#8a2020;font-size:12px;text-transform:uppercase;letter-spacing:1.5px;margin-right:8px;\">&#9888;&#65039; Attention<\/strong><br \/>\n  <span style=\"font-size:14.5px;line-height:1.55;color:#3a3a3a;\">Les marges d&rsquo;erreur restent importantes : les projections d&rsquo;\u00e9l\u00e9vation des oc\u00e9ans \u00e0 l&rsquo;horizon 2300 d\u00e9pendent fortement des choix \u00e9nerg\u00e9tiques mondiaux faits dans les prochaines d\u00e9cennies.<\/span><br \/>\n<\/aside>\n<p><iframe loading=\"lazy\" title=\"Antarctica&#039;s Denman glacier is retreating, could drastically raise sea levels\" width=\"1200\" height=\"675\" src=\"https:\/\/www.youtube.com\/embed\/GvZItBBPBwk?feature=oembed\" frameborder=\"0\" allow=\"accelerometer; autoplay; clipboard-write; encrypted-media; gyroscope; picture-in-picture; web-share\" referrerpolicy=\"strict-origin-when-cross-origin\" allowfullscreen><\/iframe><\/p>\n<h2>Coop\u00e9ration internationale et terrain d&rsquo;observation<\/h2>\n<p>L&rsquo;exp\u00e9dition mobilise des laboratoires de plusieurs pays, des sp\u00e9cialistes de la glaciologie aux biologistes marins, en passant par des oc\u00e9anographes et des mod\u00e9lisateurs climatiques. Ce croisement de disciplines est essentiel : on ne comprend pas un glacier en l&rsquo;observant seul, mais en le repla\u00e7ant dans son \u00e9cosyst\u00e8me oc\u00e9anique, biologique et atmosph\u00e9rique.<\/p>\n<div style=\"display:grid;grid-template-columns:repeat(auto-fit,minmax(260px,1fr));gap:14px;margin:28px 0;font-family:-apple-system,BlinkMacSystemFont,'Segoe UI',Roboto,sans-serif;\">\n<div style=\"background:#fdecec;border:1px solid #f3cccc;border-radius:6px;padding:20px 22px;\">\n<div style=\"display:flex;align-items:center;gap:10px;margin-bottom:14px;padding-bottom:10px;border-bottom:1px solid #f3cccc;\">\n      <span style=\"width:32px;height:32px;background:#c54848;color:#fff;border-radius:50%;display:inline-flex;align-items:center;justify-content:center;font-size:18px;font-weight:700;\">&#10005;<\/span><\/p>\n<h3 style=\"margin:0;font-size:16px;font-weight:700;color:#8a2020;letter-spacing:-0.01em;\">Approche ancienne<\/h3>\n<\/p><\/div>\n<ul style=\"margin:0;padding-left:18px;font-size:14px;line-height:1.7;color:#3a3a3a;\">\n<li>Observation \u00e0 distance depuis la terre ferme<\/li>\n<li>Mesures ponctuelles, peu de continuit\u00e9<\/li>\n<li>Mod\u00e8les domin\u00e9s par les seules donn\u00e9es satellitaires<\/li>\n<\/ul><\/div>\n<div style=\"background:#f6efe6;border:1px solid #d8c9b5;border-radius:6px;padding:20px 22px;\">\n<div style=\"display:flex;align-items:center;gap:10px;margin-bottom:14px;padding-bottom:10px;border-bottom:1px solid #d8c9b5;\">\n      <span style=\"width:32px;height:32px;background:#6a4a2a;color:#fff;border-radius:50%;display:inline-flex;align-items:center;justify-content:center;font-size:18px;font-weight:700;\">&#10003;<\/span><\/p>\n<h3 style=\"margin:0;font-size:16px;font-weight:700;color:#4a3320;letter-spacing:-0.01em;\">Approche actuelle<\/h3>\n<\/p><\/div>\n<ul style=\"margin:0;padding-left:18px;font-size:14px;line-height:1.7;color:#3a3a3a;\">\n<li>\u00c9tude maritime au plus pr\u00e8s du front glaciaire<\/li>\n<li>Acquisition continue 24h\/24 avec relais d&rsquo;\u00e9quipes<\/li>\n<li>Croisement multi-disciplinaire : glace, oc\u00e9an, vivant<\/li>\n<\/ul><\/div>\n<\/div>\n<h3>Une biodiversit\u00e9 qui pourrait surprendre<\/h3>\n<p>La biodiversit\u00e9 marine dans la r\u00e9gion du glacier Denman pourrait \u00eatre plus riche qu&rsquo;on ne le pense. Les scientifiques s&rsquo;int\u00e9ressent aux esp\u00e8ces comme les pieuvres et les araign\u00e9es de mer, qui pourraient r\u00e9v\u00e9ler beaucoup sur l&rsquo;\u00e9cosyst\u00e8me local. La recherche sur cette biodiversit\u00e9 est cruciale pour sa conservation et pour anticiper les impacts du changement climatique.<\/p>\n<p>Les donn\u00e9es r\u00e9colt\u00e9es lors de cette exp\u00e9dition contribueront \u00e0 am\u00e9liorer les projections concernant le comportement de la calotte glaciaire de l&rsquo;Est antarctique et ses contributions \u00e0 la mont\u00e9e des eaux. Comprendre la diversit\u00e9 et la connectivit\u00e9 des esp\u00e8ces marines est essentiel pour une gestion efficace de cette pr\u00e9cieuse ressource naturelle.<\/p>\n<h2>Un avenir incertain pour la biodiversit\u00e9<\/h2>\n<div style=\"display:grid;grid-template-columns:repeat(auto-fit,minmax(260px,1fr));gap:14px;margin:28px 0;font-family:-apple-system,BlinkMacSystemFont,'Segoe UI',Roboto,sans-serif;\">\n<div style=\"background:#faf7f2;border:1px solid #d8c9b5;border-top:4px solid #6a4a2a;border-radius:4px;padding:20px 22px;\">\n<h3 style=\"margin:0 0 14px 0;font-size:13px;font-weight:700;text-transform:uppercase;letter-spacing:1.8px;color:#4a3320;\">&#10003; Ce que l&rsquo;exp\u00e9dition cherche<\/h3>\n<ul style=\"margin:0;padding:0;list-style:none;\">\n<li style=\"display:flex;gap:10px;align-items:flex-start;padding:6px 0;font-size:14px;line-height:1.5;color:#2a2a2a;border-bottom:1px solid #ebe5d8;\"><span style=\"color:#6a4a2a;font-weight:700;flex:0 0 14px;\">&#10003;<\/span><span>Quantifier la fonte sous-glaciaire avec pr\u00e9cision<\/span><\/li>\n<li style=\"display:flex;gap:10px;align-items:flex-start;padding:6px 0;font-size:14px;line-height:1.5;color:#2a2a2a;border-bottom:1px solid #ebe5d8;\"><span style=\"color:#6a4a2a;font-weight:700;flex:0 0 14px;\">&#10003;<\/span><span>Cartographier les esp\u00e8ces sous-marines des eaux froides<\/span><\/li>\n<li style=\"display:flex;gap:10px;align-items:flex-start;padding:6px 0;font-size:14px;line-height:1.5;color:#2a2a2a;border-bottom:1px solid #ebe5d8;\"><span style=\"color:#6a4a2a;font-weight:700;flex:0 0 14px;\">&#10003;<\/span><span>Mesurer la temp\u00e9rature r\u00e9elle des courants sous-jacents<\/span><\/li>\n<li style=\"display:flex;gap:10px;align-items:flex-start;padding:6px 0;font-size:14px;line-height:1.5;color:#2a2a2a;\"><span style=\"color:#6a4a2a;font-weight:700;flex:0 0 14px;\">&#10003;<\/span><span>Affiner les mod\u00e8les de projection \u00e0 l&rsquo;horizon 2100-2300<\/span><\/li>\n<\/ul><\/div>\n<div style=\"background:#faf7f2;border:1px solid #f3cccc;border-top:4px solid #c54848;border-radius:4px;padding:20px 22px;\">\n<h3 style=\"margin:0 0 14px 0;font-size:13px;font-weight:700;text-transform:uppercase;letter-spacing:1.8px;color:#8a2020;\">&#10005; Ce qui menace l&rsquo;\u00e9cosyst\u00e8me<\/h3>\n<ul style=\"margin:0;padding:0;list-style:none;\">\n<li style=\"display:flex;gap:10px;align-items:flex-start;padding:6px 0;font-size:14px;line-height:1.5;color:#2a2a2a;border-bottom:1px solid #ebe5d8;\"><span style=\"color:#c54848;font-weight:700;flex:0 0 14px;\">&#10005;<\/span><span>R\u00e9chauffement des masses d&rsquo;eau sous-glaciaires<\/span><\/li>\n<li style=\"display:flex;gap:10px;align-items:flex-start;padding:6px 0;font-size:14px;line-height:1.5;color:#2a2a2a;border-bottom:1px solid #ebe5d8;\"><span style=\"color:#c54848;font-weight:700;flex:0 0 14px;\">&#10005;<\/span><span>Modification rapide des habitats benthiques<\/span><\/li>\n<li style=\"display:flex;gap:10px;align-items:flex-start;padding:6px 0;font-size:14px;line-height:1.5;color:#2a2a2a;border-bottom:1px solid #ebe5d8;\"><span style=\"color:#c54848;font-weight:700;flex:0 0 14px;\">&#10005;<\/span><span>Perte de banquise affectant la cha\u00eene alimentaire<\/span><\/li>\n<li style=\"display:flex;gap:10px;align-items:flex-start;padding:6px 0;font-size:14px;line-height:1.5;color:#2a2a2a;\"><span style=\"color:#c54848;font-weight:700;flex:0 0 14px;\">&#10005;<\/span><span>Acc\u00e9l\u00e9ration potentiellement irr\u00e9versible du retrait<\/span><\/li>\n<\/ul><\/div>\n<\/div>\n<p>La biodiversit\u00e9 marine dans la r\u00e9gion du glacier Denman concentre une mosa\u00efque d&rsquo;esp\u00e8ces longtemps invisibles. Pieuvres, araign\u00e9es de mer, organismes benthiques, micro-organismes : chaque pr\u00e9l\u00e8vement peut documenter une esp\u00e8ce jamais d\u00e9crite. Cette richesse cach\u00e9e ajoute une couche d&rsquo;urgence \u00e0 la mission, car ce que l&rsquo;on n&rsquo;a pas encore observ\u00e9 peut dispara\u00eetre avant m\u00eame d&rsquo;\u00eatre nomm\u00e9.<\/p>\n<aside style=\"background:#fff7e0;border-left:4px solid #d4a017;padding:14px 18px;margin:18px 0;border-radius:0 4px 4px 0;font-family:-apple-system,BlinkMacSystemFont,'Segoe UI',Roboto,sans-serif;\">\n  <strong style=\"display:inline-block;color:#7a5e00;font-size:12px;text-transform:uppercase;letter-spacing:1.5px;margin-right:8px;\">&#128161; Bon \u00e0 savoir<\/strong><br \/>\n  <span style=\"font-size:14.5px;line-height:1.55;color:#3a3a3a;\">Les s\u00e9diments pr\u00e9lev\u00e9s au pied du glacier conservent un v\u00e9ritable archivage g\u00e9ologique. En les analysant, les chercheurs reconstituent des dizaines de milliers d&rsquo;ann\u00e9es d&rsquo;histoire climatique r\u00e9gionale.<\/span><br \/>\n<\/aside>\n<h3>Pourquoi ce travail compte aussi pour les c\u00f4tes habit\u00e9es<\/h3>\n<p>M\u00eame \u00e0 22 millim\u00e8tres, la contribution projet\u00e9e du Denman n&rsquo;est jamais isol\u00e9e. Additionn\u00e9e \u00e0 celles d&rsquo;autres glaciers de l&rsquo;Antarctique et du Groenland, elle p\u00e8se directement sur les politiques d&rsquo;am\u00e9nagement c\u00f4tier, sur les assurances et sur les flux migratoires futurs. Comprendre pr\u00e9cis\u00e9ment un glacier comme celui-ci, c&rsquo;est armer les d\u00e9cideurs face \u00e0 une incertitude qui durera plusieurs g\u00e9n\u00e9rations.<\/p>\n<p>Ce voyage scientifique est non seulement une avanc\u00e9e pour la recherche polaire, mais il repr\u00e9sente aussi un engagement fort de l&rsquo;Australie envers la science antarctique et la protection de notre plan\u00e8te. \u00c0 travers des efforts concert\u00e9s et des m\u00e9thodes innovantes, les chercheurs esp\u00e8rent apporter des r\u00e9ponses aux questions cruciales sur l&rsquo;avenir de notre environnement.<\/p>\n<section style=\"margin:32px 0;font-family:-apple-system,BlinkMacSystemFont,'Segoe UI',Roboto,sans-serif;\">\n<h2 style=\"margin:0 0 18px 0;font-size:22px;font-weight:800;color:#1a1a1a;letter-spacing:-0.01em;\">Questions fr\u00e9quentes<\/h2>\n<div style=\"border-top:1px solid #d8c9b5;\">\n<details style=\"border-bottom:1px solid #d8c9b5;padding:0;\">\n<summary style=\"cursor:pointer;padding:16px 0;font-size:17px;font-weight:700;color:#1a1a1a;list-style:none;display:flex;justify-content:space-between;align-items:center;gap:14px;\">\n        <span>O\u00f9 se situe exactement le glacier Denman ?<\/span><br \/>\n        <span style=\"font-size:22px;font-weight:300;color:#6a4a2a;line-height:1;\">+<\/span><br \/>\n      <\/summary>\n<div style=\"padding:0 0 16px 0;font-size:15px;line-height:1.7;color:#4a4a4a;\">Le glacier Denman se trouve en Antarctique de l&rsquo;Est, dans une zone rest\u00e9e peu explor\u00e9e en raison de son \u00e9loignement et de l&rsquo;instabilit\u00e9 de la banquise environnante. Son front rejoint l&rsquo;oc\u00e9an Austral et plonge dans une tranch\u00e9e sous-glaciaire consid\u00e9r\u00e9e comme l&rsquo;une des plus profondes du continent.<\/div>\n<\/details>\n<details style=\"border-bottom:1px solid #d8c9b5;padding:0;\">\n<summary style=\"cursor:pointer;padding:16px 0;font-size:17px;font-weight:700;color:#1a1a1a;list-style:none;display:flex;justify-content:space-between;align-items:center;gap:14px;\">\n        <span>Pourquoi parler de 22 millim\u00e8tres d&rsquo;\u00e9l\u00e9vation : est-ce significatif ?<\/span><br \/>\n        <span style=\"font-size:22px;font-weight:300;color:#6a4a2a;line-height:1;\">+<\/span><br \/>\n      <\/summary>\n<div style=\"padding:0 0 16px 0;font-size:15px;line-height:1.7;color:#4a4a4a;\">Pris isol\u00e9ment, 22 millim\u00e8tres peuvent sembler modestes. Mais ce chiffre n&rsquo;est qu&rsquo;une contribution d&rsquo;un seul glacier \u00e0 l&rsquo;horizon 2300. Cumul\u00e9 avec les autres syst\u00e8mes glaciaires, il p\u00e8se de mani\u00e8re d\u00e9terminante sur la planification c\u00f4ti\u00e8re et les mod\u00e8les d&rsquo;\u00e9l\u00e9vation marine globale.<\/div>\n<\/details>\n<details style=\"border-bottom:1px solid #d8c9b5;padding:0;\">\n<summary style=\"cursor:pointer;padding:16px 0;font-size:17px;font-weight:700;color:#1a1a1a;list-style:none;display:flex;justify-content:space-between;align-items:center;gap:14px;\">\n        <span>Qu&rsquo;est-ce que l&rsquo;ADN environnemental (eDNA) et pourquoi est-il utilis\u00e9 ?<\/span><br \/>\n        <span style=\"font-size:22px;font-weight:300;color:#6a4a2a;line-height:1;\">+<\/span><br \/>\n      <\/summary>\n<div style=\"padding:0 0 16px 0;font-size:15px;line-height:1.7;color:#4a4a4a;\">L&rsquo;eDNA est l&rsquo;ADN lib\u00e9r\u00e9 par les organismes dans leur environnement (eau, s\u00e9diments). En filtrant quelques litres d&rsquo;eau, les chercheurs peuvent identifier des dizaines d&rsquo;esp\u00e8ces sans les observer ni les capturer. C&rsquo;est un outil rapide, peu invasif et particuli\u00e8rement pr\u00e9cieux dans les zones polaires difficiles d&rsquo;acc\u00e8s.<\/div>\n<\/details>\n<details style=\"border-bottom:1px solid #d8c9b5;padding:0;\">\n<summary style=\"cursor:pointer;padding:16px 0;font-size:17px;font-weight:700;color:#1a1a1a;list-style:none;display:flex;justify-content:space-between;align-items:center;gap:14px;\">\n        <span>Pourquoi mobiliser un drone sous-marin dans une zone aussi extr\u00eame ?<\/span><br \/>\n        <span style=\"font-size:22px;font-weight:300;color:#6a4a2a;line-height:1;\">+<\/span><br \/>\n      <\/summary>\n<div style=\"padding:0 0 16px 0;font-size:15px;line-height:1.7;color:#4a4a4a;\">Le drone sous-marin permet d&rsquo;acc\u00e9der \u00e0 des couches d&rsquo;eau et \u00e0 des zones proches du front glaciaire trop dangereuses pour des plongeurs. Il fonctionne en continu, y compris lorsque l&rsquo;\u00e9quipage se repose, et fournit une donn\u00e9e fine sur la temp\u00e9rature, la salinit\u00e9 et la pr\u00e9sence d&rsquo;organismes marins.<\/div>\n<\/details>\n<details style=\"padding:0;\">\n<summary style=\"cursor:pointer;padding:16px 0;font-size:17px;font-weight:700;color:#1a1a1a;list-style:none;display:flex;justify-content:space-between;align-items:center;gap:14px;\">\n        <span>Ce type d&rsquo;exp\u00e9dition peut-il vraiment changer les mod\u00e8les climatiques ?<\/span><br \/>\n        <span style=\"font-size:22px;font-weight:300;color:#6a4a2a;line-height:1;\">+<\/span><br \/>\n      <\/summary>\n<div style=\"padding:0 0 16px 0;font-size:15px;line-height:1.7;color:#4a4a4a;\">Oui \u2014 l&rsquo;un des grands manques actuels des mod\u00e8les vient justement du d\u00e9ficit de mesures in situ dans les zones polaires. Chaque campagne comme celle-ci injecte des donn\u00e9es rares qui r\u00e9duisent l&rsquo;incertitude des projections \u00e0 long terme et affinent la compr\u00e9hension des seuils potentiellement irr\u00e9versibles.<\/div>\n<\/details><\/div>\n<\/section>\n","protected":false},"excerpt":{"rendered":"","protected":false},"author":34,"featured_media":20377,"comment_status":"open","ping_status":"open","sticky":false,"template":"","format":"standard","meta":{"_acf_changed":false,"manual_indexmenow":false,"indexmenow_id_project":0,"footnotes":""},"categories":[4520],"tags":[4639,3615,4527,4385,4526],"class_list":["post-15215","post","type-post","status-publish","format-standard","has-post-thumbnail","hentry","category-destinations-aventure","tag-aventure","tag-biodiversite","tag-decouverte-culturelle","tag-pratiques-durables","tag-voyage-economique","generate-columns","tablet-grid-50","mobile-grid-100","grid-parent","grid-25"],"acf":[],"yoast_head":"<!-- This site is optimized with the Yoast SEO Premium plugin v21.3 (Yoast SEO v25.1) - https:\/\/yoast.com\/wordpress\/plugins\/seo\/ -->\n<title>une exp\u00e9dition scientifique vers le glacier denman pour<\/title>\n<meta name=\"description\" content=\"Au large d&#039;une c\u00f4te que presque personne n&#039;a jamais foul\u00e9e, soixante scientifiques convergent vers un glacier qui, \u00e0 lui seul, pourrait redessiner la\" \/>\n<meta name=\"robots\" content=\"index, follow, max-snippet:-1, max-image-preview:large, max-video-preview:-1\" \/>\n<link rel=\"canonical\" href=\"https:\/\/voyage-aventure.com\/blog\/destinations-aventure\/une-expedition-scientifique-vers-le-glacier-denman-pour-comprendre-la-montee-des-eaux\/\" \/>\n<meta property=\"og:locale\" content=\"fr_FR\" \/>\n<meta property=\"og:type\" content=\"article\" \/>\n<meta property=\"og:title\" content=\"une exp\u00e9dition scientifique vers le glacier denman pour\" \/>\n<meta property=\"og:description\" content=\"Au large d&#039;une c\u00f4te que presque personne n&#039;a jamais foul\u00e9e, soixante scientifiques convergent vers un glacier qui, \u00e0 lui seul, pourrait redessiner la\" \/>\n<meta property=\"og:url\" content=\"https:\/\/voyage-aventure.com\/blog\/destinations-aventure\/une-expedition-scientifique-vers-le-glacier-denman-pour-comprendre-la-montee-des-eaux\/\" \/>\n<meta property=\"og:site_name\" content=\"voyage-aventure\" \/>\n<meta property=\"og:image\" content=\"https:\/\/voyage-aventure.com\/blog\/wp-content\/uploads\/2025\/05\/sdxl-5140c37c647e337128cb2fb037ea7604-scaled.png\" \/>\n\t<meta property=\"og:image:width\" content=\"1200\" \/>\n\t<meta property=\"og:image:height\" content=\"500\" \/>\n\t<meta property=\"og:image:type\" content=\"image\/png\" \/>\n<meta name=\"author\" content=\"Camille Rouvray\" \/>\n<meta name=\"twitter:card\" content=\"summary_large_image\" \/>\n<script type=\"application\/ld+json\" class=\"yoast-schema-graph\">{\"@context\":\"https:\/\/schema.org\",\"@graph\":[{\"@type\":\"NewsArticle\",\"@id\":\"https:\/\/voyage-aventure.com\/blog\/destinations-aventure\/une-expedition-scientifique-vers-le-glacier-denman-pour-comprendre-la-montee-des-eaux\/#article\",\"isPartOf\":{\"@id\":\"https:\/\/voyage-aventure.com\/blog\/destinations-aventure\/une-expedition-scientifique-vers-le-glacier-denman-pour-comprendre-la-montee-des-eaux\/\"},\"author\":{\"name\":\"Camille Rouvray\",\"@id\":\"https:\/\/voyage-aventure.com\/blog\/#\/schema\/person\/3c864cdc320801e3db34b663e7e3f816\"},\"headline\":\"une exp\u00e9dition scientifique vers le glacier denman pour comprendre la mont\u00e9e des eaux\",\"datePublished\":\"2026-05-18T12:13:05+00:00\",\"mainEntityOfPage\":{\"@id\":\"https:\/\/voyage-aventure.com\/blog\/destinations-aventure\/une-expedition-scientifique-vers-le-glacier-denman-pour-comprendre-la-montee-des-eaux\/\"},\"wordCount\":2002,\"commentCount\":26,\"publisher\":{\"@id\":\"https:\/\/voyage-aventure.com\/blog\/#organization\"},\"image\":{\"@id\":\"https:\/\/voyage-aventure.com\/blog\/destinations-aventure\/une-expedition-scientifique-vers-le-glacier-denman-pour-comprendre-la-montee-des-eaux\/#primaryimage\"},\"thumbnailUrl\":\"https:\/\/voyage-aventure.com\/blog\/wp-content\/uploads\/2025\/05\/sdxl-5140c37c647e337128cb2fb037ea7604-scaled.png\",\"keywords\":[\"Aventure\",\"Biodiversit\u00e9\",\"D\u00e9couverte Culturelle\",\"Pratiques Durables\",\"Voyage \u00c9conomique\"],\"articleSection\":[\"Destinations Aventure\"],\"inLanguage\":\"fr-FR\",\"potentialAction\":[{\"@type\":\"CommentAction\",\"name\":\"Comment\",\"target\":[\"https:\/\/voyage-aventure.com\/blog\/destinations-aventure\/une-expedition-scientifique-vers-le-glacier-denman-pour-comprendre-la-montee-des-eaux\/#respond\"]}]},{\"@type\":\"WebPage\",\"@id\":\"https:\/\/voyage-aventure.com\/blog\/destinations-aventure\/une-expedition-scientifique-vers-le-glacier-denman-pour-comprendre-la-montee-des-eaux\/\",\"url\":\"https:\/\/voyage-aventure.com\/blog\/destinations-aventure\/une-expedition-scientifique-vers-le-glacier-denman-pour-comprendre-la-montee-des-eaux\/\",\"name\":\"une exp\u00e9dition scientifique vers le glacier denman pour\",\"isPartOf\":{\"@id\":\"https:\/\/voyage-aventure.com\/blog\/#website\"},\"primaryImageOfPage\":{\"@id\":\"https:\/\/voyage-aventure.com\/blog\/destinations-aventure\/une-expedition-scientifique-vers-le-glacier-denman-pour-comprendre-la-montee-des-eaux\/#primaryimage\"},\"image\":{\"@id\":\"https:\/\/voyage-aventure.com\/blog\/destinations-aventure\/une-expedition-scientifique-vers-le-glacier-denman-pour-comprendre-la-montee-des-eaux\/#primaryimage\"},\"thumbnailUrl\":\"https:\/\/voyage-aventure.com\/blog\/wp-content\/uploads\/2025\/05\/sdxl-5140c37c647e337128cb2fb037ea7604-scaled.png\",\"datePublished\":\"2026-05-18T12:13:05+00:00\",\"description\":\"Au large d'une c\u00f4te que presque personne n'a jamais foul\u00e9e, soixante scientifiques convergent vers un glacier qui, \u00e0 lui seul, pourrait redessiner la\",\"inLanguage\":\"fr-FR\",\"potentialAction\":[{\"@type\":\"ReadAction\",\"target\":[\"https:\/\/voyage-aventure.com\/blog\/destinations-aventure\/une-expedition-scientifique-vers-le-glacier-denman-pour-comprendre-la-montee-des-eaux\/\"]}]},{\"@type\":\"ImageObject\",\"inLanguage\":\"fr-FR\",\"@id\":\"https:\/\/voyage-aventure.com\/blog\/destinations-aventure\/une-expedition-scientifique-vers-le-glacier-denman-pour-comprendre-la-montee-des-eaux\/#primaryimage\",\"url\":\"https:\/\/voyage-aventure.com\/blog\/wp-content\/uploads\/2025\/05\/sdxl-5140c37c647e337128cb2fb037ea7604-scaled.png\",\"contentUrl\":\"https:\/\/voyage-aventure.com\/blog\/wp-content\/uploads\/2025\/05\/sdxl-5140c37c647e337128cb2fb037ea7604-scaled.png\",\"width\":1200,\"height\":500},{\"@type\":\"WebSite\",\"@id\":\"https:\/\/voyage-aventure.com\/blog\/#website\",\"url\":\"https:\/\/voyage-aventure.com\/blog\/\",\"name\":\"voyage-aventure.com\",\"description\":\"Votre passeport pour l\u2019inattendu.\",\"publisher\":{\"@id\":\"https:\/\/voyage-aventure.com\/blog\/#organization\"},\"alternateName\":\"Votre passeport pour l\u2019inattendu.\",\"potentialAction\":[{\"@type\":\"SearchAction\",\"target\":{\"@type\":\"EntryPoint\",\"urlTemplate\":\"https:\/\/voyage-aventure.com\/blog\/?s={search_term_string}\"},\"query-input\":{\"@type\":\"PropertyValueSpecification\",\"valueRequired\":true,\"valueName\":\"search_term_string\"}}],\"inLanguage\":\"fr-FR\"},{\"@type\":\"Organization\",\"@id\":\"https:\/\/voyage-aventure.com\/blog\/#organization\",\"name\":\"Foretsensations.fr\",\"url\":\"https:\/\/voyage-aventure.com\/blog\/\",\"logo\":{\"@type\":\"ImageObject\",\"inLanguage\":\"fr-FR\",\"@id\":\"https:\/\/voyage-aventure.com\/blog\/#\/schema\/logo\/image\/\",\"url\":\"https:\/\/voyage-aventure.com\/blog\/wp-content\/uploads\/2024\/12\/19.png\",\"contentUrl\":\"https:\/\/voyage-aventure.com\/blog\/wp-content\/uploads\/2024\/12\/19.png\",\"width\":512,\"height\":512,\"caption\":\"Foretsensations.fr\"},\"image\":{\"@id\":\"https:\/\/voyage-aventure.com\/blog\/#\/schema\/logo\/image\/\"}},{\"@type\":\"Person\",\"@id\":\"https:\/\/voyage-aventure.com\/blog\/#\/schema\/person\/3c864cdc320801e3db34b663e7e3f816\",\"name\":\"Camille Rouvray\",\"image\":{\"@type\":\"ImageObject\",\"inLanguage\":\"fr-FR\",\"@id\":\"https:\/\/voyage-aventure.com\/blog\/#\/schema\/person\/image\/\",\"url\":\"https:\/\/voyage-aventure.com\/blog\/wp-content\/uploads\/2026\/06\/persona_camille-r-96x96.jpg\",\"contentUrl\":\"https:\/\/voyage-aventure.com\/blog\/wp-content\/uploads\/2026\/06\/persona_camille-r-96x96.jpg\",\"caption\":\"Camille Rouvray\"},\"description\":\"Je voyage et j'\u00e9cris sur le voyage depuis une douzaine d'ann\u00e9es, d'abord en tant que routarde au long cours, puis comme r\u00e9dactrice sp\u00e9cialis\u00e9e. Mon terrain de pr\u00e9dilection, ce sont les circuits organis\u00e9s et l'art de bien pr\u00e9parer un itin\u00e9raire : choix de la saison, dur\u00e9e r\u00e9aliste des \u00e9tapes, budget jour par jour, logement et transport sur place. J'aime aussi raconter les p\u00e9pites urbaines, ces adresses qu'on ne trouve pas dans les guides classiques. Avant de publier un dossier destination, je croise toujours plusieurs sources, je v\u00e9rifie les tarifs et les formalit\u00e9s d'entr\u00e9e \u00e0 jour, et je teste moi-m\u00eame quand je le peux. Mon angle reste pratique avant tout : aider le lecteur \u00e0 partir l'esprit tranquille, sans mauvaise surprise une fois sur place. Je m'attache \u00e0 distinguer le coup de c\u0153ur sinc\u00e8re du simple argument marketing.\",\"sameAs\":[\"https:\/\/camillerouvray.fr\/\"],\"url\":\"https:\/\/voyage-aventure.com\/blog\/auteur\/noname\/\"}]}<\/script>\n<!-- \/ Yoast SEO Premium plugin. -->","yoast_head_json":{"title":"une exp\u00e9dition scientifique vers le glacier denman pour","description":"Au large d'une c\u00f4te que presque personne n'a jamais foul\u00e9e, soixante scientifiques convergent vers un glacier qui, \u00e0 lui seul, pourrait redessiner la","robots":{"index":"index","follow":"follow","max-snippet":"max-snippet:-1","max-image-preview":"max-image-preview:large","max-video-preview":"max-video-preview:-1"},"canonical":"https:\/\/voyage-aventure.com\/blog\/destinations-aventure\/une-expedition-scientifique-vers-le-glacier-denman-pour-comprendre-la-montee-des-eaux\/","og_locale":"fr_FR","og_type":"article","og_title":"une exp\u00e9dition scientifique vers le glacier denman pour","og_description":"Au large d'une c\u00f4te que presque personne n'a jamais foul\u00e9e, soixante scientifiques convergent vers un glacier qui, \u00e0 lui seul, pourrait redessiner la","og_url":"https:\/\/voyage-aventure.com\/blog\/destinations-aventure\/une-expedition-scientifique-vers-le-glacier-denman-pour-comprendre-la-montee-des-eaux\/","og_site_name":"voyage-aventure","og_image":[{"width":1200,"height":500,"url":"https:\/\/voyage-aventure.com\/blog\/wp-content\/uploads\/2025\/05\/sdxl-5140c37c647e337128cb2fb037ea7604-scaled.png","type":"image\/png"}],"author":"Camille Rouvray","twitter_card":"summary_large_image","schema":{"@context":"https:\/\/schema.org","@graph":[{"@type":"NewsArticle","@id":"https:\/\/voyage-aventure.com\/blog\/destinations-aventure\/une-expedition-scientifique-vers-le-glacier-denman-pour-comprendre-la-montee-des-eaux\/#article","isPartOf":{"@id":"https:\/\/voyage-aventure.com\/blog\/destinations-aventure\/une-expedition-scientifique-vers-le-glacier-denman-pour-comprendre-la-montee-des-eaux\/"},"author":{"name":"Camille Rouvray","@id":"https:\/\/voyage-aventure.com\/blog\/#\/schema\/person\/3c864cdc320801e3db34b663e7e3f816"},"headline":"une exp\u00e9dition scientifique vers le glacier denman pour comprendre la mont\u00e9e des eaux","datePublished":"2026-05-18T12:13:05+00:00","mainEntityOfPage":{"@id":"https:\/\/voyage-aventure.com\/blog\/destinations-aventure\/une-expedition-scientifique-vers-le-glacier-denman-pour-comprendre-la-montee-des-eaux\/"},"wordCount":2002,"commentCount":26,"publisher":{"@id":"https:\/\/voyage-aventure.com\/blog\/#organization"},"image":{"@id":"https:\/\/voyage-aventure.com\/blog\/destinations-aventure\/une-expedition-scientifique-vers-le-glacier-denman-pour-comprendre-la-montee-des-eaux\/#primaryimage"},"thumbnailUrl":"https:\/\/voyage-aventure.com\/blog\/wp-content\/uploads\/2025\/05\/sdxl-5140c37c647e337128cb2fb037ea7604-scaled.png","keywords":["Aventure","Biodiversit\u00e9","D\u00e9couverte Culturelle","Pratiques Durables","Voyage \u00c9conomique"],"articleSection":["Destinations Aventure"],"inLanguage":"fr-FR","potentialAction":[{"@type":"CommentAction","name":"Comment","target":["https:\/\/voyage-aventure.com\/blog\/destinations-aventure\/une-expedition-scientifique-vers-le-glacier-denman-pour-comprendre-la-montee-des-eaux\/#respond"]}]},{"@type":"WebPage","@id":"https:\/\/voyage-aventure.com\/blog\/destinations-aventure\/une-expedition-scientifique-vers-le-glacier-denman-pour-comprendre-la-montee-des-eaux\/","url":"https:\/\/voyage-aventure.com\/blog\/destinations-aventure\/une-expedition-scientifique-vers-le-glacier-denman-pour-comprendre-la-montee-des-eaux\/","name":"une exp\u00e9dition scientifique vers le glacier denman pour","isPartOf":{"@id":"https:\/\/voyage-aventure.com\/blog\/#website"},"primaryImageOfPage":{"@id":"https:\/\/voyage-aventure.com\/blog\/destinations-aventure\/une-expedition-scientifique-vers-le-glacier-denman-pour-comprendre-la-montee-des-eaux\/#primaryimage"},"image":{"@id":"https:\/\/voyage-aventure.com\/blog\/destinations-aventure\/une-expedition-scientifique-vers-le-glacier-denman-pour-comprendre-la-montee-des-eaux\/#primaryimage"},"thumbnailUrl":"https:\/\/voyage-aventure.com\/blog\/wp-content\/uploads\/2025\/05\/sdxl-5140c37c647e337128cb2fb037ea7604-scaled.png","datePublished":"2026-05-18T12:13:05+00:00","description":"Au large d'une c\u00f4te que presque personne n'a jamais foul\u00e9e, soixante scientifiques convergent vers un glacier qui, \u00e0 lui seul, pourrait redessiner la","inLanguage":"fr-FR","potentialAction":[{"@type":"ReadAction","target":["https:\/\/voyage-aventure.com\/blog\/destinations-aventure\/une-expedition-scientifique-vers-le-glacier-denman-pour-comprendre-la-montee-des-eaux\/"]}]},{"@type":"ImageObject","inLanguage":"fr-FR","@id":"https:\/\/voyage-aventure.com\/blog\/destinations-aventure\/une-expedition-scientifique-vers-le-glacier-denman-pour-comprendre-la-montee-des-eaux\/#primaryimage","url":"https:\/\/voyage-aventure.com\/blog\/wp-content\/uploads\/2025\/05\/sdxl-5140c37c647e337128cb2fb037ea7604-scaled.png","contentUrl":"https:\/\/voyage-aventure.com\/blog\/wp-content\/uploads\/2025\/05\/sdxl-5140c37c647e337128cb2fb037ea7604-scaled.png","width":1200,"height":500},{"@type":"WebSite","@id":"https:\/\/voyage-aventure.com\/blog\/#website","url":"https:\/\/voyage-aventure.com\/blog\/","name":"voyage-aventure.com","description":"Votre passeport pour l\u2019inattendu.","publisher":{"@id":"https:\/\/voyage-aventure.com\/blog\/#organization"},"alternateName":"Votre passeport pour l\u2019inattendu.","potentialAction":[{"@type":"SearchAction","target":{"@type":"EntryPoint","urlTemplate":"https:\/\/voyage-aventure.com\/blog\/?s={search_term_string}"},"query-input":{"@type":"PropertyValueSpecification","valueRequired":true,"valueName":"search_term_string"}}],"inLanguage":"fr-FR"},{"@type":"Organization","@id":"https:\/\/voyage-aventure.com\/blog\/#organization","name":"Foretsensations.fr","url":"https:\/\/voyage-aventure.com\/blog\/","logo":{"@type":"ImageObject","inLanguage":"fr-FR","@id":"https:\/\/voyage-aventure.com\/blog\/#\/schema\/logo\/image\/","url":"https:\/\/voyage-aventure.com\/blog\/wp-content\/uploads\/2024\/12\/19.png","contentUrl":"https:\/\/voyage-aventure.com\/blog\/wp-content\/uploads\/2024\/12\/19.png","width":512,"height":512,"caption":"Foretsensations.fr"},"image":{"@id":"https:\/\/voyage-aventure.com\/blog\/#\/schema\/logo\/image\/"}},{"@type":"Person","@id":"https:\/\/voyage-aventure.com\/blog\/#\/schema\/person\/3c864cdc320801e3db34b663e7e3f816","name":"Camille Rouvray","image":{"@type":"ImageObject","inLanguage":"fr-FR","@id":"https:\/\/voyage-aventure.com\/blog\/#\/schema\/person\/image\/","url":"https:\/\/voyage-aventure.com\/blog\/wp-content\/uploads\/2026\/06\/persona_camille-r-96x96.jpg","contentUrl":"https:\/\/voyage-aventure.com\/blog\/wp-content\/uploads\/2026\/06\/persona_camille-r-96x96.jpg","caption":"Camille Rouvray"},"description":"Je voyage et j'\u00e9cris sur le voyage depuis une douzaine d'ann\u00e9es, d'abord en tant que routarde au long cours, puis comme r\u00e9dactrice sp\u00e9cialis\u00e9e. Mon terrain de pr\u00e9dilection, ce sont les circuits organis\u00e9s et l'art de bien pr\u00e9parer un itin\u00e9raire : choix de la saison, dur\u00e9e r\u00e9aliste des \u00e9tapes, budget jour par jour, logement et transport sur place. J'aime aussi raconter les p\u00e9pites urbaines, ces adresses qu'on ne trouve pas dans les guides classiques. Avant de publier un dossier destination, je croise toujours plusieurs sources, je v\u00e9rifie les tarifs et les formalit\u00e9s d'entr\u00e9e \u00e0 jour, et je teste moi-m\u00eame quand je le peux. Mon angle reste pratique avant tout : aider le lecteur \u00e0 partir l'esprit tranquille, sans mauvaise surprise une fois sur place. Je m'attache \u00e0 distinguer le coup de c\u0153ur sinc\u00e8re du simple argument marketing.","sameAs":["https:\/\/camillerouvray.fr\/"],"url":"https:\/\/voyage-aventure.com\/blog\/auteur\/noname\/"}]}},"_links":{"self":[{"href":"https:\/\/voyage-aventure.com\/blog\/wp-json\/wp\/v2\/posts\/15215","targetHints":{"allow":["GET"]}}],"collection":[{"href":"https:\/\/voyage-aventure.com\/blog\/wp-json\/wp\/v2\/posts"}],"about":[{"href":"https:\/\/voyage-aventure.com\/blog\/wp-json\/wp\/v2\/types\/post"}],"author":[{"embeddable":true,"href":"https:\/\/voyage-aventure.com\/blog\/wp-json\/wp\/v2\/users\/34"}],"replies":[{"embeddable":true,"href":"https:\/\/voyage-aventure.com\/blog\/wp-json\/wp\/v2\/comments?post=15215"}],"version-history":[{"count":2,"href":"https:\/\/voyage-aventure.com\/blog\/wp-json\/wp\/v2\/posts\/15215\/revisions"}],"predecessor-version":[{"id":21164,"href":"https:\/\/voyage-aventure.com\/blog\/wp-json\/wp\/v2\/posts\/15215\/revisions\/21164"}],"wp:featuredmedia":[{"embeddable":true,"href":"https:\/\/voyage-aventure.com\/blog\/wp-json\/wp\/v2\/media\/20377"}],"wp:attachment":[{"href":"https:\/\/voyage-aventure.com\/blog\/wp-json\/wp\/v2\/media?parent=15215"}],"wp:term":[{"taxonomy":"category","embeddable":true,"href":"https:\/\/voyage-aventure.com\/blog\/wp-json\/wp\/v2\/categories?post=15215"},{"taxonomy":"post_tag","embeddable":true,"href":"https:\/\/voyage-aventure.com\/blog\/wp-json\/wp\/v2\/tags?post=15215"}],"curies":[{"name":"wp","href":"https:\/\/api.w.org\/{rel}","templated":true}]}}