{"id":15194,"date":"2025-03-17T01:24:58","date_gmt":"2025-03-17T00:24:58","guid":{"rendered":"https:\/\/voyage-aventure.com\/blog\/?p=15194"},"modified":"2025-03-17T01:24:58","modified_gmt":"2025-03-17T00:24:58","slug":"brown-appelle-la-communaute-internationale-a-reflechir-avant-de-voyager","status":"publish","type":"post","link":"https:\/\/voyage-aventure.com\/blog\/a-la-une\/brown-appelle-la-communaute-internationale-a-reflechir-avant-de-voyager\/","title":{"rendered":"Brown appelle la communaut\u00e9 internationale \u00e0 r\u00e9fl\u00e9chir avant de voyager"},"content":{"rendered":"<h2>Des recommandations prudentes pour les voyageurs internationaux<\/h2>\n<p>Le gouvernement f\u00e9d\u00e9ral n\u2019a pas encore \u00e9mis d\u2019interdictions de voyage officielles. Cependant, Brown University a pris l&rsquo;initiative de conseiller \u00e0 ses membres de la communaut\u00e9 internationale, y compris les titulaires de visa et les r\u00e9sidents permanents, de reporter leurs projets de voyage \u00e0 l&rsquo;\u00e9tranger. Dans un courriel adress\u00e9 \u00e0 tout le campus, l&rsquo;universit\u00e9 a soulign\u00e9 les incertitudes entourant les restrictions de voyage potentielles.<\/p>\n<p>Russell Carey, Vice-Pr\u00e9sident Ex\u00e9cutif pour la Planification et la Politique, a indiqu\u00e9 que les changements possibles dans les restrictions de voyage, les proc\u00e9dures de visa, ainsi que les exigences de r\u00e9entr\u00e9e pourraient avoir un impact sur la capacit\u00e9 des voyageurs \u00e0 retourner aux \u00c9tats-Unis. Cette recommandation vise \u00e0 garantir la s\u00e9curit\u00e9 et le bien-\u00eatre des membres de la communaut\u00e9 face \u00e0 une situation en constante \u00e9volution.<\/p>\n<h2>Cons\u00e9quences potentielles sur les voyages domestiques<\/h2>\n<p>Carey a \u00e9galement mis en garde contre des implications possibles pour les voyages domestiques \u00e0 l&rsquo;int\u00e9rieur des \u00c9tats-Unis. Il est essentiel pour les membres de la communaut\u00e9 de r\u00e9\u00e9valuer leurs projets de voyage, car la situation pourrait changer rapidement. Alors que le paysage politique f\u00e9d\u00e9ral continue d&rsquo;\u00e9voluer, les membres de l&rsquo;universit\u00e9 doivent rester vigilants.<\/p>\n<p>L&rsquo;absence de restrictions officielles de la part du gouvernement f\u00e9d\u00e9ral ne signifie pas que le risque soit nul. Les voyageurs doivent prendre en compte les potentiels retards et complications qui pourraient survenir, rendant leur retour plus difficile que pr\u00e9vu. <\/p>\n<p><iframe loading=\"lazy\" title=\"L&#039;exp\u00e9rience internationale : Ma\u00eblle nous raconte son expatriation en Inde\" width=\"1200\" height=\"900\" src=\"https:\/\/www.youtube.com\/embed\/sFTYRCIPmpU?feature=oembed\" frameborder=\"0\" allow=\"accelerometer; autoplay; clipboard-write; encrypted-media; gyroscope; picture-in-picture; web-share\" referrerpolicy=\"strict-origin-when-cross-origin\" allowfullscreen><\/iframe><\/p>\n<h2>Une situation pr\u00e9occupante pour les \u00e9trangers aux \u00c9tats-Unis<\/h2>\n<p>Cette recommandation fait suite \u00e0 l&rsquo;incident impliquant Rasha Alawieh, professeur adjoint de m\u00e9decine, qui a \u00e9t\u00e9 retenue par les autorit\u00e9s douani\u00e8res \u00e0 l&rsquo;a\u00e9roport international Logan de Boston apr\u00e8s son voyage au Liban. Malgr\u00e9 la possession d&rsquo;un visa H-1B valide, elle a \u00e9t\u00e9 confront\u00e9e \u00e0 des complications qui soulignent la vuln\u00e9rabilit\u00e9 des \u00e9trangers face aux d\u00e9cisions des agences gouvernementales.<\/p>\n<p>Un juge f\u00e9d\u00e9ral a ordonn\u00e9 qu\u2019elle ne soit pas d\u00e9plac\u00e9e hors du Massachusetts sans pr\u00e9avis de 48 heures. Malheureusement, Alawieh a \u00e9t\u00e9 expuls\u00e9e du pays, une situation qui inqui\u00e8te de nombreux membres de la communaut\u00e9 internationale. Les cas comme le sien rappellent l&rsquo;importance de la prudence lors des voyages en cette p\u00e9riode incertaine.<\/p>\n<ul>\n<li>\u00c9valuer les plans de voyage internationaux et domestiques.<\/li>\n<li>Suivre les mises \u00e0 jour des autorit\u00e9s et des universit\u00e9s.<\/li>\n<li>Prendre en compte les d\u00e9lais de traitement des visas.<\/li>\n<li>Rester inform\u00e9 sur les restrictions de voyage.<\/li>\n<li>Consid\u00e9rer les impacts personnels et professionnels des voyages.<\/li>\n<\/ul>\n<blockquote><p>\n\u201cNous surveillons de pr\u00e8s la situation et partagerons des mises \u00e0 jour si le gouvernement f\u00e9d\u00e9ral \u00e9met une nouvelle restriction ou interdiction significative,\u201d a d\u00e9clar\u00e9 Carey.\n<\/p><\/blockquote>\n<p>Alors que la communaut\u00e9 de Brown et d&rsquo;autres universit\u00e9s continuent de naviguer dans ces eaux troubles, il est crucial que chaque membre prenne des d\u00e9cisions \u00e9clair\u00e9es concernant ses d\u00e9placements. La s\u00e9curit\u00e9 et le bien-\u00eatre doivent \u00eatre prioritaires en cette p\u00e9riode d&rsquo;incertitude. Les prochaines semaines seront d\u00e9terminantes, et il est recommand\u00e9 de consulter r\u00e9guli\u00e8rement les communications officielles pour rester \u00e0 jour.<\/p>\n","protected":false},"excerpt":{"rendered":"","protected":false},"author":34,"featured_media":20420,"comment_status":"open","ping_status":"open","sticky":false,"template":"","format":"standard","meta":{"_acf_changed":false,"manual_indexmenow":false,"indexmenow_id_project":0,"footnotes":""},"categories":[1],"tags":[4646,3726,4713,3170,4635],"class_list":["post-15194","post","type-post","status-publish","format-standard","has-post-thumbnail","hentry","category-a-la-une","tag-assistance","tag-conditions-meteorologiques","tag-preparation","tag-securite","tag-voyage","generate-columns","tablet-grid-50","mobile-grid-100","grid-parent","grid-25"],"acf":[],"yoast_head":"<!-- This site is optimized with the Yoast SEO Premium plugin v21.3 (Yoast SEO v25.1) - https:\/\/yoast.com\/wordpress\/plugins\/seo\/ -->\n<title>Brown appelle la communaut\u00e9 internationale \u00e0 r\u00e9fl\u00e9chir<\/title>\n<meta name=\"description\" content=\"Des recommandations prudentes pour les voyageurs internationaux Le gouvernement f\u00e9d\u00e9ral n\u2019a pas encore \u00e9mis d\u2019interdictions de voyage officielles\" \/>\n<meta name=\"robots\" content=\"index, follow, max-snippet:-1, max-image-preview:large, max-video-preview:-1\" \/>\n<link rel=\"canonical\" href=\"https:\/\/voyage-aventure.com\/blog\/a-la-une\/brown-appelle-la-communaute-internationale-a-reflechir-avant-de-voyager\/\" \/>\n<meta property=\"og:locale\" content=\"fr_FR\" \/>\n<meta property=\"og:type\" content=\"article\" \/>\n<meta property=\"og:title\" content=\"Brown appelle la communaut\u00e9 internationale \u00e0 r\u00e9fl\u00e9chir\" \/>\n<meta property=\"og:description\" content=\"Des recommandations prudentes pour les voyageurs internationaux Le gouvernement f\u00e9d\u00e9ral n\u2019a pas encore \u00e9mis d\u2019interdictions de voyage officielles\" \/>\n<meta property=\"og:url\" content=\"https:\/\/voyage-aventure.com\/blog\/a-la-une\/brown-appelle-la-communaute-internationale-a-reflechir-avant-de-voyager\/\" \/>\n<meta property=\"og:site_name\" content=\"voyage-aventure\" \/>\n<meta property=\"og:image\" content=\"https:\/\/voyage-aventure.com\/blog\/wp-content\/uploads\/2025\/05\/sdxl-5c1cc64afa11c6cbbeab4d9041783d73-scaled.png\" \/>\n\t<meta property=\"og:image:width\" content=\"1200\" \/>\n\t<meta property=\"og:image:height\" content=\"500\" \/>\n\t<meta property=\"og:image:type\" content=\"image\/png\" \/>\n<meta name=\"author\" content=\"Camille Rouvray\" \/>\n<meta name=\"twitter:card\" content=\"summary_large_image\" \/>\n<script type=\"application\/ld+json\" class=\"yoast-schema-graph\">{\"@context\":\"https:\/\/schema.org\",\"@graph\":[{\"@type\":\"NewsArticle\",\"@id\":\"https:\/\/voyage-aventure.com\/blog\/a-la-une\/brown-appelle-la-communaute-internationale-a-reflechir-avant-de-voyager\/#article\",\"isPartOf\":{\"@id\":\"https:\/\/voyage-aventure.com\/blog\/a-la-une\/brown-appelle-la-communaute-internationale-a-reflechir-avant-de-voyager\/\"},\"author\":{\"name\":\"Camille Rouvray\",\"@id\":\"https:\/\/voyage-aventure.com\/blog\/#\/schema\/person\/3c864cdc320801e3db34b663e7e3f816\"},\"headline\":\"Brown appelle la communaut\u00e9 internationale \u00e0 r\u00e9fl\u00e9chir avant de voyager\",\"datePublished\":\"2025-03-17T00:24:58+00:00\",\"mainEntityOfPage\":{\"@id\":\"https:\/\/voyage-aventure.com\/blog\/a-la-une\/brown-appelle-la-communaute-internationale-a-reflechir-avant-de-voyager\/\"},\"wordCount\":553,\"commentCount\":25,\"publisher\":{\"@id\":\"https:\/\/voyage-aventure.com\/blog\/#organization\"},\"image\":{\"@id\":\"https:\/\/voyage-aventure.com\/blog\/a-la-une\/brown-appelle-la-communaute-internationale-a-reflechir-avant-de-voyager\/#primaryimage\"},\"thumbnailUrl\":\"https:\/\/voyage-aventure.com\/blog\/wp-content\/uploads\/2025\/05\/sdxl-5c1cc64afa11c6cbbeab4d9041783d73-scaled.png\",\"keywords\":[\"Assistance\",\"Conditions M\u00e9t\u00e9orologiques\",\"Pr\u00e9paration\",\"S\u00e9curit\u00e9\",\"Voyage\"],\"articleSection\":[\"\u00c0 la une\"],\"inLanguage\":\"fr-FR\",\"potentialAction\":[{\"@type\":\"CommentAction\",\"name\":\"Comment\",\"target\":[\"https:\/\/voyage-aventure.com\/blog\/a-la-une\/brown-appelle-la-communaute-internationale-a-reflechir-avant-de-voyager\/#respond\"]}]},{\"@type\":\"WebPage\",\"@id\":\"https:\/\/voyage-aventure.com\/blog\/a-la-une\/brown-appelle-la-communaute-internationale-a-reflechir-avant-de-voyager\/\",\"url\":\"https:\/\/voyage-aventure.com\/blog\/a-la-une\/brown-appelle-la-communaute-internationale-a-reflechir-avant-de-voyager\/\",\"name\":\"Brown appelle la communaut\u00e9 internationale \u00e0 r\u00e9fl\u00e9chir\",\"isPartOf\":{\"@id\":\"https:\/\/voyage-aventure.com\/blog\/#website\"},\"primaryImageOfPage\":{\"@id\":\"https:\/\/voyage-aventure.com\/blog\/a-la-une\/brown-appelle-la-communaute-internationale-a-reflechir-avant-de-voyager\/#primaryimage\"},\"image\":{\"@id\":\"https:\/\/voyage-aventure.com\/blog\/a-la-une\/brown-appelle-la-communaute-internationale-a-reflechir-avant-de-voyager\/#primaryimage\"},\"thumbnailUrl\":\"https:\/\/voyage-aventure.com\/blog\/wp-content\/uploads\/2025\/05\/sdxl-5c1cc64afa11c6cbbeab4d9041783d73-scaled.png\",\"datePublished\":\"2025-03-17T00:24:58+00:00\",\"description\":\"Des recommandations prudentes pour les voyageurs internationaux Le gouvernement f\u00e9d\u00e9ral n\u2019a pas encore \u00e9mis d\u2019interdictions de voyage officielles\",\"inLanguage\":\"fr-FR\",\"potentialAction\":[{\"@type\":\"ReadAction\",\"target\":[\"https:\/\/voyage-aventure.com\/blog\/a-la-une\/brown-appelle-la-communaute-internationale-a-reflechir-avant-de-voyager\/\"]}]},{\"@type\":\"ImageObject\",\"inLanguage\":\"fr-FR\",\"@id\":\"https:\/\/voyage-aventure.com\/blog\/a-la-une\/brown-appelle-la-communaute-internationale-a-reflechir-avant-de-voyager\/#primaryimage\",\"url\":\"https:\/\/voyage-aventure.com\/blog\/wp-content\/uploads\/2025\/05\/sdxl-5c1cc64afa11c6cbbeab4d9041783d73-scaled.png\",\"contentUrl\":\"https:\/\/voyage-aventure.com\/blog\/wp-content\/uploads\/2025\/05\/sdxl-5c1cc64afa11c6cbbeab4d9041783d73-scaled.png\",\"width\":1200,\"height\":500},{\"@type\":\"WebSite\",\"@id\":\"https:\/\/voyage-aventure.com\/blog\/#website\",\"url\":\"https:\/\/voyage-aventure.com\/blog\/\",\"name\":\"voyage-aventure.com\",\"description\":\"Votre passeport pour l\u2019inattendu.\",\"publisher\":{\"@id\":\"https:\/\/voyage-aventure.com\/blog\/#organization\"},\"alternateName\":\"Votre passeport pour l\u2019inattendu.\",\"potentialAction\":[{\"@type\":\"SearchAction\",\"target\":{\"@type\":\"EntryPoint\",\"urlTemplate\":\"https:\/\/voyage-aventure.com\/blog\/?s={search_term_string}\"},\"query-input\":{\"@type\":\"PropertyValueSpecification\",\"valueRequired\":true,\"valueName\":\"search_term_string\"}}],\"inLanguage\":\"fr-FR\"},{\"@type\":\"Organization\",\"@id\":\"https:\/\/voyage-aventure.com\/blog\/#organization\",\"name\":\"Foretsensations.fr\",\"url\":\"https:\/\/voyage-aventure.com\/blog\/\",\"logo\":{\"@type\":\"ImageObject\",\"inLanguage\":\"fr-FR\",\"@id\":\"https:\/\/voyage-aventure.com\/blog\/#\/schema\/logo\/image\/\",\"url\":\"https:\/\/voyage-aventure.com\/blog\/wp-content\/uploads\/2024\/12\/19.png\",\"contentUrl\":\"https:\/\/voyage-aventure.com\/blog\/wp-content\/uploads\/2024\/12\/19.png\",\"width\":512,\"height\":512,\"caption\":\"Foretsensations.fr\"},\"image\":{\"@id\":\"https:\/\/voyage-aventure.com\/blog\/#\/schema\/logo\/image\/\"}},{\"@type\":\"Person\",\"@id\":\"https:\/\/voyage-aventure.com\/blog\/#\/schema\/person\/3c864cdc320801e3db34b663e7e3f816\",\"name\":\"Camille Rouvray\",\"image\":{\"@type\":\"ImageObject\",\"inLanguage\":\"fr-FR\",\"@id\":\"https:\/\/voyage-aventure.com\/blog\/#\/schema\/person\/image\/\",\"url\":\"https:\/\/voyage-aventure.com\/blog\/wp-content\/uploads\/2026\/06\/persona_camille-r-96x96.jpg\",\"contentUrl\":\"https:\/\/voyage-aventure.com\/blog\/wp-content\/uploads\/2026\/06\/persona_camille-r-96x96.jpg\",\"caption\":\"Camille Rouvray\"},\"description\":\"Je voyage et j'\u00e9cris sur le voyage depuis une douzaine d'ann\u00e9es, d'abord en tant que routarde au long cours, puis comme r\u00e9dactrice sp\u00e9cialis\u00e9e. Mon terrain de pr\u00e9dilection, ce sont les circuits organis\u00e9s et l'art de bien pr\u00e9parer un itin\u00e9raire : choix de la saison, dur\u00e9e r\u00e9aliste des \u00e9tapes, budget jour par jour, logement et transport sur place. J'aime aussi raconter les p\u00e9pites urbaines, ces adresses qu'on ne trouve pas dans les guides classiques. Avant de publier un dossier destination, je croise toujours plusieurs sources, je v\u00e9rifie les tarifs et les formalit\u00e9s d'entr\u00e9e \u00e0 jour, et je teste moi-m\u00eame quand je le peux. Mon angle reste pratique avant tout : aider le lecteur \u00e0 partir l'esprit tranquille, sans mauvaise surprise une fois sur place. Je m'attache \u00e0 distinguer le coup de c\u0153ur sinc\u00e8re du simple argument marketing.\",\"sameAs\":[\"https:\/\/camillerouvray.fr\/\"],\"url\":\"https:\/\/voyage-aventure.com\/blog\/auteur\/noname\/\"}]}<\/script>\n<!-- \/ Yoast SEO Premium plugin. -->","yoast_head_json":{"title":"Brown appelle la communaut\u00e9 internationale \u00e0 r\u00e9fl\u00e9chir","description":"Des recommandations prudentes pour les voyageurs internationaux Le gouvernement f\u00e9d\u00e9ral n\u2019a pas encore \u00e9mis d\u2019interdictions de voyage officielles","robots":{"index":"index","follow":"follow","max-snippet":"max-snippet:-1","max-image-preview":"max-image-preview:large","max-video-preview":"max-video-preview:-1"},"canonical":"https:\/\/voyage-aventure.com\/blog\/a-la-une\/brown-appelle-la-communaute-internationale-a-reflechir-avant-de-voyager\/","og_locale":"fr_FR","og_type":"article","og_title":"Brown appelle la communaut\u00e9 internationale \u00e0 r\u00e9fl\u00e9chir","og_description":"Des recommandations prudentes pour les voyageurs internationaux Le gouvernement f\u00e9d\u00e9ral n\u2019a pas encore \u00e9mis d\u2019interdictions de voyage officielles","og_url":"https:\/\/voyage-aventure.com\/blog\/a-la-une\/brown-appelle-la-communaute-internationale-a-reflechir-avant-de-voyager\/","og_site_name":"voyage-aventure","og_image":[{"width":1200,"height":500,"url":"https:\/\/voyage-aventure.com\/blog\/wp-content\/uploads\/2025\/05\/sdxl-5c1cc64afa11c6cbbeab4d9041783d73-scaled.png","type":"image\/png"}],"author":"Camille Rouvray","twitter_card":"summary_large_image","schema":{"@context":"https:\/\/schema.org","@graph":[{"@type":"NewsArticle","@id":"https:\/\/voyage-aventure.com\/blog\/a-la-une\/brown-appelle-la-communaute-internationale-a-reflechir-avant-de-voyager\/#article","isPartOf":{"@id":"https:\/\/voyage-aventure.com\/blog\/a-la-une\/brown-appelle-la-communaute-internationale-a-reflechir-avant-de-voyager\/"},"author":{"name":"Camille Rouvray","@id":"https:\/\/voyage-aventure.com\/blog\/#\/schema\/person\/3c864cdc320801e3db34b663e7e3f816"},"headline":"Brown appelle la communaut\u00e9 internationale \u00e0 r\u00e9fl\u00e9chir avant de voyager","datePublished":"2025-03-17T00:24:58+00:00","mainEntityOfPage":{"@id":"https:\/\/voyage-aventure.com\/blog\/a-la-une\/brown-appelle-la-communaute-internationale-a-reflechir-avant-de-voyager\/"},"wordCount":553,"commentCount":25,"publisher":{"@id":"https:\/\/voyage-aventure.com\/blog\/#organization"},"image":{"@id":"https:\/\/voyage-aventure.com\/blog\/a-la-une\/brown-appelle-la-communaute-internationale-a-reflechir-avant-de-voyager\/#primaryimage"},"thumbnailUrl":"https:\/\/voyage-aventure.com\/blog\/wp-content\/uploads\/2025\/05\/sdxl-5c1cc64afa11c6cbbeab4d9041783d73-scaled.png","keywords":["Assistance","Conditions M\u00e9t\u00e9orologiques","Pr\u00e9paration","S\u00e9curit\u00e9","Voyage"],"articleSection":["\u00c0 la une"],"inLanguage":"fr-FR","potentialAction":[{"@type":"CommentAction","name":"Comment","target":["https:\/\/voyage-aventure.com\/blog\/a-la-une\/brown-appelle-la-communaute-internationale-a-reflechir-avant-de-voyager\/#respond"]}]},{"@type":"WebPage","@id":"https:\/\/voyage-aventure.com\/blog\/a-la-une\/brown-appelle-la-communaute-internationale-a-reflechir-avant-de-voyager\/","url":"https:\/\/voyage-aventure.com\/blog\/a-la-une\/brown-appelle-la-communaute-internationale-a-reflechir-avant-de-voyager\/","name":"Brown appelle la communaut\u00e9 internationale \u00e0 r\u00e9fl\u00e9chir","isPartOf":{"@id":"https:\/\/voyage-aventure.com\/blog\/#website"},"primaryImageOfPage":{"@id":"https:\/\/voyage-aventure.com\/blog\/a-la-une\/brown-appelle-la-communaute-internationale-a-reflechir-avant-de-voyager\/#primaryimage"},"image":{"@id":"https:\/\/voyage-aventure.com\/blog\/a-la-une\/brown-appelle-la-communaute-internationale-a-reflechir-avant-de-voyager\/#primaryimage"},"thumbnailUrl":"https:\/\/voyage-aventure.com\/blog\/wp-content\/uploads\/2025\/05\/sdxl-5c1cc64afa11c6cbbeab4d9041783d73-scaled.png","datePublished":"2025-03-17T00:24:58+00:00","description":"Des recommandations prudentes pour les voyageurs internationaux Le gouvernement f\u00e9d\u00e9ral n\u2019a pas encore \u00e9mis d\u2019interdictions de voyage officielles","inLanguage":"fr-FR","potentialAction":[{"@type":"ReadAction","target":["https:\/\/voyage-aventure.com\/blog\/a-la-une\/brown-appelle-la-communaute-internationale-a-reflechir-avant-de-voyager\/"]}]},{"@type":"ImageObject","inLanguage":"fr-FR","@id":"https:\/\/voyage-aventure.com\/blog\/a-la-une\/brown-appelle-la-communaute-internationale-a-reflechir-avant-de-voyager\/#primaryimage","url":"https:\/\/voyage-aventure.com\/blog\/wp-content\/uploads\/2025\/05\/sdxl-5c1cc64afa11c6cbbeab4d9041783d73-scaled.png","contentUrl":"https:\/\/voyage-aventure.com\/blog\/wp-content\/uploads\/2025\/05\/sdxl-5c1cc64afa11c6cbbeab4d9041783d73-scaled.png","width":1200,"height":500},{"@type":"WebSite","@id":"https:\/\/voyage-aventure.com\/blog\/#website","url":"https:\/\/voyage-aventure.com\/blog\/","name":"voyage-aventure.com","description":"Votre passeport pour l\u2019inattendu.","publisher":{"@id":"https:\/\/voyage-aventure.com\/blog\/#organization"},"alternateName":"Votre passeport pour l\u2019inattendu.","potentialAction":[{"@type":"SearchAction","target":{"@type":"EntryPoint","urlTemplate":"https:\/\/voyage-aventure.com\/blog\/?s={search_term_string}"},"query-input":{"@type":"PropertyValueSpecification","valueRequired":true,"valueName":"search_term_string"}}],"inLanguage":"fr-FR"},{"@type":"Organization","@id":"https:\/\/voyage-aventure.com\/blog\/#organization","name":"Foretsensations.fr","url":"https:\/\/voyage-aventure.com\/blog\/","logo":{"@type":"ImageObject","inLanguage":"fr-FR","@id":"https:\/\/voyage-aventure.com\/blog\/#\/schema\/logo\/image\/","url":"https:\/\/voyage-aventure.com\/blog\/wp-content\/uploads\/2024\/12\/19.png","contentUrl":"https:\/\/voyage-aventure.com\/blog\/wp-content\/uploads\/2024\/12\/19.png","width":512,"height":512,"caption":"Foretsensations.fr"},"image":{"@id":"https:\/\/voyage-aventure.com\/blog\/#\/schema\/logo\/image\/"}},{"@type":"Person","@id":"https:\/\/voyage-aventure.com\/blog\/#\/schema\/person\/3c864cdc320801e3db34b663e7e3f816","name":"Camille Rouvray","image":{"@type":"ImageObject","inLanguage":"fr-FR","@id":"https:\/\/voyage-aventure.com\/blog\/#\/schema\/person\/image\/","url":"https:\/\/voyage-aventure.com\/blog\/wp-content\/uploads\/2026\/06\/persona_camille-r-96x96.jpg","contentUrl":"https:\/\/voyage-aventure.com\/blog\/wp-content\/uploads\/2026\/06\/persona_camille-r-96x96.jpg","caption":"Camille Rouvray"},"description":"Je voyage et j'\u00e9cris sur le voyage depuis une douzaine d'ann\u00e9es, d'abord en tant que routarde au long cours, puis comme r\u00e9dactrice sp\u00e9cialis\u00e9e. Mon terrain de pr\u00e9dilection, ce sont les circuits organis\u00e9s et l'art de bien pr\u00e9parer un itin\u00e9raire : choix de la saison, dur\u00e9e r\u00e9aliste des \u00e9tapes, budget jour par jour, logement et transport sur place. J'aime aussi raconter les p\u00e9pites urbaines, ces adresses qu'on ne trouve pas dans les guides classiques. Avant de publier un dossier destination, je croise toujours plusieurs sources, je v\u00e9rifie les tarifs et les formalit\u00e9s d'entr\u00e9e \u00e0 jour, et je teste moi-m\u00eame quand je le peux. Mon angle reste pratique avant tout : aider le lecteur \u00e0 partir l'esprit tranquille, sans mauvaise surprise une fois sur place. Je m'attache \u00e0 distinguer le coup de c\u0153ur sinc\u00e8re du simple argument marketing.","sameAs":["https:\/\/camillerouvray.fr\/"],"url":"https:\/\/voyage-aventure.com\/blog\/auteur\/noname\/"}]}},"_links":{"self":[{"href":"https:\/\/voyage-aventure.com\/blog\/wp-json\/wp\/v2\/posts\/15194","targetHints":{"allow":["GET"]}}],"collection":[{"href":"https:\/\/voyage-aventure.com\/blog\/wp-json\/wp\/v2\/posts"}],"about":[{"href":"https:\/\/voyage-aventure.com\/blog\/wp-json\/wp\/v2\/types\/post"}],"author":[{"embeddable":true,"href":"https:\/\/voyage-aventure.com\/blog\/wp-json\/wp\/v2\/users\/34"}],"replies":[{"embeddable":true,"href":"https:\/\/voyage-aventure.com\/blog\/wp-json\/wp\/v2\/comments?post=15194"}],"version-history":[{"count":1,"href":"https:\/\/voyage-aventure.com\/blog\/wp-json\/wp\/v2\/posts\/15194\/revisions"}],"predecessor-version":[{"id":15211,"href":"https:\/\/voyage-aventure.com\/blog\/wp-json\/wp\/v2\/posts\/15194\/revisions\/15211"}],"wp:featuredmedia":[{"embeddable":true,"href":"https:\/\/voyage-aventure.com\/blog\/wp-json\/wp\/v2\/media\/20420"}],"wp:attachment":[{"href":"https:\/\/voyage-aventure.com\/blog\/wp-json\/wp\/v2\/media?parent=15194"}],"wp:term":[{"taxonomy":"category","embeddable":true,"href":"https:\/\/voyage-aventure.com\/blog\/wp-json\/wp\/v2\/categories?post=15194"},{"taxonomy":"post_tag","embeddable":true,"href":"https:\/\/voyage-aventure.com\/blog\/wp-json\/wp\/v2\/tags?post=15194"}],"curies":[{"name":"wp","href":"https:\/\/api.w.org\/{rel}","templated":true}]}}