{"id":15109,"date":"2025-03-16T20:38:30","date_gmt":"2025-03-16T19:38:30","guid":{"rendered":"https:\/\/voyage-aventure.com\/blog\/?p=15109"},"modified":"2026-09-02T04:25:29","modified_gmt":"2026-09-02T02:25:29","slug":"les-tempetes-perturbent-les-voyages-a-laeroport-de-tampa-pendant-les-vacances-de-printemps","status":"publish","type":"post","link":"https:\/\/voyage-aventure.com\/blog\/a-la-une\/les-tempetes-perturbent-les-voyages-a-laeroport-de-tampa-pendant-les-vacances-de-printemps\/","title":{"rendered":"Les temp\u00eates perturbent les voyages \u00e0 l&rsquo;a\u00e9roport de Tampa pendant les vacances de printemps"},"content":{"rendered":"<style>\n.va-brief-lead{background:#f3f7fb;border-left:4px solid #2563a8;border-radius:6px;padding:14px 18px;margin:0 0 22px;font-size:16px;line-height:1.55;color:#1a2733;}\n.va-brief-lead strong{color:#14395c;}\n.va-recap{background:#fff;border:1px solid #dfe6ee;border-radius:8px;padding:16px 20px;margin:24px 0;}\n.va-recap h3{margin:0 0 10px;font-size:15px;letter-spacing:.02em;color:#14395c;text-transform:uppercase;}\n.va-recap ul{margin:0;padding-left:20px;}\n.va-recap li{margin:6px 0;}\n.va-livesrc{background:#fff8e8;border:1px solid #eddca0;border-radius:8px;padding:14px 18px;margin:24px 0;font-size:15px;line-height:1.55;}\n.va-livesrc strong{color:#7a5b00;}\n<\/style>\n<div class=\"va-brief-lead\"><strong>Le 16 mars 2025<\/strong>, en pleine p\u00e9riode de vacances de printemps, des orages ont perturb\u00e9 les vols \u00e0 l&rsquo;a\u00e9roport international de Tampa (TPA), selon un reportage d&rsquo;<strong>ABC Action News \/ WFTS Tampa Bay<\/strong> (journaliste Casey Albritton). Cet article restitue la situation telle qu&rsquo;elle a \u00e9t\u00e9 rapport\u00e9e ce jour-l\u00e0 \u2014 il ne refl\u00e8te pas l&rsquo;\u00e9tat du trafic a\u00e9rien aujourd&rsquo;hui.<\/div>\n<h2>Une p\u00e9riode charg\u00e9e pour l&rsquo;a\u00e9roport de Tampa, mi-mars 2025<\/h2>\n<p>\u00c0 la mi-mars 2025, les responsables de l&rsquo;a\u00e9roport de Tampa estimaient qu&rsquo;environ trois millions de personnes allaient transiter par l&rsquo;a\u00e9roport dans les semaines suivantes, en pleine saison des vacances de printemps am\u00e9ricaines. Des orages traversant le sud du pays avaient alors atteint la r\u00e9gion de Tampa Bay sous une forme affaiblie, entra\u00eenant des retards et des perturbations de vols le week-end du 15-16 mars.<\/p>\n<p>Ces orages faisaient suite \u00e0 un \u00e9pisode bien plus s\u00e9v\u00e8re : une s\u00e9rie historique de tornades a frapp\u00e9 le centre et le sud des \u00c9tats-Unis entre le 14 et le 16 mars 2025 (118 tornades recens\u00e9es, 24 morts, principalement dans le Missouri, l&rsquo;Arkansas, le Mississippi et les \u00c9tats voisins). La Floride n&rsquo;a pas \u00e9t\u00e9 touch\u00e9e par cet \u00e9pisode de tornades meurtrier \u2014 Tampa n&rsquo;a re\u00e7u que la queue affaiblie du syst\u00e8me, sous forme de pluie et de vent, comme le pr\u00e9cisait la source d&rsquo;origine.<\/p>\n<h2>Les voyageurs interrog\u00e9s ce jour-l\u00e0<\/h2>\n<p>Parmi les passagers arriv\u00e9s \u00e0 Tampa ce dimanche 16 mars, ABC Action News avait recueilli le t\u00e9moignage de deux voyageuses venues de l&rsquo;Indiana pour les vacances de printemps : Brandi Musgrave et Lillie Fishero.<\/p>\n<p>Face aux intemp\u00e9ries, Lillie Fishero disait vouloir rester flexible : \u00ab\u00a0Nous allons suivre le courant et voir ce que chaque jour nous r\u00e9serve,\u00a0\u00bb avait-elle expliqu\u00e9 \u00e0 la cha\u00eene.<img decoding=\"async\" width=\"1024\" height=\"576\" src=\"https:\/\/voyage-aventure.com\/blog\/wp-content\/uploads\/2025\/03\/stability-les-tempetes-perturbent-les-voyages-a-laeroport-de-tampa-pendant-les-vacances-de-printemps-1.png\" class=\"aligncenter\" alt=\"Illustration d\u00e9taill\u00e9e sur Les temp\u00eates perturbent les voyages \u00e0 l&#039;a\u00e9roport de Tampa pendant les vacances de printemps\" title=\"Les temp\u00eates perturbent les voyages \u00e0 l&#039;a\u00e9roport de Tampa pendant les vacances de printemps\" loading=\"lazy\" \/><\/p>\n<p>Malgr\u00e9 les conditions, les deux voyageuses gardaient le moral et disaient vouloir se concentrer sur l&rsquo;essentiel : profiter de leur temps en famille et entre amis. Musgrave avait aussi racont\u00e9 que leur vol avait \u00e9t\u00e9 \u00ab\u00a0un peu secou\u00e9\u00a0\u00bb et d\u00e9vi\u00e9 pour contourner les intemp\u00e9ries, sans autre incident.<\/p>\n<h2>Les pr\u00e9visions du moment et le ressenti des voyageurs<\/h2>\n<p>Les pr\u00e9visions pour la r\u00e9gion de Tampa annon\u00e7aient alors des temp\u00e9ratures plus fra\u00eeches que la normale de saison, avec des maximales ne d\u00e9passant gu\u00e8re les 60 degr\u00e9s Fahrenheit (environ 15-16 \u00b0C). C&rsquo;est Lillie Fishero, et non Brandi Musgrave, qui avait relativis\u00e9 ce temps frais aupr\u00e8s d&rsquo;ABC Action News : \u00ab\u00a0je pense que les maximales de demain ne d\u00e9passeront pas les 60 degr\u00e9s, mais c&rsquo;est quand m\u00eame mieux que les 30 degr\u00e9s de l&rsquo;Indiana\u00a0\u00bb, avait-elle relativis\u00e9.<\/p>\n<p>\u00c0 l&rsquo;\u00e9poque, les autorit\u00e9s a\u00e9roportuaires recommandaient aux passagers de v\u00e9rifier l&rsquo;\u00e9tat de leur vol avant de se d\u00e9placer, les retards li\u00e9s aux orages pouvant entra\u00eener des changements de derni\u00e8re minute.<\/p>\n<blockquote><p>\n    \u00ab\u00a0Le mauvais temps ne d\u00e9termine pas si nous sommes heureux ou non. On aime juste \u00eatre ensemble, en vacances,\u00a0\u00bb avait d\u00e9clar\u00e9 Brandi Musgrave, originaire de l&rsquo;Indiana.\n<\/p><\/blockquote>\n<div class=\"va-recap\">\n<h3>\u00c0 retenir<\/h3>\n<ul>\n<li>\u00c9pisode dat\u00e9 : orages sur Tampa le week-end du 15-16 mars 2025, en marge d&rsquo;une tornade meurtri\u00e8re plus au nord (centre\/sud des \u00c9tats-Unis, 14-16 mars 2025).<\/li>\n<li>Environ trois millions de voyageurs \u00e9taient attendus \u00e0 l&rsquo;a\u00e9roport de Tampa sur les semaines de vacances de printemps qui suivaient.<\/li>\n<li>Aucun chiffre officiel de vols annul\u00e9s ou retard\u00e9s n&rsquo;a \u00e9t\u00e9 communiqu\u00e9 dans le reportage source : l&rsquo;article ne cite donc aucun d\u00e9compte, faute de donn\u00e9e v\u00e9rifi\u00e9e.<\/li>\n<li>Cet article est un instantan\u00e9 journalistique du 16 mars 2025, pas un \u00e9tat du trafic actuel.<\/li>\n<\/ul>\n<\/div>\n<div class=\"va-livesrc\"><strong>Pour l&rsquo;\u00e9tat des vols en temps r\u00e9el<\/strong> \u00e0 l&rsquo;a\u00e9roport international de Tampa, consultez le site officiel de l&rsquo;a\u00e9roport (<a href=\"https:\/\/www.tampaairport.com\/\" target=\"_blank\" rel=\"noopener noreferrer nofollow\">tampaairport.com<\/a>), votre compagnie a\u00e9rienne, ou le site de la <a href=\"https:\/\/www.faa.gov\/\" target=\"_blank\" rel=\"noopener noreferrer nofollow\">FAA<\/a> pour les \u00e9ventuelles restrictions de trafic en cours.<\/div>\n","protected":false},"excerpt":{"rendered":"","protected":false},"author":34,"featured_media":15110,"comment_status":"open","ping_status":"open","sticky":false,"template":"","format":"standard","meta":{"_acf_changed":false,"manual_indexmenow":false,"indexmenow_id_project":0,"footnotes":""},"categories":[1],"tags":[3726,4452,4530,4624,4635],"class_list":["post-15109","post","type-post","status-publish","format-standard","has-post-thumbnail","hentry","category-a-la-une","tag-conditions-meteorologiques","tag-economies","tag-escapade-en-europe","tag-flexibilite","tag-voyage","generate-columns","tablet-grid-50","mobile-grid-100","grid-parent","grid-25"],"acf":[],"yoast_head":"<!-- This site is optimized with the Yoast SEO Premium plugin v21.3 (Yoast SEO v25.1) - https:\/\/yoast.com\/wordpress\/plugins\/seo\/ -->\n<title>Les temp\u00eates perturbent les voyages \u00e0 l&#039;a\u00e9roport de Tampa (mars 2025)<\/title>\n<meta name=\"description\" content=\"Le 16 mars 2025, des orages ont perturb\u00e9 les vols \u00e0 l&#039;a\u00e9roport de Tampa, en pleine vacances de printemps. \u00c9pisode dat\u00e9, source : ABC Action News.\" \/>\n<meta name=\"robots\" content=\"index, follow, max-snippet:-1, max-image-preview:large, max-video-preview:-1\" \/>\n<link rel=\"canonical\" href=\"https:\/\/voyage-aventure.com\/blog\/a-la-une\/les-tempetes-perturbent-les-voyages-a-laeroport-de-tampa-pendant-les-vacances-de-printemps\/\" \/>\n<meta property=\"og:locale\" content=\"fr_FR\" \/>\n<meta property=\"og:type\" content=\"article\" \/>\n<meta property=\"og:title\" content=\"Les temp\u00eates perturbent les voyages \u00e0 l&#039;a\u00e9roport de Tampa (mars 2025)\" \/>\n<meta property=\"og:description\" content=\"Le 16 mars 2025, des orages ont perturb\u00e9 les vols \u00e0 l&#039;a\u00e9roport de Tampa, en pleine vacances de printemps. \u00c9pisode dat\u00e9, source : ABC Action News.\" \/>\n<meta property=\"og:url\" content=\"https:\/\/voyage-aventure.com\/blog\/a-la-une\/les-tempetes-perturbent-les-voyages-a-laeroport-de-tampa-pendant-les-vacances-de-printemps\/\" \/>\n<meta property=\"og:site_name\" content=\"voyage-aventure\" \/>\n<meta property=\"og:image\" content=\"https:\/\/voyage-aventure.com\/blog\/wp-content\/uploads\/2025\/03\/stability-les-tempetes-perturbent-les-voyages-a-laeroport-de-tampa-pendant-les-vacances-de-printemps.png\" \/>\n\t<meta property=\"og:image:width\" content=\"1024\" \/>\n\t<meta property=\"og:image:height\" content=\"576\" \/>\n\t<meta property=\"og:image:type\" content=\"image\/png\" \/>\n<meta name=\"author\" content=\"Camille Rouvray\" \/>\n<meta name=\"twitter:card\" content=\"summary_large_image\" \/>\n<script type=\"application\/ld+json\" class=\"yoast-schema-graph\">{\"@context\":\"https:\/\/schema.org\",\"@graph\":[{\"@type\":\"NewsArticle\",\"@id\":\"https:\/\/voyage-aventure.com\/blog\/a-la-une\/les-tempetes-perturbent-les-voyages-a-laeroport-de-tampa-pendant-les-vacances-de-printemps\/#article\",\"isPartOf\":{\"@id\":\"https:\/\/voyage-aventure.com\/blog\/a-la-une\/les-tempetes-perturbent-les-voyages-a-laeroport-de-tampa-pendant-les-vacances-de-printemps\/\"},\"author\":{\"name\":\"Camille Rouvray\",\"@id\":\"https:\/\/voyage-aventure.com\/blog\/#\/schema\/person\/3c864cdc320801e3db34b663e7e3f816\"},\"headline\":\"Les temp\u00eates perturbent les voyages \u00e0 l&rsquo;a\u00e9roport de Tampa pendant les vacances de printemps\",\"datePublished\":\"2025-03-16T19:38:30+00:00\",\"dateModified\":\"2026-09-02T02:25:29+00:00\",\"mainEntityOfPage\":{\"@id\":\"https:\/\/voyage-aventure.com\/blog\/a-la-une\/les-tempetes-perturbent-les-voyages-a-laeroport-de-tampa-pendant-les-vacances-de-printemps\/\"},\"wordCount\":670,\"commentCount\":27,\"publisher\":{\"@id\":\"https:\/\/voyage-aventure.com\/blog\/#organization\"},\"image\":{\"@id\":\"https:\/\/voyage-aventure.com\/blog\/a-la-une\/les-tempetes-perturbent-les-voyages-a-laeroport-de-tampa-pendant-les-vacances-de-printemps\/#primaryimage\"},\"thumbnailUrl\":\"https:\/\/voyage-aventure.com\/blog\/wp-content\/uploads\/2025\/03\/stability-les-tempetes-perturbent-les-voyages-a-laeroport-de-tampa-pendant-les-vacances-de-printemps.png\",\"keywords\":[\"Conditions M\u00e9t\u00e9orologiques\",\"\u00c9conomies\",\"Escapade en Europe\",\"Flexibilit\u00e9\",\"Voyage\"],\"articleSection\":[\"\u00c0 la une\"],\"inLanguage\":\"fr-FR\",\"potentialAction\":[{\"@type\":\"CommentAction\",\"name\":\"Comment\",\"target\":[\"https:\/\/voyage-aventure.com\/blog\/a-la-une\/les-tempetes-perturbent-les-voyages-a-laeroport-de-tampa-pendant-les-vacances-de-printemps\/#respond\"]}]},{\"@type\":\"WebPage\",\"@id\":\"https:\/\/voyage-aventure.com\/blog\/a-la-une\/les-tempetes-perturbent-les-voyages-a-laeroport-de-tampa-pendant-les-vacances-de-printemps\/\",\"url\":\"https:\/\/voyage-aventure.com\/blog\/a-la-une\/les-tempetes-perturbent-les-voyages-a-laeroport-de-tampa-pendant-les-vacances-de-printemps\/\",\"name\":\"Les temp\u00eates perturbent les voyages \u00e0 l'a\u00e9roport de Tampa (mars 2025)\",\"isPartOf\":{\"@id\":\"https:\/\/voyage-aventure.com\/blog\/#website\"},\"primaryImageOfPage\":{\"@id\":\"https:\/\/voyage-aventure.com\/blog\/a-la-une\/les-tempetes-perturbent-les-voyages-a-laeroport-de-tampa-pendant-les-vacances-de-printemps\/#primaryimage\"},\"image\":{\"@id\":\"https:\/\/voyage-aventure.com\/blog\/a-la-une\/les-tempetes-perturbent-les-voyages-a-laeroport-de-tampa-pendant-les-vacances-de-printemps\/#primaryimage\"},\"thumbnailUrl\":\"https:\/\/voyage-aventure.com\/blog\/wp-content\/uploads\/2025\/03\/stability-les-tempetes-perturbent-les-voyages-a-laeroport-de-tampa-pendant-les-vacances-de-printemps.png\",\"datePublished\":\"2025-03-16T19:38:30+00:00\",\"dateModified\":\"2026-09-02T02:25:29+00:00\",\"description\":\"Le 16 mars 2025, des orages ont perturb\u00e9 les vols \u00e0 l'a\u00e9roport de Tampa, en pleine vacances de printemps. \u00c9pisode dat\u00e9, source : ABC Action News.\",\"inLanguage\":\"fr-FR\",\"potentialAction\":[{\"@type\":\"ReadAction\",\"target\":[\"https:\/\/voyage-aventure.com\/blog\/a-la-une\/les-tempetes-perturbent-les-voyages-a-laeroport-de-tampa-pendant-les-vacances-de-printemps\/\"]}]},{\"@type\":\"ImageObject\",\"inLanguage\":\"fr-FR\",\"@id\":\"https:\/\/voyage-aventure.com\/blog\/a-la-une\/les-tempetes-perturbent-les-voyages-a-laeroport-de-tampa-pendant-les-vacances-de-printemps\/#primaryimage\",\"url\":\"https:\/\/voyage-aventure.com\/blog\/wp-content\/uploads\/2025\/03\/stability-les-tempetes-perturbent-les-voyages-a-laeroport-de-tampa-pendant-les-vacances-de-printemps.png\",\"contentUrl\":\"https:\/\/voyage-aventure.com\/blog\/wp-content\/uploads\/2025\/03\/stability-les-tempetes-perturbent-les-voyages-a-laeroport-de-tampa-pendant-les-vacances-de-printemps.png\",\"width\":1024,\"height\":576},{\"@type\":\"WebSite\",\"@id\":\"https:\/\/voyage-aventure.com\/blog\/#website\",\"url\":\"https:\/\/voyage-aventure.com\/blog\/\",\"name\":\"voyage-aventure.com\",\"description\":\"Votre passeport pour l\u2019inattendu.\",\"publisher\":{\"@id\":\"https:\/\/voyage-aventure.com\/blog\/#organization\"},\"alternateName\":\"Votre passeport pour l\u2019inattendu.\",\"potentialAction\":[{\"@type\":\"SearchAction\",\"target\":{\"@type\":\"EntryPoint\",\"urlTemplate\":\"https:\/\/voyage-aventure.com\/blog\/?s={search_term_string}\"},\"query-input\":{\"@type\":\"PropertyValueSpecification\",\"valueRequired\":true,\"valueName\":\"search_term_string\"}}],\"inLanguage\":\"fr-FR\"},{\"@type\":\"Organization\",\"@id\":\"https:\/\/voyage-aventure.com\/blog\/#organization\",\"name\":\"Foretsensations.fr\",\"url\":\"https:\/\/voyage-aventure.com\/blog\/\",\"logo\":{\"@type\":\"ImageObject\",\"inLanguage\":\"fr-FR\",\"@id\":\"https:\/\/voyage-aventure.com\/blog\/#\/schema\/logo\/image\/\",\"url\":\"https:\/\/voyage-aventure.com\/blog\/wp-content\/uploads\/2024\/12\/19.png\",\"contentUrl\":\"https:\/\/voyage-aventure.com\/blog\/wp-content\/uploads\/2024\/12\/19.png\",\"width\":512,\"height\":512,\"caption\":\"Foretsensations.fr\"},\"image\":{\"@id\":\"https:\/\/voyage-aventure.com\/blog\/#\/schema\/logo\/image\/\"}},{\"@type\":\"Person\",\"@id\":\"https:\/\/voyage-aventure.com\/blog\/#\/schema\/person\/3c864cdc320801e3db34b663e7e3f816\",\"name\":\"Camille Rouvray\",\"image\":{\"@type\":\"ImageObject\",\"inLanguage\":\"fr-FR\",\"@id\":\"https:\/\/voyage-aventure.com\/blog\/#\/schema\/person\/image\/\",\"url\":\"https:\/\/voyage-aventure.com\/blog\/wp-content\/uploads\/2026\/06\/persona_camille-r-96x96.jpg\",\"contentUrl\":\"https:\/\/voyage-aventure.com\/blog\/wp-content\/uploads\/2026\/06\/persona_camille-r-96x96.jpg\",\"caption\":\"Camille Rouvray\"},\"description\":\"Je voyage et j'\u00e9cris sur le voyage depuis une douzaine d'ann\u00e9es, d'abord en tant que routarde au long cours, puis comme r\u00e9dactrice sp\u00e9cialis\u00e9e. Mon terrain de pr\u00e9dilection, ce sont les circuits organis\u00e9s et l'art de bien pr\u00e9parer un itin\u00e9raire : choix de la saison, dur\u00e9e r\u00e9aliste des \u00e9tapes, budget jour par jour, logement et transport sur place. J'aime aussi raconter les p\u00e9pites urbaines, ces adresses qu'on ne trouve pas dans les guides classiques. Avant de publier un dossier destination, je croise toujours plusieurs sources, je v\u00e9rifie les tarifs et les formalit\u00e9s d'entr\u00e9e \u00e0 jour, et je teste moi-m\u00eame quand je le peux. Mon angle reste pratique avant tout : aider le lecteur \u00e0 partir l'esprit tranquille, sans mauvaise surprise une fois sur place. Je m'attache \u00e0 distinguer le coup de c\u0153ur sinc\u00e8re du simple argument marketing.\",\"sameAs\":[\"https:\/\/camillerouvray.fr\/\"],\"url\":\"https:\/\/voyage-aventure.com\/blog\/auteur\/noname\/\"}]}<\/script>\n<!-- \/ Yoast SEO Premium plugin. -->","yoast_head_json":{"title":"Les temp\u00eates perturbent les voyages \u00e0 l'a\u00e9roport de Tampa (mars 2025)","description":"Le 16 mars 2025, des orages ont perturb\u00e9 les vols \u00e0 l'a\u00e9roport de Tampa, en pleine vacances de printemps. \u00c9pisode dat\u00e9, source : ABC Action News.","robots":{"index":"index","follow":"follow","max-snippet":"max-snippet:-1","max-image-preview":"max-image-preview:large","max-video-preview":"max-video-preview:-1"},"canonical":"https:\/\/voyage-aventure.com\/blog\/a-la-une\/les-tempetes-perturbent-les-voyages-a-laeroport-de-tampa-pendant-les-vacances-de-printemps\/","og_locale":"fr_FR","og_type":"article","og_title":"Les temp\u00eates perturbent les voyages \u00e0 l'a\u00e9roport de Tampa (mars 2025)","og_description":"Le 16 mars 2025, des orages ont perturb\u00e9 les vols \u00e0 l'a\u00e9roport de Tampa, en pleine vacances de printemps. \u00c9pisode dat\u00e9, source : ABC Action News.","og_url":"https:\/\/voyage-aventure.com\/blog\/a-la-une\/les-tempetes-perturbent-les-voyages-a-laeroport-de-tampa-pendant-les-vacances-de-printemps\/","og_site_name":"voyage-aventure","og_image":[{"width":1024,"height":576,"url":"https:\/\/voyage-aventure.com\/blog\/wp-content\/uploads\/2025\/03\/stability-les-tempetes-perturbent-les-voyages-a-laeroport-de-tampa-pendant-les-vacances-de-printemps.png","type":"image\/png"}],"author":"Camille Rouvray","twitter_card":"summary_large_image","schema":{"@context":"https:\/\/schema.org","@graph":[{"@type":"NewsArticle","@id":"https:\/\/voyage-aventure.com\/blog\/a-la-une\/les-tempetes-perturbent-les-voyages-a-laeroport-de-tampa-pendant-les-vacances-de-printemps\/#article","isPartOf":{"@id":"https:\/\/voyage-aventure.com\/blog\/a-la-une\/les-tempetes-perturbent-les-voyages-a-laeroport-de-tampa-pendant-les-vacances-de-printemps\/"},"author":{"name":"Camille Rouvray","@id":"https:\/\/voyage-aventure.com\/blog\/#\/schema\/person\/3c864cdc320801e3db34b663e7e3f816"},"headline":"Les temp\u00eates perturbent les voyages \u00e0 l&rsquo;a\u00e9roport de Tampa pendant les vacances de printemps","datePublished":"2025-03-16T19:38:30+00:00","dateModified":"2026-09-02T02:25:29+00:00","mainEntityOfPage":{"@id":"https:\/\/voyage-aventure.com\/blog\/a-la-une\/les-tempetes-perturbent-les-voyages-a-laeroport-de-tampa-pendant-les-vacances-de-printemps\/"},"wordCount":670,"commentCount":27,"publisher":{"@id":"https:\/\/voyage-aventure.com\/blog\/#organization"},"image":{"@id":"https:\/\/voyage-aventure.com\/blog\/a-la-une\/les-tempetes-perturbent-les-voyages-a-laeroport-de-tampa-pendant-les-vacances-de-printemps\/#primaryimage"},"thumbnailUrl":"https:\/\/voyage-aventure.com\/blog\/wp-content\/uploads\/2025\/03\/stability-les-tempetes-perturbent-les-voyages-a-laeroport-de-tampa-pendant-les-vacances-de-printemps.png","keywords":["Conditions M\u00e9t\u00e9orologiques","\u00c9conomies","Escapade en Europe","Flexibilit\u00e9","Voyage"],"articleSection":["\u00c0 la une"],"inLanguage":"fr-FR","potentialAction":[{"@type":"CommentAction","name":"Comment","target":["https:\/\/voyage-aventure.com\/blog\/a-la-une\/les-tempetes-perturbent-les-voyages-a-laeroport-de-tampa-pendant-les-vacances-de-printemps\/#respond"]}]},{"@type":"WebPage","@id":"https:\/\/voyage-aventure.com\/blog\/a-la-une\/les-tempetes-perturbent-les-voyages-a-laeroport-de-tampa-pendant-les-vacances-de-printemps\/","url":"https:\/\/voyage-aventure.com\/blog\/a-la-une\/les-tempetes-perturbent-les-voyages-a-laeroport-de-tampa-pendant-les-vacances-de-printemps\/","name":"Les temp\u00eates perturbent les voyages \u00e0 l'a\u00e9roport de Tampa (mars 2025)","isPartOf":{"@id":"https:\/\/voyage-aventure.com\/blog\/#website"},"primaryImageOfPage":{"@id":"https:\/\/voyage-aventure.com\/blog\/a-la-une\/les-tempetes-perturbent-les-voyages-a-laeroport-de-tampa-pendant-les-vacances-de-printemps\/#primaryimage"},"image":{"@id":"https:\/\/voyage-aventure.com\/blog\/a-la-une\/les-tempetes-perturbent-les-voyages-a-laeroport-de-tampa-pendant-les-vacances-de-printemps\/#primaryimage"},"thumbnailUrl":"https:\/\/voyage-aventure.com\/blog\/wp-content\/uploads\/2025\/03\/stability-les-tempetes-perturbent-les-voyages-a-laeroport-de-tampa-pendant-les-vacances-de-printemps.png","datePublished":"2025-03-16T19:38:30+00:00","dateModified":"2026-09-02T02:25:29+00:00","description":"Le 16 mars 2025, des orages ont perturb\u00e9 les vols \u00e0 l'a\u00e9roport de Tampa, en pleine vacances de printemps. \u00c9pisode dat\u00e9, source : ABC Action News.","inLanguage":"fr-FR","potentialAction":[{"@type":"ReadAction","target":["https:\/\/voyage-aventure.com\/blog\/a-la-une\/les-tempetes-perturbent-les-voyages-a-laeroport-de-tampa-pendant-les-vacances-de-printemps\/"]}]},{"@type":"ImageObject","inLanguage":"fr-FR","@id":"https:\/\/voyage-aventure.com\/blog\/a-la-une\/les-tempetes-perturbent-les-voyages-a-laeroport-de-tampa-pendant-les-vacances-de-printemps\/#primaryimage","url":"https:\/\/voyage-aventure.com\/blog\/wp-content\/uploads\/2025\/03\/stability-les-tempetes-perturbent-les-voyages-a-laeroport-de-tampa-pendant-les-vacances-de-printemps.png","contentUrl":"https:\/\/voyage-aventure.com\/blog\/wp-content\/uploads\/2025\/03\/stability-les-tempetes-perturbent-les-voyages-a-laeroport-de-tampa-pendant-les-vacances-de-printemps.png","width":1024,"height":576},{"@type":"WebSite","@id":"https:\/\/voyage-aventure.com\/blog\/#website","url":"https:\/\/voyage-aventure.com\/blog\/","name":"voyage-aventure.com","description":"Votre passeport pour l\u2019inattendu.","publisher":{"@id":"https:\/\/voyage-aventure.com\/blog\/#organization"},"alternateName":"Votre passeport pour l\u2019inattendu.","potentialAction":[{"@type":"SearchAction","target":{"@type":"EntryPoint","urlTemplate":"https:\/\/voyage-aventure.com\/blog\/?s={search_term_string}"},"query-input":{"@type":"PropertyValueSpecification","valueRequired":true,"valueName":"search_term_string"}}],"inLanguage":"fr-FR"},{"@type":"Organization","@id":"https:\/\/voyage-aventure.com\/blog\/#organization","name":"Foretsensations.fr","url":"https:\/\/voyage-aventure.com\/blog\/","logo":{"@type":"ImageObject","inLanguage":"fr-FR","@id":"https:\/\/voyage-aventure.com\/blog\/#\/schema\/logo\/image\/","url":"https:\/\/voyage-aventure.com\/blog\/wp-content\/uploads\/2024\/12\/19.png","contentUrl":"https:\/\/voyage-aventure.com\/blog\/wp-content\/uploads\/2024\/12\/19.png","width":512,"height":512,"caption":"Foretsensations.fr"},"image":{"@id":"https:\/\/voyage-aventure.com\/blog\/#\/schema\/logo\/image\/"}},{"@type":"Person","@id":"https:\/\/voyage-aventure.com\/blog\/#\/schema\/person\/3c864cdc320801e3db34b663e7e3f816","name":"Camille Rouvray","image":{"@type":"ImageObject","inLanguage":"fr-FR","@id":"https:\/\/voyage-aventure.com\/blog\/#\/schema\/person\/image\/","url":"https:\/\/voyage-aventure.com\/blog\/wp-content\/uploads\/2026\/06\/persona_camille-r-96x96.jpg","contentUrl":"https:\/\/voyage-aventure.com\/blog\/wp-content\/uploads\/2026\/06\/persona_camille-r-96x96.jpg","caption":"Camille Rouvray"},"description":"Je voyage et j'\u00e9cris sur le voyage depuis une douzaine d'ann\u00e9es, d'abord en tant que routarde au long cours, puis comme r\u00e9dactrice sp\u00e9cialis\u00e9e. Mon terrain de pr\u00e9dilection, ce sont les circuits organis\u00e9s et l'art de bien pr\u00e9parer un itin\u00e9raire : choix de la saison, dur\u00e9e r\u00e9aliste des \u00e9tapes, budget jour par jour, logement et transport sur place. J'aime aussi raconter les p\u00e9pites urbaines, ces adresses qu'on ne trouve pas dans les guides classiques. Avant de publier un dossier destination, je croise toujours plusieurs sources, je v\u00e9rifie les tarifs et les formalit\u00e9s d'entr\u00e9e \u00e0 jour, et je teste moi-m\u00eame quand je le peux. Mon angle reste pratique avant tout : aider le lecteur \u00e0 partir l'esprit tranquille, sans mauvaise surprise une fois sur place. Je m'attache \u00e0 distinguer le coup de c\u0153ur sinc\u00e8re du simple argument marketing.","sameAs":["https:\/\/camillerouvray.fr\/"],"url":"https:\/\/voyage-aventure.com\/blog\/auteur\/noname\/"}]}},"_links":{"self":[{"href":"https:\/\/voyage-aventure.com\/blog\/wp-json\/wp\/v2\/posts\/15109","targetHints":{"allow":["GET"]}}],"collection":[{"href":"https:\/\/voyage-aventure.com\/blog\/wp-json\/wp\/v2\/posts"}],"about":[{"href":"https:\/\/voyage-aventure.com\/blog\/wp-json\/wp\/v2\/types\/post"}],"author":[{"embeddable":true,"href":"https:\/\/voyage-aventure.com\/blog\/wp-json\/wp\/v2\/users\/34"}],"replies":[{"embeddable":true,"href":"https:\/\/voyage-aventure.com\/blog\/wp-json\/wp\/v2\/comments?post=15109"}],"version-history":[{"count":3,"href":"https:\/\/voyage-aventure.com\/blog\/wp-json\/wp\/v2\/posts\/15109\/revisions"}],"predecessor-version":[{"id":23269,"href":"https:\/\/voyage-aventure.com\/blog\/wp-json\/wp\/v2\/posts\/15109\/revisions\/23269"}],"wp:featuredmedia":[{"embeddable":true,"href":"https:\/\/voyage-aventure.com\/blog\/wp-json\/wp\/v2\/media\/15110"}],"wp:attachment":[{"href":"https:\/\/voyage-aventure.com\/blog\/wp-json\/wp\/v2\/media?parent=15109"}],"wp:term":[{"taxonomy":"category","embeddable":true,"href":"https:\/\/voyage-aventure.com\/blog\/wp-json\/wp\/v2\/categories?post=15109"},{"taxonomy":"post_tag","embeddable":true,"href":"https:\/\/voyage-aventure.com\/blog\/wp-json\/wp\/v2\/tags?post=15109"}],"curies":[{"name":"wp","href":"https:\/\/api.w.org\/{rel}","templated":true}]}}