{"id":15012,"date":"2026-06-16T17:09:36","date_gmt":"2026-06-16T15:09:36","guid":{"rendered":"https:\/\/voyage-aventure.com\/blog\/?p=15012"},"modified":"2026-06-16T17:09:36","modified_gmt":"2026-06-16T15:09:36","slug":"les-familles-de-lest-de-liowa-senvolent-vers-des-vacances-de-printemps-inoubliables","status":"publish","type":"post","link":"https:\/\/voyage-aventure.com\/blog\/a-la-une\/les-familles-de-lest-de-liowa-senvolent-vers-des-vacances-de-printemps-inoubliables\/","title":{"rendered":"les familles de l&rsquo;est de l&rsquo;iowa s&rsquo;envolent vers des vacances de printemps inoubliables"},"content":{"rendered":"<link rel=\"stylesheet\" href=\"https:\/\/fonts.googleapis.com\/css2?family=Newsreader:ital,opsz,wght@0,6..72,500;0,6..72,600;0,6..72,700;1,6..72,500&#038;family=Inter:wght@400;500;600&#038;family=JetBrains+Mono:wght@500&#038;display=swap\">\n<style>\n.va-news-wrap{font-family:'Inter',-apple-system,sans-serif;color:#1d2733;line-height:1.65;font-size:17px;max-width:760px;margin:0 auto}\n.va-news-wrap h2{font-family:'Newsreader',Georgia,serif;font-weight:700;font-size:clamp(24px,3.2vw,33px);line-height:1.2;letter-spacing:-.01em;color:#15202b;margin:48px 0 16px}\n.va-news-wrap h3{font-family:'Newsreader',Georgia,serif;font-weight:600;font-size:clamp(19px,2.4vw,23px);color:#15202b;margin:26px 0 10px}\n.va-news-wrap p{margin:0 0 18px}\n.va-news-lead{font-family:'Newsreader',Georgia,serif;font-style:italic;font-size:clamp(19px,2.5vw,22px);line-height:1.5;color:#3a4a5a;margin:0 0 30px;font-weight:500}\n.va-news-kicker{font-family:'JetBrains Mono',monospace;font-size:12px;letter-spacing:.14em;text-transform:uppercase;color:#c0392b;font-weight:500;margin-bottom:8px;display:block}\n.va-news-essentiel{background:#fbf3f1;border-left:5px solid #c0392b;border-radius:4px;padding:24px 26px;margin:0 0 40px;box-shadow:0 1px 2px rgba(16,24,40,.05),0 12px 28px -18px rgba(16,24,40,.18)}\n.va-news-essentiel .va-news-hd{font-family:'JetBrains Mono',monospace;font-size:12px;letter-spacing:.14em;text-transform:uppercase;color:#c0392b;font-weight:500;margin-bottom:12px}\n.va-news-essentiel .va-news-txt{font-size:16.5px;color:#28323d;margin-bottom:14px}\n.va-news-essentiel ul{margin:0;padding-left:0;list-style:none}\n.va-news-essentiel li{position:relative;padding-left:24px;margin-bottom:9px;font-size:15.5px;color:#2c3742}\n.va-news-essentiel li:last-child{margin-bottom:0}\n.va-news-essentiel li:before{content:\"\";position:absolute;left:4px;top:9px;width:7px;height:7px;background:#c0392b;border-radius:50%}\n.va-news-stats{display:grid;grid-template-columns:repeat(auto-fit,minmax(150px,1fr));gap:18px;margin:30px 0}\n.va-news-stat{background:#fff;border:1px solid #e3e8ee;border-top:3px solid #c0392b;border-radius:8px;padding:22px 20px;transition:.25s ease;box-shadow:0 1px 2px rgba(16,24,40,.05)}\n.va-news-stat:hover{transform:translateY(-3px);box-shadow:0 1px 2px rgba(16,24,40,.05),0 14px 30px -16px rgba(16,24,40,.22)}\n.va-news-stat .va-news-num{font-family:'JetBrains Mono',monospace;font-size:30px;font-weight:500;color:#15202b;line-height:1}\n.va-news-stat .va-news-cap{font-size:14px;color:#5a6775;margin-top:8px}\n.va-news-grid{display:grid;grid-template-columns:repeat(auto-fit,minmax(220px,1fr));gap:20px;margin:28px 0}\n.va-news-card{background:#fff;border:1px solid #e3e8ee;border-radius:8px;padding:22px 22px 24px;transition:.25s ease;box-shadow:0 1px 2px rgba(16,24,40,.05)}\n.va-news-card:hover{transform:translateY(-3px);box-shadow:0 1px 2px rgba(16,24,40,.05),0 14px 30px -16px rgba(16,24,40,.22)}\n.va-news-card .va-news-place{font-family:'Newsreader',Georgia,serif;font-weight:700;font-size:20px;color:#15202b;margin-bottom:8px}\n.va-news-card .va-news-txt{font-size:15px;color:#46535f;line-height:1.6}\n.va-news-quote{font-family:'Newsreader',Georgia,serif;font-style:italic;font-size:clamp(21px,3vw,27px);line-height:1.45;color:#15202b;border-left:4px solid #c0392b;padding:6px 0 6px 26px;margin:36px 0}\n.va-news-quote .va-news-by{display:block;font-family:'JetBrains Mono',monospace;font-style:normal;font-size:13px;letter-spacing:.04em;color:#7a8694;margin-top:14px;text-transform:uppercase}\n.va-news-retenir{background:#f4f7fa;border:1px solid #dde5ec;border-radius:8px;padding:24px 26px;margin:40px 0}\n.va-news-retenir .va-news-hd{font-family:'Newsreader',Georgia,serif;font-weight:700;font-size:21px;color:#15202b;margin-bottom:14px}\n.va-news-retenir ul{margin:0;padding-left:0;list-style:none}\n.va-news-retenir li{position:relative;padding-left:26px;margin-bottom:10px;font-size:15.5px;color:#2c3742}\n.va-news-retenir li:last-child{margin-bottom:0}\n.va-news-retenir li:before{content:\"\u2192\";position:absolute;left:0;top:0;color:#c0392b;font-weight:700;font-family:'JetBrains Mono',monospace}\n.va-news-faq{margin:36px 0 0}\n.va-news-faq details{border:1px solid #e3e8ee;border-radius:8px;padding:0;margin-bottom:12px;background:#fff;transition:.25s ease}\n.va-news-faq details[open]{box-shadow:0 1px 2px rgba(16,24,40,.05),0 14px 30px -18px rgba(16,24,40,.2)}\n.va-news-faq summary{cursor:pointer;list-style:none;padding:18px 22px;font-family:'Newsreader',Georgia,serif;font-weight:600;font-size:18px;color:#15202b;position:relative}\n.va-news-faq summary::-webkit-details-marker{display:none}\n.va-news-faq summary:before{content:\"+\";position:absolute;right:22px;top:16px;color:#c0392b;font-size:22px;font-weight:600;font-family:'JetBrains Mono',monospace}\n.va-news-faq details[open] summary:before{content:\"\u2212\"}\n.va-news-faq .va-news-ans{padding:0 22px 20px;font-size:15.5px;color:#46535f;line-height:1.65}\n\/*RENDERFIX2*\/.va-news-essentiel li:before{color:#eef3f9!important}.va-news-essentiel li:before p,.va-news-essentiel li:before li,.va-news-essentiel li:before strong,.va-news-essentiel li:before em,.va-news-essentiel li:before a,.va-news-essentiel li:before span,.va-news-essentiel li:before b,.va-news-essentiel li:before td,.va-news-essentiel li:before th,.va-news-essentiel li:before h2,.va-news-essentiel li:before h3,.va-news-essentiel li:before h4{color:#eef3f9!important}.va-news-essentiel li:before strong,.va-news-essentiel li:before b{color:#ffffff!important}<\/style>\n<div class=\"va-news-wrap\">\n<span class=\"va-news-kicker\">Vacances de printemps \u00b7 Est de l&rsquo;Iowa<\/span><\/p>\n<p class=\"va-news-lead\">Malgr\u00e9 une hausse des tarifs a\u00e9riens, les familles de l&rsquo;Est de l&rsquo;Iowa s&rsquo;appr\u00eatent \u00e0 prendre l&rsquo;avion pour les vacances de printemps, avec l&rsquo;Arizona et la Floride en t\u00eate des destinations ensoleill\u00e9es.<\/p>\n<div class=\"va-news-essentiel\">\n<div class=\"va-news-hd\">L&rsquo;essentiel<\/div>\n<div class=\"va-news-txt\">Le printemps relance la saison des voyages en famille dans l&rsquo;Est de l&rsquo;Iowa : les a\u00e9roports attendent un afflux record de voyageurs, et les familles maintiennent leurs projets malgr\u00e9 des billets plus chers.<\/div>\n<ul>\n<li><strong>Quoi<\/strong> \u2014 Un pic de d\u00e9parts en vacances de printemps vers des destinations ensoleill\u00e9es.<\/li>\n<li><strong>Combien<\/strong> \u2014 Tarifs a\u00e9riens domestiques en hausse de 7 % sur un an (AAA), trafic passagers attendu en hausse de 5 % en 2024 (TSA).<\/li>\n<li><strong>Pourquoi \u00e7a compte<\/strong> \u2014 La demande familiale reste forte malgr\u00e9 la hausse des prix.<\/li>\n<\/ul>\n<\/div>\n<h2>Une saison de voyages record<\/h2>\n<p>Le printemps est synonyme de vacances pour de nombreuses familles de l&rsquo;Est de l&rsquo;Iowa. Cette ann\u00e9e, les pr\u00e9visions de voyage s&rsquo;annoncent prometteuses, avec un afflux de millions de voyageurs dans les a\u00e9roports \u00e0 travers le pays. Selon l&rsquo;American Automobile Association (AAA), les tarifs a\u00e9riens domestiques ont augment\u00e9 de 7 % par rapport \u00e0 l&rsquo;ann\u00e9e pr\u00e9c\u00e9dente, mais cela n&rsquo;arr\u00eate pas les familles.<\/p>\n<p>La Transportation Security Administration (TSA) pr\u00e9voit une augmentation de 5 % du nombre de passagers en 2024. Malgr\u00e9 cette hausse des prix, les familles de l&rsquo;Iowa se pr\u00e9parent \u00e0 profiter de leurs vacances de printemps. Des enfants comme Sloane Hancock et Maisie Hanson expriment leur enthousiasme \u00e0 l&rsquo;id\u00e9e de voyager et de d\u00e9couvrir de nouveaux lieux.<\/p>\n<div class=\"va-news-stats\">\n<div class=\"va-news-stat\">\n<div class=\"va-news-num\">+7 %<\/div>\n<div class=\"va-news-cap\">Tarifs a\u00e9riens domestiques sur un an, selon l&rsquo;AAA<\/div>\n<\/div>\n<div class=\"va-news-stat\">\n<div class=\"va-news-num\">+5 %<\/div>\n<div class=\"va-news-cap\">Passagers attendus en 2024, selon la TSA<\/div>\n<\/div>\n<\/div>\n<h2>Des destinations ensoleill\u00e9es attirent les familles<\/h2>\n<p>De nombreux jeunes voyageurs de l&rsquo;Est de l&rsquo;Iowa choisissent des destinations ensoleill\u00e9es pour leurs vacances. Ces escapades au soleil combinent activit\u00e9s de plein air et temps partag\u00e9 en famille, deux moteurs forts de la demande au printemps.<\/p>\n<div class=\"va-news-grid\">\n<div class=\"va-news-card\">\n<div class=\"va-news-place\">Phoenix, Arizona<\/div>\n<div class=\"va-news-txt\">Sloane Hancock, \u00e9l\u00e8ve en classe de CM1, s&rsquo;envole vers l&rsquo;Arizona. Au programme : baignade, randonn\u00e9e et \u00e9quitation, en famille.<\/div>\n<\/div>\n<div class=\"va-news-card\">\n<div class=\"va-news-place\">Arizona<\/div>\n<div class=\"va-news-txt\">Maisie Hanson part elle aussi pour l&rsquo;Arizona, o\u00f9 elle compte nager et encha\u00eener les activit\u00e9s familiales, comme le basket-ball dans la piscine.<\/div>\n<\/div>\n<div class=\"va-news-card\">\n<div class=\"va-news-place\">Miami, Floride<\/div>\n<div class=\"va-news-txt\">Gabe Harney, en 8e ann\u00e9e, s&rsquo;envole pour Miami avant d&#8217;embarquer sur un croiseur Royal Caribbean, pour se ressourcer.<\/div>\n<\/div>\n<\/div>\n<p>Ces exp\u00e9riences partag\u00e9es renforcent les liens familiaux et offrent aux enfants des souvenirs durables, qu&rsquo;il s&rsquo;agisse d&rsquo;une piscine, d&rsquo;un sentier de randonn\u00e9e ou d&rsquo;un pont de bateau de croisi\u00e8re.<\/p>\n<h2>Le besoin de d\u00e9tente et de plaisir<\/h2>\n<p>Les vacances de printemps ne sont pas seulement une question de voyage : elles sont aussi une parenth\u00e8se d&rsquo;\u00e9vasion et de d\u00e9tente. Gabe Harney, \u00e9l\u00e8ve de 8e ann\u00e9e, voit dans son d\u00e9part vers la Floride et sa croisi\u00e8re l&rsquo;occasion essentielle de se ressourcer.<\/p>\n<div class=\"va-news-quote\">\n\u00ab\u00a0Il est important de se d\u00e9tendre et de s&rsquo;amuser, car nous avons tous besoin de ce moment de r\u00e9pit.\u00a0\u00bb<br \/>\n<span class=\"va-news-by\">Gabe Harney, \u00e9l\u00e8ve de 8e ann\u00e9e<\/span>\n<\/div>\n<p>Ce besoin de relaxation est partag\u00e9 par de nombreux enfants et parents, qui voient ces vacances comme une occasion de faire une pause dans la routine quotidienne et de se retrouver loin du rythme scolaire.<\/p>\n<div class=\"va-news-retenir\">\n<div class=\"va-news-hd\">\u00c0 retenir<\/div>\n<ul>\n<li>Les tarifs a\u00e9riens domestiques ont grimp\u00e9 de 7 % sur un an (AAA), sans freiner les d\u00e9parts.<\/li>\n<li>La TSA anticipe 5 % de passagers en plus en 2024.<\/li>\n<li>L&rsquo;Arizona et la Floride concentrent les destinations familiales pris\u00e9es.<\/li>\n<li>Natation, randonn\u00e9e, \u00e9quitation, croisi\u00e8re : les activit\u00e9s partag\u00e9es priment.<\/li>\n<li>La d\u00e9tente et le temps en famille restent le vrai moteur de ces vacances.<\/li>\n<\/ul>\n<\/div>\n<h2>Questions fr\u00e9quentes<\/h2>\n<div class=\"va-news-faq\">\n<details>\n<summary>Pourquoi les familles de l&rsquo;Est de l&rsquo;Iowa partent-elles malgr\u00e9 la hausse des prix ?<\/summary>\n<div class=\"va-news-ans\">Parce que la demande de temps partag\u00e9 en famille et de d\u00e9tente reste forte. Malgr\u00e9 des tarifs a\u00e9riens en hausse de 7 % sur un an selon l&rsquo;AAA, les familles maintiennent leurs projets de vacances de printemps.<\/div>\n<\/details>\n<details>\n<summary>Quelles destinations choisissent les familles de l&rsquo;Iowa ?<\/summary>\n<div class=\"va-news-ans\">Les destinations ensoleill\u00e9es dominent : l&rsquo;Arizona (Phoenix) pour la baignade, la randonn\u00e9e et l&rsquo;\u00e9quitation, et la Floride (Miami), notamment en point de d\u00e9part d&rsquo;une croisi\u00e8re.<\/div>\n<\/details>\n<details>\n<summary>Combien de passagers suppl\u00e9mentaires sont attendus dans les a\u00e9roports ?<\/summary>\n<div class=\"va-news-ans\">La Transportation Security Administration (TSA) pr\u00e9voit une augmentation de 5 % du nombre de passagers en 2024, dans un contexte d&rsquo;afflux de millions de voyageurs \u00e0 travers le pays.<\/div>\n<\/details>\n<details>\n<summary>Quelles activit\u00e9s les enfants privil\u00e9gient-ils pendant ces vacances ?<\/summary>\n<div class=\"va-news-ans\">Les activit\u00e9s de plein air et en famille : natation, randonn\u00e9e, \u00e9quitation, basket-ball dans la piscine et croisi\u00e8re. L&rsquo;objectif partag\u00e9 est de se d\u00e9tendre et de cr\u00e9er des souvenirs ensemble.<\/div>\n<\/details>\n<\/div>\n<\/div>\n","protected":false},"excerpt":{"rendered":"","protected":false},"author":34,"featured_media":20612,"comment_status":"open","ping_status":"open","sticky":false,"template":"","format":"standard","meta":{"_acf_changed":false,"manual_indexmenow":false,"indexmenow_id_project":0,"footnotes":""},"categories":[1],"tags":[4538,4636,3928,4530,4528],"class_list":["post-15012","post","type-post","status-publish","format-standard","has-post-thumbnail","hentry","category-a-la-une","tag-activites-variees","tag-destinations","tag-detente","tag-escapade-en-europe","tag-hebergement-abordable","generate-columns","tablet-grid-50","mobile-grid-100","grid-parent","grid-25"],"acf":[],"yoast_head":"<!-- This site is optimized with the Yoast SEO Premium plugin v21.3 (Yoast SEO v25.1) - https:\/\/yoast.com\/wordpress\/plugins\/seo\/ -->\n<title>les familles de l&#039;est de l&#039;iowa s&#039;envolent vers des<\/title>\n<meta name=\"description\" content=\"Malgr\u00e9 une hausse des tarifs a\u00e9riens, les familles de l&#039;Est de l&#039;Iowa s&#039;appr\u00eatent \u00e0 prendre l&#039;avion pour les vacances de printemps, avec l&#039;Arizona et la\" \/>\n<meta name=\"robots\" content=\"index, follow, max-snippet:-1, max-image-preview:large, max-video-preview:-1\" \/>\n<link rel=\"canonical\" href=\"https:\/\/voyage-aventure.com\/blog\/a-la-une\/les-familles-de-lest-de-liowa-senvolent-vers-des-vacances-de-printemps-inoubliables\/\" \/>\n<meta property=\"og:locale\" content=\"fr_FR\" \/>\n<meta property=\"og:type\" content=\"article\" \/>\n<meta property=\"og:title\" content=\"les familles de l&#039;est de l&#039;iowa s&#039;envolent vers des\" \/>\n<meta property=\"og:description\" content=\"Malgr\u00e9 une hausse des tarifs a\u00e9riens, les familles de l&#039;Est de l&#039;Iowa s&#039;appr\u00eatent \u00e0 prendre l&#039;avion pour les vacances de printemps, avec l&#039;Arizona et la\" \/>\n<meta property=\"og:url\" content=\"https:\/\/voyage-aventure.com\/blog\/a-la-une\/les-familles-de-lest-de-liowa-senvolent-vers-des-vacances-de-printemps-inoubliables\/\" \/>\n<meta property=\"og:site_name\" content=\"voyage-aventure\" \/>\n<meta property=\"og:image\" content=\"https:\/\/voyage-aventure.com\/blog\/wp-content\/uploads\/2025\/05\/sdxl-c8c96464c1aa5c8abf631b16a41838a8-scaled.png\" \/>\n\t<meta property=\"og:image:width\" content=\"1200\" \/>\n\t<meta property=\"og:image:height\" content=\"500\" \/>\n\t<meta property=\"og:image:type\" content=\"image\/png\" \/>\n<meta name=\"author\" content=\"Camille Rouvray\" \/>\n<meta name=\"twitter:card\" content=\"summary_large_image\" \/>\n<script type=\"application\/ld+json\" class=\"yoast-schema-graph\">{\"@context\":\"https:\/\/schema.org\",\"@graph\":[{\"@type\":\"NewsArticle\",\"@id\":\"https:\/\/voyage-aventure.com\/blog\/a-la-une\/les-familles-de-lest-de-liowa-senvolent-vers-des-vacances-de-printemps-inoubliables\/#article\",\"isPartOf\":{\"@id\":\"https:\/\/voyage-aventure.com\/blog\/a-la-une\/les-familles-de-lest-de-liowa-senvolent-vers-des-vacances-de-printemps-inoubliables\/\"},\"author\":{\"name\":\"Camille Rouvray\",\"@id\":\"https:\/\/voyage-aventure.com\/blog\/#\/schema\/person\/3c864cdc320801e3db34b663e7e3f816\"},\"headline\":\"les familles de l&rsquo;est de l&rsquo;iowa s&rsquo;envolent vers des vacances de printemps inoubliables\",\"datePublished\":\"2026-06-16T15:09:36+00:00\",\"mainEntityOfPage\":{\"@id\":\"https:\/\/voyage-aventure.com\/blog\/a-la-une\/les-familles-de-lest-de-liowa-senvolent-vers-des-vacances-de-printemps-inoubliables\/\"},\"wordCount\":820,\"commentCount\":18,\"publisher\":{\"@id\":\"https:\/\/voyage-aventure.com\/blog\/#organization\"},\"image\":{\"@id\":\"https:\/\/voyage-aventure.com\/blog\/a-la-une\/les-familles-de-lest-de-liowa-senvolent-vers-des-vacances-de-printemps-inoubliables\/#primaryimage\"},\"thumbnailUrl\":\"https:\/\/voyage-aventure.com\/blog\/wp-content\/uploads\/2025\/05\/sdxl-c8c96464c1aa5c8abf631b16a41838a8-scaled.png\",\"keywords\":[\"Activit\u00e9s Vari\u00e9es\",\"Destinations\",\"D\u00e9tente\",\"Escapade en Europe\",\"H\u00e9bergement Abordable\"],\"articleSection\":[\"\u00c0 la une\"],\"inLanguage\":\"fr-FR\",\"potentialAction\":[{\"@type\":\"CommentAction\",\"name\":\"Comment\",\"target\":[\"https:\/\/voyage-aventure.com\/blog\/a-la-une\/les-familles-de-lest-de-liowa-senvolent-vers-des-vacances-de-printemps-inoubliables\/#respond\"]}]},{\"@type\":\"WebPage\",\"@id\":\"https:\/\/voyage-aventure.com\/blog\/a-la-une\/les-familles-de-lest-de-liowa-senvolent-vers-des-vacances-de-printemps-inoubliables\/\",\"url\":\"https:\/\/voyage-aventure.com\/blog\/a-la-une\/les-familles-de-lest-de-liowa-senvolent-vers-des-vacances-de-printemps-inoubliables\/\",\"name\":\"les familles de l'est de l'iowa s'envolent vers des\",\"isPartOf\":{\"@id\":\"https:\/\/voyage-aventure.com\/blog\/#website\"},\"primaryImageOfPage\":{\"@id\":\"https:\/\/voyage-aventure.com\/blog\/a-la-une\/les-familles-de-lest-de-liowa-senvolent-vers-des-vacances-de-printemps-inoubliables\/#primaryimage\"},\"image\":{\"@id\":\"https:\/\/voyage-aventure.com\/blog\/a-la-une\/les-familles-de-lest-de-liowa-senvolent-vers-des-vacances-de-printemps-inoubliables\/#primaryimage\"},\"thumbnailUrl\":\"https:\/\/voyage-aventure.com\/blog\/wp-content\/uploads\/2025\/05\/sdxl-c8c96464c1aa5c8abf631b16a41838a8-scaled.png\",\"datePublished\":\"2026-06-16T15:09:36+00:00\",\"description\":\"Malgr\u00e9 une hausse des tarifs a\u00e9riens, les familles de l'Est de l'Iowa s'appr\u00eatent \u00e0 prendre l'avion pour les vacances de printemps, avec l'Arizona et la\",\"inLanguage\":\"fr-FR\",\"potentialAction\":[{\"@type\":\"ReadAction\",\"target\":[\"https:\/\/voyage-aventure.com\/blog\/a-la-une\/les-familles-de-lest-de-liowa-senvolent-vers-des-vacances-de-printemps-inoubliables\/\"]}]},{\"@type\":\"ImageObject\",\"inLanguage\":\"fr-FR\",\"@id\":\"https:\/\/voyage-aventure.com\/blog\/a-la-une\/les-familles-de-lest-de-liowa-senvolent-vers-des-vacances-de-printemps-inoubliables\/#primaryimage\",\"url\":\"https:\/\/voyage-aventure.com\/blog\/wp-content\/uploads\/2025\/05\/sdxl-c8c96464c1aa5c8abf631b16a41838a8-scaled.png\",\"contentUrl\":\"https:\/\/voyage-aventure.com\/blog\/wp-content\/uploads\/2025\/05\/sdxl-c8c96464c1aa5c8abf631b16a41838a8-scaled.png\",\"width\":1200,\"height\":500},{\"@type\":\"WebSite\",\"@id\":\"https:\/\/voyage-aventure.com\/blog\/#website\",\"url\":\"https:\/\/voyage-aventure.com\/blog\/\",\"name\":\"voyage-aventure.com\",\"description\":\"Votre passeport pour l\u2019inattendu.\",\"publisher\":{\"@id\":\"https:\/\/voyage-aventure.com\/blog\/#organization\"},\"alternateName\":\"Votre passeport pour l\u2019inattendu.\",\"potentialAction\":[{\"@type\":\"SearchAction\",\"target\":{\"@type\":\"EntryPoint\",\"urlTemplate\":\"https:\/\/voyage-aventure.com\/blog\/?s={search_term_string}\"},\"query-input\":{\"@type\":\"PropertyValueSpecification\",\"valueRequired\":true,\"valueName\":\"search_term_string\"}}],\"inLanguage\":\"fr-FR\"},{\"@type\":\"Organization\",\"@id\":\"https:\/\/voyage-aventure.com\/blog\/#organization\",\"name\":\"Foretsensations.fr\",\"url\":\"https:\/\/voyage-aventure.com\/blog\/\",\"logo\":{\"@type\":\"ImageObject\",\"inLanguage\":\"fr-FR\",\"@id\":\"https:\/\/voyage-aventure.com\/blog\/#\/schema\/logo\/image\/\",\"url\":\"https:\/\/voyage-aventure.com\/blog\/wp-content\/uploads\/2024\/12\/19.png\",\"contentUrl\":\"https:\/\/voyage-aventure.com\/blog\/wp-content\/uploads\/2024\/12\/19.png\",\"width\":512,\"height\":512,\"caption\":\"Foretsensations.fr\"},\"image\":{\"@id\":\"https:\/\/voyage-aventure.com\/blog\/#\/schema\/logo\/image\/\"}},{\"@type\":\"Person\",\"@id\":\"https:\/\/voyage-aventure.com\/blog\/#\/schema\/person\/3c864cdc320801e3db34b663e7e3f816\",\"name\":\"Camille Rouvray\",\"image\":{\"@type\":\"ImageObject\",\"inLanguage\":\"fr-FR\",\"@id\":\"https:\/\/voyage-aventure.com\/blog\/#\/schema\/person\/image\/\",\"url\":\"https:\/\/voyage-aventure.com\/blog\/wp-content\/uploads\/2026\/06\/persona_camille-r-96x96.jpg\",\"contentUrl\":\"https:\/\/voyage-aventure.com\/blog\/wp-content\/uploads\/2026\/06\/persona_camille-r-96x96.jpg\",\"caption\":\"Camille Rouvray\"},\"description\":\"Je voyage et j'\u00e9cris sur le voyage depuis une douzaine d'ann\u00e9es, d'abord en tant que routarde au long cours, puis comme r\u00e9dactrice sp\u00e9cialis\u00e9e. Mon terrain de pr\u00e9dilection, ce sont les circuits organis\u00e9s et l'art de bien pr\u00e9parer un itin\u00e9raire : choix de la saison, dur\u00e9e r\u00e9aliste des \u00e9tapes, budget jour par jour, logement et transport sur place. J'aime aussi raconter les p\u00e9pites urbaines, ces adresses qu'on ne trouve pas dans les guides classiques. Avant de publier un dossier destination, je croise toujours plusieurs sources, je v\u00e9rifie les tarifs et les formalit\u00e9s d'entr\u00e9e \u00e0 jour, et je teste moi-m\u00eame quand je le peux. Mon angle reste pratique avant tout : aider le lecteur \u00e0 partir l'esprit tranquille, sans mauvaise surprise une fois sur place. Je m'attache \u00e0 distinguer le coup de c\u0153ur sinc\u00e8re du simple argument marketing.\",\"sameAs\":[\"https:\/\/camillerouvray.fr\/\"],\"url\":\"https:\/\/voyage-aventure.com\/blog\/auteur\/noname\/\"}]}<\/script>\n<!-- \/ Yoast SEO Premium plugin. -->","yoast_head_json":{"title":"les familles de l'est de l'iowa s'envolent vers des","description":"Malgr\u00e9 une hausse des tarifs a\u00e9riens, les familles de l'Est de l'Iowa s'appr\u00eatent \u00e0 prendre l'avion pour les vacances de printemps, avec l'Arizona et la","robots":{"index":"index","follow":"follow","max-snippet":"max-snippet:-1","max-image-preview":"max-image-preview:large","max-video-preview":"max-video-preview:-1"},"canonical":"https:\/\/voyage-aventure.com\/blog\/a-la-une\/les-familles-de-lest-de-liowa-senvolent-vers-des-vacances-de-printemps-inoubliables\/","og_locale":"fr_FR","og_type":"article","og_title":"les familles de l'est de l'iowa s'envolent vers des","og_description":"Malgr\u00e9 une hausse des tarifs a\u00e9riens, les familles de l'Est de l'Iowa s'appr\u00eatent \u00e0 prendre l'avion pour les vacances de printemps, avec l'Arizona et la","og_url":"https:\/\/voyage-aventure.com\/blog\/a-la-une\/les-familles-de-lest-de-liowa-senvolent-vers-des-vacances-de-printemps-inoubliables\/","og_site_name":"voyage-aventure","og_image":[{"width":1200,"height":500,"url":"https:\/\/voyage-aventure.com\/blog\/wp-content\/uploads\/2025\/05\/sdxl-c8c96464c1aa5c8abf631b16a41838a8-scaled.png","type":"image\/png"}],"author":"Camille Rouvray","twitter_card":"summary_large_image","schema":{"@context":"https:\/\/schema.org","@graph":[{"@type":"NewsArticle","@id":"https:\/\/voyage-aventure.com\/blog\/a-la-une\/les-familles-de-lest-de-liowa-senvolent-vers-des-vacances-de-printemps-inoubliables\/#article","isPartOf":{"@id":"https:\/\/voyage-aventure.com\/blog\/a-la-une\/les-familles-de-lest-de-liowa-senvolent-vers-des-vacances-de-printemps-inoubliables\/"},"author":{"name":"Camille Rouvray","@id":"https:\/\/voyage-aventure.com\/blog\/#\/schema\/person\/3c864cdc320801e3db34b663e7e3f816"},"headline":"les familles de l&rsquo;est de l&rsquo;iowa s&rsquo;envolent vers des vacances de printemps inoubliables","datePublished":"2026-06-16T15:09:36+00:00","mainEntityOfPage":{"@id":"https:\/\/voyage-aventure.com\/blog\/a-la-une\/les-familles-de-lest-de-liowa-senvolent-vers-des-vacances-de-printemps-inoubliables\/"},"wordCount":820,"commentCount":18,"publisher":{"@id":"https:\/\/voyage-aventure.com\/blog\/#organization"},"image":{"@id":"https:\/\/voyage-aventure.com\/blog\/a-la-une\/les-familles-de-lest-de-liowa-senvolent-vers-des-vacances-de-printemps-inoubliables\/#primaryimage"},"thumbnailUrl":"https:\/\/voyage-aventure.com\/blog\/wp-content\/uploads\/2025\/05\/sdxl-c8c96464c1aa5c8abf631b16a41838a8-scaled.png","keywords":["Activit\u00e9s Vari\u00e9es","Destinations","D\u00e9tente","Escapade en Europe","H\u00e9bergement Abordable"],"articleSection":["\u00c0 la une"],"inLanguage":"fr-FR","potentialAction":[{"@type":"CommentAction","name":"Comment","target":["https:\/\/voyage-aventure.com\/blog\/a-la-une\/les-familles-de-lest-de-liowa-senvolent-vers-des-vacances-de-printemps-inoubliables\/#respond"]}]},{"@type":"WebPage","@id":"https:\/\/voyage-aventure.com\/blog\/a-la-une\/les-familles-de-lest-de-liowa-senvolent-vers-des-vacances-de-printemps-inoubliables\/","url":"https:\/\/voyage-aventure.com\/blog\/a-la-une\/les-familles-de-lest-de-liowa-senvolent-vers-des-vacances-de-printemps-inoubliables\/","name":"les familles de l'est de l'iowa s'envolent vers des","isPartOf":{"@id":"https:\/\/voyage-aventure.com\/blog\/#website"},"primaryImageOfPage":{"@id":"https:\/\/voyage-aventure.com\/blog\/a-la-une\/les-familles-de-lest-de-liowa-senvolent-vers-des-vacances-de-printemps-inoubliables\/#primaryimage"},"image":{"@id":"https:\/\/voyage-aventure.com\/blog\/a-la-une\/les-familles-de-lest-de-liowa-senvolent-vers-des-vacances-de-printemps-inoubliables\/#primaryimage"},"thumbnailUrl":"https:\/\/voyage-aventure.com\/blog\/wp-content\/uploads\/2025\/05\/sdxl-c8c96464c1aa5c8abf631b16a41838a8-scaled.png","datePublished":"2026-06-16T15:09:36+00:00","description":"Malgr\u00e9 une hausse des tarifs a\u00e9riens, les familles de l'Est de l'Iowa s'appr\u00eatent \u00e0 prendre l'avion pour les vacances de printemps, avec l'Arizona et la","inLanguage":"fr-FR","potentialAction":[{"@type":"ReadAction","target":["https:\/\/voyage-aventure.com\/blog\/a-la-une\/les-familles-de-lest-de-liowa-senvolent-vers-des-vacances-de-printemps-inoubliables\/"]}]},{"@type":"ImageObject","inLanguage":"fr-FR","@id":"https:\/\/voyage-aventure.com\/blog\/a-la-une\/les-familles-de-lest-de-liowa-senvolent-vers-des-vacances-de-printemps-inoubliables\/#primaryimage","url":"https:\/\/voyage-aventure.com\/blog\/wp-content\/uploads\/2025\/05\/sdxl-c8c96464c1aa5c8abf631b16a41838a8-scaled.png","contentUrl":"https:\/\/voyage-aventure.com\/blog\/wp-content\/uploads\/2025\/05\/sdxl-c8c96464c1aa5c8abf631b16a41838a8-scaled.png","width":1200,"height":500},{"@type":"WebSite","@id":"https:\/\/voyage-aventure.com\/blog\/#website","url":"https:\/\/voyage-aventure.com\/blog\/","name":"voyage-aventure.com","description":"Votre passeport pour l\u2019inattendu.","publisher":{"@id":"https:\/\/voyage-aventure.com\/blog\/#organization"},"alternateName":"Votre passeport pour l\u2019inattendu.","potentialAction":[{"@type":"SearchAction","target":{"@type":"EntryPoint","urlTemplate":"https:\/\/voyage-aventure.com\/blog\/?s={search_term_string}"},"query-input":{"@type":"PropertyValueSpecification","valueRequired":true,"valueName":"search_term_string"}}],"inLanguage":"fr-FR"},{"@type":"Organization","@id":"https:\/\/voyage-aventure.com\/blog\/#organization","name":"Foretsensations.fr","url":"https:\/\/voyage-aventure.com\/blog\/","logo":{"@type":"ImageObject","inLanguage":"fr-FR","@id":"https:\/\/voyage-aventure.com\/blog\/#\/schema\/logo\/image\/","url":"https:\/\/voyage-aventure.com\/blog\/wp-content\/uploads\/2024\/12\/19.png","contentUrl":"https:\/\/voyage-aventure.com\/blog\/wp-content\/uploads\/2024\/12\/19.png","width":512,"height":512,"caption":"Foretsensations.fr"},"image":{"@id":"https:\/\/voyage-aventure.com\/blog\/#\/schema\/logo\/image\/"}},{"@type":"Person","@id":"https:\/\/voyage-aventure.com\/blog\/#\/schema\/person\/3c864cdc320801e3db34b663e7e3f816","name":"Camille Rouvray","image":{"@type":"ImageObject","inLanguage":"fr-FR","@id":"https:\/\/voyage-aventure.com\/blog\/#\/schema\/person\/image\/","url":"https:\/\/voyage-aventure.com\/blog\/wp-content\/uploads\/2026\/06\/persona_camille-r-96x96.jpg","contentUrl":"https:\/\/voyage-aventure.com\/blog\/wp-content\/uploads\/2026\/06\/persona_camille-r-96x96.jpg","caption":"Camille Rouvray"},"description":"Je voyage et j'\u00e9cris sur le voyage depuis une douzaine d'ann\u00e9es, d'abord en tant que routarde au long cours, puis comme r\u00e9dactrice sp\u00e9cialis\u00e9e. Mon terrain de pr\u00e9dilection, ce sont les circuits organis\u00e9s et l'art de bien pr\u00e9parer un itin\u00e9raire : choix de la saison, dur\u00e9e r\u00e9aliste des \u00e9tapes, budget jour par jour, logement et transport sur place. J'aime aussi raconter les p\u00e9pites urbaines, ces adresses qu'on ne trouve pas dans les guides classiques. Avant de publier un dossier destination, je croise toujours plusieurs sources, je v\u00e9rifie les tarifs et les formalit\u00e9s d'entr\u00e9e \u00e0 jour, et je teste moi-m\u00eame quand je le peux. Mon angle reste pratique avant tout : aider le lecteur \u00e0 partir l'esprit tranquille, sans mauvaise surprise une fois sur place. Je m'attache \u00e0 distinguer le coup de c\u0153ur sinc\u00e8re du simple argument marketing.","sameAs":["https:\/\/camillerouvray.fr\/"],"url":"https:\/\/voyage-aventure.com\/blog\/auteur\/noname\/"}]}},"_links":{"self":[{"href":"https:\/\/voyage-aventure.com\/blog\/wp-json\/wp\/v2\/posts\/15012","targetHints":{"allow":["GET"]}}],"collection":[{"href":"https:\/\/voyage-aventure.com\/blog\/wp-json\/wp\/v2\/posts"}],"about":[{"href":"https:\/\/voyage-aventure.com\/blog\/wp-json\/wp\/v2\/types\/post"}],"author":[{"embeddable":true,"href":"https:\/\/voyage-aventure.com\/blog\/wp-json\/wp\/v2\/users\/34"}],"replies":[{"embeddable":true,"href":"https:\/\/voyage-aventure.com\/blog\/wp-json\/wp\/v2\/comments?post=15012"}],"version-history":[{"count":3,"href":"https:\/\/voyage-aventure.com\/blog\/wp-json\/wp\/v2\/posts\/15012\/revisions"}],"predecessor-version":[{"id":22780,"href":"https:\/\/voyage-aventure.com\/blog\/wp-json\/wp\/v2\/posts\/15012\/revisions\/22780"}],"wp:featuredmedia":[{"embeddable":true,"href":"https:\/\/voyage-aventure.com\/blog\/wp-json\/wp\/v2\/media\/20612"}],"wp:attachment":[{"href":"https:\/\/voyage-aventure.com\/blog\/wp-json\/wp\/v2\/media?parent=15012"}],"wp:term":[{"taxonomy":"category","embeddable":true,"href":"https:\/\/voyage-aventure.com\/blog\/wp-json\/wp\/v2\/categories?post=15012"},{"taxonomy":"post_tag","embeddable":true,"href":"https:\/\/voyage-aventure.com\/blog\/wp-json\/wp\/v2\/tags?post=15012"}],"curies":[{"name":"wp","href":"https:\/\/api.w.org\/{rel}","templated":true}]}}