{"id":15007,"date":"2026-06-16T17:09:27","date_gmt":"2026-06-16T15:09:27","guid":{"rendered":"https:\/\/voyage-aventure.com\/blog\/?p=15007"},"modified":"2026-06-16T17:09:27","modified_gmt":"2026-06-16T15:09:27","slug":"la-nouvelle-administration-trump-envisage-des-restrictions-de-voyage-massives-pour-de-nombreux-pays","status":"publish","type":"post","link":"https:\/\/voyage-aventure.com\/blog\/a-la-une\/la-nouvelle-administration-trump-envisage-des-restrictions-de-voyage-massives-pour-de-nombreux-pays\/","title":{"rendered":"la nouvelle administration trump envisage des restrictions de voyage massives pour de nombreux pays"},"content":{"rendered":"<link rel=\"stylesheet\" href=\"https:\/\/fonts.googleapis.com\/css2?family=Newsreader:ital,opsz,wght@0,6..72,500;0,6..72,600;0,6..72,700;1,6..72,500;1,6..72,600&#038;family=Inter:wght@400;500;600&#038;family=JetBrains+Mono:wght@500&#038;display=swap\">\n<style>\n.van-news-wrap{font-family:'Inter',-apple-system,BlinkMacSystemFont,sans-serif;color:#1b1f24;line-height:1.65;font-size:17px;}\n.van-news-wrap h2{font-family:'Newsreader',Georgia,serif;font-weight:700;font-size:clamp(24px,3.2vw,33px);line-height:1.18;letter-spacing:-0.012em;color:#13171c;margin:50px 0 16px;}\n.van-news-wrap h3{font-family:'Newsreader',Georgia,serif;font-weight:600;font-size:clamp(19px,2.2vw,22px);color:#13171c;margin:26px 0 10px;}\n.van-news-wrap p{margin:0 0 18px;}\n.van-news-kicker{font-family:'JetBrains Mono',monospace;font-size:11.5px;font-weight:500;text-transform:uppercase;letter-spacing:2.6px;color:#9a2a1f;margin:0 0 10px;}\n.van-news-lead{font-family:'Newsreader',Georgia,serif;font-size:clamp(20px,2.4vw,23px);line-height:1.5;font-style:italic;color:#2a2f36;border-left:4px solid #9a2a1f;padding:4px 0 4px 20px;margin:0 0 30px;}\n.van-news-essentiel{background:#fbf3f1;border:1px solid #f0d8d3;border-left:5px solid #9a2a1f;border-radius:7px;padding:24px 26px 22px;margin:30px 0;}\n.van-news-essentiel .van-news-etag{font-family:'JetBrains Mono',monospace;font-size:11px;font-weight:500;text-transform:uppercase;letter-spacing:2.4px;color:#9a2a1f;margin-bottom:16px;}\n.van-news-essentiel ul{margin:0;padding:0;list-style:none;display:grid;gap:11px;}\n.van-news-essentiel li{display:flex;gap:13px;align-items:flex-start;font-size:15.5px;line-height:1.55;color:#262b31;}\n.van-news-essentiel li .van-news-lbl{flex:0 0 auto;font-family:'JetBrains Mono',monospace;font-size:10.5px;font-weight:500;text-transform:uppercase;letter-spacing:1.4px;color:#fff;background:#9a2a1f;border-radius:4px;padding:3px 9px;margin-top:1px;}\n.van-news-grid{display:grid;grid-template-columns:repeat(auto-fit,minmax(220px,1fr));gap:15px;margin:28px 0;}\n.van-news-card{background:#fff;border:1px solid #e4e6ea;border-top:3px solid #9a2a1f;border-radius:7px;padding:20px 20px 18px;transition:transform .25s ease,box-shadow .25s ease;}\n.van-news-card:hover{transform:translateY(-3px);box-shadow:0 1px 2px rgba(16,24,40,.05),0 14px 30px -16px rgba(16,24,40,.22);}\n.van-news-card .van-news-cnum{display:inline-flex;align-items:center;justify-content:center;width:34px;height:34px;border-radius:50%;background:#fbf3f1;color:#9a2a1f;font-family:'Newsreader',serif;font-weight:700;font-size:16px;margin-bottom:11px;}\n.van-news-card h3{margin:0 0 7px;font-size:17px;}\n.van-news-card .van-news-txt{font-size:14px;line-height:1.56;color:#4a4f56;}\n.van-news-table{margin:30px 0;}\n.van-news-table .van-news-tw{overflow-x:auto;border:1px solid #e4e6ea;border-radius:8px;}\n.van-news-table table{width:100%;border-collapse:collapse;font-size:14.5px;color:#262b31;min-width:480px;}\n.van-news-table thead tr{background:#13171c;color:#fff;}\n.van-news-table th{text-align:left;padding:13px 17px;font-family:'JetBrains Mono',monospace;font-weight:500;font-size:11px;text-transform:uppercase;letter-spacing:1.4px;}\n.van-news-table td{padding:13px 17px;border-bottom:1px solid #eef0f3;}\n.van-news-table tbody tr:nth-child(even){background:#faf7f6;}\n.van-news-table tbody tr:last-child td{border-bottom:none;}\n.van-news-table td:first-child{font-weight:600;}\n.van-news-pq{margin:38px auto;padding:26px 24px;text-align:center;border-top:1px solid #13171c;border-bottom:1px solid #13171c;max-width:660px;position:relative;}\n.van-news-pq .van-news-mark{position:absolute;top:-22px;left:50%;transform:translateX(-50%);background:#fff;padding:0 14px;font-family:'Newsreader',serif;font-size:50px;line-height:1;color:#9a2a1f;}\n.van-news-pq blockquote{margin:0;padding:0;font-family:'Newsreader',Georgia,serif;font-size:clamp(20px,2.6vw,25px);line-height:1.45;font-style:italic;color:#13171c;}\n.van-news-pq .van-news-src{margin-top:13px;font-family:'JetBrains Mono',monospace;font-size:11px;text-transform:uppercase;letter-spacing:1.8px;color:#6a7178;}\n.van-news-retenir{background:#fafafa;border:1px solid #e6e6e6;border-radius:8px;padding:24px 26px;margin:34px 0;}\n.van-news-retenir .van-news-etag{font-family:'JetBrains Mono',monospace;font-size:11px;font-weight:500;text-transform:uppercase;letter-spacing:2.4px;color:#9a2a1f;margin-bottom:16px;}\n.van-news-retenir ul{margin:0;padding:0;list-style:none;display:grid;grid-template-columns:repeat(auto-fit,minmax(250px,1fr));gap:10px;}\n.van-news-retenir li{display:flex;gap:11px;background:#fff;border:1px solid #ececec;border-radius:6px;padding:12px 14px;font-size:14px;line-height:1.5;color:#262b31;}\n.van-news-retenir li .van-news-dot{flex:0 0 24px;width:24px;height:24px;border-radius:50%;background:#9a2a1f;color:#fff;display:inline-flex;align-items:center;justify-content:center;font-size:12px;font-weight:700;font-family:'Inter',sans-serif;}\n.van-news-faq{margin:36px 0;}\n.van-news-faq h2{margin-bottom:6px;}\n.van-news-faq .van-news-fwrap{border-top:1px solid #e0e0e0;}\n.van-news-faq details{border-bottom:1px solid #e0e0e0;}\n.van-news-faq summary{cursor:pointer;padding:16px 0;font-family:'Newsreader',Georgia,serif;font-size:18px;font-weight:600;color:#13171c;list-style:none;display:flex;justify-content:space-between;align-items:center;gap:14px;}\n.van-news-faq summary::-webkit-details-marker{display:none;}\n.van-news-faq summary .van-news-plus{font-size:22px;font-weight:400;color:#9a2a1f;line-height:1;}\n.van-news-faq .van-news-fa{padding:0 0 16px;font-size:15px;line-height:1.7;color:#4a4f56;}\n.van-news-disc{font-size:13px;line-height:1.55;color:#7a7f86;font-style:italic;border-top:1px solid #e6e6e6;padding-top:16px;margin:34px 0 0;}\n\/*RENDERFIX2*\/.van-news-essentiel li .van-news-lbl{color:#eef3f9!important}.van-news-essentiel li .van-news-lbl p,.van-news-essentiel li .van-news-lbl li,.van-news-essentiel li .van-news-lbl strong,.van-news-essentiel li .van-news-lbl em,.van-news-essentiel li .van-news-lbl a,.van-news-essentiel li .van-news-lbl span,.van-news-essentiel li .van-news-lbl b,.van-news-essentiel li .van-news-lbl td,.van-news-essentiel li .van-news-lbl th,.van-news-essentiel li .van-news-lbl h2,.van-news-essentiel li .van-news-lbl h3,.van-news-essentiel li .van-news-lbl h4{color:#eef3f9!important}.van-news-essentiel li .van-news-lbl strong,.van-news-essentiel li .van-news-lbl b{color:#ffffff!important}.van-news-table thead tr{color:#eef3f9!important}.van-news-table thead tr p,.van-news-table thead tr li,.van-news-table thead tr strong,.van-news-table thead tr em,.van-news-table thead tr a,.van-news-table thead tr span,.van-news-table thead tr b,.van-news-table thead tr td,.van-news-table thead tr th,.van-news-table thead tr h2,.van-news-table thead tr h3,.van-news-table thead tr h4{color:#eef3f9!important}.van-news-table thead tr strong,.van-news-table thead tr b{color:#ffffff!important}.van-news-retenir li .van-news-dot{color:#eef3f9!important}.van-news-retenir li .van-news-dot p,.van-news-retenir li .van-news-dot li,.van-news-retenir li .van-news-dot strong,.van-news-retenir li .van-news-dot em,.van-news-retenir li .van-news-dot a,.van-news-retenir li .van-news-dot span,.van-news-retenir li .van-news-dot b,.van-news-retenir li .van-news-dot td,.van-news-retenir li .van-news-dot th,.van-news-retenir li .van-news-dot h2,.van-news-retenir li .van-news-dot h3,.van-news-retenir li .van-news-dot h4{color:#eef3f9!important}.van-news-retenir li .van-news-dot strong,.van-news-retenir li .van-news-dot b{color:#ffffff!important}<\/style>\n<div class=\"van-news-wrap\">\n<div class=\"van-news-kicker\">Politique migratoire \u00b7 \u00c9tats-Unis<\/div>\n<div class=\"van-news-lead\">L&rsquo;administration Trump \u00e9tudierait un dispositif de restrictions de voyage visant un large \u00e9ventail de pays. Selon un m\u00e9mo interne, jusqu&rsquo;\u00e0 41 nations pourraient \u00eatre concern\u00e9es, r\u00e9parties en trois niveaux d&rsquo;application. Rien n&rsquo;est encore valid\u00e9 : voici ce que dit le document, et ce qui reste incertain.<\/div>\n<div class=\"van-news-essentiel\">\n<div class=\"van-news-etag\">L&rsquo;essentiel<\/div>\n<ul>\n<li><span class=\"van-news-lbl\">Quoi<\/span><span>Un projet de restrictions de visas pouvant toucher jusqu&rsquo;\u00e0 41 pays, class\u00e9s en trois groupes selon le niveau de restriction (suspension totale, partielle, ou d\u00e9lai pour renforcer les contr\u00f4les).<\/span><\/li>\n<li><span class=\"van-news-lbl\">Qui<\/span><span>L&rsquo;administration de Donald Trump ; la liste resterait soumise \u00e0 validation, notamment du secr\u00e9taire d&rsquo;\u00c9tat Marco Rubio.<\/span><\/li>\n<li><span class=\"van-news-lbl\">Statut<\/span><span>Mesure envisag\u00e9e, non confirm\u00e9e : selon un fonctionnaire, la liste pourrait encore \u00e9voluer avant toute d\u00e9cision officielle.<\/span><\/li>\n<\/ul>\n<\/div>\n<h2>Des restrictions de voyage \u00e0 l&rsquo;horizon<\/h2>\n<p>Le gouvernement de Donald Trump envisage de mettre en place des restrictions de voyage drastiques pour les citoyens de plusieurs pays. Selon un m\u00e9mo interne consult\u00e9 par des sources, cette nouvelle mesure pourrait affecter jusqu&rsquo;\u00e0 41 nations \u00e0 travers le monde. Cette initiative s&rsquo;inscrit dans le cadre d&rsquo;une politique d&rsquo;immigration stricte que l&rsquo;administration souhaite renforcer.<\/p>\n<p>Les pays concern\u00e9s sont divis\u00e9s en trois groupes, chacun faisant face \u00e0 des niveaux de restriction diff\u00e9rents. Le premier groupe inclut des nations comme l&rsquo;Afghanistan, l&rsquo;Iran, et la Syrie, qui subiraient une suspension totale des visas. Cette d\u00e9cision pourrait avoir des r\u00e9percussions majeures pour de nombreux citoyens cherchant \u00e0 voyager aux \u00c9tats-Unis.<\/p>\n<p><iframe loading=\"lazy\" title=\"\ud83e\udd7d FACEBOOK - LES SCANDALES QUI SE CACHENT DERRI\u00c8RE META\" width=\"1200\" height=\"675\" src=\"https:\/\/www.youtube.com\/embed\/7pCmS_Qxla8?feature=oembed\" frameborder=\"0\" allow=\"accelerometer; autoplay; clipboard-write; encrypted-media; gyroscope; picture-in-picture; web-share\" referrerpolicy=\"strict-origin-when-cross-origin\" allowfullscreen><\/iframe><\/p>\n<h2>Des groupes de pays cibl\u00e9s<\/h2>\n<p>Le m\u00e9mo r\u00e9v\u00e8le que le deuxi\u00e8me groupe, compos\u00e9 de cinq pays tels que l&rsquo;\u00c9rythr\u00e9e et Ha\u00efti, ferait l&rsquo;objet de suspensions partielles. Cela toucherait particuli\u00e8rement les visas touristiques et \u00e9tudiants, en laissant toutefois quelques exceptions. Le troisi\u00e8me groupe inclut 26 pays, comme le Pakistan et le Turkm\u00e9nistan, qui devraient montrer des efforts pour am\u00e9liorer leurs contr\u00f4les de s\u00e9curit\u00e9 sous peine de restrictions.<\/p>\n<div class=\"van-news-table\">\n<div class=\"van-news-tw\">\n<table>\n<thead>\n<tr>\n<th>Groupe<\/th>\n<th>Niveau de restriction<\/th>\n<th>Exemples cit\u00e9s<\/th>\n<\/tr>\n<\/thead>\n<tbody>\n<tr>\n<td>Groupe 1<\/td>\n<td>Suspension totale des visas<\/td>\n<td>Afghanistan, Iran, Syrie<\/td>\n<\/tr>\n<tr>\n<td>Groupe 2 (5 pays)<\/td>\n<td>Suspensions partielles (visas touristiques et \u00e9tudiants)<\/td>\n<td>\u00c9rythr\u00e9e, Ha\u00efti<\/td>\n<\/tr>\n<tr>\n<td>Groupe 3 (26 pays)<\/td>\n<td>D\u00e9lai pour renforcer les contr\u00f4les de s\u00e9curit\u00e9<\/td>\n<td>Pakistan, Turkm\u00e9nistan<\/td>\n<\/tr>\n<\/tbody>\n<\/table>\n<\/div>\n<\/div>\n<p>Les propos d&rsquo;un fonctionnaire am\u00e9ricain, qui a voulu garder l&rsquo;anonymat, soulignent que la liste pourrait encore changer. Ces modifications devraient \u00eatre valid\u00e9es par l&rsquo;administration, y compris le secr\u00e9taire d&rsquo;\u00c9tat Marco Rubio. L&rsquo;incertitude entourant ces d\u00e9cisions soul\u00e8ve des inqui\u00e9tudes parmi les citoyens de ces pays.<\/p>\n<h2>Un retour aux sources des politiques de restriction<\/h2>\n<p>Cette initiative rappelle les politiques de voyage impos\u00e9es durant le premier mandat de Trump, o\u00f9 un d\u00e9cret a \u00e9t\u00e9 \u00e9mis pour interdire l&rsquo;entr\u00e9e aux ressortissants de sept pays majoritairement musulmans. Ce d\u00e9cret a \u00e9t\u00e9 modifi\u00e9 \u00e0 plusieurs reprises avant d&rsquo;\u00eatre valid\u00e9 par la Cour supr\u00eame en 2018. L&rsquo;administration actuelle semble vouloir r\u00e9it\u00e9rer cette approche en mati\u00e8re de s\u00e9curit\u00e9 nationale.<\/p>\n<p>Dans un discours prononc\u00e9 en octobre 2023, Trump a promis de restreindre les entr\u00e9es de personnes provenant de r\u00e9gions \u00e0 risque, telles que la bande de Gaza et la Libye. Ces d\u00e9clarations montrent une volont\u00e9 affich\u00e9e de se concentrer sur les menaces potentielles \u00e0 la s\u00e9curit\u00e9 nationale. Le D\u00e9partement d&rsquo;\u00c9tat n&rsquo;a pas, \u00e0 ce stade, fourni de commentaires sur cette annonce.<\/p>\n<figure class=\"van-news-pq\">\n<div class=\"van-news-mark\" aria-hidden=\"true\">\u00ab<\/div>\n<blockquote><p>Dans le cadre de cette initiative, l&rsquo;administration Trump chercherait \u00e0 \u00ab d\u00e9tecter les menaces \u00e0 la s\u00e9curit\u00e9 nationale \u00bb, selon un haut fonctionnaire.<\/p><\/blockquote>\n<div class=\"van-news-src\">\u2014 Source cit\u00e9e par le m\u00e9mo<\/div>\n<\/figure>\n<h2>Ce que cela pourrait changer<\/h2>\n<p>Les d\u00e9cisions concernant les restrictions de voyage ont des implications profondes sur la vie des personnes concern\u00e9es. En plus des impacts \u00e9conomiques et sociaux, elles suscitent des craintes quant \u00e0 la stigmatisation et \u00e0 la discrimination. Les citoyens des pays touch\u00e9s se retrouvent souvent dans une position pr\u00e9caire, cherchant \u00e0 naviguer dans un syst\u00e8me complexe.<\/p>\n<div class=\"van-news-grid\">\n<div class=\"van-news-card\">\n<span class=\"van-news-cnum\">1<\/span><\/p>\n<h3>Pour les voyageurs<\/h3>\n<div class=\"van-news-txt\">Selon le groupe, l&rsquo;acc\u00e8s aux visas am\u00e9ricains pourrait \u00eatre suspendu en totalit\u00e9 ou seulement pour certaines cat\u00e9gories (tourisme, \u00e9tudes), avec des exceptions encore \u00e0 pr\u00e9ciser.<\/div>\n<\/div>\n<div class=\"van-news-card\">\n<span class=\"van-news-cnum\">2<\/span><\/p>\n<h3>Pour les pays list\u00e9s<\/h3>\n<div class=\"van-news-txt\">Les 26 nations du troisi\u00e8me groupe disposeraient d&rsquo;un d\u00e9lai pour renforcer leurs contr\u00f4les de s\u00e9curit\u00e9 afin d&rsquo;\u00e9viter des restrictions plus lourdes.<\/div>\n<\/div>\n<div class=\"van-news-card\">\n<span class=\"van-news-cnum\">3<\/span><\/p>\n<h3>Une d\u00e9cision non fig\u00e9e<\/h3>\n<div class=\"van-news-txt\">La liste et les modalit\u00e9s restent susceptibles d&rsquo;\u00e9voluer avant toute validation officielle de l&rsquo;administration.<\/div>\n<\/div>\n<\/div>\n<p>Cette strat\u00e9gie envisag\u00e9e marque une \u00e9tape potentiellement significative dans l&rsquo;approche de l&rsquo;administration en mati\u00e8re d&rsquo;immigration et de voyages. Les efforts visant \u00e0 renforcer les contr\u00f4les de s\u00e9curit\u00e9 sont pr\u00e9sent\u00e9s comme une r\u00e9ponse \u00e0 des pr\u00e9occupations de s\u00e9curit\u00e9 nationale, mais soul\u00e8vent aussi des questions sur l&rsquo;\u00e9quit\u00e9 des politiques d&rsquo;immigration. Les prochains mois seront d\u00e9terminants pour observer comment ces mesures pourraient \u00e9voluer et quel impact elles auraient sur les relations internationales et la perception des \u00c9tats-Unis \u00e0 l&rsquo;\u00e9tranger.<\/p>\n<div class=\"van-news-retenir\">\n<div class=\"van-news-etag\">\u00c0 retenir<\/div>\n<ul>\n<li><span class=\"van-news-dot\">1<\/span><span>Un m\u00e9mo interne \u00e9voque des restrictions de visas visant jusqu&rsquo;\u00e0 41 pays.<\/span><\/li>\n<li><span class=\"van-news-dot\">2<\/span><span>Trois groupes : suspension totale, suspension partielle, ou d\u00e9lai pour renforcer les contr\u00f4les.<\/span><\/li>\n<li><span class=\"van-news-dot\">3<\/span><span>La mesure n&rsquo;est pas confirm\u00e9e et la liste pourrait encore changer.<\/span><\/li>\n<li><span class=\"van-news-dot\">4<\/span><span>La validation impliquerait notamment le secr\u00e9taire d&rsquo;\u00c9tat Marco Rubio.<\/span><\/li>\n<li><span class=\"van-news-dot\">5<\/span><span>L&rsquo;initiative rappelle le d\u00e9cret du premier mandat, valid\u00e9 par la Cour supr\u00eame en 2018.<\/span><\/li>\n<\/ul>\n<\/div>\n<div class=\"van-news-faq\">\n<h2>Questions fr\u00e9quentes<\/h2>\n<div class=\"van-news-fwrap\">\n<details>\n<summary><span>Combien de pays seraient concern\u00e9s ?<\/span><span class=\"van-news-plus\" aria-hidden=\"true\">+<\/span><\/summary>\n<div class=\"van-news-fa\">Selon le m\u00e9mo interne \u00e9voqu\u00e9, jusqu&rsquo;\u00e0 41 nations pourraient \u00eatre vis\u00e9es, r\u00e9parties en trois groupes aux niveaux de restriction diff\u00e9rents. Ce chiffre n&rsquo;est toutefois pas d\u00e9finitif : la liste pourrait encore \u00e9voluer.<\/div>\n<\/details>\n<details>\n<summary><span>Quelle est la diff\u00e9rence entre les trois groupes ?<\/span><span class=\"van-news-plus\" aria-hidden=\"true\">+<\/span><\/summary>\n<div class=\"van-news-fa\">Le premier groupe (ex. Afghanistan, Iran, Syrie) ferait l&rsquo;objet d&rsquo;une suspension totale des visas. Le deuxi\u00e8me, compos\u00e9 de cinq pays (ex. \u00c9rythr\u00e9e, Ha\u00efti), conna\u00eetrait des suspensions partielles touchant surtout les visas touristiques et \u00e9tudiants. Le troisi\u00e8me, qui inclut 26 pays (ex. Pakistan, Turkm\u00e9nistan), aurait un d\u00e9lai pour renforcer ses contr\u00f4les de s\u00e9curit\u00e9.<\/div>\n<\/details>\n<details>\n<summary><span>Cette mesure est-elle d\u00e9j\u00e0 en vigueur ?<\/span><span class=\"van-news-plus\" aria-hidden=\"true\">+<\/span><\/summary>\n<div class=\"van-news-fa\">Non. \u00c0 ce stade, il s&rsquo;agit d&rsquo;une mesure envisag\u00e9e et non confirm\u00e9e. Selon un fonctionnaire cit\u00e9 de fa\u00e7on anonyme, la liste pourrait encore changer, et les modifications devraient \u00eatre valid\u00e9es par l&rsquo;administration, dont le secr\u00e9taire d&rsquo;\u00c9tat Marco Rubio.<\/div>\n<\/details>\n<details>\n<summary><span>Quel lien avec les d\u00e9crets du premier mandat de Trump ?<\/span><span class=\"van-news-plus\" aria-hidden=\"true\">+<\/span><\/summary>\n<div class=\"van-news-fa\">L&rsquo;initiative rappelle le d\u00e9cret du premier mandat interdisant l&rsquo;entr\u00e9e aux ressortissants de sept pays majoritairement musulmans. Ce d\u00e9cret avait \u00e9t\u00e9 modifi\u00e9 \u00e0 plusieurs reprises avant d&rsquo;\u00eatre valid\u00e9 par la Cour supr\u00eame en 2018.<\/div>\n<\/details>\n<\/div>\n<\/div>\n<div class=\"van-news-disc\">Cet article est informatif et reprend les \u00e9l\u00e9ments d&rsquo;un m\u00e9mo interne cit\u00e9 par des sources ; il ne constitue pas un avis juridique. Pour toute d\u00e9marche de visa, r\u00e9f\u00e9rez-vous aux informations officielles des autorit\u00e9s am\u00e9ricaines comp\u00e9tentes.<\/div>\n<\/div>\n","protected":false},"excerpt":{"rendered":"","protected":false},"author":34,"featured_media":19866,"comment_status":"open","ping_status":"open","sticky":false,"template":"","format":"standard","meta":{"_acf_changed":false,"manual_indexmenow":false,"indexmenow_id_project":0,"footnotes":""},"categories":[1],"tags":[4713,3878,5688,3170,4635],"class_list":["post-15007","post","type-post","status-publish","format-standard","has-post-thumbnail","hentry","category-a-la-une","tag-preparation","tag-protection","tag-relations-internationales","tag-securite","tag-voyage","generate-columns","tablet-grid-50","mobile-grid-100","grid-parent","grid-25"],"acf":[],"yoast_head":"<!-- This site is optimized with the Yoast SEO Premium plugin v21.3 (Yoast SEO v25.1) - https:\/\/yoast.com\/wordpress\/plugins\/seo\/ -->\n<title>la nouvelle administration trump envisage des restrictions<\/title>\n<meta name=\"description\" content=\"L&#039;administration Trump \u00e9tudierait un dispositif de restrictions de voyage visant un large \u00e9ventail de pays. Selon un m\u00e9mo interne, jusqu&#039;\u00e0 41 nations\" \/>\n<meta name=\"robots\" content=\"index, follow, max-snippet:-1, max-image-preview:large, max-video-preview:-1\" \/>\n<link rel=\"canonical\" href=\"https:\/\/voyage-aventure.com\/blog\/a-la-une\/la-nouvelle-administration-trump-envisage-des-restrictions-de-voyage-massives-pour-de-nombreux-pays\/\" \/>\n<meta property=\"og:locale\" content=\"fr_FR\" \/>\n<meta property=\"og:type\" content=\"article\" \/>\n<meta property=\"og:title\" content=\"la nouvelle administration trump envisage des restrictions\" \/>\n<meta property=\"og:description\" content=\"L&#039;administration Trump \u00e9tudierait un dispositif de restrictions de voyage visant un large \u00e9ventail de pays. Selon un m\u00e9mo interne, jusqu&#039;\u00e0 41 nations\" \/>\n<meta property=\"og:url\" content=\"https:\/\/voyage-aventure.com\/blog\/a-la-une\/la-nouvelle-administration-trump-envisage-des-restrictions-de-voyage-massives-pour-de-nombreux-pays\/\" \/>\n<meta property=\"og:site_name\" content=\"voyage-aventure\" \/>\n<meta property=\"og:image\" content=\"https:\/\/voyage-aventure.com\/blog\/wp-content\/uploads\/2025\/05\/sdxl-5be3696dff7355bd25fdc50743abb730-scaled.png\" \/>\n\t<meta property=\"og:image:width\" content=\"1200\" \/>\n\t<meta property=\"og:image:height\" content=\"500\" \/>\n\t<meta property=\"og:image:type\" content=\"image\/png\" \/>\n<meta name=\"author\" content=\"Camille Rouvray\" \/>\n<meta name=\"twitter:card\" content=\"summary_large_image\" \/>\n<script type=\"application\/ld+json\" class=\"yoast-schema-graph\">{\"@context\":\"https:\/\/schema.org\",\"@graph\":[{\"@type\":\"NewsArticle\",\"@id\":\"https:\/\/voyage-aventure.com\/blog\/a-la-une\/la-nouvelle-administration-trump-envisage-des-restrictions-de-voyage-massives-pour-de-nombreux-pays\/#article\",\"isPartOf\":{\"@id\":\"https:\/\/voyage-aventure.com\/blog\/a-la-une\/la-nouvelle-administration-trump-envisage-des-restrictions-de-voyage-massives-pour-de-nombreux-pays\/\"},\"author\":{\"name\":\"Camille Rouvray\",\"@id\":\"https:\/\/voyage-aventure.com\/blog\/#\/schema\/person\/3c864cdc320801e3db34b663e7e3f816\"},\"headline\":\"la nouvelle administration trump envisage des restrictions de voyage massives pour de nombreux pays\",\"datePublished\":\"2026-06-16T15:09:27+00:00\",\"mainEntityOfPage\":{\"@id\":\"https:\/\/voyage-aventure.com\/blog\/a-la-une\/la-nouvelle-administration-trump-envisage-des-restrictions-de-voyage-massives-pour-de-nombreux-pays\/\"},\"wordCount\":1182,\"commentCount\":18,\"publisher\":{\"@id\":\"https:\/\/voyage-aventure.com\/blog\/#organization\"},\"image\":{\"@id\":\"https:\/\/voyage-aventure.com\/blog\/a-la-une\/la-nouvelle-administration-trump-envisage-des-restrictions-de-voyage-massives-pour-de-nombreux-pays\/#primaryimage\"},\"thumbnailUrl\":\"https:\/\/voyage-aventure.com\/blog\/wp-content\/uploads\/2025\/05\/sdxl-5be3696dff7355bd25fdc50743abb730-scaled.png\",\"keywords\":[\"Pr\u00e9paration\",\"Protection\",\"Relations Internationales\",\"S\u00e9curit\u00e9\",\"Voyage\"],\"articleSection\":[\"\u00c0 la une\"],\"inLanguage\":\"fr-FR\",\"potentialAction\":[{\"@type\":\"CommentAction\",\"name\":\"Comment\",\"target\":[\"https:\/\/voyage-aventure.com\/blog\/a-la-une\/la-nouvelle-administration-trump-envisage-des-restrictions-de-voyage-massives-pour-de-nombreux-pays\/#respond\"]}]},{\"@type\":\"WebPage\",\"@id\":\"https:\/\/voyage-aventure.com\/blog\/a-la-une\/la-nouvelle-administration-trump-envisage-des-restrictions-de-voyage-massives-pour-de-nombreux-pays\/\",\"url\":\"https:\/\/voyage-aventure.com\/blog\/a-la-une\/la-nouvelle-administration-trump-envisage-des-restrictions-de-voyage-massives-pour-de-nombreux-pays\/\",\"name\":\"la nouvelle administration trump envisage des restrictions\",\"isPartOf\":{\"@id\":\"https:\/\/voyage-aventure.com\/blog\/#website\"},\"primaryImageOfPage\":{\"@id\":\"https:\/\/voyage-aventure.com\/blog\/a-la-une\/la-nouvelle-administration-trump-envisage-des-restrictions-de-voyage-massives-pour-de-nombreux-pays\/#primaryimage\"},\"image\":{\"@id\":\"https:\/\/voyage-aventure.com\/blog\/a-la-une\/la-nouvelle-administration-trump-envisage-des-restrictions-de-voyage-massives-pour-de-nombreux-pays\/#primaryimage\"},\"thumbnailUrl\":\"https:\/\/voyage-aventure.com\/blog\/wp-content\/uploads\/2025\/05\/sdxl-5be3696dff7355bd25fdc50743abb730-scaled.png\",\"datePublished\":\"2026-06-16T15:09:27+00:00\",\"description\":\"L'administration Trump \u00e9tudierait un dispositif de restrictions de voyage visant un large \u00e9ventail de pays. Selon un m\u00e9mo interne, jusqu'\u00e0 41 nations\",\"inLanguage\":\"fr-FR\",\"potentialAction\":[{\"@type\":\"ReadAction\",\"target\":[\"https:\/\/voyage-aventure.com\/blog\/a-la-une\/la-nouvelle-administration-trump-envisage-des-restrictions-de-voyage-massives-pour-de-nombreux-pays\/\"]}]},{\"@type\":\"ImageObject\",\"inLanguage\":\"fr-FR\",\"@id\":\"https:\/\/voyage-aventure.com\/blog\/a-la-une\/la-nouvelle-administration-trump-envisage-des-restrictions-de-voyage-massives-pour-de-nombreux-pays\/#primaryimage\",\"url\":\"https:\/\/voyage-aventure.com\/blog\/wp-content\/uploads\/2025\/05\/sdxl-5be3696dff7355bd25fdc50743abb730-scaled.png\",\"contentUrl\":\"https:\/\/voyage-aventure.com\/blog\/wp-content\/uploads\/2025\/05\/sdxl-5be3696dff7355bd25fdc50743abb730-scaled.png\",\"width\":1200,\"height\":500},{\"@type\":\"WebSite\",\"@id\":\"https:\/\/voyage-aventure.com\/blog\/#website\",\"url\":\"https:\/\/voyage-aventure.com\/blog\/\",\"name\":\"voyage-aventure.com\",\"description\":\"Votre passeport pour l\u2019inattendu.\",\"publisher\":{\"@id\":\"https:\/\/voyage-aventure.com\/blog\/#organization\"},\"alternateName\":\"Votre passeport pour l\u2019inattendu.\",\"potentialAction\":[{\"@type\":\"SearchAction\",\"target\":{\"@type\":\"EntryPoint\",\"urlTemplate\":\"https:\/\/voyage-aventure.com\/blog\/?s={search_term_string}\"},\"query-input\":{\"@type\":\"PropertyValueSpecification\",\"valueRequired\":true,\"valueName\":\"search_term_string\"}}],\"inLanguage\":\"fr-FR\"},{\"@type\":\"Organization\",\"@id\":\"https:\/\/voyage-aventure.com\/blog\/#organization\",\"name\":\"Foretsensations.fr\",\"url\":\"https:\/\/voyage-aventure.com\/blog\/\",\"logo\":{\"@type\":\"ImageObject\",\"inLanguage\":\"fr-FR\",\"@id\":\"https:\/\/voyage-aventure.com\/blog\/#\/schema\/logo\/image\/\",\"url\":\"https:\/\/voyage-aventure.com\/blog\/wp-content\/uploads\/2024\/12\/19.png\",\"contentUrl\":\"https:\/\/voyage-aventure.com\/blog\/wp-content\/uploads\/2024\/12\/19.png\",\"width\":512,\"height\":512,\"caption\":\"Foretsensations.fr\"},\"image\":{\"@id\":\"https:\/\/voyage-aventure.com\/blog\/#\/schema\/logo\/image\/\"}},{\"@type\":\"Person\",\"@id\":\"https:\/\/voyage-aventure.com\/blog\/#\/schema\/person\/3c864cdc320801e3db34b663e7e3f816\",\"name\":\"Camille Rouvray\",\"image\":{\"@type\":\"ImageObject\",\"inLanguage\":\"fr-FR\",\"@id\":\"https:\/\/voyage-aventure.com\/blog\/#\/schema\/person\/image\/\",\"url\":\"https:\/\/voyage-aventure.com\/blog\/wp-content\/uploads\/2026\/06\/persona_camille-r-96x96.jpg\",\"contentUrl\":\"https:\/\/voyage-aventure.com\/blog\/wp-content\/uploads\/2026\/06\/persona_camille-r-96x96.jpg\",\"caption\":\"Camille Rouvray\"},\"description\":\"Je voyage et j'\u00e9cris sur le voyage depuis une douzaine d'ann\u00e9es, d'abord en tant que routarde au long cours, puis comme r\u00e9dactrice sp\u00e9cialis\u00e9e. Mon terrain de pr\u00e9dilection, ce sont les circuits organis\u00e9s et l'art de bien pr\u00e9parer un itin\u00e9raire : choix de la saison, dur\u00e9e r\u00e9aliste des \u00e9tapes, budget jour par jour, logement et transport sur place. J'aime aussi raconter les p\u00e9pites urbaines, ces adresses qu'on ne trouve pas dans les guides classiques. Avant de publier un dossier destination, je croise toujours plusieurs sources, je v\u00e9rifie les tarifs et les formalit\u00e9s d'entr\u00e9e \u00e0 jour, et je teste moi-m\u00eame quand je le peux. Mon angle reste pratique avant tout : aider le lecteur \u00e0 partir l'esprit tranquille, sans mauvaise surprise une fois sur place. Je m'attache \u00e0 distinguer le coup de c\u0153ur sinc\u00e8re du simple argument marketing.\",\"sameAs\":[\"https:\/\/camillerouvray.fr\/\"],\"url\":\"https:\/\/voyage-aventure.com\/blog\/auteur\/noname\/\"}]}<\/script>\n<!-- \/ Yoast SEO Premium plugin. -->","yoast_head_json":{"title":"la nouvelle administration trump envisage des restrictions","description":"L'administration Trump \u00e9tudierait un dispositif de restrictions de voyage visant un large \u00e9ventail de pays. Selon un m\u00e9mo interne, jusqu'\u00e0 41 nations","robots":{"index":"index","follow":"follow","max-snippet":"max-snippet:-1","max-image-preview":"max-image-preview:large","max-video-preview":"max-video-preview:-1"},"canonical":"https:\/\/voyage-aventure.com\/blog\/a-la-une\/la-nouvelle-administration-trump-envisage-des-restrictions-de-voyage-massives-pour-de-nombreux-pays\/","og_locale":"fr_FR","og_type":"article","og_title":"la nouvelle administration trump envisage des restrictions","og_description":"L'administration Trump \u00e9tudierait un dispositif de restrictions de voyage visant un large \u00e9ventail de pays. Selon un m\u00e9mo interne, jusqu'\u00e0 41 nations","og_url":"https:\/\/voyage-aventure.com\/blog\/a-la-une\/la-nouvelle-administration-trump-envisage-des-restrictions-de-voyage-massives-pour-de-nombreux-pays\/","og_site_name":"voyage-aventure","og_image":[{"width":1200,"height":500,"url":"https:\/\/voyage-aventure.com\/blog\/wp-content\/uploads\/2025\/05\/sdxl-5be3696dff7355bd25fdc50743abb730-scaled.png","type":"image\/png"}],"author":"Camille Rouvray","twitter_card":"summary_large_image","schema":{"@context":"https:\/\/schema.org","@graph":[{"@type":"NewsArticle","@id":"https:\/\/voyage-aventure.com\/blog\/a-la-une\/la-nouvelle-administration-trump-envisage-des-restrictions-de-voyage-massives-pour-de-nombreux-pays\/#article","isPartOf":{"@id":"https:\/\/voyage-aventure.com\/blog\/a-la-une\/la-nouvelle-administration-trump-envisage-des-restrictions-de-voyage-massives-pour-de-nombreux-pays\/"},"author":{"name":"Camille Rouvray","@id":"https:\/\/voyage-aventure.com\/blog\/#\/schema\/person\/3c864cdc320801e3db34b663e7e3f816"},"headline":"la nouvelle administration trump envisage des restrictions de voyage massives pour de nombreux pays","datePublished":"2026-06-16T15:09:27+00:00","mainEntityOfPage":{"@id":"https:\/\/voyage-aventure.com\/blog\/a-la-une\/la-nouvelle-administration-trump-envisage-des-restrictions-de-voyage-massives-pour-de-nombreux-pays\/"},"wordCount":1182,"commentCount":18,"publisher":{"@id":"https:\/\/voyage-aventure.com\/blog\/#organization"},"image":{"@id":"https:\/\/voyage-aventure.com\/blog\/a-la-une\/la-nouvelle-administration-trump-envisage-des-restrictions-de-voyage-massives-pour-de-nombreux-pays\/#primaryimage"},"thumbnailUrl":"https:\/\/voyage-aventure.com\/blog\/wp-content\/uploads\/2025\/05\/sdxl-5be3696dff7355bd25fdc50743abb730-scaled.png","keywords":["Pr\u00e9paration","Protection","Relations Internationales","S\u00e9curit\u00e9","Voyage"],"articleSection":["\u00c0 la une"],"inLanguage":"fr-FR","potentialAction":[{"@type":"CommentAction","name":"Comment","target":["https:\/\/voyage-aventure.com\/blog\/a-la-une\/la-nouvelle-administration-trump-envisage-des-restrictions-de-voyage-massives-pour-de-nombreux-pays\/#respond"]}]},{"@type":"WebPage","@id":"https:\/\/voyage-aventure.com\/blog\/a-la-une\/la-nouvelle-administration-trump-envisage-des-restrictions-de-voyage-massives-pour-de-nombreux-pays\/","url":"https:\/\/voyage-aventure.com\/blog\/a-la-une\/la-nouvelle-administration-trump-envisage-des-restrictions-de-voyage-massives-pour-de-nombreux-pays\/","name":"la nouvelle administration trump envisage des restrictions","isPartOf":{"@id":"https:\/\/voyage-aventure.com\/blog\/#website"},"primaryImageOfPage":{"@id":"https:\/\/voyage-aventure.com\/blog\/a-la-une\/la-nouvelle-administration-trump-envisage-des-restrictions-de-voyage-massives-pour-de-nombreux-pays\/#primaryimage"},"image":{"@id":"https:\/\/voyage-aventure.com\/blog\/a-la-une\/la-nouvelle-administration-trump-envisage-des-restrictions-de-voyage-massives-pour-de-nombreux-pays\/#primaryimage"},"thumbnailUrl":"https:\/\/voyage-aventure.com\/blog\/wp-content\/uploads\/2025\/05\/sdxl-5be3696dff7355bd25fdc50743abb730-scaled.png","datePublished":"2026-06-16T15:09:27+00:00","description":"L'administration Trump \u00e9tudierait un dispositif de restrictions de voyage visant un large \u00e9ventail de pays. Selon un m\u00e9mo interne, jusqu'\u00e0 41 nations","inLanguage":"fr-FR","potentialAction":[{"@type":"ReadAction","target":["https:\/\/voyage-aventure.com\/blog\/a-la-une\/la-nouvelle-administration-trump-envisage-des-restrictions-de-voyage-massives-pour-de-nombreux-pays\/"]}]},{"@type":"ImageObject","inLanguage":"fr-FR","@id":"https:\/\/voyage-aventure.com\/blog\/a-la-une\/la-nouvelle-administration-trump-envisage-des-restrictions-de-voyage-massives-pour-de-nombreux-pays\/#primaryimage","url":"https:\/\/voyage-aventure.com\/blog\/wp-content\/uploads\/2025\/05\/sdxl-5be3696dff7355bd25fdc50743abb730-scaled.png","contentUrl":"https:\/\/voyage-aventure.com\/blog\/wp-content\/uploads\/2025\/05\/sdxl-5be3696dff7355bd25fdc50743abb730-scaled.png","width":1200,"height":500},{"@type":"WebSite","@id":"https:\/\/voyage-aventure.com\/blog\/#website","url":"https:\/\/voyage-aventure.com\/blog\/","name":"voyage-aventure.com","description":"Votre passeport pour l\u2019inattendu.","publisher":{"@id":"https:\/\/voyage-aventure.com\/blog\/#organization"},"alternateName":"Votre passeport pour l\u2019inattendu.","potentialAction":[{"@type":"SearchAction","target":{"@type":"EntryPoint","urlTemplate":"https:\/\/voyage-aventure.com\/blog\/?s={search_term_string}"},"query-input":{"@type":"PropertyValueSpecification","valueRequired":true,"valueName":"search_term_string"}}],"inLanguage":"fr-FR"},{"@type":"Organization","@id":"https:\/\/voyage-aventure.com\/blog\/#organization","name":"Foretsensations.fr","url":"https:\/\/voyage-aventure.com\/blog\/","logo":{"@type":"ImageObject","inLanguage":"fr-FR","@id":"https:\/\/voyage-aventure.com\/blog\/#\/schema\/logo\/image\/","url":"https:\/\/voyage-aventure.com\/blog\/wp-content\/uploads\/2024\/12\/19.png","contentUrl":"https:\/\/voyage-aventure.com\/blog\/wp-content\/uploads\/2024\/12\/19.png","width":512,"height":512,"caption":"Foretsensations.fr"},"image":{"@id":"https:\/\/voyage-aventure.com\/blog\/#\/schema\/logo\/image\/"}},{"@type":"Person","@id":"https:\/\/voyage-aventure.com\/blog\/#\/schema\/person\/3c864cdc320801e3db34b663e7e3f816","name":"Camille Rouvray","image":{"@type":"ImageObject","inLanguage":"fr-FR","@id":"https:\/\/voyage-aventure.com\/blog\/#\/schema\/person\/image\/","url":"https:\/\/voyage-aventure.com\/blog\/wp-content\/uploads\/2026\/06\/persona_camille-r-96x96.jpg","contentUrl":"https:\/\/voyage-aventure.com\/blog\/wp-content\/uploads\/2026\/06\/persona_camille-r-96x96.jpg","caption":"Camille Rouvray"},"description":"Je voyage et j'\u00e9cris sur le voyage depuis une douzaine d'ann\u00e9es, d'abord en tant que routarde au long cours, puis comme r\u00e9dactrice sp\u00e9cialis\u00e9e. Mon terrain de pr\u00e9dilection, ce sont les circuits organis\u00e9s et l'art de bien pr\u00e9parer un itin\u00e9raire : choix de la saison, dur\u00e9e r\u00e9aliste des \u00e9tapes, budget jour par jour, logement et transport sur place. J'aime aussi raconter les p\u00e9pites urbaines, ces adresses qu'on ne trouve pas dans les guides classiques. Avant de publier un dossier destination, je croise toujours plusieurs sources, je v\u00e9rifie les tarifs et les formalit\u00e9s d'entr\u00e9e \u00e0 jour, et je teste moi-m\u00eame quand je le peux. Mon angle reste pratique avant tout : aider le lecteur \u00e0 partir l'esprit tranquille, sans mauvaise surprise une fois sur place. Je m'attache \u00e0 distinguer le coup de c\u0153ur sinc\u00e8re du simple argument marketing.","sameAs":["https:\/\/camillerouvray.fr\/"],"url":"https:\/\/voyage-aventure.com\/blog\/auteur\/noname\/"}]}},"_links":{"self":[{"href":"https:\/\/voyage-aventure.com\/blog\/wp-json\/wp\/v2\/posts\/15007","targetHints":{"allow":["GET"]}}],"collection":[{"href":"https:\/\/voyage-aventure.com\/blog\/wp-json\/wp\/v2\/posts"}],"about":[{"href":"https:\/\/voyage-aventure.com\/blog\/wp-json\/wp\/v2\/types\/post"}],"author":[{"embeddable":true,"href":"https:\/\/voyage-aventure.com\/blog\/wp-json\/wp\/v2\/users\/34"}],"replies":[{"embeddable":true,"href":"https:\/\/voyage-aventure.com\/blog\/wp-json\/wp\/v2\/comments?post=15007"}],"version-history":[{"count":3,"href":"https:\/\/voyage-aventure.com\/blog\/wp-json\/wp\/v2\/posts\/15007\/revisions"}],"predecessor-version":[{"id":22779,"href":"https:\/\/voyage-aventure.com\/blog\/wp-json\/wp\/v2\/posts\/15007\/revisions\/22779"}],"wp:featuredmedia":[{"embeddable":true,"href":"https:\/\/voyage-aventure.com\/blog\/wp-json\/wp\/v2\/media\/19866"}],"wp:attachment":[{"href":"https:\/\/voyage-aventure.com\/blog\/wp-json\/wp\/v2\/media?parent=15007"}],"wp:term":[{"taxonomy":"category","embeddable":true,"href":"https:\/\/voyage-aventure.com\/blog\/wp-json\/wp\/v2\/categories?post=15007"},{"taxonomy":"post_tag","embeddable":true,"href":"https:\/\/voyage-aventure.com\/blog\/wp-json\/wp\/v2\/tags?post=15007"}],"curies":[{"name":"wp","href":"https:\/\/api.w.org\/{rel}","templated":true}]}}