{"id":15005,"date":"2026-06-16T17:09:18","date_gmt":"2026-06-16T15:09:18","guid":{"rendered":"https:\/\/voyage-aventure.com\/blog\/?p=15005"},"modified":"2026-06-16T17:09:18","modified_gmt":"2026-06-16T15:09:18","slug":"une-nouvelle-interdiction-de-voyager-quelles-consequences-pour-les-pays-africains","status":"publish","type":"post","link":"https:\/\/voyage-aventure.com\/blog\/a-la-une\/une-nouvelle-interdiction-de-voyager-quelles-consequences-pour-les-pays-africains\/","title":{"rendered":"Une nouvelle interdiction de voyager : quelles cons\u00e9quences pour les pays africains ?"},"content":{"rendered":"<link rel=\"preconnect\" href=\"https:\/\/fonts.googleapis.com\"><link rel=\"preconnect\" href=\"https:\/\/fonts.gstatic.com\" crossorigin><link href=\"https:\/\/fonts.googleapis.com\/css2?family=Newsreader:ital,opsz,wght@0,6..72,500..700;1,6..72,500..600&#038;family=Inter:wght@400;500;600&#038;family=JetBrains+Mono:wght@500&#038;display=swap\" rel=\"stylesheet\">\n<style>\n.va-banafrique-art{font-family:'Inter',-apple-system,BlinkMacSystemFont,'Segoe UI',sans-serif;color:#23272e;line-height:1.65;font-size:17px}\n.va-banafrique-art h2{font-family:'Newsreader',Georgia,serif;font-weight:700;font-size:clamp(24px,3.2vw,33px);letter-spacing:-.01em;color:#161a20;margin:46px 0 16px;line-height:1.2}\n.va-banafrique-art p{margin:0 0 18px}\n.va-banafrique-dateline{font-family:'JetBrains Mono',ui-monospace,monospace;font-weight:500;font-size:12.5px;letter-spacing:.08em;text-transform:uppercase;color:#9a3324;margin:0 0 14px}\n.va-banafrique-lead{font-family:'Newsreader',Georgia,serif;font-size:clamp(19px,2.4vw,22px);font-style:italic;line-height:1.5;color:#3a3f47;margin:0 0 30px;border-left:4px solid #9a3324;padding-left:20px}\n.va-banafrique-essentiel{background:#fbf6f3;border:1px solid #ecd9d1;border-left:5px solid #9a3324;border-radius:10px;padding:24px 26px 20px;margin:30px 0;box-shadow:0 1px 2px rgba(16,24,40,.05),0 12px 28px -18px rgba(16,24,40,.18)}\n.va-banafrique-essentiel .va-banafrique-kicker{font-family:'JetBrains Mono',monospace;font-weight:500;font-size:11.5px;letter-spacing:.12em;text-transform:uppercase;color:#9a3324;display:block;margin-bottom:14px}\n.va-banafrique-essentiel ul{margin:0;padding:0;list-style:none}\n.va-banafrique-essentiel li{position:relative;padding:8px 0 8px 26px;border-bottom:1px solid #f0e4de;font-size:16.5px}\n.va-banafrique-essentiel li:last-child{border-bottom:none}\n.va-banafrique-essentiel li::before{content:\"\u2192\";position:absolute;left:0;top:8px;color:#9a3324;font-weight:700}\n.va-banafrique-essentiel li b{font-family:'JetBrains Mono',monospace;font-weight:500;font-size:11px;letter-spacing:.06em;text-transform:uppercase;color:#7a2c1c;display:block;margin-bottom:2px}\n.va-banafrique-quote{font-family:'Newsreader',Georgia,serif;font-style:italic;font-size:clamp(20px,2.6vw,25px);line-height:1.45;color:#161a20;text-align:center;max-width:660px;margin:40px auto;padding:26px 24px;border-top:1px solid #d9c4bc;border-bottom:1px solid #d9c4bc;position:relative}\n.va-banafrique-quote .va-banafrique-cite{display:block;margin-top:14px;font-family:'JetBrains Mono',monospace;font-style:normal;font-size:12px;letter-spacing:.06em;text-transform:uppercase;color:#9a3324}\n.va-banafrique-pays{display:grid;grid-template-columns:repeat(auto-fit,minmax(180px,1fr));gap:14px;margin:28px 0}\n.va-banafrique-pays .va-banafrique-pc{background:#fff;border:1px solid #e7e2dd;border-top:3px solid #9a3324;border-radius:8px;padding:16px 18px;font-family:'Newsreader',Georgia,serif;font-weight:600;font-size:18px;color:#161a20;transition:.25s ease}\n.va-banafrique-pays .va-banafrique-pc:hover{transform:translateY(-3px);box-shadow:0 10px 24px -14px rgba(16,24,40,.28);border-color:#9a3324}\n.va-banafrique-retenir{background:#161a20;color:#eef0f2;border-radius:12px;padding:26px 30px 22px;margin:40px 0}\n.va-banafrique-retenir .va-banafrique-kicker{font-family:'JetBrains Mono',monospace;font-weight:500;font-size:11.5px;letter-spacing:.12em;text-transform:uppercase;color:#e89a86;display:block;margin-bottom:14px}\n.va-banafrique-retenir ul{margin:0;padding:0;list-style:none}\n.va-banafrique-retenir li{position:relative;padding:7px 0 7px 24px;font-size:16px;line-height:1.55;border-bottom:1px solid #2a2f37}\n.va-banafrique-retenir li:last-child{border-bottom:none}\n.va-banafrique-retenir li::before{content:\"\u2022\";position:absolute;left:4px;top:6px;color:#e89a86;font-size:18px}\n.va-banafrique-note{background:#fbf6f3;border:1px solid #ecd9d1;border-left:4px solid #b8654f;border-radius:8px;padding:16px 20px;margin:34px 0;font-size:15px;color:#5a4640}\n.va-banafrique-note b{color:#7a2c1c}\n.va-banafrique-faq{margin:36px 0}\n.va-banafrique-faq details{border:1px solid #e7e2dd;border-radius:8px;margin-bottom:12px;background:#fff;transition:.25s ease}\n.va-banafrique-faq details[open]{border-color:#9a3324;box-shadow:0 10px 24px -16px rgba(16,24,40,.22)}\n.va-banafrique-faq summary{cursor:pointer;list-style:none;padding:16px 20px;font-family:'Newsreader',Georgia,serif;font-weight:600;font-size:18px;color:#161a20;position:relative;padding-right:42px}\n.va-banafrique-faq summary::-webkit-details-marker{display:none}\n.va-banafrique-faq summary::after{content:\"+\";position:absolute;right:20px;top:14px;color:#9a3324;font-size:22px;font-weight:600;transition:.25s ease}\n.va-banafrique-faq details[open] summary::after{transform:rotate(45deg)}\n.va-banafrique-faq .va-banafrique-ans{padding:0 20px 18px;font-size:16px;line-height:1.6;color:#3a3f47}\n\/*RENDERFIX2*\/.va-banafrique-retenir{color:#eef3f9!important}.va-banafrique-retenir p,.va-banafrique-retenir li,.va-banafrique-retenir strong,.va-banafrique-retenir em,.va-banafrique-retenir a,.va-banafrique-retenir span,.va-banafrique-retenir b,.va-banafrique-retenir td,.va-banafrique-retenir th,.va-banafrique-retenir h2,.va-banafrique-retenir h3,.va-banafrique-retenir h4{color:#eef3f9!important}.va-banafrique-retenir strong,.va-banafrique-retenir b{color:#ffffff!important}<\/style>\n<div class=\"va-banafrique-art\">\n<div class=\"va-banafrique-dateline\">Actualit\u00e9 \u00b7 16 mars 2025 \u00b7 Politique migratoire<\/div>\n<p class=\"va-banafrique-lead\">Une nouvelle interdiction de voyager envisag\u00e9e par l&rsquo;administration am\u00e9ricaine pourrait concerner plusieurs pays, dont des nations africaines. Voici ce que l&rsquo;on sait \u00e0 ce stade et ce que cela pourrait changer pour les d\u00e9placements.<\/p>\n<div class=\"va-banafrique-essentiel\">\n<span class=\"va-banafrique-kicker\">L&rsquo;essentiel<\/span><\/p>\n<ul>\n<li><b>Quoi<\/b>Une interdiction de voyager est \u00e0 l&rsquo;\u00e9tude, susceptible de toucher plusieurs pays, y compris africains, pour des motifs invoqu\u00e9s de s\u00e9curit\u00e9 nationale.<\/li>\n<li><b>Qui \u00b7 quand<\/b>L&rsquo;administration Trump, selon des sources proches du dossier ; situation rapport\u00e9e en mars 2025, la liste pr\u00e9cise des pays n&rsquo;\u00e9tant pas encore publi\u00e9e.<\/li>\n<li><b>Pourquoi \u00e7a compte<\/b>D\u00e9placements professionnels, touristiques et familiaux potentiellement entrav\u00e9s, et tensions diplomatiques et \u00e9conomiques accrues.<\/li>\n<\/ul>\n<\/div>\n<h2>Une interdiction de voyager en gestation<\/h2>\n<p>L&rsquo;administration Trump envisage une nouvelle interdiction de voyager qui pourrait toucher plusieurs pays, y compris des nations africaines. Cette d\u00e9cision, qui suscite d\u00e9j\u00e0 des inqui\u00e9tudes, pourrait avoir des r\u00e9percussions significatives sur les relations internationales et les \u00e9changes culturels. Les sources proches du dossier affirment que cette initiative est motiv\u00e9e par des pr\u00e9occupations de s\u00e9curit\u00e9 nationale.<\/p>\n<p>Les pays cibl\u00e9s par cette interdiction potentielle sont encore en discussion, mais les implications d&rsquo;une telle mesure sont ind\u00e9niables. Des millions de citoyens pourraient \u00eatre affect\u00e9s, ce qui pourrait entraver les d\u00e9placements professionnels, touristiques et familiaux. De plus, une telle mesure pourrait exacerber les tensions entre les \u00c9tats-Unis et certains pays africains.<\/p>\n<h2>R\u00e9actions et implications politiques<\/h2>\n<p>La r\u00e9action \u00e0 cette annonce a \u00e9t\u00e9 vari\u00e9e, allant de l&rsquo;inqui\u00e9tude \u00e0 la col\u00e8re parmi les gouvernements africains. Les dirigeants politiques craignent que cette interdiction ne renforce les st\u00e9r\u00e9otypes n\u00e9gatifs \u00e0 l&rsquo;\u00e9gard de l&rsquo;Afrique et ne favorise un climat de m\u00e9fiance. Un \u00e9ventuel boycott de produits am\u00e9ricains pourrait \u00eatre envisag\u00e9 en r\u00e9ponse \u00e0 cette mesure.<\/p>\n<p>Les organisations de d\u00e9fense des droits humains s&rsquo;opposent \u00e9galement \u00e0 cette interdiction, la qualifiant de discrimination injuste. Les cons\u00e9quences d&rsquo;une telle politique pourraient \u00e9galement se faire sentir sur le plan \u00e9conomique, alors que les \u00e9changes commerciaux entre les pays pourraient en souffrir.<\/p>\n<div class=\"va-banafrique-quote\">\n\u00ab Une telle d\u00e9cision ne fait qu&rsquo;alimenter les pr\u00e9jug\u00e9s et la stigmatisation \u00bb<br \/>\n<span class=\"va-banafrique-cite\">Un repr\u00e9sentant d&rsquo;une ONG internationale<\/span>\n<\/div>\n<p><iframe loading=\"lazy\" title=\"Voici Pourquoi Vous Ne Devez Jamais Faire De Piercing !\ud83d\ude31\" width=\"1200\" height=\"675\" src=\"https:\/\/www.youtube.com\/embed\/2grH3e2-LxA?feature=oembed\" frameborder=\"0\" allow=\"accelerometer; autoplay; clipboard-write; encrypted-media; gyroscope; picture-in-picture; web-share\" referrerpolicy=\"strict-origin-when-cross-origin\" allowfullscreen><\/iframe><\/p>\n<h2>Les pays africains dans la ligne de mire<\/h2>\n<p>Il est essentiel de s&rsquo;interroger sur les pays africains qui pourraient \u00eatre affect\u00e9s par cette interdiction. Bien que la liste pr\u00e9cise n&rsquo;ait pas encore \u00e9t\u00e9 publi\u00e9e, certaines nations sont souvent mentionn\u00e9es dans le contexte de pr\u00e9occupations s\u00e9curitaires. Cela soul\u00e8ve des questions sur la mani\u00e8re dont ces pays sont per\u00e7us par l&rsquo;administration am\u00e9ricaine.<\/p>\n<p>Voici une liste de certains pays africains fr\u00e9quemment cit\u00e9s dans ce d\u00e9bat :<\/p>\n<div class=\"va-banafrique-pays\">\n<div class=\"va-banafrique-pc\">Somalie<\/div>\n<div class=\"va-banafrique-pc\">Soudan<\/div>\n<div class=\"va-banafrique-pc\">Libye<\/div>\n<div class=\"va-banafrique-pc\">Zimbabwe<\/div>\n<div class=\"va-banafrique-pc\">R\u00e9publique d\u00e9mocratique du Congo<\/div>\n<\/div>\n<p>Les discussions autour de cette question soulignent l&rsquo;importance d&rsquo;une approche \u00e9quilibr\u00e9e et nuanc\u00e9e des relations internationales. Les pays africains, tout en faisant face \u00e0 des d\u00e9fis, ont aussi beaucoup \u00e0 offrir en termes de culture, d&rsquo;innovation et de r\u00e9silience.<\/p>\n<p>La mise en \u0153uvre d&rsquo;une interdiction de voyager pourrait non seulement cr\u00e9er des divisions, mais aussi priver les \u00c9tats-Unis d&rsquo;opportunit\u00e9s d&rsquo;apprentissage et d&rsquo;\u00e9changes enrichissants. Les enjeux sont donc bien plus vastes que la simple question de la s\u00e9curit\u00e9 nationale.<\/p>\n<div class=\"va-banafrique-retenir\">\n<span class=\"va-banafrique-kicker\">\u00c0 retenir<\/span><\/p>\n<ul>\n<li>Une interdiction de voyager visant plusieurs pays, dont des nations africaines, est \u00e0 l&rsquo;\u00e9tude, invoqu\u00e9e au nom de la s\u00e9curit\u00e9 nationale.<\/li>\n<li>La liste d\u00e9finitive des pays concern\u00e9s n&rsquo;a pas \u00e9t\u00e9 publi\u00e9e ; les noms \u00e9voqu\u00e9s dans le d\u00e9bat restent indicatifs.<\/li>\n<li>Une telle mesure aurait des r\u00e9percussions sur les d\u00e9placements et sur les relations diplomatiques et commerciales.<\/li>\n<\/ul>\n<\/div>\n<div class=\"va-banafrique-note\"><b>Bon \u00e0 savoir \u2014<\/b> Les r\u00e8gles d&rsquo;entr\u00e9e et de visa peuvent \u00e9voluer rapidement. Avant tout projet de voyage, v\u00e9rifiez toujours les conditions en vigueur aupr\u00e8s des sources officielles (ambassades, consulats, autorit\u00e9s d&rsquo;immigration du pays concern\u00e9).<\/div>\n<div class=\"va-banafrique-faq\">\n<details>\n<summary>Quels pays africains seraient concern\u00e9s par cette interdiction ?<\/summary>\n<div class=\"va-banafrique-ans\">La liste pr\u00e9cise n&rsquo;avait pas \u00e9t\u00e9 publi\u00e9e \u00e0 la date de cet article. Plusieurs nations sont mentionn\u00e9es dans le d\u00e9bat \u2014 Somalie, Soudan, Libye, Zimbabwe et R\u00e9publique d\u00e9mocratique du Congo \u2014 mais ces noms restent indicatifs tant qu&rsquo;aucune liste officielle n&rsquo;est confirm\u00e9e.<\/div>\n<\/details>\n<details>\n<summary>Quel motif est avanc\u00e9 pour cette mesure ?<\/summary>\n<div class=\"va-banafrique-ans\">Selon des sources proches du dossier, l&rsquo;initiative est pr\u00e9sent\u00e9e comme motiv\u00e9e par des pr\u00e9occupations de s\u00e9curit\u00e9 nationale.<\/div>\n<\/details>\n<details>\n<summary>Quelles cons\u00e9quences pour les voyageurs ?<\/summary>\n<div class=\"va-banafrique-ans\">Une telle interdiction pourrait entraver les d\u00e9placements professionnels, touristiques et familiaux de millions de personnes, et peser sur les relations diplomatiques et commerciales. En pratique, mieux vaut v\u00e9rifier les conditions d&rsquo;entr\u00e9e \u00e0 jour aupr\u00e8s des sources officielles avant d&rsquo;organiser un voyage.<\/div>\n<\/details>\n<\/div>\n<\/div>\n","protected":false},"excerpt":{"rendered":"","protected":false},"author":34,"featured_media":20436,"comment_status":"open","ping_status":"open","sticky":false,"template":"","format":"standard","meta":{"_acf_changed":false,"manual_indexmenow":false,"indexmenow_id_project":0,"footnotes":""},"categories":[1],"tags":[4527,4385,5688,3170,4635],"class_list":["post-15005","post","type-post","status-publish","format-standard","has-post-thumbnail","hentry","category-a-la-une","tag-decouverte-culturelle","tag-pratiques-durables","tag-relations-internationales","tag-securite","tag-voyage","generate-columns","tablet-grid-50","mobile-grid-100","grid-parent","grid-25"],"acf":[],"yoast_head":"<!-- This site is optimized with the Yoast SEO Premium plugin v21.3 (Yoast SEO v25.1) - https:\/\/yoast.com\/wordpress\/plugins\/seo\/ -->\n<title>Une nouvelle interdiction de voyager : quelles cons\u00e9quences<\/title>\n<meta name=\"description\" content=\"Une nouvelle interdiction de voyager envisag\u00e9e par l&#039;administration am\u00e9ricaine pourrait concerner plusieurs pays, dont des nations africaines. Voici ce\" \/>\n<meta name=\"robots\" content=\"index, follow, max-snippet:-1, max-image-preview:large, max-video-preview:-1\" \/>\n<link rel=\"canonical\" href=\"https:\/\/voyage-aventure.com\/blog\/a-la-une\/une-nouvelle-interdiction-de-voyager-quelles-consequences-pour-les-pays-africains\/\" \/>\n<meta property=\"og:locale\" content=\"fr_FR\" \/>\n<meta property=\"og:type\" content=\"article\" \/>\n<meta property=\"og:title\" content=\"Une nouvelle interdiction de voyager : quelles cons\u00e9quences\" \/>\n<meta property=\"og:description\" content=\"Une nouvelle interdiction de voyager envisag\u00e9e par l&#039;administration am\u00e9ricaine pourrait concerner plusieurs pays, dont des nations africaines. Voici ce\" \/>\n<meta property=\"og:url\" content=\"https:\/\/voyage-aventure.com\/blog\/a-la-une\/une-nouvelle-interdiction-de-voyager-quelles-consequences-pour-les-pays-africains\/\" \/>\n<meta property=\"og:site_name\" content=\"voyage-aventure\" \/>\n<meta property=\"og:image\" content=\"https:\/\/voyage-aventure.com\/blog\/wp-content\/uploads\/2025\/05\/sdxl-c9261414a12da56fc4c9563887c45dd9-scaled.png\" \/>\n\t<meta property=\"og:image:width\" content=\"1200\" \/>\n\t<meta property=\"og:image:height\" content=\"500\" \/>\n\t<meta property=\"og:image:type\" content=\"image\/png\" \/>\n<meta name=\"author\" content=\"Camille Rouvray\" \/>\n<meta name=\"twitter:card\" content=\"summary_large_image\" \/>\n<script type=\"application\/ld+json\" class=\"yoast-schema-graph\">{\"@context\":\"https:\/\/schema.org\",\"@graph\":[{\"@type\":\"NewsArticle\",\"@id\":\"https:\/\/voyage-aventure.com\/blog\/a-la-une\/une-nouvelle-interdiction-de-voyager-quelles-consequences-pour-les-pays-africains\/#article\",\"isPartOf\":{\"@id\":\"https:\/\/voyage-aventure.com\/blog\/a-la-une\/une-nouvelle-interdiction-de-voyager-quelles-consequences-pour-les-pays-africains\/\"},\"author\":{\"name\":\"Camille Rouvray\",\"@id\":\"https:\/\/voyage-aventure.com\/blog\/#\/schema\/person\/3c864cdc320801e3db34b663e7e3f816\"},\"headline\":\"Une nouvelle interdiction de voyager : quelles cons\u00e9quences pour les pays africains ?\",\"datePublished\":\"2026-06-16T15:09:18+00:00\",\"mainEntityOfPage\":{\"@id\":\"https:\/\/voyage-aventure.com\/blog\/a-la-une\/une-nouvelle-interdiction-de-voyager-quelles-consequences-pour-les-pays-africains\/\"},\"wordCount\":826,\"commentCount\":21,\"publisher\":{\"@id\":\"https:\/\/voyage-aventure.com\/blog\/#organization\"},\"image\":{\"@id\":\"https:\/\/voyage-aventure.com\/blog\/a-la-une\/une-nouvelle-interdiction-de-voyager-quelles-consequences-pour-les-pays-africains\/#primaryimage\"},\"thumbnailUrl\":\"https:\/\/voyage-aventure.com\/blog\/wp-content\/uploads\/2025\/05\/sdxl-c9261414a12da56fc4c9563887c45dd9-scaled.png\",\"keywords\":[\"D\u00e9couverte Culturelle\",\"Pratiques Durables\",\"Relations Internationales\",\"S\u00e9curit\u00e9\",\"Voyage\"],\"articleSection\":[\"\u00c0 la une\"],\"inLanguage\":\"fr-FR\",\"potentialAction\":[{\"@type\":\"CommentAction\",\"name\":\"Comment\",\"target\":[\"https:\/\/voyage-aventure.com\/blog\/a-la-une\/une-nouvelle-interdiction-de-voyager-quelles-consequences-pour-les-pays-africains\/#respond\"]}]},{\"@type\":\"WebPage\",\"@id\":\"https:\/\/voyage-aventure.com\/blog\/a-la-une\/une-nouvelle-interdiction-de-voyager-quelles-consequences-pour-les-pays-africains\/\",\"url\":\"https:\/\/voyage-aventure.com\/blog\/a-la-une\/une-nouvelle-interdiction-de-voyager-quelles-consequences-pour-les-pays-africains\/\",\"name\":\"Une nouvelle interdiction de voyager : quelles cons\u00e9quences\",\"isPartOf\":{\"@id\":\"https:\/\/voyage-aventure.com\/blog\/#website\"},\"primaryImageOfPage\":{\"@id\":\"https:\/\/voyage-aventure.com\/blog\/a-la-une\/une-nouvelle-interdiction-de-voyager-quelles-consequences-pour-les-pays-africains\/#primaryimage\"},\"image\":{\"@id\":\"https:\/\/voyage-aventure.com\/blog\/a-la-une\/une-nouvelle-interdiction-de-voyager-quelles-consequences-pour-les-pays-africains\/#primaryimage\"},\"thumbnailUrl\":\"https:\/\/voyage-aventure.com\/blog\/wp-content\/uploads\/2025\/05\/sdxl-c9261414a12da56fc4c9563887c45dd9-scaled.png\",\"datePublished\":\"2026-06-16T15:09:18+00:00\",\"description\":\"Une nouvelle interdiction de voyager envisag\u00e9e par l'administration am\u00e9ricaine pourrait concerner plusieurs pays, dont des nations africaines. Voici ce\",\"inLanguage\":\"fr-FR\",\"potentialAction\":[{\"@type\":\"ReadAction\",\"target\":[\"https:\/\/voyage-aventure.com\/blog\/a-la-une\/une-nouvelle-interdiction-de-voyager-quelles-consequences-pour-les-pays-africains\/\"]}]},{\"@type\":\"ImageObject\",\"inLanguage\":\"fr-FR\",\"@id\":\"https:\/\/voyage-aventure.com\/blog\/a-la-une\/une-nouvelle-interdiction-de-voyager-quelles-consequences-pour-les-pays-africains\/#primaryimage\",\"url\":\"https:\/\/voyage-aventure.com\/blog\/wp-content\/uploads\/2025\/05\/sdxl-c9261414a12da56fc4c9563887c45dd9-scaled.png\",\"contentUrl\":\"https:\/\/voyage-aventure.com\/blog\/wp-content\/uploads\/2025\/05\/sdxl-c9261414a12da56fc4c9563887c45dd9-scaled.png\",\"width\":1200,\"height\":500},{\"@type\":\"WebSite\",\"@id\":\"https:\/\/voyage-aventure.com\/blog\/#website\",\"url\":\"https:\/\/voyage-aventure.com\/blog\/\",\"name\":\"voyage-aventure.com\",\"description\":\"Votre passeport pour l\u2019inattendu.\",\"publisher\":{\"@id\":\"https:\/\/voyage-aventure.com\/blog\/#organization\"},\"alternateName\":\"Votre passeport pour l\u2019inattendu.\",\"potentialAction\":[{\"@type\":\"SearchAction\",\"target\":{\"@type\":\"EntryPoint\",\"urlTemplate\":\"https:\/\/voyage-aventure.com\/blog\/?s={search_term_string}\"},\"query-input\":{\"@type\":\"PropertyValueSpecification\",\"valueRequired\":true,\"valueName\":\"search_term_string\"}}],\"inLanguage\":\"fr-FR\"},{\"@type\":\"Organization\",\"@id\":\"https:\/\/voyage-aventure.com\/blog\/#organization\",\"name\":\"Foretsensations.fr\",\"url\":\"https:\/\/voyage-aventure.com\/blog\/\",\"logo\":{\"@type\":\"ImageObject\",\"inLanguage\":\"fr-FR\",\"@id\":\"https:\/\/voyage-aventure.com\/blog\/#\/schema\/logo\/image\/\",\"url\":\"https:\/\/voyage-aventure.com\/blog\/wp-content\/uploads\/2024\/12\/19.png\",\"contentUrl\":\"https:\/\/voyage-aventure.com\/blog\/wp-content\/uploads\/2024\/12\/19.png\",\"width\":512,\"height\":512,\"caption\":\"Foretsensations.fr\"},\"image\":{\"@id\":\"https:\/\/voyage-aventure.com\/blog\/#\/schema\/logo\/image\/\"}},{\"@type\":\"Person\",\"@id\":\"https:\/\/voyage-aventure.com\/blog\/#\/schema\/person\/3c864cdc320801e3db34b663e7e3f816\",\"name\":\"Camille Rouvray\",\"image\":{\"@type\":\"ImageObject\",\"inLanguage\":\"fr-FR\",\"@id\":\"https:\/\/voyage-aventure.com\/blog\/#\/schema\/person\/image\/\",\"url\":\"https:\/\/voyage-aventure.com\/blog\/wp-content\/uploads\/2026\/06\/persona_camille-r-96x96.jpg\",\"contentUrl\":\"https:\/\/voyage-aventure.com\/blog\/wp-content\/uploads\/2026\/06\/persona_camille-r-96x96.jpg\",\"caption\":\"Camille Rouvray\"},\"description\":\"Je voyage et j'\u00e9cris sur le voyage depuis une douzaine d'ann\u00e9es, d'abord en tant que routarde au long cours, puis comme r\u00e9dactrice sp\u00e9cialis\u00e9e. Mon terrain de pr\u00e9dilection, ce sont les circuits organis\u00e9s et l'art de bien pr\u00e9parer un itin\u00e9raire : choix de la saison, dur\u00e9e r\u00e9aliste des \u00e9tapes, budget jour par jour, logement et transport sur place. J'aime aussi raconter les p\u00e9pites urbaines, ces adresses qu'on ne trouve pas dans les guides classiques. Avant de publier un dossier destination, je croise toujours plusieurs sources, je v\u00e9rifie les tarifs et les formalit\u00e9s d'entr\u00e9e \u00e0 jour, et je teste moi-m\u00eame quand je le peux. Mon angle reste pratique avant tout : aider le lecteur \u00e0 partir l'esprit tranquille, sans mauvaise surprise une fois sur place. Je m'attache \u00e0 distinguer le coup de c\u0153ur sinc\u00e8re du simple argument marketing.\",\"sameAs\":[\"https:\/\/camillerouvray.fr\/\"],\"url\":\"https:\/\/voyage-aventure.com\/blog\/auteur\/noname\/\"}]}<\/script>\n<!-- \/ Yoast SEO Premium plugin. -->","yoast_head_json":{"title":"Une nouvelle interdiction de voyager : quelles cons\u00e9quences","description":"Une nouvelle interdiction de voyager envisag\u00e9e par l'administration am\u00e9ricaine pourrait concerner plusieurs pays, dont des nations africaines. Voici ce","robots":{"index":"index","follow":"follow","max-snippet":"max-snippet:-1","max-image-preview":"max-image-preview:large","max-video-preview":"max-video-preview:-1"},"canonical":"https:\/\/voyage-aventure.com\/blog\/a-la-une\/une-nouvelle-interdiction-de-voyager-quelles-consequences-pour-les-pays-africains\/","og_locale":"fr_FR","og_type":"article","og_title":"Une nouvelle interdiction de voyager : quelles cons\u00e9quences","og_description":"Une nouvelle interdiction de voyager envisag\u00e9e par l'administration am\u00e9ricaine pourrait concerner plusieurs pays, dont des nations africaines. Voici ce","og_url":"https:\/\/voyage-aventure.com\/blog\/a-la-une\/une-nouvelle-interdiction-de-voyager-quelles-consequences-pour-les-pays-africains\/","og_site_name":"voyage-aventure","og_image":[{"width":1200,"height":500,"url":"https:\/\/voyage-aventure.com\/blog\/wp-content\/uploads\/2025\/05\/sdxl-c9261414a12da56fc4c9563887c45dd9-scaled.png","type":"image\/png"}],"author":"Camille Rouvray","twitter_card":"summary_large_image","schema":{"@context":"https:\/\/schema.org","@graph":[{"@type":"NewsArticle","@id":"https:\/\/voyage-aventure.com\/blog\/a-la-une\/une-nouvelle-interdiction-de-voyager-quelles-consequences-pour-les-pays-africains\/#article","isPartOf":{"@id":"https:\/\/voyage-aventure.com\/blog\/a-la-une\/une-nouvelle-interdiction-de-voyager-quelles-consequences-pour-les-pays-africains\/"},"author":{"name":"Camille Rouvray","@id":"https:\/\/voyage-aventure.com\/blog\/#\/schema\/person\/3c864cdc320801e3db34b663e7e3f816"},"headline":"Une nouvelle interdiction de voyager : quelles cons\u00e9quences pour les pays africains ?","datePublished":"2026-06-16T15:09:18+00:00","mainEntityOfPage":{"@id":"https:\/\/voyage-aventure.com\/blog\/a-la-une\/une-nouvelle-interdiction-de-voyager-quelles-consequences-pour-les-pays-africains\/"},"wordCount":826,"commentCount":21,"publisher":{"@id":"https:\/\/voyage-aventure.com\/blog\/#organization"},"image":{"@id":"https:\/\/voyage-aventure.com\/blog\/a-la-une\/une-nouvelle-interdiction-de-voyager-quelles-consequences-pour-les-pays-africains\/#primaryimage"},"thumbnailUrl":"https:\/\/voyage-aventure.com\/blog\/wp-content\/uploads\/2025\/05\/sdxl-c9261414a12da56fc4c9563887c45dd9-scaled.png","keywords":["D\u00e9couverte Culturelle","Pratiques Durables","Relations Internationales","S\u00e9curit\u00e9","Voyage"],"articleSection":["\u00c0 la une"],"inLanguage":"fr-FR","potentialAction":[{"@type":"CommentAction","name":"Comment","target":["https:\/\/voyage-aventure.com\/blog\/a-la-une\/une-nouvelle-interdiction-de-voyager-quelles-consequences-pour-les-pays-africains\/#respond"]}]},{"@type":"WebPage","@id":"https:\/\/voyage-aventure.com\/blog\/a-la-une\/une-nouvelle-interdiction-de-voyager-quelles-consequences-pour-les-pays-africains\/","url":"https:\/\/voyage-aventure.com\/blog\/a-la-une\/une-nouvelle-interdiction-de-voyager-quelles-consequences-pour-les-pays-africains\/","name":"Une nouvelle interdiction de voyager : quelles cons\u00e9quences","isPartOf":{"@id":"https:\/\/voyage-aventure.com\/blog\/#website"},"primaryImageOfPage":{"@id":"https:\/\/voyage-aventure.com\/blog\/a-la-une\/une-nouvelle-interdiction-de-voyager-quelles-consequences-pour-les-pays-africains\/#primaryimage"},"image":{"@id":"https:\/\/voyage-aventure.com\/blog\/a-la-une\/une-nouvelle-interdiction-de-voyager-quelles-consequences-pour-les-pays-africains\/#primaryimage"},"thumbnailUrl":"https:\/\/voyage-aventure.com\/blog\/wp-content\/uploads\/2025\/05\/sdxl-c9261414a12da56fc4c9563887c45dd9-scaled.png","datePublished":"2026-06-16T15:09:18+00:00","description":"Une nouvelle interdiction de voyager envisag\u00e9e par l'administration am\u00e9ricaine pourrait concerner plusieurs pays, dont des nations africaines. Voici ce","inLanguage":"fr-FR","potentialAction":[{"@type":"ReadAction","target":["https:\/\/voyage-aventure.com\/blog\/a-la-une\/une-nouvelle-interdiction-de-voyager-quelles-consequences-pour-les-pays-africains\/"]}]},{"@type":"ImageObject","inLanguage":"fr-FR","@id":"https:\/\/voyage-aventure.com\/blog\/a-la-une\/une-nouvelle-interdiction-de-voyager-quelles-consequences-pour-les-pays-africains\/#primaryimage","url":"https:\/\/voyage-aventure.com\/blog\/wp-content\/uploads\/2025\/05\/sdxl-c9261414a12da56fc4c9563887c45dd9-scaled.png","contentUrl":"https:\/\/voyage-aventure.com\/blog\/wp-content\/uploads\/2025\/05\/sdxl-c9261414a12da56fc4c9563887c45dd9-scaled.png","width":1200,"height":500},{"@type":"WebSite","@id":"https:\/\/voyage-aventure.com\/blog\/#website","url":"https:\/\/voyage-aventure.com\/blog\/","name":"voyage-aventure.com","description":"Votre passeport pour l\u2019inattendu.","publisher":{"@id":"https:\/\/voyage-aventure.com\/blog\/#organization"},"alternateName":"Votre passeport pour l\u2019inattendu.","potentialAction":[{"@type":"SearchAction","target":{"@type":"EntryPoint","urlTemplate":"https:\/\/voyage-aventure.com\/blog\/?s={search_term_string}"},"query-input":{"@type":"PropertyValueSpecification","valueRequired":true,"valueName":"search_term_string"}}],"inLanguage":"fr-FR"},{"@type":"Organization","@id":"https:\/\/voyage-aventure.com\/blog\/#organization","name":"Foretsensations.fr","url":"https:\/\/voyage-aventure.com\/blog\/","logo":{"@type":"ImageObject","inLanguage":"fr-FR","@id":"https:\/\/voyage-aventure.com\/blog\/#\/schema\/logo\/image\/","url":"https:\/\/voyage-aventure.com\/blog\/wp-content\/uploads\/2024\/12\/19.png","contentUrl":"https:\/\/voyage-aventure.com\/blog\/wp-content\/uploads\/2024\/12\/19.png","width":512,"height":512,"caption":"Foretsensations.fr"},"image":{"@id":"https:\/\/voyage-aventure.com\/blog\/#\/schema\/logo\/image\/"}},{"@type":"Person","@id":"https:\/\/voyage-aventure.com\/blog\/#\/schema\/person\/3c864cdc320801e3db34b663e7e3f816","name":"Camille Rouvray","image":{"@type":"ImageObject","inLanguage":"fr-FR","@id":"https:\/\/voyage-aventure.com\/blog\/#\/schema\/person\/image\/","url":"https:\/\/voyage-aventure.com\/blog\/wp-content\/uploads\/2026\/06\/persona_camille-r-96x96.jpg","contentUrl":"https:\/\/voyage-aventure.com\/blog\/wp-content\/uploads\/2026\/06\/persona_camille-r-96x96.jpg","caption":"Camille Rouvray"},"description":"Je voyage et j'\u00e9cris sur le voyage depuis une douzaine d'ann\u00e9es, d'abord en tant que routarde au long cours, puis comme r\u00e9dactrice sp\u00e9cialis\u00e9e. Mon terrain de pr\u00e9dilection, ce sont les circuits organis\u00e9s et l'art de bien pr\u00e9parer un itin\u00e9raire : choix de la saison, dur\u00e9e r\u00e9aliste des \u00e9tapes, budget jour par jour, logement et transport sur place. J'aime aussi raconter les p\u00e9pites urbaines, ces adresses qu'on ne trouve pas dans les guides classiques. Avant de publier un dossier destination, je croise toujours plusieurs sources, je v\u00e9rifie les tarifs et les formalit\u00e9s d'entr\u00e9e \u00e0 jour, et je teste moi-m\u00eame quand je le peux. Mon angle reste pratique avant tout : aider le lecteur \u00e0 partir l'esprit tranquille, sans mauvaise surprise une fois sur place. Je m'attache \u00e0 distinguer le coup de c\u0153ur sinc\u00e8re du simple argument marketing.","sameAs":["https:\/\/camillerouvray.fr\/"],"url":"https:\/\/voyage-aventure.com\/blog\/auteur\/noname\/"}]}},"_links":{"self":[{"href":"https:\/\/voyage-aventure.com\/blog\/wp-json\/wp\/v2\/posts\/15005","targetHints":{"allow":["GET"]}}],"collection":[{"href":"https:\/\/voyage-aventure.com\/blog\/wp-json\/wp\/v2\/posts"}],"about":[{"href":"https:\/\/voyage-aventure.com\/blog\/wp-json\/wp\/v2\/types\/post"}],"author":[{"embeddable":true,"href":"https:\/\/voyage-aventure.com\/blog\/wp-json\/wp\/v2\/users\/34"}],"replies":[{"embeddable":true,"href":"https:\/\/voyage-aventure.com\/blog\/wp-json\/wp\/v2\/comments?post=15005"}],"version-history":[{"count":3,"href":"https:\/\/voyage-aventure.com\/blog\/wp-json\/wp\/v2\/posts\/15005\/revisions"}],"predecessor-version":[{"id":22778,"href":"https:\/\/voyage-aventure.com\/blog\/wp-json\/wp\/v2\/posts\/15005\/revisions\/22778"}],"wp:featuredmedia":[{"embeddable":true,"href":"https:\/\/voyage-aventure.com\/blog\/wp-json\/wp\/v2\/media\/20436"}],"wp:attachment":[{"href":"https:\/\/voyage-aventure.com\/blog\/wp-json\/wp\/v2\/media?parent=15005"}],"wp:term":[{"taxonomy":"category","embeddable":true,"href":"https:\/\/voyage-aventure.com\/blog\/wp-json\/wp\/v2\/categories?post=15005"},{"taxonomy":"post_tag","embeddable":true,"href":"https:\/\/voyage-aventure.com\/blog\/wp-json\/wp\/v2\/tags?post=15005"}],"curies":[{"name":"wp","href":"https:\/\/api.w.org\/{rel}","templated":true}]}}