{"id":14964,"date":"2026-06-16T17:08:59","date_gmt":"2026-06-16T15:08:59","guid":{"rendered":"https:\/\/voyage-aventure.com\/blog\/?p=14964"},"modified":"2026-06-16T17:08:59","modified_gmt":"2026-06-16T15:08:59","slug":"les-nouvelles-restrictions-de-voyage-de-trump-un-impact-sur-des-dizaines-de-pays","status":"publish","type":"post","link":"https:\/\/voyage-aventure.com\/blog\/a-la-une\/les-nouvelles-restrictions-de-voyage-de-trump-un-impact-sur-des-dizaines-de-pays\/","title":{"rendered":"les nouvelles restrictions de voyage de trump : un impact sur des dizaines de pays"},"content":{"rendered":"<link rel=\"stylesheet\" href=\"https:\/\/fonts.googleapis.com\/css2?family=Newsreader:ital,opsz,wght@0,6..72,500..700;1,6..72,500..600&#038;family=Inter:wght@400;500;600;700&#038;family=JetBrains+Mono:wght@500&#038;display=swap\">\n<style>\n.van-news-wrap{font-family:'Inter',-apple-system,BlinkMacSystemFont,sans-serif;color:#1f2326;line-height:1.7;font-size:17.5px;}\n.van-news-wrap h2{font-family:'Newsreader',Georgia,serif;font-weight:700;font-size:clamp(24px,3.2vw,33px);line-height:1.2;letter-spacing:-0.015em;color:#13171a;margin:48px 0 16px;}\n.van-news-wrap p{margin:0 0 18px;}\n.van-news-wrap a{color:#a11b1b;text-decoration:underline;text-underline-offset:2px;text-decoration-thickness:1px;}\n.van-news-kicker{font-family:'JetBrains Mono',monospace;font-size:12px;font-weight:500;text-transform:uppercase;letter-spacing:2.5px;color:#a11b1b;margin:0 0 10px;}\n.van-news-lead{font-family:'Newsreader',Georgia,serif;font-size:21px;line-height:1.5;font-weight:500;color:#2b3035;font-style:italic;border-left:4px solid #a11b1b;padding:4px 0 4px 22px;margin:8px 0 30px;}\n.van-news-essentiel{background:#fbf3f3;border:1px solid #ecd5d5;border-left:5px solid #a11b1b;border-radius:0 8px 8px 0;padding:24px 28px;margin:30px 0;}\n.van-news-essentiel .van-news-lbl{font-family:'JetBrains Mono',monospace;font-size:12px;font-weight:500;text-transform:uppercase;letter-spacing:2.5px;color:#a11b1b;margin-bottom:14px;}\n.van-news-essentiel ul{margin:0;padding:0;list-style:none;display:grid;gap:11px;}\n.van-news-essentiel li{display:flex;gap:13px;align-items:flex-start;font-size:16px;line-height:1.55;color:#26292c;}\n.van-news-essentiel li span.van-news-tag{flex:0 0 auto;font-family:'JetBrains Mono',monospace;font-size:11px;font-weight:500;text-transform:uppercase;letter-spacing:1px;color:#fff;background:#a11b1b;border-radius:4px;padding:3px 8px;margin-top:2px;}\n.van-news-grid{display:grid;grid-template-columns:repeat(auto-fit,minmax(240px,1fr));gap:14px;margin:28px 0;}\n.van-news-card{background:#fff;border:1px solid #e6e2dd;border-top:3px solid #a11b1b;border-radius:7px;padding:20px 22px;transition:.25s ease;}\n.van-news-card:hover{transform:translateY(-3px);box-shadow:0 12px 28px -16px rgba(16,24,40,.28);border-color:#d8d2cb;}\n.van-news-card h3{font-family:'Newsreader',Georgia,serif;margin:0 0 8px;font-size:19px;font-weight:600;color:#13171a;letter-spacing:-0.01em;}\n.van-news-card .van-news-txt{font-size:14.5px;line-height:1.6;color:#4a4e52;}\n.van-news-quote{margin:38px auto;padding:26px 24px;text-align:center;border-top:1px solid #13171a;border-bottom:1px solid #13171a;max-width:660px;position:relative;}\n.van-news-quote .van-news-mark{position:absolute;top:-22px;left:50%;transform:translateX(-50%);background:#fff;padding:0 14px;font-family:'Newsreader',Georgia,serif;font-size:52px;line-height:1;color:#a11b1b;}\n.van-news-quote blockquote{margin:0;padding:0;font-family:'Newsreader',Georgia,serif;font-size:24px;line-height:1.45;font-style:italic;color:#13171a;letter-spacing:-0.005em;}\n.van-news-quote .van-news-cite{margin-top:14px;font-family:'JetBrains Mono',monospace;font-size:12px;text-transform:uppercase;letter-spacing:1.8px;color:#6a6e72;}\n.van-news-retenir{background:#f7f6f3;border:1px solid #e6e2dd;border-radius:9px;padding:24px 26px 26px;margin:36px 0;}\n.van-news-retenir .van-news-lbl{font-family:'JetBrains Mono',monospace;font-size:12px;font-weight:500;text-transform:uppercase;letter-spacing:2.5px;color:#a11b1b;margin-bottom:16px;}\n.van-news-retenir .van-news-row{display:grid;grid-template-columns:repeat(auto-fit,minmax(250px,1fr));gap:10px;}\n.van-news-retenir .van-news-pt{display:flex;gap:12px;background:#fff;border:1px solid #e6e2dd;border-radius:6px;padding:12px 15px;align-items:flex-start;}\n.van-news-retenir .van-news-num{flex:0 0 26px;width:26px;height:26px;background:#a11b1b;color:#fff;border-radius:50%;display:inline-flex;align-items:center;justify-content:center;font-size:13px;font-weight:700;font-family:'Inter',sans-serif;}\n.van-news-retenir .van-news-pt span:last-child{font-size:14.5px;line-height:1.5;color:#26292c;}\n.van-news-note{background:#f2f4f5;border-left:4px solid #6a7480;border-radius:0 6px 6px 0;padding:14px 18px;margin:30px 0;font-size:14px;line-height:1.6;color:#444b52;}\n.van-news-note strong{font-family:'JetBrains Mono',monospace;font-size:11px;text-transform:uppercase;letter-spacing:1.5px;color:#48535e;margin-right:8px;}\n.van-news-faq{margin:40px 0 10px;}\n.van-news-faq h2{margin-bottom:6px;}\n.van-news-faq .van-news-acc{border-top:1px solid #ddd8d1;}\n.van-news-faq details{border-bottom:1px solid #ddd8d1;}\n.van-news-faq summary{cursor:pointer;padding:16px 0;font-family:'Newsreader',Georgia,serif;font-size:18.5px;font-weight:600;color:#13171a;list-style:none;display:flex;justify-content:space-between;align-items:center;gap:14px;}\n.van-news-faq summary::-webkit-details-marker{display:none;}\n.van-news-faq summary .van-news-pm{font-size:24px;font-weight:300;color:#a11b1b;line-height:1;}\n.van-news-faq .van-news-ans{padding:0 0 18px;font-size:15.5px;line-height:1.7;color:#45494d;}\n.van-news-vid{font-family:'JetBrains Mono',monospace;font-size:13px;color:#6a6e72;margin:24px 0;padding:12px 16px;background:#f7f6f3;border:1px dashed #d8d2cb;border-radius:6px;}\n.van-news-vid a{color:#a11b1b;}\n@media(max-width:600px){.van-news-wrap{font-size:16.5px;}}\n\/*RENDERFIX2*\/.van-news-essentiel li span.van-news-tag{color:#eef3f9!important}.van-news-essentiel li span.van-news-tag p,.van-news-essentiel li span.van-news-tag li,.van-news-essentiel li span.van-news-tag strong,.van-news-essentiel li span.van-news-tag em,.van-news-essentiel li span.van-news-tag a,.van-news-essentiel li span.van-news-tag span,.van-news-essentiel li span.van-news-tag b,.van-news-essentiel li span.van-news-tag td,.van-news-essentiel li span.van-news-tag th,.van-news-essentiel li span.van-news-tag h2,.van-news-essentiel li span.van-news-tag h3,.van-news-essentiel li span.van-news-tag h4{color:#eef3f9!important}.van-news-essentiel li span.van-news-tag strong,.van-news-essentiel li span.van-news-tag b{color:#ffffff!important}.van-news-retenir .van-news-num{color:#eef3f9!important}.van-news-retenir .van-news-num p,.van-news-retenir .van-news-num li,.van-news-retenir .van-news-num strong,.van-news-retenir .van-news-num em,.van-news-retenir .van-news-num a,.van-news-retenir .van-news-num span,.van-news-retenir .van-news-num b,.van-news-retenir .van-news-num td,.van-news-retenir .van-news-num th,.van-news-retenir .van-news-num h2,.van-news-retenir .van-news-num h3,.van-news-retenir .van-news-num h4{color:#eef3f9!important}.van-news-retenir .van-news-num strong,.van-news-retenir .van-news-num b{color:#ffffff!important}<\/style>\n<div class=\"van-news-wrap\">\n<div class=\"van-news-kicker\">Politique migratoire \u00b7 \u00c9tats-Unis \u00b7 Mars 2025<\/div>\n<div class=\"van-news-lead\">L&rsquo;administration Trump pr\u00e9pare une nouvelle vague de restrictions de voyage qui pourrait viser des dizaines de pays. Selon des m\u00e9mos internes, certaines nations s&rsquo;exposent \u00e0 un interdit total d&rsquo;entr\u00e9e sur le territoire am\u00e9ricain, d&rsquo;autres \u00e0 une suspension partielle de leurs visas.<\/div>\n<div class=\"van-news-essentiel\">\n<div class=\"van-news-lbl\">L&rsquo;essentiel<\/div>\n<ul>\n<li><span class=\"van-news-tag\">Quoi<\/span><span>Des restrictions de voyage \u00e0 l&rsquo;\u00e9tude, allant de l&rsquo;interdit total \u00e0 la suspension partielle de visas, ciblant plusieurs dizaines de pays.<\/span><\/li>\n<li><span class=\"van-news-tag\">Qui<\/span><span>L&rsquo;administration Trump. 11 nations \u2014 dont l&rsquo;Afghanistan, l&rsquo;Iran, la Syrie, Cuba et le Venezuela \u2014 sont cit\u00e9es pour un \u00e9ventuel interdit total.<\/span><\/li>\n<li><span class=\"van-news-tag\">Enjeu<\/span><span>Tensions diplomatiques potentielles et craintes pour le tourisme am\u00e9ricain, qui redoute des pertes de revenus.<\/span><\/li>\n<\/ul>\n<\/div>\n<h2>Des mesures de restriction en cours d&rsquo;\u00e9valuation<\/h2>\n<p>Les m\u00e9mos internes r\u00e9v\u00e8lent que 11 de ces nations pourraient faire l&rsquo;objet d&rsquo;un interdit total d&rsquo;entr\u00e9e sur le territoire am\u00e9ricain. Des pays comme l&rsquo;Afghanistan, l&rsquo;Iran et la Syrie, parmi d&rsquo;autres, sont sur la liste des nations cibl\u00e9es.<\/p>\n<p>Ces nouvelles mesures pourraient avoir des cons\u00e9quences importantes pour les relations internationales et le secteur du tourisme aux \u00c9tats-Unis. L&rsquo;\u00e9valuation des pays concern\u00e9s repose sur des crit\u00e8res de s\u00e9curit\u00e9, de contr\u00f4le des fronti\u00e8res et de traitement des demandes de visa.<\/p>\n<h2>Les pays vis\u00e9s par un \u00e9ventuel interdit total<\/h2>\n<p>Les citoyens de 11 pays pourraient \u00eatre totalement exclus des voyages vers les \u00c9tats-Unis. Les pays concern\u00e9s comprennent des \u00c9tats comme l&rsquo;Afghanistan, le Cuba et le Venezuela, qui ont \u00e9t\u00e9 identifi\u00e9s comme pr\u00e9sentant des risques de s\u00e9curit\u00e9 significatifs. La situation est particuli\u00e8rement pr\u00e9occupante pour les ressortissants de ces nations, qui pourraient se voir interdire l&rsquo;entr\u00e9e, m\u00eame avec un visa en cours.<\/p>\n<p>Les autorit\u00e9s am\u00e9ricaines n&rsquo;ont pas encore clarifi\u00e9 si les visas existants seraient annul\u00e9s ou si des exemptions seraient accord\u00e9es. Ce flou cr\u00e9e une incertitude suppl\u00e9mentaire pour les citoyens de ces pays souhaitant voyager aux \u00c9tats-Unis.<\/p>\n<div class=\"van-news-note\"><strong>\u00c0 noter<\/strong>Les contours exacts de la mesure n&rsquo;\u00e9taient pas encore arr\u00eat\u00e9s au moment de ces r\u00e9v\u00e9lations : p\u00e9rim\u00e8tre des pays, sort des visas en cours et exemptions \u00e9ventuelles restaient \u00e0 confirmer par les autorit\u00e9s.<\/div>\n<h2>Restrictions potentielles sur d&rsquo;autres pays<\/h2>\n<p>Outre les pays susceptibles d&rsquo;\u00eatre soumis \u00e0 un interdit total, plusieurs nations pourraient voir leurs visas partiellement suspendus. Des pays comme l&rsquo;\u00c9rythr\u00e9e, Ha\u00efti et la Birmanie sont sous \u00e9valuation pour des restrictions sur les visas touristiques et \u00e9tudiants. Cela pourrait signifier que seuls certains types de visas seraient accord\u00e9s, limitant ainsi les possibilit\u00e9s de voyage.<\/p>\n<p>Les retomb\u00e9es de telles d\u00e9cisions pourraient affecter non seulement les citoyens de ces pays, mais aussi les entreprises am\u00e9ricaines d\u00e9pendantes des \u00e9changes internationaux. Les restrictions sur les visas peuvent \u00e9galement avoir un impact sur le secteur universitaire, avec des \u00e9tudiants potentiellement affect\u00e9s par ces mesures.<\/p>\n<div class=\"van-news-grid\">\n<div class=\"van-news-card\">\n<h3>Interdit total<\/h3>\n<div class=\"van-news-txt\">11 pays \u2014 Afghanistan, Iran, Syrie, Cuba, Venezuela et d&rsquo;autres \u2014 expos\u00e9s \u00e0 une exclusion compl\u00e8te, visa en cours ou non.<\/div>\n<\/p><\/div>\n<div class=\"van-news-card\">\n<h3>Suspension partielle<\/h3>\n<div class=\"van-news-txt\">\u00c9rythr\u00e9e, Ha\u00efti, Birmanie sous \u00e9valuation : seuls certains types de visas, touristiques et \u00e9tudiants notamment, seraient touch\u00e9s.<\/div>\n<\/p><\/div>\n<div class=\"van-news-card\">\n<h3>Effets collat\u00e9raux<\/h3>\n<div class=\"van-news-txt\">Entreprises d\u00e9pendantes des \u00e9changes internationaux et secteur universitaire figurent parmi les premiers concern\u00e9s.<\/div>\n<\/p><\/div>\n<\/div>\n<h2>Les implications des nouvelles restrictions<\/h2>\n<p>Les nouvelles restrictions de voyage envisag\u00e9es par l&rsquo;administration Trump pourraient g\u00e9n\u00e9rer des tensions diplomatiques. Les pays touch\u00e9s pourraient r\u00e9agir en imposant leurs propres restrictions \u00e0 l&rsquo;\u00e9gard des citoyens am\u00e9ricains, ce qui pourrait compliquer davantage les relations internationales.<\/p>\n<p>Les entreprises de tourisme et d&rsquo;h\u00f4tellerie aux \u00c9tats-Unis s&rsquo;inqui\u00e8tent des impacts \u00e9conomiques que ces restrictions pourraient engendrer.<\/p>\n<figure class=\"van-news-quote\">\n<div class=\"van-news-mark\" aria-hidden=\"true\">\u00ab<\/div>\n<blockquote><p>Les mesures de restriction pourraient priver le secteur touristique am\u00e9ricain de milliards de dollars en revenus.<\/blockquote><figcaption class=\"van-news-cite\">\u2014 Un expert en politiques de voyage<\/figcaption><\/figure>\n<div class=\"van-news-retenir\">\n<div class=\"van-news-lbl\">\u00c0 retenir<\/div>\n<div class=\"van-news-row\">\n<div class=\"van-news-pt\"><span class=\"van-news-num\">1<\/span><span>Les pays cibl\u00e9s incluent l&rsquo;Afghanistan, le Cuba et l&rsquo;Iran.<\/span><\/div>\n<div class=\"van-news-pt\"><span class=\"van-news-num\">2<\/span><span>Les restrictions pourraient affecter les visas touristiques et \u00e9tudiants.<\/span><\/div>\n<div class=\"van-news-pt\"><span class=\"van-news-num\">3<\/span><span>Des tensions diplomatiques pourraient \u00e9merger suite \u00e0 ces d\u00e9cisions.<\/span><\/div>\n<div class=\"van-news-pt\"><span class=\"van-news-num\">4<\/span><span>Les entreprises am\u00e9ricaines pourraient ressentir des impacts \u00e9conomiques significatifs.<\/span><\/div>\n<div class=\"van-news-pt\"><span class=\"van-news-num\">5<\/span><span>Des pays comme Ha\u00efti et la Birmanie sont \u00e9galement sous surveillance.<\/span><\/div>\n<\/p><\/div>\n<\/div>\n<h2>Un retour sur les pr\u00e9c\u00e9dentes restrictions de voyage<\/h2>\n<p>Les pr\u00e9c\u00e9dentes mesures de voyage mises en \u0153uvre par Trump ont \u00e9t\u00e9 largement controvers\u00e9es. En 2017, un premier d\u00e9cret a interdit l&rsquo;entr\u00e9e aux citoyens de plusieurs pays \u00e0 majorit\u00e9 musulmane, ce qui a suscit\u00e9 des r\u00e9actions n\u00e9gatives tant au niveau national qu&rsquo;international.<\/p>\n<p>Ces restrictions ont \u00e9t\u00e9 contest\u00e9es en justice, mais ont finalement \u00e9t\u00e9 valid\u00e9es par la Cour supr\u00eame des \u00c9tats-Unis. Le retour sur ces d\u00e9cisions pourrait influencer l&rsquo;opinion publique et les d\u00e9bats politiques autour des nouvelles restrictions envisag\u00e9es.<\/p>\n<div class=\"van-news-vid\">\u25b8 Vid\u00e9o associ\u00e9e : <a href=\"https:\/\/youtu.be\/YzmqAvKC-Ao\" rel=\"nofollow\">https:\/\/youtu.be\/YzmqAvKC-Ao<\/a><\/div>\n<h2>Quel avenir pour le tourisme am\u00e9ricain ?<\/h2>\n<p>Alors que l&rsquo;administration pr\u00e9voit des restrictions, l&rsquo;industrie du tourisme s&rsquo;inqui\u00e8te de l&rsquo;impact sur sa reprise post-pand\u00e9mie. Les pr\u00e9visions indiquent une l\u00e9g\u00e8re augmentation du nombre de visiteurs internationaux, mais ces nouvelles mesures pourraient freiner cette tendance.<\/p>\n<p>Les entreprises du secteur devront s&rsquo;adapter rapidement \u00e0 cette situation en constante \u00e9volution. La modernisation des processus d&rsquo;entr\u00e9e et la simplification des exigences de visa seront cruciales pour attirer de futurs voyageurs.<\/p>\n<div class=\"van-news-faq\">\n<h2>Questions fr\u00e9quentes<\/h2>\n<div class=\"van-news-acc\">\n<details>\n<summary><span>Quels pays sont vis\u00e9s par un interdit total d&rsquo;entr\u00e9e ?<\/span><span class=\"van-news-pm\">+<\/span><\/summary>\n<div class=\"van-news-ans\">Selon les m\u00e9mos internes \u00e9voqu\u00e9s en mars 2025, 11 nations pourraient \u00eatre concern\u00e9es par un interdit total, parmi lesquelles l&rsquo;Afghanistan, l&rsquo;Iran, la Syrie, le Cuba et le Venezuela, identifi\u00e9es comme pr\u00e9sentant des risques de s\u00e9curit\u00e9.<\/div>\n<\/details>\n<details>\n<summary><span>Les visas d\u00e9j\u00e0 d\u00e9livr\u00e9s seraient-ils annul\u00e9s ?<\/span><span class=\"van-news-pm\">+<\/span><\/summary>\n<div class=\"van-news-ans\">\u00c0 ce stade, les autorit\u00e9s am\u00e9ricaines n&rsquo;avaient pas clarifi\u00e9 si les visas existants seraient annul\u00e9s ni si des exemptions seraient accord\u00e9es. Cette incertitude concernait directement les ressortissants des pays list\u00e9s.<\/div>\n<\/details>\n<details>\n<summary><span>Quels pays risquent une suspension partielle ?<\/span><span class=\"van-news-pm\">+<\/span><\/summary>\n<div class=\"van-news-ans\">Des pays comme l&rsquo;\u00c9rythr\u00e9e, Ha\u00efti et la Birmanie \u00e9taient sous \u00e9valuation pour des restrictions ciblant notamment les visas touristiques et \u00e9tudiants, sans interdit total.<\/div>\n<\/details>\n<details>\n<summary><span>Quel impact sur le tourisme aux \u00c9tats-Unis ?<\/span><span class=\"van-news-pm\">+<\/span><\/summary>\n<div class=\"van-news-ans\">Le secteur du tourisme et de l&rsquo;h\u00f4tellerie craignait des pertes de revenus et un frein \u00e0 la reprise post-pand\u00e9mie, alors que les pr\u00e9visions tablaient sur une l\u00e9g\u00e8re hausse du nombre de visiteurs internationaux.<\/div>\n<\/details><\/div>\n<\/div>\n<div class=\"van-news-note\"><strong>Information<\/strong>Cet article rapporte une situation politique dat\u00e9e (mars 2025) \u00e0 partir d&rsquo;\u00e9l\u00e9ments alors connus et ne constitue pas un conseil juridique ou migratoire. Pour toute d\u00e9marche de visa ou de voyage vers les \u00c9tats-Unis, r\u00e9f\u00e9rez-vous aux sources officielles et \u00e0 un professionnel habilit\u00e9.<\/div>\n<\/div>\n","protected":false},"excerpt":{"rendered":"","protected":false},"author":34,"featured_media":19882,"comment_status":"open","ping_status":"open","sticky":false,"template":"","format":"standard","meta":{"_acf_changed":false,"manual_indexmenow":false,"indexmenow_id_project":0,"footnotes":""},"categories":[1],"tags":[4593,5688,5811,3170,5008],"class_list":["post-14964","post","type-post","status-publish","format-standard","has-post-thumbnail","hentry","category-a-la-une","tag-economie","tag-relations-internationales","tag-restrictions-de-voyage","tag-securite","tag-tourisme","generate-columns","tablet-grid-50","mobile-grid-100","grid-parent","grid-25"],"acf":[],"yoast_head":"<!-- This site is optimized with the Yoast SEO Premium plugin v21.3 (Yoast SEO v25.1) - https:\/\/yoast.com\/wordpress\/plugins\/seo\/ -->\n<title>les nouvelles restrictions de voyage de trump : un impact<\/title>\n<meta name=\"description\" content=\"L&#039;administration Trump pr\u00e9pare une nouvelle vague de restrictions de voyage qui pourrait viser des dizaines de pays. Selon des m\u00e9mos internes, certaines\" \/>\n<meta name=\"robots\" content=\"index, follow, max-snippet:-1, max-image-preview:large, max-video-preview:-1\" \/>\n<link rel=\"canonical\" href=\"https:\/\/voyage-aventure.com\/blog\/a-la-une\/les-nouvelles-restrictions-de-voyage-de-trump-un-impact-sur-des-dizaines-de-pays\/\" \/>\n<meta property=\"og:locale\" content=\"fr_FR\" \/>\n<meta property=\"og:type\" content=\"article\" \/>\n<meta property=\"og:title\" content=\"les nouvelles restrictions de voyage de trump : un impact\" \/>\n<meta property=\"og:description\" content=\"L&#039;administration Trump pr\u00e9pare une nouvelle vague de restrictions de voyage qui pourrait viser des dizaines de pays. Selon des m\u00e9mos internes, certaines\" \/>\n<meta property=\"og:url\" content=\"https:\/\/voyage-aventure.com\/blog\/a-la-une\/les-nouvelles-restrictions-de-voyage-de-trump-un-impact-sur-des-dizaines-de-pays\/\" \/>\n<meta property=\"og:site_name\" content=\"voyage-aventure\" \/>\n<meta property=\"og:image\" content=\"https:\/\/voyage-aventure.com\/blog\/wp-content\/uploads\/2025\/05\/sdxl-97c2fcd6070c93890c0e45187fdcc9d2-scaled.png\" \/>\n\t<meta property=\"og:image:width\" content=\"1200\" \/>\n\t<meta property=\"og:image:height\" content=\"500\" \/>\n\t<meta property=\"og:image:type\" content=\"image\/png\" \/>\n<meta name=\"author\" content=\"Camille Rouvray\" \/>\n<meta name=\"twitter:card\" content=\"summary_large_image\" \/>\n<script type=\"application\/ld+json\" class=\"yoast-schema-graph\">{\"@context\":\"https:\/\/schema.org\",\"@graph\":[{\"@type\":\"NewsArticle\",\"@id\":\"https:\/\/voyage-aventure.com\/blog\/a-la-une\/les-nouvelles-restrictions-de-voyage-de-trump-un-impact-sur-des-dizaines-de-pays\/#article\",\"isPartOf\":{\"@id\":\"https:\/\/voyage-aventure.com\/blog\/a-la-une\/les-nouvelles-restrictions-de-voyage-de-trump-un-impact-sur-des-dizaines-de-pays\/\"},\"author\":{\"name\":\"Camille Rouvray\",\"@id\":\"https:\/\/voyage-aventure.com\/blog\/#\/schema\/person\/3c864cdc320801e3db34b663e7e3f816\"},\"headline\":\"les nouvelles restrictions de voyage de trump : un impact sur des dizaines de pays\",\"datePublished\":\"2026-06-16T15:08:59+00:00\",\"mainEntityOfPage\":{\"@id\":\"https:\/\/voyage-aventure.com\/blog\/a-la-une\/les-nouvelles-restrictions-de-voyage-de-trump-un-impact-sur-des-dizaines-de-pays\/\"},\"wordCount\":1137,\"commentCount\":21,\"publisher\":{\"@id\":\"https:\/\/voyage-aventure.com\/blog\/#organization\"},\"image\":{\"@id\":\"https:\/\/voyage-aventure.com\/blog\/a-la-une\/les-nouvelles-restrictions-de-voyage-de-trump-un-impact-sur-des-dizaines-de-pays\/#primaryimage\"},\"thumbnailUrl\":\"https:\/\/voyage-aventure.com\/blog\/wp-content\/uploads\/2025\/05\/sdxl-97c2fcd6070c93890c0e45187fdcc9d2-scaled.png\",\"keywords\":[\"\u00c9conomie\",\"Relations Internationales\",\"Restrictions de voyage\",\"S\u00e9curit\u00e9\",\"Tourisme\"],\"articleSection\":[\"\u00c0 la une\"],\"inLanguage\":\"fr-FR\",\"potentialAction\":[{\"@type\":\"CommentAction\",\"name\":\"Comment\",\"target\":[\"https:\/\/voyage-aventure.com\/blog\/a-la-une\/les-nouvelles-restrictions-de-voyage-de-trump-un-impact-sur-des-dizaines-de-pays\/#respond\"]}]},{\"@type\":\"WebPage\",\"@id\":\"https:\/\/voyage-aventure.com\/blog\/a-la-une\/les-nouvelles-restrictions-de-voyage-de-trump-un-impact-sur-des-dizaines-de-pays\/\",\"url\":\"https:\/\/voyage-aventure.com\/blog\/a-la-une\/les-nouvelles-restrictions-de-voyage-de-trump-un-impact-sur-des-dizaines-de-pays\/\",\"name\":\"les nouvelles restrictions de voyage de trump : un impact\",\"isPartOf\":{\"@id\":\"https:\/\/voyage-aventure.com\/blog\/#website\"},\"primaryImageOfPage\":{\"@id\":\"https:\/\/voyage-aventure.com\/blog\/a-la-une\/les-nouvelles-restrictions-de-voyage-de-trump-un-impact-sur-des-dizaines-de-pays\/#primaryimage\"},\"image\":{\"@id\":\"https:\/\/voyage-aventure.com\/blog\/a-la-une\/les-nouvelles-restrictions-de-voyage-de-trump-un-impact-sur-des-dizaines-de-pays\/#primaryimage\"},\"thumbnailUrl\":\"https:\/\/voyage-aventure.com\/blog\/wp-content\/uploads\/2025\/05\/sdxl-97c2fcd6070c93890c0e45187fdcc9d2-scaled.png\",\"datePublished\":\"2026-06-16T15:08:59+00:00\",\"description\":\"L'administration Trump pr\u00e9pare une nouvelle vague de restrictions de voyage qui pourrait viser des dizaines de pays. Selon des m\u00e9mos internes, certaines\",\"inLanguage\":\"fr-FR\",\"potentialAction\":[{\"@type\":\"ReadAction\",\"target\":[\"https:\/\/voyage-aventure.com\/blog\/a-la-une\/les-nouvelles-restrictions-de-voyage-de-trump-un-impact-sur-des-dizaines-de-pays\/\"]}]},{\"@type\":\"ImageObject\",\"inLanguage\":\"fr-FR\",\"@id\":\"https:\/\/voyage-aventure.com\/blog\/a-la-une\/les-nouvelles-restrictions-de-voyage-de-trump-un-impact-sur-des-dizaines-de-pays\/#primaryimage\",\"url\":\"https:\/\/voyage-aventure.com\/blog\/wp-content\/uploads\/2025\/05\/sdxl-97c2fcd6070c93890c0e45187fdcc9d2-scaled.png\",\"contentUrl\":\"https:\/\/voyage-aventure.com\/blog\/wp-content\/uploads\/2025\/05\/sdxl-97c2fcd6070c93890c0e45187fdcc9d2-scaled.png\",\"width\":1200,\"height\":500},{\"@type\":\"WebSite\",\"@id\":\"https:\/\/voyage-aventure.com\/blog\/#website\",\"url\":\"https:\/\/voyage-aventure.com\/blog\/\",\"name\":\"voyage-aventure.com\",\"description\":\"Votre passeport pour l\u2019inattendu.\",\"publisher\":{\"@id\":\"https:\/\/voyage-aventure.com\/blog\/#organization\"},\"alternateName\":\"Votre passeport pour l\u2019inattendu.\",\"potentialAction\":[{\"@type\":\"SearchAction\",\"target\":{\"@type\":\"EntryPoint\",\"urlTemplate\":\"https:\/\/voyage-aventure.com\/blog\/?s={search_term_string}\"},\"query-input\":{\"@type\":\"PropertyValueSpecification\",\"valueRequired\":true,\"valueName\":\"search_term_string\"}}],\"inLanguage\":\"fr-FR\"},{\"@type\":\"Organization\",\"@id\":\"https:\/\/voyage-aventure.com\/blog\/#organization\",\"name\":\"Foretsensations.fr\",\"url\":\"https:\/\/voyage-aventure.com\/blog\/\",\"logo\":{\"@type\":\"ImageObject\",\"inLanguage\":\"fr-FR\",\"@id\":\"https:\/\/voyage-aventure.com\/blog\/#\/schema\/logo\/image\/\",\"url\":\"https:\/\/voyage-aventure.com\/blog\/wp-content\/uploads\/2024\/12\/19.png\",\"contentUrl\":\"https:\/\/voyage-aventure.com\/blog\/wp-content\/uploads\/2024\/12\/19.png\",\"width\":512,\"height\":512,\"caption\":\"Foretsensations.fr\"},\"image\":{\"@id\":\"https:\/\/voyage-aventure.com\/blog\/#\/schema\/logo\/image\/\"}},{\"@type\":\"Person\",\"@id\":\"https:\/\/voyage-aventure.com\/blog\/#\/schema\/person\/3c864cdc320801e3db34b663e7e3f816\",\"name\":\"Camille Rouvray\",\"image\":{\"@type\":\"ImageObject\",\"inLanguage\":\"fr-FR\",\"@id\":\"https:\/\/voyage-aventure.com\/blog\/#\/schema\/person\/image\/\",\"url\":\"https:\/\/voyage-aventure.com\/blog\/wp-content\/uploads\/2026\/06\/persona_camille-r-96x96.jpg\",\"contentUrl\":\"https:\/\/voyage-aventure.com\/blog\/wp-content\/uploads\/2026\/06\/persona_camille-r-96x96.jpg\",\"caption\":\"Camille Rouvray\"},\"description\":\"Je voyage et j'\u00e9cris sur le voyage depuis une douzaine d'ann\u00e9es, d'abord en tant que routarde au long cours, puis comme r\u00e9dactrice sp\u00e9cialis\u00e9e. Mon terrain de pr\u00e9dilection, ce sont les circuits organis\u00e9s et l'art de bien pr\u00e9parer un itin\u00e9raire : choix de la saison, dur\u00e9e r\u00e9aliste des \u00e9tapes, budget jour par jour, logement et transport sur place. J'aime aussi raconter les p\u00e9pites urbaines, ces adresses qu'on ne trouve pas dans les guides classiques. Avant de publier un dossier destination, je croise toujours plusieurs sources, je v\u00e9rifie les tarifs et les formalit\u00e9s d'entr\u00e9e \u00e0 jour, et je teste moi-m\u00eame quand je le peux. Mon angle reste pratique avant tout : aider le lecteur \u00e0 partir l'esprit tranquille, sans mauvaise surprise une fois sur place. Je m'attache \u00e0 distinguer le coup de c\u0153ur sinc\u00e8re du simple argument marketing.\",\"sameAs\":[\"https:\/\/camillerouvray.fr\/\"],\"url\":\"https:\/\/voyage-aventure.com\/blog\/auteur\/noname\/\"}]}<\/script>\n<!-- \/ Yoast SEO Premium plugin. -->","yoast_head_json":{"title":"les nouvelles restrictions de voyage de trump : un impact","description":"L'administration Trump pr\u00e9pare une nouvelle vague de restrictions de voyage qui pourrait viser des dizaines de pays. Selon des m\u00e9mos internes, certaines","robots":{"index":"index","follow":"follow","max-snippet":"max-snippet:-1","max-image-preview":"max-image-preview:large","max-video-preview":"max-video-preview:-1"},"canonical":"https:\/\/voyage-aventure.com\/blog\/a-la-une\/les-nouvelles-restrictions-de-voyage-de-trump-un-impact-sur-des-dizaines-de-pays\/","og_locale":"fr_FR","og_type":"article","og_title":"les nouvelles restrictions de voyage de trump : un impact","og_description":"L'administration Trump pr\u00e9pare une nouvelle vague de restrictions de voyage qui pourrait viser des dizaines de pays. Selon des m\u00e9mos internes, certaines","og_url":"https:\/\/voyage-aventure.com\/blog\/a-la-une\/les-nouvelles-restrictions-de-voyage-de-trump-un-impact-sur-des-dizaines-de-pays\/","og_site_name":"voyage-aventure","og_image":[{"width":1200,"height":500,"url":"https:\/\/voyage-aventure.com\/blog\/wp-content\/uploads\/2025\/05\/sdxl-97c2fcd6070c93890c0e45187fdcc9d2-scaled.png","type":"image\/png"}],"author":"Camille Rouvray","twitter_card":"summary_large_image","schema":{"@context":"https:\/\/schema.org","@graph":[{"@type":"NewsArticle","@id":"https:\/\/voyage-aventure.com\/blog\/a-la-une\/les-nouvelles-restrictions-de-voyage-de-trump-un-impact-sur-des-dizaines-de-pays\/#article","isPartOf":{"@id":"https:\/\/voyage-aventure.com\/blog\/a-la-une\/les-nouvelles-restrictions-de-voyage-de-trump-un-impact-sur-des-dizaines-de-pays\/"},"author":{"name":"Camille Rouvray","@id":"https:\/\/voyage-aventure.com\/blog\/#\/schema\/person\/3c864cdc320801e3db34b663e7e3f816"},"headline":"les nouvelles restrictions de voyage de trump : un impact sur des dizaines de pays","datePublished":"2026-06-16T15:08:59+00:00","mainEntityOfPage":{"@id":"https:\/\/voyage-aventure.com\/blog\/a-la-une\/les-nouvelles-restrictions-de-voyage-de-trump-un-impact-sur-des-dizaines-de-pays\/"},"wordCount":1137,"commentCount":21,"publisher":{"@id":"https:\/\/voyage-aventure.com\/blog\/#organization"},"image":{"@id":"https:\/\/voyage-aventure.com\/blog\/a-la-une\/les-nouvelles-restrictions-de-voyage-de-trump-un-impact-sur-des-dizaines-de-pays\/#primaryimage"},"thumbnailUrl":"https:\/\/voyage-aventure.com\/blog\/wp-content\/uploads\/2025\/05\/sdxl-97c2fcd6070c93890c0e45187fdcc9d2-scaled.png","keywords":["\u00c9conomie","Relations Internationales","Restrictions de voyage","S\u00e9curit\u00e9","Tourisme"],"articleSection":["\u00c0 la une"],"inLanguage":"fr-FR","potentialAction":[{"@type":"CommentAction","name":"Comment","target":["https:\/\/voyage-aventure.com\/blog\/a-la-une\/les-nouvelles-restrictions-de-voyage-de-trump-un-impact-sur-des-dizaines-de-pays\/#respond"]}]},{"@type":"WebPage","@id":"https:\/\/voyage-aventure.com\/blog\/a-la-une\/les-nouvelles-restrictions-de-voyage-de-trump-un-impact-sur-des-dizaines-de-pays\/","url":"https:\/\/voyage-aventure.com\/blog\/a-la-une\/les-nouvelles-restrictions-de-voyage-de-trump-un-impact-sur-des-dizaines-de-pays\/","name":"les nouvelles restrictions de voyage de trump : un impact","isPartOf":{"@id":"https:\/\/voyage-aventure.com\/blog\/#website"},"primaryImageOfPage":{"@id":"https:\/\/voyage-aventure.com\/blog\/a-la-une\/les-nouvelles-restrictions-de-voyage-de-trump-un-impact-sur-des-dizaines-de-pays\/#primaryimage"},"image":{"@id":"https:\/\/voyage-aventure.com\/blog\/a-la-une\/les-nouvelles-restrictions-de-voyage-de-trump-un-impact-sur-des-dizaines-de-pays\/#primaryimage"},"thumbnailUrl":"https:\/\/voyage-aventure.com\/blog\/wp-content\/uploads\/2025\/05\/sdxl-97c2fcd6070c93890c0e45187fdcc9d2-scaled.png","datePublished":"2026-06-16T15:08:59+00:00","description":"L'administration Trump pr\u00e9pare une nouvelle vague de restrictions de voyage qui pourrait viser des dizaines de pays. Selon des m\u00e9mos internes, certaines","inLanguage":"fr-FR","potentialAction":[{"@type":"ReadAction","target":["https:\/\/voyage-aventure.com\/blog\/a-la-une\/les-nouvelles-restrictions-de-voyage-de-trump-un-impact-sur-des-dizaines-de-pays\/"]}]},{"@type":"ImageObject","inLanguage":"fr-FR","@id":"https:\/\/voyage-aventure.com\/blog\/a-la-une\/les-nouvelles-restrictions-de-voyage-de-trump-un-impact-sur-des-dizaines-de-pays\/#primaryimage","url":"https:\/\/voyage-aventure.com\/blog\/wp-content\/uploads\/2025\/05\/sdxl-97c2fcd6070c93890c0e45187fdcc9d2-scaled.png","contentUrl":"https:\/\/voyage-aventure.com\/blog\/wp-content\/uploads\/2025\/05\/sdxl-97c2fcd6070c93890c0e45187fdcc9d2-scaled.png","width":1200,"height":500},{"@type":"WebSite","@id":"https:\/\/voyage-aventure.com\/blog\/#website","url":"https:\/\/voyage-aventure.com\/blog\/","name":"voyage-aventure.com","description":"Votre passeport pour l\u2019inattendu.","publisher":{"@id":"https:\/\/voyage-aventure.com\/blog\/#organization"},"alternateName":"Votre passeport pour l\u2019inattendu.","potentialAction":[{"@type":"SearchAction","target":{"@type":"EntryPoint","urlTemplate":"https:\/\/voyage-aventure.com\/blog\/?s={search_term_string}"},"query-input":{"@type":"PropertyValueSpecification","valueRequired":true,"valueName":"search_term_string"}}],"inLanguage":"fr-FR"},{"@type":"Organization","@id":"https:\/\/voyage-aventure.com\/blog\/#organization","name":"Foretsensations.fr","url":"https:\/\/voyage-aventure.com\/blog\/","logo":{"@type":"ImageObject","inLanguage":"fr-FR","@id":"https:\/\/voyage-aventure.com\/blog\/#\/schema\/logo\/image\/","url":"https:\/\/voyage-aventure.com\/blog\/wp-content\/uploads\/2024\/12\/19.png","contentUrl":"https:\/\/voyage-aventure.com\/blog\/wp-content\/uploads\/2024\/12\/19.png","width":512,"height":512,"caption":"Foretsensations.fr"},"image":{"@id":"https:\/\/voyage-aventure.com\/blog\/#\/schema\/logo\/image\/"}},{"@type":"Person","@id":"https:\/\/voyage-aventure.com\/blog\/#\/schema\/person\/3c864cdc320801e3db34b663e7e3f816","name":"Camille Rouvray","image":{"@type":"ImageObject","inLanguage":"fr-FR","@id":"https:\/\/voyage-aventure.com\/blog\/#\/schema\/person\/image\/","url":"https:\/\/voyage-aventure.com\/blog\/wp-content\/uploads\/2026\/06\/persona_camille-r-96x96.jpg","contentUrl":"https:\/\/voyage-aventure.com\/blog\/wp-content\/uploads\/2026\/06\/persona_camille-r-96x96.jpg","caption":"Camille Rouvray"},"description":"Je voyage et j'\u00e9cris sur le voyage depuis une douzaine d'ann\u00e9es, d'abord en tant que routarde au long cours, puis comme r\u00e9dactrice sp\u00e9cialis\u00e9e. Mon terrain de pr\u00e9dilection, ce sont les circuits organis\u00e9s et l'art de bien pr\u00e9parer un itin\u00e9raire : choix de la saison, dur\u00e9e r\u00e9aliste des \u00e9tapes, budget jour par jour, logement et transport sur place. J'aime aussi raconter les p\u00e9pites urbaines, ces adresses qu'on ne trouve pas dans les guides classiques. Avant de publier un dossier destination, je croise toujours plusieurs sources, je v\u00e9rifie les tarifs et les formalit\u00e9s d'entr\u00e9e \u00e0 jour, et je teste moi-m\u00eame quand je le peux. Mon angle reste pratique avant tout : aider le lecteur \u00e0 partir l'esprit tranquille, sans mauvaise surprise une fois sur place. Je m'attache \u00e0 distinguer le coup de c\u0153ur sinc\u00e8re du simple argument marketing.","sameAs":["https:\/\/camillerouvray.fr\/"],"url":"https:\/\/voyage-aventure.com\/blog\/auteur\/noname\/"}]}},"_links":{"self":[{"href":"https:\/\/voyage-aventure.com\/blog\/wp-json\/wp\/v2\/posts\/14964","targetHints":{"allow":["GET"]}}],"collection":[{"href":"https:\/\/voyage-aventure.com\/blog\/wp-json\/wp\/v2\/posts"}],"about":[{"href":"https:\/\/voyage-aventure.com\/blog\/wp-json\/wp\/v2\/types\/post"}],"author":[{"embeddable":true,"href":"https:\/\/voyage-aventure.com\/blog\/wp-json\/wp\/v2\/users\/34"}],"replies":[{"embeddable":true,"href":"https:\/\/voyage-aventure.com\/blog\/wp-json\/wp\/v2\/comments?post=14964"}],"version-history":[{"count":3,"href":"https:\/\/voyage-aventure.com\/blog\/wp-json\/wp\/v2\/posts\/14964\/revisions"}],"predecessor-version":[{"id":22776,"href":"https:\/\/voyage-aventure.com\/blog\/wp-json\/wp\/v2\/posts\/14964\/revisions\/22776"}],"wp:featuredmedia":[{"embeddable":true,"href":"https:\/\/voyage-aventure.com\/blog\/wp-json\/wp\/v2\/media\/19882"}],"wp:attachment":[{"href":"https:\/\/voyage-aventure.com\/blog\/wp-json\/wp\/v2\/media?parent=14964"}],"wp:term":[{"taxonomy":"category","embeddable":true,"href":"https:\/\/voyage-aventure.com\/blog\/wp-json\/wp\/v2\/categories?post=14964"},{"taxonomy":"post_tag","embeddable":true,"href":"https:\/\/voyage-aventure.com\/blog\/wp-json\/wp\/v2\/tags?post=14964"}],"curies":[{"name":"wp","href":"https:\/\/api.w.org\/{rel}","templated":true}]}}