{"id":14955,"date":"2026-06-16T17:08:50","date_gmt":"2026-06-16T15:08:50","guid":{"rendered":"https:\/\/voyage-aventure.com\/blog\/?p=14955"},"modified":"2026-06-16T17:08:50","modified_gmt":"2026-06-16T15:08:50","slug":"des-restrictions-de-voyage-en-preparation-le-gouvernement-trump-envisage-un-nouveau-bannissement","status":"publish","type":"post","link":"https:\/\/voyage-aventure.com\/blog\/a-la-une\/des-restrictions-de-voyage-en-preparation-le-gouvernement-trump-envisage-un-nouveau-bannissement\/","title":{"rendered":"Des restrictions de voyage en pr\u00e9paration : le gouvernement Trump envisage un nouveau bannissement"},"content":{"rendered":"<link rel=\"stylesheet\" href=\"https:\/\/fonts.googleapis.com\/css2?family=Newsreader:ital,opsz,wght@0,6..72,500..700;1,6..72,500..600&#038;family=Inter:wght@400;500;600&#038;family=JetBrains+Mono:wght@500&#038;display=swap\">\n<style>\n.va-restrictions2-wrap{font-family:\"Inter\",-apple-system,sans-serif;color:#1c2230;line-height:1.65;font-size:17px;max-width:760px;margin:0 auto}\n.va-restrictions2-wrap h2{font-family:\"Newsreader\",Georgia,serif;font-weight:700;font-size:clamp(24px,3.2vw,33px);line-height:1.2;letter-spacing:-.01em;color:#1a2030;margin:48px 0 16px}\n.va-restrictions2-wrap h3{font-family:\"Newsreader\",Georgia,serif;font-weight:600;font-size:21px;color:#2E3A56;margin:26px 0 10px}\n.va-restrictions2-wrap p{margin:0 0 18px}\n.va-restrictions2-dateline{font-family:\"JetBrains Mono\",monospace;font-size:12px;letter-spacing:.06em;text-transform:uppercase;color:#5a6478;border-left:3px solid #2E3A56;padding-left:12px;margin:0 0 22px}\n.va-restrictions2-lead{font-family:\"Newsreader\",Georgia,serif;font-size:21px;line-height:1.5;color:#33415c;font-weight:500;margin:0 0 28px}\n.va-restrictions2-essentiel{background:#f4f6fb;border-left:5px solid #2E3A56;border-radius:4px;padding:22px 24px;margin:0 0 36px;box-shadow:0 1px 2px rgba(16,24,40,.05),0 12px 28px -16px rgba(16,24,40,.18)}\n.va-restrictions2-essentiel .va-restrictions2-kicker{font-family:\"JetBrains Mono\",monospace;font-size:12px;letter-spacing:.1em;text-transform:uppercase;color:#2E3A56;margin:0 0 14px;font-weight:500}\n.va-restrictions2-row{display:flex;gap:14px;margin:0 0 12px;align-items:baseline}\n.va-restrictions2-row:last-child{margin-bottom:0}\n.va-restrictions2-tag{font-family:\"JetBrains Mono\",monospace;font-size:11px;letter-spacing:.05em;text-transform:uppercase;color:#fff;background:#2E3A56;padding:4px 9px;border-radius:3px;white-space:nowrap;flex:0 0 auto}\n.va-restrictions2-rowtxt{flex:1}\n.va-restrictions2-grid{display:grid;grid-template-columns:repeat(auto-fit,minmax(220px,1fr));gap:22px;margin:28px 0 8px}\n.va-restrictions2-card{border:1px solid #e4e7ef;border-top:3px solid #2E3A56;border-radius:6px;padding:22px 24px;background:#fff;transition:.25s ease;box-shadow:0 1px 2px rgba(16,24,40,.05)}\n.va-restrictions2-card:hover{transform:translateY(-3px);box-shadow:0 1px 2px rgba(16,24,40,.05),0 16px 32px -18px rgba(16,24,40,.28)}\n.va-restrictions2-card .va-restrictions2-ct{font-family:\"JetBrains Mono\",monospace;font-size:11px;letter-spacing:.08em;text-transform:uppercase;color:#2E3A56;margin:0 0 10px}\n.va-restrictions2-card .va-restrictions2-ch{font-family:\"Newsreader\",Georgia,serif;font-weight:600;font-size:18px;color:#1a2030;margin:0 0 8px;line-height:1.25}\n.va-restrictions2-card .va-restrictions2-cb{font-size:15px;line-height:1.55;color:#44506a}\n.va-restrictions2-quote{border-left:5px solid #2E3A56;background:#f4f6fb;padding:22px 26px;margin:34px 0;font-family:\"Newsreader\",Georgia,serif;font-style:italic;font-size:21px;line-height:1.45;color:#283145}\n.va-restrictions2-quote .va-restrictions2-cite{display:block;font-family:\"Inter\",sans-serif;font-style:normal;font-size:13px;color:#5a6478;margin-top:12px;letter-spacing:.02em}\n.va-restrictions2-source{border:1px dashed #b9c1d6;border-radius:6px;padding:20px 24px;margin:34px 0;background:#fafbfe}\n.va-restrictions2-source .va-restrictions2-st{font-family:\"JetBrains Mono\",monospace;font-size:12px;letter-spacing:.08em;text-transform:uppercase;color:#2E3A56;margin:0 0 10px}\n.va-restrictions2-source .va-restrictions2-sb{font-size:15px;line-height:1.6;color:#44506a}\n.va-restrictions2-retenir{margin:40px 0 30px}\n.va-restrictions2-retenir ul{list-style:none;padding:0;margin:14px 0 0}\n.va-restrictions2-retenir li{position:relative;padding-left:26px;margin:0 0 12px;font-size:16px;line-height:1.55}\n.va-restrictions2-retenir li::before{content:\"\u2192\";position:absolute;left:0;color:#2E3A56;font-weight:600}\n.va-restrictions2-faq{margin:36px 0}\n.va-restrictions2-faq details{border:1px solid #e4e7ef;border-radius:6px;padding:0;margin:0 0 12px;transition:.25s ease;overflow:hidden}\n.va-restrictions2-faq details[open]{border-color:#2E3A56;box-shadow:0 12px 28px -18px rgba(16,24,40,.25)}\n.va-restrictions2-faq summary{cursor:pointer;list-style:none;padding:16px 20px;font-family:\"Newsreader\",Georgia,serif;font-weight:600;font-size:18px;color:#1a2030}\n.va-restrictions2-faq summary::-webkit-details-marker{display:none}\n.va-restrictions2-faq summary::before{content:\"+\";color:#2E3A56;font-weight:700;margin-right:10px}\n.va-restrictions2-faq details[open] summary::before{content:\"\u2212\"}\n.va-restrictions2-faq .va-restrictions2-fa{padding:0 20px 18px;font-size:15px;line-height:1.6;color:#44506a}\n\/*RENDERFIX2*\/.va-restrictions2-tag{color:#eef3f9!important}.va-restrictions2-tag p,.va-restrictions2-tag li,.va-restrictions2-tag strong,.va-restrictions2-tag em,.va-restrictions2-tag a,.va-restrictions2-tag span,.va-restrictions2-tag b,.va-restrictions2-tag td,.va-restrictions2-tag th,.va-restrictions2-tag h2,.va-restrictions2-tag h3,.va-restrictions2-tag h4{color:#eef3f9!important}.va-restrictions2-tag strong,.va-restrictions2-tag b{color:#ffffff!important}<\/style>\n<div class=\"va-restrictions2-wrap\">\n<div class=\"va-restrictions2-dateline\">Mise \u00e0 jour &mdash; mars 2025 &middot; Sujet en cours d&rsquo;arbitrage<\/div>\n<div class=\"va-restrictions2-lead\">Une mesure de restrictions de voyage serait, selon l&rsquo;article, en cours de pr\u00e9paration au sein de l&rsquo;administration Trump. Ce point fait l&rsquo;\u00e9tat d&rsquo;avancement du dossier&nbsp;: ce qui serait sur la table, \u00e0 quel stade et qui serait potentiellement concern\u00e9, sans rien pr\u00e9juger d&rsquo;une d\u00e9cision encore non act\u00e9e.<\/div>\n<div class=\"va-restrictions2-essentiel\">\n<div class=\"va-restrictions2-kicker\">L&rsquo;essentiel<\/div>\n<div class=\"va-restrictions2-row\"><span class=\"va-restrictions2-tag\">Ce qui se pr\u00e9pare<\/span><span class=\"va-restrictions2-rowtxt\">Selon une note interne \u00e9voqu\u00e9e par des sources, l&rsquo;administration aurait envisag\u00e9 des restrictions de voyage pouvant affecter jusqu&rsquo;\u00e0 41 nations, r\u00e9parties en trois groupes.<\/span><\/div>\n<div class=\"va-restrictions2-row\"><span class=\"va-restrictions2-tag\">Statut<\/span><span class=\"va-restrictions2-rowtxt\">Rien ne serait act\u00e9&nbsp;: un responsable am\u00e9ricain aurait soulign\u00e9 que la liste \u00ab&nbsp;n&rsquo;est pas encore grav\u00e9e dans le marbre&nbsp;\u00bb et reste en discussion au sein du cabinet.<\/span><\/div>\n<div class=\"va-restrictions2-row\"><span class=\"va-restrictions2-tag\">Qui serait vis\u00e9<\/span><span class=\"va-restrictions2-rowtxt\">Selon la note, un premier groupe (Afghanistan, Iran, Syrie) ferait face \u00e0 une suspension totale des visas, un deuxi\u00e8me \u00e0 une suspension partielle, le reste demeurant \u00e0 l&rsquo;\u00e9tude.<\/span><\/div>\n<\/div>\n<h2>Une nouvelle vague de restrictions de voyage<\/h2>\n<p>Selon l&rsquo;article, le gouvernement Trump envisagerait d&rsquo;imposer des restrictions de voyage s\u00e9v\u00e8res pour les citoyens de plusieurs pays. D&rsquo;apr\u00e8s une note interne consult\u00e9e par des sources, cette mesure pourrait affecter jusqu&rsquo;\u00e0 41 nations. Les d\u00e9tails de cette proposition \u00e9voqueraient un retour \u00e0 des pratiques similaires \u00e0 celles mises en place lors de son premier mandat.<\/p>\n<p>Toujours selon cette note, les pays seraient class\u00e9s en trois groupes distincts. Le premier groupe, qui comprendrait des nations comme l&rsquo;Afghanistan et l&rsquo;Iran, ferait face \u00e0 une suspension totale des visas. Une telle d\u00e9cision, si elle \u00e9tait confirm\u00e9e, pourrait soulever des questions politiques et humanitaires pour les ressortissants concern\u00e9s.<\/p>\n<p><iframe loading=\"lazy\" title=\"La France d\u00e9conseille les vacances en Espagne et au Portugal en raison du variant Delta\" width=\"1200\" height=\"675\" src=\"https:\/\/www.youtube.com\/embed\/OJ94rCf1hoc?feature=oembed\" frameborder=\"0\" allow=\"accelerometer; autoplay; clipboard-write; encrypted-media; gyroscope; picture-in-picture; web-share\" referrerpolicy=\"strict-origin-when-cross-origin\" allowfullscreen><\/iframe><\/p>\n<h2>Les groupes de pays cibl\u00e9s<\/h2>\n<p>D&rsquo;apr\u00e8s la note \u00e9voqu\u00e9e par les sources, le dispositif reposerait sur un classement des pays en plusieurs cat\u00e9gories, chacune correspondant \u00e0 un niveau de restriction diff\u00e9rent. Les \u00e9l\u00e9ments ci-dessous reprennent uniquement les informations attribu\u00e9es \u00e0 cette note, telles que rapport\u00e9es.<\/p>\n<div class=\"va-restrictions2-grid\">\n<div class=\"va-restrictions2-card\">\n<div class=\"va-restrictions2-ct\">Groupe 1<\/div>\n<div class=\"va-restrictions2-ch\">Suspension compl\u00e8te des visas<\/div>\n<div class=\"va-restrictions2-cb\">Inclurait, selon la note, l&rsquo;Afghanistan, l&rsquo;Iran et la Syrie. Les ressortissants de ces pays ne pourraient plus entrer aux \u00c9tats-Unis sous aucune forme de visa, avec des cons\u00e9quences \u00e9voqu\u00e9es pour les familles et les personnes en qu\u00eate de refuge.<\/div>\n<\/div>\n<div class=\"va-restrictions2-card\">\n<div class=\"va-restrictions2-ct\">Groupe 2<\/div>\n<div class=\"va-restrictions2-ch\">Suspension partielle<\/div>\n<div class=\"va-restrictions2-cb\">Comprendrait cinq pays, dont Ha\u00efti et le Laos. Seraient particuli\u00e8rement vis\u00e9s les visas touristiques et \u00e9tudiants, ce qui limiterait, le cas \u00e9ch\u00e9ant, les opportunit\u00e9s d&rsquo;\u00e9ducation et de tourisme. Les exceptions ne seraient pas encore clairement d\u00e9finies.<\/div>\n<\/div>\n<div class=\"va-restrictions2-card\">\n<div class=\"va-restrictions2-ct\">Groupe 3<\/div>\n<div class=\"va-restrictions2-ch\">Pays restants \u00e0 l&rsquo;\u00e9tude<\/div>\n<div class=\"va-restrictions2-cb\">Selon les \u00e9l\u00e9ments rapport\u00e9s, les autres nations de la liste resteraient en cours d&rsquo;analyse. Leur sort d\u00e9pendrait de l&rsquo;arbitrage final, encore en discussion au moment des faits.<\/div>\n<\/div>\n<\/div>\n<h2>Des implications \u00e0 long terme sur la politique migratoire<\/h2>\n<p>D&rsquo;apr\u00e8s l&rsquo;article, les implications de telles restrictions pourraient \u00eatre consid\u00e9rables pour la politique migratoire am\u00e9ricaine. Comme l&rsquo;aurait soulign\u00e9 un responsable am\u00e9ricain, cette liste ne serait pas encore grav\u00e9e dans le marbre et pourrait \u00e9voluer. L&rsquo;approbation finale de ces mesures serait encore en discussion avec les membres du cabinet, y compris, selon les sources, le secr\u00e9taire d&rsquo;\u00c9tat Marco Rubio.<\/p>\n<p>Le projet rappellerait, selon l&rsquo;article, les politiques sur l&rsquo;immigration de l&rsquo;administration Trump qui avaient abouti \u00e0 un pr\u00e9c\u00e9dent blocage de voyageurs de sept pays majoritairement musulmans. Ce nouveau plan s&rsquo;inscrirait dans une volont\u00e9 affich\u00e9e de renforcer les mesures de s\u00e9curit\u00e9 nationale.<\/p>\n<div class=\"va-restrictions2-quote\">\n\u00ab&nbsp;Nous devons intensifier les contr\u00f4les de s\u00e9curit\u00e9 pour prot\u00e9ger notre pays des menaces potentielles.&nbsp;\u00bb<br \/>\n<span class=\"va-restrictions2-cite\">&mdash; Propos attribu\u00e9s \u00e0 un responsable de l&rsquo;administration Trump, selon l&rsquo;article<\/span>\n<\/div>\n<h3>L&rsquo;\u00e9tat d&rsquo;avancement, en synth\u00e8se<\/h3>\n<div class=\"va-restrictions2-grid\">\n<div class=\"va-restrictions2-card\">\n<div class=\"va-restrictions2-ct\">Volet 1<\/div>\n<div class=\"va-restrictions2-ch\">Suspension totale<\/div>\n<div class=\"va-restrictions2-cb\">\u00c9voqu\u00e9e pour 10 pays selon la note rapport\u00e9e.<\/div>\n<\/div>\n<div class=\"va-restrictions2-card\">\n<div class=\"va-restrictions2-ct\">Volet 2<\/div>\n<div class=\"va-restrictions2-ch\">Suspension partielle<\/div>\n<div class=\"va-restrictions2-cb\">\u00c9voqu\u00e9e pour 5 autres pays.<\/div>\n<\/div>\n<div class=\"va-restrictions2-card\">\n<div class=\"va-restrictions2-ct\">Volet 3<\/div>\n<div class=\"va-restrictions2-ch\">Analyse continue<\/div>\n<div class=\"va-restrictions2-cb\">Porterait sur les 26 pays restants.<\/div>\n<\/div>\n<\/div>\n<div class=\"va-restrictions2-source\">\n<div class=\"va-restrictions2-st\">Voyageurs concern\u00e9s &mdash; sources officielles<\/div>\n<div class=\"va-restrictions2-sb\">\u00c0 ce stade, aucune mesure ne serait act\u00e9e. Les personnes potentiellement concern\u00e9es sont invit\u00e9es \u00e0 se r\u00e9f\u00e9rer aux canaux officiels&nbsp;: l&rsquo;ambassade ou le consulat des \u00c9tats-Unis comp\u00e9tent, ainsi que les conseils aux voyageurs de leur propre pays. Les conditions d&rsquo;entr\u00e9e pouvant \u00e9voluer, seuls ces canaux font foi.<\/div>\n<\/div>\n<p>Selon l&rsquo;article, l&rsquo;administration para\u00eetrait dispos\u00e9e \u00e0 faire avancer ce dossier, mais l&rsquo;impact \u00e9ventuel sur les relations internationales resterait \u00e0 appr\u00e9cier. Les discussions devraient continuer d&rsquo;\u00e9voluer dans les mois \u00e0 venir, et la r\u00e9ponse des pays concern\u00e9s comme des organisations internationales pourrait peser sur l&rsquo;arbitrage final.<\/p>\n<div class=\"va-restrictions2-retenir\">\n<h2>Ce qu&rsquo;il faut retenir<\/h2>\n<ul>\n<li>Selon l&rsquo;article, une mesure de restrictions de voyage serait en pr\u00e9paration, susceptible de concerner jusqu&rsquo;\u00e0 41 nations r\u00e9parties en trois groupes.<\/li>\n<li>Le calendrier resterait ouvert&nbsp;: la liste ne serait \u00ab&nbsp;pas encore grav\u00e9e dans le marbre&nbsp;\u00bb et l&rsquo;approbation finale resterait en discussion au sein du cabinet.<\/li>\n<li>Les niveaux de restriction iraient, selon la note, de la suspension totale (Afghanistan, Iran, Syrie) \u00e0 une suspension partielle, le reste \u00e9tant \u00e0 l&rsquo;\u00e9tude.<\/li>\n<li>Aucune d\u00e9cision n&rsquo;\u00e9tant act\u00e9e, les voyageurs concern\u00e9s gagnent \u00e0 se r\u00e9f\u00e9rer aux ambassades et aux conseils aux voyageurs officiels.<\/li>\n<\/ul>\n<\/div>\n<div class=\"va-restrictions2-faq\">\n<details>\n<summary>Cette mesure est-elle d\u00e9j\u00e0 en vigueur&nbsp;?<\/summary>\n<div class=\"va-restrictions2-fa\">Non. Selon l&rsquo;article, il s&rsquo;agirait d&rsquo;un projet en pr\u00e9paration. Un responsable am\u00e9ricain aurait pr\u00e9cis\u00e9 que la liste n&rsquo;\u00e9tait pas encore arr\u00eat\u00e9e et que l&rsquo;approbation finale restait en discussion au sein du cabinet.<\/div>\n<\/details>\n<details>\n<summary>Combien de pays seraient potentiellement concern\u00e9s&nbsp;?<\/summary>\n<div class=\"va-restrictions2-fa\">D&rsquo;apr\u00e8s la note \u00e9voqu\u00e9e par les sources, la mesure pourrait affecter jusqu&rsquo;\u00e0 41 nations, r\u00e9parties en trois groupes&nbsp;: suspension totale, suspension partielle, et pays restant \u00e0 l&rsquo;\u00e9tude.<\/div>\n<\/details>\n<details>\n<summary>O\u00f9 v\u00e9rifier l&rsquo;information avant un voyage&nbsp;?<\/summary>\n<div class=\"va-restrictions2-fa\">Aupr\u00e8s des canaux officiels uniquement&nbsp;: l&rsquo;ambassade ou le consulat des \u00c9tats-Unis comp\u00e9tent et les conseils aux voyageurs de votre pays. Les conditions d&rsquo;entr\u00e9e pouvant \u00e9voluer, ce sont les seules r\u00e9f\u00e9rences fiables.<\/div>\n<\/details>\n<\/div>\n<\/div>\n","protected":false},"excerpt":{"rendered":"","protected":false},"author":34,"featured_media":19865,"comment_status":"open","ping_status":"open","sticky":false,"template":"","format":"standard","meta":{"_acf_changed":false,"manual_indexmenow":false,"indexmenow_id_project":0,"footnotes":""},"categories":[1],"tags":[4620,3878,5688,3170,4635],"class_list":["post-14955","post","type-post","status-publish","format-standard","has-post-thumbnail","hentry","category-a-la-une","tag-annulation-de-voyage","tag-protection","tag-relations-internationales","tag-securite","tag-voyage","generate-columns","tablet-grid-50","mobile-grid-100","grid-parent","grid-25"],"acf":[],"yoast_head":"<!-- This site is optimized with the Yoast SEO Premium plugin v21.3 (Yoast SEO v25.1) - https:\/\/yoast.com\/wordpress\/plugins\/seo\/ -->\n<title>Des restrictions de voyage en pr\u00e9paration : le gouvernement<\/title>\n<meta name=\"description\" content=\"Mise \u00e0 jour \u2014 mars 2025 \u00b7 Sujet en cours d&#039;arbitrage Une mesure de restrictions de voyage serait, selon l&#039;article, en cours de pr\u00e9paration au sein de\" \/>\n<meta name=\"robots\" content=\"index, follow, max-snippet:-1, max-image-preview:large, max-video-preview:-1\" \/>\n<link rel=\"canonical\" href=\"https:\/\/voyage-aventure.com\/blog\/a-la-une\/des-restrictions-de-voyage-en-preparation-le-gouvernement-trump-envisage-un-nouveau-bannissement\/\" \/>\n<meta property=\"og:locale\" content=\"fr_FR\" \/>\n<meta property=\"og:type\" content=\"article\" \/>\n<meta property=\"og:title\" content=\"Des restrictions de voyage en pr\u00e9paration : le gouvernement\" \/>\n<meta property=\"og:description\" content=\"Mise \u00e0 jour \u2014 mars 2025 \u00b7 Sujet en cours d&#039;arbitrage Une mesure de restrictions de voyage serait, selon l&#039;article, en cours de pr\u00e9paration au sein de\" \/>\n<meta property=\"og:url\" content=\"https:\/\/voyage-aventure.com\/blog\/a-la-une\/des-restrictions-de-voyage-en-preparation-le-gouvernement-trump-envisage-un-nouveau-bannissement\/\" \/>\n<meta property=\"og:site_name\" content=\"voyage-aventure\" \/>\n<meta property=\"og:image\" content=\"https:\/\/voyage-aventure.com\/blog\/wp-content\/uploads\/2025\/05\/sdxl-97c23e45e90becb7daa12c943915e960-scaled.png\" \/>\n\t<meta property=\"og:image:width\" content=\"1200\" \/>\n\t<meta property=\"og:image:height\" content=\"500\" \/>\n\t<meta property=\"og:image:type\" content=\"image\/png\" \/>\n<meta name=\"author\" content=\"Camille Rouvray\" \/>\n<meta name=\"twitter:card\" content=\"summary_large_image\" \/>\n<script type=\"application\/ld+json\" class=\"yoast-schema-graph\">{\"@context\":\"https:\/\/schema.org\",\"@graph\":[{\"@type\":\"NewsArticle\",\"@id\":\"https:\/\/voyage-aventure.com\/blog\/a-la-une\/des-restrictions-de-voyage-en-preparation-le-gouvernement-trump-envisage-un-nouveau-bannissement\/#article\",\"isPartOf\":{\"@id\":\"https:\/\/voyage-aventure.com\/blog\/a-la-une\/des-restrictions-de-voyage-en-preparation-le-gouvernement-trump-envisage-un-nouveau-bannissement\/\"},\"author\":{\"name\":\"Camille Rouvray\",\"@id\":\"https:\/\/voyage-aventure.com\/blog\/#\/schema\/person\/3c864cdc320801e3db34b663e7e3f816\"},\"headline\":\"Des restrictions de voyage en pr\u00e9paration : le gouvernement Trump envisage un nouveau bannissement\",\"datePublished\":\"2026-06-16T15:08:50+00:00\",\"mainEntityOfPage\":{\"@id\":\"https:\/\/voyage-aventure.com\/blog\/a-la-une\/des-restrictions-de-voyage-en-preparation-le-gouvernement-trump-envisage-un-nouveau-bannissement\/\"},\"wordCount\":1035,\"commentCount\":14,\"publisher\":{\"@id\":\"https:\/\/voyage-aventure.com\/blog\/#organization\"},\"image\":{\"@id\":\"https:\/\/voyage-aventure.com\/blog\/a-la-une\/des-restrictions-de-voyage-en-preparation-le-gouvernement-trump-envisage-un-nouveau-bannissement\/#primaryimage\"},\"thumbnailUrl\":\"https:\/\/voyage-aventure.com\/blog\/wp-content\/uploads\/2025\/05\/sdxl-97c23e45e90becb7daa12c943915e960-scaled.png\",\"keywords\":[\"Annulation de Voyage\",\"Protection\",\"Relations Internationales\",\"S\u00e9curit\u00e9\",\"Voyage\"],\"articleSection\":[\"\u00c0 la une\"],\"inLanguage\":\"fr-FR\",\"potentialAction\":[{\"@type\":\"CommentAction\",\"name\":\"Comment\",\"target\":[\"https:\/\/voyage-aventure.com\/blog\/a-la-une\/des-restrictions-de-voyage-en-preparation-le-gouvernement-trump-envisage-un-nouveau-bannissement\/#respond\"]}]},{\"@type\":\"WebPage\",\"@id\":\"https:\/\/voyage-aventure.com\/blog\/a-la-une\/des-restrictions-de-voyage-en-preparation-le-gouvernement-trump-envisage-un-nouveau-bannissement\/\",\"url\":\"https:\/\/voyage-aventure.com\/blog\/a-la-une\/des-restrictions-de-voyage-en-preparation-le-gouvernement-trump-envisage-un-nouveau-bannissement\/\",\"name\":\"Des restrictions de voyage en pr\u00e9paration : le gouvernement\",\"isPartOf\":{\"@id\":\"https:\/\/voyage-aventure.com\/blog\/#website\"},\"primaryImageOfPage\":{\"@id\":\"https:\/\/voyage-aventure.com\/blog\/a-la-une\/des-restrictions-de-voyage-en-preparation-le-gouvernement-trump-envisage-un-nouveau-bannissement\/#primaryimage\"},\"image\":{\"@id\":\"https:\/\/voyage-aventure.com\/blog\/a-la-une\/des-restrictions-de-voyage-en-preparation-le-gouvernement-trump-envisage-un-nouveau-bannissement\/#primaryimage\"},\"thumbnailUrl\":\"https:\/\/voyage-aventure.com\/blog\/wp-content\/uploads\/2025\/05\/sdxl-97c23e45e90becb7daa12c943915e960-scaled.png\",\"datePublished\":\"2026-06-16T15:08:50+00:00\",\"description\":\"Mise \u00e0 jour \u2014 mars 2025 \u00b7 Sujet en cours d'arbitrage Une mesure de restrictions de voyage serait, selon l'article, en cours de pr\u00e9paration au sein de\",\"inLanguage\":\"fr-FR\",\"potentialAction\":[{\"@type\":\"ReadAction\",\"target\":[\"https:\/\/voyage-aventure.com\/blog\/a-la-une\/des-restrictions-de-voyage-en-preparation-le-gouvernement-trump-envisage-un-nouveau-bannissement\/\"]}]},{\"@type\":\"ImageObject\",\"inLanguage\":\"fr-FR\",\"@id\":\"https:\/\/voyage-aventure.com\/blog\/a-la-une\/des-restrictions-de-voyage-en-preparation-le-gouvernement-trump-envisage-un-nouveau-bannissement\/#primaryimage\",\"url\":\"https:\/\/voyage-aventure.com\/blog\/wp-content\/uploads\/2025\/05\/sdxl-97c23e45e90becb7daa12c943915e960-scaled.png\",\"contentUrl\":\"https:\/\/voyage-aventure.com\/blog\/wp-content\/uploads\/2025\/05\/sdxl-97c23e45e90becb7daa12c943915e960-scaled.png\",\"width\":1200,\"height\":500},{\"@type\":\"WebSite\",\"@id\":\"https:\/\/voyage-aventure.com\/blog\/#website\",\"url\":\"https:\/\/voyage-aventure.com\/blog\/\",\"name\":\"voyage-aventure.com\",\"description\":\"Votre passeport pour l\u2019inattendu.\",\"publisher\":{\"@id\":\"https:\/\/voyage-aventure.com\/blog\/#organization\"},\"alternateName\":\"Votre passeport pour l\u2019inattendu.\",\"potentialAction\":[{\"@type\":\"SearchAction\",\"target\":{\"@type\":\"EntryPoint\",\"urlTemplate\":\"https:\/\/voyage-aventure.com\/blog\/?s={search_term_string}\"},\"query-input\":{\"@type\":\"PropertyValueSpecification\",\"valueRequired\":true,\"valueName\":\"search_term_string\"}}],\"inLanguage\":\"fr-FR\"},{\"@type\":\"Organization\",\"@id\":\"https:\/\/voyage-aventure.com\/blog\/#organization\",\"name\":\"Foretsensations.fr\",\"url\":\"https:\/\/voyage-aventure.com\/blog\/\",\"logo\":{\"@type\":\"ImageObject\",\"inLanguage\":\"fr-FR\",\"@id\":\"https:\/\/voyage-aventure.com\/blog\/#\/schema\/logo\/image\/\",\"url\":\"https:\/\/voyage-aventure.com\/blog\/wp-content\/uploads\/2024\/12\/19.png\",\"contentUrl\":\"https:\/\/voyage-aventure.com\/blog\/wp-content\/uploads\/2024\/12\/19.png\",\"width\":512,\"height\":512,\"caption\":\"Foretsensations.fr\"},\"image\":{\"@id\":\"https:\/\/voyage-aventure.com\/blog\/#\/schema\/logo\/image\/\"}},{\"@type\":\"Person\",\"@id\":\"https:\/\/voyage-aventure.com\/blog\/#\/schema\/person\/3c864cdc320801e3db34b663e7e3f816\",\"name\":\"Camille Rouvray\",\"image\":{\"@type\":\"ImageObject\",\"inLanguage\":\"fr-FR\",\"@id\":\"https:\/\/voyage-aventure.com\/blog\/#\/schema\/person\/image\/\",\"url\":\"https:\/\/voyage-aventure.com\/blog\/wp-content\/uploads\/2026\/06\/persona_camille-r-96x96.jpg\",\"contentUrl\":\"https:\/\/voyage-aventure.com\/blog\/wp-content\/uploads\/2026\/06\/persona_camille-r-96x96.jpg\",\"caption\":\"Camille Rouvray\"},\"description\":\"Je voyage et j'\u00e9cris sur le voyage depuis une douzaine d'ann\u00e9es, d'abord en tant que routarde au long cours, puis comme r\u00e9dactrice sp\u00e9cialis\u00e9e. Mon terrain de pr\u00e9dilection, ce sont les circuits organis\u00e9s et l'art de bien pr\u00e9parer un itin\u00e9raire : choix de la saison, dur\u00e9e r\u00e9aliste des \u00e9tapes, budget jour par jour, logement et transport sur place. J'aime aussi raconter les p\u00e9pites urbaines, ces adresses qu'on ne trouve pas dans les guides classiques. Avant de publier un dossier destination, je croise toujours plusieurs sources, je v\u00e9rifie les tarifs et les formalit\u00e9s d'entr\u00e9e \u00e0 jour, et je teste moi-m\u00eame quand je le peux. Mon angle reste pratique avant tout : aider le lecteur \u00e0 partir l'esprit tranquille, sans mauvaise surprise une fois sur place. Je m'attache \u00e0 distinguer le coup de c\u0153ur sinc\u00e8re du simple argument marketing.\",\"sameAs\":[\"https:\/\/camillerouvray.fr\/\"],\"url\":\"https:\/\/voyage-aventure.com\/blog\/auteur\/noname\/\"}]}<\/script>\n<!-- \/ Yoast SEO Premium plugin. -->","yoast_head_json":{"title":"Des restrictions de voyage en pr\u00e9paration : le gouvernement","description":"Mise \u00e0 jour \u2014 mars 2025 \u00b7 Sujet en cours d'arbitrage Une mesure de restrictions de voyage serait, selon l'article, en cours de pr\u00e9paration au sein de","robots":{"index":"index","follow":"follow","max-snippet":"max-snippet:-1","max-image-preview":"max-image-preview:large","max-video-preview":"max-video-preview:-1"},"canonical":"https:\/\/voyage-aventure.com\/blog\/a-la-une\/des-restrictions-de-voyage-en-preparation-le-gouvernement-trump-envisage-un-nouveau-bannissement\/","og_locale":"fr_FR","og_type":"article","og_title":"Des restrictions de voyage en pr\u00e9paration : le gouvernement","og_description":"Mise \u00e0 jour \u2014 mars 2025 \u00b7 Sujet en cours d'arbitrage Une mesure de restrictions de voyage serait, selon l'article, en cours de pr\u00e9paration au sein de","og_url":"https:\/\/voyage-aventure.com\/blog\/a-la-une\/des-restrictions-de-voyage-en-preparation-le-gouvernement-trump-envisage-un-nouveau-bannissement\/","og_site_name":"voyage-aventure","og_image":[{"width":1200,"height":500,"url":"https:\/\/voyage-aventure.com\/blog\/wp-content\/uploads\/2025\/05\/sdxl-97c23e45e90becb7daa12c943915e960-scaled.png","type":"image\/png"}],"author":"Camille Rouvray","twitter_card":"summary_large_image","schema":{"@context":"https:\/\/schema.org","@graph":[{"@type":"NewsArticle","@id":"https:\/\/voyage-aventure.com\/blog\/a-la-une\/des-restrictions-de-voyage-en-preparation-le-gouvernement-trump-envisage-un-nouveau-bannissement\/#article","isPartOf":{"@id":"https:\/\/voyage-aventure.com\/blog\/a-la-une\/des-restrictions-de-voyage-en-preparation-le-gouvernement-trump-envisage-un-nouveau-bannissement\/"},"author":{"name":"Camille Rouvray","@id":"https:\/\/voyage-aventure.com\/blog\/#\/schema\/person\/3c864cdc320801e3db34b663e7e3f816"},"headline":"Des restrictions de voyage en pr\u00e9paration : le gouvernement Trump envisage un nouveau bannissement","datePublished":"2026-06-16T15:08:50+00:00","mainEntityOfPage":{"@id":"https:\/\/voyage-aventure.com\/blog\/a-la-une\/des-restrictions-de-voyage-en-preparation-le-gouvernement-trump-envisage-un-nouveau-bannissement\/"},"wordCount":1035,"commentCount":14,"publisher":{"@id":"https:\/\/voyage-aventure.com\/blog\/#organization"},"image":{"@id":"https:\/\/voyage-aventure.com\/blog\/a-la-une\/des-restrictions-de-voyage-en-preparation-le-gouvernement-trump-envisage-un-nouveau-bannissement\/#primaryimage"},"thumbnailUrl":"https:\/\/voyage-aventure.com\/blog\/wp-content\/uploads\/2025\/05\/sdxl-97c23e45e90becb7daa12c943915e960-scaled.png","keywords":["Annulation de Voyage","Protection","Relations Internationales","S\u00e9curit\u00e9","Voyage"],"articleSection":["\u00c0 la une"],"inLanguage":"fr-FR","potentialAction":[{"@type":"CommentAction","name":"Comment","target":["https:\/\/voyage-aventure.com\/blog\/a-la-une\/des-restrictions-de-voyage-en-preparation-le-gouvernement-trump-envisage-un-nouveau-bannissement\/#respond"]}]},{"@type":"WebPage","@id":"https:\/\/voyage-aventure.com\/blog\/a-la-une\/des-restrictions-de-voyage-en-preparation-le-gouvernement-trump-envisage-un-nouveau-bannissement\/","url":"https:\/\/voyage-aventure.com\/blog\/a-la-une\/des-restrictions-de-voyage-en-preparation-le-gouvernement-trump-envisage-un-nouveau-bannissement\/","name":"Des restrictions de voyage en pr\u00e9paration : le gouvernement","isPartOf":{"@id":"https:\/\/voyage-aventure.com\/blog\/#website"},"primaryImageOfPage":{"@id":"https:\/\/voyage-aventure.com\/blog\/a-la-une\/des-restrictions-de-voyage-en-preparation-le-gouvernement-trump-envisage-un-nouveau-bannissement\/#primaryimage"},"image":{"@id":"https:\/\/voyage-aventure.com\/blog\/a-la-une\/des-restrictions-de-voyage-en-preparation-le-gouvernement-trump-envisage-un-nouveau-bannissement\/#primaryimage"},"thumbnailUrl":"https:\/\/voyage-aventure.com\/blog\/wp-content\/uploads\/2025\/05\/sdxl-97c23e45e90becb7daa12c943915e960-scaled.png","datePublished":"2026-06-16T15:08:50+00:00","description":"Mise \u00e0 jour \u2014 mars 2025 \u00b7 Sujet en cours d'arbitrage Une mesure de restrictions de voyage serait, selon l'article, en cours de pr\u00e9paration au sein de","inLanguage":"fr-FR","potentialAction":[{"@type":"ReadAction","target":["https:\/\/voyage-aventure.com\/blog\/a-la-une\/des-restrictions-de-voyage-en-preparation-le-gouvernement-trump-envisage-un-nouveau-bannissement\/"]}]},{"@type":"ImageObject","inLanguage":"fr-FR","@id":"https:\/\/voyage-aventure.com\/blog\/a-la-une\/des-restrictions-de-voyage-en-preparation-le-gouvernement-trump-envisage-un-nouveau-bannissement\/#primaryimage","url":"https:\/\/voyage-aventure.com\/blog\/wp-content\/uploads\/2025\/05\/sdxl-97c23e45e90becb7daa12c943915e960-scaled.png","contentUrl":"https:\/\/voyage-aventure.com\/blog\/wp-content\/uploads\/2025\/05\/sdxl-97c23e45e90becb7daa12c943915e960-scaled.png","width":1200,"height":500},{"@type":"WebSite","@id":"https:\/\/voyage-aventure.com\/blog\/#website","url":"https:\/\/voyage-aventure.com\/blog\/","name":"voyage-aventure.com","description":"Votre passeport pour l\u2019inattendu.","publisher":{"@id":"https:\/\/voyage-aventure.com\/blog\/#organization"},"alternateName":"Votre passeport pour l\u2019inattendu.","potentialAction":[{"@type":"SearchAction","target":{"@type":"EntryPoint","urlTemplate":"https:\/\/voyage-aventure.com\/blog\/?s={search_term_string}"},"query-input":{"@type":"PropertyValueSpecification","valueRequired":true,"valueName":"search_term_string"}}],"inLanguage":"fr-FR"},{"@type":"Organization","@id":"https:\/\/voyage-aventure.com\/blog\/#organization","name":"Foretsensations.fr","url":"https:\/\/voyage-aventure.com\/blog\/","logo":{"@type":"ImageObject","inLanguage":"fr-FR","@id":"https:\/\/voyage-aventure.com\/blog\/#\/schema\/logo\/image\/","url":"https:\/\/voyage-aventure.com\/blog\/wp-content\/uploads\/2024\/12\/19.png","contentUrl":"https:\/\/voyage-aventure.com\/blog\/wp-content\/uploads\/2024\/12\/19.png","width":512,"height":512,"caption":"Foretsensations.fr"},"image":{"@id":"https:\/\/voyage-aventure.com\/blog\/#\/schema\/logo\/image\/"}},{"@type":"Person","@id":"https:\/\/voyage-aventure.com\/blog\/#\/schema\/person\/3c864cdc320801e3db34b663e7e3f816","name":"Camille Rouvray","image":{"@type":"ImageObject","inLanguage":"fr-FR","@id":"https:\/\/voyage-aventure.com\/blog\/#\/schema\/person\/image\/","url":"https:\/\/voyage-aventure.com\/blog\/wp-content\/uploads\/2026\/06\/persona_camille-r-96x96.jpg","contentUrl":"https:\/\/voyage-aventure.com\/blog\/wp-content\/uploads\/2026\/06\/persona_camille-r-96x96.jpg","caption":"Camille Rouvray"},"description":"Je voyage et j'\u00e9cris sur le voyage depuis une douzaine d'ann\u00e9es, d'abord en tant que routarde au long cours, puis comme r\u00e9dactrice sp\u00e9cialis\u00e9e. Mon terrain de pr\u00e9dilection, ce sont les circuits organis\u00e9s et l'art de bien pr\u00e9parer un itin\u00e9raire : choix de la saison, dur\u00e9e r\u00e9aliste des \u00e9tapes, budget jour par jour, logement et transport sur place. J'aime aussi raconter les p\u00e9pites urbaines, ces adresses qu'on ne trouve pas dans les guides classiques. Avant de publier un dossier destination, je croise toujours plusieurs sources, je v\u00e9rifie les tarifs et les formalit\u00e9s d'entr\u00e9e \u00e0 jour, et je teste moi-m\u00eame quand je le peux. Mon angle reste pratique avant tout : aider le lecteur \u00e0 partir l'esprit tranquille, sans mauvaise surprise une fois sur place. Je m'attache \u00e0 distinguer le coup de c\u0153ur sinc\u00e8re du simple argument marketing.","sameAs":["https:\/\/camillerouvray.fr\/"],"url":"https:\/\/voyage-aventure.com\/blog\/auteur\/noname\/"}]}},"_links":{"self":[{"href":"https:\/\/voyage-aventure.com\/blog\/wp-json\/wp\/v2\/posts\/14955","targetHints":{"allow":["GET"]}}],"collection":[{"href":"https:\/\/voyage-aventure.com\/blog\/wp-json\/wp\/v2\/posts"}],"about":[{"href":"https:\/\/voyage-aventure.com\/blog\/wp-json\/wp\/v2\/types\/post"}],"author":[{"embeddable":true,"href":"https:\/\/voyage-aventure.com\/blog\/wp-json\/wp\/v2\/users\/34"}],"replies":[{"embeddable":true,"href":"https:\/\/voyage-aventure.com\/blog\/wp-json\/wp\/v2\/comments?post=14955"}],"version-history":[{"count":3,"href":"https:\/\/voyage-aventure.com\/blog\/wp-json\/wp\/v2\/posts\/14955\/revisions"}],"predecessor-version":[{"id":22775,"href":"https:\/\/voyage-aventure.com\/blog\/wp-json\/wp\/v2\/posts\/14955\/revisions\/22775"}],"wp:featuredmedia":[{"embeddable":true,"href":"https:\/\/voyage-aventure.com\/blog\/wp-json\/wp\/v2\/media\/19865"}],"wp:attachment":[{"href":"https:\/\/voyage-aventure.com\/blog\/wp-json\/wp\/v2\/media?parent=14955"}],"wp:term":[{"taxonomy":"category","embeddable":true,"href":"https:\/\/voyage-aventure.com\/blog\/wp-json\/wp\/v2\/categories?post=14955"},{"taxonomy":"post_tag","embeddable":true,"href":"https:\/\/voyage-aventure.com\/blog\/wp-json\/wp\/v2\/tags?post=14955"}],"curies":[{"name":"wp","href":"https:\/\/api.w.org\/{rel}","templated":true}]}}