{"id":14946,"date":"2026-06-16T17:08:32","date_gmt":"2026-06-16T15:08:32","guid":{"rendered":"https:\/\/voyage-aventure.com\/blog\/?p=14946"},"modified":"2026-06-16T17:08:32","modified_gmt":"2026-06-16T15:08:32","slug":"une-nouvelle-interdiction-de-voyage-envisagee-par-trump-quels-pays-seront-touches","status":"publish","type":"post","link":"https:\/\/voyage-aventure.com\/blog\/a-la-une\/une-nouvelle-interdiction-de-voyage-envisagee-par-trump-quels-pays-seront-touches\/","title":{"rendered":"Une nouvelle interdiction de voyage envisag\u00e9e par Trump : quels pays seront touch\u00e9s ?"},"content":{"rendered":"<link rel=\"stylesheet\" href=\"https:\/\/fonts.googleapis.com\/css2?family=Newsreader:ital,opsz,wght@0,6..72,500;0,6..72,600;0,6..72,700;1,6..72,500;1,6..72,600&#038;family=Inter:wght@400;500;600&#038;family=JetBrains+Mono:wght@500&#038;display=swap\">\n<style>\n.va-travelban2-wrap{font-family:'Inter',-apple-system,BlinkMacSystemFont,sans-serif;color:#262626;line-height:1.65;font-size:17px;}\n.va-travelban2-wrap h2{font-family:'Newsreader',Georgia,serif;font-weight:700;font-size:clamp(24px,3.2vw,33px);letter-spacing:-0.01em;color:#171717;margin:48px 0 14px;line-height:1.2;}\n.va-travelban2-wrap h3{font-family:'Newsreader',Georgia,serif;font-weight:600;font-size:20px;color:#171717;margin:26px 0 10px;}\n.va-travelban2-wrap p{margin:0 0 18px;}\n.va-travelban2-dateline{font-family:'JetBrains Mono',monospace;font-size:11px;font-weight:500;letter-spacing:2px;text-transform:uppercase;color:#525252;margin:0 0 18px;display:flex;align-items:center;gap:10px;}\n.va-travelban2-dateline span{display:inline-block;background:#525252;color:#fff;padding:3px 9px;border-radius:3px;}\n.va-travelban2-lead{font-family:'Newsreader',Georgia,serif;font-size:21px;line-height:1.5;color:#404040;font-style:italic;margin:0 0 30px;padding-left:18px;border-left:3px solid #525252;}\n.va-travelban2-essentiel{background:#fafafa;border:1px solid #e5e5e5;border-left:5px solid #525252;border-radius:0 8px 8px 0;padding:24px 26px;margin:30px 0;box-shadow:0 1px 2px rgba(16,24,40,.05),0 12px 28px -16px rgba(16,24,40,.18);}\n.va-travelban2-essentiel .va-travelban2-kick{font-family:'JetBrains Mono',monospace;font-size:11px;font-weight:500;letter-spacing:2.2px;text-transform:uppercase;color:#525252;margin-bottom:14px;}\n.va-travelban2-essentiel ul{margin:0;padding:0;list-style:none;}\n.va-travelban2-essentiel li{display:flex;gap:13px;align-items:flex-start;padding:9px 0;font-size:15.5px;line-height:1.55;color:#333;border-bottom:1px solid #ededed;}\n.va-travelban2-essentiel li:last-child{border-bottom:none;}\n.va-travelban2-essentiel li span.va-travelban2-tag{flex:0 0 auto;font-family:'JetBrains Mono',monospace;font-size:10px;font-weight:500;letter-spacing:1px;text-transform:uppercase;color:#fff;background:#525252;padding:3px 8px;border-radius:3px;margin-top:1px;}\n.va-travelban2-grid{display:grid;grid-template-columns:repeat(auto-fit,minmax(230px,1fr));gap:16px;margin:30px 0;}\n.va-travelban2-card{background:#fff;border:1px solid #e5e5e5;border-top:3px solid #525252;border-radius:6px;padding:20px 22px;transition:.25s ease;}\n.va-travelban2-card:hover{transform:translateY(-3px);box-shadow:0 1px 2px rgba(16,24,40,.05),0 14px 30px -16px rgba(16,24,40,.22);border-color:#d4d4d4;}\n.va-travelban2-card .va-travelban2-grp{font-family:'JetBrains Mono',monospace;font-size:10px;font-weight:500;letter-spacing:1.5px;text-transform:uppercase;color:#525252;margin-bottom:8px;}\n.va-travelban2-card h3{margin:0 0 8px;font-family:'Newsreader',Georgia,serif;font-size:18px;font-weight:600;color:#171717;}\n.va-travelban2-card .va-travelban2-txt{font-size:14px;line-height:1.55;color:#525252;}\n.va-travelban2-card .va-travelban2-pays{margin-top:10px;font-size:13.5px;line-height:1.5;color:#333;font-weight:500;}\n.va-travelban2-table{margin:30px 0;overflow-x:auto;border:1px solid #e5e5e5;border-radius:8px;}\n.va-travelban2-table table{width:100%;border-collapse:collapse;font-size:14.5px;color:#333;min-width:480px;}\n.va-travelban2-table thead tr{background:#262626;color:#fff;}\n.va-travelban2-table th{text-align:left;padding:13px 18px;font-family:'JetBrains Mono',monospace;font-size:11px;font-weight:500;text-transform:uppercase;letter-spacing:1.3px;}\n.va-travelban2-table td{padding:13px 18px;border-bottom:1px solid #f0f0f0;line-height:1.5;}\n.va-travelban2-table tbody tr:nth-child(even){background:#fafafa;}\n.va-travelban2-table tbody tr:last-child td{border-bottom:none;}\n.va-travelban2-pull{margin:40px auto;padding:26px 24px;text-align:center;border-top:1px solid #262626;border-bottom:1px solid #262626;max-width:680px;position:relative;}\n.va-travelban2-pull .va-travelban2-q{position:absolute;top:-22px;left:50%;transform:translateX(-50%);background:#fff;padding:0 14px;font-size:52px;line-height:1;color:#525252;font-family:'Newsreader',Georgia,serif;}\n.va-travelban2-pull blockquote{margin:0;padding:0;font-family:'Newsreader',Georgia,serif;font-size:23px;line-height:1.45;font-style:italic;color:#171717;}\n.va-travelban2-aretenir{background:#262626;border-radius:10px;padding:26px 28px;margin:34px 0;}\n.va-travelban2-aretenir .va-travelban2-kick{font-family:'JetBrains Mono',monospace;font-size:11px;font-weight:500;letter-spacing:2.2px;text-transform:uppercase;color:#a3a3a3;margin-bottom:16px;}\n.va-travelban2-aretenir ul{margin:0;padding:0;list-style:none;}\n.va-travelban2-aretenir li{display:flex;gap:13px;align-items:flex-start;padding:8px 0;font-size:15px;line-height:1.55;color:#e5e5e5;border-bottom:1px solid #404040;}\n.va-travelban2-aretenir li:last-child{border-bottom:none;}\n.va-travelban2-aretenir li span.va-travelban2-n{flex:0 0 24px;width:24px;height:24px;background:#525252;color:#fff;border-radius:50%;display:inline-flex;align-items:center;justify-content:center;font-family:'JetBrains Mono',monospace;font-size:12px;font-weight:500;}\n.va-travelban2-note{background:#fafafa;border:1px solid #e5e5e5;border-left:4px solid #525252;padding:15px 18px;margin:24px 0;border-radius:0 4px 4px 0;font-size:14.5px;line-height:1.6;color:#404040;}\n.va-travelban2-note strong{color:#171717;font-weight:600;}\n.va-travelban2-faq{margin:36px 0 10px;}\n.va-travelban2-faq h2{margin-bottom:6px;}\n.va-travelban2-faq details{border-bottom:1px solid #e5e5e5;}\n.va-travelban2-faq summary{cursor:pointer;padding:16px 0;font-family:'Newsreader',Georgia,serif;font-size:18px;font-weight:600;color:#171717;list-style:none;display:flex;justify-content:space-between;align-items:center;gap:14px;}\n.va-travelban2-faq summary::-webkit-details-marker{display:none;}\n.va-travelban2-faq summary span.va-travelban2-plus{font-family:'Inter',sans-serif;font-size:22px;font-weight:400;color:#525252;line-height:1;}\n.va-travelban2-faq .va-travelban2-ans{padding:0 0 16px;font-size:15.5px;line-height:1.7;color:#404040;}\n@media(max-width:640px){.va-travelban2-wrap{font-size:16px;}}\n\/*RENDERFIX2*\/.va-travelban2-dateline span{color:#eef3f9!important}.va-travelban2-dateline span p,.va-travelban2-dateline span li,.va-travelban2-dateline span strong,.va-travelban2-dateline span em,.va-travelban2-dateline span a,.va-travelban2-dateline span span,.va-travelban2-dateline span b,.va-travelban2-dateline span td,.va-travelban2-dateline span th,.va-travelban2-dateline span h2,.va-travelban2-dateline span h3,.va-travelban2-dateline span h4{color:#eef3f9!important}.va-travelban2-dateline span strong,.va-travelban2-dateline span b{color:#ffffff!important}.va-travelban2-essentiel li span.va-travelban2-tag{color:#eef3f9!important}.va-travelban2-essentiel li span.va-travelban2-tag p,.va-travelban2-essentiel li span.va-travelban2-tag li,.va-travelban2-essentiel li span.va-travelban2-tag strong,.va-travelban2-essentiel li span.va-travelban2-tag em,.va-travelban2-essentiel li span.va-travelban2-tag a,.va-travelban2-essentiel li span.va-travelban2-tag span,.va-travelban2-essentiel li span.va-travelban2-tag b,.va-travelban2-essentiel li span.va-travelban2-tag td,.va-travelban2-essentiel li span.va-travelban2-tag th,.va-travelban2-essentiel li span.va-travelban2-tag h2,.va-travelban2-essentiel li span.va-travelban2-tag h3,.va-travelban2-essentiel li span.va-travelban2-tag h4{color:#eef3f9!important}.va-travelban2-essentiel li span.va-travelban2-tag strong,.va-travelban2-essentiel li span.va-travelban2-tag b{color:#ffffff!important}.va-travelban2-table thead tr{color:#eef3f9!important}.va-travelban2-table thead tr p,.va-travelban2-table thead tr li,.va-travelban2-table thead tr strong,.va-travelban2-table thead tr em,.va-travelban2-table thead tr a,.va-travelban2-table thead tr span,.va-travelban2-table thead tr b,.va-travelban2-table thead tr td,.va-travelban2-table thead tr th,.va-travelban2-table thead tr h2,.va-travelban2-table thead tr h3,.va-travelban2-table thead tr h4{color:#eef3f9!important}.va-travelban2-table thead tr strong,.va-travelban2-table thead tr b{color:#ffffff!important}.va-travelban2-aretenir{color:#eef3f9!important}.va-travelban2-aretenir p,.va-travelban2-aretenir li,.va-travelban2-aretenir strong,.va-travelban2-aretenir em,.va-travelban2-aretenir a,.va-travelban2-aretenir span,.va-travelban2-aretenir b,.va-travelban2-aretenir td,.va-travelban2-aretenir th,.va-travelban2-aretenir h2,.va-travelban2-aretenir h3,.va-travelban2-aretenir h4{color:#eef3f9!important}.va-travelban2-aretenir strong,.va-travelban2-aretenir b{color:#ffffff!important}.va-travelban2-aretenir li span.va-travelban2-n{color:#eef3f9!important}.va-travelban2-aretenir li span.va-travelban2-n p,.va-travelban2-aretenir li span.va-travelban2-n li,.va-travelban2-aretenir li span.va-travelban2-n strong,.va-travelban2-aretenir li span.va-travelban2-n em,.va-travelban2-aretenir li span.va-travelban2-n a,.va-travelban2-aretenir li span.va-travelban2-n span,.va-travelban2-aretenir li span.va-travelban2-n b,.va-travelban2-aretenir li span.va-travelban2-n td,.va-travelban2-aretenir li span.va-travelban2-n th,.va-travelban2-aretenir li span.va-travelban2-n h2,.va-travelban2-aretenir li span.va-travelban2-n h3,.va-travelban2-aretenir li span.va-travelban2-n h4{color:#eef3f9!important}.va-travelban2-aretenir li span.va-travelban2-n strong,.va-travelban2-aretenir li span.va-travelban2-n b{color:#ffffff!important}<\/style>\n<div class=\"va-travelban2-wrap\">\n<div class=\"va-travelban2-dateline\"><span>Actualit\u00e9<\/span> \u00c9tats-Unis \u00b7 Politique migratoire \u00b7 Mesure au stade de projet<\/div>\n<div class=\"va-travelban2-lead\">L&rsquo;administration du pr\u00e9sident am\u00e9ricain Donald Trump \u00e9tudierait une nouvelle restriction de voyage susceptible de toucher, \u00e0 des degr\u00e9s variables, les ressortissants de plusieurs dizaines de pays. \u00c0 ce stade, il s&rsquo;agit d&rsquo;un projet non confirm\u00e9 : voici ce que disent les informations disponibles et ce que les voyageurs concern\u00e9s peuvent faire.<\/div>\n<div class=\"va-travelban2-essentiel\">\n<div class=\"va-travelban2-kick\">L&rsquo;essentiel<\/div>\n<ul>\n<li><span class=\"va-travelban2-tag\">Quoi<\/span><span>Une interdiction de voyage serait envisag\u00e9e par l&rsquo;administration Trump, sur la base d&rsquo;une liste pr\u00e9liminaire de 43 pays r\u00e9partis en trois cat\u00e9gories de restrictions.<\/span><\/li>\n<li><span class=\"va-travelban2-tag\">Source<\/span><span>Information relay\u00e9e par des responsables anonymes et par l&rsquo;agence Reuters ; la liste n&rsquo;est pas valid\u00e9e et pourrait encore \u00e9voluer.<\/span><\/li>\n<li><span class=\"va-travelban2-tag\">Statut<\/span><span>Mesure au conditionnel : elle doit encore \u00eatre approuv\u00e9e par le secr\u00e9taire d&rsquo;\u00c9tat Marco Rubio et d&rsquo;autres membres de l&rsquo;administration.<\/span><\/li>\n<\/ul>\n<\/div>\n<p>Selon des informations relay\u00e9es par des responsables s&rsquo;exprimant sous couvert d&rsquo;anonymat, l&rsquo;administration du pr\u00e9sident am\u00e9ricain Donald Trump envisagerait une nouvelle mesure de restriction de voyage. La liste pr\u00e9liminaire \u00e9voqu\u00e9e comprendrait <strong>43 pays<\/strong>, class\u00e9s en trois cat\u00e9gories distinctes de restrictions. \u00c0 ce stade, ces \u00e9l\u00e9ments rel\u00e8vent d&rsquo;un projet : aucune d\u00e9cision n&rsquo;a \u00e9t\u00e9 officiellement confirm\u00e9e et la liste pourrait encore \u00eatre modifi\u00e9e avant toute validation.<\/p>\n<h2>Un retour aux interdictions de voyage<\/h2>\n<p>La proposition rappellerait les interdictions de voyage mises en \u0153uvre durant le premier mandat de Donald Trump. La mesure envisag\u00e9e viserait, selon ses promoteurs, \u00e0 renforcer la s\u00e9curit\u00e9 nationale et pourrait suspendre les visas pour des pays consid\u00e9r\u00e9s comme \u00e0 risque. Comme lors des \u00e9pisodes pr\u00e9c\u00e9dents, ce type de politique d&rsquo;immigration suscite des r\u00e9actions et des pr\u00e9occupations, sur le plan int\u00e9rieur comme international.<\/p>\n<p>D&rsquo;apr\u00e8s les informations disponibles, un premier groupe de pays \u2014 l&rsquo;Afghanistan, l&rsquo;Iran, la Syrie, Cuba et la Cor\u00e9e du Nord \u2014 serait vis\u00e9 par une suspension totale des visas. Les ressortissants de ces nations pourraient, si la mesure \u00e9tait adopt\u00e9e, se retrouver dans l&rsquo;impossibilit\u00e9 d&rsquo;entrer aux \u00c9tats-Unis, avec des cons\u00e9quences possibles pour de nombreuses familles et \u00e9tudiants.<\/p>\n<p><iframe loading=\"lazy\" title=\"Covid-19 : le gouvernement n\u2019annonce pas de nouveau confinement\u2026 pour l\u2019instant\" width=\"1200\" height=\"675\" src=\"https:\/\/www.youtube.com\/embed\/0-V2fP_ComQ?feature=oembed\" frameborder=\"0\" allow=\"accelerometer; autoplay; clipboard-write; encrypted-media; gyroscope; picture-in-picture; web-share\" referrerpolicy=\"strict-origin-when-cross-origin\" allowfullscreen><\/iframe><\/p>\n<h2>Les cat\u00e9gories de restrictions<\/h2>\n<p>La liste \u00e9voqu\u00e9e se diviserait en trois groupes distincts, chacun associ\u00e9 \u00e0 un niveau de restriction diff\u00e9rent. Le tableau ci-dessous reprend les cat\u00e9gories telles qu&rsquo;elles ressortent des informations rapport\u00e9es \u2014 \u00e9tant entendu qu&rsquo;il s&rsquo;agit d&rsquo;une liste pr\u00e9liminaire, susceptible d&rsquo;\u00e9voluer.<\/p>\n<div class=\"va-travelban2-table\">\n<table>\n<thead>\n<tr>\n<th>Cat\u00e9gorie<\/th>\n<th>Restriction envisag\u00e9e<\/th>\n<th>Pays cit\u00e9s<\/th>\n<\/tr>\n<\/thead>\n<tbody>\n<tr>\n<td>Groupe 1<\/td>\n<td>Suspension totale des visas<\/td>\n<td>Afghanistan, Iran, Syrie, Cuba, Cor\u00e9e du Nord<\/td>\n<\/tr>\n<tr>\n<td>Groupe 2<\/td>\n<td>Suspension partielle (visas touristiques et \u00e9tudiants)<\/td>\n<td>\u00c9rythr\u00e9e, Ha\u00efti, Laos, Myanmar, Soudan du Sud<\/td>\n<\/tr>\n<tr>\n<td>Groupe 3<\/td>\n<td>Suspension partielle si pas de mesures correctives sous 60 jours<\/td>\n<td>26 pays, dont Bi\u00e9lorussie, Pakistan, Turkm\u00e9nistan<\/td>\n<\/tr>\n<\/tbody>\n<\/table>\n<\/div>\n<p>La deuxi\u00e8me cat\u00e9gorie, qui inclurait des pays comme l&rsquo;\u00c9rythr\u00e9e, Ha\u00efti, le Laos, le Myanmar et le Soudan du Sud, ferait l&rsquo;objet d&rsquo;une suspension partielle touchant les visas touristiques et \u00e9tudiants. Une telle mesure pourrait compliquer les projets de voyage et d&rsquo;\u00e9tudes de nombreuses personnes.<\/p>\n<p>Le troisi\u00e8me groupe regrouperait 26 pays, parmi lesquels la Bi\u00e9lorussie, le Pakistan et le Turkm\u00e9nistan. Leurs citoyens seraient soumis \u00e0 une suspension partielle si leurs gouvernements ne prenaient pas de mesures correctives dans un d\u00e9lai de 60 jours. Cette approche pourrait inciter certains gouvernements \u00e0 agir, mais elle soul\u00e8ve aussi des interrogations sur l&rsquo;efficacit\u00e9 r\u00e9elle de telles dispositions.<\/p>\n<h2>Quels pays seraient concern\u00e9s, et \u00e0 quel stade ?<\/h2>\n<p>Les pays \u00e9voqu\u00e9s se r\u00e9partissent entre les trois cat\u00e9gories d\u00e9crites ci-dessus. Au-del\u00e0 de ces groupes, le pr\u00e9sident a par ailleurs mentionn\u00e9 des territoires tels que la bande de Gaza, la Libye et le Y\u00e9men, qu&rsquo;il pr\u00e9sente comme repr\u00e9sentant des menaces pour la s\u00e9curit\u00e9 des \u00c9tats-Unis. Il convient de rappeler qu&rsquo;aucune de ces mentions ne constitue, \u00e0 ce jour, une liste d\u00e9finitive : l&rsquo;ensemble demeure au stade du projet.<\/p>\n<div class=\"va-travelban2-grid\">\n<div class=\"va-travelban2-card\">\n<div class=\"va-travelban2-grp\">Cat\u00e9gorie 1<\/div>\n<h3>Suspension totale envisag\u00e9e<\/h3>\n<div class=\"va-travelban2-txt\">Suspension compl\u00e8te des visas, selon la liste pr\u00e9liminaire rapport\u00e9e.<\/div>\n<div class=\"va-travelban2-pays\">Afghanistan \u00b7 Iran \u00b7 Syrie \u00b7 Cuba \u00b7 Cor\u00e9e du Nord<\/div>\n<\/div>\n<div class=\"va-travelban2-card\">\n<div class=\"va-travelban2-grp\">Cat\u00e9gorie 2<\/div>\n<h3>Suspension partielle envisag\u00e9e<\/h3>\n<div class=\"va-travelban2-txt\">Restriction ciblant les visas touristiques et \u00e9tudiants.<\/div>\n<div class=\"va-travelban2-pays\">\u00c9rythr\u00e9e \u00b7 Ha\u00efti \u00b7 Laos \u00b7 Myanmar \u00b7 Soudan du Sud<\/div>\n<\/div>\n<div class=\"va-travelban2-card\">\n<div class=\"va-travelban2-grp\">Cat\u00e9gorie 3<\/div>\n<h3>Sous conditions (60 jours)<\/h3>\n<div class=\"va-travelban2-txt\">Suspension partielle si aucune mesure corrective n&rsquo;est prise sous 60 jours.<\/div>\n<div class=\"va-travelban2-pays\">26 pays, dont Bi\u00e9lorussie \u00b7 Pakistan \u00b7 Turkm\u00e9nistan<\/div>\n<\/div>\n<\/div>\n<div class=\"va-travelban2-note\"><strong>\u00c0 noter :<\/strong> ces \u00e9l\u00e9ments correspondent \u00e0 une liste pr\u00e9liminaire non confirm\u00e9e. Selon une source anonyme cit\u00e9e par l&rsquo;agence Reuters, des modifications pourraient encore intervenir avant toute validation. La composition exacte des cat\u00e9gories est donc susceptible de changer.<\/div>\n<h2>Les implications de cette nouvelle directive<\/h2>\n<p>Cette mesure, si elle \u00e9tait adopt\u00e9e, s&rsquo;inscrirait dans la continuit\u00e9 d&rsquo;une politique visant \u00e0 restreindre l&rsquo;entr\u00e9e des \u00e9trangers sur le sol am\u00e9ricain. Le pr\u00e9sident a sp\u00e9cifiquement mentionn\u00e9 des territoires tels que la bande de Gaza, la Libye et le Y\u00e9men, en affirmant que ces r\u00e9gions repr\u00e9senteraient des menaces pour la s\u00e9curit\u00e9 des \u00c9tats-Unis. Par le pass\u00e9, ce type de politique a souvent donn\u00e9 lieu \u00e0 des manifestations et \u00e0 des actions judiciaires.<\/p>\n<p>Une source anonyme a d\u00e9clar\u00e9 \u00e0 l&rsquo;agence Reuters que des modifications pourraient encore intervenir sur la liste avant qu&rsquo;elle ne soit valid\u00e9e. Le secr\u00e9taire d&rsquo;\u00c9tat, Marco Rubio, ainsi que d&rsquo;autres membres de l&rsquo;administration, devraient approuver la mesure, ce qui laisse pr\u00e9sager des discussions en interne sur son efficacit\u00e9 et son acceptabilit\u00e9.<\/p>\n<div class=\"va-travelban2-pull\">\n<div class=\"va-travelban2-q\" aria-hidden=\"true\">\u00ab<\/div>\n<blockquote><p>Cette politique de voyage vise \u00e0 prot\u00e9ger la s\u00e9curit\u00e9 nationale des \u00c9tats-Unis, mais elle soul\u00e8ve d&rsquo;importantes questions \u00e9thiques et humanitaires.<\/p><\/blockquote>\n<\/div>\n<h2>Ce que peuvent faire les voyageurs concern\u00e9s<\/h2>\n<p>Tant que rien n&rsquo;est officiel, la prudence consiste \u00e0 s&rsquo;informer aupr\u00e8s des canaux officiels plut\u00f4t qu&rsquo;\u00e0 anticiper une d\u00e9cision qui n&rsquo;a pas \u00e9t\u00e9 confirm\u00e9e. Les ressortissants potentiellement concern\u00e9s, ou les personnes ayant un projet de voyage, d&rsquo;\u00e9tudes ou de regroupement familial vers les \u00c9tats-Unis, ont tout int\u00e9r\u00eat \u00e0 v\u00e9rifier r\u00e9guli\u00e8rement les sources fiables avant de modifier leurs plans.<\/p>\n<div class=\"va-travelban2-grid\">\n<div class=\"va-travelban2-card\">\n<div class=\"va-travelban2-grp\">R\u00e9flexe 1<\/div>\n<h3>Consulter les sources officielles<\/h3>\n<div class=\"va-travelban2-txt\">Se r\u00e9f\u00e9rer aux communications officielles du D\u00e9partement d&rsquo;\u00c9tat am\u00e9ricain et aux annonces valid\u00e9es, plut\u00f4t qu&rsquo;aux listes pr\u00e9liminaires non confirm\u00e9es.<\/div>\n<\/div>\n<div class=\"va-travelban2-card\">\n<div class=\"va-travelban2-grp\">R\u00e9flexe 2<\/div>\n<h3>Contacter l&rsquo;ambassade ou le consulat<\/h3>\n<div class=\"va-travelban2-txt\">En cas de projet de visa, l&rsquo;ambassade ou le consulat des \u00c9tats-Unis reste l&rsquo;interlocuteur de r\u00e9f\u00e9rence pour conna\u00eetre les r\u00e8gles r\u00e9ellement en vigueur.<\/div>\n<\/div>\n<div class=\"va-travelban2-card\">\n<div class=\"va-travelban2-grp\">R\u00e9flexe 3<\/div>\n<h3>Surveiller l&rsquo;\u00e9volution du dossier<\/h3>\n<div class=\"va-travelban2-txt\">La liste pouvant encore changer, suivre l&rsquo;actualit\u00e9 officielle permet d&rsquo;ajuster un projet de voyage ou d&rsquo;\u00e9tudes en fonction des d\u00e9cisions effectivement prises.<\/div>\n<\/div>\n<\/div>\n<div class=\"va-travelban2-aretenir\">\n<div class=\"va-travelban2-kick\">\u00c0 retenir<\/div>\n<ul>\n<li><span class=\"va-travelban2-n\">1<\/span><span>L&rsquo;administration Trump envisagerait une nouvelle interdiction de voyage, sur la base d&rsquo;une liste pr\u00e9liminaire de 43 pays.<\/span><\/li>\n<li><span class=\"va-travelban2-n\">2<\/span><span>Trois cat\u00e9gories de restrictions sont \u00e9voqu\u00e9es : suspension totale, suspension partielle, et suspension conditionn\u00e9e \u00e0 des mesures correctives sous 60 jours.<\/span><\/li>\n<li><span class=\"va-travelban2-n\">3<\/span><span>La mesure n&rsquo;est pas confirm\u00e9e : selon Reuters, la liste pourrait encore \u00e9voluer et doit \u00eatre approuv\u00e9e, notamment par Marco Rubio.<\/span><\/li>\n<li><span class=\"va-travelban2-n\">4<\/span><span>Pour les voyageurs concern\u00e9s, le r\u00e9flexe utile est de s&rsquo;en tenir aux sources officielles (D\u00e9partement d&rsquo;\u00c9tat, ambassade, consulat).<\/span><\/li>\n<\/ul>\n<\/div>\n<p>La proposition d&rsquo;interdiction de voyage \u00e9voqu\u00e9e pourrait, si elle se concr\u00e9tisait, avoir des r\u00e9percussions \u00e0 long terme sur les relations entre les \u00c9tats-Unis et de nombreuses nations. Les discussions sur la s\u00e9curit\u00e9 nationale et sur les droits des immigrants demeurent des sujets sensibles au sein de la soci\u00e9t\u00e9 am\u00e9ricaine, et le sort de cette liste pr\u00e9liminaire d\u00e9pendra des d\u00e9cisions qui seront, ou non, officiellement prises.<\/p>\n<div class=\"va-travelban2-faq\">\n<h2>Questions fr\u00e9quentes<\/h2>\n<details>\n<summary><span>La mesure est-elle confirm\u00e9e ?<\/span><span class=\"va-travelban2-plus\">+<\/span><\/summary>\n<div class=\"va-travelban2-ans\">Non. D&rsquo;apr\u00e8s les informations rapport\u00e9es, il s&rsquo;agit d&rsquo;une liste pr\u00e9liminaire non valid\u00e9e. Selon une source cit\u00e9e par Reuters, des modifications pourraient encore intervenir, et la mesure devrait \u00eatre approuv\u00e9e par le secr\u00e9taire d&rsquo;\u00c9tat Marco Rubio et d&rsquo;autres membres de l&rsquo;administration.<\/div>\n<\/details>\n<details>\n<summary><span>Combien de pays figureraient sur la liste ?<\/span><span class=\"va-travelban2-plus\">+<\/span><\/summary>\n<div class=\"va-travelban2-ans\">La liste pr\u00e9liminaire \u00e9voqu\u00e9e comprendrait 43 pays, r\u00e9partis en trois cat\u00e9gories : une suspension totale des visas, une suspension partielle, et une suspension conditionn\u00e9e \u00e0 des mesures correctives sous 60 jours pour un troisi\u00e8me groupe de 26 pays.<\/div>\n<\/details>\n<details>\n<summary><span>Que peuvent faire les personnes ayant un projet de voyage ?<\/span><span class=\"va-travelban2-plus\">+<\/span><\/summary>\n<div class=\"va-travelban2-ans\">Le plus prudent est de se r\u00e9f\u00e9rer aux sources officielles (D\u00e9partement d&rsquo;\u00c9tat am\u00e9ricain) et de contacter l&rsquo;ambassade ou le consulat des \u00c9tats-Unis pour conna\u00eetre les r\u00e8gles effectivement en vigueur, plut\u00f4t que de se fonder sur une liste non confirm\u00e9e.<\/div>\n<\/details>\n<\/div>\n<\/div>\n","protected":false},"excerpt":{"rendered":"","protected":false},"author":34,"featured_media":19888,"comment_status":"open","ping_status":"open","sticky":false,"template":"","format":"standard","meta":{"_acf_changed":false,"manual_indexmenow":false,"indexmenow_id_project":0,"footnotes":""},"categories":[1],"tags":[4646,4593,5688,3170,4635],"class_list":["post-14946","post","type-post","status-publish","format-standard","has-post-thumbnail","hentry","category-a-la-une","tag-assistance","tag-economie","tag-relations-internationales","tag-securite","tag-voyage","generate-columns","tablet-grid-50","mobile-grid-100","grid-parent","grid-25"],"acf":[],"yoast_head":"<!-- This site is optimized with the Yoast SEO Premium plugin v21.3 (Yoast SEO v25.1) - https:\/\/yoast.com\/wordpress\/plugins\/seo\/ -->\n<title>Une nouvelle interdiction de voyage envisag\u00e9e par Trump<\/title>\n<meta name=\"description\" content=\"Actualit\u00e9 \u00c9tats-Unis \u00b7 Politique migratoire \u00b7 Mesure au stade de projet L&#039;administration du pr\u00e9sident am\u00e9ricain Donald Trump \u00e9tudierait une nouvelle\" \/>\n<meta name=\"robots\" content=\"index, follow, max-snippet:-1, max-image-preview:large, max-video-preview:-1\" \/>\n<link rel=\"canonical\" href=\"https:\/\/voyage-aventure.com\/blog\/a-la-une\/une-nouvelle-interdiction-de-voyage-envisagee-par-trump-quels-pays-seront-touches\/\" \/>\n<meta property=\"og:locale\" content=\"fr_FR\" \/>\n<meta property=\"og:type\" content=\"article\" \/>\n<meta property=\"og:title\" content=\"Une nouvelle interdiction de voyage envisag\u00e9e par Trump\" \/>\n<meta property=\"og:description\" content=\"Actualit\u00e9 \u00c9tats-Unis \u00b7 Politique migratoire \u00b7 Mesure au stade de projet L&#039;administration du pr\u00e9sident am\u00e9ricain Donald Trump \u00e9tudierait une nouvelle\" \/>\n<meta property=\"og:url\" content=\"https:\/\/voyage-aventure.com\/blog\/a-la-une\/une-nouvelle-interdiction-de-voyage-envisagee-par-trump-quels-pays-seront-touches\/\" \/>\n<meta property=\"og:site_name\" content=\"voyage-aventure\" \/>\n<meta property=\"og:image\" content=\"https:\/\/voyage-aventure.com\/blog\/wp-content\/uploads\/2025\/05\/sdxl-e7f9d8d513741bcc0768f275cdd4ae39-scaled.png\" \/>\n\t<meta property=\"og:image:width\" content=\"1200\" \/>\n\t<meta property=\"og:image:height\" content=\"500\" \/>\n\t<meta property=\"og:image:type\" content=\"image\/png\" \/>\n<meta name=\"author\" content=\"Camille Rouvray\" \/>\n<meta name=\"twitter:card\" content=\"summary_large_image\" \/>\n<script type=\"application\/ld+json\" class=\"yoast-schema-graph\">{\"@context\":\"https:\/\/schema.org\",\"@graph\":[{\"@type\":\"NewsArticle\",\"@id\":\"https:\/\/voyage-aventure.com\/blog\/a-la-une\/une-nouvelle-interdiction-de-voyage-envisagee-par-trump-quels-pays-seront-touches\/#article\",\"isPartOf\":{\"@id\":\"https:\/\/voyage-aventure.com\/blog\/a-la-une\/une-nouvelle-interdiction-de-voyage-envisagee-par-trump-quels-pays-seront-touches\/\"},\"author\":{\"name\":\"Camille Rouvray\",\"@id\":\"https:\/\/voyage-aventure.com\/blog\/#\/schema\/person\/3c864cdc320801e3db34b663e7e3f816\"},\"headline\":\"Une nouvelle interdiction de voyage envisag\u00e9e par Trump : quels pays seront touch\u00e9s ?\",\"datePublished\":\"2026-06-16T15:08:32+00:00\",\"mainEntityOfPage\":{\"@id\":\"https:\/\/voyage-aventure.com\/blog\/a-la-une\/une-nouvelle-interdiction-de-voyage-envisagee-par-trump-quels-pays-seront-touches\/\"},\"wordCount\":1482,\"commentCount\":22,\"publisher\":{\"@id\":\"https:\/\/voyage-aventure.com\/blog\/#organization\"},\"image\":{\"@id\":\"https:\/\/voyage-aventure.com\/blog\/a-la-une\/une-nouvelle-interdiction-de-voyage-envisagee-par-trump-quels-pays-seront-touches\/#primaryimage\"},\"thumbnailUrl\":\"https:\/\/voyage-aventure.com\/blog\/wp-content\/uploads\/2025\/05\/sdxl-e7f9d8d513741bcc0768f275cdd4ae39-scaled.png\",\"keywords\":[\"Assistance\",\"\u00c9conomie\",\"Relations Internationales\",\"S\u00e9curit\u00e9\",\"Voyage\"],\"articleSection\":[\"\u00c0 la une\"],\"inLanguage\":\"fr-FR\",\"potentialAction\":[{\"@type\":\"CommentAction\",\"name\":\"Comment\",\"target\":[\"https:\/\/voyage-aventure.com\/blog\/a-la-une\/une-nouvelle-interdiction-de-voyage-envisagee-par-trump-quels-pays-seront-touches\/#respond\"]}]},{\"@type\":\"WebPage\",\"@id\":\"https:\/\/voyage-aventure.com\/blog\/a-la-une\/une-nouvelle-interdiction-de-voyage-envisagee-par-trump-quels-pays-seront-touches\/\",\"url\":\"https:\/\/voyage-aventure.com\/blog\/a-la-une\/une-nouvelle-interdiction-de-voyage-envisagee-par-trump-quels-pays-seront-touches\/\",\"name\":\"Une nouvelle interdiction de voyage envisag\u00e9e par Trump\",\"isPartOf\":{\"@id\":\"https:\/\/voyage-aventure.com\/blog\/#website\"},\"primaryImageOfPage\":{\"@id\":\"https:\/\/voyage-aventure.com\/blog\/a-la-une\/une-nouvelle-interdiction-de-voyage-envisagee-par-trump-quels-pays-seront-touches\/#primaryimage\"},\"image\":{\"@id\":\"https:\/\/voyage-aventure.com\/blog\/a-la-une\/une-nouvelle-interdiction-de-voyage-envisagee-par-trump-quels-pays-seront-touches\/#primaryimage\"},\"thumbnailUrl\":\"https:\/\/voyage-aventure.com\/blog\/wp-content\/uploads\/2025\/05\/sdxl-e7f9d8d513741bcc0768f275cdd4ae39-scaled.png\",\"datePublished\":\"2026-06-16T15:08:32+00:00\",\"description\":\"Actualit\u00e9 \u00c9tats-Unis \u00b7 Politique migratoire \u00b7 Mesure au stade de projet L'administration du pr\u00e9sident am\u00e9ricain Donald Trump \u00e9tudierait une nouvelle\",\"inLanguage\":\"fr-FR\",\"potentialAction\":[{\"@type\":\"ReadAction\",\"target\":[\"https:\/\/voyage-aventure.com\/blog\/a-la-une\/une-nouvelle-interdiction-de-voyage-envisagee-par-trump-quels-pays-seront-touches\/\"]}]},{\"@type\":\"ImageObject\",\"inLanguage\":\"fr-FR\",\"@id\":\"https:\/\/voyage-aventure.com\/blog\/a-la-une\/une-nouvelle-interdiction-de-voyage-envisagee-par-trump-quels-pays-seront-touches\/#primaryimage\",\"url\":\"https:\/\/voyage-aventure.com\/blog\/wp-content\/uploads\/2025\/05\/sdxl-e7f9d8d513741bcc0768f275cdd4ae39-scaled.png\",\"contentUrl\":\"https:\/\/voyage-aventure.com\/blog\/wp-content\/uploads\/2025\/05\/sdxl-e7f9d8d513741bcc0768f275cdd4ae39-scaled.png\",\"width\":1200,\"height\":500},{\"@type\":\"WebSite\",\"@id\":\"https:\/\/voyage-aventure.com\/blog\/#website\",\"url\":\"https:\/\/voyage-aventure.com\/blog\/\",\"name\":\"voyage-aventure.com\",\"description\":\"Votre passeport pour l\u2019inattendu.\",\"publisher\":{\"@id\":\"https:\/\/voyage-aventure.com\/blog\/#organization\"},\"alternateName\":\"Votre passeport pour l\u2019inattendu.\",\"potentialAction\":[{\"@type\":\"SearchAction\",\"target\":{\"@type\":\"EntryPoint\",\"urlTemplate\":\"https:\/\/voyage-aventure.com\/blog\/?s={search_term_string}\"},\"query-input\":{\"@type\":\"PropertyValueSpecification\",\"valueRequired\":true,\"valueName\":\"search_term_string\"}}],\"inLanguage\":\"fr-FR\"},{\"@type\":\"Organization\",\"@id\":\"https:\/\/voyage-aventure.com\/blog\/#organization\",\"name\":\"Foretsensations.fr\",\"url\":\"https:\/\/voyage-aventure.com\/blog\/\",\"logo\":{\"@type\":\"ImageObject\",\"inLanguage\":\"fr-FR\",\"@id\":\"https:\/\/voyage-aventure.com\/blog\/#\/schema\/logo\/image\/\",\"url\":\"https:\/\/voyage-aventure.com\/blog\/wp-content\/uploads\/2024\/12\/19.png\",\"contentUrl\":\"https:\/\/voyage-aventure.com\/blog\/wp-content\/uploads\/2024\/12\/19.png\",\"width\":512,\"height\":512,\"caption\":\"Foretsensations.fr\"},\"image\":{\"@id\":\"https:\/\/voyage-aventure.com\/blog\/#\/schema\/logo\/image\/\"}},{\"@type\":\"Person\",\"@id\":\"https:\/\/voyage-aventure.com\/blog\/#\/schema\/person\/3c864cdc320801e3db34b663e7e3f816\",\"name\":\"Camille Rouvray\",\"image\":{\"@type\":\"ImageObject\",\"inLanguage\":\"fr-FR\",\"@id\":\"https:\/\/voyage-aventure.com\/blog\/#\/schema\/person\/image\/\",\"url\":\"https:\/\/voyage-aventure.com\/blog\/wp-content\/uploads\/2026\/06\/persona_camille-r-96x96.jpg\",\"contentUrl\":\"https:\/\/voyage-aventure.com\/blog\/wp-content\/uploads\/2026\/06\/persona_camille-r-96x96.jpg\",\"caption\":\"Camille Rouvray\"},\"description\":\"Je voyage et j'\u00e9cris sur le voyage depuis une douzaine d'ann\u00e9es, d'abord en tant que routarde au long cours, puis comme r\u00e9dactrice sp\u00e9cialis\u00e9e. Mon terrain de pr\u00e9dilection, ce sont les circuits organis\u00e9s et l'art de bien pr\u00e9parer un itin\u00e9raire : choix de la saison, dur\u00e9e r\u00e9aliste des \u00e9tapes, budget jour par jour, logement et transport sur place. J'aime aussi raconter les p\u00e9pites urbaines, ces adresses qu'on ne trouve pas dans les guides classiques. Avant de publier un dossier destination, je croise toujours plusieurs sources, je v\u00e9rifie les tarifs et les formalit\u00e9s d'entr\u00e9e \u00e0 jour, et je teste moi-m\u00eame quand je le peux. Mon angle reste pratique avant tout : aider le lecteur \u00e0 partir l'esprit tranquille, sans mauvaise surprise une fois sur place. Je m'attache \u00e0 distinguer le coup de c\u0153ur sinc\u00e8re du simple argument marketing.\",\"sameAs\":[\"https:\/\/camillerouvray.fr\/\"],\"url\":\"https:\/\/voyage-aventure.com\/blog\/auteur\/noname\/\"}]}<\/script>\n<!-- \/ Yoast SEO Premium plugin. -->","yoast_head_json":{"title":"Une nouvelle interdiction de voyage envisag\u00e9e par Trump","description":"Actualit\u00e9 \u00c9tats-Unis \u00b7 Politique migratoire \u00b7 Mesure au stade de projet L'administration du pr\u00e9sident am\u00e9ricain Donald Trump \u00e9tudierait une nouvelle","robots":{"index":"index","follow":"follow","max-snippet":"max-snippet:-1","max-image-preview":"max-image-preview:large","max-video-preview":"max-video-preview:-1"},"canonical":"https:\/\/voyage-aventure.com\/blog\/a-la-une\/une-nouvelle-interdiction-de-voyage-envisagee-par-trump-quels-pays-seront-touches\/","og_locale":"fr_FR","og_type":"article","og_title":"Une nouvelle interdiction de voyage envisag\u00e9e par Trump","og_description":"Actualit\u00e9 \u00c9tats-Unis \u00b7 Politique migratoire \u00b7 Mesure au stade de projet L'administration du pr\u00e9sident am\u00e9ricain Donald Trump \u00e9tudierait une nouvelle","og_url":"https:\/\/voyage-aventure.com\/blog\/a-la-une\/une-nouvelle-interdiction-de-voyage-envisagee-par-trump-quels-pays-seront-touches\/","og_site_name":"voyage-aventure","og_image":[{"width":1200,"height":500,"url":"https:\/\/voyage-aventure.com\/blog\/wp-content\/uploads\/2025\/05\/sdxl-e7f9d8d513741bcc0768f275cdd4ae39-scaled.png","type":"image\/png"}],"author":"Camille Rouvray","twitter_card":"summary_large_image","schema":{"@context":"https:\/\/schema.org","@graph":[{"@type":"NewsArticle","@id":"https:\/\/voyage-aventure.com\/blog\/a-la-une\/une-nouvelle-interdiction-de-voyage-envisagee-par-trump-quels-pays-seront-touches\/#article","isPartOf":{"@id":"https:\/\/voyage-aventure.com\/blog\/a-la-une\/une-nouvelle-interdiction-de-voyage-envisagee-par-trump-quels-pays-seront-touches\/"},"author":{"name":"Camille Rouvray","@id":"https:\/\/voyage-aventure.com\/blog\/#\/schema\/person\/3c864cdc320801e3db34b663e7e3f816"},"headline":"Une nouvelle interdiction de voyage envisag\u00e9e par Trump : quels pays seront touch\u00e9s ?","datePublished":"2026-06-16T15:08:32+00:00","mainEntityOfPage":{"@id":"https:\/\/voyage-aventure.com\/blog\/a-la-une\/une-nouvelle-interdiction-de-voyage-envisagee-par-trump-quels-pays-seront-touches\/"},"wordCount":1482,"commentCount":22,"publisher":{"@id":"https:\/\/voyage-aventure.com\/blog\/#organization"},"image":{"@id":"https:\/\/voyage-aventure.com\/blog\/a-la-une\/une-nouvelle-interdiction-de-voyage-envisagee-par-trump-quels-pays-seront-touches\/#primaryimage"},"thumbnailUrl":"https:\/\/voyage-aventure.com\/blog\/wp-content\/uploads\/2025\/05\/sdxl-e7f9d8d513741bcc0768f275cdd4ae39-scaled.png","keywords":["Assistance","\u00c9conomie","Relations Internationales","S\u00e9curit\u00e9","Voyage"],"articleSection":["\u00c0 la une"],"inLanguage":"fr-FR","potentialAction":[{"@type":"CommentAction","name":"Comment","target":["https:\/\/voyage-aventure.com\/blog\/a-la-une\/une-nouvelle-interdiction-de-voyage-envisagee-par-trump-quels-pays-seront-touches\/#respond"]}]},{"@type":"WebPage","@id":"https:\/\/voyage-aventure.com\/blog\/a-la-une\/une-nouvelle-interdiction-de-voyage-envisagee-par-trump-quels-pays-seront-touches\/","url":"https:\/\/voyage-aventure.com\/blog\/a-la-une\/une-nouvelle-interdiction-de-voyage-envisagee-par-trump-quels-pays-seront-touches\/","name":"Une nouvelle interdiction de voyage envisag\u00e9e par Trump","isPartOf":{"@id":"https:\/\/voyage-aventure.com\/blog\/#website"},"primaryImageOfPage":{"@id":"https:\/\/voyage-aventure.com\/blog\/a-la-une\/une-nouvelle-interdiction-de-voyage-envisagee-par-trump-quels-pays-seront-touches\/#primaryimage"},"image":{"@id":"https:\/\/voyage-aventure.com\/blog\/a-la-une\/une-nouvelle-interdiction-de-voyage-envisagee-par-trump-quels-pays-seront-touches\/#primaryimage"},"thumbnailUrl":"https:\/\/voyage-aventure.com\/blog\/wp-content\/uploads\/2025\/05\/sdxl-e7f9d8d513741bcc0768f275cdd4ae39-scaled.png","datePublished":"2026-06-16T15:08:32+00:00","description":"Actualit\u00e9 \u00c9tats-Unis \u00b7 Politique migratoire \u00b7 Mesure au stade de projet L'administration du pr\u00e9sident am\u00e9ricain Donald Trump \u00e9tudierait une nouvelle","inLanguage":"fr-FR","potentialAction":[{"@type":"ReadAction","target":["https:\/\/voyage-aventure.com\/blog\/a-la-une\/une-nouvelle-interdiction-de-voyage-envisagee-par-trump-quels-pays-seront-touches\/"]}]},{"@type":"ImageObject","inLanguage":"fr-FR","@id":"https:\/\/voyage-aventure.com\/blog\/a-la-une\/une-nouvelle-interdiction-de-voyage-envisagee-par-trump-quels-pays-seront-touches\/#primaryimage","url":"https:\/\/voyage-aventure.com\/blog\/wp-content\/uploads\/2025\/05\/sdxl-e7f9d8d513741bcc0768f275cdd4ae39-scaled.png","contentUrl":"https:\/\/voyage-aventure.com\/blog\/wp-content\/uploads\/2025\/05\/sdxl-e7f9d8d513741bcc0768f275cdd4ae39-scaled.png","width":1200,"height":500},{"@type":"WebSite","@id":"https:\/\/voyage-aventure.com\/blog\/#website","url":"https:\/\/voyage-aventure.com\/blog\/","name":"voyage-aventure.com","description":"Votre passeport pour l\u2019inattendu.","publisher":{"@id":"https:\/\/voyage-aventure.com\/blog\/#organization"},"alternateName":"Votre passeport pour l\u2019inattendu.","potentialAction":[{"@type":"SearchAction","target":{"@type":"EntryPoint","urlTemplate":"https:\/\/voyage-aventure.com\/blog\/?s={search_term_string}"},"query-input":{"@type":"PropertyValueSpecification","valueRequired":true,"valueName":"search_term_string"}}],"inLanguage":"fr-FR"},{"@type":"Organization","@id":"https:\/\/voyage-aventure.com\/blog\/#organization","name":"Foretsensations.fr","url":"https:\/\/voyage-aventure.com\/blog\/","logo":{"@type":"ImageObject","inLanguage":"fr-FR","@id":"https:\/\/voyage-aventure.com\/blog\/#\/schema\/logo\/image\/","url":"https:\/\/voyage-aventure.com\/blog\/wp-content\/uploads\/2024\/12\/19.png","contentUrl":"https:\/\/voyage-aventure.com\/blog\/wp-content\/uploads\/2024\/12\/19.png","width":512,"height":512,"caption":"Foretsensations.fr"},"image":{"@id":"https:\/\/voyage-aventure.com\/blog\/#\/schema\/logo\/image\/"}},{"@type":"Person","@id":"https:\/\/voyage-aventure.com\/blog\/#\/schema\/person\/3c864cdc320801e3db34b663e7e3f816","name":"Camille Rouvray","image":{"@type":"ImageObject","inLanguage":"fr-FR","@id":"https:\/\/voyage-aventure.com\/blog\/#\/schema\/person\/image\/","url":"https:\/\/voyage-aventure.com\/blog\/wp-content\/uploads\/2026\/06\/persona_camille-r-96x96.jpg","contentUrl":"https:\/\/voyage-aventure.com\/blog\/wp-content\/uploads\/2026\/06\/persona_camille-r-96x96.jpg","caption":"Camille Rouvray"},"description":"Je voyage et j'\u00e9cris sur le voyage depuis une douzaine d'ann\u00e9es, d'abord en tant que routarde au long cours, puis comme r\u00e9dactrice sp\u00e9cialis\u00e9e. Mon terrain de pr\u00e9dilection, ce sont les circuits organis\u00e9s et l'art de bien pr\u00e9parer un itin\u00e9raire : choix de la saison, dur\u00e9e r\u00e9aliste des \u00e9tapes, budget jour par jour, logement et transport sur place. J'aime aussi raconter les p\u00e9pites urbaines, ces adresses qu'on ne trouve pas dans les guides classiques. Avant de publier un dossier destination, je croise toujours plusieurs sources, je v\u00e9rifie les tarifs et les formalit\u00e9s d'entr\u00e9e \u00e0 jour, et je teste moi-m\u00eame quand je le peux. Mon angle reste pratique avant tout : aider le lecteur \u00e0 partir l'esprit tranquille, sans mauvaise surprise une fois sur place. Je m'attache \u00e0 distinguer le coup de c\u0153ur sinc\u00e8re du simple argument marketing.","sameAs":["https:\/\/camillerouvray.fr\/"],"url":"https:\/\/voyage-aventure.com\/blog\/auteur\/noname\/"}]}},"_links":{"self":[{"href":"https:\/\/voyage-aventure.com\/blog\/wp-json\/wp\/v2\/posts\/14946","targetHints":{"allow":["GET"]}}],"collection":[{"href":"https:\/\/voyage-aventure.com\/blog\/wp-json\/wp\/v2\/posts"}],"about":[{"href":"https:\/\/voyage-aventure.com\/blog\/wp-json\/wp\/v2\/types\/post"}],"author":[{"embeddable":true,"href":"https:\/\/voyage-aventure.com\/blog\/wp-json\/wp\/v2\/users\/34"}],"replies":[{"embeddable":true,"href":"https:\/\/voyage-aventure.com\/blog\/wp-json\/wp\/v2\/comments?post=14946"}],"version-history":[{"count":3,"href":"https:\/\/voyage-aventure.com\/blog\/wp-json\/wp\/v2\/posts\/14946\/revisions"}],"predecessor-version":[{"id":22773,"href":"https:\/\/voyage-aventure.com\/blog\/wp-json\/wp\/v2\/posts\/14946\/revisions\/22773"}],"wp:featuredmedia":[{"embeddable":true,"href":"https:\/\/voyage-aventure.com\/blog\/wp-json\/wp\/v2\/media\/19888"}],"wp:attachment":[{"href":"https:\/\/voyage-aventure.com\/blog\/wp-json\/wp\/v2\/media?parent=14946"}],"wp:term":[{"taxonomy":"category","embeddable":true,"href":"https:\/\/voyage-aventure.com\/blog\/wp-json\/wp\/v2\/categories?post=14946"},{"taxonomy":"post_tag","embeddable":true,"href":"https:\/\/voyage-aventure.com\/blog\/wp-json\/wp\/v2\/tags?post=14946"}],"curies":[{"name":"wp","href":"https:\/\/api.w.org\/{rel}","templated":true}]}}