{"id":14937,"date":"2026-06-16T17:08:23","date_gmt":"2026-06-16T15:08:23","guid":{"rendered":"https:\/\/voyage-aventure.com\/blog\/?p=14937"},"modified":"2026-06-16T17:08:23","modified_gmt":"2026-06-16T15:08:23","slug":"vivez-lexperience-inoubliable-du-sommet-mondial-du-voyage-a-monaco-en-2025","status":"publish","type":"post","link":"https:\/\/voyage-aventure.com\/blog\/a-la-une\/vivez-lexperience-inoubliable-du-sommet-mondial-du-voyage-a-monaco-en-2025\/","title":{"rendered":"Vivez l&rsquo;exp\u00e9rience inoubliable du sommet mondial du voyage \u00e0 Monaco en 2025"},"content":{"rendered":"<link rel=\"stylesheet\" href=\"https:\/\/fonts.googleapis.com\/css2?family=Newsreader:ital,opsz,wght@0,6..72,500..700;1,6..72,500..600&#038;family=Inter:wght@400;500;600&#038;family=JetBrains+Mono:wght@500&#038;display=swap\">\n<style>\n.va-sommetmonaco-wrap{font-family:'Inter',-apple-system,BlinkMacSystemFont,'Segoe UI',sans-serif;color:#1c2330;line-height:1.65;font-size:17px}\n.va-sommetmonaco-wrap h2{font-family:'Newsreader',Georgia,serif;font-weight:700;color:#14253f;font-size:clamp(24px,3.2vw,33px);line-height:1.2;letter-spacing:-0.01em;margin:48px 0 16px}\n.va-sommetmonaco-wrap p{margin:0 0 18px}\n.va-sommetmonaco-dateline{font-family:'JetBrains Mono',monospace;font-size:12px;letter-spacing:1.6px;text-transform:uppercase;color:#2A4C8C;font-weight:500;margin:0 0 18px;display:flex;align-items:center;gap:10px}\n.va-sommetmonaco-dateline span{display:inline-block;width:26px;height:2px;background:#2A4C8C}\n.va-sommetmonaco-brief{background:#f4f7fc;border-left:5px solid #2A4C8C;border-radius:0 8px 8px 0;padding:24px 28px;margin:26px 0 36px;box-shadow:0 1px 2px rgba(16,24,40,.05),0 12px 28px -18px rgba(20,37,63,.22)}\n.va-sommetmonaco-brief-k{font-family:'JetBrains Mono',monospace;font-size:11px;letter-spacing:2.4px;text-transform:uppercase;color:#2A4C8C;font-weight:500;margin:0 0 16px}\n.va-sommetmonaco-brief-grid{display:grid;grid-template-columns:repeat(auto-fit,minmax(180px,1fr));gap:18px}\n.va-sommetmonaco-brief-item{display:flex;flex-direction:column;gap:5px}\n.va-sommetmonaco-brief-lbl{font-family:'JetBrains Mono',monospace;font-size:11px;letter-spacing:1.4px;text-transform:uppercase;color:#6b7686;font-weight:500}\n.va-sommetmonaco-brief-val{font-family:'Newsreader',Georgia,serif;font-size:19px;font-weight:600;color:#14253f;line-height:1.35}\n.va-sommetmonaco-quote{margin:40px auto;max-width:680px;padding:30px 26px 26px;text-align:center;border-top:2px solid #2A4C8C;border-bottom:1px solid #d7dde7;position:relative;font-family:'Newsreader',Georgia,serif}\n.va-sommetmonaco-quote-mark{font-family:'Newsreader',Georgia,serif;font-size:64px;line-height:0;color:#2A4C8C;opacity:.35;display:block;height:30px}\n.va-sommetmonaco-quote-txt{font-size:23px;font-style:italic;font-weight:500;color:#14253f;line-height:1.4;margin:8px 0 14px}\n.va-sommetmonaco-quote-src{font-family:'JetBrains Mono',monospace;font-size:12px;letter-spacing:1.2px;text-transform:uppercase;color:#6b7686;font-style:normal;font-weight:500}\n.va-sommetmonaco-list{margin:8px 0 22px;padding:0;list-style:none;display:grid;gap:10px}\n.va-sommetmonaco-list li{position:relative;padding:12px 16px 12px 40px;background:#fafbfd;border:1px solid #e6eaf1;border-radius:8px;transition:.25s ease}\n.va-sommetmonaco-list li:hover{transform:translateY(-3px);border-color:#2A4C8C;box-shadow:0 10px 24px -16px rgba(20,37,63,.3)}\n.va-sommetmonaco-list li::before{content:\"\";position:absolute;left:16px;top:18px;width:10px;height:10px;border-radius:2px;background:#2A4C8C}\n.va-sommetmonaco-retenir{background:#14253f;color:#eef2f8;border-radius:10px;padding:28px 30px;margin:42px 0;box-shadow:0 18px 38px -20px rgba(20,37,63,.55)}\n.va-sommetmonaco-retenir-k{font-family:'JetBrains Mono',monospace;font-size:11px;letter-spacing:2.4px;text-transform:uppercase;color:#8fb0e3;font-weight:500;margin:0 0 16px}\n.va-sommetmonaco-retenir ul{margin:0;padding:0;list-style:none;display:grid;gap:12px}\n.va-sommetmonaco-retenir li{position:relative;padding-left:26px;line-height:1.5}\n.va-sommetmonaco-retenir li::before{content:\"\u2192\";position:absolute;left:0;top:0;color:#8fb0e3;font-family:'JetBrains Mono',monospace;font-weight:500}\n@media(max-width:640px){.va-sommetmonaco-wrap{font-size:16px}}\n\/*RENDERFIX2*\/.va-sommetmonaco-dateline span{color:#eef3f9!important}.va-sommetmonaco-dateline span p,.va-sommetmonaco-dateline span li,.va-sommetmonaco-dateline span strong,.va-sommetmonaco-dateline span em,.va-sommetmonaco-dateline span a,.va-sommetmonaco-dateline span span,.va-sommetmonaco-dateline span b,.va-sommetmonaco-dateline span td,.va-sommetmonaco-dateline span th,.va-sommetmonaco-dateline span h2,.va-sommetmonaco-dateline span h3,.va-sommetmonaco-dateline span h4{color:#eef3f9!important}.va-sommetmonaco-dateline span strong,.va-sommetmonaco-dateline span b{color:#ffffff!important}.va-sommetmonaco-list li::before{color:#eef3f9!important}.va-sommetmonaco-list li::before p,.va-sommetmonaco-list li::before li,.va-sommetmonaco-list li::before strong,.va-sommetmonaco-list li::before em,.va-sommetmonaco-list li::before a,.va-sommetmonaco-list li::before span,.va-sommetmonaco-list li::before b,.va-sommetmonaco-list li::before td,.va-sommetmonaco-list li::before th,.va-sommetmonaco-list li::before h2,.va-sommetmonaco-list li::before h3,.va-sommetmonaco-list li::before h4{color:#eef3f9!important}.va-sommetmonaco-list li::before strong,.va-sommetmonaco-list li::before b{color:#ffffff!important}.va-sommetmonaco-retenir{color:#eef3f9!important}.va-sommetmonaco-retenir p,.va-sommetmonaco-retenir li,.va-sommetmonaco-retenir strong,.va-sommetmonaco-retenir em,.va-sommetmonaco-retenir a,.va-sommetmonaco-retenir span,.va-sommetmonaco-retenir b,.va-sommetmonaco-retenir td,.va-sommetmonaco-retenir th,.va-sommetmonaco-retenir h2,.va-sommetmonaco-retenir h3,.va-sommetmonaco-retenir h4{color:#eef3f9!important}.va-sommetmonaco-retenir strong,.va-sommetmonaco-retenir b{color:#ffffff!important}<\/style>\n<div class=\"va-sommetmonaco-wrap\">\n<div class=\"va-sommetmonaco-dateline\"><span><\/span>Forbes Travel Guide \u00b7 Monaco \u00b7 Mars 2025<\/div>\n<p>Forbes Travel Guide installe son sommet mondial du voyage \u00e0 Monaco en mars 2025. Pendant ces journ\u00e9es, la principaut\u00e9 r\u00e9unit dirigeants, experts de l&rsquo;h\u00f4tellerie et passionn\u00e9s du secteur autour d&rsquo;une m\u00eame question : \u00e0 quoi ressemblera le voyage de demain ?<\/p>\n<div class=\"va-sommetmonaco-brief\">\n<div class=\"va-sommetmonaco-brief-k\">L&rsquo;essentiel<\/div>\n<div class=\"va-sommetmonaco-brief-grid\">\n<div class=\"va-sommetmonaco-brief-item\">\n<div class=\"va-sommetmonaco-brief-lbl\">Quoi<\/div>\n<div class=\"va-sommetmonaco-brief-val\">Sommet mondial du voyage Forbes Travel Guide<\/div>\n<\/div>\n<div class=\"va-sommetmonaco-brief-item\">\n<div class=\"va-sommetmonaco-brief-lbl\">O\u00f9<\/div>\n<div class=\"va-sommetmonaco-brief-val\">Monaco, principaut\u00e9 m\u00e9diterran\u00e9enne<\/div>\n<\/div>\n<div class=\"va-sommetmonaco-brief-item\">\n<div class=\"va-sommetmonaco-brief-lbl\">Quand<\/div>\n<div class=\"va-sommetmonaco-brief-val\">\u00c0 partir du 15 mars 2025<\/div>\n<\/div>\n<\/div>\n<\/div>\n<h2>Un sommet prestigieux au c\u0153ur de Monaco<\/h2>\n<p>Le sommet mondial du voyage de Forbes Travel Guide se d\u00e9roulera \u00e0 Monaco du 15 mars 2025. Cet \u00e9v\u00e9nement marquera une r\u00e9union des esprits les plus influents du secteur du voyage, rassemblant des chefs d&rsquo;entreprise, des experts en h\u00f4tellerie, et des passionn\u00e9s du voyage. Les participants auront l&rsquo;occasion d&rsquo;\u00e9changer des id\u00e9es novatrices et de d\u00e9battre des tendances \u00e9mergentes qui fa\u00e7onnent l&rsquo;avenir du tourisme.<\/p>\n<p>Monaco, avec son climat m\u00e9diterran\u00e9en et son ambiance glamour, est l&#8217;emplacement parfait pour un tel \u00e9v\u00e9nement. Les participants pourront profiter de l&rsquo;\u00e9crin luxueux de la principaut\u00e9 tout en s&rsquo;immergeant dans des discussions passionnantes sur les d\u00e9fis et les opportunit\u00e9s du secteur. Ce sommet s&rsquo;annonce comme une exp\u00e9rience enrichissante et m\u00e9morable pour tous ceux qui y participeront.<\/p>\n<h2>Des intervenants de renomm\u00e9e mondiale<\/h2>\n<p>Le programme du sommet inclura une s\u00e9rie de conf\u00e9renciers de renom, chacun apportant une perspective unique sur l&rsquo;\u00e9volution du voyage. Les intervenants partageront leurs exp\u00e9riences, leurs succ\u00e8s et les le\u00e7ons tir\u00e9es des derni\u00e8res tendances du march\u00e9. Ces sessions offriront des opportunit\u00e9s d&rsquo;apprentissage inestimables pour les professionnels du voyage.<\/p>\n<p>Les discussions porteront sur des sujets vari\u00e9s, allant de l&rsquo;impact de la technologie sur le secteur aux nouvelles attentes des voyageurs modernes. Les participants seront invit\u00e9s \u00e0 interagir et \u00e0 poser des questions, cr\u00e9ant ainsi un environnement dynamique et engageant. La diversit\u00e9 des intervenants permettra de stimuler des d\u00e9bats enrichissants et de favoriser des \u00e9changes fructueux.<\/p>\n<p><iframe loading=\"lazy\" title=\"8K THAILAND: Beaches, Food &amp; Nightlife 8K VIDEO ULTRA HD #8K #DOCUMENTARY\" width=\"1200\" height=\"675\" src=\"https:\/\/www.youtube.com\/embed\/oOi9g1o83iA?feature=oembed\" frameborder=\"0\" allow=\"accelerometer; autoplay; clipboard-write; encrypted-media; gyroscope; picture-in-picture; web-share\" referrerpolicy=\"strict-origin-when-cross-origin\" allowfullscreen><\/iframe><\/p>\n<h2>Un programme riche en activit\u00e9s<\/h2>\n<p>Le sommet ne se limite pas aux conf\u00e9rences et aux discussions. Les participants auront \u00e9galement l&rsquo;occasion de participer \u00e0 des ateliers interactifs et des sessions de r\u00e9seautage. Ces activit\u00e9s sont con\u00e7ues pour encourager la collaboration et l&rsquo;innovation au sein de l&rsquo;industrie du voyage.<\/p>\n<p>Les moments de convivialit\u00e9 et d&rsquo;\u00e9change seront \u00e9galement pr\u00e9sents, notamment lors des d\u00eeners de gala et des \u00e9v\u00e9nements sociaux. Ces occasions permettront aux participants de nouer des relations durables tout en savourant la gastronomie locale de Monaco. Voici quelques activit\u00e9s phares \u00e0 ne pas manquer :<\/p>\n<ul class=\"va-sommetmonaco-list\">\n<li>Sessions de r\u00e9seautage avec des leaders de l&rsquo;industrie<\/li>\n<li>Ateliers pratiques sur les tendances du voyage<\/li>\n<li>D\u00eeners de gala avec des chefs renomm\u00e9s<\/li>\n<li>Visites exclusives de lieux embl\u00e9matiques de Monaco<\/li>\n<\/ul>\n<div class=\"va-sommetmonaco-quote\">\n<span class=\"va-sommetmonaco-quote-mark\" aria-hidden=\"true\">\u00ab<\/span><\/p>\n<div class=\"va-sommetmonaco-quote-txt\">Ce sommet est une occasion unique de red\u00e9finir le voyage pour les g\u00e9n\u00e9rations futures.<\/div>\n<div class=\"va-sommetmonaco-quote-src\">\u2014 Un des intervenants<\/div>\n<\/div>\n<p>Cet \u00e9v\u00e9nement se positionne comme un catalyseur pour le secteur du voyage, offrant un cadre inspirant et stimulant. Les participants auront le privil\u00e8ge de d\u00e9couvrir des id\u00e9es novatrices et de s&rsquo;engager dans des discussions significatives sur l&rsquo;avenir du tourisme. Ne manquez pas cette occasion d&rsquo;\u00eatre au c\u0153ur de l&rsquo;\u00e9volution de l&rsquo;industrie du voyage \u00e0 Monaco en mars 2025.<\/p>\n<div class=\"va-sommetmonaco-retenir\">\n<div class=\"va-sommetmonaco-retenir-k\">Ce qu&rsquo;il faut retenir<\/div>\n<ul>\n<li>Forbes Travel Guide tient son sommet mondial du voyage \u00e0 Monaco \u00e0 partir du 15 mars 2025.<\/li>\n<li>Dirigeants, experts de l&rsquo;h\u00f4tellerie et conf\u00e9renciers de renom y \u00e9changent sur les tendances et l&rsquo;avenir du tourisme.<\/li>\n<li>Le programme m\u00eale conf\u00e9rences, ateliers, sessions de r\u00e9seautage et d\u00eeners de gala dans le cadre de la principaut\u00e9.<\/li>\n<\/ul>\n<\/div>\n<\/div>\n","protected":false},"excerpt":{"rendered":"","protected":false},"author":34,"featured_media":20449,"comment_status":"open","ping_status":"open","sticky":false,"template":"","format":"standard","meta":{"_acf_changed":false,"manual_indexmenow":false,"indexmenow_id_project":0,"footnotes":""},"categories":[1],"tags":[4527,6143,6144,4535,6142],"class_list":["post-14937","post","type-post","status-publish","format-standard","has-post-thumbnail","hentry","category-a-la-une","tag-decouverte-culturelle","tag-economie-du-tourisme","tag-evenements-de-reseautage","tag-gastronomie-locale","tag-sommet-mondial-du-voyage","generate-columns","tablet-grid-50","mobile-grid-100","grid-parent","grid-25"],"acf":[],"yoast_head":"<!-- This site is optimized with the Yoast SEO Premium plugin v21.3 (Yoast SEO v25.1) - https:\/\/yoast.com\/wordpress\/plugins\/seo\/ -->\n<title>Vivez l&#039;exp\u00e9rience inoubliable du sommet mondial du voyage<\/title>\n<meta name=\"description\" content=\"Forbes Travel Guide installe son sommet mondial du voyage \u00e0 Monaco en mars 2025. Pendant ces journ\u00e9es, la principaut\u00e9 r\u00e9unit dirigeants, experts de\" \/>\n<meta name=\"robots\" content=\"index, follow, max-snippet:-1, max-image-preview:large, max-video-preview:-1\" \/>\n<link rel=\"canonical\" href=\"https:\/\/voyage-aventure.com\/blog\/a-la-une\/vivez-lexperience-inoubliable-du-sommet-mondial-du-voyage-a-monaco-en-2025\/\" \/>\n<meta property=\"og:locale\" content=\"fr_FR\" \/>\n<meta property=\"og:type\" content=\"article\" \/>\n<meta property=\"og:title\" content=\"Vivez l&#039;exp\u00e9rience inoubliable du sommet mondial du voyage\" \/>\n<meta property=\"og:description\" content=\"Forbes Travel Guide installe son sommet mondial du voyage \u00e0 Monaco en mars 2025. Pendant ces journ\u00e9es, la principaut\u00e9 r\u00e9unit dirigeants, experts de\" \/>\n<meta property=\"og:url\" content=\"https:\/\/voyage-aventure.com\/blog\/a-la-une\/vivez-lexperience-inoubliable-du-sommet-mondial-du-voyage-a-monaco-en-2025\/\" \/>\n<meta property=\"og:site_name\" content=\"voyage-aventure\" \/>\n<meta property=\"og:image\" content=\"https:\/\/voyage-aventure.com\/blog\/wp-content\/uploads\/2025\/05\/sdxl-dada870afda3a6595bb84c2c338af07e-scaled.png\" \/>\n\t<meta property=\"og:image:width\" content=\"1200\" \/>\n\t<meta property=\"og:image:height\" content=\"500\" \/>\n\t<meta property=\"og:image:type\" content=\"image\/png\" \/>\n<meta name=\"author\" content=\"Camille Rouvray\" \/>\n<meta name=\"twitter:card\" content=\"summary_large_image\" \/>\n<script type=\"application\/ld+json\" class=\"yoast-schema-graph\">{\"@context\":\"https:\/\/schema.org\",\"@graph\":[{\"@type\":\"NewsArticle\",\"@id\":\"https:\/\/voyage-aventure.com\/blog\/a-la-une\/vivez-lexperience-inoubliable-du-sommet-mondial-du-voyage-a-monaco-en-2025\/#article\",\"isPartOf\":{\"@id\":\"https:\/\/voyage-aventure.com\/blog\/a-la-une\/vivez-lexperience-inoubliable-du-sommet-mondial-du-voyage-a-monaco-en-2025\/\"},\"author\":{\"name\":\"Camille Rouvray\",\"@id\":\"https:\/\/voyage-aventure.com\/blog\/#\/schema\/person\/3c864cdc320801e3db34b663e7e3f816\"},\"headline\":\"Vivez l&rsquo;exp\u00e9rience inoubliable du sommet mondial du voyage \u00e0 Monaco en 2025\",\"datePublished\":\"2026-06-16T15:08:23+00:00\",\"mainEntityOfPage\":{\"@id\":\"https:\/\/voyage-aventure.com\/blog\/a-la-une\/vivez-lexperience-inoubliable-du-sommet-mondial-du-voyage-a-monaco-en-2025\/\"},\"wordCount\":642,\"commentCount\":18,\"publisher\":{\"@id\":\"https:\/\/voyage-aventure.com\/blog\/#organization\"},\"image\":{\"@id\":\"https:\/\/voyage-aventure.com\/blog\/a-la-une\/vivez-lexperience-inoubliable-du-sommet-mondial-du-voyage-a-monaco-en-2025\/#primaryimage\"},\"thumbnailUrl\":\"https:\/\/voyage-aventure.com\/blog\/wp-content\/uploads\/2025\/05\/sdxl-dada870afda3a6595bb84c2c338af07e-scaled.png\",\"keywords\":[\"D\u00e9couverte Culturelle\",\"\u00c9conomie du Tourisme\",\"\u00c9v\u00e9nements de R\u00e9seautage\",\"Gastronomie Locale\",\"Sommet Mondial du Voyage\"],\"articleSection\":[\"\u00c0 la une\"],\"inLanguage\":\"fr-FR\",\"potentialAction\":[{\"@type\":\"CommentAction\",\"name\":\"Comment\",\"target\":[\"https:\/\/voyage-aventure.com\/blog\/a-la-une\/vivez-lexperience-inoubliable-du-sommet-mondial-du-voyage-a-monaco-en-2025\/#respond\"]}]},{\"@type\":\"WebPage\",\"@id\":\"https:\/\/voyage-aventure.com\/blog\/a-la-une\/vivez-lexperience-inoubliable-du-sommet-mondial-du-voyage-a-monaco-en-2025\/\",\"url\":\"https:\/\/voyage-aventure.com\/blog\/a-la-une\/vivez-lexperience-inoubliable-du-sommet-mondial-du-voyage-a-monaco-en-2025\/\",\"name\":\"Vivez l'exp\u00e9rience inoubliable du sommet mondial du voyage\",\"isPartOf\":{\"@id\":\"https:\/\/voyage-aventure.com\/blog\/#website\"},\"primaryImageOfPage\":{\"@id\":\"https:\/\/voyage-aventure.com\/blog\/a-la-une\/vivez-lexperience-inoubliable-du-sommet-mondial-du-voyage-a-monaco-en-2025\/#primaryimage\"},\"image\":{\"@id\":\"https:\/\/voyage-aventure.com\/blog\/a-la-une\/vivez-lexperience-inoubliable-du-sommet-mondial-du-voyage-a-monaco-en-2025\/#primaryimage\"},\"thumbnailUrl\":\"https:\/\/voyage-aventure.com\/blog\/wp-content\/uploads\/2025\/05\/sdxl-dada870afda3a6595bb84c2c338af07e-scaled.png\",\"datePublished\":\"2026-06-16T15:08:23+00:00\",\"description\":\"Forbes Travel Guide installe son sommet mondial du voyage \u00e0 Monaco en mars 2025. Pendant ces journ\u00e9es, la principaut\u00e9 r\u00e9unit dirigeants, experts de\",\"inLanguage\":\"fr-FR\",\"potentialAction\":[{\"@type\":\"ReadAction\",\"target\":[\"https:\/\/voyage-aventure.com\/blog\/a-la-une\/vivez-lexperience-inoubliable-du-sommet-mondial-du-voyage-a-monaco-en-2025\/\"]}]},{\"@type\":\"ImageObject\",\"inLanguage\":\"fr-FR\",\"@id\":\"https:\/\/voyage-aventure.com\/blog\/a-la-une\/vivez-lexperience-inoubliable-du-sommet-mondial-du-voyage-a-monaco-en-2025\/#primaryimage\",\"url\":\"https:\/\/voyage-aventure.com\/blog\/wp-content\/uploads\/2025\/05\/sdxl-dada870afda3a6595bb84c2c338af07e-scaled.png\",\"contentUrl\":\"https:\/\/voyage-aventure.com\/blog\/wp-content\/uploads\/2025\/05\/sdxl-dada870afda3a6595bb84c2c338af07e-scaled.png\",\"width\":1200,\"height\":500},{\"@type\":\"WebSite\",\"@id\":\"https:\/\/voyage-aventure.com\/blog\/#website\",\"url\":\"https:\/\/voyage-aventure.com\/blog\/\",\"name\":\"voyage-aventure.com\",\"description\":\"Votre passeport pour l\u2019inattendu.\",\"publisher\":{\"@id\":\"https:\/\/voyage-aventure.com\/blog\/#organization\"},\"alternateName\":\"Votre passeport pour l\u2019inattendu.\",\"potentialAction\":[{\"@type\":\"SearchAction\",\"target\":{\"@type\":\"EntryPoint\",\"urlTemplate\":\"https:\/\/voyage-aventure.com\/blog\/?s={search_term_string}\"},\"query-input\":{\"@type\":\"PropertyValueSpecification\",\"valueRequired\":true,\"valueName\":\"search_term_string\"}}],\"inLanguage\":\"fr-FR\"},{\"@type\":\"Organization\",\"@id\":\"https:\/\/voyage-aventure.com\/blog\/#organization\",\"name\":\"Foretsensations.fr\",\"url\":\"https:\/\/voyage-aventure.com\/blog\/\",\"logo\":{\"@type\":\"ImageObject\",\"inLanguage\":\"fr-FR\",\"@id\":\"https:\/\/voyage-aventure.com\/blog\/#\/schema\/logo\/image\/\",\"url\":\"https:\/\/voyage-aventure.com\/blog\/wp-content\/uploads\/2024\/12\/19.png\",\"contentUrl\":\"https:\/\/voyage-aventure.com\/blog\/wp-content\/uploads\/2024\/12\/19.png\",\"width\":512,\"height\":512,\"caption\":\"Foretsensations.fr\"},\"image\":{\"@id\":\"https:\/\/voyage-aventure.com\/blog\/#\/schema\/logo\/image\/\"}},{\"@type\":\"Person\",\"@id\":\"https:\/\/voyage-aventure.com\/blog\/#\/schema\/person\/3c864cdc320801e3db34b663e7e3f816\",\"name\":\"Camille Rouvray\",\"image\":{\"@type\":\"ImageObject\",\"inLanguage\":\"fr-FR\",\"@id\":\"https:\/\/voyage-aventure.com\/blog\/#\/schema\/person\/image\/\",\"url\":\"https:\/\/voyage-aventure.com\/blog\/wp-content\/uploads\/2026\/06\/persona_camille-r-96x96.jpg\",\"contentUrl\":\"https:\/\/voyage-aventure.com\/blog\/wp-content\/uploads\/2026\/06\/persona_camille-r-96x96.jpg\",\"caption\":\"Camille Rouvray\"},\"description\":\"Je voyage et j'\u00e9cris sur le voyage depuis une douzaine d'ann\u00e9es, d'abord en tant que routarde au long cours, puis comme r\u00e9dactrice sp\u00e9cialis\u00e9e. Mon terrain de pr\u00e9dilection, ce sont les circuits organis\u00e9s et l'art de bien pr\u00e9parer un itin\u00e9raire : choix de la saison, dur\u00e9e r\u00e9aliste des \u00e9tapes, budget jour par jour, logement et transport sur place. J'aime aussi raconter les p\u00e9pites urbaines, ces adresses qu'on ne trouve pas dans les guides classiques. Avant de publier un dossier destination, je croise toujours plusieurs sources, je v\u00e9rifie les tarifs et les formalit\u00e9s d'entr\u00e9e \u00e0 jour, et je teste moi-m\u00eame quand je le peux. Mon angle reste pratique avant tout : aider le lecteur \u00e0 partir l'esprit tranquille, sans mauvaise surprise une fois sur place. Je m'attache \u00e0 distinguer le coup de c\u0153ur sinc\u00e8re du simple argument marketing.\",\"sameAs\":[\"https:\/\/camillerouvray.fr\/\"],\"url\":\"https:\/\/voyage-aventure.com\/blog\/auteur\/noname\/\"}]}<\/script>\n<!-- \/ Yoast SEO Premium plugin. -->","yoast_head_json":{"title":"Vivez l'exp\u00e9rience inoubliable du sommet mondial du voyage","description":"Forbes Travel Guide installe son sommet mondial du voyage \u00e0 Monaco en mars 2025. Pendant ces journ\u00e9es, la principaut\u00e9 r\u00e9unit dirigeants, experts de","robots":{"index":"index","follow":"follow","max-snippet":"max-snippet:-1","max-image-preview":"max-image-preview:large","max-video-preview":"max-video-preview:-1"},"canonical":"https:\/\/voyage-aventure.com\/blog\/a-la-une\/vivez-lexperience-inoubliable-du-sommet-mondial-du-voyage-a-monaco-en-2025\/","og_locale":"fr_FR","og_type":"article","og_title":"Vivez l'exp\u00e9rience inoubliable du sommet mondial du voyage","og_description":"Forbes Travel Guide installe son sommet mondial du voyage \u00e0 Monaco en mars 2025. Pendant ces journ\u00e9es, la principaut\u00e9 r\u00e9unit dirigeants, experts de","og_url":"https:\/\/voyage-aventure.com\/blog\/a-la-une\/vivez-lexperience-inoubliable-du-sommet-mondial-du-voyage-a-monaco-en-2025\/","og_site_name":"voyage-aventure","og_image":[{"width":1200,"height":500,"url":"https:\/\/voyage-aventure.com\/blog\/wp-content\/uploads\/2025\/05\/sdxl-dada870afda3a6595bb84c2c338af07e-scaled.png","type":"image\/png"}],"author":"Camille Rouvray","twitter_card":"summary_large_image","schema":{"@context":"https:\/\/schema.org","@graph":[{"@type":"NewsArticle","@id":"https:\/\/voyage-aventure.com\/blog\/a-la-une\/vivez-lexperience-inoubliable-du-sommet-mondial-du-voyage-a-monaco-en-2025\/#article","isPartOf":{"@id":"https:\/\/voyage-aventure.com\/blog\/a-la-une\/vivez-lexperience-inoubliable-du-sommet-mondial-du-voyage-a-monaco-en-2025\/"},"author":{"name":"Camille Rouvray","@id":"https:\/\/voyage-aventure.com\/blog\/#\/schema\/person\/3c864cdc320801e3db34b663e7e3f816"},"headline":"Vivez l&rsquo;exp\u00e9rience inoubliable du sommet mondial du voyage \u00e0 Monaco en 2025","datePublished":"2026-06-16T15:08:23+00:00","mainEntityOfPage":{"@id":"https:\/\/voyage-aventure.com\/blog\/a-la-une\/vivez-lexperience-inoubliable-du-sommet-mondial-du-voyage-a-monaco-en-2025\/"},"wordCount":642,"commentCount":18,"publisher":{"@id":"https:\/\/voyage-aventure.com\/blog\/#organization"},"image":{"@id":"https:\/\/voyage-aventure.com\/blog\/a-la-une\/vivez-lexperience-inoubliable-du-sommet-mondial-du-voyage-a-monaco-en-2025\/#primaryimage"},"thumbnailUrl":"https:\/\/voyage-aventure.com\/blog\/wp-content\/uploads\/2025\/05\/sdxl-dada870afda3a6595bb84c2c338af07e-scaled.png","keywords":["D\u00e9couverte Culturelle","\u00c9conomie du Tourisme","\u00c9v\u00e9nements de R\u00e9seautage","Gastronomie Locale","Sommet Mondial du Voyage"],"articleSection":["\u00c0 la une"],"inLanguage":"fr-FR","potentialAction":[{"@type":"CommentAction","name":"Comment","target":["https:\/\/voyage-aventure.com\/blog\/a-la-une\/vivez-lexperience-inoubliable-du-sommet-mondial-du-voyage-a-monaco-en-2025\/#respond"]}]},{"@type":"WebPage","@id":"https:\/\/voyage-aventure.com\/blog\/a-la-une\/vivez-lexperience-inoubliable-du-sommet-mondial-du-voyage-a-monaco-en-2025\/","url":"https:\/\/voyage-aventure.com\/blog\/a-la-une\/vivez-lexperience-inoubliable-du-sommet-mondial-du-voyage-a-monaco-en-2025\/","name":"Vivez l'exp\u00e9rience inoubliable du sommet mondial du voyage","isPartOf":{"@id":"https:\/\/voyage-aventure.com\/blog\/#website"},"primaryImageOfPage":{"@id":"https:\/\/voyage-aventure.com\/blog\/a-la-une\/vivez-lexperience-inoubliable-du-sommet-mondial-du-voyage-a-monaco-en-2025\/#primaryimage"},"image":{"@id":"https:\/\/voyage-aventure.com\/blog\/a-la-une\/vivez-lexperience-inoubliable-du-sommet-mondial-du-voyage-a-monaco-en-2025\/#primaryimage"},"thumbnailUrl":"https:\/\/voyage-aventure.com\/blog\/wp-content\/uploads\/2025\/05\/sdxl-dada870afda3a6595bb84c2c338af07e-scaled.png","datePublished":"2026-06-16T15:08:23+00:00","description":"Forbes Travel Guide installe son sommet mondial du voyage \u00e0 Monaco en mars 2025. Pendant ces journ\u00e9es, la principaut\u00e9 r\u00e9unit dirigeants, experts de","inLanguage":"fr-FR","potentialAction":[{"@type":"ReadAction","target":["https:\/\/voyage-aventure.com\/blog\/a-la-une\/vivez-lexperience-inoubliable-du-sommet-mondial-du-voyage-a-monaco-en-2025\/"]}]},{"@type":"ImageObject","inLanguage":"fr-FR","@id":"https:\/\/voyage-aventure.com\/blog\/a-la-une\/vivez-lexperience-inoubliable-du-sommet-mondial-du-voyage-a-monaco-en-2025\/#primaryimage","url":"https:\/\/voyage-aventure.com\/blog\/wp-content\/uploads\/2025\/05\/sdxl-dada870afda3a6595bb84c2c338af07e-scaled.png","contentUrl":"https:\/\/voyage-aventure.com\/blog\/wp-content\/uploads\/2025\/05\/sdxl-dada870afda3a6595bb84c2c338af07e-scaled.png","width":1200,"height":500},{"@type":"WebSite","@id":"https:\/\/voyage-aventure.com\/blog\/#website","url":"https:\/\/voyage-aventure.com\/blog\/","name":"voyage-aventure.com","description":"Votre passeport pour l\u2019inattendu.","publisher":{"@id":"https:\/\/voyage-aventure.com\/blog\/#organization"},"alternateName":"Votre passeport pour l\u2019inattendu.","potentialAction":[{"@type":"SearchAction","target":{"@type":"EntryPoint","urlTemplate":"https:\/\/voyage-aventure.com\/blog\/?s={search_term_string}"},"query-input":{"@type":"PropertyValueSpecification","valueRequired":true,"valueName":"search_term_string"}}],"inLanguage":"fr-FR"},{"@type":"Organization","@id":"https:\/\/voyage-aventure.com\/blog\/#organization","name":"Foretsensations.fr","url":"https:\/\/voyage-aventure.com\/blog\/","logo":{"@type":"ImageObject","inLanguage":"fr-FR","@id":"https:\/\/voyage-aventure.com\/blog\/#\/schema\/logo\/image\/","url":"https:\/\/voyage-aventure.com\/blog\/wp-content\/uploads\/2024\/12\/19.png","contentUrl":"https:\/\/voyage-aventure.com\/blog\/wp-content\/uploads\/2024\/12\/19.png","width":512,"height":512,"caption":"Foretsensations.fr"},"image":{"@id":"https:\/\/voyage-aventure.com\/blog\/#\/schema\/logo\/image\/"}},{"@type":"Person","@id":"https:\/\/voyage-aventure.com\/blog\/#\/schema\/person\/3c864cdc320801e3db34b663e7e3f816","name":"Camille Rouvray","image":{"@type":"ImageObject","inLanguage":"fr-FR","@id":"https:\/\/voyage-aventure.com\/blog\/#\/schema\/person\/image\/","url":"https:\/\/voyage-aventure.com\/blog\/wp-content\/uploads\/2026\/06\/persona_camille-r-96x96.jpg","contentUrl":"https:\/\/voyage-aventure.com\/blog\/wp-content\/uploads\/2026\/06\/persona_camille-r-96x96.jpg","caption":"Camille Rouvray"},"description":"Je voyage et j'\u00e9cris sur le voyage depuis une douzaine d'ann\u00e9es, d'abord en tant que routarde au long cours, puis comme r\u00e9dactrice sp\u00e9cialis\u00e9e. Mon terrain de pr\u00e9dilection, ce sont les circuits organis\u00e9s et l'art de bien pr\u00e9parer un itin\u00e9raire : choix de la saison, dur\u00e9e r\u00e9aliste des \u00e9tapes, budget jour par jour, logement et transport sur place. J'aime aussi raconter les p\u00e9pites urbaines, ces adresses qu'on ne trouve pas dans les guides classiques. Avant de publier un dossier destination, je croise toujours plusieurs sources, je v\u00e9rifie les tarifs et les formalit\u00e9s d'entr\u00e9e \u00e0 jour, et je teste moi-m\u00eame quand je le peux. Mon angle reste pratique avant tout : aider le lecteur \u00e0 partir l'esprit tranquille, sans mauvaise surprise une fois sur place. Je m'attache \u00e0 distinguer le coup de c\u0153ur sinc\u00e8re du simple argument marketing.","sameAs":["https:\/\/camillerouvray.fr\/"],"url":"https:\/\/voyage-aventure.com\/blog\/auteur\/noname\/"}]}},"_links":{"self":[{"href":"https:\/\/voyage-aventure.com\/blog\/wp-json\/wp\/v2\/posts\/14937","targetHints":{"allow":["GET"]}}],"collection":[{"href":"https:\/\/voyage-aventure.com\/blog\/wp-json\/wp\/v2\/posts"}],"about":[{"href":"https:\/\/voyage-aventure.com\/blog\/wp-json\/wp\/v2\/types\/post"}],"author":[{"embeddable":true,"href":"https:\/\/voyage-aventure.com\/blog\/wp-json\/wp\/v2\/users\/34"}],"replies":[{"embeddable":true,"href":"https:\/\/voyage-aventure.com\/blog\/wp-json\/wp\/v2\/comments?post=14937"}],"version-history":[{"count":3,"href":"https:\/\/voyage-aventure.com\/blog\/wp-json\/wp\/v2\/posts\/14937\/revisions"}],"predecessor-version":[{"id":22772,"href":"https:\/\/voyage-aventure.com\/blog\/wp-json\/wp\/v2\/posts\/14937\/revisions\/22772"}],"wp:featuredmedia":[{"embeddable":true,"href":"https:\/\/voyage-aventure.com\/blog\/wp-json\/wp\/v2\/media\/20449"}],"wp:attachment":[{"href":"https:\/\/voyage-aventure.com\/blog\/wp-json\/wp\/v2\/media?parent=14937"}],"wp:term":[{"taxonomy":"category","embeddable":true,"href":"https:\/\/voyage-aventure.com\/blog\/wp-json\/wp\/v2\/categories?post=14937"},{"taxonomy":"post_tag","embeddable":true,"href":"https:\/\/voyage-aventure.com\/blog\/wp-json\/wp\/v2\/tags?post=14937"}],"curies":[{"name":"wp","href":"https:\/\/api.w.org\/{rel}","templated":true}]}}