{"id":14928,"date":"2026-06-16T17:08:13","date_gmt":"2026-06-16T15:08:13","guid":{"rendered":"https:\/\/voyage-aventure.com\/blog\/?p=14928"},"modified":"2026-06-16T17:08:13","modified_gmt":"2026-06-16T15:08:13","slug":"vivez-une-aventure-inoubliable-a-bord-de-silversea-lors-de-son-voyage-mondial-de-2028","status":"publish","type":"post","link":"https:\/\/voyage-aventure.com\/blog\/destinations-aventure\/vivez-une-aventure-inoubliable-a-bord-de-silversea-lors-de-son-voyage-mondial-de-2028\/","title":{"rendered":"Vivez une aventure inoubliable \u00e0 bord de Silversea lors de son voyage mondial de 2028"},"content":{"rendered":"<link rel=\"stylesheet\" href=\"https:\/\/fonts.googleapis.com\/css2?family=Newsreader:ital,opsz,wght@0,6..72,500..700;1,6..72,500..600&#038;family=Inter:wght@400;500;600&#038;family=JetBrains+Mono:wght@500&#038;display=swap\">\n<style>\n.van-news-wrap{font-family:'Inter',system-ui,sans-serif;color:#1c2530;line-height:1.65;font-size:17px;max-width:780px;margin:0 auto}\n.van-news-wrap h2{font-family:'Newsreader',Georgia,serif;font-weight:700;font-size:clamp(24px,3.2vw,33px);line-height:1.2;letter-spacing:-.01em;color:#13202c;margin:48px 0 16px}\n.van-news-wrap p{margin:0 0 18px}\n.van-news-kicker{font-family:'JetBrains Mono',monospace;font-size:12.5px;font-weight:500;letter-spacing:.14em;text-transform:uppercase;color:#0a6e8f;margin-bottom:10px}\n.van-news-lead{font-family:'Newsreader',Georgia,serif;font-size:20.5px;line-height:1.55;color:#2c3845;font-weight:500;margin:0 0 28px}\n.van-news-ess{background:#f0f8fb;border-left:5px solid #0a6e8f;border-radius:10px;padding:22px 26px;margin:0 0 34px;box-shadow:0 1px 2px rgba(16,24,40,.05),0 14px 30px -20px rgba(10,110,143,.4)}\n.van-news-ess .van-news-esttitle{font-family:'JetBrains Mono',monospace;font-size:12.5px;font-weight:500;letter-spacing:.14em;text-transform:uppercase;color:#0a6e8f;margin-bottom:14px}\n.van-news-ess ul{margin:0;padding-left:0;list-style:none}\n.van-news-ess li{position:relative;padding-left:26px;margin-bottom:11px;font-size:16.5px}\n.van-news-ess li:last-child{margin-bottom:0}\n.van-news-ess li::before{content:\"\";position:absolute;left:0;top:9px;width:9px;height:9px;border-radius:50%;background:#0a6e8f}\n.van-news-ess li span{font-weight:600;color:#13202c}\n.van-news-stats{display:grid;grid-template-columns:repeat(auto-fit,minmax(120px,1fr));gap:18px;margin:34px 0}\n.van-news-stat{background:#fff;border:1px solid #dde6ec;border-top:3px solid #0a6e8f;border-radius:10px;padding:20px 18px;text-align:center;transition:.25s ease}\n.van-news-stat:hover{transform:translateY(-3px);box-shadow:0 12px 26px -16px rgba(16,24,40,.28)}\n.van-news-stat .van-news-num{font-family:'Newsreader',Georgia,serif;font-weight:700;font-size:32px;color:#0a6e8f;line-height:1}\n.van-news-stat .van-news-lbl{font-family:'JetBrains Mono',monospace;font-size:11.5px;letter-spacing:.08em;text-transform:uppercase;color:#5b6a78;margin-top:9px}\n.van-news-wrap blockquote{font-family:'Newsreader',Georgia,serif;font-style:italic;font-size:22px;line-height:1.45;color:#13202c;border-left:4px solid #0a6e8f;margin:38px 0;padding:6px 0 6px 26px}\n.van-news-cards{display:grid;grid-template-columns:repeat(auto-fit,minmax(220px,1fr));gap:20px;margin:30px 0}\n.van-news-card{background:#fff;border:1px solid #dde6ec;border-radius:12px;padding:22px 24px;transition:.25s ease;box-shadow:0 1px 2px rgba(16,24,40,.05)}\n.van-news-card:hover{transform:translateY(-3px);box-shadow:0 14px 30px -18px rgba(16,24,40,.3);border-color:#bcd5e0}\n.van-news-card .van-news-ct{font-family:'Newsreader',Georgia,serif;font-weight:700;font-size:19px;color:#13202c;margin-bottom:8px}\n.van-news-card .van-news-txt{font-size:15.5px;color:#42505d}\n.van-news-retenir{background:#13202c;color:#e7eef3;border-radius:12px;padding:26px 28px;margin:40px 0}\n.van-news-retenir .van-news-esttitle{font-family:'JetBrains Mono',monospace;font-size:12.5px;letter-spacing:.14em;text-transform:uppercase;color:#5fc6e3;margin-bottom:14px}\n.van-news-retenir ul{margin:0;padding-left:0;list-style:none}\n.van-news-retenir li{position:relative;padding-left:24px;margin-bottom:10px;font-size:16px;color:#cdd9e2}\n.van-news-retenir li:last-child{margin-bottom:0}\n.van-news-retenir li::before{content:\"\u2192\";position:absolute;left:0;color:#5fc6e3;font-weight:700}\n.van-news-faq{margin:36px 0 10px}\n.van-news-faq details{border:1px solid #dde6ec;border-radius:10px;padding:0;margin-bottom:12px;background:#fff;transition:.25s ease}\n.van-news-faq details[open]{border-color:#0a6e8f;box-shadow:0 12px 26px -18px rgba(10,110,143,.4)}\n.van-news-faq summary{cursor:pointer;padding:17px 22px;font-family:'Newsreader',Georgia,serif;font-weight:600;font-size:18px;color:#13202c;list-style:none}\n.van-news-faq summary::-webkit-details-marker{display:none}\n.van-news-faq summary::before{content:\"+\";color:#0a6e8f;font-weight:700;margin-right:12px}\n.van-news-faq details[open] summary::before{content:\"\u2013\"}\n.van-news-faq .van-news-ans{padding:0 22px 18px;font-size:16px;color:#42505d}\n\/*RENDERFIX2*\/.van-news-ess li::before{color:#eef3f9!important}.van-news-ess li::before p,.van-news-ess li::before li,.van-news-ess li::before strong,.van-news-ess li::before em,.van-news-ess li::before a,.van-news-ess li::before span,.van-news-ess li::before b,.van-news-ess li::before td,.van-news-ess li::before th,.van-news-ess li::before h2,.van-news-ess li::before h3,.van-news-ess li::before h4{color:#eef3f9!important}.van-news-ess li::before strong,.van-news-ess li::before b{color:#ffffff!important}.van-news-retenir{color:#eef3f9!important}.van-news-retenir p,.van-news-retenir li,.van-news-retenir strong,.van-news-retenir em,.van-news-retenir a,.van-news-retenir span,.van-news-retenir b,.van-news-retenir td,.van-news-retenir th,.van-news-retenir h2,.van-news-retenir h3,.van-news-retenir h4{color:#eef3f9!important}.van-news-retenir strong,.van-news-retenir b{color:#ffffff!important}<\/style>\n<div class=\"van-news-wrap\">\n<div class=\"van-news-kicker\">Croisi\u00e8re \u00b7 Voyage mondial 2028<\/div>\n<p class=\"van-news-lead\">Silversea l\u00e8vera l&rsquo;ancre depuis Miami le 5 janvier 2028 pour son tout premier tour du monde. Baptis\u00e9e \u00ab\u00a0Un Ode au Moment\u00a0\u00bb, cette odyss\u00e9e de 132 jours relie 29 pays \u00e0 bord du Silver Shadow \u2014 une invitation \u00e0 habiter chaque escale plut\u00f4t qu&rsquo;\u00e0 la traverser.<\/p>\n<div class=\"van-news-ess\">\n<div class=\"van-news-esttitle\">L&rsquo;essentiel<\/div>\n<ul>\n<li><span>Quoi \u2014<\/span> \u00ab\u00a0Un Ode au Moment\u00a0\u00bb, premier voyage mondial de Silversea, \u00e0 bord du Silver Shadow.<\/li>\n<li><span>Quand &#038; d&rsquo;o\u00f9 \u2014<\/span> d\u00e9part de Miami le 5 janvier 2028, pour 132 jours de navigation.<\/li>\n<li><span>Pourquoi \u00e7a compte \u2014<\/span> 29 pays, 58 ports et 17 nuits \u00e0 terre : une immersion rare, des Cara\u00efbes \u00e0 la M\u00e9diterran\u00e9e.<\/li>\n<\/ul>\n<\/div>\n<div class=\"van-news-stats\">\n<div class=\"van-news-stat\">\n<div class=\"van-news-num\">132<\/div>\n<div class=\"van-news-lbl\">Jours<\/div>\n<\/div>\n<div class=\"van-news-stat\">\n<div class=\"van-news-num\">29<\/div>\n<div class=\"van-news-lbl\">Pays<\/div>\n<\/div>\n<div class=\"van-news-stat\">\n<div class=\"van-news-num\">58<\/div>\n<div class=\"van-news-lbl\">Ports<\/div>\n<\/div>\n<div class=\"van-news-stat\">\n<div class=\"van-news-num\">17<\/div>\n<div class=\"van-news-lbl\">Nuits \u00e0 terre<\/div>\n<\/div>\n<\/div>\n<h2>Un voyage \u00e9pique au d\u00e9part de Miami<\/h2>\n<p>Le 5 janvier 2028, Silversea lancera son tout premier voyage mondial depuis Miami, intitul\u00e9 \u00ab\u00a0Un Ode au Moment\u00a0\u00bb. Cette croisi\u00e8re majestueuse de 132 jours fera d\u00e9couvrir 29 pays \u00e0 travers le monde. \u00c0 bord du Silver Shadow, les passagers exploreront 58 ports, avec 17 nuits \u00e0 terre, garantissant une immersion totale dans chaque destination.<\/p>\n<p>Le p\u00e9riple s&rsquo;ouvre sur les Cara\u00efbes, avec des escales de r\u00eave comme Willemstad et Jost Van Dyke. Les passagers y vivront des exp\u00e9riences culturelles uniques, port\u00e9es par un programme d&rsquo;\u00e9v\u00e9nements sp\u00e9cialement con\u00e7u pour l&rsquo;occasion.<\/p>\n<h2>Une route riche en d\u00e9couvertes culturelles<\/h2>\n<p>L&rsquo;itin\u00e9raire encha\u00eene des points d&rsquo;int\u00e9r\u00eat comme le Canal de Panama et Lima, propices \u00e0 la d\u00e9couverte des traditions et des festivit\u00e9s locales. Les paysages grandioses de la Patagonie et des Fjords chiliens se d\u00e9voilent lors de la navigation autour du Cap Horn, tandis qu&rsquo;une excursion optionnelle vers les chutes d&rsquo;Iguazu promet un moment inoubliable.<\/p>\n<p>La travers\u00e9e se poursuit par une escale \u00e0 Rio de Janeiro pendant le Carnaval, avec des places privil\u00e9gi\u00e9es au Samb\u00f3dromo, avant de filer vers St. Helena, la Namibie puis Cape Town, ville riche en histoire et en culture.<\/p>\n<div class=\"van-news-cards\">\n<div class=\"van-news-card\">\n<div class=\"van-news-ct\">Am\u00e9riques<\/div>\n<div class=\"van-news-txt\">Cara\u00efbes, Canal de Panama, Lima, Patagonie, Cap Horn et Carnaval de Rio depuis le Samb\u00f3dromo.<\/div>\n<\/div>\n<div class=\"van-news-card\">\n<div class=\"van-news-ct\">Afrique &amp; oc\u00e9an Indien<\/div>\n<div class=\"van-news-txt\">Cape Town, safaris en Afrique du Sud, \u00cele aux Cerfs \u00e0 Maurice et trekking optionnel avec les gorilles au Rwanda.<\/div>\n<\/div>\n<div class=\"van-news-card\">\n<div class=\"van-news-ct\">P\u00e9ninsule arabique<\/div>\n<div class=\"van-news-txt\">S\u00e9jours prolong\u00e9s \u00e0 Muscat, Abu Dhabi et Duba\u00ef, au fil des grandes escales du Moyen-Orient.<\/div>\n<\/div>\n<div class=\"van-news-card\">\n<div class=\"van-news-ct\">Mer Rouge &amp; M\u00e9diterran\u00e9e<\/div>\n<div class=\"van-news-txt\">Petra, le temple de Louxor, puis Milos, Agropoli et un final festif \u00e0 Nice.<\/div>\n<\/div>\n<\/div>\n<h2>Des exp\u00e9riences inoubliables en Afrique et au Moyen-Orient<\/h2>\n<p>En Afrique, les voyageurs pourront vivre des safaris en Afrique du Sud et se d\u00e9tendre sur l&rsquo;\u00cele aux Cerfs \u00e0 Maurice. La croisi\u00e8re gagne ensuite la p\u00e9ninsule arabique, avec des s\u00e9jours prolong\u00e9s \u00e0 Muscat, Abu Dhabi et Duba\u00ef. Une aventure optionnelle de trekking avec des gorilles au Rwanda compl\u00e8te le programme pour les amateurs de sensations fortes.<\/p>\n<p>Tandis que le Silver Shadow remonte la mer Rouge, les passagers exploreront des sites historiques majeurs comme Petra et le temple de Louxor. Chaque escale est pens\u00e9e pour enrichir le savoir et plonger les voyageurs dans la culture locale.<\/p>\n<blockquote><p>\u00ab\u00a0La croisi\u00e8re de 2028 de Silversea est bien plus qu&rsquo;un simple voyage ; c&rsquo;est une c\u00e9l\u00e9bration des moments pr\u00e9cieux que nous partageons en voyageant.\u00a0\u00bb \u2014 Silversea<\/p><\/blockquote>\n<h2>Votre aventure m\u00e9diterran\u00e9enne finale<\/h2>\n<p>La derni\u00e8re partie du p\u00e9riple traverse la M\u00e9diterran\u00e9e, avec des arr\u00eats \u00e0 Milos et Agropoli. Chacune de ces \u00e9tapes offre une beaut\u00e9 naturelle saisissante et une richesse historique in\u00e9gal\u00e9e. La croisi\u00e8re se conclura par un \u00e9v\u00e9nement sp\u00e9cial \u00e0 Nice, marquant la fin de cette aventure extraordinaire.<\/p>\n<p>Au-del\u00e0 des paysages, ce voyage est aussi une rencontre : les passagers croiseront des personnes partageant les m\u00eames passions, \u00e9changeront des histoires et cr\u00e9eront des souvenirs durables. Une travers\u00e9e des mers autant qu&rsquo;une exploration de l&rsquo;humanit\u00e9 et de ses cultures.<\/p>\n<div class=\"van-news-retenir\">\n<div class=\"van-news-esttitle\">\u00c0 retenir<\/div>\n<ul>\n<li>D\u00e9part de Miami le 5 janvier 2028, pour 132 jours de navigation.<\/li>\n<li>29 pays et 58 ports visit\u00e9s, avec 17 nuits \u00e0 terre pour s&rsquo;impr\u00e9gner des destinations.<\/li>\n<li>Temps forts : Carnaval de Rio, Cap Horn, safaris, Petra et Louxor.<\/li>\n<li>Des excursions optionnelles uniques, des Fjords chiliens aux gorilles du Rwanda.<\/li>\n<li>Final m\u00e9diterran\u00e9en entre Milos, Agropoli et un \u00e9v\u00e9nement sp\u00e9cial \u00e0 Nice.<\/li>\n<\/ul>\n<\/div>\n<div class=\"van-news-faq\">\n<details>\n<summary>Quand et d&rsquo;o\u00f9 part le voyage mondial 2028 de Silversea ?<\/summary>\n<div class=\"van-news-ans\">Le d\u00e9part est fix\u00e9 au 5 janvier 2028 depuis Miami, \u00e0 bord du Silver Shadow, pour une travers\u00e9e de 132 jours.<\/div>\n<\/details>\n<details>\n<summary>Combien de pays et de ports la croisi\u00e8re dessert-elle ?<\/summary>\n<div class=\"van-news-ans\">L&rsquo;itin\u00e9raire couvre 29 pays et 58 ports, avec 17 nuits \u00e0 terre pour une immersion plus profonde dans chaque destination.<\/div>\n<\/details>\n<details>\n<summary>Quelles sont les escales embl\u00e9matiques du parcours ?<\/summary>\n<div class=\"van-news-ans\">Parmi les temps forts : les Cara\u00efbes, le Canal de Panama, le Cap Horn, le Carnaval de Rio depuis le Samb\u00f3dromo, Cape Town, Muscat, Abu Dhabi, Duba\u00ef, Petra, le temple de Louxor, puis Milos et Agropoli en M\u00e9diterran\u00e9e.<\/div>\n<\/details>\n<details>\n<summary>Y a-t-il des excursions optionnelles ?<\/summary>\n<div class=\"van-news-ans\">Oui. Le programme propose notamment une excursion vers les chutes d&rsquo;Iguazu et un trekking avec les gorilles au Rwanda, en compl\u00e9ment des escales.<\/div>\n<\/details>\n<details>\n<summary>O\u00f9 se termine la croisi\u00e8re \u00ab\u00a0Un Ode au Moment\u00a0\u00bb ?<\/summary>\n<div class=\"van-news-ans\">La travers\u00e9e s&rsquo;ach\u00e8ve en M\u00e9diterran\u00e9e, avec un \u00e9v\u00e9nement sp\u00e9cial \u00e0 Nice qui marque la fin du voyage.<\/div>\n<\/details>\n<\/div>\n<\/div>\n","protected":false},"excerpt":{"rendered":"","protected":false},"author":34,"featured_media":20593,"comment_status":"open","ping_status":"open","sticky":false,"template":"","format":"standard","meta":{"_acf_changed":false,"manual_indexmenow":false,"indexmenow_id_project":0,"footnotes":""},"categories":[4520],"tags":[4538,4527,4530,4769,4635],"class_list":["post-14928","post","type-post","status-publish","format-standard","has-post-thumbnail","hentry","category-destinations-aventure","tag-activites-variees","tag-decouverte-culturelle","tag-escapade-en-europe","tag-immersion-culturelle","tag-voyage","generate-columns","tablet-grid-50","mobile-grid-100","grid-parent","grid-25"],"acf":[],"yoast_head":"<!-- This site is optimized with the Yoast SEO Premium plugin v21.3 (Yoast SEO v25.1) - https:\/\/yoast.com\/wordpress\/plugins\/seo\/ -->\n<title>Vivez une aventure inoubliable \u00e0 bord de Silversea lors de<\/title>\n<meta name=\"description\" content=\"Silversea l\u00e8vera l&#039;ancre depuis Miami le 5 janvier 2028 pour son tout premier tour du monde. Baptis\u00e9e &quot;Un Ode au Moment&quot;, cette odyss\u00e9e de 132 jours relie\" \/>\n<meta name=\"robots\" content=\"index, follow, max-snippet:-1, max-image-preview:large, max-video-preview:-1\" \/>\n<link rel=\"canonical\" href=\"https:\/\/voyage-aventure.com\/blog\/destinations-aventure\/vivez-une-aventure-inoubliable-a-bord-de-silversea-lors-de-son-voyage-mondial-de-2028\/\" \/>\n<meta property=\"og:locale\" content=\"fr_FR\" \/>\n<meta property=\"og:type\" content=\"article\" \/>\n<meta property=\"og:title\" content=\"Vivez une aventure inoubliable \u00e0 bord de Silversea lors de\" \/>\n<meta property=\"og:description\" content=\"Silversea l\u00e8vera l&#039;ancre depuis Miami le 5 janvier 2028 pour son tout premier tour du monde. Baptis\u00e9e &quot;Un Ode au Moment&quot;, cette odyss\u00e9e de 132 jours relie\" \/>\n<meta property=\"og:url\" content=\"https:\/\/voyage-aventure.com\/blog\/destinations-aventure\/vivez-une-aventure-inoubliable-a-bord-de-silversea-lors-de-son-voyage-mondial-de-2028\/\" \/>\n<meta property=\"og:site_name\" content=\"voyage-aventure\" \/>\n<meta property=\"og:image\" content=\"https:\/\/voyage-aventure.com\/blog\/wp-content\/uploads\/2025\/05\/sdxl-eaa2160477ad0e4fe1e6e210b12f140f-scaled.png\" \/>\n\t<meta property=\"og:image:width\" content=\"1200\" \/>\n\t<meta property=\"og:image:height\" content=\"500\" \/>\n\t<meta property=\"og:image:type\" content=\"image\/png\" \/>\n<meta name=\"author\" content=\"Camille Rouvray\" \/>\n<meta name=\"twitter:card\" content=\"summary_large_image\" \/>\n<script type=\"application\/ld+json\" class=\"yoast-schema-graph\">{\"@context\":\"https:\/\/schema.org\",\"@graph\":[{\"@type\":\"NewsArticle\",\"@id\":\"https:\/\/voyage-aventure.com\/blog\/destinations-aventure\/vivez-une-aventure-inoubliable-a-bord-de-silversea-lors-de-son-voyage-mondial-de-2028\/#article\",\"isPartOf\":{\"@id\":\"https:\/\/voyage-aventure.com\/blog\/destinations-aventure\/vivez-une-aventure-inoubliable-a-bord-de-silversea-lors-de-son-voyage-mondial-de-2028\/\"},\"author\":{\"name\":\"Camille Rouvray\",\"@id\":\"https:\/\/voyage-aventure.com\/blog\/#\/schema\/person\/3c864cdc320801e3db34b663e7e3f816\"},\"headline\":\"Vivez une aventure inoubliable \u00e0 bord de Silversea lors de son voyage mondial de 2028\",\"datePublished\":\"2026-06-16T15:08:13+00:00\",\"mainEntityOfPage\":{\"@id\":\"https:\/\/voyage-aventure.com\/blog\/destinations-aventure\/vivez-une-aventure-inoubliable-a-bord-de-silversea-lors-de-son-voyage-mondial-de-2028\/\"},\"wordCount\":879,\"commentCount\":19,\"publisher\":{\"@id\":\"https:\/\/voyage-aventure.com\/blog\/#organization\"},\"image\":{\"@id\":\"https:\/\/voyage-aventure.com\/blog\/destinations-aventure\/vivez-une-aventure-inoubliable-a-bord-de-silversea-lors-de-son-voyage-mondial-de-2028\/#primaryimage\"},\"thumbnailUrl\":\"https:\/\/voyage-aventure.com\/blog\/wp-content\/uploads\/2025\/05\/sdxl-eaa2160477ad0e4fe1e6e210b12f140f-scaled.png\",\"keywords\":[\"Activit\u00e9s Vari\u00e9es\",\"D\u00e9couverte Culturelle\",\"Escapade en Europe\",\"Immersion Culturelle\",\"Voyage\"],\"articleSection\":[\"Destinations Aventure\"],\"inLanguage\":\"fr-FR\",\"potentialAction\":[{\"@type\":\"CommentAction\",\"name\":\"Comment\",\"target\":[\"https:\/\/voyage-aventure.com\/blog\/destinations-aventure\/vivez-une-aventure-inoubliable-a-bord-de-silversea-lors-de-son-voyage-mondial-de-2028\/#respond\"]}]},{\"@type\":\"WebPage\",\"@id\":\"https:\/\/voyage-aventure.com\/blog\/destinations-aventure\/vivez-une-aventure-inoubliable-a-bord-de-silversea-lors-de-son-voyage-mondial-de-2028\/\",\"url\":\"https:\/\/voyage-aventure.com\/blog\/destinations-aventure\/vivez-une-aventure-inoubliable-a-bord-de-silversea-lors-de-son-voyage-mondial-de-2028\/\",\"name\":\"Vivez une aventure inoubliable \u00e0 bord de Silversea lors de\",\"isPartOf\":{\"@id\":\"https:\/\/voyage-aventure.com\/blog\/#website\"},\"primaryImageOfPage\":{\"@id\":\"https:\/\/voyage-aventure.com\/blog\/destinations-aventure\/vivez-une-aventure-inoubliable-a-bord-de-silversea-lors-de-son-voyage-mondial-de-2028\/#primaryimage\"},\"image\":{\"@id\":\"https:\/\/voyage-aventure.com\/blog\/destinations-aventure\/vivez-une-aventure-inoubliable-a-bord-de-silversea-lors-de-son-voyage-mondial-de-2028\/#primaryimage\"},\"thumbnailUrl\":\"https:\/\/voyage-aventure.com\/blog\/wp-content\/uploads\/2025\/05\/sdxl-eaa2160477ad0e4fe1e6e210b12f140f-scaled.png\",\"datePublished\":\"2026-06-16T15:08:13+00:00\",\"description\":\"Silversea l\u00e8vera l'ancre depuis Miami le 5 janvier 2028 pour son tout premier tour du monde. Baptis\u00e9e \\\"Un Ode au Moment\\\", cette odyss\u00e9e de 132 jours relie\",\"inLanguage\":\"fr-FR\",\"potentialAction\":[{\"@type\":\"ReadAction\",\"target\":[\"https:\/\/voyage-aventure.com\/blog\/destinations-aventure\/vivez-une-aventure-inoubliable-a-bord-de-silversea-lors-de-son-voyage-mondial-de-2028\/\"]}]},{\"@type\":\"ImageObject\",\"inLanguage\":\"fr-FR\",\"@id\":\"https:\/\/voyage-aventure.com\/blog\/destinations-aventure\/vivez-une-aventure-inoubliable-a-bord-de-silversea-lors-de-son-voyage-mondial-de-2028\/#primaryimage\",\"url\":\"https:\/\/voyage-aventure.com\/blog\/wp-content\/uploads\/2025\/05\/sdxl-eaa2160477ad0e4fe1e6e210b12f140f-scaled.png\",\"contentUrl\":\"https:\/\/voyage-aventure.com\/blog\/wp-content\/uploads\/2025\/05\/sdxl-eaa2160477ad0e4fe1e6e210b12f140f-scaled.png\",\"width\":1200,\"height\":500},{\"@type\":\"WebSite\",\"@id\":\"https:\/\/voyage-aventure.com\/blog\/#website\",\"url\":\"https:\/\/voyage-aventure.com\/blog\/\",\"name\":\"voyage-aventure.com\",\"description\":\"Votre passeport pour l\u2019inattendu.\",\"publisher\":{\"@id\":\"https:\/\/voyage-aventure.com\/blog\/#organization\"},\"alternateName\":\"Votre passeport pour l\u2019inattendu.\",\"potentialAction\":[{\"@type\":\"SearchAction\",\"target\":{\"@type\":\"EntryPoint\",\"urlTemplate\":\"https:\/\/voyage-aventure.com\/blog\/?s={search_term_string}\"},\"query-input\":{\"@type\":\"PropertyValueSpecification\",\"valueRequired\":true,\"valueName\":\"search_term_string\"}}],\"inLanguage\":\"fr-FR\"},{\"@type\":\"Organization\",\"@id\":\"https:\/\/voyage-aventure.com\/blog\/#organization\",\"name\":\"Foretsensations.fr\",\"url\":\"https:\/\/voyage-aventure.com\/blog\/\",\"logo\":{\"@type\":\"ImageObject\",\"inLanguage\":\"fr-FR\",\"@id\":\"https:\/\/voyage-aventure.com\/blog\/#\/schema\/logo\/image\/\",\"url\":\"https:\/\/voyage-aventure.com\/blog\/wp-content\/uploads\/2024\/12\/19.png\",\"contentUrl\":\"https:\/\/voyage-aventure.com\/blog\/wp-content\/uploads\/2024\/12\/19.png\",\"width\":512,\"height\":512,\"caption\":\"Foretsensations.fr\"},\"image\":{\"@id\":\"https:\/\/voyage-aventure.com\/blog\/#\/schema\/logo\/image\/\"}},{\"@type\":\"Person\",\"@id\":\"https:\/\/voyage-aventure.com\/blog\/#\/schema\/person\/3c864cdc320801e3db34b663e7e3f816\",\"name\":\"Camille Rouvray\",\"image\":{\"@type\":\"ImageObject\",\"inLanguage\":\"fr-FR\",\"@id\":\"https:\/\/voyage-aventure.com\/blog\/#\/schema\/person\/image\/\",\"url\":\"https:\/\/voyage-aventure.com\/blog\/wp-content\/uploads\/2026\/06\/persona_camille-r-96x96.jpg\",\"contentUrl\":\"https:\/\/voyage-aventure.com\/blog\/wp-content\/uploads\/2026\/06\/persona_camille-r-96x96.jpg\",\"caption\":\"Camille Rouvray\"},\"description\":\"Je voyage et j'\u00e9cris sur le voyage depuis une douzaine d'ann\u00e9es, d'abord en tant que routarde au long cours, puis comme r\u00e9dactrice sp\u00e9cialis\u00e9e. Mon terrain de pr\u00e9dilection, ce sont les circuits organis\u00e9s et l'art de bien pr\u00e9parer un itin\u00e9raire : choix de la saison, dur\u00e9e r\u00e9aliste des \u00e9tapes, budget jour par jour, logement et transport sur place. J'aime aussi raconter les p\u00e9pites urbaines, ces adresses qu'on ne trouve pas dans les guides classiques. Avant de publier un dossier destination, je croise toujours plusieurs sources, je v\u00e9rifie les tarifs et les formalit\u00e9s d'entr\u00e9e \u00e0 jour, et je teste moi-m\u00eame quand je le peux. Mon angle reste pratique avant tout : aider le lecteur \u00e0 partir l'esprit tranquille, sans mauvaise surprise une fois sur place. Je m'attache \u00e0 distinguer le coup de c\u0153ur sinc\u00e8re du simple argument marketing.\",\"sameAs\":[\"https:\/\/camillerouvray.fr\/\"],\"url\":\"https:\/\/voyage-aventure.com\/blog\/auteur\/noname\/\"}]}<\/script>\n<!-- \/ Yoast SEO Premium plugin. -->","yoast_head_json":{"title":"Vivez une aventure inoubliable \u00e0 bord de Silversea lors de","description":"Silversea l\u00e8vera l'ancre depuis Miami le 5 janvier 2028 pour son tout premier tour du monde. Baptis\u00e9e \"Un Ode au Moment\", cette odyss\u00e9e de 132 jours relie","robots":{"index":"index","follow":"follow","max-snippet":"max-snippet:-1","max-image-preview":"max-image-preview:large","max-video-preview":"max-video-preview:-1"},"canonical":"https:\/\/voyage-aventure.com\/blog\/destinations-aventure\/vivez-une-aventure-inoubliable-a-bord-de-silversea-lors-de-son-voyage-mondial-de-2028\/","og_locale":"fr_FR","og_type":"article","og_title":"Vivez une aventure inoubliable \u00e0 bord de Silversea lors de","og_description":"Silversea l\u00e8vera l'ancre depuis Miami le 5 janvier 2028 pour son tout premier tour du monde. Baptis\u00e9e \"Un Ode au Moment\", cette odyss\u00e9e de 132 jours relie","og_url":"https:\/\/voyage-aventure.com\/blog\/destinations-aventure\/vivez-une-aventure-inoubliable-a-bord-de-silversea-lors-de-son-voyage-mondial-de-2028\/","og_site_name":"voyage-aventure","og_image":[{"width":1200,"height":500,"url":"https:\/\/voyage-aventure.com\/blog\/wp-content\/uploads\/2025\/05\/sdxl-eaa2160477ad0e4fe1e6e210b12f140f-scaled.png","type":"image\/png"}],"author":"Camille Rouvray","twitter_card":"summary_large_image","schema":{"@context":"https:\/\/schema.org","@graph":[{"@type":"NewsArticle","@id":"https:\/\/voyage-aventure.com\/blog\/destinations-aventure\/vivez-une-aventure-inoubliable-a-bord-de-silversea-lors-de-son-voyage-mondial-de-2028\/#article","isPartOf":{"@id":"https:\/\/voyage-aventure.com\/blog\/destinations-aventure\/vivez-une-aventure-inoubliable-a-bord-de-silversea-lors-de-son-voyage-mondial-de-2028\/"},"author":{"name":"Camille Rouvray","@id":"https:\/\/voyage-aventure.com\/blog\/#\/schema\/person\/3c864cdc320801e3db34b663e7e3f816"},"headline":"Vivez une aventure inoubliable \u00e0 bord de Silversea lors de son voyage mondial de 2028","datePublished":"2026-06-16T15:08:13+00:00","mainEntityOfPage":{"@id":"https:\/\/voyage-aventure.com\/blog\/destinations-aventure\/vivez-une-aventure-inoubliable-a-bord-de-silversea-lors-de-son-voyage-mondial-de-2028\/"},"wordCount":879,"commentCount":19,"publisher":{"@id":"https:\/\/voyage-aventure.com\/blog\/#organization"},"image":{"@id":"https:\/\/voyage-aventure.com\/blog\/destinations-aventure\/vivez-une-aventure-inoubliable-a-bord-de-silversea-lors-de-son-voyage-mondial-de-2028\/#primaryimage"},"thumbnailUrl":"https:\/\/voyage-aventure.com\/blog\/wp-content\/uploads\/2025\/05\/sdxl-eaa2160477ad0e4fe1e6e210b12f140f-scaled.png","keywords":["Activit\u00e9s Vari\u00e9es","D\u00e9couverte Culturelle","Escapade en Europe","Immersion Culturelle","Voyage"],"articleSection":["Destinations Aventure"],"inLanguage":"fr-FR","potentialAction":[{"@type":"CommentAction","name":"Comment","target":["https:\/\/voyage-aventure.com\/blog\/destinations-aventure\/vivez-une-aventure-inoubliable-a-bord-de-silversea-lors-de-son-voyage-mondial-de-2028\/#respond"]}]},{"@type":"WebPage","@id":"https:\/\/voyage-aventure.com\/blog\/destinations-aventure\/vivez-une-aventure-inoubliable-a-bord-de-silversea-lors-de-son-voyage-mondial-de-2028\/","url":"https:\/\/voyage-aventure.com\/blog\/destinations-aventure\/vivez-une-aventure-inoubliable-a-bord-de-silversea-lors-de-son-voyage-mondial-de-2028\/","name":"Vivez une aventure inoubliable \u00e0 bord de Silversea lors de","isPartOf":{"@id":"https:\/\/voyage-aventure.com\/blog\/#website"},"primaryImageOfPage":{"@id":"https:\/\/voyage-aventure.com\/blog\/destinations-aventure\/vivez-une-aventure-inoubliable-a-bord-de-silversea-lors-de-son-voyage-mondial-de-2028\/#primaryimage"},"image":{"@id":"https:\/\/voyage-aventure.com\/blog\/destinations-aventure\/vivez-une-aventure-inoubliable-a-bord-de-silversea-lors-de-son-voyage-mondial-de-2028\/#primaryimage"},"thumbnailUrl":"https:\/\/voyage-aventure.com\/blog\/wp-content\/uploads\/2025\/05\/sdxl-eaa2160477ad0e4fe1e6e210b12f140f-scaled.png","datePublished":"2026-06-16T15:08:13+00:00","description":"Silversea l\u00e8vera l'ancre depuis Miami le 5 janvier 2028 pour son tout premier tour du monde. Baptis\u00e9e \"Un Ode au Moment\", cette odyss\u00e9e de 132 jours relie","inLanguage":"fr-FR","potentialAction":[{"@type":"ReadAction","target":["https:\/\/voyage-aventure.com\/blog\/destinations-aventure\/vivez-une-aventure-inoubliable-a-bord-de-silversea-lors-de-son-voyage-mondial-de-2028\/"]}]},{"@type":"ImageObject","inLanguage":"fr-FR","@id":"https:\/\/voyage-aventure.com\/blog\/destinations-aventure\/vivez-une-aventure-inoubliable-a-bord-de-silversea-lors-de-son-voyage-mondial-de-2028\/#primaryimage","url":"https:\/\/voyage-aventure.com\/blog\/wp-content\/uploads\/2025\/05\/sdxl-eaa2160477ad0e4fe1e6e210b12f140f-scaled.png","contentUrl":"https:\/\/voyage-aventure.com\/blog\/wp-content\/uploads\/2025\/05\/sdxl-eaa2160477ad0e4fe1e6e210b12f140f-scaled.png","width":1200,"height":500},{"@type":"WebSite","@id":"https:\/\/voyage-aventure.com\/blog\/#website","url":"https:\/\/voyage-aventure.com\/blog\/","name":"voyage-aventure.com","description":"Votre passeport pour l\u2019inattendu.","publisher":{"@id":"https:\/\/voyage-aventure.com\/blog\/#organization"},"alternateName":"Votre passeport pour l\u2019inattendu.","potentialAction":[{"@type":"SearchAction","target":{"@type":"EntryPoint","urlTemplate":"https:\/\/voyage-aventure.com\/blog\/?s={search_term_string}"},"query-input":{"@type":"PropertyValueSpecification","valueRequired":true,"valueName":"search_term_string"}}],"inLanguage":"fr-FR"},{"@type":"Organization","@id":"https:\/\/voyage-aventure.com\/blog\/#organization","name":"Foretsensations.fr","url":"https:\/\/voyage-aventure.com\/blog\/","logo":{"@type":"ImageObject","inLanguage":"fr-FR","@id":"https:\/\/voyage-aventure.com\/blog\/#\/schema\/logo\/image\/","url":"https:\/\/voyage-aventure.com\/blog\/wp-content\/uploads\/2024\/12\/19.png","contentUrl":"https:\/\/voyage-aventure.com\/blog\/wp-content\/uploads\/2024\/12\/19.png","width":512,"height":512,"caption":"Foretsensations.fr"},"image":{"@id":"https:\/\/voyage-aventure.com\/blog\/#\/schema\/logo\/image\/"}},{"@type":"Person","@id":"https:\/\/voyage-aventure.com\/blog\/#\/schema\/person\/3c864cdc320801e3db34b663e7e3f816","name":"Camille Rouvray","image":{"@type":"ImageObject","inLanguage":"fr-FR","@id":"https:\/\/voyage-aventure.com\/blog\/#\/schema\/person\/image\/","url":"https:\/\/voyage-aventure.com\/blog\/wp-content\/uploads\/2026\/06\/persona_camille-r-96x96.jpg","contentUrl":"https:\/\/voyage-aventure.com\/blog\/wp-content\/uploads\/2026\/06\/persona_camille-r-96x96.jpg","caption":"Camille Rouvray"},"description":"Je voyage et j'\u00e9cris sur le voyage depuis une douzaine d'ann\u00e9es, d'abord en tant que routarde au long cours, puis comme r\u00e9dactrice sp\u00e9cialis\u00e9e. Mon terrain de pr\u00e9dilection, ce sont les circuits organis\u00e9s et l'art de bien pr\u00e9parer un itin\u00e9raire : choix de la saison, dur\u00e9e r\u00e9aliste des \u00e9tapes, budget jour par jour, logement et transport sur place. J'aime aussi raconter les p\u00e9pites urbaines, ces adresses qu'on ne trouve pas dans les guides classiques. Avant de publier un dossier destination, je croise toujours plusieurs sources, je v\u00e9rifie les tarifs et les formalit\u00e9s d'entr\u00e9e \u00e0 jour, et je teste moi-m\u00eame quand je le peux. Mon angle reste pratique avant tout : aider le lecteur \u00e0 partir l'esprit tranquille, sans mauvaise surprise une fois sur place. Je m'attache \u00e0 distinguer le coup de c\u0153ur sinc\u00e8re du simple argument marketing.","sameAs":["https:\/\/camillerouvray.fr\/"],"url":"https:\/\/voyage-aventure.com\/blog\/auteur\/noname\/"}]}},"_links":{"self":[{"href":"https:\/\/voyage-aventure.com\/blog\/wp-json\/wp\/v2\/posts\/14928","targetHints":{"allow":["GET"]}}],"collection":[{"href":"https:\/\/voyage-aventure.com\/blog\/wp-json\/wp\/v2\/posts"}],"about":[{"href":"https:\/\/voyage-aventure.com\/blog\/wp-json\/wp\/v2\/types\/post"}],"author":[{"embeddable":true,"href":"https:\/\/voyage-aventure.com\/blog\/wp-json\/wp\/v2\/users\/34"}],"replies":[{"embeddable":true,"href":"https:\/\/voyage-aventure.com\/blog\/wp-json\/wp\/v2\/comments?post=14928"}],"version-history":[{"count":3,"href":"https:\/\/voyage-aventure.com\/blog\/wp-json\/wp\/v2\/posts\/14928\/revisions"}],"predecessor-version":[{"id":22771,"href":"https:\/\/voyage-aventure.com\/blog\/wp-json\/wp\/v2\/posts\/14928\/revisions\/22771"}],"wp:featuredmedia":[{"embeddable":true,"href":"https:\/\/voyage-aventure.com\/blog\/wp-json\/wp\/v2\/media\/20593"}],"wp:attachment":[{"href":"https:\/\/voyage-aventure.com\/blog\/wp-json\/wp\/v2\/media?parent=14928"}],"wp:term":[{"taxonomy":"category","embeddable":true,"href":"https:\/\/voyage-aventure.com\/blog\/wp-json\/wp\/v2\/categories?post=14928"},{"taxonomy":"post_tag","embeddable":true,"href":"https:\/\/voyage-aventure.com\/blog\/wp-json\/wp\/v2\/tags?post=14928"}],"curies":[{"name":"wp","href":"https:\/\/api.w.org\/{rel}","templated":true}]}}