{"id":14910,"date":"2026-06-03T01:46:57","date_gmt":"2026-06-02T23:46:57","guid":{"rendered":"https:\/\/voyage-aventure.com\/blog\/?p=14910"},"modified":"2026-06-03T01:46:57","modified_gmt":"2026-06-02T23:46:57","slug":"les-implications-du-nouveau-projet-de-liste-de-voyage-de-trump-pour-le-pakistan-et-dautres-nations","status":"publish","type":"post","link":"https:\/\/voyage-aventure.com\/blog\/a-la-une\/les-implications-du-nouveau-projet-de-liste-de-voyage-de-trump-pour-le-pakistan-et-dautres-nations\/","title":{"rendered":"les implications du nouveau projet de liste de voyage de trump pour le pakistan et d&rsquo;autres nations"},"content":{"rendered":"<link rel=\"stylesheet\" href=\"https:\/\/fonts.googleapis.com\/css2?family=Newsreader:ital,opsz,wght@0,6..72,500;0,6..72,600;0,6..72,700;1,6..72,500;1,6..72,600&#038;family=Inter:wght@400;500;600&#038;family=JetBrains+Mono:wght@500&#038;display=swap\">\n<div class=\"va-travelban1-wrap\" style=\"font-family:'Inter',system-ui,-apple-system,sans-serif;color:#1e2530;line-height:1.65;max-width:760px;\">\n<style>\n.va-travelban1-wrap h2{font-family:'Newsreader',Georgia,serif;font-weight:700;font-size:clamp(23px,3.1vw,31px);letter-spacing:-0.01em;color:#11161f;margin:48px 0 14px;line-height:1.2;}\n.va-travelban1-wrap h3{font-family:'Newsreader',Georgia,serif;font-weight:600;font-size:20px;color:#11161f;margin:26px 0 10px;}\n.va-travelban1-wrap p{font-size:17px;line-height:1.7;margin:0 0 18px;}\n.va-travelban1-wrap blockquote{margin:0;}\n.va-travelban1-dateline{font-family:'JetBrains Mono',monospace;font-size:11.5px;font-weight:500;letter-spacing:1.5px;text-transform:uppercase;color:#475569;margin:0 0 14px;display:flex;gap:10px;align-items:center;flex-wrap:wrap;}\n.va-travelban1-dateline span{display:inline-flex;align-items:center;}\n.va-travelban1-lead{font-family:'Newsreader',Georgia,serif;font-size:21px;line-height:1.5;font-style:italic;color:#2b3340;border-left:4px solid #475569;padding:4px 0 4px 20px;margin:0 0 32px;}\n.va-travelban1-essentiel{background:#f4f6f9;border:1px solid #e1e7ef;border-top:4px solid #475569;border-radius:10px;padding:24px 26px 22px;margin:0 0 38px;box-shadow:0 1px 2px rgba(16,24,40,.05),0 14px 30px -20px rgba(16,24,40,.22);}\n.va-travelban1-kicker{font-family:'JetBrains Mono',monospace;font-size:11px;font-weight:500;letter-spacing:2.2px;text-transform:uppercase;color:#475569;margin:0 0 14px;}\n.va-travelban1-erow{display:flex;gap:13px;align-items:flex-start;padding:11px 0;border-bottom:1px solid #e1e7ef;}\n.va-travelban1-erow:last-child{border-bottom:none;}\n.va-travelban1-etag{font-family:'JetBrains Mono',monospace;flex:0 0 86px;font-size:10.5px;font-weight:500;letter-spacing:1px;text-transform:uppercase;color:#475569;padding-top:2px;}\n.va-travelban1-etxt{font-size:15.5px;line-height:1.55;color:#2b3340;}\n.va-travelban1-cards{display:grid;grid-template-columns:repeat(auto-fit,minmax(230px,1fr));gap:14px;margin:26px 0 30px;}\n.va-travelban1-card{background:#fff;border:1px solid #e1e7ef;border-top:3px solid #475569;border-radius:9px;padding:18px 20px 16px;transition:.25s ease;}\n.va-travelban1-card:hover{transform:translateY(-3px);box-shadow:0 1px 2px rgba(16,24,40,.05),0 16px 32px -18px rgba(16,24,40,.28);border-top-color:#2f3e52;}\n.va-travelban1-ctag{font-family:'JetBrains Mono',monospace;font-size:10.5px;font-weight:500;letter-spacing:1.5px;text-transform:uppercase;color:#475569;margin-bottom:8px;}\n.va-travelban1-ctitle{font-family:'Newsreader',Georgia,serif;font-weight:700;font-size:18px;color:#11161f;margin-bottom:6px;line-height:1.25;}\n.va-travelban1-ctxt{font-size:14px;line-height:1.55;color:#46505f;}\n.va-travelban1-quote{margin:40px auto;padding:26px 22px;text-align:center;border-top:1px solid #475569;border-bottom:1px solid #475569;max-width:660px;position:relative;}\n.va-travelban1-quote .va-travelban1-qmark{position:absolute;top:-22px;left:50%;transform:translateX(-50%);background:#fff;padding:0 14px;font-family:'Newsreader',Georgia,serif;font-size:52px;line-height:1;color:#475569;}\n.va-travelban1-quote .va-travelban1-qtext{font-family:'Newsreader',Georgia,serif;font-size:23px;line-height:1.45;font-style:italic;color:#11161f;}\n.va-travelban1-quote .va-travelban1-qcap{margin-top:14px;font-family:'JetBrains Mono',monospace;font-size:11px;letter-spacing:1.5px;text-transform:uppercase;color:#64718a;}\n.va-travelban1-watch{background:#fff;border:1px solid #e1e7ef;border-left:4px solid #475569;border-radius:0 9px 9px 0;padding:20px 24px;margin:26px 0 32px;}\n.va-travelban1-watch ul{margin:0;padding:0;list-style:none;}\n.va-travelban1-watch li{display:flex;gap:11px;align-items:flex-start;padding:8px 0;font-size:15.5px;line-height:1.55;color:#2b3340;border-bottom:1px solid #eef1f5;}\n.va-travelban1-watch li:last-child{border-bottom:none;}\n.va-travelban1-watch li span.mk{color:#475569;font-weight:700;flex:0 0 14px;}\n.va-travelban1-faq{margin:36px 0 10px;}\n.va-travelban1-faq .va-travelban1-faqh{font-family:'Newsreader',Georgia,serif;font-size:24px;font-weight:700;color:#11161f;margin:0 0 16px;}\n.va-travelban1-faqlist{border-top:1px solid #dde3eb;}\n.va-travelban1-faq details{border-bottom:1px solid #dde3eb;}\n.va-travelban1-faq summary{cursor:pointer;padding:15px 0;font-family:'Newsreader',Georgia,serif;font-size:18px;font-weight:600;color:#11161f;list-style:none;display:flex;justify-content:space-between;gap:14px;align-items:center;}\n.va-travelban1-faq summary::-webkit-details-marker{display:none;}\n.va-travelban1-faq summary .pl{font-size:22px;font-weight:400;color:#475569;line-height:1;}\n.va-travelban1-faq .va-travelban1-ans{padding:0 0 16px;font-size:15.5px;line-height:1.7;color:#46505f;}\n.va-travelban1-note{font-size:13px;line-height:1.6;color:#64718a;font-style:italic;border-top:1px solid #e1e7ef;padding-top:16px;margin-top:30px;}\n<\/style>\n<div class=\"va-travelban1-dateline\"><span>\u00c9tats-Unis \u00b7 Immigration<\/span><span>\u00b7<\/span><span>Politique migratoire<\/span><\/div>\n<div class=\"va-travelban1-lead\">Un projet de d\u00e9cret en pr\u00e9paration \u00e0 Washington envisagerait d&rsquo;\u00e9largir les restrictions d&rsquo;entr\u00e9e aux \u00c9tats-Unis \u00e0 une liste de 43 pays, dont le Pakistan. Le texte, qui n&rsquo;est pas confirm\u00e9 \u00e0 ce stade, soul\u00e8verait des questions concr\u00e8tes pour les voyageurs des nations concern\u00e9es.<\/div>\n<div class=\"va-travelban1-essentiel\">\n<div class=\"va-travelban1-kicker\">L&rsquo;essentiel<\/div>\n<div class=\"va-travelban1-erow\">\n<div class=\"va-travelban1-etag\">Quoi<\/div>\n<div class=\"va-travelban1-etxt\">Un projet de liste de 43 pays dont les citoyens pourraient \u00eatre soumis \u00e0 des restrictions d&rsquo;entr\u00e9e aux \u00c9tats-Unis, selon des sources cit\u00e9es au sein de la Maison Blanche.<\/div>\n<\/div>\n<div class=\"va-travelban1-erow\">\n<div class=\"va-travelban1-etag\">Qui<\/div>\n<div class=\"va-travelban1-etxt\">L&rsquo;administration Trump et les responsables de la s\u00e9curit\u00e9 nationale, qui auraient \u00e9labor\u00e9 le texte ; la liste serait en cours de revue par le D\u00e9partement d&rsquo;\u00c9tat am\u00e9ricain.<\/div>\n<\/div>\n<div class=\"va-travelban1-erow\">\n<div class=\"va-travelban1-etag\">Pourquoi<\/div>\n<div class=\"va-travelban1-etxt\">Le projet serait justifi\u00e9 par des pr\u00e9occupations de contr\u00f4le des fronti\u00e8res et de s\u00e9curit\u00e9 int\u00e9rieure. Pour les voyageurs concern\u00e9s, il pourrait compliquer l&rsquo;obtention de certains visas.<\/div>\n<\/div>\n<\/div>\n<h2>Un contexte de restrictions accrue<\/h2>\n<p>Selon des sources cit\u00e9es au sein de la Maison Blanche, l&rsquo;administration Trump aurait \u00e9labor\u00e9 un projet de liste de 43 pays, parmi lesquels figurerait le Pakistan, dont les citoyens pourraient \u00eatre soumis \u00e0 des restrictions d&rsquo;entr\u00e9e aux \u00c9tats-Unis. Ce projet de d\u00e9cret serait, d&rsquo;apr\u00e8s ces m\u00eames sources, plus large que les pr\u00e9c\u00e9dents. \u00c0 ce stade, le texte rel\u00e8ve du projet et n&rsquo;a pas fait l&rsquo;objet d&rsquo;une mise en \u0153uvre confirm\u00e9e.<\/p>\n<p>Ce dispositif s&rsquo;inscrirait dans une tendance plus vaste visant \u00e0 encadrer l&rsquo;acc\u00e8s au territoire pour certains pays jug\u00e9s \u00e0 risque. Les responsables de la s\u00e9curit\u00e9 nationale auraient travaill\u00e9 sur cette liste en r\u00e9ponse \u00e0 des pr\u00e9occupations concernant le contr\u00f4le des fronti\u00e8res et la s\u00e9curit\u00e9 int\u00e9rieure. Les pays vis\u00e9s sont, selon ces sources, pr\u00e9sent\u00e9s comme disposant de syst\u00e8mes de v\u00e9rification des ant\u00e9c\u00e9dents jug\u00e9s insuffisants au regard des exigences am\u00e9ricaines.<\/p>\n<h2>Les cat\u00e9gories de la nouvelle liste<\/h2>\n<p>Le projet comprendrait plusieurs niveaux de restrictions. La premi\u00e8re cat\u00e9gorie, d\u00e9crite comme la \u00ab liste rouge \u00bb, inclurait 11 pays dont les citoyens seraient totalement interdits d&rsquo;acc\u00e8s au territoire am\u00e9ricain. Parmi les pays cit\u00e9s comme faisant l&rsquo;objet de cette interdiction figureraient l&rsquo;Iran, la Syrie et la Cor\u00e9e du Nord.<\/p>\n<div class=\"va-travelban1-cards\">\n<div class=\"va-travelban1-card\">\n<div class=\"va-travelban1-ctag\">Liste rouge<\/div>\n<div class=\"va-travelban1-ctitle\">Interdiction totale<\/div>\n<div class=\"va-travelban1-ctxt\">11 pays seraient concern\u00e9s. Leurs citoyens seraient, selon le projet, totalement interdits d&rsquo;acc\u00e8s au territoire am\u00e9ricain. L&rsquo;Iran, la Syrie et la Cor\u00e9e du Nord sont cit\u00e9s parmi ces pays.<\/div>\n<\/p><\/div>\n<div class=\"va-travelban1-card\">\n<div class=\"va-travelban1-ctag\">Liste orange<\/div>\n<div class=\"va-travelban1-ctitle\">Restrictions avec exemptions<\/div>\n<div class=\"va-travelban1-ctxt\">Des restrictions s&rsquo;appliqueraient, avec certaines exemptions. Des voyageurs d&rsquo;affaires pourraient \u00eatre autoris\u00e9s \u00e0 entrer, tandis que les visas touristiques ou d&rsquo;immigrant seraient plus difficiles \u00e0 obtenir. Le Pakistan serait mentionn\u00e9 dans cette cat\u00e9gorie.<\/div>\n<\/p><\/div>\n<\/div>\n<p>D&rsquo;apr\u00e8s le projet, la \u00ab liste orange \u00bb imposerait des restrictions tout en permettant certaines exemptions : des voyageurs d&rsquo;affaires pourraient \u00eatre autoris\u00e9s \u00e0 entrer, alors que les visas touristiques ou d&rsquo;immigrant seraient plus difficiles \u00e0 obtenir. Le Pakistan y serait mentionn\u00e9, ce qui pourrait avoir un impact sur les relations entre les deux pays.<\/p>\n<h2>R\u00e9actions et implications potentielles<\/h2>\n<p>Ce projet de liste susciterait des pr\u00e9occupations sur les plans national et international. Des organisations de d\u00e9fense des droits de l&rsquo;homme et certains responsables politiques critiquent cette approche, estimant qu&rsquo;elle stigmatiserait des nations enti\u00e8res en raison des actions de quelques individus. Certains experts appellent \u00e0 un dialogue renforc\u00e9 plut\u00f4t qu&rsquo;\u00e0 des mesures d&rsquo;exclusion.<\/p>\n<figure class=\"va-travelban1-quote\">\n<div class=\"va-travelban1-qmark\" aria-hidden=\"true\">\u00ab<\/div>\n<blockquote class=\"va-travelban1-qtext\"><p>Ces mesures pourraient non seulement nuire aux relations diplomatiques, mais aussi affecter les \u00e9changes culturels et \u00e9conomiques entre les pays concern\u00e9s.<\/blockquote><figcaption class=\"va-travelban1-qcap\">\u2014 Un analyste cit\u00e9 au sujet du projet<\/figcaption><\/figure>\n<p>Les cons\u00e9quences de telles restrictions pourraient se faire sentir dans plusieurs domaines, notamment le commerce et l&rsquo;\u00e9ducation. \u00c0 ce stade, le texte reste un projet : sa port\u00e9e d\u00e9finitive et son \u00e9ventuelle entr\u00e9e en vigueur d\u00e9pendraient de la revue men\u00e9e par le D\u00e9partement d&rsquo;\u00c9tat am\u00e9ricain.<\/p>\n<h2>Ce que les voyageurs concern\u00e9s peuvent surveiller<\/h2>\n<p>Pour les personnes susceptibles d&rsquo;\u00eatre affect\u00e9es, il s&rsquo;agit avant tout de suivre l&rsquo;\u00e9volution officielle du dossier sans se fier aux rumeurs. Les \u00e9l\u00e9ments ci-dessous r\u00e9sument, \u00e0 partir de ce qui est annonc\u00e9, les points \u00e0 garder \u00e0 l&rsquo;\u0153il.<\/p>\n<div class=\"va-travelban1-watch\">\n<ul>\n<li><span class=\"mk\">\u203a<\/span><span>Une \u00e9ventuelle interdiction de voyage pour les citoyens des 11 pays de la \u00ab liste rouge \u00bb, tels que pr\u00e9sent\u00e9s dans le projet.<\/span><\/li>\n<li><span class=\"mk\">\u203a<\/span><span>Des restrictions diff\u00e9renci\u00e9es : voyageurs d&rsquo;affaires possiblement exempt\u00e9s, visas touristiques et d&rsquo;immigrant plus difficiles \u00e0 obtenir.<\/span><\/li>\n<li><span class=\"mk\">\u203a<\/span><span>La revue de la liste par le D\u00e9partement d&rsquo;\u00c9tat am\u00e9ricain, dont d\u00e9pendrait la version finale.<\/span><\/li>\n<li><span class=\"mk\">\u203a<\/span><span>Les cons\u00e9quences possibles sur les relations internationales et les \u00e9changes culturels.<\/span><\/li>\n<li><span class=\"mk\">\u203a<\/span><span>Les critiques exprim\u00e9es par des organisations de d\u00e9fense des droits de l&rsquo;homme.<\/span><\/li>\n<\/ul>\n<\/div>\n<p>En l&rsquo;absence de texte d\u00e9finitif, la consultation des sources officielles \u2014 services consulaires et ambassades am\u00e9ricaines, communications du D\u00e9partement d&rsquo;\u00c9tat \u2014 reste la d\u00e9marche la plus fiable avant tout projet de d\u00e9placement. Les prochains mois devraient permettre d&rsquo;observer si, et comment, ces mesures sont mises en \u0153uvre, ainsi que les r\u00e9actions qu&rsquo;elles susciteraient.<\/p>\n<div class=\"va-travelban1-faq\">\n<div class=\"va-travelban1-faqh\">Questions fr\u00e9quentes<\/div>\n<div class=\"va-travelban1-faqlist\">\n<details>\n<summary><span>Le Pakistan est-il interdit d&rsquo;entr\u00e9e aux \u00c9tats-Unis ?<\/span><span class=\"pl\">+<\/span><\/summary>\n<div class=\"va-travelban1-ans\">Selon le projet rapport\u00e9, le Pakistan figurerait dans la \u00ab liste orange \u00bb, qui imposerait des restrictions tout en permettant certaines exemptions (par exemple pour des voyageurs d&rsquo;affaires), et non dans la cat\u00e9gorie d&rsquo;interdiction totale. Il s&rsquo;agit d&rsquo;un projet, non d&rsquo;une mesure confirm\u00e9e.<\/div>\n<\/details>\n<details>\n<summary><span>Combien de pays seraient concern\u00e9s par ce projet ?<\/span><span class=\"pl\">+<\/span><\/summary>\n<div class=\"va-travelban1-ans\">Le projet de liste \u00e9voqu\u00e9 porterait sur 43 pays au total, avec des niveaux de restriction diff\u00e9rents. Parmi eux, 11 pays rel\u00e8veraient de la \u00ab liste rouge \u00bb synonyme d&rsquo;interdiction totale, selon les sources cit\u00e9es.<\/div>\n<\/details>\n<details>\n<summary><span>Quels pays seraient totalement interdits ?<\/span><span class=\"pl\">+<\/span><\/summary>\n<div class=\"va-travelban1-ans\">La \u00ab liste rouge \u00bb regrouperait 11 pays dont les citoyens seraient totalement interdits d&rsquo;acc\u00e8s. L&rsquo;Iran, la Syrie et la Cor\u00e9e du Nord sont cit\u00e9s parmi les pays concern\u00e9s par cette interdiction.<\/div>\n<\/details>\n<details>\n<summary><span>Ce projet est-il d\u00e9j\u00e0 en vigueur ?<\/span><span class=\"pl\">+<\/span><\/summary>\n<div class=\"va-travelban1-ans\">Non. \u00c0 ce stade, il s&rsquo;agirait d&rsquo;un projet en cours de revue par le D\u00e9partement d&rsquo;\u00c9tat am\u00e9ricain. Sa port\u00e9e d\u00e9finitive et son \u00e9ventuelle entr\u00e9e en vigueur ne sont pas confirm\u00e9es.<\/div>\n<\/details><\/div>\n<\/div>\n<div class=\"va-travelban1-note\">Cet article rapporte un projet non confirm\u00e9 \u00e0 partir des informations disponibles ; il a une vis\u00e9e informative et ne constitue pas un avis juridique. Pour toute d\u00e9marche de voyage, r\u00e9f\u00e9rez-vous aux sources officielles (services consulaires et ambassades am\u00e9ricaines).<\/div>\n<\/div>\n","protected":false},"excerpt":{"rendered":"","protected":false},"author":34,"featured_media":19898,"comment_status":"open","ping_status":"open","sticky":false,"template":"","format":"standard","meta":{"_acf_changed":false,"manual_indexmenow":false,"indexmenow_id_project":0,"footnotes":""},"categories":[1],"tags":[4221,4593,5688,5811,3170],"class_list":["post-14910","post","type-post","status-publish","format-standard","has-post-thumbnail","hentry","category-a-la-une","tag-culture","tag-economie","tag-relations-internationales","tag-restrictions-de-voyage","tag-securite","generate-columns","tablet-grid-50","mobile-grid-100","grid-parent","grid-25"],"acf":[],"yoast_head":"<!-- This site is optimized with the Yoast SEO Premium plugin v21.3 (Yoast SEO v25.1) - https:\/\/yoast.com\/wordpress\/plugins\/seo\/ -->\n<title>les implications du nouveau projet de liste de voyage de<\/title>\n<meta name=\"description\" content=\"Un projet de d\u00e9cret en pr\u00e9paration \u00e0 Washington envisagerait d&#039;\u00e9largir les restrictions d&#039;entr\u00e9e aux \u00c9tats-Unis \u00e0 une liste de 43 pays, dont le Pakistan\" \/>\n<meta name=\"robots\" content=\"index, follow, max-snippet:-1, max-image-preview:large, max-video-preview:-1\" \/>\n<link rel=\"canonical\" href=\"https:\/\/voyage-aventure.com\/blog\/a-la-une\/les-implications-du-nouveau-projet-de-liste-de-voyage-de-trump-pour-le-pakistan-et-dautres-nations\/\" \/>\n<meta property=\"og:locale\" content=\"fr_FR\" \/>\n<meta property=\"og:type\" content=\"article\" \/>\n<meta property=\"og:title\" content=\"les implications du nouveau projet de liste de voyage de\" \/>\n<meta property=\"og:description\" content=\"Un projet de d\u00e9cret en pr\u00e9paration \u00e0 Washington envisagerait d&#039;\u00e9largir les restrictions d&#039;entr\u00e9e aux \u00c9tats-Unis \u00e0 une liste de 43 pays, dont le Pakistan\" \/>\n<meta property=\"og:url\" content=\"https:\/\/voyage-aventure.com\/blog\/a-la-une\/les-implications-du-nouveau-projet-de-liste-de-voyage-de-trump-pour-le-pakistan-et-dautres-nations\/\" \/>\n<meta property=\"og:site_name\" content=\"voyage-aventure\" \/>\n<meta property=\"og:image\" content=\"https:\/\/voyage-aventure.com\/blog\/wp-content\/uploads\/2025\/05\/sdxl-49a8b9d2bdd6dc66a5665b72822ca341-scaled.png\" \/>\n\t<meta property=\"og:image:width\" content=\"1200\" \/>\n\t<meta property=\"og:image:height\" content=\"500\" \/>\n\t<meta property=\"og:image:type\" content=\"image\/png\" \/>\n<meta name=\"author\" content=\"Camille Rouvray\" \/>\n<meta name=\"twitter:card\" content=\"summary_large_image\" \/>\n<script type=\"application\/ld+json\" class=\"yoast-schema-graph\">{\"@context\":\"https:\/\/schema.org\",\"@graph\":[{\"@type\":\"NewsArticle\",\"@id\":\"https:\/\/voyage-aventure.com\/blog\/a-la-une\/les-implications-du-nouveau-projet-de-liste-de-voyage-de-trump-pour-le-pakistan-et-dautres-nations\/#article\",\"isPartOf\":{\"@id\":\"https:\/\/voyage-aventure.com\/blog\/a-la-une\/les-implications-du-nouveau-projet-de-liste-de-voyage-de-trump-pour-le-pakistan-et-dautres-nations\/\"},\"author\":{\"name\":\"Camille Rouvray\",\"@id\":\"https:\/\/voyage-aventure.com\/blog\/#\/schema\/person\/3c864cdc320801e3db34b663e7e3f816\"},\"headline\":\"les implications du nouveau projet de liste de voyage de trump pour le pakistan et d&rsquo;autres nations\",\"datePublished\":\"2026-06-02T23:46:57+00:00\",\"mainEntityOfPage\":{\"@id\":\"https:\/\/voyage-aventure.com\/blog\/a-la-une\/les-implications-du-nouveau-projet-de-liste-de-voyage-de-trump-pour-le-pakistan-et-dautres-nations\/\"},\"wordCount\":1114,\"commentCount\":30,\"publisher\":{\"@id\":\"https:\/\/voyage-aventure.com\/blog\/#organization\"},\"image\":{\"@id\":\"https:\/\/voyage-aventure.com\/blog\/a-la-une\/les-implications-du-nouveau-projet-de-liste-de-voyage-de-trump-pour-le-pakistan-et-dautres-nations\/#primaryimage\"},\"thumbnailUrl\":\"https:\/\/voyage-aventure.com\/blog\/wp-content\/uploads\/2025\/05\/sdxl-49a8b9d2bdd6dc66a5665b72822ca341-scaled.png\",\"keywords\":[\"Culture\",\"\u00c9conomie\",\"Relations Internationales\",\"Restrictions de voyage\",\"S\u00e9curit\u00e9\"],\"articleSection\":[\"\u00c0 la une\"],\"inLanguage\":\"fr-FR\",\"potentialAction\":[{\"@type\":\"CommentAction\",\"name\":\"Comment\",\"target\":[\"https:\/\/voyage-aventure.com\/blog\/a-la-une\/les-implications-du-nouveau-projet-de-liste-de-voyage-de-trump-pour-le-pakistan-et-dautres-nations\/#respond\"]}]},{\"@type\":\"WebPage\",\"@id\":\"https:\/\/voyage-aventure.com\/blog\/a-la-une\/les-implications-du-nouveau-projet-de-liste-de-voyage-de-trump-pour-le-pakistan-et-dautres-nations\/\",\"url\":\"https:\/\/voyage-aventure.com\/blog\/a-la-une\/les-implications-du-nouveau-projet-de-liste-de-voyage-de-trump-pour-le-pakistan-et-dautres-nations\/\",\"name\":\"les implications du nouveau projet de liste de voyage de\",\"isPartOf\":{\"@id\":\"https:\/\/voyage-aventure.com\/blog\/#website\"},\"primaryImageOfPage\":{\"@id\":\"https:\/\/voyage-aventure.com\/blog\/a-la-une\/les-implications-du-nouveau-projet-de-liste-de-voyage-de-trump-pour-le-pakistan-et-dautres-nations\/#primaryimage\"},\"image\":{\"@id\":\"https:\/\/voyage-aventure.com\/blog\/a-la-une\/les-implications-du-nouveau-projet-de-liste-de-voyage-de-trump-pour-le-pakistan-et-dautres-nations\/#primaryimage\"},\"thumbnailUrl\":\"https:\/\/voyage-aventure.com\/blog\/wp-content\/uploads\/2025\/05\/sdxl-49a8b9d2bdd6dc66a5665b72822ca341-scaled.png\",\"datePublished\":\"2026-06-02T23:46:57+00:00\",\"description\":\"Un projet de d\u00e9cret en pr\u00e9paration \u00e0 Washington envisagerait d'\u00e9largir les restrictions d'entr\u00e9e aux \u00c9tats-Unis \u00e0 une liste de 43 pays, dont le Pakistan\",\"inLanguage\":\"fr-FR\",\"potentialAction\":[{\"@type\":\"ReadAction\",\"target\":[\"https:\/\/voyage-aventure.com\/blog\/a-la-une\/les-implications-du-nouveau-projet-de-liste-de-voyage-de-trump-pour-le-pakistan-et-dautres-nations\/\"]}]},{\"@type\":\"ImageObject\",\"inLanguage\":\"fr-FR\",\"@id\":\"https:\/\/voyage-aventure.com\/blog\/a-la-une\/les-implications-du-nouveau-projet-de-liste-de-voyage-de-trump-pour-le-pakistan-et-dautres-nations\/#primaryimage\",\"url\":\"https:\/\/voyage-aventure.com\/blog\/wp-content\/uploads\/2025\/05\/sdxl-49a8b9d2bdd6dc66a5665b72822ca341-scaled.png\",\"contentUrl\":\"https:\/\/voyage-aventure.com\/blog\/wp-content\/uploads\/2025\/05\/sdxl-49a8b9d2bdd6dc66a5665b72822ca341-scaled.png\",\"width\":1200,\"height\":500},{\"@type\":\"WebSite\",\"@id\":\"https:\/\/voyage-aventure.com\/blog\/#website\",\"url\":\"https:\/\/voyage-aventure.com\/blog\/\",\"name\":\"voyage-aventure.com\",\"description\":\"Votre passeport pour l\u2019inattendu.\",\"publisher\":{\"@id\":\"https:\/\/voyage-aventure.com\/blog\/#organization\"},\"alternateName\":\"Votre passeport pour l\u2019inattendu.\",\"potentialAction\":[{\"@type\":\"SearchAction\",\"target\":{\"@type\":\"EntryPoint\",\"urlTemplate\":\"https:\/\/voyage-aventure.com\/blog\/?s={search_term_string}\"},\"query-input\":{\"@type\":\"PropertyValueSpecification\",\"valueRequired\":true,\"valueName\":\"search_term_string\"}}],\"inLanguage\":\"fr-FR\"},{\"@type\":\"Organization\",\"@id\":\"https:\/\/voyage-aventure.com\/blog\/#organization\",\"name\":\"Foretsensations.fr\",\"url\":\"https:\/\/voyage-aventure.com\/blog\/\",\"logo\":{\"@type\":\"ImageObject\",\"inLanguage\":\"fr-FR\",\"@id\":\"https:\/\/voyage-aventure.com\/blog\/#\/schema\/logo\/image\/\",\"url\":\"https:\/\/voyage-aventure.com\/blog\/wp-content\/uploads\/2024\/12\/19.png\",\"contentUrl\":\"https:\/\/voyage-aventure.com\/blog\/wp-content\/uploads\/2024\/12\/19.png\",\"width\":512,\"height\":512,\"caption\":\"Foretsensations.fr\"},\"image\":{\"@id\":\"https:\/\/voyage-aventure.com\/blog\/#\/schema\/logo\/image\/\"}},{\"@type\":\"Person\",\"@id\":\"https:\/\/voyage-aventure.com\/blog\/#\/schema\/person\/3c864cdc320801e3db34b663e7e3f816\",\"name\":\"Camille Rouvray\",\"image\":{\"@type\":\"ImageObject\",\"inLanguage\":\"fr-FR\",\"@id\":\"https:\/\/voyage-aventure.com\/blog\/#\/schema\/person\/image\/\",\"url\":\"https:\/\/voyage-aventure.com\/blog\/wp-content\/uploads\/2026\/06\/persona_camille-r-96x96.jpg\",\"contentUrl\":\"https:\/\/voyage-aventure.com\/blog\/wp-content\/uploads\/2026\/06\/persona_camille-r-96x96.jpg\",\"caption\":\"Camille Rouvray\"},\"description\":\"Je voyage et j'\u00e9cris sur le voyage depuis une douzaine d'ann\u00e9es, d'abord en tant que routarde au long cours, puis comme r\u00e9dactrice sp\u00e9cialis\u00e9e. Mon terrain de pr\u00e9dilection, ce sont les circuits organis\u00e9s et l'art de bien pr\u00e9parer un itin\u00e9raire : choix de la saison, dur\u00e9e r\u00e9aliste des \u00e9tapes, budget jour par jour, logement et transport sur place. J'aime aussi raconter les p\u00e9pites urbaines, ces adresses qu'on ne trouve pas dans les guides classiques. Avant de publier un dossier destination, je croise toujours plusieurs sources, je v\u00e9rifie les tarifs et les formalit\u00e9s d'entr\u00e9e \u00e0 jour, et je teste moi-m\u00eame quand je le peux. Mon angle reste pratique avant tout : aider le lecteur \u00e0 partir l'esprit tranquille, sans mauvaise surprise une fois sur place. Je m'attache \u00e0 distinguer le coup de c\u0153ur sinc\u00e8re du simple argument marketing.\",\"sameAs\":[\"https:\/\/camillerouvray.fr\/\"],\"url\":\"https:\/\/voyage-aventure.com\/blog\/auteur\/noname\/\"}]}<\/script>\n<!-- \/ Yoast SEO Premium plugin. -->","yoast_head_json":{"title":"les implications du nouveau projet de liste de voyage de","description":"Un projet de d\u00e9cret en pr\u00e9paration \u00e0 Washington envisagerait d'\u00e9largir les restrictions d'entr\u00e9e aux \u00c9tats-Unis \u00e0 une liste de 43 pays, dont le Pakistan","robots":{"index":"index","follow":"follow","max-snippet":"max-snippet:-1","max-image-preview":"max-image-preview:large","max-video-preview":"max-video-preview:-1"},"canonical":"https:\/\/voyage-aventure.com\/blog\/a-la-une\/les-implications-du-nouveau-projet-de-liste-de-voyage-de-trump-pour-le-pakistan-et-dautres-nations\/","og_locale":"fr_FR","og_type":"article","og_title":"les implications du nouveau projet de liste de voyage de","og_description":"Un projet de d\u00e9cret en pr\u00e9paration \u00e0 Washington envisagerait d'\u00e9largir les restrictions d'entr\u00e9e aux \u00c9tats-Unis \u00e0 une liste de 43 pays, dont le Pakistan","og_url":"https:\/\/voyage-aventure.com\/blog\/a-la-une\/les-implications-du-nouveau-projet-de-liste-de-voyage-de-trump-pour-le-pakistan-et-dautres-nations\/","og_site_name":"voyage-aventure","og_image":[{"width":1200,"height":500,"url":"https:\/\/voyage-aventure.com\/blog\/wp-content\/uploads\/2025\/05\/sdxl-49a8b9d2bdd6dc66a5665b72822ca341-scaled.png","type":"image\/png"}],"author":"Camille Rouvray","twitter_card":"summary_large_image","schema":{"@context":"https:\/\/schema.org","@graph":[{"@type":"NewsArticle","@id":"https:\/\/voyage-aventure.com\/blog\/a-la-une\/les-implications-du-nouveau-projet-de-liste-de-voyage-de-trump-pour-le-pakistan-et-dautres-nations\/#article","isPartOf":{"@id":"https:\/\/voyage-aventure.com\/blog\/a-la-une\/les-implications-du-nouveau-projet-de-liste-de-voyage-de-trump-pour-le-pakistan-et-dautres-nations\/"},"author":{"name":"Camille Rouvray","@id":"https:\/\/voyage-aventure.com\/blog\/#\/schema\/person\/3c864cdc320801e3db34b663e7e3f816"},"headline":"les implications du nouveau projet de liste de voyage de trump pour le pakistan et d&rsquo;autres nations","datePublished":"2026-06-02T23:46:57+00:00","mainEntityOfPage":{"@id":"https:\/\/voyage-aventure.com\/blog\/a-la-une\/les-implications-du-nouveau-projet-de-liste-de-voyage-de-trump-pour-le-pakistan-et-dautres-nations\/"},"wordCount":1114,"commentCount":30,"publisher":{"@id":"https:\/\/voyage-aventure.com\/blog\/#organization"},"image":{"@id":"https:\/\/voyage-aventure.com\/blog\/a-la-une\/les-implications-du-nouveau-projet-de-liste-de-voyage-de-trump-pour-le-pakistan-et-dautres-nations\/#primaryimage"},"thumbnailUrl":"https:\/\/voyage-aventure.com\/blog\/wp-content\/uploads\/2025\/05\/sdxl-49a8b9d2bdd6dc66a5665b72822ca341-scaled.png","keywords":["Culture","\u00c9conomie","Relations Internationales","Restrictions de voyage","S\u00e9curit\u00e9"],"articleSection":["\u00c0 la une"],"inLanguage":"fr-FR","potentialAction":[{"@type":"CommentAction","name":"Comment","target":["https:\/\/voyage-aventure.com\/blog\/a-la-une\/les-implications-du-nouveau-projet-de-liste-de-voyage-de-trump-pour-le-pakistan-et-dautres-nations\/#respond"]}]},{"@type":"WebPage","@id":"https:\/\/voyage-aventure.com\/blog\/a-la-une\/les-implications-du-nouveau-projet-de-liste-de-voyage-de-trump-pour-le-pakistan-et-dautres-nations\/","url":"https:\/\/voyage-aventure.com\/blog\/a-la-une\/les-implications-du-nouveau-projet-de-liste-de-voyage-de-trump-pour-le-pakistan-et-dautres-nations\/","name":"les implications du nouveau projet de liste de voyage de","isPartOf":{"@id":"https:\/\/voyage-aventure.com\/blog\/#website"},"primaryImageOfPage":{"@id":"https:\/\/voyage-aventure.com\/blog\/a-la-une\/les-implications-du-nouveau-projet-de-liste-de-voyage-de-trump-pour-le-pakistan-et-dautres-nations\/#primaryimage"},"image":{"@id":"https:\/\/voyage-aventure.com\/blog\/a-la-une\/les-implications-du-nouveau-projet-de-liste-de-voyage-de-trump-pour-le-pakistan-et-dautres-nations\/#primaryimage"},"thumbnailUrl":"https:\/\/voyage-aventure.com\/blog\/wp-content\/uploads\/2025\/05\/sdxl-49a8b9d2bdd6dc66a5665b72822ca341-scaled.png","datePublished":"2026-06-02T23:46:57+00:00","description":"Un projet de d\u00e9cret en pr\u00e9paration \u00e0 Washington envisagerait d'\u00e9largir les restrictions d'entr\u00e9e aux \u00c9tats-Unis \u00e0 une liste de 43 pays, dont le Pakistan","inLanguage":"fr-FR","potentialAction":[{"@type":"ReadAction","target":["https:\/\/voyage-aventure.com\/blog\/a-la-une\/les-implications-du-nouveau-projet-de-liste-de-voyage-de-trump-pour-le-pakistan-et-dautres-nations\/"]}]},{"@type":"ImageObject","inLanguage":"fr-FR","@id":"https:\/\/voyage-aventure.com\/blog\/a-la-une\/les-implications-du-nouveau-projet-de-liste-de-voyage-de-trump-pour-le-pakistan-et-dautres-nations\/#primaryimage","url":"https:\/\/voyage-aventure.com\/blog\/wp-content\/uploads\/2025\/05\/sdxl-49a8b9d2bdd6dc66a5665b72822ca341-scaled.png","contentUrl":"https:\/\/voyage-aventure.com\/blog\/wp-content\/uploads\/2025\/05\/sdxl-49a8b9d2bdd6dc66a5665b72822ca341-scaled.png","width":1200,"height":500},{"@type":"WebSite","@id":"https:\/\/voyage-aventure.com\/blog\/#website","url":"https:\/\/voyage-aventure.com\/blog\/","name":"voyage-aventure.com","description":"Votre passeport pour l\u2019inattendu.","publisher":{"@id":"https:\/\/voyage-aventure.com\/blog\/#organization"},"alternateName":"Votre passeport pour l\u2019inattendu.","potentialAction":[{"@type":"SearchAction","target":{"@type":"EntryPoint","urlTemplate":"https:\/\/voyage-aventure.com\/blog\/?s={search_term_string}"},"query-input":{"@type":"PropertyValueSpecification","valueRequired":true,"valueName":"search_term_string"}}],"inLanguage":"fr-FR"},{"@type":"Organization","@id":"https:\/\/voyage-aventure.com\/blog\/#organization","name":"Foretsensations.fr","url":"https:\/\/voyage-aventure.com\/blog\/","logo":{"@type":"ImageObject","inLanguage":"fr-FR","@id":"https:\/\/voyage-aventure.com\/blog\/#\/schema\/logo\/image\/","url":"https:\/\/voyage-aventure.com\/blog\/wp-content\/uploads\/2024\/12\/19.png","contentUrl":"https:\/\/voyage-aventure.com\/blog\/wp-content\/uploads\/2024\/12\/19.png","width":512,"height":512,"caption":"Foretsensations.fr"},"image":{"@id":"https:\/\/voyage-aventure.com\/blog\/#\/schema\/logo\/image\/"}},{"@type":"Person","@id":"https:\/\/voyage-aventure.com\/blog\/#\/schema\/person\/3c864cdc320801e3db34b663e7e3f816","name":"Camille Rouvray","image":{"@type":"ImageObject","inLanguage":"fr-FR","@id":"https:\/\/voyage-aventure.com\/blog\/#\/schema\/person\/image\/","url":"https:\/\/voyage-aventure.com\/blog\/wp-content\/uploads\/2026\/06\/persona_camille-r-96x96.jpg","contentUrl":"https:\/\/voyage-aventure.com\/blog\/wp-content\/uploads\/2026\/06\/persona_camille-r-96x96.jpg","caption":"Camille Rouvray"},"description":"Je voyage et j'\u00e9cris sur le voyage depuis une douzaine d'ann\u00e9es, d'abord en tant que routarde au long cours, puis comme r\u00e9dactrice sp\u00e9cialis\u00e9e. Mon terrain de pr\u00e9dilection, ce sont les circuits organis\u00e9s et l'art de bien pr\u00e9parer un itin\u00e9raire : choix de la saison, dur\u00e9e r\u00e9aliste des \u00e9tapes, budget jour par jour, logement et transport sur place. J'aime aussi raconter les p\u00e9pites urbaines, ces adresses qu'on ne trouve pas dans les guides classiques. Avant de publier un dossier destination, je croise toujours plusieurs sources, je v\u00e9rifie les tarifs et les formalit\u00e9s d'entr\u00e9e \u00e0 jour, et je teste moi-m\u00eame quand je le peux. Mon angle reste pratique avant tout : aider le lecteur \u00e0 partir l'esprit tranquille, sans mauvaise surprise une fois sur place. Je m'attache \u00e0 distinguer le coup de c\u0153ur sinc\u00e8re du simple argument marketing.","sameAs":["https:\/\/camillerouvray.fr\/"],"url":"https:\/\/voyage-aventure.com\/blog\/auteur\/noname\/"}]}},"_links":{"self":[{"href":"https:\/\/voyage-aventure.com\/blog\/wp-json\/wp\/v2\/posts\/14910","targetHints":{"allow":["GET"]}}],"collection":[{"href":"https:\/\/voyage-aventure.com\/blog\/wp-json\/wp\/v2\/posts"}],"about":[{"href":"https:\/\/voyage-aventure.com\/blog\/wp-json\/wp\/v2\/types\/post"}],"author":[{"embeddable":true,"href":"https:\/\/voyage-aventure.com\/blog\/wp-json\/wp\/v2\/users\/34"}],"replies":[{"embeddable":true,"href":"https:\/\/voyage-aventure.com\/blog\/wp-json\/wp\/v2\/comments?post=14910"}],"version-history":[{"count":2,"href":"https:\/\/voyage-aventure.com\/blog\/wp-json\/wp\/v2\/posts\/14910\/revisions"}],"predecessor-version":[{"id":21468,"href":"https:\/\/voyage-aventure.com\/blog\/wp-json\/wp\/v2\/posts\/14910\/revisions\/21468"}],"wp:featuredmedia":[{"embeddable":true,"href":"https:\/\/voyage-aventure.com\/blog\/wp-json\/wp\/v2\/media\/19898"}],"wp:attachment":[{"href":"https:\/\/voyage-aventure.com\/blog\/wp-json\/wp\/v2\/media?parent=14910"}],"wp:term":[{"taxonomy":"category","embeddable":true,"href":"https:\/\/voyage-aventure.com\/blog\/wp-json\/wp\/v2\/categories?post=14910"},{"taxonomy":"post_tag","embeddable":true,"href":"https:\/\/voyage-aventure.com\/blog\/wp-json\/wp\/v2\/tags?post=14910"}],"curies":[{"name":"wp","href":"https:\/\/api.w.org\/{rel}","templated":true}]}}