{"id":14897,"date":"2026-06-16T17:08:01","date_gmt":"2026-06-16T15:08:01","guid":{"rendered":"https:\/\/voyage-aventure.com\/blog\/?p=14897"},"modified":"2026-06-16T17:08:01","modified_gmt":"2026-06-16T15:08:01","slug":"donald-trump-prevoit-de-nouvelles-restrictions-de-voyage-pour-plusieurs-pays-a-risque","status":"publish","type":"post","link":"https:\/\/voyage-aventure.com\/blog\/a-la-une\/donald-trump-prevoit-de-nouvelles-restrictions-de-voyage-pour-plusieurs-pays-a-risque\/","title":{"rendered":"Donald Trump pr\u00e9voit de nouvelles restrictions de voyage pour plusieurs pays \u00e0 risque"},"content":{"rendered":"<link rel=\"stylesheet\" href=\"https:\/\/fonts.googleapis.com\/css2?family=Newsreader:ital,opsz,wght@0,6..72,500..700;1,6..72,500..600&#038;family=Inter:wght@400;500;600&#038;family=JetBrains+Mono:wght@500&#038;display=swap\">\n<style>\n.va-trumprestrict-wrap{font-family:'Inter',sans-serif;color:#1d2127;line-height:1.65;font-size:17px}\n.va-trumprestrict-wrap h2{font-family:'Newsreader',Georgia,serif;font-weight:700;font-size:clamp(24px,3.2vw,33px);line-height:1.2;letter-spacing:-.01em;color:#16191f;margin:48px 0 16px}\n.va-trumprestrict-wrap h3{font-family:'Newsreader',Georgia,serif;font-weight:600;font-size:clamp(19px,2.2vw,22px);color:#16191f;margin:24px 0 10px}\n.va-trumprestrict-wrap p{margin:0 0 18px}\n.va-trumprestrict-kicker{font-family:'JetBrains Mono',monospace;font-size:12px;letter-spacing:.14em;text-transform:uppercase;color:#3E4654;font-weight:500;margin-bottom:8px}\n.va-trumprestrict-lead{font-family:'Newsreader',Georgia,serif;font-size:clamp(19px,2.4vw,22px);line-height:1.5;color:#2b313b;font-style:italic;border-left:4px solid #3E4654;padding:4px 0 4px 20px;margin:0 0 32px}\n.va-trumprestrict-essentiel{background:#f3f5f8;border:1px solid #dde2ea;border-left:5px solid #3E4654;border-radius:10px;padding:24px 26px;margin:0 0 36px}\n.va-trumprestrict-essentiel .va-trumprestrict-etitle{font-family:'JetBrains Mono',monospace;font-size:12px;letter-spacing:.14em;text-transform:uppercase;color:#3E4654;margin-bottom:14px}\n.va-trumprestrict-eline{display:flex;gap:12px;padding:10px 0;border-top:1px solid #e2e7ee}\n.va-trumprestrict-eline:first-of-type{border-top:none}\n.va-trumprestrict-elabel{flex:0 0 132px;font-family:'JetBrains Mono',monospace;font-size:12px;letter-spacing:.04em;text-transform:uppercase;color:#3E4654;padding-top:2px}\n.va-trumprestrict-eval{flex:1;font-size:16px;color:#22272f}\n.va-trumprestrict-grid{display:grid;grid-template-columns:repeat(auto-fit,minmax(240px,1fr));gap:20px;margin:8px 0 28px}\n.va-trumprestrict-card{background:#fff;border:1px solid #e2e7ee;border-top:3px solid #3E4654;border-radius:10px;padding:22px 24px;box-shadow:0 1px 2px rgba(16,24,40,.05),0 12px 28px -16px rgba(16,24,40,.18);transition:.25s ease}\n.va-trumprestrict-card:hover{transform:translateY(-3px);box-shadow:0 1px 2px rgba(16,24,40,.06),0 18px 36px -16px rgba(16,24,40,.26)}\n.va-trumprestrict-ctitle{font-family:'Newsreader',Georgia,serif;font-weight:600;font-size:19px;color:#16191f;margin-bottom:8px}\n.va-trumprestrict-ctxt{font-size:15px;color:#3a414b;line-height:1.55}\n.va-trumprestrict-quote{font-family:'Newsreader',Georgia,serif;font-style:italic;font-size:clamp(20px,2.6vw,25px);line-height:1.45;color:#22272f;border-left:4px solid #3E4654;padding:6px 0 6px 22px;margin:30px 0}\n.va-trumprestrict-quote .va-trumprestrict-attr{display:block;font-family:'JetBrains Mono',monospace;font-style:normal;font-size:12px;letter-spacing:.06em;text-transform:uppercase;color:#3E4654;margin-top:12px}\n.va-trumprestrict-list{margin:0 0 24px;padding-left:0;list-style:none}\n.va-trumprestrict-list li{position:relative;padding:8px 0 8px 26px;border-bottom:1px solid #eef1f5;font-size:16px;color:#2b313b}\n.va-trumprestrict-list li:before{content:\"\u203a\";position:absolute;left:4px;top:7px;color:#3E4654;font-weight:700}\n.va-trumprestrict-src{background:#16191f;border-radius:10px;padding:24px 26px;margin:36px 0;color:#e7eaef}\n.va-trumprestrict-src .va-trumprestrict-srctitle{font-family:'JetBrains Mono',monospace;font-size:12px;letter-spacing:.14em;text-transform:uppercase;color:#aeb7c4;margin-bottom:10px}\n.va-trumprestrict-src .va-trumprestrict-srctxt{font-size:15px;line-height:1.6;color:#d7dce3}\n.va-trumprestrict-retenir{background:#f3f5f8;border:1px solid #dde2ea;border-radius:10px;padding:22px 26px;margin:36px 0}\n.va-trumprestrict-retenir .va-trumprestrict-rtitle{font-family:'Newsreader',Georgia,serif;font-weight:700;font-size:21px;color:#16191f;margin-bottom:10px}\n.va-trumprestrict-faq{margin:28px 0}\n.va-trumprestrict-faq details{border:1px solid #e2e7ee;border-radius:8px;padding:2px 18px;margin-bottom:12px;transition:.25s ease}\n.va-trumprestrict-faq details[open]{border-color:#3E4654;box-shadow:0 1px 2px rgba(16,24,40,.05),0 12px 28px -16px rgba(16,24,40,.18)}\n.va-trumprestrict-faq summary{font-family:'Newsreader',Georgia,serif;font-weight:600;font-size:18px;color:#16191f;cursor:pointer;padding:14px 0;list-style:none}\n.va-trumprestrict-faq summary::-webkit-details-marker{display:none}\n.va-trumprestrict-faq summary:before{content:\"+\";color:#3E4654;font-weight:700;margin-right:10px}\n.va-trumprestrict-faq details[open] summary:before{content:\"\u2013\"}\n.va-trumprestrict-faq .va-trumprestrict-ans{font-size:15px;color:#3a414b;line-height:1.6;padding:0 0 16px 22px}\n\/*RENDERFIX2*\/.va-trumprestrict-src{color:#eef3f9!important}.va-trumprestrict-src p,.va-trumprestrict-src li,.va-trumprestrict-src strong,.va-trumprestrict-src em,.va-trumprestrict-src a,.va-trumprestrict-src span,.va-trumprestrict-src b,.va-trumprestrict-src td,.va-trumprestrict-src th,.va-trumprestrict-src h2,.va-trumprestrict-src h3,.va-trumprestrict-src h4{color:#eef3f9!important}.va-trumprestrict-src strong,.va-trumprestrict-src b{color:#ffffff!important}<\/style>\n<div class=\"va-trumprestrict-wrap\">\n<div class=\"va-trumprestrict-kicker\">\u00c9tats-Unis \u00b7 Immigration \u00b7 Mars 2025<\/div>\n<div class=\"va-trumprestrict-lead\">Selon l&rsquo;article, l&rsquo;administration am\u00e9ricaine pr\u00e9voirait de nouvelles restrictions de voyage visant plusieurs pays jug\u00e9s \u00ab \u00e0 risque \u00bb. \u00c0 ce stade, il s&rsquo;agirait d&rsquo;un projet annonc\u00e9, non d&rsquo;une mesure entr\u00e9e en vigueur : tout reste \u00e0 confirmer.<\/div>\n<div class=\"va-trumprestrict-essentiel\">\n<div class=\"va-trumprestrict-etitle\">En bref<\/div>\n<div class=\"va-trumprestrict-eline\">\n<div class=\"va-trumprestrict-elabel\">Ce qui est annonc\u00e9<\/div>\n<div class=\"va-trumprestrict-eval\">Un projet de nouvelles restrictions de voyage \u00e9voqu\u00e9 par Donald Trump, qui pourrait, selon un m\u00e9mo interne cit\u00e9, concerner jusqu&rsquo;\u00e0 41 nations.<\/div>\n<\/div>\n<div class=\"va-trumprestrict-eline\">\n<div class=\"va-trumprestrict-elabel\">Statut<\/div>\n<div class=\"va-trumprestrict-eval\">Mesure annonc\u00e9e et non act\u00e9e \u00e0 la date de l&rsquo;article (mars 2025). Aucune application confirm\u00e9e ; l&rsquo;administration \u00ab se pr\u00e9pare \u00bb \u00e0 une mise en \u0153uvre selon les sources \u00e9voqu\u00e9es.<\/div>\n<\/div>\n<div class=\"va-trumprestrict-eline\">\n<div class=\"va-trumprestrict-elabel\">Qui serait concern\u00e9<\/div>\n<div class=\"va-trumprestrict-eval\">Des pays cit\u00e9s comme l&rsquo;Afghanistan, l&rsquo;Iran et la Syrie, ainsi que Cuba et la Cor\u00e9e du Nord d&rsquo;apr\u00e8s la liste r\u00e9v\u00e9l\u00e9e par le New York Times. Aucune liste d\u00e9finitive officielle n&rsquo;est confirm\u00e9e.<\/div>\n<\/div>\n<\/div>\n<h2>Une d\u00e9cision controvers\u00e9e pour des raisons de s\u00e9curit\u00e9<\/h2>\n<p>Selon un m\u00e9mo interne cit\u00e9 par l&rsquo;article, ce projet pourrait affecter jusqu&rsquo;\u00e0 41 nations, incluant des pays comme l&rsquo;Afghanistan, l&rsquo;Iran et la Syrie, jug\u00e9s \u00e0 risque. Ces mesures viseraient \u00e0 renforcer la s\u00e9curit\u00e9 nationale, mais elles soul\u00e8veraient, d&rsquo;apr\u00e8s l&rsquo;article, des questions \u00e9thiques et humanitaires importantes.<\/p>\n<p>D&rsquo;apr\u00e8s les \u00e9l\u00e9ments rapport\u00e9s, les premiers groupes de pays cibl\u00e9s subiraient des suspensions compl\u00e8tes de visas, tandis que d&rsquo;autres verraient leurs visas touristiques et \u00e9tudiants partiellement suspendus. Cette initiative est rapproch\u00e9e de la premi\u00e8re interdiction de voyage de Trump, qui avait \u00e9t\u00e9 largement critiqu\u00e9e et finalement valid\u00e9e par la Cour supr\u00eame en 2018. Ce nouveau tour de vis illustrerait, selon l&rsquo;article, la volont\u00e9 de l&rsquo;administration de renforcer les contr\u00f4les aux fronti\u00e8res et de s\u00e9curiser le pays contre d&rsquo;\u00e9ventuelles menaces. Ces informations restent \u00e0 confirmer tant qu&rsquo;aucune d\u00e9cision officielle n&rsquo;a \u00e9t\u00e9 publi\u00e9e.<\/p>\n<p><iframe loading=\"lazy\" title=\"Combat muscl\u00e9 entre Trump et le Covid-19 : que doit-il se passer en cas d&#039;incapacit\u00e9 du pr\u00e9sident ?\" width=\"1200\" height=\"675\" src=\"https:\/\/www.youtube.com\/embed\/w_Adik_e7Lc?feature=oembed\" frameborder=\"0\" allow=\"accelerometer; autoplay; clipboard-write; encrypted-media; gyroscope; picture-in-picture; web-share\" referrerpolicy=\"strict-origin-when-cross-origin\" allowfullscreen><\/iframe><\/p>\n<h2>Quelles nations seront touch\u00e9es par ces restrictions ?<\/h2>\n<p>Le New York Times a \u00e9t\u00e9, selon l&rsquo;article, le premier \u00e0 r\u00e9v\u00e9ler la liste des pays susceptibles d&rsquo;\u00eatre concern\u00e9s par ces mesures. Parmi les nations qui pourraient faire l&rsquo;objet d&rsquo;une interdiction totale figureraient des pays en conflit ou sous tension g\u00e9opolitique, comme Cuba et la Cor\u00e9e du Nord, en plus de pays \u00e0 majorit\u00e9 musulmane. Le m\u00e9mo soulignerait que les gouvernements de ces pays devraient am\u00e9liorer leurs pratiques de v\u00e9rification et de contr\u00f4le pour \u00e9viter ces sanctions.<\/p>\n<p>D&rsquo;apr\u00e8s l&rsquo;article, les \u00c9tats-Unis chercheraient \u00e0 \u00e9viter que des individus potentiellement dangereux puissent entrer sur leur territoire, dans le cadre d&rsquo;une politique d&rsquo;immigration pr\u00e9sent\u00e9e comme stricte. La crainte d&rsquo;une menace terroriste demeure un argument central avanc\u00e9 pour justifier ces restrictions. Cette politique pourrait toutefois avoir des r\u00e9percussions sur les relations diplomatiques avec plusieurs nations, et une r\u00e9action internationale serait \u00e0 pr\u00e9voir.<\/p>\n<div class=\"va-trumprestrict-grid\">\n<div class=\"va-trumprestrict-card\">\n<div class=\"va-trumprestrict-ctitle\">Suspensions compl\u00e8tes \u00e9voqu\u00e9es<\/div>\n<div class=\"va-trumprestrict-ctxt\">Selon l&rsquo;article, une suspension totale des visas pour 10 pays serait envisag\u00e9e, notamment pour l&rsquo;Iran et la Syrie.<\/div>\n<\/div>\n<div class=\"va-trumprestrict-card\">\n<div class=\"va-trumprestrict-ctitle\">Restrictions partielles \u00e9voqu\u00e9es<\/div>\n<div class=\"va-trumprestrict-ctxt\">Des restrictions partielles sur les visas pour 5 nations sont mentionn\u00e9es, impactant notamment les \u00e9tudiants et les touristes.<\/div>\n<\/div>\n<div class=\"va-trumprestrict-card\">\n<div class=\"va-trumprestrict-ctitle\">Pays sous \u00e9valuation<\/div>\n<div class=\"va-trumprestrict-ctxt\">26 autres pays seraient \u00e9valu\u00e9s selon les efforts de v\u00e9rification engag\u00e9s par les gouvernements concern\u00e9s.<\/div>\n<\/div>\n<\/div>\n<h2>Les implications de cette directive sur l&rsquo;immigration<\/h2>\n<p>Cette annonce s&rsquo;inscrirait, selon l&rsquo;article, dans une dynamique de renforcement des contr\u00f4les li\u00e9s \u00e0 l&rsquo;immigration. En janvier 2025, une directive aurait \u00e9t\u00e9 \u00e9mise pour intensifier les v\u00e9rifications de s\u00e9curit\u00e9 des \u00e9trangers souhaitant entrer aux \u00c9tats-Unis. Ces mesures sont pr\u00e9sent\u00e9es comme une r\u00e9ponse aux pr\u00e9occupations de s\u00e9curit\u00e9 nationale, mais elles soul\u00e8veraient \u00e9galement des questions sur les droits des individus et le traitement des r\u00e9fugi\u00e9s.<\/p>\n<p>Alors que l&rsquo;administration se pr\u00e9parerait \u00e0 mettre en \u0153uvre ces restrictions, des voix s&rsquo;\u00e9l\u00e8veraient pour en d\u00e9noncer l&rsquo;impact humain.<\/p>\n<div class=\"va-trumprestrict-quote\">\u00ab Ces mesures peuvent nuire \u00e0 des milliers de personnes innocentes en qu\u00eate de s\u00e9curit\u00e9 et d&rsquo;opportunit\u00e9s \u00bb<br \/>\n<span class=\"va-trumprestrict-attr\">\u2014 un d\u00e9fenseur des droits humains, cit\u00e9 par l&rsquo;article<\/span>\n<\/div>\n<p>La tension entre s\u00e9curit\u00e9 et humanit\u00e9 serait, selon l&rsquo;article, plus que jamais au c\u0153ur des d\u00e9bats sur l&rsquo;immigration aux \u00c9tats-Unis. \u00c0 ce stade, les contours exacts du dispositif (pays, calendrier, modalit\u00e9s) restent \u00e0 confirmer.<\/p>\n<h3>Les points \u00e9voqu\u00e9s par l&rsquo;article<\/h3>\n<ul class=\"va-trumprestrict-list\">\n<li>Suspension totale des visas pour 10 pays, notamment l&rsquo;Iran et la Syrie.<\/li>\n<li>Restrictions partielles sur les visas pour 5 nations, impactant les \u00e9tudiants et les touristes.<\/li>\n<li>\u00c9valuation de 26 autres pays selon les efforts de v\u00e9rification des gouvernements concern\u00e9s.<\/li>\n<li>Mesures de s\u00e9curit\u00e9 renforc\u00e9es pour tous les \u00e9trangers souhaitant entrer aux \u00c9tats-Unis.<\/li>\n<li>R\u00e9actions internationales attendues face \u00e0 ces d\u00e9cisions.<\/li>\n<\/ul>\n<div class=\"va-trumprestrict-src\">\n<div class=\"va-trumprestrict-srctitle\">Voyageurs : v\u00e9rifiez aupr\u00e8s des sources officielles<\/div>\n<div class=\"va-trumprestrict-srctxt\">Tant qu&rsquo;aucune mesure n&rsquo;est confirm\u00e9e, les conditions d&rsquo;entr\u00e9e aux \u00c9tats-Unis demeurent inchang\u00e9es. Avant tout d\u00e9placement, consultez les canaux officiels : l&rsquo;ambassade ou le consulat des \u00c9tats-Unis, le site du programme ESTA, et les conseils aux voyageurs du minist\u00e8re de l&rsquo;Europe et des Affaires \u00e9trang\u00e8res. Ce sont les seules sources faisant foi sur les visas et formalit\u00e9s en vigueur.<\/div>\n<\/div>\n<div class=\"va-trumprestrict-retenir\">\n<div class=\"va-trumprestrict-rtitle\">Ce qu&rsquo;il faut retenir<\/div>\n<ul class=\"va-trumprestrict-list\">\n<li>Il s&rsquo;agit d&rsquo;une annonce \/ d&rsquo;un projet dat\u00e9 de mars 2025, pas d&rsquo;une mesure confirm\u00e9e comme appliqu\u00e9e.<\/li>\n<li>Les chiffres et listes de pays (41 nations, 10, 5, 26) sont attribu\u00e9s \u00e0 un m\u00e9mo interne et au New York Times, et restent \u00e0 confirmer.<\/li>\n<li>Un parall\u00e8le est fait avec l&rsquo;interdiction de 2018 valid\u00e9e par la Cour supr\u00eame, sans que les deux dispositifs soient identiques.<\/li>\n<li>Pour les voyageurs : se fier uniquement aux sources officielles (ambassade, ESTA, conseils aux voyageurs).<\/li>\n<\/ul>\n<\/div>\n<div class=\"va-trumprestrict-faq\">\n<details>\n<summary>Ces restrictions de voyage sont-elles d\u00e9j\u00e0 en vigueur ?<\/summary>\n<div class=\"va-trumprestrict-ans\">Non. \u00c0 la date de l&rsquo;article (mars 2025), il s&rsquo;agit d&rsquo;un projet annonc\u00e9. Aucune entr\u00e9e en vigueur n&rsquo;est confirm\u00e9e et les conditions d&rsquo;entr\u00e9e resteraient inchang\u00e9es tant qu&rsquo;aucune d\u00e9cision officielle n&rsquo;est publi\u00e9e.<\/div>\n<\/details>\n<details>\n<summary>Quels pays seraient concern\u00e9s selon l&rsquo;article ?<\/summary>\n<div class=\"va-trumprestrict-ans\">L&rsquo;article \u00e9voque, d&rsquo;apr\u00e8s un m\u00e9mo interne et une liste r\u00e9v\u00e9l\u00e9e par le New York Times, des pays comme l&rsquo;Afghanistan, l&rsquo;Iran, la Syrie, ainsi que Cuba et la Cor\u00e9e du Nord. Aucune liste d\u00e9finitive officielle n&rsquo;est confirm\u00e9e.<\/div>\n<\/details>\n<details>\n<summary>Combien de pays seraient touch\u00e9s ?<\/summary>\n<div class=\"va-trumprestrict-ans\">Selon le m\u00e9mo interne cit\u00e9, le projet pourrait concerner jusqu&rsquo;\u00e0 41 nations : une suspension totale pour 10 pays, des restrictions partielles pour 5, et 26 autres pays sous \u00e9valuation. Ces chiffres sont attribu\u00e9s \u00e0 l&rsquo;article et restent \u00e0 confirmer.<\/div>\n<\/details>\n<details>\n<summary>Que doivent faire les voyageurs concern\u00e9s ?<\/summary>\n<div class=\"va-trumprestrict-ans\">Se reporter aux sources officielles avant tout d\u00e9placement : ambassade ou consulat des \u00c9tats-Unis, programme ESTA et conseils aux voyageurs du minist\u00e8re des Affaires \u00e9trang\u00e8res, qui font seuls foi sur les visas et formalit\u00e9s.<\/div>\n<\/details>\n<\/div>\n<\/div>\n","protected":false},"excerpt":{"rendered":"","protected":false},"author":34,"featured_media":20750,"comment_status":"open","ping_status":"open","sticky":false,"template":"","format":"standard","meta":{"_acf_changed":false,"manual_indexmenow":false,"indexmenow_id_project":0,"footnotes":""},"categories":[1],"tags":[5863,5835,3878,5688,3170],"class_list":["post-14897","post","type-post","status-publish","format-standard","has-post-thumbnail","hentry","category-a-la-une","tag-ethique","tag-immigration","tag-protection","tag-relations-internationales","tag-securite","generate-columns","tablet-grid-50","mobile-grid-100","grid-parent","grid-25"],"acf":[],"yoast_head":"<!-- This site is optimized with the Yoast SEO Premium plugin v21.3 (Yoast SEO v25.1) - https:\/\/yoast.com\/wordpress\/plugins\/seo\/ -->\n<title>Donald Trump pr\u00e9voit de nouvelles restrictions de voyage<\/title>\n<meta name=\"description\" content=\"Selon l&#039;article, l&#039;administration am\u00e9ricaine pr\u00e9voirait de nouvelles restrictions de voyage visant plusieurs pays jug\u00e9s \u00ab \u00e0 risque \u00bb. \u00c0 ce stade, il\" \/>\n<meta name=\"robots\" content=\"index, follow, max-snippet:-1, max-image-preview:large, max-video-preview:-1\" \/>\n<link rel=\"canonical\" href=\"https:\/\/voyage-aventure.com\/blog\/a-la-une\/donald-trump-prevoit-de-nouvelles-restrictions-de-voyage-pour-plusieurs-pays-a-risque\/\" \/>\n<meta property=\"og:locale\" content=\"fr_FR\" \/>\n<meta property=\"og:type\" content=\"article\" \/>\n<meta property=\"og:title\" content=\"Donald Trump pr\u00e9voit de nouvelles restrictions de voyage\" \/>\n<meta property=\"og:description\" content=\"Selon l&#039;article, l&#039;administration am\u00e9ricaine pr\u00e9voirait de nouvelles restrictions de voyage visant plusieurs pays jug\u00e9s \u00ab \u00e0 risque \u00bb. \u00c0 ce stade, il\" \/>\n<meta property=\"og:url\" content=\"https:\/\/voyage-aventure.com\/blog\/a-la-une\/donald-trump-prevoit-de-nouvelles-restrictions-de-voyage-pour-plusieurs-pays-a-risque\/\" \/>\n<meta property=\"og:site_name\" content=\"voyage-aventure\" \/>\n<meta property=\"og:image\" content=\"https:\/\/voyage-aventure.com\/blog\/wp-content\/uploads\/2025\/05\/sdxl-86c8fdc5191965d735e078c175d1ce58-scaled.png\" \/>\n\t<meta property=\"og:image:width\" content=\"1200\" \/>\n\t<meta property=\"og:image:height\" content=\"500\" \/>\n\t<meta property=\"og:image:type\" content=\"image\/png\" \/>\n<meta name=\"author\" content=\"Camille Rouvray\" \/>\n<meta name=\"twitter:card\" content=\"summary_large_image\" \/>\n<script type=\"application\/ld+json\" class=\"yoast-schema-graph\">{\"@context\":\"https:\/\/schema.org\",\"@graph\":[{\"@type\":\"NewsArticle\",\"@id\":\"https:\/\/voyage-aventure.com\/blog\/a-la-une\/donald-trump-prevoit-de-nouvelles-restrictions-de-voyage-pour-plusieurs-pays-a-risque\/#article\",\"isPartOf\":{\"@id\":\"https:\/\/voyage-aventure.com\/blog\/a-la-une\/donald-trump-prevoit-de-nouvelles-restrictions-de-voyage-pour-plusieurs-pays-a-risque\/\"},\"author\":{\"name\":\"Camille Rouvray\",\"@id\":\"https:\/\/voyage-aventure.com\/blog\/#\/schema\/person\/3c864cdc320801e3db34b663e7e3f816\"},\"headline\":\"Donald Trump pr\u00e9voit de nouvelles restrictions de voyage pour plusieurs pays \u00e0 risque\",\"datePublished\":\"2026-06-16T15:08:01+00:00\",\"mainEntityOfPage\":{\"@id\":\"https:\/\/voyage-aventure.com\/blog\/a-la-une\/donald-trump-prevoit-de-nouvelles-restrictions-de-voyage-pour-plusieurs-pays-a-risque\/\"},\"wordCount\":1177,\"commentCount\":27,\"publisher\":{\"@id\":\"https:\/\/voyage-aventure.com\/blog\/#organization\"},\"image\":{\"@id\":\"https:\/\/voyage-aventure.com\/blog\/a-la-une\/donald-trump-prevoit-de-nouvelles-restrictions-de-voyage-pour-plusieurs-pays-a-risque\/#primaryimage\"},\"thumbnailUrl\":\"https:\/\/voyage-aventure.com\/blog\/wp-content\/uploads\/2025\/05\/sdxl-86c8fdc5191965d735e078c175d1ce58-scaled.png\",\"keywords\":[\"\u00c9thique\",\"Immigration\",\"Protection\",\"Relations Internationales\",\"S\u00e9curit\u00e9\"],\"articleSection\":[\"\u00c0 la une\"],\"inLanguage\":\"fr-FR\",\"potentialAction\":[{\"@type\":\"CommentAction\",\"name\":\"Comment\",\"target\":[\"https:\/\/voyage-aventure.com\/blog\/a-la-une\/donald-trump-prevoit-de-nouvelles-restrictions-de-voyage-pour-plusieurs-pays-a-risque\/#respond\"]}]},{\"@type\":\"WebPage\",\"@id\":\"https:\/\/voyage-aventure.com\/blog\/a-la-une\/donald-trump-prevoit-de-nouvelles-restrictions-de-voyage-pour-plusieurs-pays-a-risque\/\",\"url\":\"https:\/\/voyage-aventure.com\/blog\/a-la-une\/donald-trump-prevoit-de-nouvelles-restrictions-de-voyage-pour-plusieurs-pays-a-risque\/\",\"name\":\"Donald Trump pr\u00e9voit de nouvelles restrictions de voyage\",\"isPartOf\":{\"@id\":\"https:\/\/voyage-aventure.com\/blog\/#website\"},\"primaryImageOfPage\":{\"@id\":\"https:\/\/voyage-aventure.com\/blog\/a-la-une\/donald-trump-prevoit-de-nouvelles-restrictions-de-voyage-pour-plusieurs-pays-a-risque\/#primaryimage\"},\"image\":{\"@id\":\"https:\/\/voyage-aventure.com\/blog\/a-la-une\/donald-trump-prevoit-de-nouvelles-restrictions-de-voyage-pour-plusieurs-pays-a-risque\/#primaryimage\"},\"thumbnailUrl\":\"https:\/\/voyage-aventure.com\/blog\/wp-content\/uploads\/2025\/05\/sdxl-86c8fdc5191965d735e078c175d1ce58-scaled.png\",\"datePublished\":\"2026-06-16T15:08:01+00:00\",\"description\":\"Selon l'article, l'administration am\u00e9ricaine pr\u00e9voirait de nouvelles restrictions de voyage visant plusieurs pays jug\u00e9s \u00ab \u00e0 risque \u00bb. \u00c0 ce stade, il\",\"inLanguage\":\"fr-FR\",\"potentialAction\":[{\"@type\":\"ReadAction\",\"target\":[\"https:\/\/voyage-aventure.com\/blog\/a-la-une\/donald-trump-prevoit-de-nouvelles-restrictions-de-voyage-pour-plusieurs-pays-a-risque\/\"]}]},{\"@type\":\"ImageObject\",\"inLanguage\":\"fr-FR\",\"@id\":\"https:\/\/voyage-aventure.com\/blog\/a-la-une\/donald-trump-prevoit-de-nouvelles-restrictions-de-voyage-pour-plusieurs-pays-a-risque\/#primaryimage\",\"url\":\"https:\/\/voyage-aventure.com\/blog\/wp-content\/uploads\/2025\/05\/sdxl-86c8fdc5191965d735e078c175d1ce58-scaled.png\",\"contentUrl\":\"https:\/\/voyage-aventure.com\/blog\/wp-content\/uploads\/2025\/05\/sdxl-86c8fdc5191965d735e078c175d1ce58-scaled.png\",\"width\":1200,\"height\":500},{\"@type\":\"WebSite\",\"@id\":\"https:\/\/voyage-aventure.com\/blog\/#website\",\"url\":\"https:\/\/voyage-aventure.com\/blog\/\",\"name\":\"voyage-aventure.com\",\"description\":\"Votre passeport pour l\u2019inattendu.\",\"publisher\":{\"@id\":\"https:\/\/voyage-aventure.com\/blog\/#organization\"},\"alternateName\":\"Votre passeport pour l\u2019inattendu.\",\"potentialAction\":[{\"@type\":\"SearchAction\",\"target\":{\"@type\":\"EntryPoint\",\"urlTemplate\":\"https:\/\/voyage-aventure.com\/blog\/?s={search_term_string}\"},\"query-input\":{\"@type\":\"PropertyValueSpecification\",\"valueRequired\":true,\"valueName\":\"search_term_string\"}}],\"inLanguage\":\"fr-FR\"},{\"@type\":\"Organization\",\"@id\":\"https:\/\/voyage-aventure.com\/blog\/#organization\",\"name\":\"Foretsensations.fr\",\"url\":\"https:\/\/voyage-aventure.com\/blog\/\",\"logo\":{\"@type\":\"ImageObject\",\"inLanguage\":\"fr-FR\",\"@id\":\"https:\/\/voyage-aventure.com\/blog\/#\/schema\/logo\/image\/\",\"url\":\"https:\/\/voyage-aventure.com\/blog\/wp-content\/uploads\/2024\/12\/19.png\",\"contentUrl\":\"https:\/\/voyage-aventure.com\/blog\/wp-content\/uploads\/2024\/12\/19.png\",\"width\":512,\"height\":512,\"caption\":\"Foretsensations.fr\"},\"image\":{\"@id\":\"https:\/\/voyage-aventure.com\/blog\/#\/schema\/logo\/image\/\"}},{\"@type\":\"Person\",\"@id\":\"https:\/\/voyage-aventure.com\/blog\/#\/schema\/person\/3c864cdc320801e3db34b663e7e3f816\",\"name\":\"Camille Rouvray\",\"image\":{\"@type\":\"ImageObject\",\"inLanguage\":\"fr-FR\",\"@id\":\"https:\/\/voyage-aventure.com\/blog\/#\/schema\/person\/image\/\",\"url\":\"https:\/\/voyage-aventure.com\/blog\/wp-content\/uploads\/2026\/06\/persona_camille-r-96x96.jpg\",\"contentUrl\":\"https:\/\/voyage-aventure.com\/blog\/wp-content\/uploads\/2026\/06\/persona_camille-r-96x96.jpg\",\"caption\":\"Camille Rouvray\"},\"description\":\"Je voyage et j'\u00e9cris sur le voyage depuis une douzaine d'ann\u00e9es, d'abord en tant que routarde au long cours, puis comme r\u00e9dactrice sp\u00e9cialis\u00e9e. Mon terrain de pr\u00e9dilection, ce sont les circuits organis\u00e9s et l'art de bien pr\u00e9parer un itin\u00e9raire : choix de la saison, dur\u00e9e r\u00e9aliste des \u00e9tapes, budget jour par jour, logement et transport sur place. J'aime aussi raconter les p\u00e9pites urbaines, ces adresses qu'on ne trouve pas dans les guides classiques. Avant de publier un dossier destination, je croise toujours plusieurs sources, je v\u00e9rifie les tarifs et les formalit\u00e9s d'entr\u00e9e \u00e0 jour, et je teste moi-m\u00eame quand je le peux. Mon angle reste pratique avant tout : aider le lecteur \u00e0 partir l'esprit tranquille, sans mauvaise surprise une fois sur place. Je m'attache \u00e0 distinguer le coup de c\u0153ur sinc\u00e8re du simple argument marketing.\",\"sameAs\":[\"https:\/\/camillerouvray.fr\/\"],\"url\":\"https:\/\/voyage-aventure.com\/blog\/auteur\/noname\/\"}]}<\/script>\n<!-- \/ Yoast SEO Premium plugin. -->","yoast_head_json":{"title":"Donald Trump pr\u00e9voit de nouvelles restrictions de voyage","description":"Selon l'article, l'administration am\u00e9ricaine pr\u00e9voirait de nouvelles restrictions de voyage visant plusieurs pays jug\u00e9s \u00ab \u00e0 risque \u00bb. \u00c0 ce stade, il","robots":{"index":"index","follow":"follow","max-snippet":"max-snippet:-1","max-image-preview":"max-image-preview:large","max-video-preview":"max-video-preview:-1"},"canonical":"https:\/\/voyage-aventure.com\/blog\/a-la-une\/donald-trump-prevoit-de-nouvelles-restrictions-de-voyage-pour-plusieurs-pays-a-risque\/","og_locale":"fr_FR","og_type":"article","og_title":"Donald Trump pr\u00e9voit de nouvelles restrictions de voyage","og_description":"Selon l'article, l'administration am\u00e9ricaine pr\u00e9voirait de nouvelles restrictions de voyage visant plusieurs pays jug\u00e9s \u00ab \u00e0 risque \u00bb. \u00c0 ce stade, il","og_url":"https:\/\/voyage-aventure.com\/blog\/a-la-une\/donald-trump-prevoit-de-nouvelles-restrictions-de-voyage-pour-plusieurs-pays-a-risque\/","og_site_name":"voyage-aventure","og_image":[{"width":1200,"height":500,"url":"https:\/\/voyage-aventure.com\/blog\/wp-content\/uploads\/2025\/05\/sdxl-86c8fdc5191965d735e078c175d1ce58-scaled.png","type":"image\/png"}],"author":"Camille Rouvray","twitter_card":"summary_large_image","schema":{"@context":"https:\/\/schema.org","@graph":[{"@type":"NewsArticle","@id":"https:\/\/voyage-aventure.com\/blog\/a-la-une\/donald-trump-prevoit-de-nouvelles-restrictions-de-voyage-pour-plusieurs-pays-a-risque\/#article","isPartOf":{"@id":"https:\/\/voyage-aventure.com\/blog\/a-la-une\/donald-trump-prevoit-de-nouvelles-restrictions-de-voyage-pour-plusieurs-pays-a-risque\/"},"author":{"name":"Camille Rouvray","@id":"https:\/\/voyage-aventure.com\/blog\/#\/schema\/person\/3c864cdc320801e3db34b663e7e3f816"},"headline":"Donald Trump pr\u00e9voit de nouvelles restrictions de voyage pour plusieurs pays \u00e0 risque","datePublished":"2026-06-16T15:08:01+00:00","mainEntityOfPage":{"@id":"https:\/\/voyage-aventure.com\/blog\/a-la-une\/donald-trump-prevoit-de-nouvelles-restrictions-de-voyage-pour-plusieurs-pays-a-risque\/"},"wordCount":1177,"commentCount":27,"publisher":{"@id":"https:\/\/voyage-aventure.com\/blog\/#organization"},"image":{"@id":"https:\/\/voyage-aventure.com\/blog\/a-la-une\/donald-trump-prevoit-de-nouvelles-restrictions-de-voyage-pour-plusieurs-pays-a-risque\/#primaryimage"},"thumbnailUrl":"https:\/\/voyage-aventure.com\/blog\/wp-content\/uploads\/2025\/05\/sdxl-86c8fdc5191965d735e078c175d1ce58-scaled.png","keywords":["\u00c9thique","Immigration","Protection","Relations Internationales","S\u00e9curit\u00e9"],"articleSection":["\u00c0 la une"],"inLanguage":"fr-FR","potentialAction":[{"@type":"CommentAction","name":"Comment","target":["https:\/\/voyage-aventure.com\/blog\/a-la-une\/donald-trump-prevoit-de-nouvelles-restrictions-de-voyage-pour-plusieurs-pays-a-risque\/#respond"]}]},{"@type":"WebPage","@id":"https:\/\/voyage-aventure.com\/blog\/a-la-une\/donald-trump-prevoit-de-nouvelles-restrictions-de-voyage-pour-plusieurs-pays-a-risque\/","url":"https:\/\/voyage-aventure.com\/blog\/a-la-une\/donald-trump-prevoit-de-nouvelles-restrictions-de-voyage-pour-plusieurs-pays-a-risque\/","name":"Donald Trump pr\u00e9voit de nouvelles restrictions de voyage","isPartOf":{"@id":"https:\/\/voyage-aventure.com\/blog\/#website"},"primaryImageOfPage":{"@id":"https:\/\/voyage-aventure.com\/blog\/a-la-une\/donald-trump-prevoit-de-nouvelles-restrictions-de-voyage-pour-plusieurs-pays-a-risque\/#primaryimage"},"image":{"@id":"https:\/\/voyage-aventure.com\/blog\/a-la-une\/donald-trump-prevoit-de-nouvelles-restrictions-de-voyage-pour-plusieurs-pays-a-risque\/#primaryimage"},"thumbnailUrl":"https:\/\/voyage-aventure.com\/blog\/wp-content\/uploads\/2025\/05\/sdxl-86c8fdc5191965d735e078c175d1ce58-scaled.png","datePublished":"2026-06-16T15:08:01+00:00","description":"Selon l'article, l'administration am\u00e9ricaine pr\u00e9voirait de nouvelles restrictions de voyage visant plusieurs pays jug\u00e9s \u00ab \u00e0 risque \u00bb. \u00c0 ce stade, il","inLanguage":"fr-FR","potentialAction":[{"@type":"ReadAction","target":["https:\/\/voyage-aventure.com\/blog\/a-la-une\/donald-trump-prevoit-de-nouvelles-restrictions-de-voyage-pour-plusieurs-pays-a-risque\/"]}]},{"@type":"ImageObject","inLanguage":"fr-FR","@id":"https:\/\/voyage-aventure.com\/blog\/a-la-une\/donald-trump-prevoit-de-nouvelles-restrictions-de-voyage-pour-plusieurs-pays-a-risque\/#primaryimage","url":"https:\/\/voyage-aventure.com\/blog\/wp-content\/uploads\/2025\/05\/sdxl-86c8fdc5191965d735e078c175d1ce58-scaled.png","contentUrl":"https:\/\/voyage-aventure.com\/blog\/wp-content\/uploads\/2025\/05\/sdxl-86c8fdc5191965d735e078c175d1ce58-scaled.png","width":1200,"height":500},{"@type":"WebSite","@id":"https:\/\/voyage-aventure.com\/blog\/#website","url":"https:\/\/voyage-aventure.com\/blog\/","name":"voyage-aventure.com","description":"Votre passeport pour l\u2019inattendu.","publisher":{"@id":"https:\/\/voyage-aventure.com\/blog\/#organization"},"alternateName":"Votre passeport pour l\u2019inattendu.","potentialAction":[{"@type":"SearchAction","target":{"@type":"EntryPoint","urlTemplate":"https:\/\/voyage-aventure.com\/blog\/?s={search_term_string}"},"query-input":{"@type":"PropertyValueSpecification","valueRequired":true,"valueName":"search_term_string"}}],"inLanguage":"fr-FR"},{"@type":"Organization","@id":"https:\/\/voyage-aventure.com\/blog\/#organization","name":"Foretsensations.fr","url":"https:\/\/voyage-aventure.com\/blog\/","logo":{"@type":"ImageObject","inLanguage":"fr-FR","@id":"https:\/\/voyage-aventure.com\/blog\/#\/schema\/logo\/image\/","url":"https:\/\/voyage-aventure.com\/blog\/wp-content\/uploads\/2024\/12\/19.png","contentUrl":"https:\/\/voyage-aventure.com\/blog\/wp-content\/uploads\/2024\/12\/19.png","width":512,"height":512,"caption":"Foretsensations.fr"},"image":{"@id":"https:\/\/voyage-aventure.com\/blog\/#\/schema\/logo\/image\/"}},{"@type":"Person","@id":"https:\/\/voyage-aventure.com\/blog\/#\/schema\/person\/3c864cdc320801e3db34b663e7e3f816","name":"Camille Rouvray","image":{"@type":"ImageObject","inLanguage":"fr-FR","@id":"https:\/\/voyage-aventure.com\/blog\/#\/schema\/person\/image\/","url":"https:\/\/voyage-aventure.com\/blog\/wp-content\/uploads\/2026\/06\/persona_camille-r-96x96.jpg","contentUrl":"https:\/\/voyage-aventure.com\/blog\/wp-content\/uploads\/2026\/06\/persona_camille-r-96x96.jpg","caption":"Camille Rouvray"},"description":"Je voyage et j'\u00e9cris sur le voyage depuis une douzaine d'ann\u00e9es, d'abord en tant que routarde au long cours, puis comme r\u00e9dactrice sp\u00e9cialis\u00e9e. Mon terrain de pr\u00e9dilection, ce sont les circuits organis\u00e9s et l'art de bien pr\u00e9parer un itin\u00e9raire : choix de la saison, dur\u00e9e r\u00e9aliste des \u00e9tapes, budget jour par jour, logement et transport sur place. J'aime aussi raconter les p\u00e9pites urbaines, ces adresses qu'on ne trouve pas dans les guides classiques. Avant de publier un dossier destination, je croise toujours plusieurs sources, je v\u00e9rifie les tarifs et les formalit\u00e9s d'entr\u00e9e \u00e0 jour, et je teste moi-m\u00eame quand je le peux. Mon angle reste pratique avant tout : aider le lecteur \u00e0 partir l'esprit tranquille, sans mauvaise surprise une fois sur place. Je m'attache \u00e0 distinguer le coup de c\u0153ur sinc\u00e8re du simple argument marketing.","sameAs":["https:\/\/camillerouvray.fr\/"],"url":"https:\/\/voyage-aventure.com\/blog\/auteur\/noname\/"}]}},"_links":{"self":[{"href":"https:\/\/voyage-aventure.com\/blog\/wp-json\/wp\/v2\/posts\/14897","targetHints":{"allow":["GET"]}}],"collection":[{"href":"https:\/\/voyage-aventure.com\/blog\/wp-json\/wp\/v2\/posts"}],"about":[{"href":"https:\/\/voyage-aventure.com\/blog\/wp-json\/wp\/v2\/types\/post"}],"author":[{"embeddable":true,"href":"https:\/\/voyage-aventure.com\/blog\/wp-json\/wp\/v2\/users\/34"}],"replies":[{"embeddable":true,"href":"https:\/\/voyage-aventure.com\/blog\/wp-json\/wp\/v2\/comments?post=14897"}],"version-history":[{"count":3,"href":"https:\/\/voyage-aventure.com\/blog\/wp-json\/wp\/v2\/posts\/14897\/revisions"}],"predecessor-version":[{"id":22770,"href":"https:\/\/voyage-aventure.com\/blog\/wp-json\/wp\/v2\/posts\/14897\/revisions\/22770"}],"wp:featuredmedia":[{"embeddable":true,"href":"https:\/\/voyage-aventure.com\/blog\/wp-json\/wp\/v2\/media\/20750"}],"wp:attachment":[{"href":"https:\/\/voyage-aventure.com\/blog\/wp-json\/wp\/v2\/media?parent=14897"}],"wp:term":[{"taxonomy":"category","embeddable":true,"href":"https:\/\/voyage-aventure.com\/blog\/wp-json\/wp\/v2\/categories?post=14897"},{"taxonomy":"post_tag","embeddable":true,"href":"https:\/\/voyage-aventure.com\/blog\/wp-json\/wp\/v2\/tags?post=14897"}],"curies":[{"name":"wp","href":"https:\/\/api.w.org\/{rel}","templated":true}]}}